{"id":3384,"date":"2026-09-06T07:00:00","date_gmt":"2026-09-06T11:00:00","guid":{"rendered":"https:\/\/akubaa.com\/?p=3384"},"modified":"2026-09-05T19:48:55","modified_gmt":"2026-09-05T23:48:55","slug":"tribu-migrar-redes-de-apoyo-raices-culturales","status":"publish","type":"post","link":"https:\/\/akubaa.com\/index.php\/2026\/09\/06\/tribu-migrar-redes-de-apoyo-raices-culturales\/","title":{"rendered":"La tribu del migrante: las redes de apoyo que transforman la vida."},"content":{"rendered":"\n<p class=\"wp-block-paragraph\">Armar las maletas y salir de la isla no es cosa f\u00e1cil. Cuando aterrizas en un lugar nuevo, la nostalgia pega fuerte y la soledad intenta acorralarte. Sin embargo, el verdadero viaje empieza cuando te das cuenta de que no est\u00e1s solo en esta traves\u00eda. Emigrar es un choque de realidad duro. Pero tambi\u00e9n es la oportunidad perfecta para sanar, reinventarte y descubrir que el crecimiento personal se multiplica cuando tendemos puentes con los dem\u00e1s.<\/p>\n\n\n\n<hr class=\"wp-block-separator has-alpha-channel-opacity\"\/>\n\n\n\n<div class=\"wp-block-jetpack-related-posts\">\n<h2 class=\"wp-block-heading\">Te puede interesar<\/h2>\n<\/div>\n\n\n\n<hr class=\"wp-block-separator has-alpha-channel-opacity\"\/>\n\n\n\n<p class=\"wp-block-paragraph\"><strong>Sanar y avanzar en comunidad<\/strong><\/p>\n\n\n\n<p class=\"wp-block-paragraph\">Llegar a una ciudad diferente implica aprender a navegar c\u00f3digos nuevos, desde la renta hasta el idioma o la cultura laboral. En ese proceso, aislarnos es el peor enemigo. La psicolog\u00eda del migrante confirma que tejer nuevas <strong>redes de apoyo<\/strong> es el factor determinante para superar el duelo migratorio y acelerar la adaptaci\u00f3n.<\/p>\n\n\n\n<p class=\"wp-block-paragraph\">Ya sea en Miami, Madrid o Montevideo, la comunidad se convierte en esa familia elegida que te tiende la mano cuando el camino se pone empinado. Compartir la vivienda, intercambiar contactos de trabajo o simplemente sentarse a desahogarse tras una jornada agotadora fortalece la resiliencia mental. En estas alianzas espont\u00e1neas nos redescubrimos: entendemos que nuestras dudas son compartidas y que cada logro individual es una victoria colectiva.<\/p>\n\n\n\n<hr class=\"wp-block-separator has-alpha-channel-opacity\"\/>\n\n\n\n<div class=\"wp-block-media-text is-stacked-on-mobile\" style=\"grid-template-columns:20% auto\"><figure class=\"wp-block-media-text__media\"><img loading=\"lazy\" decoding=\"async\" width=\"768\" height=\"768\" src=\"https:\/\/akubaa.com\/wp-content\/uploads\/2025\/05\/Leonardo_Diffusion_XL_quiero_una_imagen_que_integre_dispositiv_0.jpg\" alt=\"\" class=\"wp-image-228 size-full\" srcset=\"https:\/\/akubaa.com\/wp-content\/uploads\/2025\/05\/Leonardo_Diffusion_XL_quiero_una_imagen_que_integre_dispositiv_0.jpg 768w, https:\/\/akubaa.com\/wp-content\/uploads\/2025\/05\/Leonardo_Diffusion_XL_quiero_una_imagen_que_integre_dispositiv_0-300x300.jpg 300w, https:\/\/akubaa.com\/wp-content\/uploads\/2025\/05\/Leonardo_Diffusion_XL_quiero_una_imagen_que_integre_dispositiv_0-100x100.jpg 100w, https:\/\/akubaa.com\/wp-content\/uploads\/2025\/05\/Leonardo_Diffusion_XL_quiero_una_imagen_que_integre_dispositiv_0-600x600.jpg 600w, https:\/\/akubaa.com\/wp-content\/uploads\/2025\/05\/Leonardo_Diffusion_XL_quiero_una_imagen_que_integre_dispositiv_0-150x150.jpg 150w\" sizes=\"auto, (max-width: 768px) 100vw, 768px\" \/><\/figure><div class=\"wp-block-media-text__content\">\n<p class=\"wp-block-paragraph\">Si quieres estar actualizado en tu&nbsp;<strong><a href=\"https:\/\/akmundovirtual.com\/#google_vignette\">MundoVirtual<\/a><\/strong>&nbsp;solo has clic&nbsp;<\/p>\n<\/div><\/div>\n\n\n\n<hr class=\"wp-block-separator has-alpha-channel-opacity\"\/>\n\n\n\n<p class=\"wp-block-paragraph\"><strong>Ra\u00edces intactas: La identidad como motor de superaci\u00f3n<\/strong><\/p>\n\n\n\n<p class=\"wp-block-paragraph\">Crecer lejos de casa no significa borrar de d\u00f3nde vienes. De hecho, los estudios sobre migraci\u00f3n demuestran que mantener un v\u00ednculo firme con la identidad cultural funciona como un ancla emocional indispensable. Las costumbres compartidas son el pegamento social que sostiene a las <strong>redes de apoyo<\/strong>.<\/p>\n\n\n\n<p class=\"wp-block-paragraph\">Reunirse a escuchar buena m\u00fasica, cocinar unos frijoles negros como los de la abuela o mantener vivo el lenguaje popular \u00abcubano\u00bb no es simple nostalgia. Es un acto de <strong><a href=\"https:\/\/akubaa.com\/index.php\/2026\/09\/03\/perdida-tradiciones-cubanas-virgen-caridad\/\" data-type=\"link\" data-id=\"https:\/\/akubaa.com\/index.php\/2026\/09\/03\/perdida-tradiciones-cubanas-virgen-caridad\/\">preservaci\u00f3n cultural<\/a><\/strong> y un refugio de paz. Mantener la conexi\u00f3n con nuestras ra\u00edces nos recuerda qui\u00e9nes somos mientras construimos qui\u00e9nes queremos ser. Al final, avanzar no exige olvidar la matriz; exige llevarla con orgullo en la maleta mientras abrimos espacio para nuevas oportunidades.<\/p>\n\n\n\n<hr class=\"wp-block-separator has-alpha-channel-opacity\"\/>\n\n\n\n<p class=\"wp-block-paragraph\">\u00bfC\u00f3mo ha sido tu experiencia creando nuevas alianzas lejos de la isla? \u00bfSentiste que construir tu propia tribu te ayud\u00f3 a adaptarte sin perder tu esencia? \u00a1D\u00e9janos tu comentario y un <em>like<\/em> si te identificas con esta historia! Comp\u00e1rtelo con quienes hoy est\u00e1n buscando su camino en el exterior para seguir debatiendo en la comunidad de <strong><a href=\"https:\/\/akubaa.com\" data-type=\"link\" data-id=\"https:\/\/akubaa.com\">AKubaa<\/a><\/strong>.<\/p>\n\n\n\n<hr class=\"wp-block-separator has-alpha-channel-opacity\"\/>\n\n\n\n<h2 class=\"wp-block-heading\">M\u00e1s en AKubaa<\/h2>\n\n\n<ul class=\"wp-block-latest-posts__list is-grid columns-3 wp-block-latest-posts is-layout-grid wp-container-core-latest-posts-is-layout-cda6dc4f wp-block-latest-posts-is-layout-grid\"><li><div class=\"wp-block-latest-posts__featured-image aligncenter\"><a href=\"https:\/\/akubaa.com\/index.php\/2026\/09\/06\/tribu-migrar-redes-de-apoyo-raices-culturales\/\" aria-label=\"La tribu del migrante: las redes de apoyo que transforman la vida.\"><img loading=\"lazy\" decoding=\"async\" width=\"150\" height=\"150\" src=\"https:\/\/akubaa.com\/wp-content\/uploads\/2026\/09\/2026-6-sep-redes-de-apoyo-migrantes-150x150.jpg\" class=\"attachment-thumbnail size-thumbnail wp-post-image\" alt=\"\" style=\"\" srcset=\"https:\/\/akubaa.com\/wp-content\/uploads\/2026\/09\/2026-6-sep-redes-de-apoyo-migrantes-150x150.jpg 150w, https:\/\/akubaa.com\/wp-content\/uploads\/2026\/09\/2026-6-sep-redes-de-apoyo-migrantes-300x300.jpg 300w, https:\/\/akubaa.com\/wp-content\/uploads\/2026\/09\/2026-6-sep-redes-de-apoyo-migrantes-100x100.jpg 100w\" sizes=\"auto, (max-width: 150px) 100vw, 150px\" \/><\/a><\/div><a class=\"wp-block-latest-posts__post-title\" href=\"https:\/\/akubaa.com\/index.php\/2026\/09\/06\/tribu-migrar-redes-de-apoyo-raices-culturales\/\">La tribu del migrante: las redes de apoyo que transforman la vida.<\/a><\/li>\n<li><div class=\"wp-block-latest-posts__featured-image aligncenter\"><a href=\"https:\/\/akubaa.com\/index.php\/2026\/09\/05\/mejores-series-para-maratonear-fin-de-semana\/\" aria-label=\"Las mejores series para maratonear un fin de semana\"><img loading=\"lazy\" decoding=\"async\" width=\"150\" height=\"150\" src=\"https:\/\/akubaa.com\/wp-content\/uploads\/2026\/09\/2026-5-sep-series-fin-de-semana-150x150.jpg\" class=\"attachment-thumbnail size-thumbnail wp-post-image\" alt=\"\" style=\"\" srcset=\"https:\/\/akubaa.com\/wp-content\/uploads\/2026\/09\/2026-5-sep-series-fin-de-semana-150x150.jpg 150w, https:\/\/akubaa.com\/wp-content\/uploads\/2026\/09\/2026-5-sep-series-fin-de-semana-300x300.jpg 300w, https:\/\/akubaa.com\/wp-content\/uploads\/2026\/09\/2026-5-sep-series-fin-de-semana-100x100.jpg 100w\" sizes=\"auto, (max-width: 150px) 100vw, 150px\" \/><\/a><\/div><a class=\"wp-block-latest-posts__post-title\" href=\"https:\/\/akubaa.com\/index.php\/2026\/09\/05\/mejores-series-para-maratonear-fin-de-semana\/\">Las mejores series para maratonear un fin de semana<\/a><\/li>\n<li><div class=\"wp-block-latest-posts__featured-image aligncenter\"><a href=\"https:\/\/akubaa.com\/index.php\/2026\/09\/04\/reciclaje-creativo-thrifting\/\" aria-label=\"\u00bfPor qu\u00e9 la juventud prefiere el reciclaje creativo?\"><img loading=\"lazy\" decoding=\"async\" width=\"150\" height=\"150\" src=\"https:\/\/akubaa.com\/wp-content\/uploads\/2026\/09\/2026-4-septiembre-moda-vintage-150x150.jpg\" class=\"attachment-thumbnail size-thumbnail wp-post-image\" alt=\"\" style=\"\" srcset=\"https:\/\/akubaa.com\/wp-content\/uploads\/2026\/09\/2026-4-septiembre-moda-vintage-150x150.jpg 150w, https:\/\/akubaa.com\/wp-content\/uploads\/2026\/09\/2026-4-septiembre-moda-vintage-300x300.jpg 300w, https:\/\/akubaa.com\/wp-content\/uploads\/2026\/09\/2026-4-septiembre-moda-vintage-100x100.jpg 100w\" sizes=\"auto, (max-width: 150px) 100vw, 150px\" \/><\/a><\/div><a class=\"wp-block-latest-posts__post-title\" href=\"https:\/\/akubaa.com\/index.php\/2026\/09\/04\/reciclaje-creativo-thrifting\/\">\u00bfPor qu\u00e9 la juventud prefiere el reciclaje creativo?<\/a><\/li>\n<\/ul>\n\n\n<p class=\"wp-block-paragraph\"><\/p>\n","protected":false},"excerpt":{"rendered":"<p>Armar las maletas y salir de la isla no es cosa f\u00e1cil. Cuando aterrizas en un lugar nuevo, la nostalgia pega fuerte y la soledad intenta acorralarte. Sin embargo, el verdadero viaje empieza cuando te das cuenta de que no est\u00e1s solo en esta traves\u00eda. Emigrar es un choque de realidad duro. Pero tambi\u00e9n es [&hellip;]<\/p>\n","protected":false},"author":6,"featured_media":3385,"comment_status":"open","ping_status":"open","sticky":false,"template":"","format":"standard","meta":{"_jetpack_newsletter_access":"","_jetpack_dont_email_post_to_subs":false,"_jetpack_newsletter_tier_id":0,"_jetpack_memberships_contains_paywalled_content":false,"_jetpack_feature_clip_id":0,"_jetpack_memberships_contains_paid_content":false,"footnotes":"","jetpack_publicize_message":"","jetpack_publicize_feature_enabled":true,"jetpack_social_post_already_shared":true,"jetpack_social_options":{"image_generator_settings":{"template":"highway","default_image_id":0,"font":"","enabled":false},"version":2},"jetpack_post_was_ever_published":false},"categories":[9],"tags":[],"class_list":["post-3384","post","type-post","status-publish","format-standard","has-post-thumbnail","hentry","category-temas"],"yoast_head":"<!-- This site is optimized with the Yoast SEO plugin v28.4 - https:\/\/yoast.com\/product\/yoast-seo-wordpress\/ -->\n<title>La tribu del migrante: las redes de apoyo que transforman la vida - AKubaa<\/title>\n<meta name=\"description\" content=\"Crear redes de apoyo fortalece tu crecimiento personal sin perder tus ra\u00edces. Descubre c\u00f3mo conectar y salir adelante lejos de casa.\" \/>\n<meta name=\"robots\" content=\"index, follow, max-snippet:-1, max-image-preview:large, max-video-preview:-1\" \/>\n<link rel=\"canonical\" href=\"https:\/\/akubaa.com\/index.php\/2026\/09\/06\/tribu-migrar-redes-de-apoyo-raices-culturales\/\" \/>\n<meta property=\"og:locale\" content=\"es_ES\" \/>\n<meta property=\"og:type\" content=\"article\" \/>\n<meta property=\"og:title\" content=\"La tribu del migrante: las redes de apoyo que transforman la vida - AKubaa\" \/>\n<meta property=\"og:description\" content=\"Crear redes de apoyo fortalece tu crecimiento personal sin perder tus ra\u00edces. Descubre c\u00f3mo conectar y salir adelante lejos de casa.\" \/>\n<meta property=\"og:url\" content=\"https:\/\/akubaa.com\/index.php\/2026\/09\/06\/tribu-migrar-redes-de-apoyo-raices-culturales\/\" \/>\n<meta property=\"og:site_name\" content=\"AKubaa\" \/>\n<meta property=\"article:publisher\" content=\"https:\/\/www.facebook.com\/akubaa\" \/>\n<meta property=\"article:published_time\" content=\"2026-09-06T11:00:00+00:00\" \/>\n<meta property=\"og:image\" content=\"https:\/\/akubaa.com\/wp-content\/uploads\/2026\/09\/2026-6-sep-redes-de-apoyo-migrantes.jpg\" \/>\n\t<meta property=\"og:image:width\" content=\"1376\" \/>\n\t<meta property=\"og:image:height\" content=\"768\" \/>\n\t<meta property=\"og:image:type\" content=\"image\/jpeg\" \/>\n<meta name=\"author\" content=\"AKubaaa\" \/>\n<meta name=\"twitter:card\" content=\"summary_large_image\" \/>\n<meta name=\"twitter:label1\" content=\"Escrito por\" \/>\n\t<meta name=\"twitter:data1\" content=\"AKubaaa\" \/>\n\t<meta name=\"twitter:label2\" content=\"Tiempo de lectura\" \/>\n\t<meta name=\"twitter:data2\" content=\"3 minutos\" \/>\n<script type=\"application\/ld+json\" class=\"yoast-schema-graph\">{\"@context\":\"https:\\\/\\\/schema.org\",\"@graph\":[{\"@type\":\"Article\",\"@id\":\"https:\\\/\\\/akubaa.com\\\/index.php\\\/2026\\\/09\\\/06\\\/tribu-migrar-redes-de-apoyo-raices-culturales\\\/#article\",\"isPartOf\":{\"@id\":\"https:\\\/\\\/akubaa.com\\\/index.php\\\/2026\\\/09\\\/06\\\/tribu-migrar-redes-de-apoyo-raices-culturales\\\/\"},\"author\":{\"name\":\"AKubaaa\",\"@id\":\"https:\\\/\\\/akubaa.com\\\/#\\\/schema\\\/person\\\/de1c8f42034d363014d797593cd572ce\"},\"headline\":\"La tribu del migrante: las redes de apoyo que transforman la vida.\",\"datePublished\":\"2026-09-06T11:00:00+00:00\",\"mainEntityOfPage\":{\"@id\":\"https:\\\/\\\/akubaa.com\\\/index.php\\\/2026\\\/09\\\/06\\\/tribu-migrar-redes-de-apoyo-raices-culturales\\\/\"},\"wordCount\":439,\"commentCount\":0,\"publisher\":{\"@id\":\"https:\\\/\\\/akubaa.com\\\/#\\\/schema\\\/person\\\/b096b63c1ad27204e55fabb2cf2153a5\"},\"image\":{\"@id\":\"https:\\\/\\\/akubaa.com\\\/index.php\\\/2026\\\/09\\\/06\\\/tribu-migrar-redes-de-apoyo-raices-culturales\\\/#primaryimage\"},\"thumbnailUrl\":\"https:\\\/\\\/akubaa.com\\\/wp-content\\\/uploads\\\/2026\\\/09\\\/2026-6-sep-redes-de-apoyo-migrantes.jpg\",\"articleSection\":[\"Temas\"],\"inLanguage\":\"es\",\"potentialAction\":[{\"@type\":\"CommentAction\",\"name\":\"Comment\",\"target\":[\"https:\\\/\\\/akubaa.com\\\/index.php\\\/2026\\\/09\\\/06\\\/tribu-migrar-redes-de-apoyo-raices-culturales\\\/#respond\"]}]},{\"@type\":\"WebPage\",\"@id\":\"https:\\\/\\\/akubaa.com\\\/index.php\\\/2026\\\/09\\\/06\\\/tribu-migrar-redes-de-apoyo-raices-culturales\\\/\",\"url\":\"https:\\\/\\\/akubaa.com\\\/index.php\\\/2026\\\/09\\\/06\\\/tribu-migrar-redes-de-apoyo-raices-culturales\\\/\",\"name\":\"La tribu del migrante: las redes de apoyo que transforman la vida - AKubaa\",\"isPartOf\":{\"@id\":\"https:\\\/\\\/akubaa.com\\\/#website\"},\"primaryImageOfPage\":{\"@id\":\"https:\\\/\\\/akubaa.com\\\/index.php\\\/2026\\\/09\\\/06\\\/tribu-migrar-redes-de-apoyo-raices-culturales\\\/#primaryimage\"},\"image\":{\"@id\":\"https:\\\/\\\/akubaa.com\\\/index.php\\\/2026\\\/09\\\/06\\\/tribu-migrar-redes-de-apoyo-raices-culturales\\\/#primaryimage\"},\"thumbnailUrl\":\"https:\\\/\\\/akubaa.com\\\/wp-content\\\/uploads\\\/2026\\\/09\\\/2026-6-sep-redes-de-apoyo-migrantes.jpg\",\"datePublished\":\"2026-09-06T11:00:00+00:00\",\"description\":\"Crear redes de apoyo fortalece tu crecimiento personal sin perder tus ra\u00edces. Descubre c\u00f3mo conectar y salir adelante lejos de casa.\",\"breadcrumb\":{\"@id\":\"https:\\\/\\\/akubaa.com\\\/index.php\\\/2026\\\/09\\\/06\\\/tribu-migrar-redes-de-apoyo-raices-culturales\\\/#breadcrumb\"},\"inLanguage\":\"es\",\"potentialAction\":[{\"@type\":\"ReadAction\",\"target\":[\"https:\\\/\\\/akubaa.com\\\/index.php\\\/2026\\\/09\\\/06\\\/tribu-migrar-redes-de-apoyo-raices-culturales\\\/\"]}]},{\"@type\":\"ImageObject\",\"inLanguage\":\"es\",\"@id\":\"https:\\\/\\\/akubaa.com\\\/index.php\\\/2026\\\/09\\\/06\\\/tribu-migrar-redes-de-apoyo-raices-culturales\\\/#primaryimage\",\"url\":\"https:\\\/\\\/akubaa.com\\\/wp-content\\\/uploads\\\/2026\\\/09\\\/2026-6-sep-redes-de-apoyo-migrantes.jpg\",\"contentUrl\":\"https:\\\/\\\/akubaa.com\\\/wp-content\\\/uploads\\\/2026\\\/09\\\/2026-6-sep-redes-de-apoyo-migrantes.jpg\",\"width\":1376,\"height\":768},{\"@type\":\"BreadcrumbList\",\"@id\":\"https:\\\/\\\/akubaa.com\\\/index.php\\\/2026\\\/09\\\/06\\\/tribu-migrar-redes-de-apoyo-raices-culturales\\\/#breadcrumb\",\"itemListElement\":[{\"@type\":\"ListItem\",\"position\":1,\"name\":\"Portada\",\"item\":\"https:\\\/\\\/akubaa.com\\\/\"},{\"@type\":\"ListItem\",\"position\":2,\"name\":\"La tribu del migrante: las redes de apoyo que transforman la vida.\"}]},{\"@type\":\"WebSite\",\"@id\":\"https:\\\/\\\/akubaa.com\\\/#website\",\"url\":\"https:\\\/\\\/akubaa.com\\\/\",\"name\":\"AKubaa\",\"description\":\"Vive ,conoce y disfruta Cuba al estilo de A&amp;K.\",\"publisher\":{\"@id\":\"https:\\\/\\\/akubaa.com\\\/#\\\/schema\\\/person\\\/b096b63c1ad27204e55fabb2cf2153a5\"},\"potentialAction\":[{\"@type\":\"SearchAction\",\"target\":{\"@type\":\"EntryPoint\",\"urlTemplate\":\"https:\\\/\\\/akubaa.com\\\/?s={search_term_string}\"},\"query-input\":{\"@type\":\"PropertyValueSpecification\",\"valueRequired\":true,\"valueName\":\"search_term_string\"}}],\"inLanguage\":\"es\"},{\"@type\":[\"Person\",\"Organization\"],\"@id\":\"https:\\\/\\\/akubaa.com\\\/#\\\/schema\\\/person\\\/b096b63c1ad27204e55fabb2cf2153a5\",\"name\":\"AK\",\"image\":{\"@type\":\"ImageObject\",\"inLanguage\":\"es\",\"@id\":\"https:\\\/\\\/akubaa.com\\\/wp-content\\\/uploads\\\/2025\\\/08\\\/Imagen-17.jpeg\",\"url\":\"https:\\\/\\\/akubaa.com\\\/wp-content\\\/uploads\\\/2025\\\/08\\\/Imagen-17.jpeg\",\"contentUrl\":\"https:\\\/\\\/akubaa.com\\\/wp-content\\\/uploads\\\/2025\\\/08\\\/Imagen-17.jpeg\",\"width\":1024,\"height\":1024,\"caption\":\"AK\"},\"logo\":{\"@id\":\"https:\\\/\\\/akubaa.com\\\/wp-content\\\/uploads\\\/2025\\\/08\\\/Imagen-17.jpeg\"},\"sameAs\":[\"https:\\\/\\\/akubaa.com\",\"https:\\\/\\\/www.facebook.com\\\/akubaa\",\"https:\\\/\\\/www.instagram.com\\\/akubaa?\"]},{\"@type\":\"Person\",\"@id\":\"https:\\\/\\\/akubaa.com\\\/#\\\/schema\\\/person\\\/de1c8f42034d363014d797593cd572ce\",\"name\":\"AKubaaa\",\"image\":{\"@type\":\"ImageObject\",\"inLanguage\":\"es\",\"@id\":\"https:\\\/\\\/secure.gravatar.com\\\/avatar\\\/0e3143a1c5bed6a1473bfcc3dbca7a3657363e77e804fde74e023854a9242926?s=96&r=g&d=https:\\\/\\\/akubaa.com\\\/wp-content\\\/plugins\\\/userswp\\\/assets\\\/images\\\/no_profile.png\",\"url\":\"https:\\\/\\\/secure.gravatar.com\\\/avatar\\\/0e3143a1c5bed6a1473bfcc3dbca7a3657363e77e804fde74e023854a9242926?s=96&r=g&d=https:\\\/\\\/akubaa.com\\\/wp-content\\\/plugins\\\/userswp\\\/assets\\\/images\\\/no_profile.png\",\"contentUrl\":\"https:\\\/\\\/secure.gravatar.com\\\/avatar\\\/0e3143a1c5bed6a1473bfcc3dbca7a3657363e77e804fde74e023854a9242926?s=96&r=g&d=https:\\\/\\\/akubaa.com\\\/wp-content\\\/plugins\\\/userswp\\\/assets\\\/images\\\/no_profile.png\",\"caption\":\"AKubaaa\"},\"url\":\"https:\\\/\\\/akubaa.com\\\/index.php\\\/profile\\\/akubaa\\\/\"}]}<\/script>\n<!-- \/ Yoast SEO plugin. -->","yoast_head_json":{"title":"La tribu del migrante: las redes de apoyo que transforman la vida - AKubaa","description":"Crear redes de apoyo fortalece tu crecimiento personal sin perder tus ra\u00edces. Descubre c\u00f3mo conectar y salir adelante lejos de casa.","robots":{"index":"index","follow":"follow","max-snippet":"max-snippet:-1","max-image-preview":"max-image-preview:large","max-video-preview":"max-video-preview:-1"},"canonical":"https:\/\/akubaa.com\/index.php\/2026\/09\/06\/tribu-migrar-redes-de-apoyo-raices-culturales\/","og_locale":"es_ES","og_type":"article","og_title":"La tribu del migrante: las redes de apoyo que transforman la vida - AKubaa","og_description":"Crear redes de apoyo fortalece tu crecimiento personal sin perder tus ra\u00edces. Descubre c\u00f3mo conectar y salir adelante lejos de casa.","og_url":"https:\/\/akubaa.com\/index.php\/2026\/09\/06\/tribu-migrar-redes-de-apoyo-raices-culturales\/","og_site_name":"AKubaa","article_publisher":"https:\/\/www.facebook.com\/akubaa","article_published_time":"2026-09-06T11:00:00+00:00","og_image":[{"width":1376,"height":768,"url":"https:\/\/akubaa.com\/wp-content\/uploads\/2026\/09\/2026-6-sep-redes-de-apoyo-migrantes.jpg","type":"image\/jpeg"}],"author":"AKubaaa","twitter_card":"summary_large_image","twitter_misc":{"Escrito por":"AKubaaa","Tiempo de lectura":"3 minutos"},"schema":{"@context":"https:\/\/schema.org","@graph":[{"@type":"Article","@id":"https:\/\/akubaa.com\/index.php\/2026\/09\/06\/tribu-migrar-redes-de-apoyo-raices-culturales\/#article","isPartOf":{"@id":"https:\/\/akubaa.com\/index.php\/2026\/09\/06\/tribu-migrar-redes-de-apoyo-raices-culturales\/"},"author":{"name":"AKubaaa","@id":"https:\/\/akubaa.com\/#\/schema\/person\/de1c8f42034d363014d797593cd572ce"},"headline":"La tribu del migrante: las redes de apoyo que transforman la vida.","datePublished":"2026-09-06T11:00:00+00:00","mainEntityOfPage":{"@id":"https:\/\/akubaa.com\/index.php\/2026\/09\/06\/tribu-migrar-redes-de-apoyo-raices-culturales\/"},"wordCount":439,"commentCount":0,"publisher":{"@id":"https:\/\/akubaa.com\/#\/schema\/person\/b096b63c1ad27204e55fabb2cf2153a5"},"image":{"@id":"https:\/\/akubaa.com\/index.php\/2026\/09\/06\/tribu-migrar-redes-de-apoyo-raices-culturales\/#primaryimage"},"thumbnailUrl":"https:\/\/akubaa.com\/wp-content\/uploads\/2026\/09\/2026-6-sep-redes-de-apoyo-migrantes.jpg","articleSection":["Temas"],"inLanguage":"es","potentialAction":[{"@type":"CommentAction","name":"Comment","target":["https:\/\/akubaa.com\/index.php\/2026\/09\/06\/tribu-migrar-redes-de-apoyo-raices-culturales\/#respond"]}]},{"@type":"WebPage","@id":"https:\/\/akubaa.com\/index.php\/2026\/09\/06\/tribu-migrar-redes-de-apoyo-raices-culturales\/","url":"https:\/\/akubaa.com\/index.php\/2026\/09\/06\/tribu-migrar-redes-de-apoyo-raices-culturales\/","name":"La tribu del migrante: las redes de apoyo que transforman la vida - AKubaa","isPartOf":{"@id":"https:\/\/akubaa.com\/#website"},"primaryImageOfPage":{"@id":"https:\/\/akubaa.com\/index.php\/2026\/09\/06\/tribu-migrar-redes-de-apoyo-raices-culturales\/#primaryimage"},"image":{"@id":"https:\/\/akubaa.com\/index.php\/2026\/09\/06\/tribu-migrar-redes-de-apoyo-raices-culturales\/#primaryimage"},"thumbnailUrl":"https:\/\/akubaa.com\/wp-content\/uploads\/2026\/09\/2026-6-sep-redes-de-apoyo-migrantes.jpg","datePublished":"2026-09-06T11:00:00+00:00","description":"Crear redes de apoyo fortalece tu crecimiento personal sin perder tus ra\u00edces. Descubre c\u00f3mo conectar y salir adelante lejos de casa.","breadcrumb":{"@id":"https:\/\/akubaa.com\/index.php\/2026\/09\/06\/tribu-migrar-redes-de-apoyo-raices-culturales\/#breadcrumb"},"inLanguage":"es","potentialAction":[{"@type":"ReadAction","target":["https:\/\/akubaa.com\/index.php\/2026\/09\/06\/tribu-migrar-redes-de-apoyo-raices-culturales\/"]}]},{"@type":"ImageObject","inLanguage":"es","@id":"https:\/\/akubaa.com\/index.php\/2026\/09\/06\/tribu-migrar-redes-de-apoyo-raices-culturales\/#primaryimage","url":"https:\/\/akubaa.com\/wp-content\/uploads\/2026\/09\/2026-6-sep-redes-de-apoyo-migrantes.jpg","contentUrl":"https:\/\/akubaa.com\/wp-content\/uploads\/2026\/09\/2026-6-sep-redes-de-apoyo-migrantes.jpg","width":1376,"height":768},{"@type":"BreadcrumbList","@id":"https:\/\/akubaa.com\/index.php\/2026\/09\/06\/tribu-migrar-redes-de-apoyo-raices-culturales\/#breadcrumb","itemListElement":[{"@type":"ListItem","position":1,"name":"Portada","item":"https:\/\/akubaa.com\/"},{"@type":"ListItem","position":2,"name":"La tribu del migrante: las redes de apoyo que transforman la vida."}]},{"@type":"WebSite","@id":"https:\/\/akubaa.com\/#website","url":"https:\/\/akubaa.com\/","name":"AKubaa","description":"Vive ,conoce y disfruta Cuba al estilo de A&amp;K.","publisher":{"@id":"https:\/\/akubaa.com\/#\/schema\/person\/b096b63c1ad27204e55fabb2cf2153a5"},"potentialAction":[{"@type":"SearchAction","target":{"@type":"EntryPoint","urlTemplate":"https:\/\/akubaa.com\/?s={search_term_string}"},"query-input":{"@type":"PropertyValueSpecification","valueRequired":true,"valueName":"search_term_string"}}],"inLanguage":"es"},{"@type":["Person","Organization"],"@id":"https:\/\/akubaa.com\/#\/schema\/person\/b096b63c1ad27204e55fabb2cf2153a5","name":"AK","image":{"@type":"ImageObject","inLanguage":"es","@id":"https:\/\/akubaa.com\/wp-content\/uploads\/2025\/08\/Imagen-17.jpeg","url":"https:\/\/akubaa.com\/wp-content\/uploads\/2025\/08\/Imagen-17.jpeg","contentUrl":"https:\/\/akubaa.com\/wp-content\/uploads\/2025\/08\/Imagen-17.jpeg","width":1024,"height":1024,"caption":"AK"},"logo":{"@id":"https:\/\/akubaa.com\/wp-content\/uploads\/2025\/08\/Imagen-17.jpeg"},"sameAs":["https:\/\/akubaa.com","https:\/\/www.facebook.com\/akubaa","https:\/\/www.instagram.com\/akubaa?"]},{"@type":"Person","@id":"https:\/\/akubaa.com\/#\/schema\/person\/de1c8f42034d363014d797593cd572ce","name":"AKubaaa","image":{"@type":"ImageObject","inLanguage":"es","@id":"https:\/\/secure.gravatar.com\/avatar\/0e3143a1c5bed6a1473bfcc3dbca7a3657363e77e804fde74e023854a9242926?s=96&r=g&d=https:\/\/akubaa.com\/wp-content\/plugins\/userswp\/assets\/images\/no_profile.png","url":"https:\/\/secure.gravatar.com\/avatar\/0e3143a1c5bed6a1473bfcc3dbca7a3657363e77e804fde74e023854a9242926?s=96&r=g&d=https:\/\/akubaa.com\/wp-content\/plugins\/userswp\/assets\/images\/no_profile.png","contentUrl":"https:\/\/secure.gravatar.com\/avatar\/0e3143a1c5bed6a1473bfcc3dbca7a3657363e77e804fde74e023854a9242926?s=96&r=g&d=https:\/\/akubaa.com\/wp-content\/plugins\/userswp\/assets\/images\/no_profile.png","caption":"AKubaaa"},"url":"https:\/\/akubaa.com\/index.php\/profile\/akubaa\/"}]}},"jetpack_publicize_connections":[],"jetpack_sharing_enabled":true,"jetpack_likes_enabled":true,"jetpack-related-posts":[{"id":1380,"url":"https:\/\/akubaa.com\/index.php\/2025\/10\/03\/detras-de-la-libreta-la-verdad-incomoda-de-la-canasta-basica-y-el-modulo-especial-en-la-habana\/","url_meta":{"origin":3384,"position":0},"title":"Detr\u00e1s de la libreta: la verdad inc\u00f3moda de la\u00a0canasta b\u00e1sica\u00a0y el\u00a0m\u00f3dulo especial\u00a0en\u00a0La Habana","author":"AK","date":"10\/03\/2025","format":false,"excerpt":"Aprend\u00ed desde temprano que, en Cuba, la informaci\u00f3n sobre la\u00a0distribuci\u00f3n\u00a0no solo es \u00fatil: es supervivencia. Hoy te cuento, en primera persona, lo que realmente est\u00e1 pasando con la\u00a0canasta b\u00e1sica\u00a0y el\u00a0m\u00f3dulo especial\u00a0en\u00a0La Habana\u2014con datos precisos, contexto claro y el tono directo que me exigen la calle y mi audiencia. Si escuchas\u2026","rel":"","context":"En \u00abNoticias y Actualidad\u00bb","block_context":{"text":"Noticias y Actualidad","link":"https:\/\/akubaa.com\/index.php\/category\/noticias-y-actualidad\/"},"img":{"alt_text":"","src":"https:\/\/i0.wp.com\/akubaa.com\/wp-content\/uploads\/2025\/10\/image-1.png?resize=350%2C200&ssl=1","width":350,"height":200,"srcset":"https:\/\/i0.wp.com\/akubaa.com\/wp-content\/uploads\/2025\/10\/image-1.png?resize=350%2C200&ssl=1 1x, https:\/\/i0.wp.com\/akubaa.com\/wp-content\/uploads\/2025\/10\/image-1.png?resize=525%2C300&ssl=1 1.5x, https:\/\/i0.wp.com\/akubaa.com\/wp-content\/uploads\/2025\/10\/image-1.png?resize=700%2C400&ssl=1 2x, https:\/\/i0.wp.com\/akubaa.com\/wp-content\/uploads\/2025\/10\/image-1.png?resize=1050%2C600&ssl=1 3x, https:\/\/i0.wp.com\/akubaa.com\/wp-content\/uploads\/2025\/10\/image-1.png?resize=1400%2C800&ssl=1 4x"},"classes":[]},{"id":1577,"url":"https:\/\/akubaa.com\/index.php\/2025\/10\/17\/conviasa-vuelos-directos-desde-rusia-a-cuba\/","url_meta":{"origin":3384,"position":1},"title":"Cuando el cielo abre otra puerta: Conviasa une San Petersburgo, Caracas y Varadero.","author":"AK","date":"10\/17\/2025","format":false,"excerpt":"Nunca pens\u00e9 que volver\u00edamos a escuchar algo as\u00ed:\u00a0vuelos directos desde Rusia a Cuba, pasando por Venezuela, en plena tormenta global de sanciones, crisis energ\u00e9tica y rutas cerradas. Pero ah\u00ed est\u00e1:\u00a0Conviasa, la aerol\u00ednea venezolana que no deja de reinventarse, acaba de anunciar que a partir del\u00a02 de noviembre de 2025\u00a0despegar\u00e1 desde\u00a0San\u2026","rel":"","context":"En \u00abNoticias y Actualidad\u00bb","block_context":{"text":"Noticias y Actualidad","link":"https:\/\/akubaa.com\/index.php\/category\/noticias-y-actualidad\/"},"img":{"alt_text":"","src":"https:\/\/i0.wp.com\/akubaa.com\/wp-content\/uploads\/2025\/10\/image-38.png?resize=350%2C200&ssl=1","width":350,"height":200,"srcset":"https:\/\/i0.wp.com\/akubaa.com\/wp-content\/uploads\/2025\/10\/image-38.png?resize=350%2C200&ssl=1 1x, https:\/\/i0.wp.com\/akubaa.com\/wp-content\/uploads\/2025\/10\/image-38.png?resize=525%2C300&ssl=1 1.5x, https:\/\/i0.wp.com\/akubaa.com\/wp-content\/uploads\/2025\/10\/image-38.png?resize=700%2C400&ssl=1 2x, https:\/\/i0.wp.com\/akubaa.com\/wp-content\/uploads\/2025\/10\/image-38.png?resize=1050%2C600&ssl=1 3x, https:\/\/i0.wp.com\/akubaa.com\/wp-content\/uploads\/2025\/10\/image-38.png?resize=1400%2C800&ssl=1 4x"},"classes":[]},{"id":2470,"url":"https:\/\/akubaa.com\/index.php\/2026\/01\/08\/dos-barcos-frente-a-cuba\/","url_meta":{"origin":3384,"position":2},"title":"Dos barcos frente a Cuba y un mensaje que se entiende sin subt\u00edtulos: \u201caqu\u00ed mando yo\u201d","author":"AK","date":"01\/08\/2026","format":false,"excerpt":"Hay d\u00edas en que el Caribe vuelve a sentirse como un tablero de ajedrez\u2026 y otros en que se siente como una pantalla de radar.\u00a0\u00bfSab\u00edas que\u00a0a veces el movimiento m\u00e1s ruidoso no es el que hace explosi\u00f3n, sino el que se coloca \u201ctranquilo\u201d en el lugar correcto?. Hoy el tema\u2026","rel":"","context":"Entrada similar","block_context":{"text":"Entrada similar","link":""},"img":{"alt_text":"","src":"https:\/\/i0.wp.com\/akubaa.com\/wp-content\/uploads\/2026\/01\/Imagen-256.jpeg?resize=350%2C200&ssl=1","width":350,"height":200,"srcset":"https:\/\/i0.wp.com\/akubaa.com\/wp-content\/uploads\/2026\/01\/Imagen-256.jpeg?resize=350%2C200&ssl=1 1x, https:\/\/i0.wp.com\/akubaa.com\/wp-content\/uploads\/2026\/01\/Imagen-256.jpeg?resize=525%2C300&ssl=1 1.5x, https:\/\/i0.wp.com\/akubaa.com\/wp-content\/uploads\/2026\/01\/Imagen-256.jpeg?resize=700%2C400&ssl=1 2x, https:\/\/i0.wp.com\/akubaa.com\/wp-content\/uploads\/2026\/01\/Imagen-256.jpeg?resize=1050%2C600&ssl=1 3x, https:\/\/i0.wp.com\/akubaa.com\/wp-content\/uploads\/2026\/01\/Imagen-256.jpeg?resize=1400%2C800&ssl=1 4x"},"classes":[]},{"id":1277,"url":"https:\/\/akubaa.com\/index.php\/2025\/09\/29\/hogar-o-horno-la-verdad-incomoda-detras-de-las-casas-contenedor-en-cuba\/","url_meta":{"origin":3384,"position":3},"title":"\u00bfHogar o horno?. La verdad inc\u00f3moda detr\u00e1s de las\u00a0casas contenedor en Cuba.","author":"AK","date":"09\/29\/2025","format":false,"excerpt":"Yo tambi\u00e9n vi esas fotos. El brillo del metal bajo el sol del oriente, el recorte de puertas y ventanas sobre el acero, la promesa urgente de un techo donde ayer solo hab\u00eda lonas y escombros. Y s\u00ed: la conversaci\u00f3n estall\u00f3. \u00bfCasas con contenedores en Cuba: innovaci\u00f3n o \u201collas de\u2026","rel":"","context":"En \u00abNoticias y Actualidad\u00bb","block_context":{"text":"Noticias y Actualidad","link":"https:\/\/akubaa.com\/index.php\/category\/noticias-y-actualidad\/"},"img":{"alt_text":"","src":"https:\/\/i0.wp.com\/akubaa.com\/wp-content\/uploads\/2025\/09\/image-23.png?resize=350%2C200&ssl=1","width":350,"height":200,"srcset":"https:\/\/i0.wp.com\/akubaa.com\/wp-content\/uploads\/2025\/09\/image-23.png?resize=350%2C200&ssl=1 1x, https:\/\/i0.wp.com\/akubaa.com\/wp-content\/uploads\/2025\/09\/image-23.png?resize=525%2C300&ssl=1 1.5x, https:\/\/i0.wp.com\/akubaa.com\/wp-content\/uploads\/2025\/09\/image-23.png?resize=700%2C400&ssl=1 2x, https:\/\/i0.wp.com\/akubaa.com\/wp-content\/uploads\/2025\/09\/image-23.png?resize=1050%2C600&ssl=1 3x, https:\/\/i0.wp.com\/akubaa.com\/wp-content\/uploads\/2025\/09\/image-23.png?resize=1400%2C800&ssl=1 4x"},"classes":[]},{"id":149,"url":"https:\/\/akubaa.com\/index.php\/2025\/04\/24\/120-pesos-por-un-huevo-lo-que-nadie-te-cuenta-del-verdadero-precio-de-comer-en-cuba-hoy\/","url_meta":{"origin":3384,"position":4},"title":"\u201c\u00bf120 pesos por un huevo?. Lo que nadie te cuenta del verdadero precio de comer en Cuba hoy\u201d","author":"AK","date":"04\/24\/2025","format":false,"excerpt":"\u00bfSab\u00edas que en algunas provincias de Cuba un simple huevo cuesta m\u00e1s que una libra de carne en otros pa\u00edses?. S\u00ed, lo le\u00edste bien. Lo que antes era un alimento b\u00e1sico, hoy se ha convertido en un lujo cotidiano que revela mucho m\u00e1s que el simple drama de la escasez:\u2026","rel":"","context":"En \u00abNoticias y Actualidad\u00bb","block_context":{"text":"Noticias y Actualidad","link":"https:\/\/akubaa.com\/index.php\/category\/noticias-y-actualidad\/"},"img":{"alt_text":"","src":"https:\/\/i0.wp.com\/akubaa.com\/wp-content\/uploads\/2025\/04\/1E48C0D3-B4FB-4F90-9126-397F67D1CD6B.png?resize=350%2C200&ssl=1","width":350,"height":200,"srcset":"https:\/\/i0.wp.com\/akubaa.com\/wp-content\/uploads\/2025\/04\/1E48C0D3-B4FB-4F90-9126-397F67D1CD6B.png?resize=350%2C200&ssl=1 1x, https:\/\/i0.wp.com\/akubaa.com\/wp-content\/uploads\/2025\/04\/1E48C0D3-B4FB-4F90-9126-397F67D1CD6B.png?resize=525%2C300&ssl=1 1.5x, https:\/\/i0.wp.com\/akubaa.com\/wp-content\/uploads\/2025\/04\/1E48C0D3-B4FB-4F90-9126-397F67D1CD6B.png?resize=700%2C400&ssl=1 2x, https:\/\/i0.wp.com\/akubaa.com\/wp-content\/uploads\/2025\/04\/1E48C0D3-B4FB-4F90-9126-397F67D1CD6B.png?resize=1050%2C600&ssl=1 3x, https:\/\/i0.wp.com\/akubaa.com\/wp-content\/uploads\/2025\/04\/1E48C0D3-B4FB-4F90-9126-397F67D1CD6B.png?resize=1400%2C800&ssl=1 4x"},"classes":[]},{"id":3381,"url":"https:\/\/akubaa.com\/index.php\/2026\/09\/05\/mejores-series-para-maratonear-fin-de-semana\/","url_meta":{"origin":3384,"position":5},"title":"Las mejores series para maratonear un fin de semana","author":"AKubaaa","date":"09\/05\/2026","format":false,"excerpt":"Llega el s\u00e1bado y apagas la computadora. Lo \u00fanico que pide el cuerpo es descansar en el sof\u00e1. Sin embargo, empieza la duda de siempre. Pasas dos horas buscando en el men\u00fa sin saber qu\u00e9 poner. En Miami, Barcelona, Ciudad de M\u00e9xico o dondequiera que te encuentres, el tiempo libre\u2026","rel":"","context":"En \u00abM\u00fasica y Entretenimiento\u00bb","block_context":{"text":"M\u00fasica y Entretenimiento","link":"https:\/\/akubaa.com\/index.php\/category\/musica-y-entretenimiento\/"},"img":{"alt_text":"","src":"https:\/\/i0.wp.com\/akubaa.com\/wp-content\/uploads\/2026\/09\/2026-5-sep-series-fin-de-semana.jpg?resize=350%2C200&ssl=1","width":350,"height":200,"srcset":"https:\/\/i0.wp.com\/akubaa.com\/wp-content\/uploads\/2026\/09\/2026-5-sep-series-fin-de-semana.jpg?resize=350%2C200&ssl=1 1x, https:\/\/i0.wp.com\/akubaa.com\/wp-content\/uploads\/2026\/09\/2026-5-sep-series-fin-de-semana.jpg?resize=525%2C300&ssl=1 1.5x, https:\/\/i0.wp.com\/akubaa.com\/wp-content\/uploads\/2026\/09\/2026-5-sep-series-fin-de-semana.jpg?resize=700%2C400&ssl=1 2x, https:\/\/i0.wp.com\/akubaa.com\/wp-content\/uploads\/2026\/09\/2026-5-sep-series-fin-de-semana.jpg?resize=1050%2C600&ssl=1 3x"},"classes":[]}],"jetpack_shortlink":"https:\/\/wp.me\/pgrKo3-SA","jetpack_featured_media_url":"https:\/\/akubaa.com\/wp-content\/uploads\/2026\/09\/2026-6-sep-redes-de-apoyo-migrantes.jpg","_links":{"self":[{"href":"https:\/\/akubaa.com\/index.php\/wp-json\/wp\/v2\/posts\/3384","targetHints":{"allow":["GET"]}}],"collection":[{"href":"https:\/\/akubaa.com\/index.php\/wp-json\/wp\/v2\/posts"}],"about":[{"href":"https:\/\/akubaa.com\/index.php\/wp-json\/wp\/v2\/types\/post"}],"author":[{"embeddable":true,"href":"https:\/\/akubaa.com\/index.php\/wp-json\/wp\/v2\/users\/6"}],"replies":[{"embeddable":true,"href":"https:\/\/akubaa.com\/index.php\/wp-json\/wp\/v2\/comments?post=3384"}],"version-history":[{"count":3,"href":"https:\/\/akubaa.com\/index.php\/wp-json\/wp\/v2\/posts\/3384\/revisions"}],"predecessor-version":[{"id":3394,"href":"https:\/\/akubaa.com\/index.php\/wp-json\/wp\/v2\/posts\/3384\/revisions\/3394"}],"wp:featuredmedia":[{"embeddable":true,"href":"https:\/\/akubaa.com\/index.php\/wp-json\/wp\/v2\/media\/3385"}],"wp:attachment":[{"href":"https:\/\/akubaa.com\/index.php\/wp-json\/wp\/v2\/media?parent=3384"}],"wp:term":[{"taxonomy":"category","embeddable":true,"href":"https:\/\/akubaa.com\/index.php\/wp-json\/wp\/v2\/categories?post=3384"},{"taxonomy":"post_tag","embeddable":true,"href":"https:\/\/akubaa.com\/index.php\/wp-json\/wp\/v2\/tags?post=3384"}],"curies":[{"name":"wp","href":"https:\/\/api.w.org\/{rel}","templated":true}]}}