{"id":3378,"date":"2026-09-04T13:30:48","date_gmt":"2026-09-04T17:30:48","guid":{"rendered":"https:\/\/akubaa.com\/?p=3378"},"modified":"2026-09-04T13:34:20","modified_gmt":"2026-09-04T17:34:20","slug":"reciclaje-creativo-thrifting","status":"publish","type":"post","link":"https:\/\/akubaa.com\/index.php\/2026\/09\/04\/reciclaje-creativo-thrifting\/","title":{"rendered":"\u00bfPor qu\u00e9 la juventud prefiere el reciclaje creativo?"},"content":{"rendered":"\n<p class=\"wp-block-paragraph\">Seguro te ha pasado. Entras a una tienda de <em>fast fashion<\/em> buscando algo original. Sin embargo, terminas vestido igual que medio Miami o la mitad de La Habana.<\/p>\n\n\n\n<p class=\"wp-block-paragraph\">Por a\u00f1os, las grandes marcas nos vendieron una idea. Nos dijeron que para andar \u00aben la talla\u00bb deb\u00edamos comprar ropa nueva cada semana. Afortunadamente, las nuevas generaciones cambiaron la jugada. Hoy en d\u00eda, la moda no consiste en presumir marcas caras. Se trata de tener personalidad e ingenio mediante el <strong>reciclaje creativo<\/strong>.<\/p>\n\n\n\n<hr class=\"wp-block-separator has-alpha-channel-opacity\"\/>\n\n\n\n<div class=\"wp-block-jetpack-related-posts\">\n<h2 class=\"wp-block-heading\">Te puede interesar<\/h2>\n<\/div>\n\n\n\n<h2 class=\"wp-block-heading\">El choque de gigantes: La sobreproducci\u00f3n frente al <em>thrifting<\/em><\/h2>\n\n\n\n<p class=\"wp-block-paragraph\">Por un lado, est\u00e1n los monstruos de la moda r\u00e1pida. Estas empresas lanzan miles de dise\u00f1os diarios a precios bajos. Sin embargo, provocan un da\u00f1o ambiental enorme y sus prendas solo duran tres lavadas.<\/p>\n\n\n\n<p class=\"wp-block-paragraph\">Por otro lado, la juventud encontr\u00f3 una soluci\u00f3n en el <em>thrifting<\/em> y el <em>upcycling<\/em>. En Miami, por ejemplo, las tiendas de <em>Goodwill<\/em> y los mercados de Wynwood est\u00e1n llenos de j\u00f3venes buscando joyas <em>vintage<\/em>.<\/p>\n\n\n\n<hr class=\"wp-block-separator has-alpha-channel-opacity\"\/>\n\n\n\n<p class=\"wp-block-paragraph\">Mientras tanto, en Cuba, la costumbre de \u00abresolver\u00bb y reformar ropa se convirti\u00f3 en arte urbano. Varios dise\u00f1adores independientes transforman piezas viejas vendidas en garajes. Por lo tanto, esto no es solo ahorrar dinero. Es un acto de rebeld\u00eda contra la moda id\u00e9ntica.<\/p>\n\n\n\n<hr class=\"wp-block-separator has-alpha-channel-opacity\"\/>\n\n\n\n<h2 class=\"wp-block-heading\">Marcas y plataformas que est\u00e1n marcando el ritmo<\/h2>\n\n\n\n<p class=\"wp-block-paragraph\">Actualmente, los j\u00f3venes prefieren apoyar proyectos con historia. Adem\u00e1s, evitan consumir en marcas an\u00f3nimas. Entre las plataformas y marcas m\u00e1s populares destacan:<\/p>\n\n\n\n<ul class=\"wp-block-list\">\n<li><strong>Apps de reventa digital:<\/strong> Depop, Vinted y Poshmark lideran el mercado. Ah\u00ed los j\u00f3venes compran y venden piezas \u00fanicas.<\/li>\n\n\n\n<li><strong>Marcas sostenibles y locales:<\/strong> Empresas como <em>Patagonia<\/em> promueven la \u00e9tica ambiental. Asimismo, peque\u00f1os dise\u00f1adores locales rescatan telas para crear colecciones limitadas.<\/li>\n<\/ul>\n\n\n\n<hr class=\"wp-block-separator has-alpha-channel-opacity\"\/>\n\n\n\n<p class=\"wp-block-paragraph\">En resumen, el verdadero lujo no es gastar cientos de d\u00f3lares en una camiseta id\u00e9ntica a las dem\u00e1s. El lujo real es llevar algo \u00fanico que no da\u00f1\u00f3 al planeta.<\/p>\n\n\n\n<hr class=\"wp-block-separator has-alpha-channel-opacity\"\/>\n\n\n\n<p class=\"wp-block-paragraph\">\u00bfT\u00fa prefieres buscar ropa <em>vintage<\/em> o sigues comprando moda r\u00e1pida? \u00bfCrees que el reciclaje creativo es una moda pasajera o lleg\u00f3 para quedarse? \u00a1D\u00e9janos tu comentario y un <em>like<\/em> si te gust\u00f3 el tema! Adem\u00e1s, comp\u00e1rtelo con tus amigos para sumarse al debate en AKubaa.<\/p>\n\n\n\n<hr class=\"wp-block-separator has-alpha-channel-opacity\"\/>\n\n\n\n<h2 class=\"wp-block-heading\">M\u00e1s en AKubaa<\/h2>\n\n\n<ul class=\"wp-block-latest-posts__list is-grid columns-3 wp-block-latest-posts is-layout-grid wp-container-core-latest-posts-is-layout-cda6dc4f wp-block-latest-posts-is-layout-grid\"><li><div class=\"wp-block-latest-posts__featured-image aligncenter\"><a href=\"https:\/\/akubaa.com\/index.php\/2026\/09\/05\/mejores-series-para-maratonear-fin-de-semana\/\" aria-label=\"Las mejores series para maratonear un fin de semana\"><img loading=\"lazy\" decoding=\"async\" width=\"150\" height=\"150\" src=\"https:\/\/akubaa.com\/wp-content\/uploads\/2026\/09\/2026-5-sep-series-fin-de-semana-150x150.jpg\" class=\"attachment-thumbnail size-thumbnail wp-post-image\" alt=\"\" style=\"\" srcset=\"https:\/\/akubaa.com\/wp-content\/uploads\/2026\/09\/2026-5-sep-series-fin-de-semana-150x150.jpg 150w, https:\/\/akubaa.com\/wp-content\/uploads\/2026\/09\/2026-5-sep-series-fin-de-semana-300x300.jpg 300w, https:\/\/akubaa.com\/wp-content\/uploads\/2026\/09\/2026-5-sep-series-fin-de-semana-100x100.jpg 100w\" sizes=\"auto, (max-width: 150px) 100vw, 150px\" \/><\/a><\/div><a class=\"wp-block-latest-posts__post-title\" href=\"https:\/\/akubaa.com\/index.php\/2026\/09\/05\/mejores-series-para-maratonear-fin-de-semana\/\">Las mejores series para maratonear un fin de semana<\/a><\/li>\n<li><div class=\"wp-block-latest-posts__featured-image aligncenter\"><a href=\"https:\/\/akubaa.com\/index.php\/2026\/09\/04\/reciclaje-creativo-thrifting\/\" aria-label=\"\u00bfPor qu\u00e9 la juventud prefiere el reciclaje creativo?\"><img loading=\"lazy\" decoding=\"async\" width=\"150\" height=\"150\" src=\"https:\/\/akubaa.com\/wp-content\/uploads\/2026\/09\/2026-4-septiembre-moda-vintage-150x150.jpg\" class=\"attachment-thumbnail size-thumbnail wp-post-image\" alt=\"\" style=\"\" srcset=\"https:\/\/akubaa.com\/wp-content\/uploads\/2026\/09\/2026-4-septiembre-moda-vintage-150x150.jpg 150w, https:\/\/akubaa.com\/wp-content\/uploads\/2026\/09\/2026-4-septiembre-moda-vintage-300x300.jpg 300w, https:\/\/akubaa.com\/wp-content\/uploads\/2026\/09\/2026-4-septiembre-moda-vintage-100x100.jpg 100w\" sizes=\"auto, (max-width: 150px) 100vw, 150px\" \/><\/a><\/div><a class=\"wp-block-latest-posts__post-title\" href=\"https:\/\/akubaa.com\/index.php\/2026\/09\/04\/reciclaje-creativo-thrifting\/\">\u00bfPor qu\u00e9 la juventud prefiere el reciclaje creativo?<\/a><\/li>\n<li><div class=\"wp-block-latest-posts__featured-image aligncenter\"><a href=\"https:\/\/akubaa.com\/index.php\/2026\/09\/03\/perdida-tradiciones-cubanas-virgen-caridad\/\" aria-label=\"\u00bfSe est\u00e1n perdiendo las tradiciones cubanas?\"><img loading=\"lazy\" decoding=\"async\" width=\"150\" height=\"150\" src=\"https:\/\/akubaa.com\/wp-content\/uploads\/2026\/09\/2026-3-sep-perdida-tradiciones-en-cuba-150x150.jpg\" class=\"attachment-thumbnail size-thumbnail wp-post-image\" alt=\"\" style=\"\" srcset=\"https:\/\/akubaa.com\/wp-content\/uploads\/2026\/09\/2026-3-sep-perdida-tradiciones-en-cuba-150x150.jpg 150w, https:\/\/akubaa.com\/wp-content\/uploads\/2026\/09\/2026-3-sep-perdida-tradiciones-en-cuba-300x300.jpg 300w, https:\/\/akubaa.com\/wp-content\/uploads\/2026\/09\/2026-3-sep-perdida-tradiciones-en-cuba-100x100.jpg 100w\" sizes=\"auto, (max-width: 150px) 100vw, 150px\" \/><\/a><\/div><a class=\"wp-block-latest-posts__post-title\" href=\"https:\/\/akubaa.com\/index.php\/2026\/09\/03\/perdida-tradiciones-cubanas-virgen-caridad\/\">\u00bfSe est\u00e1n perdiendo las tradiciones cubanas?<\/a><\/li>\n<\/ul>\n\n\n<p class=\"wp-block-paragraph\"><\/p>\n","protected":false},"excerpt":{"rendered":"<p>Seguro te ha pasado. Entras a una tienda de fast fashion buscando algo original. Sin embargo, terminas vestido igual que medio Miami o la mitad de La Habana. Por a\u00f1os, las grandes marcas nos vendieron una idea. Nos dijeron que para andar \u00aben la talla\u00bb deb\u00edamos comprar ropa nueva cada semana. Afortunadamente, las nuevas generaciones [&hellip;]<\/p>\n","protected":false},"author":6,"featured_media":3379,"comment_status":"open","ping_status":"open","sticky":false,"template":"","format":"standard","meta":{"_jetpack_newsletter_access":"","_jetpack_dont_email_post_to_subs":false,"_jetpack_newsletter_tier_id":0,"_jetpack_memberships_contains_paywalled_content":false,"_jetpack_feature_clip_id":0,"_jetpack_memberships_contains_paid_content":false,"footnotes":"","jetpack_publicize_message":"","jetpack_publicize_feature_enabled":true,"jetpack_social_post_already_shared":true,"jetpack_social_options":{"image_generator_settings":{"template":"highway","default_image_id":0,"font":"","enabled":false},"version":2},"jetpack_post_was_ever_published":false},"categories":[5],"tags":[],"class_list":["post-3378","post","type-post","status-publish","format-standard","has-post-thumbnail","hentry","category-musica-y-entretenimiento"],"yoast_head":"<!-- This site is optimized with the Yoast SEO plugin v28.4 - https:\/\/yoast.com\/product\/yoast-seo-wordpress\/ -->\n<title>\u00bfPor qu\u00e9 la juventud prefiere el reciclaje creativo? - AKubaa<\/title>\n<meta name=\"description\" content=\"El auge del thrifting y el reciclaje creativo entre los j\u00f3venes frente al fast fashion. Descubre las marcas y tendencias que mandan hoy.\" \/>\n<meta name=\"robots\" content=\"index, follow, max-snippet:-1, max-image-preview:large, max-video-preview:-1\" \/>\n<link rel=\"canonical\" href=\"https:\/\/akubaa.com\/index.php\/2026\/09\/04\/reciclaje-creativo-thrifting\/\" \/>\n<meta property=\"og:locale\" content=\"es_ES\" \/>\n<meta property=\"og:type\" content=\"article\" \/>\n<meta property=\"og:title\" content=\"\u00bfPor qu\u00e9 la juventud prefiere el reciclaje creativo? - AKubaa\" \/>\n<meta property=\"og:description\" content=\"El auge del thrifting y el reciclaje creativo entre los j\u00f3venes frente al fast fashion. Descubre las marcas y tendencias que mandan hoy.\" \/>\n<meta property=\"og:url\" content=\"https:\/\/akubaa.com\/index.php\/2026\/09\/04\/reciclaje-creativo-thrifting\/\" \/>\n<meta property=\"og:site_name\" content=\"AKubaa\" \/>\n<meta property=\"article:publisher\" content=\"https:\/\/www.facebook.com\/akubaa\" \/>\n<meta property=\"article:published_time\" content=\"2026-09-04T17:30:48+00:00\" \/>\n<meta property=\"article:modified_time\" content=\"2026-09-04T17:34:20+00:00\" \/>\n<meta property=\"og:image\" content=\"https:\/\/akubaa.com\/wp-content\/uploads\/2026\/09\/2026-4-septiembre-moda-vintage.jpg\" \/>\n\t<meta property=\"og:image:width\" content=\"1376\" \/>\n\t<meta property=\"og:image:height\" content=\"768\" \/>\n\t<meta property=\"og:image:type\" content=\"image\/jpeg\" \/>\n<meta name=\"author\" content=\"AKubaaa\" \/>\n<meta name=\"twitter:card\" content=\"summary_large_image\" \/>\n<meta name=\"twitter:label1\" content=\"Escrito por\" \/>\n\t<meta name=\"twitter:data1\" content=\"AKubaaa\" \/>\n\t<meta name=\"twitter:label2\" content=\"Tiempo de lectura\" \/>\n\t<meta name=\"twitter:data2\" content=\"2 minutos\" \/>\n<script type=\"application\/ld+json\" class=\"yoast-schema-graph\">{\"@context\":\"https:\\\/\\\/schema.org\",\"@graph\":[{\"@type\":\"Article\",\"@id\":\"https:\\\/\\\/akubaa.com\\\/index.php\\\/2026\\\/09\\\/04\\\/reciclaje-creativo-thrifting\\\/#article\",\"isPartOf\":{\"@id\":\"https:\\\/\\\/akubaa.com\\\/index.php\\\/2026\\\/09\\\/04\\\/reciclaje-creativo-thrifting\\\/\"},\"author\":{\"name\":\"AKubaaa\",\"@id\":\"https:\\\/\\\/akubaa.com\\\/#\\\/schema\\\/person\\\/de1c8f42034d363014d797593cd572ce\"},\"headline\":\"\u00bfPor qu\u00e9 la juventud prefiere el reciclaje creativo?\",\"datePublished\":\"2026-09-04T17:30:48+00:00\",\"dateModified\":\"2026-09-04T17:34:20+00:00\",\"mainEntityOfPage\":{\"@id\":\"https:\\\/\\\/akubaa.com\\\/index.php\\\/2026\\\/09\\\/04\\\/reciclaje-creativo-thrifting\\\/\"},\"wordCount\":389,\"commentCount\":0,\"publisher\":{\"@id\":\"https:\\\/\\\/akubaa.com\\\/#\\\/schema\\\/person\\\/b096b63c1ad27204e55fabb2cf2153a5\"},\"image\":{\"@id\":\"https:\\\/\\\/akubaa.com\\\/index.php\\\/2026\\\/09\\\/04\\\/reciclaje-creativo-thrifting\\\/#primaryimage\"},\"thumbnailUrl\":\"https:\\\/\\\/akubaa.com\\\/wp-content\\\/uploads\\\/2026\\\/09\\\/2026-4-septiembre-moda-vintage.jpg\",\"articleSection\":[\"M\u00fasica y Entretenimiento\"],\"inLanguage\":\"es\",\"potentialAction\":[{\"@type\":\"CommentAction\",\"name\":\"Comment\",\"target\":[\"https:\\\/\\\/akubaa.com\\\/index.php\\\/2026\\\/09\\\/04\\\/reciclaje-creativo-thrifting\\\/#respond\"]}]},{\"@type\":\"WebPage\",\"@id\":\"https:\\\/\\\/akubaa.com\\\/index.php\\\/2026\\\/09\\\/04\\\/reciclaje-creativo-thrifting\\\/\",\"url\":\"https:\\\/\\\/akubaa.com\\\/index.php\\\/2026\\\/09\\\/04\\\/reciclaje-creativo-thrifting\\\/\",\"name\":\"\u00bfPor qu\u00e9 la juventud prefiere el reciclaje creativo? - AKubaa\",\"isPartOf\":{\"@id\":\"https:\\\/\\\/akubaa.com\\\/#website\"},\"primaryImageOfPage\":{\"@id\":\"https:\\\/\\\/akubaa.com\\\/index.php\\\/2026\\\/09\\\/04\\\/reciclaje-creativo-thrifting\\\/#primaryimage\"},\"image\":{\"@id\":\"https:\\\/\\\/akubaa.com\\\/index.php\\\/2026\\\/09\\\/04\\\/reciclaje-creativo-thrifting\\\/#primaryimage\"},\"thumbnailUrl\":\"https:\\\/\\\/akubaa.com\\\/wp-content\\\/uploads\\\/2026\\\/09\\\/2026-4-septiembre-moda-vintage.jpg\",\"datePublished\":\"2026-09-04T17:30:48+00:00\",\"dateModified\":\"2026-09-04T17:34:20+00:00\",\"description\":\"El auge del thrifting y el reciclaje creativo entre los j\u00f3venes frente al fast fashion. Descubre las marcas y tendencias que mandan hoy.\",\"breadcrumb\":{\"@id\":\"https:\\\/\\\/akubaa.com\\\/index.php\\\/2026\\\/09\\\/04\\\/reciclaje-creativo-thrifting\\\/#breadcrumb\"},\"inLanguage\":\"es\",\"potentialAction\":[{\"@type\":\"ReadAction\",\"target\":[\"https:\\\/\\\/akubaa.com\\\/index.php\\\/2026\\\/09\\\/04\\\/reciclaje-creativo-thrifting\\\/\"]}]},{\"@type\":\"ImageObject\",\"inLanguage\":\"es\",\"@id\":\"https:\\\/\\\/akubaa.com\\\/index.php\\\/2026\\\/09\\\/04\\\/reciclaje-creativo-thrifting\\\/#primaryimage\",\"url\":\"https:\\\/\\\/akubaa.com\\\/wp-content\\\/uploads\\\/2026\\\/09\\\/2026-4-septiembre-moda-vintage.jpg\",\"contentUrl\":\"https:\\\/\\\/akubaa.com\\\/wp-content\\\/uploads\\\/2026\\\/09\\\/2026-4-septiembre-moda-vintage.jpg\",\"width\":1376,\"height\":768},{\"@type\":\"BreadcrumbList\",\"@id\":\"https:\\\/\\\/akubaa.com\\\/index.php\\\/2026\\\/09\\\/04\\\/reciclaje-creativo-thrifting\\\/#breadcrumb\",\"itemListElement\":[{\"@type\":\"ListItem\",\"position\":1,\"name\":\"Portada\",\"item\":\"https:\\\/\\\/akubaa.com\\\/\"},{\"@type\":\"ListItem\",\"position\":2,\"name\":\"\u00bfPor qu\u00e9 la juventud prefiere el reciclaje creativo?\"}]},{\"@type\":\"WebSite\",\"@id\":\"https:\\\/\\\/akubaa.com\\\/#website\",\"url\":\"https:\\\/\\\/akubaa.com\\\/\",\"name\":\"AKubaa\",\"description\":\"Vive ,conoce y disfruta Cuba al estilo de A&amp;K.\",\"publisher\":{\"@id\":\"https:\\\/\\\/akubaa.com\\\/#\\\/schema\\\/person\\\/b096b63c1ad27204e55fabb2cf2153a5\"},\"potentialAction\":[{\"@type\":\"SearchAction\",\"target\":{\"@type\":\"EntryPoint\",\"urlTemplate\":\"https:\\\/\\\/akubaa.com\\\/?s={search_term_string}\"},\"query-input\":{\"@type\":\"PropertyValueSpecification\",\"valueRequired\":true,\"valueName\":\"search_term_string\"}}],\"inLanguage\":\"es\"},{\"@type\":[\"Person\",\"Organization\"],\"@id\":\"https:\\\/\\\/akubaa.com\\\/#\\\/schema\\\/person\\\/b096b63c1ad27204e55fabb2cf2153a5\",\"name\":\"AK\",\"image\":{\"@type\":\"ImageObject\",\"inLanguage\":\"es\",\"@id\":\"https:\\\/\\\/akubaa.com\\\/wp-content\\\/uploads\\\/2025\\\/08\\\/Imagen-17.jpeg\",\"url\":\"https:\\\/\\\/akubaa.com\\\/wp-content\\\/uploads\\\/2025\\\/08\\\/Imagen-17.jpeg\",\"contentUrl\":\"https:\\\/\\\/akubaa.com\\\/wp-content\\\/uploads\\\/2025\\\/08\\\/Imagen-17.jpeg\",\"width\":1024,\"height\":1024,\"caption\":\"AK\"},\"logo\":{\"@id\":\"https:\\\/\\\/akubaa.com\\\/wp-content\\\/uploads\\\/2025\\\/08\\\/Imagen-17.jpeg\"},\"sameAs\":[\"https:\\\/\\\/akubaa.com\",\"https:\\\/\\\/www.facebook.com\\\/akubaa\",\"https:\\\/\\\/www.instagram.com\\\/akubaa?\"]},{\"@type\":\"Person\",\"@id\":\"https:\\\/\\\/akubaa.com\\\/#\\\/schema\\\/person\\\/de1c8f42034d363014d797593cd572ce\",\"name\":\"AKubaaa\",\"image\":{\"@type\":\"ImageObject\",\"inLanguage\":\"es\",\"@id\":\"https:\\\/\\\/secure.gravatar.com\\\/avatar\\\/0e3143a1c5bed6a1473bfcc3dbca7a3657363e77e804fde74e023854a9242926?s=96&r=g&d=https:\\\/\\\/akubaa.com\\\/wp-content\\\/plugins\\\/userswp\\\/assets\\\/images\\\/no_profile.png\",\"url\":\"https:\\\/\\\/secure.gravatar.com\\\/avatar\\\/0e3143a1c5bed6a1473bfcc3dbca7a3657363e77e804fde74e023854a9242926?s=96&r=g&d=https:\\\/\\\/akubaa.com\\\/wp-content\\\/plugins\\\/userswp\\\/assets\\\/images\\\/no_profile.png\",\"contentUrl\":\"https:\\\/\\\/secure.gravatar.com\\\/avatar\\\/0e3143a1c5bed6a1473bfcc3dbca7a3657363e77e804fde74e023854a9242926?s=96&r=g&d=https:\\\/\\\/akubaa.com\\\/wp-content\\\/plugins\\\/userswp\\\/assets\\\/images\\\/no_profile.png\",\"caption\":\"AKubaaa\"},\"url\":\"https:\\\/\\\/akubaa.com\\\/index.php\\\/profile\\\/akubaa\\\/\"}]}<\/script>\n<!-- \/ Yoast SEO plugin. -->","yoast_head_json":{"title":"\u00bfPor qu\u00e9 la juventud prefiere el reciclaje creativo? - AKubaa","description":"El auge del thrifting y el reciclaje creativo entre los j\u00f3venes frente al fast fashion. Descubre las marcas y tendencias que mandan hoy.","robots":{"index":"index","follow":"follow","max-snippet":"max-snippet:-1","max-image-preview":"max-image-preview:large","max-video-preview":"max-video-preview:-1"},"canonical":"https:\/\/akubaa.com\/index.php\/2026\/09\/04\/reciclaje-creativo-thrifting\/","og_locale":"es_ES","og_type":"article","og_title":"\u00bfPor qu\u00e9 la juventud prefiere el reciclaje creativo? - AKubaa","og_description":"El auge del thrifting y el reciclaje creativo entre los j\u00f3venes frente al fast fashion. Descubre las marcas y tendencias que mandan hoy.","og_url":"https:\/\/akubaa.com\/index.php\/2026\/09\/04\/reciclaje-creativo-thrifting\/","og_site_name":"AKubaa","article_publisher":"https:\/\/www.facebook.com\/akubaa","article_published_time":"2026-09-04T17:30:48+00:00","article_modified_time":"2026-09-04T17:34:20+00:00","og_image":[{"width":1376,"height":768,"url":"https:\/\/akubaa.com\/wp-content\/uploads\/2026\/09\/2026-4-septiembre-moda-vintage.jpg","type":"image\/jpeg"}],"author":"AKubaaa","twitter_card":"summary_large_image","twitter_misc":{"Escrito por":"AKubaaa","Tiempo de lectura":"2 minutos"},"schema":{"@context":"https:\/\/schema.org","@graph":[{"@type":"Article","@id":"https:\/\/akubaa.com\/index.php\/2026\/09\/04\/reciclaje-creativo-thrifting\/#article","isPartOf":{"@id":"https:\/\/akubaa.com\/index.php\/2026\/09\/04\/reciclaje-creativo-thrifting\/"},"author":{"name":"AKubaaa","@id":"https:\/\/akubaa.com\/#\/schema\/person\/de1c8f42034d363014d797593cd572ce"},"headline":"\u00bfPor qu\u00e9 la juventud prefiere el reciclaje creativo?","datePublished":"2026-09-04T17:30:48+00:00","dateModified":"2026-09-04T17:34:20+00:00","mainEntityOfPage":{"@id":"https:\/\/akubaa.com\/index.php\/2026\/09\/04\/reciclaje-creativo-thrifting\/"},"wordCount":389,"commentCount":0,"publisher":{"@id":"https:\/\/akubaa.com\/#\/schema\/person\/b096b63c1ad27204e55fabb2cf2153a5"},"image":{"@id":"https:\/\/akubaa.com\/index.php\/2026\/09\/04\/reciclaje-creativo-thrifting\/#primaryimage"},"thumbnailUrl":"https:\/\/akubaa.com\/wp-content\/uploads\/2026\/09\/2026-4-septiembre-moda-vintage.jpg","articleSection":["M\u00fasica y Entretenimiento"],"inLanguage":"es","potentialAction":[{"@type":"CommentAction","name":"Comment","target":["https:\/\/akubaa.com\/index.php\/2026\/09\/04\/reciclaje-creativo-thrifting\/#respond"]}]},{"@type":"WebPage","@id":"https:\/\/akubaa.com\/index.php\/2026\/09\/04\/reciclaje-creativo-thrifting\/","url":"https:\/\/akubaa.com\/index.php\/2026\/09\/04\/reciclaje-creativo-thrifting\/","name":"\u00bfPor qu\u00e9 la juventud prefiere el reciclaje creativo? - AKubaa","isPartOf":{"@id":"https:\/\/akubaa.com\/#website"},"primaryImageOfPage":{"@id":"https:\/\/akubaa.com\/index.php\/2026\/09\/04\/reciclaje-creativo-thrifting\/#primaryimage"},"image":{"@id":"https:\/\/akubaa.com\/index.php\/2026\/09\/04\/reciclaje-creativo-thrifting\/#primaryimage"},"thumbnailUrl":"https:\/\/akubaa.com\/wp-content\/uploads\/2026\/09\/2026-4-septiembre-moda-vintage.jpg","datePublished":"2026-09-04T17:30:48+00:00","dateModified":"2026-09-04T17:34:20+00:00","description":"El auge del thrifting y el reciclaje creativo entre los j\u00f3venes frente al fast fashion. Descubre las marcas y tendencias que mandan hoy.","breadcrumb":{"@id":"https:\/\/akubaa.com\/index.php\/2026\/09\/04\/reciclaje-creativo-thrifting\/#breadcrumb"},"inLanguage":"es","potentialAction":[{"@type":"ReadAction","target":["https:\/\/akubaa.com\/index.php\/2026\/09\/04\/reciclaje-creativo-thrifting\/"]}]},{"@type":"ImageObject","inLanguage":"es","@id":"https:\/\/akubaa.com\/index.php\/2026\/09\/04\/reciclaje-creativo-thrifting\/#primaryimage","url":"https:\/\/akubaa.com\/wp-content\/uploads\/2026\/09\/2026-4-septiembre-moda-vintage.jpg","contentUrl":"https:\/\/akubaa.com\/wp-content\/uploads\/2026\/09\/2026-4-septiembre-moda-vintage.jpg","width":1376,"height":768},{"@type":"BreadcrumbList","@id":"https:\/\/akubaa.com\/index.php\/2026\/09\/04\/reciclaje-creativo-thrifting\/#breadcrumb","itemListElement":[{"@type":"ListItem","position":1,"name":"Portada","item":"https:\/\/akubaa.com\/"},{"@type":"ListItem","position":2,"name":"\u00bfPor qu\u00e9 la juventud prefiere el reciclaje creativo?"}]},{"@type":"WebSite","@id":"https:\/\/akubaa.com\/#website","url":"https:\/\/akubaa.com\/","name":"AKubaa","description":"Vive ,conoce y disfruta Cuba al estilo de A&amp;K.","publisher":{"@id":"https:\/\/akubaa.com\/#\/schema\/person\/b096b63c1ad27204e55fabb2cf2153a5"},"potentialAction":[{"@type":"SearchAction","target":{"@type":"EntryPoint","urlTemplate":"https:\/\/akubaa.com\/?s={search_term_string}"},"query-input":{"@type":"PropertyValueSpecification","valueRequired":true,"valueName":"search_term_string"}}],"inLanguage":"es"},{"@type":["Person","Organization"],"@id":"https:\/\/akubaa.com\/#\/schema\/person\/b096b63c1ad27204e55fabb2cf2153a5","name":"AK","image":{"@type":"ImageObject","inLanguage":"es","@id":"https:\/\/akubaa.com\/wp-content\/uploads\/2025\/08\/Imagen-17.jpeg","url":"https:\/\/akubaa.com\/wp-content\/uploads\/2025\/08\/Imagen-17.jpeg","contentUrl":"https:\/\/akubaa.com\/wp-content\/uploads\/2025\/08\/Imagen-17.jpeg","width":1024,"height":1024,"caption":"AK"},"logo":{"@id":"https:\/\/akubaa.com\/wp-content\/uploads\/2025\/08\/Imagen-17.jpeg"},"sameAs":["https:\/\/akubaa.com","https:\/\/www.facebook.com\/akubaa","https:\/\/www.instagram.com\/akubaa?"]},{"@type":"Person","@id":"https:\/\/akubaa.com\/#\/schema\/person\/de1c8f42034d363014d797593cd572ce","name":"AKubaaa","image":{"@type":"ImageObject","inLanguage":"es","@id":"https:\/\/secure.gravatar.com\/avatar\/0e3143a1c5bed6a1473bfcc3dbca7a3657363e77e804fde74e023854a9242926?s=96&r=g&d=https:\/\/akubaa.com\/wp-content\/plugins\/userswp\/assets\/images\/no_profile.png","url":"https:\/\/secure.gravatar.com\/avatar\/0e3143a1c5bed6a1473bfcc3dbca7a3657363e77e804fde74e023854a9242926?s=96&r=g&d=https:\/\/akubaa.com\/wp-content\/plugins\/userswp\/assets\/images\/no_profile.png","contentUrl":"https:\/\/secure.gravatar.com\/avatar\/0e3143a1c5bed6a1473bfcc3dbca7a3657363e77e804fde74e023854a9242926?s=96&r=g&d=https:\/\/akubaa.com\/wp-content\/plugins\/userswp\/assets\/images\/no_profile.png","caption":"AKubaaa"},"url":"https:\/\/akubaa.com\/index.php\/profile\/akubaa\/"}]}},"jetpack_publicize_connections":[],"jetpack_sharing_enabled":true,"jetpack_likes_enabled":true,"jetpack-related-posts":[{"id":426,"url":"https:\/\/akubaa.com\/index.php\/2025\/06\/18\/bicicletas-como-solucion-al-crisis-del-transporte\/","url_meta":{"origin":3378,"position":0},"title":"Cuando aprendiste que moverte en Cuba pod\u00eda costarte el alma: ahora el gobierno te ofrece una bicicleta","author":"AK","date":"06\/18\/2025","format":false,"excerpt":"Clic en la imagen y ent\u00e9rate de todo. Convi\u00e9rtete en patrocinador de A&K lleva tu negocio al siguiente nivel.\u00a0 \u00bfSab\u00edas que hay pa\u00edses donde caminar no es elecci\u00f3n, sino castigo\u00a0.Yo s\u00ed. Y si has vivido \u2014o sobrevivido\u2014 en Cuba durante el \u00faltimo a\u00f1o, t\u00fa tambi\u00e9n. El transporte p\u00fablico se ha\u2026","rel":"","context":"En \u00abNoticias y Actualidad\u00bb","block_context":{"text":"Noticias y Actualidad","link":"https:\/\/akubaa.com\/index.php\/category\/noticias-y-actualidad\/"},"img":{"alt_text":"","src":"https:\/\/i0.wp.com\/akubaa.com\/wp-content\/uploads\/2025\/06\/image-18.png?resize=350%2C200&ssl=1","width":350,"height":200,"srcset":"https:\/\/i0.wp.com\/akubaa.com\/wp-content\/uploads\/2025\/06\/image-18.png?resize=350%2C200&ssl=1 1x, https:\/\/i0.wp.com\/akubaa.com\/wp-content\/uploads\/2025\/06\/image-18.png?resize=525%2C300&ssl=1 1.5x, https:\/\/i0.wp.com\/akubaa.com\/wp-content\/uploads\/2025\/06\/image-18.png?resize=700%2C400&ssl=1 2x, https:\/\/i0.wp.com\/akubaa.com\/wp-content\/uploads\/2025\/06\/image-18.png?resize=1050%2C600&ssl=1 3x, https:\/\/i0.wp.com\/akubaa.com\/wp-content\/uploads\/2025\/06\/image-18.png?resize=1400%2C800&ssl=1 4x"},"classes":[]},{"id":2770,"url":"https:\/\/akubaa.com\/index.php\/2026\/03\/18\/marco-rubio\/","url_meta":{"origin":3378,"position":1},"title":"\u201cQue cambien las caras o que cambien el sistema\u201d: lo que realmente quiso decir Marco Rubio sobre Cuba.","author":"AK","date":"03\/18\/2026","format":false,"excerpt":"Yo no s\u00e9 t\u00fa, pero cada vez que escucho a\u00a0Marco Rubio\u00a0hablar de Cuba, siento que no est\u00e1 hablando solo como pol\u00edtico\u2026 est\u00e1 hablando como hijo de exiliados, como alguien que creci\u00f3 escuchando historias que todav\u00eda hoy duelen. Y esta vez no fue la excepci\u00f3n. Desde la Casa Blanca, en medio\u2026","rel":"","context":"En \u00abNoticias y Actualidad\u00bb","block_context":{"text":"Noticias y Actualidad","link":"https:\/\/akubaa.com\/index.php\/category\/noticias-y-actualidad\/"},"img":{"alt_text":"","src":"https:\/\/i0.wp.com\/akubaa.com\/wp-content\/uploads\/2026\/03\/image-11.png?resize=350%2C200&ssl=1","width":350,"height":200,"srcset":"https:\/\/i0.wp.com\/akubaa.com\/wp-content\/uploads\/2026\/03\/image-11.png?resize=350%2C200&ssl=1 1x, https:\/\/i0.wp.com\/akubaa.com\/wp-content\/uploads\/2026\/03\/image-11.png?resize=525%2C300&ssl=1 1.5x, https:\/\/i0.wp.com\/akubaa.com\/wp-content\/uploads\/2026\/03\/image-11.png?resize=700%2C400&ssl=1 2x, https:\/\/i0.wp.com\/akubaa.com\/wp-content\/uploads\/2026\/03\/image-11.png?resize=1050%2C600&ssl=1 3x, https:\/\/i0.wp.com\/akubaa.com\/wp-content\/uploads\/2026\/03\/image-11.png?resize=1400%2C800&ssl=1 4x"},"classes":[]},{"id":2556,"url":"https:\/\/akubaa.com\/index.php\/2026\/02\/05\/resistencia-creativa\/","url_meta":{"origin":3378,"position":2},"title":"\u00abResistencia creativa\u201d: cuando admitir lo dif\u00edcil no alcanza.","author":"AK","date":"02\/05\/2026","format":false,"excerpt":"Escribo esto con Cuba en la cabeza y en el pecho. Porque cuando el presidente\u00a0Miguel D\u00edaz-Canel\u00a0admite p\u00fablicamente que vienen\u00a0tiempos dif\u00edciles, el pa\u00eds entero levanta la ceja. No por sorpresa \u2014eso ya lo vivimos\u2014 sino por lo que sigue despu\u00e9s: la apuesta oficial por la\u00a0\u201cresistencia creativa\u201d\u00a0como salida a la crisis. El\u2026","rel":"","context":"Entrada similar","block_context":{"text":"Entrada similar","link":""},"img":{"alt_text":"","src":"https:\/\/i0.wp.com\/akubaa.com\/wp-content\/uploads\/2026\/02\/Imagen-246.jpeg?resize=350%2C200&ssl=1","width":350,"height":200,"srcset":"https:\/\/i0.wp.com\/akubaa.com\/wp-content\/uploads\/2026\/02\/Imagen-246.jpeg?resize=350%2C200&ssl=1 1x, https:\/\/i0.wp.com\/akubaa.com\/wp-content\/uploads\/2026\/02\/Imagen-246.jpeg?resize=525%2C300&ssl=1 1.5x, https:\/\/i0.wp.com\/akubaa.com\/wp-content\/uploads\/2026\/02\/Imagen-246.jpeg?resize=700%2C400&ssl=1 2x, https:\/\/i0.wp.com\/akubaa.com\/wp-content\/uploads\/2026\/02\/Imagen-246.jpeg?resize=1050%2C600&ssl=1 3x, https:\/\/i0.wp.com\/akubaa.com\/wp-content\/uploads\/2026\/02\/Imagen-246.jpeg?resize=1400%2C800&ssl=1 4x"},"classes":[]},{"id":2158,"url":"https:\/\/akubaa.com\/index.php\/2025\/12\/06\/netflix-compra-warner-bros-y-suma-hbo\/","url_meta":{"origin":3378,"position":3},"title":"Netflix mueve la tierra bajo nuestros pies: compra Warner Bros y suma HBO en el golpe m\u00e1s grande del streaming.","author":"AK","date":"12\/06\/2025","format":false,"excerpt":"Cuando le\u00ed la confirmaci\u00f3n oficial, confieso que tuve que detenerme un segundo, respirar, y volver a leer. Porque s\u00ed, esto que acaba de hacer\u00a0Netflix\u00a0no es simplemente una compra: es un terremoto cultural. Un hachazo en la mesa. El tipo de movimiento que, en Cuba, uno describir\u00eda as\u00ed de simple:\u00a0\u201cMijo, aqu\u00ed\u2026","rel":"","context":"Entrada similar","block_context":{"text":"Entrada similar","link":""},"img":{"alt_text":"","src":"https:\/\/i0.wp.com\/akubaa.com\/wp-content\/uploads\/2025\/12\/Imagen-24.jpeg?resize=350%2C200&ssl=1","width":350,"height":200,"srcset":"https:\/\/i0.wp.com\/akubaa.com\/wp-content\/uploads\/2025\/12\/Imagen-24.jpeg?resize=350%2C200&ssl=1 1x, https:\/\/i0.wp.com\/akubaa.com\/wp-content\/uploads\/2025\/12\/Imagen-24.jpeg?resize=525%2C300&ssl=1 1.5x, https:\/\/i0.wp.com\/akubaa.com\/wp-content\/uploads\/2025\/12\/Imagen-24.jpeg?resize=700%2C400&ssl=1 2x, https:\/\/i0.wp.com\/akubaa.com\/wp-content\/uploads\/2025\/12\/Imagen-24.jpeg?resize=1050%2C600&ssl=1 3x, https:\/\/i0.wp.com\/akubaa.com\/wp-content\/uploads\/2025\/12\/Imagen-24.jpeg?resize=1400%2C800&ssl=1 4x"},"classes":[]},{"id":2982,"url":"https:\/\/akubaa.com\/index.php\/2026\/04\/06\/libros-de-colores-personalizados\/","url_meta":{"origin":3378,"position":4},"title":"El detalle que est\u00e1 cambiando los negocios: c\u00f3mo los libros de colorear personalizados est\u00e1n conquistando a las familias.","author":"AK","date":"04\/06\/2026","format":false,"excerpt":"Hay algo que aprend\u00ed viviendo entre\u00a0Miami,\u00a0Hialeah\u00a0y hablando con gente de\u00a0Tampa\u00a0hasta\u00a0Espa\u00f1a: los negocios que crecen no son solo los que venden bien\u2026 son los que\u00a0se recuerdan. Y te voy a decir algo claro, con ese picante que nos caracteriza en AKubaa: hoy en d\u00eda, los ni\u00f1os est\u00e1n cambiando la experiencia dentro\u2026","rel":"","context":"En \u00abEmprendedores\u00bb","block_context":{"text":"Emprendedores","link":"https:\/\/akubaa.com\/index.php\/category\/emprendedores\/"},"img":{"alt_text":"","src":"https:\/\/i0.wp.com\/akubaa.com\/wp-content\/uploads\/2026\/02\/Imagen-222.jpeg?resize=350%2C200&ssl=1","width":350,"height":200,"srcset":"https:\/\/i0.wp.com\/akubaa.com\/wp-content\/uploads\/2026\/02\/Imagen-222.jpeg?resize=350%2C200&ssl=1 1x, https:\/\/i0.wp.com\/akubaa.com\/wp-content\/uploads\/2026\/02\/Imagen-222.jpeg?resize=525%2C300&ssl=1 1.5x, https:\/\/i0.wp.com\/akubaa.com\/wp-content\/uploads\/2026\/02\/Imagen-222.jpeg?resize=700%2C400&ssl=1 2x, https:\/\/i0.wp.com\/akubaa.com\/wp-content\/uploads\/2026\/02\/Imagen-222.jpeg?resize=1050%2C600&ssl=1 3x, https:\/\/i0.wp.com\/akubaa.com\/wp-content\/uploads\/2026\/02\/Imagen-222.jpeg?resize=1400%2C800&ssl=1 4x"},"classes":[]},{"id":2838,"url":"https:\/\/akubaa.com\/index.php\/2026\/03\/23\/el-video-de-air-canada-en-nueva-york-que-estremecio-a-todos\/","url_meta":{"origin":3378,"position":5},"title":"El video de\u00a0Air Canada en Nueva York\u00a0que estremeci\u00f3 a todos: cuando una pista se convierte en tragedia.","author":"AK","date":"03\/23\/2026","format":false,"excerpt":"Video de Air Canada en Nueva York: el segundo exacto en que todo se rompi\u00f3 Yo no s\u00e9 usted, pero hay im\u00e1genes que no se ven: se sienten en el pecho. Y el\u00a0video del choque del avi\u00f3n de Air Canada en Nueva York\u00a0es una de esas. La escena, captada por\u2026","rel":"","context":"Entrada similar","block_context":{"text":"Entrada similar","link":""},"img":{"alt_text":"","src":"https:\/\/i0.wp.com\/akubaa.com\/wp-content\/uploads\/2026\/03\/image-42.png?resize=350%2C200&ssl=1","width":350,"height":200,"srcset":"https:\/\/i0.wp.com\/akubaa.com\/wp-content\/uploads\/2026\/03\/image-42.png?resize=350%2C200&ssl=1 1x, https:\/\/i0.wp.com\/akubaa.com\/wp-content\/uploads\/2026\/03\/image-42.png?resize=525%2C300&ssl=1 1.5x, https:\/\/i0.wp.com\/akubaa.com\/wp-content\/uploads\/2026\/03\/image-42.png?resize=700%2C400&ssl=1 2x, https:\/\/i0.wp.com\/akubaa.com\/wp-content\/uploads\/2026\/03\/image-42.png?resize=1050%2C600&ssl=1 3x, https:\/\/i0.wp.com\/akubaa.com\/wp-content\/uploads\/2026\/03\/image-42.png?resize=1400%2C800&ssl=1 4x"},"classes":[]}],"jetpack_shortlink":"https:\/\/wp.me\/pgrKo3-Su","jetpack_featured_media_url":"https:\/\/akubaa.com\/wp-content\/uploads\/2026\/09\/2026-4-septiembre-moda-vintage.jpg","_links":{"self":[{"href":"https:\/\/akubaa.com\/index.php\/wp-json\/wp\/v2\/posts\/3378","targetHints":{"allow":["GET"]}}],"collection":[{"href":"https:\/\/akubaa.com\/index.php\/wp-json\/wp\/v2\/posts"}],"about":[{"href":"https:\/\/akubaa.com\/index.php\/wp-json\/wp\/v2\/types\/post"}],"author":[{"embeddable":true,"href":"https:\/\/akubaa.com\/index.php\/wp-json\/wp\/v2\/users\/6"}],"replies":[{"embeddable":true,"href":"https:\/\/akubaa.com\/index.php\/wp-json\/wp\/v2\/comments?post=3378"}],"version-history":[{"count":1,"href":"https:\/\/akubaa.com\/index.php\/wp-json\/wp\/v2\/posts\/3378\/revisions"}],"predecessor-version":[{"id":3380,"href":"https:\/\/akubaa.com\/index.php\/wp-json\/wp\/v2\/posts\/3378\/revisions\/3380"}],"wp:featuredmedia":[{"embeddable":true,"href":"https:\/\/akubaa.com\/index.php\/wp-json\/wp\/v2\/media\/3379"}],"wp:attachment":[{"href":"https:\/\/akubaa.com\/index.php\/wp-json\/wp\/v2\/media?parent=3378"}],"wp:term":[{"taxonomy":"category","embeddable":true,"href":"https:\/\/akubaa.com\/index.php\/wp-json\/wp\/v2\/categories?post=3378"},{"taxonomy":"post_tag","embeddable":true,"href":"https:\/\/akubaa.com\/index.php\/wp-json\/wp\/v2\/tags?post=3378"}],"curies":[{"name":"wp","href":"https:\/\/api.w.org\/{rel}","templated":true}]}}