{"id":3373,"date":"2026-09-03T07:00:00","date_gmt":"2026-09-03T11:00:00","guid":{"rendered":"https:\/\/akubaa.com\/?p=3373"},"modified":"2026-09-03T07:56:33","modified_gmt":"2026-09-03T11:56:33","slug":"perdida-tradiciones-cubanas-virgen-caridad","status":"publish","type":"post","link":"https:\/\/akubaa.com\/index.php\/2026\/09\/03\/perdida-tradiciones-cubanas-virgen-caridad\/","title":{"rendered":"\u00bfSe est\u00e1n perdiendo las tradiciones cubanas?"},"content":{"rendered":"\n<p class=\"wp-block-paragraph\">Cuando llega septiembre, siempre me pregunto: <strong>\u00bfse est\u00e1n perdiendo las tradiciones cubanas?<\/strong> Siento que en Cuba hay cosas que se est\u00e1n apagando sin hacer mucho ruido: una costumbre familiar, una canci\u00f3n que ya casi nadie sabe completa, una receta que dej\u00f3 de pasar de abuelos a nietos. Y, sin embargo, hay una imagen que contin\u00faa apareciendo en casas, carteras, altares y recuerdos de cubanos dentro y fuera de la Isla: la Virgen de la Caridad del Cobre.<\/p>\n\n\n\n<p class=\"wp-block-paragraph\">Entonces, \u00bfser\u00e1 que algunas tradiciones cubanas est\u00e1n desapareciendo mientras otras sobreviven porque llevan consigo algo m\u00e1s profundo: la identidad?<\/p>\n\n\n\n<hr class=\"wp-block-separator has-alpha-channel-opacity\"\/>\n\n\n\n<div class=\"wp-block-jetpack-related-posts\">\n<h2 class=\"wp-block-heading\">Te puede interesar<\/h2>\n<\/div>\n\n\n\n<hr class=\"wp-block-separator has-alpha-channel-opacity\"\/>\n\n\n\n<p class=\"wp-block-paragraph\"><strong>Cachita: mucho m\u00e1s que una imagen religiosa<\/strong><\/p>\n\n\n\n<p class=\"wp-block-paragraph\">Cada 8 de septiembre, miles de cubanos recuerdan a la Virgen de la Caridad, conocida cari\u00f1osamente como \u201cCachita\u201d. Su fiesta no pertenece solamente al calendario religioso. Para muchos cubanos, creyentes o no, la imagen est\u00e1 ligada a la memoria familiar, a las promesas, a las despedidas y a la esperanza de volver.<\/p>\n\n\n\n<p class=\"wp-block-paragraph\">La historia de su devoci\u00f3n se remonta al hallazgo de la imagen en la bah\u00eda de Nipe y a su posterior llegada a El Cobre. Con el tiempo, el santuario se convirti\u00f3 en un lugar de peregrinaci\u00f3n y la Virgen qued\u00f3 estrechamente vinculada a la historia nacional. Incluso fuera de <strong><a href=\"https:\/\/akubaa.com\" data-type=\"link\" data-id=\"https:\/\/akubaa.com\">Cuba<\/a><\/strong>, la tradici\u00f3n contin\u00faa.<\/p>\n\n\n\n<hr class=\"wp-block-separator has-alpha-channel-opacity\"\/>\n\n\n\n<div class=\"wp-block-media-text is-stacked-on-mobile\" style=\"grid-template-columns:28% auto\"><figure class=\"wp-block-media-text__media\"><img loading=\"lazy\" decoding=\"async\" width=\"768\" height=\"768\" src=\"https:\/\/akubaa.com\/wp-content\/uploads\/2025\/05\/Leonardo_Diffusion_XL_quiero_una_imagen_que_integre_dispositiv_0.jpg\" alt=\"\" class=\"wp-image-228 size-full\" srcset=\"https:\/\/akubaa.com\/wp-content\/uploads\/2025\/05\/Leonardo_Diffusion_XL_quiero_una_imagen_que_integre_dispositiv_0.jpg 768w, https:\/\/akubaa.com\/wp-content\/uploads\/2025\/05\/Leonardo_Diffusion_XL_quiero_una_imagen_que_integre_dispositiv_0-300x300.jpg 300w, https:\/\/akubaa.com\/wp-content\/uploads\/2025\/05\/Leonardo_Diffusion_XL_quiero_una_imagen_que_integre_dispositiv_0-100x100.jpg 100w, https:\/\/akubaa.com\/wp-content\/uploads\/2025\/05\/Leonardo_Diffusion_XL_quiero_una_imagen_que_integre_dispositiv_0-600x600.jpg 600w, https:\/\/akubaa.com\/wp-content\/uploads\/2025\/05\/Leonardo_Diffusion_XL_quiero_una_imagen_que_integre_dispositiv_0-150x150.jpg 150w\" sizes=\"auto, (max-width: 768px) 100vw, 768px\" \/><\/figure><div class=\"wp-block-media-text__content\">\n<p class=\"wp-block-paragraph\">Si quieres estar actualizado en tu\u00a0<strong><a href=\"https:\/\/akmundovirtual.com\/#google_vignette\">MundoVirtual<\/a><\/strong>\u00a0solo has clic\u00a0<\/p>\n<\/div><\/div>\n\n\n\n<hr class=\"wp-block-separator has-alpha-channel-opacity\"\/>\n\n\n\n<p class=\"wp-block-paragraph\"><strong>\u00bfQu\u00e9 estamos dejando atr\u00e1s?<\/strong><\/p>\n\n\n\n<p class=\"wp-block-paragraph\">El debate se reduce a tantos a\u00f1os de una pol\u00edtica que neg\u00f3 la fe. Sin embargo, qu\u00e9 ocurre cuando la emigraci\u00f3n y las dificultades econ\u00f3micas necesitan depositar la esperanza en alg\u00fan lugar. Y aunque una abuela puede guardar durante d\u00e9cadas una estampa de Cachita, \u00bfqui\u00e9n conservar\u00e1 la historia que ella contaba sobre esa imagen?<\/p>\n\n\n\n<hr class=\"wp-block-separator has-alpha-channel-opacity\"\/>\n\n\n\n\n\n<hr class=\"wp-block-separator has-alpha-channel-opacity\"\/>\n\n\n\n<p class=\"wp-block-paragraph\">Ah\u00ed est\u00e1 quiz\u00e1s el mayor reto:\u00a0<strong>la p\u00e9rdida de las tradiciones cubanas no necesariamente empieza cuando desaparece un objeto, sino cuando deja de transmitirse su significado.<\/strong> Y la Virgen de la Caridad ofrece una paradoja poderosa: mientras algunas costumbres parecen diluirse, su imagen contin\u00faa funcionando como un puente entre generaciones, entre quienes permanecen y quienes se fueron. Cuba cambia. La pregunta es qu\u00e9 parte de Cuba queremos que sobreviva.<\/p>\n\n\n\n<hr class=\"wp-block-separator has-alpha-channel-opacity\"\/>\n\n\n\n<p class=\"wp-block-paragraph\">\u00bfEn tu familia todav\u00eda se mantienen las tradiciones de los abuelos? \u00bfQu\u00e9 costumbre cubana sientes que est\u00e1 desapareciendo? \u00bfY qu\u00e9 significa para ti la Virgen de la Caridad: fe, identidad, memoria o las tres cosas? El debate tambi\u00e9n es nuestro. Comparte tus comentarios y d\u00e9janos un like para que otras personas puedan conocer sorbe este tema.<\/p>\n\n\n\n<hr class=\"wp-block-separator has-alpha-channel-opacity\"\/>\n\n\n\n<h2 class=\"wp-block-heading\">M\u00e1s en AKubaa<\/h2>\n\n\n<ul class=\"wp-block-latest-posts__list is-grid columns-3 wp-block-latest-posts is-layout-grid wp-container-core-latest-posts-is-layout-cda6dc4f wp-block-latest-posts-is-layout-grid\"><li><div class=\"wp-block-latest-posts__featured-image aligncenter\"><a href=\"https:\/\/akubaa.com\/index.php\/2026\/09\/03\/perdida-tradiciones-cubanas-virgen-caridad\/\" aria-label=\"\u00bfSe est\u00e1n perdiendo las tradiciones cubanas?\"><img loading=\"lazy\" decoding=\"async\" width=\"150\" height=\"150\" src=\"https:\/\/akubaa.com\/wp-content\/uploads\/2026\/09\/2026-3-sep-perdida-tradiciones-en-cuba-150x150.jpg\" class=\"attachment-thumbnail size-thumbnail wp-post-image\" alt=\"\" style=\"\" srcset=\"https:\/\/akubaa.com\/wp-content\/uploads\/2026\/09\/2026-3-sep-perdida-tradiciones-en-cuba-150x150.jpg 150w, https:\/\/akubaa.com\/wp-content\/uploads\/2026\/09\/2026-3-sep-perdida-tradiciones-en-cuba-300x300.jpg 300w, https:\/\/akubaa.com\/wp-content\/uploads\/2026\/09\/2026-3-sep-perdida-tradiciones-en-cuba-100x100.jpg 100w\" sizes=\"auto, (max-width: 150px) 100vw, 150px\" \/><\/a><\/div><a class=\"wp-block-latest-posts__post-title\" href=\"https:\/\/akubaa.com\/index.php\/2026\/09\/03\/perdida-tradiciones-cubanas-virgen-caridad\/\">\u00bfSe est\u00e1n perdiendo las tradiciones cubanas?<\/a><\/li>\n<li><div class=\"wp-block-latest-posts__featured-image aligncenter\"><a href=\"https:\/\/akubaa.com\/index.php\/2026\/09\/02\/estado-salud-raul-castro-grave\/\" aria-label=\"\u00bfRa\u00fal Castro est\u00e1 muerto? Lo que se sabe de su grave estado de salud y lo que significar\u00eda para Cuba.\"><img loading=\"lazy\" decoding=\"async\" width=\"150\" height=\"150\" src=\"https:\/\/akubaa.com\/wp-content\/uploads\/2026\/09\/image-150x150.png\" class=\"attachment-thumbnail size-thumbnail wp-post-image\" alt=\"\" style=\"\" srcset=\"https:\/\/akubaa.com\/wp-content\/uploads\/2026\/09\/image-150x150.png 150w, https:\/\/akubaa.com\/wp-content\/uploads\/2026\/09\/image-300x300.png 300w, https:\/\/akubaa.com\/wp-content\/uploads\/2026\/09\/image-100x100.png 100w\" sizes=\"auto, (max-width: 150px) 100vw, 150px\" \/><\/a><\/div><a class=\"wp-block-latest-posts__post-title\" href=\"https:\/\/akubaa.com\/index.php\/2026\/09\/02\/estado-salud-raul-castro-grave\/\">\u00bfRa\u00fal Castro est\u00e1 muerto? Lo que se sabe de su grave estado de salud y lo que significar\u00eda para Cuba.<\/a><\/li>\n<li><div class=\"wp-block-latest-posts__featured-image aligncenter\"><a href=\"https:\/\/akubaa.com\/index.php\/2026\/09\/02\/historia-de-exito-de-roselena-y-ernesto\/\" aria-label=\"La historia de \u00e9xito de Roselena y Ernesto\"><img loading=\"lazy\" decoding=\"async\" width=\"150\" height=\"150\" src=\"https:\/\/akubaa.com\/wp-content\/uploads\/2026\/08\/2026-2-sep-Historia-de-exito-Rosaelena-y-Ernesto-150x150.jpg\" class=\"attachment-thumbnail size-thumbnail wp-post-image\" alt=\"\" style=\"\" srcset=\"https:\/\/akubaa.com\/wp-content\/uploads\/2026\/08\/2026-2-sep-Historia-de-exito-Rosaelena-y-Ernesto-150x150.jpg 150w, https:\/\/akubaa.com\/wp-content\/uploads\/2026\/08\/2026-2-sep-Historia-de-exito-Rosaelena-y-Ernesto-300x300.jpg 300w, https:\/\/akubaa.com\/wp-content\/uploads\/2026\/08\/2026-2-sep-Historia-de-exito-Rosaelena-y-Ernesto-100x100.jpg 100w\" sizes=\"auto, (max-width: 150px) 100vw, 150px\" \/><\/a><\/div><a class=\"wp-block-latest-posts__post-title\" href=\"https:\/\/akubaa.com\/index.php\/2026\/09\/02\/historia-de-exito-de-roselena-y-ernesto\/\">La historia de \u00e9xito de Roselena y Ernesto<\/a><\/li>\n<\/ul>\n\n\n<p class=\"wp-block-paragraph\"><\/p>\n","protected":false},"excerpt":{"rendered":"<p>Cuando llega septiembre, siempre me pregunto: \u00bfse est\u00e1n perdiendo las tradiciones cubanas? Siento que en Cuba hay cosas que se est\u00e1n apagando sin hacer mucho ruido: una costumbre familiar, una canci\u00f3n que ya casi nadie sabe completa, una receta que dej\u00f3 de pasar de abuelos a nietos. Y, sin embargo, hay una imagen que contin\u00faa [&hellip;]<\/p>\n","protected":false},"author":6,"featured_media":3374,"comment_status":"open","ping_status":"open","sticky":false,"template":"","format":"standard","meta":{"_jetpack_newsletter_access":"","_jetpack_dont_email_post_to_subs":false,"_jetpack_newsletter_tier_id":0,"_jetpack_memberships_contains_paywalled_content":false,"_jetpack_feature_clip_id":0,"_jetpack_memberships_contains_paid_content":false,"footnotes":"","jetpack_publicize_message":"","jetpack_publicize_feature_enabled":true,"jetpack_social_post_already_shared":true,"jetpack_social_options":{"image_generator_settings":{"template":"highway","default_image_id":0,"font":"","enabled":false},"version":2},"jetpack_post_was_ever_published":false},"categories":[6],"tags":[],"class_list":["post-3373","post","type-post","status-publish","format-standard","has-post-thumbnail","hentry","category-cultura-y-tradiciones"],"yoast_head":"<!-- This site is optimized with the Yoast SEO plugin v28.4 - https:\/\/yoast.com\/product\/yoast-seo-wordpress\/ -->\n<title>\u00bfSe est\u00e1n perdiendo las tradiciones cubanas? - AKubaa<\/title>\n<meta name=\"description\" content=\"\u00bfTe has preguntado por qu\u00e9 se est\u00e1n perdiendo las tradiciones cubanas? \u00bfC\u00f3mo la Virgen de la Caridad une a todos los cubanos?\" \/>\n<meta name=\"robots\" content=\"index, follow, max-snippet:-1, max-image-preview:large, max-video-preview:-1\" \/>\n<link rel=\"canonical\" href=\"https:\/\/akubaa.com\/index.php\/2026\/09\/03\/perdida-tradiciones-cubanas-virgen-caridad\/\" \/>\n<meta property=\"og:locale\" content=\"es_ES\" \/>\n<meta property=\"og:type\" content=\"article\" \/>\n<meta property=\"og:title\" content=\"\u00bfSe est\u00e1n perdiendo las tradiciones cubanas? - AKubaa\" \/>\n<meta property=\"og:description\" content=\"\u00bfTe has preguntado por qu\u00e9 se est\u00e1n perdiendo las tradiciones cubanas? \u00bfC\u00f3mo la Virgen de la Caridad une a todos los cubanos?\" \/>\n<meta property=\"og:url\" content=\"https:\/\/akubaa.com\/index.php\/2026\/09\/03\/perdida-tradiciones-cubanas-virgen-caridad\/\" \/>\n<meta property=\"og:site_name\" content=\"AKubaa\" \/>\n<meta property=\"article:publisher\" content=\"https:\/\/www.facebook.com\/akubaa\" \/>\n<meta property=\"article:published_time\" content=\"2026-09-03T11:00:00+00:00\" \/>\n<meta property=\"article:modified_time\" content=\"2026-09-03T11:56:33+00:00\" \/>\n<meta property=\"og:image\" content=\"https:\/\/akubaa.com\/wp-content\/uploads\/2026\/09\/2026-3-sep-perdida-tradiciones-en-cuba.jpg\" \/>\n\t<meta property=\"og:image:width\" content=\"1376\" \/>\n\t<meta property=\"og:image:height\" content=\"768\" \/>\n\t<meta property=\"og:image:type\" content=\"image\/jpeg\" \/>\n<meta name=\"author\" content=\"AKubaaa\" \/>\n<meta name=\"twitter:card\" content=\"summary_large_image\" \/>\n<meta name=\"twitter:label1\" content=\"Escrito por\" \/>\n\t<meta name=\"twitter:data1\" content=\"AKubaaa\" \/>\n\t<meta name=\"twitter:label2\" content=\"Tiempo de lectura\" \/>\n\t<meta name=\"twitter:data2\" content=\"3 minutos\" \/>\n<script type=\"application\/ld+json\" class=\"yoast-schema-graph\">{\"@context\":\"https:\\\/\\\/schema.org\",\"@graph\":[{\"@type\":\"Article\",\"@id\":\"https:\\\/\\\/akubaa.com\\\/index.php\\\/2026\\\/09\\\/03\\\/perdida-tradiciones-cubanas-virgen-caridad\\\/#article\",\"isPartOf\":{\"@id\":\"https:\\\/\\\/akubaa.com\\\/index.php\\\/2026\\\/09\\\/03\\\/perdida-tradiciones-cubanas-virgen-caridad\\\/\"},\"author\":{\"name\":\"AKubaaa\",\"@id\":\"https:\\\/\\\/akubaa.com\\\/#\\\/schema\\\/person\\\/de1c8f42034d363014d797593cd572ce\"},\"headline\":\"\u00bfSe est\u00e1n perdiendo las tradiciones cubanas?\",\"datePublished\":\"2026-09-03T11:00:00+00:00\",\"dateModified\":\"2026-09-03T11:56:33+00:00\",\"mainEntityOfPage\":{\"@id\":\"https:\\\/\\\/akubaa.com\\\/index.php\\\/2026\\\/09\\\/03\\\/perdida-tradiciones-cubanas-virgen-caridad\\\/\"},\"wordCount\":442,\"commentCount\":0,\"publisher\":{\"@id\":\"https:\\\/\\\/akubaa.com\\\/#\\\/schema\\\/person\\\/b096b63c1ad27204e55fabb2cf2153a5\"},\"image\":{\"@id\":\"https:\\\/\\\/akubaa.com\\\/index.php\\\/2026\\\/09\\\/03\\\/perdida-tradiciones-cubanas-virgen-caridad\\\/#primaryimage\"},\"thumbnailUrl\":\"https:\\\/\\\/akubaa.com\\\/wp-content\\\/uploads\\\/2026\\\/09\\\/2026-3-sep-perdida-tradiciones-en-cuba.jpg\",\"articleSection\":[\"Cultura y Tradiciones\"],\"inLanguage\":\"es\",\"potentialAction\":[{\"@type\":\"CommentAction\",\"name\":\"Comment\",\"target\":[\"https:\\\/\\\/akubaa.com\\\/index.php\\\/2026\\\/09\\\/03\\\/perdida-tradiciones-cubanas-virgen-caridad\\\/#respond\"]}]},{\"@type\":\"WebPage\",\"@id\":\"https:\\\/\\\/akubaa.com\\\/index.php\\\/2026\\\/09\\\/03\\\/perdida-tradiciones-cubanas-virgen-caridad\\\/\",\"url\":\"https:\\\/\\\/akubaa.com\\\/index.php\\\/2026\\\/09\\\/03\\\/perdida-tradiciones-cubanas-virgen-caridad\\\/\",\"name\":\"\u00bfSe est\u00e1n perdiendo las tradiciones cubanas? - AKubaa\",\"isPartOf\":{\"@id\":\"https:\\\/\\\/akubaa.com\\\/#website\"},\"primaryImageOfPage\":{\"@id\":\"https:\\\/\\\/akubaa.com\\\/index.php\\\/2026\\\/09\\\/03\\\/perdida-tradiciones-cubanas-virgen-caridad\\\/#primaryimage\"},\"image\":{\"@id\":\"https:\\\/\\\/akubaa.com\\\/index.php\\\/2026\\\/09\\\/03\\\/perdida-tradiciones-cubanas-virgen-caridad\\\/#primaryimage\"},\"thumbnailUrl\":\"https:\\\/\\\/akubaa.com\\\/wp-content\\\/uploads\\\/2026\\\/09\\\/2026-3-sep-perdida-tradiciones-en-cuba.jpg\",\"datePublished\":\"2026-09-03T11:00:00+00:00\",\"dateModified\":\"2026-09-03T11:56:33+00:00\",\"description\":\"\u00bfTe has preguntado por qu\u00e9 se est\u00e1n perdiendo las tradiciones cubanas? \u00bfC\u00f3mo la Virgen de la Caridad une a todos los cubanos?\",\"breadcrumb\":{\"@id\":\"https:\\\/\\\/akubaa.com\\\/index.php\\\/2026\\\/09\\\/03\\\/perdida-tradiciones-cubanas-virgen-caridad\\\/#breadcrumb\"},\"inLanguage\":\"es\",\"potentialAction\":[{\"@type\":\"ReadAction\",\"target\":[\"https:\\\/\\\/akubaa.com\\\/index.php\\\/2026\\\/09\\\/03\\\/perdida-tradiciones-cubanas-virgen-caridad\\\/\"]}]},{\"@type\":\"ImageObject\",\"inLanguage\":\"es\",\"@id\":\"https:\\\/\\\/akubaa.com\\\/index.php\\\/2026\\\/09\\\/03\\\/perdida-tradiciones-cubanas-virgen-caridad\\\/#primaryimage\",\"url\":\"https:\\\/\\\/akubaa.com\\\/wp-content\\\/uploads\\\/2026\\\/09\\\/2026-3-sep-perdida-tradiciones-en-cuba.jpg\",\"contentUrl\":\"https:\\\/\\\/akubaa.com\\\/wp-content\\\/uploads\\\/2026\\\/09\\\/2026-3-sep-perdida-tradiciones-en-cuba.jpg\",\"width\":1376,\"height\":768},{\"@type\":\"BreadcrumbList\",\"@id\":\"https:\\\/\\\/akubaa.com\\\/index.php\\\/2026\\\/09\\\/03\\\/perdida-tradiciones-cubanas-virgen-caridad\\\/#breadcrumb\",\"itemListElement\":[{\"@type\":\"ListItem\",\"position\":1,\"name\":\"Portada\",\"item\":\"https:\\\/\\\/akubaa.com\\\/\"},{\"@type\":\"ListItem\",\"position\":2,\"name\":\"\u00bfSe est\u00e1n perdiendo las tradiciones cubanas?\"}]},{\"@type\":\"WebSite\",\"@id\":\"https:\\\/\\\/akubaa.com\\\/#website\",\"url\":\"https:\\\/\\\/akubaa.com\\\/\",\"name\":\"AKubaa\",\"description\":\"Vive ,conoce y disfruta Cuba al estilo de A&amp;K.\",\"publisher\":{\"@id\":\"https:\\\/\\\/akubaa.com\\\/#\\\/schema\\\/person\\\/b096b63c1ad27204e55fabb2cf2153a5\"},\"potentialAction\":[{\"@type\":\"SearchAction\",\"target\":{\"@type\":\"EntryPoint\",\"urlTemplate\":\"https:\\\/\\\/akubaa.com\\\/?s={search_term_string}\"},\"query-input\":{\"@type\":\"PropertyValueSpecification\",\"valueRequired\":true,\"valueName\":\"search_term_string\"}}],\"inLanguage\":\"es\"},{\"@type\":[\"Person\",\"Organization\"],\"@id\":\"https:\\\/\\\/akubaa.com\\\/#\\\/schema\\\/person\\\/b096b63c1ad27204e55fabb2cf2153a5\",\"name\":\"AK\",\"image\":{\"@type\":\"ImageObject\",\"inLanguage\":\"es\",\"@id\":\"https:\\\/\\\/akubaa.com\\\/wp-content\\\/uploads\\\/2025\\\/08\\\/Imagen-17.jpeg\",\"url\":\"https:\\\/\\\/akubaa.com\\\/wp-content\\\/uploads\\\/2025\\\/08\\\/Imagen-17.jpeg\",\"contentUrl\":\"https:\\\/\\\/akubaa.com\\\/wp-content\\\/uploads\\\/2025\\\/08\\\/Imagen-17.jpeg\",\"width\":1024,\"height\":1024,\"caption\":\"AK\"},\"logo\":{\"@id\":\"https:\\\/\\\/akubaa.com\\\/wp-content\\\/uploads\\\/2025\\\/08\\\/Imagen-17.jpeg\"},\"sameAs\":[\"https:\\\/\\\/akubaa.com\",\"https:\\\/\\\/www.facebook.com\\\/akubaa\",\"https:\\\/\\\/www.instagram.com\\\/akubaa?\"]},{\"@type\":\"Person\",\"@id\":\"https:\\\/\\\/akubaa.com\\\/#\\\/schema\\\/person\\\/de1c8f42034d363014d797593cd572ce\",\"name\":\"AKubaaa\",\"image\":{\"@type\":\"ImageObject\",\"inLanguage\":\"es\",\"@id\":\"https:\\\/\\\/secure.gravatar.com\\\/avatar\\\/0e3143a1c5bed6a1473bfcc3dbca7a3657363e77e804fde74e023854a9242926?s=96&r=g&d=https:\\\/\\\/akubaa.com\\\/wp-content\\\/plugins\\\/userswp\\\/assets\\\/images\\\/no_profile.png\",\"url\":\"https:\\\/\\\/secure.gravatar.com\\\/avatar\\\/0e3143a1c5bed6a1473bfcc3dbca7a3657363e77e804fde74e023854a9242926?s=96&r=g&d=https:\\\/\\\/akubaa.com\\\/wp-content\\\/plugins\\\/userswp\\\/assets\\\/images\\\/no_profile.png\",\"contentUrl\":\"https:\\\/\\\/secure.gravatar.com\\\/avatar\\\/0e3143a1c5bed6a1473bfcc3dbca7a3657363e77e804fde74e023854a9242926?s=96&r=g&d=https:\\\/\\\/akubaa.com\\\/wp-content\\\/plugins\\\/userswp\\\/assets\\\/images\\\/no_profile.png\",\"caption\":\"AKubaaa\"},\"url\":\"https:\\\/\\\/akubaa.com\\\/index.php\\\/profile\\\/akubaa\\\/\"}]}<\/script>\n<!-- \/ Yoast SEO plugin. -->","yoast_head_json":{"title":"\u00bfSe est\u00e1n perdiendo las tradiciones cubanas? - AKubaa","description":"\u00bfTe has preguntado por qu\u00e9 se est\u00e1n perdiendo las tradiciones cubanas? \u00bfC\u00f3mo la Virgen de la Caridad une a todos los cubanos?","robots":{"index":"index","follow":"follow","max-snippet":"max-snippet:-1","max-image-preview":"max-image-preview:large","max-video-preview":"max-video-preview:-1"},"canonical":"https:\/\/akubaa.com\/index.php\/2026\/09\/03\/perdida-tradiciones-cubanas-virgen-caridad\/","og_locale":"es_ES","og_type":"article","og_title":"\u00bfSe est\u00e1n perdiendo las tradiciones cubanas? - AKubaa","og_description":"\u00bfTe has preguntado por qu\u00e9 se est\u00e1n perdiendo las tradiciones cubanas? \u00bfC\u00f3mo la Virgen de la Caridad une a todos los cubanos?","og_url":"https:\/\/akubaa.com\/index.php\/2026\/09\/03\/perdida-tradiciones-cubanas-virgen-caridad\/","og_site_name":"AKubaa","article_publisher":"https:\/\/www.facebook.com\/akubaa","article_published_time":"2026-09-03T11:00:00+00:00","article_modified_time":"2026-09-03T11:56:33+00:00","og_image":[{"width":1376,"height":768,"url":"https:\/\/akubaa.com\/wp-content\/uploads\/2026\/09\/2026-3-sep-perdida-tradiciones-en-cuba.jpg","type":"image\/jpeg"}],"author":"AKubaaa","twitter_card":"summary_large_image","twitter_misc":{"Escrito por":"AKubaaa","Tiempo de lectura":"3 minutos"},"schema":{"@context":"https:\/\/schema.org","@graph":[{"@type":"Article","@id":"https:\/\/akubaa.com\/index.php\/2026\/09\/03\/perdida-tradiciones-cubanas-virgen-caridad\/#article","isPartOf":{"@id":"https:\/\/akubaa.com\/index.php\/2026\/09\/03\/perdida-tradiciones-cubanas-virgen-caridad\/"},"author":{"name":"AKubaaa","@id":"https:\/\/akubaa.com\/#\/schema\/person\/de1c8f42034d363014d797593cd572ce"},"headline":"\u00bfSe est\u00e1n perdiendo las tradiciones cubanas?","datePublished":"2026-09-03T11:00:00+00:00","dateModified":"2026-09-03T11:56:33+00:00","mainEntityOfPage":{"@id":"https:\/\/akubaa.com\/index.php\/2026\/09\/03\/perdida-tradiciones-cubanas-virgen-caridad\/"},"wordCount":442,"commentCount":0,"publisher":{"@id":"https:\/\/akubaa.com\/#\/schema\/person\/b096b63c1ad27204e55fabb2cf2153a5"},"image":{"@id":"https:\/\/akubaa.com\/index.php\/2026\/09\/03\/perdida-tradiciones-cubanas-virgen-caridad\/#primaryimage"},"thumbnailUrl":"https:\/\/akubaa.com\/wp-content\/uploads\/2026\/09\/2026-3-sep-perdida-tradiciones-en-cuba.jpg","articleSection":["Cultura y Tradiciones"],"inLanguage":"es","potentialAction":[{"@type":"CommentAction","name":"Comment","target":["https:\/\/akubaa.com\/index.php\/2026\/09\/03\/perdida-tradiciones-cubanas-virgen-caridad\/#respond"]}]},{"@type":"WebPage","@id":"https:\/\/akubaa.com\/index.php\/2026\/09\/03\/perdida-tradiciones-cubanas-virgen-caridad\/","url":"https:\/\/akubaa.com\/index.php\/2026\/09\/03\/perdida-tradiciones-cubanas-virgen-caridad\/","name":"\u00bfSe est\u00e1n perdiendo las tradiciones cubanas? - AKubaa","isPartOf":{"@id":"https:\/\/akubaa.com\/#website"},"primaryImageOfPage":{"@id":"https:\/\/akubaa.com\/index.php\/2026\/09\/03\/perdida-tradiciones-cubanas-virgen-caridad\/#primaryimage"},"image":{"@id":"https:\/\/akubaa.com\/index.php\/2026\/09\/03\/perdida-tradiciones-cubanas-virgen-caridad\/#primaryimage"},"thumbnailUrl":"https:\/\/akubaa.com\/wp-content\/uploads\/2026\/09\/2026-3-sep-perdida-tradiciones-en-cuba.jpg","datePublished":"2026-09-03T11:00:00+00:00","dateModified":"2026-09-03T11:56:33+00:00","description":"\u00bfTe has preguntado por qu\u00e9 se est\u00e1n perdiendo las tradiciones cubanas? \u00bfC\u00f3mo la Virgen de la Caridad une a todos los cubanos?","breadcrumb":{"@id":"https:\/\/akubaa.com\/index.php\/2026\/09\/03\/perdida-tradiciones-cubanas-virgen-caridad\/#breadcrumb"},"inLanguage":"es","potentialAction":[{"@type":"ReadAction","target":["https:\/\/akubaa.com\/index.php\/2026\/09\/03\/perdida-tradiciones-cubanas-virgen-caridad\/"]}]},{"@type":"ImageObject","inLanguage":"es","@id":"https:\/\/akubaa.com\/index.php\/2026\/09\/03\/perdida-tradiciones-cubanas-virgen-caridad\/#primaryimage","url":"https:\/\/akubaa.com\/wp-content\/uploads\/2026\/09\/2026-3-sep-perdida-tradiciones-en-cuba.jpg","contentUrl":"https:\/\/akubaa.com\/wp-content\/uploads\/2026\/09\/2026-3-sep-perdida-tradiciones-en-cuba.jpg","width":1376,"height":768},{"@type":"BreadcrumbList","@id":"https:\/\/akubaa.com\/index.php\/2026\/09\/03\/perdida-tradiciones-cubanas-virgen-caridad\/#breadcrumb","itemListElement":[{"@type":"ListItem","position":1,"name":"Portada","item":"https:\/\/akubaa.com\/"},{"@type":"ListItem","position":2,"name":"\u00bfSe est\u00e1n perdiendo las tradiciones cubanas?"}]},{"@type":"WebSite","@id":"https:\/\/akubaa.com\/#website","url":"https:\/\/akubaa.com\/","name":"AKubaa","description":"Vive ,conoce y disfruta Cuba al estilo de A&amp;K.","publisher":{"@id":"https:\/\/akubaa.com\/#\/schema\/person\/b096b63c1ad27204e55fabb2cf2153a5"},"potentialAction":[{"@type":"SearchAction","target":{"@type":"EntryPoint","urlTemplate":"https:\/\/akubaa.com\/?s={search_term_string}"},"query-input":{"@type":"PropertyValueSpecification","valueRequired":true,"valueName":"search_term_string"}}],"inLanguage":"es"},{"@type":["Person","Organization"],"@id":"https:\/\/akubaa.com\/#\/schema\/person\/b096b63c1ad27204e55fabb2cf2153a5","name":"AK","image":{"@type":"ImageObject","inLanguage":"es","@id":"https:\/\/akubaa.com\/wp-content\/uploads\/2025\/08\/Imagen-17.jpeg","url":"https:\/\/akubaa.com\/wp-content\/uploads\/2025\/08\/Imagen-17.jpeg","contentUrl":"https:\/\/akubaa.com\/wp-content\/uploads\/2025\/08\/Imagen-17.jpeg","width":1024,"height":1024,"caption":"AK"},"logo":{"@id":"https:\/\/akubaa.com\/wp-content\/uploads\/2025\/08\/Imagen-17.jpeg"},"sameAs":["https:\/\/akubaa.com","https:\/\/www.facebook.com\/akubaa","https:\/\/www.instagram.com\/akubaa?"]},{"@type":"Person","@id":"https:\/\/akubaa.com\/#\/schema\/person\/de1c8f42034d363014d797593cd572ce","name":"AKubaaa","image":{"@type":"ImageObject","inLanguage":"es","@id":"https:\/\/secure.gravatar.com\/avatar\/0e3143a1c5bed6a1473bfcc3dbca7a3657363e77e804fde74e023854a9242926?s=96&r=g&d=https:\/\/akubaa.com\/wp-content\/plugins\/userswp\/assets\/images\/no_profile.png","url":"https:\/\/secure.gravatar.com\/avatar\/0e3143a1c5bed6a1473bfcc3dbca7a3657363e77e804fde74e023854a9242926?s=96&r=g&d=https:\/\/akubaa.com\/wp-content\/plugins\/userswp\/assets\/images\/no_profile.png","contentUrl":"https:\/\/secure.gravatar.com\/avatar\/0e3143a1c5bed6a1473bfcc3dbca7a3657363e77e804fde74e023854a9242926?s=96&r=g&d=https:\/\/akubaa.com\/wp-content\/plugins\/userswp\/assets\/images\/no_profile.png","caption":"AKubaaa"},"url":"https:\/\/akubaa.com\/index.php\/profile\/akubaa\/"}]}},"jetpack_publicize_connections":[],"jetpack_sharing_enabled":true,"jetpack_likes_enabled":true,"jetpack-related-posts":[{"id":1143,"url":"https:\/\/akubaa.com\/index.php\/2025\/09\/08\/cuando-la-ciudad-se-vuelve-faro-miami-camina-hoy-tras-la-virgen-de-la-caridad\/","url_meta":{"origin":3373,"position":0},"title":"Cuando la ciudad se vuelve faro: Miami camina hoy tras la Virgen de la Caridad","author":"AK","date":"09\/08\/2025","format":false,"excerpt":"A veces una ciudad respira a la misma vez. Hoy,\u00a08 de septiembre de 2025,\u00a0Miami\u00a0late con una sola palabra:\u00a0libertad. Y s\u00ed, sab\u00edas que una devoci\u00f3n puede ordenar el tr\u00e1fico emocional de un exilio entero. Yo lo aprend\u00ed temprano, mirando a mi familia encender una vela a\u00a0Nuestra Se\u00f1ora de la Caridad del\u2026","rel":"","context":"Entrada similar","block_context":{"text":"Entrada similar","link":""},"img":{"alt_text":"","src":"https:\/\/i0.wp.com\/akubaa.com\/wp-content\/uploads\/2025\/09\/image-3.png?resize=350%2C200&ssl=1","width":350,"height":200,"srcset":"https:\/\/i0.wp.com\/akubaa.com\/wp-content\/uploads\/2025\/09\/image-3.png?resize=350%2C200&ssl=1 1x, https:\/\/i0.wp.com\/akubaa.com\/wp-content\/uploads\/2025\/09\/image-3.png?resize=525%2C300&ssl=1 1.5x, https:\/\/i0.wp.com\/akubaa.com\/wp-content\/uploads\/2025\/09\/image-3.png?resize=700%2C400&ssl=1 2x, https:\/\/i0.wp.com\/akubaa.com\/wp-content\/uploads\/2025\/09\/image-3.png?resize=1050%2C600&ssl=1 3x, https:\/\/i0.wp.com\/akubaa.com\/wp-content\/uploads\/2025\/09\/image-3.png?resize=1400%2C800&ssl=1 4x"},"classes":[]},{"id":1812,"url":"https:\/\/akubaa.com\/index.php\/2025\/10\/31\/halloween-al-estilo-cubano-entre-mascaras-prohibidas\/","url_meta":{"origin":3373,"position":1},"title":"\ud83c\udf83 Halloween al estilo cubano: entre m\u00e1scaras prohibidas y recuerdos de lo que pudo ser.","author":"AK","date":"10\/31\/2025","format":false,"excerpt":"Hay d\u00edas en los que uno siente que la nostalgia tiene su propio disfraz.Cada 31 de octubre, mientras medio mundo se llena de calabazas talladas, luces naranjas y risas de ni\u00f1os disfrazados,\u00a0en Cuba la noche pasa como cualquier otra. No hay\u00a0trick or treat, ni telara\u00f1as falsas colgando en las puertas,\u2026","rel":"","context":"En \u00abNoticias y Actualidad\u00bb","block_context":{"text":"Noticias y Actualidad","link":"https:\/\/akubaa.com\/index.php\/category\/noticias-y-actualidad\/"},"img":{"alt_text":"","src":"https:\/\/i0.wp.com\/akubaa.com\/wp-content\/uploads\/2025\/10\/image-68.png?resize=350%2C200&ssl=1","width":350,"height":200,"srcset":"https:\/\/i0.wp.com\/akubaa.com\/wp-content\/uploads\/2025\/10\/image-68.png?resize=350%2C200&ssl=1 1x, https:\/\/i0.wp.com\/akubaa.com\/wp-content\/uploads\/2025\/10\/image-68.png?resize=525%2C300&ssl=1 1.5x, https:\/\/i0.wp.com\/akubaa.com\/wp-content\/uploads\/2025\/10\/image-68.png?resize=700%2C400&ssl=1 2x, https:\/\/i0.wp.com\/akubaa.com\/wp-content\/uploads\/2025\/10\/image-68.png?resize=1050%2C600&ssl=1 3x, https:\/\/i0.wp.com\/akubaa.com\/wp-content\/uploads\/2025\/10\/image-68.png?resize=1400%2C800&ssl=1 4x"},"classes":[]},{"id":2062,"url":"https:\/\/akubaa.com\/index.php\/2025\/11\/27\/thanksgiving\/","url_meta":{"origin":3373,"position":2},"title":"\u201cThanksgiving a lo Cubano: la gratitud que nos sostiene aunque vivamos repartidos por el mundo\u201d","author":"AK","date":"11\/27\/2025","format":false,"excerpt":"Hoy me despert\u00e9 pensando en algo que pocos dicen en voz alta:\u00a0los cubanos hemos convertido Thanksgiving en una mezcla rara, hermosa y completamente nuestra, aunque esta tradici\u00f3n ni siquiera naci\u00f3 en nuestra cultura. Pero ah\u00ed vamos\u2026 adaptando costumbres como quien sazona un pavo con mojo porque la nostalgia siempre pesa\u2026","rel":"","context":"En \u00abTemas\u00bb","block_context":{"text":"Temas","link":"https:\/\/akubaa.com\/index.php\/category\/temas\/"},"img":{"alt_text":"","src":"https:\/\/i0.wp.com\/akubaa.com\/wp-content\/uploads\/2025\/11\/image-36.png?resize=350%2C200&ssl=1","width":350,"height":200,"srcset":"https:\/\/i0.wp.com\/akubaa.com\/wp-content\/uploads\/2025\/11\/image-36.png?resize=350%2C200&ssl=1 1x, https:\/\/i0.wp.com\/akubaa.com\/wp-content\/uploads\/2025\/11\/image-36.png?resize=525%2C300&ssl=1 1.5x, https:\/\/i0.wp.com\/akubaa.com\/wp-content\/uploads\/2025\/11\/image-36.png?resize=700%2C400&ssl=1 2x, https:\/\/i0.wp.com\/akubaa.com\/wp-content\/uploads\/2025\/11\/image-36.png?resize=1050%2C600&ssl=1 3x, https:\/\/i0.wp.com\/akubaa.com\/wp-content\/uploads\/2025\/11\/image-36.png?resize=1400%2C800&ssl=1 4x"},"classes":[]},{"id":84,"url":"https:\/\/akubaa.com\/index.php\/2025\/04\/02\/el-podcast-que-esta-revolucionando-la-escena-cubana-por-que-todos-hablan-de-podcast-de-la-vida\/","url_meta":{"origin":3373,"position":3},"title":"\ud83c\udf99\ufe0f\u00a0El Podcast Que Est\u00e1 Revolucionando la Escena Cubana: \u00bfPor Qu\u00e9 Todos Hablan de \u2018Podcast de la Vida\u2019?.","author":"AK","date":"04\/02\/2025","format":false,"excerpt":"La nueva generaci\u00f3n de creadores cubanos est\u00e1 dejando huella en el mundo digital, y si a\u00fan no has escuchado sobre\u00a0Podcast de la Vida (PDLV), te est\u00e1s perdiendo un fen\u00f3meno que est\u00e1 marcando un antes y un despu\u00e9s en el entretenimiento cubano. Este\u00a0podcast\u00a0liderado por seis talentosos j\u00f3venes se ha convertido en\u2026","rel":"","context":"En \u00abM\u00fasica y Entretenimiento\u00bb","block_context":{"text":"M\u00fasica y Entretenimiento","link":"https:\/\/akubaa.com\/index.php\/category\/musica-y-entretenimiento\/"},"img":{"alt_text":"","src":"https:\/\/i0.wp.com\/akubaa.com\/wp-content\/uploads\/2025\/04\/image.png?resize=350%2C200&ssl=1","width":350,"height":200,"srcset":"https:\/\/i0.wp.com\/akubaa.com\/wp-content\/uploads\/2025\/04\/image.png?resize=350%2C200&ssl=1 1x, https:\/\/i0.wp.com\/akubaa.com\/wp-content\/uploads\/2025\/04\/image.png?resize=525%2C300&ssl=1 1.5x, https:\/\/i0.wp.com\/akubaa.com\/wp-content\/uploads\/2025\/04\/image.png?resize=700%2C400&ssl=1 2x, https:\/\/i0.wp.com\/akubaa.com\/wp-content\/uploads\/2025\/04\/image.png?resize=1050%2C600&ssl=1 3x, https:\/\/i0.wp.com\/akubaa.com\/wp-content\/uploads\/2025\/04\/image.png?resize=1400%2C800&ssl=1 4x"},"classes":[]},{"id":1695,"url":"https:\/\/akubaa.com\/index.php\/2025\/10\/21\/cubano-que-perdio-su-auto-trabajando-para-amazon-flex\/","url_meta":{"origin":3373,"position":4},"title":"\u201cEl fuego se llev\u00f3 su carro, pero no su fe\u201d: la historia del joven cubano que perdi\u00f3 su auto trabajando para Amazon y ahora lucha por no rendirse.","author":"AK","date":"10\/21\/2025","format":false,"excerpt":"Yo no s\u00e9 si alguna vez te ha pasado que la vida te da una sacudida justo cuando pensabas que todo empezaba a mejorar. Eso mismo le pas\u00f3 a\u00a0Anthony, un joven cubano de 27 a\u00f1os residente en\u00a0Arizona, que el pasado domingo vio c\u00f3mo el carro que usaba para trabajar en\u00a0Amazon\u2026","rel":"","context":"En \u00abNoticias y Actualidad\u00bb","block_context":{"text":"Noticias y Actualidad","link":"https:\/\/akubaa.com\/index.php\/category\/noticias-y-actualidad\/"},"img":{"alt_text":"","src":"https:\/\/i0.wp.com\/akubaa.com\/wp-content\/uploads\/2025\/10\/image-48.png?resize=350%2C200&ssl=1","width":350,"height":200,"srcset":"https:\/\/i0.wp.com\/akubaa.com\/wp-content\/uploads\/2025\/10\/image-48.png?resize=350%2C200&ssl=1 1x, https:\/\/i0.wp.com\/akubaa.com\/wp-content\/uploads\/2025\/10\/image-48.png?resize=525%2C300&ssl=1 1.5x, https:\/\/i0.wp.com\/akubaa.com\/wp-content\/uploads\/2025\/10\/image-48.png?resize=700%2C400&ssl=1 2x, https:\/\/i0.wp.com\/akubaa.com\/wp-content\/uploads\/2025\/10\/image-48.png?resize=1050%2C600&ssl=1 3x, https:\/\/i0.wp.com\/akubaa.com\/wp-content\/uploads\/2025\/10\/image-48.png?resize=1400%2C800&ssl=1 4x"},"classes":[]},{"id":289,"url":"https:\/\/akubaa.com\/index.php\/2025\/05\/20\/esto-si-es-un-juegazo-el-dia-que-el-beisbol-unio-a-los-artistas-cubanos-en-miami\/","url_meta":{"origin":3373,"position":5},"title":"\u00a1Esto s\u00ed es un juegazo!: El d\u00eda que el b\u00e9isbol uni\u00f3 a los artistas cubanos en Miami.","author":"AK","date":"05\/20\/2025","format":false,"excerpt":"\u00bfSab\u00edas que un simple juego de pelota puede reunir a P\u00e1nfilo, Pollito Tropical, El Divo de Placetas y un gran grupo de influencers, comediantes y m\u00fasicos cubanos en un mismo terreno?\u00a0. No, no est\u00e1s so\u00f1ando ni leyendo la cartelera de una pel\u00edcula loca de Netflix. Esto va a pasar. Y\u2026","rel":"","context":"Entrada similar","block_context":{"text":"Entrada similar","link":""},"img":{"alt_text":"","src":"https:\/\/i0.wp.com\/akubaa.com\/wp-content\/uploads\/2025\/05\/image-18.png?resize=350%2C200&ssl=1","width":350,"height":200,"srcset":"https:\/\/i0.wp.com\/akubaa.com\/wp-content\/uploads\/2025\/05\/image-18.png?resize=350%2C200&ssl=1 1x, https:\/\/i0.wp.com\/akubaa.com\/wp-content\/uploads\/2025\/05\/image-18.png?resize=525%2C300&ssl=1 1.5x, https:\/\/i0.wp.com\/akubaa.com\/wp-content\/uploads\/2025\/05\/image-18.png?resize=700%2C400&ssl=1 2x, https:\/\/i0.wp.com\/akubaa.com\/wp-content\/uploads\/2025\/05\/image-18.png?resize=1050%2C600&ssl=1 3x, https:\/\/i0.wp.com\/akubaa.com\/wp-content\/uploads\/2025\/05\/image-18.png?resize=1400%2C800&ssl=1 4x"},"classes":[]}],"jetpack_shortlink":"https:\/\/wp.me\/pgrKo3-Sp","jetpack_featured_media_url":"https:\/\/akubaa.com\/wp-content\/uploads\/2026\/09\/2026-3-sep-perdida-tradiciones-en-cuba.jpg","_links":{"self":[{"href":"https:\/\/akubaa.com\/index.php\/wp-json\/wp\/v2\/posts\/3373","targetHints":{"allow":["GET"]}}],"collection":[{"href":"https:\/\/akubaa.com\/index.php\/wp-json\/wp\/v2\/posts"}],"about":[{"href":"https:\/\/akubaa.com\/index.php\/wp-json\/wp\/v2\/types\/post"}],"author":[{"embeddable":true,"href":"https:\/\/akubaa.com\/index.php\/wp-json\/wp\/v2\/users\/6"}],"replies":[{"embeddable":true,"href":"https:\/\/akubaa.com\/index.php\/wp-json\/wp\/v2\/comments?post=3373"}],"version-history":[{"count":2,"href":"https:\/\/akubaa.com\/index.php\/wp-json\/wp\/v2\/posts\/3373\/revisions"}],"predecessor-version":[{"id":3377,"href":"https:\/\/akubaa.com\/index.php\/wp-json\/wp\/v2\/posts\/3373\/revisions\/3377"}],"wp:featuredmedia":[{"embeddable":true,"href":"https:\/\/akubaa.com\/index.php\/wp-json\/wp\/v2\/media\/3374"}],"wp:attachment":[{"href":"https:\/\/akubaa.com\/index.php\/wp-json\/wp\/v2\/media?parent=3373"}],"wp:term":[{"taxonomy":"category","embeddable":true,"href":"https:\/\/akubaa.com\/index.php\/wp-json\/wp\/v2\/categories?post=3373"},{"taxonomy":"post_tag","embeddable":true,"href":"https:\/\/akubaa.com\/index.php\/wp-json\/wp\/v2\/tags?post=3373"}],"curies":[{"name":"wp","href":"https:\/\/api.w.org\/{rel}","templated":true}]}}