{"id":3370,"date":"2026-09-02T13:42:47","date_gmt":"2026-09-02T17:42:47","guid":{"rendered":"https:\/\/akubaa.com\/?p=3370"},"modified":"2026-09-02T13:43:03","modified_gmt":"2026-09-02T17:43:03","slug":"estado-salud-raul-castro-grave","status":"publish","type":"post","link":"https:\/\/akubaa.com\/index.php\/2026\/09\/02\/estado-salud-raul-castro-grave\/","title":{"rendered":"\u00bfRa\u00fal Castro est\u00e1 muerto? Lo que se sabe de su grave estado de salud y lo que significar\u00eda para Cuba."},"content":{"rendered":"\n<p class=\"wp-block-paragraph\">Hay noticias que en Cuba nunca llegan solas: llegan acompa\u00f1adas de silencio, rumores y tel\u00e9fonos que no paran de sonar. Este mi\u00e9rcoles 2 de septiembre, la pregunta corre de Miami a La Habana:\u00a0<strong>\u00bfRa\u00fal Castro est\u00e1 muerto o realmente se encuentra en estado grave?<\/strong> La respuesta, hasta este momento, es clara:\u00a0<strong>no existe confirmaci\u00f3n oficial de la muerte de Ra\u00fal Castro<\/strong>. Lo que s\u00ed existe son reportes de varios medios que aseguran que el expresidente cubano, de 95 a\u00f1os, estar\u00eda hospitalizado en condici\u00f3n cr\u00edtica despu\u00e9s de sufrir un accidente cerebrovascular.\u00a0<\/p>\n\n\n\n<hr class=\"wp-block-separator has-alpha-channel-opacity\"\/>\n\n\n\n<div class=\"wp-block-jetpack-related-posts\">\n<h2 class=\"wp-block-heading\">Te Puede Interesar<\/h2>\n<\/div>\n\n\n\n<hr class=\"wp-block-separator has-alpha-channel-opacity\"\/>\n\n\n\n<h2 class=\"wp-block-heading\">Estado de salud de Ra\u00fal Castro: qu\u00e9 sabemos realmente<\/h2>\n\n\n\n<p class=\"wp-block-paragraph\">La informaci\u00f3n original procede de\u00a0<em>Diario Las Am\u00e9ricas<\/em>, que citando una fuente confidencial cercana al entorno de Castro asegura que estar\u00eda\u00a0<strong>asistido por equipos de soporte vital<\/strong>. CBS Miami, NBC6, Univision, Telemundo y Local 10 han recogido posteriormente la informaci\u00f3n, pero todos tropiezan con la misma pared:\u00a0<strong>el Gobierno cubano no ha publicado un parte m\u00e9dico ni confirmado p\u00fablicamente su condici\u00f3n<\/strong>.\u00a0<\/p>\n\n\n\n<hr class=\"wp-block-separator has-alpha-channel-opacity\"\/>\n\n\n\n<div class=\"wp-block-media-text is-stacked-on-mobile\" style=\"grid-template-columns:24% auto\"><figure class=\"wp-block-media-text__media\"><img loading=\"lazy\" decoding=\"async\" width=\"768\" height=\"768\" src=\"https:\/\/akubaa.com\/wp-content\/uploads\/2025\/05\/Leonardo_Diffusion_XL_quiero_una_imagen_que_integre_dispositiv_0.jpg\" alt=\"\" class=\"wp-image-228 size-full\" srcset=\"https:\/\/akubaa.com\/wp-content\/uploads\/2025\/05\/Leonardo_Diffusion_XL_quiero_una_imagen_que_integre_dispositiv_0.jpg 768w, https:\/\/akubaa.com\/wp-content\/uploads\/2025\/05\/Leonardo_Diffusion_XL_quiero_una_imagen_que_integre_dispositiv_0-300x300.jpg 300w, https:\/\/akubaa.com\/wp-content\/uploads\/2025\/05\/Leonardo_Diffusion_XL_quiero_una_imagen_que_integre_dispositiv_0-100x100.jpg 100w, https:\/\/akubaa.com\/wp-content\/uploads\/2025\/05\/Leonardo_Diffusion_XL_quiero_una_imagen_que_integre_dispositiv_0-600x600.jpg 600w, https:\/\/akubaa.com\/wp-content\/uploads\/2025\/05\/Leonardo_Diffusion_XL_quiero_una_imagen_que_integre_dispositiv_0-150x150.jpg 150w\" sizes=\"auto, (max-width: 768px) 100vw, 768px\" \/><\/figure><div class=\"wp-block-media-text__content\">\n<p class=\"wp-block-paragraph\">Si quieres estar actualizado en tu\u00a0<strong><a href=\"https:\/\/akmundovirtual.com\/#google_vignette\">MundoVirtual<\/a><\/strong>\u00a0solo has clic\u00a0<\/p>\n<\/div><\/div>\n\n\n\n<hr class=\"wp-block-separator has-alpha-channel-opacity\"\/>\n\n\n\n<h3 class=\"wp-block-heading\">\u00bfRa\u00fal Castro muri\u00f3? Hasta ahora, no est\u00e1 confirmado<\/h3>\n\n\n\n<p class=\"wp-block-paragraph\">Y aqu\u00ed AKubaa no va a jugar al tel\u00e9fono roto. <strong>No podemos afirmar que Ra\u00fal Castro muri\u00f3.<\/strong>\u00a0Tampoco podemos confirmar de manera independiente el supuesto ACV ni que permanezca conectado a soporte vital. S\u00ed sabemos algo importante: Ra\u00fal estaba vivo y apareci\u00f3 p\u00fablicamente en La Habana\u00a0<strong>el 13 de agosto de 2026<\/strong>, durante el acto por el centenario del nacimiento de Fidel Castro. Reuters, AFP, AP y el propio\u00a0<em>Granma<\/em>\u00a0registraron aquella aparici\u00f3n.\u00a0Por tanto, si la informaci\u00f3n actual es correcta, el deterioro habr\u00eda ocurrido posteriormente.<\/p>\n\n\n\n<hr class=\"wp-block-separator has-alpha-channel-opacity\"\/>\n\n\n\n\n\n<hr class=\"wp-block-separator has-alpha-channel-opacity\"\/>\n\n\n\n<h2 class=\"wp-block-heading\">\u00bfLa muerte de Ra\u00fal Castro ser\u00eda el final de la era Castro?<\/h2>\n\n\n\n<p class=\"wp-block-paragraph\">Aqu\u00ed empieza una historia mucho m\u00e1s grande que un parte m\u00e9dico.Para muchos cubanos del exilio, Ra\u00fal Castro representa uno de los \u00faltimos s\u00edmbolos vivos del sistema instaurado en 1959. En Miami, los reportes sobre su gravedad ya han provocado fuertes reacciones y renovado las conversaciones sobre el futuro de Cuba.\u00a0 Su eventual muerte cerrar\u00eda\u00a0<strong>simb\u00f3licamente la era de los dos hermanos Castro que gobernaron Cuba durante d\u00e9cadas<\/strong>, pero ser\u00eda un error pensar que significar\u00eda autom\u00e1ticamente el fin del sistema pol\u00edtico cubano. Ra\u00fal abandon\u00f3 formalmente la jefatura del Partido Comunista en 2021 y hoy Miguel D\u00edaz-Canel ocupa la presidencia y la primera secretar\u00eda del PCC. Una cosa es que desaparezca el \u00faltimo gran patriarca de aquella generaci\u00f3n; otra, muy distinta, que desaparezca la estructura que construyeron.<\/p>\n\n\n\n<hr class=\"wp-block-separator has-alpha-channel-opacity\"\/>\n\n\n\n<h2 class=\"wp-block-heading\">Cuba despu\u00e9s de Ra\u00fal Castro: la pregunta que queda pendiente<\/h2>\n\n\n\n<p class=\"wp-block-paragraph\">Desde<strong> <a href=\"https:\/\/akubaa.com\/index.php\/2026\/08\/30\/reinventarte-en-otro-pais-sin-perder-tu-identidad\/\" data-type=\"link\" data-id=\"https:\/\/akubaa.com\/index.php\/2026\/08\/30\/reinventarte-en-otro-pais-sin-perder-tu-identidad\/\">AKubaa <\/a><\/strong>lo vemos as\u00ed: si finalmente se confirma su muerte,\u00a0<strong>la noticia hist\u00f3rica no ser\u00e1 \u00fanicamente que muri\u00f3 Ra\u00fal Castro<\/strong>. Ser\u00e1 descubrir qu\u00e9 ocurre al d\u00eda siguiente.<\/p>\n\n\n\n<p class=\"wp-block-paragraph\">Porque despu\u00e9s de m\u00e1s de seis d\u00e9cadas, muchos cubanos dentro y fuera de la Isla contin\u00faan esperando algo que ning\u00fan fallecimiento, por s\u00ed solo, puede garantizar:&nbsp;<strong>una Cuba con libertades, oportunidades, reconciliaci\u00f3n y capacidad real de decidir su futuro<\/strong>.<\/p>\n\n\n\n<p class=\"wp-block-paragraph\">Tal vez estemos ante el cierre definitivo de una generaci\u00f3n. Tal vez no cambie nada inmediatamente. La verdadera pregunta es otra:\u00a0<strong>cuando Ra\u00fal Castro ya no est\u00e9, \u00bfestar\u00e1 Cuba realmente m\u00e1s cerca de cambiar?<\/strong> Cu\u00e9ntanos qu\u00e9 piensas y sigue la cobertura en\u00a0<a href=\"https:\/\/akubaa.com\" data-type=\"link\" data-id=\"https:\/\/akubaa.com\"><strong>AKubaa.com<\/strong>\u00a0<\/a>y nuestras redes. Aqu\u00ed seguiremos separando el hecho del rumor, aunque la noticia corra m\u00e1s r\u00e1pido que la confirmaci\u00f3n.<\/p>\n\n\n\n<hr class=\"wp-block-separator has-alpha-channel-opacity\"\/>\n\n\n\n<h2 class=\"wp-block-heading\">M\u00e1s en MundoVirtual:<\/h2>\n\n\n<ul class=\"wp-block-latest-posts__list is-grid columns-3 wp-block-latest-posts is-layout-grid wp-container-core-latest-posts-is-layout-cda6dc4f wp-block-latest-posts-is-layout-grid\"><li><div class=\"wp-block-latest-posts__featured-image aligncenter\"><a href=\"https:\/\/akubaa.com\/index.php\/2026\/09\/03\/perdida-tradiciones-cubanas-virgen-caridad\/\" aria-label=\"\u00bfSe est\u00e1n perdiendo las tradiciones cubanas?\"><img loading=\"lazy\" decoding=\"async\" width=\"150\" height=\"150\" src=\"https:\/\/akubaa.com\/wp-content\/uploads\/2026\/09\/2026-3-sep-perdida-tradiciones-en-cuba-150x150.jpg\" class=\"attachment-thumbnail size-thumbnail wp-post-image\" alt=\"\" style=\"\" srcset=\"https:\/\/akubaa.com\/wp-content\/uploads\/2026\/09\/2026-3-sep-perdida-tradiciones-en-cuba-150x150.jpg 150w, https:\/\/akubaa.com\/wp-content\/uploads\/2026\/09\/2026-3-sep-perdida-tradiciones-en-cuba-300x300.jpg 300w, https:\/\/akubaa.com\/wp-content\/uploads\/2026\/09\/2026-3-sep-perdida-tradiciones-en-cuba-100x100.jpg 100w\" sizes=\"auto, (max-width: 150px) 100vw, 150px\" \/><\/a><\/div><a class=\"wp-block-latest-posts__post-title\" href=\"https:\/\/akubaa.com\/index.php\/2026\/09\/03\/perdida-tradiciones-cubanas-virgen-caridad\/\">\u00bfSe est\u00e1n perdiendo las tradiciones cubanas?<\/a><\/li>\n<li><div class=\"wp-block-latest-posts__featured-image aligncenter\"><a href=\"https:\/\/akubaa.com\/index.php\/2026\/09\/02\/estado-salud-raul-castro-grave\/\" aria-label=\"\u00bfRa\u00fal Castro est\u00e1 muerto? Lo que se sabe de su grave estado de salud y lo que significar\u00eda para Cuba.\"><img loading=\"lazy\" decoding=\"async\" width=\"150\" height=\"150\" src=\"https:\/\/akubaa.com\/wp-content\/uploads\/2026\/09\/image-150x150.png\" class=\"attachment-thumbnail size-thumbnail wp-post-image\" alt=\"\" style=\"\" srcset=\"https:\/\/akubaa.com\/wp-content\/uploads\/2026\/09\/image-150x150.png 150w, https:\/\/akubaa.com\/wp-content\/uploads\/2026\/09\/image-300x300.png 300w, https:\/\/akubaa.com\/wp-content\/uploads\/2026\/09\/image-100x100.png 100w\" sizes=\"auto, (max-width: 150px) 100vw, 150px\" \/><\/a><\/div><a class=\"wp-block-latest-posts__post-title\" href=\"https:\/\/akubaa.com\/index.php\/2026\/09\/02\/estado-salud-raul-castro-grave\/\">\u00bfRa\u00fal Castro est\u00e1 muerto? Lo que se sabe de su grave estado de salud y lo que significar\u00eda para Cuba.<\/a><\/li>\n<li><div class=\"wp-block-latest-posts__featured-image aligncenter\"><a href=\"https:\/\/akubaa.com\/index.php\/2026\/09\/02\/historia-de-exito-de-roselena-y-ernesto\/\" aria-label=\"La historia de \u00e9xito de Roselena y Ernesto\"><img loading=\"lazy\" decoding=\"async\" width=\"150\" height=\"150\" src=\"https:\/\/akubaa.com\/wp-content\/uploads\/2026\/08\/2026-2-sep-Historia-de-exito-Rosaelena-y-Ernesto-150x150.jpg\" class=\"attachment-thumbnail size-thumbnail wp-post-image\" alt=\"\" style=\"\" srcset=\"https:\/\/akubaa.com\/wp-content\/uploads\/2026\/08\/2026-2-sep-Historia-de-exito-Rosaelena-y-Ernesto-150x150.jpg 150w, https:\/\/akubaa.com\/wp-content\/uploads\/2026\/08\/2026-2-sep-Historia-de-exito-Rosaelena-y-Ernesto-300x300.jpg 300w, https:\/\/akubaa.com\/wp-content\/uploads\/2026\/08\/2026-2-sep-Historia-de-exito-Rosaelena-y-Ernesto-100x100.jpg 100w\" sizes=\"auto, (max-width: 150px) 100vw, 150px\" \/><\/a><\/div><a class=\"wp-block-latest-posts__post-title\" href=\"https:\/\/akubaa.com\/index.php\/2026\/09\/02\/historia-de-exito-de-roselena-y-ernesto\/\">La historia de \u00e9xito de Roselena y Ernesto<\/a><\/li>\n<\/ul>","protected":false},"excerpt":{"rendered":"<p>Hay noticias que en Cuba nunca llegan solas: llegan acompa\u00f1adas de silencio, rumores y tel\u00e9fonos que no paran de sonar. Este mi\u00e9rcoles 2 de septiembre, la pregunta corre de Miami a La Habana:\u00a0\u00bfRa\u00fal Castro est\u00e1 muerto o realmente se encuentra en estado grave? La respuesta, hasta este momento, es clara:\u00a0no existe confirmaci\u00f3n oficial de la [&hellip;]<\/p>\n","protected":false},"author":1,"featured_media":3371,"comment_status":"open","ping_status":"open","sticky":false,"template":"","format":"standard","meta":{"_jetpack_newsletter_access":"","_jetpack_dont_email_post_to_subs":false,"_jetpack_newsletter_tier_id":0,"_jetpack_memberships_contains_paywalled_content":false,"_jetpack_feature_clip_id":0,"_jetpack_memberships_contains_paid_content":false,"footnotes":"","jetpack_publicize_message":"","jetpack_publicize_feature_enabled":true,"jetpack_social_post_already_shared":true,"jetpack_social_options":{"image_generator_settings":{"template":"highway","default_image_id":0,"font":"","enabled":false},"version":2},"jetpack_post_was_ever_published":false},"categories":[4],"tags":[],"class_list":["post-3370","post","type-post","status-publish","format-standard","has-post-thumbnail","hentry","category-noticias-y-actualidad"],"yoast_head":"<!-- This site is optimized with the Yoast SEO plugin v28.4 - https:\/\/yoast.com\/product\/yoast-seo-wordpress\/ -->\n<title>Estado de salud de Ra\u00fal Castro: \u00bfest\u00e1 grave o muri\u00f3? - AKubaa<\/title>\n<meta name=\"description\" content=\"\u00bfQu\u00e9 pasa con Ra\u00fal Castro? Reportes hablan de un ACV y estado cr\u00edtico, pero Cuba guarda silencio. Esto es lo confirmado hasta ahora.\" \/>\n<meta name=\"robots\" content=\"index, follow, max-snippet:-1, max-image-preview:large, max-video-preview:-1\" \/>\n<link rel=\"canonical\" href=\"https:\/\/akubaa.com\/index.php\/2026\/09\/02\/estado-salud-raul-castro-grave\/\" \/>\n<meta property=\"og:locale\" content=\"es_ES\" \/>\n<meta property=\"og:type\" content=\"article\" \/>\n<meta property=\"og:title\" content=\"Estado de salud de Ra\u00fal Castro: \u00bfest\u00e1 grave o muri\u00f3? - AKubaa\" \/>\n<meta property=\"og:description\" content=\"\u00bfQu\u00e9 pasa con Ra\u00fal Castro? Reportes hablan de un ACV y estado cr\u00edtico, pero Cuba guarda silencio. Esto es lo confirmado hasta ahora.\" \/>\n<meta property=\"og:url\" content=\"https:\/\/akubaa.com\/index.php\/2026\/09\/02\/estado-salud-raul-castro-grave\/\" \/>\n<meta property=\"og:site_name\" content=\"AKubaa\" \/>\n<meta property=\"article:publisher\" content=\"https:\/\/www.facebook.com\/akubaa\" \/>\n<meta property=\"article:author\" content=\"https:\/\/www.facebook.com\/akubaa\" \/>\n<meta property=\"article:published_time\" content=\"2026-09-02T17:42:47+00:00\" \/>\n<meta property=\"article:modified_time\" content=\"2026-09-02T17:43:03+00:00\" \/>\n<meta property=\"og:image\" content=\"https:\/\/akubaa.com\/wp-content\/uploads\/2026\/09\/image-1024x576.png\" \/>\n\t<meta property=\"og:image:width\" content=\"1024\" \/>\n\t<meta property=\"og:image:height\" content=\"576\" \/>\n\t<meta property=\"og:image:type\" content=\"image\/png\" \/>\n<meta name=\"author\" content=\"AK\" \/>\n<meta name=\"twitter:card\" content=\"summary_large_image\" \/>\n<meta name=\"twitter:label1\" content=\"Escrito por\" \/>\n\t<meta name=\"twitter:data1\" content=\"AK\" \/>\n\t<meta name=\"twitter:label2\" content=\"Tiempo de lectura\" \/>\n\t<meta name=\"twitter:data2\" content=\"3 minutos\" \/>\n<script type=\"application\/ld+json\" class=\"yoast-schema-graph\">{\"@context\":\"https:\\\/\\\/schema.org\",\"@graph\":[{\"@type\":\"Article\",\"@id\":\"https:\\\/\\\/akubaa.com\\\/index.php\\\/2026\\\/09\\\/02\\\/estado-salud-raul-castro-grave\\\/#article\",\"isPartOf\":{\"@id\":\"https:\\\/\\\/akubaa.com\\\/index.php\\\/2026\\\/09\\\/02\\\/estado-salud-raul-castro-grave\\\/\"},\"author\":{\"name\":\"AK\",\"@id\":\"https:\\\/\\\/akubaa.com\\\/#\\\/schema\\\/person\\\/b096b63c1ad27204e55fabb2cf2153a5\"},\"headline\":\"\u00bfRa\u00fal Castro est\u00e1 muerto? Lo que se sabe de su grave estado de salud y lo que significar\u00eda para Cuba.\",\"datePublished\":\"2026-09-02T17:42:47+00:00\",\"dateModified\":\"2026-09-02T17:43:03+00:00\",\"mainEntityOfPage\":{\"@id\":\"https:\\\/\\\/akubaa.com\\\/index.php\\\/2026\\\/09\\\/02\\\/estado-salud-raul-castro-grave\\\/\"},\"wordCount\":627,\"commentCount\":0,\"publisher\":{\"@id\":\"https:\\\/\\\/akubaa.com\\\/#\\\/schema\\\/person\\\/b096b63c1ad27204e55fabb2cf2153a5\"},\"image\":{\"@id\":\"https:\\\/\\\/akubaa.com\\\/index.php\\\/2026\\\/09\\\/02\\\/estado-salud-raul-castro-grave\\\/#primaryimage\"},\"thumbnailUrl\":\"https:\\\/\\\/akubaa.com\\\/wp-content\\\/uploads\\\/2026\\\/09\\\/image.png\",\"articleSection\":[\"Noticias y Actualidad\"],\"inLanguage\":\"es\",\"potentialAction\":[{\"@type\":\"CommentAction\",\"name\":\"Comment\",\"target\":[\"https:\\\/\\\/akubaa.com\\\/index.php\\\/2026\\\/09\\\/02\\\/estado-salud-raul-castro-grave\\\/#respond\"]}]},{\"@type\":\"WebPage\",\"@id\":\"https:\\\/\\\/akubaa.com\\\/index.php\\\/2026\\\/09\\\/02\\\/estado-salud-raul-castro-grave\\\/\",\"url\":\"https:\\\/\\\/akubaa.com\\\/index.php\\\/2026\\\/09\\\/02\\\/estado-salud-raul-castro-grave\\\/\",\"name\":\"Estado de salud de Ra\u00fal Castro: \u00bfest\u00e1 grave o muri\u00f3? - AKubaa\",\"isPartOf\":{\"@id\":\"https:\\\/\\\/akubaa.com\\\/#website\"},\"primaryImageOfPage\":{\"@id\":\"https:\\\/\\\/akubaa.com\\\/index.php\\\/2026\\\/09\\\/02\\\/estado-salud-raul-castro-grave\\\/#primaryimage\"},\"image\":{\"@id\":\"https:\\\/\\\/akubaa.com\\\/index.php\\\/2026\\\/09\\\/02\\\/estado-salud-raul-castro-grave\\\/#primaryimage\"},\"thumbnailUrl\":\"https:\\\/\\\/akubaa.com\\\/wp-content\\\/uploads\\\/2026\\\/09\\\/image.png\",\"datePublished\":\"2026-09-02T17:42:47+00:00\",\"dateModified\":\"2026-09-02T17:43:03+00:00\",\"description\":\"\u00bfQu\u00e9 pasa con Ra\u00fal Castro? Reportes hablan de un ACV y estado cr\u00edtico, pero Cuba guarda silencio. Esto es lo confirmado hasta ahora.\",\"breadcrumb\":{\"@id\":\"https:\\\/\\\/akubaa.com\\\/index.php\\\/2026\\\/09\\\/02\\\/estado-salud-raul-castro-grave\\\/#breadcrumb\"},\"inLanguage\":\"es\",\"potentialAction\":[{\"@type\":\"ReadAction\",\"target\":[\"https:\\\/\\\/akubaa.com\\\/index.php\\\/2026\\\/09\\\/02\\\/estado-salud-raul-castro-grave\\\/\"]}]},{\"@type\":\"ImageObject\",\"inLanguage\":\"es\",\"@id\":\"https:\\\/\\\/akubaa.com\\\/index.php\\\/2026\\\/09\\\/02\\\/estado-salud-raul-castro-grave\\\/#primaryimage\",\"url\":\"https:\\\/\\\/akubaa.com\\\/wp-content\\\/uploads\\\/2026\\\/09\\\/image.png\",\"contentUrl\":\"https:\\\/\\\/akubaa.com\\\/wp-content\\\/uploads\\\/2026\\\/09\\\/image.png\",\"width\":1672,\"height\":941},{\"@type\":\"BreadcrumbList\",\"@id\":\"https:\\\/\\\/akubaa.com\\\/index.php\\\/2026\\\/09\\\/02\\\/estado-salud-raul-castro-grave\\\/#breadcrumb\",\"itemListElement\":[{\"@type\":\"ListItem\",\"position\":1,\"name\":\"Portada\",\"item\":\"https:\\\/\\\/akubaa.com\\\/\"},{\"@type\":\"ListItem\",\"position\":2,\"name\":\"\u00bfRa\u00fal Castro est\u00e1 muerto? Lo que se sabe de su grave estado de salud y lo que significar\u00eda para Cuba.\"}]},{\"@type\":\"WebSite\",\"@id\":\"https:\\\/\\\/akubaa.com\\\/#website\",\"url\":\"https:\\\/\\\/akubaa.com\\\/\",\"name\":\"AKubaa\",\"description\":\"Vive ,conoce y disfruta Cuba al estilo de A&amp;K.\",\"publisher\":{\"@id\":\"https:\\\/\\\/akubaa.com\\\/#\\\/schema\\\/person\\\/b096b63c1ad27204e55fabb2cf2153a5\"},\"potentialAction\":[{\"@type\":\"SearchAction\",\"target\":{\"@type\":\"EntryPoint\",\"urlTemplate\":\"https:\\\/\\\/akubaa.com\\\/?s={search_term_string}\"},\"query-input\":{\"@type\":\"PropertyValueSpecification\",\"valueRequired\":true,\"valueName\":\"search_term_string\"}}],\"inLanguage\":\"es\"},{\"@type\":[\"Person\",\"Organization\"],\"@id\":\"https:\\\/\\\/akubaa.com\\\/#\\\/schema\\\/person\\\/b096b63c1ad27204e55fabb2cf2153a5\",\"name\":\"AK\",\"image\":{\"@type\":\"ImageObject\",\"inLanguage\":\"es\",\"@id\":\"https:\\\/\\\/akubaa.com\\\/wp-content\\\/uploads\\\/2025\\\/08\\\/Imagen-17.jpeg\",\"url\":\"https:\\\/\\\/akubaa.com\\\/wp-content\\\/uploads\\\/2025\\\/08\\\/Imagen-17.jpeg\",\"contentUrl\":\"https:\\\/\\\/akubaa.com\\\/wp-content\\\/uploads\\\/2025\\\/08\\\/Imagen-17.jpeg\",\"width\":1024,\"height\":1024,\"caption\":\"AK\"},\"logo\":{\"@id\":\"https:\\\/\\\/akubaa.com\\\/wp-content\\\/uploads\\\/2025\\\/08\\\/Imagen-17.jpeg\"},\"sameAs\":[\"https:\\\/\\\/akubaa.com\",\"https:\\\/\\\/www.facebook.com\\\/akubaa\",\"https:\\\/\\\/www.instagram.com\\\/akubaa?\"],\"url\":\"https:\\\/\\\/akubaa.com\\\/index.php\\\/profile\\\/admin\\\/\"}]}<\/script>\n<!-- \/ Yoast SEO plugin. -->","yoast_head_json":{"title":"Estado de salud de Ra\u00fal Castro: \u00bfest\u00e1 grave o muri\u00f3? - AKubaa","description":"\u00bfQu\u00e9 pasa con Ra\u00fal Castro? Reportes hablan de un ACV y estado cr\u00edtico, pero Cuba guarda silencio. Esto es lo confirmado hasta ahora.","robots":{"index":"index","follow":"follow","max-snippet":"max-snippet:-1","max-image-preview":"max-image-preview:large","max-video-preview":"max-video-preview:-1"},"canonical":"https:\/\/akubaa.com\/index.php\/2026\/09\/02\/estado-salud-raul-castro-grave\/","og_locale":"es_ES","og_type":"article","og_title":"Estado de salud de Ra\u00fal Castro: \u00bfest\u00e1 grave o muri\u00f3? - AKubaa","og_description":"\u00bfQu\u00e9 pasa con Ra\u00fal Castro? Reportes hablan de un ACV y estado cr\u00edtico, pero Cuba guarda silencio. Esto es lo confirmado hasta ahora.","og_url":"https:\/\/akubaa.com\/index.php\/2026\/09\/02\/estado-salud-raul-castro-grave\/","og_site_name":"AKubaa","article_publisher":"https:\/\/www.facebook.com\/akubaa","article_author":"https:\/\/www.facebook.com\/akubaa","article_published_time":"2026-09-02T17:42:47+00:00","article_modified_time":"2026-09-02T17:43:03+00:00","og_image":[{"width":1024,"height":576,"url":"https:\/\/akubaa.com\/wp-content\/uploads\/2026\/09\/image-1024x576.png","type":"image\/png"}],"author":"AK","twitter_card":"summary_large_image","twitter_misc":{"Escrito por":"AK","Tiempo de lectura":"3 minutos"},"schema":{"@context":"https:\/\/schema.org","@graph":[{"@type":"Article","@id":"https:\/\/akubaa.com\/index.php\/2026\/09\/02\/estado-salud-raul-castro-grave\/#article","isPartOf":{"@id":"https:\/\/akubaa.com\/index.php\/2026\/09\/02\/estado-salud-raul-castro-grave\/"},"author":{"name":"AK","@id":"https:\/\/akubaa.com\/#\/schema\/person\/b096b63c1ad27204e55fabb2cf2153a5"},"headline":"\u00bfRa\u00fal Castro est\u00e1 muerto? Lo que se sabe de su grave estado de salud y lo que significar\u00eda para Cuba.","datePublished":"2026-09-02T17:42:47+00:00","dateModified":"2026-09-02T17:43:03+00:00","mainEntityOfPage":{"@id":"https:\/\/akubaa.com\/index.php\/2026\/09\/02\/estado-salud-raul-castro-grave\/"},"wordCount":627,"commentCount":0,"publisher":{"@id":"https:\/\/akubaa.com\/#\/schema\/person\/b096b63c1ad27204e55fabb2cf2153a5"},"image":{"@id":"https:\/\/akubaa.com\/index.php\/2026\/09\/02\/estado-salud-raul-castro-grave\/#primaryimage"},"thumbnailUrl":"https:\/\/akubaa.com\/wp-content\/uploads\/2026\/09\/image.png","articleSection":["Noticias y Actualidad"],"inLanguage":"es","potentialAction":[{"@type":"CommentAction","name":"Comment","target":["https:\/\/akubaa.com\/index.php\/2026\/09\/02\/estado-salud-raul-castro-grave\/#respond"]}]},{"@type":"WebPage","@id":"https:\/\/akubaa.com\/index.php\/2026\/09\/02\/estado-salud-raul-castro-grave\/","url":"https:\/\/akubaa.com\/index.php\/2026\/09\/02\/estado-salud-raul-castro-grave\/","name":"Estado de salud de Ra\u00fal Castro: \u00bfest\u00e1 grave o muri\u00f3? - AKubaa","isPartOf":{"@id":"https:\/\/akubaa.com\/#website"},"primaryImageOfPage":{"@id":"https:\/\/akubaa.com\/index.php\/2026\/09\/02\/estado-salud-raul-castro-grave\/#primaryimage"},"image":{"@id":"https:\/\/akubaa.com\/index.php\/2026\/09\/02\/estado-salud-raul-castro-grave\/#primaryimage"},"thumbnailUrl":"https:\/\/akubaa.com\/wp-content\/uploads\/2026\/09\/image.png","datePublished":"2026-09-02T17:42:47+00:00","dateModified":"2026-09-02T17:43:03+00:00","description":"\u00bfQu\u00e9 pasa con Ra\u00fal Castro? Reportes hablan de un ACV y estado cr\u00edtico, pero Cuba guarda silencio. Esto es lo confirmado hasta ahora.","breadcrumb":{"@id":"https:\/\/akubaa.com\/index.php\/2026\/09\/02\/estado-salud-raul-castro-grave\/#breadcrumb"},"inLanguage":"es","potentialAction":[{"@type":"ReadAction","target":["https:\/\/akubaa.com\/index.php\/2026\/09\/02\/estado-salud-raul-castro-grave\/"]}]},{"@type":"ImageObject","inLanguage":"es","@id":"https:\/\/akubaa.com\/index.php\/2026\/09\/02\/estado-salud-raul-castro-grave\/#primaryimage","url":"https:\/\/akubaa.com\/wp-content\/uploads\/2026\/09\/image.png","contentUrl":"https:\/\/akubaa.com\/wp-content\/uploads\/2026\/09\/image.png","width":1672,"height":941},{"@type":"BreadcrumbList","@id":"https:\/\/akubaa.com\/index.php\/2026\/09\/02\/estado-salud-raul-castro-grave\/#breadcrumb","itemListElement":[{"@type":"ListItem","position":1,"name":"Portada","item":"https:\/\/akubaa.com\/"},{"@type":"ListItem","position":2,"name":"\u00bfRa\u00fal Castro est\u00e1 muerto? Lo que se sabe de su grave estado de salud y lo que significar\u00eda para Cuba."}]},{"@type":"WebSite","@id":"https:\/\/akubaa.com\/#website","url":"https:\/\/akubaa.com\/","name":"AKubaa","description":"Vive ,conoce y disfruta Cuba al estilo de A&amp;K.","publisher":{"@id":"https:\/\/akubaa.com\/#\/schema\/person\/b096b63c1ad27204e55fabb2cf2153a5"},"potentialAction":[{"@type":"SearchAction","target":{"@type":"EntryPoint","urlTemplate":"https:\/\/akubaa.com\/?s={search_term_string}"},"query-input":{"@type":"PropertyValueSpecification","valueRequired":true,"valueName":"search_term_string"}}],"inLanguage":"es"},{"@type":["Person","Organization"],"@id":"https:\/\/akubaa.com\/#\/schema\/person\/b096b63c1ad27204e55fabb2cf2153a5","name":"AK","image":{"@type":"ImageObject","inLanguage":"es","@id":"https:\/\/akubaa.com\/wp-content\/uploads\/2025\/08\/Imagen-17.jpeg","url":"https:\/\/akubaa.com\/wp-content\/uploads\/2025\/08\/Imagen-17.jpeg","contentUrl":"https:\/\/akubaa.com\/wp-content\/uploads\/2025\/08\/Imagen-17.jpeg","width":1024,"height":1024,"caption":"AK"},"logo":{"@id":"https:\/\/akubaa.com\/wp-content\/uploads\/2025\/08\/Imagen-17.jpeg"},"sameAs":["https:\/\/akubaa.com","https:\/\/www.facebook.com\/akubaa","https:\/\/www.instagram.com\/akubaa?"],"url":"https:\/\/akubaa.com\/index.php\/profile\/admin\/"}]}},"jetpack_publicize_connections":[],"jetpack_sharing_enabled":true,"jetpack_likes_enabled":true,"jetpack-related-posts":[{"id":3011,"url":"https:\/\/akubaa.com\/index.php\/2026\/05\/20\/raul-castro-acusado-por-ee-uu-justicia-historica\/","url_meta":{"origin":3370,"position":0},"title":"Ra\u00fal Castro acusado por EE.UU.: justicia hist\u00f3rica\u2026 pero el cubano sigue a oscuras.","author":"AK","date":"05\/20\/2026","format":false,"excerpt":"Ra\u00fal Castro acusado por el derribo de Hermanos al Rescate: el peso de una herida vieja. Hay noticias que llegan tarde, pero llegan con ruido. Estados Unidos acus\u00f3 formalmente a\u00a0Ra\u00fal Castro\u00a0y a otros cinco militares cubanos por el derribo de dos avionetas de\u00a0Hermanos al Rescate\u00a0en febrero de 1996, un hecho\u2026","rel":"","context":"Entrada similar","block_context":{"text":"Entrada similar","link":""},"img":{"alt_text":"","src":"https:\/\/i0.wp.com\/akubaa.com\/wp-content\/uploads\/2026\/05\/image.png?resize=350%2C200&ssl=1","width":350,"height":200,"srcset":"https:\/\/i0.wp.com\/akubaa.com\/wp-content\/uploads\/2026\/05\/image.png?resize=350%2C200&ssl=1 1x, https:\/\/i0.wp.com\/akubaa.com\/wp-content\/uploads\/2026\/05\/image.png?resize=525%2C300&ssl=1 1.5x, https:\/\/i0.wp.com\/akubaa.com\/wp-content\/uploads\/2026\/05\/image.png?resize=700%2C400&ssl=1 2x, https:\/\/i0.wp.com\/akubaa.com\/wp-content\/uploads\/2026\/05\/image.png?resize=1050%2C600&ssl=1 3x, https:\/\/i0.wp.com\/akubaa.com\/wp-content\/uploads\/2026\/05\/image.png?resize=1400%2C800&ssl=1 4x"},"classes":[]},{"id":2621,"url":"https:\/\/akubaa.com\/index.php\/2026\/02\/19\/el-cangrejo\/","url_meta":{"origin":3370,"position":1},"title":"El \u201ccanal secreto\u201d que no es para Cuba: cuando descubres que el futuro se conversa con el nieto\u2026 y no con el pa\u00eds.","author":"AK","date":"02\/19\/2026","format":false,"excerpt":"Hay noticias que suenan a geopol\u00edtica, pero huelen a\u00a0familia. Y esta, honestamente, huele a eso: a un apellido cuid\u00e1ndose el pellejo. En las \u00faltimas horas se ha instalado una pol\u00e9mica que mezcla poder, sospecha y un \u201cinterlocutor\u201d inesperado: el reporte de que\u00a0Marco Rubio, hoy\u00a0secretario de Estado de Estados Unidos, estar\u00eda\u2026","rel":"","context":"En \u00abNoticias y Actualidad\u00bb","block_context":{"text":"Noticias y Actualidad","link":"https:\/\/akubaa.com\/index.php\/category\/noticias-y-actualidad\/"},"img":{"alt_text":"","src":"https:\/\/i0.wp.com\/akubaa.com\/wp-content\/uploads\/2026\/02\/Imagen-229.jpeg?resize=350%2C200&ssl=1","width":350,"height":200,"srcset":"https:\/\/i0.wp.com\/akubaa.com\/wp-content\/uploads\/2026\/02\/Imagen-229.jpeg?resize=350%2C200&ssl=1 1x, https:\/\/i0.wp.com\/akubaa.com\/wp-content\/uploads\/2026\/02\/Imagen-229.jpeg?resize=525%2C300&ssl=1 1.5x, https:\/\/i0.wp.com\/akubaa.com\/wp-content\/uploads\/2026\/02\/Imagen-229.jpeg?resize=700%2C400&ssl=1 2x, https:\/\/i0.wp.com\/akubaa.com\/wp-content\/uploads\/2026\/02\/Imagen-229.jpeg?resize=1050%2C600&ssl=1 3x, https:\/\/i0.wp.com\/akubaa.com\/wp-content\/uploads\/2026\/02\/Imagen-229.jpeg?resize=1400%2C800&ssl=1 4x"},"classes":[]},{"id":2744,"url":"https:\/\/akubaa.com\/index.php\/2026\/03\/13\/el-cangrejo-2\/","url_meta":{"origin":3370,"position":2},"title":"Cuando el poder se mueve en silencio: \u201cEl Cangrejo\u201d, D\u00edaz-Canel y el inesperado di\u00e1logo con Estados Unidos.","author":"AK","date":"03\/13\/2026","format":false,"excerpt":"Hay d\u00edas en que la pol\u00edtica cubana parece una obra de teatro cuidadosamente ensayada. Y luego hay d\u00edas como este\u00a013 de marzo de 2026, cuando\u00a0Miguel D\u00edaz-Canel\u00a0aparece ante las c\u00e1maras anunciando\u00a0conversaciones oficiales entre Cuba y Estados Unidos\u2026 y, de pronto, en la escena aparece una figura que muchos conocen pero casi\u2026","rel":"","context":"Entrada similar","block_context":{"text":"Entrada similar","link":""},"img":{"alt_text":"","src":"https:\/\/i0.wp.com\/akubaa.com\/wp-content\/uploads\/2026\/03\/Imagen-20.jpeg?resize=350%2C200&ssl=1","width":350,"height":200,"srcset":"https:\/\/i0.wp.com\/akubaa.com\/wp-content\/uploads\/2026\/03\/Imagen-20.jpeg?resize=350%2C200&ssl=1 1x, https:\/\/i0.wp.com\/akubaa.com\/wp-content\/uploads\/2026\/03\/Imagen-20.jpeg?resize=525%2C300&ssl=1 1.5x, https:\/\/i0.wp.com\/akubaa.com\/wp-content\/uploads\/2026\/03\/Imagen-20.jpeg?resize=700%2C400&ssl=1 2x"},"classes":[]},{"id":2629,"url":"https:\/\/akubaa.com\/index.php\/2026\/02\/23\/dialogo-secreto-o-teatro-politico-lo-que-realmente-se-mueve-detras-del-apellido-castro-y-el-nombre-de-marco-rubio\/","url_meta":{"origin":3370,"position":3},"title":"\u00bfDi\u00e1logo secreto o teatro pol\u00edtico?.Lo que realmente se mueve detr\u00e1s del apellido Castro y el nombre de Marco Rubio.","author":"AK","date":"02\/23\/2026","format":false,"excerpt":"Hay momentos en que la pol\u00edtica cubana deja de parecer un tablero ideol\u00f3gico y empieza a sentirse como una serie de Netflix mal editada. Y entonces aparece un apellido \u2014Castro\u2014, un apodo \u2014\u201cEl Cangrejo\u201d\u2014 y un nombre que en Miami suena como campana de domingo \u2014Marco Rubio\u2014 y todo el\u2026","rel":"","context":"Entrada similar","block_context":{"text":"Entrada similar","link":""},"img":{"alt_text":"El nieto de Fidel Castro se define como un empresario y joven revolucionario.","src":"https:\/\/i0.wp.com\/akubaa.com\/wp-content\/uploads\/2026\/02\/Imagen-260.jpeg?resize=350%2C200&ssl=1","width":350,"height":200,"srcset":"https:\/\/i0.wp.com\/akubaa.com\/wp-content\/uploads\/2026\/02\/Imagen-260.jpeg?resize=350%2C200&ssl=1 1x, https:\/\/i0.wp.com\/akubaa.com\/wp-content\/uploads\/2026\/02\/Imagen-260.jpeg?resize=525%2C300&ssl=1 1.5x, https:\/\/i0.wp.com\/akubaa.com\/wp-content\/uploads\/2026\/02\/Imagen-260.jpeg?resize=700%2C400&ssl=1 2x, https:\/\/i0.wp.com\/akubaa.com\/wp-content\/uploads\/2026\/02\/Imagen-260.jpeg?resize=1050%2C600&ssl=1 3x, https:\/\/i0.wp.com\/akubaa.com\/wp-content\/uploads\/2026\/02\/Imagen-260.jpeg?resize=1400%2C800&ssl=1 4x"},"classes":[]},{"id":3024,"url":"https:\/\/akubaa.com\/index.php\/2026\/06\/21\/el-cangrejo-cuba-heredero-poder\/","url_meta":{"origin":3370,"position":4},"title":"Cuba, el heredero del poder y la gran pregunta: \u00bfcambio real o m\u00e1s de lo mismo?.","author":"AK","date":"06\/21\/2026","format":false,"excerpt":"Cuba y el heredero del castrismo: cuando el poder no siempre sale en la foto. Hay momentos en que Cuba parece hablar en clave. Uno ve a Miguel D\u00edaz-Canel dando discursos, firmando reformas, defendiendo el socialismo y diciendo que todo se hace \u201cpara salvar lo esencial\u201d. Pero en la calle,\u2026","rel":"","context":"Entrada similar","block_context":{"text":"Entrada similar","link":""},"img":{"alt_text":"","src":"https:\/\/i0.wp.com\/akubaa.com\/wp-content\/uploads\/2026\/06\/image-2.png?resize=350%2C200&ssl=1","width":350,"height":200,"srcset":"https:\/\/i0.wp.com\/akubaa.com\/wp-content\/uploads\/2026\/06\/image-2.png?resize=350%2C200&ssl=1 1x, https:\/\/i0.wp.com\/akubaa.com\/wp-content\/uploads\/2026\/06\/image-2.png?resize=525%2C300&ssl=1 1.5x, https:\/\/i0.wp.com\/akubaa.com\/wp-content\/uploads\/2026\/06\/image-2.png?resize=700%2C400&ssl=1 2x, https:\/\/i0.wp.com\/akubaa.com\/wp-content\/uploads\/2026\/06\/image-2.png?resize=1050%2C600&ssl=1 3x, https:\/\/i0.wp.com\/akubaa.com\/wp-content\/uploads\/2026\/06\/image-2.png?resize=1400%2C800&ssl=1 4x"},"classes":[]},{"id":2799,"url":"https:\/\/akubaa.com\/index.php\/2026\/03\/21\/rebelion-en-la-granja-en-cuba-van-a-sacrificar-a-diaz-canel-para-salvar-al-regimen\/","url_meta":{"origin":3370,"position":5},"title":"Rebeli\u00f3n en la Granja en Cuba: \u00bfvan a sacrificar a D\u00edaz-Canel para salvar al r\u00e9gimen?.","author":"AK","date":"03\/21\/2026","format":false,"excerpt":"Yo no creo que en Cuba estemos viendo solo una crisis. Lo que estamos viendo es una pelea por la supervivencia del poder. Y en ese tablero,\u00a0Miguel D\u00edaz-Canel\u00a0luce cada d\u00eda menos como presidente y m\u00e1s como pieza desechable. Por eso la imagen de\u00a0\u201cRebeli\u00f3n en la Granja\u201d\u00a0no suena exagerada: cuando el\u2026","rel":"","context":"Entrada similar","block_context":{"text":"Entrada similar","link":""},"img":{"alt_text":"","src":"https:\/\/i0.wp.com\/akubaa.com\/wp-content\/uploads\/2026\/03\/image-23.png?resize=350%2C200&ssl=1","width":350,"height":200,"srcset":"https:\/\/i0.wp.com\/akubaa.com\/wp-content\/uploads\/2026\/03\/image-23.png?resize=350%2C200&ssl=1 1x, https:\/\/i0.wp.com\/akubaa.com\/wp-content\/uploads\/2026\/03\/image-23.png?resize=525%2C300&ssl=1 1.5x, https:\/\/i0.wp.com\/akubaa.com\/wp-content\/uploads\/2026\/03\/image-23.png?resize=700%2C400&ssl=1 2x, https:\/\/i0.wp.com\/akubaa.com\/wp-content\/uploads\/2026\/03\/image-23.png?resize=1050%2C600&ssl=1 3x, https:\/\/i0.wp.com\/akubaa.com\/wp-content\/uploads\/2026\/03\/image-23.png?resize=1400%2C800&ssl=1 4x"},"classes":[]}],"jetpack_shortlink":"https:\/\/wp.me\/pgrKo3-Sm","jetpack_featured_media_url":"https:\/\/akubaa.com\/wp-content\/uploads\/2026\/09\/image.png","_links":{"self":[{"href":"https:\/\/akubaa.com\/index.php\/wp-json\/wp\/v2\/posts\/3370","targetHints":{"allow":["GET"]}}],"collection":[{"href":"https:\/\/akubaa.com\/index.php\/wp-json\/wp\/v2\/posts"}],"about":[{"href":"https:\/\/akubaa.com\/index.php\/wp-json\/wp\/v2\/types\/post"}],"author":[{"embeddable":true,"href":"https:\/\/akubaa.com\/index.php\/wp-json\/wp\/v2\/users\/1"}],"replies":[{"embeddable":true,"href":"https:\/\/akubaa.com\/index.php\/wp-json\/wp\/v2\/comments?post=3370"}],"version-history":[{"count":1,"href":"https:\/\/akubaa.com\/index.php\/wp-json\/wp\/v2\/posts\/3370\/revisions"}],"predecessor-version":[{"id":3372,"href":"https:\/\/akubaa.com\/index.php\/wp-json\/wp\/v2\/posts\/3370\/revisions\/3372"}],"wp:featuredmedia":[{"embeddable":true,"href":"https:\/\/akubaa.com\/index.php\/wp-json\/wp\/v2\/media\/3371"}],"wp:attachment":[{"href":"https:\/\/akubaa.com\/index.php\/wp-json\/wp\/v2\/media?parent=3370"}],"wp:term":[{"taxonomy":"category","embeddable":true,"href":"https:\/\/akubaa.com\/index.php\/wp-json\/wp\/v2\/categories?post=3370"},{"taxonomy":"post_tag","embeddable":true,"href":"https:\/\/akubaa.com\/index.php\/wp-json\/wp\/v2\/tags?post=3370"}],"curies":[{"name":"wp","href":"https:\/\/api.w.org\/{rel}","templated":true}]}}