{"id":3354,"date":"2026-09-01T07:00:00","date_gmt":"2026-09-01T11:00:00","guid":{"rendered":"https:\/\/akubaa.com\/?p=3354"},"modified":"2026-08-31T17:53:49","modified_gmt":"2026-08-31T21:53:49","slug":"regreso-a-clases-costo-familia-cubana","status":"publish","type":"post","link":"https:\/\/akubaa.com\/index.php\/2026\/09\/01\/regreso-a-clases-costo-familia-cubana\/","title":{"rendered":"Regreso a clases y el costo a la familia cubana"},"content":{"rendered":"\n<p class=\"wp-block-paragraph\">Septiembre llega con libretas, mochilas y uniformes. Pero tambi\u00e9n con una pregunta que muchos padres prefieren hacer con la calculadora en la mano:&nbsp;<strong>\u00bfcu\u00e1nto va a costar este regreso a clases?<\/strong><\/p>\n\n\n\n<hr class=\"wp-block-separator has-alpha-channel-opacity\"\/>\n\n\n\n<p class=\"wp-block-paragraph\">En Cuba, el curso escolar 2026-2027 comienza este 1 de septiembre, en medio de dificultades energ\u00e9ticas, de transporte y alimentaci\u00f3n que ya condicionan la vida cotidiana de las familias.<\/p>\n\n\n\n<p class=\"wp-block-paragraph\">En Miami, la pel\u00edcula es distinta, pero el bolsillo tambi\u00e9n entra en escena. Las escuelas p\u00fablicas del condado comenzaron el 13 de agosto y las autoridades han pedido a las familias revisar matr\u00edcula, transporte, alimentaci\u00f3n y documentaci\u00f3n antes del inicio del curso.<\/p>\n\n\n\n<hr class=\"wp-block-separator has-alpha-channel-opacity\"\/>\n\n\n\n<div class=\"wp-block-jetpack-related-posts\">\n<h2 class=\"wp-block-heading\">Te puede interesar<\/h2>\n<\/div>\n\n\n\n<p class=\"wp-block-paragraph\"><strong>Dos escenarios, una misma preocupaci\u00f3n: llegar a fin de mes<\/strong><\/p>\n\n\n\n<p class=\"wp-block-paragraph\">En la Isla, el problema no es solamente comprar los \u00fatiles. Es conseguirlos. Y cuando aparecen, el precio puede convertir una lista escolar en otro dolor de cabeza para la familia.<\/p>\n\n\n\n<p class=\"wp-block-paragraph\">En Miami, existen mecanismos de alivio. Florida aplic\u00f3 este a\u00f1o su tradicional exenci\u00f3n de impuestos para determinados art\u00edculos escolares entre el 20 de julio y el 20 de agosto. Pero ahorrar impuestos no significa que el regreso a clases sea gratis.<\/p>\n\n\n\n<hr class=\"wp-block-separator has-alpha-channel-opacity\"\/>\n\n\n\n<p class=\"wp-block-paragraph\">Ah\u00ed est\u00e1 una realidad que pocas veces aparece en la foto del primer d\u00eda: detr\u00e1s de cada ni\u00f1o con mochila nueva hay padres haciendo cuentas, abuelos ayudando, familiares enviando dinero desde otro pa\u00eds o adultos que simplemente est\u00e1n tratando de que a los muchachos no les falte lo b\u00e1sico.<\/p>\n\n\n\n<p class=\"wp-block-paragraph\">Para la familia cubana migrante, adem\u00e1s, el regreso a clases puede convertirse en una operaci\u00f3n transnacional: alguien compra en Miami, otra manda dinero desde Europa y otro resuelve desde Cuba. La familia se estira d\u00f3nde puede.<\/p>\n\n\n\n<hr class=\"wp-block-separator has-alpha-channel-opacity\"\/>\n\n\n\n<p class=\"wp-block-paragraph\"><strong>\u00bfEducaci\u00f3n u otra factura que no deja de crecer?<\/strong><\/p>\n\n\n\n<p class=\"wp-block-paragraph\">El regreso a clases deber\u00eda hablar principalmente de oportunidades, aprendizaje y futuro. Sin embargo, para muchas familias empieza hablando de precios.<\/p>\n\n\n\n<p class=\"wp-block-paragraph\">Y quiz\u00e1s ah\u00ed est\u00e1 la conversaci\u00f3n que vale la pena tener:&nbsp;<strong>\u00bfcu\u00e1nto cuesta realmente garantizarle a un ni\u00f1o un comienzo digno de curso? \u00bfQui\u00e9n ayuda cuando el salario no alcanza? \u00bfHasta d\u00f3nde puede llegar la solidaridad familiar?<\/strong><\/p>\n\n\n\n<p class=\"wp-block-paragraph\">Porque una mochila puede parecer un objeto peque\u00f1o. Pero cuando una familia tiene que escoger entre comprarla, pagar una factura o resolver la comida de la semana, deja de ser simplemente una mochila.<\/p>\n\n\n\n<hr class=\"wp-block-separator has-alpha-channel-opacity\"\/>\n\n\n\n<p class=\"wp-block-paragraph\"><strong>Cu\u00e9ntanos tu experiencia en Akubaa.&nbsp;<\/strong><\/p>\n\n\n\n<p class=\"wp-block-paragraph\"><strong>\u00bfC\u00f3mo est\u00e1s viviendo este regreso a clases? \u00bfQu\u00e9 es lo que m\u00e1s pesa en tu bolsillo: los \u00fatiles, el transporte, la alimentaci\u00f3n o la ropa? \u00bfCuba y Miami enfrentan problemas diferentes o, en el fondo, las familias est\u00e1n haciendo las mismas cuentas?<\/strong> No olvides dejarnos un like si te sientes identificado con este tema y compartirlo para que otras personas lo conozcan.<\/p>\n\n\n\n<hr class=\"wp-block-separator has-alpha-channel-opacity\"\/>\n\n\n\n<h2 class=\"wp-block-heading\">M\u00e1s en AKubaa<\/h2>\n\n\n<ul class=\"wp-block-latest-posts__list is-grid columns-3 wp-block-latest-posts is-layout-grid wp-container-core-latest-posts-is-layout-cda6dc4f wp-block-latest-posts-is-layout-grid\"><li><div class=\"wp-block-latest-posts__featured-image aligncenter\"><a href=\"https:\/\/akubaa.com\/index.php\/2026\/09\/01\/regreso-a-clases-costo-familia-cubana\/\" aria-label=\"Regreso a clases y el costo a la familia cubana\"><img loading=\"lazy\" decoding=\"async\" width=\"150\" height=\"150\" src=\"https:\/\/akubaa.com\/wp-content\/uploads\/2026\/08\/2026-1-sep-Regreso-a-clases-150x150.jpg\" class=\"attachment-thumbnail size-thumbnail wp-post-image\" alt=\"\" style=\"\" srcset=\"https:\/\/akubaa.com\/wp-content\/uploads\/2026\/08\/2026-1-sep-Regreso-a-clases-150x150.jpg 150w, https:\/\/akubaa.com\/wp-content\/uploads\/2026\/08\/2026-1-sep-Regreso-a-clases-300x300.jpg 300w, https:\/\/akubaa.com\/wp-content\/uploads\/2026\/08\/2026-1-sep-Regreso-a-clases-100x100.jpg 100w\" sizes=\"auto, (max-width: 150px) 100vw, 150px\" \/><\/a><\/div><a class=\"wp-block-latest-posts__post-title\" href=\"https:\/\/akubaa.com\/index.php\/2026\/09\/01\/regreso-a-clases-costo-familia-cubana\/\">Regreso a clases y el costo a la familia cubana<\/a><\/li>\n<li><div class=\"wp-block-latest-posts__featured-image aligncenter\"><a href=\"https:\/\/akubaa.com\/index.php\/2026\/08\/31\/incluyete-en-la-lista-de-cuidados-esta-semana\/\" aria-label=\"Incl\u00fayete en la lista de cosas que tienes que cuidar esta semana\"><img loading=\"lazy\" decoding=\"async\" width=\"150\" height=\"150\" src=\"https:\/\/akubaa.com\/wp-content\/uploads\/2026\/08\/2026-31-agosto-Cuidarte-1-150x150.jpg\" class=\"attachment-thumbnail size-thumbnail wp-post-image\" alt=\"\" style=\"\" srcset=\"https:\/\/akubaa.com\/wp-content\/uploads\/2026\/08\/2026-31-agosto-Cuidarte-1-150x150.jpg 150w, https:\/\/akubaa.com\/wp-content\/uploads\/2026\/08\/2026-31-agosto-Cuidarte-1-300x300.jpg 300w, https:\/\/akubaa.com\/wp-content\/uploads\/2026\/08\/2026-31-agosto-Cuidarte-1-100x100.jpg 100w\" sizes=\"auto, (max-width: 150px) 100vw, 150px\" \/><\/a><\/div><a class=\"wp-block-latest-posts__post-title\" href=\"https:\/\/akubaa.com\/index.php\/2026\/08\/31\/incluyete-en-la-lista-de-cuidados-esta-semana\/\">Incl\u00fayete en la lista de cosas que tienes que cuidar esta semana<\/a><\/li>\n<li><div class=\"wp-block-latest-posts__featured-image aligncenter\"><a href=\"https:\/\/akubaa.com\/index.php\/2026\/08\/30\/reinventarte-en-otro-pais-sin-perder-tu-identidad\/\" aria-label=\"Reinventarte en otro pa\u00eds sin perder tu identidad\"><img loading=\"lazy\" decoding=\"async\" width=\"150\" height=\"150\" src=\"https:\/\/akubaa.com\/wp-content\/uploads\/2026\/08\/2026-30-agosto-reinventarse-en-otro-pais-150x150.jpg\" class=\"attachment-thumbnail size-thumbnail wp-post-image\" alt=\"\" style=\"\" srcset=\"https:\/\/akubaa.com\/wp-content\/uploads\/2026\/08\/2026-30-agosto-reinventarse-en-otro-pais-150x150.jpg 150w, https:\/\/akubaa.com\/wp-content\/uploads\/2026\/08\/2026-30-agosto-reinventarse-en-otro-pais-300x300.jpg 300w, https:\/\/akubaa.com\/wp-content\/uploads\/2026\/08\/2026-30-agosto-reinventarse-en-otro-pais-100x100.jpg 100w\" sizes=\"auto, (max-width: 150px) 100vw, 150px\" \/><\/a><\/div><a class=\"wp-block-latest-posts__post-title\" href=\"https:\/\/akubaa.com\/index.php\/2026\/08\/30\/reinventarte-en-otro-pais-sin-perder-tu-identidad\/\">Reinventarte en otro pa\u00eds sin perder tu identidad<\/a><\/li>\n<\/ul>\n\n\n<p class=\"wp-block-paragraph\"><\/p>\n","protected":false},"excerpt":{"rendered":"<p>Septiembre llega con libretas, mochilas y uniformes. Pero tambi\u00e9n con una pregunta que muchos padres prefieren hacer con la calculadora en la mano:&nbsp;\u00bfcu\u00e1nto va a costar este regreso a clases? En Cuba, el curso escolar 2026-2027 comienza este 1 de septiembre, en medio de dificultades energ\u00e9ticas, de transporte y alimentaci\u00f3n que ya condicionan la vida [&hellip;]<\/p>\n","protected":false},"author":6,"featured_media":3355,"comment_status":"open","ping_status":"open","sticky":false,"template":"","format":"standard","meta":{"_jetpack_newsletter_access":"","_jetpack_dont_email_post_to_subs":false,"_jetpack_newsletter_tier_id":0,"_jetpack_memberships_contains_paywalled_content":false,"_jetpack_feature_clip_id":0,"_jetpack_memberships_contains_paid_content":false,"footnotes":"","jetpack_publicize_message":"","jetpack_publicize_feature_enabled":true,"jetpack_social_post_already_shared":true,"jetpack_social_options":{"image_generator_settings":{"template":"highway","default_image_id":0,"font":"","enabled":false},"version":2},"jetpack_post_was_ever_published":false},"categories":[4],"tags":[],"class_list":["post-3354","post","type-post","status-publish","format-standard","has-post-thumbnail","hentry","category-noticias-y-actualidad"],"yoast_head":"<!-- This site is optimized with the Yoast SEO plugin v28.3 - https:\/\/yoast.com\/product\/yoast-seo-wordpress\/ -->\n<title>Regreso a clases y el costo a la familia cubana - AKubaa<\/title>\n<meta name=\"description\" content=\"\u00bfCu\u00e1nto cuesta armar la mochila escolar hoy? Analizamos el impacto econ\u00f3mico del inicio de curso para las familias en Cuba y el exilio.\" \/>\n<meta name=\"robots\" content=\"index, follow, max-snippet:-1, max-image-preview:large, max-video-preview:-1\" \/>\n<link rel=\"canonical\" href=\"https:\/\/akubaa.com\/index.php\/2026\/09\/01\/regreso-a-clases-costo-familia-cubana\/\" \/>\n<meta property=\"og:locale\" content=\"es_ES\" \/>\n<meta property=\"og:type\" content=\"article\" \/>\n<meta property=\"og:title\" content=\"Regreso a clases y el costo a la familia cubana - AKubaa\" \/>\n<meta property=\"og:description\" content=\"\u00bfCu\u00e1nto cuesta armar la mochila escolar hoy? Analizamos el impacto econ\u00f3mico del inicio de curso para las familias en Cuba y el exilio.\" \/>\n<meta property=\"og:url\" content=\"https:\/\/akubaa.com\/index.php\/2026\/09\/01\/regreso-a-clases-costo-familia-cubana\/\" \/>\n<meta property=\"og:site_name\" content=\"AKubaa\" \/>\n<meta property=\"article:publisher\" content=\"https:\/\/www.facebook.com\/akubaa\" \/>\n<meta property=\"article:published_time\" content=\"2026-09-01T11:00:00+00:00\" \/>\n<meta property=\"og:image\" content=\"https:\/\/akubaa.com\/wp-content\/uploads\/2026\/08\/2026-1-sep-Regreso-a-clases.jpg\" \/>\n\t<meta property=\"og:image:width\" content=\"1376\" \/>\n\t<meta property=\"og:image:height\" content=\"768\" \/>\n\t<meta property=\"og:image:type\" content=\"image\/jpeg\" \/>\n<meta name=\"author\" content=\"AKubaaa\" \/>\n<meta name=\"twitter:card\" content=\"summary_large_image\" \/>\n<meta name=\"twitter:label1\" content=\"Escrito por\" \/>\n\t<meta name=\"twitter:data1\" content=\"AKubaaa\" \/>\n\t<meta name=\"twitter:label2\" content=\"Tiempo de lectura\" \/>\n\t<meta name=\"twitter:data2\" content=\"3 minutos\" \/>\n<script type=\"application\/ld+json\" class=\"yoast-schema-graph\">{\"@context\":\"https:\\\/\\\/schema.org\",\"@graph\":[{\"@type\":\"Article\",\"@id\":\"https:\\\/\\\/akubaa.com\\\/index.php\\\/2026\\\/09\\\/01\\\/regreso-a-clases-costo-familia-cubana\\\/#article\",\"isPartOf\":{\"@id\":\"https:\\\/\\\/akubaa.com\\\/index.php\\\/2026\\\/09\\\/01\\\/regreso-a-clases-costo-familia-cubana\\\/\"},\"author\":{\"name\":\"AKubaaa\",\"@id\":\"https:\\\/\\\/akubaa.com\\\/#\\\/schema\\\/person\\\/de1c8f42034d363014d797593cd572ce\"},\"headline\":\"Regreso a clases y el costo a la familia cubana\",\"datePublished\":\"2026-09-01T11:00:00+00:00\",\"mainEntityOfPage\":{\"@id\":\"https:\\\/\\\/akubaa.com\\\/index.php\\\/2026\\\/09\\\/01\\\/regreso-a-clases-costo-familia-cubana\\\/\"},\"wordCount\":490,\"commentCount\":0,\"publisher\":{\"@id\":\"https:\\\/\\\/akubaa.com\\\/#\\\/schema\\\/person\\\/b096b63c1ad27204e55fabb2cf2153a5\"},\"image\":{\"@id\":\"https:\\\/\\\/akubaa.com\\\/index.php\\\/2026\\\/09\\\/01\\\/regreso-a-clases-costo-familia-cubana\\\/#primaryimage\"},\"thumbnailUrl\":\"https:\\\/\\\/akubaa.com\\\/wp-content\\\/uploads\\\/2026\\\/08\\\/2026-1-sep-Regreso-a-clases.jpg\",\"articleSection\":[\"Noticias y Actualidad\"],\"inLanguage\":\"es\",\"potentialAction\":[{\"@type\":\"CommentAction\",\"name\":\"Comment\",\"target\":[\"https:\\\/\\\/akubaa.com\\\/index.php\\\/2026\\\/09\\\/01\\\/regreso-a-clases-costo-familia-cubana\\\/#respond\"]}]},{\"@type\":\"WebPage\",\"@id\":\"https:\\\/\\\/akubaa.com\\\/index.php\\\/2026\\\/09\\\/01\\\/regreso-a-clases-costo-familia-cubana\\\/\",\"url\":\"https:\\\/\\\/akubaa.com\\\/index.php\\\/2026\\\/09\\\/01\\\/regreso-a-clases-costo-familia-cubana\\\/\",\"name\":\"Regreso a clases y el costo a la familia cubana - AKubaa\",\"isPartOf\":{\"@id\":\"https:\\\/\\\/akubaa.com\\\/#website\"},\"primaryImageOfPage\":{\"@id\":\"https:\\\/\\\/akubaa.com\\\/index.php\\\/2026\\\/09\\\/01\\\/regreso-a-clases-costo-familia-cubana\\\/#primaryimage\"},\"image\":{\"@id\":\"https:\\\/\\\/akubaa.com\\\/index.php\\\/2026\\\/09\\\/01\\\/regreso-a-clases-costo-familia-cubana\\\/#primaryimage\"},\"thumbnailUrl\":\"https:\\\/\\\/akubaa.com\\\/wp-content\\\/uploads\\\/2026\\\/08\\\/2026-1-sep-Regreso-a-clases.jpg\",\"datePublished\":\"2026-09-01T11:00:00+00:00\",\"description\":\"\u00bfCu\u00e1nto cuesta armar la mochila escolar hoy? Analizamos el impacto econ\u00f3mico del inicio de curso para las familias en Cuba y el exilio.\",\"breadcrumb\":{\"@id\":\"https:\\\/\\\/akubaa.com\\\/index.php\\\/2026\\\/09\\\/01\\\/regreso-a-clases-costo-familia-cubana\\\/#breadcrumb\"},\"inLanguage\":\"es\",\"potentialAction\":[{\"@type\":\"ReadAction\",\"target\":[\"https:\\\/\\\/akubaa.com\\\/index.php\\\/2026\\\/09\\\/01\\\/regreso-a-clases-costo-familia-cubana\\\/\"]}]},{\"@type\":\"ImageObject\",\"inLanguage\":\"es\",\"@id\":\"https:\\\/\\\/akubaa.com\\\/index.php\\\/2026\\\/09\\\/01\\\/regreso-a-clases-costo-familia-cubana\\\/#primaryimage\",\"url\":\"https:\\\/\\\/akubaa.com\\\/wp-content\\\/uploads\\\/2026\\\/08\\\/2026-1-sep-Regreso-a-clases.jpg\",\"contentUrl\":\"https:\\\/\\\/akubaa.com\\\/wp-content\\\/uploads\\\/2026\\\/08\\\/2026-1-sep-Regreso-a-clases.jpg\",\"width\":1376,\"height\":768},{\"@type\":\"BreadcrumbList\",\"@id\":\"https:\\\/\\\/akubaa.com\\\/index.php\\\/2026\\\/09\\\/01\\\/regreso-a-clases-costo-familia-cubana\\\/#breadcrumb\",\"itemListElement\":[{\"@type\":\"ListItem\",\"position\":1,\"name\":\"Portada\",\"item\":\"https:\\\/\\\/akubaa.com\\\/\"},{\"@type\":\"ListItem\",\"position\":2,\"name\":\"Regreso a clases y el costo a la familia cubana\"}]},{\"@type\":\"WebSite\",\"@id\":\"https:\\\/\\\/akubaa.com\\\/#website\",\"url\":\"https:\\\/\\\/akubaa.com\\\/\",\"name\":\"AKubaa\",\"description\":\"Vive ,conoce y disfruta Cuba al estilo de A&amp;K.\",\"publisher\":{\"@id\":\"https:\\\/\\\/akubaa.com\\\/#\\\/schema\\\/person\\\/b096b63c1ad27204e55fabb2cf2153a5\"},\"potentialAction\":[{\"@type\":\"SearchAction\",\"target\":{\"@type\":\"EntryPoint\",\"urlTemplate\":\"https:\\\/\\\/akubaa.com\\\/?s={search_term_string}\"},\"query-input\":{\"@type\":\"PropertyValueSpecification\",\"valueRequired\":true,\"valueName\":\"search_term_string\"}}],\"inLanguage\":\"es\"},{\"@type\":[\"Person\",\"Organization\"],\"@id\":\"https:\\\/\\\/akubaa.com\\\/#\\\/schema\\\/person\\\/b096b63c1ad27204e55fabb2cf2153a5\",\"name\":\"AK\",\"image\":{\"@type\":\"ImageObject\",\"inLanguage\":\"es\",\"@id\":\"https:\\\/\\\/akubaa.com\\\/wp-content\\\/uploads\\\/2025\\\/08\\\/Imagen-17.jpeg\",\"url\":\"https:\\\/\\\/akubaa.com\\\/wp-content\\\/uploads\\\/2025\\\/08\\\/Imagen-17.jpeg\",\"contentUrl\":\"https:\\\/\\\/akubaa.com\\\/wp-content\\\/uploads\\\/2025\\\/08\\\/Imagen-17.jpeg\",\"width\":1024,\"height\":1024,\"caption\":\"AK\"},\"logo\":{\"@id\":\"https:\\\/\\\/akubaa.com\\\/wp-content\\\/uploads\\\/2025\\\/08\\\/Imagen-17.jpeg\"},\"sameAs\":[\"https:\\\/\\\/akubaa.com\",\"https:\\\/\\\/www.facebook.com\\\/akubaa\",\"https:\\\/\\\/www.instagram.com\\\/akubaa?\"]},{\"@type\":\"Person\",\"@id\":\"https:\\\/\\\/akubaa.com\\\/#\\\/schema\\\/person\\\/de1c8f42034d363014d797593cd572ce\",\"name\":\"AKubaaa\",\"image\":{\"@type\":\"ImageObject\",\"inLanguage\":\"es\",\"@id\":\"https:\\\/\\\/secure.gravatar.com\\\/avatar\\\/0e3143a1c5bed6a1473bfcc3dbca7a3657363e77e804fde74e023854a9242926?s=96&r=g&d=https:\\\/\\\/akubaa.com\\\/wp-content\\\/plugins\\\/userswp\\\/assets\\\/images\\\/no_profile.png\",\"url\":\"https:\\\/\\\/secure.gravatar.com\\\/avatar\\\/0e3143a1c5bed6a1473bfcc3dbca7a3657363e77e804fde74e023854a9242926?s=96&r=g&d=https:\\\/\\\/akubaa.com\\\/wp-content\\\/plugins\\\/userswp\\\/assets\\\/images\\\/no_profile.png\",\"contentUrl\":\"https:\\\/\\\/secure.gravatar.com\\\/avatar\\\/0e3143a1c5bed6a1473bfcc3dbca7a3657363e77e804fde74e023854a9242926?s=96&r=g&d=https:\\\/\\\/akubaa.com\\\/wp-content\\\/plugins\\\/userswp\\\/assets\\\/images\\\/no_profile.png\",\"caption\":\"AKubaaa\"},\"url\":\"https:\\\/\\\/akubaa.com\\\/index.php\\\/profile\\\/akubaa\\\/\"}]}<\/script>\n<!-- \/ Yoast SEO plugin. -->","yoast_head_json":{"title":"Regreso a clases y el costo a la familia cubana - AKubaa","description":"\u00bfCu\u00e1nto cuesta armar la mochila escolar hoy? Analizamos el impacto econ\u00f3mico del inicio de curso para las familias en Cuba y el exilio.","robots":{"index":"index","follow":"follow","max-snippet":"max-snippet:-1","max-image-preview":"max-image-preview:large","max-video-preview":"max-video-preview:-1"},"canonical":"https:\/\/akubaa.com\/index.php\/2026\/09\/01\/regreso-a-clases-costo-familia-cubana\/","og_locale":"es_ES","og_type":"article","og_title":"Regreso a clases y el costo a la familia cubana - AKubaa","og_description":"\u00bfCu\u00e1nto cuesta armar la mochila escolar hoy? Analizamos el impacto econ\u00f3mico del inicio de curso para las familias en Cuba y el exilio.","og_url":"https:\/\/akubaa.com\/index.php\/2026\/09\/01\/regreso-a-clases-costo-familia-cubana\/","og_site_name":"AKubaa","article_publisher":"https:\/\/www.facebook.com\/akubaa","article_published_time":"2026-09-01T11:00:00+00:00","og_image":[{"width":1376,"height":768,"url":"https:\/\/akubaa.com\/wp-content\/uploads\/2026\/08\/2026-1-sep-Regreso-a-clases.jpg","type":"image\/jpeg"}],"author":"AKubaaa","twitter_card":"summary_large_image","twitter_misc":{"Escrito por":"AKubaaa","Tiempo de lectura":"3 minutos"},"schema":{"@context":"https:\/\/schema.org","@graph":[{"@type":"Article","@id":"https:\/\/akubaa.com\/index.php\/2026\/09\/01\/regreso-a-clases-costo-familia-cubana\/#article","isPartOf":{"@id":"https:\/\/akubaa.com\/index.php\/2026\/09\/01\/regreso-a-clases-costo-familia-cubana\/"},"author":{"name":"AKubaaa","@id":"https:\/\/akubaa.com\/#\/schema\/person\/de1c8f42034d363014d797593cd572ce"},"headline":"Regreso a clases y el costo a la familia cubana","datePublished":"2026-09-01T11:00:00+00:00","mainEntityOfPage":{"@id":"https:\/\/akubaa.com\/index.php\/2026\/09\/01\/regreso-a-clases-costo-familia-cubana\/"},"wordCount":490,"commentCount":0,"publisher":{"@id":"https:\/\/akubaa.com\/#\/schema\/person\/b096b63c1ad27204e55fabb2cf2153a5"},"image":{"@id":"https:\/\/akubaa.com\/index.php\/2026\/09\/01\/regreso-a-clases-costo-familia-cubana\/#primaryimage"},"thumbnailUrl":"https:\/\/akubaa.com\/wp-content\/uploads\/2026\/08\/2026-1-sep-Regreso-a-clases.jpg","articleSection":["Noticias y Actualidad"],"inLanguage":"es","potentialAction":[{"@type":"CommentAction","name":"Comment","target":["https:\/\/akubaa.com\/index.php\/2026\/09\/01\/regreso-a-clases-costo-familia-cubana\/#respond"]}]},{"@type":"WebPage","@id":"https:\/\/akubaa.com\/index.php\/2026\/09\/01\/regreso-a-clases-costo-familia-cubana\/","url":"https:\/\/akubaa.com\/index.php\/2026\/09\/01\/regreso-a-clases-costo-familia-cubana\/","name":"Regreso a clases y el costo a la familia cubana - AKubaa","isPartOf":{"@id":"https:\/\/akubaa.com\/#website"},"primaryImageOfPage":{"@id":"https:\/\/akubaa.com\/index.php\/2026\/09\/01\/regreso-a-clases-costo-familia-cubana\/#primaryimage"},"image":{"@id":"https:\/\/akubaa.com\/index.php\/2026\/09\/01\/regreso-a-clases-costo-familia-cubana\/#primaryimage"},"thumbnailUrl":"https:\/\/akubaa.com\/wp-content\/uploads\/2026\/08\/2026-1-sep-Regreso-a-clases.jpg","datePublished":"2026-09-01T11:00:00+00:00","description":"\u00bfCu\u00e1nto cuesta armar la mochila escolar hoy? Analizamos el impacto econ\u00f3mico del inicio de curso para las familias en Cuba y el exilio.","breadcrumb":{"@id":"https:\/\/akubaa.com\/index.php\/2026\/09\/01\/regreso-a-clases-costo-familia-cubana\/#breadcrumb"},"inLanguage":"es","potentialAction":[{"@type":"ReadAction","target":["https:\/\/akubaa.com\/index.php\/2026\/09\/01\/regreso-a-clases-costo-familia-cubana\/"]}]},{"@type":"ImageObject","inLanguage":"es","@id":"https:\/\/akubaa.com\/index.php\/2026\/09\/01\/regreso-a-clases-costo-familia-cubana\/#primaryimage","url":"https:\/\/akubaa.com\/wp-content\/uploads\/2026\/08\/2026-1-sep-Regreso-a-clases.jpg","contentUrl":"https:\/\/akubaa.com\/wp-content\/uploads\/2026\/08\/2026-1-sep-Regreso-a-clases.jpg","width":1376,"height":768},{"@type":"BreadcrumbList","@id":"https:\/\/akubaa.com\/index.php\/2026\/09\/01\/regreso-a-clases-costo-familia-cubana\/#breadcrumb","itemListElement":[{"@type":"ListItem","position":1,"name":"Portada","item":"https:\/\/akubaa.com\/"},{"@type":"ListItem","position":2,"name":"Regreso a clases y el costo a la familia cubana"}]},{"@type":"WebSite","@id":"https:\/\/akubaa.com\/#website","url":"https:\/\/akubaa.com\/","name":"AKubaa","description":"Vive ,conoce y disfruta Cuba al estilo de A&amp;K.","publisher":{"@id":"https:\/\/akubaa.com\/#\/schema\/person\/b096b63c1ad27204e55fabb2cf2153a5"},"potentialAction":[{"@type":"SearchAction","target":{"@type":"EntryPoint","urlTemplate":"https:\/\/akubaa.com\/?s={search_term_string}"},"query-input":{"@type":"PropertyValueSpecification","valueRequired":true,"valueName":"search_term_string"}}],"inLanguage":"es"},{"@type":["Person","Organization"],"@id":"https:\/\/akubaa.com\/#\/schema\/person\/b096b63c1ad27204e55fabb2cf2153a5","name":"AK","image":{"@type":"ImageObject","inLanguage":"es","@id":"https:\/\/akubaa.com\/wp-content\/uploads\/2025\/08\/Imagen-17.jpeg","url":"https:\/\/akubaa.com\/wp-content\/uploads\/2025\/08\/Imagen-17.jpeg","contentUrl":"https:\/\/akubaa.com\/wp-content\/uploads\/2025\/08\/Imagen-17.jpeg","width":1024,"height":1024,"caption":"AK"},"logo":{"@id":"https:\/\/akubaa.com\/wp-content\/uploads\/2025\/08\/Imagen-17.jpeg"},"sameAs":["https:\/\/akubaa.com","https:\/\/www.facebook.com\/akubaa","https:\/\/www.instagram.com\/akubaa?"]},{"@type":"Person","@id":"https:\/\/akubaa.com\/#\/schema\/person\/de1c8f42034d363014d797593cd572ce","name":"AKubaaa","image":{"@type":"ImageObject","inLanguage":"es","@id":"https:\/\/secure.gravatar.com\/avatar\/0e3143a1c5bed6a1473bfcc3dbca7a3657363e77e804fde74e023854a9242926?s=96&r=g&d=https:\/\/akubaa.com\/wp-content\/plugins\/userswp\/assets\/images\/no_profile.png","url":"https:\/\/secure.gravatar.com\/avatar\/0e3143a1c5bed6a1473bfcc3dbca7a3657363e77e804fde74e023854a9242926?s=96&r=g&d=https:\/\/akubaa.com\/wp-content\/plugins\/userswp\/assets\/images\/no_profile.png","contentUrl":"https:\/\/secure.gravatar.com\/avatar\/0e3143a1c5bed6a1473bfcc3dbca7a3657363e77e804fde74e023854a9242926?s=96&r=g&d=https:\/\/akubaa.com\/wp-content\/plugins\/userswp\/assets\/images\/no_profile.png","caption":"AKubaaa"},"url":"https:\/\/akubaa.com\/index.php\/profile\/akubaa\/"}]}},"jetpack_publicize_connections":[],"jetpack_sharing_enabled":true,"jetpack_likes_enabled":true,"jetpack-related-posts":[{"id":1369,"url":"https:\/\/akubaa.com\/index.php\/2025\/09\/30\/florida-le-sube-el-pulso-al-bolsillo-el-salario-minimo-subira-a-14-en-septiembre-y-esto-es-lo-que-no-te-cuentan\/","url_meta":{"origin":3354,"position":0},"title":"Florida le sube el pulso al bolsillo: el salario m\u00ednimo subir\u00e1 a $14 en septiembre, y esto es lo que no te cuentan.","author":"AK","date":"09\/30\/2025","format":false,"excerpt":"El 30 de septiembre de 2025 no es un d\u00eda cualquiera en el calendario de Florida. Es la fecha marcada con rojo para cientos de miles de trabajadores que, a partir de entonces, ver\u00e1n su\u00a0salario m\u00ednimo subir a $14 por hora. Una cifra que, a simple vista, parece un triunfo\u2026","rel":"","context":"En \u00abNoticias y Actualidad\u00bb","block_context":{"text":"Noticias y Actualidad","link":"https:\/\/akubaa.com\/index.php\/category\/noticias-y-actualidad\/"},"img":{"alt_text":"","src":"https:\/\/i0.wp.com\/akubaa.com\/wp-content\/uploads\/2025\/09\/image-41.png?resize=350%2C200&ssl=1","width":350,"height":200,"srcset":"https:\/\/i0.wp.com\/akubaa.com\/wp-content\/uploads\/2025\/09\/image-41.png?resize=350%2C200&ssl=1 1x, https:\/\/i0.wp.com\/akubaa.com\/wp-content\/uploads\/2025\/09\/image-41.png?resize=525%2C300&ssl=1 1.5x, https:\/\/i0.wp.com\/akubaa.com\/wp-content\/uploads\/2025\/09\/image-41.png?resize=700%2C400&ssl=1 2x, https:\/\/i0.wp.com\/akubaa.com\/wp-content\/uploads\/2025\/09\/image-41.png?resize=1050%2C600&ssl=1 3x, https:\/\/i0.wp.com\/akubaa.com\/wp-content\/uploads\/2025\/09\/image-41.png?resize=1400%2C800&ssl=1 4x"},"classes":[]},{"id":1926,"url":"https:\/\/akubaa.com\/index.php\/2025\/11\/14\/turismo-en-pausa-el-dia-que-cuba-dejo-de-enamorar-y-como-volver-a-hacerlo\/","url_meta":{"origin":3354,"position":1},"title":"Turismo en pausa: el d\u00eda que Cuba dej\u00f3 de enamorar (y c\u00f3mo volver a hacerlo).","author":"AK","date":"11\/14\/2025","format":false,"excerpt":"Yo cuento las cosas como las veo: el turismo en Cuba\u00a0se nos est\u00e1 yendo de las manos.\u00a0Sab\u00edas que\u00a0entre enero y septiembre de 2025\u00a0lleg\u00f3 un 20,5% menos de visitantes\u00a0que el a\u00f1o pasado\u2014apenas\u00a01.366.720\u2014y que\u00a0septiembre\u00a0cerr\u00f3 con\u00a0106.748 viajeros internacionales, por debajo de\u00a02024\u00a0y\u00a02023?.\u00a0Cuando aprendiste\u00a0que la industria tur\u00edstica sostiene miles de empleos, entiendes el golpe:\u00a0apagones,\u00a0escasez de\u2026","rel":"","context":"En \u00abNoticias y Actualidad\u00bb","block_context":{"text":"Noticias y Actualidad","link":"https:\/\/akubaa.com\/index.php\/category\/noticias-y-actualidad\/"},"img":{"alt_text":"","src":"https:\/\/i0.wp.com\/akubaa.com\/wp-content\/uploads\/2025\/11\/Thumbnail-Youtube-Miniatura-Collage-Foto-Moderna-Blanco-15.png?resize=350%2C200&ssl=1","width":350,"height":200,"srcset":"https:\/\/i0.wp.com\/akubaa.com\/wp-content\/uploads\/2025\/11\/Thumbnail-Youtube-Miniatura-Collage-Foto-Moderna-Blanco-15.png?resize=350%2C200&ssl=1 1x, https:\/\/i0.wp.com\/akubaa.com\/wp-content\/uploads\/2025\/11\/Thumbnail-Youtube-Miniatura-Collage-Foto-Moderna-Blanco-15.png?resize=525%2C300&ssl=1 1.5x, https:\/\/i0.wp.com\/akubaa.com\/wp-content\/uploads\/2025\/11\/Thumbnail-Youtube-Miniatura-Collage-Foto-Moderna-Blanco-15.png?resize=700%2C400&ssl=1 2x, https:\/\/i0.wp.com\/akubaa.com\/wp-content\/uploads\/2025\/11\/Thumbnail-Youtube-Miniatura-Collage-Foto-Moderna-Blanco-15.png?resize=1050%2C600&ssl=1 3x"},"classes":[]},{"id":1143,"url":"https:\/\/akubaa.com\/index.php\/2025\/09\/08\/cuando-la-ciudad-se-vuelve-faro-miami-camina-hoy-tras-la-virgen-de-la-caridad\/","url_meta":{"origin":3354,"position":2},"title":"Cuando la ciudad se vuelve faro: Miami camina hoy tras la Virgen de la Caridad","author":"AK","date":"09\/08\/2025","format":false,"excerpt":"A veces una ciudad respira a la misma vez. Hoy,\u00a08 de septiembre de 2025,\u00a0Miami\u00a0late con una sola palabra:\u00a0libertad. Y s\u00ed, sab\u00edas que una devoci\u00f3n puede ordenar el tr\u00e1fico emocional de un exilio entero. Yo lo aprend\u00ed temprano, mirando a mi familia encender una vela a\u00a0Nuestra Se\u00f1ora de la Caridad del\u2026","rel":"","context":"Entrada similar","block_context":{"text":"Entrada similar","link":""},"img":{"alt_text":"","src":"https:\/\/i0.wp.com\/akubaa.com\/wp-content\/uploads\/2025\/09\/image-3.png?resize=350%2C200&ssl=1","width":350,"height":200,"srcset":"https:\/\/i0.wp.com\/akubaa.com\/wp-content\/uploads\/2025\/09\/image-3.png?resize=350%2C200&ssl=1 1x, https:\/\/i0.wp.com\/akubaa.com\/wp-content\/uploads\/2025\/09\/image-3.png?resize=525%2C300&ssl=1 1.5x, https:\/\/i0.wp.com\/akubaa.com\/wp-content\/uploads\/2025\/09\/image-3.png?resize=700%2C400&ssl=1 2x, https:\/\/i0.wp.com\/akubaa.com\/wp-content\/uploads\/2025\/09\/image-3.png?resize=1050%2C600&ssl=1 3x, https:\/\/i0.wp.com\/akubaa.com\/wp-content\/uploads\/2025\/09\/image-3.png?resize=1400%2C800&ssl=1 4x"},"classes":[]},{"id":1110,"url":"https:\/\/akubaa.com\/index.php\/2025\/09\/04\/volvieron-las-clases-y-se-fue-la-luz-asi-arranco-el-inicio-del-curso-escolar-2025-2026-en-cuba\/","url_meta":{"origin":3354,"position":3},"title":"Volvieron las clases\u2026 y se fue la luz. As\u00ed Arranco el inicio del curso escolar 2025-2026 en Cuba.","author":"AK","date":"09\/04\/2025","format":false,"excerpt":"Empec\u00e9 la semana mirando el reloj y el cielo todav\u00eda oscuro.\u00a0Villa Clara\u00a0amaneci\u00f3 en modo linterna y termostato roto:\u00a0apagones, calor y mochilas a la puerta. Hoy,\u00a0inicio de curso escolar\u00a0y, s\u00ed, el cuartico est\u00e1\u00a0igualito. \u00bfSab\u00edas que empezar clases sin electricidad no es solo una molestia, sino un golpe directo al rendimiento, la\u2026","rel":"","context":"Entrada similar","block_context":{"text":"Entrada similar","link":""},"img":{"alt_text":"","src":"https:\/\/i0.wp.com\/akubaa.com\/wp-content\/uploads\/2025\/09\/image.png?resize=350%2C200&ssl=1","width":350,"height":200,"srcset":"https:\/\/i0.wp.com\/akubaa.com\/wp-content\/uploads\/2025\/09\/image.png?resize=350%2C200&ssl=1 1x, https:\/\/i0.wp.com\/akubaa.com\/wp-content\/uploads\/2025\/09\/image.png?resize=525%2C300&ssl=1 1.5x, https:\/\/i0.wp.com\/akubaa.com\/wp-content\/uploads\/2025\/09\/image.png?resize=700%2C400&ssl=1 2x, https:\/\/i0.wp.com\/akubaa.com\/wp-content\/uploads\/2025\/09\/image.png?resize=1050%2C600&ssl=1 3x, https:\/\/i0.wp.com\/akubaa.com\/wp-content\/uploads\/2025\/09\/image.png?resize=1400%2C800&ssl=1 4x"},"classes":[]},{"id":1951,"url":"https:\/\/akubaa.com\/index.php\/2025\/11\/13\/ruta-directa-a-europa\/","url_meta":{"origin":3354,"position":4},"title":"\u201cRuta directa a Europa: \u00bfes la de verdad o puro espejismo?\u201d","author":"AK","date":"11\/13\/2025","format":false,"excerpt":"Cuando le\u00ed por primera vez el comunicado de la Embajada de Alemania en Cuba, me detuve. \u00bfOtra promesa m\u00e1s en medio de los apagones y los billetes que no alcanzan?.Pero no: esta vez el l\u00e1piz s\u00ed escribi\u00f3 nuevo camino. Desde\u00a0el 2 de diciembre de 2025, seg\u00fan la nota oficial, la\u2026","rel":"","context":"Entrada similar","block_context":{"text":"Entrada similar","link":""},"img":{"alt_text":"","src":"https:\/\/i0.wp.com\/akubaa.com\/wp-content\/uploads\/2025\/11\/image-16.png?resize=350%2C200&ssl=1","width":350,"height":200,"srcset":"https:\/\/i0.wp.com\/akubaa.com\/wp-content\/uploads\/2025\/11\/image-16.png?resize=350%2C200&ssl=1 1x, https:\/\/i0.wp.com\/akubaa.com\/wp-content\/uploads\/2025\/11\/image-16.png?resize=525%2C300&ssl=1 1.5x, https:\/\/i0.wp.com\/akubaa.com\/wp-content\/uploads\/2025\/11\/image-16.png?resize=700%2C400&ssl=1 2x, https:\/\/i0.wp.com\/akubaa.com\/wp-content\/uploads\/2025\/11\/image-16.png?resize=1050%2C600&ssl=1 3x, https:\/\/i0.wp.com\/akubaa.com\/wp-content\/uploads\/2025\/11\/image-16.png?resize=1400%2C800&ssl=1 4x"},"classes":[]},{"id":2815,"url":"https:\/\/akubaa.com\/index.php\/2026\/03\/22\/ruso-el-idioma-que-el-regimen-castrista-impone-ahora\/","url_meta":{"origin":3354,"position":5},"title":"Mientras Cuba se apaga, el r\u00e9gimen decide que el ruso ser\u00e1 prioridad en las escuelas.","author":"AK","date":"03\/22\/2026","format":false,"excerpt":"Ruso en las escuelas cubanas: una decisi\u00f3n que retrata el desconecte del poder. Yo no s\u00e9 si en alg\u00fan despacho de La Habana alguien de verdad se detuvo a escuchar lo que vive una familia cubana hoy. Porque anunciar que el\u00a0ruso en las escuelas cubanas\u00a0ser\u00e1 la primera lengua extranjera en\u2026","rel":"","context":"En \u00abNoticias y Actualidad\u00bb","block_context":{"text":"Noticias y Actualidad","link":"https:\/\/akubaa.com\/index.php\/category\/noticias-y-actualidad\/"},"img":{"alt_text":"","src":"https:\/\/i0.wp.com\/akubaa.com\/wp-content\/uploads\/2026\/03\/image-30.png?resize=350%2C200&ssl=1","width":350,"height":200,"srcset":"https:\/\/i0.wp.com\/akubaa.com\/wp-content\/uploads\/2026\/03\/image-30.png?resize=350%2C200&ssl=1 1x, https:\/\/i0.wp.com\/akubaa.com\/wp-content\/uploads\/2026\/03\/image-30.png?resize=525%2C300&ssl=1 1.5x, https:\/\/i0.wp.com\/akubaa.com\/wp-content\/uploads\/2026\/03\/image-30.png?resize=700%2C400&ssl=1 2x, https:\/\/i0.wp.com\/akubaa.com\/wp-content\/uploads\/2026\/03\/image-30.png?resize=1050%2C600&ssl=1 3x, https:\/\/i0.wp.com\/akubaa.com\/wp-content\/uploads\/2026\/03\/image-30.png?resize=1400%2C800&ssl=1 4x"},"classes":[]}],"jetpack_shortlink":"https:\/\/wp.me\/pgrKo3-S6","jetpack_featured_media_url":"https:\/\/akubaa.com\/wp-content\/uploads\/2026\/08\/2026-1-sep-Regreso-a-clases.jpg","_links":{"self":[{"href":"https:\/\/akubaa.com\/index.php\/wp-json\/wp\/v2\/posts\/3354","targetHints":{"allow":["GET"]}}],"collection":[{"href":"https:\/\/akubaa.com\/index.php\/wp-json\/wp\/v2\/posts"}],"about":[{"href":"https:\/\/akubaa.com\/index.php\/wp-json\/wp\/v2\/types\/post"}],"author":[{"embeddable":true,"href":"https:\/\/akubaa.com\/index.php\/wp-json\/wp\/v2\/users\/6"}],"replies":[{"embeddable":true,"href":"https:\/\/akubaa.com\/index.php\/wp-json\/wp\/v2\/comments?post=3354"}],"version-history":[{"count":1,"href":"https:\/\/akubaa.com\/index.php\/wp-json\/wp\/v2\/posts\/3354\/revisions"}],"predecessor-version":[{"id":3356,"href":"https:\/\/akubaa.com\/index.php\/wp-json\/wp\/v2\/posts\/3354\/revisions\/3356"}],"wp:featuredmedia":[{"embeddable":true,"href":"https:\/\/akubaa.com\/index.php\/wp-json\/wp\/v2\/media\/3355"}],"wp:attachment":[{"href":"https:\/\/akubaa.com\/index.php\/wp-json\/wp\/v2\/media?parent=3354"}],"wp:term":[{"taxonomy":"category","embeddable":true,"href":"https:\/\/akubaa.com\/index.php\/wp-json\/wp\/v2\/categories?post=3354"},{"taxonomy":"post_tag","embeddable":true,"href":"https:\/\/akubaa.com\/index.php\/wp-json\/wp\/v2\/tags?post=3354"}],"curies":[{"name":"wp","href":"https:\/\/api.w.org\/{rel}","templated":true}]}}