{"id":3349,"date":"2026-08-31T16:17:38","date_gmt":"2026-08-31T20:17:38","guid":{"rendered":"https:\/\/akubaa.com\/?p=3349"},"modified":"2026-08-31T17:14:11","modified_gmt":"2026-08-31T21:14:11","slug":"incluyete-en-la-lista-de-cuidados-esta-semana","status":"publish","type":"post","link":"https:\/\/akubaa.com\/index.php\/2026\/08\/31\/incluyete-en-la-lista-de-cuidados-esta-semana\/","title":{"rendered":"Incl\u00fayete en la lista de cosas que tienes que cuidar esta semana"},"content":{"rendered":"\n<p class=\"wp-block-paragraph\">Entre la lucha del diario, mandar la recarga a la isla, el trabajo que no perdona y el remolino de la vida cotidiana en el exilio o en la calle cubana, el cuerpo y la mente terminan pidiendo el apag\u00f3n final. Nos hemos vuelto expertos en resolverle la vida a todo el mundo: a los viejos, a los muchachos, a los hermanos que est\u00e1n cruzando frontera o al socio que necesita una mano. Pero en esa carrera de relevos donde corremos sin freno, se nos olvida la regla de oro: <strong>incl\u00fayete en la lista de cosas que tienes que cuidar esta semana<\/strong>. Si el motor se desbiela, la m\u00e1quina completa se frena.<\/p>\n\n\n\n<hr class=\"wp-block-separator has-alpha-channel-opacity\"\/>\n\n\n\n<p class=\"wp-block-paragraph\"><strong>El s\u00edndrome del \u00abcubano todoterreno\u00bb y la culpa del descanso<\/strong><\/p>\n\n\n\n<p class=\"wp-block-paragraph\">Desde peque\u00f1os nos ense\u00f1aron a \u00abresolver\u00bb. En nuestra cultura, sentarse a respirar a veces se siente casi como una traici\u00f3n o una p\u00e9rdida de tiempo. En Miami o en La Habana, la presi\u00f3n social te exige estar siempre activo, produciendo o apoyando a la familia. Sin embargo, los est\u00e1ndares actuales de bienestar se\u00f1alan que el cansancio acumulado no es un trofeo de guerra; es una alarma encendida.<\/p>\n\n\n\n<hr class=\"wp-block-separator has-alpha-channel-opacity\"\/>\n\n\n\n<div class=\"wp-block-jetpack-related-posts\">\n<h2 class=\"wp-block-heading\">Te puede interesar<\/h2>\n<\/div>\n\n\n\n<p class=\"wp-block-paragraph\">Cuidar de ti no significa irte a un spa de lujo ni desconectarte del planeta si no puedes d\u00e1rselo. Son los detalles peque\u00f1os:<\/p>\n\n\n\n<ul class=\"wp-block-list\">\n<li><strong>Ponle freno al tel\u00e9fono:<\/strong> No tienes que responder cada llamada ni resolver cada crisis familiar al minuto.<\/li>\n\n\n\n<li><strong>Prioriza tu sue\u00f1o y tu plato:<\/strong> Comer a la carrera y dormir cuatro horas pasa factura antes de lo pensado.<\/li>\n\n\n\n<li><strong>Reg\u00e1late una hora sin culpa:<\/strong> Sal a tomarte un caf\u00e9 solo, camina o escucha m\u00fasica sin pensar en la renta ni en los mandados.<\/li>\n<\/ul>\n\n\n\n<hr class=\"wp-block-separator has-alpha-channel-opacity\"\/>\n\n\n\n<p class=\"wp-block-paragraph\"><strong>Romper la inercia: el autocuidado tambi\u00e9n es resistencia<\/strong><\/p>\n\n\n\n<p class=\"wp-block-paragraph\">Empieza a ver tu salud mental y f\u00edsica no como un lujo, sino como la base de todo lo dem\u00e1s. Para poder sostener a los tuyos, primero tienes que estar en pie. Integrar la premisa de <strong>incl\u00fayete en la lista de cosas que tienes que cuidar esta semana<\/strong> en tu rutina diaria es un acto de responsabilidad contigo mismo y con la comunidad que depende de ti. La pr\u00f3xima vez que anotes los pendientes de los pr\u00f3ximos siete d\u00edas, pon tu nombre en el primer lugar.<\/p>\n\n\n\n<hr class=\"wp-block-separator has-alpha-channel-opacity\"\/>\n\n\n\n<p class=\"wp-block-paragraph\">\u00bfSientes que te dejas siempre para el final por estar pendiente de los dem\u00e1s? \u00bfQu\u00e9 vas a hacer por ti esta semana para romper la rutina? \u00a1D\u00e9janos tu comentario y comparte tu experiencia con la comunidad de AKubaa! Si te gust\u00f3 este tema danos like y comp\u00e1rtelo para que llegue a otras personas que necesitan conocerlo.<\/p>\n\n\n\n<hr class=\"wp-block-separator has-alpha-channel-opacity\"\/>\n\n\n\n<h2 class=\"wp-block-heading\">M\u00e1s en Akubaa<\/h2>\n\n\n<ul class=\"wp-block-latest-posts__list is-grid columns-3 wp-block-latest-posts is-layout-grid wp-container-core-latest-posts-is-layout-cda6dc4f wp-block-latest-posts-is-layout-grid\"><li><div class=\"wp-block-latest-posts__featured-image aligncenter\"><a href=\"https:\/\/akubaa.com\/index.php\/2026\/08\/31\/incluyete-en-la-lista-de-cuidados-esta-semana\/\" aria-label=\"Incl\u00fayete en la lista de cosas que tienes que cuidar esta semana\"><img loading=\"lazy\" decoding=\"async\" width=\"150\" height=\"150\" src=\"https:\/\/akubaa.com\/wp-content\/uploads\/2026\/08\/2026-31-agosto-Cuidarte-1-150x150.jpg\" class=\"attachment-thumbnail size-thumbnail wp-post-image\" alt=\"\" style=\"\" srcset=\"https:\/\/akubaa.com\/wp-content\/uploads\/2026\/08\/2026-31-agosto-Cuidarte-1-150x150.jpg 150w, https:\/\/akubaa.com\/wp-content\/uploads\/2026\/08\/2026-31-agosto-Cuidarte-1-300x300.jpg 300w, https:\/\/akubaa.com\/wp-content\/uploads\/2026\/08\/2026-31-agosto-Cuidarte-1-100x100.jpg 100w\" sizes=\"auto, (max-width: 150px) 100vw, 150px\" \/><\/a><\/div><a class=\"wp-block-latest-posts__post-title\" href=\"https:\/\/akubaa.com\/index.php\/2026\/08\/31\/incluyete-en-la-lista-de-cuidados-esta-semana\/\">Incl\u00fayete en la lista de cosas que tienes que cuidar esta semana<\/a><\/li>\n<li><div class=\"wp-block-latest-posts__featured-image aligncenter\"><a href=\"https:\/\/akubaa.com\/index.php\/2026\/08\/30\/reinventarte-en-otro-pais-sin-perder-tu-identidad\/\" aria-label=\"Reinventarte en otro pa\u00eds sin perder tu identidad\"><img loading=\"lazy\" decoding=\"async\" width=\"150\" height=\"150\" src=\"https:\/\/akubaa.com\/wp-content\/uploads\/2026\/08\/2026-30-agosto-reinventarse-en-otro-pais-150x150.jpg\" class=\"attachment-thumbnail size-thumbnail wp-post-image\" alt=\"\" style=\"\" srcset=\"https:\/\/akubaa.com\/wp-content\/uploads\/2026\/08\/2026-30-agosto-reinventarse-en-otro-pais-150x150.jpg 150w, https:\/\/akubaa.com\/wp-content\/uploads\/2026\/08\/2026-30-agosto-reinventarse-en-otro-pais-300x300.jpg 300w, https:\/\/akubaa.com\/wp-content\/uploads\/2026\/08\/2026-30-agosto-reinventarse-en-otro-pais-100x100.jpg 100w\" sizes=\"auto, (max-width: 150px) 100vw, 150px\" \/><\/a><\/div><a class=\"wp-block-latest-posts__post-title\" href=\"https:\/\/akubaa.com\/index.php\/2026\/08\/30\/reinventarte-en-otro-pais-sin-perder-tu-identidad\/\">Reinventarte en otro pa\u00eds sin perder tu identidad<\/a><\/li>\n<li><div class=\"wp-block-latest-posts__featured-image aligncenter\"><a href=\"https:\/\/akubaa.com\/index.php\/2026\/08\/29\/cubaneo-esta-de-moda-cuba-redes\/\" aria-label=\"El cubaneo est\u00e1 de moda: Cuba conquista las redes\"><img loading=\"lazy\" decoding=\"async\" width=\"150\" height=\"150\" src=\"https:\/\/akubaa.com\/wp-content\/uploads\/2026\/08\/2026-29-agosto-el-cubaneo-es-tendencia-150x150.jpg\" class=\"attachment-thumbnail size-thumbnail wp-post-image\" alt=\"\" style=\"\" srcset=\"https:\/\/akubaa.com\/wp-content\/uploads\/2026\/08\/2026-29-agosto-el-cubaneo-es-tendencia-150x150.jpg 150w, https:\/\/akubaa.com\/wp-content\/uploads\/2026\/08\/2026-29-agosto-el-cubaneo-es-tendencia-300x300.jpg 300w, https:\/\/akubaa.com\/wp-content\/uploads\/2026\/08\/2026-29-agosto-el-cubaneo-es-tendencia-100x100.jpg 100w\" sizes=\"auto, (max-width: 150px) 100vw, 150px\" \/><\/a><\/div><a class=\"wp-block-latest-posts__post-title\" href=\"https:\/\/akubaa.com\/index.php\/2026\/08\/29\/cubaneo-esta-de-moda-cuba-redes\/\">El cubaneo est\u00e1 de moda: Cuba conquista las redes<\/a><\/li>\n<\/ul>\n\n\n<p class=\"wp-block-paragraph\"><\/p>\n","protected":false},"excerpt":{"rendered":"<p>Entre la lucha del diario, mandar la recarga a la isla, el trabajo que no perdona y el remolino de la vida cotidiana en el exilio o en la calle cubana, el cuerpo y la mente terminan pidiendo el apag\u00f3n final. Nos hemos vuelto expertos en resolverle la vida a todo el mundo: a los [&hellip;]<\/p>\n","protected":false},"author":6,"featured_media":3352,"comment_status":"open","ping_status":"open","sticky":false,"template":"","format":"standard","meta":{"_jetpack_newsletter_access":"","_jetpack_dont_email_post_to_subs":false,"_jetpack_newsletter_tier_id":0,"_jetpack_memberships_contains_paywalled_content":false,"_jetpack_feature_clip_id":0,"_jetpack_memberships_contains_paid_content":false,"footnotes":"","jetpack_publicize_message":"","jetpack_publicize_feature_enabled":true,"jetpack_social_post_already_shared":true,"jetpack_social_options":{"image_generator_settings":{"template":"highway","default_image_id":0,"font":"","enabled":false},"version":2},"jetpack_post_was_ever_published":false},"categories":[19],"tags":[],"class_list":["post-3349","post","type-post","status-publish","format-standard","has-post-thumbnail","hentry","category-recetas-akubaa"],"yoast_head":"<!-- This site is optimized with the Yoast SEO plugin v28.3 - https:\/\/yoast.com\/product\/yoast-seo-wordpress\/ -->\n<title>Incl\u00fayete en la lista de cosas que tienes que cuidar esta semana - AKubaa<\/title>\n<meta name=\"robots\" content=\"index, follow, max-snippet:-1, max-image-preview:large, max-video-preview:-1\" \/>\n<link rel=\"canonical\" href=\"https:\/\/akubaa.com\/index.php\/2026\/08\/31\/incluyete-en-la-lista-de-cuidados-esta-semana\/\" \/>\n<meta property=\"og:locale\" content=\"es_ES\" \/>\n<meta property=\"og:type\" content=\"article\" \/>\n<meta property=\"og:title\" content=\"Incl\u00fayete en la lista de cosas que tienes que cuidar esta semana - AKubaa\" \/>\n<meta property=\"og:description\" content=\"Entre la lucha del diario, mandar la recarga a la isla, el trabajo que no perdona y el remolino de la vida cotidiana en el exilio o en la calle cubana\" \/>\n<meta property=\"og:url\" content=\"https:\/\/akubaa.com\/index.php\/2026\/08\/31\/incluyete-en-la-lista-de-cuidados-esta-semana\/\" \/>\n<meta property=\"og:site_name\" content=\"AKubaa\" \/>\n<meta property=\"article:publisher\" content=\"https:\/\/www.facebook.com\/akubaa\" \/>\n<meta property=\"article:published_time\" content=\"2026-08-31T20:17:38+00:00\" \/>\n<meta property=\"article:modified_time\" content=\"2026-08-31T21:14:11+00:00\" \/>\n<meta property=\"og:image\" content=\"https:\/\/akubaa.com\/wp-content\/uploads\/2026\/08\/2026-31-agosto-Cuidarte-1.jpg\" \/>\n\t<meta property=\"og:image:width\" content=\"1376\" \/>\n\t<meta property=\"og:image:height\" content=\"768\" \/>\n\t<meta property=\"og:image:type\" content=\"image\/jpeg\" \/>\n<meta name=\"author\" content=\"AKubaaa\" \/>\n<meta name=\"twitter:card\" content=\"summary_large_image\" \/>\n<meta name=\"twitter:label1\" content=\"Escrito por\" \/>\n\t<meta name=\"twitter:data1\" content=\"AKubaaa\" \/>\n\t<meta name=\"twitter:label2\" content=\"Tiempo de lectura\" \/>\n\t<meta name=\"twitter:data2\" content=\"2 minutos\" \/>\n<script type=\"application\/ld+json\" class=\"yoast-schema-graph\">{\"@context\":\"https:\\\/\\\/schema.org\",\"@graph\":[{\"@type\":\"Article\",\"@id\":\"https:\\\/\\\/akubaa.com\\\/index.php\\\/2026\\\/08\\\/31\\\/incluyete-en-la-lista-de-cuidados-esta-semana\\\/#article\",\"isPartOf\":{\"@id\":\"https:\\\/\\\/akubaa.com\\\/index.php\\\/2026\\\/08\\\/31\\\/incluyete-en-la-lista-de-cuidados-esta-semana\\\/\"},\"author\":{\"name\":\"AKubaaa\",\"@id\":\"https:\\\/\\\/akubaa.com\\\/#\\\/schema\\\/person\\\/de1c8f42034d363014d797593cd572ce\"},\"headline\":\"Incl\u00fayete en la lista de cosas que tienes que cuidar esta semana\",\"datePublished\":\"2026-08-31T20:17:38+00:00\",\"dateModified\":\"2026-08-31T21:14:11+00:00\",\"mainEntityOfPage\":{\"@id\":\"https:\\\/\\\/akubaa.com\\\/index.php\\\/2026\\\/08\\\/31\\\/incluyete-en-la-lista-de-cuidados-esta-semana\\\/\"},\"wordCount\":471,\"commentCount\":0,\"publisher\":{\"@id\":\"https:\\\/\\\/akubaa.com\\\/#\\\/schema\\\/person\\\/b096b63c1ad27204e55fabb2cf2153a5\"},\"image\":{\"@id\":\"https:\\\/\\\/akubaa.com\\\/index.php\\\/2026\\\/08\\\/31\\\/incluyete-en-la-lista-de-cuidados-esta-semana\\\/#primaryimage\"},\"thumbnailUrl\":\"https:\\\/\\\/akubaa.com\\\/wp-content\\\/uploads\\\/2026\\\/08\\\/2026-31-agosto-Cuidarte-1.jpg\",\"articleSection\":[\"Recetas AKubaa\"],\"inLanguage\":\"es\",\"potentialAction\":[{\"@type\":\"CommentAction\",\"name\":\"Comment\",\"target\":[\"https:\\\/\\\/akubaa.com\\\/index.php\\\/2026\\\/08\\\/31\\\/incluyete-en-la-lista-de-cuidados-esta-semana\\\/#respond\"]}]},{\"@type\":\"WebPage\",\"@id\":\"https:\\\/\\\/akubaa.com\\\/index.php\\\/2026\\\/08\\\/31\\\/incluyete-en-la-lista-de-cuidados-esta-semana\\\/\",\"url\":\"https:\\\/\\\/akubaa.com\\\/index.php\\\/2026\\\/08\\\/31\\\/incluyete-en-la-lista-de-cuidados-esta-semana\\\/\",\"name\":\"Incl\u00fayete en la lista de cosas que tienes que cuidar esta semana - AKubaa\",\"isPartOf\":{\"@id\":\"https:\\\/\\\/akubaa.com\\\/#website\"},\"primaryImageOfPage\":{\"@id\":\"https:\\\/\\\/akubaa.com\\\/index.php\\\/2026\\\/08\\\/31\\\/incluyete-en-la-lista-de-cuidados-esta-semana\\\/#primaryimage\"},\"image\":{\"@id\":\"https:\\\/\\\/akubaa.com\\\/index.php\\\/2026\\\/08\\\/31\\\/incluyete-en-la-lista-de-cuidados-esta-semana\\\/#primaryimage\"},\"thumbnailUrl\":\"https:\\\/\\\/akubaa.com\\\/wp-content\\\/uploads\\\/2026\\\/08\\\/2026-31-agosto-Cuidarte-1.jpg\",\"datePublished\":\"2026-08-31T20:17:38+00:00\",\"dateModified\":\"2026-08-31T21:14:11+00:00\",\"breadcrumb\":{\"@id\":\"https:\\\/\\\/akubaa.com\\\/index.php\\\/2026\\\/08\\\/31\\\/incluyete-en-la-lista-de-cuidados-esta-semana\\\/#breadcrumb\"},\"inLanguage\":\"es\",\"potentialAction\":[{\"@type\":\"ReadAction\",\"target\":[\"https:\\\/\\\/akubaa.com\\\/index.php\\\/2026\\\/08\\\/31\\\/incluyete-en-la-lista-de-cuidados-esta-semana\\\/\"]}]},{\"@type\":\"ImageObject\",\"inLanguage\":\"es\",\"@id\":\"https:\\\/\\\/akubaa.com\\\/index.php\\\/2026\\\/08\\\/31\\\/incluyete-en-la-lista-de-cuidados-esta-semana\\\/#primaryimage\",\"url\":\"https:\\\/\\\/akubaa.com\\\/wp-content\\\/uploads\\\/2026\\\/08\\\/2026-31-agosto-Cuidarte-1.jpg\",\"contentUrl\":\"https:\\\/\\\/akubaa.com\\\/wp-content\\\/uploads\\\/2026\\\/08\\\/2026-31-agosto-Cuidarte-1.jpg\",\"width\":1376,\"height\":768},{\"@type\":\"BreadcrumbList\",\"@id\":\"https:\\\/\\\/akubaa.com\\\/index.php\\\/2026\\\/08\\\/31\\\/incluyete-en-la-lista-de-cuidados-esta-semana\\\/#breadcrumb\",\"itemListElement\":[{\"@type\":\"ListItem\",\"position\":1,\"name\":\"Portada\",\"item\":\"https:\\\/\\\/akubaa.com\\\/\"},{\"@type\":\"ListItem\",\"position\":2,\"name\":\"Incl\u00fayete en la lista de cosas que tienes que cuidar esta semana\"}]},{\"@type\":\"WebSite\",\"@id\":\"https:\\\/\\\/akubaa.com\\\/#website\",\"url\":\"https:\\\/\\\/akubaa.com\\\/\",\"name\":\"AKubaa\",\"description\":\"Vive ,conoce y disfruta Cuba al estilo de A&amp;K.\",\"publisher\":{\"@id\":\"https:\\\/\\\/akubaa.com\\\/#\\\/schema\\\/person\\\/b096b63c1ad27204e55fabb2cf2153a5\"},\"potentialAction\":[{\"@type\":\"SearchAction\",\"target\":{\"@type\":\"EntryPoint\",\"urlTemplate\":\"https:\\\/\\\/akubaa.com\\\/?s={search_term_string}\"},\"query-input\":{\"@type\":\"PropertyValueSpecification\",\"valueRequired\":true,\"valueName\":\"search_term_string\"}}],\"inLanguage\":\"es\"},{\"@type\":[\"Person\",\"Organization\"],\"@id\":\"https:\\\/\\\/akubaa.com\\\/#\\\/schema\\\/person\\\/b096b63c1ad27204e55fabb2cf2153a5\",\"name\":\"AK\",\"image\":{\"@type\":\"ImageObject\",\"inLanguage\":\"es\",\"@id\":\"https:\\\/\\\/akubaa.com\\\/wp-content\\\/uploads\\\/2025\\\/08\\\/Imagen-17.jpeg\",\"url\":\"https:\\\/\\\/akubaa.com\\\/wp-content\\\/uploads\\\/2025\\\/08\\\/Imagen-17.jpeg\",\"contentUrl\":\"https:\\\/\\\/akubaa.com\\\/wp-content\\\/uploads\\\/2025\\\/08\\\/Imagen-17.jpeg\",\"width\":1024,\"height\":1024,\"caption\":\"AK\"},\"logo\":{\"@id\":\"https:\\\/\\\/akubaa.com\\\/wp-content\\\/uploads\\\/2025\\\/08\\\/Imagen-17.jpeg\"},\"sameAs\":[\"https:\\\/\\\/akubaa.com\",\"https:\\\/\\\/www.facebook.com\\\/akubaa\",\"https:\\\/\\\/www.instagram.com\\\/akubaa?\"]},{\"@type\":\"Person\",\"@id\":\"https:\\\/\\\/akubaa.com\\\/#\\\/schema\\\/person\\\/de1c8f42034d363014d797593cd572ce\",\"name\":\"AKubaaa\",\"image\":{\"@type\":\"ImageObject\",\"inLanguage\":\"es\",\"@id\":\"https:\\\/\\\/secure.gravatar.com\\\/avatar\\\/0e3143a1c5bed6a1473bfcc3dbca7a3657363e77e804fde74e023854a9242926?s=96&r=g&d=https:\\\/\\\/akubaa.com\\\/wp-content\\\/plugins\\\/userswp\\\/assets\\\/images\\\/no_profile.png\",\"url\":\"https:\\\/\\\/secure.gravatar.com\\\/avatar\\\/0e3143a1c5bed6a1473bfcc3dbca7a3657363e77e804fde74e023854a9242926?s=96&r=g&d=https:\\\/\\\/akubaa.com\\\/wp-content\\\/plugins\\\/userswp\\\/assets\\\/images\\\/no_profile.png\",\"contentUrl\":\"https:\\\/\\\/secure.gravatar.com\\\/avatar\\\/0e3143a1c5bed6a1473bfcc3dbca7a3657363e77e804fde74e023854a9242926?s=96&r=g&d=https:\\\/\\\/akubaa.com\\\/wp-content\\\/plugins\\\/userswp\\\/assets\\\/images\\\/no_profile.png\",\"caption\":\"AKubaaa\"},\"url\":\"https:\\\/\\\/akubaa.com\\\/index.php\\\/profile\\\/akubaa\\\/\"}]}<\/script>\n<!-- \/ Yoast SEO plugin. -->","yoast_head_json":{"title":"Incl\u00fayete en la lista de cosas que tienes que cuidar esta semana - AKubaa","robots":{"index":"index","follow":"follow","max-snippet":"max-snippet:-1","max-image-preview":"max-image-preview:large","max-video-preview":"max-video-preview:-1"},"canonical":"https:\/\/akubaa.com\/index.php\/2026\/08\/31\/incluyete-en-la-lista-de-cuidados-esta-semana\/","og_locale":"es_ES","og_type":"article","og_title":"Incl\u00fayete en la lista de cosas que tienes que cuidar esta semana - AKubaa","og_description":"Entre la lucha del diario, mandar la recarga a la isla, el trabajo que no perdona y el remolino de la vida cotidiana en el exilio o en la calle cubana","og_url":"https:\/\/akubaa.com\/index.php\/2026\/08\/31\/incluyete-en-la-lista-de-cuidados-esta-semana\/","og_site_name":"AKubaa","article_publisher":"https:\/\/www.facebook.com\/akubaa","article_published_time":"2026-08-31T20:17:38+00:00","article_modified_time":"2026-08-31T21:14:11+00:00","og_image":[{"width":1376,"height":768,"url":"https:\/\/akubaa.com\/wp-content\/uploads\/2026\/08\/2026-31-agosto-Cuidarte-1.jpg","type":"image\/jpeg"}],"author":"AKubaaa","twitter_card":"summary_large_image","twitter_misc":{"Escrito por":"AKubaaa","Tiempo de lectura":"2 minutos"},"schema":{"@context":"https:\/\/schema.org","@graph":[{"@type":"Article","@id":"https:\/\/akubaa.com\/index.php\/2026\/08\/31\/incluyete-en-la-lista-de-cuidados-esta-semana\/#article","isPartOf":{"@id":"https:\/\/akubaa.com\/index.php\/2026\/08\/31\/incluyete-en-la-lista-de-cuidados-esta-semana\/"},"author":{"name":"AKubaaa","@id":"https:\/\/akubaa.com\/#\/schema\/person\/de1c8f42034d363014d797593cd572ce"},"headline":"Incl\u00fayete en la lista de cosas que tienes que cuidar esta semana","datePublished":"2026-08-31T20:17:38+00:00","dateModified":"2026-08-31T21:14:11+00:00","mainEntityOfPage":{"@id":"https:\/\/akubaa.com\/index.php\/2026\/08\/31\/incluyete-en-la-lista-de-cuidados-esta-semana\/"},"wordCount":471,"commentCount":0,"publisher":{"@id":"https:\/\/akubaa.com\/#\/schema\/person\/b096b63c1ad27204e55fabb2cf2153a5"},"image":{"@id":"https:\/\/akubaa.com\/index.php\/2026\/08\/31\/incluyete-en-la-lista-de-cuidados-esta-semana\/#primaryimage"},"thumbnailUrl":"https:\/\/akubaa.com\/wp-content\/uploads\/2026\/08\/2026-31-agosto-Cuidarte-1.jpg","articleSection":["Recetas AKubaa"],"inLanguage":"es","potentialAction":[{"@type":"CommentAction","name":"Comment","target":["https:\/\/akubaa.com\/index.php\/2026\/08\/31\/incluyete-en-la-lista-de-cuidados-esta-semana\/#respond"]}]},{"@type":"WebPage","@id":"https:\/\/akubaa.com\/index.php\/2026\/08\/31\/incluyete-en-la-lista-de-cuidados-esta-semana\/","url":"https:\/\/akubaa.com\/index.php\/2026\/08\/31\/incluyete-en-la-lista-de-cuidados-esta-semana\/","name":"Incl\u00fayete en la lista de cosas que tienes que cuidar esta semana - AKubaa","isPartOf":{"@id":"https:\/\/akubaa.com\/#website"},"primaryImageOfPage":{"@id":"https:\/\/akubaa.com\/index.php\/2026\/08\/31\/incluyete-en-la-lista-de-cuidados-esta-semana\/#primaryimage"},"image":{"@id":"https:\/\/akubaa.com\/index.php\/2026\/08\/31\/incluyete-en-la-lista-de-cuidados-esta-semana\/#primaryimage"},"thumbnailUrl":"https:\/\/akubaa.com\/wp-content\/uploads\/2026\/08\/2026-31-agosto-Cuidarte-1.jpg","datePublished":"2026-08-31T20:17:38+00:00","dateModified":"2026-08-31T21:14:11+00:00","breadcrumb":{"@id":"https:\/\/akubaa.com\/index.php\/2026\/08\/31\/incluyete-en-la-lista-de-cuidados-esta-semana\/#breadcrumb"},"inLanguage":"es","potentialAction":[{"@type":"ReadAction","target":["https:\/\/akubaa.com\/index.php\/2026\/08\/31\/incluyete-en-la-lista-de-cuidados-esta-semana\/"]}]},{"@type":"ImageObject","inLanguage":"es","@id":"https:\/\/akubaa.com\/index.php\/2026\/08\/31\/incluyete-en-la-lista-de-cuidados-esta-semana\/#primaryimage","url":"https:\/\/akubaa.com\/wp-content\/uploads\/2026\/08\/2026-31-agosto-Cuidarte-1.jpg","contentUrl":"https:\/\/akubaa.com\/wp-content\/uploads\/2026\/08\/2026-31-agosto-Cuidarte-1.jpg","width":1376,"height":768},{"@type":"BreadcrumbList","@id":"https:\/\/akubaa.com\/index.php\/2026\/08\/31\/incluyete-en-la-lista-de-cuidados-esta-semana\/#breadcrumb","itemListElement":[{"@type":"ListItem","position":1,"name":"Portada","item":"https:\/\/akubaa.com\/"},{"@type":"ListItem","position":2,"name":"Incl\u00fayete en la lista de cosas que tienes que cuidar esta semana"}]},{"@type":"WebSite","@id":"https:\/\/akubaa.com\/#website","url":"https:\/\/akubaa.com\/","name":"AKubaa","description":"Vive ,conoce y disfruta Cuba al estilo de A&amp;K.","publisher":{"@id":"https:\/\/akubaa.com\/#\/schema\/person\/b096b63c1ad27204e55fabb2cf2153a5"},"potentialAction":[{"@type":"SearchAction","target":{"@type":"EntryPoint","urlTemplate":"https:\/\/akubaa.com\/?s={search_term_string}"},"query-input":{"@type":"PropertyValueSpecification","valueRequired":true,"valueName":"search_term_string"}}],"inLanguage":"es"},{"@type":["Person","Organization"],"@id":"https:\/\/akubaa.com\/#\/schema\/person\/b096b63c1ad27204e55fabb2cf2153a5","name":"AK","image":{"@type":"ImageObject","inLanguage":"es","@id":"https:\/\/akubaa.com\/wp-content\/uploads\/2025\/08\/Imagen-17.jpeg","url":"https:\/\/akubaa.com\/wp-content\/uploads\/2025\/08\/Imagen-17.jpeg","contentUrl":"https:\/\/akubaa.com\/wp-content\/uploads\/2025\/08\/Imagen-17.jpeg","width":1024,"height":1024,"caption":"AK"},"logo":{"@id":"https:\/\/akubaa.com\/wp-content\/uploads\/2025\/08\/Imagen-17.jpeg"},"sameAs":["https:\/\/akubaa.com","https:\/\/www.facebook.com\/akubaa","https:\/\/www.instagram.com\/akubaa?"]},{"@type":"Person","@id":"https:\/\/akubaa.com\/#\/schema\/person\/de1c8f42034d363014d797593cd572ce","name":"AKubaaa","image":{"@type":"ImageObject","inLanguage":"es","@id":"https:\/\/secure.gravatar.com\/avatar\/0e3143a1c5bed6a1473bfcc3dbca7a3657363e77e804fde74e023854a9242926?s=96&r=g&d=https:\/\/akubaa.com\/wp-content\/plugins\/userswp\/assets\/images\/no_profile.png","url":"https:\/\/secure.gravatar.com\/avatar\/0e3143a1c5bed6a1473bfcc3dbca7a3657363e77e804fde74e023854a9242926?s=96&r=g&d=https:\/\/akubaa.com\/wp-content\/plugins\/userswp\/assets\/images\/no_profile.png","contentUrl":"https:\/\/secure.gravatar.com\/avatar\/0e3143a1c5bed6a1473bfcc3dbca7a3657363e77e804fde74e023854a9242926?s=96&r=g&d=https:\/\/akubaa.com\/wp-content\/plugins\/userswp\/assets\/images\/no_profile.png","caption":"AKubaaa"},"url":"https:\/\/akubaa.com\/index.php\/profile\/akubaa\/"}]}},"jetpack_publicize_connections":[],"jetpack_sharing_enabled":true,"jetpack_likes_enabled":true,"jetpack-related-posts":[{"id":3303,"url":"https:\/\/akubaa.com\/index.php\/2026\/08\/24\/formula-eterna-juventud-manejar-estres\/","url_meta":{"origin":3349,"position":0},"title":"La f\u00f3rmula de la eterna juventud: 5 claves para manejar el estr\u00e9s con \u00e9xito","author":"AKubaaa","date":"08\/24\/2026","format":false,"excerpt":"\u00bfSientes que vas a mil por hora y sin frenos hacia ninguna parte? Ves un video en redes y no aguantas ni diez segundos; empiezas a leer un libro y lo cierras por la mitad. A m\u00ed tambi\u00e9n me ha pasado. Hay d\u00edas en que la cabeza sencillamente no da\u2026","rel":"","context":"En \u00abRecetas AKubaa\u00bb","block_context":{"text":"Recetas AKubaa","link":"https:\/\/akubaa.com\/index.php\/category\/recetas-akubaa\/"},"img":{"alt_text":"","src":"https:\/\/i0.wp.com\/akubaa.com\/wp-content\/uploads\/2026\/08\/2026-24-agosto-Formula-eterna-juventud.jpg?resize=350%2C200&ssl=1","width":350,"height":200,"srcset":"https:\/\/i0.wp.com\/akubaa.com\/wp-content\/uploads\/2026\/08\/2026-24-agosto-Formula-eterna-juventud.jpg?resize=350%2C200&ssl=1 1x, https:\/\/i0.wp.com\/akubaa.com\/wp-content\/uploads\/2026\/08\/2026-24-agosto-Formula-eterna-juventud.jpg?resize=525%2C300&ssl=1 1.5x, https:\/\/i0.wp.com\/akubaa.com\/wp-content\/uploads\/2026\/08\/2026-24-agosto-Formula-eterna-juventud.jpg?resize=700%2C400&ssl=1 2x, https:\/\/i0.wp.com\/akubaa.com\/wp-content\/uploads\/2026\/08\/2026-24-agosto-Formula-eterna-juventud.jpg?resize=1050%2C600&ssl=1 3x"},"classes":[]},{"id":2801,"url":"https:\/\/akubaa.com\/index.php\/2026\/03\/21\/las-deportaciones-para-los-cubanos\/","url_meta":{"origin":3349,"position":1},"title":"EEUU no frena las deportaciones: el vuelo que aterriz\u00f3 en La Habana tambi\u00e9n aterriz\u00f3 en el miedo.","author":"AK","date":"03\/21\/2026","format":false,"excerpt":"Hablar de\u00a0deportaciones de cubanos desde Estados Unidos\u00a0ya no es hablar de una noticia aislada. Es hablar de una herida abierta. Este 19 de marzo, otro avi\u00f3n cay\u00f3 en La Habana con 117 cubanos a bordo: 89 hombres y 28 mujeres. Con ese vuelo, ya suman 403 deportados desde EEUU en\u2026","rel":"","context":"Entrada similar","block_context":{"text":"Entrada similar","link":""},"img":{"alt_text":"","src":"https:\/\/i0.wp.com\/akubaa.com\/wp-content\/uploads\/2026\/03\/image-24.png?resize=350%2C200&ssl=1","width":350,"height":200,"srcset":"https:\/\/i0.wp.com\/akubaa.com\/wp-content\/uploads\/2026\/03\/image-24.png?resize=350%2C200&ssl=1 1x, https:\/\/i0.wp.com\/akubaa.com\/wp-content\/uploads\/2026\/03\/image-24.png?resize=525%2C300&ssl=1 1.5x, https:\/\/i0.wp.com\/akubaa.com\/wp-content\/uploads\/2026\/03\/image-24.png?resize=700%2C400&ssl=1 2x, https:\/\/i0.wp.com\/akubaa.com\/wp-content\/uploads\/2026\/03\/image-24.png?resize=1050%2C600&ssl=1 3x, https:\/\/i0.wp.com\/akubaa.com\/wp-content\/uploads\/2026\/03\/image-24.png?resize=1400%2C800&ssl=1 4x"},"classes":[]},{"id":2980,"url":"https:\/\/akubaa.com\/index.php\/2026\/04\/04\/empresarios-cubanos-y-la-inversion-en-cuba\/","url_meta":{"origin":3349,"position":2},"title":"\u201cCuba en pausa\u2026 pero el dinero listo: empresarios del exilio dicen \u2018s\u00ed\u2019, pero con una condici\u00f3n\u201d.","author":"AK","date":"04\/04\/2026","format":false,"excerpt":"Empresarios cubanos y la inversi\u00f3n en Cuba: la promesa que espera un cambio real Te lo digo como lo siento: hay algo poderoso \u2014y peligroso\u2014 en lo que pas\u00f3 en Miami esta semana. No fue solo una reuni\u00f3n elegante con empresarios fumando puros y recordando historias familiares. Fue, en esencia,\u2026","rel":"","context":"En \u00abNoticias y Actualidad\u00bb","block_context":{"text":"Noticias y Actualidad","link":"https:\/\/akubaa.com\/index.php\/category\/noticias-y-actualidad\/"},"img":{"alt_text":"","src":"https:\/\/i0.wp.com\/akubaa.com\/wp-content\/uploads\/2026\/04\/image-8.png?resize=350%2C200&ssl=1","width":350,"height":200,"srcset":"https:\/\/i0.wp.com\/akubaa.com\/wp-content\/uploads\/2026\/04\/image-8.png?resize=350%2C200&ssl=1 1x, https:\/\/i0.wp.com\/akubaa.com\/wp-content\/uploads\/2026\/04\/image-8.png?resize=525%2C300&ssl=1 1.5x, https:\/\/i0.wp.com\/akubaa.com\/wp-content\/uploads\/2026\/04\/image-8.png?resize=700%2C400&ssl=1 2x, https:\/\/i0.wp.com\/akubaa.com\/wp-content\/uploads\/2026\/04\/image-8.png?resize=1050%2C600&ssl=1 3x, https:\/\/i0.wp.com\/akubaa.com\/wp-content\/uploads\/2026\/04\/image-8.png?resize=1400%2C800&ssl=1 4x"},"classes":[]},{"id":2914,"url":"https:\/\/akubaa.com\/index.php\/2026\/03\/28\/intervencion-militar-en-cuba\/","url_meta":{"origin":3349,"position":3},"title":"\u201c\u00bfGuerra o pol\u00edtica?\u201d: La propuesta que busca frenar una intervenci\u00f3n militar de Trump en Cuba sacude Washington.","author":"AK","date":"03\/28\/2026","format":false,"excerpt":"Hay momentos en que la pol\u00edtica deja de ser un discurso lejano y se convierte en algo que uno siente en el pecho. Esta semana fue uno de esos momentos. Mientras en Cuba la gente sigue resolviendo el d\u00eda a d\u00eda entre apagones, colas y paciencia infinita, en Washington se\u2026","rel":"","context":"En \u00abNoticias y Actualidad\u00bb","block_context":{"text":"Noticias y Actualidad","link":"https:\/\/akubaa.com\/index.php\/category\/noticias-y-actualidad\/"},"img":{"alt_text":"","src":"https:\/\/i0.wp.com\/akubaa.com\/wp-content\/uploads\/2026\/03\/image-75.png?resize=350%2C200&ssl=1","width":350,"height":200,"srcset":"https:\/\/i0.wp.com\/akubaa.com\/wp-content\/uploads\/2026\/03\/image-75.png?resize=350%2C200&ssl=1 1x, https:\/\/i0.wp.com\/akubaa.com\/wp-content\/uploads\/2026\/03\/image-75.png?resize=525%2C300&ssl=1 1.5x, https:\/\/i0.wp.com\/akubaa.com\/wp-content\/uploads\/2026\/03\/image-75.png?resize=700%2C400&ssl=1 2x, https:\/\/i0.wp.com\/akubaa.com\/wp-content\/uploads\/2026\/03\/image-75.png?resize=1050%2C600&ssl=1 3x, https:\/\/i0.wp.com\/akubaa.com\/wp-content\/uploads\/2026\/03\/image-75.png?resize=1400%2C800&ssl=1 4x"},"classes":[]},{"id":795,"url":"https:\/\/akubaa.com\/index.php\/2025\/07\/17\/1-000-dolares-en-cuba\/","url_meta":{"origin":3349,"position":4},"title":"\u201c\u00bf1,000 d\u00f3lares?. \u00a1Ni lo intentes sin leer esto antes!.\u201d","author":"AK","date":"07\/17\/2025","format":false,"excerpt":"Cuando descubriste que enviar m\u00e1s de 1,000 d\u00f3lares en Cuba pod\u00eda convertirse en un problema, probablemente ya era tarde.\u00a0Y cr\u00e9eme, no eres la \u00fanica persona que ha quedado varada frente al m\u00f3vil, viendo c\u00f3mo la transferencia \u201cno se puede procesar por superar el l\u00edmite permitido\u201d. Lo curioso es que\u00a0esto tiene\u2026","rel":"","context":"Entrada similar","block_context":{"text":"Entrada similar","link":""},"img":{"alt_text":"","src":"https:\/\/i0.wp.com\/akubaa.com\/wp-content\/uploads\/2025\/07\/image-26.png?resize=350%2C200&ssl=1","width":350,"height":200,"srcset":"https:\/\/i0.wp.com\/akubaa.com\/wp-content\/uploads\/2025\/07\/image-26.png?resize=350%2C200&ssl=1 1x, https:\/\/i0.wp.com\/akubaa.com\/wp-content\/uploads\/2025\/07\/image-26.png?resize=525%2C300&ssl=1 1.5x, https:\/\/i0.wp.com\/akubaa.com\/wp-content\/uploads\/2025\/07\/image-26.png?resize=700%2C400&ssl=1 2x, https:\/\/i0.wp.com\/akubaa.com\/wp-content\/uploads\/2025\/07\/image-26.png?resize=1050%2C600&ssl=1 3x, https:\/\/i0.wp.com\/akubaa.com\/wp-content\/uploads\/2025\/07\/image-26.png?resize=1400%2C800&ssl=1 4x"},"classes":[]},{"id":2091,"url":"https:\/\/akubaa.com\/index.php\/2025\/12\/02\/trump-ordena-cancelar-procesos-de-ciudadania-residencia-y-asilo\/","url_meta":{"origin":3349,"position":5},"title":"\u201cCuando el silencio duele m\u00e1s que la noticia\u201d","author":"AK","date":"12\/02\/2025","format":false,"excerpt":"Trump ordena cancelar procesos de ciudadan\u00eda, residencia y asilo para cubanos y otros 18 pa\u00edses Todav\u00eda no eran las seis cuando me empez\u00f3 a vibrar el tel\u00e9fono como si estuviera pose\u00eddo. Miami amanec\u00eda nublado, ese gris tan particular que avisa tormenta o noticia grande, y yo ya present\u00eda que algo\u2026","rel":"","context":"En \u00abNoticias y Actualidad\u00bb","block_context":{"text":"Noticias y Actualidad","link":"https:\/\/akubaa.com\/index.php\/category\/noticias-y-actualidad\/"},"img":{"alt_text":"","src":"https:\/\/i0.wp.com\/akubaa.com\/wp-content\/uploads\/2025\/12\/image-2.png?resize=350%2C200&ssl=1","width":350,"height":200,"srcset":"https:\/\/i0.wp.com\/akubaa.com\/wp-content\/uploads\/2025\/12\/image-2.png?resize=350%2C200&ssl=1 1x, https:\/\/i0.wp.com\/akubaa.com\/wp-content\/uploads\/2025\/12\/image-2.png?resize=525%2C300&ssl=1 1.5x, https:\/\/i0.wp.com\/akubaa.com\/wp-content\/uploads\/2025\/12\/image-2.png?resize=700%2C400&ssl=1 2x, https:\/\/i0.wp.com\/akubaa.com\/wp-content\/uploads\/2025\/12\/image-2.png?resize=1050%2C600&ssl=1 3x, https:\/\/i0.wp.com\/akubaa.com\/wp-content\/uploads\/2025\/12\/image-2.png?resize=1400%2C800&ssl=1 4x"},"classes":[]}],"jetpack_shortlink":"https:\/\/wp.me\/pgrKo3-S1","jetpack_featured_media_url":"https:\/\/akubaa.com\/wp-content\/uploads\/2026\/08\/2026-31-agosto-Cuidarte-1.jpg","_links":{"self":[{"href":"https:\/\/akubaa.com\/index.php\/wp-json\/wp\/v2\/posts\/3349","targetHints":{"allow":["GET"]}}],"collection":[{"href":"https:\/\/akubaa.com\/index.php\/wp-json\/wp\/v2\/posts"}],"about":[{"href":"https:\/\/akubaa.com\/index.php\/wp-json\/wp\/v2\/types\/post"}],"author":[{"embeddable":true,"href":"https:\/\/akubaa.com\/index.php\/wp-json\/wp\/v2\/users\/6"}],"replies":[{"embeddable":true,"href":"https:\/\/akubaa.com\/index.php\/wp-json\/wp\/v2\/comments?post=3349"}],"version-history":[{"count":2,"href":"https:\/\/akubaa.com\/index.php\/wp-json\/wp\/v2\/posts\/3349\/revisions"}],"predecessor-version":[{"id":3353,"href":"https:\/\/akubaa.com\/index.php\/wp-json\/wp\/v2\/posts\/3349\/revisions\/3353"}],"wp:featuredmedia":[{"embeddable":true,"href":"https:\/\/akubaa.com\/index.php\/wp-json\/wp\/v2\/media\/3352"}],"wp:attachment":[{"href":"https:\/\/akubaa.com\/index.php\/wp-json\/wp\/v2\/media?parent=3349"}],"wp:term":[{"taxonomy":"category","embeddable":true,"href":"https:\/\/akubaa.com\/index.php\/wp-json\/wp\/v2\/categories?post=3349"},{"taxonomy":"post_tag","embeddable":true,"href":"https:\/\/akubaa.com\/index.php\/wp-json\/wp\/v2\/tags?post=3349"}],"curies":[{"name":"wp","href":"https:\/\/api.w.org\/{rel}","templated":true}]}}