{"id":3193,"date":"2026-07-22T14:42:35","date_gmt":"2026-07-22T18:42:35","guid":{"rendered":"https:\/\/akubaa.com\/?p=3193"},"modified":"2026-07-22T14:43:46","modified_gmt":"2026-07-22T18:43:46","slug":"melia-abandona-cuba-impacto-turismo-hoteles-espanoles","status":"publish","type":"post","link":"https:\/\/akubaa.com\/index.php\/2026\/07\/22\/melia-abandona-cuba-impacto-turismo-hoteles-espanoles\/","title":{"rendered":"Meli\u00e1 se marcha de Cuba: el movimiento que puede cambiar para siempre el mapa hotelero de la isla."},"content":{"rendered":"\n<p class=\"wp-block-paragraph\">Durante a\u00f1os, los grandes hoteles cubanos parec\u00edan vivir dentro de una burbuja: piscinas impecables, edificios frente al mar y promesas de vacaciones paradis\u00edacas, mientras afuera la realidad del pa\u00eds se deterioraba. Pero esa burbuja acaba de romperse. La presi\u00f3n de Estados Unidos sobre el turismo cubano ya no es una amenaza distante.\u00a0<strong>Meli\u00e1 Hotels International confirm\u00f3 que terminar\u00e1 todas sus operaciones en Cuba el 24 de julio de 2026<\/strong>, apenas unos d\u00edas despu\u00e9s de reconocer que estudiaba diferentes escenarios para proteger su negocio. Yo no veo esta decisi\u00f3n como un simple reajuste empresarial. La veo como una se\u00f1al de que el modelo tur\u00edstico cubano est\u00e1 entrando en una etapa mucho m\u00e1s peligrosa.<\/p>\n\n\n\n<hr class=\"wp-block-separator has-alpha-channel-opacity\"\/>\n\n\n\n<h3 class=\"wp-block-heading\">Meli\u00e1 en Cuba pasa de reducir hoteles a retirarse completamente.<\/h3>\n\n\n\n<p class=\"wp-block-paragraph\">\u00bfSab\u00edas que\u00a0<strong>Meli\u00e1 lleg\u00f3 a gestionar 34 hoteles y cerca de 14,000 habitaciones en Cuba<\/strong>?. Su presencia era tan extensa que resultaba dif\u00edcil separar la imagen internacional del turismo cubano de la marca espa\u00f1ola.<\/p>\n\n\n\n<p class=\"wp-block-paragraph\">La retirada no ocurri\u00f3 de golpe. A comienzos de junio, la compa\u00f1\u00eda dej\u00f3 de gestionar 15 hoteles vinculados al grupo estatal Gaviota. Muchos ya permanec\u00edan cerrados o funcionaban con una demanda muy reducida.<\/p>\n\n\n\n<p class=\"wp-block-paragraph\">Sin embargo, las nuevas sanciones estadounidenses contra el&nbsp;<strong>Ministerio de Turismo de Cuba<\/strong>, conocido como MINTUR, cambiaron nuevamente el tablero. Washington tambi\u00e9n ha endurecido las restricciones contra entidades estatales relacionadas con el comercio, las finanzas, la energ\u00eda y el transporte mar\u00edtimo.<\/p>\n\n\n\n<p class=\"wp-block-paragraph\">Cuando descubr\u00ed que Meli\u00e1 cancelar\u00eda todos sus contratos y servicios en la isla, comprend\u00ed que ya no est\u00e1bamos hablando de preparativos. Estamos hablando de una salida definitiva provocada por una combinaci\u00f3n explosiva: sanciones, inseguridad jur\u00eddica, apagones, falta de combustible y desplome del turismo.<\/p>\n\n\n\n<hr class=\"wp-block-separator has-alpha-channel-opacity\"\/>\n\n\n\n<div class=\"wp-block-jetpack-related-posts\">\n<h2 class=\"wp-block-heading\">Te Puede Interesar <\/h2>\n<\/div>\n\n\n\n<hr class=\"wp-block-separator has-alpha-channel-opacity\"\/>\n\n\n\n<h3 class=\"wp-block-heading\">Barcel\u00f3 reduce su presencia mientras aumenta la incertidumbre.<\/h3>\n\n\n\n<p class=\"wp-block-paragraph\"><strong>Barcel\u00f3 Hotel Group<\/strong>&nbsp;tambi\u00e9n ha tenido que adaptarse. Seg\u00fan la informaci\u00f3n conocida, la cadena mantiene operativo el&nbsp;<strong>Barcel\u00f3 Solymar<\/strong>, en Varadero, mientras otro establecimiento permanece cerrado por la ca\u00edda de la demanda.<\/p>\n\n\n\n<figure class=\"wp-block-table\"><table class=\"has-fixed-layout\"><thead><tr><th>Cadena hotelera<\/th><th>Situaci\u00f3n en Cuba<\/th><\/tr><\/thead><tbody><tr><td><strong>Meli\u00e1<\/strong><\/td><td>Salida total anunciada para el 24 de julio<\/td><\/tr><tr><td><strong>Barcel\u00f3<\/strong><\/td><td>Presencia reducida y un hotel operativo<\/td><\/tr><tr><td><strong>Iberostar<\/strong><\/td><td>Retirada previa de varios establecimientos<\/td><\/tr><\/tbody><\/table><\/figure>\n\n\n\n<p class=\"wp-block-paragraph\">Barcel\u00f3 no ha anunciado una salida total, pero resulta evidente que observa cada movimiento de Washington. Para cualquier compa\u00f1\u00eda internacional, trabajar con entidades cubanas sancionadas puede provocar bloqueos financieros, dificultades bancarias y riesgos en otros mercados.<\/p>\n\n\n\n<hr class=\"wp-block-separator has-alpha-channel-opacity\"\/>\n\n\n\n<h3 class=\"wp-block-heading\">El verdadero problema no est\u00e1 solamente en Washington.<\/h3>\n\n\n\n<p class=\"wp-block-paragraph\">Ser\u00eda demasiado f\u00e1cil responsabilizar exclusivamente a las sanciones. Estas tienen un peso evidente, pero la crisis del&nbsp;<strong>turismo en Cuba<\/strong>&nbsp;tambi\u00e9n nace de problemas internos: deterioro de los servicios, cortes el\u00e9ctricos, escasez, problemas de transporte y una infraestructura que envejece m\u00e1s r\u00e1pido de lo que puede repararse.<\/p>\n\n\n\n<p class=\"wp-block-paragraph\">El turista actual compara precios, experiencias y seguridad. Cuba ya no compite \u00fanicamente con sus playas; compite con Rep\u00fablica Dominicana, M\u00e9xico, Jamaica y otros destinos capaces de ofrecer mayor estabilidad.<\/p>\n\n\n\n<p class=\"wp-block-paragraph\">Cuando aprend\u00ed a mirar el turismo como una industria y no como una postal, entend\u00ed algo b\u00e1sico: ninguna playa, por hermosa que sea, puede compensar indefinidamente un sistema que no garantiza electricidad, suministros ni conectividad.<\/p>\n\n\n\n<hr class=\"wp-block-separator has-alpha-channel-opacity\"\/>\n\n\n\n\n\n<hr class=\"wp-block-separator has-alpha-channel-opacity\"\/>\n\n\n\n<h3 class=\"wp-block-heading\">La opini\u00f3n de los usuarios: preocupaci\u00f3n, enojo y dudas.<\/h3>\n\n\n\n<p class=\"wp-block-paragraph\">Entre cubanos dentro y fuera de la isla aparecen posiciones muy diferentes. Algunos consideran que las sanciones aumentar\u00e1n el sufrimiento de los trabajadores. Otros se\u00f1alan que las cadenas extranjeras no pueden seguir sosteniendo negocios asociados con estructuras estatales poco transparentes. Tambi\u00e9n existe una pregunta inevitable: \u00bfqu\u00e9 ocurrir\u00e1 con los empleados, proveedores y peque\u00f1os negocios que depend\u00edan de esos hoteles?.<\/p>\n\n\n\n<hr class=\"wp-block-separator has-alpha-channel-opacity\"\/>\n\n\n\n<h3 class=\"wp-block-heading\">La visi\u00f3n de AKubaa.<\/h3>\n\n\n\n<p class=\"wp-block-paragraph\"><strong><a href=\"https:\/\/akmundovirtual.com\/#google_vignette\" data-type=\"link\" data-id=\"https:\/\/akmundovirtual.com\/#google_vignette\">Desde\u00a0AKubaa,<\/a><\/strong> yo veo la salida de Meli\u00e1 como una advertencia enorme. Cuando una empresa internacional con d\u00e9cadas de experiencia decide marcharse, no lo hace por un titular ni por una emoci\u00f3n pol\u00edtica. Lo hace porque considera que el riesgo super\u00f3 las oportunidades. Te recomiendo seguir las redes de\u00a0<strong><a href=\"https:\/\/akubaa.com\" data-type=\"link\" data-id=\"https:\/\/akubaa.com\">AKubaa\u00a0<\/a><\/strong>y suscribirte a nuestra p\u00e1gina para no perder ning\u00fan detalle de los cambios que est\u00e1n por llegar.\u00bfCrees que la salida de Meli\u00e1 ser\u00e1 el comienzo de una retirada completa de las hoteleras extranjeras de Cuba?. \u00danete a la conversaci\u00f3n y d\u00e9jame tu opini\u00f3n.<\/p>\n\n\n\n<hr class=\"wp-block-separator has-alpha-channel-opacity\"\/>\n\n\n\n<h2 class=\"wp-block-heading\">M\u00e1s en AKubaa<\/h2>\n\n\n<ul class=\"wp-block-latest-posts__list is-grid wp-block-latest-posts is-layout-flow wp-block-latest-posts-is-layout-flow\"><li><div class=\"wp-block-latest-posts__featured-image aligncenter\"><a href=\"https:\/\/akubaa.com\/index.php\/2026\/09\/05\/mejores-series-para-maratonear-fin-de-semana\/\" aria-label=\"Las mejores series para maratonear un fin de semana\"><img loading=\"lazy\" decoding=\"async\" width=\"150\" height=\"150\" src=\"https:\/\/akubaa.com\/wp-content\/uploads\/2026\/09\/2026-5-sep-series-fin-de-semana-150x150.jpg\" class=\"attachment-thumbnail size-thumbnail wp-post-image\" alt=\"\" style=\"\" srcset=\"https:\/\/akubaa.com\/wp-content\/uploads\/2026\/09\/2026-5-sep-series-fin-de-semana-150x150.jpg 150w, https:\/\/akubaa.com\/wp-content\/uploads\/2026\/09\/2026-5-sep-series-fin-de-semana-300x300.jpg 300w, https:\/\/akubaa.com\/wp-content\/uploads\/2026\/09\/2026-5-sep-series-fin-de-semana-100x100.jpg 100w\" sizes=\"auto, (max-width: 150px) 100vw, 150px\" \/><\/a><\/div><a class=\"wp-block-latest-posts__post-title\" href=\"https:\/\/akubaa.com\/index.php\/2026\/09\/05\/mejores-series-para-maratonear-fin-de-semana\/\">Las mejores series para maratonear un fin de semana<\/a><\/li>\n<li><div class=\"wp-block-latest-posts__featured-image aligncenter\"><a href=\"https:\/\/akubaa.com\/index.php\/2026\/09\/04\/reciclaje-creativo-thrifting\/\" aria-label=\"\u00bfPor qu\u00e9 la juventud prefiere el reciclaje creativo?\"><img loading=\"lazy\" decoding=\"async\" width=\"150\" height=\"150\" src=\"https:\/\/akubaa.com\/wp-content\/uploads\/2026\/09\/2026-4-septiembre-moda-vintage-150x150.jpg\" class=\"attachment-thumbnail size-thumbnail wp-post-image\" alt=\"\" style=\"\" srcset=\"https:\/\/akubaa.com\/wp-content\/uploads\/2026\/09\/2026-4-septiembre-moda-vintage-150x150.jpg 150w, https:\/\/akubaa.com\/wp-content\/uploads\/2026\/09\/2026-4-septiembre-moda-vintage-300x300.jpg 300w, https:\/\/akubaa.com\/wp-content\/uploads\/2026\/09\/2026-4-septiembre-moda-vintage-100x100.jpg 100w\" sizes=\"auto, (max-width: 150px) 100vw, 150px\" \/><\/a><\/div><a class=\"wp-block-latest-posts__post-title\" href=\"https:\/\/akubaa.com\/index.php\/2026\/09\/04\/reciclaje-creativo-thrifting\/\">\u00bfPor qu\u00e9 la juventud prefiere el reciclaje creativo?<\/a><\/li>\n<li><div class=\"wp-block-latest-posts__featured-image aligncenter\"><a href=\"https:\/\/akubaa.com\/index.php\/2026\/09\/03\/perdida-tradiciones-cubanas-virgen-caridad\/\" aria-label=\"\u00bfSe est\u00e1n perdiendo las tradiciones cubanas?\"><img loading=\"lazy\" decoding=\"async\" width=\"150\" height=\"150\" src=\"https:\/\/akubaa.com\/wp-content\/uploads\/2026\/09\/2026-3-sep-perdida-tradiciones-en-cuba-150x150.jpg\" class=\"attachment-thumbnail size-thumbnail wp-post-image\" alt=\"\" style=\"\" srcset=\"https:\/\/akubaa.com\/wp-content\/uploads\/2026\/09\/2026-3-sep-perdida-tradiciones-en-cuba-150x150.jpg 150w, https:\/\/akubaa.com\/wp-content\/uploads\/2026\/09\/2026-3-sep-perdida-tradiciones-en-cuba-300x300.jpg 300w, https:\/\/akubaa.com\/wp-content\/uploads\/2026\/09\/2026-3-sep-perdida-tradiciones-en-cuba-100x100.jpg 100w\" sizes=\"auto, (max-width: 150px) 100vw, 150px\" \/><\/a><\/div><a class=\"wp-block-latest-posts__post-title\" href=\"https:\/\/akubaa.com\/index.php\/2026\/09\/03\/perdida-tradiciones-cubanas-virgen-caridad\/\">\u00bfSe est\u00e1n perdiendo las tradiciones cubanas?<\/a><\/li>\n<\/ul>","protected":false},"excerpt":{"rendered":"<p>Durante a\u00f1os, los grandes hoteles cubanos parec\u00edan vivir dentro de una burbuja: piscinas impecables, edificios frente al mar y promesas de vacaciones paradis\u00edacas, mientras afuera la realidad del pa\u00eds se deterioraba. Pero esa burbuja acaba de romperse. La presi\u00f3n de Estados Unidos sobre el turismo cubano ya no es una amenaza distante.\u00a0Meli\u00e1 Hotels International confirm\u00f3 [&hellip;]<\/p>\n","protected":false},"author":6,"featured_media":3194,"comment_status":"open","ping_status":"open","sticky":false,"template":"","format":"standard","meta":{"_jetpack_newsletter_access":"","_jetpack_dont_email_post_to_subs":false,"_jetpack_newsletter_tier_id":0,"_jetpack_memberships_contains_paywalled_content":false,"_jetpack_feature_clip_id":0,"_jetpack_memberships_contains_paid_content":false,"footnotes":"","jetpack_publicize_message":"","jetpack_publicize_feature_enabled":true,"jetpack_social_post_already_shared":false,"jetpack_social_options":{"image_generator_settings":{"template":"highway","default_image_id":0,"font":"","enabled":false},"version":2},"jetpack_post_was_ever_published":false},"categories":[4],"tags":[],"class_list":["post-3193","post","type-post","status-publish","format-standard","has-post-thumbnail","hentry","category-noticias-y-actualidad"],"yoast_head":"<!-- This site is optimized with the Yoast SEO plugin v28.4 - https:\/\/yoast.com\/product\/yoast-seo-wordpress\/ -->\n<title>Meli\u00e1 abandona Cuba: c\u00f3mo afecta al futuro del turismo en la isla. - AKubaa<\/title>\n<meta name=\"description\" content=\"Meli\u00e1 dejar\u00e1 Cuba el 24 de julio. Descubre c\u00f3mo esta decisi\u00f3n afecta al turismo cubano, a Barcel\u00f3 y al futuro de las hoteleras espa\u00f1olas en la i\" \/>\n<meta name=\"robots\" content=\"index, follow, max-snippet:-1, max-image-preview:large, max-video-preview:-1\" \/>\n<link rel=\"canonical\" href=\"https:\/\/akubaa.com\/index.php\/2026\/07\/22\/melia-abandona-cuba-impacto-turismo-hoteles-espanoles\/\" \/>\n<meta property=\"og:locale\" content=\"es_ES\" \/>\n<meta property=\"og:type\" content=\"article\" \/>\n<meta property=\"og:title\" content=\"Meli\u00e1 abandona Cuba: c\u00f3mo afecta al futuro del turismo en la isla. - AKubaa\" \/>\n<meta property=\"og:description\" content=\"Meli\u00e1 dejar\u00e1 Cuba el 24 de julio. Descubre c\u00f3mo esta decisi\u00f3n afecta al turismo cubano, a Barcel\u00f3 y al futuro de las hoteleras espa\u00f1olas en la i\" \/>\n<meta property=\"og:url\" content=\"https:\/\/akubaa.com\/index.php\/2026\/07\/22\/melia-abandona-cuba-impacto-turismo-hoteles-espanoles\/\" \/>\n<meta property=\"og:site_name\" content=\"AKubaa\" \/>\n<meta property=\"article:publisher\" content=\"https:\/\/www.facebook.com\/akubaa\" \/>\n<meta property=\"article:published_time\" content=\"2026-07-22T18:42:35+00:00\" \/>\n<meta property=\"article:modified_time\" content=\"2026-07-22T18:43:46+00:00\" \/>\n<meta property=\"og:image\" content=\"https:\/\/akubaa.com\/wp-content\/uploads\/2026\/07\/image-1024x576.png\" \/>\n\t<meta property=\"og:image:width\" content=\"1024\" \/>\n\t<meta property=\"og:image:height\" content=\"576\" \/>\n\t<meta property=\"og:image:type\" content=\"image\/png\" \/>\n<meta name=\"author\" content=\"AKubaaa\" \/>\n<meta name=\"twitter:card\" content=\"summary_large_image\" \/>\n<meta name=\"twitter:label1\" content=\"Escrito por\" \/>\n\t<meta name=\"twitter:data1\" content=\"AKubaaa\" \/>\n\t<meta name=\"twitter:label2\" content=\"Tiempo de lectura\" \/>\n\t<meta name=\"twitter:data2\" content=\"4 minutos\" \/>\n<script type=\"application\/ld+json\" class=\"yoast-schema-graph\">{\"@context\":\"https:\\\/\\\/schema.org\",\"@graph\":[{\"@type\":\"Article\",\"@id\":\"https:\\\/\\\/akubaa.com\\\/index.php\\\/2026\\\/07\\\/22\\\/melia-abandona-cuba-impacto-turismo-hoteles-espanoles\\\/#article\",\"isPartOf\":{\"@id\":\"https:\\\/\\\/akubaa.com\\\/index.php\\\/2026\\\/07\\\/22\\\/melia-abandona-cuba-impacto-turismo-hoteles-espanoles\\\/\"},\"author\":{\"name\":\"AKubaaa\",\"@id\":\"https:\\\/\\\/akubaa.com\\\/#\\\/schema\\\/person\\\/de1c8f42034d363014d797593cd572ce\"},\"headline\":\"Meli\u00e1 se marcha de Cuba: el movimiento que puede cambiar para siempre el mapa hotelero de la isla.\",\"datePublished\":\"2026-07-22T18:42:35+00:00\",\"dateModified\":\"2026-07-22T18:43:46+00:00\",\"mainEntityOfPage\":{\"@id\":\"https:\\\/\\\/akubaa.com\\\/index.php\\\/2026\\\/07\\\/22\\\/melia-abandona-cuba-impacto-turismo-hoteles-espanoles\\\/\"},\"wordCount\":741,\"commentCount\":0,\"publisher\":{\"@id\":\"https:\\\/\\\/akubaa.com\\\/#\\\/schema\\\/person\\\/b096b63c1ad27204e55fabb2cf2153a5\"},\"image\":{\"@id\":\"https:\\\/\\\/akubaa.com\\\/index.php\\\/2026\\\/07\\\/22\\\/melia-abandona-cuba-impacto-turismo-hoteles-espanoles\\\/#primaryimage\"},\"thumbnailUrl\":\"https:\\\/\\\/akubaa.com\\\/wp-content\\\/uploads\\\/2026\\\/07\\\/image.png\",\"articleSection\":[\"Noticias y Actualidad\"],\"inLanguage\":\"es\",\"potentialAction\":[{\"@type\":\"CommentAction\",\"name\":\"Comment\",\"target\":[\"https:\\\/\\\/akubaa.com\\\/index.php\\\/2026\\\/07\\\/22\\\/melia-abandona-cuba-impacto-turismo-hoteles-espanoles\\\/#respond\"]}]},{\"@type\":\"WebPage\",\"@id\":\"https:\\\/\\\/akubaa.com\\\/index.php\\\/2026\\\/07\\\/22\\\/melia-abandona-cuba-impacto-turismo-hoteles-espanoles\\\/\",\"url\":\"https:\\\/\\\/akubaa.com\\\/index.php\\\/2026\\\/07\\\/22\\\/melia-abandona-cuba-impacto-turismo-hoteles-espanoles\\\/\",\"name\":\"Meli\u00e1 abandona Cuba: c\u00f3mo afecta al futuro del turismo en la isla. - AKubaa\",\"isPartOf\":{\"@id\":\"https:\\\/\\\/akubaa.com\\\/#website\"},\"primaryImageOfPage\":{\"@id\":\"https:\\\/\\\/akubaa.com\\\/index.php\\\/2026\\\/07\\\/22\\\/melia-abandona-cuba-impacto-turismo-hoteles-espanoles\\\/#primaryimage\"},\"image\":{\"@id\":\"https:\\\/\\\/akubaa.com\\\/index.php\\\/2026\\\/07\\\/22\\\/melia-abandona-cuba-impacto-turismo-hoteles-espanoles\\\/#primaryimage\"},\"thumbnailUrl\":\"https:\\\/\\\/akubaa.com\\\/wp-content\\\/uploads\\\/2026\\\/07\\\/image.png\",\"datePublished\":\"2026-07-22T18:42:35+00:00\",\"dateModified\":\"2026-07-22T18:43:46+00:00\",\"description\":\"Meli\u00e1 dejar\u00e1 Cuba el 24 de julio. Descubre c\u00f3mo esta decisi\u00f3n afecta al turismo cubano, a Barcel\u00f3 y al futuro de las hoteleras espa\u00f1olas en la isla.\",\"breadcrumb\":{\"@id\":\"https:\\\/\\\/akubaa.com\\\/index.php\\\/2026\\\/07\\\/22\\\/melia-abandona-cuba-impacto-turismo-hoteles-espanoles\\\/#breadcrumb\"},\"inLanguage\":\"es\",\"potentialAction\":[{\"@type\":\"ReadAction\",\"target\":[\"https:\\\/\\\/akubaa.com\\\/index.php\\\/2026\\\/07\\\/22\\\/melia-abandona-cuba-impacto-turismo-hoteles-espanoles\\\/\"]}]},{\"@type\":\"ImageObject\",\"inLanguage\":\"es\",\"@id\":\"https:\\\/\\\/akubaa.com\\\/index.php\\\/2026\\\/07\\\/22\\\/melia-abandona-cuba-impacto-turismo-hoteles-espanoles\\\/#primaryimage\",\"url\":\"https:\\\/\\\/akubaa.com\\\/wp-content\\\/uploads\\\/2026\\\/07\\\/image.png\",\"contentUrl\":\"https:\\\/\\\/akubaa.com\\\/wp-content\\\/uploads\\\/2026\\\/07\\\/image.png\",\"width\":1672,\"height\":941},{\"@type\":\"BreadcrumbList\",\"@id\":\"https:\\\/\\\/akubaa.com\\\/index.php\\\/2026\\\/07\\\/22\\\/melia-abandona-cuba-impacto-turismo-hoteles-espanoles\\\/#breadcrumb\",\"itemListElement\":[{\"@type\":\"ListItem\",\"position\":1,\"name\":\"Portada\",\"item\":\"https:\\\/\\\/akubaa.com\\\/\"},{\"@type\":\"ListItem\",\"position\":2,\"name\":\"Meli\u00e1 se marcha de Cuba: el movimiento que puede cambiar para siempre el mapa hotelero de la isla.\"}]},{\"@type\":\"WebSite\",\"@id\":\"https:\\\/\\\/akubaa.com\\\/#website\",\"url\":\"https:\\\/\\\/akubaa.com\\\/\",\"name\":\"AKubaa\",\"description\":\"Vive ,conoce y disfruta Cuba al estilo de A&amp;K.\",\"publisher\":{\"@id\":\"https:\\\/\\\/akubaa.com\\\/#\\\/schema\\\/person\\\/b096b63c1ad27204e55fabb2cf2153a5\"},\"potentialAction\":[{\"@type\":\"SearchAction\",\"target\":{\"@type\":\"EntryPoint\",\"urlTemplate\":\"https:\\\/\\\/akubaa.com\\\/?s={search_term_string}\"},\"query-input\":{\"@type\":\"PropertyValueSpecification\",\"valueRequired\":true,\"valueName\":\"search_term_string\"}}],\"inLanguage\":\"es\"},{\"@type\":[\"Person\",\"Organization\"],\"@id\":\"https:\\\/\\\/akubaa.com\\\/#\\\/schema\\\/person\\\/b096b63c1ad27204e55fabb2cf2153a5\",\"name\":\"AK\",\"image\":{\"@type\":\"ImageObject\",\"inLanguage\":\"es\",\"@id\":\"https:\\\/\\\/akubaa.com\\\/wp-content\\\/uploads\\\/2025\\\/08\\\/Imagen-17.jpeg\",\"url\":\"https:\\\/\\\/akubaa.com\\\/wp-content\\\/uploads\\\/2025\\\/08\\\/Imagen-17.jpeg\",\"contentUrl\":\"https:\\\/\\\/akubaa.com\\\/wp-content\\\/uploads\\\/2025\\\/08\\\/Imagen-17.jpeg\",\"width\":1024,\"height\":1024,\"caption\":\"AK\"},\"logo\":{\"@id\":\"https:\\\/\\\/akubaa.com\\\/wp-content\\\/uploads\\\/2025\\\/08\\\/Imagen-17.jpeg\"},\"sameAs\":[\"https:\\\/\\\/akubaa.com\",\"https:\\\/\\\/www.facebook.com\\\/akubaa\",\"https:\\\/\\\/www.instagram.com\\\/akubaa?\"]},{\"@type\":\"Person\",\"@id\":\"https:\\\/\\\/akubaa.com\\\/#\\\/schema\\\/person\\\/de1c8f42034d363014d797593cd572ce\",\"name\":\"AKubaaa\",\"image\":{\"@type\":\"ImageObject\",\"inLanguage\":\"es\",\"@id\":\"https:\\\/\\\/secure.gravatar.com\\\/avatar\\\/0e3143a1c5bed6a1473bfcc3dbca7a3657363e77e804fde74e023854a9242926?s=96&r=g&d=https:\\\/\\\/akubaa.com\\\/wp-content\\\/plugins\\\/userswp\\\/assets\\\/images\\\/no_profile.png\",\"url\":\"https:\\\/\\\/secure.gravatar.com\\\/avatar\\\/0e3143a1c5bed6a1473bfcc3dbca7a3657363e77e804fde74e023854a9242926?s=96&r=g&d=https:\\\/\\\/akubaa.com\\\/wp-content\\\/plugins\\\/userswp\\\/assets\\\/images\\\/no_profile.png\",\"contentUrl\":\"https:\\\/\\\/secure.gravatar.com\\\/avatar\\\/0e3143a1c5bed6a1473bfcc3dbca7a3657363e77e804fde74e023854a9242926?s=96&r=g&d=https:\\\/\\\/akubaa.com\\\/wp-content\\\/plugins\\\/userswp\\\/assets\\\/images\\\/no_profile.png\",\"caption\":\"AKubaaa\"},\"url\":\"https:\\\/\\\/akubaa.com\\\/index.php\\\/profile\\\/akubaa\\\/\"}]}<\/script>\n<!-- \/ Yoast SEO plugin. -->","yoast_head_json":{"title":"Meli\u00e1 abandona Cuba: c\u00f3mo afecta al futuro del turismo en la isla. - AKubaa","description":"Meli\u00e1 dejar\u00e1 Cuba el 24 de julio. Descubre c\u00f3mo esta decisi\u00f3n afecta al turismo cubano, a Barcel\u00f3 y al futuro de las hoteleras espa\u00f1olas en la i","robots":{"index":"index","follow":"follow","max-snippet":"max-snippet:-1","max-image-preview":"max-image-preview:large","max-video-preview":"max-video-preview:-1"},"canonical":"https:\/\/akubaa.com\/index.php\/2026\/07\/22\/melia-abandona-cuba-impacto-turismo-hoteles-espanoles\/","og_locale":"es_ES","og_type":"article","og_title":"Meli\u00e1 abandona Cuba: c\u00f3mo afecta al futuro del turismo en la isla. - AKubaa","og_description":"Meli\u00e1 dejar\u00e1 Cuba el 24 de julio. Descubre c\u00f3mo esta decisi\u00f3n afecta al turismo cubano, a Barcel\u00f3 y al futuro de las hoteleras espa\u00f1olas en la i","og_url":"https:\/\/akubaa.com\/index.php\/2026\/07\/22\/melia-abandona-cuba-impacto-turismo-hoteles-espanoles\/","og_site_name":"AKubaa","article_publisher":"https:\/\/www.facebook.com\/akubaa","article_published_time":"2026-07-22T18:42:35+00:00","article_modified_time":"2026-07-22T18:43:46+00:00","og_image":[{"width":1024,"height":576,"url":"https:\/\/akubaa.com\/wp-content\/uploads\/2026\/07\/image-1024x576.png","type":"image\/png"}],"author":"AKubaaa","twitter_card":"summary_large_image","twitter_misc":{"Escrito por":"AKubaaa","Tiempo de lectura":"4 minutos"},"schema":{"@context":"https:\/\/schema.org","@graph":[{"@type":"Article","@id":"https:\/\/akubaa.com\/index.php\/2026\/07\/22\/melia-abandona-cuba-impacto-turismo-hoteles-espanoles\/#article","isPartOf":{"@id":"https:\/\/akubaa.com\/index.php\/2026\/07\/22\/melia-abandona-cuba-impacto-turismo-hoteles-espanoles\/"},"author":{"name":"AKubaaa","@id":"https:\/\/akubaa.com\/#\/schema\/person\/de1c8f42034d363014d797593cd572ce"},"headline":"Meli\u00e1 se marcha de Cuba: el movimiento que puede cambiar para siempre el mapa hotelero de la isla.","datePublished":"2026-07-22T18:42:35+00:00","dateModified":"2026-07-22T18:43:46+00:00","mainEntityOfPage":{"@id":"https:\/\/akubaa.com\/index.php\/2026\/07\/22\/melia-abandona-cuba-impacto-turismo-hoteles-espanoles\/"},"wordCount":741,"commentCount":0,"publisher":{"@id":"https:\/\/akubaa.com\/#\/schema\/person\/b096b63c1ad27204e55fabb2cf2153a5"},"image":{"@id":"https:\/\/akubaa.com\/index.php\/2026\/07\/22\/melia-abandona-cuba-impacto-turismo-hoteles-espanoles\/#primaryimage"},"thumbnailUrl":"https:\/\/akubaa.com\/wp-content\/uploads\/2026\/07\/image.png","articleSection":["Noticias y Actualidad"],"inLanguage":"es","potentialAction":[{"@type":"CommentAction","name":"Comment","target":["https:\/\/akubaa.com\/index.php\/2026\/07\/22\/melia-abandona-cuba-impacto-turismo-hoteles-espanoles\/#respond"]}]},{"@type":"WebPage","@id":"https:\/\/akubaa.com\/index.php\/2026\/07\/22\/melia-abandona-cuba-impacto-turismo-hoteles-espanoles\/","url":"https:\/\/akubaa.com\/index.php\/2026\/07\/22\/melia-abandona-cuba-impacto-turismo-hoteles-espanoles\/","name":"Meli\u00e1 abandona Cuba: c\u00f3mo afecta al futuro del turismo en la isla. - AKubaa","isPartOf":{"@id":"https:\/\/akubaa.com\/#website"},"primaryImageOfPage":{"@id":"https:\/\/akubaa.com\/index.php\/2026\/07\/22\/melia-abandona-cuba-impacto-turismo-hoteles-espanoles\/#primaryimage"},"image":{"@id":"https:\/\/akubaa.com\/index.php\/2026\/07\/22\/melia-abandona-cuba-impacto-turismo-hoteles-espanoles\/#primaryimage"},"thumbnailUrl":"https:\/\/akubaa.com\/wp-content\/uploads\/2026\/07\/image.png","datePublished":"2026-07-22T18:42:35+00:00","dateModified":"2026-07-22T18:43:46+00:00","description":"Meli\u00e1 dejar\u00e1 Cuba el 24 de julio. Descubre c\u00f3mo esta decisi\u00f3n afecta al turismo cubano, a Barcel\u00f3 y al futuro de las hoteleras espa\u00f1olas en la isla.","breadcrumb":{"@id":"https:\/\/akubaa.com\/index.php\/2026\/07\/22\/melia-abandona-cuba-impacto-turismo-hoteles-espanoles\/#breadcrumb"},"inLanguage":"es","potentialAction":[{"@type":"ReadAction","target":["https:\/\/akubaa.com\/index.php\/2026\/07\/22\/melia-abandona-cuba-impacto-turismo-hoteles-espanoles\/"]}]},{"@type":"ImageObject","inLanguage":"es","@id":"https:\/\/akubaa.com\/index.php\/2026\/07\/22\/melia-abandona-cuba-impacto-turismo-hoteles-espanoles\/#primaryimage","url":"https:\/\/akubaa.com\/wp-content\/uploads\/2026\/07\/image.png","contentUrl":"https:\/\/akubaa.com\/wp-content\/uploads\/2026\/07\/image.png","width":1672,"height":941},{"@type":"BreadcrumbList","@id":"https:\/\/akubaa.com\/index.php\/2026\/07\/22\/melia-abandona-cuba-impacto-turismo-hoteles-espanoles\/#breadcrumb","itemListElement":[{"@type":"ListItem","position":1,"name":"Portada","item":"https:\/\/akubaa.com\/"},{"@type":"ListItem","position":2,"name":"Meli\u00e1 se marcha de Cuba: el movimiento que puede cambiar para siempre el mapa hotelero de la isla."}]},{"@type":"WebSite","@id":"https:\/\/akubaa.com\/#website","url":"https:\/\/akubaa.com\/","name":"AKubaa","description":"Vive ,conoce y disfruta Cuba al estilo de A&amp;K.","publisher":{"@id":"https:\/\/akubaa.com\/#\/schema\/person\/b096b63c1ad27204e55fabb2cf2153a5"},"potentialAction":[{"@type":"SearchAction","target":{"@type":"EntryPoint","urlTemplate":"https:\/\/akubaa.com\/?s={search_term_string}"},"query-input":{"@type":"PropertyValueSpecification","valueRequired":true,"valueName":"search_term_string"}}],"inLanguage":"es"},{"@type":["Person","Organization"],"@id":"https:\/\/akubaa.com\/#\/schema\/person\/b096b63c1ad27204e55fabb2cf2153a5","name":"AK","image":{"@type":"ImageObject","inLanguage":"es","@id":"https:\/\/akubaa.com\/wp-content\/uploads\/2025\/08\/Imagen-17.jpeg","url":"https:\/\/akubaa.com\/wp-content\/uploads\/2025\/08\/Imagen-17.jpeg","contentUrl":"https:\/\/akubaa.com\/wp-content\/uploads\/2025\/08\/Imagen-17.jpeg","width":1024,"height":1024,"caption":"AK"},"logo":{"@id":"https:\/\/akubaa.com\/wp-content\/uploads\/2025\/08\/Imagen-17.jpeg"},"sameAs":["https:\/\/akubaa.com","https:\/\/www.facebook.com\/akubaa","https:\/\/www.instagram.com\/akubaa?"]},{"@type":"Person","@id":"https:\/\/akubaa.com\/#\/schema\/person\/de1c8f42034d363014d797593cd572ce","name":"AKubaaa","image":{"@type":"ImageObject","inLanguage":"es","@id":"https:\/\/secure.gravatar.com\/avatar\/0e3143a1c5bed6a1473bfcc3dbca7a3657363e77e804fde74e023854a9242926?s=96&r=g&d=https:\/\/akubaa.com\/wp-content\/plugins\/userswp\/assets\/images\/no_profile.png","url":"https:\/\/secure.gravatar.com\/avatar\/0e3143a1c5bed6a1473bfcc3dbca7a3657363e77e804fde74e023854a9242926?s=96&r=g&d=https:\/\/akubaa.com\/wp-content\/plugins\/userswp\/assets\/images\/no_profile.png","contentUrl":"https:\/\/secure.gravatar.com\/avatar\/0e3143a1c5bed6a1473bfcc3dbca7a3657363e77e804fde74e023854a9242926?s=96&r=g&d=https:\/\/akubaa.com\/wp-content\/plugins\/userswp\/assets\/images\/no_profile.png","caption":"AKubaaa"},"url":"https:\/\/akubaa.com\/index.php\/profile\/akubaa\/"}]}},"jetpack_publicize_connections":[],"jetpack_sharing_enabled":true,"jetpack_likes_enabled":true,"jetpack-related-posts":[{"id":3216,"url":"https:\/\/akubaa.com\/index.php\/2026\/07\/28\/melia-hotel-cohiba-fin-era-turismo-cuba\/","url_meta":{"origin":3193,"position":0},"title":"Cuando desaparece un cartel, comienza otra historia: el Hotel Coh\u00edba confirma que el turismo en Cuba ya no volver\u00e1 a ser el mismo.","author":"AK","date":"07\/28\/2026","format":false,"excerpt":"Hay im\u00e1genes que dicen mucho m\u00e1s que cualquier discurso. Esta semana vi una de ellas: operarios desmontando el enorme cartel de\u00a0Meli\u00e1\u00a0del\u00a0Hotel Coh\u00edba\u00a0en La Habana. A simple vista podr\u00eda parecer un cambio de fachada. Yo creo que es mucho m\u00e1s que eso. Es el s\u00edmbolo m\u00e1s claro del cierre de un\u2026","rel":"","context":"En \u00abNoticias y Actualidad\u00bb","block_context":{"text":"Noticias y Actualidad","link":"https:\/\/akubaa.com\/index.php\/category\/noticias-y-actualidad\/"},"img":{"alt_text":"","src":"https:\/\/i0.wp.com\/akubaa.com\/wp-content\/uploads\/2026\/07\/image-1.png?resize=350%2C200&ssl=1","width":350,"height":200,"srcset":"https:\/\/i0.wp.com\/akubaa.com\/wp-content\/uploads\/2026\/07\/image-1.png?resize=350%2C200&ssl=1 1x, https:\/\/i0.wp.com\/akubaa.com\/wp-content\/uploads\/2026\/07\/image-1.png?resize=525%2C300&ssl=1 1.5x, https:\/\/i0.wp.com\/akubaa.com\/wp-content\/uploads\/2026\/07\/image-1.png?resize=700%2C400&ssl=1 2x, https:\/\/i0.wp.com\/akubaa.com\/wp-content\/uploads\/2026\/07\/image-1.png?resize=1050%2C600&ssl=1 3x, https:\/\/i0.wp.com\/akubaa.com\/wp-content\/uploads\/2026\/07\/image-1.png?resize=1400%2C800&ssl=1 4x"},"classes":[]},{"id":654,"url":"https:\/\/akubaa.com\/index.php\/2025\/07\/07\/varadero-para-el-turismo-e-inalcanzable-para-el-cubano-de-la-isla\/","url_meta":{"origin":3193,"position":1},"title":"Cuando dormir una noche en Varadero cuesta tres salarios: lo que no te dicen del turismo cubano en 2025.","author":"AK","date":"07\/07\/2025","format":false,"excerpt":"\u00bfSab\u00edas que hoy en Cuba una noche en el hotel m\u00e1s barato de Varadero puede costarte m\u00e1s que todo lo que ganas en un mes?. Yo tambi\u00e9n me qued\u00e9 en silencio cuando lo descubr\u00ed. Lo vi, lo confirm\u00e9 y todav\u00eda me cuesta digerirlo. No hablo del Meli\u00e1, ni del Iberostar,\u2026","rel":"","context":"En \u00abTurismo y Lugares de Inter\u00e9s\u00bb","block_context":{"text":"Turismo y Lugares de Inter\u00e9s","link":"https:\/\/akubaa.com\/index.php\/category\/turismo-y-lugares-de-interes\/"},"img":{"alt_text":"","src":"https:\/\/i0.wp.com\/akubaa.com\/wp-content\/uploads\/2025\/07\/765A5252-BD05-4E28-BB2E-605E7983DC56.png?resize=350%2C200&ssl=1","width":350,"height":200,"srcset":"https:\/\/i0.wp.com\/akubaa.com\/wp-content\/uploads\/2025\/07\/765A5252-BD05-4E28-BB2E-605E7983DC56.png?resize=350%2C200&ssl=1 1x, https:\/\/i0.wp.com\/akubaa.com\/wp-content\/uploads\/2025\/07\/765A5252-BD05-4E28-BB2E-605E7983DC56.png?resize=525%2C300&ssl=1 1.5x, https:\/\/i0.wp.com\/akubaa.com\/wp-content\/uploads\/2025\/07\/765A5252-BD05-4E28-BB2E-605E7983DC56.png?resize=700%2C400&ssl=1 2x, https:\/\/i0.wp.com\/akubaa.com\/wp-content\/uploads\/2025\/07\/765A5252-BD05-4E28-BB2E-605E7983DC56.png?resize=1050%2C600&ssl=1 3x, https:\/\/i0.wp.com\/akubaa.com\/wp-content\/uploads\/2025\/07\/765A5252-BD05-4E28-BB2E-605E7983DC56.png?resize=1400%2C800&ssl=1 4x"},"classes":[]},{"id":2801,"url":"https:\/\/akubaa.com\/index.php\/2026\/03\/21\/las-deportaciones-para-los-cubanos\/","url_meta":{"origin":3193,"position":2},"title":"EEUU no frena las deportaciones: el vuelo que aterriz\u00f3 en La Habana tambi\u00e9n aterriz\u00f3 en el miedo.","author":"AK","date":"03\/21\/2026","format":false,"excerpt":"Hablar de\u00a0deportaciones de cubanos desde Estados Unidos\u00a0ya no es hablar de una noticia aislada. Es hablar de una herida abierta. Este 19 de marzo, otro avi\u00f3n cay\u00f3 en La Habana con 117 cubanos a bordo: 89 hombres y 28 mujeres. Con ese vuelo, ya suman 403 deportados desde EEUU en\u2026","rel":"","context":"Entrada similar","block_context":{"text":"Entrada similar","link":""},"img":{"alt_text":"","src":"https:\/\/i0.wp.com\/akubaa.com\/wp-content\/uploads\/2026\/03\/image-24.png?resize=350%2C200&ssl=1","width":350,"height":200,"srcset":"https:\/\/i0.wp.com\/akubaa.com\/wp-content\/uploads\/2026\/03\/image-24.png?resize=350%2C200&ssl=1 1x, https:\/\/i0.wp.com\/akubaa.com\/wp-content\/uploads\/2026\/03\/image-24.png?resize=525%2C300&ssl=1 1.5x, https:\/\/i0.wp.com\/akubaa.com\/wp-content\/uploads\/2026\/03\/image-24.png?resize=700%2C400&ssl=1 2x, https:\/\/i0.wp.com\/akubaa.com\/wp-content\/uploads\/2026\/03\/image-24.png?resize=1050%2C600&ssl=1 3x, https:\/\/i0.wp.com\/akubaa.com\/wp-content\/uploads\/2026\/03\/image-24.png?resize=1400%2C800&ssl=1 4x"},"classes":[]},{"id":1049,"url":"https:\/\/akubaa.com\/index.php\/2025\/08\/25\/el-espejismo-que-se-deshizo-que-paso-con-el-turismo-en-cuba-en-2025\/","url_meta":{"origin":3193,"position":3},"title":"El espejismo que se deshizo: \u00bfqu\u00e9 pas\u00f3 con el turismo en Cuba en 2025?","author":"AK","date":"08\/25\/2025","format":false,"excerpt":"Siempre pens\u00e9 que el turismo en Cuba era como esa vieja locomotora que, aunque oxidada y lenta, lograba arrastrar los vagones de la econom\u00eda nacional. Pero hoy me encuentro mirando las cifras y me doy cuenta de algo que muchos sospechaban: el tren se ha detenido en seco. Y no\u2026","rel":"","context":"En \u00abNoticias y Actualidad\u00bb","block_context":{"text":"Noticias y Actualidad","link":"https:\/\/akubaa.com\/index.php\/category\/noticias-y-actualidad\/"},"img":{"alt_text":"","src":"https:\/\/i0.wp.com\/akubaa.com\/wp-content\/uploads\/2025\/08\/Imagen-27.jpeg?resize=350%2C200&ssl=1","width":350,"height":200,"srcset":"https:\/\/i0.wp.com\/akubaa.com\/wp-content\/uploads\/2025\/08\/Imagen-27.jpeg?resize=350%2C200&ssl=1 1x, https:\/\/i0.wp.com\/akubaa.com\/wp-content\/uploads\/2025\/08\/Imagen-27.jpeg?resize=525%2C300&ssl=1 1.5x, https:\/\/i0.wp.com\/akubaa.com\/wp-content\/uploads\/2025\/08\/Imagen-27.jpeg?resize=700%2C400&ssl=1 2x, https:\/\/i0.wp.com\/akubaa.com\/wp-content\/uploads\/2025\/08\/Imagen-27.jpeg?resize=1050%2C600&ssl=1 3x, https:\/\/i0.wp.com\/akubaa.com\/wp-content\/uploads\/2025\/08\/Imagen-27.jpeg?resize=1400%2C800&ssl=1 4x"},"classes":[]},{"id":3283,"url":"https:\/\/akubaa.com\/index.php\/2026\/08\/21\/mia-donadio-miss-universe-cuba-2026\/","url_meta":{"origin":3193,"position":4},"title":"Mia Donadio gan\u00f3 una corona, pero la historia que lleva detr\u00e1s pesa mucho m\u00e1s.","author":"AK","date":"08\/21\/2026","format":false,"excerpt":"Mia Donadio conquist\u00f3 la corona de Miss Universe Cuba 2026, pero detr\u00e1s de su victoria existe una historia familiar profundamente ligada a Cuba. \u00bfQui\u00e9n es su madre?. \u00bfQui\u00e9n es su abuelo y por qu\u00e9 su legado ayuda a entender el mensaje que Mia quiere llevar al mundo?. \ud83d\udc51\ud83c\udde8\ud83c\uddfa Descubre la\u2026","rel":"","context":"Entrada similar","block_context":{"text":"Entrada similar","link":""},"img":{"alt_text":"","src":"https:\/\/i0.wp.com\/akubaa.com\/wp-content\/uploads\/2026\/08\/image.png?resize=350%2C200&ssl=1","width":350,"height":200,"srcset":"https:\/\/i0.wp.com\/akubaa.com\/wp-content\/uploads\/2026\/08\/image.png?resize=350%2C200&ssl=1 1x, https:\/\/i0.wp.com\/akubaa.com\/wp-content\/uploads\/2026\/08\/image.png?resize=525%2C300&ssl=1 1.5x, https:\/\/i0.wp.com\/akubaa.com\/wp-content\/uploads\/2026\/08\/image.png?resize=700%2C400&ssl=1 2x, https:\/\/i0.wp.com\/akubaa.com\/wp-content\/uploads\/2026\/08\/image.png?resize=1050%2C600&ssl=1 3x, https:\/\/i0.wp.com\/akubaa.com\/wp-content\/uploads\/2026\/08\/image.png?resize=1400%2C800&ssl=1 4x"},"classes":[]},{"id":2835,"url":"https:\/\/akubaa.com\/index.php\/2026\/03\/24\/criptomonedas-cuba-acaba\/","url_meta":{"origin":3193,"position":5},"title":"Criptomonedas en Cuba: el permiso que suena a modernidad, pero huele a control.","author":"AK","date":"03\/24\/2026","format":false,"excerpt":"El\u00a0Banco Central de Cuba\u00a0acaba de autorizar a\u00a010 empresas cubanas\u00a0a operar con\u00a0criptomonedas\u00a0para pagos transfronterizos, seg\u00fan la\u00a0Resoluci\u00f3n 4\/2026\u00a0publicada este 23 de marzo en la\u00a0Gaceta Oficial extraordinaria No. 46. La medida alcanza a\u00a0nueve mipymes y una empresa mixta, y limita el uso de activos virtuales \u00fanicamente a operaciones vinculadas con su objeto social,\u2026","rel":"","context":"En \u00abNoticias y Actualidad\u00bb","block_context":{"text":"Noticias y Actualidad","link":"https:\/\/akubaa.com\/index.php\/category\/noticias-y-actualidad\/"},"img":{"alt_text":"","src":"https:\/\/i0.wp.com\/akubaa.com\/wp-content\/uploads\/2026\/03\/image-41.png?resize=350%2C200&ssl=1","width":350,"height":200,"srcset":"https:\/\/i0.wp.com\/akubaa.com\/wp-content\/uploads\/2026\/03\/image-41.png?resize=350%2C200&ssl=1 1x, https:\/\/i0.wp.com\/akubaa.com\/wp-content\/uploads\/2026\/03\/image-41.png?resize=525%2C300&ssl=1 1.5x, https:\/\/i0.wp.com\/akubaa.com\/wp-content\/uploads\/2026\/03\/image-41.png?resize=700%2C400&ssl=1 2x, https:\/\/i0.wp.com\/akubaa.com\/wp-content\/uploads\/2026\/03\/image-41.png?resize=1050%2C600&ssl=1 3x, https:\/\/i0.wp.com\/akubaa.com\/wp-content\/uploads\/2026\/03\/image-41.png?resize=1400%2C800&ssl=1 4x"},"classes":[]}],"jetpack_shortlink":"https:\/\/wp.me\/pgrKo3-Pv","jetpack_featured_media_url":"https:\/\/akubaa.com\/wp-content\/uploads\/2026\/07\/image.png","_links":{"self":[{"href":"https:\/\/akubaa.com\/index.php\/wp-json\/wp\/v2\/posts\/3193","targetHints":{"allow":["GET"]}}],"collection":[{"href":"https:\/\/akubaa.com\/index.php\/wp-json\/wp\/v2\/posts"}],"about":[{"href":"https:\/\/akubaa.com\/index.php\/wp-json\/wp\/v2\/types\/post"}],"author":[{"embeddable":true,"href":"https:\/\/akubaa.com\/index.php\/wp-json\/wp\/v2\/users\/6"}],"replies":[{"embeddable":true,"href":"https:\/\/akubaa.com\/index.php\/wp-json\/wp\/v2\/comments?post=3193"}],"version-history":[{"count":1,"href":"https:\/\/akubaa.com\/index.php\/wp-json\/wp\/v2\/posts\/3193\/revisions"}],"predecessor-version":[{"id":3195,"href":"https:\/\/akubaa.com\/index.php\/wp-json\/wp\/v2\/posts\/3193\/revisions\/3195"}],"wp:featuredmedia":[{"embeddable":true,"href":"https:\/\/akubaa.com\/index.php\/wp-json\/wp\/v2\/media\/3194"}],"wp:attachment":[{"href":"https:\/\/akubaa.com\/index.php\/wp-json\/wp\/v2\/media?parent=3193"}],"wp:term":[{"taxonomy":"category","embeddable":true,"href":"https:\/\/akubaa.com\/index.php\/wp-json\/wp\/v2\/categories?post=3193"},{"taxonomy":"post_tag","embeddable":true,"href":"https:\/\/akubaa.com\/index.php\/wp-json\/wp\/v2\/tags?post=3193"}],"curies":[{"name":"wp","href":"https:\/\/api.w.org\/{rel}","templated":true}]}}