{"id":2923,"date":"2026-03-28T16:00:00","date_gmt":"2026-03-28T20:00:00","guid":{"rendered":"https:\/\/akubaa.com\/?p=2923"},"modified":"2026-03-27T22:10:44","modified_gmt":"2026-03-28T02:10:44","slug":"kash-patel","status":"publish","type":"post","link":"https:\/\/akubaa.com\/index.php\/2026\/03\/28\/kash-patel\/","title":{"rendered":"\u00bfVacaciones en Cuba o guerra digital?. La verdad inc\u00f3moda detr\u00e1s de las fotos filtradas de\u00a0Kash Patel."},"content":{"rendered":"\n<h2 class=\"wp-block-heading\"><strong>Kash Patel en Cuba: entre el humo del tabaco y el ruido de los hackers<\/strong><\/h2>\n\n\n\n<p>Yo no s\u00e9 t\u00fa, pero cuando vi las fotos de\u00a0<strong>Kash Patel<\/strong>\u00a0supuestamente en La Habana \u2014con un puro en la mano, un carro cl\u00e1sico detr\u00e1s y esa pose que parece sacada de una postal tur\u00edstica\u2014 lo primero que pens\u00e9 fue:\u00a0<em>esto no es solo chisme\u2026 aqu\u00ed hay algo m\u00e1s grande<\/em>. Porque no estamos hablando de cualquier figura. Estamos hablando del director del\u00a0<strong>FBI<\/strong>, en medio de tensiones internacionales, con hackers proiran\u00edes filtrando su vida personal como si fuera una novela de Netflix. Las im\u00e1genes corrieron como p\u00f3lvora. En\u00a0<strong>Miami<\/strong>, en\u00a0<strong>Hialeah<\/strong>, en grupos de WhatsApp en\u00a0<strong>Espa\u00f1a<\/strong>\u00a0y hasta en cafeter\u00edas de\u00a0<strong>Tampa<\/strong>, la pregunta era la misma: \u201c\u00bfPero ese hombre estuvo en Cuba o esto es un montaje?\u201d. Y ah\u00ed es donde empieza lo interesante.<\/p>\n\n\n\n<hr class=\"wp-block-separator has-alpha-channel-opacity\"\/>\n\n\n\n<div class=\"wp-block-media-text is-stacked-on-mobile\"><figure class=\"wp-block-media-text__media\"><img loading=\"lazy\" decoding=\"async\" width=\"1024\" height=\"683\" src=\"https:\/\/akubaa.com\/wp-content\/uploads\/2026\/02\/Imagen-222-1024x683.jpeg\" alt=\"\" class=\"wp-image-2608 size-full\" srcset=\"https:\/\/akubaa.com\/wp-content\/uploads\/2026\/02\/Imagen-222-1024x683.jpeg 1024w, https:\/\/akubaa.com\/wp-content\/uploads\/2026\/02\/Imagen-222-300x200.jpeg 300w, https:\/\/akubaa.com\/wp-content\/uploads\/2026\/02\/Imagen-222-768x512.jpeg 768w, https:\/\/akubaa.com\/wp-content\/uploads\/2026\/02\/Imagen-222-1320x880.jpeg 1320w, https:\/\/akubaa.com\/wp-content\/uploads\/2026\/02\/Imagen-222-600x400.jpeg 600w, https:\/\/akubaa.com\/wp-content\/uploads\/2026\/02\/Imagen-222.jpeg 1536w\" sizes=\"auto, (max-width: 1024px) 100vw, 1024px\" \/><\/figure><div class=\"wp-block-media-text__content\">\n<p>Colorear no es un juego: es desarrollo f\u00edsico, social y emocional. Cuando un ni\u00f1o colorea, pasa algo que ninguna pantalla puede replicar:\u00a0<strong>Impacto social:<\/strong>\u00a0invita al di\u00e1logo, al compartir, al \u201cmira lo que hice\u201d, al momento en familia.\u00a0<strong>Desarrollo f\u00edsico:<\/strong>\u00a0mejora la motricidad fina, la coordinaci\u00f3n mano-ojo y fortalece los m\u00fasculos de los dedos.\u00a0<strong>Beneficio psicol\u00f3gico:<\/strong>\u00a0reduce ansiedad, mejora la concentraci\u00f3n y estimula la creatividad infantil.<\/p>\n\n\n\n<div class=\"wp-block-buttons is-content-justification-center is-layout-flex wp-container-core-buttons-is-layout-a89b3969 wp-block-buttons-is-layout-flex\">\n<div class=\"wp-block-button\"><a class=\"wp-block-button__link wp-element-button\" href=\"https:\/\/www.amazon.com\/dp\/B0GMQM1LGJ?ref_=cm_sw_r_ffobk_cp_ud_dp_9EP7YKM6V3FNASY195JE_16&amp;bestFormat=true\">Compra los mejores libros de colorear para tus ni\u00f1os AQUI.<\/a><\/div>\n<\/div>\n<\/div><\/div>\n\n\n\n<hr class=\"wp-block-separator has-alpha-channel-opacity\"\/>\n\n\n\n<h2 class=\"wp-block-heading\"><strong>La filtraci\u00f3n: cuando la ciberseguridad se convierte en espect\u00e1culo global<\/strong><\/h2>\n\n\n\n<p>Seg\u00fan reportes, el grupo\u00a0<strong>Handala Hack Team<\/strong>\u00a0logr\u00f3 acceder al correo personal de Patel y extraer fotos, documentos y mensajes entre 2011 y 2022. Nada menor. Pero aqu\u00ed viene el detalle que muchos est\u00e1n pasando por alto: <strong>No hay confirmaci\u00f3n oficial de que Kash Patel haya estado en Cuba.<\/strong> Las im\u00e1genes existen, s\u00ed. Pero ni\u00a0<strong>CNN<\/strong>\u00a0ni otros medios han verificado el contexto real de esas fotos. Y eso, en el mundo digital actual, es gasolina. Hoy cualquiera puede construir una narrativa completa con una imagen fuera de contexto. Y cuando se mezcla pol\u00edtica, espionaje y redes sociales\u2026 el resultado es un caos perfectamente dise\u00f1ado.<\/p>\n\n\n\n<hr class=\"wp-block-separator has-alpha-channel-opacity\"\/>\n\n\n\n<div class=\"wp-block-jetpack-related-posts\">\n<h2 class=\"wp-block-heading\">Te Puede Interesar <\/h2>\n<\/div>\n\n\n\n<hr class=\"wp-block-separator has-alpha-channel-opacity\"\/>\n\n\n\n<h2 class=\"wp-block-heading\"><strong>Cuba como escenario: s\u00edmbolo, propaganda y nostalgia vendida<\/strong><\/h2>\n\n\n\n<p>No es casualidad que las fotos \u2014reales o no\u2014 lo muestren en lugares ic\u00f3nicos como la\u00a0<strong>Bodeguita del Medio<\/strong>\u00a0o junto a\u00a0<strong>Ernest Hemingway<\/strong>.Cuba vende una imagen poderosa: nostalgia, resistencia, decadencia est\u00e9tica\u2026 y eso, para el mundo, sigue siendo irresistible. Pero para el cubano de a pie, el que vive apagones de 20 horas, eso no es turismo\u2026 es iron\u00eda. Un usuario en redes lo dijo mejor que nadie:<br><em>\u201cAqu\u00ed no hay gasolina, pero siempre hay fotos bonitas para el extranjero.\u201d<\/em> Y ah\u00ed est\u00e1 el contraste brutal entre la narrativa visual y la realidad.<\/p>\n\n\n\n<hr class=\"wp-block-separator has-alpha-channel-opacity\"\/>\n\n\n\n<div class=\"wp-block-media-text is-stacked-on-mobile\"><figure class=\"wp-block-media-text__media\"><img loading=\"lazy\" decoding=\"async\" width=\"1024\" height=\"683\" src=\"https:\/\/akubaa.com\/wp-content\/uploads\/2026\/01\/Imagen-223-1024x683.jpeg\" alt=\"\" class=\"wp-image-2445 size-full\" srcset=\"https:\/\/akubaa.com\/wp-content\/uploads\/2026\/01\/Imagen-223-1024x683.jpeg 1024w, https:\/\/akubaa.com\/wp-content\/uploads\/2026\/01\/Imagen-223-600x400.jpeg 600w, https:\/\/akubaa.com\/wp-content\/uploads\/2026\/01\/Imagen-223-300x200.jpeg 300w, https:\/\/akubaa.com\/wp-content\/uploads\/2026\/01\/Imagen-223-768x512.jpeg 768w, https:\/\/akubaa.com\/wp-content\/uploads\/2026\/01\/Imagen-223-1320x880.jpeg 1320w, https:\/\/akubaa.com\/wp-content\/uploads\/2026\/01\/Imagen-223.jpeg 1536w\" sizes=\"auto, (max-width: 1024px) 100vw, 1024px\" \/><\/figure><div class=\"wp-block-media-text__content\">\n<p>\u00bfTienes un negocio? . Publicalo aqu\u00ed ,solo te tarda un minuto y conecta con personas que buscan lo que t\u00fa ofreces.<strong><a href=\"https:\/\/akubaa.com\/index.php\/directorio-de-negocios-cubanos-akubaa\/\">Clic y descubre todas las ventajas\u00a0<\/a><\/strong>que puede obtener t\u00fa ahora mismo. Es hora de llevarte al lugar que merece sin luchar con el algoritmo.<\/p>\n\n\n\n<div class=\"wp-block-buttons is-content-justification-center is-layout-flex wp-container-core-buttons-is-layout-a89b3969 wp-block-buttons-is-layout-flex\">\n<div class=\"wp-block-button\"><a class=\"wp-block-button__link wp-element-button\" href=\"https:\/\/akubaa.com\/index.php\/negocio\/\">PUBLICA TU NEGOCIO AQUI <\/a><\/div>\n<\/div>\n<\/div><\/div>\n\n\n\n<hr class=\"wp-block-separator has-alpha-channel-opacity\"\/>\n\n\n\n<h2 class=\"wp-block-heading\"><strong>Ir\u00e1n, Estados Unidos y la nueva guerra silenciosa<\/strong><\/h2>\n\n\n\n<p>Este caso no es aislado. Forma parte de una escalada m\u00e1s amplia de tensiones entre\u00a0<strong>Estados Unidos<\/strong>\u00a0e\u00a0<strong>Ir\u00e1n<\/strong>, donde la guerra ya no se libra solo con armas\u2026 sino con datos. Los hackers no buscan solo robar informaci\u00f3n. Buscan sembrar dudas, crear narrativas y manipular percepciones. Y lo est\u00e1n logrando. Porque ahora mismo la conversaci\u00f3n no es sobre seguridad nacional\u2026 es sobre si el director del FBI fum\u00f3 un tabaco en La Habana.<\/p>\n\n\n\n<hr class=\"wp-block-separator has-alpha-channel-opacity\"\/>\n\n\n\n\n\n<hr class=\"wp-block-separator has-alpha-channel-opacity\"\/>\n\n\n\n<h2 class=\"wp-block-heading\"><strong>La visi\u00f3n AKubaa: cuando la verdad compite con el algoritmo<\/strong><\/h2>\n\n\n\n<p>Desde AKubaa lo vemos claro: esto no va de Cuba ni de Patel\u2026 va de c\u00f3mo consumimos la realidad. Vivimos en una era donde una imagen puede pesar m\u00e1s que mil verificaciones. Donde el algoritmo decide qu\u00e9 creemos primero. Y mientras tanto, el cubano \u2014el de verdad\u2014 sigue resolviendo, inventando, sobreviviendo. Porque aqu\u00ed, como decimos nosotros:\u00a0<em>\u201cLa pel\u00edcula es una\u2026 pero la vida real es otra.\u201d<\/em><\/p>\n\n\n\n<hr class=\"wp-block-separator has-alpha-channel-opacity\"\/>\n\n\n\n<h2 class=\"wp-block-heading\"><strong>Entonces\u2026 \u00bfestuvo o no estuvo?<\/strong>.<\/h2>\n\n\n\n<p>La respuesta honesta es inc\u00f3moda: No hay pruebas concluyentes, pero tampoco hay forma de ignorar el impacto de la filtraci\u00f3n. Y quiz\u00e1s esa sea la verdadera jugada.<\/p>\n\n\n\n<hr class=\"wp-block-separator has-alpha-channel-opacity\"\/>\n\n\n\n<p>Al final, te dejo con esto: Si una foto puede hacerte dudar de todo\u2026 \u00bfqu\u00e9 m\u00e1s estamos creyendo sin cuestionarlo?. Te leo en los comentarios: \u00bfT\u00fa crees que\u00a0<strong>Kash Patel<\/strong>\u00a0realmente estuvo en Cuba\u2026 o estamos viendo el poder de la manipulaci\u00f3n digital en su m\u00e1xima expresi\u00f3n?.<\/p>\n\n\n\n<p>\u00danete a la conversaci\u00f3n en&nbsp;<strong>AKubaa<\/strong>&nbsp;y nuestras redes. Aqu\u00ed es donde se habla claro.<\/p>\n\n\n\n<hr class=\"wp-block-separator has-alpha-channel-opacity\"\/>\n\n\n\n<h2 class=\"wp-block-heading\">M\u00e1s en AKubaa<\/h2>\n\n\n<ul class=\"wp-block-latest-posts__list is-grid columns-3 wp-block-latest-posts\"><li><div class=\"wp-block-latest-posts__featured-image aligncenter\"><a href=\"https:\/\/akubaa.com\/index.php\/2026\/04\/21\/imaray-ulloa-de-influecer-a-ganadora-de-fisicoculturismo\/\" aria-label=\"Imaray Ulloa se sube a otra tarima: dos medallas, ocho meses de disciplina y una lecci\u00f3n que la di\u00e1spora entendi\u00f3 enseguida.\"><img loading=\"lazy\" decoding=\"async\" width=\"150\" height=\"150\" src=\"https:\/\/akubaa.com\/wp-content\/uploads\/2026\/04\/image-14-150x150.png\" class=\"attachment-thumbnail size-thumbnail wp-post-image\" alt=\"\" style=\"\" srcset=\"https:\/\/akubaa.com\/wp-content\/uploads\/2026\/04\/image-14-150x150.png 150w, https:\/\/akubaa.com\/wp-content\/uploads\/2026\/04\/image-14-300x300.png 300w, https:\/\/akubaa.com\/wp-content\/uploads\/2026\/04\/image-14-100x100.png 100w\" sizes=\"auto, (max-width: 150px) 100vw, 150px\" \/><\/a><\/div><a class=\"wp-block-latest-posts__post-title\" href=\"https:\/\/akubaa.com\/index.php\/2026\/04\/21\/imaray-ulloa-de-influecer-a-ganadora-de-fisicoculturismo\/\">Imaray Ulloa se sube a otra tarima: dos medallas, ocho meses de disciplina y una lecci\u00f3n que la di\u00e1spora entendi\u00f3 enseguida.<\/a><\/li>\n<li><div class=\"wp-block-latest-posts__featured-image aligncenter\"><a href=\"https:\/\/akubaa.com\/index.php\/2026\/04\/10\/horoscopo-del-10-de-abril-de-2026\/\" aria-label=\"Hor\u00f3scopo del 10 de abril de 2026: lo que el universo te quiere decir hoy (y lo que debes evitar a toda costa).\u00a0\"><img loading=\"lazy\" decoding=\"async\" width=\"150\" height=\"150\" src=\"https:\/\/akubaa.com\/wp-content\/uploads\/2026\/04\/image-13-150x150.png\" class=\"attachment-thumbnail size-thumbnail wp-post-image\" alt=\"\" style=\"\" srcset=\"https:\/\/akubaa.com\/wp-content\/uploads\/2026\/04\/image-13-150x150.png 150w, https:\/\/akubaa.com\/wp-content\/uploads\/2026\/04\/image-13-300x300.png 300w, https:\/\/akubaa.com\/wp-content\/uploads\/2026\/04\/image-13-100x100.png 100w\" sizes=\"auto, (max-width: 150px) 100vw, 150px\" \/><\/a><\/div><a class=\"wp-block-latest-posts__post-title\" href=\"https:\/\/akubaa.com\/index.php\/2026\/04\/10\/horoscopo-del-10-de-abril-de-2026\/\">Hor\u00f3scopo del 10 de abril de 2026: lo que el universo te quiere decir hoy (y lo que debes evitar a toda costa).\u00a0<\/a><\/li>\n<li><div class=\"wp-block-latest-posts__featured-image aligncenter\"><a href=\"https:\/\/akubaa.com\/index.php\/2026\/04\/09\/horoscopo-del-9-de-abril-de-2026\/\" aria-label=\"\ud83d\udd2e\u00a0Hor\u00f3scopo del 9 de abril de 2026: lo que viene no es casualidad\u2026 es destino (y t\u00fa lo vas a sentir hoy).\"><img loading=\"lazy\" decoding=\"async\" width=\"150\" height=\"150\" src=\"https:\/\/akubaa.com\/wp-content\/uploads\/2026\/04\/image-12-150x150.png\" class=\"attachment-thumbnail size-thumbnail wp-post-image\" alt=\"\" style=\"\" srcset=\"https:\/\/akubaa.com\/wp-content\/uploads\/2026\/04\/image-12-150x150.png 150w, https:\/\/akubaa.com\/wp-content\/uploads\/2026\/04\/image-12-300x300.png 300w, https:\/\/akubaa.com\/wp-content\/uploads\/2026\/04\/image-12-100x100.png 100w\" sizes=\"auto, (max-width: 150px) 100vw, 150px\" \/><\/a><\/div><a class=\"wp-block-latest-posts__post-title\" href=\"https:\/\/akubaa.com\/index.php\/2026\/04\/09\/horoscopo-del-9-de-abril-de-2026\/\">\ud83d\udd2e\u00a0Hor\u00f3scopo del 9 de abril de 2026: lo que viene no es casualidad\u2026 es destino (y t\u00fa lo vas a sentir hoy).<\/a><\/li>\n<li><div class=\"wp-block-latest-posts__featured-image aligncenter\"><a href=\"https:\/\/akubaa.com\/index.php\/2026\/04\/08\/horoscopo-del-8-de-abril-de-2026\/\" aria-label=\"\ud83d\udd2e\u00a0Hor\u00f3scopo del 8 de abril de 2026: lo que el destino no te est\u00e1 diciendo (y deber\u00edas escuchar hoy).\"><img loading=\"lazy\" decoding=\"async\" width=\"150\" height=\"150\" src=\"https:\/\/akubaa.com\/wp-content\/uploads\/2026\/04\/image-11-150x150.png\" class=\"attachment-thumbnail size-thumbnail wp-post-image\" alt=\"\" style=\"\" srcset=\"https:\/\/akubaa.com\/wp-content\/uploads\/2026\/04\/image-11-150x150.png 150w, https:\/\/akubaa.com\/wp-content\/uploads\/2026\/04\/image-11-300x300.png 300w, https:\/\/akubaa.com\/wp-content\/uploads\/2026\/04\/image-11-100x100.png 100w\" sizes=\"auto, (max-width: 150px) 100vw, 150px\" \/><\/a><\/div><a class=\"wp-block-latest-posts__post-title\" href=\"https:\/\/akubaa.com\/index.php\/2026\/04\/08\/horoscopo-del-8-de-abril-de-2026\/\">\ud83d\udd2e\u00a0Hor\u00f3scopo del 8 de abril de 2026: lo que el destino no te est\u00e1 diciendo (y deber\u00edas escuchar hoy).<\/a><\/li>\n<li><div class=\"wp-block-latest-posts__featured-image aligncenter\"><a href=\"https:\/\/akubaa.com\/index.php\/2026\/04\/07\/leoni-torres-y-el-b-convierten-cubano-en-un-grito-de-identidad-y-libertad\/\" aria-label=\"\u201cViva Cuba Libre\u201d: la canci\u00f3n que no es solo m\u00fasica\u2026 es un mensaje que ya no se puede callar.\"><img loading=\"lazy\" decoding=\"async\" width=\"150\" height=\"150\" src=\"https:\/\/akubaa.com\/wp-content\/uploads\/2026\/04\/image-10-150x150.png\" class=\"attachment-thumbnail size-thumbnail wp-post-image\" alt=\"\" style=\"\" srcset=\"https:\/\/akubaa.com\/wp-content\/uploads\/2026\/04\/image-10-150x150.png 150w, https:\/\/akubaa.com\/wp-content\/uploads\/2026\/04\/image-10-300x300.png 300w, https:\/\/akubaa.com\/wp-content\/uploads\/2026\/04\/image-10-100x100.png 100w\" sizes=\"auto, (max-width: 150px) 100vw, 150px\" \/><\/a><\/div><a class=\"wp-block-latest-posts__post-title\" href=\"https:\/\/akubaa.com\/index.php\/2026\/04\/07\/leoni-torres-y-el-b-convierten-cubano-en-un-grito-de-identidad-y-libertad\/\">\u201cViva Cuba Libre\u201d: la canci\u00f3n que no es solo m\u00fasica\u2026 es un mensaje que ya no se puede callar.<\/a><\/li>\n<li><div class=\"wp-block-latest-posts__featured-image aligncenter\"><a href=\"https:\/\/akubaa.com\/index.php\/2026\/04\/07\/horoscopo-del-7-de-abril-de-2026\/\" aria-label=\"\ud83d\udd2e\u00a0Hor\u00f3scopo del 7 de abril de 2026: lo que viene no avisa\u2026 pero s\u00ed se siente.\"><img loading=\"lazy\" decoding=\"async\" width=\"150\" height=\"150\" src=\"https:\/\/akubaa.com\/wp-content\/uploads\/2026\/04\/image-9-150x150.png\" class=\"attachment-thumbnail size-thumbnail wp-post-image\" alt=\"\" style=\"\" srcset=\"https:\/\/akubaa.com\/wp-content\/uploads\/2026\/04\/image-9-150x150.png 150w, https:\/\/akubaa.com\/wp-content\/uploads\/2026\/04\/image-9-300x300.png 300w, https:\/\/akubaa.com\/wp-content\/uploads\/2026\/04\/image-9-100x100.png 100w\" sizes=\"auto, (max-width: 150px) 100vw, 150px\" \/><\/a><\/div><a class=\"wp-block-latest-posts__post-title\" href=\"https:\/\/akubaa.com\/index.php\/2026\/04\/07\/horoscopo-del-7-de-abril-de-2026\/\">\ud83d\udd2e\u00a0Hor\u00f3scopo del 7 de abril de 2026: lo que viene no avisa\u2026 pero s\u00ed se siente.<\/a><\/li>\n<li><div class=\"wp-block-latest-posts__featured-image aligncenter\"><a href=\"https:\/\/akubaa.com\/index.php\/2026\/04\/06\/libros-de-colores-personalizados\/\" aria-label=\"El detalle que est\u00e1 cambiando los negocios: c\u00f3mo los libros de colorear personalizados est\u00e1n conquistando a las familias.\"><img loading=\"lazy\" decoding=\"async\" width=\"150\" height=\"150\" src=\"https:\/\/akubaa.com\/wp-content\/uploads\/2026\/02\/Imagen-222-150x150.jpeg\" class=\"attachment-thumbnail size-thumbnail wp-post-image\" alt=\"\" style=\"\" srcset=\"https:\/\/akubaa.com\/wp-content\/uploads\/2026\/02\/Imagen-222-150x150.jpeg 150w, https:\/\/akubaa.com\/wp-content\/uploads\/2026\/02\/Imagen-222-300x300.jpeg 300w, https:\/\/akubaa.com\/wp-content\/uploads\/2026\/02\/Imagen-222-100x100.jpeg 100w\" sizes=\"auto, (max-width: 150px) 100vw, 150px\" \/><\/a><\/div><a class=\"wp-block-latest-posts__post-title\" href=\"https:\/\/akubaa.com\/index.php\/2026\/04\/06\/libros-de-colores-personalizados\/\">El detalle que est\u00e1 cambiando los negocios: c\u00f3mo los libros de colorear personalizados est\u00e1n conquistando a las familias.<\/a><\/li>\n<li><div class=\"wp-block-latest-posts__featured-image aligncenter\"><a href=\"https:\/\/akubaa.com\/index.php\/2026\/04\/06\/horoscopo-del-6-de-abril-de-2026\/\" aria-label=\"Hor\u00f3scopo del 6 de abril de 2026: lo que viene no es casualidad\u2026 es una se\u00f1al que no puedes ignorar.\"><img loading=\"lazy\" decoding=\"async\" width=\"150\" height=\"150\" src=\"https:\/\/akubaa.com\/wp-content\/uploads\/2026\/04\/image-7-150x150.png\" class=\"attachment-thumbnail size-thumbnail wp-post-image\" alt=\"\" style=\"\" srcset=\"https:\/\/akubaa.com\/wp-content\/uploads\/2026\/04\/image-7-150x150.png 150w, https:\/\/akubaa.com\/wp-content\/uploads\/2026\/04\/image-7-300x300.png 300w, https:\/\/akubaa.com\/wp-content\/uploads\/2026\/04\/image-7-100x100.png 100w\" sizes=\"auto, (max-width: 150px) 100vw, 150px\" \/><\/a><\/div><a class=\"wp-block-latest-posts__post-title\" href=\"https:\/\/akubaa.com\/index.php\/2026\/04\/06\/horoscopo-del-6-de-abril-de-2026\/\">Hor\u00f3scopo del 6 de abril de 2026: lo que viene no es casualidad\u2026 es una se\u00f1al que no puedes ignorar.<\/a><\/li>\n<li><div class=\"wp-block-latest-posts__featured-image aligncenter\"><a href=\"https:\/\/akubaa.com\/index.php\/2026\/04\/05\/horoscopo-del-5-de-abril-de-2026\/\" aria-label=\"\ud83d\udd2e\u00a0Hor\u00f3scopo del 5 de abril de 2026: lo que nadie te dice, pero todos van a sentir hoy.\"><img loading=\"lazy\" decoding=\"async\" width=\"150\" height=\"150\" src=\"https:\/\/akubaa.com\/wp-content\/uploads\/2026\/04\/image-6-150x150.png\" class=\"attachment-thumbnail size-thumbnail wp-post-image\" alt=\"\" style=\"\" srcset=\"https:\/\/akubaa.com\/wp-content\/uploads\/2026\/04\/image-6-150x150.png 150w, https:\/\/akubaa.com\/wp-content\/uploads\/2026\/04\/image-6-300x300.png 300w, https:\/\/akubaa.com\/wp-content\/uploads\/2026\/04\/image-6-100x100.png 100w\" sizes=\"auto, (max-width: 150px) 100vw, 150px\" \/><\/a><\/div><a class=\"wp-block-latest-posts__post-title\" href=\"https:\/\/akubaa.com\/index.php\/2026\/04\/05\/horoscopo-del-5-de-abril-de-2026\/\">\ud83d\udd2e\u00a0Hor\u00f3scopo del 5 de abril de 2026: lo que nadie te dice, pero todos van a sentir hoy.<\/a><\/li>\n<\/ul>","protected":false},"excerpt":{"rendered":"<p>Kash Patel en Cuba: entre el humo del tabaco y el ruido de los hackers Yo no s\u00e9 t\u00fa, pero cuando vi las fotos de\u00a0Kash Patel\u00a0supuestamente en La Habana \u2014con un puro en la mano, un carro cl\u00e1sico detr\u00e1s y esa pose que parece sacada de una postal tur\u00edstica\u2014 lo primero que pens\u00e9 fue:\u00a0esto no [&hellip;]<\/p>\n","protected":false},"author":1,"featured_media":2924,"comment_status":"open","ping_status":"open","sticky":false,"template":"","format":"standard","meta":{"jetpack_post_was_ever_published":false,"_jetpack_newsletter_access":"","_jetpack_dont_email_post_to_subs":false,"_jetpack_newsletter_tier_id":0,"_jetpack_memberships_contains_paywalled_content":false,"_jetpack_memberships_contains_paid_content":false,"footnotes":"","jetpack_publicize_message":"","jetpack_publicize_feature_enabled":true,"jetpack_social_post_already_shared":true,"jetpack_social_options":{"image_generator_settings":{"template":"highway","default_image_id":0,"font":"","enabled":false},"version":2}},"categories":[1],"tags":[],"class_list":["post-2923","post","type-post","status-publish","format-standard","has-post-thumbnail","hentry","category-uncategorized"],"yoast_head":"<!-- This site is optimized with the Yoast SEO plugin v27.5 - https:\/\/yoast.com\/product\/yoast-seo-wordpress\/ -->\n<title>Kash Patel : \u00bfVacaciones en Cuba o guerra digital?. - AKubaa<\/title>\n<meta name=\"description\" content=\"\u00bfVacaciones en Cuba o guerra digital?. La verdad inc\u00f3moda detr\u00e1s de las fotos filtradas de\u00a0Kash Patel, todo lo que sabemos .\" \/>\n<meta name=\"robots\" content=\"index, follow, max-snippet:-1, max-image-preview:large, max-video-preview:-1\" \/>\n<link rel=\"canonical\" href=\"https:\/\/akubaa.com\/index.php\/2026\/03\/28\/kash-patel\/\" \/>\n<meta property=\"og:locale\" content=\"es_ES\" \/>\n<meta property=\"og:type\" content=\"article\" \/>\n<meta property=\"og:title\" content=\"Kash Patel : \u00bfVacaciones en Cuba o guerra digital?. - AKubaa\" \/>\n<meta property=\"og:description\" content=\"\u00bfVacaciones en Cuba o guerra digital?. La verdad inc\u00f3moda detr\u00e1s de las fotos filtradas de\u00a0Kash Patel, todo lo que sabemos .\" \/>\n<meta property=\"og:url\" content=\"https:\/\/akubaa.com\/index.php\/2026\/03\/28\/kash-patel\/\" \/>\n<meta property=\"og:site_name\" content=\"AKubaa\" \/>\n<meta property=\"article:publisher\" content=\"https:\/\/www.facebook.com\/akubaa\" \/>\n<meta property=\"article:author\" content=\"https:\/\/www.facebook.com\/akubaa\" \/>\n<meta property=\"article:published_time\" content=\"2026-03-28T20:00:00+00:00\" \/>\n<meta property=\"og:image\" content=\"https:\/\/akubaa.com\/wp-content\/uploads\/2026\/03\/image-79.png\" \/>\n\t<meta property=\"og:image:width\" content=\"1304\" \/>\n\t<meta property=\"og:image:height\" content=\"740\" \/>\n\t<meta property=\"og:image:type\" content=\"image\/png\" \/>\n<meta name=\"author\" content=\"AKubaa\" \/>\n<meta name=\"twitter:card\" content=\"summary_large_image\" \/>\n<meta name=\"twitter:label1\" content=\"Escrito por\" \/>\n\t<meta name=\"twitter:data1\" content=\"AKubaa\" \/>\n\t<meta name=\"twitter:label2\" content=\"Tiempo de lectura\" \/>\n\t<meta name=\"twitter:data2\" content=\"5 minutos\" \/>\n<script type=\"application\/ld+json\" class=\"yoast-schema-graph\">{\"@context\":\"https:\\\/\\\/schema.org\",\"@graph\":[{\"@type\":\"Article\",\"@id\":\"https:\\\/\\\/akubaa.com\\\/index.php\\\/2026\\\/03\\\/28\\\/kash-patel\\\/#article\",\"isPartOf\":{\"@id\":\"https:\\\/\\\/akubaa.com\\\/index.php\\\/2026\\\/03\\\/28\\\/kash-patel\\\/\"},\"author\":{\"name\":\"AKubaa\",\"@id\":\"https:\\\/\\\/akubaa.com\\\/#\\\/schema\\\/person\\\/b096b63c1ad27204e55fabb2cf2153a5\"},\"headline\":\"\u00bfVacaciones en Cuba o guerra digital?. La verdad inc\u00f3moda detr\u00e1s de las fotos filtradas de\u00a0Kash Patel.\",\"datePublished\":\"2026-03-28T20:00:00+00:00\",\"mainEntityOfPage\":{\"@id\":\"https:\\\/\\\/akubaa.com\\\/index.php\\\/2026\\\/03\\\/28\\\/kash-patel\\\/\"},\"wordCount\":810,\"commentCount\":0,\"publisher\":{\"@id\":\"https:\\\/\\\/akubaa.com\\\/#\\\/schema\\\/person\\\/b096b63c1ad27204e55fabb2cf2153a5\"},\"image\":{\"@id\":\"https:\\\/\\\/akubaa.com\\\/index.php\\\/2026\\\/03\\\/28\\\/kash-patel\\\/#primaryimage\"},\"thumbnailUrl\":\"https:\\\/\\\/akubaa.com\\\/wp-content\\\/uploads\\\/2026\\\/03\\\/image-79.png\",\"articleSection\":[\"Uncategorized\"],\"inLanguage\":\"es\",\"potentialAction\":[{\"@type\":\"CommentAction\",\"name\":\"Comment\",\"target\":[\"https:\\\/\\\/akubaa.com\\\/index.php\\\/2026\\\/03\\\/28\\\/kash-patel\\\/#respond\"]}]},{\"@type\":\"WebPage\",\"@id\":\"https:\\\/\\\/akubaa.com\\\/index.php\\\/2026\\\/03\\\/28\\\/kash-patel\\\/\",\"url\":\"https:\\\/\\\/akubaa.com\\\/index.php\\\/2026\\\/03\\\/28\\\/kash-patel\\\/\",\"name\":\"Kash Patel : \u00bfVacaciones en Cuba o guerra digital?. - AKubaa\",\"isPartOf\":{\"@id\":\"https:\\\/\\\/akubaa.com\\\/#website\"},\"primaryImageOfPage\":{\"@id\":\"https:\\\/\\\/akubaa.com\\\/index.php\\\/2026\\\/03\\\/28\\\/kash-patel\\\/#primaryimage\"},\"image\":{\"@id\":\"https:\\\/\\\/akubaa.com\\\/index.php\\\/2026\\\/03\\\/28\\\/kash-patel\\\/#primaryimage\"},\"thumbnailUrl\":\"https:\\\/\\\/akubaa.com\\\/wp-content\\\/uploads\\\/2026\\\/03\\\/image-79.png\",\"datePublished\":\"2026-03-28T20:00:00+00:00\",\"description\":\"\u00bfVacaciones en Cuba o guerra digital?. La verdad inc\u00f3moda detr\u00e1s de las fotos filtradas de\u00a0Kash Patel, todo lo que sabemos .\",\"breadcrumb\":{\"@id\":\"https:\\\/\\\/akubaa.com\\\/index.php\\\/2026\\\/03\\\/28\\\/kash-patel\\\/#breadcrumb\"},\"inLanguage\":\"es\",\"potentialAction\":[{\"@type\":\"ReadAction\",\"target\":[\"https:\\\/\\\/akubaa.com\\\/index.php\\\/2026\\\/03\\\/28\\\/kash-patel\\\/\"]}]},{\"@type\":\"ImageObject\",\"inLanguage\":\"es\",\"@id\":\"https:\\\/\\\/akubaa.com\\\/index.php\\\/2026\\\/03\\\/28\\\/kash-patel\\\/#primaryimage\",\"url\":\"https:\\\/\\\/akubaa.com\\\/wp-content\\\/uploads\\\/2026\\\/03\\\/image-79.png\",\"contentUrl\":\"https:\\\/\\\/akubaa.com\\\/wp-content\\\/uploads\\\/2026\\\/03\\\/image-79.png\",\"width\":1304,\"height\":740},{\"@type\":\"BreadcrumbList\",\"@id\":\"https:\\\/\\\/akubaa.com\\\/index.php\\\/2026\\\/03\\\/28\\\/kash-patel\\\/#breadcrumb\",\"itemListElement\":[{\"@type\":\"ListItem\",\"position\":1,\"name\":\"Portada\",\"item\":\"https:\\\/\\\/akubaa.com\\\/\"},{\"@type\":\"ListItem\",\"position\":2,\"name\":\"\u00bfVacaciones en Cuba o guerra digital?. La verdad inc\u00f3moda detr\u00e1s de las fotos filtradas de\u00a0Kash Patel.\"}]},{\"@type\":\"WebSite\",\"@id\":\"https:\\\/\\\/akubaa.com\\\/#website\",\"url\":\"https:\\\/\\\/akubaa.com\\\/\",\"name\":\"AKubaa\",\"description\":\"Vive ,conoce y disfruta Cuba al estilo de A&amp;K.\",\"publisher\":{\"@id\":\"https:\\\/\\\/akubaa.com\\\/#\\\/schema\\\/person\\\/b096b63c1ad27204e55fabb2cf2153a5\"},\"potentialAction\":[{\"@type\":\"SearchAction\",\"target\":{\"@type\":\"EntryPoint\",\"urlTemplate\":\"https:\\\/\\\/akubaa.com\\\/?s={search_term_string}\"},\"query-input\":{\"@type\":\"PropertyValueSpecification\",\"valueRequired\":true,\"valueName\":\"search_term_string\"}}],\"inLanguage\":\"es\"},{\"@type\":[\"Person\",\"Organization\"],\"@id\":\"https:\\\/\\\/akubaa.com\\\/#\\\/schema\\\/person\\\/b096b63c1ad27204e55fabb2cf2153a5\",\"name\":\"AKubaa\",\"image\":{\"@type\":\"ImageObject\",\"inLanguage\":\"es\",\"@id\":\"https:\\\/\\\/akubaa.com\\\/wp-content\\\/uploads\\\/2025\\\/08\\\/Imagen-17.jpeg\",\"url\":\"https:\\\/\\\/akubaa.com\\\/wp-content\\\/uploads\\\/2025\\\/08\\\/Imagen-17.jpeg\",\"contentUrl\":\"https:\\\/\\\/akubaa.com\\\/wp-content\\\/uploads\\\/2025\\\/08\\\/Imagen-17.jpeg\",\"width\":1024,\"height\":1024,\"caption\":\"AKubaa\"},\"logo\":{\"@id\":\"https:\\\/\\\/akubaa.com\\\/wp-content\\\/uploads\\\/2025\\\/08\\\/Imagen-17.jpeg\"},\"sameAs\":[\"https:\\\/\\\/akubaa.com\",\"https:\\\/\\\/www.facebook.com\\\/akubaa\",\"https:\\\/\\\/www.instagram.com\\\/akubaa?\"],\"url\":\"https:\\\/\\\/akubaa.com\\\/index.php\\\/profile\\\/admin\\\/\"}]}<\/script>\n<!-- \/ Yoast SEO plugin. -->","yoast_head_json":{"title":"Kash Patel : \u00bfVacaciones en Cuba o guerra digital?. - AKubaa","description":"\u00bfVacaciones en Cuba o guerra digital?. La verdad inc\u00f3moda detr\u00e1s de las fotos filtradas de\u00a0Kash Patel, todo lo que sabemos .","robots":{"index":"index","follow":"follow","max-snippet":"max-snippet:-1","max-image-preview":"max-image-preview:large","max-video-preview":"max-video-preview:-1"},"canonical":"https:\/\/akubaa.com\/index.php\/2026\/03\/28\/kash-patel\/","og_locale":"es_ES","og_type":"article","og_title":"Kash Patel : \u00bfVacaciones en Cuba o guerra digital?. - AKubaa","og_description":"\u00bfVacaciones en Cuba o guerra digital?. La verdad inc\u00f3moda detr\u00e1s de las fotos filtradas de\u00a0Kash Patel, todo lo que sabemos .","og_url":"https:\/\/akubaa.com\/index.php\/2026\/03\/28\/kash-patel\/","og_site_name":"AKubaa","article_publisher":"https:\/\/www.facebook.com\/akubaa","article_author":"https:\/\/www.facebook.com\/akubaa","article_published_time":"2026-03-28T20:00:00+00:00","og_image":[{"width":1304,"height":740,"url":"https:\/\/akubaa.com\/wp-content\/uploads\/2026\/03\/image-79.png","type":"image\/png"}],"author":"AKubaa","twitter_card":"summary_large_image","twitter_misc":{"Escrito por":"AKubaa","Tiempo de lectura":"5 minutos"},"schema":{"@context":"https:\/\/schema.org","@graph":[{"@type":"Article","@id":"https:\/\/akubaa.com\/index.php\/2026\/03\/28\/kash-patel\/#article","isPartOf":{"@id":"https:\/\/akubaa.com\/index.php\/2026\/03\/28\/kash-patel\/"},"author":{"name":"AKubaa","@id":"https:\/\/akubaa.com\/#\/schema\/person\/b096b63c1ad27204e55fabb2cf2153a5"},"headline":"\u00bfVacaciones en Cuba o guerra digital?. La verdad inc\u00f3moda detr\u00e1s de las fotos filtradas de\u00a0Kash Patel.","datePublished":"2026-03-28T20:00:00+00:00","mainEntityOfPage":{"@id":"https:\/\/akubaa.com\/index.php\/2026\/03\/28\/kash-patel\/"},"wordCount":810,"commentCount":0,"publisher":{"@id":"https:\/\/akubaa.com\/#\/schema\/person\/b096b63c1ad27204e55fabb2cf2153a5"},"image":{"@id":"https:\/\/akubaa.com\/index.php\/2026\/03\/28\/kash-patel\/#primaryimage"},"thumbnailUrl":"https:\/\/akubaa.com\/wp-content\/uploads\/2026\/03\/image-79.png","articleSection":["Uncategorized"],"inLanguage":"es","potentialAction":[{"@type":"CommentAction","name":"Comment","target":["https:\/\/akubaa.com\/index.php\/2026\/03\/28\/kash-patel\/#respond"]}]},{"@type":"WebPage","@id":"https:\/\/akubaa.com\/index.php\/2026\/03\/28\/kash-patel\/","url":"https:\/\/akubaa.com\/index.php\/2026\/03\/28\/kash-patel\/","name":"Kash Patel : \u00bfVacaciones en Cuba o guerra digital?. - AKubaa","isPartOf":{"@id":"https:\/\/akubaa.com\/#website"},"primaryImageOfPage":{"@id":"https:\/\/akubaa.com\/index.php\/2026\/03\/28\/kash-patel\/#primaryimage"},"image":{"@id":"https:\/\/akubaa.com\/index.php\/2026\/03\/28\/kash-patel\/#primaryimage"},"thumbnailUrl":"https:\/\/akubaa.com\/wp-content\/uploads\/2026\/03\/image-79.png","datePublished":"2026-03-28T20:00:00+00:00","description":"\u00bfVacaciones en Cuba o guerra digital?. La verdad inc\u00f3moda detr\u00e1s de las fotos filtradas de\u00a0Kash Patel, todo lo que sabemos .","breadcrumb":{"@id":"https:\/\/akubaa.com\/index.php\/2026\/03\/28\/kash-patel\/#breadcrumb"},"inLanguage":"es","potentialAction":[{"@type":"ReadAction","target":["https:\/\/akubaa.com\/index.php\/2026\/03\/28\/kash-patel\/"]}]},{"@type":"ImageObject","inLanguage":"es","@id":"https:\/\/akubaa.com\/index.php\/2026\/03\/28\/kash-patel\/#primaryimage","url":"https:\/\/akubaa.com\/wp-content\/uploads\/2026\/03\/image-79.png","contentUrl":"https:\/\/akubaa.com\/wp-content\/uploads\/2026\/03\/image-79.png","width":1304,"height":740},{"@type":"BreadcrumbList","@id":"https:\/\/akubaa.com\/index.php\/2026\/03\/28\/kash-patel\/#breadcrumb","itemListElement":[{"@type":"ListItem","position":1,"name":"Portada","item":"https:\/\/akubaa.com\/"},{"@type":"ListItem","position":2,"name":"\u00bfVacaciones en Cuba o guerra digital?. La verdad inc\u00f3moda detr\u00e1s de las fotos filtradas de\u00a0Kash Patel."}]},{"@type":"WebSite","@id":"https:\/\/akubaa.com\/#website","url":"https:\/\/akubaa.com\/","name":"AKubaa","description":"Vive ,conoce y disfruta Cuba al estilo de A&amp;K.","publisher":{"@id":"https:\/\/akubaa.com\/#\/schema\/person\/b096b63c1ad27204e55fabb2cf2153a5"},"potentialAction":[{"@type":"SearchAction","target":{"@type":"EntryPoint","urlTemplate":"https:\/\/akubaa.com\/?s={search_term_string}"},"query-input":{"@type":"PropertyValueSpecification","valueRequired":true,"valueName":"search_term_string"}}],"inLanguage":"es"},{"@type":["Person","Organization"],"@id":"https:\/\/akubaa.com\/#\/schema\/person\/b096b63c1ad27204e55fabb2cf2153a5","name":"AKubaa","image":{"@type":"ImageObject","inLanguage":"es","@id":"https:\/\/akubaa.com\/wp-content\/uploads\/2025\/08\/Imagen-17.jpeg","url":"https:\/\/akubaa.com\/wp-content\/uploads\/2025\/08\/Imagen-17.jpeg","contentUrl":"https:\/\/akubaa.com\/wp-content\/uploads\/2025\/08\/Imagen-17.jpeg","width":1024,"height":1024,"caption":"AKubaa"},"logo":{"@id":"https:\/\/akubaa.com\/wp-content\/uploads\/2025\/08\/Imagen-17.jpeg"},"sameAs":["https:\/\/akubaa.com","https:\/\/www.facebook.com\/akubaa","https:\/\/www.instagram.com\/akubaa?"],"url":"https:\/\/akubaa.com\/index.php\/profile\/admin\/"}]}},"jetpack_publicize_connections":[],"jetpack_featured_media_url":"https:\/\/akubaa.com\/wp-content\/uploads\/2026\/03\/image-79.png","jetpack_sharing_enabled":true,"jetpack_likes_enabled":true,"jetpack-related-posts":[{"id":2067,"url":"https:\/\/akubaa.com\/index.php\/2025\/11\/28\/green-cards\/","url_meta":{"origin":2923,"position":0},"title":"Estados Unidos aprieta: la revisi\u00f3n masiva de \u2018green cards\u2019 que enciende las alarmas entre migrantes de pa\u00edses \u201cde preocupaci\u00f3n\u201d","author":"AKubaa","date":"11\/28\/2025","format":false,"excerpt":"Por AKubaa \u2014 Voy a empezar con algo que escuch\u00e9 hoy mismo en un cafet\u00edn de Hialeah, mientras una se\u00f1ora remov\u00eda su cortadito y dec\u00eda por lo bajito:\u00a0\u201cMija, aqu\u00ed uno nunca termina de emigrar.\u201d\u00a0Y lo dijo con una mezcla de cansancio, miedo y resignaci\u00f3n que, si eres parte de esta\u2026","rel":"","context":"En \u00abNoticias y Actualidad\u00bb","block_context":{"text":"Noticias y Actualidad","link":"https:\/\/akubaa.com\/index.php\/category\/noticias-y-actualidad\/"},"img":{"alt_text":"","src":"https:\/\/i0.wp.com\/akubaa.com\/wp-content\/uploads\/2025\/11\/image-37.png?resize=350%2C200&ssl=1","width":350,"height":200,"srcset":"https:\/\/i0.wp.com\/akubaa.com\/wp-content\/uploads\/2025\/11\/image-37.png?resize=350%2C200&ssl=1 1x, https:\/\/i0.wp.com\/akubaa.com\/wp-content\/uploads\/2025\/11\/image-37.png?resize=525%2C300&ssl=1 1.5x, https:\/\/i0.wp.com\/akubaa.com\/wp-content\/uploads\/2025\/11\/image-37.png?resize=700%2C400&ssl=1 2x, https:\/\/i0.wp.com\/akubaa.com\/wp-content\/uploads\/2025\/11\/image-37.png?resize=1050%2C600&ssl=1 3x, https:\/\/i0.wp.com\/akubaa.com\/wp-content\/uploads\/2025\/11\/image-37.png?resize=1400%2C800&ssl=1 4x"},"classes":[]},{"id":2121,"url":"https:\/\/akubaa.com\/index.php\/2025\/12\/04\/santa-barbara\/","url_meta":{"origin":2923,"position":1},"title":"Cuba se viste de rojo: la verdad emocional detr\u00e1s de Santa B\u00e1rbara y Chang\u00f3 este 4 de diciembre.","author":"AKubaa","date":"12\/04\/2025","format":false,"excerpt":"Por Maria Molina | AKubaa Hay d\u00edas en Cuba que no son exactamente feriados, pero lo parecen. D\u00edas en los que la isla respira distinto, en los que el color rojo no es solo un pigmento, sino un pulso colectivo. Hoy,\u00a04 de diciembre, vuelvo a sentir ese estremecimiento que solo\u2026","rel":"","context":"En \u00abNoticias y Actualidad\u00bb","block_context":{"text":"Noticias y Actualidad","link":"https:\/\/akubaa.com\/index.php\/category\/noticias-y-actualidad\/"},"img":{"alt_text":"","src":"https:\/\/i0.wp.com\/akubaa.com\/wp-content\/uploads\/2025\/12\/image-7.png?resize=350%2C200&ssl=1","width":350,"height":200,"srcset":"https:\/\/i0.wp.com\/akubaa.com\/wp-content\/uploads\/2025\/12\/image-7.png?resize=350%2C200&ssl=1 1x, https:\/\/i0.wp.com\/akubaa.com\/wp-content\/uploads\/2025\/12\/image-7.png?resize=525%2C300&ssl=1 1.5x, https:\/\/i0.wp.com\/akubaa.com\/wp-content\/uploads\/2025\/12\/image-7.png?resize=700%2C400&ssl=1 2x, https:\/\/i0.wp.com\/akubaa.com\/wp-content\/uploads\/2025\/12\/image-7.png?resize=1050%2C600&ssl=1 3x, https:\/\/i0.wp.com\/akubaa.com\/wp-content\/uploads\/2025\/12\/image-7.png?resize=1400%2C800&ssl=1 4x"},"classes":[]},{"id":2779,"url":"https:\/\/akubaa.com\/index.php\/2026\/03\/01\/costa-rica-rompe-el-silencio-el-dia-en-que-la-diplomacia-dijo-basta-con-cuba\/","url_meta":{"origin":2923,"position":2},"title":"Costa Rica rompe el silencio: el d\u00eda en que la diplomacia dijo basta con Cuba.","author":"AKubaa","date":"03\/01\/2026","format":false,"excerpt":"Hay decisiones que no se toman por protocolo\u2026 se toman por conciencia. Y esta, la de\u00a0Costa Rica cerrar su embajada en Cuba, no suena a tr\u00e1mite diplom\u00e1tico: suena a ruptura moral. Cuando escuch\u00e9 las palabras del presidente\u00a0Rodrigo Chaves\u00a0\u2014\u201cel mundo no puede ignorar el dolor de un pueblo\u201d\u2014 sent\u00ed que, por\u2026","rel":"","context":"En \u00abNoticias y Actualidad\u00bb","block_context":{"text":"Noticias y Actualidad","link":"https:\/\/akubaa.com\/index.php\/category\/noticias-y-actualidad\/"},"img":{"alt_text":"","src":"https:\/\/i0.wp.com\/akubaa.com\/wp-content\/uploads\/2026\/03\/image-15.png?resize=350%2C200&ssl=1","width":350,"height":200,"srcset":"https:\/\/i0.wp.com\/akubaa.com\/wp-content\/uploads\/2026\/03\/image-15.png?resize=350%2C200&ssl=1 1x, https:\/\/i0.wp.com\/akubaa.com\/wp-content\/uploads\/2026\/03\/image-15.png?resize=525%2C300&ssl=1 1.5x, https:\/\/i0.wp.com\/akubaa.com\/wp-content\/uploads\/2026\/03\/image-15.png?resize=700%2C400&ssl=1 2x, https:\/\/i0.wp.com\/akubaa.com\/wp-content\/uploads\/2026\/03\/image-15.png?resize=1050%2C600&ssl=1 3x, https:\/\/i0.wp.com\/akubaa.com\/wp-content\/uploads\/2026\/03\/image-15.png?resize=1400%2C800&ssl=1 4x"},"classes":[]},{"id":2902,"url":"https:\/\/akubaa.com\/index.php\/2026\/03\/27\/la-cuba-que-imagina-desantis\/","url_meta":{"origin":2923,"position":3},"title":"\u201cLa Cuba que imagina DeSantis: \u00bfsue\u00f1o posible o promesa pol\u00edtica con sabor a Miami?\u201d.","author":"AKubaa","date":"03\/27\/2026","format":false,"excerpt":"Hay momentos en los que una declaraci\u00f3n pol\u00edtica no suena a discurso\u2026 suena a pel\u00edcula. Y eso fue exactamente lo que sent\u00ed cuando escuch\u00e9 c\u00f3mo\u00a0Ron DeSantis\u00a0imagina a Cuba despu\u00e9s del fin del castrismo: una isla pr\u00f3spera, conectada con Florida, llena de turistas, inversiones y hasta torneos de golf. Pero yo,\u2026","rel":"","context":"En \u00abNoticias y Actualidad\u00bb","block_context":{"text":"Noticias y Actualidad","link":"https:\/\/akubaa.com\/index.php\/category\/noticias-y-actualidad\/"},"img":{"alt_text":"","src":"https:\/\/i0.wp.com\/akubaa.com\/wp-content\/uploads\/2026\/03\/image-70.png?resize=350%2C200&ssl=1","width":350,"height":200,"srcset":"https:\/\/i0.wp.com\/akubaa.com\/wp-content\/uploads\/2026\/03\/image-70.png?resize=350%2C200&ssl=1 1x, https:\/\/i0.wp.com\/akubaa.com\/wp-content\/uploads\/2026\/03\/image-70.png?resize=525%2C300&ssl=1 1.5x, https:\/\/i0.wp.com\/akubaa.com\/wp-content\/uploads\/2026\/03\/image-70.png?resize=700%2C400&ssl=1 2x, https:\/\/i0.wp.com\/akubaa.com\/wp-content\/uploads\/2026\/03\/image-70.png?resize=1050%2C600&ssl=1 3x, https:\/\/i0.wp.com\/akubaa.com\/wp-content\/uploads\/2026\/03\/image-70.png?resize=1400%2C800&ssl=1 4x"},"classes":[]},{"id":1801,"url":"https:\/\/akubaa.com\/index.php\/2025\/10\/30\/se-desploma-el-dolar-en-cuba-tras-el-paso-de-melissa\/","url_meta":{"origin":2923,"position":4},"title":"Ni el d\u00f3lar aguanta el golpe: Cuba se sacude entre Melissa y la incertidumbre","author":"AKubaa","date":"10\/30\/2025","format":false,"excerpt":"Todav\u00eda no hab\u00eda amanecido bien cuando me lleg\u00f3 el mensaje:\u00a0\u201cEl d\u00f3lar baj\u00f3, asere. Est\u00e1 en 485.\u201d Lo le\u00ed medio dormida, con la ventana temblando por los vientos del\u00a0hurac\u00e1n Melissa\u00a0y el coraz\u00f3n apretado. En Cuba, hasta los ciclones afectan el precio del dinero. Y lo que parec\u00eda una simple coincidencia, termin\u00f3\u2026","rel":"","context":"En \u00abNoticias y Actualidad\u00bb","block_context":{"text":"Noticias y Actualidad","link":"https:\/\/akubaa.com\/index.php\/category\/noticias-y-actualidad\/"},"img":{"alt_text":"","src":"https:\/\/i0.wp.com\/akubaa.com\/wp-content\/uploads\/2025\/10\/image-65.png?resize=350%2C200&ssl=1","width":350,"height":200,"srcset":"https:\/\/i0.wp.com\/akubaa.com\/wp-content\/uploads\/2025\/10\/image-65.png?resize=350%2C200&ssl=1 1x, https:\/\/i0.wp.com\/akubaa.com\/wp-content\/uploads\/2025\/10\/image-65.png?resize=525%2C300&ssl=1 1.5x, https:\/\/i0.wp.com\/akubaa.com\/wp-content\/uploads\/2025\/10\/image-65.png?resize=700%2C400&ssl=1 2x, https:\/\/i0.wp.com\/akubaa.com\/wp-content\/uploads\/2025\/10\/image-65.png?resize=1050%2C600&ssl=1 3x, https:\/\/i0.wp.com\/akubaa.com\/wp-content\/uploads\/2025\/10\/image-65.png?resize=1400%2C800&ssl=1 4x"},"classes":[]},{"id":2847,"url":"https:\/\/akubaa.com\/index.php\/2026\/03\/25\/a-nueva-chapa-de-motos\/","url_meta":{"origin":2923,"position":5},"title":"Cuba cambia las reglas: la nueva chapa de motos que revela m\u00e1s de lo que parece.","author":"AKubaa","date":"03\/25\/2026","format":false,"excerpt":"En Cuba, nada cambia \u201csolo por cambiar\u201d. Y cuando el gobierno decide modificar algo tan cotidiano como la\u00a0chapa de motos en Cuba, cr\u00e9eme\u2026 hay una historia detr\u00e1s que vale la pena entender. Esta vez no estamos hablando de pol\u00edtica directa, pero s\u00ed de algo que se siente en la calle,\u2026","rel":"","context":"Entrada similar","block_context":{"text":"Entrada similar","link":""},"img":{"alt_text":"","src":"https:\/\/i0.wp.com\/akubaa.com\/wp-content\/uploads\/2026\/03\/image-46.png?resize=350%2C200&ssl=1","width":350,"height":200,"srcset":"https:\/\/i0.wp.com\/akubaa.com\/wp-content\/uploads\/2026\/03\/image-46.png?resize=350%2C200&ssl=1 1x, https:\/\/i0.wp.com\/akubaa.com\/wp-content\/uploads\/2026\/03\/image-46.png?resize=525%2C300&ssl=1 1.5x, https:\/\/i0.wp.com\/akubaa.com\/wp-content\/uploads\/2026\/03\/image-46.png?resize=700%2C400&ssl=1 2x, https:\/\/i0.wp.com\/akubaa.com\/wp-content\/uploads\/2026\/03\/image-46.png?resize=1050%2C600&ssl=1 3x, https:\/\/i0.wp.com\/akubaa.com\/wp-content\/uploads\/2026\/03\/image-46.png?resize=1400%2C800&ssl=1 4x"},"classes":[]}],"jetpack_shortlink":"https:\/\/wp.me\/pgrKo3-L9","_links":{"self":[{"href":"https:\/\/akubaa.com\/index.php\/wp-json\/wp\/v2\/posts\/2923","targetHints":{"allow":["GET"]}}],"collection":[{"href":"https:\/\/akubaa.com\/index.php\/wp-json\/wp\/v2\/posts"}],"about":[{"href":"https:\/\/akubaa.com\/index.php\/wp-json\/wp\/v2\/types\/post"}],"author":[{"embeddable":true,"href":"https:\/\/akubaa.com\/index.php\/wp-json\/wp\/v2\/users\/1"}],"replies":[{"embeddable":true,"href":"https:\/\/akubaa.com\/index.php\/wp-json\/wp\/v2\/comments?post=2923"}],"version-history":[{"count":0,"href":"https:\/\/akubaa.com\/index.php\/wp-json\/wp\/v2\/posts\/2923\/revisions"}],"wp:featuredmedia":[{"embeddable":true,"href":"https:\/\/akubaa.com\/index.php\/wp-json\/wp\/v2\/media\/2924"}],"wp:attachment":[{"href":"https:\/\/akubaa.com\/index.php\/wp-json\/wp\/v2\/media?parent=2923"}],"wp:term":[{"taxonomy":"category","embeddable":true,"href":"https:\/\/akubaa.com\/index.php\/wp-json\/wp\/v2\/categories?post=2923"},{"taxonomy":"post_tag","embeddable":true,"href":"https:\/\/akubaa.com\/index.php\/wp-json\/wp\/v2\/tags?post=2923"}],"curies":[{"name":"wp","href":"https:\/\/api.w.org\/{rel}","templated":true}]}}