{"id":2912,"date":"2026-03-28T07:00:00","date_gmt":"2026-03-28T11:00:00","guid":{"rendered":"https:\/\/akubaa.com\/?p=2912"},"modified":"2026-03-27T19:57:52","modified_gmt":"2026-03-27T23:57:52","slug":"dos-veleros-desaparecidos-rumbo-a-cuba","status":"publish","type":"post","link":"https:\/\/akubaa.com\/index.php\/2026\/03\/28\/dos-veleros-desaparecidos-rumbo-a-cuba\/","title":{"rendered":"Dos veleros desaparecidos rumbo a Cuba: la ayuda que se perdi\u00f3 en el mar y las preguntas que nadie quiere responder."},"content":{"rendered":"\n<p>Hay historias que empiezan como solidaridad\u2026 y terminan envueltas en silencio. Esta es una de ellas. Dos veleros que partieron desde M\u00e9xico con&nbsp;<strong>ayuda para Cuba<\/strong>&nbsp;hoy no aparecen en ning\u00fan radar, y lo que queda es una mezcla inc\u00f3moda de incertidumbre, pol\u00edtica y mar abierto.<\/p>\n\n\n\n<hr class=\"wp-block-separator has-alpha-channel-opacity\"\/>\n\n\n\n<div class=\"wp-block-media-text is-stacked-on-mobile\"><figure class=\"wp-block-media-text__media\"><img loading=\"lazy\" decoding=\"async\" width=\"1024\" height=\"683\" src=\"https:\/\/akubaa.com\/wp-content\/uploads\/2026\/02\/Imagen-222-1024x683.jpeg\" alt=\"\" class=\"wp-image-2608 size-full\" srcset=\"https:\/\/akubaa.com\/wp-content\/uploads\/2026\/02\/Imagen-222-1024x683.jpeg 1024w, https:\/\/akubaa.com\/wp-content\/uploads\/2026\/02\/Imagen-222-300x200.jpeg 300w, https:\/\/akubaa.com\/wp-content\/uploads\/2026\/02\/Imagen-222-768x512.jpeg 768w, https:\/\/akubaa.com\/wp-content\/uploads\/2026\/02\/Imagen-222-1320x880.jpeg 1320w, https:\/\/akubaa.com\/wp-content\/uploads\/2026\/02\/Imagen-222-600x400.jpeg 600w, https:\/\/akubaa.com\/wp-content\/uploads\/2026\/02\/Imagen-222.jpeg 1536w\" sizes=\"auto, (max-width: 1024px) 100vw, 1024px\" \/><\/figure><div class=\"wp-block-media-text__content\">\n<p>Colorear no es un juego: es desarrollo f\u00edsico, social y emocional. Cuando un ni\u00f1o colorea, pasa algo que ninguna pantalla puede replicar:&nbsp;<strong>Impacto social:<\/strong>&nbsp;invita al di\u00e1logo, al compartir, al \u201cmira lo que hice\u201d, al momento en familia.&nbsp;<strong>Desarrollo f\u00edsico:<\/strong>&nbsp;mejora la motricidad fina, la coordinaci\u00f3n mano-ojo y fortalece los m\u00fasculos de los dedos.&nbsp;<strong>Beneficio psicol\u00f3gico:<\/strong>&nbsp;reduce ansiedad, mejora la concentraci\u00f3n y estimula la creatividad infantil.<\/p>\n\n\n\n<div class=\"wp-block-buttons is-content-justification-center is-layout-flex wp-container-core-buttons-is-layout-a89b3969 wp-block-buttons-is-layout-flex\">\n<div class=\"wp-block-button\"><a class=\"wp-block-button__link wp-element-button\" href=\"https:\/\/www.amazon.com\/dp\/B0GMQM1LGJ?ref_=cm_sw_r_ffobk_cp_ud_dp_9EP7YKM6V3FNASY195JE_11&amp;bestFormat=true\">Compra los mejores libros de colorear para tus ni\u00f1os AQUI.<\/a><\/div>\n<\/div>\n<\/div><\/div>\n\n\n\n<hr class=\"wp-block-separator has-alpha-channel-opacity\"\/>\n\n\n\n<h3 class=\"wp-block-heading\"><strong>La desaparici\u00f3n de los veleros con ayuda para Cuba<\/strong><\/h3>\n\n\n\n<p>El pasado 20 de marzo, dos embarcaciones zarparon desde Isla Mujeres con destino a La Habana. A bordo: nueve personas de distintas nacionalidades y un cargamento de&nbsp;<strong>ayuda humanitaria para Cuba<\/strong>&nbsp;que inclu\u00eda alimentos, medicinas e insumos b\u00e1sicos. La llegada estaba prevista entre el 24 y el 25. Nunca ocurri\u00f3. Desde entonces, la&nbsp;Secretar\u00eda de Marina Armada de M\u00e9xico&nbsp;activ\u00f3 protocolos de b\u00fasqueda. Se desplegaron aeronaves tipo Persuader, unidades mar\u00edtimas y se coordinaron esfuerzos con centros de rescate de pa\u00edses como Francia, Polonia, Cuba y Estados Unidos. Pero el mar\u2026 sigue sin responder.<\/p>\n\n\n\n<hr class=\"wp-block-separator has-alpha-channel-opacity\"\/>\n\n\n\n<div class=\"wp-block-jetpack-related-posts\">\n<h2 class=\"wp-block-heading\">Te Puede Interesar <\/h2>\n<\/div>\n\n\n\n<hr class=\"wp-block-separator has-alpha-channel-opacity\"\/>\n\n\n\n<h3 class=\"wp-block-heading\"><strong>Una misi\u00f3n pol\u00edtica disfrazada de ayuda humanitaria<\/strong><\/h3>\n\n\n\n<p>No era una traves\u00eda cualquiera. Estos veleros formaban parte de la llamada&nbsp;<strong>Flotilla Nuestra Am\u00e9rica<\/strong>, un movimiento internacional que busca llevar apoyo a la isla en medio de la crisis, pero tambi\u00e9n respaldar abiertamente al r\u00e9gimen cubano. Aqu\u00ed es donde la historia se pone m\u00e1s compleja. Porque mientras un barco como el simb\u00f3lico \u201cGranma 2.0\u201d logr\u00f3 llegar a La Habana con toneladas de suministros, otros dos desaparecen sin dejar rastro. Y eso, en medio de rutas monitoreadas y con cooperaci\u00f3n internacional, no es un detalle menor.<\/p>\n\n\n\n<hr class=\"wp-block-separator has-alpha-channel-opacity\"\/>\n\n\n\n<div class=\"wp-block-media-text is-stacked-on-mobile\"><figure class=\"wp-block-media-text__media\"><img loading=\"lazy\" decoding=\"async\" width=\"1024\" height=\"683\" src=\"https:\/\/akubaa.com\/wp-content\/uploads\/2026\/01\/Imagen-223-1024x683.jpeg\" alt=\"\" class=\"wp-image-2445 size-full\" srcset=\"https:\/\/akubaa.com\/wp-content\/uploads\/2026\/01\/Imagen-223-1024x683.jpeg 1024w, https:\/\/akubaa.com\/wp-content\/uploads\/2026\/01\/Imagen-223-600x400.jpeg 600w, https:\/\/akubaa.com\/wp-content\/uploads\/2026\/01\/Imagen-223-300x200.jpeg 300w, https:\/\/akubaa.com\/wp-content\/uploads\/2026\/01\/Imagen-223-768x512.jpeg 768w, https:\/\/akubaa.com\/wp-content\/uploads\/2026\/01\/Imagen-223-1320x880.jpeg 1320w, https:\/\/akubaa.com\/wp-content\/uploads\/2026\/01\/Imagen-223.jpeg 1536w\" sizes=\"auto, (max-width: 1024px) 100vw, 1024px\" \/><\/figure><div class=\"wp-block-media-text__content\">\n<p>&nbsp;\u00bfTienes un negocio? . Publicalo aqu\u00ed ,solo te tarda un minuto y conecta con personas que buscan lo que t\u00fa ofreces.<strong><a href=\"https:\/\/akubaa.com\/index.php\/directorio-de-negocios-cubanos-akubaa\/\">Clic y descubre todas las ventajas&nbsp;<\/a><\/strong>que puede obtener t\u00fa ahora mismo. Es hora de llevarte al lugar que merece sin luchar con el algoritmo.<\/p>\n\n\n\n<div class=\"wp-block-buttons is-content-justification-center is-layout-flex wp-container-core-buttons-is-layout-a89b3969 wp-block-buttons-is-layout-flex\">\n<div class=\"wp-block-button\"><a class=\"wp-block-button__link wp-element-button\" href=\"https:\/\/akubaa.com\/index.php\/negocio\/\">PUBLICA TU NEGOCIO AQUI <\/a><\/div>\n<\/div>\n<\/div><\/div>\n\n\n\n<hr class=\"wp-block-separator has-alpha-channel-opacity\"\/>\n\n\n\n<h3 class=\"wp-block-heading\"><strong>El mar Caribe: rutas peligrosas y silencios inc\u00f3modos<\/strong><\/h3>\n\n\n\n<p>Los que vivimos entre Cuba y la di\u00e1spora \u2014Miami, Hialeah, Tampa\u2014 sabemos que el mar no perdona. No es solo agua: es historia, es escape, es tragedia. Las autoridades mexicanas han explicado que analizan&nbsp;<strong>corrientes marinas, condiciones meteorol\u00f3gicas y posibles desv\u00edos de ruta<\/strong>, intentando predecir d\u00f3nde podr\u00edan estar estas embarcaciones. Pero pasan las horas\u2026 y nada. Y aqu\u00ed viene la pregunta inc\u00f3moda que muchos ya se hacen en redes:<\/p>\n\n\n\n<blockquote class=\"wp-block-quote is-layout-flow wp-block-quote-is-layout-flow\">\n<p>\u201c\u00bfC\u00f3mo desaparecen dos veleros completos en una ruta vigilada sin que nadie sepa nada?\u201d<\/p>\n<\/blockquote>\n\n\n\n<hr class=\"wp-block-separator has-alpha-channel-opacity\"\/>\n\n\n\n\n\n<hr class=\"wp-block-separator has-alpha-channel-opacity\"\/>\n\n\n\n<h3 class=\"wp-block-heading\"><strong>La voz del pueblo: entre la solidaridad y la sospecha<\/strong><\/h3>\n\n\n\n<p>En redes sociales, el debate est\u00e1 encendido. Algunos aplauden la iniciativa solidaria. Otros no se lo creen.<\/p>\n\n\n\n<blockquote class=\"wp-block-quote is-layout-flow wp-block-quote-is-layout-flow\">\n<p>\u201cEso no es ayuda, eso es pol\u00edtica disfrazada\u201d, escribi\u00f3 un usuario desde Madrid.<br>\u201cMientras tanto, mi familia en Cuba sigue sin luz ni comida\u201d, coment\u00f3 otro desde Hialeah.<\/p>\n<\/blockquote>\n\n\n\n<p>Y es que la realidad cubana no se puede maquillar. Aunque lleguen barcos con paneles solares o medicinas, el problema de fondo sigue siendo estructural. Desde la visi\u00f3n de&nbsp;<strong><a href=\"https:\/\/akmundovirtual.com\/#google_vignette\" type=\"link\" id=\"https:\/\/akmundovirtual.com\/#google_vignette\">AKubaa<\/a><\/strong>, aqu\u00ed hay algo claro:&nbsp;<strong>la ayuda no puede ser excusa para ignorar las causas reales de la crisis<\/strong>. Y tampoco puede convertirse en un espect\u00e1culo ideol\u00f3gico mientras la gente en la isla sobrevive d\u00eda a d\u00eda.<\/p>\n\n\n\n<hr class=\"wp-block-separator has-alpha-channel-opacity\"\/>\n\n\n\n<figure class=\"wp-block-embed is-type-video is-provider-youtube wp-block-embed-youtube wp-embed-aspect-16-9 wp-has-aspect-ratio\"><div class=\"wp-block-embed__wrapper\">\n<div class=\"geodir-embed-container\"><iframe loading=\"lazy\" title=\"Semar rastrea veleros con ayuda para Cuba\" width=\"640\" height=\"360\" src=\"https:\/\/www.youtube.com\/embed\/4rHNRF4ZjNk?feature=oembed\" frameborder=\"0\" allow=\"accelerometer; autoplay; clipboard-write; encrypted-media; gyroscope; picture-in-picture; web-share\" referrerpolicy=\"strict-origin-when-cross-origin\" allowfullscreen><\/iframe><\/div>\n<\/div><\/figure>\n\n\n\n<hr class=\"wp-block-separator has-alpha-channel-opacity\"\/>\n\n\n\n<h3 class=\"wp-block-heading\"><strong>AKubaa: lo que esta historia realmente revela<\/strong><\/h3>\n\n\n\n<p>Este no es solo un caso de desaparici\u00f3n mar\u00edtima. Es un reflejo de algo m\u00e1s profundo:<\/p>\n\n\n\n<ul class=\"wp-block-list\">\n<li>La desesperaci\u00f3n por ayudar a Cuba desde fuera<\/li>\n\n\n\n<li>La politizaci\u00f3n de cada gesto humanitario<\/li>\n\n\n\n<li>Y el silencio cuando algo sale mal<\/li>\n<\/ul>\n\n\n\n<p>Porque cuando un barco desaparece, no solo se pierden suministros. Se pierden vidas, historias\u2026 y tambi\u00e9n credibilidad.<\/p>\n\n\n\n<hr class=\"wp-block-separator has-alpha-channel-opacity\"\/>\n\n\n\n<h3 class=\"wp-block-heading\"><strong>Conclusi\u00f3n: el mar guarda secretos, pero nosotros no<\/strong><\/h3>\n\n\n\n<p>Hoy, dos veleros siguen desaparecidos. Nueve personas no han sido localizadas. Y una misi\u00f3n que promet\u00eda ayuda ahora deja m\u00e1s dudas que respuestas. Desde AKubaa te lo digo claro: esto no puede quedarse as\u00ed. Ni en silencio, ni en titulares fr\u00edos.<\/p>\n\n\n\n<p>\ud83d\udc49 \u00bfT\u00fa qu\u00e9 crees que pas\u00f3 realmente con estos veleros?<br>\ud83d\udc49 \u00bfSolidaridad genuina\u2026 o una historia que todav\u00eda no nos han contado completa?<\/p>\n\n\n\n<p>Te leo en los comentarios y en nuestras redes. Porque si algo tenemos claro en AKubaa\u2026 es que la conversaci\u00f3n no se apaga.&nbsp;<\/p>\n\n\n\n<hr class=\"wp-block-separator has-alpha-channel-opacity\"\/>\n\n\n\n<h2 class=\"wp-block-heading\">M\u00e1s en AKubaa<\/h2>\n\n\n<ul class=\"wp-block-latest-posts__list is-grid columns-3 wp-block-latest-posts\"><li><div class=\"wp-block-latest-posts__featured-image aligncenter\"><a href=\"https:\/\/akubaa.com\/index.php\/2026\/04\/21\/imaray-ulloa-de-influecer-a-ganadora-de-fisicoculturismo\/\" aria-label=\"Imaray Ulloa se sube a otra tarima: dos medallas, ocho meses de disciplina y una lecci\u00f3n que la di\u00e1spora entendi\u00f3 enseguida.\"><img loading=\"lazy\" decoding=\"async\" width=\"150\" height=\"150\" src=\"https:\/\/akubaa.com\/wp-content\/uploads\/2026\/04\/image-14-150x150.png\" class=\"attachment-thumbnail size-thumbnail wp-post-image\" alt=\"\" style=\"\" srcset=\"https:\/\/akubaa.com\/wp-content\/uploads\/2026\/04\/image-14-150x150.png 150w, https:\/\/akubaa.com\/wp-content\/uploads\/2026\/04\/image-14-300x300.png 300w, https:\/\/akubaa.com\/wp-content\/uploads\/2026\/04\/image-14-100x100.png 100w\" sizes=\"auto, (max-width: 150px) 100vw, 150px\" \/><\/a><\/div><a class=\"wp-block-latest-posts__post-title\" href=\"https:\/\/akubaa.com\/index.php\/2026\/04\/21\/imaray-ulloa-de-influecer-a-ganadora-de-fisicoculturismo\/\">Imaray Ulloa se sube a otra tarima: dos medallas, ocho meses de disciplina y una lecci\u00f3n que la di\u00e1spora entendi\u00f3 enseguida.<\/a><\/li>\n<li><div class=\"wp-block-latest-posts__featured-image aligncenter\"><a href=\"https:\/\/akubaa.com\/index.php\/2026\/04\/10\/horoscopo-del-10-de-abril-de-2026\/\" aria-label=\"Hor\u00f3scopo del 10 de abril de 2026: lo que el universo te quiere decir hoy (y lo que debes evitar a toda costa).\u00a0\"><img loading=\"lazy\" decoding=\"async\" width=\"150\" height=\"150\" src=\"https:\/\/akubaa.com\/wp-content\/uploads\/2026\/04\/image-13-150x150.png\" class=\"attachment-thumbnail size-thumbnail wp-post-image\" alt=\"\" style=\"\" srcset=\"https:\/\/akubaa.com\/wp-content\/uploads\/2026\/04\/image-13-150x150.png 150w, https:\/\/akubaa.com\/wp-content\/uploads\/2026\/04\/image-13-300x300.png 300w, https:\/\/akubaa.com\/wp-content\/uploads\/2026\/04\/image-13-100x100.png 100w\" sizes=\"auto, (max-width: 150px) 100vw, 150px\" \/><\/a><\/div><a class=\"wp-block-latest-posts__post-title\" href=\"https:\/\/akubaa.com\/index.php\/2026\/04\/10\/horoscopo-del-10-de-abril-de-2026\/\">Hor\u00f3scopo del 10 de abril de 2026: lo que el universo te quiere decir hoy (y lo que debes evitar a toda costa).\u00a0<\/a><\/li>\n<li><div class=\"wp-block-latest-posts__featured-image aligncenter\"><a href=\"https:\/\/akubaa.com\/index.php\/2026\/04\/09\/horoscopo-del-9-de-abril-de-2026\/\" aria-label=\"\ud83d\udd2e\u00a0Hor\u00f3scopo del 9 de abril de 2026: lo que viene no es casualidad\u2026 es destino (y t\u00fa lo vas a sentir hoy).\"><img loading=\"lazy\" decoding=\"async\" width=\"150\" height=\"150\" src=\"https:\/\/akubaa.com\/wp-content\/uploads\/2026\/04\/image-12-150x150.png\" class=\"attachment-thumbnail size-thumbnail wp-post-image\" alt=\"\" style=\"\" srcset=\"https:\/\/akubaa.com\/wp-content\/uploads\/2026\/04\/image-12-150x150.png 150w, https:\/\/akubaa.com\/wp-content\/uploads\/2026\/04\/image-12-300x300.png 300w, https:\/\/akubaa.com\/wp-content\/uploads\/2026\/04\/image-12-100x100.png 100w\" sizes=\"auto, (max-width: 150px) 100vw, 150px\" \/><\/a><\/div><a class=\"wp-block-latest-posts__post-title\" href=\"https:\/\/akubaa.com\/index.php\/2026\/04\/09\/horoscopo-del-9-de-abril-de-2026\/\">\ud83d\udd2e\u00a0Hor\u00f3scopo del 9 de abril de 2026: lo que viene no es casualidad\u2026 es destino (y t\u00fa lo vas a sentir hoy).<\/a><\/li>\n<li><div class=\"wp-block-latest-posts__featured-image aligncenter\"><a href=\"https:\/\/akubaa.com\/index.php\/2026\/04\/08\/horoscopo-del-8-de-abril-de-2026\/\" aria-label=\"\ud83d\udd2e\u00a0Hor\u00f3scopo del 8 de abril de 2026: lo que el destino no te est\u00e1 diciendo (y deber\u00edas escuchar hoy).\"><img loading=\"lazy\" decoding=\"async\" width=\"150\" height=\"150\" src=\"https:\/\/akubaa.com\/wp-content\/uploads\/2026\/04\/image-11-150x150.png\" class=\"attachment-thumbnail size-thumbnail wp-post-image\" alt=\"\" style=\"\" srcset=\"https:\/\/akubaa.com\/wp-content\/uploads\/2026\/04\/image-11-150x150.png 150w, https:\/\/akubaa.com\/wp-content\/uploads\/2026\/04\/image-11-300x300.png 300w, https:\/\/akubaa.com\/wp-content\/uploads\/2026\/04\/image-11-100x100.png 100w\" sizes=\"auto, (max-width: 150px) 100vw, 150px\" \/><\/a><\/div><a class=\"wp-block-latest-posts__post-title\" href=\"https:\/\/akubaa.com\/index.php\/2026\/04\/08\/horoscopo-del-8-de-abril-de-2026\/\">\ud83d\udd2e\u00a0Hor\u00f3scopo del 8 de abril de 2026: lo que el destino no te est\u00e1 diciendo (y deber\u00edas escuchar hoy).<\/a><\/li>\n<li><div class=\"wp-block-latest-posts__featured-image aligncenter\"><a href=\"https:\/\/akubaa.com\/index.php\/2026\/04\/07\/leoni-torres-y-el-b-convierten-cubano-en-un-grito-de-identidad-y-libertad\/\" aria-label=\"\u201cViva Cuba Libre\u201d: la canci\u00f3n que no es solo m\u00fasica\u2026 es un mensaje que ya no se puede callar.\"><img loading=\"lazy\" decoding=\"async\" width=\"150\" height=\"150\" src=\"https:\/\/akubaa.com\/wp-content\/uploads\/2026\/04\/image-10-150x150.png\" class=\"attachment-thumbnail size-thumbnail wp-post-image\" alt=\"\" style=\"\" srcset=\"https:\/\/akubaa.com\/wp-content\/uploads\/2026\/04\/image-10-150x150.png 150w, https:\/\/akubaa.com\/wp-content\/uploads\/2026\/04\/image-10-300x300.png 300w, https:\/\/akubaa.com\/wp-content\/uploads\/2026\/04\/image-10-100x100.png 100w\" sizes=\"auto, (max-width: 150px) 100vw, 150px\" \/><\/a><\/div><a class=\"wp-block-latest-posts__post-title\" href=\"https:\/\/akubaa.com\/index.php\/2026\/04\/07\/leoni-torres-y-el-b-convierten-cubano-en-un-grito-de-identidad-y-libertad\/\">\u201cViva Cuba Libre\u201d: la canci\u00f3n que no es solo m\u00fasica\u2026 es un mensaje que ya no se puede callar.<\/a><\/li>\n<li><div class=\"wp-block-latest-posts__featured-image aligncenter\"><a href=\"https:\/\/akubaa.com\/index.php\/2026\/04\/07\/horoscopo-del-7-de-abril-de-2026\/\" aria-label=\"\ud83d\udd2e\u00a0Hor\u00f3scopo del 7 de abril de 2026: lo que viene no avisa\u2026 pero s\u00ed se siente.\"><img loading=\"lazy\" decoding=\"async\" width=\"150\" height=\"150\" src=\"https:\/\/akubaa.com\/wp-content\/uploads\/2026\/04\/image-9-150x150.png\" class=\"attachment-thumbnail size-thumbnail wp-post-image\" alt=\"\" style=\"\" srcset=\"https:\/\/akubaa.com\/wp-content\/uploads\/2026\/04\/image-9-150x150.png 150w, https:\/\/akubaa.com\/wp-content\/uploads\/2026\/04\/image-9-300x300.png 300w, https:\/\/akubaa.com\/wp-content\/uploads\/2026\/04\/image-9-100x100.png 100w\" sizes=\"auto, (max-width: 150px) 100vw, 150px\" \/><\/a><\/div><a class=\"wp-block-latest-posts__post-title\" href=\"https:\/\/akubaa.com\/index.php\/2026\/04\/07\/horoscopo-del-7-de-abril-de-2026\/\">\ud83d\udd2e\u00a0Hor\u00f3scopo del 7 de abril de 2026: lo que viene no avisa\u2026 pero s\u00ed se siente.<\/a><\/li>\n<\/ul>","protected":false},"excerpt":{"rendered":"<p>Hay historias que empiezan como solidaridad\u2026 y terminan envueltas en silencio. Esta es una de ellas. Dos veleros que partieron desde M\u00e9xico con&nbsp;ayuda para Cuba&nbsp;hoy no aparecen en ning\u00fan radar, y lo que queda es una mezcla inc\u00f3moda de incertidumbre, pol\u00edtica y mar abierto. La desaparici\u00f3n de los veleros con ayuda para Cuba El pasado [&hellip;]<\/p>\n","protected":false},"author":1,"featured_media":2913,"comment_status":"open","ping_status":"open","sticky":false,"template":"","format":"standard","meta":{"jetpack_post_was_ever_published":false,"_jetpack_newsletter_access":"","_jetpack_dont_email_post_to_subs":false,"_jetpack_newsletter_tier_id":0,"_jetpack_memberships_contains_paywalled_content":false,"_jetpack_memberships_contains_paid_content":false,"footnotes":"","jetpack_publicize_message":"","jetpack_publicize_feature_enabled":true,"jetpack_social_post_already_shared":true,"jetpack_social_options":{"image_generator_settings":{"template":"highway","default_image_id":0,"font":"","enabled":false},"version":2}},"categories":[4],"tags":[],"class_list":["post-2912","post","type-post","status-publish","format-standard","has-post-thumbnail","hentry","category-noticias-y-actualidad"],"yoast_head":"<!-- This site is optimized with the Yoast SEO plugin v27.5 - https:\/\/yoast.com\/product\/yoast-seo-wordpress\/ -->\n<title>Dos veleros desaparecidos rumbo a Cuba. - AKubaa<\/title>\n<meta name=\"description\" content=\"Dos veleros desaparecidos rumbo a Cuba: la ayuda que se perdi\u00f3 en el mar y las preguntas que nadie quiere responder.\" \/>\n<meta name=\"robots\" content=\"index, follow, max-snippet:-1, max-image-preview:large, max-video-preview:-1\" \/>\n<link rel=\"canonical\" href=\"https:\/\/akubaa.com\/index.php\/2026\/03\/28\/dos-veleros-desaparecidos-rumbo-a-cuba\/\" \/>\n<meta property=\"og:locale\" content=\"es_ES\" \/>\n<meta property=\"og:type\" content=\"article\" \/>\n<meta property=\"og:title\" content=\"Dos veleros desaparecidos rumbo a Cuba. - AKubaa\" \/>\n<meta property=\"og:description\" content=\"Dos veleros desaparecidos rumbo a Cuba: la ayuda que se perdi\u00f3 en el mar y las preguntas que nadie quiere responder.\" \/>\n<meta property=\"og:url\" content=\"https:\/\/akubaa.com\/index.php\/2026\/03\/28\/dos-veleros-desaparecidos-rumbo-a-cuba\/\" \/>\n<meta property=\"og:site_name\" content=\"AKubaa\" \/>\n<meta property=\"article:publisher\" content=\"https:\/\/www.facebook.com\/akubaa\" \/>\n<meta property=\"article:author\" content=\"https:\/\/www.facebook.com\/akubaa\" \/>\n<meta property=\"article:published_time\" content=\"2026-03-28T11:00:00+00:00\" \/>\n<meta property=\"og:image\" content=\"https:\/\/akubaa.com\/wp-content\/uploads\/2026\/03\/image-74.png\" \/>\n\t<meta property=\"og:image:width\" content=\"2048\" \/>\n\t<meta property=\"og:image:height\" content=\"1152\" \/>\n\t<meta property=\"og:image:type\" content=\"image\/png\" \/>\n<meta name=\"author\" content=\"AKubaa\" \/>\n<meta name=\"twitter:card\" content=\"summary_large_image\" \/>\n<meta name=\"twitter:label1\" content=\"Escrito por\" \/>\n\t<meta name=\"twitter:data1\" content=\"AKubaa\" \/>\n\t<meta name=\"twitter:label2\" content=\"Tiempo de lectura\" \/>\n\t<meta name=\"twitter:data2\" content=\"4 minutos\" \/>\n<script type=\"application\/ld+json\" class=\"yoast-schema-graph\">{\"@context\":\"https:\\\/\\\/schema.org\",\"@graph\":[{\"@type\":\"Article\",\"@id\":\"https:\\\/\\\/akubaa.com\\\/index.php\\\/2026\\\/03\\\/28\\\/dos-veleros-desaparecidos-rumbo-a-cuba\\\/#article\",\"isPartOf\":{\"@id\":\"https:\\\/\\\/akubaa.com\\\/index.php\\\/2026\\\/03\\\/28\\\/dos-veleros-desaparecidos-rumbo-a-cuba\\\/\"},\"author\":{\"name\":\"AKubaa\",\"@id\":\"https:\\\/\\\/akubaa.com\\\/#\\\/schema\\\/person\\\/b096b63c1ad27204e55fabb2cf2153a5\"},\"headline\":\"Dos veleros desaparecidos rumbo a Cuba: la ayuda que se perdi\u00f3 en el mar y las preguntas que nadie quiere responder.\",\"datePublished\":\"2026-03-28T11:00:00+00:00\",\"mainEntityOfPage\":{\"@id\":\"https:\\\/\\\/akubaa.com\\\/index.php\\\/2026\\\/03\\\/28\\\/dos-veleros-desaparecidos-rumbo-a-cuba\\\/\"},\"wordCount\":841,\"commentCount\":0,\"publisher\":{\"@id\":\"https:\\\/\\\/akubaa.com\\\/#\\\/schema\\\/person\\\/b096b63c1ad27204e55fabb2cf2153a5\"},\"image\":{\"@id\":\"https:\\\/\\\/akubaa.com\\\/index.php\\\/2026\\\/03\\\/28\\\/dos-veleros-desaparecidos-rumbo-a-cuba\\\/#primaryimage\"},\"thumbnailUrl\":\"https:\\\/\\\/akubaa.com\\\/wp-content\\\/uploads\\\/2026\\\/03\\\/image-74.png\",\"articleSection\":[\"Noticias y Actualidad\"],\"inLanguage\":\"es\",\"potentialAction\":[{\"@type\":\"CommentAction\",\"name\":\"Comment\",\"target\":[\"https:\\\/\\\/akubaa.com\\\/index.php\\\/2026\\\/03\\\/28\\\/dos-veleros-desaparecidos-rumbo-a-cuba\\\/#respond\"]}]},{\"@type\":\"WebPage\",\"@id\":\"https:\\\/\\\/akubaa.com\\\/index.php\\\/2026\\\/03\\\/28\\\/dos-veleros-desaparecidos-rumbo-a-cuba\\\/\",\"url\":\"https:\\\/\\\/akubaa.com\\\/index.php\\\/2026\\\/03\\\/28\\\/dos-veleros-desaparecidos-rumbo-a-cuba\\\/\",\"name\":\"Dos veleros desaparecidos rumbo a Cuba. - AKubaa\",\"isPartOf\":{\"@id\":\"https:\\\/\\\/akubaa.com\\\/#website\"},\"primaryImageOfPage\":{\"@id\":\"https:\\\/\\\/akubaa.com\\\/index.php\\\/2026\\\/03\\\/28\\\/dos-veleros-desaparecidos-rumbo-a-cuba\\\/#primaryimage\"},\"image\":{\"@id\":\"https:\\\/\\\/akubaa.com\\\/index.php\\\/2026\\\/03\\\/28\\\/dos-veleros-desaparecidos-rumbo-a-cuba\\\/#primaryimage\"},\"thumbnailUrl\":\"https:\\\/\\\/akubaa.com\\\/wp-content\\\/uploads\\\/2026\\\/03\\\/image-74.png\",\"datePublished\":\"2026-03-28T11:00:00+00:00\",\"description\":\"Dos veleros desaparecidos rumbo a Cuba: la ayuda que se perdi\u00f3 en el mar y las preguntas que nadie quiere responder.\",\"breadcrumb\":{\"@id\":\"https:\\\/\\\/akubaa.com\\\/index.php\\\/2026\\\/03\\\/28\\\/dos-veleros-desaparecidos-rumbo-a-cuba\\\/#breadcrumb\"},\"inLanguage\":\"es\",\"potentialAction\":[{\"@type\":\"ReadAction\",\"target\":[\"https:\\\/\\\/akubaa.com\\\/index.php\\\/2026\\\/03\\\/28\\\/dos-veleros-desaparecidos-rumbo-a-cuba\\\/\"]}]},{\"@type\":\"ImageObject\",\"inLanguage\":\"es\",\"@id\":\"https:\\\/\\\/akubaa.com\\\/index.php\\\/2026\\\/03\\\/28\\\/dos-veleros-desaparecidos-rumbo-a-cuba\\\/#primaryimage\",\"url\":\"https:\\\/\\\/akubaa.com\\\/wp-content\\\/uploads\\\/2026\\\/03\\\/image-74.png\",\"contentUrl\":\"https:\\\/\\\/akubaa.com\\\/wp-content\\\/uploads\\\/2026\\\/03\\\/image-74.png\",\"width\":2048,\"height\":1152},{\"@type\":\"BreadcrumbList\",\"@id\":\"https:\\\/\\\/akubaa.com\\\/index.php\\\/2026\\\/03\\\/28\\\/dos-veleros-desaparecidos-rumbo-a-cuba\\\/#breadcrumb\",\"itemListElement\":[{\"@type\":\"ListItem\",\"position\":1,\"name\":\"Portada\",\"item\":\"https:\\\/\\\/akubaa.com\\\/\"},{\"@type\":\"ListItem\",\"position\":2,\"name\":\"Dos veleros desaparecidos rumbo a Cuba: la ayuda que se perdi\u00f3 en el mar y las preguntas que nadie quiere responder.\"}]},{\"@type\":\"WebSite\",\"@id\":\"https:\\\/\\\/akubaa.com\\\/#website\",\"url\":\"https:\\\/\\\/akubaa.com\\\/\",\"name\":\"AKubaa\",\"description\":\"Vive ,conoce y disfruta Cuba al estilo de A&amp;K.\",\"publisher\":{\"@id\":\"https:\\\/\\\/akubaa.com\\\/#\\\/schema\\\/person\\\/b096b63c1ad27204e55fabb2cf2153a5\"},\"potentialAction\":[{\"@type\":\"SearchAction\",\"target\":{\"@type\":\"EntryPoint\",\"urlTemplate\":\"https:\\\/\\\/akubaa.com\\\/?s={search_term_string}\"},\"query-input\":{\"@type\":\"PropertyValueSpecification\",\"valueRequired\":true,\"valueName\":\"search_term_string\"}}],\"inLanguage\":\"es\"},{\"@type\":[\"Person\",\"Organization\"],\"@id\":\"https:\\\/\\\/akubaa.com\\\/#\\\/schema\\\/person\\\/b096b63c1ad27204e55fabb2cf2153a5\",\"name\":\"AKubaa\",\"image\":{\"@type\":\"ImageObject\",\"inLanguage\":\"es\",\"@id\":\"https:\\\/\\\/akubaa.com\\\/wp-content\\\/uploads\\\/2025\\\/08\\\/Imagen-17.jpeg\",\"url\":\"https:\\\/\\\/akubaa.com\\\/wp-content\\\/uploads\\\/2025\\\/08\\\/Imagen-17.jpeg\",\"contentUrl\":\"https:\\\/\\\/akubaa.com\\\/wp-content\\\/uploads\\\/2025\\\/08\\\/Imagen-17.jpeg\",\"width\":1024,\"height\":1024,\"caption\":\"AKubaa\"},\"logo\":{\"@id\":\"https:\\\/\\\/akubaa.com\\\/wp-content\\\/uploads\\\/2025\\\/08\\\/Imagen-17.jpeg\"},\"sameAs\":[\"https:\\\/\\\/akubaa.com\",\"https:\\\/\\\/www.facebook.com\\\/akubaa\",\"https:\\\/\\\/www.instagram.com\\\/akubaa?\"],\"url\":\"https:\\\/\\\/akubaa.com\\\/index.php\\\/profile\\\/admin\\\/\"}]}<\/script>\n<!-- \/ Yoast SEO plugin. -->","yoast_head_json":{"title":"Dos veleros desaparecidos rumbo a Cuba. - AKubaa","description":"Dos veleros desaparecidos rumbo a Cuba: la ayuda que se perdi\u00f3 en el mar y las preguntas que nadie quiere responder.","robots":{"index":"index","follow":"follow","max-snippet":"max-snippet:-1","max-image-preview":"max-image-preview:large","max-video-preview":"max-video-preview:-1"},"canonical":"https:\/\/akubaa.com\/index.php\/2026\/03\/28\/dos-veleros-desaparecidos-rumbo-a-cuba\/","og_locale":"es_ES","og_type":"article","og_title":"Dos veleros desaparecidos rumbo a Cuba. - AKubaa","og_description":"Dos veleros desaparecidos rumbo a Cuba: la ayuda que se perdi\u00f3 en el mar y las preguntas que nadie quiere responder.","og_url":"https:\/\/akubaa.com\/index.php\/2026\/03\/28\/dos-veleros-desaparecidos-rumbo-a-cuba\/","og_site_name":"AKubaa","article_publisher":"https:\/\/www.facebook.com\/akubaa","article_author":"https:\/\/www.facebook.com\/akubaa","article_published_time":"2026-03-28T11:00:00+00:00","og_image":[{"width":2048,"height":1152,"url":"https:\/\/akubaa.com\/wp-content\/uploads\/2026\/03\/image-74.png","type":"image\/png"}],"author":"AKubaa","twitter_card":"summary_large_image","twitter_misc":{"Escrito por":"AKubaa","Tiempo de lectura":"4 minutos"},"schema":{"@context":"https:\/\/schema.org","@graph":[{"@type":"Article","@id":"https:\/\/akubaa.com\/index.php\/2026\/03\/28\/dos-veleros-desaparecidos-rumbo-a-cuba\/#article","isPartOf":{"@id":"https:\/\/akubaa.com\/index.php\/2026\/03\/28\/dos-veleros-desaparecidos-rumbo-a-cuba\/"},"author":{"name":"AKubaa","@id":"https:\/\/akubaa.com\/#\/schema\/person\/b096b63c1ad27204e55fabb2cf2153a5"},"headline":"Dos veleros desaparecidos rumbo a Cuba: la ayuda que se perdi\u00f3 en el mar y las preguntas que nadie quiere responder.","datePublished":"2026-03-28T11:00:00+00:00","mainEntityOfPage":{"@id":"https:\/\/akubaa.com\/index.php\/2026\/03\/28\/dos-veleros-desaparecidos-rumbo-a-cuba\/"},"wordCount":841,"commentCount":0,"publisher":{"@id":"https:\/\/akubaa.com\/#\/schema\/person\/b096b63c1ad27204e55fabb2cf2153a5"},"image":{"@id":"https:\/\/akubaa.com\/index.php\/2026\/03\/28\/dos-veleros-desaparecidos-rumbo-a-cuba\/#primaryimage"},"thumbnailUrl":"https:\/\/akubaa.com\/wp-content\/uploads\/2026\/03\/image-74.png","articleSection":["Noticias y Actualidad"],"inLanguage":"es","potentialAction":[{"@type":"CommentAction","name":"Comment","target":["https:\/\/akubaa.com\/index.php\/2026\/03\/28\/dos-veleros-desaparecidos-rumbo-a-cuba\/#respond"]}]},{"@type":"WebPage","@id":"https:\/\/akubaa.com\/index.php\/2026\/03\/28\/dos-veleros-desaparecidos-rumbo-a-cuba\/","url":"https:\/\/akubaa.com\/index.php\/2026\/03\/28\/dos-veleros-desaparecidos-rumbo-a-cuba\/","name":"Dos veleros desaparecidos rumbo a Cuba. - AKubaa","isPartOf":{"@id":"https:\/\/akubaa.com\/#website"},"primaryImageOfPage":{"@id":"https:\/\/akubaa.com\/index.php\/2026\/03\/28\/dos-veleros-desaparecidos-rumbo-a-cuba\/#primaryimage"},"image":{"@id":"https:\/\/akubaa.com\/index.php\/2026\/03\/28\/dos-veleros-desaparecidos-rumbo-a-cuba\/#primaryimage"},"thumbnailUrl":"https:\/\/akubaa.com\/wp-content\/uploads\/2026\/03\/image-74.png","datePublished":"2026-03-28T11:00:00+00:00","description":"Dos veleros desaparecidos rumbo a Cuba: la ayuda que se perdi\u00f3 en el mar y las preguntas que nadie quiere responder.","breadcrumb":{"@id":"https:\/\/akubaa.com\/index.php\/2026\/03\/28\/dos-veleros-desaparecidos-rumbo-a-cuba\/#breadcrumb"},"inLanguage":"es","potentialAction":[{"@type":"ReadAction","target":["https:\/\/akubaa.com\/index.php\/2026\/03\/28\/dos-veleros-desaparecidos-rumbo-a-cuba\/"]}]},{"@type":"ImageObject","inLanguage":"es","@id":"https:\/\/akubaa.com\/index.php\/2026\/03\/28\/dos-veleros-desaparecidos-rumbo-a-cuba\/#primaryimage","url":"https:\/\/akubaa.com\/wp-content\/uploads\/2026\/03\/image-74.png","contentUrl":"https:\/\/akubaa.com\/wp-content\/uploads\/2026\/03\/image-74.png","width":2048,"height":1152},{"@type":"BreadcrumbList","@id":"https:\/\/akubaa.com\/index.php\/2026\/03\/28\/dos-veleros-desaparecidos-rumbo-a-cuba\/#breadcrumb","itemListElement":[{"@type":"ListItem","position":1,"name":"Portada","item":"https:\/\/akubaa.com\/"},{"@type":"ListItem","position":2,"name":"Dos veleros desaparecidos rumbo a Cuba: la ayuda que se perdi\u00f3 en el mar y las preguntas que nadie quiere responder."}]},{"@type":"WebSite","@id":"https:\/\/akubaa.com\/#website","url":"https:\/\/akubaa.com\/","name":"AKubaa","description":"Vive ,conoce y disfruta Cuba al estilo de A&amp;K.","publisher":{"@id":"https:\/\/akubaa.com\/#\/schema\/person\/b096b63c1ad27204e55fabb2cf2153a5"},"potentialAction":[{"@type":"SearchAction","target":{"@type":"EntryPoint","urlTemplate":"https:\/\/akubaa.com\/?s={search_term_string}"},"query-input":{"@type":"PropertyValueSpecification","valueRequired":true,"valueName":"search_term_string"}}],"inLanguage":"es"},{"@type":["Person","Organization"],"@id":"https:\/\/akubaa.com\/#\/schema\/person\/b096b63c1ad27204e55fabb2cf2153a5","name":"AKubaa","image":{"@type":"ImageObject","inLanguage":"es","@id":"https:\/\/akubaa.com\/wp-content\/uploads\/2025\/08\/Imagen-17.jpeg","url":"https:\/\/akubaa.com\/wp-content\/uploads\/2025\/08\/Imagen-17.jpeg","contentUrl":"https:\/\/akubaa.com\/wp-content\/uploads\/2025\/08\/Imagen-17.jpeg","width":1024,"height":1024,"caption":"AKubaa"},"logo":{"@id":"https:\/\/akubaa.com\/wp-content\/uploads\/2025\/08\/Imagen-17.jpeg"},"sameAs":["https:\/\/akubaa.com","https:\/\/www.facebook.com\/akubaa","https:\/\/www.instagram.com\/akubaa?"],"url":"https:\/\/akubaa.com\/index.php\/profile\/admin\/"}]}},"jetpack_publicize_connections":[],"jetpack_featured_media_url":"https:\/\/akubaa.com\/wp-content\/uploads\/2026\/03\/image-74.png","jetpack_sharing_enabled":true,"jetpack_likes_enabled":true,"jetpack-related-posts":[{"id":2928,"url":"https:\/\/akubaa.com\/index.php\/2026\/03\/30\/mexico-rompe-el-silencio-aparecen-los-veleros-desaparecidos-rumbo-a-cuba\/","url_meta":{"origin":2912,"position":0},"title":"M\u00e9xico rompe el silencio: aparecen los veleros desaparecidos rumbo a Cuba\u2026 y la historia no es tan simple.","author":"AKubaa","date":"03\/30\/2026","format":false,"excerpt":"Localizaci\u00f3n de veleros en Cuba: lo que realmente pas\u00f3 en alta mar No te voy a mentir: cuando le\u00ed que los veleros\u00a0Friendship\u00a0y\u00a0Tiger Moth\u00a0hab\u00edan desaparecido rumbo a Cuba, sent\u00ed ese d\u00e9j\u00e0 vu que todos los cubanos conocemos. Mar abierto, silencio, incertidumbre\u2026 y familias esperando noticias. Pero este 28 de marzo, la\u00a0Secretar\u00eda\u2026","rel":"","context":"Entrada similar","block_context":{"text":"Entrada similar","link":""},"img":{"alt_text":"","src":"https:\/\/i0.wp.com\/akubaa.com\/wp-content\/uploads\/2026\/03\/image-81.png?resize=350%2C200&ssl=1","width":350,"height":200,"srcset":"https:\/\/i0.wp.com\/akubaa.com\/wp-content\/uploads\/2026\/03\/image-81.png?resize=350%2C200&ssl=1 1x, https:\/\/i0.wp.com\/akubaa.com\/wp-content\/uploads\/2026\/03\/image-81.png?resize=525%2C300&ssl=1 1.5x, https:\/\/i0.wp.com\/akubaa.com\/wp-content\/uploads\/2026\/03\/image-81.png?resize=700%2C400&ssl=1 2x, https:\/\/i0.wp.com\/akubaa.com\/wp-content\/uploads\/2026\/03\/image-81.png?resize=1050%2C600&ssl=1 3x, https:\/\/i0.wp.com\/akubaa.com\/wp-content\/uploads\/2026\/03\/image-81.png?resize=1400%2C800&ssl=1 4x"},"classes":[]},{"id":2926,"url":"https:\/\/akubaa.com\/index.php\/2026\/03\/28\/los-veleros-con-ayuda-humanitaria\/","url_meta":{"origin":2912,"position":1},"title":"\u00bfDesaparecidos o silenciados?. El giro inesperado de los veleros con ayuda humanitaria rumbo a Cuba.","author":"AKubaa","date":"03\/28\/2026","format":false,"excerpt":"Hay historias que parecen sacadas de una pel\u00edcula\u2026 pero esta es demasiado real. Yo misma, desde aqu\u00ed \u2014entre Miami y ese pedazo de Cuba que uno nunca suelta\u2014 segu\u00eda con preocupaci\u00f3n la noticia de los veleros desaparecidos. Y de pronto, el giro: la\u00a0Guardia Costera de Estados Unidos\u00a0asegura que\u00a0s\u00ed llegaron. Colorear\u2026","rel":"","context":"Entrada similar","block_context":{"text":"Entrada similar","link":""},"img":{"alt_text":"","src":"https:\/\/i0.wp.com\/akubaa.com\/wp-content\/uploads\/2026\/03\/image-80.png?resize=350%2C200&ssl=1","width":350,"height":200,"srcset":"https:\/\/i0.wp.com\/akubaa.com\/wp-content\/uploads\/2026\/03\/image-80.png?resize=350%2C200&ssl=1 1x, https:\/\/i0.wp.com\/akubaa.com\/wp-content\/uploads\/2026\/03\/image-80.png?resize=525%2C300&ssl=1 1.5x, https:\/\/i0.wp.com\/akubaa.com\/wp-content\/uploads\/2026\/03\/image-80.png?resize=700%2C400&ssl=1 2x, https:\/\/i0.wp.com\/akubaa.com\/wp-content\/uploads\/2026\/03\/image-80.png?resize=1050%2C600&ssl=1 3x, https:\/\/i0.wp.com\/akubaa.com\/wp-content\/uploads\/2026\/03\/image-80.png?resize=1400%2C800&ssl=1 4x"},"classes":[]},{"id":2917,"url":"https:\/\/akubaa.com\/index.php\/2026\/03\/28\/desaparecidos-en-el-mar-y-una-promesa-en-tierra\/","url_meta":{"origin":2912,"position":2},"title":"Desaparecidos en el mar y una promesa en tierra: la b\u00fasqueda que destapa m\u00e1s preguntas que respuestas en Cuba.","author":"AKubaa","date":"03\/28\/2026","format":false,"excerpt":"Hay historias que empiezan en el mar\u2026 pero terminan revelando lo que pasa en tierra. Y esta, cr\u00e9eme, es una de ellas. Nueve personas salieron desde Isla Mujeres con rumbo a La Habana cargando ayuda y convicci\u00f3n pol\u00edtica. Hoy, lo \u00fanico que sabemos es que el mar se los trag\u00f3\u2026\u2026","rel":"","context":"Entrada similar","block_context":{"text":"Entrada similar","link":""},"img":{"alt_text":"","src":"https:\/\/i0.wp.com\/akubaa.com\/wp-content\/uploads\/2026\/03\/image-76.png?resize=350%2C200&ssl=1","width":350,"height":200,"srcset":"https:\/\/i0.wp.com\/akubaa.com\/wp-content\/uploads\/2026\/03\/image-76.png?resize=350%2C200&ssl=1 1x, https:\/\/i0.wp.com\/akubaa.com\/wp-content\/uploads\/2026\/03\/image-76.png?resize=525%2C300&ssl=1 1.5x, https:\/\/i0.wp.com\/akubaa.com\/wp-content\/uploads\/2026\/03\/image-76.png?resize=700%2C400&ssl=1 2x, https:\/\/i0.wp.com\/akubaa.com\/wp-content\/uploads\/2026\/03\/image-76.png?resize=1050%2C600&ssl=1 3x, https:\/\/i0.wp.com\/akubaa.com\/wp-content\/uploads\/2026\/03\/image-76.png?resize=1400%2C800&ssl=1 4x"},"classes":[]},{"id":2706,"url":"https:\/\/akubaa.com\/index.php\/2026\/03\/08\/cuatro-drones-maritimos-de-estados-unidos\/","url_meta":{"origin":2912,"position":3},"title":"Drones de Estados Unidos rodean Cuba: lo que realmente significa esta silenciosa misi\u00f3n en el Estrecho de Florida.","author":"AKubaa","date":"03\/08\/2026","format":false,"excerpt":"A veces las noticias importantes no hacen ruido. No hay explosiones, ni barcos de guerra visibles en el horizonte. Solo silencio\u2026 y tecnolog\u00eda. Esta semana, mientras muchos cubanos dentro y fuera de la Isla estaban pendientes de los apagones o del precio del pollo en las tiendas,\u00a0cuatro drones mar\u00edtimos de\u2026","rel":"","context":"En \u00abNoticias y Actualidad\u00bb","block_context":{"text":"Noticias y Actualidad","link":"https:\/\/akubaa.com\/index.php\/category\/noticias-y-actualidad\/"},"img":{"alt_text":"","src":"https:\/\/i0.wp.com\/akubaa.com\/wp-content\/uploads\/2026\/03\/Imagen-6.jpeg?resize=350%2C200&ssl=1","width":350,"height":200,"srcset":"https:\/\/i0.wp.com\/akubaa.com\/wp-content\/uploads\/2026\/03\/Imagen-6.jpeg?resize=350%2C200&ssl=1 1x, https:\/\/i0.wp.com\/akubaa.com\/wp-content\/uploads\/2026\/03\/Imagen-6.jpeg?resize=525%2C300&ssl=1 1.5x, https:\/\/i0.wp.com\/akubaa.com\/wp-content\/uploads\/2026\/03\/Imagen-6.jpeg?resize=700%2C400&ssl=1 2x, https:\/\/i0.wp.com\/akubaa.com\/wp-content\/uploads\/2026\/03\/Imagen-6.jpeg?resize=1050%2C600&ssl=1 3x, https:\/\/i0.wp.com\/akubaa.com\/wp-content\/uploads\/2026\/03\/Imagen-6.jpeg?resize=1400%2C800&ssl=1 4x"},"classes":[]},{"id":2817,"url":"https:\/\/akubaa.com\/index.php\/2026\/03\/22\/florida-mira-al-mar-cuba-mira-al-abismo-el-miedo-a-un-nuevo-exodo-ya-no-se-susurra\/","url_meta":{"origin":2912,"position":4},"title":"Florida mira al mar, Cuba mira al abismo: el miedo a un nuevo \u00e9xodo ya no se susurra.","author":"AKubaa","date":"03\/22\/2026","format":false,"excerpt":"Posible \u00e9xodo masivo de cubanos: Florida en alerta y la Isla al l\u00edmite Yo no creo que en Cuba haya que esperar una explosi\u00f3n para saber que algo se est\u00e1 rompiendo. Basta con mirar la vida diaria: apagones largos, comida m\u00e1s cara que la paciencia, transporte hecho polvo y una\u2026","rel":"","context":"En \u00abNoticias y Actualidad\u00bb","block_context":{"text":"Noticias y Actualidad","link":"https:\/\/akubaa.com\/index.php\/category\/noticias-y-actualidad\/"},"img":{"alt_text":"","src":"https:\/\/i0.wp.com\/akubaa.com\/wp-content\/uploads\/2026\/03\/image-31.png?resize=350%2C200&ssl=1","width":350,"height":200,"srcset":"https:\/\/i0.wp.com\/akubaa.com\/wp-content\/uploads\/2026\/03\/image-31.png?resize=350%2C200&ssl=1 1x, https:\/\/i0.wp.com\/akubaa.com\/wp-content\/uploads\/2026\/03\/image-31.png?resize=525%2C300&ssl=1 1.5x, https:\/\/i0.wp.com\/akubaa.com\/wp-content\/uploads\/2026\/03\/image-31.png?resize=700%2C400&ssl=1 2x, https:\/\/i0.wp.com\/akubaa.com\/wp-content\/uploads\/2026\/03\/image-31.png?resize=1050%2C600&ssl=1 3x, https:\/\/i0.wp.com\/akubaa.com\/wp-content\/uploads\/2026\/03\/image-31.png?resize=1400%2C800&ssl=1 4x"},"classes":[]},{"id":2888,"url":"https:\/\/akubaa.com\/index.php\/2026\/03\/26\/rusia-rompe-el-silencio-el-petroleo-que-llega-a-cuba\/","url_meta":{"origin":2912,"position":5},"title":"Rusia rompe el silencio: el petr\u00f3leo que llega a Cuba\u2026 y lo que no quieren que veas.","author":"AKubaa","date":"03\/26\/2026","format":false,"excerpt":"Rusia y el petr\u00f3leo a Cuba: la verdad que empieza a salir a flote Yo te voy a ser claro desde el inicio: cuando escuch\u00e9 que\u00a0Rusia confirma el env\u00edo de petr\u00f3leo a Cuba como \u201cayuda humanitaria\u201d, supe que detr\u00e1s de esa frase hab\u00eda m\u00e1s historia que combustible. El ministro ruso,\u00a0Sergei\u2026","rel":"","context":"En \u00abNoticias y Actualidad\u00bb","block_context":{"text":"Noticias y Actualidad","link":"https:\/\/akubaa.com\/index.php\/category\/noticias-y-actualidad\/"},"img":{"alt_text":"","src":"https:\/\/i0.wp.com\/akubaa.com\/wp-content\/uploads\/2026\/03\/image-62.png?resize=350%2C200&ssl=1","width":350,"height":200,"srcset":"https:\/\/i0.wp.com\/akubaa.com\/wp-content\/uploads\/2026\/03\/image-62.png?resize=350%2C200&ssl=1 1x, https:\/\/i0.wp.com\/akubaa.com\/wp-content\/uploads\/2026\/03\/image-62.png?resize=525%2C300&ssl=1 1.5x, https:\/\/i0.wp.com\/akubaa.com\/wp-content\/uploads\/2026\/03\/image-62.png?resize=700%2C400&ssl=1 2x, https:\/\/i0.wp.com\/akubaa.com\/wp-content\/uploads\/2026\/03\/image-62.png?resize=1050%2C600&ssl=1 3x, https:\/\/i0.wp.com\/akubaa.com\/wp-content\/uploads\/2026\/03\/image-62.png?resize=1400%2C800&ssl=1 4x"},"classes":[]}],"jetpack_shortlink":"https:\/\/wp.me\/pgrKo3-KY","_links":{"self":[{"href":"https:\/\/akubaa.com\/index.php\/wp-json\/wp\/v2\/posts\/2912","targetHints":{"allow":["GET"]}}],"collection":[{"href":"https:\/\/akubaa.com\/index.php\/wp-json\/wp\/v2\/posts"}],"about":[{"href":"https:\/\/akubaa.com\/index.php\/wp-json\/wp\/v2\/types\/post"}],"author":[{"embeddable":true,"href":"https:\/\/akubaa.com\/index.php\/wp-json\/wp\/v2\/users\/1"}],"replies":[{"embeddable":true,"href":"https:\/\/akubaa.com\/index.php\/wp-json\/wp\/v2\/comments?post=2912"}],"version-history":[{"count":0,"href":"https:\/\/akubaa.com\/index.php\/wp-json\/wp\/v2\/posts\/2912\/revisions"}],"wp:featuredmedia":[{"embeddable":true,"href":"https:\/\/akubaa.com\/index.php\/wp-json\/wp\/v2\/media\/2913"}],"wp:attachment":[{"href":"https:\/\/akubaa.com\/index.php\/wp-json\/wp\/v2\/media?parent=2912"}],"wp:term":[{"taxonomy":"category","embeddable":true,"href":"https:\/\/akubaa.com\/index.php\/wp-json\/wp\/v2\/categories?post=2912"},{"taxonomy":"post_tag","embeddable":true,"href":"https:\/\/akubaa.com\/index.php\/wp-json\/wp\/v2\/tags?post=2912"}],"curies":[{"name":"wp","href":"https:\/\/api.w.org\/{rel}","templated":true}]}}