{"id":2894,"date":"2026-03-27T09:00:00","date_gmt":"2026-03-27T13:00:00","guid":{"rendered":"https:\/\/akubaa.com\/?p=2894"},"modified":"2026-03-26T21:43:19","modified_gmt":"2026-03-27T01:43:19","slug":"diaz-canel-abre-la-puerta-a-eeuu-pero-con-candado-puesto","status":"publish","type":"post","link":"https:\/\/akubaa.com\/index.php\/2026\/03\/27\/diaz-canel-abre-la-puerta-a-eeuu-pero-con-candado-puesto\/","title":{"rendered":"D\u00edaz-Canel abre la puerta a EEUU\u2026 pero con candado puesto: \u00bfdi\u00e1logo real o estrategia pol\u00edtica?."},"content":{"rendered":"\n<p>Hay frases que suenan bonitas\u2026 hasta que uno las aterriza en la realidad. Esta semana,\u00a0Miguel D\u00edaz-Canel\u00a0dijo que Cuba est\u00e1 dispuesta a dialogar con\u00a0Estados Unidos\u00a0sobre su participaci\u00f3n en la econom\u00eda de la Isla. Y yo, desde aqu\u00ed \u2014con un pie en Cuba y otro en la di\u00e1spora\u2014 no pude evitar preguntarme: \u00bfesto es una oportunidad\u2026 o m\u00e1s de lo mismo?. Porque en Cuba, cuando se habla de di\u00e1logo, casi siempre hay letra peque\u00f1a.<\/p>\n\n\n\n<hr class=\"wp-block-separator has-alpha-channel-opacity\"\/>\n\n\n\n<div class=\"wp-block-media-text is-stacked-on-mobile\"><figure class=\"wp-block-media-text__media\"><img loading=\"lazy\" decoding=\"async\" width=\"1024\" height=\"683\" src=\"https:\/\/akubaa.com\/wp-content\/uploads\/2026\/02\/Imagen-222-1024x683.jpeg\" alt=\"\" class=\"wp-image-2608 size-full\" srcset=\"https:\/\/akubaa.com\/wp-content\/uploads\/2026\/02\/Imagen-222-1024x683.jpeg 1024w, https:\/\/akubaa.com\/wp-content\/uploads\/2026\/02\/Imagen-222-300x200.jpeg 300w, https:\/\/akubaa.com\/wp-content\/uploads\/2026\/02\/Imagen-222-768x512.jpeg 768w, https:\/\/akubaa.com\/wp-content\/uploads\/2026\/02\/Imagen-222-1320x880.jpeg 1320w, https:\/\/akubaa.com\/wp-content\/uploads\/2026\/02\/Imagen-222-600x400.jpeg 600w, https:\/\/akubaa.com\/wp-content\/uploads\/2026\/02\/Imagen-222.jpeg 1536w\" sizes=\"auto, (max-width: 1024px) 100vw, 1024px\" \/><\/figure><div class=\"wp-block-media-text__content\">\n<p>Colorear no es un juego: es desarrollo f\u00edsico, social y emocional. Cuando un ni\u00f1o colorea, pasa algo que ninguna pantalla puede replicar:\u00a0<strong>Impacto social:<\/strong>\u00a0invita al di\u00e1logo, al compartir, al \u201cmira lo que hice\u201d, al momento en familia.\u00a0<strong>Desarrollo f\u00edsico:<\/strong>\u00a0mejora la motricidad fina, la coordinaci\u00f3n mano-ojo y fortalece los m\u00fasculos de los dedos.\u00a0<strong>Beneficio psicol\u00f3gico:<\/strong>\u00a0reduce ansiedad, mejora la concentraci\u00f3n y estimula la creatividad infantil.<\/p>\n\n\n\n<div class=\"wp-block-buttons is-content-justification-center is-layout-flex wp-container-core-buttons-is-layout-a89b3969 wp-block-buttons-is-layout-flex\">\n<div class=\"wp-block-button\"><a class=\"wp-block-button__link wp-element-button\" href=\"https:\/\/a.co\/d\/00NXBBnV\">Compra los mejores libros de colorear para tus ni\u00f1os AQUI.<\/a><\/div>\n<\/div>\n<\/div><\/div>\n\n\n\n<hr class=\"wp-block-separator has-alpha-channel-opacity\"\/>\n\n\n\n<h3 class=\"wp-block-heading\"><strong>D\u00edaz-Canel y el di\u00e1logo con EEUU: la palabra clave es \u201ccondiciones\u201d<\/strong><\/h3>\n\n\n\n<p>El mensaje fue claro, pero con l\u00edmites bien marcados: s\u00ed al di\u00e1logo, pero sin tocar\u00a0<strong>soberan\u00eda<\/strong>,\u00a0<strong>independencia<\/strong>\u00a0ni\u00a0<strong>sistema pol\u00edtico<\/strong>. Es decir, hablar\u2026 pero sin cambiar nada esencial. Y ah\u00ed es donde empieza el verdadero conflicto. Porque mientras se habla de abrir puertas a la\u00a0<strong>inversi\u00f3n extranjera<\/strong>, de mejorar los\u00a0<strong>flujos migratorios<\/strong>\u00a0o de cooperar en temas como el medioambiente, la realidad en la Isla sigue siendo otra: apagones de m\u00e1s de 12 horas, escasez constante y una econom\u00eda que no levanta. <a href=\"https:\/\/akmundovirtual.com\/#google_vignette\" type=\"link\" id=\"https:\/\/akmundovirtual.com\/#google_vignette\">Desde AKubaa<\/a> lo vemos claro: no se puede negociar el futuro econ\u00f3mico de un pa\u00eds sin tocar las bases que lo tienen en crisis.<\/p>\n\n\n\n<hr class=\"wp-block-separator has-alpha-channel-opacity\"\/>\n\n\n\n<div class=\"wp-block-jetpack-related-posts\">\n<h2 class=\"wp-block-heading\">Te Puede Interesar <\/h2>\n<\/div>\n\n\n\n<hr class=\"wp-block-separator has-alpha-channel-opacity\"\/>\n\n\n\n<h3 class=\"wp-block-heading\"><strong>La econom\u00eda cubana: entre el discurso y el apag\u00f3n<\/strong><\/h3>\n\n\n\n<p>D\u00edaz-Canel insiste en que la crisis energ\u00e9tica es culpa de Washington. Que no entra combustible. Que el bloqueo aprieta. Pero en la calle \u2014en Centro Habana, en Santiago, en cualquier barrio\u2014 la gente te dice otra cosa:<\/p>\n\n\n\n<blockquote class=\"wp-block-quote is-layout-flow wp-block-quote-is-layout-flow\">\n<p>\u201cAsere, el problema no es solo el bloqueo\u2026 es que aqu\u00ed nada funciona.\u201d<\/p>\n<\/blockquote>\n\n\n\n<p>Y esa frase resume el sentir popular. Mientras tanto, en Miami, Hialeah o Tampa, la di\u00e1spora observa con una mezcla de esperanza y escepticismo. Muchos quisieran ver un cambio real, pero ya han escuchado este discurso antes.<\/p>\n\n\n\n<hr class=\"wp-block-separator has-alpha-channel-opacity\"\/>\n\n\n\n<div class=\"wp-block-media-text is-stacked-on-mobile\"><figure class=\"wp-block-media-text__media\"><img loading=\"lazy\" decoding=\"async\" width=\"1024\" height=\"683\" src=\"https:\/\/akubaa.com\/wp-content\/uploads\/2026\/01\/Imagen-223-1024x683.jpeg\" alt=\"\" class=\"wp-image-2445 size-full\" srcset=\"https:\/\/akubaa.com\/wp-content\/uploads\/2026\/01\/Imagen-223-1024x683.jpeg 1024w, https:\/\/akubaa.com\/wp-content\/uploads\/2026\/01\/Imagen-223-600x400.jpeg 600w, https:\/\/akubaa.com\/wp-content\/uploads\/2026\/01\/Imagen-223-300x200.jpeg 300w, https:\/\/akubaa.com\/wp-content\/uploads\/2026\/01\/Imagen-223-768x512.jpeg 768w, https:\/\/akubaa.com\/wp-content\/uploads\/2026\/01\/Imagen-223-1320x880.jpeg 1320w, https:\/\/akubaa.com\/wp-content\/uploads\/2026\/01\/Imagen-223.jpeg 1536w\" sizes=\"auto, (max-width: 1024px) 100vw, 1024px\" \/><\/figure><div class=\"wp-block-media-text__content\">\n<p>\u00a0\u00bfTienes un negocio? . Publicalo aqu\u00ed ,solo te tarda un minuto y conecta con personas que buscan lo que t\u00fa ofreces.<strong><a href=\"https:\/\/akubaa.com\/index.php\/directorio-de-negocios-cubanos-akubaa\/\">Clic y descubre todas las ventajas\u00a0<\/a><\/strong>que puede obtener t\u00fa ahora mismo. Es hora de llevarte al lugar que merece sin luchar con el algoritmo.<\/p>\n\n\n\n<div class=\"wp-block-buttons is-content-justification-center is-layout-flex wp-container-core-buttons-is-layout-a89b3969 wp-block-buttons-is-layout-flex\">\n<div class=\"wp-block-button\"><a class=\"wp-block-button__link wp-element-button\" href=\"https:\/\/akubaa.com\/index.php\/negocio\/\">PUBLICA TU NEGOCIO AQUI <\/a><\/div>\n<\/div>\n<\/div><\/div>\n\n\n\n<hr class=\"wp-block-separator has-alpha-channel-opacity\"\/>\n\n\n\n<h3 class=\"wp-block-heading\"><strong>Un proceso \u201clargo\u201d\u2026 y un pueblo sin tiempo<\/strong><\/h3>\n\n\n\n<p>El propio D\u00edaz-Canel lo dej\u00f3 caer: este ser\u00eda un proceso lento. Primero crear canales, luego agenda, despu\u00e9s intercambios\u2026 Pero el cubano de a pie no vive en ese calendario pol\u00edtico.<\/p>\n\n\n\n<p>Vive en el de hoy:<\/p>\n\n\n\n<ul class=\"wp-block-list\">\n<li>Hoy no hay corriente<\/li>\n\n\n\n<li>Hoy no hay comida suficiente<\/li>\n\n\n\n<li>Hoy no hay transporte<\/li>\n<\/ul>\n\n\n\n<p>Y ah\u00ed es donde la narrativa oficial se desconecta de la vida real. Porque mientras se habla de \u201cespacios de entendimiento\u201d, hay una madre cocinando con carb\u00f3n y un joven pensando en emigrar.<\/p>\n\n\n\n<hr class=\"wp-block-separator has-alpha-channel-opacity\"\/>\n\n\n\n<figure class=\"wp-block-embed is-type-video is-provider-youtube wp-block-embed-youtube wp-embed-aspect-16-9 wp-has-aspect-ratio\"><div class=\"wp-block-embed__wrapper\">\n<div class=\"geodir-embed-container\"><iframe loading=\"lazy\" title=\"Entrevista a MIGUEL D\u00cdAZ-CANEL | Pablo Iglesias | CANAL RED\" width=\"640\" height=\"360\" src=\"https:\/\/www.youtube.com\/embed\/otqI3Z3U5Bg?feature=oembed\" frameborder=\"0\" allow=\"accelerometer; autoplay; clipboard-write; encrypted-media; gyroscope; picture-in-picture; web-share\" referrerpolicy=\"strict-origin-when-cross-origin\" allowfullscreen><\/iframe><\/div>\n<\/div><\/figure>\n\n\n\n<hr class=\"wp-block-separator has-alpha-channel-opacity\"\/>\n\n\n\n<h3 class=\"wp-block-heading\"><strong>La visi\u00f3n de AKubaa: di\u00e1logo s\u00ed, pero con resultados<\/strong>.<\/h3>\n\n\n\n<p><a href=\"https:\/\/akubaa.com\/index.php\/negocio\/\" type=\"link\" id=\"https:\/\/akubaa.com\/index.php\/negocio\/\">Desde AKubaa<\/a> lo digo sin rodeos: el\u00a0<strong>di\u00e1logo Cuba-EEUU<\/strong>\u00a0puede ser una oportunidad hist\u00f3rica\u2026 pero solo si viene acompa\u00f1ado de cambios reales, visibles y medibles. No basta con sentarse a hablar. No basta con repetir discursos de resistencia. El pueblo cubano necesita soluciones, no promesas. Y aqu\u00ed viene la pregunta inc\u00f3moda que muchos evitan: \u00bfSe quiere realmente abrir la econom\u00eda\u2026 o solo aliviar la presi\u00f3n sin perder el control?.<\/p>\n\n\n\n<hr class=\"wp-block-separator has-alpha-channel-opacity\"\/>\n\n\n\n\n\n<hr class=\"wp-block-separator has-alpha-channel-opacity\"\/>\n\n\n\n<h3 class=\"wp-block-heading\"><strong>Lo que dice la gente (y no sale en la televisi\u00f3n)<\/strong><\/h3>\n\n\n\n<p>En redes, los comentarios son directos, sin filtro:<\/p>\n\n\n\n<ul class=\"wp-block-list\">\n<li>\u201cSiempre es lo mismo, mucho hablar y nada cambia.\u201d<\/li>\n\n\n\n<li>\u201cSi van a dialogar, que se note en la mesa del cubano.\u201d<\/li>\n\n\n\n<li>\u201cEl problema no es hablar\u2026 es cumplir.\u201d<\/li>\n<\/ul>\n\n\n\n<p>Y esa \u00faltima frase pesa m\u00e1s que cualquier discurso pol\u00edtico.<\/p>\n\n\n\n<hr class=\"wp-block-separator has-alpha-channel-opacity\"\/>\n\n\n\n<h3 class=\"wp-block-heading\"><strong>\u00bfEstamos ante un punto de cambio o ante otro ciclo repetido?<\/strong><\/h3>\n\n\n\n<p>Yo no descarto nada. Cuba ha demostrado que puede sorprender\u2026 pero tambi\u00e9n que puede estancarse en el mismo guion durante d\u00e9cadas. Hoy se habla de di\u00e1logo. Ma\u00f1ana veremos si se traduce en hechos. Mientras tanto, el pa\u00eds sigue esperando. Y ahora te pregunto a ti, que est\u00e1s leyendo esto desde Cuba, Miami o cualquier parte del mundo: <strong>\u00bfCrees que este posible di\u00e1logo entre Cuba y EEUU traer\u00e1 un cambio real\u2026 o ser\u00e1 otra promesa que se pierde en el aire?<\/strong>.<\/p>\n\n\n\n<p>Te leo en los comentarios y en nuestras redes de AKubaa. Aqu\u00ed la conversaci\u00f3n no se apaga.<\/p>\n\n\n\n<hr class=\"wp-block-separator has-alpha-channel-opacity\"\/>\n\n\n\n<h2 class=\"wp-block-heading\">M\u00e1s en AKubaa<\/h2>\n\n\n<ul class=\"wp-block-latest-posts__list is-grid columns-3 wp-block-latest-posts\"><li><div class=\"wp-block-latest-posts__featured-image aligncenter\"><a href=\"https:\/\/akubaa.com\/index.php\/2026\/04\/21\/imaray-ulloa-de-influecer-a-ganadora-de-fisicoculturismo\/\" aria-label=\"Imaray Ulloa se sube a otra tarima: dos medallas, ocho meses de disciplina y una lecci\u00f3n que la di\u00e1spora entendi\u00f3 enseguida.\"><img loading=\"lazy\" decoding=\"async\" width=\"150\" height=\"150\" src=\"https:\/\/akubaa.com\/wp-content\/uploads\/2026\/04\/image-14-150x150.png\" class=\"attachment-thumbnail size-thumbnail wp-post-image\" alt=\"\" style=\"\" srcset=\"https:\/\/akubaa.com\/wp-content\/uploads\/2026\/04\/image-14-150x150.png 150w, https:\/\/akubaa.com\/wp-content\/uploads\/2026\/04\/image-14-300x300.png 300w, https:\/\/akubaa.com\/wp-content\/uploads\/2026\/04\/image-14-100x100.png 100w\" sizes=\"auto, (max-width: 150px) 100vw, 150px\" \/><\/a><\/div><a class=\"wp-block-latest-posts__post-title\" href=\"https:\/\/akubaa.com\/index.php\/2026\/04\/21\/imaray-ulloa-de-influecer-a-ganadora-de-fisicoculturismo\/\">Imaray Ulloa se sube a otra tarima: dos medallas, ocho meses de disciplina y una lecci\u00f3n que la di\u00e1spora entendi\u00f3 enseguida.<\/a><\/li>\n<li><div class=\"wp-block-latest-posts__featured-image aligncenter\"><a href=\"https:\/\/akubaa.com\/index.php\/2026\/04\/10\/horoscopo-del-10-de-abril-de-2026\/\" aria-label=\"Hor\u00f3scopo del 10 de abril de 2026: lo que el universo te quiere decir hoy (y lo que debes evitar a toda costa).\u00a0\"><img loading=\"lazy\" decoding=\"async\" width=\"150\" height=\"150\" src=\"https:\/\/akubaa.com\/wp-content\/uploads\/2026\/04\/image-13-150x150.png\" class=\"attachment-thumbnail size-thumbnail wp-post-image\" alt=\"\" style=\"\" srcset=\"https:\/\/akubaa.com\/wp-content\/uploads\/2026\/04\/image-13-150x150.png 150w, https:\/\/akubaa.com\/wp-content\/uploads\/2026\/04\/image-13-300x300.png 300w, https:\/\/akubaa.com\/wp-content\/uploads\/2026\/04\/image-13-100x100.png 100w\" sizes=\"auto, (max-width: 150px) 100vw, 150px\" \/><\/a><\/div><a class=\"wp-block-latest-posts__post-title\" href=\"https:\/\/akubaa.com\/index.php\/2026\/04\/10\/horoscopo-del-10-de-abril-de-2026\/\">Hor\u00f3scopo del 10 de abril de 2026: lo que el universo te quiere decir hoy (y lo que debes evitar a toda costa).\u00a0<\/a><\/li>\n<li><div class=\"wp-block-latest-posts__featured-image aligncenter\"><a href=\"https:\/\/akubaa.com\/index.php\/2026\/04\/09\/horoscopo-del-9-de-abril-de-2026\/\" aria-label=\"\ud83d\udd2e\u00a0Hor\u00f3scopo del 9 de abril de 2026: lo que viene no es casualidad\u2026 es destino (y t\u00fa lo vas a sentir hoy).\"><img loading=\"lazy\" decoding=\"async\" width=\"150\" height=\"150\" src=\"https:\/\/akubaa.com\/wp-content\/uploads\/2026\/04\/image-12-150x150.png\" class=\"attachment-thumbnail size-thumbnail wp-post-image\" alt=\"\" style=\"\" srcset=\"https:\/\/akubaa.com\/wp-content\/uploads\/2026\/04\/image-12-150x150.png 150w, https:\/\/akubaa.com\/wp-content\/uploads\/2026\/04\/image-12-300x300.png 300w, https:\/\/akubaa.com\/wp-content\/uploads\/2026\/04\/image-12-100x100.png 100w\" sizes=\"auto, (max-width: 150px) 100vw, 150px\" \/><\/a><\/div><a class=\"wp-block-latest-posts__post-title\" href=\"https:\/\/akubaa.com\/index.php\/2026\/04\/09\/horoscopo-del-9-de-abril-de-2026\/\">\ud83d\udd2e\u00a0Hor\u00f3scopo del 9 de abril de 2026: lo que viene no es casualidad\u2026 es destino (y t\u00fa lo vas a sentir hoy).<\/a><\/li>\n<li><div class=\"wp-block-latest-posts__featured-image aligncenter\"><a href=\"https:\/\/akubaa.com\/index.php\/2026\/04\/08\/horoscopo-del-8-de-abril-de-2026\/\" aria-label=\"\ud83d\udd2e\u00a0Hor\u00f3scopo del 8 de abril de 2026: lo que el destino no te est\u00e1 diciendo (y deber\u00edas escuchar hoy).\"><img loading=\"lazy\" decoding=\"async\" width=\"150\" height=\"150\" src=\"https:\/\/akubaa.com\/wp-content\/uploads\/2026\/04\/image-11-150x150.png\" class=\"attachment-thumbnail size-thumbnail wp-post-image\" alt=\"\" style=\"\" srcset=\"https:\/\/akubaa.com\/wp-content\/uploads\/2026\/04\/image-11-150x150.png 150w, https:\/\/akubaa.com\/wp-content\/uploads\/2026\/04\/image-11-300x300.png 300w, https:\/\/akubaa.com\/wp-content\/uploads\/2026\/04\/image-11-100x100.png 100w\" sizes=\"auto, (max-width: 150px) 100vw, 150px\" \/><\/a><\/div><a class=\"wp-block-latest-posts__post-title\" href=\"https:\/\/akubaa.com\/index.php\/2026\/04\/08\/horoscopo-del-8-de-abril-de-2026\/\">\ud83d\udd2e\u00a0Hor\u00f3scopo del 8 de abril de 2026: lo que el destino no te est\u00e1 diciendo (y deber\u00edas escuchar hoy).<\/a><\/li>\n<li><div class=\"wp-block-latest-posts__featured-image aligncenter\"><a href=\"https:\/\/akubaa.com\/index.php\/2026\/04\/07\/leoni-torres-y-el-b-convierten-cubano-en-un-grito-de-identidad-y-libertad\/\" aria-label=\"\u201cViva Cuba Libre\u201d: la canci\u00f3n que no es solo m\u00fasica\u2026 es un mensaje que ya no se puede callar.\"><img loading=\"lazy\" decoding=\"async\" width=\"150\" height=\"150\" src=\"https:\/\/akubaa.com\/wp-content\/uploads\/2026\/04\/image-10-150x150.png\" class=\"attachment-thumbnail size-thumbnail wp-post-image\" alt=\"\" style=\"\" srcset=\"https:\/\/akubaa.com\/wp-content\/uploads\/2026\/04\/image-10-150x150.png 150w, https:\/\/akubaa.com\/wp-content\/uploads\/2026\/04\/image-10-300x300.png 300w, https:\/\/akubaa.com\/wp-content\/uploads\/2026\/04\/image-10-100x100.png 100w\" sizes=\"auto, (max-width: 150px) 100vw, 150px\" \/><\/a><\/div><a class=\"wp-block-latest-posts__post-title\" href=\"https:\/\/akubaa.com\/index.php\/2026\/04\/07\/leoni-torres-y-el-b-convierten-cubano-en-un-grito-de-identidad-y-libertad\/\">\u201cViva Cuba Libre\u201d: la canci\u00f3n que no es solo m\u00fasica\u2026 es un mensaje que ya no se puede callar.<\/a><\/li>\n<li><div class=\"wp-block-latest-posts__featured-image aligncenter\"><a href=\"https:\/\/akubaa.com\/index.php\/2026\/04\/07\/horoscopo-del-7-de-abril-de-2026\/\" aria-label=\"\ud83d\udd2e\u00a0Hor\u00f3scopo del 7 de abril de 2026: lo que viene no avisa\u2026 pero s\u00ed se siente.\"><img loading=\"lazy\" decoding=\"async\" width=\"150\" height=\"150\" src=\"https:\/\/akubaa.com\/wp-content\/uploads\/2026\/04\/image-9-150x150.png\" class=\"attachment-thumbnail size-thumbnail wp-post-image\" alt=\"\" style=\"\" srcset=\"https:\/\/akubaa.com\/wp-content\/uploads\/2026\/04\/image-9-150x150.png 150w, https:\/\/akubaa.com\/wp-content\/uploads\/2026\/04\/image-9-300x300.png 300w, https:\/\/akubaa.com\/wp-content\/uploads\/2026\/04\/image-9-100x100.png 100w\" sizes=\"auto, (max-width: 150px) 100vw, 150px\" \/><\/a><\/div><a class=\"wp-block-latest-posts__post-title\" href=\"https:\/\/akubaa.com\/index.php\/2026\/04\/07\/horoscopo-del-7-de-abril-de-2026\/\">\ud83d\udd2e\u00a0Hor\u00f3scopo del 7 de abril de 2026: lo que viene no avisa\u2026 pero s\u00ed se siente.<\/a><\/li>\n<\/ul>","protected":false},"excerpt":{"rendered":"<p>Hay frases que suenan bonitas\u2026 hasta que uno las aterriza en la realidad. Esta semana,\u00a0Miguel D\u00edaz-Canel\u00a0dijo que Cuba est\u00e1 dispuesta a dialogar con\u00a0Estados Unidos\u00a0sobre su participaci\u00f3n en la econom\u00eda de la Isla. Y yo, desde aqu\u00ed \u2014con un pie en Cuba y otro en la di\u00e1spora\u2014 no pude evitar preguntarme: \u00bfesto es una oportunidad\u2026 o [&hellip;]<\/p>\n","protected":false},"author":1,"featured_media":2895,"comment_status":"open","ping_status":"open","sticky":false,"template":"","format":"standard","meta":{"jetpack_post_was_ever_published":false,"_jetpack_newsletter_access":"","_jetpack_dont_email_post_to_subs":false,"_jetpack_newsletter_tier_id":0,"_jetpack_memberships_contains_paywalled_content":false,"_jetpack_memberships_contains_paid_content":false,"footnotes":"","jetpack_publicize_message":"","jetpack_publicize_feature_enabled":true,"jetpack_social_post_already_shared":true,"jetpack_social_options":{"image_generator_settings":{"template":"highway","default_image_id":0,"font":"","enabled":false},"version":2}},"categories":[4],"tags":[],"class_list":["post-2894","post","type-post","status-publish","format-standard","has-post-thumbnail","hentry","category-noticias-y-actualidad"],"yoast_head":"<!-- This site is optimized with the Yoast SEO plugin v27.5 - https:\/\/yoast.com\/product\/yoast-seo-wordpress\/ -->\n<title>D\u00edaz-Canel abre la puerta a EEUU\u2026 pero con candado puesto. - AKubaa<\/title>\n<meta name=\"description\" content=\"Ent\u00e9rate que D\u00edaz-Canel abre la puerta a EEUU\u2026 pero con candado puesto: \u00bfdi\u00e1logo real o estrategia pol\u00edtica?.\" \/>\n<meta name=\"robots\" content=\"index, follow, max-snippet:-1, max-image-preview:large, max-video-preview:-1\" \/>\n<link rel=\"canonical\" href=\"https:\/\/akubaa.com\/index.php\/2026\/03\/27\/diaz-canel-abre-la-puerta-a-eeuu-pero-con-candado-puesto\/\" \/>\n<meta property=\"og:locale\" content=\"es_ES\" \/>\n<meta property=\"og:type\" content=\"article\" \/>\n<meta property=\"og:title\" content=\"D\u00edaz-Canel abre la puerta a EEUU\u2026 pero con candado puesto. - AKubaa\" \/>\n<meta property=\"og:description\" content=\"Ent\u00e9rate que D\u00edaz-Canel abre la puerta a EEUU\u2026 pero con candado puesto: \u00bfdi\u00e1logo real o estrategia pol\u00edtica?.\" \/>\n<meta property=\"og:url\" content=\"https:\/\/akubaa.com\/index.php\/2026\/03\/27\/diaz-canel-abre-la-puerta-a-eeuu-pero-con-candado-puesto\/\" \/>\n<meta property=\"og:site_name\" content=\"AKubaa\" \/>\n<meta property=\"article:publisher\" content=\"https:\/\/www.facebook.com\/akubaa\" \/>\n<meta property=\"article:author\" content=\"https:\/\/www.facebook.com\/akubaa\" \/>\n<meta property=\"article:published_time\" content=\"2026-03-27T13:00:00+00:00\" \/>\n<meta property=\"og:image\" content=\"https:\/\/akubaa.com\/wp-content\/uploads\/2026\/03\/image-65-1024x683.png\" \/>\n\t<meta property=\"og:image:width\" content=\"1024\" \/>\n\t<meta property=\"og:image:height\" content=\"683\" \/>\n\t<meta property=\"og:image:type\" content=\"image\/png\" \/>\n<meta name=\"author\" content=\"AKubaa\" \/>\n<meta name=\"twitter:card\" content=\"summary_large_image\" \/>\n<meta name=\"twitter:label1\" content=\"Escrito por\" \/>\n\t<meta name=\"twitter:data1\" content=\"AKubaa\" \/>\n\t<meta name=\"twitter:label2\" content=\"Tiempo de lectura\" \/>\n\t<meta name=\"twitter:data2\" content=\"4 minutos\" \/>\n<script type=\"application\/ld+json\" class=\"yoast-schema-graph\">{\"@context\":\"https:\\\/\\\/schema.org\",\"@graph\":[{\"@type\":\"Article\",\"@id\":\"https:\\\/\\\/akubaa.com\\\/index.php\\\/2026\\\/03\\\/27\\\/diaz-canel-abre-la-puerta-a-eeuu-pero-con-candado-puesto\\\/#article\",\"isPartOf\":{\"@id\":\"https:\\\/\\\/akubaa.com\\\/index.php\\\/2026\\\/03\\\/27\\\/diaz-canel-abre-la-puerta-a-eeuu-pero-con-candado-puesto\\\/\"},\"author\":{\"name\":\"AKubaa\",\"@id\":\"https:\\\/\\\/akubaa.com\\\/#\\\/schema\\\/person\\\/b096b63c1ad27204e55fabb2cf2153a5\"},\"headline\":\"D\u00edaz-Canel abre la puerta a EEUU\u2026 pero con candado puesto: \u00bfdi\u00e1logo real o estrategia pol\u00edtica?.\",\"datePublished\":\"2026-03-27T13:00:00+00:00\",\"mainEntityOfPage\":{\"@id\":\"https:\\\/\\\/akubaa.com\\\/index.php\\\/2026\\\/03\\\/27\\\/diaz-canel-abre-la-puerta-a-eeuu-pero-con-candado-puesto\\\/\"},\"wordCount\":837,\"commentCount\":0,\"publisher\":{\"@id\":\"https:\\\/\\\/akubaa.com\\\/#\\\/schema\\\/person\\\/b096b63c1ad27204e55fabb2cf2153a5\"},\"image\":{\"@id\":\"https:\\\/\\\/akubaa.com\\\/index.php\\\/2026\\\/03\\\/27\\\/diaz-canel-abre-la-puerta-a-eeuu-pero-con-candado-puesto\\\/#primaryimage\"},\"thumbnailUrl\":\"https:\\\/\\\/akubaa.com\\\/wp-content\\\/uploads\\\/2026\\\/03\\\/image-65.png\",\"articleSection\":[\"Noticias y Actualidad\"],\"inLanguage\":\"es\",\"potentialAction\":[{\"@type\":\"CommentAction\",\"name\":\"Comment\",\"target\":[\"https:\\\/\\\/akubaa.com\\\/index.php\\\/2026\\\/03\\\/27\\\/diaz-canel-abre-la-puerta-a-eeuu-pero-con-candado-puesto\\\/#respond\"]}]},{\"@type\":\"WebPage\",\"@id\":\"https:\\\/\\\/akubaa.com\\\/index.php\\\/2026\\\/03\\\/27\\\/diaz-canel-abre-la-puerta-a-eeuu-pero-con-candado-puesto\\\/\",\"url\":\"https:\\\/\\\/akubaa.com\\\/index.php\\\/2026\\\/03\\\/27\\\/diaz-canel-abre-la-puerta-a-eeuu-pero-con-candado-puesto\\\/\",\"name\":\"D\u00edaz-Canel abre la puerta a EEUU\u2026 pero con candado puesto. - AKubaa\",\"isPartOf\":{\"@id\":\"https:\\\/\\\/akubaa.com\\\/#website\"},\"primaryImageOfPage\":{\"@id\":\"https:\\\/\\\/akubaa.com\\\/index.php\\\/2026\\\/03\\\/27\\\/diaz-canel-abre-la-puerta-a-eeuu-pero-con-candado-puesto\\\/#primaryimage\"},\"image\":{\"@id\":\"https:\\\/\\\/akubaa.com\\\/index.php\\\/2026\\\/03\\\/27\\\/diaz-canel-abre-la-puerta-a-eeuu-pero-con-candado-puesto\\\/#primaryimage\"},\"thumbnailUrl\":\"https:\\\/\\\/akubaa.com\\\/wp-content\\\/uploads\\\/2026\\\/03\\\/image-65.png\",\"datePublished\":\"2026-03-27T13:00:00+00:00\",\"description\":\"Ent\u00e9rate que D\u00edaz-Canel abre la puerta a EEUU\u2026 pero con candado puesto: \u00bfdi\u00e1logo real o estrategia pol\u00edtica?.\",\"breadcrumb\":{\"@id\":\"https:\\\/\\\/akubaa.com\\\/index.php\\\/2026\\\/03\\\/27\\\/diaz-canel-abre-la-puerta-a-eeuu-pero-con-candado-puesto\\\/#breadcrumb\"},\"inLanguage\":\"es\",\"potentialAction\":[{\"@type\":\"ReadAction\",\"target\":[\"https:\\\/\\\/akubaa.com\\\/index.php\\\/2026\\\/03\\\/27\\\/diaz-canel-abre-la-puerta-a-eeuu-pero-con-candado-puesto\\\/\"]}]},{\"@type\":\"ImageObject\",\"inLanguage\":\"es\",\"@id\":\"https:\\\/\\\/akubaa.com\\\/index.php\\\/2026\\\/03\\\/27\\\/diaz-canel-abre-la-puerta-a-eeuu-pero-con-candado-puesto\\\/#primaryimage\",\"url\":\"https:\\\/\\\/akubaa.com\\\/wp-content\\\/uploads\\\/2026\\\/03\\\/image-65.png\",\"contentUrl\":\"https:\\\/\\\/akubaa.com\\\/wp-content\\\/uploads\\\/2026\\\/03\\\/image-65.png\",\"width\":1536,\"height\":1024},{\"@type\":\"BreadcrumbList\",\"@id\":\"https:\\\/\\\/akubaa.com\\\/index.php\\\/2026\\\/03\\\/27\\\/diaz-canel-abre-la-puerta-a-eeuu-pero-con-candado-puesto\\\/#breadcrumb\",\"itemListElement\":[{\"@type\":\"ListItem\",\"position\":1,\"name\":\"Portada\",\"item\":\"https:\\\/\\\/akubaa.com\\\/\"},{\"@type\":\"ListItem\",\"position\":2,\"name\":\"D\u00edaz-Canel abre la puerta a EEUU\u2026 pero con candado puesto: \u00bfdi\u00e1logo real o estrategia pol\u00edtica?.\"}]},{\"@type\":\"WebSite\",\"@id\":\"https:\\\/\\\/akubaa.com\\\/#website\",\"url\":\"https:\\\/\\\/akubaa.com\\\/\",\"name\":\"AKubaa\",\"description\":\"Vive ,conoce y disfruta Cuba al estilo de A&amp;K.\",\"publisher\":{\"@id\":\"https:\\\/\\\/akubaa.com\\\/#\\\/schema\\\/person\\\/b096b63c1ad27204e55fabb2cf2153a5\"},\"potentialAction\":[{\"@type\":\"SearchAction\",\"target\":{\"@type\":\"EntryPoint\",\"urlTemplate\":\"https:\\\/\\\/akubaa.com\\\/?s={search_term_string}\"},\"query-input\":{\"@type\":\"PropertyValueSpecification\",\"valueRequired\":true,\"valueName\":\"search_term_string\"}}],\"inLanguage\":\"es\"},{\"@type\":[\"Person\",\"Organization\"],\"@id\":\"https:\\\/\\\/akubaa.com\\\/#\\\/schema\\\/person\\\/b096b63c1ad27204e55fabb2cf2153a5\",\"name\":\"AKubaa\",\"image\":{\"@type\":\"ImageObject\",\"inLanguage\":\"es\",\"@id\":\"https:\\\/\\\/akubaa.com\\\/wp-content\\\/uploads\\\/2025\\\/08\\\/Imagen-17.jpeg\",\"url\":\"https:\\\/\\\/akubaa.com\\\/wp-content\\\/uploads\\\/2025\\\/08\\\/Imagen-17.jpeg\",\"contentUrl\":\"https:\\\/\\\/akubaa.com\\\/wp-content\\\/uploads\\\/2025\\\/08\\\/Imagen-17.jpeg\",\"width\":1024,\"height\":1024,\"caption\":\"AKubaa\"},\"logo\":{\"@id\":\"https:\\\/\\\/akubaa.com\\\/wp-content\\\/uploads\\\/2025\\\/08\\\/Imagen-17.jpeg\"},\"sameAs\":[\"https:\\\/\\\/akubaa.com\",\"https:\\\/\\\/www.facebook.com\\\/akubaa\",\"https:\\\/\\\/www.instagram.com\\\/akubaa?\"],\"url\":\"https:\\\/\\\/akubaa.com\\\/index.php\\\/profile\\\/admin\\\/\"}]}<\/script>\n<!-- \/ Yoast SEO plugin. -->","yoast_head_json":{"title":"D\u00edaz-Canel abre la puerta a EEUU\u2026 pero con candado puesto. - AKubaa","description":"Ent\u00e9rate que D\u00edaz-Canel abre la puerta a EEUU\u2026 pero con candado puesto: \u00bfdi\u00e1logo real o estrategia pol\u00edtica?.","robots":{"index":"index","follow":"follow","max-snippet":"max-snippet:-1","max-image-preview":"max-image-preview:large","max-video-preview":"max-video-preview:-1"},"canonical":"https:\/\/akubaa.com\/index.php\/2026\/03\/27\/diaz-canel-abre-la-puerta-a-eeuu-pero-con-candado-puesto\/","og_locale":"es_ES","og_type":"article","og_title":"D\u00edaz-Canel abre la puerta a EEUU\u2026 pero con candado puesto. - AKubaa","og_description":"Ent\u00e9rate que D\u00edaz-Canel abre la puerta a EEUU\u2026 pero con candado puesto: \u00bfdi\u00e1logo real o estrategia pol\u00edtica?.","og_url":"https:\/\/akubaa.com\/index.php\/2026\/03\/27\/diaz-canel-abre-la-puerta-a-eeuu-pero-con-candado-puesto\/","og_site_name":"AKubaa","article_publisher":"https:\/\/www.facebook.com\/akubaa","article_author":"https:\/\/www.facebook.com\/akubaa","article_published_time":"2026-03-27T13:00:00+00:00","og_image":[{"width":1024,"height":683,"url":"https:\/\/akubaa.com\/wp-content\/uploads\/2026\/03\/image-65-1024x683.png","type":"image\/png"}],"author":"AKubaa","twitter_card":"summary_large_image","twitter_misc":{"Escrito por":"AKubaa","Tiempo de lectura":"4 minutos"},"schema":{"@context":"https:\/\/schema.org","@graph":[{"@type":"Article","@id":"https:\/\/akubaa.com\/index.php\/2026\/03\/27\/diaz-canel-abre-la-puerta-a-eeuu-pero-con-candado-puesto\/#article","isPartOf":{"@id":"https:\/\/akubaa.com\/index.php\/2026\/03\/27\/diaz-canel-abre-la-puerta-a-eeuu-pero-con-candado-puesto\/"},"author":{"name":"AKubaa","@id":"https:\/\/akubaa.com\/#\/schema\/person\/b096b63c1ad27204e55fabb2cf2153a5"},"headline":"D\u00edaz-Canel abre la puerta a EEUU\u2026 pero con candado puesto: \u00bfdi\u00e1logo real o estrategia pol\u00edtica?.","datePublished":"2026-03-27T13:00:00+00:00","mainEntityOfPage":{"@id":"https:\/\/akubaa.com\/index.php\/2026\/03\/27\/diaz-canel-abre-la-puerta-a-eeuu-pero-con-candado-puesto\/"},"wordCount":837,"commentCount":0,"publisher":{"@id":"https:\/\/akubaa.com\/#\/schema\/person\/b096b63c1ad27204e55fabb2cf2153a5"},"image":{"@id":"https:\/\/akubaa.com\/index.php\/2026\/03\/27\/diaz-canel-abre-la-puerta-a-eeuu-pero-con-candado-puesto\/#primaryimage"},"thumbnailUrl":"https:\/\/akubaa.com\/wp-content\/uploads\/2026\/03\/image-65.png","articleSection":["Noticias y Actualidad"],"inLanguage":"es","potentialAction":[{"@type":"CommentAction","name":"Comment","target":["https:\/\/akubaa.com\/index.php\/2026\/03\/27\/diaz-canel-abre-la-puerta-a-eeuu-pero-con-candado-puesto\/#respond"]}]},{"@type":"WebPage","@id":"https:\/\/akubaa.com\/index.php\/2026\/03\/27\/diaz-canel-abre-la-puerta-a-eeuu-pero-con-candado-puesto\/","url":"https:\/\/akubaa.com\/index.php\/2026\/03\/27\/diaz-canel-abre-la-puerta-a-eeuu-pero-con-candado-puesto\/","name":"D\u00edaz-Canel abre la puerta a EEUU\u2026 pero con candado puesto. - AKubaa","isPartOf":{"@id":"https:\/\/akubaa.com\/#website"},"primaryImageOfPage":{"@id":"https:\/\/akubaa.com\/index.php\/2026\/03\/27\/diaz-canel-abre-la-puerta-a-eeuu-pero-con-candado-puesto\/#primaryimage"},"image":{"@id":"https:\/\/akubaa.com\/index.php\/2026\/03\/27\/diaz-canel-abre-la-puerta-a-eeuu-pero-con-candado-puesto\/#primaryimage"},"thumbnailUrl":"https:\/\/akubaa.com\/wp-content\/uploads\/2026\/03\/image-65.png","datePublished":"2026-03-27T13:00:00+00:00","description":"Ent\u00e9rate que D\u00edaz-Canel abre la puerta a EEUU\u2026 pero con candado puesto: \u00bfdi\u00e1logo real o estrategia pol\u00edtica?.","breadcrumb":{"@id":"https:\/\/akubaa.com\/index.php\/2026\/03\/27\/diaz-canel-abre-la-puerta-a-eeuu-pero-con-candado-puesto\/#breadcrumb"},"inLanguage":"es","potentialAction":[{"@type":"ReadAction","target":["https:\/\/akubaa.com\/index.php\/2026\/03\/27\/diaz-canel-abre-la-puerta-a-eeuu-pero-con-candado-puesto\/"]}]},{"@type":"ImageObject","inLanguage":"es","@id":"https:\/\/akubaa.com\/index.php\/2026\/03\/27\/diaz-canel-abre-la-puerta-a-eeuu-pero-con-candado-puesto\/#primaryimage","url":"https:\/\/akubaa.com\/wp-content\/uploads\/2026\/03\/image-65.png","contentUrl":"https:\/\/akubaa.com\/wp-content\/uploads\/2026\/03\/image-65.png","width":1536,"height":1024},{"@type":"BreadcrumbList","@id":"https:\/\/akubaa.com\/index.php\/2026\/03\/27\/diaz-canel-abre-la-puerta-a-eeuu-pero-con-candado-puesto\/#breadcrumb","itemListElement":[{"@type":"ListItem","position":1,"name":"Portada","item":"https:\/\/akubaa.com\/"},{"@type":"ListItem","position":2,"name":"D\u00edaz-Canel abre la puerta a EEUU\u2026 pero con candado puesto: \u00bfdi\u00e1logo real o estrategia pol\u00edtica?."}]},{"@type":"WebSite","@id":"https:\/\/akubaa.com\/#website","url":"https:\/\/akubaa.com\/","name":"AKubaa","description":"Vive ,conoce y disfruta Cuba al estilo de A&amp;K.","publisher":{"@id":"https:\/\/akubaa.com\/#\/schema\/person\/b096b63c1ad27204e55fabb2cf2153a5"},"potentialAction":[{"@type":"SearchAction","target":{"@type":"EntryPoint","urlTemplate":"https:\/\/akubaa.com\/?s={search_term_string}"},"query-input":{"@type":"PropertyValueSpecification","valueRequired":true,"valueName":"search_term_string"}}],"inLanguage":"es"},{"@type":["Person","Organization"],"@id":"https:\/\/akubaa.com\/#\/schema\/person\/b096b63c1ad27204e55fabb2cf2153a5","name":"AKubaa","image":{"@type":"ImageObject","inLanguage":"es","@id":"https:\/\/akubaa.com\/wp-content\/uploads\/2025\/08\/Imagen-17.jpeg","url":"https:\/\/akubaa.com\/wp-content\/uploads\/2025\/08\/Imagen-17.jpeg","contentUrl":"https:\/\/akubaa.com\/wp-content\/uploads\/2025\/08\/Imagen-17.jpeg","width":1024,"height":1024,"caption":"AKubaa"},"logo":{"@id":"https:\/\/akubaa.com\/wp-content\/uploads\/2025\/08\/Imagen-17.jpeg"},"sameAs":["https:\/\/akubaa.com","https:\/\/www.facebook.com\/akubaa","https:\/\/www.instagram.com\/akubaa?"],"url":"https:\/\/akubaa.com\/index.php\/profile\/admin\/"}]}},"jetpack_publicize_connections":[],"jetpack_featured_media_url":"https:\/\/akubaa.com\/wp-content\/uploads\/2026\/03\/image-65.png","jetpack_sharing_enabled":true,"jetpack_likes_enabled":true,"jetpack-related-posts":[{"id":2740,"url":"https:\/\/akubaa.com\/index.php\/2026\/03\/13\/miguel-diaz-canel\/","url_meta":{"origin":2894,"position":0},"title":"\u201c\u00bfDi\u00e1logo o necesidad?\u201d: D\u00edaz-Canel confirma conversaciones con Estados Unidos y el tablero pol\u00edtico vuelve a moverse.","author":"AKubaa","date":"03\/13\/2026","format":false,"excerpt":"Hay frases que, cuando se dicen en Cuba, no son simples palabras. Son se\u00f1ales. Y cuando\u00a0Miguel D\u00edaz-Canel\u00a0aparece frente a las c\u00e1maras de la prensa oficialista diciendo que\u00a0\u201cCuba necesita alejarse de la confrontaci\u00f3n con Estados Unidos\u201d, m\u00e1s de uno levanta la ceja. Porque en la isla, cuando el poder habla de\u2026","rel":"","context":"Entrada similar","block_context":{"text":"Entrada similar","link":""},"img":{"alt_text":"","src":"https:\/\/i0.wp.com\/akubaa.com\/wp-content\/uploads\/2026\/03\/Imagen-21.jpeg?resize=350%2C200&ssl=1","width":350,"height":200,"srcset":"https:\/\/i0.wp.com\/akubaa.com\/wp-content\/uploads\/2026\/03\/Imagen-21.jpeg?resize=350%2C200&ssl=1 1x, https:\/\/i0.wp.com\/akubaa.com\/wp-content\/uploads\/2026\/03\/Imagen-21.jpeg?resize=525%2C300&ssl=1 1.5x, https:\/\/i0.wp.com\/akubaa.com\/wp-content\/uploads\/2026\/03\/Imagen-21.jpeg?resize=700%2C400&ssl=1 2x, https:\/\/i0.wp.com\/akubaa.com\/wp-content\/uploads\/2026\/03\/Imagen-21.jpeg?resize=1050%2C600&ssl=1 3x, https:\/\/i0.wp.com\/akubaa.com\/wp-content\/uploads\/2026\/03\/Imagen-21.jpeg?resize=1400%2C800&ssl=1 4x"},"classes":[]},{"id":2799,"url":"https:\/\/akubaa.com\/index.php\/2026\/03\/21\/rebelion-en-la-granja-en-cuba-van-a-sacrificar-a-diaz-canel-para-salvar-al-regimen\/","url_meta":{"origin":2894,"position":1},"title":"Rebeli\u00f3n en la Granja en Cuba: \u00bfvan a sacrificar a D\u00edaz-Canel para salvar al r\u00e9gimen?.","author":"AKubaa","date":"03\/21\/2026","format":false,"excerpt":"Yo no creo que en Cuba estemos viendo solo una crisis. Lo que estamos viendo es una pelea por la supervivencia del poder. Y en ese tablero,\u00a0Miguel D\u00edaz-Canel\u00a0luce cada d\u00eda menos como presidente y m\u00e1s como pieza desechable. Por eso la imagen de\u00a0\u201cRebeli\u00f3n en la Granja\u201d\u00a0no suena exagerada: cuando el\u2026","rel":"","context":"Entrada similar","block_context":{"text":"Entrada similar","link":""},"img":{"alt_text":"","src":"https:\/\/i0.wp.com\/akubaa.com\/wp-content\/uploads\/2026\/03\/image-23.png?resize=350%2C200&ssl=1","width":350,"height":200,"srcset":"https:\/\/i0.wp.com\/akubaa.com\/wp-content\/uploads\/2026\/03\/image-23.png?resize=350%2C200&ssl=1 1x, https:\/\/i0.wp.com\/akubaa.com\/wp-content\/uploads\/2026\/03\/image-23.png?resize=525%2C300&ssl=1 1.5x, https:\/\/i0.wp.com\/akubaa.com\/wp-content\/uploads\/2026\/03\/image-23.png?resize=700%2C400&ssl=1 2x, https:\/\/i0.wp.com\/akubaa.com\/wp-content\/uploads\/2026\/03\/image-23.png?resize=1050%2C600&ssl=1 3x, https:\/\/i0.wp.com\/akubaa.com\/wp-content\/uploads\/2026\/03\/image-23.png?resize=1400%2C800&ssl=1 4x"},"classes":[]},{"id":2744,"url":"https:\/\/akubaa.com\/index.php\/2026\/03\/13\/el-cangrejo-2\/","url_meta":{"origin":2894,"position":2},"title":"Cuando el poder se mueve en silencio: \u201cEl Cangrejo\u201d, D\u00edaz-Canel y el inesperado di\u00e1logo con Estados Unidos.","author":"AKubaa","date":"03\/13\/2026","format":false,"excerpt":"Hay d\u00edas en que la pol\u00edtica cubana parece una obra de teatro cuidadosamente ensayada. Y luego hay d\u00edas como este\u00a013 de marzo de 2026, cuando\u00a0Miguel D\u00edaz-Canel\u00a0aparece ante las c\u00e1maras anunciando\u00a0conversaciones oficiales entre Cuba y Estados Unidos\u2026 y, de pronto, en la escena aparece una figura que muchos conocen pero casi\u2026","rel":"","context":"Entrada similar","block_context":{"text":"Entrada similar","link":""},"img":{"alt_text":"","src":"https:\/\/i0.wp.com\/akubaa.com\/wp-content\/uploads\/2026\/03\/Imagen-20.jpeg?resize=350%2C200&ssl=1","width":350,"height":200,"srcset":"https:\/\/i0.wp.com\/akubaa.com\/wp-content\/uploads\/2026\/03\/Imagen-20.jpeg?resize=350%2C200&ssl=1 1x, https:\/\/i0.wp.com\/akubaa.com\/wp-content\/uploads\/2026\/03\/Imagen-20.jpeg?resize=525%2C300&ssl=1 1.5x, https:\/\/i0.wp.com\/akubaa.com\/wp-content\/uploads\/2026\/03\/Imagen-20.jpeg?resize=700%2C400&ssl=1 2x"},"classes":[]},{"id":2759,"url":"https:\/\/akubaa.com\/index.php\/2026\/03\/17\/ee-uu-quiere-la-renuncia-de-diaz-canel-antes-de-negociar-con-cuba\/","url_meta":{"origin":2894,"position":3},"title":"\u201cLa jugada de Washington: \u00bfpor qu\u00e9 EE.UU. quiere la renuncia de D\u00edaz-Canel antes de negociar con Cuba?\u201d","author":"AKubaa","date":"03\/17\/2026","format":false,"excerpt":"Hay noticias que, cuando uno las lee, siente que detr\u00e1s hay mucho m\u00e1s de lo que aparece en el titular. Y esta es una de ellas. Seg\u00fan revelaciones publicadas por\u00a0The New York Times\u00a0y adelantadas tambi\u00e9n por el\u00a0Miami Herald, la administraci\u00f3n de\u00a0Donald Trump\u00a0habr\u00eda puesto una condici\u00f3n clara para avanzar en las\u2026","rel":"","context":"Entrada similar","block_context":{"text":"Entrada similar","link":""},"img":{"alt_text":"","src":"https:\/\/i0.wp.com\/akubaa.com\/wp-content\/uploads\/2026\/03\/image-7.png?resize=350%2C200&ssl=1","width":350,"height":200,"srcset":"https:\/\/i0.wp.com\/akubaa.com\/wp-content\/uploads\/2026\/03\/image-7.png?resize=350%2C200&ssl=1 1x, https:\/\/i0.wp.com\/akubaa.com\/wp-content\/uploads\/2026\/03\/image-7.png?resize=525%2C300&ssl=1 1.5x, https:\/\/i0.wp.com\/akubaa.com\/wp-content\/uploads\/2026\/03\/image-7.png?resize=700%2C400&ssl=1 2x, https:\/\/i0.wp.com\/akubaa.com\/wp-content\/uploads\/2026\/03\/image-7.png?resize=1050%2C600&ssl=1 3x, https:\/\/i0.wp.com\/akubaa.com\/wp-content\/uploads\/2026\/03\/image-7.png?resize=1400%2C800&ssl=1 4x"},"classes":[]},{"id":2772,"url":"https:\/\/akubaa.com\/index.php\/2026\/03\/18\/miguel-diaz-canel-se-niega-a-renunciar\/","url_meta":{"origin":2894,"position":4},"title":"\u201cNo me voy\u201d: D\u00edaz-Canel se planta, Trump aprieta\u2026 y Cuba queda en el medio del pulso m\u00e1s tenso en a\u00f1os.","author":"AKubaa","date":"03\/18\/2026","format":false,"excerpt":"Yo no s\u00e9 t\u00fa, pero cada vez que leo estas declaraciones me da la sensaci\u00f3n de estar viendo una pel\u00edcula\u2026 solo que esta vez el guion lo estamos pagando todos los cubanos, dentro y fuera de la Isla. La noticia es clara:\u00a0Miguel D\u00edaz-Canel se niega a renunciar. Y no solo\u2026","rel":"","context":"En \u00abNoticias y Actualidad\u00bb","block_context":{"text":"Noticias y Actualidad","link":"https:\/\/akubaa.com\/index.php\/category\/noticias-y-actualidad\/"},"img":{"alt_text":"","src":"https:\/\/i0.wp.com\/akubaa.com\/wp-content\/uploads\/2026\/03\/image-12.png?resize=350%2C200&ssl=1","width":350,"height":200,"srcset":"https:\/\/i0.wp.com\/akubaa.com\/wp-content\/uploads\/2026\/03\/image-12.png?resize=350%2C200&ssl=1 1x, https:\/\/i0.wp.com\/akubaa.com\/wp-content\/uploads\/2026\/03\/image-12.png?resize=525%2C300&ssl=1 1.5x, https:\/\/i0.wp.com\/akubaa.com\/wp-content\/uploads\/2026\/03\/image-12.png?resize=700%2C400&ssl=1 2x, https:\/\/i0.wp.com\/akubaa.com\/wp-content\/uploads\/2026\/03\/image-12.png?resize=1050%2C600&ssl=1 3x, https:\/\/i0.wp.com\/akubaa.com\/wp-content\/uploads\/2026\/03\/image-12.png?resize=1400%2C800&ssl=1 4x"},"classes":[]},{"id":2885,"url":"https:\/\/akubaa.com\/index.php\/2026\/03\/26\/comer-lo-que-podamos-producir-la-frase-de-diaz-canel\/","url_meta":{"origin":2894,"position":5},"title":"\u201cComer lo que podamos producir\u201d: la frase de D\u00edaz-Canel que encendi\u00f3 otra vez la realidad cubana.","author":"AKubaa","date":"03\/26\/2026","format":false,"excerpt":"Hay frases que no solo suenan\u2026 pesan. Y esta, dicha por\u00a0Miguel D\u00edaz-Canel\u00a0frente a influencers de izquierda, no es una m\u00e1s: es casi una confesi\u00f3n. Colorear no es un juego: es desarrollo f\u00edsico, social y emocional. Cuando un ni\u00f1o colorea, pasa algo que ninguna pantalla puede replicar:\u00a0Impacto social:\u00a0invita al di\u00e1logo, al\u2026","rel":"","context":"Entrada similar","block_context":{"text":"Entrada similar","link":""},"img":{"alt_text":"","src":"https:\/\/i0.wp.com\/akubaa.com\/wp-content\/uploads\/2026\/03\/image-58.png?resize=350%2C200&ssl=1","width":350,"height":200,"srcset":"https:\/\/i0.wp.com\/akubaa.com\/wp-content\/uploads\/2026\/03\/image-58.png?resize=350%2C200&ssl=1 1x, https:\/\/i0.wp.com\/akubaa.com\/wp-content\/uploads\/2026\/03\/image-58.png?resize=525%2C300&ssl=1 1.5x, https:\/\/i0.wp.com\/akubaa.com\/wp-content\/uploads\/2026\/03\/image-58.png?resize=700%2C400&ssl=1 2x, https:\/\/i0.wp.com\/akubaa.com\/wp-content\/uploads\/2026\/03\/image-58.png?resize=1050%2C600&ssl=1 3x"},"classes":[]}],"jetpack_shortlink":"https:\/\/wp.me\/pgrKo3-KG","_links":{"self":[{"href":"https:\/\/akubaa.com\/index.php\/wp-json\/wp\/v2\/posts\/2894","targetHints":{"allow":["GET"]}}],"collection":[{"href":"https:\/\/akubaa.com\/index.php\/wp-json\/wp\/v2\/posts"}],"about":[{"href":"https:\/\/akubaa.com\/index.php\/wp-json\/wp\/v2\/types\/post"}],"author":[{"embeddable":true,"href":"https:\/\/akubaa.com\/index.php\/wp-json\/wp\/v2\/users\/1"}],"replies":[{"embeddable":true,"href":"https:\/\/akubaa.com\/index.php\/wp-json\/wp\/v2\/comments?post=2894"}],"version-history":[{"count":0,"href":"https:\/\/akubaa.com\/index.php\/wp-json\/wp\/v2\/posts\/2894\/revisions"}],"wp:featuredmedia":[{"embeddable":true,"href":"https:\/\/akubaa.com\/index.php\/wp-json\/wp\/v2\/media\/2895"}],"wp:attachment":[{"href":"https:\/\/akubaa.com\/index.php\/wp-json\/wp\/v2\/media?parent=2894"}],"wp:term":[{"taxonomy":"category","embeddable":true,"href":"https:\/\/akubaa.com\/index.php\/wp-json\/wp\/v2\/categories?post=2894"},{"taxonomy":"post_tag","embeddable":true,"href":"https:\/\/akubaa.com\/index.php\/wp-json\/wp\/v2\/tags?post=2894"}],"curies":[{"name":"wp","href":"https:\/\/api.w.org\/{rel}","templated":true}]}}