{"id":2882,"date":"2026-03-26T13:00:00","date_gmt":"2026-03-26T17:00:00","guid":{"rendered":"https:\/\/akubaa.com\/?p=2882"},"modified":"2026-03-25T19:44:49","modified_gmt":"2026-03-25T23:44:49","slug":"cubanos-en-el-exilio-exigen-acciones-contra-el-regimen-cubano","status":"publish","type":"post","link":"https:\/\/akubaa.com\/index.php\/2026\/03\/26\/cubanos-en-el-exilio-exigen-acciones-contra-el-regimen-cubano\/","title":{"rendered":"\u201cAct\u00faen ya\u201d: el grito del exilio cubano que retumba en Miami y apunta directo a Trump."},"content":{"rendered":"\n<h3 class=\"wp-block-heading\"><strong>Cubanos en el exilio exigen acciones contra el r\u00e9gimen cubano<\/strong><\/h3>\n\n\n\n<p>Anoche, mientras el calor de\u00a0Hialeah\u00a0se mezclaba con banderas y consignas, sent\u00ed algo que hace tiempo no ve\u00eda tan claro:\u00a0<strong>unidad con rabia, pero tambi\u00e9n con esperanza<\/strong>. M\u00e1s de 7.000 cubanos se reunieron en el Milander Park para el \u201cFree Cuba Rally\u201d, y no era un evento m\u00e1s\u2026 era un mensaje directo a\u00a0Donald Trump. No fue un acto fr\u00edo ni calculado. Fue emocional, visceral. De esos que no caben en un titular.<\/p>\n\n\n\n<hr class=\"wp-block-separator has-alpha-channel-opacity\"\/>\n\n\n\n<div class=\"wp-block-media-text is-stacked-on-mobile\"><figure class=\"wp-block-media-text__media\"><img loading=\"lazy\" decoding=\"async\" width=\"1024\" height=\"683\" src=\"https:\/\/akubaa.com\/wp-content\/uploads\/2026\/02\/Imagen-222-1024x683.jpeg\" alt=\"\" class=\"wp-image-2608 size-full\" srcset=\"https:\/\/akubaa.com\/wp-content\/uploads\/2026\/02\/Imagen-222-1024x683.jpeg 1024w, https:\/\/akubaa.com\/wp-content\/uploads\/2026\/02\/Imagen-222-300x200.jpeg 300w, https:\/\/akubaa.com\/wp-content\/uploads\/2026\/02\/Imagen-222-768x512.jpeg 768w, https:\/\/akubaa.com\/wp-content\/uploads\/2026\/02\/Imagen-222-1320x880.jpeg 1320w, https:\/\/akubaa.com\/wp-content\/uploads\/2026\/02\/Imagen-222-600x400.jpeg 600w, https:\/\/akubaa.com\/wp-content\/uploads\/2026\/02\/Imagen-222.jpeg 1536w\" sizes=\"auto, (max-width: 1024px) 100vw, 1024px\" \/><\/figure><div class=\"wp-block-media-text__content\">\n<p>Colorear no es un juego: es desarrollo f\u00edsico, social y emocional. Cuando un ni\u00f1o colorea, pasa algo que ninguna pantalla puede replicar:\u00a0<strong>Impacto social:<\/strong>\u00a0invita al di\u00e1logo, al compartir, al \u201cmira lo que hice\u201d, al momento en familia.\u00a0<strong>Desarrollo f\u00edsico:<\/strong>\u00a0mejora la motricidad fina, la coordinaci\u00f3n mano-ojo y fortalece los m\u00fasculos de los dedos.\u00a0<strong>Beneficio psicol\u00f3gico:<\/strong>\u00a0reduce ansiedad, mejora la concentraci\u00f3n y estimula la creatividad infantil.<\/p>\n\n\n\n<div class=\"wp-block-buttons is-content-justification-center is-layout-flex wp-container-core-buttons-is-layout-a89b3969 wp-block-buttons-is-layout-flex\">\n<div class=\"wp-block-button\"><a class=\"wp-block-button__link wp-element-button\" href=\"https:\/\/a.co\/d\/0fppRUoJ\">Compra los mejores libros de colorear para tus ni\u00f1os aqu\u00ed . <\/a><\/div>\n<\/div>\n<\/div><\/div>\n\n\n\n<hr class=\"wp-block-separator has-alpha-channel-opacity\"\/>\n\n\n\n<h3 class=\"wp-block-heading\"><strong>El mensaje directo a Trump: \u201ces ahora o nunca\u201d<\/strong><\/h3>\n\n\n\n<p>Cuando&nbsp;Alexander Otaola&nbsp;tom\u00f3 el micr\u00f3fono, no habl\u00f3 como influencer\u2026 habl\u00f3 como muchos en el exilio quisieran hacerlo:<\/p>\n\n\n\n<blockquote class=\"wp-block-quote is-layout-flow wp-block-quote-is-layout-flow\">\n<p>\u201cAct\u00faen ya, es momento de acabar con la dictadura\u201d.<\/p>\n<\/blockquote>\n\n\n\n<p>Y ah\u00ed es donde este tema se pone serio. Porque detr\u00e1s del espect\u00e1culo, la m\u00fasica y los discursos, hay una realidad:\u00a0<strong>el exilio est\u00e1 perdiendo la paciencia<\/strong>. Figuras como\u00a0Rosa Mar\u00eda Pay\u00e1,\u00a0Jos\u00e9 Daniel Ferrer\u00a0y\u00a0Orlando Boronat\u00a0coincidieron en lo mismo:\u00a0<strong>la soluci\u00f3n pasa por el fin del r\u00e9gimen<\/strong>.<\/p>\n\n\n\n<hr class=\"wp-block-separator has-alpha-channel-opacity\"\/>\n\n\n\n<div class=\"wp-block-jetpack-related-posts\">\n<h2 class=\"wp-block-heading\">Te Puede Interesar <\/h2>\n<\/div>\n\n\n\n<hr class=\"wp-block-separator has-alpha-channel-opacity\"\/>\n\n\n\n<h3 class=\"wp-block-heading\"><strong>El peso simb\u00f3lico del exilio: entre l\u00e1grimas, m\u00fasica y memoria<\/strong><\/h3>\n\n\n\n<p>Hubo una escena que no se me borra: una mujer de 92 a\u00f1os bailando \u201cCuba Libre\u201d como si el tiempo no existiera. Eso no es pol\u00edtica\u2026 eso es historia viva. Mientras tanto, artistas como\u00a0Yotuel Romero,\u00a0El Chacal\u00a0y\u00a0Jacob Forever\u00a0pusieron banda sonora a algo m\u00e1s profundo:\u00a0<strong>la nostalgia de un pa\u00eds que muchos no han dejado de vivir, aunque est\u00e9n lejos<\/strong>. Porque aqu\u00ed, en Miami, en Tampa o en Espa\u00f1a, Cuba no se olvida\u2026 se respira.<\/p>\n\n\n\n<hr class=\"wp-block-separator has-alpha-channel-opacity\"\/>\n\n\n\n<div class=\"wp-block-media-text is-stacked-on-mobile\"><figure class=\"wp-block-media-text__media\"><img loading=\"lazy\" decoding=\"async\" width=\"1024\" height=\"683\" src=\"https:\/\/akubaa.com\/wp-content\/uploads\/2026\/01\/Imagen-223-1024x683.jpeg\" alt=\"\" class=\"wp-image-2445 size-full\" srcset=\"https:\/\/akubaa.com\/wp-content\/uploads\/2026\/01\/Imagen-223-1024x683.jpeg 1024w, https:\/\/akubaa.com\/wp-content\/uploads\/2026\/01\/Imagen-223-600x400.jpeg 600w, https:\/\/akubaa.com\/wp-content\/uploads\/2026\/01\/Imagen-223-300x200.jpeg 300w, https:\/\/akubaa.com\/wp-content\/uploads\/2026\/01\/Imagen-223-768x512.jpeg 768w, https:\/\/akubaa.com\/wp-content\/uploads\/2026\/01\/Imagen-223-1320x880.jpeg 1320w, https:\/\/akubaa.com\/wp-content\/uploads\/2026\/01\/Imagen-223.jpeg 1536w\" sizes=\"auto, (max-width: 1024px) 100vw, 1024px\" \/><\/figure><div class=\"wp-block-media-text__content\">\n<p>\u00a0\u00bfTienes un negocio? . Publicalo aqu\u00ed ,solo te tarda un minuto y conecta con personas que buscan lo que t\u00fa ofreces.<strong><a href=\"https:\/\/akubaa.com\/index.php\/directorio-de-negocios-cubanos-akubaa\/\">Clic y descubre todas las ventajas\u00a0<\/a><\/strong>que puede obtener t\u00fa ahora mismo. Es hora de llevarte al lugar que merece sin luchar con el algoritmo.<\/p>\n\n\n\n<div class=\"wp-block-buttons is-content-justification-center is-layout-flex wp-container-core-buttons-is-layout-a89b3969 wp-block-buttons-is-layout-flex\">\n<div class=\"wp-block-button\"><a class=\"wp-block-button__link wp-element-button\" href=\"https:\/\/akubaa.com\/index.php\/negocio\/\">PUBLICA TU NEGOCIO AQUI <\/a><\/div>\n<\/div>\n<\/div><\/div>\n\n\n\n<hr class=\"wp-block-separator has-alpha-channel-opacity\"\/>\n\n\n\n<h3 class=\"wp-block-heading\"><strong>La visi\u00f3n AKubaa: \u00bfpresi\u00f3n real o ilusi\u00f3n pol\u00edtica?<\/strong><\/h3>\n\n\n\n<p>Ahora, d\u00e9jame decirte algo sin maquillaje:\u00a0<strong>esto no es tan simple como pedir acci\u00f3n y esperar resultados<\/strong>. S\u00ed, el exilio tiene fuerza. S\u00ed, la presi\u00f3n internacional importa. Pero tambi\u00e9n hay intereses, diplomacia y una realidad geopol\u00edtica compleja. Desde <strong><a href=\"https:\/\/akmundovirtual.com\/#google_vignette\" type=\"link\" id=\"https:\/\/akmundovirtual.com\/#google_vignette\">AKubaa l<\/a><\/strong>o vemos as\u00ed:<br>\ud83d\udc49\u00a0<strong>El clamor del exilio es leg\u00edtimo, pero la soluci\u00f3n no depende solo de Washington.<\/strong><br>\ud83d\udc49\u00a0<strong>Cuba necesita cambios internos, pero tambi\u00e9n presi\u00f3n externa inteligente.<\/strong><\/p>\n\n\n\n<p>Y mientras tanto, en la Isla, la gente sigue resolviendo: apagones, comida cara, transporte imposible\u2026 la vida real que no sale en los discursos.<\/p>\n\n\n\n<hr class=\"wp-block-separator has-alpha-channel-opacity\"\/>\n\n\n\n<figure class=\"wp-block-image size-large\"><img loading=\"lazy\" decoding=\"async\" width=\"1024\" height=\"576\" src=\"https:\/\/akubaa.com\/wp-content\/uploads\/2026\/03\/image-59-1024x576.png\" alt=\"\" class=\"wp-image-2883\" srcset=\"https:\/\/akubaa.com\/wp-content\/uploads\/2026\/03\/image-59-1024x576.png 1024w, https:\/\/akubaa.com\/wp-content\/uploads\/2026\/03\/image-59-300x169.png 300w, https:\/\/akubaa.com\/wp-content\/uploads\/2026\/03\/image-59-768x432.png 768w, https:\/\/akubaa.com\/wp-content\/uploads\/2026\/03\/image-59-1536x864.png 1536w, https:\/\/akubaa.com\/wp-content\/uploads\/2026\/03\/image-59-1280x720.png 1280w, https:\/\/akubaa.com\/wp-content\/uploads\/2026\/03\/image-59-1320x743.png 1320w, https:\/\/akubaa.com\/wp-content\/uploads\/2026\/03\/image-59-600x338.png 600w, https:\/\/akubaa.com\/wp-content\/uploads\/2026\/03\/image-59.png 1600w\" sizes=\"auto, (max-width: 1024px) 100vw, 1024px\" \/><figcaption class=\"wp-element-caption\">Otaola pidi\u00f3 a la administraci\u00f3n de Donald Trump que \u201cact\u00faen ya, es momento de acabar con la dictadura y erradicar al PCC\u201d. (Captura de pantalla \u00a9 Cubanos por el mundo \u2013 YouTube)<\/figcaption><\/figure>\n\n\n\n<hr class=\"wp-block-separator has-alpha-channel-opacity\"\/>\n\n\n\n<h3 class=\"wp-block-heading\"><strong>La voz del pueblo: entre el apoyo y el escepticismo<\/strong><\/h3>\n\n\n\n<p>En redes, los comentarios lo dicen todo:<\/p>\n\n\n\n<ul class=\"wp-block-list\">\n<li>\u201cTrump es la \u00fanica esperanza\u201d<\/li>\n\n\n\n<li>\u201cEso no lo arregla nadie desde afuera\u201d<\/li>\n\n\n\n<li>\u201cEl cambio tiene que empezar dentro de Cuba\u201d<\/li>\n<\/ul>\n\n\n\n<p>Tres frases, tres realidades\u2026 y todas conviven al mismo tiempo.<\/p>\n\n\n\n<hr class=\"wp-block-separator has-alpha-channel-opacity\"\/>\n\n\n\n\n\n<h3 class=\"wp-block-heading\"><strong>Cierre: lo que nadie quiere decir en voz alta<\/strong><\/h3>\n\n\n\n<p>Yo sal\u00ed de ese rally con una sensaci\u00f3n clara:\u00a0<strong>el exilio est\u00e1 m\u00e1s activo que nunca, pero tambi\u00e9n m\u00e1s dividido entre la fe y la frustraci\u00f3n<\/strong>. Y aqu\u00ed viene la pregunta inc\u00f3moda que nadie quiere responder del todo: <strong>\u00bfDe verdad una acci\u00f3n externa puede cambiar el destino de Cuba\u2026 o el cambio tiene que nacer desde dentro, aunque duela m\u00e1s y tarde m\u00e1s?<\/strong>. <\/p>\n\n\n\n<p>Te leo en los comentarios en AKubaa. Porque esta conversaci\u00f3n\u2026 apenas empieza.<\/p>\n\n\n\n<hr class=\"wp-block-separator has-alpha-channel-opacity\"\/>\n\n\n\n<h2 class=\"wp-block-heading\">M\u00e1s en AKubaa<\/h2>\n\n\n<ul class=\"wp-block-latest-posts__list is-grid columns-3 wp-block-latest-posts\"><li><div class=\"wp-block-latest-posts__featured-image aligncenter\"><a href=\"https:\/\/akubaa.com\/index.php\/2026\/04\/21\/imaray-ulloa-de-influecer-a-ganadora-de-fisicoculturismo\/\" aria-label=\"Imaray Ulloa se sube a otra tarima: dos medallas, ocho meses de disciplina y una lecci\u00f3n que la di\u00e1spora entendi\u00f3 enseguida.\"><img loading=\"lazy\" decoding=\"async\" width=\"150\" height=\"150\" src=\"https:\/\/akubaa.com\/wp-content\/uploads\/2026\/04\/image-14-150x150.png\" class=\"attachment-thumbnail size-thumbnail wp-post-image\" alt=\"\" style=\"\" srcset=\"https:\/\/akubaa.com\/wp-content\/uploads\/2026\/04\/image-14-150x150.png 150w, https:\/\/akubaa.com\/wp-content\/uploads\/2026\/04\/image-14-300x300.png 300w, https:\/\/akubaa.com\/wp-content\/uploads\/2026\/04\/image-14-100x100.png 100w\" sizes=\"auto, (max-width: 150px) 100vw, 150px\" \/><\/a><\/div><a class=\"wp-block-latest-posts__post-title\" href=\"https:\/\/akubaa.com\/index.php\/2026\/04\/21\/imaray-ulloa-de-influecer-a-ganadora-de-fisicoculturismo\/\">Imaray Ulloa se sube a otra tarima: dos medallas, ocho meses de disciplina y una lecci\u00f3n que la di\u00e1spora entendi\u00f3 enseguida.<\/a><\/li>\n<li><div class=\"wp-block-latest-posts__featured-image aligncenter\"><a href=\"https:\/\/akubaa.com\/index.php\/2026\/04\/10\/horoscopo-del-10-de-abril-de-2026\/\" aria-label=\"Hor\u00f3scopo del 10 de abril de 2026: lo que el universo te quiere decir hoy (y lo que debes evitar a toda costa).\u00a0\"><img loading=\"lazy\" decoding=\"async\" width=\"150\" height=\"150\" src=\"https:\/\/akubaa.com\/wp-content\/uploads\/2026\/04\/image-13-150x150.png\" class=\"attachment-thumbnail size-thumbnail wp-post-image\" alt=\"\" style=\"\" srcset=\"https:\/\/akubaa.com\/wp-content\/uploads\/2026\/04\/image-13-150x150.png 150w, https:\/\/akubaa.com\/wp-content\/uploads\/2026\/04\/image-13-300x300.png 300w, https:\/\/akubaa.com\/wp-content\/uploads\/2026\/04\/image-13-100x100.png 100w\" sizes=\"auto, (max-width: 150px) 100vw, 150px\" \/><\/a><\/div><a class=\"wp-block-latest-posts__post-title\" href=\"https:\/\/akubaa.com\/index.php\/2026\/04\/10\/horoscopo-del-10-de-abril-de-2026\/\">Hor\u00f3scopo del 10 de abril de 2026: lo que el universo te quiere decir hoy (y lo que debes evitar a toda costa).\u00a0<\/a><\/li>\n<li><div class=\"wp-block-latest-posts__featured-image aligncenter\"><a href=\"https:\/\/akubaa.com\/index.php\/2026\/04\/09\/horoscopo-del-9-de-abril-de-2026\/\" aria-label=\"\ud83d\udd2e\u00a0Hor\u00f3scopo del 9 de abril de 2026: lo que viene no es casualidad\u2026 es destino (y t\u00fa lo vas a sentir hoy).\"><img loading=\"lazy\" decoding=\"async\" width=\"150\" height=\"150\" src=\"https:\/\/akubaa.com\/wp-content\/uploads\/2026\/04\/image-12-150x150.png\" class=\"attachment-thumbnail size-thumbnail wp-post-image\" alt=\"\" style=\"\" srcset=\"https:\/\/akubaa.com\/wp-content\/uploads\/2026\/04\/image-12-150x150.png 150w, https:\/\/akubaa.com\/wp-content\/uploads\/2026\/04\/image-12-300x300.png 300w, https:\/\/akubaa.com\/wp-content\/uploads\/2026\/04\/image-12-100x100.png 100w\" sizes=\"auto, (max-width: 150px) 100vw, 150px\" \/><\/a><\/div><a class=\"wp-block-latest-posts__post-title\" href=\"https:\/\/akubaa.com\/index.php\/2026\/04\/09\/horoscopo-del-9-de-abril-de-2026\/\">\ud83d\udd2e\u00a0Hor\u00f3scopo del 9 de abril de 2026: lo que viene no es casualidad\u2026 es destino (y t\u00fa lo vas a sentir hoy).<\/a><\/li>\n<li><div class=\"wp-block-latest-posts__featured-image aligncenter\"><a href=\"https:\/\/akubaa.com\/index.php\/2026\/04\/08\/horoscopo-del-8-de-abril-de-2026\/\" aria-label=\"\ud83d\udd2e\u00a0Hor\u00f3scopo del 8 de abril de 2026: lo que el destino no te est\u00e1 diciendo (y deber\u00edas escuchar hoy).\"><img loading=\"lazy\" decoding=\"async\" width=\"150\" height=\"150\" src=\"https:\/\/akubaa.com\/wp-content\/uploads\/2026\/04\/image-11-150x150.png\" class=\"attachment-thumbnail size-thumbnail wp-post-image\" alt=\"\" style=\"\" srcset=\"https:\/\/akubaa.com\/wp-content\/uploads\/2026\/04\/image-11-150x150.png 150w, https:\/\/akubaa.com\/wp-content\/uploads\/2026\/04\/image-11-300x300.png 300w, https:\/\/akubaa.com\/wp-content\/uploads\/2026\/04\/image-11-100x100.png 100w\" sizes=\"auto, (max-width: 150px) 100vw, 150px\" \/><\/a><\/div><a class=\"wp-block-latest-posts__post-title\" href=\"https:\/\/akubaa.com\/index.php\/2026\/04\/08\/horoscopo-del-8-de-abril-de-2026\/\">\ud83d\udd2e\u00a0Hor\u00f3scopo del 8 de abril de 2026: lo que el destino no te est\u00e1 diciendo (y deber\u00edas escuchar hoy).<\/a><\/li>\n<li><div class=\"wp-block-latest-posts__featured-image aligncenter\"><a href=\"https:\/\/akubaa.com\/index.php\/2026\/04\/07\/leoni-torres-y-el-b-convierten-cubano-en-un-grito-de-identidad-y-libertad\/\" aria-label=\"\u201cViva Cuba Libre\u201d: la canci\u00f3n que no es solo m\u00fasica\u2026 es un mensaje que ya no se puede callar.\"><img loading=\"lazy\" decoding=\"async\" width=\"150\" height=\"150\" src=\"https:\/\/akubaa.com\/wp-content\/uploads\/2026\/04\/image-10-150x150.png\" class=\"attachment-thumbnail size-thumbnail wp-post-image\" alt=\"\" style=\"\" srcset=\"https:\/\/akubaa.com\/wp-content\/uploads\/2026\/04\/image-10-150x150.png 150w, https:\/\/akubaa.com\/wp-content\/uploads\/2026\/04\/image-10-300x300.png 300w, https:\/\/akubaa.com\/wp-content\/uploads\/2026\/04\/image-10-100x100.png 100w\" sizes=\"auto, (max-width: 150px) 100vw, 150px\" \/><\/a><\/div><a class=\"wp-block-latest-posts__post-title\" href=\"https:\/\/akubaa.com\/index.php\/2026\/04\/07\/leoni-torres-y-el-b-convierten-cubano-en-un-grito-de-identidad-y-libertad\/\">\u201cViva Cuba Libre\u201d: la canci\u00f3n que no es solo m\u00fasica\u2026 es un mensaje que ya no se puede callar.<\/a><\/li>\n<li><div class=\"wp-block-latest-posts__featured-image aligncenter\"><a href=\"https:\/\/akubaa.com\/index.php\/2026\/04\/07\/horoscopo-del-7-de-abril-de-2026\/\" aria-label=\"\ud83d\udd2e\u00a0Hor\u00f3scopo del 7 de abril de 2026: lo que viene no avisa\u2026 pero s\u00ed se siente.\"><img loading=\"lazy\" decoding=\"async\" width=\"150\" height=\"150\" src=\"https:\/\/akubaa.com\/wp-content\/uploads\/2026\/04\/image-9-150x150.png\" class=\"attachment-thumbnail size-thumbnail wp-post-image\" alt=\"\" style=\"\" srcset=\"https:\/\/akubaa.com\/wp-content\/uploads\/2026\/04\/image-9-150x150.png 150w, https:\/\/akubaa.com\/wp-content\/uploads\/2026\/04\/image-9-300x300.png 300w, https:\/\/akubaa.com\/wp-content\/uploads\/2026\/04\/image-9-100x100.png 100w\" sizes=\"auto, (max-width: 150px) 100vw, 150px\" \/><\/a><\/div><a class=\"wp-block-latest-posts__post-title\" href=\"https:\/\/akubaa.com\/index.php\/2026\/04\/07\/horoscopo-del-7-de-abril-de-2026\/\">\ud83d\udd2e\u00a0Hor\u00f3scopo del 7 de abril de 2026: lo que viene no avisa\u2026 pero s\u00ed se siente.<\/a><\/li>\n<\/ul>","protected":false},"excerpt":{"rendered":"<p>Cubanos en el exilio exigen acciones contra el r\u00e9gimen cubano Anoche, mientras el calor de\u00a0Hialeah\u00a0se mezclaba con banderas y consignas, sent\u00ed algo que hace tiempo no ve\u00eda tan claro:\u00a0unidad con rabia, pero tambi\u00e9n con esperanza. M\u00e1s de 7.000 cubanos se reunieron en el Milander Park para el \u201cFree Cuba Rally\u201d, y no era un evento [&hellip;]<\/p>\n","protected":false},"author":1,"featured_media":2884,"comment_status":"open","ping_status":"open","sticky":false,"template":"","format":"standard","meta":{"jetpack_post_was_ever_published":false,"_jetpack_newsletter_access":"","_jetpack_dont_email_post_to_subs":false,"_jetpack_newsletter_tier_id":0,"_jetpack_memberships_contains_paywalled_content":false,"_jetpack_memberships_contains_paid_content":false,"footnotes":"","jetpack_publicize_message":"","jetpack_publicize_feature_enabled":true,"jetpack_social_post_already_shared":true,"jetpack_social_options":{"image_generator_settings":{"template":"highway","default_image_id":0,"font":"","enabled":false},"version":2}},"categories":[4],"tags":[],"class_list":["post-2882","post","type-post","status-publish","format-standard","has-post-thumbnail","hentry","category-noticias-y-actualidad"],"yoast_head":"<!-- This site is optimized with the Yoast SEO plugin v27.5 - https:\/\/yoast.com\/product\/yoast-seo-wordpress\/ -->\n<title>Cubanos en el exilio exigen acciones contra el r\u00e9gimen cubano. - AKubaa<\/title>\n<meta name=\"description\" content=\"Cubanos en el exilio exigen acciones contra el r\u00e9gimen cubano.\u201cAct\u00faen ya\u201d: el grito del exilio cubano que retumba en Miami .\" \/>\n<meta name=\"robots\" content=\"index, follow, max-snippet:-1, max-image-preview:large, max-video-preview:-1\" \/>\n<link rel=\"canonical\" href=\"https:\/\/akubaa.com\/index.php\/2026\/03\/26\/cubanos-en-el-exilio-exigen-acciones-contra-el-regimen-cubano\/\" \/>\n<meta property=\"og:locale\" content=\"es_ES\" \/>\n<meta property=\"og:type\" content=\"article\" \/>\n<meta property=\"og:title\" content=\"Cubanos en el exilio exigen acciones contra el r\u00e9gimen cubano. - AKubaa\" \/>\n<meta property=\"og:description\" content=\"Cubanos en el exilio exigen acciones contra el r\u00e9gimen cubano.\u201cAct\u00faen ya\u201d: el grito del exilio cubano que retumba en Miami .\" \/>\n<meta property=\"og:url\" content=\"https:\/\/akubaa.com\/index.php\/2026\/03\/26\/cubanos-en-el-exilio-exigen-acciones-contra-el-regimen-cubano\/\" \/>\n<meta property=\"og:site_name\" content=\"AKubaa\" \/>\n<meta property=\"article:publisher\" content=\"https:\/\/www.facebook.com\/akubaa\" \/>\n<meta property=\"article:author\" content=\"https:\/\/www.facebook.com\/akubaa\" \/>\n<meta property=\"article:published_time\" content=\"2026-03-26T17:00:00+00:00\" \/>\n<meta property=\"og:image\" content=\"https:\/\/akubaa.com\/wp-content\/uploads\/2026\/03\/image-60.png\" \/>\n\t<meta property=\"og:image:width\" content=\"1600\" \/>\n\t<meta property=\"og:image:height\" content=\"900\" \/>\n\t<meta property=\"og:image:type\" content=\"image\/png\" \/>\n<meta name=\"author\" content=\"AKubaa\" \/>\n<meta name=\"twitter:card\" content=\"summary_large_image\" \/>\n<meta name=\"twitter:label1\" content=\"Escrito por\" \/>\n\t<meta name=\"twitter:data1\" content=\"AKubaa\" \/>\n\t<meta name=\"twitter:label2\" content=\"Tiempo de lectura\" \/>\n\t<meta name=\"twitter:data2\" content=\"4 minutos\" \/>\n<script type=\"application\/ld+json\" class=\"yoast-schema-graph\">{\"@context\":\"https:\\\/\\\/schema.org\",\"@graph\":[{\"@type\":\"Article\",\"@id\":\"https:\\\/\\\/akubaa.com\\\/index.php\\\/2026\\\/03\\\/26\\\/cubanos-en-el-exilio-exigen-acciones-contra-el-regimen-cubano\\\/#article\",\"isPartOf\":{\"@id\":\"https:\\\/\\\/akubaa.com\\\/index.php\\\/2026\\\/03\\\/26\\\/cubanos-en-el-exilio-exigen-acciones-contra-el-regimen-cubano\\\/\"},\"author\":{\"name\":\"AKubaa\",\"@id\":\"https:\\\/\\\/akubaa.com\\\/#\\\/schema\\\/person\\\/b096b63c1ad27204e55fabb2cf2153a5\"},\"headline\":\"\u201cAct\u00faen ya\u201d: el grito del exilio cubano que retumba en Miami y apunta directo a Trump.\",\"datePublished\":\"2026-03-26T17:00:00+00:00\",\"mainEntityOfPage\":{\"@id\":\"https:\\\/\\\/akubaa.com\\\/index.php\\\/2026\\\/03\\\/26\\\/cubanos-en-el-exilio-exigen-acciones-contra-el-regimen-cubano\\\/\"},\"wordCount\":723,\"commentCount\":0,\"publisher\":{\"@id\":\"https:\\\/\\\/akubaa.com\\\/#\\\/schema\\\/person\\\/b096b63c1ad27204e55fabb2cf2153a5\"},\"image\":{\"@id\":\"https:\\\/\\\/akubaa.com\\\/index.php\\\/2026\\\/03\\\/26\\\/cubanos-en-el-exilio-exigen-acciones-contra-el-regimen-cubano\\\/#primaryimage\"},\"thumbnailUrl\":\"https:\\\/\\\/akubaa.com\\\/wp-content\\\/uploads\\\/2026\\\/03\\\/image-60.png\",\"articleSection\":[\"Noticias y Actualidad\"],\"inLanguage\":\"es\",\"potentialAction\":[{\"@type\":\"CommentAction\",\"name\":\"Comment\",\"target\":[\"https:\\\/\\\/akubaa.com\\\/index.php\\\/2026\\\/03\\\/26\\\/cubanos-en-el-exilio-exigen-acciones-contra-el-regimen-cubano\\\/#respond\"]}]},{\"@type\":\"WebPage\",\"@id\":\"https:\\\/\\\/akubaa.com\\\/index.php\\\/2026\\\/03\\\/26\\\/cubanos-en-el-exilio-exigen-acciones-contra-el-regimen-cubano\\\/\",\"url\":\"https:\\\/\\\/akubaa.com\\\/index.php\\\/2026\\\/03\\\/26\\\/cubanos-en-el-exilio-exigen-acciones-contra-el-regimen-cubano\\\/\",\"name\":\"Cubanos en el exilio exigen acciones contra el r\u00e9gimen cubano. - AKubaa\",\"isPartOf\":{\"@id\":\"https:\\\/\\\/akubaa.com\\\/#website\"},\"primaryImageOfPage\":{\"@id\":\"https:\\\/\\\/akubaa.com\\\/index.php\\\/2026\\\/03\\\/26\\\/cubanos-en-el-exilio-exigen-acciones-contra-el-regimen-cubano\\\/#primaryimage\"},\"image\":{\"@id\":\"https:\\\/\\\/akubaa.com\\\/index.php\\\/2026\\\/03\\\/26\\\/cubanos-en-el-exilio-exigen-acciones-contra-el-regimen-cubano\\\/#primaryimage\"},\"thumbnailUrl\":\"https:\\\/\\\/akubaa.com\\\/wp-content\\\/uploads\\\/2026\\\/03\\\/image-60.png\",\"datePublished\":\"2026-03-26T17:00:00+00:00\",\"description\":\"Cubanos en el exilio exigen acciones contra el r\u00e9gimen cubano.\u201cAct\u00faen ya\u201d: el grito del exilio cubano que retumba en Miami .\",\"breadcrumb\":{\"@id\":\"https:\\\/\\\/akubaa.com\\\/index.php\\\/2026\\\/03\\\/26\\\/cubanos-en-el-exilio-exigen-acciones-contra-el-regimen-cubano\\\/#breadcrumb\"},\"inLanguage\":\"es\",\"potentialAction\":[{\"@type\":\"ReadAction\",\"target\":[\"https:\\\/\\\/akubaa.com\\\/index.php\\\/2026\\\/03\\\/26\\\/cubanos-en-el-exilio-exigen-acciones-contra-el-regimen-cubano\\\/\"]}]},{\"@type\":\"ImageObject\",\"inLanguage\":\"es\",\"@id\":\"https:\\\/\\\/akubaa.com\\\/index.php\\\/2026\\\/03\\\/26\\\/cubanos-en-el-exilio-exigen-acciones-contra-el-regimen-cubano\\\/#primaryimage\",\"url\":\"https:\\\/\\\/akubaa.com\\\/wp-content\\\/uploads\\\/2026\\\/03\\\/image-60.png\",\"contentUrl\":\"https:\\\/\\\/akubaa.com\\\/wp-content\\\/uploads\\\/2026\\\/03\\\/image-60.png\",\"width\":1600,\"height\":900},{\"@type\":\"BreadcrumbList\",\"@id\":\"https:\\\/\\\/akubaa.com\\\/index.php\\\/2026\\\/03\\\/26\\\/cubanos-en-el-exilio-exigen-acciones-contra-el-regimen-cubano\\\/#breadcrumb\",\"itemListElement\":[{\"@type\":\"ListItem\",\"position\":1,\"name\":\"Portada\",\"item\":\"https:\\\/\\\/akubaa.com\\\/\"},{\"@type\":\"ListItem\",\"position\":2,\"name\":\"\u201cAct\u00faen ya\u201d: el grito del exilio cubano que retumba en Miami y apunta directo a Trump.\"}]},{\"@type\":\"WebSite\",\"@id\":\"https:\\\/\\\/akubaa.com\\\/#website\",\"url\":\"https:\\\/\\\/akubaa.com\\\/\",\"name\":\"AKubaa\",\"description\":\"Vive ,conoce y disfruta Cuba al estilo de A&amp;K.\",\"publisher\":{\"@id\":\"https:\\\/\\\/akubaa.com\\\/#\\\/schema\\\/person\\\/b096b63c1ad27204e55fabb2cf2153a5\"},\"potentialAction\":[{\"@type\":\"SearchAction\",\"target\":{\"@type\":\"EntryPoint\",\"urlTemplate\":\"https:\\\/\\\/akubaa.com\\\/?s={search_term_string}\"},\"query-input\":{\"@type\":\"PropertyValueSpecification\",\"valueRequired\":true,\"valueName\":\"search_term_string\"}}],\"inLanguage\":\"es\"},{\"@type\":[\"Person\",\"Organization\"],\"@id\":\"https:\\\/\\\/akubaa.com\\\/#\\\/schema\\\/person\\\/b096b63c1ad27204e55fabb2cf2153a5\",\"name\":\"AKubaa\",\"image\":{\"@type\":\"ImageObject\",\"inLanguage\":\"es\",\"@id\":\"https:\\\/\\\/akubaa.com\\\/wp-content\\\/uploads\\\/2025\\\/08\\\/Imagen-17.jpeg\",\"url\":\"https:\\\/\\\/akubaa.com\\\/wp-content\\\/uploads\\\/2025\\\/08\\\/Imagen-17.jpeg\",\"contentUrl\":\"https:\\\/\\\/akubaa.com\\\/wp-content\\\/uploads\\\/2025\\\/08\\\/Imagen-17.jpeg\",\"width\":1024,\"height\":1024,\"caption\":\"AKubaa\"},\"logo\":{\"@id\":\"https:\\\/\\\/akubaa.com\\\/wp-content\\\/uploads\\\/2025\\\/08\\\/Imagen-17.jpeg\"},\"sameAs\":[\"https:\\\/\\\/akubaa.com\",\"https:\\\/\\\/www.facebook.com\\\/akubaa\",\"https:\\\/\\\/www.instagram.com\\\/akubaa?\"],\"url\":\"https:\\\/\\\/akubaa.com\\\/index.php\\\/profile\\\/admin\\\/\"}]}<\/script>\n<!-- \/ Yoast SEO plugin. -->","yoast_head_json":{"title":"Cubanos en el exilio exigen acciones contra el r\u00e9gimen cubano. - AKubaa","description":"Cubanos en el exilio exigen acciones contra el r\u00e9gimen cubano.\u201cAct\u00faen ya\u201d: el grito del exilio cubano que retumba en Miami .","robots":{"index":"index","follow":"follow","max-snippet":"max-snippet:-1","max-image-preview":"max-image-preview:large","max-video-preview":"max-video-preview:-1"},"canonical":"https:\/\/akubaa.com\/index.php\/2026\/03\/26\/cubanos-en-el-exilio-exigen-acciones-contra-el-regimen-cubano\/","og_locale":"es_ES","og_type":"article","og_title":"Cubanos en el exilio exigen acciones contra el r\u00e9gimen cubano. - AKubaa","og_description":"Cubanos en el exilio exigen acciones contra el r\u00e9gimen cubano.\u201cAct\u00faen ya\u201d: el grito del exilio cubano que retumba en Miami .","og_url":"https:\/\/akubaa.com\/index.php\/2026\/03\/26\/cubanos-en-el-exilio-exigen-acciones-contra-el-regimen-cubano\/","og_site_name":"AKubaa","article_publisher":"https:\/\/www.facebook.com\/akubaa","article_author":"https:\/\/www.facebook.com\/akubaa","article_published_time":"2026-03-26T17:00:00+00:00","og_image":[{"width":1600,"height":900,"url":"https:\/\/akubaa.com\/wp-content\/uploads\/2026\/03\/image-60.png","type":"image\/png"}],"author":"AKubaa","twitter_card":"summary_large_image","twitter_misc":{"Escrito por":"AKubaa","Tiempo de lectura":"4 minutos"},"schema":{"@context":"https:\/\/schema.org","@graph":[{"@type":"Article","@id":"https:\/\/akubaa.com\/index.php\/2026\/03\/26\/cubanos-en-el-exilio-exigen-acciones-contra-el-regimen-cubano\/#article","isPartOf":{"@id":"https:\/\/akubaa.com\/index.php\/2026\/03\/26\/cubanos-en-el-exilio-exigen-acciones-contra-el-regimen-cubano\/"},"author":{"name":"AKubaa","@id":"https:\/\/akubaa.com\/#\/schema\/person\/b096b63c1ad27204e55fabb2cf2153a5"},"headline":"\u201cAct\u00faen ya\u201d: el grito del exilio cubano que retumba en Miami y apunta directo a Trump.","datePublished":"2026-03-26T17:00:00+00:00","mainEntityOfPage":{"@id":"https:\/\/akubaa.com\/index.php\/2026\/03\/26\/cubanos-en-el-exilio-exigen-acciones-contra-el-regimen-cubano\/"},"wordCount":723,"commentCount":0,"publisher":{"@id":"https:\/\/akubaa.com\/#\/schema\/person\/b096b63c1ad27204e55fabb2cf2153a5"},"image":{"@id":"https:\/\/akubaa.com\/index.php\/2026\/03\/26\/cubanos-en-el-exilio-exigen-acciones-contra-el-regimen-cubano\/#primaryimage"},"thumbnailUrl":"https:\/\/akubaa.com\/wp-content\/uploads\/2026\/03\/image-60.png","articleSection":["Noticias y Actualidad"],"inLanguage":"es","potentialAction":[{"@type":"CommentAction","name":"Comment","target":["https:\/\/akubaa.com\/index.php\/2026\/03\/26\/cubanos-en-el-exilio-exigen-acciones-contra-el-regimen-cubano\/#respond"]}]},{"@type":"WebPage","@id":"https:\/\/akubaa.com\/index.php\/2026\/03\/26\/cubanos-en-el-exilio-exigen-acciones-contra-el-regimen-cubano\/","url":"https:\/\/akubaa.com\/index.php\/2026\/03\/26\/cubanos-en-el-exilio-exigen-acciones-contra-el-regimen-cubano\/","name":"Cubanos en el exilio exigen acciones contra el r\u00e9gimen cubano. - AKubaa","isPartOf":{"@id":"https:\/\/akubaa.com\/#website"},"primaryImageOfPage":{"@id":"https:\/\/akubaa.com\/index.php\/2026\/03\/26\/cubanos-en-el-exilio-exigen-acciones-contra-el-regimen-cubano\/#primaryimage"},"image":{"@id":"https:\/\/akubaa.com\/index.php\/2026\/03\/26\/cubanos-en-el-exilio-exigen-acciones-contra-el-regimen-cubano\/#primaryimage"},"thumbnailUrl":"https:\/\/akubaa.com\/wp-content\/uploads\/2026\/03\/image-60.png","datePublished":"2026-03-26T17:00:00+00:00","description":"Cubanos en el exilio exigen acciones contra el r\u00e9gimen cubano.\u201cAct\u00faen ya\u201d: el grito del exilio cubano que retumba en Miami .","breadcrumb":{"@id":"https:\/\/akubaa.com\/index.php\/2026\/03\/26\/cubanos-en-el-exilio-exigen-acciones-contra-el-regimen-cubano\/#breadcrumb"},"inLanguage":"es","potentialAction":[{"@type":"ReadAction","target":["https:\/\/akubaa.com\/index.php\/2026\/03\/26\/cubanos-en-el-exilio-exigen-acciones-contra-el-regimen-cubano\/"]}]},{"@type":"ImageObject","inLanguage":"es","@id":"https:\/\/akubaa.com\/index.php\/2026\/03\/26\/cubanos-en-el-exilio-exigen-acciones-contra-el-regimen-cubano\/#primaryimage","url":"https:\/\/akubaa.com\/wp-content\/uploads\/2026\/03\/image-60.png","contentUrl":"https:\/\/akubaa.com\/wp-content\/uploads\/2026\/03\/image-60.png","width":1600,"height":900},{"@type":"BreadcrumbList","@id":"https:\/\/akubaa.com\/index.php\/2026\/03\/26\/cubanos-en-el-exilio-exigen-acciones-contra-el-regimen-cubano\/#breadcrumb","itemListElement":[{"@type":"ListItem","position":1,"name":"Portada","item":"https:\/\/akubaa.com\/"},{"@type":"ListItem","position":2,"name":"\u201cAct\u00faen ya\u201d: el grito del exilio cubano que retumba en Miami y apunta directo a Trump."}]},{"@type":"WebSite","@id":"https:\/\/akubaa.com\/#website","url":"https:\/\/akubaa.com\/","name":"AKubaa","description":"Vive ,conoce y disfruta Cuba al estilo de A&amp;K.","publisher":{"@id":"https:\/\/akubaa.com\/#\/schema\/person\/b096b63c1ad27204e55fabb2cf2153a5"},"potentialAction":[{"@type":"SearchAction","target":{"@type":"EntryPoint","urlTemplate":"https:\/\/akubaa.com\/?s={search_term_string}"},"query-input":{"@type":"PropertyValueSpecification","valueRequired":true,"valueName":"search_term_string"}}],"inLanguage":"es"},{"@type":["Person","Organization"],"@id":"https:\/\/akubaa.com\/#\/schema\/person\/b096b63c1ad27204e55fabb2cf2153a5","name":"AKubaa","image":{"@type":"ImageObject","inLanguage":"es","@id":"https:\/\/akubaa.com\/wp-content\/uploads\/2025\/08\/Imagen-17.jpeg","url":"https:\/\/akubaa.com\/wp-content\/uploads\/2025\/08\/Imagen-17.jpeg","contentUrl":"https:\/\/akubaa.com\/wp-content\/uploads\/2025\/08\/Imagen-17.jpeg","width":1024,"height":1024,"caption":"AKubaa"},"logo":{"@id":"https:\/\/akubaa.com\/wp-content\/uploads\/2025\/08\/Imagen-17.jpeg"},"sameAs":["https:\/\/akubaa.com","https:\/\/www.facebook.com\/akubaa","https:\/\/www.instagram.com\/akubaa?"],"url":"https:\/\/akubaa.com\/index.php\/profile\/admin\/"}]}},"jetpack_publicize_connections":[],"jetpack_featured_media_url":"https:\/\/akubaa.com\/wp-content\/uploads\/2026\/03\/image-60.png","jetpack_sharing_enabled":true,"jetpack_likes_enabled":true,"jetpack-related-posts":[{"id":2745,"url":"https:\/\/akubaa.com\/index.php\/2026\/03\/13\/los-cubanos-exiliados\/","url_meta":{"origin":2882,"position":0},"title":"\u00bfRegreso del exilio o jugada desesperada?. Cuba abre la puerta al dinero de los que se fueron.","author":"AKubaa","date":"03\/13\/2026","format":false,"excerpt":"Hay noticias que, cuando uno las escucha por primera vez, suenan casi irreales. Esta es una de ellas. El r\u00e9gimen cubano anunci\u00f3 que\u00a0permitir\u00e1 la participaci\u00f3n de los cubanos exiliados en la econom\u00eda del pa\u00eds, una decisi\u00f3n que llega justo en medio de conversaciones con Estados Unidos y bajo la presi\u00f3n\u2026","rel":"","context":"Entrada similar","block_context":{"text":"Entrada similar","link":""},"img":{"alt_text":"","src":"https:\/\/i0.wp.com\/akubaa.com\/wp-content\/uploads\/2026\/03\/image-2.png?resize=350%2C200&ssl=1","width":350,"height":200,"srcset":"https:\/\/i0.wp.com\/akubaa.com\/wp-content\/uploads\/2026\/03\/image-2.png?resize=350%2C200&ssl=1 1x, https:\/\/i0.wp.com\/akubaa.com\/wp-content\/uploads\/2026\/03\/image-2.png?resize=525%2C300&ssl=1 1.5x, https:\/\/i0.wp.com\/akubaa.com\/wp-content\/uploads\/2026\/03\/image-2.png?resize=700%2C400&ssl=1 2x, https:\/\/i0.wp.com\/akubaa.com\/wp-content\/uploads\/2026\/03\/image-2.png?resize=1050%2C600&ssl=1 3x, https:\/\/i0.wp.com\/akubaa.com\/wp-content\/uploads\/2026\/03\/image-2.png?resize=1400%2C800&ssl=1 4x"},"classes":[]},{"id":2691,"url":"https:\/\/akubaa.com\/index.php\/2026\/03\/06\/cuando-la-historia-susurra-en-la-casa-blanca-la-frase-de-trump-que-hizo-sonar-al-exilio-cubano\/","url_meta":{"origin":2882,"position":1},"title":"Cuando la historia susurra en la Casa Blanca: la frase de Trump que hizo so\u00f1ar al exilio cubano.","author":"AKubaa","date":"03\/06\/2026","format":false,"excerpt":"Hay momentos en la pol\u00edtica que pasan como simples frases en una ceremonia, casi como comentarios al pasar entre c\u00e1maras, aplausos y sonrisas diplom\u00e1ticas. Pero otras veces, una sola frase puede encender la imaginaci\u00f3n de millones de personas que llevan d\u00e9cadas esperando algo que parece imposible. Eso fue exactamente lo\u2026","rel":"","context":"Entrada similar","block_context":{"text":"Entrada similar","link":""},"img":{"alt_text":"","src":"https:\/\/i0.wp.com\/akubaa.com\/wp-content\/uploads\/2026\/03\/Imagen-252.jpeg?resize=350%2C200&ssl=1","width":350,"height":200,"srcset":"https:\/\/i0.wp.com\/akubaa.com\/wp-content\/uploads\/2026\/03\/Imagen-252.jpeg?resize=350%2C200&ssl=1 1x, https:\/\/i0.wp.com\/akubaa.com\/wp-content\/uploads\/2026\/03\/Imagen-252.jpeg?resize=525%2C300&ssl=1 1.5x, https:\/\/i0.wp.com\/akubaa.com\/wp-content\/uploads\/2026\/03\/Imagen-252.jpeg?resize=700%2C400&ssl=1 2x, https:\/\/i0.wp.com\/akubaa.com\/wp-content\/uploads\/2026\/03\/Imagen-252.jpeg?resize=1050%2C600&ssl=1 3x, https:\/\/i0.wp.com\/akubaa.com\/wp-content\/uploads\/2026\/03\/Imagen-252.jpeg?resize=1400%2C800&ssl=1 4x"},"classes":[]},{"id":2720,"url":"https:\/\/akubaa.com\/index.php\/2026\/03\/10\/trump-dejo-de-insinuar-y-empezo-a-advertir-lo-que-de-verdad-puede-cambiar-para-cuba-desde-hoy\/","url_meta":{"origin":2882,"position":2},"title":"Trump dej\u00f3 de insinuar y empez\u00f3 a advertir: lo que de verdad puede cambiar para Cuba desde hoy.","author":"AKubaa","date":"03\/10\/2026","format":false,"excerpt":"Yo llevo tiempo diciendo que, cuando Washington empieza a hablar de Cuba con ese tono medio diplom\u00e1tico y medio quir\u00fargico, no est\u00e1 improvisando: est\u00e1 midiendo fuerzas, tanteando resistencias y preparando el terreno para algo m\u00e1s grande. Y eso es exactamente lo que me sugieren las declaraciones que Donald Trump hizo\u2026","rel":"","context":"En \u00abNoticias y Actualidad\u00bb","block_context":{"text":"Noticias y Actualidad","link":"https:\/\/akubaa.com\/index.php\/category\/noticias-y-actualidad\/"},"img":{"alt_text":"","src":"https:\/\/i0.wp.com\/akubaa.com\/wp-content\/uploads\/2026\/03\/Imagen-14.jpeg?resize=350%2C200&ssl=1","width":350,"height":200,"srcset":"https:\/\/i0.wp.com\/akubaa.com\/wp-content\/uploads\/2026\/03\/Imagen-14.jpeg?resize=350%2C200&ssl=1 1x, https:\/\/i0.wp.com\/akubaa.com\/wp-content\/uploads\/2026\/03\/Imagen-14.jpeg?resize=525%2C300&ssl=1 1.5x, https:\/\/i0.wp.com\/akubaa.com\/wp-content\/uploads\/2026\/03\/Imagen-14.jpeg?resize=700%2C400&ssl=1 2x, https:\/\/i0.wp.com\/akubaa.com\/wp-content\/uploads\/2026\/03\/Imagen-14.jpeg?resize=1050%2C600&ssl=1 3x, https:\/\/i0.wp.com\/akubaa.com\/wp-content\/uploads\/2026\/03\/Imagen-14.jpeg?resize=1400%2C800&ssl=1 4x"},"classes":[]},{"id":2724,"url":"https:\/\/akubaa.com\/index.php\/2026\/03\/11\/posible-acuerdo-economico-y-politico-entre-usa-y-cuba\/","url_meta":{"origin":2882,"position":3},"title":"\u00bfUn \u201cabrazo econ\u00f3mico\u201d para Cuba?. La jugada de Trump que podr\u00eda cambiar la isla\u2026 o salvar al mismo sistema.","author":"AKubaa","date":"03\/11\/2026","format":false,"excerpt":"Hay momentos en la historia en los que una frase aparentemente improvisada revela mucho m\u00e1s que un simple comentario pol\u00edtico. Y esta semana ocurri\u00f3 uno de esos momentos. Mientras escuchaba las declaraciones recientes de\u00a0Donald Trump\u00a0sobre Cuba, no pude evitar pensar que estamos entrando en un cap\u00edtulo completamente distinto de la\u2026","rel":"","context":"En \u00abNoticias y Actualidad\u00bb","block_context":{"text":"Noticias y Actualidad","link":"https:\/\/akubaa.com\/index.php\/category\/noticias-y-actualidad\/"},"img":{"alt_text":"","src":"https:\/\/i0.wp.com\/akubaa.com\/wp-content\/uploads\/2026\/03\/Imagen-16.jpeg?resize=350%2C200&ssl=1","width":350,"height":200,"srcset":"https:\/\/i0.wp.com\/akubaa.com\/wp-content\/uploads\/2026\/03\/Imagen-16.jpeg?resize=350%2C200&ssl=1 1x, https:\/\/i0.wp.com\/akubaa.com\/wp-content\/uploads\/2026\/03\/Imagen-16.jpeg?resize=525%2C300&ssl=1 1.5x, https:\/\/i0.wp.com\/akubaa.com\/wp-content\/uploads\/2026\/03\/Imagen-16.jpeg?resize=700%2C400&ssl=1 2x, https:\/\/i0.wp.com\/akubaa.com\/wp-content\/uploads\/2026\/03\/Imagen-16.jpeg?resize=1050%2C600&ssl=1 3x, https:\/\/i0.wp.com\/akubaa.com\/wp-content\/uploads\/2026\/03\/Imagen-16.jpeg?resize=1400%2C800&ssl=1 4x"},"classes":[]},{"id":2611,"url":"https:\/\/akubaa.com\/index.php\/2026\/02\/17\/negociacion-secreta-o-jugada-maestra\/","url_meta":{"origin":2882,"position":4},"title":"\u00bfNegociaci\u00f3n secreta o jugada maestra?. Lo que realmente significa que \u201cMarco Rubio est\u00e1 hablando con ellos\u201d","author":"AKubaa","date":"02\/17\/2026","format":false,"excerpt":"Hay frases que parecen simples\u2026 hasta que entiendes lo que esconden. El 16 de febrero, a bordo del\u00a0Air Force One, el presidente\u00a0Donald Trump\u00a0volvi\u00f3 a poner a\u00a0Cuba\u00a0en el centro del tablero pol\u00edtico. No fue un discurso largo. No hubo ceremonia. Solo una declaraci\u00f3n directa, casi quir\u00fargica: \u201cMarco Rubio est\u00e1 hablando con\u2026","rel":"","context":"En \u00abNoticias y Actualidad\u00bb","block_context":{"text":"Noticias y Actualidad","link":"https:\/\/akubaa.com\/index.php\/category\/noticias-y-actualidad\/"},"img":{"alt_text":"","src":"https:\/\/i0.wp.com\/akubaa.com\/wp-content\/uploads\/2026\/02\/Imagen-223.jpeg?resize=350%2C200&ssl=1","width":350,"height":200,"srcset":"https:\/\/i0.wp.com\/akubaa.com\/wp-content\/uploads\/2026\/02\/Imagen-223.jpeg?resize=350%2C200&ssl=1 1x, https:\/\/i0.wp.com\/akubaa.com\/wp-content\/uploads\/2026\/02\/Imagen-223.jpeg?resize=525%2C300&ssl=1 1.5x, https:\/\/i0.wp.com\/akubaa.com\/wp-content\/uploads\/2026\/02\/Imagen-223.jpeg?resize=700%2C400&ssl=1 2x, https:\/\/i0.wp.com\/akubaa.com\/wp-content\/uploads\/2026\/02\/Imagen-223.jpeg?resize=1050%2C600&ssl=1 3x"},"classes":[]},{"id":2759,"url":"https:\/\/akubaa.com\/index.php\/2026\/03\/17\/ee-uu-quiere-la-renuncia-de-diaz-canel-antes-de-negociar-con-cuba\/","url_meta":{"origin":2882,"position":5},"title":"\u201cLa jugada de Washington: \u00bfpor qu\u00e9 EE.UU. quiere la renuncia de D\u00edaz-Canel antes de negociar con Cuba?\u201d","author":"AKubaa","date":"03\/17\/2026","format":false,"excerpt":"Hay noticias que, cuando uno las lee, siente que detr\u00e1s hay mucho m\u00e1s de lo que aparece en el titular. Y esta es una de ellas. Seg\u00fan revelaciones publicadas por\u00a0The New York Times\u00a0y adelantadas tambi\u00e9n por el\u00a0Miami Herald, la administraci\u00f3n de\u00a0Donald Trump\u00a0habr\u00eda puesto una condici\u00f3n clara para avanzar en las\u2026","rel":"","context":"Entrada similar","block_context":{"text":"Entrada similar","link":""},"img":{"alt_text":"","src":"https:\/\/i0.wp.com\/akubaa.com\/wp-content\/uploads\/2026\/03\/image-7.png?resize=350%2C200&ssl=1","width":350,"height":200,"srcset":"https:\/\/i0.wp.com\/akubaa.com\/wp-content\/uploads\/2026\/03\/image-7.png?resize=350%2C200&ssl=1 1x, https:\/\/i0.wp.com\/akubaa.com\/wp-content\/uploads\/2026\/03\/image-7.png?resize=525%2C300&ssl=1 1.5x, https:\/\/i0.wp.com\/akubaa.com\/wp-content\/uploads\/2026\/03\/image-7.png?resize=700%2C400&ssl=1 2x, https:\/\/i0.wp.com\/akubaa.com\/wp-content\/uploads\/2026\/03\/image-7.png?resize=1050%2C600&ssl=1 3x, https:\/\/i0.wp.com\/akubaa.com\/wp-content\/uploads\/2026\/03\/image-7.png?resize=1400%2C800&ssl=1 4x"},"classes":[]}],"jetpack_shortlink":"https:\/\/wp.me\/pgrKo3-Ku","_links":{"self":[{"href":"https:\/\/akubaa.com\/index.php\/wp-json\/wp\/v2\/posts\/2882","targetHints":{"allow":["GET"]}}],"collection":[{"href":"https:\/\/akubaa.com\/index.php\/wp-json\/wp\/v2\/posts"}],"about":[{"href":"https:\/\/akubaa.com\/index.php\/wp-json\/wp\/v2\/types\/post"}],"author":[{"embeddable":true,"href":"https:\/\/akubaa.com\/index.php\/wp-json\/wp\/v2\/users\/1"}],"replies":[{"embeddable":true,"href":"https:\/\/akubaa.com\/index.php\/wp-json\/wp\/v2\/comments?post=2882"}],"version-history":[{"count":0,"href":"https:\/\/akubaa.com\/index.php\/wp-json\/wp\/v2\/posts\/2882\/revisions"}],"wp:featuredmedia":[{"embeddable":true,"href":"https:\/\/akubaa.com\/index.php\/wp-json\/wp\/v2\/media\/2884"}],"wp:attachment":[{"href":"https:\/\/akubaa.com\/index.php\/wp-json\/wp\/v2\/media?parent=2882"}],"wp:term":[{"taxonomy":"category","embeddable":true,"href":"https:\/\/akubaa.com\/index.php\/wp-json\/wp\/v2\/categories?post=2882"},{"taxonomy":"post_tag","embeddable":true,"href":"https:\/\/akubaa.com\/index.php\/wp-json\/wp\/v2\/tags?post=2882"}],"curies":[{"name":"wp","href":"https:\/\/api.w.org\/{rel}","templated":true}]}}