{"id":2875,"date":"2026-03-26T09:00:00","date_gmt":"2026-03-26T13:00:00","guid":{"rendered":"https:\/\/akubaa.com\/?p=2875"},"modified":"2026-03-25T18:09:22","modified_gmt":"2026-03-25T22:09:22","slug":"muere-joven-cubano-de-19-anos-en-el-servicio-militar-en-cuba","status":"publish","type":"post","link":"https:\/\/akubaa.com\/index.php\/2026\/03\/26\/muere-joven-cubano-de-19-anos-en-el-servicio-militar-en-cuba\/","title":{"rendered":"\u201cTen\u00eda 19 a\u00f1os\u2026 y no volvi\u00f3\u201d: la historia que vuelve a poner en la mira el Servicio Militar en Cuba."},"content":{"rendered":"\n<h3 class=\"wp-block-heading\"><strong>Muere cubano de 19 a\u00f1os en el Servicio Militar en Cuba: una historia que duele y cuestiona<\/strong><\/h3>\n\n\n\n<p>Hay historias que no deber\u00edan contarse\u2026 pero se repiten. Y cuando se repiten, dejan de ser tragedias aisladas y empiezan a oler a sistema. Hoy hablo de\u00a0<strong>Dailier Rodr\u00edguez Tamayo<\/strong>, 19 a\u00f1os, un nombre m\u00e1s que se suma a la lista de j\u00f3venes que no regresaron del\u00a0<strong>Servicio Militar Activo en Cuba<\/strong>. Pero esta vez, hay algo que pesa m\u00e1s: las advertencias estaban hechas\u2026 y fueron ignoradas.<\/p>\n\n\n\n<hr class=\"wp-block-separator has-alpha-channel-opacity\"\/>\n\n\n\n<div class=\"wp-block-media-text is-stacked-on-mobile\"><figure class=\"wp-block-media-text__media\"><img loading=\"lazy\" decoding=\"async\" width=\"1024\" height=\"683\" src=\"https:\/\/akubaa.com\/wp-content\/uploads\/2026\/02\/Imagen-222-1024x683.jpeg\" alt=\"\" class=\"wp-image-2608 size-full\" srcset=\"https:\/\/akubaa.com\/wp-content\/uploads\/2026\/02\/Imagen-222-1024x683.jpeg 1024w, https:\/\/akubaa.com\/wp-content\/uploads\/2026\/02\/Imagen-222-300x200.jpeg 300w, https:\/\/akubaa.com\/wp-content\/uploads\/2026\/02\/Imagen-222-768x512.jpeg 768w, https:\/\/akubaa.com\/wp-content\/uploads\/2026\/02\/Imagen-222-1320x880.jpeg 1320w, https:\/\/akubaa.com\/wp-content\/uploads\/2026\/02\/Imagen-222-600x400.jpeg 600w, https:\/\/akubaa.com\/wp-content\/uploads\/2026\/02\/Imagen-222.jpeg 1536w\" sizes=\"auto, (max-width: 1024px) 100vw, 1024px\" \/><\/figure><div class=\"wp-block-media-text__content\">\n<p>Colorear no es un juego: es desarrollo f\u00edsico, social y emocional. Cuando un ni\u00f1o colorea, pasa algo que ninguna pantalla puede replicar:\u00a0<strong>Impacto social:<\/strong>\u00a0invita al di\u00e1logo, al compartir, al \u201cmira lo que hice\u201d, al momento en familia.\u00a0<strong>Desarrollo f\u00edsico:<\/strong>\u00a0mejora la motricidad fina, la coordinaci\u00f3n mano-ojo y fortalece los m\u00fasculos de los dedos.\u00a0<strong>Beneficio psicol\u00f3gico:<\/strong>\u00a0reduce ansiedad, mejora la concentraci\u00f3n y estimula la creatividad infantil.<\/p>\n\n\n\n<div class=\"wp-block-buttons is-content-justification-center is-layout-flex wp-container-core-buttons-is-layout-a89b3969 wp-block-buttons-is-layout-flex\">\n<div class=\"wp-block-button\"><a class=\"wp-block-button__link wp-element-button\" href=\"https:\/\/www.amazon.com\/dp\/B0GMQM1LGJ?ref_=cm_sw_r_ffobk_cp_ud_dp_MECK9N8QBCJSWMTPABTQ_22&amp;bestFormat=true\">Compra los mejores libros de colorear para tus ni\u00f1os AQUI.<\/a><\/div>\n<\/div>\n<\/div><\/div>\n\n\n\n<hr class=\"wp-block-separator has-alpha-channel-opacity\"\/>\n\n\n\n<h3 class=\"wp-block-heading\"><strong>Servicio Militar en Cuba: advertencias m\u00e9dicas que no importaron<\/strong><\/h3>\n\n\n\n<p>Seg\u00fan su madre, Dailier ten\u00eda un historial m\u00e9dico claro: no pod\u00eda estar bajo estr\u00e9s, no deb\u00eda portar armas, y ten\u00eda alergias severas. Fue atendido en un hospital naval y todo estaba documentado. Pero en la pr\u00e1ctica, eso no vali\u00f3 nada. Lo pusieron a realizar tareas f\u00edsicas exigentes, lo expusieron a qu\u00edmicos como cloro \u2014que le causaron lesiones\u2014 y, lo m\u00e1s grave, le entregaron un arma. Aqu\u00ed es donde uno se detiene y piensa: \u00bferror\u2026 o negligencia?. En Cuba, muchos padres viven con ese miedo silencioso. Ese que no se dice en voz alta, pero que se siente cuando un hijo recibe la citaci\u00f3n del SMA.<\/p>\n\n\n\n<hr class=\"wp-block-separator has-alpha-channel-opacity\"\/>\n\n\n\n<div class=\"wp-block-jetpack-related-posts\">\n<h2 class=\"wp-block-heading\">Te Puede Interesar<\/h2>\n<\/div>\n\n\n\n<hr class=\"wp-block-separator has-alpha-channel-opacity\"\/>\n\n\n\n<h3 class=\"wp-block-heading\"><strong>El \u00faltimo intento: una llamada que nunca lleg\u00f3<\/strong><\/h3>\n\n\n\n<p>La ma\u00f1ana del 16 de marzo, Dailier intent\u00f3 comunicarse con su madre. No pudo. Problemas de conexi\u00f3n. Minutos despu\u00e9s, le entregaron un arma. Camin\u00f3 unos metros\u2026 y se dispar\u00f3. Esa escena no necesita adornos. Es brutal por s\u00ed sola. Y mientras tanto, la familia sigue esperando respuestas:\u00a0<strong>informe m\u00e9dico, necropsia, detalles de investigaci\u00f3n<\/strong>. Nada claro. Nada transparente.<\/p>\n\n\n\n<hr class=\"wp-block-separator has-alpha-channel-opacity\"\/>\n\n\n\n<div class=\"wp-block-media-text is-stacked-on-mobile\"><figure class=\"wp-block-media-text__media\"><img loading=\"lazy\" decoding=\"async\" width=\"1024\" height=\"683\" src=\"https:\/\/akubaa.com\/wp-content\/uploads\/2026\/01\/Imagen-223-1024x683.jpeg\" alt=\"\" class=\"wp-image-2445 size-full\" srcset=\"https:\/\/akubaa.com\/wp-content\/uploads\/2026\/01\/Imagen-223-1024x683.jpeg 1024w, https:\/\/akubaa.com\/wp-content\/uploads\/2026\/01\/Imagen-223-600x400.jpeg 600w, https:\/\/akubaa.com\/wp-content\/uploads\/2026\/01\/Imagen-223-300x200.jpeg 300w, https:\/\/akubaa.com\/wp-content\/uploads\/2026\/01\/Imagen-223-768x512.jpeg 768w, https:\/\/akubaa.com\/wp-content\/uploads\/2026\/01\/Imagen-223-1320x880.jpeg 1320w, https:\/\/akubaa.com\/wp-content\/uploads\/2026\/01\/Imagen-223.jpeg 1536w\" sizes=\"auto, (max-width: 1024px) 100vw, 1024px\" \/><\/figure><div class=\"wp-block-media-text__content\">\n<p>\u00a0\u00bfTienes un negocio? . Publicalo aqu\u00ed ,solo te tarda un minuto y conecta con personas que buscan lo que t\u00fa ofreces.<strong><a href=\"https:\/\/akubaa.com\/index.php\/directorio-de-negocios-cubanos-akubaa\/\">Clic y descubre todas las ventajas\u00a0<\/a><\/strong>que puede obtener t\u00fa ahora mismo. Es hora de llevarte al lugar que merece sin luchar con el algoritmo.<\/p>\n\n\n\n<div class=\"wp-block-buttons is-content-justification-center is-layout-flex wp-container-core-buttons-is-layout-a89b3969 wp-block-buttons-is-layout-flex\">\n<div class=\"wp-block-button\"><a class=\"wp-block-button__link wp-element-button\" href=\"https:\/\/akubaa.com\/index.php\/negocio\/\">PUBLICA TU NEGOCIO AQUI <\/a><\/div>\n<\/div>\n<\/div><\/div>\n\n\n\n<h3 class=\"wp-block-heading\"><strong>No es un caso aislado: lo que el pueblo ya comenta<\/strong><\/h3>\n\n\n\n<p>En redes sociales, la historia explot\u00f3. Y no por morbo, sino por identificaci\u00f3n. \u201cHe visto esto antes\u201d, \u201ceso le puede pasar a cualquiera\u201d, \u201cnadie protege a esos muchachos\u201d\u2026 son frases que se repiten desde La Habana hasta\u00a0<strong>Miami, Hialeah o Tampa<\/strong>, donde la di\u00e1spora sigue de cerca cada historia que sale de la isla. Casos como el de Abraham Limonta refuerzan una percepci\u00f3n: cuando algo pasa dentro del\u00a0<strong>Servicio Militar en Cuba<\/strong>, casi nunca se esclarece del todo.<\/p>\n\n\n\n<hr class=\"wp-block-separator has-alpha-channel-opacity\"\/>\n\n\n\n\n\n<hr class=\"wp-block-separator has-alpha-channel-opacity\"\/>\n\n\n\n<h3 class=\"wp-block-heading\"><strong><a href=\"https:\/\/akmundovirtual.com\/#google_vignette\" type=\"link\" id=\"https:\/\/akmundovirtual.com\/#google_vignette\">AKubaa<\/a> lo dice claro: el problema no es solo el sistema, es la falta de responsabilidad<\/strong><\/h3>\n\n\n\n<p>Aqu\u00ed no estamos hablando solo de pol\u00edtica. Estamos hablando de vidas. Un sistema obligatorio que no respeta condiciones m\u00e9dicas, que limita la comunicaci\u00f3n familiar y que no responde cuando ocurre una tragedia\u2026 deja de ser defensa nacional y empieza a ser una carga peligrosa. Y mientras tanto, las sanciones para quienes no cumplen siguen siendo duras: multas, prisi\u00f3n, presi\u00f3n familiar. El mensaje es claro: tienes que ir\u2026 aunque no est\u00e9s listo.<\/p>\n\n\n\n<hr class=\"wp-block-separator has-alpha-channel-opacity\"\/>\n\n\n\n<h3 class=\"wp-block-heading\"><strong>La pregunta que nadie quiere responder<\/strong><\/h3>\n\n\n\n<p>Hoy no se trata solo de Dailier. Se trata de todos los que est\u00e1n ahora mismo en una unidad militar, lejos de su casa, aguantando en silencio. Porque en Cuba, muchas veces el problema no es lo que pasa\u2026 sino lo que nunca se explica. Y yo te pregunto, desde AKubaa, sin rodeos: <strong>\u00bfCu\u00e1ntas historias m\u00e1s tienen que pasar para que se cuestione de verdad el Servicio Militar en Cuba?<\/strong>.<\/p>\n\n\n\n<p>Te leo en los comentarios\u2026 porque esta conversaci\u00f3n no se puede apagar.<\/p>\n\n\n\n<hr class=\"wp-block-separator has-alpha-channel-opacity\"\/>\n\n\n\n<h2 class=\"wp-block-heading\">M\u00e1s en AKubaa<\/h2>\n\n\n<ul class=\"wp-block-latest-posts__list is-grid columns-3 wp-block-latest-posts\"><li><div class=\"wp-block-latest-posts__featured-image aligncenter\"><a href=\"https:\/\/akubaa.com\/index.php\/2026\/04\/21\/imaray-ulloa-de-influecer-a-ganadora-de-fisicoculturismo\/\" aria-label=\"Imaray Ulloa se sube a otra tarima: dos medallas, ocho meses de disciplina y una lecci\u00f3n que la di\u00e1spora entendi\u00f3 enseguida.\"><img loading=\"lazy\" decoding=\"async\" width=\"150\" height=\"150\" src=\"https:\/\/akubaa.com\/wp-content\/uploads\/2026\/04\/image-14-150x150.png\" class=\"attachment-thumbnail size-thumbnail wp-post-image\" alt=\"\" style=\"\" srcset=\"https:\/\/akubaa.com\/wp-content\/uploads\/2026\/04\/image-14-150x150.png 150w, https:\/\/akubaa.com\/wp-content\/uploads\/2026\/04\/image-14-300x300.png 300w, https:\/\/akubaa.com\/wp-content\/uploads\/2026\/04\/image-14-100x100.png 100w\" sizes=\"auto, (max-width: 150px) 100vw, 150px\" \/><\/a><\/div><a class=\"wp-block-latest-posts__post-title\" href=\"https:\/\/akubaa.com\/index.php\/2026\/04\/21\/imaray-ulloa-de-influecer-a-ganadora-de-fisicoculturismo\/\">Imaray Ulloa se sube a otra tarima: dos medallas, ocho meses de disciplina y una lecci\u00f3n que la di\u00e1spora entendi\u00f3 enseguida.<\/a><\/li>\n<li><div class=\"wp-block-latest-posts__featured-image aligncenter\"><a href=\"https:\/\/akubaa.com\/index.php\/2026\/04\/10\/horoscopo-del-10-de-abril-de-2026\/\" aria-label=\"Hor\u00f3scopo del 10 de abril de 2026: lo que el universo te quiere decir hoy (y lo que debes evitar a toda costa).\u00a0\"><img loading=\"lazy\" decoding=\"async\" width=\"150\" height=\"150\" src=\"https:\/\/akubaa.com\/wp-content\/uploads\/2026\/04\/image-13-150x150.png\" class=\"attachment-thumbnail size-thumbnail wp-post-image\" alt=\"\" style=\"\" srcset=\"https:\/\/akubaa.com\/wp-content\/uploads\/2026\/04\/image-13-150x150.png 150w, https:\/\/akubaa.com\/wp-content\/uploads\/2026\/04\/image-13-300x300.png 300w, https:\/\/akubaa.com\/wp-content\/uploads\/2026\/04\/image-13-100x100.png 100w\" sizes=\"auto, (max-width: 150px) 100vw, 150px\" \/><\/a><\/div><a class=\"wp-block-latest-posts__post-title\" href=\"https:\/\/akubaa.com\/index.php\/2026\/04\/10\/horoscopo-del-10-de-abril-de-2026\/\">Hor\u00f3scopo del 10 de abril de 2026: lo que el universo te quiere decir hoy (y lo que debes evitar a toda costa).\u00a0<\/a><\/li>\n<li><div class=\"wp-block-latest-posts__featured-image aligncenter\"><a href=\"https:\/\/akubaa.com\/index.php\/2026\/04\/09\/horoscopo-del-9-de-abril-de-2026\/\" aria-label=\"\ud83d\udd2e\u00a0Hor\u00f3scopo del 9 de abril de 2026: lo que viene no es casualidad\u2026 es destino (y t\u00fa lo vas a sentir hoy).\"><img loading=\"lazy\" decoding=\"async\" width=\"150\" height=\"150\" src=\"https:\/\/akubaa.com\/wp-content\/uploads\/2026\/04\/image-12-150x150.png\" class=\"attachment-thumbnail size-thumbnail wp-post-image\" alt=\"\" style=\"\" srcset=\"https:\/\/akubaa.com\/wp-content\/uploads\/2026\/04\/image-12-150x150.png 150w, https:\/\/akubaa.com\/wp-content\/uploads\/2026\/04\/image-12-300x300.png 300w, https:\/\/akubaa.com\/wp-content\/uploads\/2026\/04\/image-12-100x100.png 100w\" sizes=\"auto, (max-width: 150px) 100vw, 150px\" \/><\/a><\/div><a class=\"wp-block-latest-posts__post-title\" href=\"https:\/\/akubaa.com\/index.php\/2026\/04\/09\/horoscopo-del-9-de-abril-de-2026\/\">\ud83d\udd2e\u00a0Hor\u00f3scopo del 9 de abril de 2026: lo que viene no es casualidad\u2026 es destino (y t\u00fa lo vas a sentir hoy).<\/a><\/li>\n<li><div class=\"wp-block-latest-posts__featured-image aligncenter\"><a href=\"https:\/\/akubaa.com\/index.php\/2026\/04\/08\/horoscopo-del-8-de-abril-de-2026\/\" aria-label=\"\ud83d\udd2e\u00a0Hor\u00f3scopo del 8 de abril de 2026: lo que el destino no te est\u00e1 diciendo (y deber\u00edas escuchar hoy).\"><img loading=\"lazy\" decoding=\"async\" width=\"150\" height=\"150\" src=\"https:\/\/akubaa.com\/wp-content\/uploads\/2026\/04\/image-11-150x150.png\" class=\"attachment-thumbnail size-thumbnail wp-post-image\" alt=\"\" style=\"\" srcset=\"https:\/\/akubaa.com\/wp-content\/uploads\/2026\/04\/image-11-150x150.png 150w, https:\/\/akubaa.com\/wp-content\/uploads\/2026\/04\/image-11-300x300.png 300w, https:\/\/akubaa.com\/wp-content\/uploads\/2026\/04\/image-11-100x100.png 100w\" sizes=\"auto, (max-width: 150px) 100vw, 150px\" \/><\/a><\/div><a class=\"wp-block-latest-posts__post-title\" href=\"https:\/\/akubaa.com\/index.php\/2026\/04\/08\/horoscopo-del-8-de-abril-de-2026\/\">\ud83d\udd2e\u00a0Hor\u00f3scopo del 8 de abril de 2026: lo que el destino no te est\u00e1 diciendo (y deber\u00edas escuchar hoy).<\/a><\/li>\n<li><div class=\"wp-block-latest-posts__featured-image aligncenter\"><a href=\"https:\/\/akubaa.com\/index.php\/2026\/04\/07\/leoni-torres-y-el-b-convierten-cubano-en-un-grito-de-identidad-y-libertad\/\" aria-label=\"\u201cViva Cuba Libre\u201d: la canci\u00f3n que no es solo m\u00fasica\u2026 es un mensaje que ya no se puede callar.\"><img loading=\"lazy\" decoding=\"async\" width=\"150\" height=\"150\" src=\"https:\/\/akubaa.com\/wp-content\/uploads\/2026\/04\/image-10-150x150.png\" class=\"attachment-thumbnail size-thumbnail wp-post-image\" alt=\"\" style=\"\" srcset=\"https:\/\/akubaa.com\/wp-content\/uploads\/2026\/04\/image-10-150x150.png 150w, https:\/\/akubaa.com\/wp-content\/uploads\/2026\/04\/image-10-300x300.png 300w, https:\/\/akubaa.com\/wp-content\/uploads\/2026\/04\/image-10-100x100.png 100w\" sizes=\"auto, (max-width: 150px) 100vw, 150px\" \/><\/a><\/div><a class=\"wp-block-latest-posts__post-title\" href=\"https:\/\/akubaa.com\/index.php\/2026\/04\/07\/leoni-torres-y-el-b-convierten-cubano-en-un-grito-de-identidad-y-libertad\/\">\u201cViva Cuba Libre\u201d: la canci\u00f3n que no es solo m\u00fasica\u2026 es un mensaje que ya no se puede callar.<\/a><\/li>\n<li><div class=\"wp-block-latest-posts__featured-image aligncenter\"><a href=\"https:\/\/akubaa.com\/index.php\/2026\/04\/07\/horoscopo-del-7-de-abril-de-2026\/\" aria-label=\"\ud83d\udd2e\u00a0Hor\u00f3scopo del 7 de abril de 2026: lo que viene no avisa\u2026 pero s\u00ed se siente.\"><img loading=\"lazy\" decoding=\"async\" width=\"150\" height=\"150\" src=\"https:\/\/akubaa.com\/wp-content\/uploads\/2026\/04\/image-9-150x150.png\" class=\"attachment-thumbnail size-thumbnail wp-post-image\" alt=\"\" style=\"\" srcset=\"https:\/\/akubaa.com\/wp-content\/uploads\/2026\/04\/image-9-150x150.png 150w, https:\/\/akubaa.com\/wp-content\/uploads\/2026\/04\/image-9-300x300.png 300w, https:\/\/akubaa.com\/wp-content\/uploads\/2026\/04\/image-9-100x100.png 100w\" sizes=\"auto, (max-width: 150px) 100vw, 150px\" \/><\/a><\/div><a class=\"wp-block-latest-posts__post-title\" href=\"https:\/\/akubaa.com\/index.php\/2026\/04\/07\/horoscopo-del-7-de-abril-de-2026\/\">\ud83d\udd2e\u00a0Hor\u00f3scopo del 7 de abril de 2026: lo que viene no avisa\u2026 pero s\u00ed se siente.<\/a><\/li>\n<\/ul>","protected":false},"excerpt":{"rendered":"<p>Muere cubano de 19 a\u00f1os en el Servicio Militar en Cuba: una historia que duele y cuestiona Hay historias que no deber\u00edan contarse\u2026 pero se repiten. Y cuando se repiten, dejan de ser tragedias aisladas y empiezan a oler a sistema. Hoy hablo de\u00a0Dailier Rodr\u00edguez Tamayo, 19 a\u00f1os, un nombre m\u00e1s que se suma a [&hellip;]<\/p>\n","protected":false},"author":1,"featured_media":2877,"comment_status":"open","ping_status":"open","sticky":false,"template":"","format":"standard","meta":{"jetpack_post_was_ever_published":false,"_jetpack_newsletter_access":"","_jetpack_dont_email_post_to_subs":false,"_jetpack_newsletter_tier_id":0,"_jetpack_memberships_contains_paywalled_content":false,"_jetpack_memberships_contains_paid_content":false,"footnotes":"","jetpack_publicize_message":"","jetpack_publicize_feature_enabled":true,"jetpack_social_post_already_shared":true,"jetpack_social_options":{"image_generator_settings":{"template":"highway","default_image_id":0,"font":"","enabled":false},"version":2}},"categories":[4],"tags":[],"class_list":["post-2875","post","type-post","status-publish","format-standard","has-post-thumbnail","hentry","category-noticias-y-actualidad"],"yoast_head":"<!-- This site is optimized with the Yoast SEO plugin v27.5 - https:\/\/yoast.com\/product\/yoast-seo-wordpress\/ -->\n<title>Muere cubano de 19 a\u00f1os en el Servicio Militar en Cuba. - AKubaa<\/title>\n<meta name=\"description\" content=\"Muere cubano de 19 a\u00f1os en el Servicio Militar en Cuba: una historia que duele y cuestiona .\u00bferror\u2026 o negligencia?.\" \/>\n<meta name=\"robots\" content=\"index, follow, max-snippet:-1, max-image-preview:large, max-video-preview:-1\" \/>\n<link rel=\"canonical\" href=\"https:\/\/akubaa.com\/index.php\/2026\/03\/26\/muere-joven-cubano-de-19-anos-en-el-servicio-militar-en-cuba\/\" \/>\n<meta property=\"og:locale\" content=\"es_ES\" \/>\n<meta property=\"og:type\" content=\"article\" \/>\n<meta property=\"og:title\" content=\"Muere cubano de 19 a\u00f1os en el Servicio Militar en Cuba. - AKubaa\" \/>\n<meta property=\"og:description\" content=\"Muere cubano de 19 a\u00f1os en el Servicio Militar en Cuba: una historia que duele y cuestiona .\u00bferror\u2026 o negligencia?.\" \/>\n<meta property=\"og:url\" content=\"https:\/\/akubaa.com\/index.php\/2026\/03\/26\/muere-joven-cubano-de-19-anos-en-el-servicio-militar-en-cuba\/\" \/>\n<meta property=\"og:site_name\" content=\"AKubaa\" \/>\n<meta property=\"article:publisher\" content=\"https:\/\/www.facebook.com\/akubaa\" \/>\n<meta property=\"article:author\" content=\"https:\/\/www.facebook.com\/akubaa\" \/>\n<meta property=\"article:published_time\" content=\"2026-03-26T13:00:00+00:00\" \/>\n<meta property=\"og:image\" content=\"https:\/\/akubaa.com\/wp-content\/uploads\/2026\/03\/image-56.png\" \/>\n\t<meta property=\"og:image:width\" content=\"1600\" \/>\n\t<meta property=\"og:image:height\" content=\"900\" \/>\n\t<meta property=\"og:image:type\" content=\"image\/png\" \/>\n<meta name=\"author\" content=\"AKubaa\" \/>\n<meta name=\"twitter:card\" content=\"summary_large_image\" \/>\n<meta name=\"twitter:label1\" content=\"Escrito por\" \/>\n\t<meta name=\"twitter:data1\" content=\"AKubaa\" \/>\n\t<meta name=\"twitter:label2\" content=\"Tiempo de lectura\" \/>\n\t<meta name=\"twitter:data2\" content=\"4 minutos\" \/>\n<script type=\"application\/ld+json\" class=\"yoast-schema-graph\">{\"@context\":\"https:\\\/\\\/schema.org\",\"@graph\":[{\"@type\":\"Article\",\"@id\":\"https:\\\/\\\/akubaa.com\\\/index.php\\\/2026\\\/03\\\/26\\\/muere-joven-cubano-de-19-anos-en-el-servicio-militar-en-cuba\\\/#article\",\"isPartOf\":{\"@id\":\"https:\\\/\\\/akubaa.com\\\/index.php\\\/2026\\\/03\\\/26\\\/muere-joven-cubano-de-19-anos-en-el-servicio-militar-en-cuba\\\/\"},\"author\":{\"name\":\"AKubaa\",\"@id\":\"https:\\\/\\\/akubaa.com\\\/#\\\/schema\\\/person\\\/b096b63c1ad27204e55fabb2cf2153a5\"},\"headline\":\"\u201cTen\u00eda 19 a\u00f1os\u2026 y no volvi\u00f3\u201d: la historia que vuelve a poner en la mira el Servicio Militar en Cuba.\",\"datePublished\":\"2026-03-26T13:00:00+00:00\",\"mainEntityOfPage\":{\"@id\":\"https:\\\/\\\/akubaa.com\\\/index.php\\\/2026\\\/03\\\/26\\\/muere-joven-cubano-de-19-anos-en-el-servicio-militar-en-cuba\\\/\"},\"wordCount\":724,\"commentCount\":0,\"publisher\":{\"@id\":\"https:\\\/\\\/akubaa.com\\\/#\\\/schema\\\/person\\\/b096b63c1ad27204e55fabb2cf2153a5\"},\"image\":{\"@id\":\"https:\\\/\\\/akubaa.com\\\/index.php\\\/2026\\\/03\\\/26\\\/muere-joven-cubano-de-19-anos-en-el-servicio-militar-en-cuba\\\/#primaryimage\"},\"thumbnailUrl\":\"https:\\\/\\\/akubaa.com\\\/wp-content\\\/uploads\\\/2026\\\/03\\\/image-56.png\",\"articleSection\":[\"Noticias y Actualidad\"],\"inLanguage\":\"es\",\"potentialAction\":[{\"@type\":\"CommentAction\",\"name\":\"Comment\",\"target\":[\"https:\\\/\\\/akubaa.com\\\/index.php\\\/2026\\\/03\\\/26\\\/muere-joven-cubano-de-19-anos-en-el-servicio-militar-en-cuba\\\/#respond\"]}]},{\"@type\":\"WebPage\",\"@id\":\"https:\\\/\\\/akubaa.com\\\/index.php\\\/2026\\\/03\\\/26\\\/muere-joven-cubano-de-19-anos-en-el-servicio-militar-en-cuba\\\/\",\"url\":\"https:\\\/\\\/akubaa.com\\\/index.php\\\/2026\\\/03\\\/26\\\/muere-joven-cubano-de-19-anos-en-el-servicio-militar-en-cuba\\\/\",\"name\":\"Muere cubano de 19 a\u00f1os en el Servicio Militar en Cuba. - AKubaa\",\"isPartOf\":{\"@id\":\"https:\\\/\\\/akubaa.com\\\/#website\"},\"primaryImageOfPage\":{\"@id\":\"https:\\\/\\\/akubaa.com\\\/index.php\\\/2026\\\/03\\\/26\\\/muere-joven-cubano-de-19-anos-en-el-servicio-militar-en-cuba\\\/#primaryimage\"},\"image\":{\"@id\":\"https:\\\/\\\/akubaa.com\\\/index.php\\\/2026\\\/03\\\/26\\\/muere-joven-cubano-de-19-anos-en-el-servicio-militar-en-cuba\\\/#primaryimage\"},\"thumbnailUrl\":\"https:\\\/\\\/akubaa.com\\\/wp-content\\\/uploads\\\/2026\\\/03\\\/image-56.png\",\"datePublished\":\"2026-03-26T13:00:00+00:00\",\"description\":\"Muere cubano de 19 a\u00f1os en el Servicio Militar en Cuba: una historia que duele y cuestiona .\u00bferror\u2026 o negligencia?.\",\"breadcrumb\":{\"@id\":\"https:\\\/\\\/akubaa.com\\\/index.php\\\/2026\\\/03\\\/26\\\/muere-joven-cubano-de-19-anos-en-el-servicio-militar-en-cuba\\\/#breadcrumb\"},\"inLanguage\":\"es\",\"potentialAction\":[{\"@type\":\"ReadAction\",\"target\":[\"https:\\\/\\\/akubaa.com\\\/index.php\\\/2026\\\/03\\\/26\\\/muere-joven-cubano-de-19-anos-en-el-servicio-militar-en-cuba\\\/\"]}]},{\"@type\":\"ImageObject\",\"inLanguage\":\"es\",\"@id\":\"https:\\\/\\\/akubaa.com\\\/index.php\\\/2026\\\/03\\\/26\\\/muere-joven-cubano-de-19-anos-en-el-servicio-militar-en-cuba\\\/#primaryimage\",\"url\":\"https:\\\/\\\/akubaa.com\\\/wp-content\\\/uploads\\\/2026\\\/03\\\/image-56.png\",\"contentUrl\":\"https:\\\/\\\/akubaa.com\\\/wp-content\\\/uploads\\\/2026\\\/03\\\/image-56.png\",\"width\":1600,\"height\":900},{\"@type\":\"BreadcrumbList\",\"@id\":\"https:\\\/\\\/akubaa.com\\\/index.php\\\/2026\\\/03\\\/26\\\/muere-joven-cubano-de-19-anos-en-el-servicio-militar-en-cuba\\\/#breadcrumb\",\"itemListElement\":[{\"@type\":\"ListItem\",\"position\":1,\"name\":\"Portada\",\"item\":\"https:\\\/\\\/akubaa.com\\\/\"},{\"@type\":\"ListItem\",\"position\":2,\"name\":\"\u201cTen\u00eda 19 a\u00f1os\u2026 y no volvi\u00f3\u201d: la historia que vuelve a poner en la mira el Servicio Militar en Cuba.\"}]},{\"@type\":\"WebSite\",\"@id\":\"https:\\\/\\\/akubaa.com\\\/#website\",\"url\":\"https:\\\/\\\/akubaa.com\\\/\",\"name\":\"AKubaa\",\"description\":\"Vive ,conoce y disfruta Cuba al estilo de A&amp;K.\",\"publisher\":{\"@id\":\"https:\\\/\\\/akubaa.com\\\/#\\\/schema\\\/person\\\/b096b63c1ad27204e55fabb2cf2153a5\"},\"potentialAction\":[{\"@type\":\"SearchAction\",\"target\":{\"@type\":\"EntryPoint\",\"urlTemplate\":\"https:\\\/\\\/akubaa.com\\\/?s={search_term_string}\"},\"query-input\":{\"@type\":\"PropertyValueSpecification\",\"valueRequired\":true,\"valueName\":\"search_term_string\"}}],\"inLanguage\":\"es\"},{\"@type\":[\"Person\",\"Organization\"],\"@id\":\"https:\\\/\\\/akubaa.com\\\/#\\\/schema\\\/person\\\/b096b63c1ad27204e55fabb2cf2153a5\",\"name\":\"AKubaa\",\"image\":{\"@type\":\"ImageObject\",\"inLanguage\":\"es\",\"@id\":\"https:\\\/\\\/akubaa.com\\\/wp-content\\\/uploads\\\/2025\\\/08\\\/Imagen-17.jpeg\",\"url\":\"https:\\\/\\\/akubaa.com\\\/wp-content\\\/uploads\\\/2025\\\/08\\\/Imagen-17.jpeg\",\"contentUrl\":\"https:\\\/\\\/akubaa.com\\\/wp-content\\\/uploads\\\/2025\\\/08\\\/Imagen-17.jpeg\",\"width\":1024,\"height\":1024,\"caption\":\"AKubaa\"},\"logo\":{\"@id\":\"https:\\\/\\\/akubaa.com\\\/wp-content\\\/uploads\\\/2025\\\/08\\\/Imagen-17.jpeg\"},\"sameAs\":[\"https:\\\/\\\/akubaa.com\",\"https:\\\/\\\/www.facebook.com\\\/akubaa\",\"https:\\\/\\\/www.instagram.com\\\/akubaa?\"],\"url\":\"https:\\\/\\\/akubaa.com\\\/index.php\\\/profile\\\/admin\\\/\"}]}<\/script>\n<!-- \/ Yoast SEO plugin. -->","yoast_head_json":{"title":"Muere cubano de 19 a\u00f1os en el Servicio Militar en Cuba. - AKubaa","description":"Muere cubano de 19 a\u00f1os en el Servicio Militar en Cuba: una historia que duele y cuestiona .\u00bferror\u2026 o negligencia?.","robots":{"index":"index","follow":"follow","max-snippet":"max-snippet:-1","max-image-preview":"max-image-preview:large","max-video-preview":"max-video-preview:-1"},"canonical":"https:\/\/akubaa.com\/index.php\/2026\/03\/26\/muere-joven-cubano-de-19-anos-en-el-servicio-militar-en-cuba\/","og_locale":"es_ES","og_type":"article","og_title":"Muere cubano de 19 a\u00f1os en el Servicio Militar en Cuba. - AKubaa","og_description":"Muere cubano de 19 a\u00f1os en el Servicio Militar en Cuba: una historia que duele y cuestiona .\u00bferror\u2026 o negligencia?.","og_url":"https:\/\/akubaa.com\/index.php\/2026\/03\/26\/muere-joven-cubano-de-19-anos-en-el-servicio-militar-en-cuba\/","og_site_name":"AKubaa","article_publisher":"https:\/\/www.facebook.com\/akubaa","article_author":"https:\/\/www.facebook.com\/akubaa","article_published_time":"2026-03-26T13:00:00+00:00","og_image":[{"width":1600,"height":900,"url":"https:\/\/akubaa.com\/wp-content\/uploads\/2026\/03\/image-56.png","type":"image\/png"}],"author":"AKubaa","twitter_card":"summary_large_image","twitter_misc":{"Escrito por":"AKubaa","Tiempo de lectura":"4 minutos"},"schema":{"@context":"https:\/\/schema.org","@graph":[{"@type":"Article","@id":"https:\/\/akubaa.com\/index.php\/2026\/03\/26\/muere-joven-cubano-de-19-anos-en-el-servicio-militar-en-cuba\/#article","isPartOf":{"@id":"https:\/\/akubaa.com\/index.php\/2026\/03\/26\/muere-joven-cubano-de-19-anos-en-el-servicio-militar-en-cuba\/"},"author":{"name":"AKubaa","@id":"https:\/\/akubaa.com\/#\/schema\/person\/b096b63c1ad27204e55fabb2cf2153a5"},"headline":"\u201cTen\u00eda 19 a\u00f1os\u2026 y no volvi\u00f3\u201d: la historia que vuelve a poner en la mira el Servicio Militar en Cuba.","datePublished":"2026-03-26T13:00:00+00:00","mainEntityOfPage":{"@id":"https:\/\/akubaa.com\/index.php\/2026\/03\/26\/muere-joven-cubano-de-19-anos-en-el-servicio-militar-en-cuba\/"},"wordCount":724,"commentCount":0,"publisher":{"@id":"https:\/\/akubaa.com\/#\/schema\/person\/b096b63c1ad27204e55fabb2cf2153a5"},"image":{"@id":"https:\/\/akubaa.com\/index.php\/2026\/03\/26\/muere-joven-cubano-de-19-anos-en-el-servicio-militar-en-cuba\/#primaryimage"},"thumbnailUrl":"https:\/\/akubaa.com\/wp-content\/uploads\/2026\/03\/image-56.png","articleSection":["Noticias y Actualidad"],"inLanguage":"es","potentialAction":[{"@type":"CommentAction","name":"Comment","target":["https:\/\/akubaa.com\/index.php\/2026\/03\/26\/muere-joven-cubano-de-19-anos-en-el-servicio-militar-en-cuba\/#respond"]}]},{"@type":"WebPage","@id":"https:\/\/akubaa.com\/index.php\/2026\/03\/26\/muere-joven-cubano-de-19-anos-en-el-servicio-militar-en-cuba\/","url":"https:\/\/akubaa.com\/index.php\/2026\/03\/26\/muere-joven-cubano-de-19-anos-en-el-servicio-militar-en-cuba\/","name":"Muere cubano de 19 a\u00f1os en el Servicio Militar en Cuba. - AKubaa","isPartOf":{"@id":"https:\/\/akubaa.com\/#website"},"primaryImageOfPage":{"@id":"https:\/\/akubaa.com\/index.php\/2026\/03\/26\/muere-joven-cubano-de-19-anos-en-el-servicio-militar-en-cuba\/#primaryimage"},"image":{"@id":"https:\/\/akubaa.com\/index.php\/2026\/03\/26\/muere-joven-cubano-de-19-anos-en-el-servicio-militar-en-cuba\/#primaryimage"},"thumbnailUrl":"https:\/\/akubaa.com\/wp-content\/uploads\/2026\/03\/image-56.png","datePublished":"2026-03-26T13:00:00+00:00","description":"Muere cubano de 19 a\u00f1os en el Servicio Militar en Cuba: una historia que duele y cuestiona .\u00bferror\u2026 o negligencia?.","breadcrumb":{"@id":"https:\/\/akubaa.com\/index.php\/2026\/03\/26\/muere-joven-cubano-de-19-anos-en-el-servicio-militar-en-cuba\/#breadcrumb"},"inLanguage":"es","potentialAction":[{"@type":"ReadAction","target":["https:\/\/akubaa.com\/index.php\/2026\/03\/26\/muere-joven-cubano-de-19-anos-en-el-servicio-militar-en-cuba\/"]}]},{"@type":"ImageObject","inLanguage":"es","@id":"https:\/\/akubaa.com\/index.php\/2026\/03\/26\/muere-joven-cubano-de-19-anos-en-el-servicio-militar-en-cuba\/#primaryimage","url":"https:\/\/akubaa.com\/wp-content\/uploads\/2026\/03\/image-56.png","contentUrl":"https:\/\/akubaa.com\/wp-content\/uploads\/2026\/03\/image-56.png","width":1600,"height":900},{"@type":"BreadcrumbList","@id":"https:\/\/akubaa.com\/index.php\/2026\/03\/26\/muere-joven-cubano-de-19-anos-en-el-servicio-militar-en-cuba\/#breadcrumb","itemListElement":[{"@type":"ListItem","position":1,"name":"Portada","item":"https:\/\/akubaa.com\/"},{"@type":"ListItem","position":2,"name":"\u201cTen\u00eda 19 a\u00f1os\u2026 y no volvi\u00f3\u201d: la historia que vuelve a poner en la mira el Servicio Militar en Cuba."}]},{"@type":"WebSite","@id":"https:\/\/akubaa.com\/#website","url":"https:\/\/akubaa.com\/","name":"AKubaa","description":"Vive ,conoce y disfruta Cuba al estilo de A&amp;K.","publisher":{"@id":"https:\/\/akubaa.com\/#\/schema\/person\/b096b63c1ad27204e55fabb2cf2153a5"},"potentialAction":[{"@type":"SearchAction","target":{"@type":"EntryPoint","urlTemplate":"https:\/\/akubaa.com\/?s={search_term_string}"},"query-input":{"@type":"PropertyValueSpecification","valueRequired":true,"valueName":"search_term_string"}}],"inLanguage":"es"},{"@type":["Person","Organization"],"@id":"https:\/\/akubaa.com\/#\/schema\/person\/b096b63c1ad27204e55fabb2cf2153a5","name":"AKubaa","image":{"@type":"ImageObject","inLanguage":"es","@id":"https:\/\/akubaa.com\/wp-content\/uploads\/2025\/08\/Imagen-17.jpeg","url":"https:\/\/akubaa.com\/wp-content\/uploads\/2025\/08\/Imagen-17.jpeg","contentUrl":"https:\/\/akubaa.com\/wp-content\/uploads\/2025\/08\/Imagen-17.jpeg","width":1024,"height":1024,"caption":"AKubaa"},"logo":{"@id":"https:\/\/akubaa.com\/wp-content\/uploads\/2025\/08\/Imagen-17.jpeg"},"sameAs":["https:\/\/akubaa.com","https:\/\/www.facebook.com\/akubaa","https:\/\/www.instagram.com\/akubaa?"],"url":"https:\/\/akubaa.com\/index.php\/profile\/admin\/"}]}},"jetpack_publicize_connections":[],"jetpack_featured_media_url":"https:\/\/akubaa.com\/wp-content\/uploads\/2026\/03\/image-56.png","jetpack_sharing_enabled":true,"jetpack_likes_enabled":true,"jetpack-related-posts":[{"id":2914,"url":"https:\/\/akubaa.com\/index.php\/2026\/03\/28\/intervencion-militar-en-cuba\/","url_meta":{"origin":2875,"position":0},"title":"\u201c\u00bfGuerra o pol\u00edtica?\u201d: La propuesta que busca frenar una intervenci\u00f3n militar de Trump en Cuba sacude Washington.","author":"AKubaa","date":"03\/28\/2026","format":false,"excerpt":"Hay momentos en que la pol\u00edtica deja de ser un discurso lejano y se convierte en algo que uno siente en el pecho. Esta semana fue uno de esos momentos. Mientras en Cuba la gente sigue resolviendo el d\u00eda a d\u00eda entre apagones, colas y paciencia infinita, en Washington se\u2026","rel":"","context":"En \u00abNoticias y Actualidad\u00bb","block_context":{"text":"Noticias y Actualidad","link":"https:\/\/akubaa.com\/index.php\/category\/noticias-y-actualidad\/"},"img":{"alt_text":"","src":"https:\/\/i0.wp.com\/akubaa.com\/wp-content\/uploads\/2026\/03\/image-75.png?resize=350%2C200&ssl=1","width":350,"height":200,"srcset":"https:\/\/i0.wp.com\/akubaa.com\/wp-content\/uploads\/2026\/03\/image-75.png?resize=350%2C200&ssl=1 1x, https:\/\/i0.wp.com\/akubaa.com\/wp-content\/uploads\/2026\/03\/image-75.png?resize=525%2C300&ssl=1 1.5x, https:\/\/i0.wp.com\/akubaa.com\/wp-content\/uploads\/2026\/03\/image-75.png?resize=700%2C400&ssl=1 2x, https:\/\/i0.wp.com\/akubaa.com\/wp-content\/uploads\/2026\/03\/image-75.png?resize=1050%2C600&ssl=1 3x, https:\/\/i0.wp.com\/akubaa.com\/wp-content\/uploads\/2026\/03\/image-75.png?resize=1400%2C800&ssl=1 4x"},"classes":[]},{"id":2775,"url":"https:\/\/akubaa.com\/index.php\/2026\/03\/19\/quien-va-a-sustituir-a-diaz-canel\/","url_meta":{"origin":2875,"position":1},"title":"\u00bfEl fin de D\u00edaz-Canel?. Estos son los nombres que ya suenan en los pasillos del poder en Cuba.","author":"AKubaa","date":"03\/19\/2026","format":false,"excerpt":"Hay momentos en los que uno siente que algo se est\u00e1 moviendo\u2026 aunque nadie lo diga oficialmente. Y hoy, desde Miami hasta La Habana, pasando por Hialeah, Tampa y hasta Madrid, la pregunta se repite en voz baja \u2014y a veces a gritos\u2014:\u00a0\u00bfqui\u00e9n va a sustituir a D\u00edaz-Canel?. Porque seamos\u2026","rel":"","context":"En \u00abNoticias y Actualidad\u00bb","block_context":{"text":"Noticias y Actualidad","link":"https:\/\/akubaa.com\/index.php\/category\/noticias-y-actualidad\/"},"img":{"alt_text":"","src":"https:\/\/i0.wp.com\/akubaa.com\/wp-content\/uploads\/2026\/03\/image-13.png?resize=350%2C200&ssl=1","width":350,"height":200,"srcset":"https:\/\/i0.wp.com\/akubaa.com\/wp-content\/uploads\/2026\/03\/image-13.png?resize=350%2C200&ssl=1 1x, https:\/\/i0.wp.com\/akubaa.com\/wp-content\/uploads\/2026\/03\/image-13.png?resize=525%2C300&ssl=1 1.5x, https:\/\/i0.wp.com\/akubaa.com\/wp-content\/uploads\/2026\/03\/image-13.png?resize=700%2C400&ssl=1 2x, https:\/\/i0.wp.com\/akubaa.com\/wp-content\/uploads\/2026\/03\/image-13.png?resize=1050%2C600&ssl=1 3x, https:\/\/i0.wp.com\/akubaa.com\/wp-content\/uploads\/2026\/03\/image-13.png?resize=1400%2C800&ssl=1 4x"},"classes":[]},{"id":2755,"url":"https:\/\/akubaa.com\/index.php\/2026\/03\/16\/trump-que-volvio-a-encender-el-debate-sobre-el-futuro-de-la-isla\/","url_meta":{"origin":2875,"position":2},"title":"\u201cTendr\u00e9 el honor de tomar Cuba\u201d: la frase de Trump que volvi\u00f3 a encender el debate sobre el futuro de la Isla.","author":"AKubaa","date":"03\/16\/2026","format":false,"excerpt":"Hay frases que caen como una chispa sobre un tanque de gasolina. Y en el caso de\u00a0Cuba, donde la realidad ya est\u00e1 cargada de tensiones, apagones y desesperanza, las palabras del presidente de Estados Unidos,\u00a0Donald Trump, no pasaron desapercibidas. Desde el\u00a0Despacho Oval, el mandatario lanz\u00f3 una declaraci\u00f3n que, para muchos\u2026","rel":"","context":"En \u00abNoticias y Actualidad\u00bb","block_context":{"text":"Noticias y Actualidad","link":"https:\/\/akubaa.com\/index.php\/category\/noticias-y-actualidad\/"},"img":{"alt_text":"","src":"https:\/\/i0.wp.com\/akubaa.com\/wp-content\/uploads\/2026\/03\/Imagen-55.jpeg?resize=350%2C200&ssl=1","width":350,"height":200,"srcset":"https:\/\/i0.wp.com\/akubaa.com\/wp-content\/uploads\/2026\/03\/Imagen-55.jpeg?resize=350%2C200&ssl=1 1x, https:\/\/i0.wp.com\/akubaa.com\/wp-content\/uploads\/2026\/03\/Imagen-55.jpeg?resize=525%2C300&ssl=1 1.5x, https:\/\/i0.wp.com\/akubaa.com\/wp-content\/uploads\/2026\/03\/Imagen-55.jpeg?resize=700%2C400&ssl=1 2x, https:\/\/i0.wp.com\/akubaa.com\/wp-content\/uploads\/2026\/03\/Imagen-55.jpeg?resize=1050%2C600&ssl=1 3x, https:\/\/i0.wp.com\/akubaa.com\/wp-content\/uploads\/2026\/03\/Imagen-55.jpeg?resize=1400%2C800&ssl=1 4x"},"classes":[]},{"id":2825,"url":"https:\/\/akubaa.com\/index.php\/2026\/03\/24\/trump-y-cuba-cuando-la-amenaza-deja-de-sonar-lejana\/","url_meta":{"origin":2875,"position":3},"title":"Trump y Cuba: cuando la amenaza deja de sonar lejana.","author":"AKubaa","date":"03\/24\/2026","format":false,"excerpt":"Lo que m\u00e1s me inquieta de esta historia no es solo que\u00a0Trump eval\u00faa una acci\u00f3n militar en Cuba, sino la velocidad con la que una crisis puede pasar del rumor de pasillo al miedo real en la mesa de una familia cubana. The Atlantic public\u00f3 el 22 de marzo un\u2026","rel":"","context":"En \u00abNoticias y Actualidad\u00bb","block_context":{"text":"Noticias y Actualidad","link":"https:\/\/akubaa.com\/index.php\/category\/noticias-y-actualidad\/"},"img":{"alt_text":"","src":"https:\/\/i0.wp.com\/akubaa.com\/wp-content\/uploads\/2026\/03\/image-35.png?resize=350%2C200&ssl=1","width":350,"height":200,"srcset":"https:\/\/i0.wp.com\/akubaa.com\/wp-content\/uploads\/2026\/03\/image-35.png?resize=350%2C200&ssl=1 1x, https:\/\/i0.wp.com\/akubaa.com\/wp-content\/uploads\/2026\/03\/image-35.png?resize=525%2C300&ssl=1 1.5x, https:\/\/i0.wp.com\/akubaa.com\/wp-content\/uploads\/2026\/03\/image-35.png?resize=700%2C400&ssl=1 2x, https:\/\/i0.wp.com\/akubaa.com\/wp-content\/uploads\/2026\/03\/image-35.png?resize=1050%2C600&ssl=1 3x, https:\/\/i0.wp.com\/akubaa.com\/wp-content\/uploads\/2026\/03\/image-35.png?resize=1400%2C800&ssl=1 4x"},"classes":[]},{"id":2694,"url":"https:\/\/akubaa.com\/index.php\/2026\/03\/06\/roberto-alvarez-fallecio\/","url_meta":{"origin":2875,"position":4},"title":"Otro nombre en la lista: el quinto cubano que muere tras el tiroteo frente a Villa Clara y las preguntas que nadie logra responder.","author":"AKubaa","date":"03\/06\/2026","format":false,"excerpt":"A veces las noticias sobre Cuba llegan como un golpe seco. Sin aviso. Sin contexto suficiente. Solo un nombre m\u00e1s en una lista que crece. Esta vez el nombre es\u00a0Roberto \u00c1lvarez \u00c1vila, un cubanoamericano de\u00a034 a\u00f1os, padre de\u00a0tres hijas, que seg\u00fan confirm\u00f3 su familia a\u00a0Mart\u00ed Noticias, falleci\u00f3 mientras estaba bajo\u2026","rel":"","context":"En \u00abNoticias y Actualidad\u00bb","block_context":{"text":"Noticias y Actualidad","link":"https:\/\/akubaa.com\/index.php\/category\/noticias-y-actualidad\/"},"img":{"alt_text":"","src":"https:\/\/i0.wp.com\/akubaa.com\/wp-content\/uploads\/2026\/03\/Imagen-254.jpeg?resize=350%2C200&ssl=1","width":350,"height":200,"srcset":"https:\/\/i0.wp.com\/akubaa.com\/wp-content\/uploads\/2026\/03\/Imagen-254.jpeg?resize=350%2C200&ssl=1 1x, https:\/\/i0.wp.com\/akubaa.com\/wp-content\/uploads\/2026\/03\/Imagen-254.jpeg?resize=525%2C300&ssl=1 1.5x, https:\/\/i0.wp.com\/akubaa.com\/wp-content\/uploads\/2026\/03\/Imagen-254.jpeg?resize=700%2C400&ssl=1 2x"},"classes":[]},{"id":392,"url":"https:\/\/akubaa.com\/index.php\/2025\/06\/10\/cuando-tu-mama-esta-en-miami-y-tu-en-cuba-el-dia-que-la-ley-rompio-miles-de-corazones\/","url_meta":{"origin":2875,"position":5},"title":"Cuando tu mam\u00e1 est\u00e1 en Miami y t\u00fa en Cuba: el d\u00eda que la ley rompi\u00f3 miles de corazones","author":"Aliana Rodriguez","date":"06\/10\/2025","format":false,"excerpt":"Lo que para muchos fue una noticia de rutina, para miles de familias cubanas fue el fin de un sue\u00f1o. El 9 de junio de 2025 entr\u00f3 en vigor una nueva orden ejecutiva del presidente Donald Trump que afecta directamente las\u00a0peticiones de reuni\u00f3n familiar\u00a0para cubanos. Y si no lo sab\u00edas,\u2026","rel":"","context":"En \u00abSociedad y Derechos Humanos\u00bb","block_context":{"text":"Sociedad y Derechos Humanos","link":"https:\/\/akubaa.com\/index.php\/category\/sociedad-y-derechos-humanos\/"},"img":{"alt_text":"","src":"https:\/\/i0.wp.com\/akubaa.com\/wp-content\/uploads\/2025\/06\/image-9.png?resize=350%2C200&ssl=1","width":350,"height":200,"srcset":"https:\/\/i0.wp.com\/akubaa.com\/wp-content\/uploads\/2025\/06\/image-9.png?resize=350%2C200&ssl=1 1x, https:\/\/i0.wp.com\/akubaa.com\/wp-content\/uploads\/2025\/06\/image-9.png?resize=525%2C300&ssl=1 1.5x, https:\/\/i0.wp.com\/akubaa.com\/wp-content\/uploads\/2025\/06\/image-9.png?resize=700%2C400&ssl=1 2x, https:\/\/i0.wp.com\/akubaa.com\/wp-content\/uploads\/2025\/06\/image-9.png?resize=1050%2C600&ssl=1 3x, https:\/\/i0.wp.com\/akubaa.com\/wp-content\/uploads\/2025\/06\/image-9.png?resize=1400%2C800&ssl=1 4x"},"classes":[]}],"jetpack_shortlink":"https:\/\/wp.me\/pgrKo3-Kn","_links":{"self":[{"href":"https:\/\/akubaa.com\/index.php\/wp-json\/wp\/v2\/posts\/2875","targetHints":{"allow":["GET"]}}],"collection":[{"href":"https:\/\/akubaa.com\/index.php\/wp-json\/wp\/v2\/posts"}],"about":[{"href":"https:\/\/akubaa.com\/index.php\/wp-json\/wp\/v2\/types\/post"}],"author":[{"embeddable":true,"href":"https:\/\/akubaa.com\/index.php\/wp-json\/wp\/v2\/users\/1"}],"replies":[{"embeddable":true,"href":"https:\/\/akubaa.com\/index.php\/wp-json\/wp\/v2\/comments?post=2875"}],"version-history":[{"count":0,"href":"https:\/\/akubaa.com\/index.php\/wp-json\/wp\/v2\/posts\/2875\/revisions"}],"wp:featuredmedia":[{"embeddable":true,"href":"https:\/\/akubaa.com\/index.php\/wp-json\/wp\/v2\/media\/2877"}],"wp:attachment":[{"href":"https:\/\/akubaa.com\/index.php\/wp-json\/wp\/v2\/media?parent=2875"}],"wp:term":[{"taxonomy":"category","embeddable":true,"href":"https:\/\/akubaa.com\/index.php\/wp-json\/wp\/v2\/categories?post=2875"},{"taxonomy":"post_tag","embeddable":true,"href":"https:\/\/akubaa.com\/index.php\/wp-json\/wp\/v2\/tags?post=2875"}],"curies":[{"name":"wp","href":"https:\/\/api.w.org\/{rel}","templated":true}]}}