{"id":2853,"date":"2026-03-25T17:00:00","date_gmt":"2026-03-25T21:00:00","guid":{"rendered":"https:\/\/akubaa.com\/?p=2853"},"modified":"2026-03-25T18:03:32","modified_gmt":"2026-03-25T22:03:32","slug":"granma-2-0","status":"publish","type":"post","link":"https:\/\/akubaa.com\/index.php\/2026\/03\/25\/granma-2-0\/","title":{"rendered":"\u201cGranma 2.0\u201d: la ayuda que lleg\u00f3 a Cuba\u2026 pero no como t\u00fa crees."},"content":{"rendered":"\n<p>Yo estaba leyendo la noticia y, te soy sincera, sent\u00ed esa mezcla rara entre esperanza y sospecha que solo los cubanos entendemos. Porque s\u00ed, el llamado&nbsp;<strong>\u201cGranma 2.0\u201d<\/strong>&nbsp;lleg\u00f3 a Cuba con&nbsp;<strong>ayuda humanitaria<\/strong>, pero la verdadera pregunta no es qu\u00e9 trajo\u2026 sino&nbsp;<strong>para qui\u00e9n realmente vino esa ayuda<\/strong>.<\/p>\n\n\n\n<hr class=\"wp-block-separator has-alpha-channel-opacity\"\/>\n\n\n\n<div class=\"wp-block-media-text is-stacked-on-mobile\"><figure class=\"wp-block-media-text__media\"><img loading=\"lazy\" decoding=\"async\" width=\"1024\" height=\"683\" src=\"https:\/\/akubaa.com\/wp-content\/uploads\/2026\/02\/Imagen-222-1024x683.jpeg\" alt=\"\" class=\"wp-image-2608 size-full\" srcset=\"https:\/\/akubaa.com\/wp-content\/uploads\/2026\/02\/Imagen-222-1024x683.jpeg 1024w, https:\/\/akubaa.com\/wp-content\/uploads\/2026\/02\/Imagen-222-300x200.jpeg 300w, https:\/\/akubaa.com\/wp-content\/uploads\/2026\/02\/Imagen-222-768x512.jpeg 768w, https:\/\/akubaa.com\/wp-content\/uploads\/2026\/02\/Imagen-222-1320x880.jpeg 1320w, https:\/\/akubaa.com\/wp-content\/uploads\/2026\/02\/Imagen-222-600x400.jpeg 600w, https:\/\/akubaa.com\/wp-content\/uploads\/2026\/02\/Imagen-222.jpeg 1536w\" sizes=\"auto, (max-width: 1024px) 100vw, 1024px\" \/><\/figure><div class=\"wp-block-media-text__content\">\n<p>Colorear no es un juego: es desarrollo f\u00edsico, social y emocional. Cuando un ni\u00f1o colorea, pasa algo que ninguna pantalla puede replicar:\u00a0<strong>Impacto social:<\/strong>\u00a0invita al di\u00e1logo, al compartir, al \u201cmira lo que hice\u201d, al momento en familia.\u00a0<strong>Desarrollo f\u00edsico:<\/strong>\u00a0mejora la motricidad fina, la coordinaci\u00f3n mano-ojo y fortalece los m\u00fasculos de los dedos.\u00a0<strong>Beneficio psicol\u00f3gico:<\/strong>\u00a0reduce ansiedad, mejora la concentraci\u00f3n y estimula la creatividad infantil.<\/p>\n\n\n\n<div class=\"wp-block-buttons is-content-justification-center is-layout-flex wp-container-core-buttons-is-layout-a89b3969 wp-block-buttons-is-layout-flex\">\n<div class=\"wp-block-button\"><a class=\"wp-block-button__link wp-element-button\" href=\"https:\/\/www.amazon.com\/dp\/B0GMQM1LGJ?ref_=cm_sw_r_ffobk_cp_ud_dp_ECGW9KR6JYYT7TZWFMWX_10&amp;bestFormat=true\">Compra los mejores libros de colorear para tus ni\u00f1os.<\/a><\/div>\n<\/div>\n<\/div><\/div>\n\n\n\n<hr class=\"wp-block-separator has-alpha-channel-opacity\"\/>\n\n\n\n<h3 class=\"wp-block-heading\"><strong>\u00bfQu\u00e9 trae el Granma 2.0 a Cuba y por qu\u00e9 importa?<\/strong><\/h3>\n\n\n\n<p>El barco \u2014en realidad llamado&nbsp;<strong>Maguro<\/strong>\u2014 arrib\u00f3 a La Habana con unas&nbsp;<strong>30 toneladas de ayuda humanitaria para Cuba<\/strong>. Entre el cargamento hay:<\/p>\n\n\n\n<ul class=\"wp-block-list\">\n<li>M\u00e1s de\u00a0<strong>70 paneles solares<\/strong><\/li>\n\n\n\n<li>Alimentos b\u00e1sicos: arroz, frijoles, cereales<\/li>\n\n\n\n<li>Medicinas e insumos hospitalarios<\/li>\n\n\n\n<li>Productos de higiene<\/li>\n<\/ul>\n\n\n\n<p>En teor\u00eda, esto busca aliviar una crisis que todos conocemos: apagones interminables, hospitales sin recursos y familias inventando cada d\u00eda. Pero aqu\u00ed es donde empieza el ruido.<\/p>\n\n\n\n<hr class=\"wp-block-separator has-alpha-channel-opacity\"\/>\n\n\n\n<div class=\"wp-block-jetpack-related-posts\">\n<h2 class=\"wp-block-heading\">Te Puede Interesar <\/h2>\n<\/div>\n\n\n\n<hr class=\"wp-block-separator has-alpha-channel-opacity\"\/>\n\n\n\n<h3 class=\"wp-block-heading\"><strong>La ayuda humanitaria en Cuba: entre la necesidad y el control<\/strong><\/h3>\n\n\n\n<p>Porque no nos enga\u00f1emos. En Cuba, cuando se habla de\u00a0<strong>ayuda humanitaria<\/strong>, tambi\u00e9n se habla de\u00a0<strong>control absoluto del Estado sobre su distribuci\u00f3n<\/strong>. Y eso lo sabemos desde La Habana hasta Hialeah.<\/p>\n\n\n\n<p>\u201cEso no llega al barrio\u201d, me escribi\u00f3 alguien desde Centro Habana.<br>\u201cEso se queda arriba\u201d, dijo otro desde Santiago.<\/p>\n\n\n\n<p>La entrega oficial de esta ayuda fue directamente a las autoridades. O sea, el mismo sistema que administra la escasez ahora administra la ayuda.<\/p>\n\n\n\n<hr class=\"wp-block-separator has-alpha-channel-opacity\"\/>\n\n\n\n<div class=\"wp-block-media-text is-stacked-on-mobile\"><figure class=\"wp-block-media-text__media\"><img loading=\"lazy\" decoding=\"async\" width=\"1024\" height=\"683\" src=\"https:\/\/akubaa.com\/wp-content\/uploads\/2026\/01\/Imagen-223-1024x683.jpeg\" alt=\"\" class=\"wp-image-2445 size-full\" srcset=\"https:\/\/akubaa.com\/wp-content\/uploads\/2026\/01\/Imagen-223-1024x683.jpeg 1024w, https:\/\/akubaa.com\/wp-content\/uploads\/2026\/01\/Imagen-223-600x400.jpeg 600w, https:\/\/akubaa.com\/wp-content\/uploads\/2026\/01\/Imagen-223-300x200.jpeg 300w, https:\/\/akubaa.com\/wp-content\/uploads\/2026\/01\/Imagen-223-768x512.jpeg 768w, https:\/\/akubaa.com\/wp-content\/uploads\/2026\/01\/Imagen-223-1320x880.jpeg 1320w, https:\/\/akubaa.com\/wp-content\/uploads\/2026\/01\/Imagen-223.jpeg 1536w\" sizes=\"auto, (max-width: 1024px) 100vw, 1024px\" \/><\/figure><div class=\"wp-block-media-text__content\">\n<p>\u00bfTienes un negocio? . Publicalo aqu\u00ed ,solo te tarda un minuto y conecta con personas que buscan lo que t\u00fa ofreces.<strong><a href=\"https:\/\/akubaa.com\/index.php\/directorio-de-negocios-cubanos-akubaa\/\">Clic y descubre todas las ventajas\u00a0<\/a><\/strong>que puede obtener t\u00fa ahora mismo. Es hora de llevarte al lugar que merece sin luchar con el algoritmo.<\/p>\n\n\n\n<div class=\"wp-block-buttons is-content-justification-center is-layout-flex wp-container-core-buttons-is-layout-a89b3969 wp-block-buttons-is-layout-flex\">\n<div class=\"wp-block-button\"><a class=\"wp-block-button__link wp-element-button\" href=\"https:\/\/akubaa.com\/index.php\/negocio\/\">PUBLICA TU NEGOCIO AQUI .<\/a><\/div>\n<\/div>\n<\/div><\/div>\n\n\n\n<hr class=\"wp-block-separator has-alpha-channel-opacity\"\/>\n\n\n\n<h3 class=\"wp-block-heading\"><strong>Las irregularidades del Granma 2.0 que nadie puede ignorar<\/strong><\/h3>\n\n\n\n<p>Antes de llegar, el barco ya ven\u00eda con problemas:<\/p>\n\n\n\n<ul class=\"wp-block-list\">\n<li>El nombre\u00a0<strong>\u201cGranma 2.0\u201d<\/strong>\u00a0no era legal<\/li>\n\n\n\n<li>Documentaci\u00f3n incompleta<\/li>\n\n\n\n<li>Tripulaci\u00f3n con problemas de visado<\/li>\n\n\n\n<li>Retrasos log\u00edsticos con la carga<\/li>\n<\/ul>\n\n\n\n<p>Todo esto retras\u00f3 la salida desde M\u00e9xico. Y uno se pregunta: <strong>\u00bfc\u00f3mo un convoy internacional \u201chumanitario\u201d sale con tantas irregularidades?<\/strong>. <\/p>\n\n\n\n<hr class=\"wp-block-separator has-alpha-channel-opacity\"\/>\n\n\n\n\n\n<hr class=\"wp-block-separator has-alpha-channel-opacity\"\/>\n\n\n\n<h3 class=\"wp-block-heading\"><strong>Activistas, hoteles con luz y la Cuba que no todos ven<\/strong><\/h3>\n\n\n\n<p>Aqu\u00ed es donde la historia se pone m\u00e1s inc\u00f3moda. Los\u00a0<strong>32 activistas de izquierda<\/strong>\u00a0que viajaron en el barco \u2014de 11 pa\u00edses\u2014 no vivieron la Cuba del cubano de a pie.<\/p>\n\n\n\n<ul class=\"wp-block-list\">\n<li>Se hospedaron en hoteles con electricidad<\/li>\n\n\n\n<li>Tuvieron acceso a comida variada<\/li>\n\n\n\n<li>No sufrieron apagones<\/li>\n<\/ul>\n\n\n\n<p>Mientras tanto, en barrios de La Habana o en provincias, hay gente cocinando con le\u00f1a. Y eso duele. Porque crea una imagen que muchos en Miami, Tampa o Espa\u00f1a ya reconocen:<strong> dos Cubas distintas coexistiendo en la misma isla<\/strong>.<\/p>\n\n\n\n<hr class=\"wp-block-separator has-alpha-channel-opacity\"\/>\n\n\n\n<div class=\"wp-block-jetpack-slideshow aligncenter\" data-autoplay=\"true\" data-delay=\"3\" data-effect=\"slide\" style=\"--aspect-ratio:calc(599 \/ 399)\"><div class=\"wp-block-jetpack-slideshow_container swiper\"><ul class=\"wp-block-jetpack-slideshow_swiper-wrapper swiper-wrapper\"><li class=\"wp-block-jetpack-slideshow_slide swiper-slide\"><figure><img loading=\"lazy\" decoding=\"async\" width=\"599\" height=\"399\" alt=\"\" class=\"wp-block-jetpack-slideshow_image wp-image-2856\" data-id=\"2856\" data-aspect-ratio=\"599 \/ 399\" src=\"https:\/\/akubaa.com\/wp-content\/uploads\/2026\/03\/image-1.jpeg\" srcset=\"https:\/\/akubaa.com\/wp-content\/uploads\/2026\/03\/image-1.jpeg 599w, https:\/\/akubaa.com\/wp-content\/uploads\/2026\/03\/image-1-300x200.jpeg 300w\" sizes=\"(max-width: 599px) 100vw, 599px\" \/><figcaption class=\"wp-block-jetpack-slideshow_caption gallery-caption\">Activistas ondean banderas cubanas y palestinas desde el buque Maguro, que llega procedente de M\u00e9xico con ayuda humanitaria como parte del convoy \u00abNuestra Am\u00e9rica\u00bb, en la bah\u00eda de La Habana, Cuba, el martes 24 de marzo de 2026. (AP Foto\/Ram\u00f3n Espinosa)<\/figcaption><\/figure><\/li><li class=\"wp-block-jetpack-slideshow_slide swiper-slide\"><figure><img loading=\"lazy\" decoding=\"async\" width=\"1024\" height=\"590\" alt=\"\" class=\"wp-block-jetpack-slideshow_image wp-image-2857\" data-id=\"2857\" data-aspect-ratio=\"640 \/ 369\" src=\"https:\/\/akubaa.com\/wp-content\/uploads\/2026\/03\/image-2-1024x590.jpeg\" srcset=\"https:\/\/akubaa.com\/wp-content\/uploads\/2026\/03\/image-2-1024x590.jpeg 1024w, https:\/\/akubaa.com\/wp-content\/uploads\/2026\/03\/image-2-300x173.jpeg 300w, https:\/\/akubaa.com\/wp-content\/uploads\/2026\/03\/image-2-768x443.jpeg 768w, https:\/\/akubaa.com\/wp-content\/uploads\/2026\/03\/image-2-600x346.jpeg 600w, https:\/\/akubaa.com\/wp-content\/uploads\/2026\/03\/image-2.jpeg 1280w\" sizes=\"(max-width: 1024px) 100vw, 1024px\" \/><figcaption class=\"wp-block-jetpack-slideshow_caption gallery-caption\">Activistas ondean banderas cubanas y palestinas desde el buque Maguro, que llega procedente de M\u00e9xico con ayuda humanitaria como parte del convoy \u00abNuestra Am\u00e9rica\u00bb, en la bah\u00eda de La Habana, Cuba, el martes 24 de marzo de 2026. (AP Foto\/Ram\u00f3n Espinosa)<\/figcaption><\/figure><\/li><li class=\"wp-block-jetpack-slideshow_slide swiper-slide\"><figure><img loading=\"lazy\" decoding=\"async\" width=\"1024\" height=\"576\" alt=\"\" class=\"wp-block-jetpack-slideshow_image wp-image-2858\" data-id=\"2858\" data-aspect-ratio=\"640 \/ 360\" src=\"https:\/\/akubaa.com\/wp-content\/uploads\/2026\/03\/image-3-1024x576.jpeg\" srcset=\"https:\/\/akubaa.com\/wp-content\/uploads\/2026\/03\/image-3-1024x576.jpeg 1024w, https:\/\/akubaa.com\/wp-content\/uploads\/2026\/03\/image-3-300x169.jpeg 300w, https:\/\/akubaa.com\/wp-content\/uploads\/2026\/03\/image-3-768x432.jpeg 768w, https:\/\/akubaa.com\/wp-content\/uploads\/2026\/03\/image-3-1536x864.jpeg 1536w, https:\/\/akubaa.com\/wp-content\/uploads\/2026\/03\/image-3-2048x1152.jpeg 2048w, https:\/\/akubaa.com\/wp-content\/uploads\/2026\/03\/image-3-1280x720.jpeg 1280w, https:\/\/akubaa.com\/wp-content\/uploads\/2026\/03\/image-3-1320x743.jpeg 1320w, https:\/\/akubaa.com\/wp-content\/uploads\/2026\/03\/image-3-600x338.jpeg 600w\" sizes=\"(max-width: 1024px) 100vw, 1024px\" \/><figcaption class=\"wp-block-jetpack-slideshow_caption gallery-caption\">Activistas ondean banderas cubanas y palestinas desde el buque Maguro, que llega procedente de M\u00e9xico con ayuda humanitaria como parte del convoy \u00abNuestra Am\u00e9rica\u00bb, en la bah\u00eda de La Habana, Cuba, el martes 24 de marzo de 2026. (AP Foto\/Ram\u00f3n Espinosa)<\/figcaption><\/figure><\/li><li class=\"wp-block-jetpack-slideshow_slide swiper-slide\"><figure><img loading=\"lazy\" decoding=\"async\" width=\"980\" height=\"653\" alt=\"\" class=\"wp-block-jetpack-slideshow_image wp-image-2859\" data-id=\"2859\" data-aspect-ratio=\"980 \/ 653\" src=\"https:\/\/akubaa.com\/wp-content\/uploads\/2026\/03\/image-4.jpeg\" srcset=\"https:\/\/akubaa.com\/wp-content\/uploads\/2026\/03\/image-4.jpeg 980w, https:\/\/akubaa.com\/wp-content\/uploads\/2026\/03\/image-4-300x200.jpeg 300w, https:\/\/akubaa.com\/wp-content\/uploads\/2026\/03\/image-4-768x512.jpeg 768w, https:\/\/akubaa.com\/wp-content\/uploads\/2026\/03\/image-4-600x400.jpeg 600w\" sizes=\"(max-width: 980px) 100vw, 980px\" \/><figcaption class=\"wp-block-jetpack-slideshow_caption gallery-caption\">Activistas ondean banderas cubanas y palestinas desde el buque Maguro, que llega procedente de M\u00e9xico con ayuda humanitaria como parte del convoy \u00abNuestra Am\u00e9rica\u00bb, en la bah\u00eda de La Habana, Cuba, el martes 24 de marzo de 2026. (AP Foto\/Ram\u00f3n Espinosa)<\/figcaption><\/figure><\/li><\/ul><a class=\"wp-block-jetpack-slideshow_button-prev swiper-button-prev swiper-button-white\" role=\"button\"><\/a><a class=\"wp-block-jetpack-slideshow_button-next swiper-button-next swiper-button-white\" role=\"button\"><\/a><a aria-label=\"Pause Slideshow\" class=\"wp-block-jetpack-slideshow_button-pause\" role=\"button\"><\/a><div class=\"wp-block-jetpack-slideshow_pagination swiper-pagination swiper-pagination-white\"><\/div><\/div><\/div>\n\n\n\n<h3 class=\"wp-block-heading\"><strong>La visi\u00f3n AKubaa: \u00bfsolidaridad real o narrativa conveniente?<\/strong><\/h3>\n\n\n\n<p>Yo no creo que ayudar sea malo. Al contrario. Pero cuando la\u00a0<strong>ayuda humanitaria en Cuba<\/strong>\u00a0se convierte en un acto que\u00a0<strong>refuerza estructuras de poder sin transparencia<\/strong>, entonces deja de ser solo ayuda\u2026 y se convierte en algo m\u00e1s complejo. Desde <a href=\"https:\/\/akmundovirtual.com\/#google_vignette\" type=\"link\" id=\"https:\/\/akmundovirtual.com\/#google_vignette\"><strong>AKubaa <\/strong><\/a>lo vemos claro: el problema no es el barco, ni los paneles solares, ni los alimentos. El problema es si esa ayuda\u00a0<strong>llega al pueblo o se queda en el camino<\/strong>.<\/p>\n\n\n\n<hr class=\"wp-block-separator has-alpha-channel-opacity\"\/>\n\n\n\n\n\n<hr class=\"wp-block-separator has-alpha-channel-opacity\"\/>\n\n\n\n<h3 class=\"wp-block-heading\"><strong>Lo que muchos est\u00e1n diciendo (y otros callan)<\/strong><\/h3>\n\n\n\n<p>En redes, la cosa est\u00e1 caliente:<\/p>\n\n\n\n<ul class=\"wp-block-list\">\n<li>\u201cEso es propaganda disfrazada de ayuda\u201d<\/li>\n\n\n\n<li>\u201cAlgo es mejor que nada, aunque sea poco\u201d<\/li>\n\n\n\n<li>\u201cQue manden m\u00e1s, pero sin intermediarios\u201d<\/li>\n<\/ul>\n\n\n\n<p>Y ah\u00ed est\u00e1 el debate real.<\/p>\n\n\n\n<hr class=\"wp-block-separator has-alpha-channel-opacity\"\/>\n\n\n\n<figure class=\"wp-block-image size-large\"><img loading=\"lazy\" decoding=\"async\" width=\"1024\" height=\"576\" src=\"https:\/\/akubaa.com\/wp-content\/uploads\/2026\/03\/image-50-1024x576.png\" alt=\"\" class=\"wp-image-2855\" srcset=\"https:\/\/akubaa.com\/wp-content\/uploads\/2026\/03\/image-50-1024x576.png 1024w, https:\/\/akubaa.com\/wp-content\/uploads\/2026\/03\/image-50-300x169.png 300w, https:\/\/akubaa.com\/wp-content\/uploads\/2026\/03\/image-50-768x432.png 768w, https:\/\/akubaa.com\/wp-content\/uploads\/2026\/03\/image-50-1280x720.png 1280w, https:\/\/akubaa.com\/wp-content\/uploads\/2026\/03\/image-50-1320x743.png 1320w, https:\/\/akubaa.com\/wp-content\/uploads\/2026\/03\/image-50-600x338.png 600w, https:\/\/akubaa.com\/wp-content\/uploads\/2026\/03\/image-50.png 1440w\" sizes=\"auto, (max-width: 1024px) 100vw, 1024px\" \/><figcaption class=\"wp-element-caption\">El barco \u2014en realidad llamado\u00a0<strong>Maguro<\/strong>\u2014 arrib\u00f3 a La Habana con unas\u00a0<strong>30 toneladas de ayuda humanitaria para Cuba<\/strong>.. (Captura de pantalla \u00a9 Naturaleza Secreta \u2013 Facebook)<\/figcaption><\/figure>\n\n\n\n<hr class=\"wp-block-separator has-alpha-channel-opacity\"\/>\n\n\n\n<h3 class=\"wp-block-heading\"><strong>Al final\u2026 la pregunta que nadie quiere responder<\/strong><\/h3>\n\n\n\n<p>El\u00a0<strong>Granma 2.0<\/strong>\u00a0ya lleg\u00f3. La foto est\u00e1 tomada. La narrativa est\u00e1 corriendo. Pero en el fondo, la duda sigue flotando como ese barco entrando a la bah\u00eda: <strong>\u00bfEsta ayuda humanitaria est\u00e1 salvando vidas\u2026 o sosteniendo un sistema que mantiene a esas vidas en crisis?<\/strong>.<\/p>\n\n\n\n<p>Te leo en los comentarios. Y si est\u00e1s en Cuba, en Miami o en cualquier parte del mundo\u2026<strong> cu\u00e9ntame: t\u00fa, \u00bfa qui\u00e9n crees que realmente lleg\u00f3 esta ayuda?<\/strong>.<\/p>\n\n\n\n<hr class=\"wp-block-separator has-alpha-channel-opacity\"\/>\n\n\n\n<h2 class=\"wp-block-heading\">M\u00e1s en AKubaa<\/h2>\n\n\n<ul class=\"wp-block-latest-posts__list is-grid columns-3 wp-block-latest-posts\"><li><div class=\"wp-block-latest-posts__featured-image aligncenter\"><a href=\"https:\/\/akubaa.com\/index.php\/2026\/04\/21\/imaray-ulloa-de-influecer-a-ganadora-de-fisicoculturismo\/\" aria-label=\"Imaray Ulloa se sube a otra tarima: dos medallas, ocho meses de disciplina y una lecci\u00f3n que la di\u00e1spora entendi\u00f3 enseguida.\"><img loading=\"lazy\" decoding=\"async\" width=\"150\" height=\"150\" src=\"https:\/\/akubaa.com\/wp-content\/uploads\/2026\/04\/image-14-150x150.png\" class=\"attachment-thumbnail size-thumbnail wp-post-image\" alt=\"\" style=\"\" srcset=\"https:\/\/akubaa.com\/wp-content\/uploads\/2026\/04\/image-14-150x150.png 150w, https:\/\/akubaa.com\/wp-content\/uploads\/2026\/04\/image-14-300x300.png 300w, https:\/\/akubaa.com\/wp-content\/uploads\/2026\/04\/image-14-100x100.png 100w\" sizes=\"auto, (max-width: 150px) 100vw, 150px\" \/><\/a><\/div><a class=\"wp-block-latest-posts__post-title\" href=\"https:\/\/akubaa.com\/index.php\/2026\/04\/21\/imaray-ulloa-de-influecer-a-ganadora-de-fisicoculturismo\/\">Imaray Ulloa se sube a otra tarima: dos medallas, ocho meses de disciplina y una lecci\u00f3n que la di\u00e1spora entendi\u00f3 enseguida.<\/a><\/li>\n<li><div class=\"wp-block-latest-posts__featured-image aligncenter\"><a href=\"https:\/\/akubaa.com\/index.php\/2026\/04\/10\/horoscopo-del-10-de-abril-de-2026\/\" aria-label=\"Hor\u00f3scopo del 10 de abril de 2026: lo que el universo te quiere decir hoy (y lo que debes evitar a toda costa).\u00a0\"><img loading=\"lazy\" decoding=\"async\" width=\"150\" height=\"150\" src=\"https:\/\/akubaa.com\/wp-content\/uploads\/2026\/04\/image-13-150x150.png\" class=\"attachment-thumbnail size-thumbnail wp-post-image\" alt=\"\" style=\"\" srcset=\"https:\/\/akubaa.com\/wp-content\/uploads\/2026\/04\/image-13-150x150.png 150w, https:\/\/akubaa.com\/wp-content\/uploads\/2026\/04\/image-13-300x300.png 300w, https:\/\/akubaa.com\/wp-content\/uploads\/2026\/04\/image-13-100x100.png 100w\" sizes=\"auto, (max-width: 150px) 100vw, 150px\" \/><\/a><\/div><a class=\"wp-block-latest-posts__post-title\" href=\"https:\/\/akubaa.com\/index.php\/2026\/04\/10\/horoscopo-del-10-de-abril-de-2026\/\">Hor\u00f3scopo del 10 de abril de 2026: lo que el universo te quiere decir hoy (y lo que debes evitar a toda costa).\u00a0<\/a><\/li>\n<li><div class=\"wp-block-latest-posts__featured-image aligncenter\"><a href=\"https:\/\/akubaa.com\/index.php\/2026\/04\/09\/horoscopo-del-9-de-abril-de-2026\/\" aria-label=\"\ud83d\udd2e\u00a0Hor\u00f3scopo del 9 de abril de 2026: lo que viene no es casualidad\u2026 es destino (y t\u00fa lo vas a sentir hoy).\"><img loading=\"lazy\" decoding=\"async\" width=\"150\" height=\"150\" src=\"https:\/\/akubaa.com\/wp-content\/uploads\/2026\/04\/image-12-150x150.png\" class=\"attachment-thumbnail size-thumbnail wp-post-image\" alt=\"\" style=\"\" srcset=\"https:\/\/akubaa.com\/wp-content\/uploads\/2026\/04\/image-12-150x150.png 150w, https:\/\/akubaa.com\/wp-content\/uploads\/2026\/04\/image-12-300x300.png 300w, https:\/\/akubaa.com\/wp-content\/uploads\/2026\/04\/image-12-100x100.png 100w\" sizes=\"auto, (max-width: 150px) 100vw, 150px\" \/><\/a><\/div><a class=\"wp-block-latest-posts__post-title\" href=\"https:\/\/akubaa.com\/index.php\/2026\/04\/09\/horoscopo-del-9-de-abril-de-2026\/\">\ud83d\udd2e\u00a0Hor\u00f3scopo del 9 de abril de 2026: lo que viene no es casualidad\u2026 es destino (y t\u00fa lo vas a sentir hoy).<\/a><\/li>\n<li><div class=\"wp-block-latest-posts__featured-image aligncenter\"><a href=\"https:\/\/akubaa.com\/index.php\/2026\/04\/08\/horoscopo-del-8-de-abril-de-2026\/\" aria-label=\"\ud83d\udd2e\u00a0Hor\u00f3scopo del 8 de abril de 2026: lo que el destino no te est\u00e1 diciendo (y deber\u00edas escuchar hoy).\"><img loading=\"lazy\" decoding=\"async\" width=\"150\" height=\"150\" src=\"https:\/\/akubaa.com\/wp-content\/uploads\/2026\/04\/image-11-150x150.png\" class=\"attachment-thumbnail size-thumbnail wp-post-image\" alt=\"\" style=\"\" srcset=\"https:\/\/akubaa.com\/wp-content\/uploads\/2026\/04\/image-11-150x150.png 150w, https:\/\/akubaa.com\/wp-content\/uploads\/2026\/04\/image-11-300x300.png 300w, https:\/\/akubaa.com\/wp-content\/uploads\/2026\/04\/image-11-100x100.png 100w\" sizes=\"auto, (max-width: 150px) 100vw, 150px\" \/><\/a><\/div><a class=\"wp-block-latest-posts__post-title\" href=\"https:\/\/akubaa.com\/index.php\/2026\/04\/08\/horoscopo-del-8-de-abril-de-2026\/\">\ud83d\udd2e\u00a0Hor\u00f3scopo del 8 de abril de 2026: lo que el destino no te est\u00e1 diciendo (y deber\u00edas escuchar hoy).<\/a><\/li>\n<li><div class=\"wp-block-latest-posts__featured-image aligncenter\"><a href=\"https:\/\/akubaa.com\/index.php\/2026\/04\/07\/leoni-torres-y-el-b-convierten-cubano-en-un-grito-de-identidad-y-libertad\/\" aria-label=\"\u201cViva Cuba Libre\u201d: la canci\u00f3n que no es solo m\u00fasica\u2026 es un mensaje que ya no se puede callar.\"><img loading=\"lazy\" decoding=\"async\" width=\"150\" height=\"150\" src=\"https:\/\/akubaa.com\/wp-content\/uploads\/2026\/04\/image-10-150x150.png\" class=\"attachment-thumbnail size-thumbnail wp-post-image\" alt=\"\" style=\"\" srcset=\"https:\/\/akubaa.com\/wp-content\/uploads\/2026\/04\/image-10-150x150.png 150w, https:\/\/akubaa.com\/wp-content\/uploads\/2026\/04\/image-10-300x300.png 300w, https:\/\/akubaa.com\/wp-content\/uploads\/2026\/04\/image-10-100x100.png 100w\" sizes=\"auto, (max-width: 150px) 100vw, 150px\" \/><\/a><\/div><a class=\"wp-block-latest-posts__post-title\" href=\"https:\/\/akubaa.com\/index.php\/2026\/04\/07\/leoni-torres-y-el-b-convierten-cubano-en-un-grito-de-identidad-y-libertad\/\">\u201cViva Cuba Libre\u201d: la canci\u00f3n que no es solo m\u00fasica\u2026 es un mensaje que ya no se puede callar.<\/a><\/li>\n<li><div class=\"wp-block-latest-posts__featured-image aligncenter\"><a href=\"https:\/\/akubaa.com\/index.php\/2026\/04\/07\/horoscopo-del-7-de-abril-de-2026\/\" aria-label=\"\ud83d\udd2e\u00a0Hor\u00f3scopo del 7 de abril de 2026: lo que viene no avisa\u2026 pero s\u00ed se siente.\"><img loading=\"lazy\" decoding=\"async\" width=\"150\" height=\"150\" src=\"https:\/\/akubaa.com\/wp-content\/uploads\/2026\/04\/image-9-150x150.png\" class=\"attachment-thumbnail size-thumbnail wp-post-image\" alt=\"\" style=\"\" srcset=\"https:\/\/akubaa.com\/wp-content\/uploads\/2026\/04\/image-9-150x150.png 150w, https:\/\/akubaa.com\/wp-content\/uploads\/2026\/04\/image-9-300x300.png 300w, https:\/\/akubaa.com\/wp-content\/uploads\/2026\/04\/image-9-100x100.png 100w\" sizes=\"auto, (max-width: 150px) 100vw, 150px\" \/><\/a><\/div><a class=\"wp-block-latest-posts__post-title\" href=\"https:\/\/akubaa.com\/index.php\/2026\/04\/07\/horoscopo-del-7-de-abril-de-2026\/\">\ud83d\udd2e\u00a0Hor\u00f3scopo del 7 de abril de 2026: lo que viene no avisa\u2026 pero s\u00ed se siente.<\/a><\/li>\n<\/ul>","protected":false},"excerpt":{"rendered":"<p>Yo estaba leyendo la noticia y, te soy sincera, sent\u00ed esa mezcla rara entre esperanza y sospecha que solo los cubanos entendemos. Porque s\u00ed, el llamado&nbsp;\u201cGranma 2.0\u201d&nbsp;lleg\u00f3 a Cuba con&nbsp;ayuda humanitaria, pero la verdadera pregunta no es qu\u00e9 trajo\u2026 sino&nbsp;para qui\u00e9n realmente vino esa ayuda. \u00bfQu\u00e9 trae el Granma 2.0 a Cuba y por qu\u00e9 [&hellip;]<\/p>\n","protected":false},"author":1,"featured_media":2854,"comment_status":"open","ping_status":"open","sticky":false,"template":"","format":"standard","meta":{"jetpack_post_was_ever_published":false,"_jetpack_newsletter_access":"","_jetpack_dont_email_post_to_subs":false,"_jetpack_newsletter_tier_id":0,"_jetpack_memberships_contains_paywalled_content":false,"_jetpack_memberships_contains_paid_content":false,"footnotes":"","jetpack_publicize_message":"","jetpack_publicize_feature_enabled":true,"jetpack_social_post_already_shared":true,"jetpack_social_options":{"image_generator_settings":{"template":"highway","default_image_id":0,"font":"","enabled":false},"version":2}},"categories":[4],"tags":[],"class_list":["post-2853","post","type-post","status-publish","format-standard","has-post-thumbnail","hentry","category-noticias-y-actualidad"],"yoast_head":"<!-- This site is optimized with the Yoast SEO plugin v27.5 - https:\/\/yoast.com\/product\/yoast-seo-wordpress\/ -->\n<title>El llamado\u00a0\u201cGranma 2.0\u201d\u00a0lleg\u00f3 a Cuba con\u00a0ayuda humanitaria. - AKubaa<\/title>\n<meta name=\"description\" content=\"El llamado\u00a0\u201cGranma 2.0\u201d\u00a0lleg\u00f3 a Cuba con\u00a0ayuda humanitaria, pero la verdadera pregunta no es qu\u00e9 trajo sino\u00a0para qui\u00e9n realmente vino esa a\" \/>\n<meta name=\"robots\" content=\"index, follow, max-snippet:-1, max-image-preview:large, max-video-preview:-1\" \/>\n<link rel=\"canonical\" href=\"https:\/\/akubaa.com\/index.php\/2026\/03\/25\/granma-2-0\/\" \/>\n<meta property=\"og:locale\" content=\"es_ES\" \/>\n<meta property=\"og:type\" content=\"article\" \/>\n<meta property=\"og:title\" content=\"El llamado\u00a0\u201cGranma 2.0\u201d\u00a0lleg\u00f3 a Cuba con\u00a0ayuda humanitaria. - AKubaa\" \/>\n<meta property=\"og:description\" content=\"El llamado\u00a0\u201cGranma 2.0\u201d\u00a0lleg\u00f3 a Cuba con\u00a0ayuda humanitaria, pero la verdadera pregunta no es qu\u00e9 trajo sino\u00a0para qui\u00e9n realmente vino esa a\" \/>\n<meta property=\"og:url\" content=\"https:\/\/akubaa.com\/index.php\/2026\/03\/25\/granma-2-0\/\" \/>\n<meta property=\"og:site_name\" content=\"AKubaa\" \/>\n<meta property=\"article:publisher\" content=\"https:\/\/www.facebook.com\/akubaa\" \/>\n<meta property=\"article:author\" content=\"https:\/\/www.facebook.com\/akubaa\" \/>\n<meta property=\"article:published_time\" content=\"2026-03-25T21:00:00+00:00\" \/>\n<meta property=\"article:modified_time\" content=\"2026-03-25T22:03:32+00:00\" \/>\n<meta property=\"og:image\" content=\"https:\/\/akubaa.com\/wp-content\/uploads\/2026\/03\/image-49-1024x683.png\" \/>\n\t<meta property=\"og:image:width\" content=\"1024\" \/>\n\t<meta property=\"og:image:height\" content=\"683\" \/>\n\t<meta property=\"og:image:type\" content=\"image\/png\" \/>\n<meta name=\"author\" content=\"AKubaa\" \/>\n<meta name=\"twitter:card\" content=\"summary_large_image\" \/>\n<meta name=\"twitter:label1\" content=\"Escrito por\" \/>\n\t<meta name=\"twitter:data1\" content=\"AKubaa\" \/>\n\t<meta name=\"twitter:label2\" content=\"Tiempo de lectura\" \/>\n\t<meta name=\"twitter:data2\" content=\"6 minutos\" \/>\n<script type=\"application\/ld+json\" class=\"yoast-schema-graph\">{\"@context\":\"https:\\\/\\\/schema.org\",\"@graph\":[{\"@type\":\"Article\",\"@id\":\"https:\\\/\\\/akubaa.com\\\/index.php\\\/2026\\\/03\\\/25\\\/granma-2-0\\\/#article\",\"isPartOf\":{\"@id\":\"https:\\\/\\\/akubaa.com\\\/index.php\\\/2026\\\/03\\\/25\\\/granma-2-0\\\/\"},\"author\":{\"name\":\"AKubaa\",\"@id\":\"https:\\\/\\\/akubaa.com\\\/#\\\/schema\\\/person\\\/b096b63c1ad27204e55fabb2cf2153a5\"},\"headline\":\"\u201cGranma 2.0\u201d: la ayuda que lleg\u00f3 a Cuba\u2026 pero no como t\u00fa crees.\",\"datePublished\":\"2026-03-25T21:00:00+00:00\",\"dateModified\":\"2026-03-25T22:03:32+00:00\",\"mainEntityOfPage\":{\"@id\":\"https:\\\/\\\/akubaa.com\\\/index.php\\\/2026\\\/03\\\/25\\\/granma-2-0\\\/\"},\"wordCount\":944,\"commentCount\":0,\"publisher\":{\"@id\":\"https:\\\/\\\/akubaa.com\\\/#\\\/schema\\\/person\\\/b096b63c1ad27204e55fabb2cf2153a5\"},\"image\":{\"@id\":\"https:\\\/\\\/akubaa.com\\\/index.php\\\/2026\\\/03\\\/25\\\/granma-2-0\\\/#primaryimage\"},\"thumbnailUrl\":\"https:\\\/\\\/akubaa.com\\\/wp-content\\\/uploads\\\/2026\\\/03\\\/image-49.png\",\"articleSection\":[\"Noticias y Actualidad\"],\"inLanguage\":\"es\",\"potentialAction\":[{\"@type\":\"CommentAction\",\"name\":\"Comment\",\"target\":[\"https:\\\/\\\/akubaa.com\\\/index.php\\\/2026\\\/03\\\/25\\\/granma-2-0\\\/#respond\"]}]},{\"@type\":\"WebPage\",\"@id\":\"https:\\\/\\\/akubaa.com\\\/index.php\\\/2026\\\/03\\\/25\\\/granma-2-0\\\/\",\"url\":\"https:\\\/\\\/akubaa.com\\\/index.php\\\/2026\\\/03\\\/25\\\/granma-2-0\\\/\",\"name\":\"El llamado\u00a0\u201cGranma 2.0\u201d\u00a0lleg\u00f3 a Cuba con\u00a0ayuda humanitaria. - AKubaa\",\"isPartOf\":{\"@id\":\"https:\\\/\\\/akubaa.com\\\/#website\"},\"primaryImageOfPage\":{\"@id\":\"https:\\\/\\\/akubaa.com\\\/index.php\\\/2026\\\/03\\\/25\\\/granma-2-0\\\/#primaryimage\"},\"image\":{\"@id\":\"https:\\\/\\\/akubaa.com\\\/index.php\\\/2026\\\/03\\\/25\\\/granma-2-0\\\/#primaryimage\"},\"thumbnailUrl\":\"https:\\\/\\\/akubaa.com\\\/wp-content\\\/uploads\\\/2026\\\/03\\\/image-49.png\",\"datePublished\":\"2026-03-25T21:00:00+00:00\",\"dateModified\":\"2026-03-25T22:03:32+00:00\",\"description\":\"El llamado\u00a0\u201cGranma 2.0\u201d\u00a0lleg\u00f3 a Cuba con\u00a0ayuda humanitaria, pero la verdadera pregunta no es qu\u00e9 trajo sino\u00a0para qui\u00e9n realmente vino esa ayuda.\",\"breadcrumb\":{\"@id\":\"https:\\\/\\\/akubaa.com\\\/index.php\\\/2026\\\/03\\\/25\\\/granma-2-0\\\/#breadcrumb\"},\"inLanguage\":\"es\",\"potentialAction\":[{\"@type\":\"ReadAction\",\"target\":[\"https:\\\/\\\/akubaa.com\\\/index.php\\\/2026\\\/03\\\/25\\\/granma-2-0\\\/\"]}]},{\"@type\":\"ImageObject\",\"inLanguage\":\"es\",\"@id\":\"https:\\\/\\\/akubaa.com\\\/index.php\\\/2026\\\/03\\\/25\\\/granma-2-0\\\/#primaryimage\",\"url\":\"https:\\\/\\\/akubaa.com\\\/wp-content\\\/uploads\\\/2026\\\/03\\\/image-49.png\",\"contentUrl\":\"https:\\\/\\\/akubaa.com\\\/wp-content\\\/uploads\\\/2026\\\/03\\\/image-49.png\",\"width\":1536,\"height\":1024},{\"@type\":\"BreadcrumbList\",\"@id\":\"https:\\\/\\\/akubaa.com\\\/index.php\\\/2026\\\/03\\\/25\\\/granma-2-0\\\/#breadcrumb\",\"itemListElement\":[{\"@type\":\"ListItem\",\"position\":1,\"name\":\"Portada\",\"item\":\"https:\\\/\\\/akubaa.com\\\/\"},{\"@type\":\"ListItem\",\"position\":2,\"name\":\"\u201cGranma 2.0\u201d: la ayuda que lleg\u00f3 a Cuba\u2026 pero no como t\u00fa crees.\"}]},{\"@type\":\"WebSite\",\"@id\":\"https:\\\/\\\/akubaa.com\\\/#website\",\"url\":\"https:\\\/\\\/akubaa.com\\\/\",\"name\":\"AKubaa\",\"description\":\"Vive ,conoce y disfruta Cuba al estilo de A&amp;K.\",\"publisher\":{\"@id\":\"https:\\\/\\\/akubaa.com\\\/#\\\/schema\\\/person\\\/b096b63c1ad27204e55fabb2cf2153a5\"},\"potentialAction\":[{\"@type\":\"SearchAction\",\"target\":{\"@type\":\"EntryPoint\",\"urlTemplate\":\"https:\\\/\\\/akubaa.com\\\/?s={search_term_string}\"},\"query-input\":{\"@type\":\"PropertyValueSpecification\",\"valueRequired\":true,\"valueName\":\"search_term_string\"}}],\"inLanguage\":\"es\"},{\"@type\":[\"Person\",\"Organization\"],\"@id\":\"https:\\\/\\\/akubaa.com\\\/#\\\/schema\\\/person\\\/b096b63c1ad27204e55fabb2cf2153a5\",\"name\":\"AKubaa\",\"image\":{\"@type\":\"ImageObject\",\"inLanguage\":\"es\",\"@id\":\"https:\\\/\\\/akubaa.com\\\/wp-content\\\/uploads\\\/2025\\\/08\\\/Imagen-17.jpeg\",\"url\":\"https:\\\/\\\/akubaa.com\\\/wp-content\\\/uploads\\\/2025\\\/08\\\/Imagen-17.jpeg\",\"contentUrl\":\"https:\\\/\\\/akubaa.com\\\/wp-content\\\/uploads\\\/2025\\\/08\\\/Imagen-17.jpeg\",\"width\":1024,\"height\":1024,\"caption\":\"AKubaa\"},\"logo\":{\"@id\":\"https:\\\/\\\/akubaa.com\\\/wp-content\\\/uploads\\\/2025\\\/08\\\/Imagen-17.jpeg\"},\"sameAs\":[\"https:\\\/\\\/akubaa.com\",\"https:\\\/\\\/www.facebook.com\\\/akubaa\",\"https:\\\/\\\/www.instagram.com\\\/akubaa?\"],\"url\":\"https:\\\/\\\/akubaa.com\\\/index.php\\\/profile\\\/admin\\\/\"}]}<\/script>\n<!-- \/ Yoast SEO plugin. -->","yoast_head_json":{"title":"El llamado\u00a0\u201cGranma 2.0\u201d\u00a0lleg\u00f3 a Cuba con\u00a0ayuda humanitaria. - AKubaa","description":"El llamado\u00a0\u201cGranma 2.0\u201d\u00a0lleg\u00f3 a Cuba con\u00a0ayuda humanitaria, pero la verdadera pregunta no es qu\u00e9 trajo sino\u00a0para qui\u00e9n realmente vino esa a","robots":{"index":"index","follow":"follow","max-snippet":"max-snippet:-1","max-image-preview":"max-image-preview:large","max-video-preview":"max-video-preview:-1"},"canonical":"https:\/\/akubaa.com\/index.php\/2026\/03\/25\/granma-2-0\/","og_locale":"es_ES","og_type":"article","og_title":"El llamado\u00a0\u201cGranma 2.0\u201d\u00a0lleg\u00f3 a Cuba con\u00a0ayuda humanitaria. - AKubaa","og_description":"El llamado\u00a0\u201cGranma 2.0\u201d\u00a0lleg\u00f3 a Cuba con\u00a0ayuda humanitaria, pero la verdadera pregunta no es qu\u00e9 trajo sino\u00a0para qui\u00e9n realmente vino esa a","og_url":"https:\/\/akubaa.com\/index.php\/2026\/03\/25\/granma-2-0\/","og_site_name":"AKubaa","article_publisher":"https:\/\/www.facebook.com\/akubaa","article_author":"https:\/\/www.facebook.com\/akubaa","article_published_time":"2026-03-25T21:00:00+00:00","article_modified_time":"2026-03-25T22:03:32+00:00","og_image":[{"width":1024,"height":683,"url":"https:\/\/akubaa.com\/wp-content\/uploads\/2026\/03\/image-49-1024x683.png","type":"image\/png"}],"author":"AKubaa","twitter_card":"summary_large_image","twitter_misc":{"Escrito por":"AKubaa","Tiempo de lectura":"6 minutos"},"schema":{"@context":"https:\/\/schema.org","@graph":[{"@type":"Article","@id":"https:\/\/akubaa.com\/index.php\/2026\/03\/25\/granma-2-0\/#article","isPartOf":{"@id":"https:\/\/akubaa.com\/index.php\/2026\/03\/25\/granma-2-0\/"},"author":{"name":"AKubaa","@id":"https:\/\/akubaa.com\/#\/schema\/person\/b096b63c1ad27204e55fabb2cf2153a5"},"headline":"\u201cGranma 2.0\u201d: la ayuda que lleg\u00f3 a Cuba\u2026 pero no como t\u00fa crees.","datePublished":"2026-03-25T21:00:00+00:00","dateModified":"2026-03-25T22:03:32+00:00","mainEntityOfPage":{"@id":"https:\/\/akubaa.com\/index.php\/2026\/03\/25\/granma-2-0\/"},"wordCount":944,"commentCount":0,"publisher":{"@id":"https:\/\/akubaa.com\/#\/schema\/person\/b096b63c1ad27204e55fabb2cf2153a5"},"image":{"@id":"https:\/\/akubaa.com\/index.php\/2026\/03\/25\/granma-2-0\/#primaryimage"},"thumbnailUrl":"https:\/\/akubaa.com\/wp-content\/uploads\/2026\/03\/image-49.png","articleSection":["Noticias y Actualidad"],"inLanguage":"es","potentialAction":[{"@type":"CommentAction","name":"Comment","target":["https:\/\/akubaa.com\/index.php\/2026\/03\/25\/granma-2-0\/#respond"]}]},{"@type":"WebPage","@id":"https:\/\/akubaa.com\/index.php\/2026\/03\/25\/granma-2-0\/","url":"https:\/\/akubaa.com\/index.php\/2026\/03\/25\/granma-2-0\/","name":"El llamado\u00a0\u201cGranma 2.0\u201d\u00a0lleg\u00f3 a Cuba con\u00a0ayuda humanitaria. - AKubaa","isPartOf":{"@id":"https:\/\/akubaa.com\/#website"},"primaryImageOfPage":{"@id":"https:\/\/akubaa.com\/index.php\/2026\/03\/25\/granma-2-0\/#primaryimage"},"image":{"@id":"https:\/\/akubaa.com\/index.php\/2026\/03\/25\/granma-2-0\/#primaryimage"},"thumbnailUrl":"https:\/\/akubaa.com\/wp-content\/uploads\/2026\/03\/image-49.png","datePublished":"2026-03-25T21:00:00+00:00","dateModified":"2026-03-25T22:03:32+00:00","description":"El llamado\u00a0\u201cGranma 2.0\u201d\u00a0lleg\u00f3 a Cuba con\u00a0ayuda humanitaria, pero la verdadera pregunta no es qu\u00e9 trajo sino\u00a0para qui\u00e9n realmente vino esa ayuda.","breadcrumb":{"@id":"https:\/\/akubaa.com\/index.php\/2026\/03\/25\/granma-2-0\/#breadcrumb"},"inLanguage":"es","potentialAction":[{"@type":"ReadAction","target":["https:\/\/akubaa.com\/index.php\/2026\/03\/25\/granma-2-0\/"]}]},{"@type":"ImageObject","inLanguage":"es","@id":"https:\/\/akubaa.com\/index.php\/2026\/03\/25\/granma-2-0\/#primaryimage","url":"https:\/\/akubaa.com\/wp-content\/uploads\/2026\/03\/image-49.png","contentUrl":"https:\/\/akubaa.com\/wp-content\/uploads\/2026\/03\/image-49.png","width":1536,"height":1024},{"@type":"BreadcrumbList","@id":"https:\/\/akubaa.com\/index.php\/2026\/03\/25\/granma-2-0\/#breadcrumb","itemListElement":[{"@type":"ListItem","position":1,"name":"Portada","item":"https:\/\/akubaa.com\/"},{"@type":"ListItem","position":2,"name":"\u201cGranma 2.0\u201d: la ayuda que lleg\u00f3 a Cuba\u2026 pero no como t\u00fa crees."}]},{"@type":"WebSite","@id":"https:\/\/akubaa.com\/#website","url":"https:\/\/akubaa.com\/","name":"AKubaa","description":"Vive ,conoce y disfruta Cuba al estilo de A&amp;K.","publisher":{"@id":"https:\/\/akubaa.com\/#\/schema\/person\/b096b63c1ad27204e55fabb2cf2153a5"},"potentialAction":[{"@type":"SearchAction","target":{"@type":"EntryPoint","urlTemplate":"https:\/\/akubaa.com\/?s={search_term_string}"},"query-input":{"@type":"PropertyValueSpecification","valueRequired":true,"valueName":"search_term_string"}}],"inLanguage":"es"},{"@type":["Person","Organization"],"@id":"https:\/\/akubaa.com\/#\/schema\/person\/b096b63c1ad27204e55fabb2cf2153a5","name":"AKubaa","image":{"@type":"ImageObject","inLanguage":"es","@id":"https:\/\/akubaa.com\/wp-content\/uploads\/2025\/08\/Imagen-17.jpeg","url":"https:\/\/akubaa.com\/wp-content\/uploads\/2025\/08\/Imagen-17.jpeg","contentUrl":"https:\/\/akubaa.com\/wp-content\/uploads\/2025\/08\/Imagen-17.jpeg","width":1024,"height":1024,"caption":"AKubaa"},"logo":{"@id":"https:\/\/akubaa.com\/wp-content\/uploads\/2025\/08\/Imagen-17.jpeg"},"sameAs":["https:\/\/akubaa.com","https:\/\/www.facebook.com\/akubaa","https:\/\/www.instagram.com\/akubaa?"],"url":"https:\/\/akubaa.com\/index.php\/profile\/admin\/"}]}},"jetpack_publicize_connections":[],"jetpack_featured_media_url":"https:\/\/akubaa.com\/wp-content\/uploads\/2026\/03\/image-49.png","jetpack_sharing_enabled":true,"jetpack_likes_enabled":true,"jetpack-related-posts":[{"id":2926,"url":"https:\/\/akubaa.com\/index.php\/2026\/03\/28\/los-veleros-con-ayuda-humanitaria\/","url_meta":{"origin":2853,"position":0},"title":"\u00bfDesaparecidos o silenciados?. El giro inesperado de los veleros con ayuda humanitaria rumbo a Cuba.","author":"AKubaa","date":"03\/28\/2026","format":false,"excerpt":"Hay historias que parecen sacadas de una pel\u00edcula\u2026 pero esta es demasiado real. Yo misma, desde aqu\u00ed \u2014entre Miami y ese pedazo de Cuba que uno nunca suelta\u2014 segu\u00eda con preocupaci\u00f3n la noticia de los veleros desaparecidos. Y de pronto, el giro: la\u00a0Guardia Costera de Estados Unidos\u00a0asegura que\u00a0s\u00ed llegaron. Colorear\u2026","rel":"","context":"Entrada similar","block_context":{"text":"Entrada similar","link":""},"img":{"alt_text":"","src":"https:\/\/i0.wp.com\/akubaa.com\/wp-content\/uploads\/2026\/03\/image-80.png?resize=350%2C200&ssl=1","width":350,"height":200,"srcset":"https:\/\/i0.wp.com\/akubaa.com\/wp-content\/uploads\/2026\/03\/image-80.png?resize=350%2C200&ssl=1 1x, https:\/\/i0.wp.com\/akubaa.com\/wp-content\/uploads\/2026\/03\/image-80.png?resize=525%2C300&ssl=1 1.5x, https:\/\/i0.wp.com\/akubaa.com\/wp-content\/uploads\/2026\/03\/image-80.png?resize=700%2C400&ssl=1 2x, https:\/\/i0.wp.com\/akubaa.com\/wp-content\/uploads\/2026\/03\/image-80.png?resize=1050%2C600&ssl=1 3x, https:\/\/i0.wp.com\/akubaa.com\/wp-content\/uploads\/2026\/03\/image-80.png?resize=1400%2C800&ssl=1 4x"},"classes":[]},{"id":2912,"url":"https:\/\/akubaa.com\/index.php\/2026\/03\/28\/dos-veleros-desaparecidos-rumbo-a-cuba\/","url_meta":{"origin":2853,"position":1},"title":"Dos veleros desaparecidos rumbo a Cuba: la ayuda que se perdi\u00f3 en el mar y las preguntas que nadie quiere responder.","author":"AKubaa","date":"03\/28\/2026","format":false,"excerpt":"Hay historias que empiezan como solidaridad\u2026 y terminan envueltas en silencio. Esta es una de ellas. Dos veleros que partieron desde M\u00e9xico con\u00a0ayuda para Cuba\u00a0hoy no aparecen en ning\u00fan radar, y lo que queda es una mezcla inc\u00f3moda de incertidumbre, pol\u00edtica y mar abierto. Colorear no es un juego: es\u2026","rel":"","context":"En \u00abNoticias y Actualidad\u00bb","block_context":{"text":"Noticias y Actualidad","link":"https:\/\/akubaa.com\/index.php\/category\/noticias-y-actualidad\/"},"img":{"alt_text":"","src":"https:\/\/i0.wp.com\/akubaa.com\/wp-content\/uploads\/2026\/03\/image-74.png?resize=350%2C200&ssl=1","width":350,"height":200,"srcset":"https:\/\/i0.wp.com\/akubaa.com\/wp-content\/uploads\/2026\/03\/image-74.png?resize=350%2C200&ssl=1 1x, https:\/\/i0.wp.com\/akubaa.com\/wp-content\/uploads\/2026\/03\/image-74.png?resize=525%2C300&ssl=1 1.5x, https:\/\/i0.wp.com\/akubaa.com\/wp-content\/uploads\/2026\/03\/image-74.png?resize=700%2C400&ssl=1 2x, https:\/\/i0.wp.com\/akubaa.com\/wp-content\/uploads\/2026\/03\/image-74.png?resize=1050%2C600&ssl=1 3x, https:\/\/i0.wp.com\/akubaa.com\/wp-content\/uploads\/2026\/03\/image-74.png?resize=1400%2C800&ssl=1 4x"},"classes":[]},{"id":1739,"url":"https:\/\/akubaa.com\/index.php\/2025\/10\/26\/huracan-melissa-amenaza-el-oriente-de-cuba\/","url_meta":{"origin":2853,"position":2},"title":"\u00a1Alerta al sur! \u00abLa mala Melissa\u00bb: cuando el Caribe se pone en vilo.","author":"AKubaa","date":"10\/26\/2025","format":false,"excerpt":"Cualquier cubano que se precie sabe del peligro de un cicl\u00f3n y entiende que \u201cmete el pie\u201d cuando menos lo esperas. Hoy les cuento de la Hurac\u00e1n Melissa (s\u00ed, le pusieron nombre de mujer porque viene recargada): ya es hurac\u00e1n de categor\u00eda\u00a0cuatro, y ya se dirige con fuerza hacia el\u2026","rel":"","context":"Entrada similar","block_context":{"text":"Entrada similar","link":""},"img":{"alt_text":"","src":"https:\/\/i0.wp.com\/akubaa.com\/wp-content\/uploads\/2025\/10\/image-57.png?resize=350%2C200&ssl=1","width":350,"height":200,"srcset":"https:\/\/i0.wp.com\/akubaa.com\/wp-content\/uploads\/2025\/10\/image-57.png?resize=350%2C200&ssl=1 1x, https:\/\/i0.wp.com\/akubaa.com\/wp-content\/uploads\/2025\/10\/image-57.png?resize=525%2C300&ssl=1 1.5x, https:\/\/i0.wp.com\/akubaa.com\/wp-content\/uploads\/2025\/10\/image-57.png?resize=700%2C400&ssl=1 2x"},"classes":[]},{"id":1808,"url":"https:\/\/akubaa.com\/index.php\/2025\/10\/31\/alerta-silenciosa-cuando-cuba-le-pide-detalles-a-ee-uu\/","url_meta":{"origin":2853,"position":3},"title":"ALERTA SILENCIOSA: CUANDO CUBA LE PIDE DETALLES A EE.UU.","author":"AKubaa","date":"10\/31\/2025","format":false,"excerpt":"Te voy a contar algo que parece diplomacia, pero en realidad es supervivencia. Despu\u00e9s del golpe brutal del\u00a0hurac\u00e1n Melissa\u00a0en el oriente cubano \u2014inundaciones, derrumbes, tendidos el\u00e9ctricos en el piso, cultivos perdidos, caminos cortados en Santiago de Cuba, Granma y Guant\u00e1namo\u2014 pas\u00f3 algo que casi nunca vemos sin guerra de palabras:\u00a0Estados\u2026","rel":"","context":"En \u00abNoticias y Actualidad\u00bb","block_context":{"text":"Noticias y Actualidad","link":"https:\/\/akubaa.com\/index.php\/category\/noticias-y-actualidad\/"},"img":{"alt_text":"","src":"https:\/\/i0.wp.com\/akubaa.com\/wp-content\/uploads\/2025\/10\/image-67.png?resize=350%2C200&ssl=1","width":350,"height":200,"srcset":"https:\/\/i0.wp.com\/akubaa.com\/wp-content\/uploads\/2025\/10\/image-67.png?resize=350%2C200&ssl=1 1x, https:\/\/i0.wp.com\/akubaa.com\/wp-content\/uploads\/2025\/10\/image-67.png?resize=525%2C300&ssl=1 1.5x, https:\/\/i0.wp.com\/akubaa.com\/wp-content\/uploads\/2025\/10\/image-67.png?resize=700%2C400&ssl=1 2x, https:\/\/i0.wp.com\/akubaa.com\/wp-content\/uploads\/2025\/10\/image-67.png?resize=1050%2C600&ssl=1 3x, https:\/\/i0.wp.com\/akubaa.com\/wp-content\/uploads\/2025\/10\/image-67.png?resize=1400%2C800&ssl=1 4x"},"classes":[]},{"id":618,"url":"https:\/\/akubaa.com\/index.php\/2025\/07\/03\/la-embajada-de-alemania-en-la-habana-y-su-impacto\/","url_meta":{"origin":2853,"position":4},"title":"\u00bfDe verdad ayudar\u00e1n al pueblo?. El anuncio que puso en alerta a toda Cuba.\ud83c\udde8\ud83c\uddfa","author":"AKubaa","date":"07\/03\/2025","format":false,"excerpt":"\u00bfSab\u00edas que un solo anuncio puede despertar m\u00e1s dudas que certezas?. No estoy exagerando. A veces, basta una publicaci\u00f3n en redes sociales para que medio pa\u00eds levante una ceja, y la otra mitad se llene de esperanza. As\u00ed ocurri\u00f3 esta semana con algo que, en teor\u00eda, deb\u00eda sonar a buena\u2026","rel":"","context":"En \u00abNoticias y Actualidad\u00bb","block_context":{"text":"Noticias y Actualidad","link":"https:\/\/akubaa.com\/index.php\/category\/noticias-y-actualidad\/"},"img":{"alt_text":"","src":"https:\/\/i0.wp.com\/akubaa.com\/wp-content\/uploads\/2025\/07\/image-5.png?resize=350%2C200&ssl=1","width":350,"height":200,"srcset":"https:\/\/i0.wp.com\/akubaa.com\/wp-content\/uploads\/2025\/07\/image-5.png?resize=350%2C200&ssl=1 1x, https:\/\/i0.wp.com\/akubaa.com\/wp-content\/uploads\/2025\/07\/image-5.png?resize=525%2C300&ssl=1 1.5x, https:\/\/i0.wp.com\/akubaa.com\/wp-content\/uploads\/2025\/07\/image-5.png?resize=700%2C400&ssl=1 2x, https:\/\/i0.wp.com\/akubaa.com\/wp-content\/uploads\/2025\/07\/image-5.png?resize=1050%2C600&ssl=1 3x, https:\/\/i0.wp.com\/akubaa.com\/wp-content\/uploads\/2025\/07\/image-5.png?resize=1400%2C800&ssl=1 4x"},"classes":[]},{"id":1753,"url":"https:\/\/akubaa.com\/index.php\/2025\/10\/27\/el-huracan-melissa-se-intesifica\/","url_meta":{"origin":2853,"position":5},"title":"Rubiera advierte y Cuba contiene la respiraci\u00f3n: Melissa, el hurac\u00e1n m\u00e1s feroz del Caribe","author":"AKubaa","date":"10\/27\/2025","format":false,"excerpt":"Por estos d\u00edas, hay algo en el aire que no es solo humedad: es tensi\u00f3n. Esa sensaci\u00f3n que los cubanos conocemos bien, cuando el cielo se pone color plomo y la radio se convierte en la voz de la esperanza. Desde anoche, mientras medio pa\u00eds intentaba dormir, el\u00a0doctor Jos\u00e9 Rubiera\u00a0apareci\u00f3\u2026","rel":"","context":"En \u00abNoticias y Actualidad\u00bb","block_context":{"text":"Noticias y Actualidad","link":"https:\/\/akubaa.com\/index.php\/category\/noticias-y-actualidad\/"},"img":{"alt_text":"","src":"https:\/\/i0.wp.com\/akubaa.com\/wp-content\/uploads\/2025\/10\/IMG_7060.jpg?resize=350%2C200&ssl=1","width":350,"height":200,"srcset":"https:\/\/i0.wp.com\/akubaa.com\/wp-content\/uploads\/2025\/10\/IMG_7060.jpg?resize=350%2C200&ssl=1 1x, https:\/\/i0.wp.com\/akubaa.com\/wp-content\/uploads\/2025\/10\/IMG_7060.jpg?resize=525%2C300&ssl=1 1.5x, https:\/\/i0.wp.com\/akubaa.com\/wp-content\/uploads\/2025\/10\/IMG_7060.jpg?resize=700%2C400&ssl=1 2x, https:\/\/i0.wp.com\/akubaa.com\/wp-content\/uploads\/2025\/10\/IMG_7060.jpg?resize=1050%2C600&ssl=1 3x"},"classes":[]}],"jetpack_shortlink":"https:\/\/wp.me\/pgrKo3-K1","_links":{"self":[{"href":"https:\/\/akubaa.com\/index.php\/wp-json\/wp\/v2\/posts\/2853","targetHints":{"allow":["GET"]}}],"collection":[{"href":"https:\/\/akubaa.com\/index.php\/wp-json\/wp\/v2\/posts"}],"about":[{"href":"https:\/\/akubaa.com\/index.php\/wp-json\/wp\/v2\/types\/post"}],"author":[{"embeddable":true,"href":"https:\/\/akubaa.com\/index.php\/wp-json\/wp\/v2\/users\/1"}],"replies":[{"embeddable":true,"href":"https:\/\/akubaa.com\/index.php\/wp-json\/wp\/v2\/comments?post=2853"}],"version-history":[{"count":0,"href":"https:\/\/akubaa.com\/index.php\/wp-json\/wp\/v2\/posts\/2853\/revisions"}],"wp:featuredmedia":[{"embeddable":true,"href":"https:\/\/akubaa.com\/index.php\/wp-json\/wp\/v2\/media\/2854"}],"wp:attachment":[{"href":"https:\/\/akubaa.com\/index.php\/wp-json\/wp\/v2\/media?parent=2853"}],"wp:term":[{"taxonomy":"category","embeddable":true,"href":"https:\/\/akubaa.com\/index.php\/wp-json\/wp\/v2\/categories?post=2853"},{"taxonomy":"post_tag","embeddable":true,"href":"https:\/\/akubaa.com\/index.php\/wp-json\/wp\/v2\/tags?post=2853"}],"curies":[{"name":"wp","href":"https:\/\/api.w.org\/{rel}","templated":true}]}}