{"id":2817,"date":"2026-03-22T07:00:00","date_gmt":"2026-03-22T11:00:00","guid":{"rendered":"https:\/\/akubaa.com\/?p=2817"},"modified":"2026-03-23T19:01:52","modified_gmt":"2026-03-23T23:01:52","slug":"florida-mira-al-mar-cuba-mira-al-abismo-el-miedo-a-un-nuevo-exodo-ya-no-se-susurra","status":"publish","type":"post","link":"https:\/\/akubaa.com\/index.php\/2026\/03\/22\/florida-mira-al-mar-cuba-mira-al-abismo-el-miedo-a-un-nuevo-exodo-ya-no-se-susurra\/","title":{"rendered":"Florida mira al mar, Cuba mira al abismo: el miedo a un nuevo \u00e9xodo ya no se susurra."},"content":{"rendered":"\n<h3 class=\"wp-block-heading\"><strong>Posible \u00e9xodo masivo de cubanos: Florida en alerta y la Isla al l\u00edmite<\/strong><\/h3>\n\n\n\n<p>Yo no creo que en Cuba haya que esperar una explosi\u00f3n para saber que algo se est\u00e1 rompiendo. Basta con mirar la vida diaria: apagones largos, comida m\u00e1s cara que la paciencia, transporte hecho polvo y una sensaci\u00f3n de \u201cs\u00e1lvese quien pueda\u201d que ya no cabe en ninguna consigna. En ese contexto, el gobernador Ron DeSantis advirti\u00f3 que Florida se prepara ante un posible&nbsp;<strong>\u00e9xodo masivo de cubanos<\/strong>, mientras autoridades federales coordinan planes de contingencia. La preocupaci\u00f3n no sale de la nada: el jefe del Comando Sur, Francis L. Donovan, confirm\u00f3 que Washington mantiene activos planes de emergencia ante una posible migraci\u00f3n mar\u00edtima desde Cuba, aunque descart\u00f3 una invasi\u00f3n militar.&nbsp;<\/p>\n\n\n\n<hr class=\"wp-block-separator has-alpha-channel-opacity\"\/>\n\n\n\n<div class=\"wp-block-media-text is-stacked-on-mobile\"><figure class=\"wp-block-media-text__media\"><img loading=\"lazy\" decoding=\"async\" width=\"1024\" height=\"683\" src=\"https:\/\/akubaa.com\/wp-content\/uploads\/2026\/02\/Imagen-222-1024x683.jpeg\" alt=\"\" class=\"wp-image-2608 size-full\" srcset=\"https:\/\/akubaa.com\/wp-content\/uploads\/2026\/02\/Imagen-222-1024x683.jpeg 1024w, https:\/\/akubaa.com\/wp-content\/uploads\/2026\/02\/Imagen-222-300x200.jpeg 300w, https:\/\/akubaa.com\/wp-content\/uploads\/2026\/02\/Imagen-222-768x512.jpeg 768w, https:\/\/akubaa.com\/wp-content\/uploads\/2026\/02\/Imagen-222-1320x880.jpeg 1320w, https:\/\/akubaa.com\/wp-content\/uploads\/2026\/02\/Imagen-222-600x400.jpeg 600w, https:\/\/akubaa.com\/wp-content\/uploads\/2026\/02\/Imagen-222.jpeg 1536w\" sizes=\"auto, (max-width: 1024px) 100vw, 1024px\" \/><\/figure><div class=\"wp-block-media-text__content\">\n<p>Colorear no es un juego: es desarrollo f\u00edsico, social y emocional. Cuando un ni\u00f1o colorea, pasa algo que ninguna pantalla puede replicar:\u00a0<strong>Impacto social:<\/strong>\u00a0invita al di\u00e1logo, al compartir, al \u201cmira lo que hice\u201d, al momento en familia.\u00a0<strong>Desarrollo f\u00edsico:<\/strong>\u00a0mejora la motricidad fina, la coordinaci\u00f3n mano-ojo y fortalece los m\u00fasculos de los dedos.\u00a0<strong>Beneficio psicol\u00f3gico:<\/strong>\u00a0reduce ansiedad, mejora la concentraci\u00f3n y estimula la creatividad infantil.<\/p>\n\n\n\n<div class=\"wp-block-buttons is-content-justification-center is-layout-flex wp-container-core-buttons-is-layout-a89b3969 wp-block-buttons-is-layout-flex\">\n<div class=\"wp-block-button\"><a class=\"wp-block-button__link wp-element-button\" href=\"https:\/\/a.co\/d\/01ZKBJJj\">Compra los mejores libros de colorear para tus ni\u00f1os aqu\u00ed . <\/a><\/div>\n<\/div>\n<\/div><\/div>\n\n\n\n<hr class=\"wp-block-separator has-alpha-channel-opacity\"\/>\n\n\n\n<h3 class=\"wp-block-heading\"><strong>Posible \u00e9xodo masivo de cubanos: cuando el drama cubano toca la puerta de Florida<\/strong><\/h3>\n\n\n\n<p>DeSantis fue directo: no quiere ver una flotilla llegando a los Cayos. Y esa frase, m\u00e1s all\u00e1 de la pol\u00edtica, revive fantasmas que en Miami, Hialeah y Tampa nadie ha olvidado. El&nbsp;<strong>\u00e9xodo del Mariel<\/strong>&nbsp;y la&nbsp;<strong>crisis de los balseros<\/strong>&nbsp;no son cap\u00edtulos viejos en un libro; son heridas familiares, historias contadas en salas peque\u00f1as, entre caf\u00e9 fuerte y fotos de gente que nunca regres\u00f3 igual. Seg\u00fan sus declaraciones recientes, el gobernador vincula el riesgo migratorio con la crisis total que vive la Isla y sostiene que no basta con cambiar una cara en el poder, sino que hace falta una transformaci\u00f3n pol\u00edtica y econ\u00f3mica real.&nbsp;<\/p>\n\n\n\n<hr class=\"wp-block-separator has-alpha-channel-opacity\"\/>\n\n\n\n<div class=\"wp-block-jetpack-related-posts\">\n<h2 class=\"wp-block-heading\">Te Puede Interesar <\/h2>\n<\/div>\n\n\n\n<hr class=\"wp-block-separator has-alpha-channel-opacity\"\/>\n\n\n\n<h3 class=\"wp-block-heading\"><strong>La visi\u00f3n de AKubaa sobre el posible \u00e9xodo masivo de cubanos<\/strong><\/h3>\n\n\n\n<p>Aqu\u00ed es donde yo pongo el freno. Porque hablar de&nbsp;<strong>posible \u00e9xodo masivo de cubanos<\/strong>&nbsp;solo como problema de seguridad en Florida ser\u00eda demasiado c\u00f3modo. El verdadero esc\u00e1ndalo es que Cuba sigue expulsando a su gente. La gente no se lanza al mar por aventura; se lanza porque siente que en tierra firme ya no le queda suelo. El cubano de a pie no est\u00e1 pensando en geopol\u00edtica: est\u00e1 pensando en el arroz, en el ventilador apagado, en la medicina que no aparece, en el hijo que le dice desde Espa\u00f1a o M\u00e9xico: \u201csal de ah\u00ed como puedas\u201d.<\/p>\n\n\n\n<p>Y en la calle, la voz del pueblo suena m\u00e1s o menos as\u00ed: \u201cesto no hay quien lo aguante m\u00e1s\u201d. Esa frase, dicha en Centro Habana o en una cocina de Hialeah, resume mejor la crisis que cualquier discurso oficial.<\/p>\n\n\n\n<hr class=\"wp-block-separator has-alpha-channel-opacity\"\/>\n\n\n\n<div class=\"wp-block-media-text is-stacked-on-mobile\"><figure class=\"wp-block-media-text__media\"><img loading=\"lazy\" decoding=\"async\" width=\"1024\" height=\"683\" src=\"https:\/\/akubaa.com\/wp-content\/uploads\/2026\/01\/Imagen-223-1024x683.jpeg\" alt=\"\" class=\"wp-image-2445 size-full\" srcset=\"https:\/\/akubaa.com\/wp-content\/uploads\/2026\/01\/Imagen-223-1024x683.jpeg 1024w, https:\/\/akubaa.com\/wp-content\/uploads\/2026\/01\/Imagen-223-600x400.jpeg 600w, https:\/\/akubaa.com\/wp-content\/uploads\/2026\/01\/Imagen-223-300x200.jpeg 300w, https:\/\/akubaa.com\/wp-content\/uploads\/2026\/01\/Imagen-223-768x512.jpeg 768w, https:\/\/akubaa.com\/wp-content\/uploads\/2026\/01\/Imagen-223-1320x880.jpeg 1320w, https:\/\/akubaa.com\/wp-content\/uploads\/2026\/01\/Imagen-223.jpeg 1536w\" sizes=\"auto, (max-width: 1024px) 100vw, 1024px\" \/><\/figure><div class=\"wp-block-media-text__content\">\n<p>\u00bfTienes un negocio? . Publicalo aqu\u00ed ,solo te tarda un minuto y conecta con personas que buscan lo que t\u00fa ofreces.<strong><a href=\"https:\/\/akubaa.com\/index.php\/directorio-de-negocios-cubanos-akubaa\/\">Clic y descubre todas las ventajas\u00a0<\/a><\/strong>que puede obtener t\u00fa ahora mismo. Es hora de llevarte al lugar que merece sin luchar con el algoritmo.<\/p>\n\n\n\n<div class=\"wp-block-buttons is-content-justification-center is-layout-flex wp-container-core-buttons-is-layout-a89b3969 wp-block-buttons-is-layout-flex\">\n<div class=\"wp-block-button\"><a class=\"wp-block-button__link wp-element-button\" href=\"https:\/\/akubaa.com\/index.php\/negocio\/\">Publica tu negocio AQUI. <\/a><\/div>\n<\/div>\n<\/div><\/div>\n\n\n\n<hr class=\"wp-block-separator has-alpha-channel-opacity\"\/>\n\n\n\n<h3 class=\"wp-block-heading\"><strong>Florida, la di\u00e1spora y la pregunta que nadie quiere responder<\/strong><\/h3>\n\n\n\n<p>La di\u00e1spora cubana vive este tema con el coraz\u00f3n partido. Quiere cambio para Cuba, pero teme que ese cambio llegue, otra vez, montado en desesperaci\u00f3n y balsas. Porque cada alarma en Florida tambi\u00e9n significa otra verdad dolorosa: la Isla sigue siendo una f\u00e1brica de despedidas.<\/p>\n\n\n\n<p>En AKubaa lo vemos claro: mientras no cambie el sistema que asfixia al cubano, el riesgo de otro&nbsp;<strong>\u00e9xodo masivo de cubanos<\/strong>&nbsp;seguir\u00e1 flotando sobre el Estrecho como una amenaza real. La pregunta no es solo si Florida est\u00e1 lista. La pregunta es m\u00e1s dura:&nbsp;<strong>\u00bfcu\u00e1nto m\u00e1s puede aguantar Cuba antes de que el mar vuelva a llenarse de desesperaci\u00f3n?<\/strong>. S\u00famate al debate en la web y en las redes de&nbsp;<strong>AKubaa<\/strong>.<\/p>\n\n\n\n<hr class=\"wp-block-separator has-alpha-channel-opacity\"\/>\n\n\n\n<h2 class=\"wp-block-heading\">M\u00e1s en AKubaa<\/h2>\n\n\n<ul class=\"wp-block-latest-posts__list is-grid columns-3 wp-block-latest-posts\"><li><div class=\"wp-block-latest-posts__featured-image aligncenter\"><a href=\"https:\/\/akubaa.com\/index.php\/2026\/04\/21\/imaray-ulloa-de-influecer-a-ganadora-de-fisicoculturismo\/\" aria-label=\"Imaray Ulloa se sube a otra tarima: dos medallas, ocho meses de disciplina y una lecci\u00f3n que la di\u00e1spora entendi\u00f3 enseguida.\"><img loading=\"lazy\" decoding=\"async\" width=\"150\" height=\"150\" src=\"https:\/\/akubaa.com\/wp-content\/uploads\/2026\/04\/image-14-150x150.png\" class=\"attachment-thumbnail size-thumbnail wp-post-image\" alt=\"\" style=\"\" srcset=\"https:\/\/akubaa.com\/wp-content\/uploads\/2026\/04\/image-14-150x150.png 150w, https:\/\/akubaa.com\/wp-content\/uploads\/2026\/04\/image-14-300x300.png 300w, https:\/\/akubaa.com\/wp-content\/uploads\/2026\/04\/image-14-100x100.png 100w\" sizes=\"auto, (max-width: 150px) 100vw, 150px\" \/><\/a><\/div><a class=\"wp-block-latest-posts__post-title\" href=\"https:\/\/akubaa.com\/index.php\/2026\/04\/21\/imaray-ulloa-de-influecer-a-ganadora-de-fisicoculturismo\/\">Imaray Ulloa se sube a otra tarima: dos medallas, ocho meses de disciplina y una lecci\u00f3n que la di\u00e1spora entendi\u00f3 enseguida.<\/a><\/li>\n<li><div class=\"wp-block-latest-posts__featured-image aligncenter\"><a href=\"https:\/\/akubaa.com\/index.php\/2026\/04\/10\/horoscopo-del-10-de-abril-de-2026\/\" aria-label=\"Hor\u00f3scopo del 10 de abril de 2026: lo que el universo te quiere decir hoy (y lo que debes evitar a toda costa).\u00a0\"><img loading=\"lazy\" decoding=\"async\" width=\"150\" height=\"150\" src=\"https:\/\/akubaa.com\/wp-content\/uploads\/2026\/04\/image-13-150x150.png\" class=\"attachment-thumbnail size-thumbnail wp-post-image\" alt=\"\" style=\"\" srcset=\"https:\/\/akubaa.com\/wp-content\/uploads\/2026\/04\/image-13-150x150.png 150w, https:\/\/akubaa.com\/wp-content\/uploads\/2026\/04\/image-13-300x300.png 300w, https:\/\/akubaa.com\/wp-content\/uploads\/2026\/04\/image-13-100x100.png 100w\" sizes=\"auto, (max-width: 150px) 100vw, 150px\" \/><\/a><\/div><a class=\"wp-block-latest-posts__post-title\" href=\"https:\/\/akubaa.com\/index.php\/2026\/04\/10\/horoscopo-del-10-de-abril-de-2026\/\">Hor\u00f3scopo del 10 de abril de 2026: lo que el universo te quiere decir hoy (y lo que debes evitar a toda costa).\u00a0<\/a><\/li>\n<li><div class=\"wp-block-latest-posts__featured-image aligncenter\"><a href=\"https:\/\/akubaa.com\/index.php\/2026\/04\/09\/horoscopo-del-9-de-abril-de-2026\/\" aria-label=\"\ud83d\udd2e\u00a0Hor\u00f3scopo del 9 de abril de 2026: lo que viene no es casualidad\u2026 es destino (y t\u00fa lo vas a sentir hoy).\"><img loading=\"lazy\" decoding=\"async\" width=\"150\" height=\"150\" src=\"https:\/\/akubaa.com\/wp-content\/uploads\/2026\/04\/image-12-150x150.png\" class=\"attachment-thumbnail size-thumbnail wp-post-image\" alt=\"\" style=\"\" srcset=\"https:\/\/akubaa.com\/wp-content\/uploads\/2026\/04\/image-12-150x150.png 150w, https:\/\/akubaa.com\/wp-content\/uploads\/2026\/04\/image-12-300x300.png 300w, https:\/\/akubaa.com\/wp-content\/uploads\/2026\/04\/image-12-100x100.png 100w\" sizes=\"auto, (max-width: 150px) 100vw, 150px\" \/><\/a><\/div><a class=\"wp-block-latest-posts__post-title\" href=\"https:\/\/akubaa.com\/index.php\/2026\/04\/09\/horoscopo-del-9-de-abril-de-2026\/\">\ud83d\udd2e\u00a0Hor\u00f3scopo del 9 de abril de 2026: lo que viene no es casualidad\u2026 es destino (y t\u00fa lo vas a sentir hoy).<\/a><\/li>\n<li><div class=\"wp-block-latest-posts__featured-image aligncenter\"><a href=\"https:\/\/akubaa.com\/index.php\/2026\/04\/08\/horoscopo-del-8-de-abril-de-2026\/\" aria-label=\"\ud83d\udd2e\u00a0Hor\u00f3scopo del 8 de abril de 2026: lo que el destino no te est\u00e1 diciendo (y deber\u00edas escuchar hoy).\"><img loading=\"lazy\" decoding=\"async\" width=\"150\" height=\"150\" src=\"https:\/\/akubaa.com\/wp-content\/uploads\/2026\/04\/image-11-150x150.png\" class=\"attachment-thumbnail size-thumbnail wp-post-image\" alt=\"\" style=\"\" srcset=\"https:\/\/akubaa.com\/wp-content\/uploads\/2026\/04\/image-11-150x150.png 150w, https:\/\/akubaa.com\/wp-content\/uploads\/2026\/04\/image-11-300x300.png 300w, https:\/\/akubaa.com\/wp-content\/uploads\/2026\/04\/image-11-100x100.png 100w\" sizes=\"auto, (max-width: 150px) 100vw, 150px\" \/><\/a><\/div><a class=\"wp-block-latest-posts__post-title\" href=\"https:\/\/akubaa.com\/index.php\/2026\/04\/08\/horoscopo-del-8-de-abril-de-2026\/\">\ud83d\udd2e\u00a0Hor\u00f3scopo del 8 de abril de 2026: lo que el destino no te est\u00e1 diciendo (y deber\u00edas escuchar hoy).<\/a><\/li>\n<li><div class=\"wp-block-latest-posts__featured-image aligncenter\"><a href=\"https:\/\/akubaa.com\/index.php\/2026\/04\/07\/leoni-torres-y-el-b-convierten-cubano-en-un-grito-de-identidad-y-libertad\/\" aria-label=\"\u201cViva Cuba Libre\u201d: la canci\u00f3n que no es solo m\u00fasica\u2026 es un mensaje que ya no se puede callar.\"><img loading=\"lazy\" decoding=\"async\" width=\"150\" height=\"150\" src=\"https:\/\/akubaa.com\/wp-content\/uploads\/2026\/04\/image-10-150x150.png\" class=\"attachment-thumbnail size-thumbnail wp-post-image\" alt=\"\" style=\"\" srcset=\"https:\/\/akubaa.com\/wp-content\/uploads\/2026\/04\/image-10-150x150.png 150w, https:\/\/akubaa.com\/wp-content\/uploads\/2026\/04\/image-10-300x300.png 300w, https:\/\/akubaa.com\/wp-content\/uploads\/2026\/04\/image-10-100x100.png 100w\" sizes=\"auto, (max-width: 150px) 100vw, 150px\" \/><\/a><\/div><a class=\"wp-block-latest-posts__post-title\" href=\"https:\/\/akubaa.com\/index.php\/2026\/04\/07\/leoni-torres-y-el-b-convierten-cubano-en-un-grito-de-identidad-y-libertad\/\">\u201cViva Cuba Libre\u201d: la canci\u00f3n que no es solo m\u00fasica\u2026 es un mensaje que ya no se puede callar.<\/a><\/li>\n<li><div class=\"wp-block-latest-posts__featured-image aligncenter\"><a href=\"https:\/\/akubaa.com\/index.php\/2026\/04\/07\/horoscopo-del-7-de-abril-de-2026\/\" aria-label=\"\ud83d\udd2e\u00a0Hor\u00f3scopo del 7 de abril de 2026: lo que viene no avisa\u2026 pero s\u00ed se siente.\"><img loading=\"lazy\" decoding=\"async\" width=\"150\" height=\"150\" src=\"https:\/\/akubaa.com\/wp-content\/uploads\/2026\/04\/image-9-150x150.png\" class=\"attachment-thumbnail size-thumbnail wp-post-image\" alt=\"\" style=\"\" srcset=\"https:\/\/akubaa.com\/wp-content\/uploads\/2026\/04\/image-9-150x150.png 150w, https:\/\/akubaa.com\/wp-content\/uploads\/2026\/04\/image-9-300x300.png 300w, https:\/\/akubaa.com\/wp-content\/uploads\/2026\/04\/image-9-100x100.png 100w\" sizes=\"auto, (max-width: 150px) 100vw, 150px\" \/><\/a><\/div><a class=\"wp-block-latest-posts__post-title\" href=\"https:\/\/akubaa.com\/index.php\/2026\/04\/07\/horoscopo-del-7-de-abril-de-2026\/\">\ud83d\udd2e\u00a0Hor\u00f3scopo del 7 de abril de 2026: lo que viene no avisa\u2026 pero s\u00ed se siente.<\/a><\/li>\n<\/ul>","protected":false},"excerpt":{"rendered":"<p>Posible \u00e9xodo masivo de cubanos: Florida en alerta y la Isla al l\u00edmite Yo no creo que en Cuba haya que esperar una explosi\u00f3n para saber que algo se est\u00e1 rompiendo. Basta con mirar la vida diaria: apagones largos, comida m\u00e1s cara que la paciencia, transporte hecho polvo y una sensaci\u00f3n de \u201cs\u00e1lvese quien pueda\u201d [&hellip;]<\/p>\n","protected":false},"author":1,"featured_media":2818,"comment_status":"open","ping_status":"open","sticky":false,"template":"","format":"standard","meta":{"jetpack_post_was_ever_published":false,"_jetpack_newsletter_access":"","_jetpack_dont_email_post_to_subs":false,"_jetpack_newsletter_tier_id":0,"_jetpack_memberships_contains_paywalled_content":false,"_jetpack_memberships_contains_paid_content":false,"footnotes":"","jetpack_publicize_message":"","jetpack_publicize_feature_enabled":true,"jetpack_social_post_already_shared":true,"jetpack_social_options":{"image_generator_settings":{"template":"highway","default_image_id":0,"font":"","enabled":false},"version":2}},"categories":[4],"tags":[],"class_list":["post-2817","post","type-post","status-publish","format-standard","has-post-thumbnail","hentry","category-noticias-y-actualidad"],"yoast_head":"<!-- This site is optimized with the Yoast SEO plugin v27.5 - https:\/\/yoast.com\/product\/yoast-seo-wordpress\/ -->\n<title>Posible \u00e9xodo masivo de cubanos. - AKubaa<\/title>\n<meta name=\"description\" content=\"El gobernador Ron DeSantis advirti\u00f3 que Florida se prepara ante un posible\u00a0\u00e9xodo masivo de cubanos y y la Isla al l\u00edmite .\" \/>\n<meta name=\"robots\" content=\"index, follow, max-snippet:-1, max-image-preview:large, max-video-preview:-1\" \/>\n<link rel=\"canonical\" href=\"https:\/\/akubaa.com\/index.php\/2026\/03\/22\/florida-mira-al-mar-cuba-mira-al-abismo-el-miedo-a-un-nuevo-exodo-ya-no-se-susurra\/\" \/>\n<meta property=\"og:locale\" content=\"es_ES\" \/>\n<meta property=\"og:type\" content=\"article\" \/>\n<meta property=\"og:title\" content=\"Posible \u00e9xodo masivo de cubanos. - AKubaa\" \/>\n<meta property=\"og:description\" content=\"El gobernador Ron DeSantis advirti\u00f3 que Florida se prepara ante un posible\u00a0\u00e9xodo masivo de cubanos y y la Isla al l\u00edmite .\" \/>\n<meta property=\"og:url\" content=\"https:\/\/akubaa.com\/index.php\/2026\/03\/22\/florida-mira-al-mar-cuba-mira-al-abismo-el-miedo-a-un-nuevo-exodo-ya-no-se-susurra\/\" \/>\n<meta property=\"og:site_name\" content=\"AKubaa\" \/>\n<meta property=\"article:publisher\" content=\"https:\/\/www.facebook.com\/akubaa\" \/>\n<meta property=\"article:author\" content=\"https:\/\/www.facebook.com\/akubaa\" \/>\n<meta property=\"article:published_time\" content=\"2026-03-22T11:00:00+00:00\" \/>\n<meta property=\"article:modified_time\" content=\"2026-03-23T23:01:52+00:00\" \/>\n<meta property=\"og:image\" content=\"https:\/\/akubaa.com\/wp-content\/uploads\/2026\/03\/image-31-1024x683.png\" \/>\n\t<meta property=\"og:image:width\" content=\"1024\" \/>\n\t<meta property=\"og:image:height\" content=\"683\" \/>\n\t<meta property=\"og:image:type\" content=\"image\/png\" \/>\n<meta name=\"author\" content=\"AKubaa\" \/>\n<meta name=\"twitter:card\" content=\"summary_large_image\" \/>\n<meta name=\"twitter:label1\" content=\"Escrito por\" \/>\n\t<meta name=\"twitter:data1\" content=\"AKubaa\" \/>\n\t<meta name=\"twitter:label2\" content=\"Tiempo de lectura\" \/>\n\t<meta name=\"twitter:data2\" content=\"4 minutos\" \/>\n<script type=\"application\/ld+json\" class=\"yoast-schema-graph\">{\"@context\":\"https:\\\/\\\/schema.org\",\"@graph\":[{\"@type\":\"Article\",\"@id\":\"https:\\\/\\\/akubaa.com\\\/index.php\\\/2026\\\/03\\\/22\\\/florida-mira-al-mar-cuba-mira-al-abismo-el-miedo-a-un-nuevo-exodo-ya-no-se-susurra\\\/#article\",\"isPartOf\":{\"@id\":\"https:\\\/\\\/akubaa.com\\\/index.php\\\/2026\\\/03\\\/22\\\/florida-mira-al-mar-cuba-mira-al-abismo-el-miedo-a-un-nuevo-exodo-ya-no-se-susurra\\\/\"},\"author\":{\"name\":\"AKubaa\",\"@id\":\"https:\\\/\\\/akubaa.com\\\/#\\\/schema\\\/person\\\/b096b63c1ad27204e55fabb2cf2153a5\"},\"headline\":\"Florida mira al mar, Cuba mira al abismo: el miedo a un nuevo \u00e9xodo ya no se susurra.\",\"datePublished\":\"2026-03-22T11:00:00+00:00\",\"dateModified\":\"2026-03-23T23:01:52+00:00\",\"mainEntityOfPage\":{\"@id\":\"https:\\\/\\\/akubaa.com\\\/index.php\\\/2026\\\/03\\\/22\\\/florida-mira-al-mar-cuba-mira-al-abismo-el-miedo-a-un-nuevo-exodo-ya-no-se-susurra\\\/\"},\"wordCount\":729,\"commentCount\":0,\"publisher\":{\"@id\":\"https:\\\/\\\/akubaa.com\\\/#\\\/schema\\\/person\\\/b096b63c1ad27204e55fabb2cf2153a5\"},\"image\":{\"@id\":\"https:\\\/\\\/akubaa.com\\\/index.php\\\/2026\\\/03\\\/22\\\/florida-mira-al-mar-cuba-mira-al-abismo-el-miedo-a-un-nuevo-exodo-ya-no-se-susurra\\\/#primaryimage\"},\"thumbnailUrl\":\"https:\\\/\\\/akubaa.com\\\/wp-content\\\/uploads\\\/2026\\\/03\\\/image-31.png\",\"articleSection\":[\"Noticias y Actualidad\"],\"inLanguage\":\"es\",\"potentialAction\":[{\"@type\":\"CommentAction\",\"name\":\"Comment\",\"target\":[\"https:\\\/\\\/akubaa.com\\\/index.php\\\/2026\\\/03\\\/22\\\/florida-mira-al-mar-cuba-mira-al-abismo-el-miedo-a-un-nuevo-exodo-ya-no-se-susurra\\\/#respond\"]}]},{\"@type\":\"WebPage\",\"@id\":\"https:\\\/\\\/akubaa.com\\\/index.php\\\/2026\\\/03\\\/22\\\/florida-mira-al-mar-cuba-mira-al-abismo-el-miedo-a-un-nuevo-exodo-ya-no-se-susurra\\\/\",\"url\":\"https:\\\/\\\/akubaa.com\\\/index.php\\\/2026\\\/03\\\/22\\\/florida-mira-al-mar-cuba-mira-al-abismo-el-miedo-a-un-nuevo-exodo-ya-no-se-susurra\\\/\",\"name\":\"Posible \u00e9xodo masivo de cubanos. - AKubaa\",\"isPartOf\":{\"@id\":\"https:\\\/\\\/akubaa.com\\\/#website\"},\"primaryImageOfPage\":{\"@id\":\"https:\\\/\\\/akubaa.com\\\/index.php\\\/2026\\\/03\\\/22\\\/florida-mira-al-mar-cuba-mira-al-abismo-el-miedo-a-un-nuevo-exodo-ya-no-se-susurra\\\/#primaryimage\"},\"image\":{\"@id\":\"https:\\\/\\\/akubaa.com\\\/index.php\\\/2026\\\/03\\\/22\\\/florida-mira-al-mar-cuba-mira-al-abismo-el-miedo-a-un-nuevo-exodo-ya-no-se-susurra\\\/#primaryimage\"},\"thumbnailUrl\":\"https:\\\/\\\/akubaa.com\\\/wp-content\\\/uploads\\\/2026\\\/03\\\/image-31.png\",\"datePublished\":\"2026-03-22T11:00:00+00:00\",\"dateModified\":\"2026-03-23T23:01:52+00:00\",\"description\":\"El gobernador Ron DeSantis advirti\u00f3 que Florida se prepara ante un posible\u00a0\u00e9xodo masivo de cubanos y y la Isla al l\u00edmite .\",\"breadcrumb\":{\"@id\":\"https:\\\/\\\/akubaa.com\\\/index.php\\\/2026\\\/03\\\/22\\\/florida-mira-al-mar-cuba-mira-al-abismo-el-miedo-a-un-nuevo-exodo-ya-no-se-susurra\\\/#breadcrumb\"},\"inLanguage\":\"es\",\"potentialAction\":[{\"@type\":\"ReadAction\",\"target\":[\"https:\\\/\\\/akubaa.com\\\/index.php\\\/2026\\\/03\\\/22\\\/florida-mira-al-mar-cuba-mira-al-abismo-el-miedo-a-un-nuevo-exodo-ya-no-se-susurra\\\/\"]}]},{\"@type\":\"ImageObject\",\"inLanguage\":\"es\",\"@id\":\"https:\\\/\\\/akubaa.com\\\/index.php\\\/2026\\\/03\\\/22\\\/florida-mira-al-mar-cuba-mira-al-abismo-el-miedo-a-un-nuevo-exodo-ya-no-se-susurra\\\/#primaryimage\",\"url\":\"https:\\\/\\\/akubaa.com\\\/wp-content\\\/uploads\\\/2026\\\/03\\\/image-31.png\",\"contentUrl\":\"https:\\\/\\\/akubaa.com\\\/wp-content\\\/uploads\\\/2026\\\/03\\\/image-31.png\",\"width\":1536,\"height\":1024},{\"@type\":\"BreadcrumbList\",\"@id\":\"https:\\\/\\\/akubaa.com\\\/index.php\\\/2026\\\/03\\\/22\\\/florida-mira-al-mar-cuba-mira-al-abismo-el-miedo-a-un-nuevo-exodo-ya-no-se-susurra\\\/#breadcrumb\",\"itemListElement\":[{\"@type\":\"ListItem\",\"position\":1,\"name\":\"Portada\",\"item\":\"https:\\\/\\\/akubaa.com\\\/\"},{\"@type\":\"ListItem\",\"position\":2,\"name\":\"Florida mira al mar, Cuba mira al abismo: el miedo a un nuevo \u00e9xodo ya no se susurra.\"}]},{\"@type\":\"WebSite\",\"@id\":\"https:\\\/\\\/akubaa.com\\\/#website\",\"url\":\"https:\\\/\\\/akubaa.com\\\/\",\"name\":\"AKubaa\",\"description\":\"Vive ,conoce y disfruta Cuba al estilo de A&amp;K.\",\"publisher\":{\"@id\":\"https:\\\/\\\/akubaa.com\\\/#\\\/schema\\\/person\\\/b096b63c1ad27204e55fabb2cf2153a5\"},\"potentialAction\":[{\"@type\":\"SearchAction\",\"target\":{\"@type\":\"EntryPoint\",\"urlTemplate\":\"https:\\\/\\\/akubaa.com\\\/?s={search_term_string}\"},\"query-input\":{\"@type\":\"PropertyValueSpecification\",\"valueRequired\":true,\"valueName\":\"search_term_string\"}}],\"inLanguage\":\"es\"},{\"@type\":[\"Person\",\"Organization\"],\"@id\":\"https:\\\/\\\/akubaa.com\\\/#\\\/schema\\\/person\\\/b096b63c1ad27204e55fabb2cf2153a5\",\"name\":\"AKubaa\",\"image\":{\"@type\":\"ImageObject\",\"inLanguage\":\"es\",\"@id\":\"https:\\\/\\\/akubaa.com\\\/wp-content\\\/uploads\\\/2025\\\/08\\\/Imagen-17.jpeg\",\"url\":\"https:\\\/\\\/akubaa.com\\\/wp-content\\\/uploads\\\/2025\\\/08\\\/Imagen-17.jpeg\",\"contentUrl\":\"https:\\\/\\\/akubaa.com\\\/wp-content\\\/uploads\\\/2025\\\/08\\\/Imagen-17.jpeg\",\"width\":1024,\"height\":1024,\"caption\":\"AKubaa\"},\"logo\":{\"@id\":\"https:\\\/\\\/akubaa.com\\\/wp-content\\\/uploads\\\/2025\\\/08\\\/Imagen-17.jpeg\"},\"sameAs\":[\"https:\\\/\\\/akubaa.com\",\"https:\\\/\\\/www.facebook.com\\\/akubaa\",\"https:\\\/\\\/www.instagram.com\\\/akubaa?\"],\"url\":\"https:\\\/\\\/akubaa.com\\\/index.php\\\/profile\\\/admin\\\/\"}]}<\/script>\n<!-- \/ Yoast SEO plugin. -->","yoast_head_json":{"title":"Posible \u00e9xodo masivo de cubanos. - AKubaa","description":"El gobernador Ron DeSantis advirti\u00f3 que Florida se prepara ante un posible\u00a0\u00e9xodo masivo de cubanos y y la Isla al l\u00edmite .","robots":{"index":"index","follow":"follow","max-snippet":"max-snippet:-1","max-image-preview":"max-image-preview:large","max-video-preview":"max-video-preview:-1"},"canonical":"https:\/\/akubaa.com\/index.php\/2026\/03\/22\/florida-mira-al-mar-cuba-mira-al-abismo-el-miedo-a-un-nuevo-exodo-ya-no-se-susurra\/","og_locale":"es_ES","og_type":"article","og_title":"Posible \u00e9xodo masivo de cubanos. - AKubaa","og_description":"El gobernador Ron DeSantis advirti\u00f3 que Florida se prepara ante un posible\u00a0\u00e9xodo masivo de cubanos y y la Isla al l\u00edmite .","og_url":"https:\/\/akubaa.com\/index.php\/2026\/03\/22\/florida-mira-al-mar-cuba-mira-al-abismo-el-miedo-a-un-nuevo-exodo-ya-no-se-susurra\/","og_site_name":"AKubaa","article_publisher":"https:\/\/www.facebook.com\/akubaa","article_author":"https:\/\/www.facebook.com\/akubaa","article_published_time":"2026-03-22T11:00:00+00:00","article_modified_time":"2026-03-23T23:01:52+00:00","og_image":[{"width":1024,"height":683,"url":"https:\/\/akubaa.com\/wp-content\/uploads\/2026\/03\/image-31-1024x683.png","type":"image\/png"}],"author":"AKubaa","twitter_card":"summary_large_image","twitter_misc":{"Escrito por":"AKubaa","Tiempo de lectura":"4 minutos"},"schema":{"@context":"https:\/\/schema.org","@graph":[{"@type":"Article","@id":"https:\/\/akubaa.com\/index.php\/2026\/03\/22\/florida-mira-al-mar-cuba-mira-al-abismo-el-miedo-a-un-nuevo-exodo-ya-no-se-susurra\/#article","isPartOf":{"@id":"https:\/\/akubaa.com\/index.php\/2026\/03\/22\/florida-mira-al-mar-cuba-mira-al-abismo-el-miedo-a-un-nuevo-exodo-ya-no-se-susurra\/"},"author":{"name":"AKubaa","@id":"https:\/\/akubaa.com\/#\/schema\/person\/b096b63c1ad27204e55fabb2cf2153a5"},"headline":"Florida mira al mar, Cuba mira al abismo: el miedo a un nuevo \u00e9xodo ya no se susurra.","datePublished":"2026-03-22T11:00:00+00:00","dateModified":"2026-03-23T23:01:52+00:00","mainEntityOfPage":{"@id":"https:\/\/akubaa.com\/index.php\/2026\/03\/22\/florida-mira-al-mar-cuba-mira-al-abismo-el-miedo-a-un-nuevo-exodo-ya-no-se-susurra\/"},"wordCount":729,"commentCount":0,"publisher":{"@id":"https:\/\/akubaa.com\/#\/schema\/person\/b096b63c1ad27204e55fabb2cf2153a5"},"image":{"@id":"https:\/\/akubaa.com\/index.php\/2026\/03\/22\/florida-mira-al-mar-cuba-mira-al-abismo-el-miedo-a-un-nuevo-exodo-ya-no-se-susurra\/#primaryimage"},"thumbnailUrl":"https:\/\/akubaa.com\/wp-content\/uploads\/2026\/03\/image-31.png","articleSection":["Noticias y Actualidad"],"inLanguage":"es","potentialAction":[{"@type":"CommentAction","name":"Comment","target":["https:\/\/akubaa.com\/index.php\/2026\/03\/22\/florida-mira-al-mar-cuba-mira-al-abismo-el-miedo-a-un-nuevo-exodo-ya-no-se-susurra\/#respond"]}]},{"@type":"WebPage","@id":"https:\/\/akubaa.com\/index.php\/2026\/03\/22\/florida-mira-al-mar-cuba-mira-al-abismo-el-miedo-a-un-nuevo-exodo-ya-no-se-susurra\/","url":"https:\/\/akubaa.com\/index.php\/2026\/03\/22\/florida-mira-al-mar-cuba-mira-al-abismo-el-miedo-a-un-nuevo-exodo-ya-no-se-susurra\/","name":"Posible \u00e9xodo masivo de cubanos. - AKubaa","isPartOf":{"@id":"https:\/\/akubaa.com\/#website"},"primaryImageOfPage":{"@id":"https:\/\/akubaa.com\/index.php\/2026\/03\/22\/florida-mira-al-mar-cuba-mira-al-abismo-el-miedo-a-un-nuevo-exodo-ya-no-se-susurra\/#primaryimage"},"image":{"@id":"https:\/\/akubaa.com\/index.php\/2026\/03\/22\/florida-mira-al-mar-cuba-mira-al-abismo-el-miedo-a-un-nuevo-exodo-ya-no-se-susurra\/#primaryimage"},"thumbnailUrl":"https:\/\/akubaa.com\/wp-content\/uploads\/2026\/03\/image-31.png","datePublished":"2026-03-22T11:00:00+00:00","dateModified":"2026-03-23T23:01:52+00:00","description":"El gobernador Ron DeSantis advirti\u00f3 que Florida se prepara ante un posible\u00a0\u00e9xodo masivo de cubanos y y la Isla al l\u00edmite .","breadcrumb":{"@id":"https:\/\/akubaa.com\/index.php\/2026\/03\/22\/florida-mira-al-mar-cuba-mira-al-abismo-el-miedo-a-un-nuevo-exodo-ya-no-se-susurra\/#breadcrumb"},"inLanguage":"es","potentialAction":[{"@type":"ReadAction","target":["https:\/\/akubaa.com\/index.php\/2026\/03\/22\/florida-mira-al-mar-cuba-mira-al-abismo-el-miedo-a-un-nuevo-exodo-ya-no-se-susurra\/"]}]},{"@type":"ImageObject","inLanguage":"es","@id":"https:\/\/akubaa.com\/index.php\/2026\/03\/22\/florida-mira-al-mar-cuba-mira-al-abismo-el-miedo-a-un-nuevo-exodo-ya-no-se-susurra\/#primaryimage","url":"https:\/\/akubaa.com\/wp-content\/uploads\/2026\/03\/image-31.png","contentUrl":"https:\/\/akubaa.com\/wp-content\/uploads\/2026\/03\/image-31.png","width":1536,"height":1024},{"@type":"BreadcrumbList","@id":"https:\/\/akubaa.com\/index.php\/2026\/03\/22\/florida-mira-al-mar-cuba-mira-al-abismo-el-miedo-a-un-nuevo-exodo-ya-no-se-susurra\/#breadcrumb","itemListElement":[{"@type":"ListItem","position":1,"name":"Portada","item":"https:\/\/akubaa.com\/"},{"@type":"ListItem","position":2,"name":"Florida mira al mar, Cuba mira al abismo: el miedo a un nuevo \u00e9xodo ya no se susurra."}]},{"@type":"WebSite","@id":"https:\/\/akubaa.com\/#website","url":"https:\/\/akubaa.com\/","name":"AKubaa","description":"Vive ,conoce y disfruta Cuba al estilo de A&amp;K.","publisher":{"@id":"https:\/\/akubaa.com\/#\/schema\/person\/b096b63c1ad27204e55fabb2cf2153a5"},"potentialAction":[{"@type":"SearchAction","target":{"@type":"EntryPoint","urlTemplate":"https:\/\/akubaa.com\/?s={search_term_string}"},"query-input":{"@type":"PropertyValueSpecification","valueRequired":true,"valueName":"search_term_string"}}],"inLanguage":"es"},{"@type":["Person","Organization"],"@id":"https:\/\/akubaa.com\/#\/schema\/person\/b096b63c1ad27204e55fabb2cf2153a5","name":"AKubaa","image":{"@type":"ImageObject","inLanguage":"es","@id":"https:\/\/akubaa.com\/wp-content\/uploads\/2025\/08\/Imagen-17.jpeg","url":"https:\/\/akubaa.com\/wp-content\/uploads\/2025\/08\/Imagen-17.jpeg","contentUrl":"https:\/\/akubaa.com\/wp-content\/uploads\/2025\/08\/Imagen-17.jpeg","width":1024,"height":1024,"caption":"AKubaa"},"logo":{"@id":"https:\/\/akubaa.com\/wp-content\/uploads\/2025\/08\/Imagen-17.jpeg"},"sameAs":["https:\/\/akubaa.com","https:\/\/www.facebook.com\/akubaa","https:\/\/www.instagram.com\/akubaa?"],"url":"https:\/\/akubaa.com\/index.php\/profile\/admin\/"}]}},"jetpack_publicize_connections":[],"jetpack_featured_media_url":"https:\/\/akubaa.com\/wp-content\/uploads\/2026\/03\/image-31.png","jetpack_sharing_enabled":true,"jetpack_likes_enabled":true,"jetpack-related-posts":[{"id":2807,"url":"https:\/\/akubaa.com\/index.php\/2026\/03\/21\/intervencion-militar-en-cuba-descarta\/","url_meta":{"origin":2817,"position":0},"title":"Comando Sur,\u00a0Cuba\u00a0y el miedo que nadie quiere nombrar.","author":"AKubaa","date":"03\/21\/2026","format":false,"excerpt":"Yo lo digo claro: cuando un jefe del\u00a0Comando Sur de EEUU\u00a0habla de\u00a0Cuba\u00a0y de planes de contingencia, no est\u00e1 hablando al aire. Est\u00e1 diciendo, sin decirlo del todo, que Washington ve venir algo serio. El general Francis L. Donovan descart\u00f3 una\u00a0intervenci\u00f3n militar en Cuba, pero al mismo tiempo confirm\u00f3 que Estados\u2026","rel":"","context":"En \u00abNoticias y Actualidad\u00bb","block_context":{"text":"Noticias y Actualidad","link":"https:\/\/akubaa.com\/index.php\/category\/noticias-y-actualidad\/"},"img":{"alt_text":"","src":"https:\/\/i0.wp.com\/akubaa.com\/wp-content\/uploads\/2026\/03\/image-26.png?resize=350%2C200&ssl=1","width":350,"height":200,"srcset":"https:\/\/i0.wp.com\/akubaa.com\/wp-content\/uploads\/2026\/03\/image-26.png?resize=350%2C200&ssl=1 1x, https:\/\/i0.wp.com\/akubaa.com\/wp-content\/uploads\/2026\/03\/image-26.png?resize=525%2C300&ssl=1 1.5x, https:\/\/i0.wp.com\/akubaa.com\/wp-content\/uploads\/2026\/03\/image-26.png?resize=700%2C400&ssl=1 2x, https:\/\/i0.wp.com\/akubaa.com\/wp-content\/uploads\/2026\/03\/image-26.png?resize=1050%2C600&ssl=1 3x, https:\/\/i0.wp.com\/akubaa.com\/wp-content\/uploads\/2026\/03\/image-26.png?resize=1400%2C800&ssl=1 4x"},"classes":[]},{"id":2902,"url":"https:\/\/akubaa.com\/index.php\/2026\/03\/27\/la-cuba-que-imagina-desantis\/","url_meta":{"origin":2817,"position":1},"title":"\u201cLa Cuba que imagina DeSantis: \u00bfsue\u00f1o posible o promesa pol\u00edtica con sabor a Miami?\u201d.","author":"AKubaa","date":"03\/27\/2026","format":false,"excerpt":"Hay momentos en los que una declaraci\u00f3n pol\u00edtica no suena a discurso\u2026 suena a pel\u00edcula. Y eso fue exactamente lo que sent\u00ed cuando escuch\u00e9 c\u00f3mo\u00a0Ron DeSantis\u00a0imagina a Cuba despu\u00e9s del fin del castrismo: una isla pr\u00f3spera, conectada con Florida, llena de turistas, inversiones y hasta torneos de golf. Pero yo,\u2026","rel":"","context":"En \u00abNoticias y Actualidad\u00bb","block_context":{"text":"Noticias y Actualidad","link":"https:\/\/akubaa.com\/index.php\/category\/noticias-y-actualidad\/"},"img":{"alt_text":"","src":"https:\/\/i0.wp.com\/akubaa.com\/wp-content\/uploads\/2026\/03\/image-70.png?resize=350%2C200&ssl=1","width":350,"height":200,"srcset":"https:\/\/i0.wp.com\/akubaa.com\/wp-content\/uploads\/2026\/03\/image-70.png?resize=350%2C200&ssl=1 1x, https:\/\/i0.wp.com\/akubaa.com\/wp-content\/uploads\/2026\/03\/image-70.png?resize=525%2C300&ssl=1 1.5x, https:\/\/i0.wp.com\/akubaa.com\/wp-content\/uploads\/2026\/03\/image-70.png?resize=700%2C400&ssl=1 2x, https:\/\/i0.wp.com\/akubaa.com\/wp-content\/uploads\/2026\/03\/image-70.png?resize=1050%2C600&ssl=1 3x, https:\/\/i0.wp.com\/akubaa.com\/wp-content\/uploads\/2026\/03\/image-70.png?resize=1400%2C800&ssl=1 4x"},"classes":[]},{"id":2633,"url":"https:\/\/akubaa.com\/index.php\/2026\/02\/23\/camila-cabello\/","url_meta":{"origin":2817,"position":2},"title":"Cuando una estrella rompe el silencio: lo que realmente significa que Camila Cabello hable de 67 a\u00f1os de fracaso en Cuba.","author":"AKubaa","date":"02\/23\/2026","format":false,"excerpt":"Hay momentos en los que una declaraci\u00f3n no es solo un post en redes sociales. Es un punto de inflexi\u00f3n.Esta semana,\u00a0Camila Cabello\u00a0decidi\u00f3 hacer algo que muchos evitan: pronunciarse con claridad sobre la situaci\u00f3n en Cuba. No con medias tintas. No con frases diplom\u00e1ticas. Sino con una acusaci\u00f3n directa:\u00a0\u201c67 a\u00f1os de\u2026","rel":"","context":"Entrada similar","block_context":{"text":"Entrada similar","link":""},"img":{"alt_text":"","src":"https:\/\/i0.wp.com\/akubaa.com\/wp-content\/uploads\/2026\/02\/Imagen-263.jpeg?resize=350%2C200&ssl=1","width":350,"height":200,"srcset":"https:\/\/i0.wp.com\/akubaa.com\/wp-content\/uploads\/2026\/02\/Imagen-263.jpeg?resize=350%2C200&ssl=1 1x, https:\/\/i0.wp.com\/akubaa.com\/wp-content\/uploads\/2026\/02\/Imagen-263.jpeg?resize=525%2C300&ssl=1 1.5x, https:\/\/i0.wp.com\/akubaa.com\/wp-content\/uploads\/2026\/02\/Imagen-263.jpeg?resize=700%2C400&ssl=1 2x, https:\/\/i0.wp.com\/akubaa.com\/wp-content\/uploads\/2026\/02\/Imagen-263.jpeg?resize=1050%2C600&ssl=1 3x, https:\/\/i0.wp.com\/akubaa.com\/wp-content\/uploads\/2026\/02\/Imagen-263.jpeg?resize=1400%2C800&ssl=1 4x"},"classes":[]},{"id":1504,"url":"https:\/\/akubaa.com\/index.php\/2025\/10\/17\/lo-que-no-te-dicen-del-exodo-cubano-mexico-y-brasil-al-desnudo\/","url_meta":{"origin":2817,"position":3},"title":"Lo que no te dicen del \u00e9xodo cubano: M\u00e9xico y Brasil al desnudo.","author":"AKubaa","date":"10\/17\/2025","format":false,"excerpt":"A veces siento que la distancia entre\u00a0Cuba\u00a0y la esperanza no se mide en kil\u00f3metros, sino en promesas rotas. Hoy te hablo\u00a0en primera persona, con el pulso acelerado y la voz firme, porque lo que est\u00e1 ocurriendo con la\u00a0crisis migratoria cubana\u00a0no es un titular pasajero: es una herida abierta que cruza\u00a0M\u00e9xico\u00a0y\u00a0Brasil\u00a0como\u2026","rel":"","context":"En \u00abNoticias y Actualidad\u00bb","block_context":{"text":"Noticias y Actualidad","link":"https:\/\/akubaa.com\/index.php\/category\/noticias-y-actualidad\/"},"img":{"alt_text":"","src":"https:\/\/i0.wp.com\/akubaa.com\/wp-content\/uploads\/2025\/10\/image-20.png?resize=350%2C200&ssl=1","width":350,"height":200,"srcset":"https:\/\/i0.wp.com\/akubaa.com\/wp-content\/uploads\/2025\/10\/image-20.png?resize=350%2C200&ssl=1 1x, https:\/\/i0.wp.com\/akubaa.com\/wp-content\/uploads\/2025\/10\/image-20.png?resize=525%2C300&ssl=1 1.5x, https:\/\/i0.wp.com\/akubaa.com\/wp-content\/uploads\/2025\/10\/image-20.png?resize=700%2C400&ssl=1 2x, https:\/\/i0.wp.com\/akubaa.com\/wp-content\/uploads\/2025\/10\/image-20.png?resize=1050%2C600&ssl=1 3x, https:\/\/i0.wp.com\/akubaa.com\/wp-content\/uploads\/2025\/10\/image-20.png?resize=1400%2C800&ssl=1 4x"},"classes":[]},{"id":2691,"url":"https:\/\/akubaa.com\/index.php\/2026\/03\/06\/cuando-la-historia-susurra-en-la-casa-blanca-la-frase-de-trump-que-hizo-sonar-al-exilio-cubano\/","url_meta":{"origin":2817,"position":4},"title":"Cuando la historia susurra en la Casa Blanca: la frase de Trump que hizo so\u00f1ar al exilio cubano.","author":"AKubaa","date":"03\/06\/2026","format":false,"excerpt":"Hay momentos en la pol\u00edtica que pasan como simples frases en una ceremonia, casi como comentarios al pasar entre c\u00e1maras, aplausos y sonrisas diplom\u00e1ticas. Pero otras veces, una sola frase puede encender la imaginaci\u00f3n de millones de personas que llevan d\u00e9cadas esperando algo que parece imposible. Eso fue exactamente lo\u2026","rel":"","context":"Entrada similar","block_context":{"text":"Entrada similar","link":""},"img":{"alt_text":"","src":"https:\/\/i0.wp.com\/akubaa.com\/wp-content\/uploads\/2026\/03\/Imagen-252.jpeg?resize=350%2C200&ssl=1","width":350,"height":200,"srcset":"https:\/\/i0.wp.com\/akubaa.com\/wp-content\/uploads\/2026\/03\/Imagen-252.jpeg?resize=350%2C200&ssl=1 1x, https:\/\/i0.wp.com\/akubaa.com\/wp-content\/uploads\/2026\/03\/Imagen-252.jpeg?resize=525%2C300&ssl=1 1.5x, https:\/\/i0.wp.com\/akubaa.com\/wp-content\/uploads\/2026\/03\/Imagen-252.jpeg?resize=700%2C400&ssl=1 2x, https:\/\/i0.wp.com\/akubaa.com\/wp-content\/uploads\/2026\/03\/Imagen-252.jpeg?resize=1050%2C600&ssl=1 3x, https:\/\/i0.wp.com\/akubaa.com\/wp-content\/uploads\/2026\/03\/Imagen-252.jpeg?resize=1400%2C800&ssl=1 4x"},"classes":[]},{"id":2815,"url":"https:\/\/akubaa.com\/index.php\/2026\/03\/22\/ruso-el-idioma-que-el-regimen-castrista-impone-ahora\/","url_meta":{"origin":2817,"position":5},"title":"Mientras Cuba se apaga, el r\u00e9gimen decide que el ruso ser\u00e1 prioridad en las escuelas.","author":"AKubaa","date":"03\/22\/2026","format":false,"excerpt":"Ruso en las escuelas cubanas: una decisi\u00f3n que retrata el desconecte del poder. Yo no s\u00e9 si en alg\u00fan despacho de La Habana alguien de verdad se detuvo a escuchar lo que vive una familia cubana hoy. Porque anunciar que el\u00a0ruso en las escuelas cubanas\u00a0ser\u00e1 la primera lengua extranjera en\u2026","rel":"","context":"En \u00abNoticias y Actualidad\u00bb","block_context":{"text":"Noticias y Actualidad","link":"https:\/\/akubaa.com\/index.php\/category\/noticias-y-actualidad\/"},"img":{"alt_text":"","src":"https:\/\/i0.wp.com\/akubaa.com\/wp-content\/uploads\/2026\/03\/image-30.png?resize=350%2C200&ssl=1","width":350,"height":200,"srcset":"https:\/\/i0.wp.com\/akubaa.com\/wp-content\/uploads\/2026\/03\/image-30.png?resize=350%2C200&ssl=1 1x, https:\/\/i0.wp.com\/akubaa.com\/wp-content\/uploads\/2026\/03\/image-30.png?resize=525%2C300&ssl=1 1.5x, https:\/\/i0.wp.com\/akubaa.com\/wp-content\/uploads\/2026\/03\/image-30.png?resize=700%2C400&ssl=1 2x, https:\/\/i0.wp.com\/akubaa.com\/wp-content\/uploads\/2026\/03\/image-30.png?resize=1050%2C600&ssl=1 3x, https:\/\/i0.wp.com\/akubaa.com\/wp-content\/uploads\/2026\/03\/image-30.png?resize=1400%2C800&ssl=1 4x"},"classes":[]}],"jetpack_shortlink":"https:\/\/wp.me\/pgrKo3-Jr","_links":{"self":[{"href":"https:\/\/akubaa.com\/index.php\/wp-json\/wp\/v2\/posts\/2817","targetHints":{"allow":["GET"]}}],"collection":[{"href":"https:\/\/akubaa.com\/index.php\/wp-json\/wp\/v2\/posts"}],"about":[{"href":"https:\/\/akubaa.com\/index.php\/wp-json\/wp\/v2\/types\/post"}],"author":[{"embeddable":true,"href":"https:\/\/akubaa.com\/index.php\/wp-json\/wp\/v2\/users\/1"}],"replies":[{"embeddable":true,"href":"https:\/\/akubaa.com\/index.php\/wp-json\/wp\/v2\/comments?post=2817"}],"version-history":[{"count":0,"href":"https:\/\/akubaa.com\/index.php\/wp-json\/wp\/v2\/posts\/2817\/revisions"}],"wp:featuredmedia":[{"embeddable":true,"href":"https:\/\/akubaa.com\/index.php\/wp-json\/wp\/v2\/media\/2818"}],"wp:attachment":[{"href":"https:\/\/akubaa.com\/index.php\/wp-json\/wp\/v2\/media?parent=2817"}],"wp:term":[{"taxonomy":"category","embeddable":true,"href":"https:\/\/akubaa.com\/index.php\/wp-json\/wp\/v2\/categories?post=2817"},{"taxonomy":"post_tag","embeddable":true,"href":"https:\/\/akubaa.com\/index.php\/wp-json\/wp\/v2\/tags?post=2817"}],"curies":[{"name":"wp","href":"https:\/\/api.w.org\/{rel}","templated":true}]}}