{"id":2807,"date":"2026-03-21T15:00:00","date_gmt":"2026-03-21T19:00:00","guid":{"rendered":"https:\/\/akubaa.com\/?p=2807"},"modified":"2026-03-23T19:02:03","modified_gmt":"2026-03-23T23:02:03","slug":"intervencion-militar-en-cuba-descarta","status":"publish","type":"post","link":"https:\/\/akubaa.com\/index.php\/2026\/03\/21\/intervencion-militar-en-cuba-descarta\/","title":{"rendered":"Comando Sur,\u00a0Cuba\u00a0y el miedo que nadie quiere nombrar."},"content":{"rendered":"\n<p>Yo lo digo claro: cuando un jefe del&nbsp;<strong>Comando Sur de EEUU<\/strong>&nbsp;habla de&nbsp;<strong>Cuba<\/strong>&nbsp;y de planes de contingencia, no est\u00e1 hablando al aire. Est\u00e1 diciendo, sin decirlo del todo, que Washington ve venir algo serio. El general Francis L. Donovan descart\u00f3 una&nbsp;<strong>intervenci\u00f3n militar en Cuba<\/strong>, pero al mismo tiempo confirm\u00f3 que Estados Unidos se est\u00e1 preparando para un posible&nbsp;<strong>\u00e9xodo masivo de cubanos<\/strong>. Y ah\u00ed est\u00e1 la noticia de verdad.<\/p>\n\n\n\n<p>Porque en Cuba, cuando la gente no ve salida, se lanza. Se lanza al mar, se lanza por Centroam\u00e9rica, se lanza a cualquier ruta donde quepa una m\u00ednima esperanza. Eso en Miami, Hialeah, Tampa, Madrid o Ciudad de M\u00e9xico se entiende r\u00e1pido, porque casi toda familia cubana tiene a alguien que se fue, que lo intent\u00f3 o que todav\u00eda est\u00e1 pensando c\u00f3mo escapar.<\/p>\n\n\n\n<hr class=\"wp-block-separator has-alpha-channel-opacity\"\/>\n\n\n\n<div class=\"wp-block-media-text is-stacked-on-mobile\"><figure class=\"wp-block-media-text__media\"><img loading=\"lazy\" decoding=\"async\" width=\"1024\" height=\"683\" src=\"https:\/\/akubaa.com\/wp-content\/uploads\/2026\/02\/Imagen-222-1024x683.jpeg\" alt=\"\" class=\"wp-image-2608 size-full\" srcset=\"https:\/\/akubaa.com\/wp-content\/uploads\/2026\/02\/Imagen-222-1024x683.jpeg 1024w, https:\/\/akubaa.com\/wp-content\/uploads\/2026\/02\/Imagen-222-300x200.jpeg 300w, https:\/\/akubaa.com\/wp-content\/uploads\/2026\/02\/Imagen-222-768x512.jpeg 768w, https:\/\/akubaa.com\/wp-content\/uploads\/2026\/02\/Imagen-222-1320x880.jpeg 1320w, https:\/\/akubaa.com\/wp-content\/uploads\/2026\/02\/Imagen-222-600x400.jpeg 600w, https:\/\/akubaa.com\/wp-content\/uploads\/2026\/02\/Imagen-222.jpeg 1536w\" sizes=\"auto, (max-width: 1024px) 100vw, 1024px\" \/><\/figure><div class=\"wp-block-media-text__content\">\n<p>Colorear no es un juego: es desarrollo f\u00edsico, social y emocional. Cuando un ni\u00f1o colorea, pasa algo que ninguna pantalla puede replicar:\u00a0<strong>Impacto social:<\/strong>\u00a0invita al di\u00e1logo, al compartir, al \u201cmira lo que hice\u201d, al momento en familia.\u00a0<strong>Desarrollo f\u00edsico:<\/strong>\u00a0mejora la motricidad fina, la coordinaci\u00f3n mano-ojo y fortalece los m\u00fasculos de los dedos.\u00a0<strong>Beneficio psicol\u00f3gico:<\/strong>\u00a0reduce ansiedad, mejora la concentraci\u00f3n y estimula la creatividad infantil.<\/p>\n\n\n\n<div class=\"wp-block-buttons is-content-justification-center is-layout-flex wp-container-core-buttons-is-layout-a89b3969 wp-block-buttons-is-layout-flex\">\n<div class=\"wp-block-button\"><a class=\"wp-block-button__link wp-element-button\" href=\"https:\/\/www.amazon.com\/dp\/B0GMQM1LGJ?ref_=cm_sw_r_ffobk_cp_ud_dp_Q67EQN9G7TBTKQHX7WRQ_34&amp;bestFormat=true\">Compra los mejores libros de colorear para tus ni\u00f1os .<\/a><\/div>\n<\/div>\n<\/div><\/div>\n\n\n\n<hr class=\"wp-block-separator has-alpha-channel-opacity\"\/>\n\n\n\n<h3 class=\"wp-block-heading\"><strong>\u00c9xodo masivo de cubanos<\/strong>: la alarma no nace de la nada<\/h3>\n\n\n\n<p>Aqu\u00ed no estamos hablando de ciencia ficci\u00f3n. Estamos hablando de un pa\u00eds con&nbsp;<strong>apagones<\/strong>, hambre, medicinas desaparecidas, salarios que no alcanzan ni para empezar el mes y una desesperaci\u00f3n que ya no cabe en los balcones ni en las colas. Cuando Donovan menciona campamentos en Guant\u00e1namo y coordinaci\u00f3n con el DHS, est\u00e1 admitiendo que el escenario de una crisis migratoria est\u00e1 sobre la mesa.<\/p>\n\n\n\n<p>Y eso, desde la visi\u00f3n de AKubaa, retrata una verdad inc\u00f3moda: el mundo ya no mira a&nbsp;<strong>Cuba<\/strong>&nbsp;como un problema ideol\u00f3gico solamente, sino como una bomba social con consecuencias regionales. No es casualidad. Si en una casa en Santiago de Cuba se va la corriente 18 horas, si en La Habana una madre no encuentra leche, si en Camag\u00fcey un anciano no consigue medicinas, el desenlace no es abstracto. El desenlace tiene nombre: salida, fuga, estampida.<\/p>\n\n\n\n<hr class=\"wp-block-separator has-alpha-channel-opacity\"\/>\n\n\n\n<div class=\"wp-block-jetpack-related-posts\">\n<h2 class=\"wp-block-heading\">Te Puede Interesar <\/h2>\n<\/div>\n\n\n\n<hr class=\"wp-block-separator has-alpha-channel-opacity\"\/>\n\n\n\n<h3 class=\"wp-block-heading\"><strong>Intervenci\u00f3n militar en Cuba<\/strong>: el rumor se enfr\u00eda, pero el drama sigue<\/h3>\n\n\n\n<p>Muchos so\u00f1aban con una \u201cliberaci\u00f3n\u201d por la fuerza. Donovan la descart\u00f3. Y aunque eso enfr\u00eda rumores, no resuelve el drama de fondo. Porque el problema no era una invasi\u00f3n; el problema es que millones de cubanos viven al l\u00edmite.<\/p>\n\n\n\n<p>En la calle, el pueblo lo resume mejor que cualquier think tank: \u201cesto no aguanta m\u00e1s\u201d o \u201cel que pueda irse, se va\u201d. Esa frase duele porque no sale de un estudio, sale del cansancio real. Sale del cubano de a pie y tambi\u00e9n del primo en Hialeah que manda recarga, de la hija en Espa\u00f1a que paga medicinas, del sobrino en Tampa que sostiene media casa desde fuera.<\/p>\n\n\n\n<hr class=\"wp-block-separator has-alpha-channel-opacity\"\/>\n\n\n\n<div class=\"wp-block-media-text is-stacked-on-mobile\"><figure class=\"wp-block-media-text__media\"><img loading=\"lazy\" decoding=\"async\" width=\"1024\" height=\"683\" src=\"https:\/\/akubaa.com\/wp-content\/uploads\/2026\/01\/Imagen-223-1024x683.jpeg\" alt=\"\" class=\"wp-image-2445 size-full\" srcset=\"https:\/\/akubaa.com\/wp-content\/uploads\/2026\/01\/Imagen-223-1024x683.jpeg 1024w, https:\/\/akubaa.com\/wp-content\/uploads\/2026\/01\/Imagen-223-600x400.jpeg 600w, https:\/\/akubaa.com\/wp-content\/uploads\/2026\/01\/Imagen-223-300x200.jpeg 300w, https:\/\/akubaa.com\/wp-content\/uploads\/2026\/01\/Imagen-223-768x512.jpeg 768w, https:\/\/akubaa.com\/wp-content\/uploads\/2026\/01\/Imagen-223-1320x880.jpeg 1320w, https:\/\/akubaa.com\/wp-content\/uploads\/2026\/01\/Imagen-223.jpeg 1536w\" sizes=\"auto, (max-width: 1024px) 100vw, 1024px\" \/><\/figure><div class=\"wp-block-media-text__content\">\n<p>\u00a0\u00bfTienes un negocio? . Publicalo aqu\u00ed ,solo te tarda un minuto y conecta con personas que buscan lo que t\u00fa ofreces.<strong><a href=\"https:\/\/akubaa.com\/index.php\/directorio-de-negocios-cubanos-akubaa\/\">Clic y descubre todas las ventajas\u00a0<\/a><\/strong>que puede obtener t\u00fa ahora mismo. Es hora de llevarte al lugar que merece sin luchar con el algoritmo.<\/p>\n\n\n\n<div class=\"wp-block-buttons is-content-justification-center is-layout-flex wp-container-core-buttons-is-layout-a89b3969 wp-block-buttons-is-layout-flex\">\n<div class=\"wp-block-button\"><a class=\"wp-block-button__link wp-element-button\" href=\"https:\/\/akubaa.com\/index.php\/negocio\/\">PUBLICA TU NEGOCIO AQUI<\/a><\/div>\n<\/div>\n<\/div><\/div>\n\n\n\n<hr class=\"wp-block-separator has-alpha-channel-opacity\"\/>\n\n\n\n<h3 class=\"wp-block-heading\"><strong>AKubaa y Cuba<\/strong>: lo que viene no es guerra, es una crisis humana<\/h3>\n\n\n\n<p>Mi lectura es esta: EEUU no quiere meterse militarmente en&nbsp;<strong>Cuba<\/strong>, pero s\u00ed quiere evitar que el colapso le explote en la cara. Esa diferencia importa. Mucho. Porque confirma que el foco no est\u00e1 en tumbar al r\u00e9gimen por la v\u00eda armada, sino en contener las consecuencias humanas de su fracaso.<\/p>\n\n\n\n<p>Y ah\u00ed est\u00e1 el punto m\u00e1s duro: otra vez el cubano termina siendo tratado como emergencia antes que como ciudadano con futuro.<\/p>\n\n\n\n<p><a href=\"https:\/\/akmundovirtual.com\/#google_vignette\" type=\"link\" id=\"https:\/\/akmundovirtual.com\/#google_vignette\">En AKubaa<\/a> lo vemos as\u00ed:\u00a0<strong>Cuba<\/strong>\u00a0no necesita m\u00e1s silencios diplom\u00e1ticos ni m\u00e1s promesas vac\u00edas. Necesita verdad, cambios reales y una salida digna para un pueblo agotado. Ahora te pregunto a ti: \u00bfcrees que este aviso del\u00a0<strong>Comando Sur<\/strong> confirma que lo peor todav\u00eda est\u00e1 por venir? .\u00danete a la conversaci\u00f3n en AKubaa y en nuestras redes.<\/p>\n\n\n\n<hr class=\"wp-block-separator has-alpha-channel-opacity\"\/>\n\n\n\n<h2 class=\"wp-block-heading\">M\u00e1s en AKubaa<\/h2>\n\n\n<ul class=\"wp-block-latest-posts__list is-grid columns-3 wp-block-latest-posts\"><li><div class=\"wp-block-latest-posts__featured-image aligncenter\"><img loading=\"lazy\" decoding=\"async\" width=\"150\" height=\"150\" src=\"https:\/\/akubaa.com\/wp-content\/uploads\/2026\/04\/image-14-150x150.png\" class=\"attachment-thumbnail size-thumbnail wp-post-image\" alt=\"\" style=\"\" srcset=\"https:\/\/akubaa.com\/wp-content\/uploads\/2026\/04\/image-14-150x150.png 150w, https:\/\/akubaa.com\/wp-content\/uploads\/2026\/04\/image-14-300x300.png 300w, https:\/\/akubaa.com\/wp-content\/uploads\/2026\/04\/image-14-100x100.png 100w\" sizes=\"auto, (max-width: 150px) 100vw, 150px\" \/><\/div><a class=\"wp-block-latest-posts__post-title\" href=\"https:\/\/akubaa.com\/index.php\/2026\/04\/21\/imaray-ulloa-de-influecer-a-ganadora-de-fisicoculturismo\/\">Imaray Ulloa se sube a otra tarima: dos medallas, ocho meses de disciplina y una lecci\u00f3n que la di\u00e1spora entendi\u00f3 enseguida.<\/a><\/li>\n<li><div class=\"wp-block-latest-posts__featured-image aligncenter\"><img loading=\"lazy\" decoding=\"async\" width=\"150\" height=\"150\" src=\"https:\/\/akubaa.com\/wp-content\/uploads\/2026\/04\/image-13-150x150.png\" class=\"attachment-thumbnail size-thumbnail wp-post-image\" alt=\"\" style=\"\" srcset=\"https:\/\/akubaa.com\/wp-content\/uploads\/2026\/04\/image-13-150x150.png 150w, https:\/\/akubaa.com\/wp-content\/uploads\/2026\/04\/image-13-300x300.png 300w, https:\/\/akubaa.com\/wp-content\/uploads\/2026\/04\/image-13-100x100.png 100w\" sizes=\"auto, (max-width: 150px) 100vw, 150px\" \/><\/div><a class=\"wp-block-latest-posts__post-title\" href=\"https:\/\/akubaa.com\/index.php\/2026\/04\/10\/horoscopo-del-10-de-abril-de-2026\/\">Hor\u00f3scopo del 10 de abril de 2026: lo que el universo te quiere decir hoy (y lo que debes evitar a toda costa).\u00a0<\/a><\/li>\n<li><div class=\"wp-block-latest-posts__featured-image aligncenter\"><img loading=\"lazy\" decoding=\"async\" width=\"150\" height=\"150\" src=\"https:\/\/akubaa.com\/wp-content\/uploads\/2026\/04\/image-12-150x150.png\" class=\"attachment-thumbnail size-thumbnail wp-post-image\" alt=\"\" style=\"\" srcset=\"https:\/\/akubaa.com\/wp-content\/uploads\/2026\/04\/image-12-150x150.png 150w, https:\/\/akubaa.com\/wp-content\/uploads\/2026\/04\/image-12-300x300.png 300w, https:\/\/akubaa.com\/wp-content\/uploads\/2026\/04\/image-12-100x100.png 100w\" sizes=\"auto, (max-width: 150px) 100vw, 150px\" \/><\/div><a class=\"wp-block-latest-posts__post-title\" href=\"https:\/\/akubaa.com\/index.php\/2026\/04\/09\/horoscopo-del-9-de-abril-de-2026\/\">\ud83d\udd2e\u00a0Hor\u00f3scopo del 9 de abril de 2026: lo que viene no es casualidad\u2026 es destino (y t\u00fa lo vas a sentir hoy).<\/a><\/li>\n<li><div class=\"wp-block-latest-posts__featured-image aligncenter\"><img loading=\"lazy\" decoding=\"async\" width=\"150\" height=\"150\" src=\"https:\/\/akubaa.com\/wp-content\/uploads\/2026\/04\/image-11-150x150.png\" class=\"attachment-thumbnail size-thumbnail wp-post-image\" alt=\"\" style=\"\" srcset=\"https:\/\/akubaa.com\/wp-content\/uploads\/2026\/04\/image-11-150x150.png 150w, https:\/\/akubaa.com\/wp-content\/uploads\/2026\/04\/image-11-300x300.png 300w, https:\/\/akubaa.com\/wp-content\/uploads\/2026\/04\/image-11-100x100.png 100w\" sizes=\"auto, (max-width: 150px) 100vw, 150px\" \/><\/div><a class=\"wp-block-latest-posts__post-title\" href=\"https:\/\/akubaa.com\/index.php\/2026\/04\/08\/horoscopo-del-8-de-abril-de-2026\/\">\ud83d\udd2e\u00a0Hor\u00f3scopo del 8 de abril de 2026: lo que el destino no te est\u00e1 diciendo (y deber\u00edas escuchar hoy).<\/a><\/li>\n<li><div class=\"wp-block-latest-posts__featured-image aligncenter\"><img loading=\"lazy\" decoding=\"async\" width=\"150\" height=\"150\" src=\"https:\/\/akubaa.com\/wp-content\/uploads\/2026\/04\/image-10-150x150.png\" class=\"attachment-thumbnail size-thumbnail wp-post-image\" alt=\"\" style=\"\" srcset=\"https:\/\/akubaa.com\/wp-content\/uploads\/2026\/04\/image-10-150x150.png 150w, https:\/\/akubaa.com\/wp-content\/uploads\/2026\/04\/image-10-300x300.png 300w, https:\/\/akubaa.com\/wp-content\/uploads\/2026\/04\/image-10-100x100.png 100w\" sizes=\"auto, (max-width: 150px) 100vw, 150px\" \/><\/div><a class=\"wp-block-latest-posts__post-title\" href=\"https:\/\/akubaa.com\/index.php\/2026\/04\/07\/leoni-torres-y-el-b-convierten-cubano-en-un-grito-de-identidad-y-libertad\/\">\u201cViva Cuba Libre\u201d: la canci\u00f3n que no es solo m\u00fasica\u2026 es un mensaje que ya no se puede callar.<\/a><\/li>\n<li><div class=\"wp-block-latest-posts__featured-image aligncenter\"><img loading=\"lazy\" decoding=\"async\" width=\"150\" height=\"150\" src=\"https:\/\/akubaa.com\/wp-content\/uploads\/2026\/04\/image-9-150x150.png\" class=\"attachment-thumbnail size-thumbnail wp-post-image\" alt=\"\" style=\"\" srcset=\"https:\/\/akubaa.com\/wp-content\/uploads\/2026\/04\/image-9-150x150.png 150w, https:\/\/akubaa.com\/wp-content\/uploads\/2026\/04\/image-9-300x300.png 300w, https:\/\/akubaa.com\/wp-content\/uploads\/2026\/04\/image-9-100x100.png 100w\" sizes=\"auto, (max-width: 150px) 100vw, 150px\" \/><\/div><a class=\"wp-block-latest-posts__post-title\" href=\"https:\/\/akubaa.com\/index.php\/2026\/04\/07\/horoscopo-del-7-de-abril-de-2026\/\">\ud83d\udd2e\u00a0Hor\u00f3scopo del 7 de abril de 2026: lo que viene no avisa\u2026 pero s\u00ed se siente.<\/a><\/li>\n<\/ul>","protected":false},"excerpt":{"rendered":"<p>Yo lo digo claro: cuando un jefe del&nbsp;Comando Sur de EEUU&nbsp;habla de&nbsp;Cuba&nbsp;y de planes de contingencia, no est\u00e1 hablando al aire. Est\u00e1 diciendo, sin decirlo del todo, que Washington ve venir algo serio. El general Francis L. Donovan descart\u00f3 una&nbsp;intervenci\u00f3n militar en Cuba, pero al mismo tiempo confirm\u00f3 que Estados Unidos se est\u00e1 preparando para [&hellip;]<\/p>\n","protected":false},"author":1,"featured_media":2808,"comment_status":"open","ping_status":"open","sticky":false,"template":"","format":"standard","meta":{"jetpack_post_was_ever_published":false,"_jetpack_newsletter_access":"","_jetpack_dont_email_post_to_subs":false,"_jetpack_newsletter_tier_id":0,"_jetpack_memberships_contains_paywalled_content":false,"_jetpack_memberships_contains_paid_content":false,"footnotes":"","jetpack_publicize_message":"","jetpack_publicize_feature_enabled":true,"jetpack_social_post_already_shared":true,"jetpack_social_options":{"image_generator_settings":{"template":"highway","default_image_id":0,"font":"","enabled":false},"version":2}},"categories":[4],"tags":[],"class_list":["post-2807","post","type-post","status-publish","format-standard","has-post-thumbnail","hentry","category-noticias-y-actualidad"],"yoast_head":"<!-- This site is optimized with the Yoast SEO plugin v27.5 - https:\/\/yoast.com\/product\/yoast-seo-wordpress\/ -->\n<title>\u00bfIntervenci\u00f3n militar en Cuba descarta?. - AKubaa<\/title>\n<meta name=\"description\" content=\"El general Francis L. Donovan descart\u00f3 una\u00a0intervenci\u00f3n militar en Cuba, pero al mismo tiempo confirm\u00f3 que Estados Unidos se est\u00e1 preparando para\" \/>\n<meta name=\"robots\" content=\"index, follow, max-snippet:-1, max-image-preview:large, max-video-preview:-1\" \/>\n<link rel=\"canonical\" href=\"https:\/\/akubaa.com\/index.php\/2026\/03\/21\/intervencion-militar-en-cuba-descarta\/\" \/>\n<meta property=\"og:locale\" content=\"es_ES\" \/>\n<meta property=\"og:type\" content=\"article\" \/>\n<meta property=\"og:title\" content=\"\u00bfIntervenci\u00f3n militar en Cuba descarta?. - AKubaa\" \/>\n<meta property=\"og:description\" content=\"El general Francis L. Donovan descart\u00f3 una\u00a0intervenci\u00f3n militar en Cuba, pero al mismo tiempo confirm\u00f3 que Estados Unidos se est\u00e1 preparando para\" \/>\n<meta property=\"og:url\" content=\"https:\/\/akubaa.com\/index.php\/2026\/03\/21\/intervencion-militar-en-cuba-descarta\/\" \/>\n<meta property=\"og:site_name\" content=\"AKubaa\" \/>\n<meta property=\"article:publisher\" content=\"https:\/\/www.facebook.com\/akubaa\" \/>\n<meta property=\"article:author\" content=\"https:\/\/www.facebook.com\/akubaa\" \/>\n<meta property=\"article:published_time\" content=\"2026-03-21T19:00:00+00:00\" \/>\n<meta property=\"article:modified_time\" content=\"2026-03-23T23:02:03+00:00\" \/>\n<meta property=\"og:image\" content=\"https:\/\/akubaa.com\/wp-content\/uploads\/2026\/03\/image-26-1024x683.png\" \/>\n\t<meta property=\"og:image:width\" content=\"1024\" \/>\n\t<meta property=\"og:image:height\" content=\"683\" \/>\n\t<meta property=\"og:image:type\" content=\"image\/png\" \/>\n<meta name=\"author\" content=\"AKubaa\" \/>\n<meta name=\"twitter:card\" content=\"summary_large_image\" \/>\n<meta name=\"twitter:label1\" content=\"Escrito por\" \/>\n\t<meta name=\"twitter:data1\" content=\"AKubaa\" \/>\n\t<meta name=\"twitter:label2\" content=\"Tiempo de lectura\" \/>\n\t<meta name=\"twitter:data2\" content=\"4 minutos\" \/>\n<script type=\"application\/ld+json\" class=\"yoast-schema-graph\">{\"@context\":\"https:\\\/\\\/schema.org\",\"@graph\":[{\"@type\":\"Article\",\"@id\":\"https:\\\/\\\/akubaa.com\\\/index.php\\\/2026\\\/03\\\/21\\\/intervencion-militar-en-cuba-descarta\\\/#article\",\"isPartOf\":{\"@id\":\"https:\\\/\\\/akubaa.com\\\/index.php\\\/2026\\\/03\\\/21\\\/intervencion-militar-en-cuba-descarta\\\/\"},\"author\":{\"name\":\"AKubaa\",\"@id\":\"https:\\\/\\\/akubaa.com\\\/#\\\/schema\\\/person\\\/b096b63c1ad27204e55fabb2cf2153a5\"},\"headline\":\"Comando Sur,\u00a0Cuba\u00a0y el miedo que nadie quiere nombrar.\",\"datePublished\":\"2026-03-21T19:00:00+00:00\",\"dateModified\":\"2026-03-23T23:02:03+00:00\",\"mainEntityOfPage\":{\"@id\":\"https:\\\/\\\/akubaa.com\\\/index.php\\\/2026\\\/03\\\/21\\\/intervencion-militar-en-cuba-descarta\\\/\"},\"wordCount\":745,\"commentCount\":0,\"publisher\":{\"@id\":\"https:\\\/\\\/akubaa.com\\\/#\\\/schema\\\/person\\\/b096b63c1ad27204e55fabb2cf2153a5\"},\"image\":{\"@id\":\"https:\\\/\\\/akubaa.com\\\/index.php\\\/2026\\\/03\\\/21\\\/intervencion-militar-en-cuba-descarta\\\/#primaryimage\"},\"thumbnailUrl\":\"https:\\\/\\\/akubaa.com\\\/wp-content\\\/uploads\\\/2026\\\/03\\\/image-26.png\",\"articleSection\":[\"Noticias y Actualidad\"],\"inLanguage\":\"es\",\"potentialAction\":[{\"@type\":\"CommentAction\",\"name\":\"Comment\",\"target\":[\"https:\\\/\\\/akubaa.com\\\/index.php\\\/2026\\\/03\\\/21\\\/intervencion-militar-en-cuba-descarta\\\/#respond\"]}]},{\"@type\":\"WebPage\",\"@id\":\"https:\\\/\\\/akubaa.com\\\/index.php\\\/2026\\\/03\\\/21\\\/intervencion-militar-en-cuba-descarta\\\/\",\"url\":\"https:\\\/\\\/akubaa.com\\\/index.php\\\/2026\\\/03\\\/21\\\/intervencion-militar-en-cuba-descarta\\\/\",\"name\":\"\u00bfIntervenci\u00f3n militar en Cuba descarta?. - AKubaa\",\"isPartOf\":{\"@id\":\"https:\\\/\\\/akubaa.com\\\/#website\"},\"primaryImageOfPage\":{\"@id\":\"https:\\\/\\\/akubaa.com\\\/index.php\\\/2026\\\/03\\\/21\\\/intervencion-militar-en-cuba-descarta\\\/#primaryimage\"},\"image\":{\"@id\":\"https:\\\/\\\/akubaa.com\\\/index.php\\\/2026\\\/03\\\/21\\\/intervencion-militar-en-cuba-descarta\\\/#primaryimage\"},\"thumbnailUrl\":\"https:\\\/\\\/akubaa.com\\\/wp-content\\\/uploads\\\/2026\\\/03\\\/image-26.png\",\"datePublished\":\"2026-03-21T19:00:00+00:00\",\"dateModified\":\"2026-03-23T23:02:03+00:00\",\"description\":\"El general Francis L. Donovan descart\u00f3 una\u00a0intervenci\u00f3n militar en Cuba, pero al mismo tiempo confirm\u00f3 que Estados Unidos se est\u00e1 preparando para un posible\u00a0\u00e9xodo masivo de cubanos.\",\"breadcrumb\":{\"@id\":\"https:\\\/\\\/akubaa.com\\\/index.php\\\/2026\\\/03\\\/21\\\/intervencion-militar-en-cuba-descarta\\\/#breadcrumb\"},\"inLanguage\":\"es\",\"potentialAction\":[{\"@type\":\"ReadAction\",\"target\":[\"https:\\\/\\\/akubaa.com\\\/index.php\\\/2026\\\/03\\\/21\\\/intervencion-militar-en-cuba-descarta\\\/\"]}]},{\"@type\":\"ImageObject\",\"inLanguage\":\"es\",\"@id\":\"https:\\\/\\\/akubaa.com\\\/index.php\\\/2026\\\/03\\\/21\\\/intervencion-militar-en-cuba-descarta\\\/#primaryimage\",\"url\":\"https:\\\/\\\/akubaa.com\\\/wp-content\\\/uploads\\\/2026\\\/03\\\/image-26.png\",\"contentUrl\":\"https:\\\/\\\/akubaa.com\\\/wp-content\\\/uploads\\\/2026\\\/03\\\/image-26.png\",\"width\":1536,\"height\":1024},{\"@type\":\"BreadcrumbList\",\"@id\":\"https:\\\/\\\/akubaa.com\\\/index.php\\\/2026\\\/03\\\/21\\\/intervencion-militar-en-cuba-descarta\\\/#breadcrumb\",\"itemListElement\":[{\"@type\":\"ListItem\",\"position\":1,\"name\":\"Portada\",\"item\":\"https:\\\/\\\/akubaa.com\\\/\"},{\"@type\":\"ListItem\",\"position\":2,\"name\":\"Comando Sur,\u00a0Cuba\u00a0y el miedo que nadie quiere nombrar.\"}]},{\"@type\":\"WebSite\",\"@id\":\"https:\\\/\\\/akubaa.com\\\/#website\",\"url\":\"https:\\\/\\\/akubaa.com\\\/\",\"name\":\"AKubaa\",\"description\":\"Vive ,conoce y disfruta Cuba al estilo de A&amp;K.\",\"publisher\":{\"@id\":\"https:\\\/\\\/akubaa.com\\\/#\\\/schema\\\/person\\\/b096b63c1ad27204e55fabb2cf2153a5\"},\"potentialAction\":[{\"@type\":\"SearchAction\",\"target\":{\"@type\":\"EntryPoint\",\"urlTemplate\":\"https:\\\/\\\/akubaa.com\\\/?s={search_term_string}\"},\"query-input\":{\"@type\":\"PropertyValueSpecification\",\"valueRequired\":true,\"valueName\":\"search_term_string\"}}],\"inLanguage\":\"es\"},{\"@type\":[\"Person\",\"Organization\"],\"@id\":\"https:\\\/\\\/akubaa.com\\\/#\\\/schema\\\/person\\\/b096b63c1ad27204e55fabb2cf2153a5\",\"name\":\"AKubaa\",\"image\":{\"@type\":\"ImageObject\",\"inLanguage\":\"es\",\"@id\":\"https:\\\/\\\/akubaa.com\\\/wp-content\\\/uploads\\\/2025\\\/08\\\/Imagen-17.jpeg\",\"url\":\"https:\\\/\\\/akubaa.com\\\/wp-content\\\/uploads\\\/2025\\\/08\\\/Imagen-17.jpeg\",\"contentUrl\":\"https:\\\/\\\/akubaa.com\\\/wp-content\\\/uploads\\\/2025\\\/08\\\/Imagen-17.jpeg\",\"width\":1024,\"height\":1024,\"caption\":\"AKubaa\"},\"logo\":{\"@id\":\"https:\\\/\\\/akubaa.com\\\/wp-content\\\/uploads\\\/2025\\\/08\\\/Imagen-17.jpeg\"},\"sameAs\":[\"https:\\\/\\\/akubaa.com\",\"https:\\\/\\\/www.facebook.com\\\/akubaa\",\"https:\\\/\\\/www.instagram.com\\\/akubaa?\"],\"url\":\"https:\\\/\\\/akubaa.com\\\/index.php\\\/profile\\\/admin\\\/\"}]}<\/script>\n<!-- \/ Yoast SEO plugin. -->","yoast_head_json":{"title":"\u00bfIntervenci\u00f3n militar en Cuba descarta?. - AKubaa","description":"El general Francis L. Donovan descart\u00f3 una\u00a0intervenci\u00f3n militar en Cuba, pero al mismo tiempo confirm\u00f3 que Estados Unidos se est\u00e1 preparando para","robots":{"index":"index","follow":"follow","max-snippet":"max-snippet:-1","max-image-preview":"max-image-preview:large","max-video-preview":"max-video-preview:-1"},"canonical":"https:\/\/akubaa.com\/index.php\/2026\/03\/21\/intervencion-militar-en-cuba-descarta\/","og_locale":"es_ES","og_type":"article","og_title":"\u00bfIntervenci\u00f3n militar en Cuba descarta?. - AKubaa","og_description":"El general Francis L. Donovan descart\u00f3 una\u00a0intervenci\u00f3n militar en Cuba, pero al mismo tiempo confirm\u00f3 que Estados Unidos se est\u00e1 preparando para","og_url":"https:\/\/akubaa.com\/index.php\/2026\/03\/21\/intervencion-militar-en-cuba-descarta\/","og_site_name":"AKubaa","article_publisher":"https:\/\/www.facebook.com\/akubaa","article_author":"https:\/\/www.facebook.com\/akubaa","article_published_time":"2026-03-21T19:00:00+00:00","article_modified_time":"2026-03-23T23:02:03+00:00","og_image":[{"width":1024,"height":683,"url":"https:\/\/akubaa.com\/wp-content\/uploads\/2026\/03\/image-26-1024x683.png","type":"image\/png"}],"author":"AKubaa","twitter_card":"summary_large_image","twitter_misc":{"Escrito por":"AKubaa","Tiempo de lectura":"4 minutos"},"schema":{"@context":"https:\/\/schema.org","@graph":[{"@type":"Article","@id":"https:\/\/akubaa.com\/index.php\/2026\/03\/21\/intervencion-militar-en-cuba-descarta\/#article","isPartOf":{"@id":"https:\/\/akubaa.com\/index.php\/2026\/03\/21\/intervencion-militar-en-cuba-descarta\/"},"author":{"name":"AKubaa","@id":"https:\/\/akubaa.com\/#\/schema\/person\/b096b63c1ad27204e55fabb2cf2153a5"},"headline":"Comando Sur,\u00a0Cuba\u00a0y el miedo que nadie quiere nombrar.","datePublished":"2026-03-21T19:00:00+00:00","dateModified":"2026-03-23T23:02:03+00:00","mainEntityOfPage":{"@id":"https:\/\/akubaa.com\/index.php\/2026\/03\/21\/intervencion-militar-en-cuba-descarta\/"},"wordCount":745,"commentCount":0,"publisher":{"@id":"https:\/\/akubaa.com\/#\/schema\/person\/b096b63c1ad27204e55fabb2cf2153a5"},"image":{"@id":"https:\/\/akubaa.com\/index.php\/2026\/03\/21\/intervencion-militar-en-cuba-descarta\/#primaryimage"},"thumbnailUrl":"https:\/\/akubaa.com\/wp-content\/uploads\/2026\/03\/image-26.png","articleSection":["Noticias y Actualidad"],"inLanguage":"es","potentialAction":[{"@type":"CommentAction","name":"Comment","target":["https:\/\/akubaa.com\/index.php\/2026\/03\/21\/intervencion-militar-en-cuba-descarta\/#respond"]}]},{"@type":"WebPage","@id":"https:\/\/akubaa.com\/index.php\/2026\/03\/21\/intervencion-militar-en-cuba-descarta\/","url":"https:\/\/akubaa.com\/index.php\/2026\/03\/21\/intervencion-militar-en-cuba-descarta\/","name":"\u00bfIntervenci\u00f3n militar en Cuba descarta?. - AKubaa","isPartOf":{"@id":"https:\/\/akubaa.com\/#website"},"primaryImageOfPage":{"@id":"https:\/\/akubaa.com\/index.php\/2026\/03\/21\/intervencion-militar-en-cuba-descarta\/#primaryimage"},"image":{"@id":"https:\/\/akubaa.com\/index.php\/2026\/03\/21\/intervencion-militar-en-cuba-descarta\/#primaryimage"},"thumbnailUrl":"https:\/\/akubaa.com\/wp-content\/uploads\/2026\/03\/image-26.png","datePublished":"2026-03-21T19:00:00+00:00","dateModified":"2026-03-23T23:02:03+00:00","description":"El general Francis L. Donovan descart\u00f3 una\u00a0intervenci\u00f3n militar en Cuba, pero al mismo tiempo confirm\u00f3 que Estados Unidos se est\u00e1 preparando para un posible\u00a0\u00e9xodo masivo de cubanos.","breadcrumb":{"@id":"https:\/\/akubaa.com\/index.php\/2026\/03\/21\/intervencion-militar-en-cuba-descarta\/#breadcrumb"},"inLanguage":"es","potentialAction":[{"@type":"ReadAction","target":["https:\/\/akubaa.com\/index.php\/2026\/03\/21\/intervencion-militar-en-cuba-descarta\/"]}]},{"@type":"ImageObject","inLanguage":"es","@id":"https:\/\/akubaa.com\/index.php\/2026\/03\/21\/intervencion-militar-en-cuba-descarta\/#primaryimage","url":"https:\/\/akubaa.com\/wp-content\/uploads\/2026\/03\/image-26.png","contentUrl":"https:\/\/akubaa.com\/wp-content\/uploads\/2026\/03\/image-26.png","width":1536,"height":1024},{"@type":"BreadcrumbList","@id":"https:\/\/akubaa.com\/index.php\/2026\/03\/21\/intervencion-militar-en-cuba-descarta\/#breadcrumb","itemListElement":[{"@type":"ListItem","position":1,"name":"Portada","item":"https:\/\/akubaa.com\/"},{"@type":"ListItem","position":2,"name":"Comando Sur,\u00a0Cuba\u00a0y el miedo que nadie quiere nombrar."}]},{"@type":"WebSite","@id":"https:\/\/akubaa.com\/#website","url":"https:\/\/akubaa.com\/","name":"AKubaa","description":"Vive ,conoce y disfruta Cuba al estilo de A&amp;K.","publisher":{"@id":"https:\/\/akubaa.com\/#\/schema\/person\/b096b63c1ad27204e55fabb2cf2153a5"},"potentialAction":[{"@type":"SearchAction","target":{"@type":"EntryPoint","urlTemplate":"https:\/\/akubaa.com\/?s={search_term_string}"},"query-input":{"@type":"PropertyValueSpecification","valueRequired":true,"valueName":"search_term_string"}}],"inLanguage":"es"},{"@type":["Person","Organization"],"@id":"https:\/\/akubaa.com\/#\/schema\/person\/b096b63c1ad27204e55fabb2cf2153a5","name":"AKubaa","image":{"@type":"ImageObject","inLanguage":"es","@id":"https:\/\/akubaa.com\/wp-content\/uploads\/2025\/08\/Imagen-17.jpeg","url":"https:\/\/akubaa.com\/wp-content\/uploads\/2025\/08\/Imagen-17.jpeg","contentUrl":"https:\/\/akubaa.com\/wp-content\/uploads\/2025\/08\/Imagen-17.jpeg","width":1024,"height":1024,"caption":"AKubaa"},"logo":{"@id":"https:\/\/akubaa.com\/wp-content\/uploads\/2025\/08\/Imagen-17.jpeg"},"sameAs":["https:\/\/akubaa.com","https:\/\/www.facebook.com\/akubaa","https:\/\/www.instagram.com\/akubaa?"],"url":"https:\/\/akubaa.com\/index.php\/profile\/admin\/"}]}},"jetpack_publicize_connections":[],"jetpack_featured_media_url":"https:\/\/akubaa.com\/wp-content\/uploads\/2026\/03\/image-26.png","jetpack_sharing_enabled":true,"jetpack_likes_enabled":true,"jetpack-related-posts":[{"id":2811,"url":"https:\/\/akubaa.com\/index.php\/2026\/03\/22\/embajada-de-eeuu-en-cuba-lanza-alerta\/","url_meta":{"origin":2807,"position":0},"title":"Embajada de EEUU en Cuba lanza alerta y deja al descubierto otra puesta en escena del r\u00e9gimen.","author":"AKubaa","date":"03\/22\/2026","format":false,"excerpt":"Hay noticias que, m\u00e1s que informar, retratan un pa\u00eds entero. Y esta vez, la\u00a0Embajada de EEUU en Cuba\u00a0no solo emiti\u00f3 una alerta de seguridad a sus ciudadanos: tambi\u00e9n dej\u00f3 en evidencia el libreto de siempre, ese donde el poder convoca consignas mientras la gente de a pie anda buscando corriente,\u2026","rel":"","context":"En \u00abNoticias y Actualidad\u00bb","block_context":{"text":"Noticias y Actualidad","link":"https:\/\/akubaa.com\/index.php\/category\/noticias-y-actualidad\/"},"img":{"alt_text":"","src":"https:\/\/i0.wp.com\/akubaa.com\/wp-content\/uploads\/2026\/03\/image-28.png?resize=350%2C200&ssl=1","width":350,"height":200,"srcset":"https:\/\/i0.wp.com\/akubaa.com\/wp-content\/uploads\/2026\/03\/image-28.png?resize=350%2C200&ssl=1 1x, https:\/\/i0.wp.com\/akubaa.com\/wp-content\/uploads\/2026\/03\/image-28.png?resize=525%2C300&ssl=1 1.5x, https:\/\/i0.wp.com\/akubaa.com\/wp-content\/uploads\/2026\/03\/image-28.png?resize=700%2C400&ssl=1 2x, https:\/\/i0.wp.com\/akubaa.com\/wp-content\/uploads\/2026\/03\/image-28.png?resize=1050%2C600&ssl=1 3x, https:\/\/i0.wp.com\/akubaa.com\/wp-content\/uploads\/2026\/03\/image-28.png?resize=1400%2C800&ssl=1 4x"},"classes":[]},{"id":2817,"url":"https:\/\/akubaa.com\/index.php\/2026\/03\/22\/florida-mira-al-mar-cuba-mira-al-abismo-el-miedo-a-un-nuevo-exodo-ya-no-se-susurra\/","url_meta":{"origin":2807,"position":1},"title":"Florida mira al mar, Cuba mira al abismo: el miedo a un nuevo \u00e9xodo ya no se susurra.","author":"AKubaa","date":"03\/22\/2026","format":false,"excerpt":"Posible \u00e9xodo masivo de cubanos: Florida en alerta y la Isla al l\u00edmite Yo no creo que en Cuba haya que esperar una explosi\u00f3n para saber que algo se est\u00e1 rompiendo. Basta con mirar la vida diaria: apagones largos, comida m\u00e1s cara que la paciencia, transporte hecho polvo y una\u2026","rel":"","context":"En \u00abNoticias y Actualidad\u00bb","block_context":{"text":"Noticias y Actualidad","link":"https:\/\/akubaa.com\/index.php\/category\/noticias-y-actualidad\/"},"img":{"alt_text":"","src":"https:\/\/i0.wp.com\/akubaa.com\/wp-content\/uploads\/2026\/03\/image-31.png?resize=350%2C200&ssl=1","width":350,"height":200,"srcset":"https:\/\/i0.wp.com\/akubaa.com\/wp-content\/uploads\/2026\/03\/image-31.png?resize=350%2C200&ssl=1 1x, https:\/\/i0.wp.com\/akubaa.com\/wp-content\/uploads\/2026\/03\/image-31.png?resize=525%2C300&ssl=1 1.5x, https:\/\/i0.wp.com\/akubaa.com\/wp-content\/uploads\/2026\/03\/image-31.png?resize=700%2C400&ssl=1 2x, https:\/\/i0.wp.com\/akubaa.com\/wp-content\/uploads\/2026\/03\/image-31.png?resize=1050%2C600&ssl=1 3x, https:\/\/i0.wp.com\/akubaa.com\/wp-content\/uploads\/2026\/03\/image-31.png?resize=1400%2C800&ssl=1 4x"},"classes":[]},{"id":557,"url":"https:\/\/akubaa.com\/index.php\/2025\/07\/01\/nuevo-cafe-cubano-aparece-en-las-tiendas-de-mlc\/","url_meta":{"origin":2807,"position":2},"title":"\u00bfNos van a quitar el caf\u00e9 de la bodega? El nuevo caf\u00e9 Santiago 510 despierta un susto nacional","author":"AKubaa","date":"07\/01\/2025","format":false,"excerpt":"\u00bfSab\u00edas que en Cuba no hay nada que convoque m\u00e1s opiniones cruzadas que el caf\u00e9?. No hay debate que supere al de si est\u00e1 fuerte, si es mezclado, si apareci\u00f3 o si sigue \u201cperdido como el az\u00facar prieta\u201d. Pero esta vez, lo que nos remueve el est\u00f3mago \u2014y el alma\u2014\u2026","rel":"","context":"En \u00abNoticias y Actualidad\u00bb","block_context":{"text":"Noticias y Actualidad","link":"https:\/\/akubaa.com\/index.php\/category\/noticias-y-actualidad\/"},"img":{"alt_text":"","src":"https:\/\/i0.wp.com\/akubaa.com\/wp-content\/uploads\/2025\/07\/image.png?resize=350%2C200&ssl=1","width":350,"height":200,"srcset":"https:\/\/i0.wp.com\/akubaa.com\/wp-content\/uploads\/2025\/07\/image.png?resize=350%2C200&ssl=1 1x, https:\/\/i0.wp.com\/akubaa.com\/wp-content\/uploads\/2025\/07\/image.png?resize=525%2C300&ssl=1 1.5x, https:\/\/i0.wp.com\/akubaa.com\/wp-content\/uploads\/2025\/07\/image.png?resize=700%2C400&ssl=1 2x, https:\/\/i0.wp.com\/akubaa.com\/wp-content\/uploads\/2025\/07\/image.png?resize=1050%2C600&ssl=1 3x, https:\/\/i0.wp.com\/akubaa.com\/wp-content\/uploads\/2025\/07\/image.png?resize=1400%2C800&ssl=1 4x"},"classes":[]},{"id":1318,"url":"https:\/\/akubaa.com\/index.php\/2025\/09\/29\/quien-lo-vio-venir-yipsi-moreno-cambia-de-bandera-y-sacude-el-mundial\/","url_meta":{"origin":2807,"position":3},"title":"\u00bfQui\u00e9n lo vio venir?. Yipsi Moreno cambia de bandera y sacude el Mundial.","author":"AKubaa","date":"09\/29\/2025","format":false,"excerpt":"Yo lo confieso: si alguien me dec\u00eda hace cinco a\u00f1os que iba a ver a\u00a0Yipsi Moreno\u00a0competir de nuevo en un\u00a0Mundial de Atletismo, y no con la bandera cubana, sino con la de\u00a0Albania, me hubiera re\u00eddo en su cara. Pero aqu\u00ed estamos. El\u00a0Mundial de Atletismo Tokio 2025\u00a0abre sus puertas este fin\u2026","rel":"","context":"Entrada similar","block_context":{"text":"Entrada similar","link":""},"img":{"alt_text":"","src":"https:\/\/i0.wp.com\/akubaa.com\/wp-content\/uploads\/2025\/09\/image-30.png?resize=350%2C200&ssl=1","width":350,"height":200,"srcset":"https:\/\/i0.wp.com\/akubaa.com\/wp-content\/uploads\/2025\/09\/image-30.png?resize=350%2C200&ssl=1 1x, https:\/\/i0.wp.com\/akubaa.com\/wp-content\/uploads\/2025\/09\/image-30.png?resize=525%2C300&ssl=1 1.5x, https:\/\/i0.wp.com\/akubaa.com\/wp-content\/uploads\/2025\/09\/image-30.png?resize=700%2C400&ssl=1 2x, https:\/\/i0.wp.com\/akubaa.com\/wp-content\/uploads\/2025\/09\/image-30.png?resize=1050%2C600&ssl=1 3x, https:\/\/i0.wp.com\/akubaa.com\/wp-content\/uploads\/2025\/09\/image-30.png?resize=1400%2C800&ssl=1 4x"},"classes":[]},{"id":426,"url":"https:\/\/akubaa.com\/index.php\/2025\/06\/18\/bicicletas-como-solucion-al-crisis-del-transporte\/","url_meta":{"origin":2807,"position":4},"title":"Cuando aprendiste que moverte en Cuba pod\u00eda costarte el alma: ahora el gobierno te ofrece una bicicleta","author":"AKubaa","date":"06\/18\/2025","format":false,"excerpt":"Clic en la imagen y ent\u00e9rate de todo. Convi\u00e9rtete en patrocinador de A&K lleva tu negocio al siguiente nivel.\u00a0 \u00bfSab\u00edas que hay pa\u00edses donde caminar no es elecci\u00f3n, sino castigo\u00a0.Yo s\u00ed. Y si has vivido \u2014o sobrevivido\u2014 en Cuba durante el \u00faltimo a\u00f1o, t\u00fa tambi\u00e9n. El transporte p\u00fablico se ha\u2026","rel":"","context":"En \u00abNoticias y Actualidad\u00bb","block_context":{"text":"Noticias y Actualidad","link":"https:\/\/akubaa.com\/index.php\/category\/noticias-y-actualidad\/"},"img":{"alt_text":"","src":"https:\/\/i0.wp.com\/akubaa.com\/wp-content\/uploads\/2025\/06\/image-18.png?resize=350%2C200&ssl=1","width":350,"height":200,"srcset":"https:\/\/i0.wp.com\/akubaa.com\/wp-content\/uploads\/2025\/06\/image-18.png?resize=350%2C200&ssl=1 1x, https:\/\/i0.wp.com\/akubaa.com\/wp-content\/uploads\/2025\/06\/image-18.png?resize=525%2C300&ssl=1 1.5x, https:\/\/i0.wp.com\/akubaa.com\/wp-content\/uploads\/2025\/06\/image-18.png?resize=700%2C400&ssl=1 2x, https:\/\/i0.wp.com\/akubaa.com\/wp-content\/uploads\/2025\/06\/image-18.png?resize=1050%2C600&ssl=1 3x, https:\/\/i0.wp.com\/akubaa.com\/wp-content\/uploads\/2025\/06\/image-18.png?resize=1400%2C800&ssl=1 4x"},"classes":[]},{"id":1525,"url":"https:\/\/akubaa.com\/index.php\/2025\/10\/15\/mientras-cuba-se-apaga-mexico-bombea-3-mil-millones-en-petroleo-a-la-isla\/","url_meta":{"origin":2807,"position":5},"title":"Mientras Cuba se apaga: M\u00e9xico bombea 3 mil millones en petr\u00f3leo a la isla","author":"Aliana Rodriguez","date":"10\/15\/2025","format":false,"excerpt":"\u00bfRescate humanitario o negocio opaco?. Yo crec\u00ed oyendo contar las historias de apag\u00f3n: c\u00f3mo, de ni\u00f1a en Mi natal Santa Clara , ten\u00eda que madrugar para encender el fog\u00f3n y preparar la comida antes de que llegara \u201cla luz\u201d; o c\u00f3mo, de adolescente, me dorm\u00eda con el ventilador a medias\u2026","rel":"","context":"En \u00abNoticias y Actualidad\u00bb","block_context":{"text":"Noticias y Actualidad","link":"https:\/\/akubaa.com\/index.php\/category\/noticias-y-actualidad\/"},"img":{"alt_text":"","src":"https:\/\/i0.wp.com\/akubaa.com\/wp-content\/uploads\/2025\/10\/image-23.png?resize=350%2C200&ssl=1","width":350,"height":200,"srcset":"https:\/\/i0.wp.com\/akubaa.com\/wp-content\/uploads\/2025\/10\/image-23.png?resize=350%2C200&ssl=1 1x, https:\/\/i0.wp.com\/akubaa.com\/wp-content\/uploads\/2025\/10\/image-23.png?resize=525%2C300&ssl=1 1.5x, https:\/\/i0.wp.com\/akubaa.com\/wp-content\/uploads\/2025\/10\/image-23.png?resize=700%2C400&ssl=1 2x, https:\/\/i0.wp.com\/akubaa.com\/wp-content\/uploads\/2025\/10\/image-23.png?resize=1050%2C600&ssl=1 3x, https:\/\/i0.wp.com\/akubaa.com\/wp-content\/uploads\/2025\/10\/image-23.png?resize=1400%2C800&ssl=1 4x"},"classes":[]}],"jetpack_shortlink":"https:\/\/wp.me\/pgrKo3-Jh","_links":{"self":[{"href":"https:\/\/akubaa.com\/index.php\/wp-json\/wp\/v2\/posts\/2807","targetHints":{"allow":["GET"]}}],"collection":[{"href":"https:\/\/akubaa.com\/index.php\/wp-json\/wp\/v2\/posts"}],"about":[{"href":"https:\/\/akubaa.com\/index.php\/wp-json\/wp\/v2\/types\/post"}],"author":[{"embeddable":true,"href":"https:\/\/akubaa.com\/index.php\/wp-json\/wp\/v2\/users\/1"}],"replies":[{"embeddable":true,"href":"https:\/\/akubaa.com\/index.php\/wp-json\/wp\/v2\/comments?post=2807"}],"version-history":[{"count":0,"href":"https:\/\/akubaa.com\/index.php\/wp-json\/wp\/v2\/posts\/2807\/revisions"}],"wp:featuredmedia":[{"embeddable":true,"href":"https:\/\/akubaa.com\/index.php\/wp-json\/wp\/v2\/media\/2808"}],"wp:attachment":[{"href":"https:\/\/akubaa.com\/index.php\/wp-json\/wp\/v2\/media?parent=2807"}],"wp:term":[{"taxonomy":"category","embeddable":true,"href":"https:\/\/akubaa.com\/index.php\/wp-json\/wp\/v2\/categories?post=2807"},{"taxonomy":"post_tag","embeddable":true,"href":"https:\/\/akubaa.com\/index.php\/wp-json\/wp\/v2\/tags?post=2807"}],"curies":[{"name":"wp","href":"https:\/\/api.w.org\/{rel}","templated":true}]}}