{"id":2799,"date":"2026-03-21T07:00:00","date_gmt":"2026-03-21T11:00:00","guid":{"rendered":"https:\/\/akubaa.com\/?p=2799"},"modified":"2026-03-20T10:58:50","modified_gmt":"2026-03-20T14:58:50","slug":"rebelion-en-la-granja-en-cuba-van-a-sacrificar-a-diaz-canel-para-salvar-al-regimen","status":"publish","type":"post","link":"https:\/\/akubaa.com\/index.php\/2026\/03\/21\/rebelion-en-la-granja-en-cuba-van-a-sacrificar-a-diaz-canel-para-salvar-al-regimen\/","title":{"rendered":"Rebeli\u00f3n en la Granja en Cuba: \u00bfvan a sacrificar a D\u00edaz-Canel para salvar al r\u00e9gimen?."},"content":{"rendered":"\n<p>Yo no creo que en Cuba estemos viendo solo una crisis. Lo que estamos viendo es una pelea por la supervivencia del poder. Y en ese tablero,&nbsp;<strong>Miguel D\u00edaz-Canel<\/strong>&nbsp;luce cada d\u00eda menos como presidente y m\u00e1s como pieza desechable. Por eso la imagen de&nbsp;<strong>\u201cRebeli\u00f3n en la Granja\u201d<\/strong>&nbsp;no suena exagerada: cuando el sistema se ve acorralado, siempre busca a qui\u00e9n echarle arriba la culpa.<\/p>\n\n\n\n<hr class=\"wp-block-separator has-alpha-channel-opacity\"\/>\n\n\n\n<div class=\"wp-block-media-text is-stacked-on-mobile\"><figure class=\"wp-block-media-text__media\"><img loading=\"lazy\" decoding=\"async\" width=\"1024\" height=\"683\" src=\"https:\/\/akubaa.com\/wp-content\/uploads\/2026\/02\/Imagen-222-1024x683.jpeg\" alt=\"\" class=\"wp-image-2608 size-full\" srcset=\"https:\/\/akubaa.com\/wp-content\/uploads\/2026\/02\/Imagen-222-1024x683.jpeg 1024w, https:\/\/akubaa.com\/wp-content\/uploads\/2026\/02\/Imagen-222-300x200.jpeg 300w, https:\/\/akubaa.com\/wp-content\/uploads\/2026\/02\/Imagen-222-768x512.jpeg 768w, https:\/\/akubaa.com\/wp-content\/uploads\/2026\/02\/Imagen-222-1320x880.jpeg 1320w, https:\/\/akubaa.com\/wp-content\/uploads\/2026\/02\/Imagen-222-600x400.jpeg 600w, https:\/\/akubaa.com\/wp-content\/uploads\/2026\/02\/Imagen-222.jpeg 1536w\" sizes=\"auto, (max-width: 1024px) 100vw, 1024px\" \/><\/figure><div class=\"wp-block-media-text__content\">\n<p>Colorear no es un juego: es desarrollo f\u00edsico, social y emocional. Cuando un ni\u00f1o colorea, pasa algo que ninguna pantalla puede replicar:\u00a0<strong>Impacto social:<\/strong>\u00a0invita al di\u00e1logo, al compartir, al \u201cmira lo que hice\u201d, al momento en familia.\u00a0<strong>Desarrollo f\u00edsico:<\/strong>\u00a0mejora la motricidad fina, la coordinaci\u00f3n mano-ojo y fortalece los m\u00fasculos de los dedos.\u00a0<strong>Beneficio psicol\u00f3gico:<\/strong>\u00a0reduce ansiedad, mejora la concentraci\u00f3n y estimula la creatividad infantil.<\/p>\n\n\n\n<div class=\"wp-block-buttons is-content-justification-center is-layout-flex wp-container-core-buttons-is-layout-a89b3969 wp-block-buttons-is-layout-flex\">\n<div class=\"wp-block-button\"><a class=\"wp-block-button__link wp-element-button\" href=\"https:\/\/www.amazon.com\/dp\/B0GMQM1LGJ?ref_=cm_sw_r_ffobk_cp_ud_dp_MECK9N8QBCJSWMTPABTQ_16&amp;bestFormat=true\">Compra los mejores libros de colorear para tus ni\u00f1os aqu\u00ed. <\/a><\/div>\n<\/div>\n<\/div><\/div>\n\n\n\n<hr class=\"wp-block-separator has-alpha-channel-opacity\"\/>\n\n\n\n<h3 class=\"wp-block-heading\"><strong>Rebeli\u00f3n en la Granja y D\u00edaz-Canel como chivo expiatorio<\/strong><\/h3>\n\n\n\n<p>En la Cuba real, como en la novela de Orwell, los de arriba no se sacrifican primero. Sacrifican al que les conviene. Y hoy,&nbsp;<strong>D\u00edaz-Canel<\/strong>&nbsp;parece cumplir perfecto ese papel. Mientras el cubano de a pie resuelve entre&nbsp;<strong>apagones<\/strong>, comida cara, falta de combustible y salarios que no alcanzan ni para empezar el mes, la c\u00fapula necesita vender la idea de que el problema tiene nombre y apellido.<\/p>\n\n\n\n<p>En la calle muchos lo resumen sin vueltas: \u201cel puesto le qued\u00f3 grande\u201d o \u201clo van a soltar solo cuando ya no les sirva\u201d. Esa frase se escucha en La Habana, en Santiago, y tambi\u00e9n en la di\u00e1spora, desde&nbsp;<strong>Hialeah<\/strong>&nbsp;hasta&nbsp;<strong>Tampa<\/strong>, desde&nbsp;<strong>Madrid<\/strong>&nbsp;hasta&nbsp;<strong>M\u00e9xico<\/strong>, donde miles de cubanos miran con rabia y cansancio c\u00f3mo la Isla sigue cay\u00e9ndose a pedazos.<\/p>\n\n\n\n<hr class=\"wp-block-separator has-alpha-channel-opacity\"\/>\n\n\n\n\n\n<hr class=\"wp-block-separator has-alpha-channel-opacity\"\/>\n\n\n\n<h3 class=\"wp-block-heading\"><strong>D\u00edaz-Canel, crisis econ\u00f3mica y presi\u00f3n internacional<\/strong><\/h3>\n\n\n\n<p>La&nbsp;<strong>crisis en Cuba<\/strong>&nbsp;no empez\u00f3 ayer, pero con&nbsp;<strong>D\u00edaz-Canel<\/strong>&nbsp;se volvi\u00f3 m\u00e1s visible, m\u00e1s cruda y m\u00e1s humillante. Sin subsidios fuertes, con una econom\u00eda centralizada que asfixia, con inflaci\u00f3n brutal y con un pueblo agotado, el relato oficial ya no convence ni dentro ni fuera del pa\u00eds.<\/p>\n\n\n\n<p>Desde la visi\u00f3n de&nbsp;<strong>AKubaa<\/strong>, aqu\u00ed hay algo claro: el r\u00e9gimen podr\u00eda intentar una jugada vieja con maquillaje nuevo. Sacar a&nbsp;<strong>D\u00edaz-Canel<\/strong>&nbsp;como si fuera el gran culpable, para que&nbsp;<strong>Ra\u00fal Castro<\/strong>,&nbsp;<strong>GAESA<\/strong>&nbsp;y la \u00e9lite militar respiren un poco m\u00e1s. Como quien cambia al chofer de una guagua rota y pretende que ahora s\u00ed va a arrancar.<\/p>\n\n\n\n<hr class=\"wp-block-separator has-alpha-channel-opacity\"\/>\n\n\n\n<div class=\"wp-block-media-text is-stacked-on-mobile\"><figure class=\"wp-block-media-text__media\"><img loading=\"lazy\" decoding=\"async\" width=\"1024\" height=\"683\" src=\"https:\/\/akubaa.com\/wp-content\/uploads\/2026\/01\/Imagen-223-1024x683.jpeg\" alt=\"\" class=\"wp-image-2445 size-full\" srcset=\"https:\/\/akubaa.com\/wp-content\/uploads\/2026\/01\/Imagen-223-1024x683.jpeg 1024w, https:\/\/akubaa.com\/wp-content\/uploads\/2026\/01\/Imagen-223-600x400.jpeg 600w, https:\/\/akubaa.com\/wp-content\/uploads\/2026\/01\/Imagen-223-300x200.jpeg 300w, https:\/\/akubaa.com\/wp-content\/uploads\/2026\/01\/Imagen-223-768x512.jpeg 768w, https:\/\/akubaa.com\/wp-content\/uploads\/2026\/01\/Imagen-223-1320x880.jpeg 1320w, https:\/\/akubaa.com\/wp-content\/uploads\/2026\/01\/Imagen-223.jpeg 1536w\" sizes=\"auto, (max-width: 1024px) 100vw, 1024px\" \/><\/figure><div class=\"wp-block-media-text__content\">\n<p>\u00bfTienes un negocio? . Publicalo aqu\u00ed ,solo te tarda un minuto y conecta con personas que buscan lo que t\u00fa ofreces.<strong><a href=\"https:\/\/akubaa.com\/index.php\/directorio-de-negocios-cubanos-akubaa\/\">Clic y descubre todas las ventajas\u00a0<\/a><\/strong>que puede obtener t\u00fa ahora mismo. Es hora de llevarte al lugar que merece sin luchar con el algoritmo.<\/p>\n\n\n\n<div class=\"wp-block-buttons is-content-justification-center is-layout-flex wp-container-core-buttons-is-layout-a89b3969 wp-block-buttons-is-layout-flex\">\n<div class=\"wp-block-button\"><a class=\"wp-block-button__link wp-element-button\" href=\"https:\/\/akubaa.com\/index.php\/negocio\/\">Publica tu negocio AQUI.<\/a><\/div>\n<\/div>\n<\/div><\/div>\n\n\n\n<hr class=\"wp-block-separator has-alpha-channel-opacity\"\/>\n\n\n\n<h3 class=\"wp-block-heading\"><strong>Rebeli\u00f3n en la Granja, Ra\u00fal Castro y la l\u00f3gica de las purgas<\/strong><\/h3>\n\n\n\n<p>La historia del castrismo est\u00e1 llena de figuras apartadas, humilladas o borradas cuando dejan de ser \u00fatiles. No ser\u00eda raro que ahora ocurra lo mismo. En momentos de debilidad, los sistemas cerrados no se reforman de verdad: reacomodan fichas. Pero el problema de Cuba no se llama solo\u00a0<strong>D\u00edaz-Canel<\/strong>. El problema es una estructura agotada que ha vivido del control, del miedo y de culpar siempre a otro. El cubano lo sabe. El que hace cola, el que cocina con carb\u00f3n, el que manda remesas desde\u00a0<strong>Miami<\/strong>, el que se fue para\u00a0<strong>Espa\u00f1a<\/strong>\u00a0porque ya no pod\u00eda m\u00e1s. Al final, la gran pregunta no es si van a sacrificar a\u00a0<strong>D\u00edaz-Canel<\/strong>. La verdadera pregunta es esta:\u00a0<strong>si lo quitan, cambiar\u00e1 algo de fondo o solo estar\u00e1n tratando de salvar otra vez a los mismos de siempre?<\/strong>. <\/p>\n\n\n\n<p>Te leo <a href=\"https:\/\/akmundovirtual.com\/#google_vignette\" type=\"link\" id=\"https:\/\/akmundovirtual.com\/#google_vignette\">en\u00a0<strong>AKubaa<\/strong>\u00a0<\/a>y en nuestras redes. Porque este debate no se acaba aqu\u00ed. Se pone bueno cuando el pueblo habla.<\/p>\n\n\n\n<hr class=\"wp-block-separator has-alpha-channel-opacity\"\/>\n\n\n\n<h2 class=\"wp-block-heading\">M\u00e1s en AKubaa<\/h2>\n\n\n<ul class=\"wp-block-latest-posts__list is-grid columns-3 wp-block-latest-posts\"><li><div class=\"wp-block-latest-posts__featured-image aligncenter\"><a href=\"https:\/\/akubaa.com\/index.php\/2026\/04\/21\/imaray-ulloa-de-influecer-a-ganadora-de-fisicoculturismo\/\" aria-label=\"Imaray Ulloa se sube a otra tarima: dos medallas, ocho meses de disciplina y una lecci\u00f3n que la di\u00e1spora entendi\u00f3 enseguida.\"><img loading=\"lazy\" decoding=\"async\" width=\"150\" height=\"150\" src=\"https:\/\/akubaa.com\/wp-content\/uploads\/2026\/04\/image-14-150x150.png\" class=\"attachment-thumbnail size-thumbnail wp-post-image\" alt=\"\" style=\"\" srcset=\"https:\/\/akubaa.com\/wp-content\/uploads\/2026\/04\/image-14-150x150.png 150w, https:\/\/akubaa.com\/wp-content\/uploads\/2026\/04\/image-14-300x300.png 300w, https:\/\/akubaa.com\/wp-content\/uploads\/2026\/04\/image-14-100x100.png 100w\" sizes=\"auto, (max-width: 150px) 100vw, 150px\" \/><\/a><\/div><a class=\"wp-block-latest-posts__post-title\" href=\"https:\/\/akubaa.com\/index.php\/2026\/04\/21\/imaray-ulloa-de-influecer-a-ganadora-de-fisicoculturismo\/\">Imaray Ulloa se sube a otra tarima: dos medallas, ocho meses de disciplina y una lecci\u00f3n que la di\u00e1spora entendi\u00f3 enseguida.<\/a><\/li>\n<li><div class=\"wp-block-latest-posts__featured-image aligncenter\"><a href=\"https:\/\/akubaa.com\/index.php\/2026\/04\/10\/horoscopo-del-10-de-abril-de-2026\/\" aria-label=\"Hor\u00f3scopo del 10 de abril de 2026: lo que el universo te quiere decir hoy (y lo que debes evitar a toda costa).\u00a0\"><img loading=\"lazy\" decoding=\"async\" width=\"150\" height=\"150\" src=\"https:\/\/akubaa.com\/wp-content\/uploads\/2026\/04\/image-13-150x150.png\" class=\"attachment-thumbnail size-thumbnail wp-post-image\" alt=\"\" style=\"\" srcset=\"https:\/\/akubaa.com\/wp-content\/uploads\/2026\/04\/image-13-150x150.png 150w, https:\/\/akubaa.com\/wp-content\/uploads\/2026\/04\/image-13-300x300.png 300w, https:\/\/akubaa.com\/wp-content\/uploads\/2026\/04\/image-13-100x100.png 100w\" sizes=\"auto, (max-width: 150px) 100vw, 150px\" \/><\/a><\/div><a class=\"wp-block-latest-posts__post-title\" href=\"https:\/\/akubaa.com\/index.php\/2026\/04\/10\/horoscopo-del-10-de-abril-de-2026\/\">Hor\u00f3scopo del 10 de abril de 2026: lo que el universo te quiere decir hoy (y lo que debes evitar a toda costa).\u00a0<\/a><\/li>\n<li><div class=\"wp-block-latest-posts__featured-image aligncenter\"><a href=\"https:\/\/akubaa.com\/index.php\/2026\/04\/09\/horoscopo-del-9-de-abril-de-2026\/\" aria-label=\"\ud83d\udd2e\u00a0Hor\u00f3scopo del 9 de abril de 2026: lo que viene no es casualidad\u2026 es destino (y t\u00fa lo vas a sentir hoy).\"><img loading=\"lazy\" decoding=\"async\" width=\"150\" height=\"150\" src=\"https:\/\/akubaa.com\/wp-content\/uploads\/2026\/04\/image-12-150x150.png\" class=\"attachment-thumbnail size-thumbnail wp-post-image\" alt=\"\" style=\"\" srcset=\"https:\/\/akubaa.com\/wp-content\/uploads\/2026\/04\/image-12-150x150.png 150w, https:\/\/akubaa.com\/wp-content\/uploads\/2026\/04\/image-12-300x300.png 300w, https:\/\/akubaa.com\/wp-content\/uploads\/2026\/04\/image-12-100x100.png 100w\" sizes=\"auto, (max-width: 150px) 100vw, 150px\" \/><\/a><\/div><a class=\"wp-block-latest-posts__post-title\" href=\"https:\/\/akubaa.com\/index.php\/2026\/04\/09\/horoscopo-del-9-de-abril-de-2026\/\">\ud83d\udd2e\u00a0Hor\u00f3scopo del 9 de abril de 2026: lo que viene no es casualidad\u2026 es destino (y t\u00fa lo vas a sentir hoy).<\/a><\/li>\n<li><div class=\"wp-block-latest-posts__featured-image aligncenter\"><a href=\"https:\/\/akubaa.com\/index.php\/2026\/04\/08\/horoscopo-del-8-de-abril-de-2026\/\" aria-label=\"\ud83d\udd2e\u00a0Hor\u00f3scopo del 8 de abril de 2026: lo que el destino no te est\u00e1 diciendo (y deber\u00edas escuchar hoy).\"><img loading=\"lazy\" decoding=\"async\" width=\"150\" height=\"150\" src=\"https:\/\/akubaa.com\/wp-content\/uploads\/2026\/04\/image-11-150x150.png\" class=\"attachment-thumbnail size-thumbnail wp-post-image\" alt=\"\" style=\"\" srcset=\"https:\/\/akubaa.com\/wp-content\/uploads\/2026\/04\/image-11-150x150.png 150w, https:\/\/akubaa.com\/wp-content\/uploads\/2026\/04\/image-11-300x300.png 300w, https:\/\/akubaa.com\/wp-content\/uploads\/2026\/04\/image-11-100x100.png 100w\" sizes=\"auto, (max-width: 150px) 100vw, 150px\" \/><\/a><\/div><a class=\"wp-block-latest-posts__post-title\" href=\"https:\/\/akubaa.com\/index.php\/2026\/04\/08\/horoscopo-del-8-de-abril-de-2026\/\">\ud83d\udd2e\u00a0Hor\u00f3scopo del 8 de abril de 2026: lo que el destino no te est\u00e1 diciendo (y deber\u00edas escuchar hoy).<\/a><\/li>\n<li><div class=\"wp-block-latest-posts__featured-image aligncenter\"><a href=\"https:\/\/akubaa.com\/index.php\/2026\/04\/07\/leoni-torres-y-el-b-convierten-cubano-en-un-grito-de-identidad-y-libertad\/\" aria-label=\"\u201cViva Cuba Libre\u201d: la canci\u00f3n que no es solo m\u00fasica\u2026 es un mensaje que ya no se puede callar.\"><img loading=\"lazy\" decoding=\"async\" width=\"150\" height=\"150\" src=\"https:\/\/akubaa.com\/wp-content\/uploads\/2026\/04\/image-10-150x150.png\" class=\"attachment-thumbnail size-thumbnail wp-post-image\" alt=\"\" style=\"\" srcset=\"https:\/\/akubaa.com\/wp-content\/uploads\/2026\/04\/image-10-150x150.png 150w, https:\/\/akubaa.com\/wp-content\/uploads\/2026\/04\/image-10-300x300.png 300w, https:\/\/akubaa.com\/wp-content\/uploads\/2026\/04\/image-10-100x100.png 100w\" sizes=\"auto, (max-width: 150px) 100vw, 150px\" \/><\/a><\/div><a class=\"wp-block-latest-posts__post-title\" href=\"https:\/\/akubaa.com\/index.php\/2026\/04\/07\/leoni-torres-y-el-b-convierten-cubano-en-un-grito-de-identidad-y-libertad\/\">\u201cViva Cuba Libre\u201d: la canci\u00f3n que no es solo m\u00fasica\u2026 es un mensaje que ya no se puede callar.<\/a><\/li>\n<li><div class=\"wp-block-latest-posts__featured-image aligncenter\"><a href=\"https:\/\/akubaa.com\/index.php\/2026\/04\/07\/horoscopo-del-7-de-abril-de-2026\/\" aria-label=\"\ud83d\udd2e\u00a0Hor\u00f3scopo del 7 de abril de 2026: lo que viene no avisa\u2026 pero s\u00ed se siente.\"><img loading=\"lazy\" decoding=\"async\" width=\"150\" height=\"150\" src=\"https:\/\/akubaa.com\/wp-content\/uploads\/2026\/04\/image-9-150x150.png\" class=\"attachment-thumbnail size-thumbnail wp-post-image\" alt=\"\" style=\"\" srcset=\"https:\/\/akubaa.com\/wp-content\/uploads\/2026\/04\/image-9-150x150.png 150w, https:\/\/akubaa.com\/wp-content\/uploads\/2026\/04\/image-9-300x300.png 300w, https:\/\/akubaa.com\/wp-content\/uploads\/2026\/04\/image-9-100x100.png 100w\" sizes=\"auto, (max-width: 150px) 100vw, 150px\" \/><\/a><\/div><a class=\"wp-block-latest-posts__post-title\" href=\"https:\/\/akubaa.com\/index.php\/2026\/04\/07\/horoscopo-del-7-de-abril-de-2026\/\">\ud83d\udd2e\u00a0Hor\u00f3scopo del 7 de abril de 2026: lo que viene no avisa\u2026 pero s\u00ed se siente.<\/a><\/li>\n<\/ul>","protected":false},"excerpt":{"rendered":"<p>Yo no creo que en Cuba estemos viendo solo una crisis. Lo que estamos viendo es una pelea por la supervivencia del poder. Y en ese tablero,&nbsp;Miguel D\u00edaz-Canel&nbsp;luce cada d\u00eda menos como presidente y m\u00e1s como pieza desechable. Por eso la imagen de&nbsp;\u201cRebeli\u00f3n en la Granja\u201d&nbsp;no suena exagerada: cuando el sistema se ve acorralado, siempre [&hellip;]<\/p>\n","protected":false},"author":1,"featured_media":2800,"comment_status":"open","ping_status":"open","sticky":false,"template":"","format":"standard","meta":{"jetpack_post_was_ever_published":false,"_jetpack_newsletter_access":"","_jetpack_dont_email_post_to_subs":false,"_jetpack_newsletter_tier_id":0,"_jetpack_memberships_contains_paywalled_content":false,"_jetpack_memberships_contains_paid_content":false,"footnotes":"","jetpack_publicize_message":"","jetpack_publicize_feature_enabled":true,"jetpack_social_post_already_shared":true,"jetpack_social_options":{"image_generator_settings":{"template":"highway","default_image_id":0,"font":"","enabled":false},"version":2}},"categories":[1],"tags":[],"class_list":["post-2799","post","type-post","status-publish","format-standard","has-post-thumbnail","hentry","category-uncategorized"],"yoast_head":"<!-- This site is optimized with the Yoast SEO plugin v27.5 - https:\/\/yoast.com\/product\/yoast-seo-wordpress\/ -->\n<title>Rebeli\u00f3n en la Granja en Cuba: \u00bfvan a sacrificar a D\u00edaz-Canel para salvar al r\u00e9gimen?. - AKubaa<\/title>\n<meta name=\"description\" content=\"Rebeli\u00f3n en la Granja en Cuba: \u00bfvan a sacrificar a D\u00edaz-Canel para salvar al r\u00e9gimen?.Lee todo el articulo y \u00fanete a los comentarios .\" \/>\n<meta name=\"robots\" content=\"index, follow, max-snippet:-1, max-image-preview:large, max-video-preview:-1\" \/>\n<link rel=\"canonical\" href=\"https:\/\/akubaa.com\/index.php\/2026\/03\/21\/rebelion-en-la-granja-en-cuba-van-a-sacrificar-a-diaz-canel-para-salvar-al-regimen\/\" \/>\n<meta property=\"og:locale\" content=\"es_ES\" \/>\n<meta property=\"og:type\" content=\"article\" \/>\n<meta property=\"og:title\" content=\"Rebeli\u00f3n en la Granja en Cuba: \u00bfvan a sacrificar a D\u00edaz-Canel para salvar al r\u00e9gimen?. - AKubaa\" \/>\n<meta property=\"og:description\" content=\"Rebeli\u00f3n en la Granja en Cuba: \u00bfvan a sacrificar a D\u00edaz-Canel para salvar al r\u00e9gimen?.Lee todo el articulo y \u00fanete a los comentarios .\" \/>\n<meta property=\"og:url\" content=\"https:\/\/akubaa.com\/index.php\/2026\/03\/21\/rebelion-en-la-granja-en-cuba-van-a-sacrificar-a-diaz-canel-para-salvar-al-regimen\/\" \/>\n<meta property=\"og:site_name\" content=\"AKubaa\" \/>\n<meta property=\"article:publisher\" content=\"https:\/\/www.facebook.com\/akubaa\" \/>\n<meta property=\"article:author\" content=\"https:\/\/www.facebook.com\/akubaa\" \/>\n<meta property=\"article:published_time\" content=\"2026-03-21T11:00:00+00:00\" \/>\n<meta property=\"og:image\" content=\"https:\/\/akubaa.com\/wp-content\/uploads\/2026\/03\/image-23-1024x683.png\" \/>\n\t<meta property=\"og:image:width\" content=\"1024\" \/>\n\t<meta property=\"og:image:height\" content=\"683\" \/>\n\t<meta property=\"og:image:type\" content=\"image\/png\" \/>\n<meta name=\"author\" content=\"AKubaa\" \/>\n<meta name=\"twitter:card\" content=\"summary_large_image\" \/>\n<meta name=\"twitter:label1\" content=\"Escrito por\" \/>\n\t<meta name=\"twitter:data1\" content=\"AKubaa\" \/>\n\t<meta name=\"twitter:label2\" content=\"Tiempo de lectura\" \/>\n\t<meta name=\"twitter:data2\" content=\"4 minutos\" \/>\n<script type=\"application\/ld+json\" class=\"yoast-schema-graph\">{\"@context\":\"https:\\\/\\\/schema.org\",\"@graph\":[{\"@type\":\"Article\",\"@id\":\"https:\\\/\\\/akubaa.com\\\/index.php\\\/2026\\\/03\\\/21\\\/rebelion-en-la-granja-en-cuba-van-a-sacrificar-a-diaz-canel-para-salvar-al-regimen\\\/#article\",\"isPartOf\":{\"@id\":\"https:\\\/\\\/akubaa.com\\\/index.php\\\/2026\\\/03\\\/21\\\/rebelion-en-la-granja-en-cuba-van-a-sacrificar-a-diaz-canel-para-salvar-al-regimen\\\/\"},\"author\":{\"name\":\"AKubaa\",\"@id\":\"https:\\\/\\\/akubaa.com\\\/#\\\/schema\\\/person\\\/b096b63c1ad27204e55fabb2cf2153a5\"},\"headline\":\"Rebeli\u00f3n en la Granja en Cuba: \u00bfvan a sacrificar a D\u00edaz-Canel para salvar al r\u00e9gimen?.\",\"datePublished\":\"2026-03-21T11:00:00+00:00\",\"mainEntityOfPage\":{\"@id\":\"https:\\\/\\\/akubaa.com\\\/index.php\\\/2026\\\/03\\\/21\\\/rebelion-en-la-granja-en-cuba-van-a-sacrificar-a-diaz-canel-para-salvar-al-regimen\\\/\"},\"wordCount\":707,\"commentCount\":0,\"publisher\":{\"@id\":\"https:\\\/\\\/akubaa.com\\\/#\\\/schema\\\/person\\\/b096b63c1ad27204e55fabb2cf2153a5\"},\"image\":{\"@id\":\"https:\\\/\\\/akubaa.com\\\/index.php\\\/2026\\\/03\\\/21\\\/rebelion-en-la-granja-en-cuba-van-a-sacrificar-a-diaz-canel-para-salvar-al-regimen\\\/#primaryimage\"},\"thumbnailUrl\":\"https:\\\/\\\/akubaa.com\\\/wp-content\\\/uploads\\\/2026\\\/03\\\/image-23.png\",\"articleSection\":[\"Uncategorized\"],\"inLanguage\":\"es\",\"potentialAction\":[{\"@type\":\"CommentAction\",\"name\":\"Comment\",\"target\":[\"https:\\\/\\\/akubaa.com\\\/index.php\\\/2026\\\/03\\\/21\\\/rebelion-en-la-granja-en-cuba-van-a-sacrificar-a-diaz-canel-para-salvar-al-regimen\\\/#respond\"]}]},{\"@type\":\"WebPage\",\"@id\":\"https:\\\/\\\/akubaa.com\\\/index.php\\\/2026\\\/03\\\/21\\\/rebelion-en-la-granja-en-cuba-van-a-sacrificar-a-diaz-canel-para-salvar-al-regimen\\\/\",\"url\":\"https:\\\/\\\/akubaa.com\\\/index.php\\\/2026\\\/03\\\/21\\\/rebelion-en-la-granja-en-cuba-van-a-sacrificar-a-diaz-canel-para-salvar-al-regimen\\\/\",\"name\":\"Rebeli\u00f3n en la Granja en Cuba: \u00bfvan a sacrificar a D\u00edaz-Canel para salvar al r\u00e9gimen?. - AKubaa\",\"isPartOf\":{\"@id\":\"https:\\\/\\\/akubaa.com\\\/#website\"},\"primaryImageOfPage\":{\"@id\":\"https:\\\/\\\/akubaa.com\\\/index.php\\\/2026\\\/03\\\/21\\\/rebelion-en-la-granja-en-cuba-van-a-sacrificar-a-diaz-canel-para-salvar-al-regimen\\\/#primaryimage\"},\"image\":{\"@id\":\"https:\\\/\\\/akubaa.com\\\/index.php\\\/2026\\\/03\\\/21\\\/rebelion-en-la-granja-en-cuba-van-a-sacrificar-a-diaz-canel-para-salvar-al-regimen\\\/#primaryimage\"},\"thumbnailUrl\":\"https:\\\/\\\/akubaa.com\\\/wp-content\\\/uploads\\\/2026\\\/03\\\/image-23.png\",\"datePublished\":\"2026-03-21T11:00:00+00:00\",\"description\":\"Rebeli\u00f3n en la Granja en Cuba: \u00bfvan a sacrificar a D\u00edaz-Canel para salvar al r\u00e9gimen?.Lee todo el articulo y \u00fanete a los comentarios .\",\"breadcrumb\":{\"@id\":\"https:\\\/\\\/akubaa.com\\\/index.php\\\/2026\\\/03\\\/21\\\/rebelion-en-la-granja-en-cuba-van-a-sacrificar-a-diaz-canel-para-salvar-al-regimen\\\/#breadcrumb\"},\"inLanguage\":\"es\",\"potentialAction\":[{\"@type\":\"ReadAction\",\"target\":[\"https:\\\/\\\/akubaa.com\\\/index.php\\\/2026\\\/03\\\/21\\\/rebelion-en-la-granja-en-cuba-van-a-sacrificar-a-diaz-canel-para-salvar-al-regimen\\\/\"]}]},{\"@type\":\"ImageObject\",\"inLanguage\":\"es\",\"@id\":\"https:\\\/\\\/akubaa.com\\\/index.php\\\/2026\\\/03\\\/21\\\/rebelion-en-la-granja-en-cuba-van-a-sacrificar-a-diaz-canel-para-salvar-al-regimen\\\/#primaryimage\",\"url\":\"https:\\\/\\\/akubaa.com\\\/wp-content\\\/uploads\\\/2026\\\/03\\\/image-23.png\",\"contentUrl\":\"https:\\\/\\\/akubaa.com\\\/wp-content\\\/uploads\\\/2026\\\/03\\\/image-23.png\",\"width\":1536,\"height\":1024},{\"@type\":\"BreadcrumbList\",\"@id\":\"https:\\\/\\\/akubaa.com\\\/index.php\\\/2026\\\/03\\\/21\\\/rebelion-en-la-granja-en-cuba-van-a-sacrificar-a-diaz-canel-para-salvar-al-regimen\\\/#breadcrumb\",\"itemListElement\":[{\"@type\":\"ListItem\",\"position\":1,\"name\":\"Portada\",\"item\":\"https:\\\/\\\/akubaa.com\\\/\"},{\"@type\":\"ListItem\",\"position\":2,\"name\":\"Rebeli\u00f3n en la Granja en Cuba: \u00bfvan a sacrificar a D\u00edaz-Canel para salvar al r\u00e9gimen?.\"}]},{\"@type\":\"WebSite\",\"@id\":\"https:\\\/\\\/akubaa.com\\\/#website\",\"url\":\"https:\\\/\\\/akubaa.com\\\/\",\"name\":\"AKubaa\",\"description\":\"Vive ,conoce y disfruta Cuba al estilo de A&amp;K.\",\"publisher\":{\"@id\":\"https:\\\/\\\/akubaa.com\\\/#\\\/schema\\\/person\\\/b096b63c1ad27204e55fabb2cf2153a5\"},\"potentialAction\":[{\"@type\":\"SearchAction\",\"target\":{\"@type\":\"EntryPoint\",\"urlTemplate\":\"https:\\\/\\\/akubaa.com\\\/?s={search_term_string}\"},\"query-input\":{\"@type\":\"PropertyValueSpecification\",\"valueRequired\":true,\"valueName\":\"search_term_string\"}}],\"inLanguage\":\"es\"},{\"@type\":[\"Person\",\"Organization\"],\"@id\":\"https:\\\/\\\/akubaa.com\\\/#\\\/schema\\\/person\\\/b096b63c1ad27204e55fabb2cf2153a5\",\"name\":\"AKubaa\",\"image\":{\"@type\":\"ImageObject\",\"inLanguage\":\"es\",\"@id\":\"https:\\\/\\\/akubaa.com\\\/wp-content\\\/uploads\\\/2025\\\/08\\\/Imagen-17.jpeg\",\"url\":\"https:\\\/\\\/akubaa.com\\\/wp-content\\\/uploads\\\/2025\\\/08\\\/Imagen-17.jpeg\",\"contentUrl\":\"https:\\\/\\\/akubaa.com\\\/wp-content\\\/uploads\\\/2025\\\/08\\\/Imagen-17.jpeg\",\"width\":1024,\"height\":1024,\"caption\":\"AKubaa\"},\"logo\":{\"@id\":\"https:\\\/\\\/akubaa.com\\\/wp-content\\\/uploads\\\/2025\\\/08\\\/Imagen-17.jpeg\"},\"sameAs\":[\"https:\\\/\\\/akubaa.com\",\"https:\\\/\\\/www.facebook.com\\\/akubaa\",\"https:\\\/\\\/www.instagram.com\\\/akubaa?\"],\"url\":\"https:\\\/\\\/akubaa.com\\\/index.php\\\/profile\\\/admin\\\/\"}]}<\/script>\n<!-- \/ Yoast SEO plugin. -->","yoast_head_json":{"title":"Rebeli\u00f3n en la Granja en Cuba: \u00bfvan a sacrificar a D\u00edaz-Canel para salvar al r\u00e9gimen?. - AKubaa","description":"Rebeli\u00f3n en la Granja en Cuba: \u00bfvan a sacrificar a D\u00edaz-Canel para salvar al r\u00e9gimen?.Lee todo el articulo y \u00fanete a los comentarios .","robots":{"index":"index","follow":"follow","max-snippet":"max-snippet:-1","max-image-preview":"max-image-preview:large","max-video-preview":"max-video-preview:-1"},"canonical":"https:\/\/akubaa.com\/index.php\/2026\/03\/21\/rebelion-en-la-granja-en-cuba-van-a-sacrificar-a-diaz-canel-para-salvar-al-regimen\/","og_locale":"es_ES","og_type":"article","og_title":"Rebeli\u00f3n en la Granja en Cuba: \u00bfvan a sacrificar a D\u00edaz-Canel para salvar al r\u00e9gimen?. - AKubaa","og_description":"Rebeli\u00f3n en la Granja en Cuba: \u00bfvan a sacrificar a D\u00edaz-Canel para salvar al r\u00e9gimen?.Lee todo el articulo y \u00fanete a los comentarios .","og_url":"https:\/\/akubaa.com\/index.php\/2026\/03\/21\/rebelion-en-la-granja-en-cuba-van-a-sacrificar-a-diaz-canel-para-salvar-al-regimen\/","og_site_name":"AKubaa","article_publisher":"https:\/\/www.facebook.com\/akubaa","article_author":"https:\/\/www.facebook.com\/akubaa","article_published_time":"2026-03-21T11:00:00+00:00","og_image":[{"width":1024,"height":683,"url":"https:\/\/akubaa.com\/wp-content\/uploads\/2026\/03\/image-23-1024x683.png","type":"image\/png"}],"author":"AKubaa","twitter_card":"summary_large_image","twitter_misc":{"Escrito por":"AKubaa","Tiempo de lectura":"4 minutos"},"schema":{"@context":"https:\/\/schema.org","@graph":[{"@type":"Article","@id":"https:\/\/akubaa.com\/index.php\/2026\/03\/21\/rebelion-en-la-granja-en-cuba-van-a-sacrificar-a-diaz-canel-para-salvar-al-regimen\/#article","isPartOf":{"@id":"https:\/\/akubaa.com\/index.php\/2026\/03\/21\/rebelion-en-la-granja-en-cuba-van-a-sacrificar-a-diaz-canel-para-salvar-al-regimen\/"},"author":{"name":"AKubaa","@id":"https:\/\/akubaa.com\/#\/schema\/person\/b096b63c1ad27204e55fabb2cf2153a5"},"headline":"Rebeli\u00f3n en la Granja en Cuba: \u00bfvan a sacrificar a D\u00edaz-Canel para salvar al r\u00e9gimen?.","datePublished":"2026-03-21T11:00:00+00:00","mainEntityOfPage":{"@id":"https:\/\/akubaa.com\/index.php\/2026\/03\/21\/rebelion-en-la-granja-en-cuba-van-a-sacrificar-a-diaz-canel-para-salvar-al-regimen\/"},"wordCount":707,"commentCount":0,"publisher":{"@id":"https:\/\/akubaa.com\/#\/schema\/person\/b096b63c1ad27204e55fabb2cf2153a5"},"image":{"@id":"https:\/\/akubaa.com\/index.php\/2026\/03\/21\/rebelion-en-la-granja-en-cuba-van-a-sacrificar-a-diaz-canel-para-salvar-al-regimen\/#primaryimage"},"thumbnailUrl":"https:\/\/akubaa.com\/wp-content\/uploads\/2026\/03\/image-23.png","articleSection":["Uncategorized"],"inLanguage":"es","potentialAction":[{"@type":"CommentAction","name":"Comment","target":["https:\/\/akubaa.com\/index.php\/2026\/03\/21\/rebelion-en-la-granja-en-cuba-van-a-sacrificar-a-diaz-canel-para-salvar-al-regimen\/#respond"]}]},{"@type":"WebPage","@id":"https:\/\/akubaa.com\/index.php\/2026\/03\/21\/rebelion-en-la-granja-en-cuba-van-a-sacrificar-a-diaz-canel-para-salvar-al-regimen\/","url":"https:\/\/akubaa.com\/index.php\/2026\/03\/21\/rebelion-en-la-granja-en-cuba-van-a-sacrificar-a-diaz-canel-para-salvar-al-regimen\/","name":"Rebeli\u00f3n en la Granja en Cuba: \u00bfvan a sacrificar a D\u00edaz-Canel para salvar al r\u00e9gimen?. - AKubaa","isPartOf":{"@id":"https:\/\/akubaa.com\/#website"},"primaryImageOfPage":{"@id":"https:\/\/akubaa.com\/index.php\/2026\/03\/21\/rebelion-en-la-granja-en-cuba-van-a-sacrificar-a-diaz-canel-para-salvar-al-regimen\/#primaryimage"},"image":{"@id":"https:\/\/akubaa.com\/index.php\/2026\/03\/21\/rebelion-en-la-granja-en-cuba-van-a-sacrificar-a-diaz-canel-para-salvar-al-regimen\/#primaryimage"},"thumbnailUrl":"https:\/\/akubaa.com\/wp-content\/uploads\/2026\/03\/image-23.png","datePublished":"2026-03-21T11:00:00+00:00","description":"Rebeli\u00f3n en la Granja en Cuba: \u00bfvan a sacrificar a D\u00edaz-Canel para salvar al r\u00e9gimen?.Lee todo el articulo y \u00fanete a los comentarios .","breadcrumb":{"@id":"https:\/\/akubaa.com\/index.php\/2026\/03\/21\/rebelion-en-la-granja-en-cuba-van-a-sacrificar-a-diaz-canel-para-salvar-al-regimen\/#breadcrumb"},"inLanguage":"es","potentialAction":[{"@type":"ReadAction","target":["https:\/\/akubaa.com\/index.php\/2026\/03\/21\/rebelion-en-la-granja-en-cuba-van-a-sacrificar-a-diaz-canel-para-salvar-al-regimen\/"]}]},{"@type":"ImageObject","inLanguage":"es","@id":"https:\/\/akubaa.com\/index.php\/2026\/03\/21\/rebelion-en-la-granja-en-cuba-van-a-sacrificar-a-diaz-canel-para-salvar-al-regimen\/#primaryimage","url":"https:\/\/akubaa.com\/wp-content\/uploads\/2026\/03\/image-23.png","contentUrl":"https:\/\/akubaa.com\/wp-content\/uploads\/2026\/03\/image-23.png","width":1536,"height":1024},{"@type":"BreadcrumbList","@id":"https:\/\/akubaa.com\/index.php\/2026\/03\/21\/rebelion-en-la-granja-en-cuba-van-a-sacrificar-a-diaz-canel-para-salvar-al-regimen\/#breadcrumb","itemListElement":[{"@type":"ListItem","position":1,"name":"Portada","item":"https:\/\/akubaa.com\/"},{"@type":"ListItem","position":2,"name":"Rebeli\u00f3n en la Granja en Cuba: \u00bfvan a sacrificar a D\u00edaz-Canel para salvar al r\u00e9gimen?."}]},{"@type":"WebSite","@id":"https:\/\/akubaa.com\/#website","url":"https:\/\/akubaa.com\/","name":"AKubaa","description":"Vive ,conoce y disfruta Cuba al estilo de A&amp;K.","publisher":{"@id":"https:\/\/akubaa.com\/#\/schema\/person\/b096b63c1ad27204e55fabb2cf2153a5"},"potentialAction":[{"@type":"SearchAction","target":{"@type":"EntryPoint","urlTemplate":"https:\/\/akubaa.com\/?s={search_term_string}"},"query-input":{"@type":"PropertyValueSpecification","valueRequired":true,"valueName":"search_term_string"}}],"inLanguage":"es"},{"@type":["Person","Organization"],"@id":"https:\/\/akubaa.com\/#\/schema\/person\/b096b63c1ad27204e55fabb2cf2153a5","name":"AKubaa","image":{"@type":"ImageObject","inLanguage":"es","@id":"https:\/\/akubaa.com\/wp-content\/uploads\/2025\/08\/Imagen-17.jpeg","url":"https:\/\/akubaa.com\/wp-content\/uploads\/2025\/08\/Imagen-17.jpeg","contentUrl":"https:\/\/akubaa.com\/wp-content\/uploads\/2025\/08\/Imagen-17.jpeg","width":1024,"height":1024,"caption":"AKubaa"},"logo":{"@id":"https:\/\/akubaa.com\/wp-content\/uploads\/2025\/08\/Imagen-17.jpeg"},"sameAs":["https:\/\/akubaa.com","https:\/\/www.facebook.com\/akubaa","https:\/\/www.instagram.com\/akubaa?"],"url":"https:\/\/akubaa.com\/index.php\/profile\/admin\/"}]}},"jetpack_publicize_connections":[],"jetpack_featured_media_url":"https:\/\/akubaa.com\/wp-content\/uploads\/2026\/03\/image-23.png","jetpack_sharing_enabled":true,"jetpack_likes_enabled":true,"jetpack-related-posts":[{"id":2772,"url":"https:\/\/akubaa.com\/index.php\/2026\/03\/18\/miguel-diaz-canel-se-niega-a-renunciar\/","url_meta":{"origin":2799,"position":0},"title":"\u201cNo me voy\u201d: D\u00edaz-Canel se planta, Trump aprieta\u2026 y Cuba queda en el medio del pulso m\u00e1s tenso en a\u00f1os.","author":"AKubaa","date":"03\/18\/2026","format":false,"excerpt":"Yo no s\u00e9 t\u00fa, pero cada vez que leo estas declaraciones me da la sensaci\u00f3n de estar viendo una pel\u00edcula\u2026 solo que esta vez el guion lo estamos pagando todos los cubanos, dentro y fuera de la Isla. La noticia es clara:\u00a0Miguel D\u00edaz-Canel se niega a renunciar. Y no solo\u2026","rel":"","context":"En \u00abNoticias y Actualidad\u00bb","block_context":{"text":"Noticias y Actualidad","link":"https:\/\/akubaa.com\/index.php\/category\/noticias-y-actualidad\/"},"img":{"alt_text":"","src":"https:\/\/i0.wp.com\/akubaa.com\/wp-content\/uploads\/2026\/03\/image-12.png?resize=350%2C200&ssl=1","width":350,"height":200,"srcset":"https:\/\/i0.wp.com\/akubaa.com\/wp-content\/uploads\/2026\/03\/image-12.png?resize=350%2C200&ssl=1 1x, https:\/\/i0.wp.com\/akubaa.com\/wp-content\/uploads\/2026\/03\/image-12.png?resize=525%2C300&ssl=1 1.5x, https:\/\/i0.wp.com\/akubaa.com\/wp-content\/uploads\/2026\/03\/image-12.png?resize=700%2C400&ssl=1 2x, https:\/\/i0.wp.com\/akubaa.com\/wp-content\/uploads\/2026\/03\/image-12.png?resize=1050%2C600&ssl=1 3x, https:\/\/i0.wp.com\/akubaa.com\/wp-content\/uploads\/2026\/03\/image-12.png?resize=1400%2C800&ssl=1 4x"},"classes":[]},{"id":2759,"url":"https:\/\/akubaa.com\/index.php\/2026\/03\/17\/ee-uu-quiere-la-renuncia-de-diaz-canel-antes-de-negociar-con-cuba\/","url_meta":{"origin":2799,"position":1},"title":"\u201cLa jugada de Washington: \u00bfpor qu\u00e9 EE.UU. quiere la renuncia de D\u00edaz-Canel antes de negociar con Cuba?\u201d","author":"AKubaa","date":"03\/17\/2026","format":false,"excerpt":"Hay noticias que, cuando uno las lee, siente que detr\u00e1s hay mucho m\u00e1s de lo que aparece en el titular. Y esta es una de ellas. Seg\u00fan revelaciones publicadas por\u00a0The New York Times\u00a0y adelantadas tambi\u00e9n por el\u00a0Miami Herald, la administraci\u00f3n de\u00a0Donald Trump\u00a0habr\u00eda puesto una condici\u00f3n clara para avanzar en las\u2026","rel":"","context":"Entrada similar","block_context":{"text":"Entrada similar","link":""},"img":{"alt_text":"","src":"https:\/\/i0.wp.com\/akubaa.com\/wp-content\/uploads\/2026\/03\/image-7.png?resize=350%2C200&ssl=1","width":350,"height":200,"srcset":"https:\/\/i0.wp.com\/akubaa.com\/wp-content\/uploads\/2026\/03\/image-7.png?resize=350%2C200&ssl=1 1x, https:\/\/i0.wp.com\/akubaa.com\/wp-content\/uploads\/2026\/03\/image-7.png?resize=525%2C300&ssl=1 1.5x, https:\/\/i0.wp.com\/akubaa.com\/wp-content\/uploads\/2026\/03\/image-7.png?resize=700%2C400&ssl=1 2x, https:\/\/i0.wp.com\/akubaa.com\/wp-content\/uploads\/2026\/03\/image-7.png?resize=1050%2C600&ssl=1 3x, https:\/\/i0.wp.com\/akubaa.com\/wp-content\/uploads\/2026\/03\/image-7.png?resize=1400%2C800&ssl=1 4x"},"classes":[]},{"id":2744,"url":"https:\/\/akubaa.com\/index.php\/2026\/03\/13\/el-cangrejo-2\/","url_meta":{"origin":2799,"position":2},"title":"Cuando el poder se mueve en silencio: \u201cEl Cangrejo\u201d, D\u00edaz-Canel y el inesperado di\u00e1logo con Estados Unidos.","author":"AKubaa","date":"03\/13\/2026","format":false,"excerpt":"Hay d\u00edas en que la pol\u00edtica cubana parece una obra de teatro cuidadosamente ensayada. Y luego hay d\u00edas como este\u00a013 de marzo de 2026, cuando\u00a0Miguel D\u00edaz-Canel\u00a0aparece ante las c\u00e1maras anunciando\u00a0conversaciones oficiales entre Cuba y Estados Unidos\u2026 y, de pronto, en la escena aparece una figura que muchos conocen pero casi\u2026","rel":"","context":"Entrada similar","block_context":{"text":"Entrada similar","link":""},"img":{"alt_text":"","src":"https:\/\/i0.wp.com\/akubaa.com\/wp-content\/uploads\/2026\/03\/Imagen-20.jpeg?resize=350%2C200&ssl=1","width":350,"height":200,"srcset":"https:\/\/i0.wp.com\/akubaa.com\/wp-content\/uploads\/2026\/03\/Imagen-20.jpeg?resize=350%2C200&ssl=1 1x, https:\/\/i0.wp.com\/akubaa.com\/wp-content\/uploads\/2026\/03\/Imagen-20.jpeg?resize=525%2C300&ssl=1 1.5x, https:\/\/i0.wp.com\/akubaa.com\/wp-content\/uploads\/2026\/03\/Imagen-20.jpeg?resize=700%2C400&ssl=1 2x"},"classes":[]},{"id":2775,"url":"https:\/\/akubaa.com\/index.php\/2026\/03\/19\/quien-va-a-sustituir-a-diaz-canel\/","url_meta":{"origin":2799,"position":3},"title":"\u00bfEl fin de D\u00edaz-Canel?. Estos son los nombres que ya suenan en los pasillos del poder en Cuba.","author":"AKubaa","date":"03\/19\/2026","format":false,"excerpt":"Hay momentos en los que uno siente que algo se est\u00e1 moviendo\u2026 aunque nadie lo diga oficialmente. Y hoy, desde Miami hasta La Habana, pasando por Hialeah, Tampa y hasta Madrid, la pregunta se repite en voz baja \u2014y a veces a gritos\u2014:\u00a0\u00bfqui\u00e9n va a sustituir a D\u00edaz-Canel?. Porque seamos\u2026","rel":"","context":"En \u00abNoticias y Actualidad\u00bb","block_context":{"text":"Noticias y Actualidad","link":"https:\/\/akubaa.com\/index.php\/category\/noticias-y-actualidad\/"},"img":{"alt_text":"","src":"https:\/\/i0.wp.com\/akubaa.com\/wp-content\/uploads\/2026\/03\/image-13.png?resize=350%2C200&ssl=1","width":350,"height":200,"srcset":"https:\/\/i0.wp.com\/akubaa.com\/wp-content\/uploads\/2026\/03\/image-13.png?resize=350%2C200&ssl=1 1x, https:\/\/i0.wp.com\/akubaa.com\/wp-content\/uploads\/2026\/03\/image-13.png?resize=525%2C300&ssl=1 1.5x, https:\/\/i0.wp.com\/akubaa.com\/wp-content\/uploads\/2026\/03\/image-13.png?resize=700%2C400&ssl=1 2x, https:\/\/i0.wp.com\/akubaa.com\/wp-content\/uploads\/2026\/03\/image-13.png?resize=1050%2C600&ssl=1 3x, https:\/\/i0.wp.com\/akubaa.com\/wp-content\/uploads\/2026\/03\/image-13.png?resize=1400%2C800&ssl=1 4x"},"classes":[]},{"id":2894,"url":"https:\/\/akubaa.com\/index.php\/2026\/03\/27\/diaz-canel-abre-la-puerta-a-eeuu-pero-con-candado-puesto\/","url_meta":{"origin":2799,"position":4},"title":"D\u00edaz-Canel abre la puerta a EEUU\u2026 pero con candado puesto: \u00bfdi\u00e1logo real o estrategia pol\u00edtica?.","author":"AKubaa","date":"03\/27\/2026","format":false,"excerpt":"Hay frases que suenan bonitas\u2026 hasta que uno las aterriza en la realidad. Esta semana,\u00a0Miguel D\u00edaz-Canel\u00a0dijo que Cuba est\u00e1 dispuesta a dialogar con\u00a0Estados Unidos\u00a0sobre su participaci\u00f3n en la econom\u00eda de la Isla. Y yo, desde aqu\u00ed \u2014con un pie en Cuba y otro en la di\u00e1spora\u2014 no pude evitar preguntarme:\u2026","rel":"","context":"En \u00abNoticias y Actualidad\u00bb","block_context":{"text":"Noticias y Actualidad","link":"https:\/\/akubaa.com\/index.php\/category\/noticias-y-actualidad\/"},"img":{"alt_text":"","src":"https:\/\/i0.wp.com\/akubaa.com\/wp-content\/uploads\/2026\/03\/image-65.png?resize=350%2C200&ssl=1","width":350,"height":200,"srcset":"https:\/\/i0.wp.com\/akubaa.com\/wp-content\/uploads\/2026\/03\/image-65.png?resize=350%2C200&ssl=1 1x, https:\/\/i0.wp.com\/akubaa.com\/wp-content\/uploads\/2026\/03\/image-65.png?resize=525%2C300&ssl=1 1.5x, https:\/\/i0.wp.com\/akubaa.com\/wp-content\/uploads\/2026\/03\/image-65.png?resize=700%2C400&ssl=1 2x, https:\/\/i0.wp.com\/akubaa.com\/wp-content\/uploads\/2026\/03\/image-65.png?resize=1050%2C600&ssl=1 3x, https:\/\/i0.wp.com\/akubaa.com\/wp-content\/uploads\/2026\/03\/image-65.png?resize=1400%2C800&ssl=1 4x"},"classes":[]},{"id":2885,"url":"https:\/\/akubaa.com\/index.php\/2026\/03\/26\/comer-lo-que-podamos-producir-la-frase-de-diaz-canel\/","url_meta":{"origin":2799,"position":5},"title":"\u201cComer lo que podamos producir\u201d: la frase de D\u00edaz-Canel que encendi\u00f3 otra vez la realidad cubana.","author":"AKubaa","date":"03\/26\/2026","format":false,"excerpt":"Hay frases que no solo suenan\u2026 pesan. Y esta, dicha por\u00a0Miguel D\u00edaz-Canel\u00a0frente a influencers de izquierda, no es una m\u00e1s: es casi una confesi\u00f3n. Colorear no es un juego: es desarrollo f\u00edsico, social y emocional. Cuando un ni\u00f1o colorea, pasa algo que ninguna pantalla puede replicar:\u00a0Impacto social:\u00a0invita al di\u00e1logo, al\u2026","rel":"","context":"Entrada similar","block_context":{"text":"Entrada similar","link":""},"img":{"alt_text":"","src":"https:\/\/i0.wp.com\/akubaa.com\/wp-content\/uploads\/2026\/03\/image-58.png?resize=350%2C200&ssl=1","width":350,"height":200,"srcset":"https:\/\/i0.wp.com\/akubaa.com\/wp-content\/uploads\/2026\/03\/image-58.png?resize=350%2C200&ssl=1 1x, https:\/\/i0.wp.com\/akubaa.com\/wp-content\/uploads\/2026\/03\/image-58.png?resize=525%2C300&ssl=1 1.5x, https:\/\/i0.wp.com\/akubaa.com\/wp-content\/uploads\/2026\/03\/image-58.png?resize=700%2C400&ssl=1 2x, https:\/\/i0.wp.com\/akubaa.com\/wp-content\/uploads\/2026\/03\/image-58.png?resize=1050%2C600&ssl=1 3x"},"classes":[]}],"jetpack_shortlink":"https:\/\/wp.me\/pgrKo3-J9","_links":{"self":[{"href":"https:\/\/akubaa.com\/index.php\/wp-json\/wp\/v2\/posts\/2799","targetHints":{"allow":["GET"]}}],"collection":[{"href":"https:\/\/akubaa.com\/index.php\/wp-json\/wp\/v2\/posts"}],"about":[{"href":"https:\/\/akubaa.com\/index.php\/wp-json\/wp\/v2\/types\/post"}],"author":[{"embeddable":true,"href":"https:\/\/akubaa.com\/index.php\/wp-json\/wp\/v2\/users\/1"}],"replies":[{"embeddable":true,"href":"https:\/\/akubaa.com\/index.php\/wp-json\/wp\/v2\/comments?post=2799"}],"version-history":[{"count":0,"href":"https:\/\/akubaa.com\/index.php\/wp-json\/wp\/v2\/posts\/2799\/revisions"}],"wp:featuredmedia":[{"embeddable":true,"href":"https:\/\/akubaa.com\/index.php\/wp-json\/wp\/v2\/media\/2800"}],"wp:attachment":[{"href":"https:\/\/akubaa.com\/index.php\/wp-json\/wp\/v2\/media?parent=2799"}],"wp:term":[{"taxonomy":"category","embeddable":true,"href":"https:\/\/akubaa.com\/index.php\/wp-json\/wp\/v2\/categories?post=2799"},{"taxonomy":"post_tag","embeddable":true,"href":"https:\/\/akubaa.com\/index.php\/wp-json\/wp\/v2\/tags?post=2799"}],"curies":[{"name":"wp","href":"https:\/\/api.w.org\/{rel}","templated":true}]}}