{"id":2797,"date":"2026-03-20T14:00:00","date_gmt":"2026-03-20T18:00:00","guid":{"rendered":"https:\/\/akubaa.com\/?p=2797"},"modified":"2026-03-20T10:36:00","modified_gmt":"2026-03-20T14:36:00","slug":"cambio-de-regimen-en-cuba-a-camara-lenta-lo-que-washington-dice-y-lo-que-el-cubano-de-a-pie-siente-ya-en-la-piel","status":"publish","type":"post","link":"https:\/\/akubaa.com\/index.php\/2026\/03\/20\/cambio-de-regimen-en-cuba-a-camara-lenta-lo-que-washington-dice-y-lo-que-el-cubano-de-a-pie-siente-ya-en-la-piel\/","title":{"rendered":"\u201cCambio de r\u00e9gimen en Cuba a c\u00e1mara lenta\u201d: lo que Washington dice\u2026 y lo que el cubano de a pie siente ya en la piel."},"content":{"rendered":"\n<p class=\"wp-block-paragraph\">Hay frases que no caen como noticia, sino como piedra. Cuando el secretario del Tesoro de Estados Unidos, Scott Bessent, habl\u00f3 de un posible&nbsp;<strong>\u201ccambio de r\u00e9gimen en Cuba\u201d<\/strong>&nbsp;en&nbsp;<strong>\u201cc\u00e1mara lenta\u201d<\/strong>, no estaba describiendo una pel\u00edcula. Estaba poniendo en voz alta algo que muchos sospechan: que el desgaste del sistema cubano ya no se mide en discursos, sino en apagones, escasez y miedo acumulado. La referencia de Bessent apareci\u00f3 en una entrevista de Fox Business publicada el 19 de marzo, en medio de nuevas se\u00f1ales de presi\u00f3n desde Washington.&nbsp;<\/p>\n\n\n\n<hr class=\"wp-block-separator has-alpha-channel-opacity\"\/>\n\n\n\n<div class=\"wp-block-media-text is-stacked-on-mobile\"><figure class=\"wp-block-media-text__media\"><img loading=\"lazy\" decoding=\"async\" width=\"1024\" height=\"683\" src=\"https:\/\/akubaa.com\/wp-content\/uploads\/2026\/02\/Imagen-222-1024x683.jpeg\" alt=\"\" class=\"wp-image-2608 size-full\" srcset=\"https:\/\/akubaa.com\/wp-content\/uploads\/2026\/02\/Imagen-222-1024x683.jpeg 1024w, https:\/\/akubaa.com\/wp-content\/uploads\/2026\/02\/Imagen-222-300x200.jpeg 300w, https:\/\/akubaa.com\/wp-content\/uploads\/2026\/02\/Imagen-222-768x512.jpeg 768w, https:\/\/akubaa.com\/wp-content\/uploads\/2026\/02\/Imagen-222-1320x880.jpeg 1320w, https:\/\/akubaa.com\/wp-content\/uploads\/2026\/02\/Imagen-222-600x400.jpeg 600w, https:\/\/akubaa.com\/wp-content\/uploads\/2026\/02\/Imagen-222.jpeg 1536w\" sizes=\"auto, (max-width: 1024px) 100vw, 1024px\" \/><\/figure><div class=\"wp-block-media-text__content\">\n<p class=\"wp-block-paragraph\">Colorear no es un juego: es desarrollo f\u00edsico, social y emocional. Cuando un ni\u00f1o colorea, pasa algo que ninguna pantalla puede replicar:\u00a0<strong>Impacto social:<\/strong>\u00a0invita al di\u00e1logo, al compartir, al \u201cmira lo que hice\u201d, al momento en familia.\u00a0<strong>Desarrollo f\u00edsico:<\/strong>\u00a0mejora la motricidad fina, la coordinaci\u00f3n mano-ojo y fortalece los m\u00fasculos de los dedos.\u00a0<strong>Beneficio psicol\u00f3gico:<\/strong>\u00a0reduce ansiedad, mejora la concentraci\u00f3n y estimula la creatividad infantil.<\/p>\n\n\n\n<div class=\"wp-block-buttons is-content-justification-center is-layout-flex wp-container-core-buttons-is-layout-3e41869c wp-block-buttons-is-layout-flex\">\n<div class=\"wp-block-button\"><a class=\"wp-block-button__link wp-element-button\">Compra los mejores libros de colorear para tus ni\u00f1os aqui <\/a><\/div>\n<\/div>\n<\/div><\/div>\n\n\n\n<hr class=\"wp-block-separator has-alpha-channel-opacity\"\/>\n\n\n\n<h3 class=\"wp-block-heading\"><strong>Cambio de r\u00e9gimen en Cuba: la frase que retrata una crisis que se arrastra<\/strong><\/h3>\n\n\n\n<p class=\"wp-block-paragraph\">Yo lo digo claro: en Cuba todo parece suceder lento\u2026 hasta que de pronto se rompe. Ese&nbsp;<strong>cambio de r\u00e9gimen en Cuba<\/strong>del que habla Bessent no ser\u00eda, seg\u00fan su lectura, un estallido inmediato, sino una erosi\u00f3n prolongada. Y ah\u00ed est\u00e1 el punto que en AKubaa no podemos ignorar: el pa\u00eds lleva a\u00f1os desmoron\u00e1ndose por dentro mientras el pueblo resiste con una mezcla de invento, cansancio y rabia contenida.<\/p>\n\n\n\n<p class=\"wp-block-paragraph\">En La Habana, Santiago o Santa Clara, la gente no habla en t\u00e9rminos geopol\u00edticos; habla de comida, corriente y gasolina. En Hialeah, Tampa, Madrid o Ciudad de M\u00e9xico, la di\u00e1spora lo vive distinto, pero igual de hondo: llamadas cortadas, remesas que no alcanzan y esa angustia de no poder arreglar una Isla que uno dej\u00f3 atr\u00e1s, pero nunca suelta.<\/p>\n\n\n\n<hr class=\"wp-block-separator has-alpha-channel-opacity\"\/>\n\n\n\n<div class=\"wp-block-jetpack-related-posts\">\n<h2 class=\"wp-block-heading\">Te Puede Interesar<\/h2>\n<\/div>\n\n\n\n<hr class=\"wp-block-separator has-alpha-channel-opacity\"\/>\n\n\n\n<h3 class=\"wp-block-heading\"><strong>Cambio de r\u00e9gimen en Cuba y el vac\u00edo que dej\u00f3 Venezuela<\/strong><\/h3>\n\n\n\n<p class=\"wp-block-paragraph\">Bessent vincul\u00f3 ese posible proceso con la salida de Maduro de Venezuela, sugiriendo que sin ese sost\u00e9n la fragilidad cubana queda m\u00e1s expuesta. Mientras tanto, el relato desde la administraci\u00f3n Trump se endurece: Marco Rubio rechaz\u00f3 como falso un reporte del New York Times que suger\u00eda que Washington no exigir\u00eda transformaciones pol\u00edticas en Cuba.&nbsp;<\/p>\n\n\n\n<p class=\"wp-block-paragraph\">Aqu\u00ed es donde entra la visi\u00f3n cr\u00edtica de AKubaa: no basta con que en Washington cambien el tono si en Cuba la gente sigue cocinando con carb\u00f3n, durmiendo a pedazos por los apagones y haciendo colas eternas para resolver lo b\u00e1sico. El pueblo no necesita frases grandotas; necesita se\u00f1ales reales de que su sufrimiento no ser\u00e1 usado otra vez como ficha de negociaci\u00f3n.<\/p>\n\n\n\n<hr class=\"wp-block-separator has-alpha-channel-opacity\"\/>\n\n\n\n<div class=\"wp-block-media-text is-stacked-on-mobile\"><figure class=\"wp-block-media-text__media\"><img loading=\"lazy\" decoding=\"async\" width=\"1024\" height=\"683\" src=\"https:\/\/akubaa.com\/wp-content\/uploads\/2026\/01\/Imagen-223-1024x683.jpeg\" alt=\"\" class=\"wp-image-2445 size-full\" srcset=\"https:\/\/akubaa.com\/wp-content\/uploads\/2026\/01\/Imagen-223-1024x683.jpeg 1024w, https:\/\/akubaa.com\/wp-content\/uploads\/2026\/01\/Imagen-223-600x400.jpeg 600w, https:\/\/akubaa.com\/wp-content\/uploads\/2026\/01\/Imagen-223-300x200.jpeg 300w, https:\/\/akubaa.com\/wp-content\/uploads\/2026\/01\/Imagen-223-768x512.jpeg 768w, https:\/\/akubaa.com\/wp-content\/uploads\/2026\/01\/Imagen-223-1320x880.jpeg 1320w, https:\/\/akubaa.com\/wp-content\/uploads\/2026\/01\/Imagen-223.jpeg 1536w\" sizes=\"auto, (max-width: 1024px) 100vw, 1024px\" \/><\/figure><div class=\"wp-block-media-text__content\">\n<p class=\"wp-block-paragraph\">\u00a0\u00bfTienes un negocio? . Publicalo aqu\u00ed ,solo te tarda un minuto y conecta con personas que buscan lo que t\u00fa ofreces.<strong><a href=\"https:\/\/akubaa.com\/index.php\/directorio-de-negocios-cubanos-akubaa\/\">Clic y descubre todas las ventajas\u00a0<\/a><\/strong>que puede obtener t\u00fa ahora mismo. Es hora de llevarte al lugar que merece sin luchar con el algoritmo.<\/p>\n\n\n\n<div class=\"wp-block-buttons is-content-justification-center is-layout-flex wp-container-core-buttons-is-layout-3e41869c wp-block-buttons-is-layout-flex\">\n<div class=\"wp-block-button\"><a class=\"wp-block-button__link wp-element-button\" href=\"https:\/\/akubaa.com\/index.php\/negocio\/\">Publica tu Negocio AQUI <\/a><\/div>\n<\/div>\n<\/div><\/div>\n\n\n\n<hr class=\"wp-block-separator has-alpha-channel-opacity\"\/>\n\n\n\n<h3 class=\"wp-block-heading\"><strong>Cambio de r\u00e9gimen en Cuba: entre la esperanza, el miedo y la calle<\/strong><\/h3>\n\n\n\n<p class=\"wp-block-paragraph\">He escuchado una frase repetirse mucho entre cubanos: \u201cesto no aguanta m\u00e1s\u201d. Pero tambi\u00e9n otra: \u201cs\u00ed aguanta, porque siempre obligan al pueblo a aguantar\u201d. Esa contradicci\u00f3n define este momento. Hay esperanza, s\u00ed. Pero tambi\u00e9n desconfianza. Porque en Cuba el cambio no solo tiene que ocurrir arriba; tiene que sentirse abajo, en el refrigerador vac\u00edo, en el hospital sin insumos, en la madre que espera recarga desde Miami para sobrevivir una semana.<\/p>\n\n\n\n<p class=\"wp-block-paragraph\"><a href=\"https:\/\/akmundovirtual.com\/#google_vignette\" type=\"link\" id=\"https:\/\/akmundovirtual.com\/#google_vignette\">En AKubaa<\/a> lo vemos as\u00ed: el verdadero\u00a0<strong>cambio de r\u00e9gimen en Cuba<\/strong>\u00a0no ser\u00e1 cre\u00edble mientras la gente siga viviendo como si cada d\u00eda fuera una emergencia.<\/p>\n\n\n\n<p class=\"wp-block-paragraph\">Y t\u00fa, \u00bfcrees que Cuba de verdad va hacia un cambio, o que solo estamos viendo otra promesa en c\u00e1mara lenta?. S\u00famate al debate en la web y redes de\u00a0<strong>AKubaa<\/strong>.<\/p>\n\n\n\n<hr class=\"wp-block-separator has-alpha-channel-opacity\"\/>\n\n\n\n<h2 class=\"wp-block-heading\">M\u00e0s en AKubaa<\/h2>\n\n\n<ul class=\"wp-block-latest-posts__list is-grid wp-block-latest-posts is-layout-flow wp-block-latest-posts-is-layout-flow\"><li><div class=\"wp-block-latest-posts__featured-image aligncenter\"><a href=\"https:\/\/akubaa.com\/index.php\/2026\/09\/01\/regreso-a-clases-costo-familia-cubana\/\" aria-label=\"Regreso a clases y el costo a la familia cubana\"><img loading=\"lazy\" decoding=\"async\" width=\"150\" height=\"150\" src=\"https:\/\/akubaa.com\/wp-content\/uploads\/2026\/08\/2026-1-sep-Regreso-a-clases-150x150.jpg\" class=\"attachment-thumbnail size-thumbnail wp-post-image\" alt=\"\" style=\"\" srcset=\"https:\/\/akubaa.com\/wp-content\/uploads\/2026\/08\/2026-1-sep-Regreso-a-clases-150x150.jpg 150w, https:\/\/akubaa.com\/wp-content\/uploads\/2026\/08\/2026-1-sep-Regreso-a-clases-300x300.jpg 300w, https:\/\/akubaa.com\/wp-content\/uploads\/2026\/08\/2026-1-sep-Regreso-a-clases-100x100.jpg 100w\" sizes=\"auto, (max-width: 150px) 100vw, 150px\" \/><\/a><\/div><a class=\"wp-block-latest-posts__post-title\" href=\"https:\/\/akubaa.com\/index.php\/2026\/09\/01\/regreso-a-clases-costo-familia-cubana\/\">Regreso a clases y el costo a la familia cubana<\/a><\/li>\n<li><div class=\"wp-block-latest-posts__featured-image aligncenter\"><a href=\"https:\/\/akubaa.com\/index.php\/2026\/08\/31\/incluyete-en-la-lista-de-cuidados-esta-semana\/\" aria-label=\"Incl\u00fayete en la lista de cosas que tienes que cuidar esta semana\"><img loading=\"lazy\" decoding=\"async\" width=\"150\" height=\"150\" src=\"https:\/\/akubaa.com\/wp-content\/uploads\/2026\/08\/2026-31-agosto-Cuidarte-1-150x150.jpg\" class=\"attachment-thumbnail size-thumbnail wp-post-image\" alt=\"\" style=\"\" srcset=\"https:\/\/akubaa.com\/wp-content\/uploads\/2026\/08\/2026-31-agosto-Cuidarte-1-150x150.jpg 150w, https:\/\/akubaa.com\/wp-content\/uploads\/2026\/08\/2026-31-agosto-Cuidarte-1-300x300.jpg 300w, https:\/\/akubaa.com\/wp-content\/uploads\/2026\/08\/2026-31-agosto-Cuidarte-1-100x100.jpg 100w\" sizes=\"auto, (max-width: 150px) 100vw, 150px\" \/><\/a><\/div><a class=\"wp-block-latest-posts__post-title\" href=\"https:\/\/akubaa.com\/index.php\/2026\/08\/31\/incluyete-en-la-lista-de-cuidados-esta-semana\/\">Incl\u00fayete en la lista de cosas que tienes que cuidar esta semana<\/a><\/li>\n<li><div class=\"wp-block-latest-posts__featured-image aligncenter\"><a href=\"https:\/\/akubaa.com\/index.php\/2026\/08\/30\/reinventarte-en-otro-pais-sin-perder-tu-identidad\/\" aria-label=\"Reinventarte en otro pa\u00eds sin perder tu identidad\"><img loading=\"lazy\" decoding=\"async\" width=\"150\" height=\"150\" src=\"https:\/\/akubaa.com\/wp-content\/uploads\/2026\/08\/2026-30-agosto-reinventarse-en-otro-pais-150x150.jpg\" class=\"attachment-thumbnail size-thumbnail wp-post-image\" alt=\"\" style=\"\" srcset=\"https:\/\/akubaa.com\/wp-content\/uploads\/2026\/08\/2026-30-agosto-reinventarse-en-otro-pais-150x150.jpg 150w, https:\/\/akubaa.com\/wp-content\/uploads\/2026\/08\/2026-30-agosto-reinventarse-en-otro-pais-300x300.jpg 300w, https:\/\/akubaa.com\/wp-content\/uploads\/2026\/08\/2026-30-agosto-reinventarse-en-otro-pais-100x100.jpg 100w\" sizes=\"auto, (max-width: 150px) 100vw, 150px\" \/><\/a><\/div><a class=\"wp-block-latest-posts__post-title\" href=\"https:\/\/akubaa.com\/index.php\/2026\/08\/30\/reinventarte-en-otro-pais-sin-perder-tu-identidad\/\">Reinventarte en otro pa\u00eds sin perder tu identidad<\/a><\/li>\n<li><div class=\"wp-block-latest-posts__featured-image aligncenter\"><a href=\"https:\/\/akubaa.com\/index.php\/2026\/08\/29\/cubaneo-esta-de-moda-cuba-redes\/\" aria-label=\"El cubaneo est\u00e1 de moda: Cuba conquista las redes\"><img loading=\"lazy\" decoding=\"async\" width=\"150\" height=\"150\" src=\"https:\/\/akubaa.com\/wp-content\/uploads\/2026\/08\/2026-29-agosto-el-cubaneo-es-tendencia-150x150.jpg\" class=\"attachment-thumbnail size-thumbnail wp-post-image\" alt=\"\" style=\"\" srcset=\"https:\/\/akubaa.com\/wp-content\/uploads\/2026\/08\/2026-29-agosto-el-cubaneo-es-tendencia-150x150.jpg 150w, https:\/\/akubaa.com\/wp-content\/uploads\/2026\/08\/2026-29-agosto-el-cubaneo-es-tendencia-300x300.jpg 300w, https:\/\/akubaa.com\/wp-content\/uploads\/2026\/08\/2026-29-agosto-el-cubaneo-es-tendencia-100x100.jpg 100w\" sizes=\"auto, (max-width: 150px) 100vw, 150px\" \/><\/a><\/div><a class=\"wp-block-latest-posts__post-title\" href=\"https:\/\/akubaa.com\/index.php\/2026\/08\/29\/cubaneo-esta-de-moda-cuba-redes\/\">El cubaneo est\u00e1 de moda: Cuba conquista las redes<\/a><\/li>\n<li><div class=\"wp-block-latest-posts__featured-image aligncenter\"><a href=\"https:\/\/akubaa.com\/index.php\/2026\/08\/28\/nuevo-sonido-musica-cubana\/\" aria-label=\"El nuevo sonido de la m\u00fasica cubana\"><img loading=\"lazy\" decoding=\"async\" width=\"150\" height=\"150\" src=\"https:\/\/akubaa.com\/wp-content\/uploads\/2026\/08\/2026-28-agosto-nuevo-sonido-musica-cubana-150x150.jpg\" class=\"attachment-thumbnail size-thumbnail wp-post-image\" alt=\"\" style=\"\" srcset=\"https:\/\/akubaa.com\/wp-content\/uploads\/2026\/08\/2026-28-agosto-nuevo-sonido-musica-cubana-150x150.jpg 150w, https:\/\/akubaa.com\/wp-content\/uploads\/2026\/08\/2026-28-agosto-nuevo-sonido-musica-cubana-300x300.jpg 300w, https:\/\/akubaa.com\/wp-content\/uploads\/2026\/08\/2026-28-agosto-nuevo-sonido-musica-cubana-100x100.jpg 100w\" sizes=\"auto, (max-width: 150px) 100vw, 150px\" \/><\/a><\/div><a class=\"wp-block-latest-posts__post-title\" href=\"https:\/\/akubaa.com\/index.php\/2026\/08\/28\/nuevo-sonido-musica-cubana\/\">El nuevo sonido de la m\u00fasica cubana<\/a><\/li>\n<li><div class=\"wp-block-latest-posts__featured-image aligncenter\"><a href=\"https:\/\/akubaa.com\/index.php\/2026\/08\/27\/viajar-con-amigos-aventura-amistad\/\" aria-label=\"Viajar con amigos: cuando la aventura pone a prueba la amistad\"><img loading=\"lazy\" decoding=\"async\" width=\"150\" height=\"150\" src=\"https:\/\/akubaa.com\/wp-content\/uploads\/2026\/08\/2026-27-agosto-viajar-con-amigos-150x150.jpg\" class=\"attachment-thumbnail size-thumbnail wp-post-image\" alt=\"\" style=\"\" srcset=\"https:\/\/akubaa.com\/wp-content\/uploads\/2026\/08\/2026-27-agosto-viajar-con-amigos-150x150.jpg 150w, https:\/\/akubaa.com\/wp-content\/uploads\/2026\/08\/2026-27-agosto-viajar-con-amigos-300x300.jpg 300w, https:\/\/akubaa.com\/wp-content\/uploads\/2026\/08\/2026-27-agosto-viajar-con-amigos-100x100.jpg 100w\" sizes=\"auto, (max-width: 150px) 100vw, 150px\" \/><\/a><\/div><a class=\"wp-block-latest-posts__post-title\" href=\"https:\/\/akubaa.com\/index.php\/2026\/08\/27\/viajar-con-amigos-aventura-amistad\/\">Viajar con amigos: cuando la aventura pone a prueba la amistad<\/a><\/li>\n<\/ul>\n\n\n<p class=\"wp-block-paragraph\"><\/p>\n","protected":false},"excerpt":{"rendered":"<p>Hay frases que no caen como noticia, sino como piedra. Cuando el secretario del Tesoro de Estados Unidos, Scott Bessent, habl\u00f3 de un posible&nbsp;\u201ccambio de r\u00e9gimen en Cuba\u201d&nbsp;en&nbsp;\u201cc\u00e1mara lenta\u201d, no estaba describiendo una pel\u00edcula. Estaba poniendo en voz alta algo que muchos sospechan: que el desgaste del sistema cubano ya no se mide en discursos, [&hellip;]<\/p>\n","protected":false},"author":1,"featured_media":2798,"comment_status":"open","ping_status":"open","sticky":false,"template":"","format":"standard","meta":{"_jetpack_newsletter_access":"","_jetpack_dont_email_post_to_subs":false,"_jetpack_newsletter_tier_id":0,"_jetpack_memberships_contains_paywalled_content":false,"_jetpack_feature_clip_id":0,"_jetpack_memberships_contains_paid_content":false,"footnotes":"","jetpack_publicize_message":"","jetpack_publicize_feature_enabled":true,"jetpack_social_post_already_shared":true,"jetpack_social_options":{"image_generator_settings":{"template":"highway","default_image_id":0,"font":"","enabled":false},"version":2},"jetpack_post_was_ever_published":false},"categories":[1],"tags":[],"class_list":["post-2797","post","type-post","status-publish","format-standard","has-post-thumbnail","hentry","category-uncategorized"],"yoast_head":"<!-- This site is optimized with the Yoast SEO plugin v28.4 - https:\/\/yoast.com\/product\/yoast-seo-wordpress\/ -->\n<title>Cambio de r\u00e9gimen en Cuba a c\u00e1mara lenta - AKubaa<\/title>\n<meta name=\"description\" content=\"\u201cCambio de r\u00e9gimen en Cuba a c\u00e1mara lenta\u201d: lo que Washington dice\u2026 y lo que el cubano de a pie siente ya en la piel.\" \/>\n<meta name=\"robots\" content=\"index, follow, max-snippet:-1, max-image-preview:large, max-video-preview:-1\" \/>\n<link rel=\"canonical\" href=\"https:\/\/akubaa.com\/index.php\/2026\/03\/20\/cambio-de-regimen-en-cuba-a-camara-lenta-lo-que-washington-dice-y-lo-que-el-cubano-de-a-pie-siente-ya-en-la-piel\/\" \/>\n<meta property=\"og:locale\" content=\"es_ES\" \/>\n<meta property=\"og:type\" content=\"article\" \/>\n<meta property=\"og:title\" content=\"Cambio de r\u00e9gimen en Cuba a c\u00e1mara lenta - AKubaa\" \/>\n<meta property=\"og:description\" content=\"\u201cCambio de r\u00e9gimen en Cuba a c\u00e1mara lenta\u201d: lo que Washington dice\u2026 y lo que el cubano de a pie siente ya en la piel.\" \/>\n<meta property=\"og:url\" content=\"https:\/\/akubaa.com\/index.php\/2026\/03\/20\/cambio-de-regimen-en-cuba-a-camara-lenta-lo-que-washington-dice-y-lo-que-el-cubano-de-a-pie-siente-ya-en-la-piel\/\" \/>\n<meta property=\"og:site_name\" content=\"AKubaa\" \/>\n<meta property=\"article:publisher\" content=\"https:\/\/www.facebook.com\/akubaa\" \/>\n<meta property=\"article:author\" content=\"https:\/\/www.facebook.com\/akubaa\" \/>\n<meta property=\"article:published_time\" content=\"2026-03-20T18:00:00+00:00\" \/>\n<meta property=\"og:image\" content=\"https:\/\/akubaa.com\/wp-content\/uploads\/2026\/03\/image-22.png\" \/>\n\t<meta property=\"og:image:width\" content=\"1600\" \/>\n\t<meta property=\"og:image:height\" content=\"900\" \/>\n\t<meta property=\"og:image:type\" content=\"image\/png\" \/>\n<meta name=\"author\" content=\"AK\" \/>\n<meta name=\"twitter:card\" content=\"summary_large_image\" \/>\n<meta name=\"twitter:label1\" content=\"Escrito por\" \/>\n\t<meta name=\"twitter:data1\" content=\"AK\" \/>\n\t<meta name=\"twitter:label2\" content=\"Tiempo de lectura\" \/>\n\t<meta name=\"twitter:data2\" content=\"4 minutos\" \/>\n<script type=\"application\/ld+json\" class=\"yoast-schema-graph\">{\"@context\":\"https:\\\/\\\/schema.org\",\"@graph\":[{\"@type\":\"Article\",\"@id\":\"https:\\\/\\\/akubaa.com\\\/index.php\\\/2026\\\/03\\\/20\\\/cambio-de-regimen-en-cuba-a-camara-lenta-lo-que-washington-dice-y-lo-que-el-cubano-de-a-pie-siente-ya-en-la-piel\\\/#article\",\"isPartOf\":{\"@id\":\"https:\\\/\\\/akubaa.com\\\/index.php\\\/2026\\\/03\\\/20\\\/cambio-de-regimen-en-cuba-a-camara-lenta-lo-que-washington-dice-y-lo-que-el-cubano-de-a-pie-siente-ya-en-la-piel\\\/\"},\"author\":{\"name\":\"AK\",\"@id\":\"https:\\\/\\\/akubaa.com\\\/#\\\/schema\\\/person\\\/b096b63c1ad27204e55fabb2cf2153a5\"},\"headline\":\"\u201cCambio de r\u00e9gimen en Cuba a c\u00e1mara lenta\u201d: lo que Washington dice\u2026 y lo que el cubano de a pie siente ya en la piel.\",\"datePublished\":\"2026-03-20T18:00:00+00:00\",\"mainEntityOfPage\":{\"@id\":\"https:\\\/\\\/akubaa.com\\\/index.php\\\/2026\\\/03\\\/20\\\/cambio-de-regimen-en-cuba-a-camara-lenta-lo-que-washington-dice-y-lo-que-el-cubano-de-a-pie-siente-ya-en-la-piel\\\/\"},\"wordCount\":717,\"commentCount\":0,\"publisher\":{\"@id\":\"https:\\\/\\\/akubaa.com\\\/#\\\/schema\\\/person\\\/b096b63c1ad27204e55fabb2cf2153a5\"},\"image\":{\"@id\":\"https:\\\/\\\/akubaa.com\\\/index.php\\\/2026\\\/03\\\/20\\\/cambio-de-regimen-en-cuba-a-camara-lenta-lo-que-washington-dice-y-lo-que-el-cubano-de-a-pie-siente-ya-en-la-piel\\\/#primaryimage\"},\"thumbnailUrl\":\"https:\\\/\\\/akubaa.com\\\/wp-content\\\/uploads\\\/2026\\\/03\\\/image-22.png\",\"articleSection\":[\"Uncategorized\"],\"inLanguage\":\"es\",\"potentialAction\":[{\"@type\":\"CommentAction\",\"name\":\"Comment\",\"target\":[\"https:\\\/\\\/akubaa.com\\\/index.php\\\/2026\\\/03\\\/20\\\/cambio-de-regimen-en-cuba-a-camara-lenta-lo-que-washington-dice-y-lo-que-el-cubano-de-a-pie-siente-ya-en-la-piel\\\/#respond\"]}]},{\"@type\":\"WebPage\",\"@id\":\"https:\\\/\\\/akubaa.com\\\/index.php\\\/2026\\\/03\\\/20\\\/cambio-de-regimen-en-cuba-a-camara-lenta-lo-que-washington-dice-y-lo-que-el-cubano-de-a-pie-siente-ya-en-la-piel\\\/\",\"url\":\"https:\\\/\\\/akubaa.com\\\/index.php\\\/2026\\\/03\\\/20\\\/cambio-de-regimen-en-cuba-a-camara-lenta-lo-que-washington-dice-y-lo-que-el-cubano-de-a-pie-siente-ya-en-la-piel\\\/\",\"name\":\"Cambio de r\u00e9gimen en Cuba a c\u00e1mara lenta - AKubaa\",\"isPartOf\":{\"@id\":\"https:\\\/\\\/akubaa.com\\\/#website\"},\"primaryImageOfPage\":{\"@id\":\"https:\\\/\\\/akubaa.com\\\/index.php\\\/2026\\\/03\\\/20\\\/cambio-de-regimen-en-cuba-a-camara-lenta-lo-que-washington-dice-y-lo-que-el-cubano-de-a-pie-siente-ya-en-la-piel\\\/#primaryimage\"},\"image\":{\"@id\":\"https:\\\/\\\/akubaa.com\\\/index.php\\\/2026\\\/03\\\/20\\\/cambio-de-regimen-en-cuba-a-camara-lenta-lo-que-washington-dice-y-lo-que-el-cubano-de-a-pie-siente-ya-en-la-piel\\\/#primaryimage\"},\"thumbnailUrl\":\"https:\\\/\\\/akubaa.com\\\/wp-content\\\/uploads\\\/2026\\\/03\\\/image-22.png\",\"datePublished\":\"2026-03-20T18:00:00+00:00\",\"description\":\"\u201cCambio de r\u00e9gimen en Cuba a c\u00e1mara lenta\u201d: lo que Washington dice\u2026 y lo que el cubano de a pie siente ya en la piel.\",\"breadcrumb\":{\"@id\":\"https:\\\/\\\/akubaa.com\\\/index.php\\\/2026\\\/03\\\/20\\\/cambio-de-regimen-en-cuba-a-camara-lenta-lo-que-washington-dice-y-lo-que-el-cubano-de-a-pie-siente-ya-en-la-piel\\\/#breadcrumb\"},\"inLanguage\":\"es\",\"potentialAction\":[{\"@type\":\"ReadAction\",\"target\":[\"https:\\\/\\\/akubaa.com\\\/index.php\\\/2026\\\/03\\\/20\\\/cambio-de-regimen-en-cuba-a-camara-lenta-lo-que-washington-dice-y-lo-que-el-cubano-de-a-pie-siente-ya-en-la-piel\\\/\"]}]},{\"@type\":\"ImageObject\",\"inLanguage\":\"es\",\"@id\":\"https:\\\/\\\/akubaa.com\\\/index.php\\\/2026\\\/03\\\/20\\\/cambio-de-regimen-en-cuba-a-camara-lenta-lo-que-washington-dice-y-lo-que-el-cubano-de-a-pie-siente-ya-en-la-piel\\\/#primaryimage\",\"url\":\"https:\\\/\\\/akubaa.com\\\/wp-content\\\/uploads\\\/2026\\\/03\\\/image-22.png\",\"contentUrl\":\"https:\\\/\\\/akubaa.com\\\/wp-content\\\/uploads\\\/2026\\\/03\\\/image-22.png\",\"width\":1600,\"height\":900},{\"@type\":\"BreadcrumbList\",\"@id\":\"https:\\\/\\\/akubaa.com\\\/index.php\\\/2026\\\/03\\\/20\\\/cambio-de-regimen-en-cuba-a-camara-lenta-lo-que-washington-dice-y-lo-que-el-cubano-de-a-pie-siente-ya-en-la-piel\\\/#breadcrumb\",\"itemListElement\":[{\"@type\":\"ListItem\",\"position\":1,\"name\":\"Portada\",\"item\":\"https:\\\/\\\/akubaa.com\\\/\"},{\"@type\":\"ListItem\",\"position\":2,\"name\":\"\u201cCambio de r\u00e9gimen en Cuba a c\u00e1mara lenta\u201d: lo que Washington dice\u2026 y lo que el cubano de a pie siente ya en la piel.\"}]},{\"@type\":\"WebSite\",\"@id\":\"https:\\\/\\\/akubaa.com\\\/#website\",\"url\":\"https:\\\/\\\/akubaa.com\\\/\",\"name\":\"AKubaa\",\"description\":\"Vive ,conoce y disfruta Cuba al estilo de A&amp;K.\",\"publisher\":{\"@id\":\"https:\\\/\\\/akubaa.com\\\/#\\\/schema\\\/person\\\/b096b63c1ad27204e55fabb2cf2153a5\"},\"potentialAction\":[{\"@type\":\"SearchAction\",\"target\":{\"@type\":\"EntryPoint\",\"urlTemplate\":\"https:\\\/\\\/akubaa.com\\\/?s={search_term_string}\"},\"query-input\":{\"@type\":\"PropertyValueSpecification\",\"valueRequired\":true,\"valueName\":\"search_term_string\"}}],\"inLanguage\":\"es\"},{\"@type\":[\"Person\",\"Organization\"],\"@id\":\"https:\\\/\\\/akubaa.com\\\/#\\\/schema\\\/person\\\/b096b63c1ad27204e55fabb2cf2153a5\",\"name\":\"AK\",\"image\":{\"@type\":\"ImageObject\",\"inLanguage\":\"es\",\"@id\":\"https:\\\/\\\/akubaa.com\\\/wp-content\\\/uploads\\\/2025\\\/08\\\/Imagen-17.jpeg\",\"url\":\"https:\\\/\\\/akubaa.com\\\/wp-content\\\/uploads\\\/2025\\\/08\\\/Imagen-17.jpeg\",\"contentUrl\":\"https:\\\/\\\/akubaa.com\\\/wp-content\\\/uploads\\\/2025\\\/08\\\/Imagen-17.jpeg\",\"width\":1024,\"height\":1024,\"caption\":\"AK\"},\"logo\":{\"@id\":\"https:\\\/\\\/akubaa.com\\\/wp-content\\\/uploads\\\/2025\\\/08\\\/Imagen-17.jpeg\"},\"sameAs\":[\"https:\\\/\\\/akubaa.com\",\"https:\\\/\\\/www.facebook.com\\\/akubaa\",\"https:\\\/\\\/www.instagram.com\\\/akubaa?\"],\"url\":\"https:\\\/\\\/akubaa.com\\\/index.php\\\/profile\\\/admin\\\/\"}]}<\/script>\n<!-- \/ Yoast SEO plugin. -->","yoast_head_json":{"title":"Cambio de r\u00e9gimen en Cuba a c\u00e1mara lenta - AKubaa","description":"\u201cCambio de r\u00e9gimen en Cuba a c\u00e1mara lenta\u201d: lo que Washington dice\u2026 y lo que el cubano de a pie siente ya en la piel.","robots":{"index":"index","follow":"follow","max-snippet":"max-snippet:-1","max-image-preview":"max-image-preview:large","max-video-preview":"max-video-preview:-1"},"canonical":"https:\/\/akubaa.com\/index.php\/2026\/03\/20\/cambio-de-regimen-en-cuba-a-camara-lenta-lo-que-washington-dice-y-lo-que-el-cubano-de-a-pie-siente-ya-en-la-piel\/","og_locale":"es_ES","og_type":"article","og_title":"Cambio de r\u00e9gimen en Cuba a c\u00e1mara lenta - AKubaa","og_description":"\u201cCambio de r\u00e9gimen en Cuba a c\u00e1mara lenta\u201d: lo que Washington dice\u2026 y lo que el cubano de a pie siente ya en la piel.","og_url":"https:\/\/akubaa.com\/index.php\/2026\/03\/20\/cambio-de-regimen-en-cuba-a-camara-lenta-lo-que-washington-dice-y-lo-que-el-cubano-de-a-pie-siente-ya-en-la-piel\/","og_site_name":"AKubaa","article_publisher":"https:\/\/www.facebook.com\/akubaa","article_author":"https:\/\/www.facebook.com\/akubaa","article_published_time":"2026-03-20T18:00:00+00:00","og_image":[{"width":1600,"height":900,"url":"https:\/\/akubaa.com\/wp-content\/uploads\/2026\/03\/image-22.png","type":"image\/png"}],"author":"AK","twitter_card":"summary_large_image","twitter_misc":{"Escrito por":"AK","Tiempo de lectura":"4 minutos"},"schema":{"@context":"https:\/\/schema.org","@graph":[{"@type":"Article","@id":"https:\/\/akubaa.com\/index.php\/2026\/03\/20\/cambio-de-regimen-en-cuba-a-camara-lenta-lo-que-washington-dice-y-lo-que-el-cubano-de-a-pie-siente-ya-en-la-piel\/#article","isPartOf":{"@id":"https:\/\/akubaa.com\/index.php\/2026\/03\/20\/cambio-de-regimen-en-cuba-a-camara-lenta-lo-que-washington-dice-y-lo-que-el-cubano-de-a-pie-siente-ya-en-la-piel\/"},"author":{"name":"AK","@id":"https:\/\/akubaa.com\/#\/schema\/person\/b096b63c1ad27204e55fabb2cf2153a5"},"headline":"\u201cCambio de r\u00e9gimen en Cuba a c\u00e1mara lenta\u201d: lo que Washington dice\u2026 y lo que el cubano de a pie siente ya en la piel.","datePublished":"2026-03-20T18:00:00+00:00","mainEntityOfPage":{"@id":"https:\/\/akubaa.com\/index.php\/2026\/03\/20\/cambio-de-regimen-en-cuba-a-camara-lenta-lo-que-washington-dice-y-lo-que-el-cubano-de-a-pie-siente-ya-en-la-piel\/"},"wordCount":717,"commentCount":0,"publisher":{"@id":"https:\/\/akubaa.com\/#\/schema\/person\/b096b63c1ad27204e55fabb2cf2153a5"},"image":{"@id":"https:\/\/akubaa.com\/index.php\/2026\/03\/20\/cambio-de-regimen-en-cuba-a-camara-lenta-lo-que-washington-dice-y-lo-que-el-cubano-de-a-pie-siente-ya-en-la-piel\/#primaryimage"},"thumbnailUrl":"https:\/\/akubaa.com\/wp-content\/uploads\/2026\/03\/image-22.png","articleSection":["Uncategorized"],"inLanguage":"es","potentialAction":[{"@type":"CommentAction","name":"Comment","target":["https:\/\/akubaa.com\/index.php\/2026\/03\/20\/cambio-de-regimen-en-cuba-a-camara-lenta-lo-que-washington-dice-y-lo-que-el-cubano-de-a-pie-siente-ya-en-la-piel\/#respond"]}]},{"@type":"WebPage","@id":"https:\/\/akubaa.com\/index.php\/2026\/03\/20\/cambio-de-regimen-en-cuba-a-camara-lenta-lo-que-washington-dice-y-lo-que-el-cubano-de-a-pie-siente-ya-en-la-piel\/","url":"https:\/\/akubaa.com\/index.php\/2026\/03\/20\/cambio-de-regimen-en-cuba-a-camara-lenta-lo-que-washington-dice-y-lo-que-el-cubano-de-a-pie-siente-ya-en-la-piel\/","name":"Cambio de r\u00e9gimen en Cuba a c\u00e1mara lenta - AKubaa","isPartOf":{"@id":"https:\/\/akubaa.com\/#website"},"primaryImageOfPage":{"@id":"https:\/\/akubaa.com\/index.php\/2026\/03\/20\/cambio-de-regimen-en-cuba-a-camara-lenta-lo-que-washington-dice-y-lo-que-el-cubano-de-a-pie-siente-ya-en-la-piel\/#primaryimage"},"image":{"@id":"https:\/\/akubaa.com\/index.php\/2026\/03\/20\/cambio-de-regimen-en-cuba-a-camara-lenta-lo-que-washington-dice-y-lo-que-el-cubano-de-a-pie-siente-ya-en-la-piel\/#primaryimage"},"thumbnailUrl":"https:\/\/akubaa.com\/wp-content\/uploads\/2026\/03\/image-22.png","datePublished":"2026-03-20T18:00:00+00:00","description":"\u201cCambio de r\u00e9gimen en Cuba a c\u00e1mara lenta\u201d: lo que Washington dice\u2026 y lo que el cubano de a pie siente ya en la piel.","breadcrumb":{"@id":"https:\/\/akubaa.com\/index.php\/2026\/03\/20\/cambio-de-regimen-en-cuba-a-camara-lenta-lo-que-washington-dice-y-lo-que-el-cubano-de-a-pie-siente-ya-en-la-piel\/#breadcrumb"},"inLanguage":"es","potentialAction":[{"@type":"ReadAction","target":["https:\/\/akubaa.com\/index.php\/2026\/03\/20\/cambio-de-regimen-en-cuba-a-camara-lenta-lo-que-washington-dice-y-lo-que-el-cubano-de-a-pie-siente-ya-en-la-piel\/"]}]},{"@type":"ImageObject","inLanguage":"es","@id":"https:\/\/akubaa.com\/index.php\/2026\/03\/20\/cambio-de-regimen-en-cuba-a-camara-lenta-lo-que-washington-dice-y-lo-que-el-cubano-de-a-pie-siente-ya-en-la-piel\/#primaryimage","url":"https:\/\/akubaa.com\/wp-content\/uploads\/2026\/03\/image-22.png","contentUrl":"https:\/\/akubaa.com\/wp-content\/uploads\/2026\/03\/image-22.png","width":1600,"height":900},{"@type":"BreadcrumbList","@id":"https:\/\/akubaa.com\/index.php\/2026\/03\/20\/cambio-de-regimen-en-cuba-a-camara-lenta-lo-que-washington-dice-y-lo-que-el-cubano-de-a-pie-siente-ya-en-la-piel\/#breadcrumb","itemListElement":[{"@type":"ListItem","position":1,"name":"Portada","item":"https:\/\/akubaa.com\/"},{"@type":"ListItem","position":2,"name":"\u201cCambio de r\u00e9gimen en Cuba a c\u00e1mara lenta\u201d: lo que Washington dice\u2026 y lo que el cubano de a pie siente ya en la piel."}]},{"@type":"WebSite","@id":"https:\/\/akubaa.com\/#website","url":"https:\/\/akubaa.com\/","name":"AKubaa","description":"Vive ,conoce y disfruta Cuba al estilo de A&amp;K.","publisher":{"@id":"https:\/\/akubaa.com\/#\/schema\/person\/b096b63c1ad27204e55fabb2cf2153a5"},"potentialAction":[{"@type":"SearchAction","target":{"@type":"EntryPoint","urlTemplate":"https:\/\/akubaa.com\/?s={search_term_string}"},"query-input":{"@type":"PropertyValueSpecification","valueRequired":true,"valueName":"search_term_string"}}],"inLanguage":"es"},{"@type":["Person","Organization"],"@id":"https:\/\/akubaa.com\/#\/schema\/person\/b096b63c1ad27204e55fabb2cf2153a5","name":"AK","image":{"@type":"ImageObject","inLanguage":"es","@id":"https:\/\/akubaa.com\/wp-content\/uploads\/2025\/08\/Imagen-17.jpeg","url":"https:\/\/akubaa.com\/wp-content\/uploads\/2025\/08\/Imagen-17.jpeg","contentUrl":"https:\/\/akubaa.com\/wp-content\/uploads\/2025\/08\/Imagen-17.jpeg","width":1024,"height":1024,"caption":"AK"},"logo":{"@id":"https:\/\/akubaa.com\/wp-content\/uploads\/2025\/08\/Imagen-17.jpeg"},"sameAs":["https:\/\/akubaa.com","https:\/\/www.facebook.com\/akubaa","https:\/\/www.instagram.com\/akubaa?"],"url":"https:\/\/akubaa.com\/index.php\/profile\/admin\/"}]}},"jetpack_publicize_connections":[],"jetpack_sharing_enabled":true,"jetpack_likes_enabled":true,"jetpack-related-posts":[{"id":2809,"url":"https:\/\/akubaa.com\/index.php\/2026\/03\/21\/cuba-contra-la-pared-las-cuatro-salidas-que-hoy-acechan-al-regimen-castrista\/","url_meta":{"origin":2797,"position":0},"title":"Cuba contra la pared: las cuatro salidas que hoy acechan al r\u00e9gimen castrista.","author":"AK","date":"03\/21\/2026","format":false,"excerpt":"Yo no creo que al cubano de a pie le haga falta un mapa geopol\u00edtico para entender que\u00a0el r\u00e9gimen castrista en Cuba\u00a0est\u00e1 entrando en una zona de peligro real. Le basta con mirar el refrigerador medio vac\u00edo, contar las horas sin corriente y escuchar a la familia en\u00a0Miami, Hialeah, Tampa,\u2026","rel":"","context":"En \u00abNoticias y Actualidad\u00bb","block_context":{"text":"Noticias y Actualidad","link":"https:\/\/akubaa.com\/index.php\/category\/noticias-y-actualidad\/"},"img":{"alt_text":"","src":"https:\/\/i0.wp.com\/akubaa.com\/wp-content\/uploads\/2026\/03\/image-27.png?resize=350%2C200&ssl=1","width":350,"height":200,"srcset":"https:\/\/i0.wp.com\/akubaa.com\/wp-content\/uploads\/2026\/03\/image-27.png?resize=350%2C200&ssl=1 1x, https:\/\/i0.wp.com\/akubaa.com\/wp-content\/uploads\/2026\/03\/image-27.png?resize=525%2C300&ssl=1 1.5x, https:\/\/i0.wp.com\/akubaa.com\/wp-content\/uploads\/2026\/03\/image-27.png?resize=700%2C400&ssl=1 2x, https:\/\/i0.wp.com\/akubaa.com\/wp-content\/uploads\/2026\/03\/image-27.png?resize=1050%2C600&ssl=1 3x, https:\/\/i0.wp.com\/akubaa.com\/wp-content\/uploads\/2026\/03\/image-27.png?resize=1400%2C800&ssl=1 4x"},"classes":[]},{"id":2750,"url":"https:\/\/akubaa.com\/index.php\/2026\/03\/14\/que-espera-ganar-el-regimen-cubano\/","url_meta":{"origin":2797,"position":1},"title":"\u00bfQu\u00e9 quiere realmente La Habana?. Las concesiones que el r\u00e9gimen cubano espera de Estados Unidos.","author":"AK","date":"03\/14\/2026","format":false,"excerpt":"Hay momentos en la historia en que una noticia suena como un susurro primero\u2026 y luego se convierte en un grito imposible de ignorar. Eso es exactamente lo que ocurri\u00f3 este\u00a013 de marzo de 2026, cuando el gobierno de\u00a0Miguel D\u00edaz-Canel\u00a0confirm\u00f3 algo que durante semanas circulaba como rumor en los pasillos\u2026","rel":"","context":"En \u00abNoticias y Actualidad\u00bb","block_context":{"text":"Noticias y Actualidad","link":"https:\/\/akubaa.com\/index.php\/category\/noticias-y-actualidad\/"},"img":{"alt_text":"","src":"https:\/\/i0.wp.com\/akubaa.com\/wp-content\/uploads\/2026\/03\/image-4.png?resize=350%2C200&ssl=1","width":350,"height":200,"srcset":"https:\/\/i0.wp.com\/akubaa.com\/wp-content\/uploads\/2026\/03\/image-4.png?resize=350%2C200&ssl=1 1x, https:\/\/i0.wp.com\/akubaa.com\/wp-content\/uploads\/2026\/03\/image-4.png?resize=525%2C300&ssl=1 1.5x, https:\/\/i0.wp.com\/akubaa.com\/wp-content\/uploads\/2026\/03\/image-4.png?resize=700%2C400&ssl=1 2x, https:\/\/i0.wp.com\/akubaa.com\/wp-content\/uploads\/2026\/03\/image-4.png?resize=1050%2C600&ssl=1 3x, https:\/\/i0.wp.com\/akubaa.com\/wp-content\/uploads\/2026\/03\/image-4.png?resize=1400%2C800&ssl=1 4x"},"classes":[]},{"id":2724,"url":"https:\/\/akubaa.com\/index.php\/2026\/03\/11\/posible-acuerdo-economico-y-politico-entre-usa-y-cuba\/","url_meta":{"origin":2797,"position":2},"title":"\u00bfUn \u201cabrazo econ\u00f3mico\u201d para Cuba?. La jugada de Trump que podr\u00eda cambiar la isla\u2026 o salvar al mismo sistema.","author":"AK","date":"03\/11\/2026","format":false,"excerpt":"Hay momentos en la historia en los que una frase aparentemente improvisada revela mucho m\u00e1s que un simple comentario pol\u00edtico. Y esta semana ocurri\u00f3 uno de esos momentos. Mientras escuchaba las declaraciones recientes de\u00a0Donald Trump\u00a0sobre Cuba, no pude evitar pensar que estamos entrando en un cap\u00edtulo completamente distinto de la\u2026","rel":"","context":"En \u00abNoticias y Actualidad\u00bb","block_context":{"text":"Noticias y Actualidad","link":"https:\/\/akubaa.com\/index.php\/category\/noticias-y-actualidad\/"},"img":{"alt_text":"","src":"https:\/\/i0.wp.com\/akubaa.com\/wp-content\/uploads\/2026\/03\/Imagen-16.jpeg?resize=350%2C200&ssl=1","width":350,"height":200,"srcset":"https:\/\/i0.wp.com\/akubaa.com\/wp-content\/uploads\/2026\/03\/Imagen-16.jpeg?resize=350%2C200&ssl=1 1x, https:\/\/i0.wp.com\/akubaa.com\/wp-content\/uploads\/2026\/03\/Imagen-16.jpeg?resize=525%2C300&ssl=1 1.5x, https:\/\/i0.wp.com\/akubaa.com\/wp-content\/uploads\/2026\/03\/Imagen-16.jpeg?resize=700%2C400&ssl=1 2x, https:\/\/i0.wp.com\/akubaa.com\/wp-content\/uploads\/2026\/03\/Imagen-16.jpeg?resize=1050%2C600&ssl=1 3x, https:\/\/i0.wp.com\/akubaa.com\/wp-content\/uploads\/2026\/03\/Imagen-16.jpeg?resize=1400%2C800&ssl=1 4x"},"classes":[]},{"id":2860,"url":"https:\/\/akubaa.com\/index.php\/2026\/03\/25\/que-el-regimen-cubano-estaria-ofreciendo-a-ee-uu-para-sobrevivir\/","url_meta":{"origin":2797,"position":3},"title":"\u201cTe vendo el pa\u00eds\u2026 pero no el poder\u201d: lo que el r\u00e9gimen cubano estar\u00eda ofreciendo a EE.UU. para sobrevivir.","author":"AK","date":"03\/25\/2026","format":false,"excerpt":"Hay momentos en los que una noticia no se lee\u2026 se siente. Y esta, cr\u00e9eme, se siente como cuando en Cuba te dicen \u201cresuelve como puedas\u201d, pero a escala pa\u00eds.Porque lo que se est\u00e1 revelando ahora no es solo una negociaci\u00f3n. Es, literalmente, una jugada de supervivencia. Colorear no es\u2026","rel":"","context":"En \u00abNoticias y Actualidad\u00bb","block_context":{"text":"Noticias y Actualidad","link":"https:\/\/akubaa.com\/index.php\/category\/noticias-y-actualidad\/"},"img":{"alt_text":"","src":"https:\/\/i0.wp.com\/akubaa.com\/wp-content\/uploads\/2026\/03\/image-51.png?resize=350%2C200&ssl=1","width":350,"height":200,"srcset":"https:\/\/i0.wp.com\/akubaa.com\/wp-content\/uploads\/2026\/03\/image-51.png?resize=350%2C200&ssl=1 1x, https:\/\/i0.wp.com\/akubaa.com\/wp-content\/uploads\/2026\/03\/image-51.png?resize=525%2C300&ssl=1 1.5x, https:\/\/i0.wp.com\/akubaa.com\/wp-content\/uploads\/2026\/03\/image-51.png?resize=700%2C400&ssl=1 2x, https:\/\/i0.wp.com\/akubaa.com\/wp-content\/uploads\/2026\/03\/image-51.png?resize=1050%2C600&ssl=1 3x, https:\/\/i0.wp.com\/akubaa.com\/wp-content\/uploads\/2026\/03\/image-51.png?resize=1400%2C800&ssl=1 4x"},"classes":[]},{"id":2825,"url":"https:\/\/akubaa.com\/index.php\/2026\/03\/24\/trump-y-cuba-cuando-la-amenaza-deja-de-sonar-lejana\/","url_meta":{"origin":2797,"position":4},"title":"Trump y Cuba: cuando la amenaza deja de sonar lejana.","author":"AK","date":"03\/24\/2026","format":false,"excerpt":"Lo que m\u00e1s me inquieta de esta historia no es solo que\u00a0Trump eval\u00faa una acci\u00f3n militar en Cuba, sino la velocidad con la que una crisis puede pasar del rumor de pasillo al miedo real en la mesa de una familia cubana. The Atlantic public\u00f3 el 22 de marzo un\u2026","rel":"","context":"En \u00abNoticias y Actualidad\u00bb","block_context":{"text":"Noticias y Actualidad","link":"https:\/\/akubaa.com\/index.php\/category\/noticias-y-actualidad\/"},"img":{"alt_text":"","src":"https:\/\/i0.wp.com\/akubaa.com\/wp-content\/uploads\/2026\/03\/image-35.png?resize=350%2C200&ssl=1","width":350,"height":200,"srcset":"https:\/\/i0.wp.com\/akubaa.com\/wp-content\/uploads\/2026\/03\/image-35.png?resize=350%2C200&ssl=1 1x, https:\/\/i0.wp.com\/akubaa.com\/wp-content\/uploads\/2026\/03\/image-35.png?resize=525%2C300&ssl=1 1.5x, https:\/\/i0.wp.com\/akubaa.com\/wp-content\/uploads\/2026\/03\/image-35.png?resize=700%2C400&ssl=1 2x, https:\/\/i0.wp.com\/akubaa.com\/wp-content\/uploads\/2026\/03\/image-35.png?resize=1050%2C600&ssl=1 3x, https:\/\/i0.wp.com\/akubaa.com\/wp-content\/uploads\/2026\/03\/image-35.png?resize=1400%2C800&ssl=1 4x"},"classes":[]},{"id":2740,"url":"https:\/\/akubaa.com\/index.php\/2026\/03\/13\/miguel-diaz-canel\/","url_meta":{"origin":2797,"position":5},"title":"\u201c\u00bfDi\u00e1logo o necesidad?\u201d: D\u00edaz-Canel confirma conversaciones con Estados Unidos y el tablero pol\u00edtico vuelve a moverse.","author":"AK","date":"03\/13\/2026","format":false,"excerpt":"Hay frases que, cuando se dicen en Cuba, no son simples palabras. Son se\u00f1ales. Y cuando\u00a0Miguel D\u00edaz-Canel\u00a0aparece frente a las c\u00e1maras de la prensa oficialista diciendo que\u00a0\u201cCuba necesita alejarse de la confrontaci\u00f3n con Estados Unidos\u201d, m\u00e1s de uno levanta la ceja. Porque en la isla, cuando el poder habla de\u2026","rel":"","context":"Entrada similar","block_context":{"text":"Entrada similar","link":""},"img":{"alt_text":"","src":"https:\/\/i0.wp.com\/akubaa.com\/wp-content\/uploads\/2026\/03\/Imagen-21.jpeg?resize=350%2C200&ssl=1","width":350,"height":200,"srcset":"https:\/\/i0.wp.com\/akubaa.com\/wp-content\/uploads\/2026\/03\/Imagen-21.jpeg?resize=350%2C200&ssl=1 1x, https:\/\/i0.wp.com\/akubaa.com\/wp-content\/uploads\/2026\/03\/Imagen-21.jpeg?resize=525%2C300&ssl=1 1.5x, https:\/\/i0.wp.com\/akubaa.com\/wp-content\/uploads\/2026\/03\/Imagen-21.jpeg?resize=700%2C400&ssl=1 2x, https:\/\/i0.wp.com\/akubaa.com\/wp-content\/uploads\/2026\/03\/Imagen-21.jpeg?resize=1050%2C600&ssl=1 3x, https:\/\/i0.wp.com\/akubaa.com\/wp-content\/uploads\/2026\/03\/Imagen-21.jpeg?resize=1400%2C800&ssl=1 4x"},"classes":[]}],"jetpack_shortlink":"https:\/\/wp.me\/pgrKo3-J7","jetpack_featured_media_url":"https:\/\/akubaa.com\/wp-content\/uploads\/2026\/03\/image-22.png","_links":{"self":[{"href":"https:\/\/akubaa.com\/index.php\/wp-json\/wp\/v2\/posts\/2797","targetHints":{"allow":["GET"]}}],"collection":[{"href":"https:\/\/akubaa.com\/index.php\/wp-json\/wp\/v2\/posts"}],"about":[{"href":"https:\/\/akubaa.com\/index.php\/wp-json\/wp\/v2\/types\/post"}],"author":[{"embeddable":true,"href":"https:\/\/akubaa.com\/index.php\/wp-json\/wp\/v2\/users\/1"}],"replies":[{"embeddable":true,"href":"https:\/\/akubaa.com\/index.php\/wp-json\/wp\/v2\/comments?post=2797"}],"version-history":[{"count":0,"href":"https:\/\/akubaa.com\/index.php\/wp-json\/wp\/v2\/posts\/2797\/revisions"}],"wp:featuredmedia":[{"embeddable":true,"href":"https:\/\/akubaa.com\/index.php\/wp-json\/wp\/v2\/media\/2798"}],"wp:attachment":[{"href":"https:\/\/akubaa.com\/index.php\/wp-json\/wp\/v2\/media?parent=2797"}],"wp:term":[{"taxonomy":"category","embeddable":true,"href":"https:\/\/akubaa.com\/index.php\/wp-json\/wp\/v2\/categories?post=2797"},{"taxonomy":"post_tag","embeddable":true,"href":"https:\/\/akubaa.com\/index.php\/wp-json\/wp\/v2\/tags?post=2797"}],"curies":[{"name":"wp","href":"https:\/\/api.w.org\/{rel}","templated":true}]}}