{"id":2779,"date":"2026-03-01T08:00:48","date_gmt":"2026-03-01T12:00:48","guid":{"rendered":"https:\/\/akubaa.com\/?p=2779"},"modified":"2026-03-18T22:07:06","modified_gmt":"2026-03-19T02:07:06","slug":"costa-rica-rompe-el-silencio-el-dia-en-que-la-diplomacia-dijo-basta-con-cuba","status":"publish","type":"post","link":"https:\/\/akubaa.com\/index.php\/2026\/03\/01\/costa-rica-rompe-el-silencio-el-dia-en-que-la-diplomacia-dijo-basta-con-cuba\/","title":{"rendered":"Costa Rica rompe el silencio: el d\u00eda en que la diplomacia dijo basta con Cuba."},"content":{"rendered":"\n<p>Hay decisiones que no se toman por protocolo\u2026 se toman por conciencia. Y esta, la de&nbsp;<strong>Costa Rica cerrar su embajada en Cuba<\/strong>, no suena a tr\u00e1mite diplom\u00e1tico: suena a ruptura moral. Cuando escuch\u00e9 las palabras del presidente&nbsp;Rodrigo Chaves&nbsp;\u2014\u201cel mundo no puede ignorar el dolor de un pueblo\u201d\u2014 sent\u00ed que, por una vez, alguien en el mapa latinoamericano hablaba como habla la gente de a pie en&nbsp;<strong>Hialeah, Tampa o Madrid<\/strong> cuando conversa sobre Cuba: sin filtro y sin miedo.<\/p>\n\n\n\n<hr class=\"wp-block-separator has-alpha-channel-opacity\"\/>\n\n\n\n<div class=\"wp-block-media-text is-stacked-on-mobile\"><figure class=\"wp-block-media-text__media\"><img loading=\"lazy\" decoding=\"async\" width=\"1024\" height=\"683\" src=\"https:\/\/akubaa.com\/wp-content\/uploads\/2026\/02\/Imagen-222-1024x683.jpeg\" alt=\"\" class=\"wp-image-2608 size-full\" srcset=\"https:\/\/akubaa.com\/wp-content\/uploads\/2026\/02\/Imagen-222-1024x683.jpeg 1024w, https:\/\/akubaa.com\/wp-content\/uploads\/2026\/02\/Imagen-222-300x200.jpeg 300w, https:\/\/akubaa.com\/wp-content\/uploads\/2026\/02\/Imagen-222-768x512.jpeg 768w, https:\/\/akubaa.com\/wp-content\/uploads\/2026\/02\/Imagen-222-1320x880.jpeg 1320w, https:\/\/akubaa.com\/wp-content\/uploads\/2026\/02\/Imagen-222-600x400.jpeg 600w, https:\/\/akubaa.com\/wp-content\/uploads\/2026\/02\/Imagen-222.jpeg 1536w\" sizes=\"auto, (max-width: 1024px) 100vw, 1024px\" \/><\/figure><div class=\"wp-block-media-text__content\">\n<p>Colorear no es un juego: es desarrollo f\u00edsico, social y emocional. Cuando un ni\u00f1o colorea, pasa algo que ninguna pantalla puede replicar:&nbsp;<strong>Impacto social:<\/strong>&nbsp;invita al di\u00e1logo, al compartir, al \u201cmira lo que hice\u201d, al momento en familia.&nbsp;<strong>Desarrollo f\u00edsico:<\/strong>&nbsp;mejora la motricidad fina, la coordinaci\u00f3n mano-ojo y fortalece los m\u00fasculos de los dedos.&nbsp;<strong>Beneficio psicol\u00f3gico:<\/strong>&nbsp;reduce ansiedad, mejora la concentraci\u00f3n y estimula la creatividad infantil.<\/p>\n\n\n\n<div class=\"wp-block-buttons is-content-justification-center is-layout-flex wp-container-core-buttons-is-layout-a89b3969 wp-block-buttons-is-layout-flex\">\n<div class=\"wp-block-button\"><a class=\"wp-block-button__link wp-element-button\" href=\"https:\/\/www.amazon.com\/dp\/B0GMQM1LGJ?ref_=cm_sw_r_ffobk_cp_ud_dp_Q67EQN9G7TBTKQHX7WRQ_31&amp;bestFormat=true\">Compra los libros de colorear para tus ni\u00f1os aqui <\/a><\/div>\n<\/div>\n<\/div><\/div>\n\n\n\n<hr class=\"wp-block-separator has-alpha-channel-opacity\"\/>\n\n\n\n<h2 class=\"wp-block-heading\"><strong>Una decisi\u00f3n que pesa m\u00e1s que una bandera<\/strong><\/h2>\n\n\n\n<p>El cierre de la&nbsp;<strong>embajada de Costa Rica en La Habana<\/strong>&nbsp;y la exigencia de reducir el personal diplom\u00e1tico cubano en San Jos\u00e9 no es solo un movimiento pol\u00edtico. Es un mensaje claro:&nbsp;<strong>la paciencia internacional con el r\u00e9gimen se est\u00e1 agotando<\/strong>. No estamos hablando de un pa\u00eds cualquiera. Costa Rica ha sido hist\u00f3ricamente neutral, diplom\u00e1tica, prudente. Por eso, cuando decide dar un paso as\u00ed, el eco se siente m\u00e1s fuerte. Y no viene sola. Hace apenas semanas, el gobierno de&nbsp;Daniel Noboa&nbsp;tambi\u00e9n tens\u00f3 las relaciones con La Habana, expulsando diplom\u00e1ticos y dejando al descubierto presuntas actividades de inteligencia.<\/p>\n\n\n\n<hr class=\"wp-block-separator has-alpha-channel-opacity\"\/>\n\n\n\n<h2 class=\"wp-block-heading\"><strong>La Cuba que ya no pueden ignorar<\/strong><\/h2>\n\n\n\n<p>Desde fuera, esto puede parecer geopol\u00edtica. Pero desde dentro \u2014y desde la di\u00e1spora\u2014 esto tiene nombre y apellido:&nbsp;<strong>apagones, escasez, colas interminables y desesperaci\u00f3n<\/strong>. Yo pienso en esa familia en Centro Habana cocinando con carb\u00f3n, en el primo que se fue por Nicaragua, en la madre que depende de una recarga desde Miami. Y entonces entiendo por qu\u00e9 estas decisiones empiezan a aparecer. Porque lo que pasa en Cuba ya no cabe en discursos diplom\u00e1ticos.<\/p>\n\n\n\n<hr class=\"wp-block-separator has-alpha-channel-opacity\"\/>\n\n\n\n<div class=\"wp-block-jetpack-related-posts\">\n<h2 class=\"wp-block-heading\">Te Puede Interesar <\/h2>\n<\/div>\n\n\n\n<hr class=\"wp-block-separator has-alpha-channel-opacity\"\/>\n\n\n\n<h2 class=\"wp-block-heading\"><strong>La otra cara: los cubanos en Costa Rica<\/strong><\/h2>\n\n\n\n<p>M\u00e1s de&nbsp;<strong>1,700 cubanos viven oficialmente en Costa Rica<\/strong>, y miles m\u00e1s han pasado por ah\u00ed buscando refugio. Para ellos, esta decisi\u00f3n tiene doble filo. Por un lado, representa un respaldo moral. Por otro, genera incertidumbre: menos presencia diplom\u00e1tica significa menos servicios consulares, m\u00e1s trabas, m\u00e1s limbo. Como dir\u00eda cualquier cubano en la cola del pollo:&nbsp;<em>\u201cesto se puso m\u00e1s complicado, pero alguien ten\u00eda que decir algo ya\u201d<\/em>.<\/p>\n\n\n\n<hr class=\"wp-block-separator has-alpha-channel-opacity\"\/>\n\n\n\n<h2 class=\"wp-block-heading\"><strong>La jugada pol\u00edtica detr\u00e1s del gesto<\/strong><\/h2>\n\n\n\n<p>No es casualidad que esto ocurra tras la cumbre \u201cEscudo de las Am\u00e9ricas\u201d, donde varios gobiernos alineados con Washington marcaron postura frente a temas de&nbsp;<strong>seguridad, migraci\u00f3n y democracia<\/strong>. Y aqu\u00ed es donde entra el punto inc\u00f3modo:&nbsp;<strong>\u00bfestamos viendo el inicio de un aislamiento regional m\u00e1s fuerte contra Cuba?<\/strong>. Desde AKubaa lo vemos claro: esto no es un hecho aislado, es parte de un patr\u00f3n. Una presi\u00f3n que ya no viene solo de Estados Unidos, sino de la propia Am\u00e9rica Latina.<\/p>\n\n\n\n<hr class=\"wp-block-separator has-alpha-channel-opacity\"\/>\n\n\n\n<h2 class=\"wp-block-heading\"><strong>Visi\u00f3n AKubaa: cuando el silencio deja de ser opci\u00f3n<\/strong><\/h2>\n\n\n\n<p>Durante a\u00f1os, muchos gobiernos prefirieron mirar hacia otro lado. Hoy, ese silencio empieza a romperse. Pero hay algo que no podemos perder de vista: ninguna decisi\u00f3n diplom\u00e1tica va a resolver, por s\u00ed sola, lo que vive el cubano de a pie. Eso sigue dependiendo de cambios internos reales. Mientras tanto, la di\u00e1spora sigue siendo el puente. El que manda dinero, el que opina, el que no se calla.<\/p>\n\n\n\n<hr class=\"wp-block-separator has-alpha-channel-opacity\"\/>\n\n\n\n<p>Hoy Costa Rica cerr\u00f3 una puerta diplom\u00e1tica\u2026 pero abri\u00f3 una conversaci\u00f3n inc\u00f3moda para toda la regi\u00f3n. Y ahora te pregunto a ti, que est\u00e1s leyendo esto desde Miami, Cuba o cualquier rinc\u00f3n del mundo: <strong>\u00bfCrees que estas medidas realmente ayudan al pueblo cubano\u2026 o terminan complic\u00e1ndole a\u00fan m\u00e1s la vida?<\/strong>.<\/p>\n\n\n\n<p>Te leo en los comentarios. Y si este tema te toca de cerca, \u00fanete a la conversaci\u00f3n <a href=\"https:\/\/akmundovirtual.com\/#google_vignette\" type=\"link\" id=\"https:\/\/akmundovirtual.com\/#google_vignette\">en&nbsp;<strong>AKubaa<\/strong>. <\/a>Aqu\u00ed no venimos a callar. Aqu\u00ed venimos a decir lo que muchos piensan.<\/p>\n\n\n\n<hr class=\"wp-block-separator has-alpha-channel-opacity\"\/>\n\n\n\n<h2 class=\"wp-block-heading\">M\u00e1s en AKubaa<\/h2>\n\n\n<ul class=\"wp-block-latest-posts__list is-grid columns-3 wp-block-latest-posts\"><li><div class=\"wp-block-latest-posts__featured-image aligncenter\"><a href=\"https:\/\/akubaa.com\/index.php\/2026\/04\/21\/imaray-ulloa-de-influecer-a-ganadora-de-fisicoculturismo\/\" aria-label=\"Imaray Ulloa se sube a otra tarima: dos medallas, ocho meses de disciplina y una lecci\u00f3n que la di\u00e1spora entendi\u00f3 enseguida.\"><img loading=\"lazy\" decoding=\"async\" width=\"150\" height=\"150\" src=\"https:\/\/akubaa.com\/wp-content\/uploads\/2026\/04\/image-14-150x150.png\" class=\"attachment-thumbnail size-thumbnail wp-post-image\" alt=\"\" style=\"\" srcset=\"https:\/\/akubaa.com\/wp-content\/uploads\/2026\/04\/image-14-150x150.png 150w, https:\/\/akubaa.com\/wp-content\/uploads\/2026\/04\/image-14-300x300.png 300w, https:\/\/akubaa.com\/wp-content\/uploads\/2026\/04\/image-14-100x100.png 100w\" sizes=\"auto, (max-width: 150px) 100vw, 150px\" \/><\/a><\/div><a class=\"wp-block-latest-posts__post-title\" href=\"https:\/\/akubaa.com\/index.php\/2026\/04\/21\/imaray-ulloa-de-influecer-a-ganadora-de-fisicoculturismo\/\">Imaray Ulloa se sube a otra tarima: dos medallas, ocho meses de disciplina y una lecci\u00f3n que la di\u00e1spora entendi\u00f3 enseguida.<\/a><\/li>\n<li><div class=\"wp-block-latest-posts__featured-image aligncenter\"><a href=\"https:\/\/akubaa.com\/index.php\/2026\/04\/10\/horoscopo-del-10-de-abril-de-2026\/\" aria-label=\"Hor\u00f3scopo del 10 de abril de 2026: lo que el universo te quiere decir hoy (y lo que debes evitar a toda costa).\u00a0\"><img loading=\"lazy\" decoding=\"async\" width=\"150\" height=\"150\" src=\"https:\/\/akubaa.com\/wp-content\/uploads\/2026\/04\/image-13-150x150.png\" class=\"attachment-thumbnail size-thumbnail wp-post-image\" alt=\"\" style=\"\" srcset=\"https:\/\/akubaa.com\/wp-content\/uploads\/2026\/04\/image-13-150x150.png 150w, https:\/\/akubaa.com\/wp-content\/uploads\/2026\/04\/image-13-300x300.png 300w, https:\/\/akubaa.com\/wp-content\/uploads\/2026\/04\/image-13-100x100.png 100w\" sizes=\"auto, (max-width: 150px) 100vw, 150px\" \/><\/a><\/div><a class=\"wp-block-latest-posts__post-title\" href=\"https:\/\/akubaa.com\/index.php\/2026\/04\/10\/horoscopo-del-10-de-abril-de-2026\/\">Hor\u00f3scopo del 10 de abril de 2026: lo que el universo te quiere decir hoy (y lo que debes evitar a toda costa).\u00a0<\/a><\/li>\n<li><div class=\"wp-block-latest-posts__featured-image aligncenter\"><a href=\"https:\/\/akubaa.com\/index.php\/2026\/04\/09\/horoscopo-del-9-de-abril-de-2026\/\" aria-label=\"\ud83d\udd2e\u00a0Hor\u00f3scopo del 9 de abril de 2026: lo que viene no es casualidad\u2026 es destino (y t\u00fa lo vas a sentir hoy).\"><img loading=\"lazy\" decoding=\"async\" width=\"150\" height=\"150\" src=\"https:\/\/akubaa.com\/wp-content\/uploads\/2026\/04\/image-12-150x150.png\" class=\"attachment-thumbnail size-thumbnail wp-post-image\" alt=\"\" style=\"\" srcset=\"https:\/\/akubaa.com\/wp-content\/uploads\/2026\/04\/image-12-150x150.png 150w, https:\/\/akubaa.com\/wp-content\/uploads\/2026\/04\/image-12-300x300.png 300w, https:\/\/akubaa.com\/wp-content\/uploads\/2026\/04\/image-12-100x100.png 100w\" sizes=\"auto, (max-width: 150px) 100vw, 150px\" \/><\/a><\/div><a class=\"wp-block-latest-posts__post-title\" href=\"https:\/\/akubaa.com\/index.php\/2026\/04\/09\/horoscopo-del-9-de-abril-de-2026\/\">\ud83d\udd2e\u00a0Hor\u00f3scopo del 9 de abril de 2026: lo que viene no es casualidad\u2026 es destino (y t\u00fa lo vas a sentir hoy).<\/a><\/li>\n<li><div class=\"wp-block-latest-posts__featured-image aligncenter\"><a href=\"https:\/\/akubaa.com\/index.php\/2026\/04\/08\/horoscopo-del-8-de-abril-de-2026\/\" aria-label=\"\ud83d\udd2e\u00a0Hor\u00f3scopo del 8 de abril de 2026: lo que el destino no te est\u00e1 diciendo (y deber\u00edas escuchar hoy).\"><img loading=\"lazy\" decoding=\"async\" width=\"150\" height=\"150\" src=\"https:\/\/akubaa.com\/wp-content\/uploads\/2026\/04\/image-11-150x150.png\" class=\"attachment-thumbnail size-thumbnail wp-post-image\" alt=\"\" style=\"\" srcset=\"https:\/\/akubaa.com\/wp-content\/uploads\/2026\/04\/image-11-150x150.png 150w, https:\/\/akubaa.com\/wp-content\/uploads\/2026\/04\/image-11-300x300.png 300w, https:\/\/akubaa.com\/wp-content\/uploads\/2026\/04\/image-11-100x100.png 100w\" sizes=\"auto, (max-width: 150px) 100vw, 150px\" \/><\/a><\/div><a class=\"wp-block-latest-posts__post-title\" href=\"https:\/\/akubaa.com\/index.php\/2026\/04\/08\/horoscopo-del-8-de-abril-de-2026\/\">\ud83d\udd2e\u00a0Hor\u00f3scopo del 8 de abril de 2026: lo que el destino no te est\u00e1 diciendo (y deber\u00edas escuchar hoy).<\/a><\/li>\n<li><div class=\"wp-block-latest-posts__featured-image aligncenter\"><a href=\"https:\/\/akubaa.com\/index.php\/2026\/04\/07\/leoni-torres-y-el-b-convierten-cubano-en-un-grito-de-identidad-y-libertad\/\" aria-label=\"\u201cViva Cuba Libre\u201d: la canci\u00f3n que no es solo m\u00fasica\u2026 es un mensaje que ya no se puede callar.\"><img loading=\"lazy\" decoding=\"async\" width=\"150\" height=\"150\" src=\"https:\/\/akubaa.com\/wp-content\/uploads\/2026\/04\/image-10-150x150.png\" class=\"attachment-thumbnail size-thumbnail wp-post-image\" alt=\"\" style=\"\" srcset=\"https:\/\/akubaa.com\/wp-content\/uploads\/2026\/04\/image-10-150x150.png 150w, https:\/\/akubaa.com\/wp-content\/uploads\/2026\/04\/image-10-300x300.png 300w, https:\/\/akubaa.com\/wp-content\/uploads\/2026\/04\/image-10-100x100.png 100w\" sizes=\"auto, (max-width: 150px) 100vw, 150px\" \/><\/a><\/div><a class=\"wp-block-latest-posts__post-title\" href=\"https:\/\/akubaa.com\/index.php\/2026\/04\/07\/leoni-torres-y-el-b-convierten-cubano-en-un-grito-de-identidad-y-libertad\/\">\u201cViva Cuba Libre\u201d: la canci\u00f3n que no es solo m\u00fasica\u2026 es un mensaje que ya no se puede callar.<\/a><\/li>\n<li><div class=\"wp-block-latest-posts__featured-image aligncenter\"><a href=\"https:\/\/akubaa.com\/index.php\/2026\/04\/07\/horoscopo-del-7-de-abril-de-2026\/\" aria-label=\"\ud83d\udd2e\u00a0Hor\u00f3scopo del 7 de abril de 2026: lo que viene no avisa\u2026 pero s\u00ed se siente.\"><img loading=\"lazy\" decoding=\"async\" width=\"150\" height=\"150\" src=\"https:\/\/akubaa.com\/wp-content\/uploads\/2026\/04\/image-9-150x150.png\" class=\"attachment-thumbnail size-thumbnail wp-post-image\" alt=\"\" style=\"\" srcset=\"https:\/\/akubaa.com\/wp-content\/uploads\/2026\/04\/image-9-150x150.png 150w, https:\/\/akubaa.com\/wp-content\/uploads\/2026\/04\/image-9-300x300.png 300w, https:\/\/akubaa.com\/wp-content\/uploads\/2026\/04\/image-9-100x100.png 100w\" sizes=\"auto, (max-width: 150px) 100vw, 150px\" \/><\/a><\/div><a class=\"wp-block-latest-posts__post-title\" href=\"https:\/\/akubaa.com\/index.php\/2026\/04\/07\/horoscopo-del-7-de-abril-de-2026\/\">\ud83d\udd2e\u00a0Hor\u00f3scopo del 7 de abril de 2026: lo que viene no avisa\u2026 pero s\u00ed se siente.<\/a><\/li>\n<\/ul>","protected":false},"excerpt":{"rendered":"<p>Hay decisiones que no se toman por protocolo\u2026 se toman por conciencia. Y esta, la de&nbsp;Costa Rica cerrar su embajada en Cuba, no suena a tr\u00e1mite diplom\u00e1tico: suena a ruptura moral. Cuando escuch\u00e9 las palabras del presidente&nbsp;Rodrigo Chaves&nbsp;\u2014\u201cel mundo no puede ignorar el dolor de un pueblo\u201d\u2014 sent\u00ed que, por una vez, alguien en el [&hellip;]<\/p>\n","protected":false},"author":1,"featured_media":2780,"comment_status":"open","ping_status":"open","sticky":false,"template":"","format":"standard","meta":{"jetpack_post_was_ever_published":false,"_jetpack_newsletter_access":"","_jetpack_dont_email_post_to_subs":false,"_jetpack_newsletter_tier_id":0,"_jetpack_memberships_contains_paywalled_content":false,"_jetpack_memberships_contains_paid_content":false,"footnotes":"","jetpack_publicize_message":"","jetpack_publicize_feature_enabled":true,"jetpack_social_post_already_shared":true,"jetpack_social_options":{"image_generator_settings":{"template":"highway","default_image_id":0,"font":"","enabled":false},"version":2}},"categories":[4],"tags":[],"class_list":["post-2779","post","type-post","status-publish","format-standard","has-post-thumbnail","hentry","category-noticias-y-actualidad"],"yoast_head":"<!-- This site is optimized with the Yoast SEO plugin v27.5 - https:\/\/yoast.com\/product\/yoast-seo-wordpress\/ -->\n<title>Costa Rica acaba de cerrar su embajada en Cuba. - AKubaa<\/title>\n<meta name=\"description\" content=\"Descubre : Costa Rica acaba de cerrar su embajada en Cuba, no suena a tr\u00e1mite diplom\u00e1tico: suena a ruptura moral.\" \/>\n<meta name=\"robots\" content=\"index, follow, max-snippet:-1, max-image-preview:large, max-video-preview:-1\" \/>\n<link rel=\"canonical\" href=\"https:\/\/akubaa.com\/index.php\/2026\/03\/01\/costa-rica-rompe-el-silencio-el-dia-en-que-la-diplomacia-dijo-basta-con-cuba\/\" \/>\n<meta property=\"og:locale\" content=\"es_ES\" \/>\n<meta property=\"og:type\" content=\"article\" \/>\n<meta property=\"og:title\" content=\"Costa Rica acaba de cerrar su embajada en Cuba. - AKubaa\" \/>\n<meta property=\"og:description\" content=\"Descubre : Costa Rica acaba de cerrar su embajada en Cuba, no suena a tr\u00e1mite diplom\u00e1tico: suena a ruptura moral.\" \/>\n<meta property=\"og:url\" content=\"https:\/\/akubaa.com\/index.php\/2026\/03\/01\/costa-rica-rompe-el-silencio-el-dia-en-que-la-diplomacia-dijo-basta-con-cuba\/\" \/>\n<meta property=\"og:site_name\" content=\"AKubaa\" \/>\n<meta property=\"article:publisher\" content=\"https:\/\/www.facebook.com\/akubaa\" \/>\n<meta property=\"article:author\" content=\"https:\/\/www.facebook.com\/akubaa\" \/>\n<meta property=\"article:published_time\" content=\"2026-03-01T12:00:48+00:00\" \/>\n<meta property=\"article:modified_time\" content=\"2026-03-19T02:07:06+00:00\" \/>\n<meta property=\"og:image\" content=\"https:\/\/akubaa.com\/wp-content\/uploads\/2026\/03\/image-15.png\" \/>\n\t<meta property=\"og:image:width\" content=\"1536\" \/>\n\t<meta property=\"og:image:height\" content=\"1024\" \/>\n\t<meta property=\"og:image:type\" content=\"image\/png\" \/>\n<meta name=\"author\" content=\"AKubaa\" \/>\n<meta name=\"twitter:card\" content=\"summary_large_image\" \/>\n<meta name=\"twitter:label1\" content=\"Escrito por\" \/>\n\t<meta name=\"twitter:data1\" content=\"AKubaa\" \/>\n\t<meta name=\"twitter:label2\" content=\"Tiempo de lectura\" \/>\n\t<meta name=\"twitter:data2\" content=\"4 minutos\" \/>\n<script type=\"application\/ld+json\" class=\"yoast-schema-graph\">{\"@context\":\"https:\\\/\\\/schema.org\",\"@graph\":[{\"@type\":\"Article\",\"@id\":\"https:\\\/\\\/akubaa.com\\\/index.php\\\/2026\\\/03\\\/01\\\/costa-rica-rompe-el-silencio-el-dia-en-que-la-diplomacia-dijo-basta-con-cuba\\\/#article\",\"isPartOf\":{\"@id\":\"https:\\\/\\\/akubaa.com\\\/index.php\\\/2026\\\/03\\\/01\\\/costa-rica-rompe-el-silencio-el-dia-en-que-la-diplomacia-dijo-basta-con-cuba\\\/\"},\"author\":{\"name\":\"AKubaa\",\"@id\":\"https:\\\/\\\/akubaa.com\\\/#\\\/schema\\\/person\\\/b096b63c1ad27204e55fabb2cf2153a5\"},\"headline\":\"Costa Rica rompe el silencio: el d\u00eda en que la diplomacia dijo basta con Cuba.\",\"datePublished\":\"2026-03-01T12:00:48+00:00\",\"dateModified\":\"2026-03-19T02:07:06+00:00\",\"mainEntityOfPage\":{\"@id\":\"https:\\\/\\\/akubaa.com\\\/index.php\\\/2026\\\/03\\\/01\\\/costa-rica-rompe-el-silencio-el-dia-en-que-la-diplomacia-dijo-basta-con-cuba\\\/\"},\"wordCount\":773,\"commentCount\":0,\"publisher\":{\"@id\":\"https:\\\/\\\/akubaa.com\\\/#\\\/schema\\\/person\\\/b096b63c1ad27204e55fabb2cf2153a5\"},\"image\":{\"@id\":\"https:\\\/\\\/akubaa.com\\\/index.php\\\/2026\\\/03\\\/01\\\/costa-rica-rompe-el-silencio-el-dia-en-que-la-diplomacia-dijo-basta-con-cuba\\\/#primaryimage\"},\"thumbnailUrl\":\"https:\\\/\\\/akubaa.com\\\/wp-content\\\/uploads\\\/2026\\\/03\\\/image-15.png\",\"articleSection\":[\"Noticias y Actualidad\"],\"inLanguage\":\"es\",\"potentialAction\":[{\"@type\":\"CommentAction\",\"name\":\"Comment\",\"target\":[\"https:\\\/\\\/akubaa.com\\\/index.php\\\/2026\\\/03\\\/01\\\/costa-rica-rompe-el-silencio-el-dia-en-que-la-diplomacia-dijo-basta-con-cuba\\\/#respond\"]}]},{\"@type\":\"WebPage\",\"@id\":\"https:\\\/\\\/akubaa.com\\\/index.php\\\/2026\\\/03\\\/01\\\/costa-rica-rompe-el-silencio-el-dia-en-que-la-diplomacia-dijo-basta-con-cuba\\\/\",\"url\":\"https:\\\/\\\/akubaa.com\\\/index.php\\\/2026\\\/03\\\/01\\\/costa-rica-rompe-el-silencio-el-dia-en-que-la-diplomacia-dijo-basta-con-cuba\\\/\",\"name\":\"Costa Rica acaba de cerrar su embajada en Cuba. - AKubaa\",\"isPartOf\":{\"@id\":\"https:\\\/\\\/akubaa.com\\\/#website\"},\"primaryImageOfPage\":{\"@id\":\"https:\\\/\\\/akubaa.com\\\/index.php\\\/2026\\\/03\\\/01\\\/costa-rica-rompe-el-silencio-el-dia-en-que-la-diplomacia-dijo-basta-con-cuba\\\/#primaryimage\"},\"image\":{\"@id\":\"https:\\\/\\\/akubaa.com\\\/index.php\\\/2026\\\/03\\\/01\\\/costa-rica-rompe-el-silencio-el-dia-en-que-la-diplomacia-dijo-basta-con-cuba\\\/#primaryimage\"},\"thumbnailUrl\":\"https:\\\/\\\/akubaa.com\\\/wp-content\\\/uploads\\\/2026\\\/03\\\/image-15.png\",\"datePublished\":\"2026-03-01T12:00:48+00:00\",\"dateModified\":\"2026-03-19T02:07:06+00:00\",\"description\":\"Descubre : Costa Rica acaba de cerrar su embajada en Cuba, no suena a tr\u00e1mite diplom\u00e1tico: suena a ruptura moral.\",\"breadcrumb\":{\"@id\":\"https:\\\/\\\/akubaa.com\\\/index.php\\\/2026\\\/03\\\/01\\\/costa-rica-rompe-el-silencio-el-dia-en-que-la-diplomacia-dijo-basta-con-cuba\\\/#breadcrumb\"},\"inLanguage\":\"es\",\"potentialAction\":[{\"@type\":\"ReadAction\",\"target\":[\"https:\\\/\\\/akubaa.com\\\/index.php\\\/2026\\\/03\\\/01\\\/costa-rica-rompe-el-silencio-el-dia-en-que-la-diplomacia-dijo-basta-con-cuba\\\/\"]}]},{\"@type\":\"ImageObject\",\"inLanguage\":\"es\",\"@id\":\"https:\\\/\\\/akubaa.com\\\/index.php\\\/2026\\\/03\\\/01\\\/costa-rica-rompe-el-silencio-el-dia-en-que-la-diplomacia-dijo-basta-con-cuba\\\/#primaryimage\",\"url\":\"https:\\\/\\\/akubaa.com\\\/wp-content\\\/uploads\\\/2026\\\/03\\\/image-15.png\",\"contentUrl\":\"https:\\\/\\\/akubaa.com\\\/wp-content\\\/uploads\\\/2026\\\/03\\\/image-15.png\",\"width\":1536,\"height\":1024},{\"@type\":\"BreadcrumbList\",\"@id\":\"https:\\\/\\\/akubaa.com\\\/index.php\\\/2026\\\/03\\\/01\\\/costa-rica-rompe-el-silencio-el-dia-en-que-la-diplomacia-dijo-basta-con-cuba\\\/#breadcrumb\",\"itemListElement\":[{\"@type\":\"ListItem\",\"position\":1,\"name\":\"Portada\",\"item\":\"https:\\\/\\\/akubaa.com\\\/\"},{\"@type\":\"ListItem\",\"position\":2,\"name\":\"Costa Rica rompe el silencio: el d\u00eda en que la diplomacia dijo basta con Cuba.\"}]},{\"@type\":\"WebSite\",\"@id\":\"https:\\\/\\\/akubaa.com\\\/#website\",\"url\":\"https:\\\/\\\/akubaa.com\\\/\",\"name\":\"AKubaa\",\"description\":\"Vive ,conoce y disfruta Cuba al estilo de A&amp;K.\",\"publisher\":{\"@id\":\"https:\\\/\\\/akubaa.com\\\/#\\\/schema\\\/person\\\/b096b63c1ad27204e55fabb2cf2153a5\"},\"potentialAction\":[{\"@type\":\"SearchAction\",\"target\":{\"@type\":\"EntryPoint\",\"urlTemplate\":\"https:\\\/\\\/akubaa.com\\\/?s={search_term_string}\"},\"query-input\":{\"@type\":\"PropertyValueSpecification\",\"valueRequired\":true,\"valueName\":\"search_term_string\"}}],\"inLanguage\":\"es\"},{\"@type\":[\"Person\",\"Organization\"],\"@id\":\"https:\\\/\\\/akubaa.com\\\/#\\\/schema\\\/person\\\/b096b63c1ad27204e55fabb2cf2153a5\",\"name\":\"AKubaa\",\"image\":{\"@type\":\"ImageObject\",\"inLanguage\":\"es\",\"@id\":\"https:\\\/\\\/akubaa.com\\\/wp-content\\\/uploads\\\/2025\\\/08\\\/Imagen-17.jpeg\",\"url\":\"https:\\\/\\\/akubaa.com\\\/wp-content\\\/uploads\\\/2025\\\/08\\\/Imagen-17.jpeg\",\"contentUrl\":\"https:\\\/\\\/akubaa.com\\\/wp-content\\\/uploads\\\/2025\\\/08\\\/Imagen-17.jpeg\",\"width\":1024,\"height\":1024,\"caption\":\"AKubaa\"},\"logo\":{\"@id\":\"https:\\\/\\\/akubaa.com\\\/wp-content\\\/uploads\\\/2025\\\/08\\\/Imagen-17.jpeg\"},\"sameAs\":[\"https:\\\/\\\/akubaa.com\",\"https:\\\/\\\/www.facebook.com\\\/akubaa\",\"https:\\\/\\\/www.instagram.com\\\/akubaa?\"],\"url\":\"https:\\\/\\\/akubaa.com\\\/index.php\\\/profile\\\/admin\\\/\"}]}<\/script>\n<!-- \/ Yoast SEO plugin. -->","yoast_head_json":{"title":"Costa Rica acaba de cerrar su embajada en Cuba. - AKubaa","description":"Descubre : Costa Rica acaba de cerrar su embajada en Cuba, no suena a tr\u00e1mite diplom\u00e1tico: suena a ruptura moral.","robots":{"index":"index","follow":"follow","max-snippet":"max-snippet:-1","max-image-preview":"max-image-preview:large","max-video-preview":"max-video-preview:-1"},"canonical":"https:\/\/akubaa.com\/index.php\/2026\/03\/01\/costa-rica-rompe-el-silencio-el-dia-en-que-la-diplomacia-dijo-basta-con-cuba\/","og_locale":"es_ES","og_type":"article","og_title":"Costa Rica acaba de cerrar su embajada en Cuba. - AKubaa","og_description":"Descubre : Costa Rica acaba de cerrar su embajada en Cuba, no suena a tr\u00e1mite diplom\u00e1tico: suena a ruptura moral.","og_url":"https:\/\/akubaa.com\/index.php\/2026\/03\/01\/costa-rica-rompe-el-silencio-el-dia-en-que-la-diplomacia-dijo-basta-con-cuba\/","og_site_name":"AKubaa","article_publisher":"https:\/\/www.facebook.com\/akubaa","article_author":"https:\/\/www.facebook.com\/akubaa","article_published_time":"2026-03-01T12:00:48+00:00","article_modified_time":"2026-03-19T02:07:06+00:00","og_image":[{"width":1536,"height":1024,"url":"https:\/\/akubaa.com\/wp-content\/uploads\/2026\/03\/image-15.png","type":"image\/png"}],"author":"AKubaa","twitter_card":"summary_large_image","twitter_misc":{"Escrito por":"AKubaa","Tiempo de lectura":"4 minutos"},"schema":{"@context":"https:\/\/schema.org","@graph":[{"@type":"Article","@id":"https:\/\/akubaa.com\/index.php\/2026\/03\/01\/costa-rica-rompe-el-silencio-el-dia-en-que-la-diplomacia-dijo-basta-con-cuba\/#article","isPartOf":{"@id":"https:\/\/akubaa.com\/index.php\/2026\/03\/01\/costa-rica-rompe-el-silencio-el-dia-en-que-la-diplomacia-dijo-basta-con-cuba\/"},"author":{"name":"AKubaa","@id":"https:\/\/akubaa.com\/#\/schema\/person\/b096b63c1ad27204e55fabb2cf2153a5"},"headline":"Costa Rica rompe el silencio: el d\u00eda en que la diplomacia dijo basta con Cuba.","datePublished":"2026-03-01T12:00:48+00:00","dateModified":"2026-03-19T02:07:06+00:00","mainEntityOfPage":{"@id":"https:\/\/akubaa.com\/index.php\/2026\/03\/01\/costa-rica-rompe-el-silencio-el-dia-en-que-la-diplomacia-dijo-basta-con-cuba\/"},"wordCount":773,"commentCount":0,"publisher":{"@id":"https:\/\/akubaa.com\/#\/schema\/person\/b096b63c1ad27204e55fabb2cf2153a5"},"image":{"@id":"https:\/\/akubaa.com\/index.php\/2026\/03\/01\/costa-rica-rompe-el-silencio-el-dia-en-que-la-diplomacia-dijo-basta-con-cuba\/#primaryimage"},"thumbnailUrl":"https:\/\/akubaa.com\/wp-content\/uploads\/2026\/03\/image-15.png","articleSection":["Noticias y Actualidad"],"inLanguage":"es","potentialAction":[{"@type":"CommentAction","name":"Comment","target":["https:\/\/akubaa.com\/index.php\/2026\/03\/01\/costa-rica-rompe-el-silencio-el-dia-en-que-la-diplomacia-dijo-basta-con-cuba\/#respond"]}]},{"@type":"WebPage","@id":"https:\/\/akubaa.com\/index.php\/2026\/03\/01\/costa-rica-rompe-el-silencio-el-dia-en-que-la-diplomacia-dijo-basta-con-cuba\/","url":"https:\/\/akubaa.com\/index.php\/2026\/03\/01\/costa-rica-rompe-el-silencio-el-dia-en-que-la-diplomacia-dijo-basta-con-cuba\/","name":"Costa Rica acaba de cerrar su embajada en Cuba. - AKubaa","isPartOf":{"@id":"https:\/\/akubaa.com\/#website"},"primaryImageOfPage":{"@id":"https:\/\/akubaa.com\/index.php\/2026\/03\/01\/costa-rica-rompe-el-silencio-el-dia-en-que-la-diplomacia-dijo-basta-con-cuba\/#primaryimage"},"image":{"@id":"https:\/\/akubaa.com\/index.php\/2026\/03\/01\/costa-rica-rompe-el-silencio-el-dia-en-que-la-diplomacia-dijo-basta-con-cuba\/#primaryimage"},"thumbnailUrl":"https:\/\/akubaa.com\/wp-content\/uploads\/2026\/03\/image-15.png","datePublished":"2026-03-01T12:00:48+00:00","dateModified":"2026-03-19T02:07:06+00:00","description":"Descubre : Costa Rica acaba de cerrar su embajada en Cuba, no suena a tr\u00e1mite diplom\u00e1tico: suena a ruptura moral.","breadcrumb":{"@id":"https:\/\/akubaa.com\/index.php\/2026\/03\/01\/costa-rica-rompe-el-silencio-el-dia-en-que-la-diplomacia-dijo-basta-con-cuba\/#breadcrumb"},"inLanguage":"es","potentialAction":[{"@type":"ReadAction","target":["https:\/\/akubaa.com\/index.php\/2026\/03\/01\/costa-rica-rompe-el-silencio-el-dia-en-que-la-diplomacia-dijo-basta-con-cuba\/"]}]},{"@type":"ImageObject","inLanguage":"es","@id":"https:\/\/akubaa.com\/index.php\/2026\/03\/01\/costa-rica-rompe-el-silencio-el-dia-en-que-la-diplomacia-dijo-basta-con-cuba\/#primaryimage","url":"https:\/\/akubaa.com\/wp-content\/uploads\/2026\/03\/image-15.png","contentUrl":"https:\/\/akubaa.com\/wp-content\/uploads\/2026\/03\/image-15.png","width":1536,"height":1024},{"@type":"BreadcrumbList","@id":"https:\/\/akubaa.com\/index.php\/2026\/03\/01\/costa-rica-rompe-el-silencio-el-dia-en-que-la-diplomacia-dijo-basta-con-cuba\/#breadcrumb","itemListElement":[{"@type":"ListItem","position":1,"name":"Portada","item":"https:\/\/akubaa.com\/"},{"@type":"ListItem","position":2,"name":"Costa Rica rompe el silencio: el d\u00eda en que la diplomacia dijo basta con Cuba."}]},{"@type":"WebSite","@id":"https:\/\/akubaa.com\/#website","url":"https:\/\/akubaa.com\/","name":"AKubaa","description":"Vive ,conoce y disfruta Cuba al estilo de A&amp;K.","publisher":{"@id":"https:\/\/akubaa.com\/#\/schema\/person\/b096b63c1ad27204e55fabb2cf2153a5"},"potentialAction":[{"@type":"SearchAction","target":{"@type":"EntryPoint","urlTemplate":"https:\/\/akubaa.com\/?s={search_term_string}"},"query-input":{"@type":"PropertyValueSpecification","valueRequired":true,"valueName":"search_term_string"}}],"inLanguage":"es"},{"@type":["Person","Organization"],"@id":"https:\/\/akubaa.com\/#\/schema\/person\/b096b63c1ad27204e55fabb2cf2153a5","name":"AKubaa","image":{"@type":"ImageObject","inLanguage":"es","@id":"https:\/\/akubaa.com\/wp-content\/uploads\/2025\/08\/Imagen-17.jpeg","url":"https:\/\/akubaa.com\/wp-content\/uploads\/2025\/08\/Imagen-17.jpeg","contentUrl":"https:\/\/akubaa.com\/wp-content\/uploads\/2025\/08\/Imagen-17.jpeg","width":1024,"height":1024,"caption":"AKubaa"},"logo":{"@id":"https:\/\/akubaa.com\/wp-content\/uploads\/2025\/08\/Imagen-17.jpeg"},"sameAs":["https:\/\/akubaa.com","https:\/\/www.facebook.com\/akubaa","https:\/\/www.instagram.com\/akubaa?"],"url":"https:\/\/akubaa.com\/index.php\/profile\/admin\/"}]}},"jetpack_publicize_connections":[],"jetpack_featured_media_url":"https:\/\/akubaa.com\/wp-content\/uploads\/2026\/03\/image-15.png","jetpack_sharing_enabled":true,"jetpack_likes_enabled":true,"jetpack-related-posts":[{"id":2785,"url":"https:\/\/akubaa.com\/index.php\/2026\/03\/20\/costa-rica\/","url_meta":{"origin":2779,"position":0},"title":"Costa Rica rompe, pero abraza: el mensaje que sacude a los cubanos dentro y fuera de la Isla.","author":"AKubaa","date":"03\/20\/2026","format":false,"excerpt":"Hay frases que no se dicen a la ligera. Y cuando escuch\u00e9 a\u00a0Laura Fern\u00e1ndez Delgado\u00a0hablarle directamente a los cubanos en Costa Rica, sent\u00ed que no era solo pol\u00edtica\u2026 era un mensaje cargado de historia, de dolor\u2026 y de advertencia. Porque cuando una presidenta electa afirma que no va a tolerar\u2026","rel":"","context":"En \u00abNoticias y Actualidad\u00bb","block_context":{"text":"Noticias y Actualidad","link":"https:\/\/akubaa.com\/index.php\/category\/noticias-y-actualidad\/"},"img":{"alt_text":"","src":"https:\/\/i0.wp.com\/akubaa.com\/wp-content\/uploads\/2026\/03\/image-18.png?resize=350%2C200&ssl=1","width":350,"height":200,"srcset":"https:\/\/i0.wp.com\/akubaa.com\/wp-content\/uploads\/2026\/03\/image-18.png?resize=350%2C200&ssl=1 1x, https:\/\/i0.wp.com\/akubaa.com\/wp-content\/uploads\/2026\/03\/image-18.png?resize=525%2C300&ssl=1 1.5x, https:\/\/i0.wp.com\/akubaa.com\/wp-content\/uploads\/2026\/03\/image-18.png?resize=700%2C400&ssl=1 2x"},"classes":[]},{"id":2902,"url":"https:\/\/akubaa.com\/index.php\/2026\/03\/27\/la-cuba-que-imagina-desantis\/","url_meta":{"origin":2779,"position":1},"title":"\u201cLa Cuba que imagina DeSantis: \u00bfsue\u00f1o posible o promesa pol\u00edtica con sabor a Miami?\u201d.","author":"AKubaa","date":"03\/27\/2026","format":false,"excerpt":"Hay momentos en los que una declaraci\u00f3n pol\u00edtica no suena a discurso\u2026 suena a pel\u00edcula. Y eso fue exactamente lo que sent\u00ed cuando escuch\u00e9 c\u00f3mo\u00a0Ron DeSantis\u00a0imagina a Cuba despu\u00e9s del fin del castrismo: una isla pr\u00f3spera, conectada con Florida, llena de turistas, inversiones y hasta torneos de golf. Pero yo,\u2026","rel":"","context":"En \u00abNoticias y Actualidad\u00bb","block_context":{"text":"Noticias y Actualidad","link":"https:\/\/akubaa.com\/index.php\/category\/noticias-y-actualidad\/"},"img":{"alt_text":"","src":"https:\/\/i0.wp.com\/akubaa.com\/wp-content\/uploads\/2026\/03\/image-70.png?resize=350%2C200&ssl=1","width":350,"height":200,"srcset":"https:\/\/i0.wp.com\/akubaa.com\/wp-content\/uploads\/2026\/03\/image-70.png?resize=350%2C200&ssl=1 1x, https:\/\/i0.wp.com\/akubaa.com\/wp-content\/uploads\/2026\/03\/image-70.png?resize=525%2C300&ssl=1 1.5x, https:\/\/i0.wp.com\/akubaa.com\/wp-content\/uploads\/2026\/03\/image-70.png?resize=700%2C400&ssl=1 2x, https:\/\/i0.wp.com\/akubaa.com\/wp-content\/uploads\/2026\/03\/image-70.png?resize=1050%2C600&ssl=1 3x, https:\/\/i0.wp.com\/akubaa.com\/wp-content\/uploads\/2026\/03\/image-70.png?resize=1400%2C800&ssl=1 4x"},"classes":[]},{"id":2755,"url":"https:\/\/akubaa.com\/index.php\/2026\/03\/16\/trump-que-volvio-a-encender-el-debate-sobre-el-futuro-de-la-isla\/","url_meta":{"origin":2779,"position":2},"title":"\u201cTendr\u00e9 el honor de tomar Cuba\u201d: la frase de Trump que volvi\u00f3 a encender el debate sobre el futuro de la Isla.","author":"AKubaa","date":"03\/16\/2026","format":false,"excerpt":"Hay frases que caen como una chispa sobre un tanque de gasolina. Y en el caso de\u00a0Cuba, donde la realidad ya est\u00e1 cargada de tensiones, apagones y desesperanza, las palabras del presidente de Estados Unidos,\u00a0Donald Trump, no pasaron desapercibidas. Desde el\u00a0Despacho Oval, el mandatario lanz\u00f3 una declaraci\u00f3n que, para muchos\u2026","rel":"","context":"En \u00abNoticias y Actualidad\u00bb","block_context":{"text":"Noticias y Actualidad","link":"https:\/\/akubaa.com\/index.php\/category\/noticias-y-actualidad\/"},"img":{"alt_text":"","src":"https:\/\/i0.wp.com\/akubaa.com\/wp-content\/uploads\/2026\/03\/Imagen-55.jpeg?resize=350%2C200&ssl=1","width":350,"height":200,"srcset":"https:\/\/i0.wp.com\/akubaa.com\/wp-content\/uploads\/2026\/03\/Imagen-55.jpeg?resize=350%2C200&ssl=1 1x, https:\/\/i0.wp.com\/akubaa.com\/wp-content\/uploads\/2026\/03\/Imagen-55.jpeg?resize=525%2C300&ssl=1 1.5x, https:\/\/i0.wp.com\/akubaa.com\/wp-content\/uploads\/2026\/03\/Imagen-55.jpeg?resize=700%2C400&ssl=1 2x, https:\/\/i0.wp.com\/akubaa.com\/wp-content\/uploads\/2026\/03\/Imagen-55.jpeg?resize=1050%2C600&ssl=1 3x, https:\/\/i0.wp.com\/akubaa.com\/wp-content\/uploads\/2026\/03\/Imagen-55.jpeg?resize=1400%2C800&ssl=1 4x"},"classes":[]},{"id":2475,"url":"https:\/\/akubaa.com\/index.php\/2026\/01\/13\/anexar-a-cuba-a-estados-unidos-la-verdad\/","url_meta":{"origin":2779,"position":3},"title":"Cuando descubriste que el \u201cmito de la anexi\u00f3n\u201d est\u00e1 mal contado: EE. UU. ya gana casi todo\u2026 sin anexar a Cuba.","author":"AKubaa","date":"01\/13\/2026","format":false,"excerpt":"A veces la historia no se escribe con tinta, sino con\u00a0mapas. Yo crec\u00ed escuchando y luego vi repetirse en redes, en familia, en cafeter\u00edas, en colas, en WhatsApp la misma pel\u00edcula:\u00a0\u201cEstados Unidos quiere anexar a Cuba porque Cuba tiene riquezas escondidas.\u201d\u00a0Y claro\u2026 suena redondo. Suena f\u00e1cil. Suena viral. Pero cuando\u2026","rel":"","context":"Entrada similar","block_context":{"text":"Entrada similar","link":""},"img":{"alt_text":"","src":"https:\/\/i0.wp.com\/akubaa.com\/wp-content\/uploads\/2026\/01\/Imagen-63.jpeg?resize=350%2C200&ssl=1","width":350,"height":200,"srcset":"https:\/\/i0.wp.com\/akubaa.com\/wp-content\/uploads\/2026\/01\/Imagen-63.jpeg?resize=350%2C200&ssl=1 1x, https:\/\/i0.wp.com\/akubaa.com\/wp-content\/uploads\/2026\/01\/Imagen-63.jpeg?resize=525%2C300&ssl=1 1.5x, https:\/\/i0.wp.com\/akubaa.com\/wp-content\/uploads\/2026\/01\/Imagen-63.jpeg?resize=700%2C400&ssl=1 2x, https:\/\/i0.wp.com\/akubaa.com\/wp-content\/uploads\/2026\/01\/Imagen-63.jpeg?resize=1050%2C600&ssl=1 3x, https:\/\/i0.wp.com\/akubaa.com\/wp-content\/uploads\/2026\/01\/Imagen-63.jpeg?resize=1400%2C800&ssl=1 4x"},"classes":[]},{"id":2914,"url":"https:\/\/akubaa.com\/index.php\/2026\/03\/28\/intervencion-militar-en-cuba\/","url_meta":{"origin":2779,"position":4},"title":"\u201c\u00bfGuerra o pol\u00edtica?\u201d: La propuesta que busca frenar una intervenci\u00f3n militar de Trump en Cuba sacude Washington.","author":"AKubaa","date":"03\/28\/2026","format":false,"excerpt":"Hay momentos en que la pol\u00edtica deja de ser un discurso lejano y se convierte en algo que uno siente en el pecho. Esta semana fue uno de esos momentos. Mientras en Cuba la gente sigue resolviendo el d\u00eda a d\u00eda entre apagones, colas y paciencia infinita, en Washington se\u2026","rel":"","context":"En \u00abNoticias y Actualidad\u00bb","block_context":{"text":"Noticias y Actualidad","link":"https:\/\/akubaa.com\/index.php\/category\/noticias-y-actualidad\/"},"img":{"alt_text":"","src":"https:\/\/i0.wp.com\/akubaa.com\/wp-content\/uploads\/2026\/03\/image-75.png?resize=350%2C200&ssl=1","width":350,"height":200,"srcset":"https:\/\/i0.wp.com\/akubaa.com\/wp-content\/uploads\/2026\/03\/image-75.png?resize=350%2C200&ssl=1 1x, https:\/\/i0.wp.com\/akubaa.com\/wp-content\/uploads\/2026\/03\/image-75.png?resize=525%2C300&ssl=1 1.5x, https:\/\/i0.wp.com\/akubaa.com\/wp-content\/uploads\/2026\/03\/image-75.png?resize=700%2C400&ssl=1 2x, https:\/\/i0.wp.com\/akubaa.com\/wp-content\/uploads\/2026\/03\/image-75.png?resize=1050%2C600&ssl=1 3x, https:\/\/i0.wp.com\/akubaa.com\/wp-content\/uploads\/2026\/03\/image-75.png?resize=1400%2C800&ssl=1 4x"},"classes":[]},{"id":2582,"url":"https:\/\/akubaa.com\/index.php\/2026\/02\/10\/super-bowl\/","url_meta":{"origin":2779,"position":5},"title":"No fue un show: fue un manifiesto latino frente al mundo.","author":"AKubaa","date":"02\/10\/2026","format":false,"excerpt":"Hay noches que no se repiten. No porque haya luces, fuego o millones de d\u00f3lares en producci\u00f3n, sino porque alguien decide usar\u00a0el escenario m\u00e1s visto del planeta\u00a0para decir algo que llevaba tiempo acumul\u00e1ndose en silencio. Yo lo sent\u00ed as\u00ed desde el primer segundo. No estaba viendo solo un espect\u00e1culo de\u2026","rel":"","context":"En \u00abM\u00fasica y Entretenimiento\u00bb","block_context":{"text":"M\u00fasica y Entretenimiento","link":"https:\/\/akubaa.com\/index.php\/category\/musica-y-entretenimiento\/"},"img":{"alt_text":"","src":"https:\/\/i0.wp.com\/akubaa.com\/wp-content\/uploads\/2026\/02\/Imagen-253.jpeg?resize=350%2C200&ssl=1","width":350,"height":200,"srcset":"https:\/\/i0.wp.com\/akubaa.com\/wp-content\/uploads\/2026\/02\/Imagen-253.jpeg?resize=350%2C200&ssl=1 1x, https:\/\/i0.wp.com\/akubaa.com\/wp-content\/uploads\/2026\/02\/Imagen-253.jpeg?resize=525%2C300&ssl=1 1.5x, https:\/\/i0.wp.com\/akubaa.com\/wp-content\/uploads\/2026\/02\/Imagen-253.jpeg?resize=700%2C400&ssl=1 2x, https:\/\/i0.wp.com\/akubaa.com\/wp-content\/uploads\/2026\/02\/Imagen-253.jpeg?resize=1050%2C600&ssl=1 3x"},"classes":[]}],"jetpack_shortlink":"https:\/\/wp.me\/pgrKo3-IP","_links":{"self":[{"href":"https:\/\/akubaa.com\/index.php\/wp-json\/wp\/v2\/posts\/2779","targetHints":{"allow":["GET"]}}],"collection":[{"href":"https:\/\/akubaa.com\/index.php\/wp-json\/wp\/v2\/posts"}],"about":[{"href":"https:\/\/akubaa.com\/index.php\/wp-json\/wp\/v2\/types\/post"}],"author":[{"embeddable":true,"href":"https:\/\/akubaa.com\/index.php\/wp-json\/wp\/v2\/users\/1"}],"replies":[{"embeddable":true,"href":"https:\/\/akubaa.com\/index.php\/wp-json\/wp\/v2\/comments?post=2779"}],"version-history":[{"count":0,"href":"https:\/\/akubaa.com\/index.php\/wp-json\/wp\/v2\/posts\/2779\/revisions"}],"wp:featuredmedia":[{"embeddable":true,"href":"https:\/\/akubaa.com\/index.php\/wp-json\/wp\/v2\/media\/2780"}],"wp:attachment":[{"href":"https:\/\/akubaa.com\/index.php\/wp-json\/wp\/v2\/media?parent=2779"}],"wp:term":[{"taxonomy":"category","embeddable":true,"href":"https:\/\/akubaa.com\/index.php\/wp-json\/wp\/v2\/categories?post=2779"},{"taxonomy":"post_tag","embeddable":true,"href":"https:\/\/akubaa.com\/index.php\/wp-json\/wp\/v2\/tags?post=2779"}],"curies":[{"name":"wp","href":"https:\/\/api.w.org\/{rel}","templated":true}]}}