{"id":2775,"date":"2026-03-19T05:00:00","date_gmt":"2026-03-19T09:00:00","guid":{"rendered":"https:\/\/akubaa.com\/?p=2775"},"modified":"2026-03-18T22:09:58","modified_gmt":"2026-03-19T02:09:58","slug":"quien-va-a-sustituir-a-diaz-canel","status":"publish","type":"post","link":"https:\/\/akubaa.com\/index.php\/2026\/03\/19\/quien-va-a-sustituir-a-diaz-canel\/","title":{"rendered":"\u00bfEl fin de D\u00edaz-Canel?. Estos son los nombres que ya suenan en los pasillos del poder en Cuba."},"content":{"rendered":"\n<p class=\"wp-block-paragraph\">Hay momentos en los que uno siente que algo se est\u00e1 moviendo\u2026 aunque nadie lo diga oficialmente. Y hoy, desde Miami hasta La Habana, pasando por Hialeah, Tampa y hasta Madrid, la pregunta se repite en voz baja \u2014y a veces a gritos\u2014:\u00a0<strong>\u00bfqui\u00e9n va a sustituir a D\u00edaz-Canel?<\/strong>. Porque seamos claros: cuando desde Washington se habla de cambios, y figuras como\u00a0<strong>Marco Rubio<\/strong>\u00a0se\u00f1alan que Cuba necesita \u201cgente nueva\u201d, eso no es cualquier comentario. Eso es presi\u00f3n directa. Y en Cuba, cuando hay presi\u00f3n\u2026 algo siempre cruje. Yo lo veo en los comentarios de<a href=\"https:\/\/www.amazon.com\/dp\/B0GMQM1LGJ?ref_=cm_sw_r_ffobk_cp_ud_dp_Q67EQN9G7TBTKQHX7WRQ_29&amp;bestFormat=true\" type=\"link\" id=\"https:\/\/www.amazon.com\/dp\/B0GMQM1LGJ?ref_=cm_sw_r_ffobk_cp_ud_dp_Q67EQN9G7TBTKQHX7WRQ_29&amp;bestFormat=true\"> AKubaa<\/a>, en los mensajes privados, en la calle:<\/p>\n\n\n\n<blockquote class=\"wp-block-quote is-layout-flow wp-block-quote-is-layout-flow\">\n<p class=\"wp-block-paragraph\">\u201cAqu\u00ed no hace falta cambiar la cara\u2026 hace falta cambiar el sistema\u201d, me escribi\u00f3 un cubano desde Centro Habana.<\/p>\n<\/blockquote>\n\n\n\n<p class=\"wp-block-paragraph\">Pero aun as\u00ed, los nombres est\u00e1n sobre la mesa.<\/p>\n\n\n\n<hr class=\"wp-block-separator has-alpha-channel-opacity\"\/>\n\n\n\n<div class=\"wp-block-jetpack-related-posts\">\n<h2 class=\"wp-block-heading\">Te puede Interesar <\/h2>\n<\/div>\n\n\n\n<hr class=\"wp-block-separator has-alpha-channel-opacity\"\/>\n\n\n\n<h2 class=\"wp-block-heading\">El candidato de la continuidad:\u00a0<strong>Manuel Marrero Cruz<\/strong><\/h2>\n\n\n\n<p class=\"wp-block-paragraph\">Si esto fuera una jugada de ajedrez del r\u00e9gimen, Marrero ser\u00eda el movimiento m\u00e1s seguro. Actual primer ministro, hombre de confianza, perfil t\u00e9cnico, militar y con a\u00f1os manejando el turismo. <strong>Palabras clave:<\/strong>\u00a0<strong>sucesi\u00f3n en Cuba<\/strong>,\u00a0<strong>continuidad del r\u00e9gimen cubano<\/strong> Marrero no viene a romper nada. Viene a\u00a0<strong>mantener el juego como est\u00e1<\/strong>. Y eso, para muchos dentro del poder, es exactamente lo que buscan. Pero en la calle\u2026<\/p>\n\n\n\n<blockquote class=\"wp-block-quote is-layout-flow wp-block-quote-is-layout-flow\">\n<p class=\"wp-block-paragraph\">\u201cM\u00e1s de lo mismo no resuelve nada\u201d, dicen desde Santiago.<\/p>\n<\/blockquote>\n\n\n\n<hr class=\"wp-block-separator has-alpha-channel-opacity\"\/>\n\n\n\n<h2 class=\"wp-block-heading\">El heredero silencioso:\u00a0<strong>\u00d3scar P\u00e9rez Oliva Fraga<\/strong><\/h2>\n\n\n\n<p class=\"wp-block-paragraph\">Aqu\u00ed es donde la cosa se pone interesante. Joven, t\u00e9cnico\u2026 y con apellido que pesa. Ser parte del linaje Castro no es un detalle menor. Es una llave. Y en un sistema donde el poder se hereda m\u00e1s de lo que se elige, eso importa. <strong>Palabras clave:<\/strong>\u00a0<strong>candidatos en Cuba 2026<\/strong>,\u00a0<strong>futuro pol\u00edtico cubano<\/strong> . Su perfil econ\u00f3mico podr\u00eda venderse como \u201crenovaci\u00f3n\u201d, pero muchos en la di\u00e1spora lo ven claro:<\/p>\n\n\n\n<blockquote class=\"wp-block-quote is-layout-flow wp-block-quote-is-layout-flow\">\n<p class=\"wp-block-paragraph\">\u201cCambio de generaci\u00f3n no significa cambio de sistema\u201d.<\/p>\n<\/blockquote>\n\n\n\n<hr class=\"wp-block-separator has-alpha-channel-opacity\"\/>\n\n\n\n<h2 class=\"wp-block-heading\">La carta simb\u00f3lica:\u00a0<strong>Ana Mar\u00eda Mari Machado<\/strong><\/h2>\n\n\n\n<p class=\"wp-block-paragraph\">Si el r\u00e9gimen quisiera mandar un mensaje al mundo \u2014sobre todo a Europa o la ONU\u2014, este ser\u00eda el movimiento. Una mujer en el poder. Una imagen de \u201cmodernizaci\u00f3n\u201d. Pero la pregunta inc\u00f3moda sigue ah\u00ed: \u00bfCambio real\u2026 o solo imagen?. Desde Espa\u00f1a me escribieron:<\/p>\n\n\n\n<blockquote class=\"wp-block-quote is-layout-flow wp-block-quote-is-layout-flow\">\n<p class=\"wp-block-paragraph\">\u201cEso ser\u00eda puro marketing pol\u00edtico si todo sigue igual por dentro\u201d.<\/p>\n<\/blockquote>\n\n\n\n<hr class=\"wp-block-separator has-alpha-channel-opacity\"\/>\n\n\n\n<h2 class=\"wp-block-heading\">El pragm\u00e1tico visible:\u00a0<strong>Eduardo Rodr\u00edguez D\u00e1vila<\/strong><\/h2>\n\n\n\n<p class=\"wp-block-paragraph\">Este es el nombre que m\u00e1s conecta con el d\u00eda a d\u00eda del cubano. El que habla en redes, el que explica, el que intenta resolver. En un pa\u00eds donde el transporte es un caos diario, su cara se ha vuelto familiar. <strong>Palabras clave:<\/strong>\u00a0<strong>crisis en Cuba<\/strong>,\u00a0<strong>liderazgo cubano<\/strong>. Pero ojo: ser buen administrador no siempre significa poder pol\u00edtico real.<\/p>\n\n\n\n<hr class=\"wp-block-separator has-alpha-channel-opacity\"\/>\n\n\n\n<h2 class=\"wp-block-heading\">La visi\u00f3n AKubaa: no es solo qui\u00e9n\u2026 es para qu\u00e9<\/h2>\n\n\n\n<p class=\"wp-block-paragraph\">Aqu\u00ed es donde yo me detengo. Porque mientras analizamos nombres, en Cuba la gente sigue haciendo colas, cocinando con le\u00f1a, buscando c\u00f3mo irse o c\u00f3mo sobrevivir un d\u00eda m\u00e1s<a href=\"https:\/\/akmundovirtual.com\/#google_vignette\" type=\"link\" id=\"https:\/\/akmundovirtual.com\/#google_vignette\">. Desde Miami <\/a>lo vemos con distancia\u2026 pero tambi\u00e9n con dolor. Porque todos tenemos a alguien all\u00e1. Y la verdad inc\u00f3moda es esta: <strong>ninguno de estos nombres representa, hoy, un cambio estructural real.<\/strong> Son piezas del mismo tablero.<\/p>\n\n\n\n<hr class=\"wp-block-separator has-alpha-channel-opacity\"\/>\n\n\n\n<h2 class=\"wp-block-heading\">Entonces\u2026 \u00bfqu\u00e9 viene ahora?<\/h2>\n\n\n\n<p class=\"wp-block-paragraph\">La posible salida de\u00a0<strong>D\u00edaz-Canel<\/strong>\u00a0no es el final de la historia. Es apenas el comienzo de otra etapa. La gran pregunta no es qui\u00e9n sube\u2026 es\u00a0<strong>qu\u00e9 va a cambiar realmente para el cubano de a pie<\/strong>. Porque al final, como dijo alguien en los comentarios de <a href=\"AKubaa:\">AKubaa:<\/a><\/p>\n\n\n\n<blockquote class=\"wp-block-quote is-layout-flow wp-block-quote-is-layout-flow\">\n<p class=\"wp-block-paragraph\">\u201cEl problema no es el chofer\u2026 es el carro entero\u201d.<\/p>\n<\/blockquote>\n\n\n\n<hr class=\"wp-block-separator has-alpha-channel-opacity\"\/>\n\n\n\n<p class=\"wp-block-paragraph\">Y ahora te pregunto a ti, que est\u00e1s leyendo esto desde Cuba o desde cualquier parte del mundo: \u00bfCrees que alguno de estos nombres puede cambiar el rumbo del pa\u00eds\u2026 o todo seguir\u00e1 igual con otra cara?.<\/p>\n\n\n\n<p class=\"wp-block-paragraph\">Te leo en los comentarios de&nbsp;<strong>AKubaa<\/strong>. Aqu\u00ed es donde se dicen las cosas sin filtro<\/p>\n\n\n\n<hr class=\"wp-block-separator has-alpha-channel-opacity\"\/>\n\n\n\n<h2 class=\"wp-block-heading\">M\u00e1s en AKubaa<\/h2>\n\n\n<ul class=\"wp-block-latest-posts__list is-grid wp-block-latest-posts is-layout-flow wp-block-latest-posts-is-layout-flow\"><li><div class=\"wp-block-latest-posts__featured-image aligncenter\"><a href=\"https:\/\/akubaa.com\/index.php\/2026\/09\/04\/reciclaje-creativo-thrifting\/\" aria-label=\"\u00bfPor qu\u00e9 la juventud prefiere el reciclaje creativo?\"><img loading=\"lazy\" decoding=\"async\" width=\"150\" height=\"150\" src=\"https:\/\/akubaa.com\/wp-content\/uploads\/2026\/09\/2026-4-septiembre-moda-vintage-150x150.jpg\" class=\"attachment-thumbnail size-thumbnail wp-post-image\" alt=\"\" style=\"\" srcset=\"https:\/\/akubaa.com\/wp-content\/uploads\/2026\/09\/2026-4-septiembre-moda-vintage-150x150.jpg 150w, https:\/\/akubaa.com\/wp-content\/uploads\/2026\/09\/2026-4-septiembre-moda-vintage-300x300.jpg 300w, https:\/\/akubaa.com\/wp-content\/uploads\/2026\/09\/2026-4-septiembre-moda-vintage-100x100.jpg 100w\" sizes=\"auto, (max-width: 150px) 100vw, 150px\" \/><\/a><\/div><a class=\"wp-block-latest-posts__post-title\" href=\"https:\/\/akubaa.com\/index.php\/2026\/09\/04\/reciclaje-creativo-thrifting\/\">\u00bfPor qu\u00e9 la juventud prefiere el reciclaje creativo?<\/a><\/li>\n<li><div class=\"wp-block-latest-posts__featured-image aligncenter\"><a href=\"https:\/\/akubaa.com\/index.php\/2026\/09\/03\/perdida-tradiciones-cubanas-virgen-caridad\/\" aria-label=\"\u00bfSe est\u00e1n perdiendo las tradiciones cubanas?\"><img loading=\"lazy\" decoding=\"async\" width=\"150\" height=\"150\" src=\"https:\/\/akubaa.com\/wp-content\/uploads\/2026\/09\/2026-3-sep-perdida-tradiciones-en-cuba-150x150.jpg\" class=\"attachment-thumbnail size-thumbnail wp-post-image\" alt=\"\" style=\"\" srcset=\"https:\/\/akubaa.com\/wp-content\/uploads\/2026\/09\/2026-3-sep-perdida-tradiciones-en-cuba-150x150.jpg 150w, https:\/\/akubaa.com\/wp-content\/uploads\/2026\/09\/2026-3-sep-perdida-tradiciones-en-cuba-300x300.jpg 300w, https:\/\/akubaa.com\/wp-content\/uploads\/2026\/09\/2026-3-sep-perdida-tradiciones-en-cuba-100x100.jpg 100w\" sizes=\"auto, (max-width: 150px) 100vw, 150px\" \/><\/a><\/div><a class=\"wp-block-latest-posts__post-title\" href=\"https:\/\/akubaa.com\/index.php\/2026\/09\/03\/perdida-tradiciones-cubanas-virgen-caridad\/\">\u00bfSe est\u00e1n perdiendo las tradiciones cubanas?<\/a><\/li>\n<li><div class=\"wp-block-latest-posts__featured-image aligncenter\"><a href=\"https:\/\/akubaa.com\/index.php\/2026\/09\/02\/estado-salud-raul-castro-grave\/\" aria-label=\"\u00bfRa\u00fal Castro est\u00e1 muerto? Lo que se sabe de su grave estado de salud y lo que significar\u00eda para Cuba.\"><img loading=\"lazy\" decoding=\"async\" width=\"150\" height=\"150\" src=\"https:\/\/akubaa.com\/wp-content\/uploads\/2026\/09\/image-150x150.png\" class=\"attachment-thumbnail size-thumbnail wp-post-image\" alt=\"\" style=\"\" srcset=\"https:\/\/akubaa.com\/wp-content\/uploads\/2026\/09\/image-150x150.png 150w, https:\/\/akubaa.com\/wp-content\/uploads\/2026\/09\/image-300x300.png 300w, https:\/\/akubaa.com\/wp-content\/uploads\/2026\/09\/image-100x100.png 100w\" sizes=\"auto, (max-width: 150px) 100vw, 150px\" \/><\/a><\/div><a class=\"wp-block-latest-posts__post-title\" href=\"https:\/\/akubaa.com\/index.php\/2026\/09\/02\/estado-salud-raul-castro-grave\/\">\u00bfRa\u00fal Castro est\u00e1 muerto? Lo que se sabe de su grave estado de salud y lo que significar\u00eda para Cuba.<\/a><\/li>\n<li><div class=\"wp-block-latest-posts__featured-image aligncenter\"><a href=\"https:\/\/akubaa.com\/index.php\/2026\/09\/02\/historia-de-exito-de-roselena-y-ernesto\/\" aria-label=\"La historia de \u00e9xito de Roselena y Ernesto\"><img loading=\"lazy\" decoding=\"async\" width=\"150\" height=\"150\" src=\"https:\/\/akubaa.com\/wp-content\/uploads\/2026\/08\/2026-2-sep-Historia-de-exito-Rosaelena-y-Ernesto-150x150.jpg\" class=\"attachment-thumbnail size-thumbnail wp-post-image\" alt=\"\" style=\"\" srcset=\"https:\/\/akubaa.com\/wp-content\/uploads\/2026\/08\/2026-2-sep-Historia-de-exito-Rosaelena-y-Ernesto-150x150.jpg 150w, https:\/\/akubaa.com\/wp-content\/uploads\/2026\/08\/2026-2-sep-Historia-de-exito-Rosaelena-y-Ernesto-300x300.jpg 300w, https:\/\/akubaa.com\/wp-content\/uploads\/2026\/08\/2026-2-sep-Historia-de-exito-Rosaelena-y-Ernesto-100x100.jpg 100w\" sizes=\"auto, (max-width: 150px) 100vw, 150px\" \/><\/a><\/div><a class=\"wp-block-latest-posts__post-title\" href=\"https:\/\/akubaa.com\/index.php\/2026\/09\/02\/historia-de-exito-de-roselena-y-ernesto\/\">La historia de \u00e9xito de Roselena y Ernesto<\/a><\/li>\n<li><div class=\"wp-block-latest-posts__featured-image aligncenter\"><a href=\"https:\/\/akubaa.com\/index.php\/2026\/09\/01\/regreso-a-clases-costo-familia-cubana\/\" aria-label=\"Regreso a clases y el costo a la familia cubana\"><img loading=\"lazy\" decoding=\"async\" width=\"150\" height=\"150\" src=\"https:\/\/akubaa.com\/wp-content\/uploads\/2026\/08\/2026-1-sep-Regreso-a-clases-150x150.jpg\" class=\"attachment-thumbnail size-thumbnail wp-post-image\" alt=\"\" style=\"\" srcset=\"https:\/\/akubaa.com\/wp-content\/uploads\/2026\/08\/2026-1-sep-Regreso-a-clases-150x150.jpg 150w, https:\/\/akubaa.com\/wp-content\/uploads\/2026\/08\/2026-1-sep-Regreso-a-clases-300x300.jpg 300w, https:\/\/akubaa.com\/wp-content\/uploads\/2026\/08\/2026-1-sep-Regreso-a-clases-100x100.jpg 100w\" sizes=\"auto, (max-width: 150px) 100vw, 150px\" \/><\/a><\/div><a class=\"wp-block-latest-posts__post-title\" href=\"https:\/\/akubaa.com\/index.php\/2026\/09\/01\/regreso-a-clases-costo-familia-cubana\/\">Regreso a clases y el costo a la familia cubana<\/a><\/li>\n<li><div class=\"wp-block-latest-posts__featured-image aligncenter\"><a href=\"https:\/\/akubaa.com\/index.php\/2026\/08\/31\/incluyete-en-la-lista-de-cuidados-esta-semana\/\" aria-label=\"Incl\u00fayete en la lista de cosas que tienes que cuidar esta semana\"><img loading=\"lazy\" decoding=\"async\" width=\"150\" height=\"150\" src=\"https:\/\/akubaa.com\/wp-content\/uploads\/2026\/08\/2026-31-agosto-Cuidarte-1-150x150.jpg\" class=\"attachment-thumbnail size-thumbnail wp-post-image\" alt=\"\" style=\"\" srcset=\"https:\/\/akubaa.com\/wp-content\/uploads\/2026\/08\/2026-31-agosto-Cuidarte-1-150x150.jpg 150w, https:\/\/akubaa.com\/wp-content\/uploads\/2026\/08\/2026-31-agosto-Cuidarte-1-300x300.jpg 300w, https:\/\/akubaa.com\/wp-content\/uploads\/2026\/08\/2026-31-agosto-Cuidarte-1-100x100.jpg 100w\" sizes=\"auto, (max-width: 150px) 100vw, 150px\" \/><\/a><\/div><a class=\"wp-block-latest-posts__post-title\" href=\"https:\/\/akubaa.com\/index.php\/2026\/08\/31\/incluyete-en-la-lista-de-cuidados-esta-semana\/\">Incl\u00fayete en la lista de cosas que tienes que cuidar esta semana<\/a><\/li>\n<\/ul>","protected":false},"excerpt":{"rendered":"<p>Hay momentos en los que uno siente que algo se est\u00e1 moviendo\u2026 aunque nadie lo diga oficialmente. Y hoy, desde Miami hasta La Habana, pasando por Hialeah, Tampa y hasta Madrid, la pregunta se repite en voz baja \u2014y a veces a gritos\u2014:\u00a0\u00bfqui\u00e9n va a sustituir a D\u00edaz-Canel?. Porque seamos claros: cuando desde Washington se [&hellip;]<\/p>\n","protected":false},"author":1,"featured_media":2776,"comment_status":"open","ping_status":"open","sticky":false,"template":"","format":"standard","meta":{"_jetpack_newsletter_access":"","_jetpack_dont_email_post_to_subs":false,"_jetpack_newsletter_tier_id":0,"_jetpack_memberships_contains_paywalled_content":false,"_jetpack_feature_clip_id":0,"_jetpack_memberships_contains_paid_content":false,"footnotes":"","jetpack_publicize_message":"","jetpack_publicize_feature_enabled":true,"jetpack_social_post_already_shared":true,"jetpack_social_options":{"image_generator_settings":{"template":"highway","default_image_id":0,"font":"","enabled":false},"version":2},"jetpack_post_was_ever_published":false},"categories":[4],"tags":[],"class_list":["post-2775","post","type-post","status-publish","format-standard","has-post-thumbnail","hentry","category-noticias-y-actualidad"],"yoast_head":"<!-- This site is optimized with the Yoast SEO plugin v28.4 - https:\/\/yoast.com\/product\/yoast-seo-wordpress\/ -->\n<title>\u00bfQui\u00e9n va a sustituir a D\u00edaz-Canel?.Lo que sabemos . - AKubaa<\/title>\n<meta name=\"description\" content=\"Descubre las opiniones de, \u00bfqui\u00e9n va a sustituir a D\u00edaz-Canel? ,y Marco Rubio\u00a0se\u00f1alan que Cuba necesita \u201cgente nueva\u201d.Solo te lo dice AKubaa\" \/>\n<meta name=\"robots\" content=\"index, follow, max-snippet:-1, max-image-preview:large, max-video-preview:-1\" \/>\n<link rel=\"canonical\" href=\"https:\/\/akubaa.com\/index.php\/2026\/03\/19\/quien-va-a-sustituir-a-diaz-canel\/\" \/>\n<meta property=\"og:locale\" content=\"es_ES\" \/>\n<meta property=\"og:type\" content=\"article\" \/>\n<meta property=\"og:title\" content=\"\u00bfQui\u00e9n va a sustituir a D\u00edaz-Canel?.Lo que sabemos . - AKubaa\" \/>\n<meta property=\"og:description\" content=\"Descubre las opiniones de, \u00bfqui\u00e9n va a sustituir a D\u00edaz-Canel? ,y Marco Rubio\u00a0se\u00f1alan que Cuba necesita \u201cgente nueva\u201d.Solo te lo dice AKubaa\" \/>\n<meta property=\"og:url\" content=\"https:\/\/akubaa.com\/index.php\/2026\/03\/19\/quien-va-a-sustituir-a-diaz-canel\/\" \/>\n<meta property=\"og:site_name\" content=\"AKubaa\" \/>\n<meta property=\"article:publisher\" content=\"https:\/\/www.facebook.com\/akubaa\" \/>\n<meta property=\"article:author\" content=\"https:\/\/www.facebook.com\/akubaa\" \/>\n<meta property=\"article:published_time\" content=\"2026-03-19T09:00:00+00:00\" \/>\n<meta property=\"og:image\" content=\"https:\/\/akubaa.com\/wp-content\/uploads\/2026\/03\/image-13.png\" \/>\n\t<meta property=\"og:image:width\" content=\"1600\" \/>\n\t<meta property=\"og:image:height\" content=\"900\" \/>\n\t<meta property=\"og:image:type\" content=\"image\/png\" \/>\n<meta name=\"author\" content=\"AK\" \/>\n<meta name=\"twitter:card\" content=\"summary_large_image\" \/>\n<meta name=\"twitter:label1\" content=\"Escrito por\" \/>\n\t<meta name=\"twitter:data1\" content=\"AK\" \/>\n\t<meta name=\"twitter:label2\" content=\"Tiempo de lectura\" \/>\n\t<meta name=\"twitter:data2\" content=\"3 minutos\" \/>\n<script type=\"application\/ld+json\" class=\"yoast-schema-graph\">{\"@context\":\"https:\\\/\\\/schema.org\",\"@graph\":[{\"@type\":\"Article\",\"@id\":\"https:\\\/\\\/akubaa.com\\\/index.php\\\/2026\\\/03\\\/19\\\/quien-va-a-sustituir-a-diaz-canel\\\/#article\",\"isPartOf\":{\"@id\":\"https:\\\/\\\/akubaa.com\\\/index.php\\\/2026\\\/03\\\/19\\\/quien-va-a-sustituir-a-diaz-canel\\\/\"},\"author\":{\"name\":\"AK\",\"@id\":\"https:\\\/\\\/akubaa.com\\\/#\\\/schema\\\/person\\\/b096b63c1ad27204e55fabb2cf2153a5\"},\"headline\":\"\u00bfEl fin de D\u00edaz-Canel?. Estos son los nombres que ya suenan en los pasillos del poder en Cuba.\",\"datePublished\":\"2026-03-19T09:00:00+00:00\",\"mainEntityOfPage\":{\"@id\":\"https:\\\/\\\/akubaa.com\\\/index.php\\\/2026\\\/03\\\/19\\\/quien-va-a-sustituir-a-diaz-canel\\\/\"},\"wordCount\":700,\"commentCount\":0,\"publisher\":{\"@id\":\"https:\\\/\\\/akubaa.com\\\/#\\\/schema\\\/person\\\/b096b63c1ad27204e55fabb2cf2153a5\"},\"image\":{\"@id\":\"https:\\\/\\\/akubaa.com\\\/index.php\\\/2026\\\/03\\\/19\\\/quien-va-a-sustituir-a-diaz-canel\\\/#primaryimage\"},\"thumbnailUrl\":\"https:\\\/\\\/akubaa.com\\\/wp-content\\\/uploads\\\/2026\\\/03\\\/image-13.png\",\"articleSection\":[\"Noticias y Actualidad\"],\"inLanguage\":\"es\",\"potentialAction\":[{\"@type\":\"CommentAction\",\"name\":\"Comment\",\"target\":[\"https:\\\/\\\/akubaa.com\\\/index.php\\\/2026\\\/03\\\/19\\\/quien-va-a-sustituir-a-diaz-canel\\\/#respond\"]}]},{\"@type\":\"WebPage\",\"@id\":\"https:\\\/\\\/akubaa.com\\\/index.php\\\/2026\\\/03\\\/19\\\/quien-va-a-sustituir-a-diaz-canel\\\/\",\"url\":\"https:\\\/\\\/akubaa.com\\\/index.php\\\/2026\\\/03\\\/19\\\/quien-va-a-sustituir-a-diaz-canel\\\/\",\"name\":\"\u00bfQui\u00e9n va a sustituir a D\u00edaz-Canel?.Lo que sabemos . - AKubaa\",\"isPartOf\":{\"@id\":\"https:\\\/\\\/akubaa.com\\\/#website\"},\"primaryImageOfPage\":{\"@id\":\"https:\\\/\\\/akubaa.com\\\/index.php\\\/2026\\\/03\\\/19\\\/quien-va-a-sustituir-a-diaz-canel\\\/#primaryimage\"},\"image\":{\"@id\":\"https:\\\/\\\/akubaa.com\\\/index.php\\\/2026\\\/03\\\/19\\\/quien-va-a-sustituir-a-diaz-canel\\\/#primaryimage\"},\"thumbnailUrl\":\"https:\\\/\\\/akubaa.com\\\/wp-content\\\/uploads\\\/2026\\\/03\\\/image-13.png\",\"datePublished\":\"2026-03-19T09:00:00+00:00\",\"description\":\"Descubre las opiniones de, \u00bfqui\u00e9n va a sustituir a D\u00edaz-Canel? ,y Marco Rubio\u00a0se\u00f1alan que Cuba necesita \u201cgente nueva\u201d.Solo te lo dice AKubaa\",\"breadcrumb\":{\"@id\":\"https:\\\/\\\/akubaa.com\\\/index.php\\\/2026\\\/03\\\/19\\\/quien-va-a-sustituir-a-diaz-canel\\\/#breadcrumb\"},\"inLanguage\":\"es\",\"potentialAction\":[{\"@type\":\"ReadAction\",\"target\":[\"https:\\\/\\\/akubaa.com\\\/index.php\\\/2026\\\/03\\\/19\\\/quien-va-a-sustituir-a-diaz-canel\\\/\"]}]},{\"@type\":\"ImageObject\",\"inLanguage\":\"es\",\"@id\":\"https:\\\/\\\/akubaa.com\\\/index.php\\\/2026\\\/03\\\/19\\\/quien-va-a-sustituir-a-diaz-canel\\\/#primaryimage\",\"url\":\"https:\\\/\\\/akubaa.com\\\/wp-content\\\/uploads\\\/2026\\\/03\\\/image-13.png\",\"contentUrl\":\"https:\\\/\\\/akubaa.com\\\/wp-content\\\/uploads\\\/2026\\\/03\\\/image-13.png\",\"width\":1600,\"height\":900},{\"@type\":\"BreadcrumbList\",\"@id\":\"https:\\\/\\\/akubaa.com\\\/index.php\\\/2026\\\/03\\\/19\\\/quien-va-a-sustituir-a-diaz-canel\\\/#breadcrumb\",\"itemListElement\":[{\"@type\":\"ListItem\",\"position\":1,\"name\":\"Portada\",\"item\":\"https:\\\/\\\/akubaa.com\\\/\"},{\"@type\":\"ListItem\",\"position\":2,\"name\":\"\u00bfEl fin de D\u00edaz-Canel?. Estos son los nombres que ya suenan en los pasillos del poder en Cuba.\"}]},{\"@type\":\"WebSite\",\"@id\":\"https:\\\/\\\/akubaa.com\\\/#website\",\"url\":\"https:\\\/\\\/akubaa.com\\\/\",\"name\":\"AKubaa\",\"description\":\"Vive ,conoce y disfruta Cuba al estilo de A&amp;K.\",\"publisher\":{\"@id\":\"https:\\\/\\\/akubaa.com\\\/#\\\/schema\\\/person\\\/b096b63c1ad27204e55fabb2cf2153a5\"},\"potentialAction\":[{\"@type\":\"SearchAction\",\"target\":{\"@type\":\"EntryPoint\",\"urlTemplate\":\"https:\\\/\\\/akubaa.com\\\/?s={search_term_string}\"},\"query-input\":{\"@type\":\"PropertyValueSpecification\",\"valueRequired\":true,\"valueName\":\"search_term_string\"}}],\"inLanguage\":\"es\"},{\"@type\":[\"Person\",\"Organization\"],\"@id\":\"https:\\\/\\\/akubaa.com\\\/#\\\/schema\\\/person\\\/b096b63c1ad27204e55fabb2cf2153a5\",\"name\":\"AK\",\"image\":{\"@type\":\"ImageObject\",\"inLanguage\":\"es\",\"@id\":\"https:\\\/\\\/akubaa.com\\\/wp-content\\\/uploads\\\/2025\\\/08\\\/Imagen-17.jpeg\",\"url\":\"https:\\\/\\\/akubaa.com\\\/wp-content\\\/uploads\\\/2025\\\/08\\\/Imagen-17.jpeg\",\"contentUrl\":\"https:\\\/\\\/akubaa.com\\\/wp-content\\\/uploads\\\/2025\\\/08\\\/Imagen-17.jpeg\",\"width\":1024,\"height\":1024,\"caption\":\"AK\"},\"logo\":{\"@id\":\"https:\\\/\\\/akubaa.com\\\/wp-content\\\/uploads\\\/2025\\\/08\\\/Imagen-17.jpeg\"},\"sameAs\":[\"https:\\\/\\\/akubaa.com\",\"https:\\\/\\\/www.facebook.com\\\/akubaa\",\"https:\\\/\\\/www.instagram.com\\\/akubaa?\"],\"url\":\"https:\\\/\\\/akubaa.com\\\/index.php\\\/profile\\\/admin\\\/\"}]}<\/script>\n<!-- \/ Yoast SEO plugin. -->","yoast_head_json":{"title":"\u00bfQui\u00e9n va a sustituir a D\u00edaz-Canel?.Lo que sabemos . - AKubaa","description":"Descubre las opiniones de, \u00bfqui\u00e9n va a sustituir a D\u00edaz-Canel? ,y Marco Rubio\u00a0se\u00f1alan que Cuba necesita \u201cgente nueva\u201d.Solo te lo dice AKubaa","robots":{"index":"index","follow":"follow","max-snippet":"max-snippet:-1","max-image-preview":"max-image-preview:large","max-video-preview":"max-video-preview:-1"},"canonical":"https:\/\/akubaa.com\/index.php\/2026\/03\/19\/quien-va-a-sustituir-a-diaz-canel\/","og_locale":"es_ES","og_type":"article","og_title":"\u00bfQui\u00e9n va a sustituir a D\u00edaz-Canel?.Lo que sabemos . - AKubaa","og_description":"Descubre las opiniones de, \u00bfqui\u00e9n va a sustituir a D\u00edaz-Canel? ,y Marco Rubio\u00a0se\u00f1alan que Cuba necesita \u201cgente nueva\u201d.Solo te lo dice AKubaa","og_url":"https:\/\/akubaa.com\/index.php\/2026\/03\/19\/quien-va-a-sustituir-a-diaz-canel\/","og_site_name":"AKubaa","article_publisher":"https:\/\/www.facebook.com\/akubaa","article_author":"https:\/\/www.facebook.com\/akubaa","article_published_time":"2026-03-19T09:00:00+00:00","og_image":[{"width":1600,"height":900,"url":"https:\/\/akubaa.com\/wp-content\/uploads\/2026\/03\/image-13.png","type":"image\/png"}],"author":"AK","twitter_card":"summary_large_image","twitter_misc":{"Escrito por":"AK","Tiempo de lectura":"3 minutos"},"schema":{"@context":"https:\/\/schema.org","@graph":[{"@type":"Article","@id":"https:\/\/akubaa.com\/index.php\/2026\/03\/19\/quien-va-a-sustituir-a-diaz-canel\/#article","isPartOf":{"@id":"https:\/\/akubaa.com\/index.php\/2026\/03\/19\/quien-va-a-sustituir-a-diaz-canel\/"},"author":{"name":"AK","@id":"https:\/\/akubaa.com\/#\/schema\/person\/b096b63c1ad27204e55fabb2cf2153a5"},"headline":"\u00bfEl fin de D\u00edaz-Canel?. Estos son los nombres que ya suenan en los pasillos del poder en Cuba.","datePublished":"2026-03-19T09:00:00+00:00","mainEntityOfPage":{"@id":"https:\/\/akubaa.com\/index.php\/2026\/03\/19\/quien-va-a-sustituir-a-diaz-canel\/"},"wordCount":700,"commentCount":0,"publisher":{"@id":"https:\/\/akubaa.com\/#\/schema\/person\/b096b63c1ad27204e55fabb2cf2153a5"},"image":{"@id":"https:\/\/akubaa.com\/index.php\/2026\/03\/19\/quien-va-a-sustituir-a-diaz-canel\/#primaryimage"},"thumbnailUrl":"https:\/\/akubaa.com\/wp-content\/uploads\/2026\/03\/image-13.png","articleSection":["Noticias y Actualidad"],"inLanguage":"es","potentialAction":[{"@type":"CommentAction","name":"Comment","target":["https:\/\/akubaa.com\/index.php\/2026\/03\/19\/quien-va-a-sustituir-a-diaz-canel\/#respond"]}]},{"@type":"WebPage","@id":"https:\/\/akubaa.com\/index.php\/2026\/03\/19\/quien-va-a-sustituir-a-diaz-canel\/","url":"https:\/\/akubaa.com\/index.php\/2026\/03\/19\/quien-va-a-sustituir-a-diaz-canel\/","name":"\u00bfQui\u00e9n va a sustituir a D\u00edaz-Canel?.Lo que sabemos . - AKubaa","isPartOf":{"@id":"https:\/\/akubaa.com\/#website"},"primaryImageOfPage":{"@id":"https:\/\/akubaa.com\/index.php\/2026\/03\/19\/quien-va-a-sustituir-a-diaz-canel\/#primaryimage"},"image":{"@id":"https:\/\/akubaa.com\/index.php\/2026\/03\/19\/quien-va-a-sustituir-a-diaz-canel\/#primaryimage"},"thumbnailUrl":"https:\/\/akubaa.com\/wp-content\/uploads\/2026\/03\/image-13.png","datePublished":"2026-03-19T09:00:00+00:00","description":"Descubre las opiniones de, \u00bfqui\u00e9n va a sustituir a D\u00edaz-Canel? ,y Marco Rubio\u00a0se\u00f1alan que Cuba necesita \u201cgente nueva\u201d.Solo te lo dice AKubaa","breadcrumb":{"@id":"https:\/\/akubaa.com\/index.php\/2026\/03\/19\/quien-va-a-sustituir-a-diaz-canel\/#breadcrumb"},"inLanguage":"es","potentialAction":[{"@type":"ReadAction","target":["https:\/\/akubaa.com\/index.php\/2026\/03\/19\/quien-va-a-sustituir-a-diaz-canel\/"]}]},{"@type":"ImageObject","inLanguage":"es","@id":"https:\/\/akubaa.com\/index.php\/2026\/03\/19\/quien-va-a-sustituir-a-diaz-canel\/#primaryimage","url":"https:\/\/akubaa.com\/wp-content\/uploads\/2026\/03\/image-13.png","contentUrl":"https:\/\/akubaa.com\/wp-content\/uploads\/2026\/03\/image-13.png","width":1600,"height":900},{"@type":"BreadcrumbList","@id":"https:\/\/akubaa.com\/index.php\/2026\/03\/19\/quien-va-a-sustituir-a-diaz-canel\/#breadcrumb","itemListElement":[{"@type":"ListItem","position":1,"name":"Portada","item":"https:\/\/akubaa.com\/"},{"@type":"ListItem","position":2,"name":"\u00bfEl fin de D\u00edaz-Canel?. Estos son los nombres que ya suenan en los pasillos del poder en Cuba."}]},{"@type":"WebSite","@id":"https:\/\/akubaa.com\/#website","url":"https:\/\/akubaa.com\/","name":"AKubaa","description":"Vive ,conoce y disfruta Cuba al estilo de A&amp;K.","publisher":{"@id":"https:\/\/akubaa.com\/#\/schema\/person\/b096b63c1ad27204e55fabb2cf2153a5"},"potentialAction":[{"@type":"SearchAction","target":{"@type":"EntryPoint","urlTemplate":"https:\/\/akubaa.com\/?s={search_term_string}"},"query-input":{"@type":"PropertyValueSpecification","valueRequired":true,"valueName":"search_term_string"}}],"inLanguage":"es"},{"@type":["Person","Organization"],"@id":"https:\/\/akubaa.com\/#\/schema\/person\/b096b63c1ad27204e55fabb2cf2153a5","name":"AK","image":{"@type":"ImageObject","inLanguage":"es","@id":"https:\/\/akubaa.com\/wp-content\/uploads\/2025\/08\/Imagen-17.jpeg","url":"https:\/\/akubaa.com\/wp-content\/uploads\/2025\/08\/Imagen-17.jpeg","contentUrl":"https:\/\/akubaa.com\/wp-content\/uploads\/2025\/08\/Imagen-17.jpeg","width":1024,"height":1024,"caption":"AK"},"logo":{"@id":"https:\/\/akubaa.com\/wp-content\/uploads\/2025\/08\/Imagen-17.jpeg"},"sameAs":["https:\/\/akubaa.com","https:\/\/www.facebook.com\/akubaa","https:\/\/www.instagram.com\/akubaa?"],"url":"https:\/\/akubaa.com\/index.php\/profile\/admin\/"}]}},"jetpack_publicize_connections":[],"jetpack_sharing_enabled":true,"jetpack_likes_enabled":true,"jetpack-related-posts":[{"id":2772,"url":"https:\/\/akubaa.com\/index.php\/2026\/03\/18\/miguel-diaz-canel-se-niega-a-renunciar\/","url_meta":{"origin":2775,"position":0},"title":"\u201cNo me voy\u201d: D\u00edaz-Canel se planta, Trump aprieta\u2026 y Cuba queda en el medio del pulso m\u00e1s tenso en a\u00f1os.","author":"AK","date":"03\/18\/2026","format":false,"excerpt":"Yo no s\u00e9 t\u00fa, pero cada vez que leo estas declaraciones me da la sensaci\u00f3n de estar viendo una pel\u00edcula\u2026 solo que esta vez el guion lo estamos pagando todos los cubanos, dentro y fuera de la Isla. La noticia es clara:\u00a0Miguel D\u00edaz-Canel se niega a renunciar. Y no solo\u2026","rel":"","context":"En \u00abNoticias y Actualidad\u00bb","block_context":{"text":"Noticias y Actualidad","link":"https:\/\/akubaa.com\/index.php\/category\/noticias-y-actualidad\/"},"img":{"alt_text":"","src":"https:\/\/i0.wp.com\/akubaa.com\/wp-content\/uploads\/2026\/03\/image-12.png?resize=350%2C200&ssl=1","width":350,"height":200,"srcset":"https:\/\/i0.wp.com\/akubaa.com\/wp-content\/uploads\/2026\/03\/image-12.png?resize=350%2C200&ssl=1 1x, https:\/\/i0.wp.com\/akubaa.com\/wp-content\/uploads\/2026\/03\/image-12.png?resize=525%2C300&ssl=1 1.5x, https:\/\/i0.wp.com\/akubaa.com\/wp-content\/uploads\/2026\/03\/image-12.png?resize=700%2C400&ssl=1 2x, https:\/\/i0.wp.com\/akubaa.com\/wp-content\/uploads\/2026\/03\/image-12.png?resize=1050%2C600&ssl=1 3x, https:\/\/i0.wp.com\/akubaa.com\/wp-content\/uploads\/2026\/03\/image-12.png?resize=1400%2C800&ssl=1 4x"},"classes":[]},{"id":2799,"url":"https:\/\/akubaa.com\/index.php\/2026\/03\/21\/rebelion-en-la-granja-en-cuba-van-a-sacrificar-a-diaz-canel-para-salvar-al-regimen\/","url_meta":{"origin":2775,"position":1},"title":"Rebeli\u00f3n en la Granja en Cuba: \u00bfvan a sacrificar a D\u00edaz-Canel para salvar al r\u00e9gimen?.","author":"AK","date":"03\/21\/2026","format":false,"excerpt":"Yo no creo que en Cuba estemos viendo solo una crisis. Lo que estamos viendo es una pelea por la supervivencia del poder. Y en ese tablero,\u00a0Miguel D\u00edaz-Canel\u00a0luce cada d\u00eda menos como presidente y m\u00e1s como pieza desechable. Por eso la imagen de\u00a0\u201cRebeli\u00f3n en la Granja\u201d\u00a0no suena exagerada: cuando el\u2026","rel":"","context":"Entrada similar","block_context":{"text":"Entrada similar","link":""},"img":{"alt_text":"","src":"https:\/\/i0.wp.com\/akubaa.com\/wp-content\/uploads\/2026\/03\/image-23.png?resize=350%2C200&ssl=1","width":350,"height":200,"srcset":"https:\/\/i0.wp.com\/akubaa.com\/wp-content\/uploads\/2026\/03\/image-23.png?resize=350%2C200&ssl=1 1x, https:\/\/i0.wp.com\/akubaa.com\/wp-content\/uploads\/2026\/03\/image-23.png?resize=525%2C300&ssl=1 1.5x, https:\/\/i0.wp.com\/akubaa.com\/wp-content\/uploads\/2026\/03\/image-23.png?resize=700%2C400&ssl=1 2x, https:\/\/i0.wp.com\/akubaa.com\/wp-content\/uploads\/2026\/03\/image-23.png?resize=1050%2C600&ssl=1 3x, https:\/\/i0.wp.com\/akubaa.com\/wp-content\/uploads\/2026\/03\/image-23.png?resize=1400%2C800&ssl=1 4x"},"classes":[]},{"id":2894,"url":"https:\/\/akubaa.com\/index.php\/2026\/03\/27\/diaz-canel-abre-la-puerta-a-eeuu-pero-con-candado-puesto\/","url_meta":{"origin":2775,"position":2},"title":"D\u00edaz-Canel abre la puerta a EEUU\u2026 pero con candado puesto: \u00bfdi\u00e1logo real o estrategia pol\u00edtica?.","author":"AK","date":"03\/27\/2026","format":false,"excerpt":"Hay frases que suenan bonitas\u2026 hasta que uno las aterriza en la realidad. Esta semana,\u00a0Miguel D\u00edaz-Canel\u00a0dijo que Cuba est\u00e1 dispuesta a dialogar con\u00a0Estados Unidos\u00a0sobre su participaci\u00f3n en la econom\u00eda de la Isla. Y yo, desde aqu\u00ed \u2014con un pie en Cuba y otro en la di\u00e1spora\u2014 no pude evitar preguntarme:\u2026","rel":"","context":"En \u00abNoticias y Actualidad\u00bb","block_context":{"text":"Noticias y Actualidad","link":"https:\/\/akubaa.com\/index.php\/category\/noticias-y-actualidad\/"},"img":{"alt_text":"","src":"https:\/\/i0.wp.com\/akubaa.com\/wp-content\/uploads\/2026\/03\/image-65.png?resize=350%2C200&ssl=1","width":350,"height":200,"srcset":"https:\/\/i0.wp.com\/akubaa.com\/wp-content\/uploads\/2026\/03\/image-65.png?resize=350%2C200&ssl=1 1x, https:\/\/i0.wp.com\/akubaa.com\/wp-content\/uploads\/2026\/03\/image-65.png?resize=525%2C300&ssl=1 1.5x, https:\/\/i0.wp.com\/akubaa.com\/wp-content\/uploads\/2026\/03\/image-65.png?resize=700%2C400&ssl=1 2x, https:\/\/i0.wp.com\/akubaa.com\/wp-content\/uploads\/2026\/03\/image-65.png?resize=1050%2C600&ssl=1 3x, https:\/\/i0.wp.com\/akubaa.com\/wp-content\/uploads\/2026\/03\/image-65.png?resize=1400%2C800&ssl=1 4x"},"classes":[]},{"id":2759,"url":"https:\/\/akubaa.com\/index.php\/2026\/03\/17\/ee-uu-quiere-la-renuncia-de-diaz-canel-antes-de-negociar-con-cuba\/","url_meta":{"origin":2775,"position":3},"title":"\u201cLa jugada de Washington: \u00bfpor qu\u00e9 EE.UU. quiere la renuncia de D\u00edaz-Canel antes de negociar con Cuba?\u201d","author":"AK","date":"03\/17\/2026","format":false,"excerpt":"Hay noticias que, cuando uno las lee, siente que detr\u00e1s hay mucho m\u00e1s de lo que aparece en el titular. Y esta es una de ellas. Seg\u00fan revelaciones publicadas por\u00a0The New York Times\u00a0y adelantadas tambi\u00e9n por el\u00a0Miami Herald, la administraci\u00f3n de\u00a0Donald Trump\u00a0habr\u00eda puesto una condici\u00f3n clara para avanzar en las\u2026","rel":"","context":"Entrada similar","block_context":{"text":"Entrada similar","link":""},"img":{"alt_text":"","src":"https:\/\/i0.wp.com\/akubaa.com\/wp-content\/uploads\/2026\/03\/image-7.png?resize=350%2C200&ssl=1","width":350,"height":200,"srcset":"https:\/\/i0.wp.com\/akubaa.com\/wp-content\/uploads\/2026\/03\/image-7.png?resize=350%2C200&ssl=1 1x, https:\/\/i0.wp.com\/akubaa.com\/wp-content\/uploads\/2026\/03\/image-7.png?resize=525%2C300&ssl=1 1.5x, https:\/\/i0.wp.com\/akubaa.com\/wp-content\/uploads\/2026\/03\/image-7.png?resize=700%2C400&ssl=1 2x, https:\/\/i0.wp.com\/akubaa.com\/wp-content\/uploads\/2026\/03\/image-7.png?resize=1050%2C600&ssl=1 3x, https:\/\/i0.wp.com\/akubaa.com\/wp-content\/uploads\/2026\/03\/image-7.png?resize=1400%2C800&ssl=1 4x"},"classes":[]},{"id":3024,"url":"https:\/\/akubaa.com\/index.php\/2026\/06\/21\/el-cangrejo-cuba-heredero-poder\/","url_meta":{"origin":2775,"position":4},"title":"Cuba, el heredero del poder y la gran pregunta: \u00bfcambio real o m\u00e1s de lo mismo?.","author":"AK","date":"06\/21\/2026","format":false,"excerpt":"Cuba y el heredero del castrismo: cuando el poder no siempre sale en la foto. Hay momentos en que Cuba parece hablar en clave. Uno ve a Miguel D\u00edaz-Canel dando discursos, firmando reformas, defendiendo el socialismo y diciendo que todo se hace \u201cpara salvar lo esencial\u201d. Pero en la calle,\u2026","rel":"","context":"Entrada similar","block_context":{"text":"Entrada similar","link":""},"img":{"alt_text":"","src":"https:\/\/i0.wp.com\/akubaa.com\/wp-content\/uploads\/2026\/06\/image-2.png?resize=350%2C200&ssl=1","width":350,"height":200,"srcset":"https:\/\/i0.wp.com\/akubaa.com\/wp-content\/uploads\/2026\/06\/image-2.png?resize=350%2C200&ssl=1 1x, https:\/\/i0.wp.com\/akubaa.com\/wp-content\/uploads\/2026\/06\/image-2.png?resize=525%2C300&ssl=1 1.5x, https:\/\/i0.wp.com\/akubaa.com\/wp-content\/uploads\/2026\/06\/image-2.png?resize=700%2C400&ssl=1 2x, https:\/\/i0.wp.com\/akubaa.com\/wp-content\/uploads\/2026\/06\/image-2.png?resize=1050%2C600&ssl=1 3x, https:\/\/i0.wp.com\/akubaa.com\/wp-content\/uploads\/2026\/06\/image-2.png?resize=1400%2C800&ssl=1 4x"},"classes":[]},{"id":2744,"url":"https:\/\/akubaa.com\/index.php\/2026\/03\/13\/el-cangrejo-2\/","url_meta":{"origin":2775,"position":5},"title":"Cuando el poder se mueve en silencio: \u201cEl Cangrejo\u201d, D\u00edaz-Canel y el inesperado di\u00e1logo con Estados Unidos.","author":"AK","date":"03\/13\/2026","format":false,"excerpt":"Hay d\u00edas en que la pol\u00edtica cubana parece una obra de teatro cuidadosamente ensayada. Y luego hay d\u00edas como este\u00a013 de marzo de 2026, cuando\u00a0Miguel D\u00edaz-Canel\u00a0aparece ante las c\u00e1maras anunciando\u00a0conversaciones oficiales entre Cuba y Estados Unidos\u2026 y, de pronto, en la escena aparece una figura que muchos conocen pero casi\u2026","rel":"","context":"Entrada similar","block_context":{"text":"Entrada similar","link":""},"img":{"alt_text":"","src":"https:\/\/i0.wp.com\/akubaa.com\/wp-content\/uploads\/2026\/03\/Imagen-20.jpeg?resize=350%2C200&ssl=1","width":350,"height":200,"srcset":"https:\/\/i0.wp.com\/akubaa.com\/wp-content\/uploads\/2026\/03\/Imagen-20.jpeg?resize=350%2C200&ssl=1 1x, https:\/\/i0.wp.com\/akubaa.com\/wp-content\/uploads\/2026\/03\/Imagen-20.jpeg?resize=525%2C300&ssl=1 1.5x, https:\/\/i0.wp.com\/akubaa.com\/wp-content\/uploads\/2026\/03\/Imagen-20.jpeg?resize=700%2C400&ssl=1 2x"},"classes":[]}],"jetpack_shortlink":"https:\/\/wp.me\/pgrKo3-IL","jetpack_featured_media_url":"https:\/\/akubaa.com\/wp-content\/uploads\/2026\/03\/image-13.png","_links":{"self":[{"href":"https:\/\/akubaa.com\/index.php\/wp-json\/wp\/v2\/posts\/2775","targetHints":{"allow":["GET"]}}],"collection":[{"href":"https:\/\/akubaa.com\/index.php\/wp-json\/wp\/v2\/posts"}],"about":[{"href":"https:\/\/akubaa.com\/index.php\/wp-json\/wp\/v2\/types\/post"}],"author":[{"embeddable":true,"href":"https:\/\/akubaa.com\/index.php\/wp-json\/wp\/v2\/users\/1"}],"replies":[{"embeddable":true,"href":"https:\/\/akubaa.com\/index.php\/wp-json\/wp\/v2\/comments?post=2775"}],"version-history":[{"count":0,"href":"https:\/\/akubaa.com\/index.php\/wp-json\/wp\/v2\/posts\/2775\/revisions"}],"wp:featuredmedia":[{"embeddable":true,"href":"https:\/\/akubaa.com\/index.php\/wp-json\/wp\/v2\/media\/2776"}],"wp:attachment":[{"href":"https:\/\/akubaa.com\/index.php\/wp-json\/wp\/v2\/media?parent=2775"}],"wp:term":[{"taxonomy":"category","embeddable":true,"href":"https:\/\/akubaa.com\/index.php\/wp-json\/wp\/v2\/categories?post=2775"},{"taxonomy":"post_tag","embeddable":true,"href":"https:\/\/akubaa.com\/index.php\/wp-json\/wp\/v2\/tags?post=2775"}],"curies":[{"name":"wp","href":"https:\/\/api.w.org\/{rel}","templated":true}]}}