{"id":2761,"date":"2026-03-17T08:00:00","date_gmt":"2026-03-17T12:00:00","guid":{"rendered":"https:\/\/akubaa.com\/?p=2761"},"modified":"2026-03-16T23:21:42","modified_gmt":"2026-03-17T03:21:42","slug":"fallece-gemma-cuervo","status":"publish","type":"post","link":"https:\/\/akubaa.com\/index.php\/2026\/03\/17\/fallece-gemma-cuervo\/","title":{"rendered":"Cuando se apaga Vicenta: la despedida de una actriz que nos hizo re\u00edr durante d\u00e9cadas."},"content":{"rendered":"\n<p>A veces una noticia parece peque\u00f1a\u2026 hasta que uno se detiene un segundo y entiende lo que realmente significa. Eso me pas\u00f3 cuando supe que\u00a0<strong>Gemma Cuervo\u00a0muri\u00f3 a los 91 a\u00f1os<\/strong>. Y confieso algo: en ese momento no pens\u00e9 en premios ni en teatro cl\u00e1sico. Pens\u00e9 en\u00a0<strong>Vicenta<\/strong>, ese personaje inolvidable de la serie\u00a0Aqu\u00ed no hay quien viva\u00a0que muchos vimos una y otra vez, incluso a\u00f1os despu\u00e9s de su estreno. Porque s\u00ed,\u00a0<strong>la muerte de Gemma Cuervo<\/strong>\u00a0no es solo la despedida de una actriz. Es el cierre de una \u00e9poca entera del\u00a0<strong>teatro espa\u00f1ol<\/strong>\u00a0y de una televisi\u00f3n que marc\u00f3 a millones.<\/p>\n\n\n\n<hr class=\"wp-block-separator has-alpha-channel-opacity\"\/>\n\n\n\n<div class=\"wp-block-media-text is-stacked-on-mobile\"><figure class=\"wp-block-media-text__media\"><img loading=\"lazy\" decoding=\"async\" width=\"1024\" height=\"683\" src=\"https:\/\/akubaa.com\/wp-content\/uploads\/2026\/02\/Imagen-222-1024x683.jpeg\" alt=\"\" class=\"wp-image-2608 size-full\" srcset=\"https:\/\/akubaa.com\/wp-content\/uploads\/2026\/02\/Imagen-222-1024x683.jpeg 1024w, https:\/\/akubaa.com\/wp-content\/uploads\/2026\/02\/Imagen-222-300x200.jpeg 300w, https:\/\/akubaa.com\/wp-content\/uploads\/2026\/02\/Imagen-222-768x512.jpeg 768w, https:\/\/akubaa.com\/wp-content\/uploads\/2026\/02\/Imagen-222-1320x880.jpeg 1320w, https:\/\/akubaa.com\/wp-content\/uploads\/2026\/02\/Imagen-222-600x400.jpeg 600w, https:\/\/akubaa.com\/wp-content\/uploads\/2026\/02\/Imagen-222.jpeg 1536w\" sizes=\"auto, (max-width: 1024px) 100vw, 1024px\" \/><\/figure><div class=\"wp-block-media-text__content\">\n<p>Colorear no es un juego: es desarrollo f\u00edsico, social y emocional. Cuando un ni\u00f1o colorea, pasa algo que ninguna pantalla puede replicar:\u00a0<strong>Impacto social:<\/strong>\u00a0invita al di\u00e1logo, al compartir, al \u201cmira lo que hice\u201d, al momento en familia.\u00a0<strong>Desarrollo f\u00edsico:<\/strong>\u00a0mejora la motricidad fina, la coordinaci\u00f3n mano-ojo y fortalece los m\u00fasculos de los dedos.\u00a0<strong>Beneficio psicol\u00f3gico:<\/strong>\u00a0reduce ansiedad, mejora la concentraci\u00f3n y estimula la creatividad infantil.<\/p>\n\n\n\n<div class=\"wp-block-buttons is-content-justification-center is-layout-flex wp-container-core-buttons-is-layout-a89b3969 wp-block-buttons-is-layout-flex\">\n<div class=\"wp-block-button\"><a class=\"wp-block-button__link wp-element-button\" href=\"https:\/\/www.amazon.com\/dp\/B0GMQM1LGJ?ref_=cm_sw_r_ffobk_cp_ud_dp_Q67EQN9G7TBTKQHX7WRQ_23&amp;bestFormat=true\">Compra los mejores libros de colorear para tus ni\u00f1os aqu\u00ed .<\/a><\/div>\n<\/div>\n<\/div><\/div>\n\n\n\n<hr class=\"wp-block-separator has-alpha-channel-opacity\"\/>\n\n\n\n<h2 class=\"wp-block-heading\">De los escenarios del teatro a la cultura popular<\/h2>\n\n\n\n<p>Gemma Cuervo naci\u00f3 en Catalu\u00f1a y empez\u00f3 su carrera en el\u00a0<strong>Teatro Espa\u00f1ol Universitario<\/strong>, una cantera cultural donde se form\u00f3 una generaci\u00f3n completa de actores. En los a\u00f1os 50 y 60 ya era una figura s\u00f3lida del escenario. Interpret\u00f3 obras de gigantes como:<\/p>\n\n\n\n<ul class=\"wp-block-list\">\n<li><strong>Federico Garc\u00eda Lorca<\/strong><\/li>\n\n\n\n<li><strong>William Shakespeare<\/strong><\/li>\n\n\n\n<li><strong>Tirso de Molina<\/strong><\/li>\n<\/ul>\n\n\n\n<p>Junto a su esposo, el actor\u00a0Fernando Guill\u00e9n, fund\u00f3 una compa\u00f1\u00eda teatral que llev\u00f3 a escena textos de\u00a0<strong>Albert Camus<\/strong>,\u00a0<strong>Jean-Paul Sartre<\/strong>\u00a0y\u00a0<strong>Jean Cocteau<\/strong>. Pero no fue un camino f\u00e1cil. Durante la\u00a0<strong>dictadura franquista<\/strong>, muchas de esas obras enfrentaron censura. Hubo funciones complicadas, presiones pol\u00edticas y hasta problemas econ\u00f3micos que terminaron cerrando la compa\u00f1\u00eda en 1975. Sin embargo, Cuervo sigui\u00f3 actuando. Y lo hizo como hacen los grandes:\u00a0<strong>sin detenerse jam\u00e1s<\/strong>.<\/p>\n\n\n\n<hr class=\"wp-block-separator has-alpha-channel-opacity\"\/>\n\n\n\n<div class=\"wp-block-jetpack-related-posts\">\n<h2 class=\"wp-block-heading\">Te Puede Interesar <\/h2>\n<\/div>\n\n\n\n<h2 class=\"wp-block-heading\">La Vicenta que conquist\u00f3 generaciones<\/h2>\n\n\n\n<p>Si el teatro le dio prestigio,\u00a0<strong>la televisi\u00f3n le dio eternidad<\/strong>. A comienzos de los a\u00f1os 2000 interpret\u00f3 a Vicenta en\u00a0Aqu\u00ed no hay quien viva, una comedia que termin\u00f3 convirti\u00e9ndose en fen\u00f3meno cultural. El tr\u00edo formado por Vicenta, Marisa y Concha se volvi\u00f3 parte de la memoria colectiva de Espa\u00f1a\u2026 y tambi\u00e9n de muchos latinoamericanos. En\u00a0<strong>Miami, Hialeah, Tampa o Madrid<\/strong>, m\u00e1s de un cubano recuerda esas escenas repetidas en YouTube o en la televisi\u00f3n por cable. Un seguidor escribi\u00f3 hoy en redes algo que resume lo que muchos sienten:<\/p>\n\n\n\n<blockquote class=\"wp-block-quote is-layout-flow wp-block-quote-is-layout-flow\">\n<p>\u201cVicenta era como esa vecina chismosa de cualquier edificio\u2026 pero con una gracia que solo Gemma Cuervo pod\u00eda darle.\u201d<\/p>\n<\/blockquote>\n\n\n\n<p>Y es verdad. Ese personaje ten\u00eda algo universal:&nbsp;<strong>la mezcla perfecta entre humor, iron\u00eda y humanidad<\/strong>.<\/p>\n\n\n\n<hr class=\"wp-block-separator has-alpha-channel-opacity\"\/>\n\n\n\n<div class=\"wp-block-media-text is-stacked-on-mobile\"><figure class=\"wp-block-media-text__media\"><img loading=\"lazy\" decoding=\"async\" width=\"1024\" height=\"683\" src=\"https:\/\/akubaa.com\/wp-content\/uploads\/2026\/01\/Imagen-223-1024x683.jpeg\" alt=\"\" class=\"wp-image-2445 size-full\" srcset=\"https:\/\/akubaa.com\/wp-content\/uploads\/2026\/01\/Imagen-223-1024x683.jpeg 1024w, https:\/\/akubaa.com\/wp-content\/uploads\/2026\/01\/Imagen-223-600x400.jpeg 600w, https:\/\/akubaa.com\/wp-content\/uploads\/2026\/01\/Imagen-223-300x200.jpeg 300w, https:\/\/akubaa.com\/wp-content\/uploads\/2026\/01\/Imagen-223-768x512.jpeg 768w, https:\/\/akubaa.com\/wp-content\/uploads\/2026\/01\/Imagen-223-1320x880.jpeg 1320w, https:\/\/akubaa.com\/wp-content\/uploads\/2026\/01\/Imagen-223.jpeg 1536w\" sizes=\"auto, (max-width: 1024px) 100vw, 1024px\" \/><\/figure><div class=\"wp-block-media-text__content\">\n<p>\u00a0\u00bfTienes un negocio? . Publicalo aqu\u00ed ,solo te tarda un minuto y conecta con personas que buscan lo que t\u00fa ofreces.<strong><a href=\"https:\/\/akubaa.com\/index.php\/directorio-de-negocios-cubanos-akubaa\/\">Clic y descubre todas las ventajas\u00a0<\/a><\/strong>que puede obtener t\u00fa ahora mismo. Es hora de llevarte al lugar que merece sin luchar con el algoritmo.<\/p>\n\n\n\n<div class=\"wp-block-buttons is-content-justification-center is-layout-flex wp-container-core-buttons-is-layout-a89b3969 wp-block-buttons-is-layout-flex\">\n<div class=\"wp-block-button\"><a class=\"wp-block-button__link wp-element-button\" href=\"https:\/\/akubaa.com\/index.php\/negocio\/\">PUBLICA TU NEGOCIO AQUI <\/a><\/div>\n<\/div>\n<\/div><\/div>\n\n\n\n<hr class=\"wp-block-separator has-alpha-channel-opacity\"\/>\n\n\n\n<h2 class=\"wp-block-heading\">Una familia marcada por el arte<\/h2>\n\n\n\n<p>El legado de Gemma Cuervo tambi\u00e9n continu\u00f3 en su casa. Dos de sus hijos,\u00a0Fernando Guill\u00e9n Cuervo\u00a0y\u00a0Cayetana Guill\u00e9n Cuervo, siguieron el mismo camino art\u00edstico. Seg\u00fan amigos cercanos, en su hogar\u00a0<strong>los ensayos teatrales eran parte de la vida diaria<\/strong>. Algo que, honestamente, suena casi rom\u00e1ntico en estos tiempos dominados por redes sociales y algoritmos.<\/p>\n\n\n\n<hr class=\"wp-block-separator has-alpha-channel-opacity\"\/>\n\n\n\n\n\n<hr class=\"wp-block-separator has-alpha-channel-opacity\"\/>\n\n\n\n<h2 class=\"wp-block-heading\">La visi\u00f3n de AKubaa: cuando la cultura atraviesa fronteras<\/h2>\n\n\n\n<p>Desde\u00a0<strong>AKubaa<\/strong>, siempre decimos algo: el arte verdadero no entiende de fronteras. Una actriz que comenz\u00f3 en el teatro europeo termin\u00f3 formando parte de la memoria cultural de personas que viven a miles de kil\u00f3metros. Cubanos en\u00a0<strong>Espa\u00f1a, M\u00e9xico o la Florida<\/strong>\u00a0crecieron viendo sus escenas sin siquiera saber todo el peso hist\u00f3rico que llevaba detr\u00e1s. Eso dice mucho de\u00a0<strong>la fuerza de una buena actuaci\u00f3n<\/strong>. Porque cuando un personaje logra hacer re\u00edr a alguien en La Habana, en Hialeah o en Madrid\u2026 ya no es solo ficci\u00f3n. Se convierte en\u00a0<strong>parte de la vida cotidiana<\/strong>.<\/p>\n\n\n\n<hr class=\"wp-block-separator has-alpha-channel-opacity\"\/>\n\n\n\n<h2 class=\"wp-block-heading\">Una despedida que deja eco<\/h2>\n\n\n\n<p>Gemma Cuervo recibi\u00f3 numerosos reconocimientos: el\u00a0<strong>Premio Nacional de Teatro<\/strong>, el\u00a0<strong>Premio Ondas<\/strong>, la\u00a0<strong>Medalla de Oro de las Bellas Artes<\/strong>\u00a0y el\u00a0<strong>Premio Max honor\u00edfico<\/strong>. Pero sospecho que su mayor premio fue otro. Que hoy, al escuchar la noticia de su muerte, millones de personas recuerden una escena, una frase o una carcajada. Porque al final, los grandes actores hacen algo muy dif\u00edcil:\u00a0<strong>logran quedarse con nosotros incluso despu\u00e9s de irse<\/strong>. Ahora te pregunto algo a ti que est\u00e1s leyendo esto desde\u00a0<strong>Cuba, Miami, Espa\u00f1a o cualquier rinc\u00f3n del mundo<\/strong>:<\/p>\n\n\n\n<p><strong>\u00bfQu\u00e9 escena de \u201cAqu\u00ed no hay quien viva\u201d recuerdas cada vez que escuchas el nombre de Vicenta?<\/strong><\/p>\n\n\n\n<p>Te leo en los comentarios. Y \u00fanete a la conversaci\u00f3n en\u00a0<strong>AKubaa<\/strong>.<\/p>\n\n\n\n<hr class=\"wp-block-separator has-alpha-channel-opacity\"\/>\n\n\n\n<h2 class=\"wp-block-heading\">M\u00e1s en AKubaa<\/h2>\n\n\n<ul class=\"wp-block-latest-posts__list is-grid columns-3 wp-block-latest-posts\"><li><div class=\"wp-block-latest-posts__featured-image aligncenter\"><a href=\"https:\/\/akubaa.com\/index.php\/2026\/04\/21\/imaray-ulloa-de-influecer-a-ganadora-de-fisicoculturismo\/\" aria-label=\"Imaray Ulloa se sube a otra tarima: dos medallas, ocho meses de disciplina y una lecci\u00f3n que la di\u00e1spora entendi\u00f3 enseguida.\"><img loading=\"lazy\" decoding=\"async\" width=\"150\" height=\"150\" src=\"https:\/\/akubaa.com\/wp-content\/uploads\/2026\/04\/image-14-150x150.png\" class=\"attachment-thumbnail size-thumbnail wp-post-image\" alt=\"\" style=\"\" srcset=\"https:\/\/akubaa.com\/wp-content\/uploads\/2026\/04\/image-14-150x150.png 150w, https:\/\/akubaa.com\/wp-content\/uploads\/2026\/04\/image-14-300x300.png 300w, https:\/\/akubaa.com\/wp-content\/uploads\/2026\/04\/image-14-100x100.png 100w\" sizes=\"auto, (max-width: 150px) 100vw, 150px\" \/><\/a><\/div><a class=\"wp-block-latest-posts__post-title\" href=\"https:\/\/akubaa.com\/index.php\/2026\/04\/21\/imaray-ulloa-de-influecer-a-ganadora-de-fisicoculturismo\/\">Imaray Ulloa se sube a otra tarima: dos medallas, ocho meses de disciplina y una lecci\u00f3n que la di\u00e1spora entendi\u00f3 enseguida.<\/a><\/li>\n<li><div class=\"wp-block-latest-posts__featured-image aligncenter\"><a href=\"https:\/\/akubaa.com\/index.php\/2026\/04\/10\/horoscopo-del-10-de-abril-de-2026\/\" aria-label=\"Hor\u00f3scopo del 10 de abril de 2026: lo que el universo te quiere decir hoy (y lo que debes evitar a toda costa).\u00a0\"><img loading=\"lazy\" decoding=\"async\" width=\"150\" height=\"150\" src=\"https:\/\/akubaa.com\/wp-content\/uploads\/2026\/04\/image-13-150x150.png\" class=\"attachment-thumbnail size-thumbnail wp-post-image\" alt=\"\" style=\"\" srcset=\"https:\/\/akubaa.com\/wp-content\/uploads\/2026\/04\/image-13-150x150.png 150w, https:\/\/akubaa.com\/wp-content\/uploads\/2026\/04\/image-13-300x300.png 300w, https:\/\/akubaa.com\/wp-content\/uploads\/2026\/04\/image-13-100x100.png 100w\" sizes=\"auto, (max-width: 150px) 100vw, 150px\" \/><\/a><\/div><a class=\"wp-block-latest-posts__post-title\" href=\"https:\/\/akubaa.com\/index.php\/2026\/04\/10\/horoscopo-del-10-de-abril-de-2026\/\">Hor\u00f3scopo del 10 de abril de 2026: lo que el universo te quiere decir hoy (y lo que debes evitar a toda costa).\u00a0<\/a><\/li>\n<li><div class=\"wp-block-latest-posts__featured-image aligncenter\"><a href=\"https:\/\/akubaa.com\/index.php\/2026\/04\/09\/horoscopo-del-9-de-abril-de-2026\/\" aria-label=\"\ud83d\udd2e\u00a0Hor\u00f3scopo del 9 de abril de 2026: lo que viene no es casualidad\u2026 es destino (y t\u00fa lo vas a sentir hoy).\"><img loading=\"lazy\" decoding=\"async\" width=\"150\" height=\"150\" src=\"https:\/\/akubaa.com\/wp-content\/uploads\/2026\/04\/image-12-150x150.png\" class=\"attachment-thumbnail size-thumbnail wp-post-image\" alt=\"\" style=\"\" srcset=\"https:\/\/akubaa.com\/wp-content\/uploads\/2026\/04\/image-12-150x150.png 150w, https:\/\/akubaa.com\/wp-content\/uploads\/2026\/04\/image-12-300x300.png 300w, https:\/\/akubaa.com\/wp-content\/uploads\/2026\/04\/image-12-100x100.png 100w\" sizes=\"auto, (max-width: 150px) 100vw, 150px\" \/><\/a><\/div><a class=\"wp-block-latest-posts__post-title\" href=\"https:\/\/akubaa.com\/index.php\/2026\/04\/09\/horoscopo-del-9-de-abril-de-2026\/\">\ud83d\udd2e\u00a0Hor\u00f3scopo del 9 de abril de 2026: lo que viene no es casualidad\u2026 es destino (y t\u00fa lo vas a sentir hoy).<\/a><\/li>\n<li><div class=\"wp-block-latest-posts__featured-image aligncenter\"><a href=\"https:\/\/akubaa.com\/index.php\/2026\/04\/08\/horoscopo-del-8-de-abril-de-2026\/\" aria-label=\"\ud83d\udd2e\u00a0Hor\u00f3scopo del 8 de abril de 2026: lo que el destino no te est\u00e1 diciendo (y deber\u00edas escuchar hoy).\"><img loading=\"lazy\" decoding=\"async\" width=\"150\" height=\"150\" src=\"https:\/\/akubaa.com\/wp-content\/uploads\/2026\/04\/image-11-150x150.png\" class=\"attachment-thumbnail size-thumbnail wp-post-image\" alt=\"\" style=\"\" srcset=\"https:\/\/akubaa.com\/wp-content\/uploads\/2026\/04\/image-11-150x150.png 150w, https:\/\/akubaa.com\/wp-content\/uploads\/2026\/04\/image-11-300x300.png 300w, https:\/\/akubaa.com\/wp-content\/uploads\/2026\/04\/image-11-100x100.png 100w\" sizes=\"auto, (max-width: 150px) 100vw, 150px\" \/><\/a><\/div><a class=\"wp-block-latest-posts__post-title\" href=\"https:\/\/akubaa.com\/index.php\/2026\/04\/08\/horoscopo-del-8-de-abril-de-2026\/\">\ud83d\udd2e\u00a0Hor\u00f3scopo del 8 de abril de 2026: lo que el destino no te est\u00e1 diciendo (y deber\u00edas escuchar hoy).<\/a><\/li>\n<li><div class=\"wp-block-latest-posts__featured-image aligncenter\"><a href=\"https:\/\/akubaa.com\/index.php\/2026\/04\/07\/leoni-torres-y-el-b-convierten-cubano-en-un-grito-de-identidad-y-libertad\/\" aria-label=\"\u201cViva Cuba Libre\u201d: la canci\u00f3n que no es solo m\u00fasica\u2026 es un mensaje que ya no se puede callar.\"><img loading=\"lazy\" decoding=\"async\" width=\"150\" height=\"150\" src=\"https:\/\/akubaa.com\/wp-content\/uploads\/2026\/04\/image-10-150x150.png\" class=\"attachment-thumbnail size-thumbnail wp-post-image\" alt=\"\" style=\"\" srcset=\"https:\/\/akubaa.com\/wp-content\/uploads\/2026\/04\/image-10-150x150.png 150w, https:\/\/akubaa.com\/wp-content\/uploads\/2026\/04\/image-10-300x300.png 300w, https:\/\/akubaa.com\/wp-content\/uploads\/2026\/04\/image-10-100x100.png 100w\" sizes=\"auto, (max-width: 150px) 100vw, 150px\" \/><\/a><\/div><a class=\"wp-block-latest-posts__post-title\" href=\"https:\/\/akubaa.com\/index.php\/2026\/04\/07\/leoni-torres-y-el-b-convierten-cubano-en-un-grito-de-identidad-y-libertad\/\">\u201cViva Cuba Libre\u201d: la canci\u00f3n que no es solo m\u00fasica\u2026 es un mensaje que ya no se puede callar.<\/a><\/li>\n<li><div class=\"wp-block-latest-posts__featured-image aligncenter\"><a href=\"https:\/\/akubaa.com\/index.php\/2026\/04\/07\/horoscopo-del-7-de-abril-de-2026\/\" aria-label=\"\ud83d\udd2e\u00a0Hor\u00f3scopo del 7 de abril de 2026: lo que viene no avisa\u2026 pero s\u00ed se siente.\"><img loading=\"lazy\" decoding=\"async\" width=\"150\" height=\"150\" src=\"https:\/\/akubaa.com\/wp-content\/uploads\/2026\/04\/image-9-150x150.png\" class=\"attachment-thumbnail size-thumbnail wp-post-image\" alt=\"\" style=\"\" srcset=\"https:\/\/akubaa.com\/wp-content\/uploads\/2026\/04\/image-9-150x150.png 150w, https:\/\/akubaa.com\/wp-content\/uploads\/2026\/04\/image-9-300x300.png 300w, https:\/\/akubaa.com\/wp-content\/uploads\/2026\/04\/image-9-100x100.png 100w\" sizes=\"auto, (max-width: 150px) 100vw, 150px\" \/><\/a><\/div><a class=\"wp-block-latest-posts__post-title\" href=\"https:\/\/akubaa.com\/index.php\/2026\/04\/07\/horoscopo-del-7-de-abril-de-2026\/\">\ud83d\udd2e\u00a0Hor\u00f3scopo del 7 de abril de 2026: lo que viene no avisa\u2026 pero s\u00ed se siente.<\/a><\/li>\n<\/ul>","protected":false},"excerpt":{"rendered":"<p>A veces una noticia parece peque\u00f1a\u2026 hasta que uno se detiene un segundo y entiende lo que realmente significa. Eso me pas\u00f3 cuando supe que\u00a0Gemma Cuervo\u00a0muri\u00f3 a los 91 a\u00f1os. Y confieso algo: en ese momento no pens\u00e9 en premios ni en teatro cl\u00e1sico. Pens\u00e9 en\u00a0Vicenta, ese personaje inolvidable de la serie\u00a0Aqu\u00ed no hay quien [&hellip;]<\/p>\n","protected":false},"author":1,"featured_media":2762,"comment_status":"open","ping_status":"open","sticky":false,"template":"","format":"standard","meta":{"jetpack_post_was_ever_published":false,"_jetpack_newsletter_access":"","_jetpack_dont_email_post_to_subs":false,"_jetpack_newsletter_tier_id":0,"_jetpack_memberships_contains_paywalled_content":false,"_jetpack_memberships_contains_paid_content":false,"footnotes":"","jetpack_publicize_message":"","jetpack_publicize_feature_enabled":true,"jetpack_social_post_already_shared":true,"jetpack_social_options":{"image_generator_settings":{"template":"highway","default_image_id":0,"font":"","enabled":false},"version":2}},"categories":[1],"tags":[],"class_list":["post-2761","post","type-post","status-publish","format-standard","has-post-thumbnail","hentry","category-uncategorized"],"yoast_head":"<!-- This site is optimized with the Yoast SEO plugin v27.5 - https:\/\/yoast.com\/product\/yoast-seo-wordpress\/ -->\n<title>Fallece Gemma Cuervo la Vicenta de &quot;Aqu\u00ed no hay quien viva&quot; . - AKubaa<\/title>\n<meta name=\"description\" content=\"Fallece Gemma Cuervo ..... Cuando se apaga Vicenta: la despedida de una actriz que nos hizo re\u00edr durante d\u00e9cadas.\" \/>\n<meta name=\"robots\" content=\"index, follow, max-snippet:-1, max-image-preview:large, max-video-preview:-1\" \/>\n<link rel=\"canonical\" href=\"https:\/\/akubaa.com\/index.php\/2026\/03\/17\/fallece-gemma-cuervo\/\" \/>\n<meta property=\"og:locale\" content=\"es_ES\" \/>\n<meta property=\"og:type\" content=\"article\" \/>\n<meta property=\"og:title\" content=\"Fallece Gemma Cuervo la Vicenta de &quot;Aqu\u00ed no hay quien viva&quot; . - AKubaa\" \/>\n<meta property=\"og:description\" content=\"Fallece Gemma Cuervo ..... Cuando se apaga Vicenta: la despedida de una actriz que nos hizo re\u00edr durante d\u00e9cadas.\" \/>\n<meta property=\"og:url\" content=\"https:\/\/akubaa.com\/index.php\/2026\/03\/17\/fallece-gemma-cuervo\/\" \/>\n<meta property=\"og:site_name\" content=\"AKubaa\" \/>\n<meta property=\"article:publisher\" content=\"https:\/\/www.facebook.com\/akubaa\" \/>\n<meta property=\"article:author\" content=\"https:\/\/www.facebook.com\/akubaa\" \/>\n<meta property=\"article:published_time\" content=\"2026-03-17T12:00:00+00:00\" \/>\n<meta property=\"og:image\" content=\"https:\/\/akubaa.com\/wp-content\/uploads\/2026\/03\/image-8.png\" \/>\n\t<meta property=\"og:image:width\" content=\"1600\" \/>\n\t<meta property=\"og:image:height\" content=\"900\" \/>\n\t<meta property=\"og:image:type\" content=\"image\/png\" \/>\n<meta name=\"author\" content=\"AKubaa\" \/>\n<meta name=\"twitter:card\" content=\"summary_large_image\" \/>\n<meta name=\"twitter:label1\" content=\"Escrito por\" \/>\n\t<meta name=\"twitter:data1\" content=\"AKubaa\" \/>\n\t<meta name=\"twitter:label2\" content=\"Tiempo de lectura\" \/>\n\t<meta name=\"twitter:data2\" content=\"5 minutos\" \/>\n<script type=\"application\/ld+json\" class=\"yoast-schema-graph\">{\"@context\":\"https:\\\/\\\/schema.org\",\"@graph\":[{\"@type\":\"Article\",\"@id\":\"https:\\\/\\\/akubaa.com\\\/index.php\\\/2026\\\/03\\\/17\\\/fallece-gemma-cuervo\\\/#article\",\"isPartOf\":{\"@id\":\"https:\\\/\\\/akubaa.com\\\/index.php\\\/2026\\\/03\\\/17\\\/fallece-gemma-cuervo\\\/\"},\"author\":{\"name\":\"AKubaa\",\"@id\":\"https:\\\/\\\/akubaa.com\\\/#\\\/schema\\\/person\\\/b096b63c1ad27204e55fabb2cf2153a5\"},\"headline\":\"Cuando se apaga Vicenta: la despedida de una actriz que nos hizo re\u00edr durante d\u00e9cadas.\",\"datePublished\":\"2026-03-17T12:00:00+00:00\",\"mainEntityOfPage\":{\"@id\":\"https:\\\/\\\/akubaa.com\\\/index.php\\\/2026\\\/03\\\/17\\\/fallece-gemma-cuervo\\\/\"},\"wordCount\":869,\"commentCount\":0,\"publisher\":{\"@id\":\"https:\\\/\\\/akubaa.com\\\/#\\\/schema\\\/person\\\/b096b63c1ad27204e55fabb2cf2153a5\"},\"image\":{\"@id\":\"https:\\\/\\\/akubaa.com\\\/index.php\\\/2026\\\/03\\\/17\\\/fallece-gemma-cuervo\\\/#primaryimage\"},\"thumbnailUrl\":\"https:\\\/\\\/akubaa.com\\\/wp-content\\\/uploads\\\/2026\\\/03\\\/image-8.png\",\"articleSection\":[\"Uncategorized\"],\"inLanguage\":\"es\",\"potentialAction\":[{\"@type\":\"CommentAction\",\"name\":\"Comment\",\"target\":[\"https:\\\/\\\/akubaa.com\\\/index.php\\\/2026\\\/03\\\/17\\\/fallece-gemma-cuervo\\\/#respond\"]}]},{\"@type\":\"WebPage\",\"@id\":\"https:\\\/\\\/akubaa.com\\\/index.php\\\/2026\\\/03\\\/17\\\/fallece-gemma-cuervo\\\/\",\"url\":\"https:\\\/\\\/akubaa.com\\\/index.php\\\/2026\\\/03\\\/17\\\/fallece-gemma-cuervo\\\/\",\"name\":\"Fallece Gemma Cuervo la Vicenta de \\\"Aqu\u00ed no hay quien viva\\\" . - AKubaa\",\"isPartOf\":{\"@id\":\"https:\\\/\\\/akubaa.com\\\/#website\"},\"primaryImageOfPage\":{\"@id\":\"https:\\\/\\\/akubaa.com\\\/index.php\\\/2026\\\/03\\\/17\\\/fallece-gemma-cuervo\\\/#primaryimage\"},\"image\":{\"@id\":\"https:\\\/\\\/akubaa.com\\\/index.php\\\/2026\\\/03\\\/17\\\/fallece-gemma-cuervo\\\/#primaryimage\"},\"thumbnailUrl\":\"https:\\\/\\\/akubaa.com\\\/wp-content\\\/uploads\\\/2026\\\/03\\\/image-8.png\",\"datePublished\":\"2026-03-17T12:00:00+00:00\",\"description\":\"Fallece Gemma Cuervo ..... Cuando se apaga Vicenta: la despedida de una actriz que nos hizo re\u00edr durante d\u00e9cadas.\",\"breadcrumb\":{\"@id\":\"https:\\\/\\\/akubaa.com\\\/index.php\\\/2026\\\/03\\\/17\\\/fallece-gemma-cuervo\\\/#breadcrumb\"},\"inLanguage\":\"es\",\"potentialAction\":[{\"@type\":\"ReadAction\",\"target\":[\"https:\\\/\\\/akubaa.com\\\/index.php\\\/2026\\\/03\\\/17\\\/fallece-gemma-cuervo\\\/\"]}]},{\"@type\":\"ImageObject\",\"inLanguage\":\"es\",\"@id\":\"https:\\\/\\\/akubaa.com\\\/index.php\\\/2026\\\/03\\\/17\\\/fallece-gemma-cuervo\\\/#primaryimage\",\"url\":\"https:\\\/\\\/akubaa.com\\\/wp-content\\\/uploads\\\/2026\\\/03\\\/image-8.png\",\"contentUrl\":\"https:\\\/\\\/akubaa.com\\\/wp-content\\\/uploads\\\/2026\\\/03\\\/image-8.png\",\"width\":1600,\"height\":900},{\"@type\":\"BreadcrumbList\",\"@id\":\"https:\\\/\\\/akubaa.com\\\/index.php\\\/2026\\\/03\\\/17\\\/fallece-gemma-cuervo\\\/#breadcrumb\",\"itemListElement\":[{\"@type\":\"ListItem\",\"position\":1,\"name\":\"Portada\",\"item\":\"https:\\\/\\\/akubaa.com\\\/\"},{\"@type\":\"ListItem\",\"position\":2,\"name\":\"Cuando se apaga Vicenta: la despedida de una actriz que nos hizo re\u00edr durante d\u00e9cadas.\"}]},{\"@type\":\"WebSite\",\"@id\":\"https:\\\/\\\/akubaa.com\\\/#website\",\"url\":\"https:\\\/\\\/akubaa.com\\\/\",\"name\":\"AKubaa\",\"description\":\"Vive ,conoce y disfruta Cuba al estilo de A&amp;K.\",\"publisher\":{\"@id\":\"https:\\\/\\\/akubaa.com\\\/#\\\/schema\\\/person\\\/b096b63c1ad27204e55fabb2cf2153a5\"},\"potentialAction\":[{\"@type\":\"SearchAction\",\"target\":{\"@type\":\"EntryPoint\",\"urlTemplate\":\"https:\\\/\\\/akubaa.com\\\/?s={search_term_string}\"},\"query-input\":{\"@type\":\"PropertyValueSpecification\",\"valueRequired\":true,\"valueName\":\"search_term_string\"}}],\"inLanguage\":\"es\"},{\"@type\":[\"Person\",\"Organization\"],\"@id\":\"https:\\\/\\\/akubaa.com\\\/#\\\/schema\\\/person\\\/b096b63c1ad27204e55fabb2cf2153a5\",\"name\":\"AKubaa\",\"image\":{\"@type\":\"ImageObject\",\"inLanguage\":\"es\",\"@id\":\"https:\\\/\\\/akubaa.com\\\/wp-content\\\/uploads\\\/2025\\\/08\\\/Imagen-17.jpeg\",\"url\":\"https:\\\/\\\/akubaa.com\\\/wp-content\\\/uploads\\\/2025\\\/08\\\/Imagen-17.jpeg\",\"contentUrl\":\"https:\\\/\\\/akubaa.com\\\/wp-content\\\/uploads\\\/2025\\\/08\\\/Imagen-17.jpeg\",\"width\":1024,\"height\":1024,\"caption\":\"AKubaa\"},\"logo\":{\"@id\":\"https:\\\/\\\/akubaa.com\\\/wp-content\\\/uploads\\\/2025\\\/08\\\/Imagen-17.jpeg\"},\"sameAs\":[\"https:\\\/\\\/akubaa.com\",\"https:\\\/\\\/www.facebook.com\\\/akubaa\",\"https:\\\/\\\/www.instagram.com\\\/akubaa?\"],\"url\":\"https:\\\/\\\/akubaa.com\\\/index.php\\\/profile\\\/admin\\\/\"}]}<\/script>\n<!-- \/ Yoast SEO plugin. -->","yoast_head_json":{"title":"Fallece Gemma Cuervo la Vicenta de \"Aqu\u00ed no hay quien viva\" . - AKubaa","description":"Fallece Gemma Cuervo ..... Cuando se apaga Vicenta: la despedida de una actriz que nos hizo re\u00edr durante d\u00e9cadas.","robots":{"index":"index","follow":"follow","max-snippet":"max-snippet:-1","max-image-preview":"max-image-preview:large","max-video-preview":"max-video-preview:-1"},"canonical":"https:\/\/akubaa.com\/index.php\/2026\/03\/17\/fallece-gemma-cuervo\/","og_locale":"es_ES","og_type":"article","og_title":"Fallece Gemma Cuervo la Vicenta de \"Aqu\u00ed no hay quien viva\" . - AKubaa","og_description":"Fallece Gemma Cuervo ..... Cuando se apaga Vicenta: la despedida de una actriz que nos hizo re\u00edr durante d\u00e9cadas.","og_url":"https:\/\/akubaa.com\/index.php\/2026\/03\/17\/fallece-gemma-cuervo\/","og_site_name":"AKubaa","article_publisher":"https:\/\/www.facebook.com\/akubaa","article_author":"https:\/\/www.facebook.com\/akubaa","article_published_time":"2026-03-17T12:00:00+00:00","og_image":[{"width":1600,"height":900,"url":"https:\/\/akubaa.com\/wp-content\/uploads\/2026\/03\/image-8.png","type":"image\/png"}],"author":"AKubaa","twitter_card":"summary_large_image","twitter_misc":{"Escrito por":"AKubaa","Tiempo de lectura":"5 minutos"},"schema":{"@context":"https:\/\/schema.org","@graph":[{"@type":"Article","@id":"https:\/\/akubaa.com\/index.php\/2026\/03\/17\/fallece-gemma-cuervo\/#article","isPartOf":{"@id":"https:\/\/akubaa.com\/index.php\/2026\/03\/17\/fallece-gemma-cuervo\/"},"author":{"name":"AKubaa","@id":"https:\/\/akubaa.com\/#\/schema\/person\/b096b63c1ad27204e55fabb2cf2153a5"},"headline":"Cuando se apaga Vicenta: la despedida de una actriz que nos hizo re\u00edr durante d\u00e9cadas.","datePublished":"2026-03-17T12:00:00+00:00","mainEntityOfPage":{"@id":"https:\/\/akubaa.com\/index.php\/2026\/03\/17\/fallece-gemma-cuervo\/"},"wordCount":869,"commentCount":0,"publisher":{"@id":"https:\/\/akubaa.com\/#\/schema\/person\/b096b63c1ad27204e55fabb2cf2153a5"},"image":{"@id":"https:\/\/akubaa.com\/index.php\/2026\/03\/17\/fallece-gemma-cuervo\/#primaryimage"},"thumbnailUrl":"https:\/\/akubaa.com\/wp-content\/uploads\/2026\/03\/image-8.png","articleSection":["Uncategorized"],"inLanguage":"es","potentialAction":[{"@type":"CommentAction","name":"Comment","target":["https:\/\/akubaa.com\/index.php\/2026\/03\/17\/fallece-gemma-cuervo\/#respond"]}]},{"@type":"WebPage","@id":"https:\/\/akubaa.com\/index.php\/2026\/03\/17\/fallece-gemma-cuervo\/","url":"https:\/\/akubaa.com\/index.php\/2026\/03\/17\/fallece-gemma-cuervo\/","name":"Fallece Gemma Cuervo la Vicenta de \"Aqu\u00ed no hay quien viva\" . - AKubaa","isPartOf":{"@id":"https:\/\/akubaa.com\/#website"},"primaryImageOfPage":{"@id":"https:\/\/akubaa.com\/index.php\/2026\/03\/17\/fallece-gemma-cuervo\/#primaryimage"},"image":{"@id":"https:\/\/akubaa.com\/index.php\/2026\/03\/17\/fallece-gemma-cuervo\/#primaryimage"},"thumbnailUrl":"https:\/\/akubaa.com\/wp-content\/uploads\/2026\/03\/image-8.png","datePublished":"2026-03-17T12:00:00+00:00","description":"Fallece Gemma Cuervo ..... Cuando se apaga Vicenta: la despedida de una actriz que nos hizo re\u00edr durante d\u00e9cadas.","breadcrumb":{"@id":"https:\/\/akubaa.com\/index.php\/2026\/03\/17\/fallece-gemma-cuervo\/#breadcrumb"},"inLanguage":"es","potentialAction":[{"@type":"ReadAction","target":["https:\/\/akubaa.com\/index.php\/2026\/03\/17\/fallece-gemma-cuervo\/"]}]},{"@type":"ImageObject","inLanguage":"es","@id":"https:\/\/akubaa.com\/index.php\/2026\/03\/17\/fallece-gemma-cuervo\/#primaryimage","url":"https:\/\/akubaa.com\/wp-content\/uploads\/2026\/03\/image-8.png","contentUrl":"https:\/\/akubaa.com\/wp-content\/uploads\/2026\/03\/image-8.png","width":1600,"height":900},{"@type":"BreadcrumbList","@id":"https:\/\/akubaa.com\/index.php\/2026\/03\/17\/fallece-gemma-cuervo\/#breadcrumb","itemListElement":[{"@type":"ListItem","position":1,"name":"Portada","item":"https:\/\/akubaa.com\/"},{"@type":"ListItem","position":2,"name":"Cuando se apaga Vicenta: la despedida de una actriz que nos hizo re\u00edr durante d\u00e9cadas."}]},{"@type":"WebSite","@id":"https:\/\/akubaa.com\/#website","url":"https:\/\/akubaa.com\/","name":"AKubaa","description":"Vive ,conoce y disfruta Cuba al estilo de A&amp;K.","publisher":{"@id":"https:\/\/akubaa.com\/#\/schema\/person\/b096b63c1ad27204e55fabb2cf2153a5"},"potentialAction":[{"@type":"SearchAction","target":{"@type":"EntryPoint","urlTemplate":"https:\/\/akubaa.com\/?s={search_term_string}"},"query-input":{"@type":"PropertyValueSpecification","valueRequired":true,"valueName":"search_term_string"}}],"inLanguage":"es"},{"@type":["Person","Organization"],"@id":"https:\/\/akubaa.com\/#\/schema\/person\/b096b63c1ad27204e55fabb2cf2153a5","name":"AKubaa","image":{"@type":"ImageObject","inLanguage":"es","@id":"https:\/\/akubaa.com\/wp-content\/uploads\/2025\/08\/Imagen-17.jpeg","url":"https:\/\/akubaa.com\/wp-content\/uploads\/2025\/08\/Imagen-17.jpeg","contentUrl":"https:\/\/akubaa.com\/wp-content\/uploads\/2025\/08\/Imagen-17.jpeg","width":1024,"height":1024,"caption":"AKubaa"},"logo":{"@id":"https:\/\/akubaa.com\/wp-content\/uploads\/2025\/08\/Imagen-17.jpeg"},"sameAs":["https:\/\/akubaa.com","https:\/\/www.facebook.com\/akubaa","https:\/\/www.instagram.com\/akubaa?"],"url":"https:\/\/akubaa.com\/index.php\/profile\/admin\/"}]}},"jetpack_publicize_connections":[],"jetpack_featured_media_url":"https:\/\/akubaa.com\/wp-content\/uploads\/2026\/03\/image-8.png","jetpack_sharing_enabled":true,"jetpack_likes_enabled":true,"jetpack-related-posts":[{"id":686,"url":"https:\/\/akubaa.com\/index.php\/2025\/07\/07\/alejandro-cuervo-revelaciones-de-un-viaje\/","url_meta":{"origin":2761,"position":0},"title":"\u201cLo que vi en Miami me doli\u00f3 m\u00e1s que mil cr\u00edticas\u201d: Alejandro Cuervo y la libertad que seg\u00fan \u00e9l no lo fue","author":"AKubaa","date":"07\/07\/2025","format":false,"excerpt":"\u00bfSab\u00edas que\u00a0el viaje de un artista puede desnudar las grietas m\u00e1s profundas de una comunidad?. \u00bfCu\u00e1ndo aprendiste\u00a0que la libertad no siempre se siente libre?. Yo lo descubr\u00ed escuchando a Alejandro Cuervo,\u00a0uno de los rostros m\u00e1s queridos de la televisi\u00f3n cubana, al regresar de su controversial visita a Estados Unidos. Lo\u2026","rel":"","context":"Entrada similar","block_context":{"text":"Entrada similar","link":""},"img":{"alt_text":"","src":"https:\/\/i0.wp.com\/akubaa.com\/wp-content\/uploads\/2025\/07\/image-13.png?resize=350%2C200&ssl=1","width":350,"height":200,"srcset":"https:\/\/i0.wp.com\/akubaa.com\/wp-content\/uploads\/2025\/07\/image-13.png?resize=350%2C200&ssl=1 1x, https:\/\/i0.wp.com\/akubaa.com\/wp-content\/uploads\/2025\/07\/image-13.png?resize=525%2C300&ssl=1 1.5x, https:\/\/i0.wp.com\/akubaa.com\/wp-content\/uploads\/2025\/07\/image-13.png?resize=700%2C400&ssl=1 2x, https:\/\/i0.wp.com\/akubaa.com\/wp-content\/uploads\/2025\/07\/image-13.png?resize=1050%2C600&ssl=1 3x, https:\/\/i0.wp.com\/akubaa.com\/wp-content\/uploads\/2025\/07\/image-13.png?resize=1400%2C800&ssl=1 4x"},"classes":[]},{"id":1582,"url":"https:\/\/akubaa.com\/index.php\/2025\/10\/17\/el-rancho-de-destino-el-reality-de-destino-talk\/","url_meta":{"origin":2761,"position":1},"title":"Se prendi\u00f3 Miami: el regreso que nadie vio venir (y todos quieren ver).","author":"Aliana Rodriguez","date":"10\/17\/2025","format":false,"excerpt":"Yo lo sent\u00ed como cuando una ciudad entera toma aire antes del primer acorde.\u00a0Alejandro Cuervo\u00a0anunci\u00f3 que vuelve a\u00a0Miami\u00a0y, s\u00ed, con una frase que no es met\u00e1fora sino declaraci\u00f3n de intenciones:\u00a0\u201cAlguien ten\u00eda que ir de aqu\u00ed para all\u00e1 a formarla\u201d. Sab\u00edas que un solo video puede mover la aguja de toda\u2026","rel":"","context":"En \u00abM\u00fasica y Entretenimiento\u00bb","block_context":{"text":"M\u00fasica y Entretenimiento","link":"https:\/\/akubaa.com\/index.php\/category\/musica-y-entretenimiento\/"},"img":{"alt_text":"","src":"https:\/\/i0.wp.com\/akubaa.com\/wp-content\/uploads\/2025\/10\/image-39.png?resize=350%2C200&ssl=1","width":350,"height":200,"srcset":"https:\/\/i0.wp.com\/akubaa.com\/wp-content\/uploads\/2025\/10\/image-39.png?resize=350%2C200&ssl=1 1x, https:\/\/i0.wp.com\/akubaa.com\/wp-content\/uploads\/2025\/10\/image-39.png?resize=525%2C300&ssl=1 1.5x, https:\/\/i0.wp.com\/akubaa.com\/wp-content\/uploads\/2025\/10\/image-39.png?resize=700%2C400&ssl=1 2x, https:\/\/i0.wp.com\/akubaa.com\/wp-content\/uploads\/2025\/10\/image-39.png?resize=1050%2C600&ssl=1 3x, https:\/\/i0.wp.com\/akubaa.com\/wp-content\/uploads\/2025\/10\/image-39.png?resize=1400%2C800&ssl=1 4x"},"classes":[]},{"id":2732,"url":"https:\/\/akubaa.com\/index.php\/2026\/03\/13\/aly-sanchez\/","url_meta":{"origin":2761,"position":2},"title":"Cuando la pol\u00e9mica no tiene br\u00fajula: Aly S\u00e1nchez, su suegro en Cuba y el peligro de confundir libertad con libertinaje.","author":"AKubaa","date":"03\/13\/2026","format":false,"excerpt":"Hay pol\u00e9micas que nacen de hechos reales. Y hay otras que parecen fabricadas a martillazos para que alguien tenga algo que comentar en redes. En los \u00faltimos d\u00edas, el nombre de la influencer cubana\u00a0Aly S\u00e1nchez\u00a0volvi\u00f3 a circular en el debate digital despu\u00e9s de que el activista\u00a0Eliecer \u00c1vila\u00a0mencionara presuntos v\u00ednculos del\u2026","rel":"","context":"Entrada similar","block_context":{"text":"Entrada similar","link":""},"img":{"alt_text":"","src":"https:\/\/i0.wp.com\/akubaa.com\/wp-content\/uploads\/2026\/03\/Imagen-18.jpeg?resize=350%2C200&ssl=1","width":350,"height":200,"srcset":"https:\/\/i0.wp.com\/akubaa.com\/wp-content\/uploads\/2026\/03\/Imagen-18.jpeg?resize=350%2C200&ssl=1 1x, https:\/\/i0.wp.com\/akubaa.com\/wp-content\/uploads\/2026\/03\/Imagen-18.jpeg?resize=525%2C300&ssl=1 1.5x, https:\/\/i0.wp.com\/akubaa.com\/wp-content\/uploads\/2026\/03\/Imagen-18.jpeg?resize=700%2C400&ssl=1 2x, https:\/\/i0.wp.com\/akubaa.com\/wp-content\/uploads\/2026\/03\/Imagen-18.jpeg?resize=1050%2C600&ssl=1 3x, https:\/\/i0.wp.com\/akubaa.com\/wp-content\/uploads\/2026\/03\/Imagen-18.jpeg?resize=1400%2C800&ssl=1 4x"},"classes":[]},{"id":121,"url":"https:\/\/akubaa.com\/index.php\/2025\/04\/04\/aly-sanchez-de-banao-a-hollywood\/","url_meta":{"origin":2761,"position":3},"title":"De un Peque\u00f1o Pueblo en Cuba a Hollywood: Aly S\u00e1nchez lo Logra de Nuevo.","author":"AKubaa","date":"04\/04\/2025","format":false,"excerpt":"Cuando descubriste que una joven cubana de un peque\u00f1o y pintoresco pueblo de la provincia de Santi Sp\u00edritus en Cuba pod\u00eda llegar hasta Hollywood, seguro que sentiste la emoci\u00f3n de saber que\u00a0so\u00f1ar en grande\u00a0s\u00ed es posible. Precisamente esto es lo que est\u00e1 viviendo ahora mismo\u00a0Aly S\u00e1nchez, al brillar con luz\u2026","rel":"","context":"En \u00abM\u00fasica y Entretenimiento\u00bb","block_context":{"text":"M\u00fasica y Entretenimiento","link":"https:\/\/akubaa.com\/index.php\/category\/musica-y-entretenimiento\/"},"img":{"alt_text":"","src":"https:\/\/i0.wp.com\/akubaa.com\/wp-content\/uploads\/2025\/04\/image-1.png?resize=350%2C200&ssl=1","width":350,"height":200,"srcset":"https:\/\/i0.wp.com\/akubaa.com\/wp-content\/uploads\/2025\/04\/image-1.png?resize=350%2C200&ssl=1 1x, https:\/\/i0.wp.com\/akubaa.com\/wp-content\/uploads\/2025\/04\/image-1.png?resize=525%2C300&ssl=1 1.5x, https:\/\/i0.wp.com\/akubaa.com\/wp-content\/uploads\/2025\/04\/image-1.png?resize=700%2C400&ssl=1 2x, https:\/\/i0.wp.com\/akubaa.com\/wp-content\/uploads\/2025\/04\/image-1.png?resize=1050%2C600&ssl=1 3x, https:\/\/i0.wp.com\/akubaa.com\/wp-content\/uploads\/2025\/04\/image-1.png?resize=1400%2C800&ssl=1 4x"},"classes":[]},{"id":2604,"url":"https:\/\/akubaa.com\/index.php\/2026\/02\/13\/la-refineria-nico-lopez\/","url_meta":{"origin":2761,"position":4},"title":"Arde el coraz\u00f3n energ\u00e9tico de Cuba: cuando el fuego toca lo que ya estaba al l\u00edmite.","author":"AKubaa","date":"02\/13\/2026","format":false,"excerpt":"Hay incendios que iluminan la noche. Y hay incendios que revelan lo que muchos prefieren no mirar. Hoy escribo con el humo a\u00fan suspendido sobre la Bah\u00eda de La Habana, porque la\u00a0Refiner\u00eda \u00d1ico L\u00f3pez, la instalaci\u00f3n petrolera m\u00e1s grande y antigua del pa\u00eds, se incendi\u00f3 en medio de la peor\u00a0crisis\u2026","rel":"","context":"En \u00abNoticias y Actualidad\u00bb","block_context":{"text":"Noticias y Actualidad","link":"https:\/\/akubaa.com\/index.php\/category\/noticias-y-actualidad\/"},"img":{"alt_text":"a refiner\u00eda \u00d1ico L\u00f3pez de La Habana, la m\u00e1s grande de Cuba se incendia en medio de la grave escasez de energ\u00eda que mantiene en colapso a los cubanos.","src":"https:\/\/i0.wp.com\/akubaa.com\/wp-content\/uploads\/2026\/02\/Imagen-221.jpeg?resize=350%2C200&ssl=1","width":350,"height":200,"srcset":"https:\/\/i0.wp.com\/akubaa.com\/wp-content\/uploads\/2026\/02\/Imagen-221.jpeg?resize=350%2C200&ssl=1 1x, https:\/\/i0.wp.com\/akubaa.com\/wp-content\/uploads\/2026\/02\/Imagen-221.jpeg?resize=525%2C300&ssl=1 1.5x, https:\/\/i0.wp.com\/akubaa.com\/wp-content\/uploads\/2026\/02\/Imagen-221.jpeg?resize=700%2C400&ssl=1 2x, https:\/\/i0.wp.com\/akubaa.com\/wp-content\/uploads\/2026\/02\/Imagen-221.jpeg?resize=1050%2C600&ssl=1 3x, https:\/\/i0.wp.com\/akubaa.com\/wp-content\/uploads\/2026\/02\/Imagen-221.jpeg?resize=1400%2C800&ssl=1 4x"},"classes":[]},{"id":2011,"url":"https:\/\/akubaa.com\/index.php\/2025\/11\/19\/residentes-cubanos\/","url_meta":{"origin":2761,"position":5},"title":"El viaje que termin\u00f3 en custodia: alerta m\u00e1xima para residentes cubanos","author":"AKubaa","date":"11\/19\/2025","format":false,"excerpt":"Te voy a decir algo que pocos se atreven a decir en voz alta, pero que aqu\u00ed, en\u00a0AKubaa, no maquillamos: a veces el miedo del cubano en Estados Unidos no empieza en la frontera\u2026 empieza\u00a0cuando regresa. Lo que le pas\u00f3 a\u00a0Erlan Rafael Arias, ese muchacho de 31 a\u00f1os que sali\u00f3\u2026","rel":"","context":"En \u00abNoticias y Actualidad\u00bb","block_context":{"text":"Noticias y Actualidad","link":"https:\/\/akubaa.com\/index.php\/category\/noticias-y-actualidad\/"},"img":{"alt_text":"","src":"https:\/\/i0.wp.com\/akubaa.com\/wp-content\/uploads\/2025\/11\/image-25.png?resize=350%2C200&ssl=1","width":350,"height":200,"srcset":"https:\/\/i0.wp.com\/akubaa.com\/wp-content\/uploads\/2025\/11\/image-25.png?resize=350%2C200&ssl=1 1x, https:\/\/i0.wp.com\/akubaa.com\/wp-content\/uploads\/2025\/11\/image-25.png?resize=525%2C300&ssl=1 1.5x, https:\/\/i0.wp.com\/akubaa.com\/wp-content\/uploads\/2025\/11\/image-25.png?resize=700%2C400&ssl=1 2x, https:\/\/i0.wp.com\/akubaa.com\/wp-content\/uploads\/2025\/11\/image-25.png?resize=1050%2C600&ssl=1 3x, https:\/\/i0.wp.com\/akubaa.com\/wp-content\/uploads\/2025\/11\/image-25.png?resize=1400%2C800&ssl=1 4x"},"classes":[]}],"jetpack_shortlink":"https:\/\/wp.me\/pgrKo3-Ix","_links":{"self":[{"href":"https:\/\/akubaa.com\/index.php\/wp-json\/wp\/v2\/posts\/2761","targetHints":{"allow":["GET"]}}],"collection":[{"href":"https:\/\/akubaa.com\/index.php\/wp-json\/wp\/v2\/posts"}],"about":[{"href":"https:\/\/akubaa.com\/index.php\/wp-json\/wp\/v2\/types\/post"}],"author":[{"embeddable":true,"href":"https:\/\/akubaa.com\/index.php\/wp-json\/wp\/v2\/users\/1"}],"replies":[{"embeddable":true,"href":"https:\/\/akubaa.com\/index.php\/wp-json\/wp\/v2\/comments?post=2761"}],"version-history":[{"count":0,"href":"https:\/\/akubaa.com\/index.php\/wp-json\/wp\/v2\/posts\/2761\/revisions"}],"wp:featuredmedia":[{"embeddable":true,"href":"https:\/\/akubaa.com\/index.php\/wp-json\/wp\/v2\/media\/2762"}],"wp:attachment":[{"href":"https:\/\/akubaa.com\/index.php\/wp-json\/wp\/v2\/media?parent=2761"}],"wp:term":[{"taxonomy":"category","embeddable":true,"href":"https:\/\/akubaa.com\/index.php\/wp-json\/wp\/v2\/categories?post=2761"},{"taxonomy":"post_tag","embeddable":true,"href":"https:\/\/akubaa.com\/index.php\/wp-json\/wp\/v2\/tags?post=2761"}],"curies":[{"name":"wp","href":"https:\/\/api.w.org\/{rel}","templated":true}]}}