{"id":2755,"date":"2026-03-16T22:16:06","date_gmt":"2026-03-17T02:16:06","guid":{"rendered":"https:\/\/akubaa.com\/?p=2755"},"modified":"2026-03-16T22:27:08","modified_gmt":"2026-03-17T02:27:08","slug":"trump-que-volvio-a-encender-el-debate-sobre-el-futuro-de-la-isla","status":"publish","type":"post","link":"https:\/\/akubaa.com\/index.php\/2026\/03\/16\/trump-que-volvio-a-encender-el-debate-sobre-el-futuro-de-la-isla\/","title":{"rendered":"\u201cTendr\u00e9 el honor de tomar Cuba\u201d: la frase de Trump que volvi\u00f3 a encender el debate sobre el futuro de la Isla."},"content":{"rendered":"\n<p>Hay frases que caen como una chispa sobre un tanque de gasolina. Y en el caso de\u00a0<strong>Cuba<\/strong>, donde la realidad ya est\u00e1 cargada de tensiones, apagones y desesperanza, las palabras del presidente de Estados Unidos,\u00a0<strong>Donald Trump<\/strong>, no pasaron desapercibidas. Desde el\u00a0<strong>Despacho Oval<\/strong>, el mandatario lanz\u00f3 una declaraci\u00f3n que, para muchos cubanos dentro y fuera de la Isla, suena a historia repiti\u00e9ndose:<\/p>\n\n\n\n<blockquote class=\"wp-block-quote is-layout-flow wp-block-quote-is-layout-flow\">\n<p>\u201cCreo realmente que tendr\u00e9 el honor de tomar Cuba\u2026 quiero decir liberarla o tomarla\u201d.<\/p>\n<\/blockquote>\n\n\n\n<p>En ese momento, millones de cubanos \u2014desde\u00a0<strong>La Habana hasta Hialeah, Tampa, Madrid o Ciudad de M\u00e9xico<\/strong>\u2014 sintieron que la conversaci\u00f3n sobre el futuro del pa\u00eds volv\u00eda a entrar en una zona peligrosa y compleja. Porque cuando se habla de\u00a0<strong>\u201ctomar Cuba\u201d<\/strong>, no se habla solo de pol\u00edtica exterior. Se habla del destino de once millones de personas que llevan d\u00e9cadas atrapadas entre promesas, sanciones, crisis y discursos.<\/p>\n\n\n\n<hr class=\"wp-block-separator has-alpha-channel-opacity\"\/>\n\n\n\n<div class=\"wp-block-media-text is-stacked-on-mobile\"><figure class=\"wp-block-media-text__media\"><img loading=\"lazy\" decoding=\"async\" width=\"1024\" height=\"683\" src=\"https:\/\/akubaa.com\/wp-content\/uploads\/2026\/02\/Imagen-222-1024x683.jpeg\" alt=\"\" class=\"wp-image-2608 size-full\" srcset=\"https:\/\/akubaa.com\/wp-content\/uploads\/2026\/02\/Imagen-222-1024x683.jpeg 1024w, https:\/\/akubaa.com\/wp-content\/uploads\/2026\/02\/Imagen-222-300x200.jpeg 300w, https:\/\/akubaa.com\/wp-content\/uploads\/2026\/02\/Imagen-222-768x512.jpeg 768w, https:\/\/akubaa.com\/wp-content\/uploads\/2026\/02\/Imagen-222-1320x880.jpeg 1320w, https:\/\/akubaa.com\/wp-content\/uploads\/2026\/02\/Imagen-222-600x400.jpeg 600w, https:\/\/akubaa.com\/wp-content\/uploads\/2026\/02\/Imagen-222.jpeg 1536w\" sizes=\"auto, (max-width: 1024px) 100vw, 1024px\" \/><\/figure><div class=\"wp-block-media-text__content\">\n<p>Colorear no es un juego: es desarrollo f\u00edsico, social y emocional. Cuando un ni\u00f1o colorea, pasa algo que ninguna pantalla puede replicar:\u00a0<strong>Impacto social:<\/strong>\u00a0invita al di\u00e1logo, al compartir, al \u201cmira lo que hice\u201d, al momento en familia.\u00a0<strong>Desarrollo f\u00edsico:<\/strong>\u00a0mejora la motricidad fina, la coordinaci\u00f3n mano-ojo y fortalece los m\u00fasculos de los dedos.\u00a0<strong>Beneficio psicol\u00f3gico:<\/strong>\u00a0reduce ansiedad, mejora la concentraci\u00f3n y estimula la creatividad infantil.<\/p>\n\n\n\n<div class=\"wp-block-buttons is-content-justification-center is-layout-flex wp-container-core-buttons-is-layout-a89b3969 wp-block-buttons-is-layout-flex\">\n<div class=\"wp-block-button\"><a class=\"wp-block-button__link wp-element-button\" href=\"https:\/\/www.amazon.com\/dp\/B0GMQM1LGJ?ref_=cm_sw_r_ffobk_cp_ud_dp_Q67EQN9G7TBTKQHX7WRQ_19&amp;bestFormat=true\">Compra los mejores libros de colorear para tus ni\u00f1os aqu\u00ed . <\/a><\/div>\n<\/div>\n<\/div><\/div>\n\n\n\n<hr class=\"wp-block-separator has-alpha-channel-opacity\"\/>\n\n\n\n<h2 class=\"wp-block-heading\"><strong>Trump, Cuba y la estrategia de presi\u00f3n<\/strong><\/h2>\n\n\n\n<p>El mensaje de\u00a0<strong>Donald Trump sobre Cuba<\/strong>\u00a0no lleg\u00f3 en el vac\u00edo. En los \u00faltimos d\u00edas, el presidente tambi\u00e9n afirm\u00f3 a bordo del\u00a0<strong>Air Force One<\/strong>\u00a0que\u00a0<strong>\u201cCuba quiere llegar a un acuerdo con Estados Unidos\u201d<\/strong>, dejando claro que las conversaciones existen, pero que Washington no est\u00e1 dispuesto a esperar indefinidamente. Incluso fue m\u00e1s lejos: insinu\u00f3 que el cambio podr\u00eda darse\u00a0<strong>\u201cpor la v\u00eda amistosa o no\u201d<\/strong>. Para muchos analistas, esto encaja con la estrategia que la administraci\u00f3n republicana ya ha usado en otros escenarios internacionales como\u00a0<strong>Ir\u00e1n o Venezuela<\/strong>, donde la presi\u00f3n pol\u00edtica, econ\u00f3mica y militar ha sido parte de la f\u00f3rmula para provocar cambios en el liderazgo. Pero Cuba no es cualquier pa\u00eds en el tablero geopol\u00edtico. Cuba es una herida abierta en la historia de Estados Unidos.<\/p>\n\n\n\n<hr class=\"wp-block-separator has-alpha-channel-opacity\"\/>\n\n\n\n<div class=\"wp-block-jetpack-related-posts\">\n<h2 class=\"wp-block-heading\">Te Puede Interesar <\/h2>\n<\/div>\n\n\n\n<hr class=\"wp-block-separator has-alpha-channel-opacity\"\/>\n\n\n\n<h2 class=\"wp-block-heading\"><strong>Un pa\u00eds a oscuras mientras el mundo debate su destino<\/strong><\/h2>\n\n\n\n<p>Mientras estas declaraciones sacuden Washington, la realidad dentro de la Isla es otra historia. Esta misma semana,\u00a0<strong>Cuba sufri\u00f3 un apag\u00f3n generalizado en todo el pa\u00eds<\/strong>, reflejo de una\u00a0<strong>crisis energ\u00e9tica profunda<\/strong>que golpea a los ciudadanos de a pie. La escena es conocida por cualquiera que haya vivido all\u00ed: velas en las ventanas, ventiladores apagados, ni\u00f1os haciendo tareas con linternas y abuelas diciendo resignadas:<\/p>\n\n\n\n<blockquote class=\"wp-block-quote is-layout-flow wp-block-quote-is-layout-flow\">\n<p>\u201cEsto no hay quien lo aguante m\u00e1s\u201d.<\/p>\n<\/blockquote>\n\n\n\n<p>En\u00a0<strong>Miami y Hialeah<\/strong>, la di\u00e1spora cubana sigui\u00f3 las declaraciones con mezcla de esperanza, miedo y escepticismo. Un cubano en\u00a0<strong>Tampa<\/strong>\u00a0me dijo algo que resume bien el sentir de muchos:<\/p>\n\n\n\n<blockquote class=\"wp-block-quote is-layout-flow wp-block-quote-is-layout-flow\">\n<p>\u201cOjal\u00e1 Cuba fuera libre, pero que nadie se equivoque\u2026 una intervenci\u00f3n nunca es un juego\u201d.<\/p>\n<\/blockquote>\n\n\n\n<hr class=\"wp-block-separator has-alpha-channel-opacity\"\/>\n\n\n\n<div class=\"wp-block-media-text is-stacked-on-mobile\"><figure class=\"wp-block-media-text__media\"><img loading=\"lazy\" decoding=\"async\" width=\"1024\" height=\"683\" src=\"https:\/\/akubaa.com\/wp-content\/uploads\/2026\/01\/Imagen-223-1024x683.jpeg\" alt=\"\" class=\"wp-image-2445 size-full\" srcset=\"https:\/\/akubaa.com\/wp-content\/uploads\/2026\/01\/Imagen-223-1024x683.jpeg 1024w, https:\/\/akubaa.com\/wp-content\/uploads\/2026\/01\/Imagen-223-600x400.jpeg 600w, https:\/\/akubaa.com\/wp-content\/uploads\/2026\/01\/Imagen-223-300x200.jpeg 300w, https:\/\/akubaa.com\/wp-content\/uploads\/2026\/01\/Imagen-223-768x512.jpeg 768w, https:\/\/akubaa.com\/wp-content\/uploads\/2026\/01\/Imagen-223-1320x880.jpeg 1320w, https:\/\/akubaa.com\/wp-content\/uploads\/2026\/01\/Imagen-223.jpeg 1536w\" sizes=\"auto, (max-width: 1024px) 100vw, 1024px\" \/><\/figure><div class=\"wp-block-media-text__content\">\n<p>\u00a0\u00bfTienes un negocio? . Publicalo aqu\u00ed ,solo te tarda un minuto y conecta con personas que buscan lo que t\u00fa ofreces.<strong><a href=\"https:\/\/akubaa.com\/index.php\/directorio-de-negocios-cubanos-akubaa\/\">Clic y descubre todas las ventajas\u00a0<\/a><\/strong>que puede obtener t\u00fa ahora mismo. Es hora de llevarte al lugar que merece sin luchar con el algoritmo<\/p>\n\n\n\n<div class=\"wp-block-buttons is-content-justification-center is-layout-flex wp-container-core-buttons-is-layout-a89b3969 wp-block-buttons-is-layout-flex\">\n<div class=\"wp-block-button\"><a class=\"wp-block-button__link wp-element-button\" href=\"https:\/\/akubaa.com\/index.php\/negocio\/\">Publica tu negocio aqui .<\/a><\/div>\n<\/div>\n<\/div><\/div>\n\n\n\n<hr class=\"wp-block-separator has-alpha-channel-opacity\"\/>\n\n\n\n<h2 class=\"wp-block-heading\"><strong>El Congreso entra al debate<\/strong><\/h2>\n\n\n\n<p>Las palabras de Trump no tardaron en provocar reacci\u00f3n pol\u00edtica en Washington. Los senadores\u00a0<strong>Tim Kaine, Adam Schiff y Rub\u00e9n Gallego<\/strong>\u00a0presentaron una\u00a0<strong>resoluci\u00f3n de poderes de guerra<\/strong>\u00a0destinada a impedir que el presidente pueda ordenar una\u00a0<strong>intervenci\u00f3n militar en Cuba<\/strong>\u00a0sin autorizaci\u00f3n del Congreso. La discusi\u00f3n gira alrededor de un punto clave de la\u00a0<strong>Constituci\u00f3n de Estados Unidos<\/strong>: solo el Congreso puede declarar la guerra.<\/p>\n\n\n\n<p>Kaine fue directo:<\/p>\n\n\n\n<blockquote class=\"wp-block-quote is-layout-flow wp-block-quote-is-layout-flow\">\n<p>\u201cEl ej\u00e9rcito estadounidense no puede convertirse en una herramienta personal del presidente\u201d.<\/p>\n<\/blockquote>\n\n\n\n<p>Mientras tanto, Schiff record\u00f3 que el mandatario ya ha tomado decisiones militares en escenarios como\u00a0<strong>Ir\u00e1n y Venezuela<\/strong>sin una aprobaci\u00f3n legislativa clara. El mensaje del Senado es simple: si alguien quiere abrir un nuevo cap\u00edtulo militar en el Caribe, primero tendr\u00e1 que debatirlo ante el pa\u00eds.<\/p>\n\n\n\n<hr class=\"wp-block-separator has-alpha-channel-opacity\"\/>\n\n\n\n\n\n<hr class=\"wp-block-separator has-alpha-channel-opacity\"\/>\n\n\n\n<h2 class=\"wp-block-heading\"><strong>La visi\u00f3n de AKubaa: Cuba no es un trofeo<\/strong><\/h2>\n\n\n\n<p>Desde\u00a0<strong><a href=\"https:\/\/akmundovirtual.com\" type=\"link\" id=\"https:\/\/akmundovirtual.com\">AKubaa<\/a><\/strong>, vemos este momento con la cabeza fr\u00eda y el coraz\u00f3n cubano. Cuba no puede seguir siendo tratada como una ficha en el tablero geopol\u00edtico de nadie. Ni del r\u00e9gimen que ha gobernado durante m\u00e1s de seis d\u00e9cadas, ni de potencias que hablan de \u201ctomar\u201d o \u201cliberar\u201d la Isla como si fuera una operaci\u00f3n estrat\u00e9gica. La verdadera pregunta no es qui\u00e9n toma Cuba. La verdadera pregunta es\u00a0<strong>cu\u00e1ndo los cubanos podr\u00e1n decidir su propio destino<\/strong>. Porque al final del d\u00eda, los que sufren los apagones, las colas y la incertidumbre no est\u00e1n en Washington ni en el Palacio de la Revoluci\u00f3n. Est\u00e1n en barrios de\u00a0<strong>Santiago, Santa Clara, La Habana\u2026 y tambi\u00e9n en los corazones de la di\u00e1spora que sue\u00f1a con volver a una Cuba distinta<\/strong>.<\/p>\n\n\n\n<hr class=\"wp-block-separator has-alpha-channel-opacity\"\/>\n\n\n\n<p><strong>Ahora te pregunto a ti:<\/strong><\/p>\n\n\n\n<p>\u00bfCrees que las declaraciones de Trump acercan a Cuba a un cambio real\u2026 o solo aumentan la tensi\u00f3n entre ambos pa\u00edses?. <\/p>\n\n\n\n<p>Te leo en los comentarios y en nuestras redes. La conversaci\u00f3n contin\u00faa en\u00a0<strong>AKubaa<\/strong>. \ud83c\udde8\ud83c\uddfa<\/p>\n\n\n\n<hr class=\"wp-block-separator has-alpha-channel-opacity\"\/>\n\n\n\n<h2 class=\"wp-block-heading\">M\u00e1s en AKubaa<\/h2>\n\n\n<ul class=\"wp-block-latest-posts__list is-grid columns-3 wp-block-latest-posts\"><li><div class=\"wp-block-latest-posts__featured-image aligncenter\"><a href=\"https:\/\/akubaa.com\/index.php\/2026\/04\/21\/imaray-ulloa-de-influecer-a-ganadora-de-fisicoculturismo\/\" aria-label=\"Imaray Ulloa se sube a otra tarima: dos medallas, ocho meses de disciplina y una lecci\u00f3n que la di\u00e1spora entendi\u00f3 enseguida.\"><img loading=\"lazy\" decoding=\"async\" width=\"150\" height=\"150\" src=\"https:\/\/akubaa.com\/wp-content\/uploads\/2026\/04\/image-14-150x150.png\" class=\"attachment-thumbnail size-thumbnail wp-post-image\" alt=\"\" style=\"\" srcset=\"https:\/\/akubaa.com\/wp-content\/uploads\/2026\/04\/image-14-150x150.png 150w, https:\/\/akubaa.com\/wp-content\/uploads\/2026\/04\/image-14-300x300.png 300w, https:\/\/akubaa.com\/wp-content\/uploads\/2026\/04\/image-14-100x100.png 100w\" sizes=\"auto, (max-width: 150px) 100vw, 150px\" \/><\/a><\/div><a class=\"wp-block-latest-posts__post-title\" href=\"https:\/\/akubaa.com\/index.php\/2026\/04\/21\/imaray-ulloa-de-influecer-a-ganadora-de-fisicoculturismo\/\">Imaray Ulloa se sube a otra tarima: dos medallas, ocho meses de disciplina y una lecci\u00f3n que la di\u00e1spora entendi\u00f3 enseguida.<\/a><\/li>\n<li><div class=\"wp-block-latest-posts__featured-image aligncenter\"><a href=\"https:\/\/akubaa.com\/index.php\/2026\/04\/10\/horoscopo-del-10-de-abril-de-2026\/\" aria-label=\"Hor\u00f3scopo del 10 de abril de 2026: lo que el universo te quiere decir hoy (y lo que debes evitar a toda costa).\u00a0\"><img loading=\"lazy\" decoding=\"async\" width=\"150\" height=\"150\" src=\"https:\/\/akubaa.com\/wp-content\/uploads\/2026\/04\/image-13-150x150.png\" class=\"attachment-thumbnail size-thumbnail wp-post-image\" alt=\"\" style=\"\" srcset=\"https:\/\/akubaa.com\/wp-content\/uploads\/2026\/04\/image-13-150x150.png 150w, https:\/\/akubaa.com\/wp-content\/uploads\/2026\/04\/image-13-300x300.png 300w, https:\/\/akubaa.com\/wp-content\/uploads\/2026\/04\/image-13-100x100.png 100w\" sizes=\"auto, (max-width: 150px) 100vw, 150px\" \/><\/a><\/div><a class=\"wp-block-latest-posts__post-title\" href=\"https:\/\/akubaa.com\/index.php\/2026\/04\/10\/horoscopo-del-10-de-abril-de-2026\/\">Hor\u00f3scopo del 10 de abril de 2026: lo que el universo te quiere decir hoy (y lo que debes evitar a toda costa).\u00a0<\/a><\/li>\n<li><div class=\"wp-block-latest-posts__featured-image aligncenter\"><a href=\"https:\/\/akubaa.com\/index.php\/2026\/04\/09\/horoscopo-del-9-de-abril-de-2026\/\" aria-label=\"\ud83d\udd2e\u00a0Hor\u00f3scopo del 9 de abril de 2026: lo que viene no es casualidad\u2026 es destino (y t\u00fa lo vas a sentir hoy).\"><img loading=\"lazy\" decoding=\"async\" width=\"150\" height=\"150\" src=\"https:\/\/akubaa.com\/wp-content\/uploads\/2026\/04\/image-12-150x150.png\" class=\"attachment-thumbnail size-thumbnail wp-post-image\" alt=\"\" style=\"\" srcset=\"https:\/\/akubaa.com\/wp-content\/uploads\/2026\/04\/image-12-150x150.png 150w, https:\/\/akubaa.com\/wp-content\/uploads\/2026\/04\/image-12-300x300.png 300w, https:\/\/akubaa.com\/wp-content\/uploads\/2026\/04\/image-12-100x100.png 100w\" sizes=\"auto, (max-width: 150px) 100vw, 150px\" \/><\/a><\/div><a class=\"wp-block-latest-posts__post-title\" href=\"https:\/\/akubaa.com\/index.php\/2026\/04\/09\/horoscopo-del-9-de-abril-de-2026\/\">\ud83d\udd2e\u00a0Hor\u00f3scopo del 9 de abril de 2026: lo que viene no es casualidad\u2026 es destino (y t\u00fa lo vas a sentir hoy).<\/a><\/li>\n<li><div class=\"wp-block-latest-posts__featured-image aligncenter\"><a href=\"https:\/\/akubaa.com\/index.php\/2026\/04\/08\/horoscopo-del-8-de-abril-de-2026\/\" aria-label=\"\ud83d\udd2e\u00a0Hor\u00f3scopo del 8 de abril de 2026: lo que el destino no te est\u00e1 diciendo (y deber\u00edas escuchar hoy).\"><img loading=\"lazy\" decoding=\"async\" width=\"150\" height=\"150\" src=\"https:\/\/akubaa.com\/wp-content\/uploads\/2026\/04\/image-11-150x150.png\" class=\"attachment-thumbnail size-thumbnail wp-post-image\" alt=\"\" style=\"\" srcset=\"https:\/\/akubaa.com\/wp-content\/uploads\/2026\/04\/image-11-150x150.png 150w, https:\/\/akubaa.com\/wp-content\/uploads\/2026\/04\/image-11-300x300.png 300w, https:\/\/akubaa.com\/wp-content\/uploads\/2026\/04\/image-11-100x100.png 100w\" sizes=\"auto, (max-width: 150px) 100vw, 150px\" \/><\/a><\/div><a class=\"wp-block-latest-posts__post-title\" href=\"https:\/\/akubaa.com\/index.php\/2026\/04\/08\/horoscopo-del-8-de-abril-de-2026\/\">\ud83d\udd2e\u00a0Hor\u00f3scopo del 8 de abril de 2026: lo que el destino no te est\u00e1 diciendo (y deber\u00edas escuchar hoy).<\/a><\/li>\n<li><div class=\"wp-block-latest-posts__featured-image aligncenter\"><a href=\"https:\/\/akubaa.com\/index.php\/2026\/04\/07\/leoni-torres-y-el-b-convierten-cubano-en-un-grito-de-identidad-y-libertad\/\" aria-label=\"\u201cViva Cuba Libre\u201d: la canci\u00f3n que no es solo m\u00fasica\u2026 es un mensaje que ya no se puede callar.\"><img loading=\"lazy\" decoding=\"async\" width=\"150\" height=\"150\" src=\"https:\/\/akubaa.com\/wp-content\/uploads\/2026\/04\/image-10-150x150.png\" class=\"attachment-thumbnail size-thumbnail wp-post-image\" alt=\"\" style=\"\" srcset=\"https:\/\/akubaa.com\/wp-content\/uploads\/2026\/04\/image-10-150x150.png 150w, https:\/\/akubaa.com\/wp-content\/uploads\/2026\/04\/image-10-300x300.png 300w, https:\/\/akubaa.com\/wp-content\/uploads\/2026\/04\/image-10-100x100.png 100w\" sizes=\"auto, (max-width: 150px) 100vw, 150px\" \/><\/a><\/div><a class=\"wp-block-latest-posts__post-title\" href=\"https:\/\/akubaa.com\/index.php\/2026\/04\/07\/leoni-torres-y-el-b-convierten-cubano-en-un-grito-de-identidad-y-libertad\/\">\u201cViva Cuba Libre\u201d: la canci\u00f3n que no es solo m\u00fasica\u2026 es un mensaje que ya no se puede callar.<\/a><\/li>\n<li><div class=\"wp-block-latest-posts__featured-image aligncenter\"><a href=\"https:\/\/akubaa.com\/index.php\/2026\/04\/07\/horoscopo-del-7-de-abril-de-2026\/\" aria-label=\"\ud83d\udd2e\u00a0Hor\u00f3scopo del 7 de abril de 2026: lo que viene no avisa\u2026 pero s\u00ed se siente.\"><img loading=\"lazy\" decoding=\"async\" width=\"150\" height=\"150\" src=\"https:\/\/akubaa.com\/wp-content\/uploads\/2026\/04\/image-9-150x150.png\" class=\"attachment-thumbnail size-thumbnail wp-post-image\" alt=\"\" style=\"\" srcset=\"https:\/\/akubaa.com\/wp-content\/uploads\/2026\/04\/image-9-150x150.png 150w, https:\/\/akubaa.com\/wp-content\/uploads\/2026\/04\/image-9-300x300.png 300w, https:\/\/akubaa.com\/wp-content\/uploads\/2026\/04\/image-9-100x100.png 100w\" sizes=\"auto, (max-width: 150px) 100vw, 150px\" \/><\/a><\/div><a class=\"wp-block-latest-posts__post-title\" href=\"https:\/\/akubaa.com\/index.php\/2026\/04\/07\/horoscopo-del-7-de-abril-de-2026\/\">\ud83d\udd2e\u00a0Hor\u00f3scopo del 7 de abril de 2026: lo que viene no avisa\u2026 pero s\u00ed se siente.<\/a><\/li>\n<\/ul>","protected":false},"excerpt":{"rendered":"<p>Hay frases que caen como una chispa sobre un tanque de gasolina. Y en el caso de\u00a0Cuba, donde la realidad ya est\u00e1 cargada de tensiones, apagones y desesperanza, las palabras del presidente de Estados Unidos,\u00a0Donald Trump, no pasaron desapercibidas. Desde el\u00a0Despacho Oval, el mandatario lanz\u00f3 una declaraci\u00f3n que, para muchos cubanos dentro y fuera de [&hellip;]<\/p>\n","protected":false},"author":1,"featured_media":2756,"comment_status":"open","ping_status":"open","sticky":false,"template":"","format":"standard","meta":{"jetpack_post_was_ever_published":false,"_jetpack_newsletter_access":"","_jetpack_dont_email_post_to_subs":false,"_jetpack_newsletter_tier_id":0,"_jetpack_memberships_contains_paywalled_content":false,"_jetpack_memberships_contains_paid_content":false,"footnotes":"","jetpack_publicize_message":"","jetpack_publicize_feature_enabled":true,"jetpack_social_post_already_shared":true,"jetpack_social_options":{"image_generator_settings":{"template":"highway","default_image_id":0,"font":"","enabled":false},"version":2}},"categories":[4],"tags":[],"class_list":["post-2755","post","type-post","status-publish","format-standard","has-post-thumbnail","hentry","category-noticias-y-actualidad"],"yoast_head":"<!-- This site is optimized with the Yoast SEO plugin v27.5 - https:\/\/yoast.com\/product\/yoast-seo-wordpress\/ -->\n<title>Trump que volvi\u00f3 a encender el debate sobre el futuro de la Isla. - AKubaa<\/title>\n<meta name=\"description\" content=\"\u201cTendr\u00e9 el honor de tomar Cuba\u201d: la frase de Trump que volvi\u00f3 a encender el debate sobre el futuro de la Isla.\" \/>\n<meta name=\"robots\" content=\"index, follow, max-snippet:-1, max-image-preview:large, max-video-preview:-1\" \/>\n<link rel=\"canonical\" href=\"https:\/\/akubaa.com\/index.php\/2026\/03\/16\/trump-que-volvio-a-encender-el-debate-sobre-el-futuro-de-la-isla\/\" \/>\n<meta property=\"og:locale\" content=\"es_ES\" \/>\n<meta property=\"og:type\" content=\"article\" \/>\n<meta property=\"og:title\" content=\"Trump que volvi\u00f3 a encender el debate sobre el futuro de la Isla. - AKubaa\" \/>\n<meta property=\"og:description\" content=\"\u201cTendr\u00e9 el honor de tomar Cuba\u201d: la frase de Trump que volvi\u00f3 a encender el debate sobre el futuro de la Isla.\" \/>\n<meta property=\"og:url\" content=\"https:\/\/akubaa.com\/index.php\/2026\/03\/16\/trump-que-volvio-a-encender-el-debate-sobre-el-futuro-de-la-isla\/\" \/>\n<meta property=\"og:site_name\" content=\"AKubaa\" \/>\n<meta property=\"article:publisher\" content=\"https:\/\/www.facebook.com\/akubaa\" \/>\n<meta property=\"article:author\" content=\"https:\/\/www.facebook.com\/akubaa\" \/>\n<meta property=\"article:published_time\" content=\"2026-03-17T02:16:06+00:00\" \/>\n<meta property=\"article:modified_time\" content=\"2026-03-17T02:27:08+00:00\" \/>\n<meta property=\"og:image\" content=\"https:\/\/akubaa.com\/wp-content\/uploads\/2026\/03\/Imagen-55.jpeg\" \/>\n\t<meta property=\"og:image:width\" content=\"1536\" \/>\n\t<meta property=\"og:image:height\" content=\"1024\" \/>\n\t<meta property=\"og:image:type\" content=\"image\/jpeg\" \/>\n<meta name=\"author\" content=\"AKubaa\" \/>\n<meta name=\"twitter:card\" content=\"summary_large_image\" \/>\n<meta name=\"twitter:label1\" content=\"Escrito por\" \/>\n\t<meta name=\"twitter:data1\" content=\"AKubaa\" \/>\n\t<meta name=\"twitter:label2\" content=\"Tiempo de lectura\" \/>\n\t<meta name=\"twitter:data2\" content=\"5 minutos\" \/>\n<script type=\"application\/ld+json\" class=\"yoast-schema-graph\">{\"@context\":\"https:\\\/\\\/schema.org\",\"@graph\":[{\"@type\":\"Article\",\"@id\":\"https:\\\/\\\/akubaa.com\\\/index.php\\\/2026\\\/03\\\/16\\\/trump-que-volvio-a-encender-el-debate-sobre-el-futuro-de-la-isla\\\/#article\",\"isPartOf\":{\"@id\":\"https:\\\/\\\/akubaa.com\\\/index.php\\\/2026\\\/03\\\/16\\\/trump-que-volvio-a-encender-el-debate-sobre-el-futuro-de-la-isla\\\/\"},\"author\":{\"name\":\"AKubaa\",\"@id\":\"https:\\\/\\\/akubaa.com\\\/#\\\/schema\\\/person\\\/b096b63c1ad27204e55fabb2cf2153a5\"},\"headline\":\"\u201cTendr\u00e9 el honor de tomar Cuba\u201d: la frase de Trump que volvi\u00f3 a encender el debate sobre el futuro de la Isla.\",\"datePublished\":\"2026-03-17T02:16:06+00:00\",\"dateModified\":\"2026-03-17T02:27:08+00:00\",\"mainEntityOfPage\":{\"@id\":\"https:\\\/\\\/akubaa.com\\\/index.php\\\/2026\\\/03\\\/16\\\/trump-que-volvio-a-encender-el-debate-sobre-el-futuro-de-la-isla\\\/\"},\"wordCount\":948,\"commentCount\":0,\"publisher\":{\"@id\":\"https:\\\/\\\/akubaa.com\\\/#\\\/schema\\\/person\\\/b096b63c1ad27204e55fabb2cf2153a5\"},\"image\":{\"@id\":\"https:\\\/\\\/akubaa.com\\\/index.php\\\/2026\\\/03\\\/16\\\/trump-que-volvio-a-encender-el-debate-sobre-el-futuro-de-la-isla\\\/#primaryimage\"},\"thumbnailUrl\":\"https:\\\/\\\/akubaa.com\\\/wp-content\\\/uploads\\\/2026\\\/03\\\/Imagen-55.jpeg\",\"articleSection\":[\"Noticias y Actualidad\"],\"inLanguage\":\"es\",\"potentialAction\":[{\"@type\":\"CommentAction\",\"name\":\"Comment\",\"target\":[\"https:\\\/\\\/akubaa.com\\\/index.php\\\/2026\\\/03\\\/16\\\/trump-que-volvio-a-encender-el-debate-sobre-el-futuro-de-la-isla\\\/#respond\"]}]},{\"@type\":\"WebPage\",\"@id\":\"https:\\\/\\\/akubaa.com\\\/index.php\\\/2026\\\/03\\\/16\\\/trump-que-volvio-a-encender-el-debate-sobre-el-futuro-de-la-isla\\\/\",\"url\":\"https:\\\/\\\/akubaa.com\\\/index.php\\\/2026\\\/03\\\/16\\\/trump-que-volvio-a-encender-el-debate-sobre-el-futuro-de-la-isla\\\/\",\"name\":\"Trump que volvi\u00f3 a encender el debate sobre el futuro de la Isla. - AKubaa\",\"isPartOf\":{\"@id\":\"https:\\\/\\\/akubaa.com\\\/#website\"},\"primaryImageOfPage\":{\"@id\":\"https:\\\/\\\/akubaa.com\\\/index.php\\\/2026\\\/03\\\/16\\\/trump-que-volvio-a-encender-el-debate-sobre-el-futuro-de-la-isla\\\/#primaryimage\"},\"image\":{\"@id\":\"https:\\\/\\\/akubaa.com\\\/index.php\\\/2026\\\/03\\\/16\\\/trump-que-volvio-a-encender-el-debate-sobre-el-futuro-de-la-isla\\\/#primaryimage\"},\"thumbnailUrl\":\"https:\\\/\\\/akubaa.com\\\/wp-content\\\/uploads\\\/2026\\\/03\\\/Imagen-55.jpeg\",\"datePublished\":\"2026-03-17T02:16:06+00:00\",\"dateModified\":\"2026-03-17T02:27:08+00:00\",\"description\":\"\u201cTendr\u00e9 el honor de tomar Cuba\u201d: la frase de Trump que volvi\u00f3 a encender el debate sobre el futuro de la Isla.\",\"breadcrumb\":{\"@id\":\"https:\\\/\\\/akubaa.com\\\/index.php\\\/2026\\\/03\\\/16\\\/trump-que-volvio-a-encender-el-debate-sobre-el-futuro-de-la-isla\\\/#breadcrumb\"},\"inLanguage\":\"es\",\"potentialAction\":[{\"@type\":\"ReadAction\",\"target\":[\"https:\\\/\\\/akubaa.com\\\/index.php\\\/2026\\\/03\\\/16\\\/trump-que-volvio-a-encender-el-debate-sobre-el-futuro-de-la-isla\\\/\"]}]},{\"@type\":\"ImageObject\",\"inLanguage\":\"es\",\"@id\":\"https:\\\/\\\/akubaa.com\\\/index.php\\\/2026\\\/03\\\/16\\\/trump-que-volvio-a-encender-el-debate-sobre-el-futuro-de-la-isla\\\/#primaryimage\",\"url\":\"https:\\\/\\\/akubaa.com\\\/wp-content\\\/uploads\\\/2026\\\/03\\\/Imagen-55.jpeg\",\"contentUrl\":\"https:\\\/\\\/akubaa.com\\\/wp-content\\\/uploads\\\/2026\\\/03\\\/Imagen-55.jpeg\",\"width\":1536,\"height\":1024},{\"@type\":\"BreadcrumbList\",\"@id\":\"https:\\\/\\\/akubaa.com\\\/index.php\\\/2026\\\/03\\\/16\\\/trump-que-volvio-a-encender-el-debate-sobre-el-futuro-de-la-isla\\\/#breadcrumb\",\"itemListElement\":[{\"@type\":\"ListItem\",\"position\":1,\"name\":\"Portada\",\"item\":\"https:\\\/\\\/akubaa.com\\\/\"},{\"@type\":\"ListItem\",\"position\":2,\"name\":\"\u201cTendr\u00e9 el honor de tomar Cuba\u201d: la frase de Trump que volvi\u00f3 a encender el debate sobre el futuro de la Isla.\"}]},{\"@type\":\"WebSite\",\"@id\":\"https:\\\/\\\/akubaa.com\\\/#website\",\"url\":\"https:\\\/\\\/akubaa.com\\\/\",\"name\":\"AKubaa\",\"description\":\"Vive ,conoce y disfruta Cuba al estilo de A&amp;K.\",\"publisher\":{\"@id\":\"https:\\\/\\\/akubaa.com\\\/#\\\/schema\\\/person\\\/b096b63c1ad27204e55fabb2cf2153a5\"},\"potentialAction\":[{\"@type\":\"SearchAction\",\"target\":{\"@type\":\"EntryPoint\",\"urlTemplate\":\"https:\\\/\\\/akubaa.com\\\/?s={search_term_string}\"},\"query-input\":{\"@type\":\"PropertyValueSpecification\",\"valueRequired\":true,\"valueName\":\"search_term_string\"}}],\"inLanguage\":\"es\"},{\"@type\":[\"Person\",\"Organization\"],\"@id\":\"https:\\\/\\\/akubaa.com\\\/#\\\/schema\\\/person\\\/b096b63c1ad27204e55fabb2cf2153a5\",\"name\":\"AKubaa\",\"image\":{\"@type\":\"ImageObject\",\"inLanguage\":\"es\",\"@id\":\"https:\\\/\\\/akubaa.com\\\/wp-content\\\/uploads\\\/2025\\\/08\\\/Imagen-17.jpeg\",\"url\":\"https:\\\/\\\/akubaa.com\\\/wp-content\\\/uploads\\\/2025\\\/08\\\/Imagen-17.jpeg\",\"contentUrl\":\"https:\\\/\\\/akubaa.com\\\/wp-content\\\/uploads\\\/2025\\\/08\\\/Imagen-17.jpeg\",\"width\":1024,\"height\":1024,\"caption\":\"AKubaa\"},\"logo\":{\"@id\":\"https:\\\/\\\/akubaa.com\\\/wp-content\\\/uploads\\\/2025\\\/08\\\/Imagen-17.jpeg\"},\"sameAs\":[\"https:\\\/\\\/akubaa.com\",\"https:\\\/\\\/www.facebook.com\\\/akubaa\",\"https:\\\/\\\/www.instagram.com\\\/akubaa?\"],\"url\":\"https:\\\/\\\/akubaa.com\\\/index.php\\\/profile\\\/admin\\\/\"}]}<\/script>\n<!-- \/ Yoast SEO plugin. -->","yoast_head_json":{"title":"Trump que volvi\u00f3 a encender el debate sobre el futuro de la Isla. - AKubaa","description":"\u201cTendr\u00e9 el honor de tomar Cuba\u201d: la frase de Trump que volvi\u00f3 a encender el debate sobre el futuro de la Isla.","robots":{"index":"index","follow":"follow","max-snippet":"max-snippet:-1","max-image-preview":"max-image-preview:large","max-video-preview":"max-video-preview:-1"},"canonical":"https:\/\/akubaa.com\/index.php\/2026\/03\/16\/trump-que-volvio-a-encender-el-debate-sobre-el-futuro-de-la-isla\/","og_locale":"es_ES","og_type":"article","og_title":"Trump que volvi\u00f3 a encender el debate sobre el futuro de la Isla. - AKubaa","og_description":"\u201cTendr\u00e9 el honor de tomar Cuba\u201d: la frase de Trump que volvi\u00f3 a encender el debate sobre el futuro de la Isla.","og_url":"https:\/\/akubaa.com\/index.php\/2026\/03\/16\/trump-que-volvio-a-encender-el-debate-sobre-el-futuro-de-la-isla\/","og_site_name":"AKubaa","article_publisher":"https:\/\/www.facebook.com\/akubaa","article_author":"https:\/\/www.facebook.com\/akubaa","article_published_time":"2026-03-17T02:16:06+00:00","article_modified_time":"2026-03-17T02:27:08+00:00","og_image":[{"width":1536,"height":1024,"url":"https:\/\/akubaa.com\/wp-content\/uploads\/2026\/03\/Imagen-55.jpeg","type":"image\/jpeg"}],"author":"AKubaa","twitter_card":"summary_large_image","twitter_misc":{"Escrito por":"AKubaa","Tiempo de lectura":"5 minutos"},"schema":{"@context":"https:\/\/schema.org","@graph":[{"@type":"Article","@id":"https:\/\/akubaa.com\/index.php\/2026\/03\/16\/trump-que-volvio-a-encender-el-debate-sobre-el-futuro-de-la-isla\/#article","isPartOf":{"@id":"https:\/\/akubaa.com\/index.php\/2026\/03\/16\/trump-que-volvio-a-encender-el-debate-sobre-el-futuro-de-la-isla\/"},"author":{"name":"AKubaa","@id":"https:\/\/akubaa.com\/#\/schema\/person\/b096b63c1ad27204e55fabb2cf2153a5"},"headline":"\u201cTendr\u00e9 el honor de tomar Cuba\u201d: la frase de Trump que volvi\u00f3 a encender el debate sobre el futuro de la Isla.","datePublished":"2026-03-17T02:16:06+00:00","dateModified":"2026-03-17T02:27:08+00:00","mainEntityOfPage":{"@id":"https:\/\/akubaa.com\/index.php\/2026\/03\/16\/trump-que-volvio-a-encender-el-debate-sobre-el-futuro-de-la-isla\/"},"wordCount":948,"commentCount":0,"publisher":{"@id":"https:\/\/akubaa.com\/#\/schema\/person\/b096b63c1ad27204e55fabb2cf2153a5"},"image":{"@id":"https:\/\/akubaa.com\/index.php\/2026\/03\/16\/trump-que-volvio-a-encender-el-debate-sobre-el-futuro-de-la-isla\/#primaryimage"},"thumbnailUrl":"https:\/\/akubaa.com\/wp-content\/uploads\/2026\/03\/Imagen-55.jpeg","articleSection":["Noticias y Actualidad"],"inLanguage":"es","potentialAction":[{"@type":"CommentAction","name":"Comment","target":["https:\/\/akubaa.com\/index.php\/2026\/03\/16\/trump-que-volvio-a-encender-el-debate-sobre-el-futuro-de-la-isla\/#respond"]}]},{"@type":"WebPage","@id":"https:\/\/akubaa.com\/index.php\/2026\/03\/16\/trump-que-volvio-a-encender-el-debate-sobre-el-futuro-de-la-isla\/","url":"https:\/\/akubaa.com\/index.php\/2026\/03\/16\/trump-que-volvio-a-encender-el-debate-sobre-el-futuro-de-la-isla\/","name":"Trump que volvi\u00f3 a encender el debate sobre el futuro de la Isla. - AKubaa","isPartOf":{"@id":"https:\/\/akubaa.com\/#website"},"primaryImageOfPage":{"@id":"https:\/\/akubaa.com\/index.php\/2026\/03\/16\/trump-que-volvio-a-encender-el-debate-sobre-el-futuro-de-la-isla\/#primaryimage"},"image":{"@id":"https:\/\/akubaa.com\/index.php\/2026\/03\/16\/trump-que-volvio-a-encender-el-debate-sobre-el-futuro-de-la-isla\/#primaryimage"},"thumbnailUrl":"https:\/\/akubaa.com\/wp-content\/uploads\/2026\/03\/Imagen-55.jpeg","datePublished":"2026-03-17T02:16:06+00:00","dateModified":"2026-03-17T02:27:08+00:00","description":"\u201cTendr\u00e9 el honor de tomar Cuba\u201d: la frase de Trump que volvi\u00f3 a encender el debate sobre el futuro de la Isla.","breadcrumb":{"@id":"https:\/\/akubaa.com\/index.php\/2026\/03\/16\/trump-que-volvio-a-encender-el-debate-sobre-el-futuro-de-la-isla\/#breadcrumb"},"inLanguage":"es","potentialAction":[{"@type":"ReadAction","target":["https:\/\/akubaa.com\/index.php\/2026\/03\/16\/trump-que-volvio-a-encender-el-debate-sobre-el-futuro-de-la-isla\/"]}]},{"@type":"ImageObject","inLanguage":"es","@id":"https:\/\/akubaa.com\/index.php\/2026\/03\/16\/trump-que-volvio-a-encender-el-debate-sobre-el-futuro-de-la-isla\/#primaryimage","url":"https:\/\/akubaa.com\/wp-content\/uploads\/2026\/03\/Imagen-55.jpeg","contentUrl":"https:\/\/akubaa.com\/wp-content\/uploads\/2026\/03\/Imagen-55.jpeg","width":1536,"height":1024},{"@type":"BreadcrumbList","@id":"https:\/\/akubaa.com\/index.php\/2026\/03\/16\/trump-que-volvio-a-encender-el-debate-sobre-el-futuro-de-la-isla\/#breadcrumb","itemListElement":[{"@type":"ListItem","position":1,"name":"Portada","item":"https:\/\/akubaa.com\/"},{"@type":"ListItem","position":2,"name":"\u201cTendr\u00e9 el honor de tomar Cuba\u201d: la frase de Trump que volvi\u00f3 a encender el debate sobre el futuro de la Isla."}]},{"@type":"WebSite","@id":"https:\/\/akubaa.com\/#website","url":"https:\/\/akubaa.com\/","name":"AKubaa","description":"Vive ,conoce y disfruta Cuba al estilo de A&amp;K.","publisher":{"@id":"https:\/\/akubaa.com\/#\/schema\/person\/b096b63c1ad27204e55fabb2cf2153a5"},"potentialAction":[{"@type":"SearchAction","target":{"@type":"EntryPoint","urlTemplate":"https:\/\/akubaa.com\/?s={search_term_string}"},"query-input":{"@type":"PropertyValueSpecification","valueRequired":true,"valueName":"search_term_string"}}],"inLanguage":"es"},{"@type":["Person","Organization"],"@id":"https:\/\/akubaa.com\/#\/schema\/person\/b096b63c1ad27204e55fabb2cf2153a5","name":"AKubaa","image":{"@type":"ImageObject","inLanguage":"es","@id":"https:\/\/akubaa.com\/wp-content\/uploads\/2025\/08\/Imagen-17.jpeg","url":"https:\/\/akubaa.com\/wp-content\/uploads\/2025\/08\/Imagen-17.jpeg","contentUrl":"https:\/\/akubaa.com\/wp-content\/uploads\/2025\/08\/Imagen-17.jpeg","width":1024,"height":1024,"caption":"AKubaa"},"logo":{"@id":"https:\/\/akubaa.com\/wp-content\/uploads\/2025\/08\/Imagen-17.jpeg"},"sameAs":["https:\/\/akubaa.com","https:\/\/www.facebook.com\/akubaa","https:\/\/www.instagram.com\/akubaa?"],"url":"https:\/\/akubaa.com\/index.php\/profile\/admin\/"}]}},"jetpack_publicize_connections":[],"jetpack_featured_media_url":"https:\/\/akubaa.com\/wp-content\/uploads\/2026\/03\/Imagen-55.jpeg","jetpack_sharing_enabled":true,"jetpack_likes_enabled":true,"jetpack-related-posts":[{"id":2691,"url":"https:\/\/akubaa.com\/index.php\/2026\/03\/06\/cuando-la-historia-susurra-en-la-casa-blanca-la-frase-de-trump-que-hizo-sonar-al-exilio-cubano\/","url_meta":{"origin":2755,"position":0},"title":"Cuando la historia susurra en la Casa Blanca: la frase de Trump que hizo so\u00f1ar al exilio cubano.","author":"AKubaa","date":"03\/06\/2026","format":false,"excerpt":"Hay momentos en la pol\u00edtica que pasan como simples frases en una ceremonia, casi como comentarios al pasar entre c\u00e1maras, aplausos y sonrisas diplom\u00e1ticas. Pero otras veces, una sola frase puede encender la imaginaci\u00f3n de millones de personas que llevan d\u00e9cadas esperando algo que parece imposible. Eso fue exactamente lo\u2026","rel":"","context":"Entrada similar","block_context":{"text":"Entrada similar","link":""},"img":{"alt_text":"","src":"https:\/\/i0.wp.com\/akubaa.com\/wp-content\/uploads\/2026\/03\/Imagen-252.jpeg?resize=350%2C200&ssl=1","width":350,"height":200,"srcset":"https:\/\/i0.wp.com\/akubaa.com\/wp-content\/uploads\/2026\/03\/Imagen-252.jpeg?resize=350%2C200&ssl=1 1x, https:\/\/i0.wp.com\/akubaa.com\/wp-content\/uploads\/2026\/03\/Imagen-252.jpeg?resize=525%2C300&ssl=1 1.5x, https:\/\/i0.wp.com\/akubaa.com\/wp-content\/uploads\/2026\/03\/Imagen-252.jpeg?resize=700%2C400&ssl=1 2x, https:\/\/i0.wp.com\/akubaa.com\/wp-content\/uploads\/2026\/03\/Imagen-252.jpeg?resize=1050%2C600&ssl=1 3x, https:\/\/i0.wp.com\/akubaa.com\/wp-content\/uploads\/2026\/03\/Imagen-252.jpeg?resize=1400%2C800&ssl=1 4x"},"classes":[]},{"id":2716,"url":"https:\/\/akubaa.com\/index.php\/2026\/03\/09\/el-conflicto-con-iran\/","url_meta":{"origin":2755,"position":1},"title":"Trump mira a Cuba despu\u00e9s de Ir\u00e1n: el movimiento geopol\u00edtico que podr\u00eda cambiar el destino de la isla.","author":"AKubaa","date":"03\/09\/2026","format":false,"excerpt":"Hay momentos en la pol\u00edtica internacional que pasan casi desapercibidos en medio del ruido global\u2026 y sin embargo pueden marcar el inicio de algo enorme. Esta semana ocurri\u00f3 uno de esos momentos. Mientras el mundo miraba hacia Medio Oriente,\u00a0Donald Trump\u00a0lanz\u00f3 una frase que, para los cubanos dentro y fuera de\u2026","rel":"","context":"En \u00abNoticias y Actualidad\u00bb","block_context":{"text":"Noticias y Actualidad","link":"https:\/\/akubaa.com\/index.php\/category\/noticias-y-actualidad\/"},"img":{"alt_text":"","src":"https:\/\/i0.wp.com\/akubaa.com\/wp-content\/uploads\/2026\/03\/Imagen-9.jpeg?resize=350%2C200&ssl=1","width":350,"height":200,"srcset":"https:\/\/i0.wp.com\/akubaa.com\/wp-content\/uploads\/2026\/03\/Imagen-9.jpeg?resize=350%2C200&ssl=1 1x, https:\/\/i0.wp.com\/akubaa.com\/wp-content\/uploads\/2026\/03\/Imagen-9.jpeg?resize=525%2C300&ssl=1 1.5x, https:\/\/i0.wp.com\/akubaa.com\/wp-content\/uploads\/2026\/03\/Imagen-9.jpeg?resize=700%2C400&ssl=1 2x, https:\/\/i0.wp.com\/akubaa.com\/wp-content\/uploads\/2026\/03\/Imagen-9.jpeg?resize=1050%2C600&ssl=1 3x, https:\/\/i0.wp.com\/akubaa.com\/wp-content\/uploads\/2026\/03\/Imagen-9.jpeg?resize=1400%2C800&ssl=1 4x"},"classes":[]},{"id":2720,"url":"https:\/\/akubaa.com\/index.php\/2026\/03\/10\/trump-dejo-de-insinuar-y-empezo-a-advertir-lo-que-de-verdad-puede-cambiar-para-cuba-desde-hoy\/","url_meta":{"origin":2755,"position":2},"title":"Trump dej\u00f3 de insinuar y empez\u00f3 a advertir: lo que de verdad puede cambiar para Cuba desde hoy.","author":"AKubaa","date":"03\/10\/2026","format":false,"excerpt":"Yo llevo tiempo diciendo que, cuando Washington empieza a hablar de Cuba con ese tono medio diplom\u00e1tico y medio quir\u00fargico, no est\u00e1 improvisando: est\u00e1 midiendo fuerzas, tanteando resistencias y preparando el terreno para algo m\u00e1s grande. Y eso es exactamente lo que me sugieren las declaraciones que Donald Trump hizo\u2026","rel":"","context":"En \u00abNoticias y Actualidad\u00bb","block_context":{"text":"Noticias y Actualidad","link":"https:\/\/akubaa.com\/index.php\/category\/noticias-y-actualidad\/"},"img":{"alt_text":"","src":"https:\/\/i0.wp.com\/akubaa.com\/wp-content\/uploads\/2026\/03\/Imagen-14.jpeg?resize=350%2C200&ssl=1","width":350,"height":200,"srcset":"https:\/\/i0.wp.com\/akubaa.com\/wp-content\/uploads\/2026\/03\/Imagen-14.jpeg?resize=350%2C200&ssl=1 1x, https:\/\/i0.wp.com\/akubaa.com\/wp-content\/uploads\/2026\/03\/Imagen-14.jpeg?resize=525%2C300&ssl=1 1.5x, https:\/\/i0.wp.com\/akubaa.com\/wp-content\/uploads\/2026\/03\/Imagen-14.jpeg?resize=700%2C400&ssl=1 2x, https:\/\/i0.wp.com\/akubaa.com\/wp-content\/uploads\/2026\/03\/Imagen-14.jpeg?resize=1050%2C600&ssl=1 3x, https:\/\/i0.wp.com\/akubaa.com\/wp-content\/uploads\/2026\/03\/Imagen-14.jpeg?resize=1400%2C800&ssl=1 4x"},"classes":[]},{"id":2611,"url":"https:\/\/akubaa.com\/index.php\/2026\/02\/17\/negociacion-secreta-o-jugada-maestra\/","url_meta":{"origin":2755,"position":3},"title":"\u00bfNegociaci\u00f3n secreta o jugada maestra?. Lo que realmente significa que \u201cMarco Rubio est\u00e1 hablando con ellos\u201d","author":"AKubaa","date":"02\/17\/2026","format":false,"excerpt":"Hay frases que parecen simples\u2026 hasta que entiendes lo que esconden. El 16 de febrero, a bordo del\u00a0Air Force One, el presidente\u00a0Donald Trump\u00a0volvi\u00f3 a poner a\u00a0Cuba\u00a0en el centro del tablero pol\u00edtico. No fue un discurso largo. No hubo ceremonia. Solo una declaraci\u00f3n directa, casi quir\u00fargica: \u201cMarco Rubio est\u00e1 hablando con\u2026","rel":"","context":"En \u00abNoticias y Actualidad\u00bb","block_context":{"text":"Noticias y Actualidad","link":"https:\/\/akubaa.com\/index.php\/category\/noticias-y-actualidad\/"},"img":{"alt_text":"","src":"https:\/\/i0.wp.com\/akubaa.com\/wp-content\/uploads\/2026\/02\/Imagen-223.jpeg?resize=350%2C200&ssl=1","width":350,"height":200,"srcset":"https:\/\/i0.wp.com\/akubaa.com\/wp-content\/uploads\/2026\/02\/Imagen-223.jpeg?resize=350%2C200&ssl=1 1x, https:\/\/i0.wp.com\/akubaa.com\/wp-content\/uploads\/2026\/02\/Imagen-223.jpeg?resize=525%2C300&ssl=1 1.5x, https:\/\/i0.wp.com\/akubaa.com\/wp-content\/uploads\/2026\/02\/Imagen-223.jpeg?resize=700%2C400&ssl=1 2x, https:\/\/i0.wp.com\/akubaa.com\/wp-content\/uploads\/2026\/02\/Imagen-223.jpeg?resize=1050%2C600&ssl=1 3x"},"classes":[]},{"id":2825,"url":"https:\/\/akubaa.com\/index.php\/2026\/03\/24\/trump-y-cuba-cuando-la-amenaza-deja-de-sonar-lejana\/","url_meta":{"origin":2755,"position":4},"title":"Trump y Cuba: cuando la amenaza deja de sonar lejana.","author":"AKubaa","date":"03\/24\/2026","format":false,"excerpt":"Lo que m\u00e1s me inquieta de esta historia no es solo que\u00a0Trump eval\u00faa una acci\u00f3n militar en Cuba, sino la velocidad con la que una crisis puede pasar del rumor de pasillo al miedo real en la mesa de una familia cubana. The Atlantic public\u00f3 el 22 de marzo un\u2026","rel":"","context":"En \u00abNoticias y Actualidad\u00bb","block_context":{"text":"Noticias y Actualidad","link":"https:\/\/akubaa.com\/index.php\/category\/noticias-y-actualidad\/"},"img":{"alt_text":"","src":"https:\/\/i0.wp.com\/akubaa.com\/wp-content\/uploads\/2026\/03\/image-35.png?resize=350%2C200&ssl=1","width":350,"height":200,"srcset":"https:\/\/i0.wp.com\/akubaa.com\/wp-content\/uploads\/2026\/03\/image-35.png?resize=350%2C200&ssl=1 1x, https:\/\/i0.wp.com\/akubaa.com\/wp-content\/uploads\/2026\/03\/image-35.png?resize=525%2C300&ssl=1 1.5x, https:\/\/i0.wp.com\/akubaa.com\/wp-content\/uploads\/2026\/03\/image-35.png?resize=700%2C400&ssl=1 2x, https:\/\/i0.wp.com\/akubaa.com\/wp-content\/uploads\/2026\/03\/image-35.png?resize=1050%2C600&ssl=1 3x, https:\/\/i0.wp.com\/akubaa.com\/wp-content\/uploads\/2026\/03\/image-35.png?resize=1400%2C800&ssl=1 4x"},"classes":[]},{"id":2914,"url":"https:\/\/akubaa.com\/index.php\/2026\/03\/28\/intervencion-militar-en-cuba\/","url_meta":{"origin":2755,"position":5},"title":"\u201c\u00bfGuerra o pol\u00edtica?\u201d: La propuesta que busca frenar una intervenci\u00f3n militar de Trump en Cuba sacude Washington.","author":"AKubaa","date":"03\/28\/2026","format":false,"excerpt":"Hay momentos en que la pol\u00edtica deja de ser un discurso lejano y se convierte en algo que uno siente en el pecho. Esta semana fue uno de esos momentos. Mientras en Cuba la gente sigue resolviendo el d\u00eda a d\u00eda entre apagones, colas y paciencia infinita, en Washington se\u2026","rel":"","context":"En \u00abNoticias y Actualidad\u00bb","block_context":{"text":"Noticias y Actualidad","link":"https:\/\/akubaa.com\/index.php\/category\/noticias-y-actualidad\/"},"img":{"alt_text":"","src":"https:\/\/i0.wp.com\/akubaa.com\/wp-content\/uploads\/2026\/03\/image-75.png?resize=350%2C200&ssl=1","width":350,"height":200,"srcset":"https:\/\/i0.wp.com\/akubaa.com\/wp-content\/uploads\/2026\/03\/image-75.png?resize=350%2C200&ssl=1 1x, https:\/\/i0.wp.com\/akubaa.com\/wp-content\/uploads\/2026\/03\/image-75.png?resize=525%2C300&ssl=1 1.5x, https:\/\/i0.wp.com\/akubaa.com\/wp-content\/uploads\/2026\/03\/image-75.png?resize=700%2C400&ssl=1 2x, https:\/\/i0.wp.com\/akubaa.com\/wp-content\/uploads\/2026\/03\/image-75.png?resize=1050%2C600&ssl=1 3x, https:\/\/i0.wp.com\/akubaa.com\/wp-content\/uploads\/2026\/03\/image-75.png?resize=1400%2C800&ssl=1 4x"},"classes":[]}],"jetpack_shortlink":"https:\/\/wp.me\/pgrKo3-Ir","_links":{"self":[{"href":"https:\/\/akubaa.com\/index.php\/wp-json\/wp\/v2\/posts\/2755","targetHints":{"allow":["GET"]}}],"collection":[{"href":"https:\/\/akubaa.com\/index.php\/wp-json\/wp\/v2\/posts"}],"about":[{"href":"https:\/\/akubaa.com\/index.php\/wp-json\/wp\/v2\/types\/post"}],"author":[{"embeddable":true,"href":"https:\/\/akubaa.com\/index.php\/wp-json\/wp\/v2\/users\/1"}],"replies":[{"embeddable":true,"href":"https:\/\/akubaa.com\/index.php\/wp-json\/wp\/v2\/comments?post=2755"}],"version-history":[{"count":0,"href":"https:\/\/akubaa.com\/index.php\/wp-json\/wp\/v2\/posts\/2755\/revisions"}],"wp:featuredmedia":[{"embeddable":true,"href":"https:\/\/akubaa.com\/index.php\/wp-json\/wp\/v2\/media\/2756"}],"wp:attachment":[{"href":"https:\/\/akubaa.com\/index.php\/wp-json\/wp\/v2\/media?parent=2755"}],"wp:term":[{"taxonomy":"category","embeddable":true,"href":"https:\/\/akubaa.com\/index.php\/wp-json\/wp\/v2\/categories?post=2755"},{"taxonomy":"post_tag","embeddable":true,"href":"https:\/\/akubaa.com\/index.php\/wp-json\/wp\/v2\/tags?post=2755"}],"curies":[{"name":"wp","href":"https:\/\/api.w.org\/{rel}","templated":true}]}}