{"id":2747,"date":"2026-03-14T05:00:00","date_gmt":"2026-03-14T09:00:00","guid":{"rendered":"https:\/\/akubaa.com\/?p=2747"},"modified":"2026-03-16T22:26:51","modified_gmt":"2026-03-17T02:26:51","slug":"agentes-del-fbi-viajaran-a-cuba-para-investigar-el-tiroteo","status":"publish","type":"post","link":"https:\/\/akubaa.com\/index.php\/2026\/03\/14\/agentes-del-fbi-viajaran-a-cuba-para-investigar-el-tiroteo\/","title":{"rendered":"FBI en Cuba: el tiroteo de Villa Clara que ahora sacude la relaci\u00f3n entre La Habana y Washington."},"content":{"rendered":"\n<p>Hay noticias que parecen sacadas de una novela pol\u00edtica\u2026 y luego est\u00e1 esta. Cuando le\u00ed que\u00a0<strong>agentes del FBI<\/strong>\u00a0viajar\u00e1n a\u00a0<strong>Cuba<\/strong>\u00a0para investigar el\u00a0<strong>tiroteo de una lancha frente a las costas de Villa Clara<\/strong>, lo primero que pens\u00e9 fue: algo est\u00e1 cambiando, y r\u00e1pido. Porque durante d\u00e9cadas el gobierno cubano evit\u00f3 cualquier tipo de cooperaci\u00f3n directa con agencias federales estadounidenses. Pero ahora, en medio de las nuevas\u00a0<strong>conversaciones entre Cuba y Estados Unidos<\/strong>, el r\u00e9gimen de\u00a0<strong>Miguel D\u00edaz-Canel<\/strong>\u00a0ha abierto la puerta a que investigadores del\u00a0<strong>Bur\u00f3 Federal de Investigaciones (FBI)<\/strong>\u00a0revisen un caso que termin\u00f3 con la muerte de\u00a0<strong>cinco ciudadanos cubanoamericanos<\/strong>. Y en el barrio, en la esquina de cualquier cafeter\u00eda de\u00a0<strong>Hialeah<\/strong>, esa noticia ya se comenta con una mezcla de incredulidad y sospecha.<\/p>\n\n\n\n<hr class=\"wp-block-separator has-alpha-channel-opacity\"\/>\n\n\n\n<div class=\"wp-block-media-text is-stacked-on-mobile\"><figure class=\"wp-block-media-text__media\"><img loading=\"lazy\" decoding=\"async\" width=\"1024\" height=\"683\" src=\"https:\/\/akubaa.com\/wp-content\/uploads\/2026\/01\/Imagen-223-1024x683.jpeg\" alt=\"\" class=\"wp-image-2445 size-full\" srcset=\"https:\/\/akubaa.com\/wp-content\/uploads\/2026\/01\/Imagen-223-1024x683.jpeg 1024w, https:\/\/akubaa.com\/wp-content\/uploads\/2026\/01\/Imagen-223-600x400.jpeg 600w, https:\/\/akubaa.com\/wp-content\/uploads\/2026\/01\/Imagen-223-300x200.jpeg 300w, https:\/\/akubaa.com\/wp-content\/uploads\/2026\/01\/Imagen-223-768x512.jpeg 768w, https:\/\/akubaa.com\/wp-content\/uploads\/2026\/01\/Imagen-223-1320x880.jpeg 1320w, https:\/\/akubaa.com\/wp-content\/uploads\/2026\/01\/Imagen-223.jpeg 1536w\" sizes=\"auto, (max-width: 1024px) 100vw, 1024px\" \/><\/figure><div class=\"wp-block-media-text__content\">\n<p>\u00bfTienes un negocio? . Publicalo aqu\u00ed ,solo te tarda un minuto y conecta con personas que buscan lo que t\u00fa ofreces.<strong><a href=\"https:\/\/akubaa.com\/index.php\/directorio-de-negocios-cubanos-akubaa\/\">Clic y descubre todas las ventajas\u00a0<\/a><\/strong>que puede obtener t\u00fa ahora mismo. Es hora de llevarte al lugar que merece sin luchar con el algoritmo.<\/p>\n\n\n\n<div class=\"wp-block-buttons is-content-justification-center is-layout-flex wp-container-core-buttons-is-layout-a89b3969 wp-block-buttons-is-layout-flex\">\n<div class=\"wp-block-button\"><a class=\"wp-block-button__link wp-element-button\">PUBLICA TU NEGOCIO AQUI <\/a><\/div>\n<\/div>\n<\/div><\/div>\n\n\n\n<hr class=\"wp-block-separator has-alpha-channel-opacity\"\/>\n\n\n\n<h2 class=\"wp-block-heading\"><strong>El incidente que encendi\u00f3 las alarmas<\/strong><\/h2>\n\n\n\n<p>El episodio ocurri\u00f3 el\u00a0<strong>24 de febrero<\/strong>, alrededor de las\u00a0<strong>7:00 de la ma\u00f1ana<\/strong>, cuando una\u00a0<strong>lancha procedente de la Florida<\/strong>entr\u00f3 en aguas territoriales cubanas frente a\u00a0<strong>Villa Clara<\/strong>. Seg\u00fan la versi\u00f3n oficial, las\u00a0<strong>Tropas Guardafronteras del Minint<\/strong>\u00a0interceptaron la embarcaci\u00f3n identificada como\u00a0<strong>FL7726SH<\/strong>. El gobierno cubano asegura que los tripulantes \u2014diez\u00a0<strong>cubanoamericanos<\/strong>\u2014\u00a0<strong>abrieron fuego primero<\/strong>, hiriendo incluso al capit\u00e1n de las fuerzas cubanas. La respuesta fue inmediata. El resultado del enfrentamiento fue devastador:<\/p>\n\n\n\n<ul class=\"wp-block-list\">\n<li><strong>5 muertos<\/strong><\/li>\n\n\n\n<li><strong>7 heridos<\/strong><\/li>\n\n\n\n<li>una investigaci\u00f3n internacional que ahora involucra al\u00a0<strong>FBI<\/strong><\/li>\n<\/ul>\n\n\n\n<p>Para La Habana, la narrativa es clara: se trataba de un grupo armado que intentaba\u00a0<strong>desestabilizar el pa\u00eds y atacar la Revoluci\u00f3n<\/strong>. Pero fuera de Cuba\u2026 la historia se escucha distinta.<\/p>\n\n\n\n<hr class=\"wp-block-separator has-alpha-channel-opacity\"\/>\n\n\n\n<div class=\"wp-block-jetpack-related-posts\">\n<h2 class=\"wp-block-heading\">Te Puede Interesar <\/h2>\n<\/div>\n\n\n\n<hr class=\"wp-block-separator has-alpha-channel-opacity\"\/>\n\n\n\n<h2 class=\"wp-block-heading\"><strong>El detalle que muchos no se creen<\/strong><\/h2>\n\n\n\n<p>La controversia no gira solo alrededor del tiroteo. Lo que ha levantado cejas es el\u00a0<strong>arsenal que el gobierno dice haber encontrado en la lancha<\/strong>. Seg\u00fan el informe oficial, los ocupantes llevaban:<\/p>\n\n\n\n<ul class=\"wp-block-list\">\n<li><strong>134 cargadores<\/strong><\/li>\n\n\n\n<li><strong>12.846 municiones<\/strong><\/li>\n\n\n\n<li><strong>fusiles de asalto<\/strong><\/li>\n\n\n\n<li><strong>pistolas<\/strong><\/li>\n\n\n\n<li><strong>cuchillos de comando<\/strong><\/li>\n\n\n\n<li><strong>un dron con c\u00e1maras<\/strong><\/li>\n\n\n\n<li><strong>una planta el\u00e9ctrica port\u00e1til<\/strong><\/li>\n<\/ul>\n\n\n\n<p>Y ah\u00ed es donde muchos empiezan a fruncir el ce\u00f1o.Porque quienes conocen el mar del\u00a0<strong>estrecho de la Florida<\/strong>\u00a0saben algo muy simple: las lanchas r\u00e1pidas que cruzan esas aguas\u00a0<strong>son peque\u00f1as y extremadamente limitadas en espacio<\/strong>. Un pescador cubano en\u00a0<strong>Caibari\u00e9n<\/strong>\u00a0me lo dijo una vez con la l\u00f3gica m\u00e1s simple del mundo:<\/p>\n\n\n\n<blockquote class=\"wp-block-quote is-layout-flow wp-block-quote-is-layout-flow\">\n<p>\u201cMi hermano, en una lancha de esas no cabe ni la neverita con cerveza\u2026 imag\u00ednate todo eso\u201d.<\/p>\n<\/blockquote>\n\n\n\n<p>Por eso&nbsp;<strong>cr\u00edticos del r\u00e9gimen cubano<\/strong>&nbsp;aseguran que la historia podr\u00eda estar&nbsp;<strong>exagerada o manipulada<\/strong>.<\/p>\n\n\n\n<hr class=\"wp-block-separator has-alpha-channel-opacity\"\/>\n\n\n\n\n\n<hr class=\"wp-block-separator has-alpha-channel-opacity\"\/>\n\n\n\n<h2 class=\"wp-block-heading\"><strong>La presi\u00f3n pol\u00edtica detr\u00e1s del caso<\/strong><\/h2>\n\n\n\n<p>La visita del\u00a0<strong>FBI a Cuba<\/strong>\u00a0no ocurre en el vac\u00edo. En las \u00faltimas semanas, el gobierno cubano ha tomado varias decisiones que parecen responder a presiones externas:<\/p>\n\n\n\n<ul class=\"wp-block-list\">\n<li><strong>liberaci\u00f3n de presos<\/strong><\/li>\n\n\n\n<li>anuncios de\u00a0<strong>participaci\u00f3n econ\u00f3mica del exilio<\/strong><\/li>\n\n\n\n<li>apertura a\u00a0<strong>conversaciones con Estados Unidos<\/strong><\/li>\n<\/ul>\n\n\n\n<p>Y ahora\u2026 permitir que agentes federales estadounidenses entren al pa\u00eds. Desde Washington,\u00a0<strong>Donald Trump<\/strong>\u00a0ha insinuado que busca un acuerdo con Cuba mediante lo que llam\u00f3 una\u00a0<strong>\u201ctoma amistosa\u201d<\/strong>. Una frase curiosa que, en la pol\u00edtica del Caribe, puede significar muchas cosas.<\/p>\n\n\n\n<hr class=\"wp-block-separator has-alpha-channel-opacity\"\/>\n\n\n\n<div class=\"wp-block-media-text is-stacked-on-mobile\"><figure class=\"wp-block-media-text__media\"><img loading=\"lazy\" decoding=\"async\" width=\"1024\" height=\"683\" src=\"https:\/\/akubaa.com\/wp-content\/uploads\/2026\/02\/Imagen-222-1024x683.jpeg\" alt=\"\" class=\"wp-image-2608 size-full\" srcset=\"https:\/\/akubaa.com\/wp-content\/uploads\/2026\/02\/Imagen-222-1024x683.jpeg 1024w, https:\/\/akubaa.com\/wp-content\/uploads\/2026\/02\/Imagen-222-300x200.jpeg 300w, https:\/\/akubaa.com\/wp-content\/uploads\/2026\/02\/Imagen-222-768x512.jpeg 768w, https:\/\/akubaa.com\/wp-content\/uploads\/2026\/02\/Imagen-222-1320x880.jpeg 1320w, https:\/\/akubaa.com\/wp-content\/uploads\/2026\/02\/Imagen-222-600x400.jpeg 600w, https:\/\/akubaa.com\/wp-content\/uploads\/2026\/02\/Imagen-222.jpeg 1536w\" sizes=\"auto, (max-width: 1024px) 100vw, 1024px\" \/><\/figure><div class=\"wp-block-media-text__content\">\n<p>Colorear no es un juego: es desarrollo f\u00edsico, social y emocional. Cuando un ni\u00f1o colorea, pasa algo que ninguna pantalla puede replicar:\u00a0<strong>Impacto social:<\/strong>\u00a0invita al di\u00e1logo, al compartir, al \u201cmira lo que hice\u201d, al momento en familia.\u00a0<strong>Desarrollo f\u00edsico:<\/strong>\u00a0mejora la motricidad fina, la coordinaci\u00f3n mano-ojo y fortalece los m\u00fasculos de los dedos.\u00a0<strong>Beneficio psicol\u00f3gico:<\/strong>\u00a0reduce ansiedad, mejora la concentraci\u00f3n y estimula la creatividad infantil.<\/p>\n\n\n\n<div class=\"wp-block-buttons is-content-justification-center is-layout-flex wp-container-core-buttons-is-layout-a89b3969 wp-block-buttons-is-layout-flex\">\n<div class=\"wp-block-button\"><a class=\"wp-block-button__link wp-element-button\" href=\"https:\/\/www.amazon.com\/dp\/B0GMQM1LGJ?ref_=cm_sw_r_ffobk_cp_ud_dp_Q67EQN9G7TBTKQHX7WRQ_14&amp;bestFormat=true\">Compra los mejores libros de colorear para tus ni\u00f1os aqu\u00ed . <\/a><\/div>\n<\/div>\n<\/div><\/div>\n\n\n\n<hr class=\"wp-block-separator has-alpha-channel-opacity\"\/>\n\n\n\n<h2 class=\"wp-block-heading\"><strong>La visi\u00f3n de AKubaa<\/strong><\/h2>\n\n\n\n<p><a href=\"https:\/\/akmundovirtual.com\" type=\"link\" id=\"https:\/\/akmundovirtual.com\">En\u00a0<strong>AKubaa<\/strong>\u00a0<\/a>vemos este caso como algo m\u00e1s grande que un incidente mar\u00edtimo. Es un s\u00edmbolo. Un s\u00edmbolo de tres tensiones que llevan d\u00e9cadas marcando la historia cubana:<\/p>\n\n\n\n<ul class=\"wp-block-list\">\n<li><strong>el conflicto entre el exilio y el r\u00e9gimen<\/strong><\/li>\n\n\n\n<li><strong>la desconfianza hacia la narrativa oficial<\/strong><\/li>\n\n\n\n<li><strong>la presi\u00f3n pol\u00edtica entre La Habana y Washington<\/strong><\/li>\n<\/ul>\n\n\n\n<p>Mientras tanto, en Miami, en\u00a0<strong>Tampa<\/strong>, en\u00a0<strong>Madrid<\/strong>\u00a0o en\u00a0<strong>Ciudad de M\u00e9xico<\/strong>, la di\u00e1spora cubana sigue mirando cada noticia con una mezcla de esperanza y escepticismo. Porque los cubanos hemos aprendido algo con los a\u00f1os: en la pol\u00edtica de la isla,\u00a0<strong>la verdad siempre llega tarde\u2026 si es que llega<\/strong>.<\/p>\n\n\n\n<hr class=\"wp-block-separator has-alpha-channel-opacity\"\/>\n\n\n\n<p>Hoy la gran pregunta es otra. Si el\u00a0<strong>FBI investiga el caso en Cuba<\/strong>, \u00bfrealmente conoceremos lo que ocurri\u00f3 aquella ma\u00f1ana frente a\u00a0<strong>Villa Clara<\/strong>\u2026 o solo veremos otra versi\u00f3n m\u00e1s de una historia que lleva d\u00e9cadas escribi\u00e9ndose entre silencios?.<\/p>\n\n\n\n<p>Te leo en los comentarios. \u00danete al debate en\u00a0<strong>AKubaa<\/strong>\u00a0y comparte tu opini\u00f3n: <strong>\u00bfcrees que esta investigaci\u00f3n revelar\u00e1 la verdad o solo abrir\u00e1 otro cap\u00edtulo de dudas entre Cuba y Estados Unidos?<\/strong>. <\/p>\n\n\n\n<hr class=\"wp-block-separator has-alpha-channel-opacity\"\/>\n\n\n\n<h2 class=\"wp-block-heading\">M\u00e1s en AKubaa<\/h2>\n\n\n<ul class=\"wp-block-latest-posts__list is-grid columns-3 wp-block-latest-posts\"><li><div class=\"wp-block-latest-posts__featured-image aligncenter\"><a href=\"https:\/\/akubaa.com\/index.php\/2026\/04\/21\/imaray-ulloa-de-influecer-a-ganadora-de-fisicoculturismo\/\" aria-label=\"Imaray Ulloa se sube a otra tarima: dos medallas, ocho meses de disciplina y una lecci\u00f3n que la di\u00e1spora entendi\u00f3 enseguida.\"><img loading=\"lazy\" decoding=\"async\" width=\"150\" height=\"150\" src=\"https:\/\/akubaa.com\/wp-content\/uploads\/2026\/04\/image-14-150x150.png\" class=\"attachment-thumbnail size-thumbnail wp-post-image\" alt=\"\" style=\"\" srcset=\"https:\/\/akubaa.com\/wp-content\/uploads\/2026\/04\/image-14-150x150.png 150w, https:\/\/akubaa.com\/wp-content\/uploads\/2026\/04\/image-14-300x300.png 300w, https:\/\/akubaa.com\/wp-content\/uploads\/2026\/04\/image-14-100x100.png 100w\" sizes=\"auto, (max-width: 150px) 100vw, 150px\" \/><\/a><\/div><a class=\"wp-block-latest-posts__post-title\" href=\"https:\/\/akubaa.com\/index.php\/2026\/04\/21\/imaray-ulloa-de-influecer-a-ganadora-de-fisicoculturismo\/\">Imaray Ulloa se sube a otra tarima: dos medallas, ocho meses de disciplina y una lecci\u00f3n que la di\u00e1spora entendi\u00f3 enseguida.<\/a><\/li>\n<li><div class=\"wp-block-latest-posts__featured-image aligncenter\"><a href=\"https:\/\/akubaa.com\/index.php\/2026\/04\/10\/horoscopo-del-10-de-abril-de-2026\/\" aria-label=\"Hor\u00f3scopo del 10 de abril de 2026: lo que el universo te quiere decir hoy (y lo que debes evitar a toda costa).\u00a0\"><img loading=\"lazy\" decoding=\"async\" width=\"150\" height=\"150\" src=\"https:\/\/akubaa.com\/wp-content\/uploads\/2026\/04\/image-13-150x150.png\" class=\"attachment-thumbnail size-thumbnail wp-post-image\" alt=\"\" style=\"\" srcset=\"https:\/\/akubaa.com\/wp-content\/uploads\/2026\/04\/image-13-150x150.png 150w, https:\/\/akubaa.com\/wp-content\/uploads\/2026\/04\/image-13-300x300.png 300w, https:\/\/akubaa.com\/wp-content\/uploads\/2026\/04\/image-13-100x100.png 100w\" sizes=\"auto, (max-width: 150px) 100vw, 150px\" \/><\/a><\/div><a class=\"wp-block-latest-posts__post-title\" href=\"https:\/\/akubaa.com\/index.php\/2026\/04\/10\/horoscopo-del-10-de-abril-de-2026\/\">Hor\u00f3scopo del 10 de abril de 2026: lo que el universo te quiere decir hoy (y lo que debes evitar a toda costa).\u00a0<\/a><\/li>\n<li><div class=\"wp-block-latest-posts__featured-image aligncenter\"><a href=\"https:\/\/akubaa.com\/index.php\/2026\/04\/09\/horoscopo-del-9-de-abril-de-2026\/\" aria-label=\"\ud83d\udd2e\u00a0Hor\u00f3scopo del 9 de abril de 2026: lo que viene no es casualidad\u2026 es destino (y t\u00fa lo vas a sentir hoy).\"><img loading=\"lazy\" decoding=\"async\" width=\"150\" height=\"150\" src=\"https:\/\/akubaa.com\/wp-content\/uploads\/2026\/04\/image-12-150x150.png\" class=\"attachment-thumbnail size-thumbnail wp-post-image\" alt=\"\" style=\"\" srcset=\"https:\/\/akubaa.com\/wp-content\/uploads\/2026\/04\/image-12-150x150.png 150w, https:\/\/akubaa.com\/wp-content\/uploads\/2026\/04\/image-12-300x300.png 300w, https:\/\/akubaa.com\/wp-content\/uploads\/2026\/04\/image-12-100x100.png 100w\" sizes=\"auto, (max-width: 150px) 100vw, 150px\" \/><\/a><\/div><a class=\"wp-block-latest-posts__post-title\" href=\"https:\/\/akubaa.com\/index.php\/2026\/04\/09\/horoscopo-del-9-de-abril-de-2026\/\">\ud83d\udd2e\u00a0Hor\u00f3scopo del 9 de abril de 2026: lo que viene no es casualidad\u2026 es destino (y t\u00fa lo vas a sentir hoy).<\/a><\/li>\n<li><div class=\"wp-block-latest-posts__featured-image aligncenter\"><a href=\"https:\/\/akubaa.com\/index.php\/2026\/04\/08\/horoscopo-del-8-de-abril-de-2026\/\" aria-label=\"\ud83d\udd2e\u00a0Hor\u00f3scopo del 8 de abril de 2026: lo que el destino no te est\u00e1 diciendo (y deber\u00edas escuchar hoy).\"><img loading=\"lazy\" decoding=\"async\" width=\"150\" height=\"150\" src=\"https:\/\/akubaa.com\/wp-content\/uploads\/2026\/04\/image-11-150x150.png\" class=\"attachment-thumbnail size-thumbnail wp-post-image\" alt=\"\" style=\"\" srcset=\"https:\/\/akubaa.com\/wp-content\/uploads\/2026\/04\/image-11-150x150.png 150w, https:\/\/akubaa.com\/wp-content\/uploads\/2026\/04\/image-11-300x300.png 300w, https:\/\/akubaa.com\/wp-content\/uploads\/2026\/04\/image-11-100x100.png 100w\" sizes=\"auto, (max-width: 150px) 100vw, 150px\" \/><\/a><\/div><a class=\"wp-block-latest-posts__post-title\" href=\"https:\/\/akubaa.com\/index.php\/2026\/04\/08\/horoscopo-del-8-de-abril-de-2026\/\">\ud83d\udd2e\u00a0Hor\u00f3scopo del 8 de abril de 2026: lo que el destino no te est\u00e1 diciendo (y deber\u00edas escuchar hoy).<\/a><\/li>\n<li><div class=\"wp-block-latest-posts__featured-image aligncenter\"><a href=\"https:\/\/akubaa.com\/index.php\/2026\/04\/07\/leoni-torres-y-el-b-convierten-cubano-en-un-grito-de-identidad-y-libertad\/\" aria-label=\"\u201cViva Cuba Libre\u201d: la canci\u00f3n que no es solo m\u00fasica\u2026 es un mensaje que ya no se puede callar.\"><img loading=\"lazy\" decoding=\"async\" width=\"150\" height=\"150\" src=\"https:\/\/akubaa.com\/wp-content\/uploads\/2026\/04\/image-10-150x150.png\" class=\"attachment-thumbnail size-thumbnail wp-post-image\" alt=\"\" style=\"\" srcset=\"https:\/\/akubaa.com\/wp-content\/uploads\/2026\/04\/image-10-150x150.png 150w, https:\/\/akubaa.com\/wp-content\/uploads\/2026\/04\/image-10-300x300.png 300w, https:\/\/akubaa.com\/wp-content\/uploads\/2026\/04\/image-10-100x100.png 100w\" sizes=\"auto, (max-width: 150px) 100vw, 150px\" \/><\/a><\/div><a class=\"wp-block-latest-posts__post-title\" href=\"https:\/\/akubaa.com\/index.php\/2026\/04\/07\/leoni-torres-y-el-b-convierten-cubano-en-un-grito-de-identidad-y-libertad\/\">\u201cViva Cuba Libre\u201d: la canci\u00f3n que no es solo m\u00fasica\u2026 es un mensaje que ya no se puede callar.<\/a><\/li>\n<li><div class=\"wp-block-latest-posts__featured-image aligncenter\"><a href=\"https:\/\/akubaa.com\/index.php\/2026\/04\/07\/horoscopo-del-7-de-abril-de-2026\/\" aria-label=\"\ud83d\udd2e\u00a0Hor\u00f3scopo del 7 de abril de 2026: lo que viene no avisa\u2026 pero s\u00ed se siente.\"><img loading=\"lazy\" decoding=\"async\" width=\"150\" height=\"150\" src=\"https:\/\/akubaa.com\/wp-content\/uploads\/2026\/04\/image-9-150x150.png\" class=\"attachment-thumbnail size-thumbnail wp-post-image\" alt=\"\" style=\"\" srcset=\"https:\/\/akubaa.com\/wp-content\/uploads\/2026\/04\/image-9-150x150.png 150w, https:\/\/akubaa.com\/wp-content\/uploads\/2026\/04\/image-9-300x300.png 300w, https:\/\/akubaa.com\/wp-content\/uploads\/2026\/04\/image-9-100x100.png 100w\" sizes=\"auto, (max-width: 150px) 100vw, 150px\" \/><\/a><\/div><a class=\"wp-block-latest-posts__post-title\" href=\"https:\/\/akubaa.com\/index.php\/2026\/04\/07\/horoscopo-del-7-de-abril-de-2026\/\">\ud83d\udd2e\u00a0Hor\u00f3scopo del 7 de abril de 2026: lo que viene no avisa\u2026 pero s\u00ed se siente.<\/a><\/li>\n<\/ul>","protected":false},"excerpt":{"rendered":"<p>Hay noticias que parecen sacadas de una novela pol\u00edtica\u2026 y luego est\u00e1 esta. Cuando le\u00ed que\u00a0agentes del FBI\u00a0viajar\u00e1n a\u00a0Cuba\u00a0para investigar el\u00a0tiroteo de una lancha frente a las costas de Villa Clara, lo primero que pens\u00e9 fue: algo est\u00e1 cambiando, y r\u00e1pido. Porque durante d\u00e9cadas el gobierno cubano evit\u00f3 cualquier tipo de cooperaci\u00f3n directa con agencias [&hellip;]<\/p>\n","protected":false},"author":1,"featured_media":2749,"comment_status":"open","ping_status":"open","sticky":false,"template":"","format":"standard","meta":{"jetpack_post_was_ever_published":false,"_jetpack_newsletter_access":"","_jetpack_dont_email_post_to_subs":false,"_jetpack_newsletter_tier_id":0,"_jetpack_memberships_contains_paywalled_content":false,"_jetpack_memberships_contains_paid_content":false,"footnotes":"","jetpack_publicize_message":"","jetpack_publicize_feature_enabled":true,"jetpack_social_post_already_shared":true,"jetpack_social_options":{"image_generator_settings":{"template":"highway","default_image_id":0,"font":"","enabled":false},"version":2}},"categories":[4],"tags":[],"class_list":["post-2747","post","type-post","status-publish","format-standard","has-post-thumbnail","hentry","category-noticias-y-actualidad"],"yoast_head":"<!-- This site is optimized with the Yoast SEO plugin v27.5 - https:\/\/yoast.com\/product\/yoast-seo-wordpress\/ -->\n<title>\u00a0Agentes del FBI investigar el\u00a0tiroteo de una lancha en Cuba. - AKubaa<\/title>\n<meta name=\"description\" content=\"Ent\u00e9rate\u00a0agentes del FBI\u00a0viajar\u00e1n a\u00a0Cuba\u00a0para investigar el\u00a0tiroteo de una lancha frente a las costas de Villa Clara.\" \/>\n<meta name=\"robots\" content=\"index, follow, max-snippet:-1, max-image-preview:large, max-video-preview:-1\" \/>\n<link rel=\"canonical\" href=\"https:\/\/akubaa.com\/index.php\/2026\/03\/14\/agentes-del-fbi-viajaran-a-cuba-para-investigar-el-tiroteo\/\" \/>\n<meta property=\"og:locale\" content=\"es_ES\" \/>\n<meta property=\"og:type\" content=\"article\" \/>\n<meta property=\"og:title\" content=\"\u00a0Agentes del FBI investigar el\u00a0tiroteo de una lancha en Cuba. - AKubaa\" \/>\n<meta property=\"og:description\" content=\"Ent\u00e9rate\u00a0agentes del FBI\u00a0viajar\u00e1n a\u00a0Cuba\u00a0para investigar el\u00a0tiroteo de una lancha frente a las costas de Villa Clara.\" \/>\n<meta property=\"og:url\" content=\"https:\/\/akubaa.com\/index.php\/2026\/03\/14\/agentes-del-fbi-viajaran-a-cuba-para-investigar-el-tiroteo\/\" \/>\n<meta property=\"og:site_name\" content=\"AKubaa\" \/>\n<meta property=\"article:publisher\" content=\"https:\/\/www.facebook.com\/akubaa\" \/>\n<meta property=\"article:author\" content=\"https:\/\/www.facebook.com\/akubaa\" \/>\n<meta property=\"article:published_time\" content=\"2026-03-14T09:00:00+00:00\" \/>\n<meta property=\"article:modified_time\" content=\"2026-03-17T02:26:51+00:00\" \/>\n<meta property=\"og:image\" content=\"https:\/\/akubaa.com\/wp-content\/uploads\/2026\/03\/Imagen-24.jpeg\" \/>\n\t<meta property=\"og:image:width\" content=\"1536\" \/>\n\t<meta property=\"og:image:height\" content=\"1024\" \/>\n\t<meta property=\"og:image:type\" content=\"image\/jpeg\" \/>\n<meta name=\"author\" content=\"AKubaa\" \/>\n<meta name=\"twitter:card\" content=\"summary_large_image\" \/>\n<meta name=\"twitter:label1\" content=\"Escrito por\" \/>\n\t<meta name=\"twitter:data1\" content=\"AKubaa\" \/>\n\t<meta name=\"twitter:label2\" content=\"Tiempo de lectura\" \/>\n\t<meta name=\"twitter:data2\" content=\"5 minutos\" \/>\n<script type=\"application\/ld+json\" class=\"yoast-schema-graph\">{\"@context\":\"https:\\\/\\\/schema.org\",\"@graph\":[{\"@type\":\"Article\",\"@id\":\"https:\\\/\\\/akubaa.com\\\/index.php\\\/2026\\\/03\\\/14\\\/agentes-del-fbi-viajaran-a-cuba-para-investigar-el-tiroteo\\\/#article\",\"isPartOf\":{\"@id\":\"https:\\\/\\\/akubaa.com\\\/index.php\\\/2026\\\/03\\\/14\\\/agentes-del-fbi-viajaran-a-cuba-para-investigar-el-tiroteo\\\/\"},\"author\":{\"name\":\"AKubaa\",\"@id\":\"https:\\\/\\\/akubaa.com\\\/#\\\/schema\\\/person\\\/b096b63c1ad27204e55fabb2cf2153a5\"},\"headline\":\"FBI en Cuba: el tiroteo de Villa Clara que ahora sacude la relaci\u00f3n entre La Habana y Washington.\",\"datePublished\":\"2026-03-14T09:00:00+00:00\",\"dateModified\":\"2026-03-17T02:26:51+00:00\",\"mainEntityOfPage\":{\"@id\":\"https:\\\/\\\/akubaa.com\\\/index.php\\\/2026\\\/03\\\/14\\\/agentes-del-fbi-viajaran-a-cuba-para-investigar-el-tiroteo\\\/\"},\"wordCount\":884,\"commentCount\":0,\"publisher\":{\"@id\":\"https:\\\/\\\/akubaa.com\\\/#\\\/schema\\\/person\\\/b096b63c1ad27204e55fabb2cf2153a5\"},\"image\":{\"@id\":\"https:\\\/\\\/akubaa.com\\\/index.php\\\/2026\\\/03\\\/14\\\/agentes-del-fbi-viajaran-a-cuba-para-investigar-el-tiroteo\\\/#primaryimage\"},\"thumbnailUrl\":\"https:\\\/\\\/akubaa.com\\\/wp-content\\\/uploads\\\/2026\\\/03\\\/Imagen-24.jpeg\",\"articleSection\":[\"Noticias y Actualidad\"],\"inLanguage\":\"es\",\"potentialAction\":[{\"@type\":\"CommentAction\",\"name\":\"Comment\",\"target\":[\"https:\\\/\\\/akubaa.com\\\/index.php\\\/2026\\\/03\\\/14\\\/agentes-del-fbi-viajaran-a-cuba-para-investigar-el-tiroteo\\\/#respond\"]}]},{\"@type\":\"WebPage\",\"@id\":\"https:\\\/\\\/akubaa.com\\\/index.php\\\/2026\\\/03\\\/14\\\/agentes-del-fbi-viajaran-a-cuba-para-investigar-el-tiroteo\\\/\",\"url\":\"https:\\\/\\\/akubaa.com\\\/index.php\\\/2026\\\/03\\\/14\\\/agentes-del-fbi-viajaran-a-cuba-para-investigar-el-tiroteo\\\/\",\"name\":\"\u00a0Agentes del FBI investigar el\u00a0tiroteo de una lancha en Cuba. - AKubaa\",\"isPartOf\":{\"@id\":\"https:\\\/\\\/akubaa.com\\\/#website\"},\"primaryImageOfPage\":{\"@id\":\"https:\\\/\\\/akubaa.com\\\/index.php\\\/2026\\\/03\\\/14\\\/agentes-del-fbi-viajaran-a-cuba-para-investigar-el-tiroteo\\\/#primaryimage\"},\"image\":{\"@id\":\"https:\\\/\\\/akubaa.com\\\/index.php\\\/2026\\\/03\\\/14\\\/agentes-del-fbi-viajaran-a-cuba-para-investigar-el-tiroteo\\\/#primaryimage\"},\"thumbnailUrl\":\"https:\\\/\\\/akubaa.com\\\/wp-content\\\/uploads\\\/2026\\\/03\\\/Imagen-24.jpeg\",\"datePublished\":\"2026-03-14T09:00:00+00:00\",\"dateModified\":\"2026-03-17T02:26:51+00:00\",\"description\":\"Ent\u00e9rate\u00a0agentes del FBI\u00a0viajar\u00e1n a\u00a0Cuba\u00a0para investigar el\u00a0tiroteo de una lancha frente a las costas de Villa Clara.\",\"breadcrumb\":{\"@id\":\"https:\\\/\\\/akubaa.com\\\/index.php\\\/2026\\\/03\\\/14\\\/agentes-del-fbi-viajaran-a-cuba-para-investigar-el-tiroteo\\\/#breadcrumb\"},\"inLanguage\":\"es\",\"potentialAction\":[{\"@type\":\"ReadAction\",\"target\":[\"https:\\\/\\\/akubaa.com\\\/index.php\\\/2026\\\/03\\\/14\\\/agentes-del-fbi-viajaran-a-cuba-para-investigar-el-tiroteo\\\/\"]}]},{\"@type\":\"ImageObject\",\"inLanguage\":\"es\",\"@id\":\"https:\\\/\\\/akubaa.com\\\/index.php\\\/2026\\\/03\\\/14\\\/agentes-del-fbi-viajaran-a-cuba-para-investigar-el-tiroteo\\\/#primaryimage\",\"url\":\"https:\\\/\\\/akubaa.com\\\/wp-content\\\/uploads\\\/2026\\\/03\\\/Imagen-24.jpeg\",\"contentUrl\":\"https:\\\/\\\/akubaa.com\\\/wp-content\\\/uploads\\\/2026\\\/03\\\/Imagen-24.jpeg\",\"width\":1536,\"height\":1024},{\"@type\":\"BreadcrumbList\",\"@id\":\"https:\\\/\\\/akubaa.com\\\/index.php\\\/2026\\\/03\\\/14\\\/agentes-del-fbi-viajaran-a-cuba-para-investigar-el-tiroteo\\\/#breadcrumb\",\"itemListElement\":[{\"@type\":\"ListItem\",\"position\":1,\"name\":\"Portada\",\"item\":\"https:\\\/\\\/akubaa.com\\\/\"},{\"@type\":\"ListItem\",\"position\":2,\"name\":\"FBI en Cuba: el tiroteo de Villa Clara que ahora sacude la relaci\u00f3n entre La Habana y Washington.\"}]},{\"@type\":\"WebSite\",\"@id\":\"https:\\\/\\\/akubaa.com\\\/#website\",\"url\":\"https:\\\/\\\/akubaa.com\\\/\",\"name\":\"AKubaa\",\"description\":\"Vive ,conoce y disfruta Cuba al estilo de A&amp;K.\",\"publisher\":{\"@id\":\"https:\\\/\\\/akubaa.com\\\/#\\\/schema\\\/person\\\/b096b63c1ad27204e55fabb2cf2153a5\"},\"potentialAction\":[{\"@type\":\"SearchAction\",\"target\":{\"@type\":\"EntryPoint\",\"urlTemplate\":\"https:\\\/\\\/akubaa.com\\\/?s={search_term_string}\"},\"query-input\":{\"@type\":\"PropertyValueSpecification\",\"valueRequired\":true,\"valueName\":\"search_term_string\"}}],\"inLanguage\":\"es\"},{\"@type\":[\"Person\",\"Organization\"],\"@id\":\"https:\\\/\\\/akubaa.com\\\/#\\\/schema\\\/person\\\/b096b63c1ad27204e55fabb2cf2153a5\",\"name\":\"AKubaa\",\"image\":{\"@type\":\"ImageObject\",\"inLanguage\":\"es\",\"@id\":\"https:\\\/\\\/akubaa.com\\\/wp-content\\\/uploads\\\/2025\\\/08\\\/Imagen-17.jpeg\",\"url\":\"https:\\\/\\\/akubaa.com\\\/wp-content\\\/uploads\\\/2025\\\/08\\\/Imagen-17.jpeg\",\"contentUrl\":\"https:\\\/\\\/akubaa.com\\\/wp-content\\\/uploads\\\/2025\\\/08\\\/Imagen-17.jpeg\",\"width\":1024,\"height\":1024,\"caption\":\"AKubaa\"},\"logo\":{\"@id\":\"https:\\\/\\\/akubaa.com\\\/wp-content\\\/uploads\\\/2025\\\/08\\\/Imagen-17.jpeg\"},\"sameAs\":[\"https:\\\/\\\/akubaa.com\",\"https:\\\/\\\/www.facebook.com\\\/akubaa\",\"https:\\\/\\\/www.instagram.com\\\/akubaa?\"],\"url\":\"https:\\\/\\\/akubaa.com\\\/index.php\\\/profile\\\/admin\\\/\"}]}<\/script>\n<!-- \/ Yoast SEO plugin. -->","yoast_head_json":{"title":"\u00a0Agentes del FBI investigar el\u00a0tiroteo de una lancha en Cuba. - AKubaa","description":"Ent\u00e9rate\u00a0agentes del FBI\u00a0viajar\u00e1n a\u00a0Cuba\u00a0para investigar el\u00a0tiroteo de una lancha frente a las costas de Villa Clara.","robots":{"index":"index","follow":"follow","max-snippet":"max-snippet:-1","max-image-preview":"max-image-preview:large","max-video-preview":"max-video-preview:-1"},"canonical":"https:\/\/akubaa.com\/index.php\/2026\/03\/14\/agentes-del-fbi-viajaran-a-cuba-para-investigar-el-tiroteo\/","og_locale":"es_ES","og_type":"article","og_title":"\u00a0Agentes del FBI investigar el\u00a0tiroteo de una lancha en Cuba. - AKubaa","og_description":"Ent\u00e9rate\u00a0agentes del FBI\u00a0viajar\u00e1n a\u00a0Cuba\u00a0para investigar el\u00a0tiroteo de una lancha frente a las costas de Villa Clara.","og_url":"https:\/\/akubaa.com\/index.php\/2026\/03\/14\/agentes-del-fbi-viajaran-a-cuba-para-investigar-el-tiroteo\/","og_site_name":"AKubaa","article_publisher":"https:\/\/www.facebook.com\/akubaa","article_author":"https:\/\/www.facebook.com\/akubaa","article_published_time":"2026-03-14T09:00:00+00:00","article_modified_time":"2026-03-17T02:26:51+00:00","og_image":[{"width":1536,"height":1024,"url":"https:\/\/akubaa.com\/wp-content\/uploads\/2026\/03\/Imagen-24.jpeg","type":"image\/jpeg"}],"author":"AKubaa","twitter_card":"summary_large_image","twitter_misc":{"Escrito por":"AKubaa","Tiempo de lectura":"5 minutos"},"schema":{"@context":"https:\/\/schema.org","@graph":[{"@type":"Article","@id":"https:\/\/akubaa.com\/index.php\/2026\/03\/14\/agentes-del-fbi-viajaran-a-cuba-para-investigar-el-tiroteo\/#article","isPartOf":{"@id":"https:\/\/akubaa.com\/index.php\/2026\/03\/14\/agentes-del-fbi-viajaran-a-cuba-para-investigar-el-tiroteo\/"},"author":{"name":"AKubaa","@id":"https:\/\/akubaa.com\/#\/schema\/person\/b096b63c1ad27204e55fabb2cf2153a5"},"headline":"FBI en Cuba: el tiroteo de Villa Clara que ahora sacude la relaci\u00f3n entre La Habana y Washington.","datePublished":"2026-03-14T09:00:00+00:00","dateModified":"2026-03-17T02:26:51+00:00","mainEntityOfPage":{"@id":"https:\/\/akubaa.com\/index.php\/2026\/03\/14\/agentes-del-fbi-viajaran-a-cuba-para-investigar-el-tiroteo\/"},"wordCount":884,"commentCount":0,"publisher":{"@id":"https:\/\/akubaa.com\/#\/schema\/person\/b096b63c1ad27204e55fabb2cf2153a5"},"image":{"@id":"https:\/\/akubaa.com\/index.php\/2026\/03\/14\/agentes-del-fbi-viajaran-a-cuba-para-investigar-el-tiroteo\/#primaryimage"},"thumbnailUrl":"https:\/\/akubaa.com\/wp-content\/uploads\/2026\/03\/Imagen-24.jpeg","articleSection":["Noticias y Actualidad"],"inLanguage":"es","potentialAction":[{"@type":"CommentAction","name":"Comment","target":["https:\/\/akubaa.com\/index.php\/2026\/03\/14\/agentes-del-fbi-viajaran-a-cuba-para-investigar-el-tiroteo\/#respond"]}]},{"@type":"WebPage","@id":"https:\/\/akubaa.com\/index.php\/2026\/03\/14\/agentes-del-fbi-viajaran-a-cuba-para-investigar-el-tiroteo\/","url":"https:\/\/akubaa.com\/index.php\/2026\/03\/14\/agentes-del-fbi-viajaran-a-cuba-para-investigar-el-tiroteo\/","name":"\u00a0Agentes del FBI investigar el\u00a0tiroteo de una lancha en Cuba. - AKubaa","isPartOf":{"@id":"https:\/\/akubaa.com\/#website"},"primaryImageOfPage":{"@id":"https:\/\/akubaa.com\/index.php\/2026\/03\/14\/agentes-del-fbi-viajaran-a-cuba-para-investigar-el-tiroteo\/#primaryimage"},"image":{"@id":"https:\/\/akubaa.com\/index.php\/2026\/03\/14\/agentes-del-fbi-viajaran-a-cuba-para-investigar-el-tiroteo\/#primaryimage"},"thumbnailUrl":"https:\/\/akubaa.com\/wp-content\/uploads\/2026\/03\/Imagen-24.jpeg","datePublished":"2026-03-14T09:00:00+00:00","dateModified":"2026-03-17T02:26:51+00:00","description":"Ent\u00e9rate\u00a0agentes del FBI\u00a0viajar\u00e1n a\u00a0Cuba\u00a0para investigar el\u00a0tiroteo de una lancha frente a las costas de Villa Clara.","breadcrumb":{"@id":"https:\/\/akubaa.com\/index.php\/2026\/03\/14\/agentes-del-fbi-viajaran-a-cuba-para-investigar-el-tiroteo\/#breadcrumb"},"inLanguage":"es","potentialAction":[{"@type":"ReadAction","target":["https:\/\/akubaa.com\/index.php\/2026\/03\/14\/agentes-del-fbi-viajaran-a-cuba-para-investigar-el-tiroteo\/"]}]},{"@type":"ImageObject","inLanguage":"es","@id":"https:\/\/akubaa.com\/index.php\/2026\/03\/14\/agentes-del-fbi-viajaran-a-cuba-para-investigar-el-tiroteo\/#primaryimage","url":"https:\/\/akubaa.com\/wp-content\/uploads\/2026\/03\/Imagen-24.jpeg","contentUrl":"https:\/\/akubaa.com\/wp-content\/uploads\/2026\/03\/Imagen-24.jpeg","width":1536,"height":1024},{"@type":"BreadcrumbList","@id":"https:\/\/akubaa.com\/index.php\/2026\/03\/14\/agentes-del-fbi-viajaran-a-cuba-para-investigar-el-tiroteo\/#breadcrumb","itemListElement":[{"@type":"ListItem","position":1,"name":"Portada","item":"https:\/\/akubaa.com\/"},{"@type":"ListItem","position":2,"name":"FBI en Cuba: el tiroteo de Villa Clara que ahora sacude la relaci\u00f3n entre La Habana y Washington."}]},{"@type":"WebSite","@id":"https:\/\/akubaa.com\/#website","url":"https:\/\/akubaa.com\/","name":"AKubaa","description":"Vive ,conoce y disfruta Cuba al estilo de A&amp;K.","publisher":{"@id":"https:\/\/akubaa.com\/#\/schema\/person\/b096b63c1ad27204e55fabb2cf2153a5"},"potentialAction":[{"@type":"SearchAction","target":{"@type":"EntryPoint","urlTemplate":"https:\/\/akubaa.com\/?s={search_term_string}"},"query-input":{"@type":"PropertyValueSpecification","valueRequired":true,"valueName":"search_term_string"}}],"inLanguage":"es"},{"@type":["Person","Organization"],"@id":"https:\/\/akubaa.com\/#\/schema\/person\/b096b63c1ad27204e55fabb2cf2153a5","name":"AKubaa","image":{"@type":"ImageObject","inLanguage":"es","@id":"https:\/\/akubaa.com\/wp-content\/uploads\/2025\/08\/Imagen-17.jpeg","url":"https:\/\/akubaa.com\/wp-content\/uploads\/2025\/08\/Imagen-17.jpeg","contentUrl":"https:\/\/akubaa.com\/wp-content\/uploads\/2025\/08\/Imagen-17.jpeg","width":1024,"height":1024,"caption":"AKubaa"},"logo":{"@id":"https:\/\/akubaa.com\/wp-content\/uploads\/2025\/08\/Imagen-17.jpeg"},"sameAs":["https:\/\/akubaa.com","https:\/\/www.facebook.com\/akubaa","https:\/\/www.instagram.com\/akubaa?"],"url":"https:\/\/akubaa.com\/index.php\/profile\/admin\/"}]}},"jetpack_publicize_connections":[],"jetpack_featured_media_url":"https:\/\/akubaa.com\/wp-content\/uploads\/2026\/03\/Imagen-24.jpeg","jetpack_sharing_enabled":true,"jetpack_likes_enabled":true,"jetpack-related-posts":[{"id":2672,"url":"https:\/\/akubaa.com\/index.php\/2026\/02\/27\/la-credibilidad-del-regimen-cubano-la-narrativa-de-terrorismo\/","url_meta":{"origin":2747,"position":0},"title":"Corralillo no fue un accidente: la noche en que el mar pudo haber sido un guion.","author":"AKubaa","date":"02\/27\/2026","format":false,"excerpt":"Hay historias que huelen a p\u00f3lvora. Y hay otras que huelen a libreto. Lo ocurrido frente a\u00a0Corralillo, Villa Clara, el 25 de febrero, no es solo un tiroteo en alta mar. Es una pregunta abierta que atraviesa el Estrecho de Florida y golpea directamente la credibilidad del\u00a0r\u00e9gimen cubano, la narrativa\u2026","rel":"","context":"En \u00abNoticias y Actualidad\u00bb","block_context":{"text":"Noticias y Actualidad","link":"https:\/\/akubaa.com\/index.php\/category\/noticias-y-actualidad\/"},"img":{"alt_text":"","src":"https:\/\/i0.wp.com\/akubaa.com\/wp-content\/uploads\/2026\/02\/Imagen-247-1.jpeg?resize=350%2C200&ssl=1","width":350,"height":200,"srcset":"https:\/\/i0.wp.com\/akubaa.com\/wp-content\/uploads\/2026\/02\/Imagen-247-1.jpeg?resize=350%2C200&ssl=1 1x, https:\/\/i0.wp.com\/akubaa.com\/wp-content\/uploads\/2026\/02\/Imagen-247-1.jpeg?resize=525%2C300&ssl=1 1.5x, https:\/\/i0.wp.com\/akubaa.com\/wp-content\/uploads\/2026\/02\/Imagen-247-1.jpeg?resize=700%2C400&ssl=1 2x, https:\/\/i0.wp.com\/akubaa.com\/wp-content\/uploads\/2026\/02\/Imagen-247-1.jpeg?resize=1050%2C600&ssl=1 3x, https:\/\/i0.wp.com\/akubaa.com\/wp-content\/uploads\/2026\/02\/Imagen-247-1.jpeg?resize=1400%2C800&ssl=1 4x"},"classes":[]},{"id":2750,"url":"https:\/\/akubaa.com\/index.php\/2026\/03\/14\/que-espera-ganar-el-regimen-cubano\/","url_meta":{"origin":2747,"position":1},"title":"\u00bfQu\u00e9 quiere realmente La Habana?. Las concesiones que el r\u00e9gimen cubano espera de Estados Unidos.","author":"AKubaa","date":"03\/14\/2026","format":false,"excerpt":"Hay momentos en la historia en que una noticia suena como un susurro primero\u2026 y luego se convierte en un grito imposible de ignorar. Eso es exactamente lo que ocurri\u00f3 este\u00a013 de marzo de 2026, cuando el gobierno de\u00a0Miguel D\u00edaz-Canel\u00a0confirm\u00f3 algo que durante semanas circulaba como rumor en los pasillos\u2026","rel":"","context":"En \u00abNoticias y Actualidad\u00bb","block_context":{"text":"Noticias y Actualidad","link":"https:\/\/akubaa.com\/index.php\/category\/noticias-y-actualidad\/"},"img":{"alt_text":"","src":"https:\/\/i0.wp.com\/akubaa.com\/wp-content\/uploads\/2026\/03\/image-4.png?resize=350%2C200&ssl=1","width":350,"height":200,"srcset":"https:\/\/i0.wp.com\/akubaa.com\/wp-content\/uploads\/2026\/03\/image-4.png?resize=350%2C200&ssl=1 1x, https:\/\/i0.wp.com\/akubaa.com\/wp-content\/uploads\/2026\/03\/image-4.png?resize=525%2C300&ssl=1 1.5x, https:\/\/i0.wp.com\/akubaa.com\/wp-content\/uploads\/2026\/03\/image-4.png?resize=700%2C400&ssl=1 2x, https:\/\/i0.wp.com\/akubaa.com\/wp-content\/uploads\/2026\/03\/image-4.png?resize=1050%2C600&ssl=1 3x, https:\/\/i0.wp.com\/akubaa.com\/wp-content\/uploads\/2026\/03\/image-4.png?resize=1400%2C800&ssl=1 4x"},"classes":[]},{"id":2661,"url":"https:\/\/akubaa.com\/index.php\/2026\/02\/26\/cuatro-nombres-seis-silencios-y-un-error-lo-que-no-cuadra-en-el-tiroteo-frente-a-las-costas-de-cuba\/","url_meta":{"origin":2747,"position":2},"title":"Cuatro nombres, seis silencios y un error: lo que no cuadra en el tiroteo frente a las costas de Cuba.","author":"AKubaa","date":"02\/26\/2026","format":false,"excerpt":"Ayer, mientras en Miami la vida segu\u00eda entre el tr\u00e1fico de la 8 y el cafecito en Hialeah, en Cuba se tej\u00eda otra historia. El\u00a0r\u00e9gimen cubano\u00a0revel\u00f3 finalmente los nombres de los cuatro cubanoamericanos fallecidos en el\u00a0tiroteo frente a las costas de Villa Clara, un hecho que ha encendido alarmas tanto\u2026","rel":"","context":"En \u00abNoticias y Actualidad\u00bb","block_context":{"text":"Noticias y Actualidad","link":"https:\/\/akubaa.com\/index.php\/category\/noticias-y-actualidad\/"},"img":{"alt_text":"","src":"https:\/\/i0.wp.com\/akubaa.com\/wp-content\/uploads\/2026\/02\/Imagen-241.jpeg?resize=350%2C200&ssl=1","width":350,"height":200,"srcset":"https:\/\/i0.wp.com\/akubaa.com\/wp-content\/uploads\/2026\/02\/Imagen-241.jpeg?resize=350%2C200&ssl=1 1x, https:\/\/i0.wp.com\/akubaa.com\/wp-content\/uploads\/2026\/02\/Imagen-241.jpeg?resize=525%2C300&ssl=1 1.5x, https:\/\/i0.wp.com\/akubaa.com\/wp-content\/uploads\/2026\/02\/Imagen-241.jpeg?resize=700%2C400&ssl=1 2x, https:\/\/i0.wp.com\/akubaa.com\/wp-content\/uploads\/2026\/02\/Imagen-241.jpeg?resize=1050%2C600&ssl=1 3x, https:\/\/i0.wp.com\/akubaa.com\/wp-content\/uploads\/2026\/02\/Imagen-241.jpeg?resize=1400%2C800&ssl=1 4x"},"classes":[]},{"id":2651,"url":"https:\/\/akubaa.com\/index.php\/2026\/02\/25\/tiroteo-mortal-en-aguas-cubanas-cuatro-muertos-tras-enfrentamiento-entre-guardafronteras-y-lancha-con-matricula-de-florida\/","url_meta":{"origin":2747,"position":3},"title":"Tiroteo mortal en aguas cubanas: cuatro muertos tras enfrentamiento entre guardafronteras y lancha con matr\u00edcula de Florida.","author":"AKubaa","date":"02\/25\/2026","format":false,"excerpt":"Esta ma\u00f1ana me despert\u00e9 con una noticia que no huele a salitre, sino a p\u00f3lvora. Un\u00a0tiroteo entre tropas guardafronteras y una lancha r\u00e1pida con matr\u00edcula de Florida\u00a0dej\u00f3 un saldo preliminar de\u00a0cuatro muertos y varios heridos\u00a0al norte de\u00a0Corralillo, Villa Clara. El hecho ocurri\u00f3 a 1 milla n\u00e1utica de la costa, cerca\u2026","rel":"","context":"En \u00abNoticias y Actualidad\u00bb","block_context":{"text":"Noticias y Actualidad","link":"https:\/\/akubaa.com\/index.php\/category\/noticias-y-actualidad\/"},"img":{"alt_text":"","src":"https:\/\/i0.wp.com\/akubaa.com\/wp-content\/uploads\/2026\/02\/Imagen-237.jpeg?resize=350%2C200&ssl=1","width":350,"height":200,"srcset":"https:\/\/i0.wp.com\/akubaa.com\/wp-content\/uploads\/2026\/02\/Imagen-237.jpeg?resize=350%2C200&ssl=1 1x, https:\/\/i0.wp.com\/akubaa.com\/wp-content\/uploads\/2026\/02\/Imagen-237.jpeg?resize=525%2C300&ssl=1 1.5x, https:\/\/i0.wp.com\/akubaa.com\/wp-content\/uploads\/2026\/02\/Imagen-237.jpeg?resize=700%2C400&ssl=1 2x, https:\/\/i0.wp.com\/akubaa.com\/wp-content\/uploads\/2026\/02\/Imagen-237.jpeg?resize=1050%2C600&ssl=1 3x, https:\/\/i0.wp.com\/akubaa.com\/wp-content\/uploads\/2026\/02\/Imagen-237.jpeg?resize=1400%2C800&ssl=1 4x"},"classes":[]},{"id":2694,"url":"https:\/\/akubaa.com\/index.php\/2026\/03\/06\/roberto-alvarez-fallecio\/","url_meta":{"origin":2747,"position":4},"title":"Otro nombre en la lista: el quinto cubano que muere tras el tiroteo frente a Villa Clara y las preguntas que nadie logra responder.","author":"AKubaa","date":"03\/06\/2026","format":false,"excerpt":"A veces las noticias sobre Cuba llegan como un golpe seco. Sin aviso. Sin contexto suficiente. Solo un nombre m\u00e1s en una lista que crece. Esta vez el nombre es\u00a0Roberto \u00c1lvarez \u00c1vila, un cubanoamericano de\u00a034 a\u00f1os, padre de\u00a0tres hijas, que seg\u00fan confirm\u00f3 su familia a\u00a0Mart\u00ed Noticias, falleci\u00f3 mientras estaba bajo\u2026","rel":"","context":"En \u00abNoticias y Actualidad\u00bb","block_context":{"text":"Noticias y Actualidad","link":"https:\/\/akubaa.com\/index.php\/category\/noticias-y-actualidad\/"},"img":{"alt_text":"","src":"https:\/\/i0.wp.com\/akubaa.com\/wp-content\/uploads\/2026\/03\/Imagen-254.jpeg?resize=350%2C200&ssl=1","width":350,"height":200,"srcset":"https:\/\/i0.wp.com\/akubaa.com\/wp-content\/uploads\/2026\/03\/Imagen-254.jpeg?resize=350%2C200&ssl=1 1x, https:\/\/i0.wp.com\/akubaa.com\/wp-content\/uploads\/2026\/03\/Imagen-254.jpeg?resize=525%2C300&ssl=1 1.5x, https:\/\/i0.wp.com\/akubaa.com\/wp-content\/uploads\/2026\/03\/Imagen-254.jpeg?resize=700%2C400&ssl=1 2x"},"classes":[]},{"id":2663,"url":"https:\/\/akubaa.com\/index.php\/2026\/02\/26\/duniel-hernandez-santos\/","url_meta":{"origin":2747,"position":5},"title":"\u00bfTerrorismo o cortina de humo?.  El nombre de Duniel Hern\u00e1ndez sacude a Villa Clara y a la di\u00e1spora cubana.","author":"AKubaa","date":"02\/26\/2026","format":false,"excerpt":"El joven detenido en tierra mientras el mar ard\u00eda a tiros Yo he aprendido que en Cuba las historias nunca vienen solas. Siempre traen eco, sospecha y una segunda versi\u00f3n que corre m\u00e1s r\u00e1pido que cualquier lancha en el Estrecho de la Florida. El caso del\u00a0tiroteo frente a costas de\u2026","rel":"","context":"En \u00abNoticias y Actualidad\u00bb","block_context":{"text":"Noticias y Actualidad","link":"https:\/\/akubaa.com\/index.php\/category\/noticias-y-actualidad\/"},"img":{"alt_text":"","src":"https:\/\/i0.wp.com\/akubaa.com\/wp-content\/uploads\/2026\/02\/Imagen-242.jpeg?resize=350%2C200&ssl=1","width":350,"height":200,"srcset":"https:\/\/i0.wp.com\/akubaa.com\/wp-content\/uploads\/2026\/02\/Imagen-242.jpeg?resize=350%2C200&ssl=1 1x, https:\/\/i0.wp.com\/akubaa.com\/wp-content\/uploads\/2026\/02\/Imagen-242.jpeg?resize=525%2C300&ssl=1 1.5x, https:\/\/i0.wp.com\/akubaa.com\/wp-content\/uploads\/2026\/02\/Imagen-242.jpeg?resize=700%2C400&ssl=1 2x"},"classes":[]}],"jetpack_shortlink":"https:\/\/wp.me\/pgrKo3-Ij","_links":{"self":[{"href":"https:\/\/akubaa.com\/index.php\/wp-json\/wp\/v2\/posts\/2747","targetHints":{"allow":["GET"]}}],"collection":[{"href":"https:\/\/akubaa.com\/index.php\/wp-json\/wp\/v2\/posts"}],"about":[{"href":"https:\/\/akubaa.com\/index.php\/wp-json\/wp\/v2\/types\/post"}],"author":[{"embeddable":true,"href":"https:\/\/akubaa.com\/index.php\/wp-json\/wp\/v2\/users\/1"}],"replies":[{"embeddable":true,"href":"https:\/\/akubaa.com\/index.php\/wp-json\/wp\/v2\/comments?post=2747"}],"version-history":[{"count":0,"href":"https:\/\/akubaa.com\/index.php\/wp-json\/wp\/v2\/posts\/2747\/revisions"}],"wp:featuredmedia":[{"embeddable":true,"href":"https:\/\/akubaa.com\/index.php\/wp-json\/wp\/v2\/media\/2749"}],"wp:attachment":[{"href":"https:\/\/akubaa.com\/index.php\/wp-json\/wp\/v2\/media?parent=2747"}],"wp:term":[{"taxonomy":"category","embeddable":true,"href":"https:\/\/akubaa.com\/index.php\/wp-json\/wp\/v2\/categories?post=2747"},{"taxonomy":"post_tag","embeddable":true,"href":"https:\/\/akubaa.com\/index.php\/wp-json\/wp\/v2\/tags?post=2747"}],"curies":[{"name":"wp","href":"https:\/\/api.w.org\/{rel}","templated":true}]}}