{"id":2745,"date":"2026-03-13T19:07:48","date_gmt":"2026-03-13T23:07:48","guid":{"rendered":"https:\/\/akubaa.com\/?p=2745"},"modified":"2026-03-13T19:07:54","modified_gmt":"2026-03-13T23:07:54","slug":"los-cubanos-exiliados","status":"publish","type":"post","link":"https:\/\/akubaa.com\/index.php\/2026\/03\/13\/los-cubanos-exiliados\/","title":{"rendered":"\u00bfRegreso del exilio o jugada desesperada?. Cuba abre la puerta al dinero de los que se fueron."},"content":{"rendered":"\n<p>Hay noticias que, cuando uno las escucha por primera vez, suenan casi irreales. Esta es una de ellas. El r\u00e9gimen cubano anunci\u00f3 que\u00a0<strong>permitir\u00e1 la participaci\u00f3n de los cubanos exiliados en la econom\u00eda del pa\u00eds<\/strong>, una decisi\u00f3n que llega justo en medio de conversaciones con Estados Unidos y bajo la presi\u00f3n directa de la administraci\u00f3n de\u00a0<strong>Donald Trump<\/strong>. La pregunta que muchos cubanos \u2014dentro y fuera de la Isla\u2014 se est\u00e1n haciendo es sencilla, pero profunda: \u00bfEstamos ante un verdadero cambio\u2026 o ante otra maniobra del sistema para sobrevivir?.<\/p>\n\n\n\n<hr class=\"wp-block-separator has-alpha-channel-opacity\"\/>\n\n\n\n<div class=\"wp-block-media-text is-stacked-on-mobile\"><figure class=\"wp-block-media-text__media\"><img loading=\"lazy\" decoding=\"async\" width=\"1024\" height=\"683\" src=\"https:\/\/akubaa.com\/wp-content\/uploads\/2026\/01\/Imagen-223-1024x683.jpeg\" alt=\"\" class=\"wp-image-2445 size-full\" srcset=\"https:\/\/akubaa.com\/wp-content\/uploads\/2026\/01\/Imagen-223-1024x683.jpeg 1024w, https:\/\/akubaa.com\/wp-content\/uploads\/2026\/01\/Imagen-223-600x400.jpeg 600w, https:\/\/akubaa.com\/wp-content\/uploads\/2026\/01\/Imagen-223-300x200.jpeg 300w, https:\/\/akubaa.com\/wp-content\/uploads\/2026\/01\/Imagen-223-768x512.jpeg 768w, https:\/\/akubaa.com\/wp-content\/uploads\/2026\/01\/Imagen-223-1320x880.jpeg 1320w, https:\/\/akubaa.com\/wp-content\/uploads\/2026\/01\/Imagen-223.jpeg 1536w\" sizes=\"auto, (max-width: 1024px) 100vw, 1024px\" \/><\/figure><div class=\"wp-block-media-text__content\">\n<p>\u00bfTienes un negocio? . Publicalo aqu\u00ed ,solo te tarda un minuto y conecta con personas que buscan lo que t\u00fa ofreces.<strong><a href=\"https:\/\/akubaa.com\/index.php\/directorio-de-negocios-cubanos-akubaa\/\">Clic y descubre todas las ventajas\u00a0<\/a><\/strong>que puede obtener t\u00fa ahora mismo. Es hora de llevarte al lugar que merece sin luchar con el algoritmo.<\/p>\n\n\n\n<div class=\"wp-block-buttons is-content-justification-center is-layout-flex wp-container-core-buttons-is-layout-a89b3969 wp-block-buttons-is-layout-flex\">\n<div class=\"wp-block-button\"><a class=\"wp-block-button__link wp-element-button\" href=\"https:\/\/akubaa.com\/index.php\/negocio\/\">PUBLICA TU NEGOCIO AQUI <\/a><\/div>\n<\/div>\n<\/div><\/div>\n\n\n\n<hr class=\"wp-block-separator has-alpha-channel-opacity\"\/>\n\n\n\n<h2 class=\"wp-block-heading\">El exilio vuelve a aparecer en el tablero econ\u00f3mico<\/h2>\n\n\n\n<p>Cuando escuch\u00e9 la noticia, lo primero que pens\u00e9 fue en esa imagen que todos conocemos: Un cubano en\u00a0<strong>Hialeah<\/strong>,\u00a0<strong>Tampa<\/strong>,\u00a0<strong>Madrid<\/strong>\u00a0o\u00a0<strong>Ciudad de M\u00e9xico<\/strong>, trabajando duro durante a\u00f1os, levantando un negocio, enviando remesas a su familia\u2026 y mirando siempre hacia la Isla con una mezcla de nostalgia y rabia. Durante d\u00e9cadas, el discurso oficial fue claro: el\u00a0<strong>exilio cubano<\/strong>\u00a0era poco menos que un enemigo pol\u00edtico. Pero ahora el gobierno parece haber descubierto algo que en Miami siempre se ha sabido: la di\u00e1spora cubana no solo tiene memoria\u2026 tambi\u00e9n tiene capital. Seg\u00fan el anuncio oficial, las autoridades permitir\u00e1n que los\u00a0<strong>cubanos residentes en el exterior inviertan en sectores estrat\u00e9gicos<\/strong>\u00a0de la econom\u00eda. Se habla de \u00e1reas como:<\/p>\n\n\n\n<ul class=\"wp-block-list\">\n<li><strong>Turismo<\/strong><\/li>\n\n\n\n<li><strong>Energ\u00eda<\/strong><\/li>\n\n\n\n<li><strong>Infraestructura portuaria<\/strong><\/li>\n\n\n\n<li><strong>Servicios<\/strong><\/li>\n<\/ul>\n\n\n\n<p>Las medidas concretas ser\u00e1n anunciadas oficialmente por\u00a0<strong>Oscar P\u00e9rez-Oliva Fraga<\/strong>, viceprimer ministro y ministro de Comercio Exterior e Inversi\u00f3n Extranjera, quien adem\u00e1s es\u00a0<strong>sobrino-nieto de los hermanos Castro<\/strong>. Un detalle que en Cuba no pasa desapercibido.<\/p>\n\n\n\n<hr class=\"wp-block-separator has-alpha-channel-opacity\"\/>\n\n\n\n<div class=\"wp-block-jetpack-related-posts\">\n<h2 class=\"wp-block-heading\">Te Puede Interesar <\/h2>\n<\/div>\n\n\n\n<hr class=\"wp-block-separator has-alpha-channel-opacity\"\/>\n\n\n\n<h2 class=\"wp-block-heading\">Trump y la estrategia del cambio econ\u00f3mico<\/h2>\n\n\n\n<p>El contexto geopol\u00edtico es clave. Todo ocurre despu\u00e9s de que\u00a0<strong>Miguel D\u00edaz-Canel<\/strong>\u00a0confirmara el inicio de\u00a0<strong>conversaciones con Estados Unidos<\/strong>, en un escenario donde la administraci\u00f3n de Trump parece apostar por algo diferente: no forzar un\u00a0<strong>cambio de r\u00e9gimen inmediato<\/strong>, sino provocar un\u00a0<strong>cambio econ\u00f3mico gradual<\/strong>. Fuentes citadas por\u00a0<strong>USA Today<\/strong>\u00a0se\u00f1alan que la estrategia de Washington ser\u00eda abrir espacios econ\u00f3micos que terminen presionando al propio sistema desde dentro. Algo similar a lo que algunos analistas han sugerido durante a\u00f1os: si entra el dinero del exilio, inevitablemente entran tambi\u00e9n\u00a0<strong>ideas nuevas, competencia y presi\u00f3n social<\/strong>. En otras palabras, abrir la econom\u00eda puede terminar abriendo mucho m\u00e1s.<\/p>\n\n\n\n<hr class=\"wp-block-separator has-alpha-channel-opacity\"\/>\n\n\n\n<h2 class=\"wp-block-heading\">La promesa que emocion\u00f3 al exilio<\/h2>\n\n\n\n<p>Uno de los momentos m\u00e1s simb\u00f3licos ocurri\u00f3 cuando&nbsp;<strong>Donald Trump<\/strong>&nbsp;habl\u00f3 directamente con&nbsp;<strong>Jorge Mas Santos<\/strong>, copropietario del&nbsp;<strong>Inter Miami<\/strong>&nbsp;y figura influyente del exilio cubano.<\/p>\n\n\n\n<p>Trump dijo algo que para muchos cubanos son\u00f3 como un eco hist\u00f3rico:<\/p>\n\n\n\n<blockquote class=\"wp-block-quote is-layout-flow wp-block-quote-is-layout-flow\">\n<p>\u201cLos que vinieron de Cuba van a regresar. No necesitar\u00e1n mi aprobaci\u00f3n. Simplemente volar\u00e1n de regreso cuando quieran.\u201d<\/p>\n<\/blockquote>\n\n\n\n<p>La respuesta de Mas Santos fue simple, pero poderosa:<\/p>\n\n\n\n<blockquote class=\"wp-block-quote is-layout-flow wp-block-quote-is-layout-flow\">\n<p>\u201cVa a ser un d\u00eda incre\u00edble.\u201d<\/p>\n<\/blockquote>\n\n\n\n<p>Para muchos cubanos en Miami, esa frase tiene el peso de generaciones enteras.<\/p>\n\n\n\n<h2 class=\"wp-block-heading\">La presi\u00f3n de la crisis en Cuba<\/h2>\n\n\n\n<p>Pero no nos enga\u00f1emos. Esta apertura no llega en un momento de prosperidad. Llega cuando\u00a0<strong>Cuba enfrenta una de las peores crisis energ\u00e9ticas y econ\u00f3micas en d\u00e9cadas<\/strong>. Apagones, escasez de combustible, inflaci\u00f3n, migraci\u00f3n masiva\u2026 el sistema est\u00e1 bajo presi\u00f3n. Y en pol\u00edtica, cuando el agua llega al cuello, los gobiernos hacen cosas que antes parec\u00edan impensables.<\/p>\n\n\n\n<hr class=\"wp-block-separator has-alpha-channel-opacity\"\/>\n\n\n\n<h2 class=\"wp-block-heading\">La visi\u00f3n de AKubaa<\/h2>\n\n\n\n<p>Desde\u00a0<strong><a href=\"https:\/\/akmundovirtual.com\" type=\"link\" id=\"https:\/\/akmundovirtual.com\">AKubaa<\/a><\/strong>, lo vemos con cautela. Porque los cubanos sabemos algo que no aparece en los comunicados oficiales: la historia de Cuba est\u00e1 llena de\u00a0<strong>reformas anunciadas con entusiasmo\u2026 que luego terminan atrapadas en la burocracia o el control pol\u00edtico<\/strong>. Sin embargo, tambi\u00e9n sabemos algo m\u00e1s. La\u00a0<strong>di\u00e1spora cubana<\/strong>\u00a0es hoy una de las comunidades m\u00e1s emprendedoras del hemisferio. Basta caminar por\u00a0<strong>Hialeah<\/strong>,\u00a0<strong>Doral<\/strong>,\u00a0<strong>Tampa<\/strong>\u00a0o\u00a0<strong>Madrid<\/strong>\u00a0para verlo: restaurantes, empresas tecnol\u00f3gicas, constructoras, startups. Si alg\u00fan d\u00eda ese talento logra entrar de verdad en la econom\u00eda cubana\u2026 el impacto podr\u00eda ser enorme. La pregunta ahora no es solo econ\u00f3mica. Es hist\u00f3rica. \u00bfEstamos viendo el comienzo de un cambio real\u2026 o simplemente otra estrategia del poder para ganar tiempo?<\/p>\n\n\n\n<p>Te leo en los comentarios. La conversaci\u00f3n contin\u00faa en\u00a0<strong>AKubaa<\/strong>\u00a0y en nuestras redes. \ud83c\udde8\ud83c\uddfa\ud83d\udd25<\/p>\n\n\n\n<hr class=\"wp-block-separator has-alpha-channel-opacity\"\/>\n\n\n\n<h2 class=\"wp-block-heading\">M\u00e1s en AKubaa<\/h2>\n\n\n<ul class=\"wp-block-latest-posts__list is-grid columns-3 wp-block-latest-posts\"><li><div class=\"wp-block-latest-posts__featured-image aligncenter\"><a href=\"https:\/\/akubaa.com\/index.php\/2026\/04\/21\/imaray-ulloa-de-influecer-a-ganadora-de-fisicoculturismo\/\" aria-label=\"Imaray Ulloa se sube a otra tarima: dos medallas, ocho meses de disciplina y una lecci\u00f3n que la di\u00e1spora entendi\u00f3 enseguida.\"><img loading=\"lazy\" decoding=\"async\" width=\"150\" height=\"150\" src=\"https:\/\/akubaa.com\/wp-content\/uploads\/2026\/04\/image-14-150x150.png\" class=\"attachment-thumbnail size-thumbnail wp-post-image\" alt=\"\" style=\"\" srcset=\"https:\/\/akubaa.com\/wp-content\/uploads\/2026\/04\/image-14-150x150.png 150w, https:\/\/akubaa.com\/wp-content\/uploads\/2026\/04\/image-14-300x300.png 300w, https:\/\/akubaa.com\/wp-content\/uploads\/2026\/04\/image-14-100x100.png 100w\" sizes=\"auto, (max-width: 150px) 100vw, 150px\" \/><\/a><\/div><a class=\"wp-block-latest-posts__post-title\" href=\"https:\/\/akubaa.com\/index.php\/2026\/04\/21\/imaray-ulloa-de-influecer-a-ganadora-de-fisicoculturismo\/\">Imaray Ulloa se sube a otra tarima: dos medallas, ocho meses de disciplina y una lecci\u00f3n que la di\u00e1spora entendi\u00f3 enseguida.<\/a><\/li>\n<li><div class=\"wp-block-latest-posts__featured-image aligncenter\"><a href=\"https:\/\/akubaa.com\/index.php\/2026\/04\/10\/horoscopo-del-10-de-abril-de-2026\/\" aria-label=\"Hor\u00f3scopo del 10 de abril de 2026: lo que el universo te quiere decir hoy (y lo que debes evitar a toda costa).\u00a0\"><img loading=\"lazy\" decoding=\"async\" width=\"150\" height=\"150\" src=\"https:\/\/akubaa.com\/wp-content\/uploads\/2026\/04\/image-13-150x150.png\" class=\"attachment-thumbnail size-thumbnail wp-post-image\" alt=\"\" style=\"\" srcset=\"https:\/\/akubaa.com\/wp-content\/uploads\/2026\/04\/image-13-150x150.png 150w, https:\/\/akubaa.com\/wp-content\/uploads\/2026\/04\/image-13-300x300.png 300w, https:\/\/akubaa.com\/wp-content\/uploads\/2026\/04\/image-13-100x100.png 100w\" sizes=\"auto, (max-width: 150px) 100vw, 150px\" \/><\/a><\/div><a class=\"wp-block-latest-posts__post-title\" href=\"https:\/\/akubaa.com\/index.php\/2026\/04\/10\/horoscopo-del-10-de-abril-de-2026\/\">Hor\u00f3scopo del 10 de abril de 2026: lo que el universo te quiere decir hoy (y lo que debes evitar a toda costa).\u00a0<\/a><\/li>\n<li><div class=\"wp-block-latest-posts__featured-image aligncenter\"><a href=\"https:\/\/akubaa.com\/index.php\/2026\/04\/09\/horoscopo-del-9-de-abril-de-2026\/\" aria-label=\"\ud83d\udd2e\u00a0Hor\u00f3scopo del 9 de abril de 2026: lo que viene no es casualidad\u2026 es destino (y t\u00fa lo vas a sentir hoy).\"><img loading=\"lazy\" decoding=\"async\" width=\"150\" height=\"150\" src=\"https:\/\/akubaa.com\/wp-content\/uploads\/2026\/04\/image-12-150x150.png\" class=\"attachment-thumbnail size-thumbnail wp-post-image\" alt=\"\" style=\"\" srcset=\"https:\/\/akubaa.com\/wp-content\/uploads\/2026\/04\/image-12-150x150.png 150w, https:\/\/akubaa.com\/wp-content\/uploads\/2026\/04\/image-12-300x300.png 300w, https:\/\/akubaa.com\/wp-content\/uploads\/2026\/04\/image-12-100x100.png 100w\" sizes=\"auto, (max-width: 150px) 100vw, 150px\" \/><\/a><\/div><a class=\"wp-block-latest-posts__post-title\" href=\"https:\/\/akubaa.com\/index.php\/2026\/04\/09\/horoscopo-del-9-de-abril-de-2026\/\">\ud83d\udd2e\u00a0Hor\u00f3scopo del 9 de abril de 2026: lo que viene no es casualidad\u2026 es destino (y t\u00fa lo vas a sentir hoy).<\/a><\/li>\n<li><div class=\"wp-block-latest-posts__featured-image aligncenter\"><a href=\"https:\/\/akubaa.com\/index.php\/2026\/04\/08\/horoscopo-del-8-de-abril-de-2026\/\" aria-label=\"\ud83d\udd2e\u00a0Hor\u00f3scopo del 8 de abril de 2026: lo que el destino no te est\u00e1 diciendo (y deber\u00edas escuchar hoy).\"><img loading=\"lazy\" decoding=\"async\" width=\"150\" height=\"150\" src=\"https:\/\/akubaa.com\/wp-content\/uploads\/2026\/04\/image-11-150x150.png\" class=\"attachment-thumbnail size-thumbnail wp-post-image\" alt=\"\" style=\"\" srcset=\"https:\/\/akubaa.com\/wp-content\/uploads\/2026\/04\/image-11-150x150.png 150w, https:\/\/akubaa.com\/wp-content\/uploads\/2026\/04\/image-11-300x300.png 300w, https:\/\/akubaa.com\/wp-content\/uploads\/2026\/04\/image-11-100x100.png 100w\" sizes=\"auto, (max-width: 150px) 100vw, 150px\" \/><\/a><\/div><a class=\"wp-block-latest-posts__post-title\" href=\"https:\/\/akubaa.com\/index.php\/2026\/04\/08\/horoscopo-del-8-de-abril-de-2026\/\">\ud83d\udd2e\u00a0Hor\u00f3scopo del 8 de abril de 2026: lo que el destino no te est\u00e1 diciendo (y deber\u00edas escuchar hoy).<\/a><\/li>\n<li><div class=\"wp-block-latest-posts__featured-image aligncenter\"><a href=\"https:\/\/akubaa.com\/index.php\/2026\/04\/07\/leoni-torres-y-el-b-convierten-cubano-en-un-grito-de-identidad-y-libertad\/\" aria-label=\"\u201cViva Cuba Libre\u201d: la canci\u00f3n que no es solo m\u00fasica\u2026 es un mensaje que ya no se puede callar.\"><img loading=\"lazy\" decoding=\"async\" width=\"150\" height=\"150\" src=\"https:\/\/akubaa.com\/wp-content\/uploads\/2026\/04\/image-10-150x150.png\" class=\"attachment-thumbnail size-thumbnail wp-post-image\" alt=\"\" style=\"\" srcset=\"https:\/\/akubaa.com\/wp-content\/uploads\/2026\/04\/image-10-150x150.png 150w, https:\/\/akubaa.com\/wp-content\/uploads\/2026\/04\/image-10-300x300.png 300w, https:\/\/akubaa.com\/wp-content\/uploads\/2026\/04\/image-10-100x100.png 100w\" sizes=\"auto, (max-width: 150px) 100vw, 150px\" \/><\/a><\/div><a class=\"wp-block-latest-posts__post-title\" href=\"https:\/\/akubaa.com\/index.php\/2026\/04\/07\/leoni-torres-y-el-b-convierten-cubano-en-un-grito-de-identidad-y-libertad\/\">\u201cViva Cuba Libre\u201d: la canci\u00f3n que no es solo m\u00fasica\u2026 es un mensaje que ya no se puede callar.<\/a><\/li>\n<li><div class=\"wp-block-latest-posts__featured-image aligncenter\"><a href=\"https:\/\/akubaa.com\/index.php\/2026\/04\/07\/horoscopo-del-7-de-abril-de-2026\/\" aria-label=\"\ud83d\udd2e\u00a0Hor\u00f3scopo del 7 de abril de 2026: lo que viene no avisa\u2026 pero s\u00ed se siente.\"><img loading=\"lazy\" decoding=\"async\" width=\"150\" height=\"150\" src=\"https:\/\/akubaa.com\/wp-content\/uploads\/2026\/04\/image-9-150x150.png\" class=\"attachment-thumbnail size-thumbnail wp-post-image\" alt=\"\" style=\"\" srcset=\"https:\/\/akubaa.com\/wp-content\/uploads\/2026\/04\/image-9-150x150.png 150w, https:\/\/akubaa.com\/wp-content\/uploads\/2026\/04\/image-9-300x300.png 300w, https:\/\/akubaa.com\/wp-content\/uploads\/2026\/04\/image-9-100x100.png 100w\" sizes=\"auto, (max-width: 150px) 100vw, 150px\" \/><\/a><\/div><a class=\"wp-block-latest-posts__post-title\" href=\"https:\/\/akubaa.com\/index.php\/2026\/04\/07\/horoscopo-del-7-de-abril-de-2026\/\">\ud83d\udd2e\u00a0Hor\u00f3scopo del 7 de abril de 2026: lo que viene no avisa\u2026 pero s\u00ed se siente.<\/a><\/li>\n<\/ul>","protected":false},"excerpt":{"rendered":"<p>Hay noticias que, cuando uno las escucha por primera vez, suenan casi irreales. Esta es una de ellas. El r\u00e9gimen cubano anunci\u00f3 que\u00a0permitir\u00e1 la participaci\u00f3n de los cubanos exiliados en la econom\u00eda del pa\u00eds, una decisi\u00f3n que llega justo en medio de conversaciones con Estados Unidos y bajo la presi\u00f3n directa de la administraci\u00f3n de\u00a0Donald [&hellip;]<\/p>\n","protected":false},"author":1,"featured_media":2746,"comment_status":"open","ping_status":"open","sticky":false,"template":"","format":"standard","meta":{"jetpack_post_was_ever_published":false,"_jetpack_newsletter_access":"","_jetpack_dont_email_post_to_subs":false,"_jetpack_newsletter_tier_id":0,"_jetpack_memberships_contains_paywalled_content":false,"_jetpack_memberships_contains_paid_content":false,"footnotes":"","jetpack_publicize_message":"","jetpack_publicize_feature_enabled":true,"jetpack_social_post_already_shared":true,"jetpack_social_options":{"image_generator_settings":{"template":"highway","default_image_id":0,"font":"","enabled":false},"version":2}},"categories":[1],"tags":[],"class_list":["post-2745","post","type-post","status-publish","format-standard","has-post-thumbnail","hentry","category-uncategorized"],"yoast_head":"<!-- This site is optimized with the Yoast SEO plugin v27.5 - https:\/\/yoast.com\/product\/yoast-seo-wordpress\/ -->\n<title>Los cubanos exiliados podr\u00edan participar en la econom\u00eda de su pa\u00eds - AKubaa<\/title>\n<meta name=\"description\" content=\"El r\u00e9gimen cubano anunci\u00f3 que\u00a0permitir\u00e1 la participaci\u00f3n de los cubanos exiliados en la econom\u00eda del pa\u00eds, la realidad de esto...\" \/>\n<meta name=\"robots\" content=\"index, follow, max-snippet:-1, max-image-preview:large, max-video-preview:-1\" \/>\n<link rel=\"canonical\" href=\"https:\/\/akubaa.com\/index.php\/2026\/03\/13\/los-cubanos-exiliados\/\" \/>\n<meta property=\"og:locale\" content=\"es_ES\" \/>\n<meta property=\"og:type\" content=\"article\" \/>\n<meta property=\"og:title\" content=\"Los cubanos exiliados podr\u00edan participar en la econom\u00eda de su pa\u00eds - AKubaa\" \/>\n<meta property=\"og:description\" content=\"El r\u00e9gimen cubano anunci\u00f3 que\u00a0permitir\u00e1 la participaci\u00f3n de los cubanos exiliados en la econom\u00eda del pa\u00eds, la realidad de esto...\" \/>\n<meta property=\"og:url\" content=\"https:\/\/akubaa.com\/index.php\/2026\/03\/13\/los-cubanos-exiliados\/\" \/>\n<meta property=\"og:site_name\" content=\"AKubaa\" \/>\n<meta property=\"article:publisher\" content=\"https:\/\/www.facebook.com\/akubaa\" \/>\n<meta property=\"article:author\" content=\"https:\/\/www.facebook.com\/akubaa\" \/>\n<meta property=\"article:published_time\" content=\"2026-03-13T23:07:48+00:00\" \/>\n<meta property=\"article:modified_time\" content=\"2026-03-13T23:07:54+00:00\" \/>\n<meta property=\"og:image\" content=\"https:\/\/akubaa.com\/wp-content\/uploads\/2026\/03\/image-2.png\" \/>\n\t<meta property=\"og:image:width\" content=\"1536\" \/>\n\t<meta property=\"og:image:height\" content=\"1024\" \/>\n\t<meta property=\"og:image:type\" content=\"image\/png\" \/>\n<meta name=\"author\" content=\"AKubaa\" \/>\n<meta name=\"twitter:card\" content=\"summary_large_image\" \/>\n<meta name=\"twitter:label1\" content=\"Escrito por\" \/>\n\t<meta name=\"twitter:data1\" content=\"AKubaa\" \/>\n\t<meta name=\"twitter:label2\" content=\"Tiempo de lectura\" \/>\n\t<meta name=\"twitter:data2\" content=\"4 minutos\" \/>\n<script type=\"application\/ld+json\" class=\"yoast-schema-graph\">{\"@context\":\"https:\\\/\\\/schema.org\",\"@graph\":[{\"@type\":\"Article\",\"@id\":\"https:\\\/\\\/akubaa.com\\\/index.php\\\/2026\\\/03\\\/13\\\/los-cubanos-exiliados\\\/#article\",\"isPartOf\":{\"@id\":\"https:\\\/\\\/akubaa.com\\\/index.php\\\/2026\\\/03\\\/13\\\/los-cubanos-exiliados\\\/\"},\"author\":{\"name\":\"AKubaa\",\"@id\":\"https:\\\/\\\/akubaa.com\\\/#\\\/schema\\\/person\\\/b096b63c1ad27204e55fabb2cf2153a5\"},\"headline\":\"\u00bfRegreso del exilio o jugada desesperada?. Cuba abre la puerta al dinero de los que se fueron.\",\"datePublished\":\"2026-03-13T23:07:48+00:00\",\"dateModified\":\"2026-03-13T23:07:54+00:00\",\"mainEntityOfPage\":{\"@id\":\"https:\\\/\\\/akubaa.com\\\/index.php\\\/2026\\\/03\\\/13\\\/los-cubanos-exiliados\\\/\"},\"wordCount\":809,\"commentCount\":0,\"publisher\":{\"@id\":\"https:\\\/\\\/akubaa.com\\\/#\\\/schema\\\/person\\\/b096b63c1ad27204e55fabb2cf2153a5\"},\"image\":{\"@id\":\"https:\\\/\\\/akubaa.com\\\/index.php\\\/2026\\\/03\\\/13\\\/los-cubanos-exiliados\\\/#primaryimage\"},\"thumbnailUrl\":\"https:\\\/\\\/akubaa.com\\\/wp-content\\\/uploads\\\/2026\\\/03\\\/image-2.png\",\"articleSection\":[\"Uncategorized\"],\"inLanguage\":\"es\",\"potentialAction\":[{\"@type\":\"CommentAction\",\"name\":\"Comment\",\"target\":[\"https:\\\/\\\/akubaa.com\\\/index.php\\\/2026\\\/03\\\/13\\\/los-cubanos-exiliados\\\/#respond\"]}]},{\"@type\":\"WebPage\",\"@id\":\"https:\\\/\\\/akubaa.com\\\/index.php\\\/2026\\\/03\\\/13\\\/los-cubanos-exiliados\\\/\",\"url\":\"https:\\\/\\\/akubaa.com\\\/index.php\\\/2026\\\/03\\\/13\\\/los-cubanos-exiliados\\\/\",\"name\":\"Los cubanos exiliados podr\u00edan participar en la econom\u00eda de su pa\u00eds - AKubaa\",\"isPartOf\":{\"@id\":\"https:\\\/\\\/akubaa.com\\\/#website\"},\"primaryImageOfPage\":{\"@id\":\"https:\\\/\\\/akubaa.com\\\/index.php\\\/2026\\\/03\\\/13\\\/los-cubanos-exiliados\\\/#primaryimage\"},\"image\":{\"@id\":\"https:\\\/\\\/akubaa.com\\\/index.php\\\/2026\\\/03\\\/13\\\/los-cubanos-exiliados\\\/#primaryimage\"},\"thumbnailUrl\":\"https:\\\/\\\/akubaa.com\\\/wp-content\\\/uploads\\\/2026\\\/03\\\/image-2.png\",\"datePublished\":\"2026-03-13T23:07:48+00:00\",\"dateModified\":\"2026-03-13T23:07:54+00:00\",\"description\":\"El r\u00e9gimen cubano anunci\u00f3 que\u00a0permitir\u00e1 la participaci\u00f3n de los cubanos exiliados en la econom\u00eda del pa\u00eds, la realidad de esto...\",\"breadcrumb\":{\"@id\":\"https:\\\/\\\/akubaa.com\\\/index.php\\\/2026\\\/03\\\/13\\\/los-cubanos-exiliados\\\/#breadcrumb\"},\"inLanguage\":\"es\",\"potentialAction\":[{\"@type\":\"ReadAction\",\"target\":[\"https:\\\/\\\/akubaa.com\\\/index.php\\\/2026\\\/03\\\/13\\\/los-cubanos-exiliados\\\/\"]}]},{\"@type\":\"ImageObject\",\"inLanguage\":\"es\",\"@id\":\"https:\\\/\\\/akubaa.com\\\/index.php\\\/2026\\\/03\\\/13\\\/los-cubanos-exiliados\\\/#primaryimage\",\"url\":\"https:\\\/\\\/akubaa.com\\\/wp-content\\\/uploads\\\/2026\\\/03\\\/image-2.png\",\"contentUrl\":\"https:\\\/\\\/akubaa.com\\\/wp-content\\\/uploads\\\/2026\\\/03\\\/image-2.png\",\"width\":1536,\"height\":1024},{\"@type\":\"BreadcrumbList\",\"@id\":\"https:\\\/\\\/akubaa.com\\\/index.php\\\/2026\\\/03\\\/13\\\/los-cubanos-exiliados\\\/#breadcrumb\",\"itemListElement\":[{\"@type\":\"ListItem\",\"position\":1,\"name\":\"Portada\",\"item\":\"https:\\\/\\\/akubaa.com\\\/\"},{\"@type\":\"ListItem\",\"position\":2,\"name\":\"\u00bfRegreso del exilio o jugada desesperada?. Cuba abre la puerta al dinero de los que se fueron.\"}]},{\"@type\":\"WebSite\",\"@id\":\"https:\\\/\\\/akubaa.com\\\/#website\",\"url\":\"https:\\\/\\\/akubaa.com\\\/\",\"name\":\"AKubaa\",\"description\":\"Vive ,conoce y disfruta Cuba al estilo de A&amp;K.\",\"publisher\":{\"@id\":\"https:\\\/\\\/akubaa.com\\\/#\\\/schema\\\/person\\\/b096b63c1ad27204e55fabb2cf2153a5\"},\"potentialAction\":[{\"@type\":\"SearchAction\",\"target\":{\"@type\":\"EntryPoint\",\"urlTemplate\":\"https:\\\/\\\/akubaa.com\\\/?s={search_term_string}\"},\"query-input\":{\"@type\":\"PropertyValueSpecification\",\"valueRequired\":true,\"valueName\":\"search_term_string\"}}],\"inLanguage\":\"es\"},{\"@type\":[\"Person\",\"Organization\"],\"@id\":\"https:\\\/\\\/akubaa.com\\\/#\\\/schema\\\/person\\\/b096b63c1ad27204e55fabb2cf2153a5\",\"name\":\"AKubaa\",\"image\":{\"@type\":\"ImageObject\",\"inLanguage\":\"es\",\"@id\":\"https:\\\/\\\/akubaa.com\\\/wp-content\\\/uploads\\\/2025\\\/08\\\/Imagen-17.jpeg\",\"url\":\"https:\\\/\\\/akubaa.com\\\/wp-content\\\/uploads\\\/2025\\\/08\\\/Imagen-17.jpeg\",\"contentUrl\":\"https:\\\/\\\/akubaa.com\\\/wp-content\\\/uploads\\\/2025\\\/08\\\/Imagen-17.jpeg\",\"width\":1024,\"height\":1024,\"caption\":\"AKubaa\"},\"logo\":{\"@id\":\"https:\\\/\\\/akubaa.com\\\/wp-content\\\/uploads\\\/2025\\\/08\\\/Imagen-17.jpeg\"},\"sameAs\":[\"https:\\\/\\\/akubaa.com\",\"https:\\\/\\\/www.facebook.com\\\/akubaa\",\"https:\\\/\\\/www.instagram.com\\\/akubaa?\"],\"url\":\"https:\\\/\\\/akubaa.com\\\/index.php\\\/profile\\\/admin\\\/\"}]}<\/script>\n<!-- \/ Yoast SEO plugin. -->","yoast_head_json":{"title":"Los cubanos exiliados podr\u00edan participar en la econom\u00eda de su pa\u00eds - AKubaa","description":"El r\u00e9gimen cubano anunci\u00f3 que\u00a0permitir\u00e1 la participaci\u00f3n de los cubanos exiliados en la econom\u00eda del pa\u00eds, la realidad de esto...","robots":{"index":"index","follow":"follow","max-snippet":"max-snippet:-1","max-image-preview":"max-image-preview:large","max-video-preview":"max-video-preview:-1"},"canonical":"https:\/\/akubaa.com\/index.php\/2026\/03\/13\/los-cubanos-exiliados\/","og_locale":"es_ES","og_type":"article","og_title":"Los cubanos exiliados podr\u00edan participar en la econom\u00eda de su pa\u00eds - AKubaa","og_description":"El r\u00e9gimen cubano anunci\u00f3 que\u00a0permitir\u00e1 la participaci\u00f3n de los cubanos exiliados en la econom\u00eda del pa\u00eds, la realidad de esto...","og_url":"https:\/\/akubaa.com\/index.php\/2026\/03\/13\/los-cubanos-exiliados\/","og_site_name":"AKubaa","article_publisher":"https:\/\/www.facebook.com\/akubaa","article_author":"https:\/\/www.facebook.com\/akubaa","article_published_time":"2026-03-13T23:07:48+00:00","article_modified_time":"2026-03-13T23:07:54+00:00","og_image":[{"width":1536,"height":1024,"url":"https:\/\/akubaa.com\/wp-content\/uploads\/2026\/03\/image-2.png","type":"image\/png"}],"author":"AKubaa","twitter_card":"summary_large_image","twitter_misc":{"Escrito por":"AKubaa","Tiempo de lectura":"4 minutos"},"schema":{"@context":"https:\/\/schema.org","@graph":[{"@type":"Article","@id":"https:\/\/akubaa.com\/index.php\/2026\/03\/13\/los-cubanos-exiliados\/#article","isPartOf":{"@id":"https:\/\/akubaa.com\/index.php\/2026\/03\/13\/los-cubanos-exiliados\/"},"author":{"name":"AKubaa","@id":"https:\/\/akubaa.com\/#\/schema\/person\/b096b63c1ad27204e55fabb2cf2153a5"},"headline":"\u00bfRegreso del exilio o jugada desesperada?. Cuba abre la puerta al dinero de los que se fueron.","datePublished":"2026-03-13T23:07:48+00:00","dateModified":"2026-03-13T23:07:54+00:00","mainEntityOfPage":{"@id":"https:\/\/akubaa.com\/index.php\/2026\/03\/13\/los-cubanos-exiliados\/"},"wordCount":809,"commentCount":0,"publisher":{"@id":"https:\/\/akubaa.com\/#\/schema\/person\/b096b63c1ad27204e55fabb2cf2153a5"},"image":{"@id":"https:\/\/akubaa.com\/index.php\/2026\/03\/13\/los-cubanos-exiliados\/#primaryimage"},"thumbnailUrl":"https:\/\/akubaa.com\/wp-content\/uploads\/2026\/03\/image-2.png","articleSection":["Uncategorized"],"inLanguage":"es","potentialAction":[{"@type":"CommentAction","name":"Comment","target":["https:\/\/akubaa.com\/index.php\/2026\/03\/13\/los-cubanos-exiliados\/#respond"]}]},{"@type":"WebPage","@id":"https:\/\/akubaa.com\/index.php\/2026\/03\/13\/los-cubanos-exiliados\/","url":"https:\/\/akubaa.com\/index.php\/2026\/03\/13\/los-cubanos-exiliados\/","name":"Los cubanos exiliados podr\u00edan participar en la econom\u00eda de su pa\u00eds - AKubaa","isPartOf":{"@id":"https:\/\/akubaa.com\/#website"},"primaryImageOfPage":{"@id":"https:\/\/akubaa.com\/index.php\/2026\/03\/13\/los-cubanos-exiliados\/#primaryimage"},"image":{"@id":"https:\/\/akubaa.com\/index.php\/2026\/03\/13\/los-cubanos-exiliados\/#primaryimage"},"thumbnailUrl":"https:\/\/akubaa.com\/wp-content\/uploads\/2026\/03\/image-2.png","datePublished":"2026-03-13T23:07:48+00:00","dateModified":"2026-03-13T23:07:54+00:00","description":"El r\u00e9gimen cubano anunci\u00f3 que\u00a0permitir\u00e1 la participaci\u00f3n de los cubanos exiliados en la econom\u00eda del pa\u00eds, la realidad de esto...","breadcrumb":{"@id":"https:\/\/akubaa.com\/index.php\/2026\/03\/13\/los-cubanos-exiliados\/#breadcrumb"},"inLanguage":"es","potentialAction":[{"@type":"ReadAction","target":["https:\/\/akubaa.com\/index.php\/2026\/03\/13\/los-cubanos-exiliados\/"]}]},{"@type":"ImageObject","inLanguage":"es","@id":"https:\/\/akubaa.com\/index.php\/2026\/03\/13\/los-cubanos-exiliados\/#primaryimage","url":"https:\/\/akubaa.com\/wp-content\/uploads\/2026\/03\/image-2.png","contentUrl":"https:\/\/akubaa.com\/wp-content\/uploads\/2026\/03\/image-2.png","width":1536,"height":1024},{"@type":"BreadcrumbList","@id":"https:\/\/akubaa.com\/index.php\/2026\/03\/13\/los-cubanos-exiliados\/#breadcrumb","itemListElement":[{"@type":"ListItem","position":1,"name":"Portada","item":"https:\/\/akubaa.com\/"},{"@type":"ListItem","position":2,"name":"\u00bfRegreso del exilio o jugada desesperada?. Cuba abre la puerta al dinero de los que se fueron."}]},{"@type":"WebSite","@id":"https:\/\/akubaa.com\/#website","url":"https:\/\/akubaa.com\/","name":"AKubaa","description":"Vive ,conoce y disfruta Cuba al estilo de A&amp;K.","publisher":{"@id":"https:\/\/akubaa.com\/#\/schema\/person\/b096b63c1ad27204e55fabb2cf2153a5"},"potentialAction":[{"@type":"SearchAction","target":{"@type":"EntryPoint","urlTemplate":"https:\/\/akubaa.com\/?s={search_term_string}"},"query-input":{"@type":"PropertyValueSpecification","valueRequired":true,"valueName":"search_term_string"}}],"inLanguage":"es"},{"@type":["Person","Organization"],"@id":"https:\/\/akubaa.com\/#\/schema\/person\/b096b63c1ad27204e55fabb2cf2153a5","name":"AKubaa","image":{"@type":"ImageObject","inLanguage":"es","@id":"https:\/\/akubaa.com\/wp-content\/uploads\/2025\/08\/Imagen-17.jpeg","url":"https:\/\/akubaa.com\/wp-content\/uploads\/2025\/08\/Imagen-17.jpeg","contentUrl":"https:\/\/akubaa.com\/wp-content\/uploads\/2025\/08\/Imagen-17.jpeg","width":1024,"height":1024,"caption":"AKubaa"},"logo":{"@id":"https:\/\/akubaa.com\/wp-content\/uploads\/2025\/08\/Imagen-17.jpeg"},"sameAs":["https:\/\/akubaa.com","https:\/\/www.facebook.com\/akubaa","https:\/\/www.instagram.com\/akubaa?"],"url":"https:\/\/akubaa.com\/index.php\/profile\/admin\/"}]}},"jetpack_publicize_connections":[],"jetpack_featured_media_url":"https:\/\/akubaa.com\/wp-content\/uploads\/2026\/03\/image-2.png","jetpack_sharing_enabled":true,"jetpack_likes_enabled":true,"jetpack-related-posts":[{"id":2882,"url":"https:\/\/akubaa.com\/index.php\/2026\/03\/26\/cubanos-en-el-exilio-exigen-acciones-contra-el-regimen-cubano\/","url_meta":{"origin":2745,"position":0},"title":"\u201cAct\u00faen ya\u201d: el grito del exilio cubano que retumba en Miami y apunta directo a Trump.","author":"AKubaa","date":"03\/26\/2026","format":false,"excerpt":"Cubanos en el exilio exigen acciones contra el r\u00e9gimen cubano Anoche, mientras el calor de\u00a0Hialeah\u00a0se mezclaba con banderas y consignas, sent\u00ed algo que hace tiempo no ve\u00eda tan claro:\u00a0unidad con rabia, pero tambi\u00e9n con esperanza. M\u00e1s de 7.000 cubanos se reunieron en el Milander Park para el \u201cFree Cuba Rally\u201d,\u2026","rel":"","context":"En \u00abNoticias y Actualidad\u00bb","block_context":{"text":"Noticias y Actualidad","link":"https:\/\/akubaa.com\/index.php\/category\/noticias-y-actualidad\/"},"img":{"alt_text":"","src":"https:\/\/i0.wp.com\/akubaa.com\/wp-content\/uploads\/2026\/03\/image-60.png?resize=350%2C200&ssl=1","width":350,"height":200,"srcset":"https:\/\/i0.wp.com\/akubaa.com\/wp-content\/uploads\/2026\/03\/image-60.png?resize=350%2C200&ssl=1 1x, https:\/\/i0.wp.com\/akubaa.com\/wp-content\/uploads\/2026\/03\/image-60.png?resize=525%2C300&ssl=1 1.5x, https:\/\/i0.wp.com\/akubaa.com\/wp-content\/uploads\/2026\/03\/image-60.png?resize=700%2C400&ssl=1 2x, https:\/\/i0.wp.com\/akubaa.com\/wp-content\/uploads\/2026\/03\/image-60.png?resize=1050%2C600&ssl=1 3x, https:\/\/i0.wp.com\/akubaa.com\/wp-content\/uploads\/2026\/03\/image-60.png?resize=1400%2C800&ssl=1 4x"},"classes":[]},{"id":2691,"url":"https:\/\/akubaa.com\/index.php\/2026\/03\/06\/cuando-la-historia-susurra-en-la-casa-blanca-la-frase-de-trump-que-hizo-sonar-al-exilio-cubano\/","url_meta":{"origin":2745,"position":1},"title":"Cuando la historia susurra en la Casa Blanca: la frase de Trump que hizo so\u00f1ar al exilio cubano.","author":"AKubaa","date":"03\/06\/2026","format":false,"excerpt":"Hay momentos en la pol\u00edtica que pasan como simples frases en una ceremonia, casi como comentarios al pasar entre c\u00e1maras, aplausos y sonrisas diplom\u00e1ticas. Pero otras veces, una sola frase puede encender la imaginaci\u00f3n de millones de personas que llevan d\u00e9cadas esperando algo que parece imposible. Eso fue exactamente lo\u2026","rel":"","context":"Entrada similar","block_context":{"text":"Entrada similar","link":""},"img":{"alt_text":"","src":"https:\/\/i0.wp.com\/akubaa.com\/wp-content\/uploads\/2026\/03\/Imagen-252.jpeg?resize=350%2C200&ssl=1","width":350,"height":200,"srcset":"https:\/\/i0.wp.com\/akubaa.com\/wp-content\/uploads\/2026\/03\/Imagen-252.jpeg?resize=350%2C200&ssl=1 1x, https:\/\/i0.wp.com\/akubaa.com\/wp-content\/uploads\/2026\/03\/Imagen-252.jpeg?resize=525%2C300&ssl=1 1.5x, https:\/\/i0.wp.com\/akubaa.com\/wp-content\/uploads\/2026\/03\/Imagen-252.jpeg?resize=700%2C400&ssl=1 2x, https:\/\/i0.wp.com\/akubaa.com\/wp-content\/uploads\/2026\/03\/Imagen-252.jpeg?resize=1050%2C600&ssl=1 3x, https:\/\/i0.wp.com\/akubaa.com\/wp-content\/uploads\/2026\/03\/Imagen-252.jpeg?resize=1400%2C800&ssl=1 4x"},"classes":[]},{"id":1496,"url":"https:\/\/akubaa.com\/index.php\/2025\/10\/13\/jose-daniel-ferrer-llega-a-miami\/","url_meta":{"origin":2745,"position":2},"title":"De la c\u00e1rcel al exilio: Jos\u00e9 Daniel Ferrer llega a Miami y sacude la conciencia de Cuba","author":"AKubaa","date":"10\/13\/2025","format":false,"excerpt":"Hay noticias que no se leen. Se sienten.Y la salida de\u00a0Jos\u00e9 Daniel Ferrer\u00a0de Cuba \u2014no libre, sino\u00a0desterrado\u2014 es una de ellas. Este lunes 13 de octubre de 2025, el l\u00edder opositor de la\u00a0Uni\u00f3n Patri\u00f3tica de Cuba (UNPACU)\u00a0aterriz\u00f3 en\u00a0Miami\u00a0junto a su familia, cerrando as\u00ed uno de los cap\u00edtulos m\u00e1s largos y\u2026","rel":"","context":"En \u00abNoticias y Actualidad\u00bb","block_context":{"text":"Noticias y Actualidad","link":"https:\/\/akubaa.com\/index.php\/category\/noticias-y-actualidad\/"},"img":{"alt_text":"","src":"https:\/\/i0.wp.com\/akubaa.com\/wp-content\/uploads\/2025\/10\/image.jpeg?resize=350%2C200&ssl=1","width":350,"height":200},"classes":[]},{"id":2750,"url":"https:\/\/akubaa.com\/index.php\/2026\/03\/14\/que-espera-ganar-el-regimen-cubano\/","url_meta":{"origin":2745,"position":3},"title":"\u00bfQu\u00e9 quiere realmente La Habana?. Las concesiones que el r\u00e9gimen cubano espera de Estados Unidos.","author":"AKubaa","date":"03\/14\/2026","format":false,"excerpt":"Hay momentos en la historia en que una noticia suena como un susurro primero\u2026 y luego se convierte en un grito imposible de ignorar. Eso es exactamente lo que ocurri\u00f3 este\u00a013 de marzo de 2026, cuando el gobierno de\u00a0Miguel D\u00edaz-Canel\u00a0confirm\u00f3 algo que durante semanas circulaba como rumor en los pasillos\u2026","rel":"","context":"En \u00abNoticias y Actualidad\u00bb","block_context":{"text":"Noticias y Actualidad","link":"https:\/\/akubaa.com\/index.php\/category\/noticias-y-actualidad\/"},"img":{"alt_text":"","src":"https:\/\/i0.wp.com\/akubaa.com\/wp-content\/uploads\/2026\/03\/image-4.png?resize=350%2C200&ssl=1","width":350,"height":200,"srcset":"https:\/\/i0.wp.com\/akubaa.com\/wp-content\/uploads\/2026\/03\/image-4.png?resize=350%2C200&ssl=1 1x, https:\/\/i0.wp.com\/akubaa.com\/wp-content\/uploads\/2026\/03\/image-4.png?resize=525%2C300&ssl=1 1.5x, https:\/\/i0.wp.com\/akubaa.com\/wp-content\/uploads\/2026\/03\/image-4.png?resize=700%2C400&ssl=1 2x, https:\/\/i0.wp.com\/akubaa.com\/wp-content\/uploads\/2026\/03\/image-4.png?resize=1050%2C600&ssl=1 3x, https:\/\/i0.wp.com\/akubaa.com\/wp-content\/uploads\/2026\/03\/image-4.png?resize=1400%2C800&ssl=1 4x"},"classes":[]},{"id":2641,"url":"https:\/\/akubaa.com\/index.php\/2026\/02\/23\/sofia-vergara-enciende-el-debate-sin-cafecito-cubano-no-hay-miami\/","url_meta":{"origin":2745,"position":4},"title":"Sof\u00eda Vergara\u00a0enciende el debate:\u00a0\u201cSin cafecito cubano no hay Miami\u201d","author":"AKubaa","date":"02\/23\/2026","format":false,"excerpt":"Hay frases que suenan ligeras\u2026 hasta que tocan identidad. Y cuando\u00a0Sof\u00eda Vergara\u00a0public\u00f3 desde Miami que \u201csin cafecito cubano no hay Miami\u201d, no estaba hablando solo de caf\u00e9. Estaba tocando memoria, exilio, orgullo y ese ritual que en la Florida se sirve en tacitas peque\u00f1as, pero con car\u00e1cter grande. La imagen\u2026","rel":"","context":"Entrada similar","block_context":{"text":"Entrada similar","link":""},"img":{"alt_text":"","src":"https:\/\/i0.wp.com\/akubaa.com\/wp-content\/uploads\/2026\/02\/Imagen-235.jpeg?resize=350%2C200&ssl=1","width":350,"height":200,"srcset":"https:\/\/i0.wp.com\/akubaa.com\/wp-content\/uploads\/2026\/02\/Imagen-235.jpeg?resize=350%2C200&ssl=1 1x, https:\/\/i0.wp.com\/akubaa.com\/wp-content\/uploads\/2026\/02\/Imagen-235.jpeg?resize=525%2C300&ssl=1 1.5x, https:\/\/i0.wp.com\/akubaa.com\/wp-content\/uploads\/2026\/02\/Imagen-235.jpeg?resize=700%2C400&ssl=1 2x, https:\/\/i0.wp.com\/akubaa.com\/wp-content\/uploads\/2026\/02\/Imagen-235.jpeg?resize=1050%2C600&ssl=1 3x, https:\/\/i0.wp.com\/akubaa.com\/wp-content\/uploads\/2026\/02\/Imagen-235.jpeg?resize=1400%2C800&ssl=1 4x"},"classes":[]},{"id":289,"url":"https:\/\/akubaa.com\/index.php\/2025\/05\/20\/esto-si-es-un-juegazo-el-dia-que-el-beisbol-unio-a-los-artistas-cubanos-en-miami\/","url_meta":{"origin":2745,"position":5},"title":"\u00a1Esto s\u00ed es un juegazo!: El d\u00eda que el b\u00e9isbol uni\u00f3 a los artistas cubanos en Miami.","author":"AKubaa","date":"05\/20\/2025","format":false,"excerpt":"\u00bfSab\u00edas que un simple juego de pelota puede reunir a P\u00e1nfilo, Pollito Tropical, El Divo de Placetas y un gran grupo de influencers, comediantes y m\u00fasicos cubanos en un mismo terreno?\u00a0. No, no est\u00e1s so\u00f1ando ni leyendo la cartelera de una pel\u00edcula loca de Netflix. Esto va a pasar. Y\u2026","rel":"","context":"Entrada similar","block_context":{"text":"Entrada similar","link":""},"img":{"alt_text":"","src":"https:\/\/i0.wp.com\/akubaa.com\/wp-content\/uploads\/2025\/05\/image-18.png?resize=350%2C200&ssl=1","width":350,"height":200,"srcset":"https:\/\/i0.wp.com\/akubaa.com\/wp-content\/uploads\/2025\/05\/image-18.png?resize=350%2C200&ssl=1 1x, https:\/\/i0.wp.com\/akubaa.com\/wp-content\/uploads\/2025\/05\/image-18.png?resize=525%2C300&ssl=1 1.5x, https:\/\/i0.wp.com\/akubaa.com\/wp-content\/uploads\/2025\/05\/image-18.png?resize=700%2C400&ssl=1 2x, https:\/\/i0.wp.com\/akubaa.com\/wp-content\/uploads\/2025\/05\/image-18.png?resize=1050%2C600&ssl=1 3x, https:\/\/i0.wp.com\/akubaa.com\/wp-content\/uploads\/2025\/05\/image-18.png?resize=1400%2C800&ssl=1 4x"},"classes":[]}],"jetpack_shortlink":"https:\/\/wp.me\/pgrKo3-Ih","_links":{"self":[{"href":"https:\/\/akubaa.com\/index.php\/wp-json\/wp\/v2\/posts\/2745","targetHints":{"allow":["GET"]}}],"collection":[{"href":"https:\/\/akubaa.com\/index.php\/wp-json\/wp\/v2\/posts"}],"about":[{"href":"https:\/\/akubaa.com\/index.php\/wp-json\/wp\/v2\/types\/post"}],"author":[{"embeddable":true,"href":"https:\/\/akubaa.com\/index.php\/wp-json\/wp\/v2\/users\/1"}],"replies":[{"embeddable":true,"href":"https:\/\/akubaa.com\/index.php\/wp-json\/wp\/v2\/comments?post=2745"}],"version-history":[{"count":0,"href":"https:\/\/akubaa.com\/index.php\/wp-json\/wp\/v2\/posts\/2745\/revisions"}],"wp:featuredmedia":[{"embeddable":true,"href":"https:\/\/akubaa.com\/index.php\/wp-json\/wp\/v2\/media\/2746"}],"wp:attachment":[{"href":"https:\/\/akubaa.com\/index.php\/wp-json\/wp\/v2\/media?parent=2745"}],"wp:term":[{"taxonomy":"category","embeddable":true,"href":"https:\/\/akubaa.com\/index.php\/wp-json\/wp\/v2\/categories?post=2745"},{"taxonomy":"post_tag","embeddable":true,"href":"https:\/\/akubaa.com\/index.php\/wp-json\/wp\/v2\/tags?post=2745"}],"curies":[{"name":"wp","href":"https:\/\/api.w.org\/{rel}","templated":true}]}}