{"id":2740,"date":"2026-03-13T18:34:38","date_gmt":"2026-03-13T22:34:38","guid":{"rendered":"https:\/\/akubaa.com\/?p=2740"},"modified":"2026-03-13T18:34:45","modified_gmt":"2026-03-13T22:34:45","slug":"miguel-diaz-canel","status":"publish","type":"post","link":"https:\/\/akubaa.com\/index.php\/2026\/03\/13\/miguel-diaz-canel\/","title":{"rendered":"\u201c\u00bfDi\u00e1logo o necesidad?\u201d: D\u00edaz-Canel confirma conversaciones con Estados Unidos y el tablero pol\u00edtico vuelve a moverse."},"content":{"rendered":"\n<p>Hay frases que, cuando se dicen en Cuba, no son simples palabras. Son se\u00f1ales. Y cuando\u00a0<strong>Miguel D\u00edaz-Canel<\/strong>\u00a0aparece frente a las c\u00e1maras de la prensa oficialista diciendo que\u00a0<strong>\u201cCuba necesita alejarse de la confrontaci\u00f3n con Estados Unidos\u201d<\/strong>, m\u00e1s de uno levanta la ceja. Porque en la isla, cuando el poder habla de di\u00e1logo\u2026 normalmente es porque algo ya est\u00e1 pasando detr\u00e1s del tel\u00f3n. En una comparecencia ante los principales cuadros del poder \u2014miembros del\u00a0<strong>Bur\u00f3 Pol\u00edtico del Partido Comunista<\/strong>, del\u00a0<strong>Comit\u00e9 Central<\/strong>\u00a0y del\u00a0<strong>Consejo de Ministros<\/strong>\u2014 el mandatario anunci\u00f3 oficialmente que\u00a0<strong>han comenzado conversaciones entre Cuba y Estados Unidos<\/strong>\u00a0con el objetivo de abordar los problemas bilaterales m\u00e1s urgentes. La noticia confirma lo que durante semanas ya se ven\u00eda filtrando en la prensa internacional:\u00a0<strong>Washington y La Habana est\u00e1n hablando otra vez<\/strong>. Pero la pregunta que muchos cubanos se hacen \u2014tanto dentro de la isla como en\u00a0<strong>Miami, Hialeah, Tampa, Madrid o Ciudad de M\u00e9xico<\/strong>\u2014 es otra: <strong>\u00bfEstamos ante un nuevo deshielo\u2026 o simplemente ante un intento de sobrevivir a la crisis?<\/strong>.<\/p>\n\n\n\n<hr class=\"wp-block-separator has-alpha-channel-opacity\"\/>\n\n\n\n<div class=\"wp-block-media-text is-stacked-on-mobile\"><figure class=\"wp-block-media-text__media\"><img loading=\"lazy\" decoding=\"async\" width=\"1024\" height=\"683\" src=\"https:\/\/akubaa.com\/wp-content\/uploads\/2026\/02\/Imagen-222-1024x683.jpeg\" alt=\"\" class=\"wp-image-2608 size-full\" srcset=\"https:\/\/akubaa.com\/wp-content\/uploads\/2026\/02\/Imagen-222-1024x683.jpeg 1024w, https:\/\/akubaa.com\/wp-content\/uploads\/2026\/02\/Imagen-222-300x200.jpeg 300w, https:\/\/akubaa.com\/wp-content\/uploads\/2026\/02\/Imagen-222-768x512.jpeg 768w, https:\/\/akubaa.com\/wp-content\/uploads\/2026\/02\/Imagen-222-1320x880.jpeg 1320w, https:\/\/akubaa.com\/wp-content\/uploads\/2026\/02\/Imagen-222-600x400.jpeg 600w, https:\/\/akubaa.com\/wp-content\/uploads\/2026\/02\/Imagen-222.jpeg 1536w\" sizes=\"auto, (max-width: 1024px) 100vw, 1024px\" \/><\/figure><div class=\"wp-block-media-text__content\">\n<p>Colorear no es un juego: es desarrollo f\u00edsico, social y emocional. Cuando un ni\u00f1o colorea, pasa algo que ninguna pantalla puede replicar:\u00a0<strong>Impacto social:<\/strong>\u00a0invita al di\u00e1logo, al compartir, al \u201cmira lo que hice\u201d, al momento en familia.\u00a0<strong>Desarrollo f\u00edsico:<\/strong>\u00a0mejora la motricidad fina, la coordinaci\u00f3n mano-ojo y fortalece los m\u00fasculos de los dedos.\u00a0<strong>Beneficio psicol\u00f3gico:<\/strong>\u00a0reduce ansiedad, mejora la concentraci\u00f3n y estimula la creatividad infantil.<\/p>\n\n\n\n<div class=\"wp-block-buttons is-content-justification-center is-layout-flex wp-container-core-buttons-is-layout-a89b3969 wp-block-buttons-is-layout-flex\">\n<div class=\"wp-block-button\"><a class=\"wp-block-button__link wp-element-button\" href=\"https:\/\/www.amazon.com\/dp\/B0GMQM1LGJ?ref_=cm_sw_r_ffobk_cp_ud_dp_Q67EQN9G7TBTKQHX7WRQ_12&amp;bestFormat=true\">Compra los mejores libros de colorear para tus ni\u00f1os aqu\u00ed .<\/a><\/div>\n<\/div>\n<\/div><\/div>\n\n\n\n<hr class=\"wp-block-separator has-alpha-channel-opacity\"\/>\n\n\n\n<h2 class=\"wp-block-heading\"><strong>El anuncio que confirma lo que ya se sab\u00eda<\/strong><\/h2>\n\n\n\n<p>Durante semanas el presidente estadounidense\u00a0<strong>Donald Trump<\/strong>\u00a0hab\u00eda insinuado p\u00fablicamente que\u00a0<strong>exist\u00edan contactos con el m\u00e1s alto nivel de la c\u00fapula castrista<\/strong>. Ahora es el propio D\u00edaz-Canel quien lo confirma. Seg\u00fan explic\u00f3,\u00a0<strong>las conversaciones no son un hecho aislado<\/strong>, sino parte de una pol\u00edtica hist\u00f3rica del r\u00e9gimen cubano que, seg\u00fan su narrativa, siempre ha buscado resolver diferencias con Washington a trav\u00e9s del di\u00e1logo. El l\u00edder cubano afirm\u00f3 que los intercambios est\u00e1n orientados a:<\/p>\n\n\n\n<ul class=\"wp-block-list\">\n<li><strong>Identificar los problemas bilaterales m\u00e1s urgentes<\/strong><\/li>\n\n\n\n<li>Buscar soluciones mediante\u00a0<strong>di\u00e1logo diplom\u00e1tico<\/strong><\/li>\n\n\n\n<li>Garantizar\u00a0<strong>estabilidad regional en Am\u00e9rica Latina y el Caribe<\/strong><\/li>\n<\/ul>\n\n\n\n<p>En palabras del propio mandatario, el objetivo es encontrar soluciones que beneficien tanto a Cuba como a Estados Unidos. Una frase diplom\u00e1tica\u2026 pero cargada de significado. Porque el contexto actual de Cuba no se parece en nada al de hace diez a\u00f1os.<\/p>\n\n\n\n<hr class=\"wp-block-separator has-alpha-channel-opacity\"\/>\n\n\n\n<figure class=\"wp-block-image size-full\"><img loading=\"lazy\" decoding=\"async\" width=\"1000\" height=\"562\" src=\"https:\/\/akubaa.com\/wp-content\/uploads\/2026\/03\/Imagen-20.jpeg\" alt=\"\" class=\"wp-image-2742\" srcset=\"https:\/\/akubaa.com\/wp-content\/uploads\/2026\/03\/Imagen-20.jpeg 1000w, https:\/\/akubaa.com\/wp-content\/uploads\/2026\/03\/Imagen-20-300x169.jpeg 300w, https:\/\/akubaa.com\/wp-content\/uploads\/2026\/03\/Imagen-20-768x432.jpeg 768w, https:\/\/akubaa.com\/wp-content\/uploads\/2026\/03\/Imagen-20-600x337.jpeg 600w\" sizes=\"auto, (max-width: 1000px) 100vw, 1000px\" \/><figcaption class=\"wp-element-caption\">El Cangrejo con un asiento en el Consejo de Ministros y el Bur\u00f3 Pol\u00edtico del PCC. (Captura de pantalla \u00a9 YouTube)<\/figcaption><\/figure>\n\n\n\n<hr class=\"wp-block-separator has-alpha-channel-opacity\"\/>\n\n\n\n<h2 class=\"wp-block-heading\"><strong>Un detalle que no pas\u00f3 desapercibido<\/strong><\/h2>\n\n\n\n<p>Hay una imagen que llam\u00f3 especialmente la atenci\u00f3n. En la reuni\u00f3n donde D\u00edaz-Canel anunci\u00f3 las conversaciones\u00a0<strong>no estaba presente Ra\u00fal Castro<\/strong>. Sin embargo, s\u00ed estaba sentado \u2014vestido de civil\u2014\u00a0<strong>Ra\u00fal Guillermo Rodr\u00edguez Castro<\/strong>, conocido popularmente como\u00a0<strong>\u201cEl Cangrejo\u201d<\/strong>, nieto del hist\u00f3rico l\u00edder del r\u00e9gimen.<\/p>\n\n\n\n<p>Durante los \u00faltimos d\u00edas, varias filtraciones de prensa internacional hab\u00edan asegurado que\u00a0<strong>Raulito habr\u00eda tenido un papel directo en las conversaciones con Estados Unidos<\/strong>. La presencia del joven miembro de la \u00e9lite del poder cubano en esa reuni\u00f3n levant\u00f3 muchas interpretaciones. Para algunos analistas, podr\u00eda tratarse de una se\u00f1al de\u00a0<strong>qui\u00e9n realmente est\u00e1 moviendo las piezas dentro del sistema pol\u00edtico cubano<\/strong>. En la Cuba real, ya sabemos que\u00a0<strong>lo que se dice p\u00fablicamente y lo que ocurre en los pasillos del poder casi nunca es lo mismo<\/strong>.<\/p>\n\n\n\n<hr class=\"wp-block-separator has-alpha-channel-opacity\"\/>\n\n\n\n<div class=\"wp-block-jetpack-related-posts\">\n<h2 class=\"wp-block-heading\">Te Puede Interesar <\/h2>\n<\/div>\n\n\n\n<hr class=\"wp-block-separator has-alpha-channel-opacity\"\/>\n\n\n\n<h2 class=\"wp-block-heading\"><strong>Un contexto que explica muchas cosas<\/strong><\/h2>\n\n\n\n<p>Para entender este anuncio hay que mirar el momento que vive Cuba. La isla atraviesa una de las crisis m\u00e1s profundas desde el\u00a0<strong>Per\u00edodo Especial de los a\u00f1os 90<\/strong>. Entre los problemas m\u00e1s graves destacan:<\/p>\n\n\n\n<figure class=\"wp-block-table\"><table class=\"has-fixed-layout\"><thead><tr><th>Crisis actual en Cuba<\/th><th>Impacto en la vida diaria<\/th><\/tr><\/thead><tbody><tr><td><strong>Escasez de combustible<\/strong><\/td><td>Transporte casi paralizado<\/td><\/tr><tr><td><strong>Colapso el\u00e9ctrico<\/strong><\/td><td>Apagones de m\u00e1s de 48 horas<\/td><\/tr><tr><td><strong>Inflaci\u00f3n descontrolada<\/strong><\/td><td>Salarios pulverizados<\/td><\/tr><tr><td><strong>Migraci\u00f3n masiva<\/strong><\/td><td>Familias fragmentadas<\/td><\/tr><\/tbody><\/table><\/figure>\n\n\n\n<p>En barrios de\u00a0<strong>Centro Habana, Marianao o Santiago<\/strong>, la gente ya no discute de pol\u00edtica.Discute de algo m\u00e1s b\u00e1sico: <strong>c\u00f3mo sobrevivir.<\/strong> Mientras tanto, en\u00a0<strong>Hialeah o Westchester en Miami<\/strong>, los cubanos del exilio miran estas noticias con una mezcla de esperanza, escepticismo y cansancio. Un se\u00f1or que vive en Tampa lo resum\u00eda as\u00ed en redes:<\/p>\n\n\n\n<blockquote class=\"wp-block-quote is-layout-flow wp-block-quote-is-layout-flow\">\n<p>\u201cCada vez que el r\u00e9gimen habla de di\u00e1logo con Estados Unidos es porque el barco se est\u00e1 hundiendo\u201d.<\/p>\n<\/blockquote>\n\n\n\n<hr class=\"wp-block-separator has-alpha-channel-opacity\"\/>\n\n\n\n<h2 class=\"wp-block-heading\"><strong>El gesto pol\u00edtico: liberaci\u00f3n de presos<\/strong><\/h2>\n\n\n\n<p>El anuncio del di\u00e1logo lleg\u00f3 acompa\u00f1ado de otra noticia. El gobierno cubano anunci\u00f3 la\u00a0<strong>liberaci\u00f3n de 51 presos<\/strong>, una medida que, seg\u00fan el Ministerio de Relaciones Exteriores, se produce gracias a la\u00a0<strong>intermediaci\u00f3n del Vaticano<\/strong>. Seg\u00fan la nota oficial, los beneficiados ser\u00e1n reclusos que:<\/p>\n\n\n\n<ul class=\"wp-block-list\">\n<li>han cumplido parte significativa de su condena<\/li>\n\n\n\n<li>han mantenido buena conducta<\/li>\n\n\n\n<li>califican para beneficios penitenciarios<\/li>\n<\/ul>\n\n\n\n<p>El comunicado se\u00f1ala que este tipo de decisiones se intensifican en momentos religiosos importantes, como la proximidad de\u00a0<strong>Semana Santa<\/strong>. Pero para muchos observadores internacionales, el gesto tiene otra lectura. En diplomacia, estas medidas suelen interpretarse como\u00a0<strong>se\u00f1ales de buena voluntad antes de negociaciones m\u00e1s profundas<\/strong>.<\/p>\n\n\n\n<hr class=\"wp-block-separator has-alpha-channel-opacity\"\/>\n\n\n\n<h2 class=\"wp-block-heading\"><strong>Otro anuncio que podr\u00eda cambiar el tablero econ\u00f3mico<\/strong><\/h2>\n\n\n\n<p>Quiz\u00e1s el punto m\u00e1s interesante del anuncio no fue el di\u00e1logo pol\u00edtico. Fue otro. El r\u00e9gimen anunci\u00f3 que\u00a0<strong>los cubanos residentes en el exterior podr\u00e1n participar en la econom\u00eda nacional<\/strong>. Seg\u00fan adelant\u00f3 el gobierno, el viceprimer ministro\u00a0<strong>Oscar P\u00e9rez-Oliva Fraga<\/strong>\u00a0presentar\u00e1 nuevas medidas para permitir que miembros de la\u00a0<strong>di\u00e1spora cubana inviertan o participen en sectores econ\u00f3micos de la isla<\/strong>. Si esto se concreta, ser\u00eda un cambio importante. Durante d\u00e9cadas, el sistema econ\u00f3mico cubano\u00a0<strong>ha excluido pr\u00e1cticamente a los exiliados de la inversi\u00f3n directa en el pa\u00eds<\/strong>. Ahora la realidad econ\u00f3mica parece obligar al r\u00e9gimen a mirar hacia quienes durante a\u00f1os consider\u00f3 enemigos. Porque la verdad es simple: <strong>sin capital extranjero, la econom\u00eda cubana no aguanta mucho m\u00e1s.<\/strong><\/p>\n\n\n\n<hr class=\"wp-block-separator has-alpha-channel-opacity\"\/>\n\n\n\n\n\n<hr class=\"wp-block-separator has-alpha-channel-opacity\"\/>\n\n\n\n<h2 class=\"wp-block-heading\"><strong>Cooperaci\u00f3n con EEUU en seguridad<\/strong><\/h2>\n\n\n\n<p>Otro punto revelador del anuncio fue el acuerdo para\u00a0<strong>cooperar con autoridades estadounidenses en una investigaci\u00f3n criminal<\/strong>. Agentes del\u00a0<strong>FBI<\/strong>\u00a0viajar\u00e1n a Cuba para colaborar en la investigaci\u00f3n del\u00a0<strong>incidente armado ocurrido con una lancha en Villa Clara<\/strong>, donde se report\u00f3 un intento de infiltraci\u00f3n ilegal. Este tipo de cooperaci\u00f3n entre ambos pa\u00edses\u00a0<strong>no es com\u00fan<\/strong>, pero tampoco es completamente nuevo. En temas como narcotr\u00e1fico, migraci\u00f3n y seguridad mar\u00edtima,\u00a0<strong>Estados Unidos y Cuba han mantenido canales discretos de cooperaci\u00f3n durante a\u00f1os<\/strong>.<\/p>\n\n\n\n<hr class=\"wp-block-separator has-alpha-channel-opacity\"\/>\n\n\n\n<h2 class=\"wp-block-heading\"><strong>La lectura de AKubaa: cuando el poder habla de di\u00e1logo<\/strong><\/h2>\n\n\n\n<p>Desde la visi\u00f3n de\u00a0<strong><a href=\"https:\/\/akmundovirtual.com\" type=\"link\" id=\"https:\/\/akmundovirtual.com\">AKubaa<\/a><\/strong>, hay algo que los cubanos hemos aprendido con el tiempo. Cuando el gobierno cubano habla de di\u00e1logo con Estados Unidos, normalmente ocurre porque\u00a0<strong>las condiciones internas lo obligan<\/strong>. Y hoy esas condiciones est\u00e1n claras:<\/p>\n\n\n\n<ul class=\"wp-block-list\">\n<li>crisis energ\u00e9tica<\/li>\n\n\n\n<li>colapso econ\u00f3mico<\/li>\n\n\n\n<li>presi\u00f3n social creciente<\/li>\n\n\n\n<li>emigraci\u00f3n hist\u00f3rica<\/li>\n<\/ul>\n\n\n\n<p>No es casualidad que estas conversaciones aparezcan justo cuando el pa\u00eds enfrenta una de sus peores crisis en d\u00e9cadas. Porque en Cuba, como dice un refr\u00e1n popular:<\/p>\n\n\n\n<blockquote class=\"wp-block-quote is-layout-flow wp-block-quote-is-layout-flow\">\n<p>\u201cCuando el hambre aprieta\u2026 hasta el enemigo parece amigo\u201d.<\/p>\n<\/blockquote>\n\n\n\n<hr class=\"wp-block-separator has-alpha-channel-opacity\"\/>\n\n\n\n<figure class=\"wp-block-embed is-type-video is-provider-youtube wp-block-embed-youtube wp-embed-aspect-16-9 wp-has-aspect-ratio\"><div class=\"wp-block-embed__wrapper\">\n<div class=\"geodir-embed-container\"><iframe loading=\"lazy\" title=\"Funcionarios cubanos han sostenido conversaciones con representantes del gobierno de EE.UU\" width=\"640\" height=\"360\" src=\"https:\/\/www.youtube.com\/embed\/0PuLrv6pfk8?feature=oembed\" frameborder=\"0\" allow=\"accelerometer; autoplay; clipboard-write; encrypted-media; gyroscope; picture-in-picture; web-share\" referrerpolicy=\"strict-origin-when-cross-origin\" allowfullscreen><\/iframe><\/div>\n<\/div><\/figure>\n\n\n\n<hr class=\"wp-block-separator has-alpha-channel-opacity\"\/>\n\n\n\n<h2 class=\"wp-block-heading\"><strong>Entre esperanza y escepticismo<\/strong><\/h2>\n\n\n\n<p>En las calles de Cuba, el anuncio ha generado reacciones mixtas. Algunos ven en estas conversaciones\u00a0<strong>una posible puerta a cambios econ\u00f3micos<\/strong>. Otros simplemente recuerdan que\u00a0<strong>la historia entre La Habana y Washington est\u00e1 llena de acercamientos que luego terminan congelados<\/strong>. Mientras tanto, en la di\u00e1spora, el debate tambi\u00e9n est\u00e1 encendido. Un cubano en Hialeah escrib\u00eda en Facebook:<\/p>\n\n\n\n<blockquote class=\"wp-block-quote is-layout-flow wp-block-quote-is-layout-flow\">\n<p>\u201cSi el di\u00e1logo significa m\u00e1s libertad para el pueblo, bienvenido sea.<br>Pero si es solo para salvar al sistema, entonces ser\u00e1 m\u00e1s de lo mismo.\u201d<\/p>\n<\/blockquote>\n\n\n\n<p>Y esa frase resume el sentimiento de muchos.<\/p>\n\n\n\n<hr class=\"wp-block-separator has-alpha-channel-opacity\"\/>\n\n\n\n<div class=\"wp-block-media-text is-stacked-on-mobile\"><figure class=\"wp-block-media-text__media\"><img loading=\"lazy\" decoding=\"async\" width=\"1024\" height=\"683\" src=\"https:\/\/akubaa.com\/wp-content\/uploads\/2026\/01\/Imagen-223-1024x683.jpeg\" alt=\"\" class=\"wp-image-2445 size-full\" srcset=\"https:\/\/akubaa.com\/wp-content\/uploads\/2026\/01\/Imagen-223-1024x683.jpeg 1024w, https:\/\/akubaa.com\/wp-content\/uploads\/2026\/01\/Imagen-223-600x400.jpeg 600w, https:\/\/akubaa.com\/wp-content\/uploads\/2026\/01\/Imagen-223-300x200.jpeg 300w, https:\/\/akubaa.com\/wp-content\/uploads\/2026\/01\/Imagen-223-768x512.jpeg 768w, https:\/\/akubaa.com\/wp-content\/uploads\/2026\/01\/Imagen-223-1320x880.jpeg 1320w, https:\/\/akubaa.com\/wp-content\/uploads\/2026\/01\/Imagen-223.jpeg 1536w\" sizes=\"auto, (max-width: 1024px) 100vw, 1024px\" \/><\/figure><div class=\"wp-block-media-text__content\">\n<p>\u00bfTienes un negocio? . Publicalo aqu\u00ed ,solo te tarda un minuto y conecta con personas que buscan lo que t\u00fa ofreces.<strong><a href=\"https:\/\/akubaa.com\/index.php\/directorio-de-negocios-cubanos-akubaa\/\">Clic y descubre todas las ventajas\u00a0<\/a><\/strong>que puede obtener t\u00fa ahora mismo. Es hora de llevarte al lugar que merece sin luchar con el algoritmo.<\/p>\n\n\n\n<div class=\"wp-block-buttons is-content-justification-center is-layout-flex wp-container-core-buttons-is-layout-a89b3969 wp-block-buttons-is-layout-flex\">\n<div class=\"wp-block-button\"><a class=\"wp-block-button__link wp-element-button\" href=\"https:\/\/akubaa.com\/index.php\/negocio\/\">PUBLICA TU NEGOCIO AQUI <\/a><\/div>\n<\/div>\n<\/div><\/div>\n\n\n\n<hr class=\"wp-block-separator has-alpha-channel-opacity\"\/>\n\n\n\n<h2 class=\"wp-block-heading\"><strong>Una historia que apenas comienza<\/strong><\/h2>\n\n\n\n<p>El anuncio de D\u00edaz-Canel confirma algo importante: <strong>Estados Unidos y Cuba est\u00e1n hablando otra vez.<\/strong> Pero todav\u00eda quedan muchas preguntas abiertas. \u00bfSe trata de un di\u00e1logo estrat\u00e9gico real?. \u00bfO simplemente de un movimiento t\u00e1ctico en medio de la crisis? . La historia entre ambos pa\u00edses ha demostrado que\u00a0<strong>cada acercamiento trae esperanza\u2026 pero tambi\u00e9n incertidumbre<\/strong>. Lo que est\u00e1 claro es que el tablero pol\u00edtico del Caribe vuelve a moverse. Y cuando eso ocurre,\u00a0<strong>Cuba siempre est\u00e1 en el centro de la tormenta.<\/strong><\/p>\n\n\n\n<hr class=\"wp-block-separator has-alpha-channel-opacity\"\/>\n\n\n\n<p>\u270d\ufe0f&nbsp;<strong>En AKubaa queremos escuchar tu opini\u00f3n.<\/strong><\/p>\n\n\n\n<p>\u00bfCrees que estas conversaciones entre\u00a0<strong>Cuba y Estados Unidos<\/strong>\u00a0podr\u00edan traer cambios reales para el pueblo cubano?. \u00bfO piensas que es solo otro cap\u00edtulo m\u00e1s de una historia que se repite?.<\/p>\n\n\n\n<p>Te leo en los comentarios. Y si este an\u00e1lisis te pareci\u00f3 \u00fatil,\u00a0<strong>\u00fanete a la conversaci\u00f3n en nuestra web y redes de AKubaa<\/strong>. Porque el futuro de Cuba tambi\u00e9n se debate entre nosotros.<\/p>\n\n\n\n<p><\/p>\n","protected":false},"excerpt":{"rendered":"<p>Hay frases que, cuando se dicen en Cuba, no son simples palabras. Son se\u00f1ales. Y cuando\u00a0Miguel D\u00edaz-Canel\u00a0aparece frente a las c\u00e1maras de la prensa oficialista diciendo que\u00a0\u201cCuba necesita alejarse de la confrontaci\u00f3n con Estados Unidos\u201d, m\u00e1s de uno levanta la ceja. Porque en la isla, cuando el poder habla de di\u00e1logo\u2026 normalmente es porque algo [&hellip;]<\/p>\n","protected":false},"author":1,"featured_media":2741,"comment_status":"open","ping_status":"open","sticky":false,"template":"","format":"standard","meta":{"jetpack_post_was_ever_published":false,"_jetpack_newsletter_access":"","_jetpack_dont_email_post_to_subs":false,"_jetpack_newsletter_tier_id":0,"_jetpack_memberships_contains_paywalled_content":false,"_jetpack_memberships_contains_paid_content":false,"footnotes":"","jetpack_publicize_message":"","jetpack_publicize_feature_enabled":true,"jetpack_social_post_already_shared":true,"jetpack_social_options":{"image_generator_settings":{"template":"highway","default_image_id":0,"font":"","enabled":false},"version":2}},"categories":[1],"tags":[],"class_list":["post-2740","post","type-post","status-publish","format-standard","has-post-thumbnail","hentry","category-uncategorized"],"yoast_head":"<!-- This site is optimized with the Yoast SEO plugin v27.5 - https:\/\/yoast.com\/product\/yoast-seo-wordpress\/ -->\n<title>Miguel D\u00edaz-Canel\u00a0: y su anuncios sin sentido . - AKubaa<\/title>\n<meta name=\"description\" content=\"Ent\u00e9rate : Miguel D\u00edaz-Canel\u00a0anunci\u00f3 oficialmente que\u00a0han comenzado conversaciones entre Cuba y Estados Unidos\u00a0.\" \/>\n<meta name=\"robots\" content=\"index, follow, max-snippet:-1, max-image-preview:large, max-video-preview:-1\" \/>\n<link rel=\"canonical\" href=\"https:\/\/akubaa.com\/index.php\/2026\/03\/13\/miguel-diaz-canel\/\" \/>\n<meta property=\"og:locale\" content=\"es_ES\" \/>\n<meta property=\"og:type\" content=\"article\" \/>\n<meta property=\"og:title\" content=\"Miguel D\u00edaz-Canel\u00a0: y su anuncios sin sentido . - AKubaa\" \/>\n<meta property=\"og:description\" content=\"Ent\u00e9rate : Miguel D\u00edaz-Canel\u00a0anunci\u00f3 oficialmente que\u00a0han comenzado conversaciones entre Cuba y Estados Unidos\u00a0.\" \/>\n<meta property=\"og:url\" content=\"https:\/\/akubaa.com\/index.php\/2026\/03\/13\/miguel-diaz-canel\/\" \/>\n<meta property=\"og:site_name\" content=\"AKubaa\" \/>\n<meta property=\"article:publisher\" content=\"https:\/\/www.facebook.com\/akubaa\" \/>\n<meta property=\"article:author\" content=\"https:\/\/www.facebook.com\/akubaa\" \/>\n<meta property=\"article:published_time\" content=\"2026-03-13T22:34:38+00:00\" \/>\n<meta property=\"article:modified_time\" content=\"2026-03-13T22:34:45+00:00\" \/>\n<meta property=\"og:image\" content=\"https:\/\/akubaa.com\/wp-content\/uploads\/2026\/03\/Imagen-21.jpeg\" \/>\n\t<meta property=\"og:image:width\" content=\"1600\" \/>\n\t<meta property=\"og:image:height\" content=\"899\" \/>\n\t<meta property=\"og:image:type\" content=\"image\/jpeg\" \/>\n<meta name=\"author\" content=\"AKubaa\" \/>\n<meta name=\"twitter:card\" content=\"summary_large_image\" \/>\n<meta name=\"twitter:label1\" content=\"Escrito por\" \/>\n\t<meta name=\"twitter:data1\" content=\"AKubaa\" \/>\n\t<meta name=\"twitter:label2\" content=\"Tiempo de lectura\" \/>\n\t<meta name=\"twitter:data2\" content=\"8 minutos\" \/>\n<script type=\"application\/ld+json\" class=\"yoast-schema-graph\">{\"@context\":\"https:\\\/\\\/schema.org\",\"@graph\":[{\"@type\":\"Article\",\"@id\":\"https:\\\/\\\/akubaa.com\\\/index.php\\\/2026\\\/03\\\/13\\\/miguel-diaz-canel\\\/#article\",\"isPartOf\":{\"@id\":\"https:\\\/\\\/akubaa.com\\\/index.php\\\/2026\\\/03\\\/13\\\/miguel-diaz-canel\\\/\"},\"author\":{\"name\":\"AKubaa\",\"@id\":\"https:\\\/\\\/akubaa.com\\\/#\\\/schema\\\/person\\\/b096b63c1ad27204e55fabb2cf2153a5\"},\"headline\":\"\u201c\u00bfDi\u00e1logo o necesidad?\u201d: D\u00edaz-Canel confirma conversaciones con Estados Unidos y el tablero pol\u00edtico vuelve a moverse.\",\"datePublished\":\"2026-03-13T22:34:38+00:00\",\"dateModified\":\"2026-03-13T22:34:45+00:00\",\"mainEntityOfPage\":{\"@id\":\"https:\\\/\\\/akubaa.com\\\/index.php\\\/2026\\\/03\\\/13\\\/miguel-diaz-canel\\\/\"},\"wordCount\":1606,\"commentCount\":0,\"publisher\":{\"@id\":\"https:\\\/\\\/akubaa.com\\\/#\\\/schema\\\/person\\\/b096b63c1ad27204e55fabb2cf2153a5\"},\"image\":{\"@id\":\"https:\\\/\\\/akubaa.com\\\/index.php\\\/2026\\\/03\\\/13\\\/miguel-diaz-canel\\\/#primaryimage\"},\"thumbnailUrl\":\"https:\\\/\\\/akubaa.com\\\/wp-content\\\/uploads\\\/2026\\\/03\\\/Imagen-21.jpeg\",\"articleSection\":[\"Uncategorized\"],\"inLanguage\":\"es\",\"potentialAction\":[{\"@type\":\"CommentAction\",\"name\":\"Comment\",\"target\":[\"https:\\\/\\\/akubaa.com\\\/index.php\\\/2026\\\/03\\\/13\\\/miguel-diaz-canel\\\/#respond\"]}]},{\"@type\":\"WebPage\",\"@id\":\"https:\\\/\\\/akubaa.com\\\/index.php\\\/2026\\\/03\\\/13\\\/miguel-diaz-canel\\\/\",\"url\":\"https:\\\/\\\/akubaa.com\\\/index.php\\\/2026\\\/03\\\/13\\\/miguel-diaz-canel\\\/\",\"name\":\"Miguel D\u00edaz-Canel\u00a0: y su anuncios sin sentido . - AKubaa\",\"isPartOf\":{\"@id\":\"https:\\\/\\\/akubaa.com\\\/#website\"},\"primaryImageOfPage\":{\"@id\":\"https:\\\/\\\/akubaa.com\\\/index.php\\\/2026\\\/03\\\/13\\\/miguel-diaz-canel\\\/#primaryimage\"},\"image\":{\"@id\":\"https:\\\/\\\/akubaa.com\\\/index.php\\\/2026\\\/03\\\/13\\\/miguel-diaz-canel\\\/#primaryimage\"},\"thumbnailUrl\":\"https:\\\/\\\/akubaa.com\\\/wp-content\\\/uploads\\\/2026\\\/03\\\/Imagen-21.jpeg\",\"datePublished\":\"2026-03-13T22:34:38+00:00\",\"dateModified\":\"2026-03-13T22:34:45+00:00\",\"description\":\"Ent\u00e9rate : Miguel D\u00edaz-Canel\u00a0anunci\u00f3 oficialmente que\u00a0han comenzado conversaciones entre Cuba y Estados Unidos\u00a0.\",\"breadcrumb\":{\"@id\":\"https:\\\/\\\/akubaa.com\\\/index.php\\\/2026\\\/03\\\/13\\\/miguel-diaz-canel\\\/#breadcrumb\"},\"inLanguage\":\"es\",\"potentialAction\":[{\"@type\":\"ReadAction\",\"target\":[\"https:\\\/\\\/akubaa.com\\\/index.php\\\/2026\\\/03\\\/13\\\/miguel-diaz-canel\\\/\"]}]},{\"@type\":\"ImageObject\",\"inLanguage\":\"es\",\"@id\":\"https:\\\/\\\/akubaa.com\\\/index.php\\\/2026\\\/03\\\/13\\\/miguel-diaz-canel\\\/#primaryimage\",\"url\":\"https:\\\/\\\/akubaa.com\\\/wp-content\\\/uploads\\\/2026\\\/03\\\/Imagen-21.jpeg\",\"contentUrl\":\"https:\\\/\\\/akubaa.com\\\/wp-content\\\/uploads\\\/2026\\\/03\\\/Imagen-21.jpeg\",\"width\":1600,\"height\":899},{\"@type\":\"BreadcrumbList\",\"@id\":\"https:\\\/\\\/akubaa.com\\\/index.php\\\/2026\\\/03\\\/13\\\/miguel-diaz-canel\\\/#breadcrumb\",\"itemListElement\":[{\"@type\":\"ListItem\",\"position\":1,\"name\":\"Portada\",\"item\":\"https:\\\/\\\/akubaa.com\\\/\"},{\"@type\":\"ListItem\",\"position\":2,\"name\":\"\u201c\u00bfDi\u00e1logo o necesidad?\u201d: D\u00edaz-Canel confirma conversaciones con Estados Unidos y el tablero pol\u00edtico vuelve a moverse.\"}]},{\"@type\":\"WebSite\",\"@id\":\"https:\\\/\\\/akubaa.com\\\/#website\",\"url\":\"https:\\\/\\\/akubaa.com\\\/\",\"name\":\"AKubaa\",\"description\":\"Vive ,conoce y disfruta Cuba al estilo de A&amp;K.\",\"publisher\":{\"@id\":\"https:\\\/\\\/akubaa.com\\\/#\\\/schema\\\/person\\\/b096b63c1ad27204e55fabb2cf2153a5\"},\"potentialAction\":[{\"@type\":\"SearchAction\",\"target\":{\"@type\":\"EntryPoint\",\"urlTemplate\":\"https:\\\/\\\/akubaa.com\\\/?s={search_term_string}\"},\"query-input\":{\"@type\":\"PropertyValueSpecification\",\"valueRequired\":true,\"valueName\":\"search_term_string\"}}],\"inLanguage\":\"es\"},{\"@type\":[\"Person\",\"Organization\"],\"@id\":\"https:\\\/\\\/akubaa.com\\\/#\\\/schema\\\/person\\\/b096b63c1ad27204e55fabb2cf2153a5\",\"name\":\"AKubaa\",\"image\":{\"@type\":\"ImageObject\",\"inLanguage\":\"es\",\"@id\":\"https:\\\/\\\/akubaa.com\\\/wp-content\\\/uploads\\\/2025\\\/08\\\/Imagen-17.jpeg\",\"url\":\"https:\\\/\\\/akubaa.com\\\/wp-content\\\/uploads\\\/2025\\\/08\\\/Imagen-17.jpeg\",\"contentUrl\":\"https:\\\/\\\/akubaa.com\\\/wp-content\\\/uploads\\\/2025\\\/08\\\/Imagen-17.jpeg\",\"width\":1024,\"height\":1024,\"caption\":\"AKubaa\"},\"logo\":{\"@id\":\"https:\\\/\\\/akubaa.com\\\/wp-content\\\/uploads\\\/2025\\\/08\\\/Imagen-17.jpeg\"},\"sameAs\":[\"https:\\\/\\\/akubaa.com\",\"https:\\\/\\\/www.facebook.com\\\/akubaa\",\"https:\\\/\\\/www.instagram.com\\\/akubaa?\"],\"url\":\"https:\\\/\\\/akubaa.com\\\/index.php\\\/profile\\\/admin\\\/\"}]}<\/script>\n<!-- \/ Yoast SEO plugin. -->","yoast_head_json":{"title":"Miguel D\u00edaz-Canel\u00a0: y su anuncios sin sentido . - AKubaa","description":"Ent\u00e9rate : Miguel D\u00edaz-Canel\u00a0anunci\u00f3 oficialmente que\u00a0han comenzado conversaciones entre Cuba y Estados Unidos\u00a0.","robots":{"index":"index","follow":"follow","max-snippet":"max-snippet:-1","max-image-preview":"max-image-preview:large","max-video-preview":"max-video-preview:-1"},"canonical":"https:\/\/akubaa.com\/index.php\/2026\/03\/13\/miguel-diaz-canel\/","og_locale":"es_ES","og_type":"article","og_title":"Miguel D\u00edaz-Canel\u00a0: y su anuncios sin sentido . - AKubaa","og_description":"Ent\u00e9rate : Miguel D\u00edaz-Canel\u00a0anunci\u00f3 oficialmente que\u00a0han comenzado conversaciones entre Cuba y Estados Unidos\u00a0.","og_url":"https:\/\/akubaa.com\/index.php\/2026\/03\/13\/miguel-diaz-canel\/","og_site_name":"AKubaa","article_publisher":"https:\/\/www.facebook.com\/akubaa","article_author":"https:\/\/www.facebook.com\/akubaa","article_published_time":"2026-03-13T22:34:38+00:00","article_modified_time":"2026-03-13T22:34:45+00:00","og_image":[{"width":1600,"height":899,"url":"https:\/\/akubaa.com\/wp-content\/uploads\/2026\/03\/Imagen-21.jpeg","type":"image\/jpeg"}],"author":"AKubaa","twitter_card":"summary_large_image","twitter_misc":{"Escrito por":"AKubaa","Tiempo de lectura":"8 minutos"},"schema":{"@context":"https:\/\/schema.org","@graph":[{"@type":"Article","@id":"https:\/\/akubaa.com\/index.php\/2026\/03\/13\/miguel-diaz-canel\/#article","isPartOf":{"@id":"https:\/\/akubaa.com\/index.php\/2026\/03\/13\/miguel-diaz-canel\/"},"author":{"name":"AKubaa","@id":"https:\/\/akubaa.com\/#\/schema\/person\/b096b63c1ad27204e55fabb2cf2153a5"},"headline":"\u201c\u00bfDi\u00e1logo o necesidad?\u201d: D\u00edaz-Canel confirma conversaciones con Estados Unidos y el tablero pol\u00edtico vuelve a moverse.","datePublished":"2026-03-13T22:34:38+00:00","dateModified":"2026-03-13T22:34:45+00:00","mainEntityOfPage":{"@id":"https:\/\/akubaa.com\/index.php\/2026\/03\/13\/miguel-diaz-canel\/"},"wordCount":1606,"commentCount":0,"publisher":{"@id":"https:\/\/akubaa.com\/#\/schema\/person\/b096b63c1ad27204e55fabb2cf2153a5"},"image":{"@id":"https:\/\/akubaa.com\/index.php\/2026\/03\/13\/miguel-diaz-canel\/#primaryimage"},"thumbnailUrl":"https:\/\/akubaa.com\/wp-content\/uploads\/2026\/03\/Imagen-21.jpeg","articleSection":["Uncategorized"],"inLanguage":"es","potentialAction":[{"@type":"CommentAction","name":"Comment","target":["https:\/\/akubaa.com\/index.php\/2026\/03\/13\/miguel-diaz-canel\/#respond"]}]},{"@type":"WebPage","@id":"https:\/\/akubaa.com\/index.php\/2026\/03\/13\/miguel-diaz-canel\/","url":"https:\/\/akubaa.com\/index.php\/2026\/03\/13\/miguel-diaz-canel\/","name":"Miguel D\u00edaz-Canel\u00a0: y su anuncios sin sentido . - AKubaa","isPartOf":{"@id":"https:\/\/akubaa.com\/#website"},"primaryImageOfPage":{"@id":"https:\/\/akubaa.com\/index.php\/2026\/03\/13\/miguel-diaz-canel\/#primaryimage"},"image":{"@id":"https:\/\/akubaa.com\/index.php\/2026\/03\/13\/miguel-diaz-canel\/#primaryimage"},"thumbnailUrl":"https:\/\/akubaa.com\/wp-content\/uploads\/2026\/03\/Imagen-21.jpeg","datePublished":"2026-03-13T22:34:38+00:00","dateModified":"2026-03-13T22:34:45+00:00","description":"Ent\u00e9rate : Miguel D\u00edaz-Canel\u00a0anunci\u00f3 oficialmente que\u00a0han comenzado conversaciones entre Cuba y Estados Unidos\u00a0.","breadcrumb":{"@id":"https:\/\/akubaa.com\/index.php\/2026\/03\/13\/miguel-diaz-canel\/#breadcrumb"},"inLanguage":"es","potentialAction":[{"@type":"ReadAction","target":["https:\/\/akubaa.com\/index.php\/2026\/03\/13\/miguel-diaz-canel\/"]}]},{"@type":"ImageObject","inLanguage":"es","@id":"https:\/\/akubaa.com\/index.php\/2026\/03\/13\/miguel-diaz-canel\/#primaryimage","url":"https:\/\/akubaa.com\/wp-content\/uploads\/2026\/03\/Imagen-21.jpeg","contentUrl":"https:\/\/akubaa.com\/wp-content\/uploads\/2026\/03\/Imagen-21.jpeg","width":1600,"height":899},{"@type":"BreadcrumbList","@id":"https:\/\/akubaa.com\/index.php\/2026\/03\/13\/miguel-diaz-canel\/#breadcrumb","itemListElement":[{"@type":"ListItem","position":1,"name":"Portada","item":"https:\/\/akubaa.com\/"},{"@type":"ListItem","position":2,"name":"\u201c\u00bfDi\u00e1logo o necesidad?\u201d: D\u00edaz-Canel confirma conversaciones con Estados Unidos y el tablero pol\u00edtico vuelve a moverse."}]},{"@type":"WebSite","@id":"https:\/\/akubaa.com\/#website","url":"https:\/\/akubaa.com\/","name":"AKubaa","description":"Vive ,conoce y disfruta Cuba al estilo de A&amp;K.","publisher":{"@id":"https:\/\/akubaa.com\/#\/schema\/person\/b096b63c1ad27204e55fabb2cf2153a5"},"potentialAction":[{"@type":"SearchAction","target":{"@type":"EntryPoint","urlTemplate":"https:\/\/akubaa.com\/?s={search_term_string}"},"query-input":{"@type":"PropertyValueSpecification","valueRequired":true,"valueName":"search_term_string"}}],"inLanguage":"es"},{"@type":["Person","Organization"],"@id":"https:\/\/akubaa.com\/#\/schema\/person\/b096b63c1ad27204e55fabb2cf2153a5","name":"AKubaa","image":{"@type":"ImageObject","inLanguage":"es","@id":"https:\/\/akubaa.com\/wp-content\/uploads\/2025\/08\/Imagen-17.jpeg","url":"https:\/\/akubaa.com\/wp-content\/uploads\/2025\/08\/Imagen-17.jpeg","contentUrl":"https:\/\/akubaa.com\/wp-content\/uploads\/2025\/08\/Imagen-17.jpeg","width":1024,"height":1024,"caption":"AKubaa"},"logo":{"@id":"https:\/\/akubaa.com\/wp-content\/uploads\/2025\/08\/Imagen-17.jpeg"},"sameAs":["https:\/\/akubaa.com","https:\/\/www.facebook.com\/akubaa","https:\/\/www.instagram.com\/akubaa?"],"url":"https:\/\/akubaa.com\/index.php\/profile\/admin\/"}]}},"jetpack_publicize_connections":[],"jetpack_featured_media_url":"https:\/\/akubaa.com\/wp-content\/uploads\/2026\/03\/Imagen-21.jpeg","jetpack_sharing_enabled":true,"jetpack_likes_enabled":true,"jetpack-related-posts":[{"id":2744,"url":"https:\/\/akubaa.com\/index.php\/2026\/03\/13\/el-cangrejo-2\/","url_meta":{"origin":2740,"position":0},"title":"Cuando el poder se mueve en silencio: \u201cEl Cangrejo\u201d, D\u00edaz-Canel y el inesperado di\u00e1logo con Estados Unidos.","author":"AKubaa","date":"03\/13\/2026","format":false,"excerpt":"Hay d\u00edas en que la pol\u00edtica cubana parece una obra de teatro cuidadosamente ensayada. Y luego hay d\u00edas como este\u00a013 de marzo de 2026, cuando\u00a0Miguel D\u00edaz-Canel\u00a0aparece ante las c\u00e1maras anunciando\u00a0conversaciones oficiales entre Cuba y Estados Unidos\u2026 y, de pronto, en la escena aparece una figura que muchos conocen pero casi\u2026","rel":"","context":"Entrada similar","block_context":{"text":"Entrada similar","link":""},"img":{"alt_text":"","src":"https:\/\/i0.wp.com\/akubaa.com\/wp-content\/uploads\/2026\/03\/Imagen-20.jpeg?resize=350%2C200&ssl=1","width":350,"height":200,"srcset":"https:\/\/i0.wp.com\/akubaa.com\/wp-content\/uploads\/2026\/03\/Imagen-20.jpeg?resize=350%2C200&ssl=1 1x, https:\/\/i0.wp.com\/akubaa.com\/wp-content\/uploads\/2026\/03\/Imagen-20.jpeg?resize=525%2C300&ssl=1 1.5x, https:\/\/i0.wp.com\/akubaa.com\/wp-content\/uploads\/2026\/03\/Imagen-20.jpeg?resize=700%2C400&ssl=1 2x"},"classes":[]},{"id":2894,"url":"https:\/\/akubaa.com\/index.php\/2026\/03\/27\/diaz-canel-abre-la-puerta-a-eeuu-pero-con-candado-puesto\/","url_meta":{"origin":2740,"position":1},"title":"D\u00edaz-Canel abre la puerta a EEUU\u2026 pero con candado puesto: \u00bfdi\u00e1logo real o estrategia pol\u00edtica?.","author":"AKubaa","date":"03\/27\/2026","format":false,"excerpt":"Hay frases que suenan bonitas\u2026 hasta que uno las aterriza en la realidad. Esta semana,\u00a0Miguel D\u00edaz-Canel\u00a0dijo que Cuba est\u00e1 dispuesta a dialogar con\u00a0Estados Unidos\u00a0sobre su participaci\u00f3n en la econom\u00eda de la Isla. Y yo, desde aqu\u00ed \u2014con un pie en Cuba y otro en la di\u00e1spora\u2014 no pude evitar preguntarme:\u2026","rel":"","context":"En \u00abNoticias y Actualidad\u00bb","block_context":{"text":"Noticias y Actualidad","link":"https:\/\/akubaa.com\/index.php\/category\/noticias-y-actualidad\/"},"img":{"alt_text":"","src":"https:\/\/i0.wp.com\/akubaa.com\/wp-content\/uploads\/2026\/03\/image-65.png?resize=350%2C200&ssl=1","width":350,"height":200,"srcset":"https:\/\/i0.wp.com\/akubaa.com\/wp-content\/uploads\/2026\/03\/image-65.png?resize=350%2C200&ssl=1 1x, https:\/\/i0.wp.com\/akubaa.com\/wp-content\/uploads\/2026\/03\/image-65.png?resize=525%2C300&ssl=1 1.5x, https:\/\/i0.wp.com\/akubaa.com\/wp-content\/uploads\/2026\/03\/image-65.png?resize=700%2C400&ssl=1 2x, https:\/\/i0.wp.com\/akubaa.com\/wp-content\/uploads\/2026\/03\/image-65.png?resize=1050%2C600&ssl=1 3x, https:\/\/i0.wp.com\/akubaa.com\/wp-content\/uploads\/2026\/03\/image-65.png?resize=1400%2C800&ssl=1 4x"},"classes":[]},{"id":2759,"url":"https:\/\/akubaa.com\/index.php\/2026\/03\/17\/ee-uu-quiere-la-renuncia-de-diaz-canel-antes-de-negociar-con-cuba\/","url_meta":{"origin":2740,"position":2},"title":"\u201cLa jugada de Washington: \u00bfpor qu\u00e9 EE.UU. quiere la renuncia de D\u00edaz-Canel antes de negociar con Cuba?\u201d","author":"AKubaa","date":"03\/17\/2026","format":false,"excerpt":"Hay noticias que, cuando uno las lee, siente que detr\u00e1s hay mucho m\u00e1s de lo que aparece en el titular. Y esta es una de ellas. Seg\u00fan revelaciones publicadas por\u00a0The New York Times\u00a0y adelantadas tambi\u00e9n por el\u00a0Miami Herald, la administraci\u00f3n de\u00a0Donald Trump\u00a0habr\u00eda puesto una condici\u00f3n clara para avanzar en las\u2026","rel":"","context":"Entrada similar","block_context":{"text":"Entrada similar","link":""},"img":{"alt_text":"","src":"https:\/\/i0.wp.com\/akubaa.com\/wp-content\/uploads\/2026\/03\/image-7.png?resize=350%2C200&ssl=1","width":350,"height":200,"srcset":"https:\/\/i0.wp.com\/akubaa.com\/wp-content\/uploads\/2026\/03\/image-7.png?resize=350%2C200&ssl=1 1x, https:\/\/i0.wp.com\/akubaa.com\/wp-content\/uploads\/2026\/03\/image-7.png?resize=525%2C300&ssl=1 1.5x, https:\/\/i0.wp.com\/akubaa.com\/wp-content\/uploads\/2026\/03\/image-7.png?resize=700%2C400&ssl=1 2x, https:\/\/i0.wp.com\/akubaa.com\/wp-content\/uploads\/2026\/03\/image-7.png?resize=1050%2C600&ssl=1 3x, https:\/\/i0.wp.com\/akubaa.com\/wp-content\/uploads\/2026\/03\/image-7.png?resize=1400%2C800&ssl=1 4x"},"classes":[]},{"id":2480,"url":"https:\/\/akubaa.com\/index.php\/2026\/01\/14\/trump-dice-que-esta-hablando-con-cuba\/","url_meta":{"origin":2740,"position":3},"title":"Trump dice que est\u00e1 hablando con Cuba. La Habana lo niega. Y el silencio dice m\u00e1s que cualquier discurso","author":"AKubaa","date":"01\/14\/2026","format":false,"excerpt":"Hay frases que no se lanzan al aire por error. Cuando\u00a0Donald Trump\u00a0dijo que estaba\u00a0hablando con Cuba\u00a0y que\u00a0deben tomar una decisi\u00f3n antes de que sea demasiado tarde, no estaba improvisando. Tampoco estaba explicando. Y ese detalle \u2014el de no explicar\u2014 es el que m\u00e1s ruido hace. Porque mientras desde Washington se\u2026","rel":"","context":"Entrada similar","block_context":{"text":"Entrada similar","link":""},"img":{"alt_text":"","src":"https:\/\/i0.wp.com\/akubaa.com\/wp-content\/uploads\/2026\/01\/Imagen-65.jpeg?resize=350%2C200&ssl=1","width":350,"height":200,"srcset":"https:\/\/i0.wp.com\/akubaa.com\/wp-content\/uploads\/2026\/01\/Imagen-65.jpeg?resize=350%2C200&ssl=1 1x, https:\/\/i0.wp.com\/akubaa.com\/wp-content\/uploads\/2026\/01\/Imagen-65.jpeg?resize=525%2C300&ssl=1 1.5x, https:\/\/i0.wp.com\/akubaa.com\/wp-content\/uploads\/2026\/01\/Imagen-65.jpeg?resize=700%2C400&ssl=1 2x, https:\/\/i0.wp.com\/akubaa.com\/wp-content\/uploads\/2026\/01\/Imagen-65.jpeg?resize=1050%2C600&ssl=1 3x, https:\/\/i0.wp.com\/akubaa.com\/wp-content\/uploads\/2026\/01\/Imagen-65.jpeg?resize=1400%2C800&ssl=1 4x"},"classes":[]},{"id":2772,"url":"https:\/\/akubaa.com\/index.php\/2026\/03\/18\/miguel-diaz-canel-se-niega-a-renunciar\/","url_meta":{"origin":2740,"position":4},"title":"\u201cNo me voy\u201d: D\u00edaz-Canel se planta, Trump aprieta\u2026 y Cuba queda en el medio del pulso m\u00e1s tenso en a\u00f1os.","author":"AKubaa","date":"03\/18\/2026","format":false,"excerpt":"Yo no s\u00e9 t\u00fa, pero cada vez que leo estas declaraciones me da la sensaci\u00f3n de estar viendo una pel\u00edcula\u2026 solo que esta vez el guion lo estamos pagando todos los cubanos, dentro y fuera de la Isla. La noticia es clara:\u00a0Miguel D\u00edaz-Canel se niega a renunciar. Y no solo\u2026","rel":"","context":"En \u00abNoticias y Actualidad\u00bb","block_context":{"text":"Noticias y Actualidad","link":"https:\/\/akubaa.com\/index.php\/category\/noticias-y-actualidad\/"},"img":{"alt_text":"","src":"https:\/\/i0.wp.com\/akubaa.com\/wp-content\/uploads\/2026\/03\/image-12.png?resize=350%2C200&ssl=1","width":350,"height":200,"srcset":"https:\/\/i0.wp.com\/akubaa.com\/wp-content\/uploads\/2026\/03\/image-12.png?resize=350%2C200&ssl=1 1x, https:\/\/i0.wp.com\/akubaa.com\/wp-content\/uploads\/2026\/03\/image-12.png?resize=525%2C300&ssl=1 1.5x, https:\/\/i0.wp.com\/akubaa.com\/wp-content\/uploads\/2026\/03\/image-12.png?resize=700%2C400&ssl=1 2x, https:\/\/i0.wp.com\/akubaa.com\/wp-content\/uploads\/2026\/03\/image-12.png?resize=1050%2C600&ssl=1 3x, https:\/\/i0.wp.com\/akubaa.com\/wp-content\/uploads\/2026\/03\/image-12.png?resize=1400%2C800&ssl=1 4x"},"classes":[]},{"id":2750,"url":"https:\/\/akubaa.com\/index.php\/2026\/03\/14\/que-espera-ganar-el-regimen-cubano\/","url_meta":{"origin":2740,"position":5},"title":"\u00bfQu\u00e9 quiere realmente La Habana?. Las concesiones que el r\u00e9gimen cubano espera de Estados Unidos.","author":"AKubaa","date":"03\/14\/2026","format":false,"excerpt":"Hay momentos en la historia en que una noticia suena como un susurro primero\u2026 y luego se convierte en un grito imposible de ignorar. Eso es exactamente lo que ocurri\u00f3 este\u00a013 de marzo de 2026, cuando el gobierno de\u00a0Miguel D\u00edaz-Canel\u00a0confirm\u00f3 algo que durante semanas circulaba como rumor en los pasillos\u2026","rel":"","context":"En \u00abNoticias y Actualidad\u00bb","block_context":{"text":"Noticias y Actualidad","link":"https:\/\/akubaa.com\/index.php\/category\/noticias-y-actualidad\/"},"img":{"alt_text":"","src":"https:\/\/i0.wp.com\/akubaa.com\/wp-content\/uploads\/2026\/03\/image-4.png?resize=350%2C200&ssl=1","width":350,"height":200,"srcset":"https:\/\/i0.wp.com\/akubaa.com\/wp-content\/uploads\/2026\/03\/image-4.png?resize=350%2C200&ssl=1 1x, https:\/\/i0.wp.com\/akubaa.com\/wp-content\/uploads\/2026\/03\/image-4.png?resize=525%2C300&ssl=1 1.5x, https:\/\/i0.wp.com\/akubaa.com\/wp-content\/uploads\/2026\/03\/image-4.png?resize=700%2C400&ssl=1 2x, https:\/\/i0.wp.com\/akubaa.com\/wp-content\/uploads\/2026\/03\/image-4.png?resize=1050%2C600&ssl=1 3x, https:\/\/i0.wp.com\/akubaa.com\/wp-content\/uploads\/2026\/03\/image-4.png?resize=1400%2C800&ssl=1 4x"},"classes":[]}],"jetpack_shortlink":"https:\/\/wp.me\/pgrKo3-Ic","_links":{"self":[{"href":"https:\/\/akubaa.com\/index.php\/wp-json\/wp\/v2\/posts\/2740","targetHints":{"allow":["GET"]}}],"collection":[{"href":"https:\/\/akubaa.com\/index.php\/wp-json\/wp\/v2\/posts"}],"about":[{"href":"https:\/\/akubaa.com\/index.php\/wp-json\/wp\/v2\/types\/post"}],"author":[{"embeddable":true,"href":"https:\/\/akubaa.com\/index.php\/wp-json\/wp\/v2\/users\/1"}],"replies":[{"embeddable":true,"href":"https:\/\/akubaa.com\/index.php\/wp-json\/wp\/v2\/comments?post=2740"}],"version-history":[{"count":0,"href":"https:\/\/akubaa.com\/index.php\/wp-json\/wp\/v2\/posts\/2740\/revisions"}],"wp:featuredmedia":[{"embeddable":true,"href":"https:\/\/akubaa.com\/index.php\/wp-json\/wp\/v2\/media\/2741"}],"wp:attachment":[{"href":"https:\/\/akubaa.com\/index.php\/wp-json\/wp\/v2\/media?parent=2740"}],"wp:term":[{"taxonomy":"category","embeddable":true,"href":"https:\/\/akubaa.com\/index.php\/wp-json\/wp\/v2\/categories?post=2740"},{"taxonomy":"post_tag","embeddable":true,"href":"https:\/\/akubaa.com\/index.php\/wp-json\/wp\/v2\/tags?post=2740"}],"curies":[{"name":"wp","href":"https:\/\/api.w.org\/{rel}","templated":true}]}}