{"id":2737,"date":"2026-03-13T11:42:02","date_gmt":"2026-03-13T15:42:02","guid":{"rendered":"https:\/\/akubaa.com\/?p=2737"},"modified":"2026-03-13T11:42:12","modified_gmt":"2026-03-13T15:42:12","slug":"opcion-cero-cuando-un-pais-se-prepara-para-sobrevivir-sin-combustible","status":"publish","type":"post","link":"https:\/\/akubaa.com\/index.php\/2026\/03\/13\/opcion-cero-cuando-un-pais-se-prepara-para-sobrevivir-sin-combustible\/","title":{"rendered":"\u201cOpci\u00f3n Cero\u201d: cuando un pa\u00eds se prepara para sobrevivir sin combustible"},"content":{"rendered":"\n<p>Hay palabras que en Cuba suenan como un eco del pasado. Palabras que cuando vuelven a escucharse provocan escalofr\u00edos en quienes ya las vivieron.\u00a0<strong>\u201cOpci\u00f3n Cero\u201d<\/strong>\u00a0es una de ellas. En estos d\u00edas he visto ese t\u00e9rmino regresar al debate p\u00fablico despu\u00e9s de que el gobierno de\u00a0<strong>Miguel D\u00edaz-Canel<\/strong>\u00a0lo mencionara en medio de la crisis energ\u00e9tica que atraviesa el pa\u00eds. Y para muchos cubanos \u2014dentro y fuera de la isla\u2014 esa frase no es solo una estrategia econ\u00f3mica. Es un recuerdo doloroso del\u00a0<strong>Per\u00edodo Especial<\/strong>, cuando la vida cotidiana se convirti\u00f3 en una lucha constante por sobrevivir.<\/p>\n\n\n\n<hr class=\"wp-block-separator has-alpha-channel-opacity\"\/>\n\n\n\n<div class=\"wp-block-jetpack-related-posts\">\n<h2 class=\"wp-block-heading\">Te Puede Interesar <\/h2>\n<\/div>\n\n\n\n<hr class=\"wp-block-separator has-alpha-channel-opacity\"\/>\n\n\n\n<h2 class=\"wp-block-heading\"><strong>Qu\u00e9 significa realmente la \u201cOpci\u00f3n Cero\u201d<\/strong><\/h2>\n\n\n\n<p>La llamada\u00a0<strong>\u201cOpci\u00f3n Cero en Cuba\u201d<\/strong>\u00a0fue concebida en los a\u00f1os 90 durante el gobierno de\u00a0<strong>Fidel Castro<\/strong>. Era, en esencia, un plan de emergencia extrema pensado para el peor escenario posible:\u00a0<strong>quedarse sin petr\u00f3leo importado<\/strong>.En palabras simples: un pa\u00eds funcionando casi sin combustible. El plan contempla medidas dr\u00e1sticas para mantener operando \u00fanicamente lo esencial del Estado. Entre ellas:<\/p>\n\n\n\n<ul class=\"wp-block-list\">\n<li><strong>Paralizaci\u00f3n de gran parte de la industria<\/strong><\/li>\n\n\n\n<li><strong>Reducci\u00f3n extrema de horarios laborales y escolares<\/strong><\/li>\n\n\n\n<li><strong>Limitaci\u00f3n de servicios p\u00fablicos<\/strong><\/li>\n\n\n\n<li><strong>Racionamiento severo de recursos y energ\u00eda<\/strong><\/li>\n<\/ul>\n\n\n\n<p>La prioridad no ser\u00eda la econom\u00eda ni el bienestar cotidiano de la poblaci\u00f3n, sino&nbsp;<strong>la supervivencia del sistema pol\u00edtico<\/strong>&nbsp;en medio de una escasez total.<\/p>\n\n\n\n<h2 class=\"wp-block-heading\"><strong>Cuando la teor\u00eda se parece demasiado a la realidad<\/strong><\/h2>\n\n\n\n<p>Hoy, en 2026, muchos cubanos sienten que ese escenario ya no es hipot\u00e9tico. Los\u00a0<strong>apagones prolongados<\/strong>, la escasez de combustible y el deterioro del sistema el\u00e9ctrico recuerdan demasiado a los a\u00f1os m\u00e1s duros del Per\u00edodo Especial. Hay provincias donde la electricidad se va por m\u00e1s de diez o doce horas. El transporte casi desaparece. Y las colas para cualquier cosa se vuelven parte del paisaje. Un lector de\u00a0<strong>AKubaa desde Santiago de Cuba<\/strong>\u00a0me escribi\u00f3 algo que resume el sentimiento de muchos:<\/p>\n\n\n\n<blockquote class=\"wp-block-quote is-layout-flow wp-block-quote-is-layout-flow\">\n<p>\u201cAqu\u00ed no hace falta activar la Opci\u00f3n Cero. Ya estamos viviendo algo muy parecido.\u201d<\/p>\n<\/blockquote>\n\n\n\n<p>Mientras tanto, en&nbsp;<strong>Miami, Hialeah, Tampa o Madrid<\/strong>, la di\u00e1spora cubana observa la situaci\u00f3n con una mezcla de preocupaci\u00f3n, impotencia y memoria. Porque quienes emigraron en los 90 saben exactamente lo que significa cuando el gobierno empieza a hablar de&nbsp;<strong>planes de supervivencia energ\u00e9tica<\/strong>.<\/p>\n\n\n\n<h2 class=\"wp-block-heading\"><strong>La crisis del petr\u00f3leo y los aliados que ya no alcanzan<\/strong><\/h2>\n\n\n\n<p>Uno de los factores detr\u00e1s de esta discusi\u00f3n es la reducci\u00f3n del petr\u00f3leo que hist\u00f3ricamente llegaba desde aliados pol\u00edticos. Durante a\u00f1os\u00a0<strong>Venezuela<\/strong>\u00a0sostuvo gran parte del suministro energ\u00e9tico de Cuba. Pero la propia crisis venezolana ha reducido ese apoyo. Otros acuerdos internacionales tampoco logran cubrir las necesidades de la isla.El resultado es una tormenta perfecta: <strong>crisis energ\u00e9tica + inflaci\u00f3n + malestar social creciente<\/strong>.<\/p>\n\n\n\n<h2 class=\"wp-block-heading\"><strong>La visi\u00f3n de AKubaa<\/strong><\/h2>\n\n\n\n<p>Desde<a href=\"https:\/\/akmundovirtual.com\" type=\"link\" id=\"https:\/\/akmundovirtual.com\">\u00a0<strong>AKubaa<\/strong>\u00a0<\/a>lo digo claro: hablar de\u00a0<strong>Opci\u00f3n Cero<\/strong>\u00a0no es solo un tema t\u00e9cnico o energ\u00e9tico. Es un s\u00edntoma profundo de un modelo econ\u00f3mico que lleva d\u00e9cadas sin encontrar una soluci\u00f3n sostenible. Porque cuando un pa\u00eds comienza a prepararse oficialmente para funcionar\u00a0<strong>sin combustible<\/strong>, lo que est\u00e1 reconociendo impl\u00edcitamente es que el sistema ya no tiene margen de maniobra. Y la pregunta que muchos cubanos \u2014dentro y fuera de la isla\u2014 se hacen hoy no es solo c\u00f3mo sobrevivir\u00e1 el gobierno a esa crisis. La pregunta real es otra. <strong>\u00bfCu\u00e1nto m\u00e1s puede resistir el pueblo cubano viviendo permanentemente en modo \u201cemergencia\u201d?<\/strong>.<\/p>\n\n\n\n<p>Te leo en\u00a0<strong>AKubaa.com<\/strong>. \u00bfCrees que Cuba realmente podr\u00eda volver a una\u00a0<strong>Opci\u00f3n Cero<\/strong>, o la isla ya est\u00e1 viviendo algo muy parecido?.<\/p>\n\n\n\n<hr class=\"wp-block-separator has-alpha-channel-opacity\"\/>\n\n\n\n<h2 class=\"wp-block-heading\">M\u00e1sen AKubaa<\/h2>\n\n\n<ul class=\"wp-block-latest-posts__list is-grid columns-3 wp-block-latest-posts\"><li><div class=\"wp-block-latest-posts__featured-image aligncenter\"><a href=\"https:\/\/akubaa.com\/index.php\/2026\/04\/21\/imaray-ulloa-de-influecer-a-ganadora-de-fisicoculturismo\/\" aria-label=\"Imaray Ulloa se sube a otra tarima: dos medallas, ocho meses de disciplina y una lecci\u00f3n que la di\u00e1spora entendi\u00f3 enseguida.\"><img loading=\"lazy\" decoding=\"async\" width=\"150\" height=\"150\" src=\"https:\/\/akubaa.com\/wp-content\/uploads\/2026\/04\/image-14-150x150.png\" class=\"attachment-thumbnail size-thumbnail wp-post-image\" alt=\"\" style=\"\" srcset=\"https:\/\/akubaa.com\/wp-content\/uploads\/2026\/04\/image-14-150x150.png 150w, https:\/\/akubaa.com\/wp-content\/uploads\/2026\/04\/image-14-300x300.png 300w, https:\/\/akubaa.com\/wp-content\/uploads\/2026\/04\/image-14-100x100.png 100w\" sizes=\"auto, (max-width: 150px) 100vw, 150px\" \/><\/a><\/div><a class=\"wp-block-latest-posts__post-title\" href=\"https:\/\/akubaa.com\/index.php\/2026\/04\/21\/imaray-ulloa-de-influecer-a-ganadora-de-fisicoculturismo\/\">Imaray Ulloa se sube a otra tarima: dos medallas, ocho meses de disciplina y una lecci\u00f3n que la di\u00e1spora entendi\u00f3 enseguida.<\/a><\/li>\n<li><div class=\"wp-block-latest-posts__featured-image aligncenter\"><a href=\"https:\/\/akubaa.com\/index.php\/2026\/04\/10\/horoscopo-del-10-de-abril-de-2026\/\" aria-label=\"Hor\u00f3scopo del 10 de abril de 2026: lo que el universo te quiere decir hoy (y lo que debes evitar a toda costa).\u00a0\"><img loading=\"lazy\" decoding=\"async\" width=\"150\" height=\"150\" src=\"https:\/\/akubaa.com\/wp-content\/uploads\/2026\/04\/image-13-150x150.png\" class=\"attachment-thumbnail size-thumbnail wp-post-image\" alt=\"\" style=\"\" srcset=\"https:\/\/akubaa.com\/wp-content\/uploads\/2026\/04\/image-13-150x150.png 150w, https:\/\/akubaa.com\/wp-content\/uploads\/2026\/04\/image-13-300x300.png 300w, https:\/\/akubaa.com\/wp-content\/uploads\/2026\/04\/image-13-100x100.png 100w\" sizes=\"auto, (max-width: 150px) 100vw, 150px\" \/><\/a><\/div><a class=\"wp-block-latest-posts__post-title\" href=\"https:\/\/akubaa.com\/index.php\/2026\/04\/10\/horoscopo-del-10-de-abril-de-2026\/\">Hor\u00f3scopo del 10 de abril de 2026: lo que el universo te quiere decir hoy (y lo que debes evitar a toda costa).\u00a0<\/a><\/li>\n<li><div class=\"wp-block-latest-posts__featured-image aligncenter\"><a href=\"https:\/\/akubaa.com\/index.php\/2026\/04\/09\/horoscopo-del-9-de-abril-de-2026\/\" aria-label=\"\ud83d\udd2e\u00a0Hor\u00f3scopo del 9 de abril de 2026: lo que viene no es casualidad\u2026 es destino (y t\u00fa lo vas a sentir hoy).\"><img loading=\"lazy\" decoding=\"async\" width=\"150\" height=\"150\" src=\"https:\/\/akubaa.com\/wp-content\/uploads\/2026\/04\/image-12-150x150.png\" class=\"attachment-thumbnail size-thumbnail wp-post-image\" alt=\"\" style=\"\" srcset=\"https:\/\/akubaa.com\/wp-content\/uploads\/2026\/04\/image-12-150x150.png 150w, https:\/\/akubaa.com\/wp-content\/uploads\/2026\/04\/image-12-300x300.png 300w, https:\/\/akubaa.com\/wp-content\/uploads\/2026\/04\/image-12-100x100.png 100w\" sizes=\"auto, (max-width: 150px) 100vw, 150px\" \/><\/a><\/div><a class=\"wp-block-latest-posts__post-title\" href=\"https:\/\/akubaa.com\/index.php\/2026\/04\/09\/horoscopo-del-9-de-abril-de-2026\/\">\ud83d\udd2e\u00a0Hor\u00f3scopo del 9 de abril de 2026: lo que viene no es casualidad\u2026 es destino (y t\u00fa lo vas a sentir hoy).<\/a><\/li>\n<li><div class=\"wp-block-latest-posts__featured-image aligncenter\"><a href=\"https:\/\/akubaa.com\/index.php\/2026\/04\/08\/horoscopo-del-8-de-abril-de-2026\/\" aria-label=\"\ud83d\udd2e\u00a0Hor\u00f3scopo del 8 de abril de 2026: lo que el destino no te est\u00e1 diciendo (y deber\u00edas escuchar hoy).\"><img loading=\"lazy\" decoding=\"async\" width=\"150\" height=\"150\" src=\"https:\/\/akubaa.com\/wp-content\/uploads\/2026\/04\/image-11-150x150.png\" class=\"attachment-thumbnail size-thumbnail wp-post-image\" alt=\"\" style=\"\" srcset=\"https:\/\/akubaa.com\/wp-content\/uploads\/2026\/04\/image-11-150x150.png 150w, https:\/\/akubaa.com\/wp-content\/uploads\/2026\/04\/image-11-300x300.png 300w, https:\/\/akubaa.com\/wp-content\/uploads\/2026\/04\/image-11-100x100.png 100w\" sizes=\"auto, (max-width: 150px) 100vw, 150px\" \/><\/a><\/div><a class=\"wp-block-latest-posts__post-title\" href=\"https:\/\/akubaa.com\/index.php\/2026\/04\/08\/horoscopo-del-8-de-abril-de-2026\/\">\ud83d\udd2e\u00a0Hor\u00f3scopo del 8 de abril de 2026: lo que el destino no te est\u00e1 diciendo (y deber\u00edas escuchar hoy).<\/a><\/li>\n<li><div class=\"wp-block-latest-posts__featured-image aligncenter\"><a href=\"https:\/\/akubaa.com\/index.php\/2026\/04\/07\/leoni-torres-y-el-b-convierten-cubano-en-un-grito-de-identidad-y-libertad\/\" aria-label=\"\u201cViva Cuba Libre\u201d: la canci\u00f3n que no es solo m\u00fasica\u2026 es un mensaje que ya no se puede callar.\"><img loading=\"lazy\" decoding=\"async\" width=\"150\" height=\"150\" src=\"https:\/\/akubaa.com\/wp-content\/uploads\/2026\/04\/image-10-150x150.png\" class=\"attachment-thumbnail size-thumbnail wp-post-image\" alt=\"\" style=\"\" srcset=\"https:\/\/akubaa.com\/wp-content\/uploads\/2026\/04\/image-10-150x150.png 150w, https:\/\/akubaa.com\/wp-content\/uploads\/2026\/04\/image-10-300x300.png 300w, https:\/\/akubaa.com\/wp-content\/uploads\/2026\/04\/image-10-100x100.png 100w\" sizes=\"auto, (max-width: 150px) 100vw, 150px\" \/><\/a><\/div><a class=\"wp-block-latest-posts__post-title\" href=\"https:\/\/akubaa.com\/index.php\/2026\/04\/07\/leoni-torres-y-el-b-convierten-cubano-en-un-grito-de-identidad-y-libertad\/\">\u201cViva Cuba Libre\u201d: la canci\u00f3n que no es solo m\u00fasica\u2026 es un mensaje que ya no se puede callar.<\/a><\/li>\n<li><div class=\"wp-block-latest-posts__featured-image aligncenter\"><a href=\"https:\/\/akubaa.com\/index.php\/2026\/04\/07\/horoscopo-del-7-de-abril-de-2026\/\" aria-label=\"\ud83d\udd2e\u00a0Hor\u00f3scopo del 7 de abril de 2026: lo que viene no avisa\u2026 pero s\u00ed se siente.\"><img loading=\"lazy\" decoding=\"async\" width=\"150\" height=\"150\" src=\"https:\/\/akubaa.com\/wp-content\/uploads\/2026\/04\/image-9-150x150.png\" class=\"attachment-thumbnail size-thumbnail wp-post-image\" alt=\"\" style=\"\" srcset=\"https:\/\/akubaa.com\/wp-content\/uploads\/2026\/04\/image-9-150x150.png 150w, https:\/\/akubaa.com\/wp-content\/uploads\/2026\/04\/image-9-300x300.png 300w, https:\/\/akubaa.com\/wp-content\/uploads\/2026\/04\/image-9-100x100.png 100w\" sizes=\"auto, (max-width: 150px) 100vw, 150px\" \/><\/a><\/div><a class=\"wp-block-latest-posts__post-title\" href=\"https:\/\/akubaa.com\/index.php\/2026\/04\/07\/horoscopo-del-7-de-abril-de-2026\/\">\ud83d\udd2e\u00a0Hor\u00f3scopo del 7 de abril de 2026: lo que viene no avisa\u2026 pero s\u00ed se siente.<\/a><\/li>\n<\/ul>","protected":false},"excerpt":{"rendered":"<p>Hay palabras que en Cuba suenan como un eco del pasado. Palabras que cuando vuelven a escucharse provocan escalofr\u00edos en quienes ya las vivieron.\u00a0\u201cOpci\u00f3n Cero\u201d\u00a0es una de ellas. En estos d\u00edas he visto ese t\u00e9rmino regresar al debate p\u00fablico despu\u00e9s de que el gobierno de\u00a0Miguel D\u00edaz-Canel\u00a0lo mencionara en medio de la crisis energ\u00e9tica que atraviesa [&hellip;]<\/p>\n","protected":false},"author":1,"featured_media":2738,"comment_status":"open","ping_status":"open","sticky":false,"template":"","format":"standard","meta":{"jetpack_post_was_ever_published":false,"_jetpack_newsletter_access":"","_jetpack_dont_email_post_to_subs":false,"_jetpack_newsletter_tier_id":0,"_jetpack_memberships_contains_paywalled_content":false,"_jetpack_memberships_contains_paid_content":false,"footnotes":"","jetpack_publicize_message":"","jetpack_publicize_feature_enabled":true,"jetpack_social_post_already_shared":true,"jetpack_social_options":{"image_generator_settings":{"template":"highway","default_image_id":0,"font":"","enabled":false},"version":2}},"categories":[1],"tags":[],"class_list":["post-2737","post","type-post","status-publish","format-standard","has-post-thumbnail","hentry","category-uncategorized"],"yoast_head":"<!-- This site is optimized with the Yoast SEO plugin v27.5 - https:\/\/yoast.com\/product\/yoast-seo-wordpress\/ -->\n<title>\u201cOpci\u00f3n Cero\u201d: para nuestra Cuba. - AKubaa<\/title>\n<meta name=\"description\" content=\"Ent\u00e9rate de la opci\u00f3n ceroque el gobierno de Miguel Diaz - Canel ya ni siquiera tiene . Todo te lo cuento aqui en AKubaa\" \/>\n<meta name=\"robots\" content=\"index, follow, max-snippet:-1, max-image-preview:large, max-video-preview:-1\" \/>\n<link rel=\"canonical\" href=\"https:\/\/akubaa.com\/index.php\/2026\/03\/13\/opcion-cero-cuando-un-pais-se-prepara-para-sobrevivir-sin-combustible\/\" \/>\n<meta property=\"og:locale\" content=\"es_ES\" \/>\n<meta property=\"og:type\" content=\"article\" \/>\n<meta property=\"og:title\" content=\"\u201cOpci\u00f3n Cero\u201d: para nuestra Cuba. - AKubaa\" \/>\n<meta property=\"og:description\" content=\"Ent\u00e9rate de la opci\u00f3n ceroque el gobierno de Miguel Diaz - Canel ya ni siquiera tiene . Todo te lo cuento aqui en AKubaa\" \/>\n<meta property=\"og:url\" content=\"https:\/\/akubaa.com\/index.php\/2026\/03\/13\/opcion-cero-cuando-un-pais-se-prepara-para-sobrevivir-sin-combustible\/\" \/>\n<meta property=\"og:site_name\" content=\"AKubaa\" \/>\n<meta property=\"article:publisher\" content=\"https:\/\/www.facebook.com\/akubaa\" \/>\n<meta property=\"article:author\" content=\"https:\/\/www.facebook.com\/akubaa\" \/>\n<meta property=\"article:published_time\" content=\"2026-03-13T15:42:02+00:00\" \/>\n<meta property=\"article:modified_time\" content=\"2026-03-13T15:42:12+00:00\" \/>\n<meta property=\"og:image\" content=\"https:\/\/akubaa.com\/wp-content\/uploads\/2026\/03\/image-1-1024x683.png\" \/>\n\t<meta property=\"og:image:width\" content=\"1024\" \/>\n\t<meta property=\"og:image:height\" content=\"683\" \/>\n\t<meta property=\"og:image:type\" content=\"image\/png\" \/>\n<meta name=\"author\" content=\"AKubaa\" \/>\n<meta name=\"twitter:card\" content=\"summary_large_image\" \/>\n<meta name=\"twitter:label1\" content=\"Escrito por\" \/>\n\t<meta name=\"twitter:data1\" content=\"AKubaa\" \/>\n\t<meta name=\"twitter:label2\" content=\"Tiempo de lectura\" \/>\n\t<meta name=\"twitter:data2\" content=\"3 minutos\" \/>\n<script type=\"application\/ld+json\" class=\"yoast-schema-graph\">{\"@context\":\"https:\\\/\\\/schema.org\",\"@graph\":[{\"@type\":\"Article\",\"@id\":\"https:\\\/\\\/akubaa.com\\\/index.php\\\/2026\\\/03\\\/13\\\/opcion-cero-cuando-un-pais-se-prepara-para-sobrevivir-sin-combustible\\\/#article\",\"isPartOf\":{\"@id\":\"https:\\\/\\\/akubaa.com\\\/index.php\\\/2026\\\/03\\\/13\\\/opcion-cero-cuando-un-pais-se-prepara-para-sobrevivir-sin-combustible\\\/\"},\"author\":{\"name\":\"AKubaa\",\"@id\":\"https:\\\/\\\/akubaa.com\\\/#\\\/schema\\\/person\\\/b096b63c1ad27204e55fabb2cf2153a5\"},\"headline\":\"\u201cOpci\u00f3n Cero\u201d: cuando un pa\u00eds se prepara para sobrevivir sin combustible\",\"datePublished\":\"2026-03-13T15:42:02+00:00\",\"dateModified\":\"2026-03-13T15:42:12+00:00\",\"mainEntityOfPage\":{\"@id\":\"https:\\\/\\\/akubaa.com\\\/index.php\\\/2026\\\/03\\\/13\\\/opcion-cero-cuando-un-pais-se-prepara-para-sobrevivir-sin-combustible\\\/\"},\"wordCount\":649,\"commentCount\":0,\"publisher\":{\"@id\":\"https:\\\/\\\/akubaa.com\\\/#\\\/schema\\\/person\\\/b096b63c1ad27204e55fabb2cf2153a5\"},\"image\":{\"@id\":\"https:\\\/\\\/akubaa.com\\\/index.php\\\/2026\\\/03\\\/13\\\/opcion-cero-cuando-un-pais-se-prepara-para-sobrevivir-sin-combustible\\\/#primaryimage\"},\"thumbnailUrl\":\"https:\\\/\\\/akubaa.com\\\/wp-content\\\/uploads\\\/2026\\\/03\\\/image-1.png\",\"articleSection\":[\"Uncategorized\"],\"inLanguage\":\"es\",\"potentialAction\":[{\"@type\":\"CommentAction\",\"name\":\"Comment\",\"target\":[\"https:\\\/\\\/akubaa.com\\\/index.php\\\/2026\\\/03\\\/13\\\/opcion-cero-cuando-un-pais-se-prepara-para-sobrevivir-sin-combustible\\\/#respond\"]}]},{\"@type\":\"WebPage\",\"@id\":\"https:\\\/\\\/akubaa.com\\\/index.php\\\/2026\\\/03\\\/13\\\/opcion-cero-cuando-un-pais-se-prepara-para-sobrevivir-sin-combustible\\\/\",\"url\":\"https:\\\/\\\/akubaa.com\\\/index.php\\\/2026\\\/03\\\/13\\\/opcion-cero-cuando-un-pais-se-prepara-para-sobrevivir-sin-combustible\\\/\",\"name\":\"\u201cOpci\u00f3n Cero\u201d: para nuestra Cuba. - AKubaa\",\"isPartOf\":{\"@id\":\"https:\\\/\\\/akubaa.com\\\/#website\"},\"primaryImageOfPage\":{\"@id\":\"https:\\\/\\\/akubaa.com\\\/index.php\\\/2026\\\/03\\\/13\\\/opcion-cero-cuando-un-pais-se-prepara-para-sobrevivir-sin-combustible\\\/#primaryimage\"},\"image\":{\"@id\":\"https:\\\/\\\/akubaa.com\\\/index.php\\\/2026\\\/03\\\/13\\\/opcion-cero-cuando-un-pais-se-prepara-para-sobrevivir-sin-combustible\\\/#primaryimage\"},\"thumbnailUrl\":\"https:\\\/\\\/akubaa.com\\\/wp-content\\\/uploads\\\/2026\\\/03\\\/image-1.png\",\"datePublished\":\"2026-03-13T15:42:02+00:00\",\"dateModified\":\"2026-03-13T15:42:12+00:00\",\"description\":\"Ent\u00e9rate de la opci\u00f3n ceroque el gobierno de Miguel Diaz - Canel ya ni siquiera tiene . Todo te lo cuento aqui en AKubaa\",\"breadcrumb\":{\"@id\":\"https:\\\/\\\/akubaa.com\\\/index.php\\\/2026\\\/03\\\/13\\\/opcion-cero-cuando-un-pais-se-prepara-para-sobrevivir-sin-combustible\\\/#breadcrumb\"},\"inLanguage\":\"es\",\"potentialAction\":[{\"@type\":\"ReadAction\",\"target\":[\"https:\\\/\\\/akubaa.com\\\/index.php\\\/2026\\\/03\\\/13\\\/opcion-cero-cuando-un-pais-se-prepara-para-sobrevivir-sin-combustible\\\/\"]}]},{\"@type\":\"ImageObject\",\"inLanguage\":\"es\",\"@id\":\"https:\\\/\\\/akubaa.com\\\/index.php\\\/2026\\\/03\\\/13\\\/opcion-cero-cuando-un-pais-se-prepara-para-sobrevivir-sin-combustible\\\/#primaryimage\",\"url\":\"https:\\\/\\\/akubaa.com\\\/wp-content\\\/uploads\\\/2026\\\/03\\\/image-1.png\",\"contentUrl\":\"https:\\\/\\\/akubaa.com\\\/wp-content\\\/uploads\\\/2026\\\/03\\\/image-1.png\",\"width\":1536,\"height\":1024},{\"@type\":\"BreadcrumbList\",\"@id\":\"https:\\\/\\\/akubaa.com\\\/index.php\\\/2026\\\/03\\\/13\\\/opcion-cero-cuando-un-pais-se-prepara-para-sobrevivir-sin-combustible\\\/#breadcrumb\",\"itemListElement\":[{\"@type\":\"ListItem\",\"position\":1,\"name\":\"Portada\",\"item\":\"https:\\\/\\\/akubaa.com\\\/\"},{\"@type\":\"ListItem\",\"position\":2,\"name\":\"\u201cOpci\u00f3n Cero\u201d: cuando un pa\u00eds se prepara para sobrevivir sin combustible\"}]},{\"@type\":\"WebSite\",\"@id\":\"https:\\\/\\\/akubaa.com\\\/#website\",\"url\":\"https:\\\/\\\/akubaa.com\\\/\",\"name\":\"AKubaa\",\"description\":\"Vive ,conoce y disfruta Cuba al estilo de A&amp;K.\",\"publisher\":{\"@id\":\"https:\\\/\\\/akubaa.com\\\/#\\\/schema\\\/person\\\/b096b63c1ad27204e55fabb2cf2153a5\"},\"potentialAction\":[{\"@type\":\"SearchAction\",\"target\":{\"@type\":\"EntryPoint\",\"urlTemplate\":\"https:\\\/\\\/akubaa.com\\\/?s={search_term_string}\"},\"query-input\":{\"@type\":\"PropertyValueSpecification\",\"valueRequired\":true,\"valueName\":\"search_term_string\"}}],\"inLanguage\":\"es\"},{\"@type\":[\"Person\",\"Organization\"],\"@id\":\"https:\\\/\\\/akubaa.com\\\/#\\\/schema\\\/person\\\/b096b63c1ad27204e55fabb2cf2153a5\",\"name\":\"AKubaa\",\"image\":{\"@type\":\"ImageObject\",\"inLanguage\":\"es\",\"@id\":\"https:\\\/\\\/akubaa.com\\\/wp-content\\\/uploads\\\/2025\\\/08\\\/Imagen-17.jpeg\",\"url\":\"https:\\\/\\\/akubaa.com\\\/wp-content\\\/uploads\\\/2025\\\/08\\\/Imagen-17.jpeg\",\"contentUrl\":\"https:\\\/\\\/akubaa.com\\\/wp-content\\\/uploads\\\/2025\\\/08\\\/Imagen-17.jpeg\",\"width\":1024,\"height\":1024,\"caption\":\"AKubaa\"},\"logo\":{\"@id\":\"https:\\\/\\\/akubaa.com\\\/wp-content\\\/uploads\\\/2025\\\/08\\\/Imagen-17.jpeg\"},\"sameAs\":[\"https:\\\/\\\/akubaa.com\",\"https:\\\/\\\/www.facebook.com\\\/akubaa\",\"https:\\\/\\\/www.instagram.com\\\/akubaa?\"],\"url\":\"https:\\\/\\\/akubaa.com\\\/index.php\\\/profile\\\/admin\\\/\"}]}<\/script>\n<!-- \/ Yoast SEO plugin. -->","yoast_head_json":{"title":"\u201cOpci\u00f3n Cero\u201d: para nuestra Cuba. - AKubaa","description":"Ent\u00e9rate de la opci\u00f3n ceroque el gobierno de Miguel Diaz - Canel ya ni siquiera tiene . Todo te lo cuento aqui en AKubaa","robots":{"index":"index","follow":"follow","max-snippet":"max-snippet:-1","max-image-preview":"max-image-preview:large","max-video-preview":"max-video-preview:-1"},"canonical":"https:\/\/akubaa.com\/index.php\/2026\/03\/13\/opcion-cero-cuando-un-pais-se-prepara-para-sobrevivir-sin-combustible\/","og_locale":"es_ES","og_type":"article","og_title":"\u201cOpci\u00f3n Cero\u201d: para nuestra Cuba. - AKubaa","og_description":"Ent\u00e9rate de la opci\u00f3n ceroque el gobierno de Miguel Diaz - Canel ya ni siquiera tiene . Todo te lo cuento aqui en AKubaa","og_url":"https:\/\/akubaa.com\/index.php\/2026\/03\/13\/opcion-cero-cuando-un-pais-se-prepara-para-sobrevivir-sin-combustible\/","og_site_name":"AKubaa","article_publisher":"https:\/\/www.facebook.com\/akubaa","article_author":"https:\/\/www.facebook.com\/akubaa","article_published_time":"2026-03-13T15:42:02+00:00","article_modified_time":"2026-03-13T15:42:12+00:00","og_image":[{"width":1024,"height":683,"url":"https:\/\/akubaa.com\/wp-content\/uploads\/2026\/03\/image-1-1024x683.png","type":"image\/png"}],"author":"AKubaa","twitter_card":"summary_large_image","twitter_misc":{"Escrito por":"AKubaa","Tiempo de lectura":"3 minutos"},"schema":{"@context":"https:\/\/schema.org","@graph":[{"@type":"Article","@id":"https:\/\/akubaa.com\/index.php\/2026\/03\/13\/opcion-cero-cuando-un-pais-se-prepara-para-sobrevivir-sin-combustible\/#article","isPartOf":{"@id":"https:\/\/akubaa.com\/index.php\/2026\/03\/13\/opcion-cero-cuando-un-pais-se-prepara-para-sobrevivir-sin-combustible\/"},"author":{"name":"AKubaa","@id":"https:\/\/akubaa.com\/#\/schema\/person\/b096b63c1ad27204e55fabb2cf2153a5"},"headline":"\u201cOpci\u00f3n Cero\u201d: cuando un pa\u00eds se prepara para sobrevivir sin combustible","datePublished":"2026-03-13T15:42:02+00:00","dateModified":"2026-03-13T15:42:12+00:00","mainEntityOfPage":{"@id":"https:\/\/akubaa.com\/index.php\/2026\/03\/13\/opcion-cero-cuando-un-pais-se-prepara-para-sobrevivir-sin-combustible\/"},"wordCount":649,"commentCount":0,"publisher":{"@id":"https:\/\/akubaa.com\/#\/schema\/person\/b096b63c1ad27204e55fabb2cf2153a5"},"image":{"@id":"https:\/\/akubaa.com\/index.php\/2026\/03\/13\/opcion-cero-cuando-un-pais-se-prepara-para-sobrevivir-sin-combustible\/#primaryimage"},"thumbnailUrl":"https:\/\/akubaa.com\/wp-content\/uploads\/2026\/03\/image-1.png","articleSection":["Uncategorized"],"inLanguage":"es","potentialAction":[{"@type":"CommentAction","name":"Comment","target":["https:\/\/akubaa.com\/index.php\/2026\/03\/13\/opcion-cero-cuando-un-pais-se-prepara-para-sobrevivir-sin-combustible\/#respond"]}]},{"@type":"WebPage","@id":"https:\/\/akubaa.com\/index.php\/2026\/03\/13\/opcion-cero-cuando-un-pais-se-prepara-para-sobrevivir-sin-combustible\/","url":"https:\/\/akubaa.com\/index.php\/2026\/03\/13\/opcion-cero-cuando-un-pais-se-prepara-para-sobrevivir-sin-combustible\/","name":"\u201cOpci\u00f3n Cero\u201d: para nuestra Cuba. - AKubaa","isPartOf":{"@id":"https:\/\/akubaa.com\/#website"},"primaryImageOfPage":{"@id":"https:\/\/akubaa.com\/index.php\/2026\/03\/13\/opcion-cero-cuando-un-pais-se-prepara-para-sobrevivir-sin-combustible\/#primaryimage"},"image":{"@id":"https:\/\/akubaa.com\/index.php\/2026\/03\/13\/opcion-cero-cuando-un-pais-se-prepara-para-sobrevivir-sin-combustible\/#primaryimage"},"thumbnailUrl":"https:\/\/akubaa.com\/wp-content\/uploads\/2026\/03\/image-1.png","datePublished":"2026-03-13T15:42:02+00:00","dateModified":"2026-03-13T15:42:12+00:00","description":"Ent\u00e9rate de la opci\u00f3n ceroque el gobierno de Miguel Diaz - Canel ya ni siquiera tiene . Todo te lo cuento aqui en AKubaa","breadcrumb":{"@id":"https:\/\/akubaa.com\/index.php\/2026\/03\/13\/opcion-cero-cuando-un-pais-se-prepara-para-sobrevivir-sin-combustible\/#breadcrumb"},"inLanguage":"es","potentialAction":[{"@type":"ReadAction","target":["https:\/\/akubaa.com\/index.php\/2026\/03\/13\/opcion-cero-cuando-un-pais-se-prepara-para-sobrevivir-sin-combustible\/"]}]},{"@type":"ImageObject","inLanguage":"es","@id":"https:\/\/akubaa.com\/index.php\/2026\/03\/13\/opcion-cero-cuando-un-pais-se-prepara-para-sobrevivir-sin-combustible\/#primaryimage","url":"https:\/\/akubaa.com\/wp-content\/uploads\/2026\/03\/image-1.png","contentUrl":"https:\/\/akubaa.com\/wp-content\/uploads\/2026\/03\/image-1.png","width":1536,"height":1024},{"@type":"BreadcrumbList","@id":"https:\/\/akubaa.com\/index.php\/2026\/03\/13\/opcion-cero-cuando-un-pais-se-prepara-para-sobrevivir-sin-combustible\/#breadcrumb","itemListElement":[{"@type":"ListItem","position":1,"name":"Portada","item":"https:\/\/akubaa.com\/"},{"@type":"ListItem","position":2,"name":"\u201cOpci\u00f3n Cero\u201d: cuando un pa\u00eds se prepara para sobrevivir sin combustible"}]},{"@type":"WebSite","@id":"https:\/\/akubaa.com\/#website","url":"https:\/\/akubaa.com\/","name":"AKubaa","description":"Vive ,conoce y disfruta Cuba al estilo de A&amp;K.","publisher":{"@id":"https:\/\/akubaa.com\/#\/schema\/person\/b096b63c1ad27204e55fabb2cf2153a5"},"potentialAction":[{"@type":"SearchAction","target":{"@type":"EntryPoint","urlTemplate":"https:\/\/akubaa.com\/?s={search_term_string}"},"query-input":{"@type":"PropertyValueSpecification","valueRequired":true,"valueName":"search_term_string"}}],"inLanguage":"es"},{"@type":["Person","Organization"],"@id":"https:\/\/akubaa.com\/#\/schema\/person\/b096b63c1ad27204e55fabb2cf2153a5","name":"AKubaa","image":{"@type":"ImageObject","inLanguage":"es","@id":"https:\/\/akubaa.com\/wp-content\/uploads\/2025\/08\/Imagen-17.jpeg","url":"https:\/\/akubaa.com\/wp-content\/uploads\/2025\/08\/Imagen-17.jpeg","contentUrl":"https:\/\/akubaa.com\/wp-content\/uploads\/2025\/08\/Imagen-17.jpeg","width":1024,"height":1024,"caption":"AKubaa"},"logo":{"@id":"https:\/\/akubaa.com\/wp-content\/uploads\/2025\/08\/Imagen-17.jpeg"},"sameAs":["https:\/\/akubaa.com","https:\/\/www.facebook.com\/akubaa","https:\/\/www.instagram.com\/akubaa?"],"url":"https:\/\/akubaa.com\/index.php\/profile\/admin\/"}]}},"jetpack_publicize_connections":[],"jetpack_featured_media_url":"https:\/\/akubaa.com\/wp-content\/uploads\/2026\/03\/image-1.png","jetpack_sharing_enabled":true,"jetpack_likes_enabled":true,"jetpack-related-posts":[{"id":2977,"url":"https:\/\/akubaa.com\/index.php\/2026\/04\/05\/horoscopo-del-5-de-abril-de-2026\/","url_meta":{"origin":2737,"position":0},"title":"\ud83d\udd2e\u00a0Hor\u00f3scopo del 5 de abril de 2026: lo que nadie te dice, pero todos van a sentir hoy.","author":"AKubaa","date":"04\/05\/2026","format":false,"excerpt":"Hoy amanec\u00ed con esa sensaci\u00f3n rara que en Cuba conocemos bien: cuando el aire cambia\u2026 y sabes que algo se est\u00e1 moviendo, aunque nadie lo diga en voz alta. El\u00a0hor\u00f3scopo del 5 de abril de 2026\u00a0no viene suave; viene con decisiones, con verdades inc\u00f3modas y con oportunidades disfrazadas de problemas.\u2026","rel":"","context":"En \u00abTemas\u00bb","block_context":{"text":"Temas","link":"https:\/\/akubaa.com\/index.php\/category\/temas\/"},"img":{"alt_text":"","src":"https:\/\/i0.wp.com\/akubaa.com\/wp-content\/uploads\/2026\/04\/image-6.png?resize=350%2C200&ssl=1","width":350,"height":200,"srcset":"https:\/\/i0.wp.com\/akubaa.com\/wp-content\/uploads\/2026\/04\/image-6.png?resize=350%2C200&ssl=1 1x, https:\/\/i0.wp.com\/akubaa.com\/wp-content\/uploads\/2026\/04\/image-6.png?resize=525%2C300&ssl=1 1.5x, https:\/\/i0.wp.com\/akubaa.com\/wp-content\/uploads\/2026\/04\/image-6.png?resize=700%2C400&ssl=1 2x, https:\/\/i0.wp.com\/akubaa.com\/wp-content\/uploads\/2026\/04\/image-6.png?resize=1050%2C600&ssl=1 3x, https:\/\/i0.wp.com\/akubaa.com\/wp-content\/uploads\/2026\/04\/image-6.png?resize=1400%2C800&ssl=1 4x"},"classes":[]},{"id":2545,"url":"https:\/\/akubaa.com\/index.php\/2026\/01\/31\/falta-poco\/","url_meta":{"origin":2737,"position":1},"title":"Cuando descubres que el silencio tambi\u00e9n amenaza: Estados Unidos vuelve a mirar a Cuba y el reloj empieza a correr.","author":"AKubaa","date":"01\/31\/2026","format":false,"excerpt":"Hay momentos en los que una frase, dicha desde un podio en Washington, pesa m\u00e1s que mil comunicados oficiales.\u00a0\u00bfSab\u00edas que\u00a0a veces no hace falta anunciar una acci\u00f3n para que el mensaje sea demoledor?. Basta con sugerir que \u201cfalta poco\u201d. Basta con repetir una idea hasta que se instale como verdad.\u2026","rel":"","context":"En \u00abNoticias y Actualidad\u00bb","block_context":{"text":"Noticias y Actualidad","link":"https:\/\/akubaa.com\/index.php\/category\/noticias-y-actualidad\/"},"img":{"alt_text":"","src":"https:\/\/i0.wp.com\/akubaa.com\/wp-content\/uploads\/2026\/01\/Imagen-213.jpeg?resize=350%2C200&ssl=1","width":350,"height":200,"srcset":"https:\/\/i0.wp.com\/akubaa.com\/wp-content\/uploads\/2026\/01\/Imagen-213.jpeg?resize=350%2C200&ssl=1 1x, https:\/\/i0.wp.com\/akubaa.com\/wp-content\/uploads\/2026\/01\/Imagen-213.jpeg?resize=525%2C300&ssl=1 1.5x, https:\/\/i0.wp.com\/akubaa.com\/wp-content\/uploads\/2026\/01\/Imagen-213.jpeg?resize=700%2C400&ssl=1 2x, https:\/\/i0.wp.com\/akubaa.com\/wp-content\/uploads\/2026\/01\/Imagen-213.jpeg?resize=1050%2C600&ssl=1 3x, https:\/\/i0.wp.com\/akubaa.com\/wp-content\/uploads\/2026\/01\/Imagen-213.jpeg?resize=1400%2C800&ssl=1 4x"},"classes":[]},{"id":783,"url":"https:\/\/akubaa.com\/index.php\/2025\/07\/16\/en-cuba-no-hay-mendigos\/","url_meta":{"origin":2737,"position":2},"title":"\u00bfY si el verdadero disfraz lo lleva el poder?. La ministra que dice que en Cuba no hay mendigos, solo actores de la pobreza .","author":"AKubaa","date":"07\/16\/2025","format":false,"excerpt":"Cuando escuch\u00e9 las palabras de la\u00a0ministra de Trabajo y Seguridad Social de Cuba, Marta Elena Feit\u00f3 Cabrera, tuve que rebobinarlas mentalmente. No por falta de comprensi\u00f3n. Las entend\u00ed muy bien. Tal vez demasiado. Fue m\u00e1s bien un instinto de incredulidad, una necesidad de confirmar que, en efecto, no lo hab\u00eda\u2026","rel":"","context":"Entrada similar","block_context":{"text":"Entrada similar","link":""},"img":{"alt_text":"","src":"https:\/\/i0.wp.com\/akubaa.com\/wp-content\/uploads\/2025\/07\/image-28.png?resize=350%2C200&ssl=1","width":350,"height":200,"srcset":"https:\/\/i0.wp.com\/akubaa.com\/wp-content\/uploads\/2025\/07\/image-28.png?resize=350%2C200&ssl=1 1x, https:\/\/i0.wp.com\/akubaa.com\/wp-content\/uploads\/2025\/07\/image-28.png?resize=525%2C300&ssl=1 1.5x, https:\/\/i0.wp.com\/akubaa.com\/wp-content\/uploads\/2025\/07\/image-28.png?resize=700%2C400&ssl=1 2x, https:\/\/i0.wp.com\/akubaa.com\/wp-content\/uploads\/2025\/07\/image-28.png?resize=1050%2C600&ssl=1 3x, https:\/\/i0.wp.com\/akubaa.com\/wp-content\/uploads\/2025\/07\/image-28.png?resize=1400%2C800&ssl=1 4x"},"classes":[]},{"id":2143,"url":"https:\/\/akubaa.com\/index.php\/2025\/12\/05\/los-permisos-de-trabajo\/","url_meta":{"origin":2737,"position":3},"title":"\u00daltima Hora: EE.UU. recorta dr\u00e1sticamente la duraci\u00f3n de los permisos de trabajo\u2026 y los cubanos ya sienten el golpe.","author":"AKubaa","date":"12\/05\/2025","format":false,"excerpt":"Voy a serte sincero: hac\u00eda rato que en los grupos de WhatsApp de Miami, Hialeah y Tampa se estaba cocinando un rumor que muchos prefer\u00edan pensar que era puro cuento de esquina. Pero hoy, 5 de diciembre de 2025, ya no es rumor:\u00a0USCIS redujo a solo 18 meses la duraci\u00f3n\u2026","rel":"","context":"Entrada similar","block_context":{"text":"Entrada similar","link":""},"img":{"alt_text":"","src":"https:\/\/i0.wp.com\/akubaa.com\/wp-content\/uploads\/2025\/12\/image-11.png?resize=350%2C200&ssl=1","width":350,"height":200,"srcset":"https:\/\/i0.wp.com\/akubaa.com\/wp-content\/uploads\/2025\/12\/image-11.png?resize=350%2C200&ssl=1 1x, https:\/\/i0.wp.com\/akubaa.com\/wp-content\/uploads\/2025\/12\/image-11.png?resize=525%2C300&ssl=1 1.5x, https:\/\/i0.wp.com\/akubaa.com\/wp-content\/uploads\/2025\/12\/image-11.png?resize=700%2C400&ssl=1 2x, https:\/\/i0.wp.com\/akubaa.com\/wp-content\/uploads\/2025\/12\/image-11.png?resize=1050%2C600&ssl=1 3x, https:\/\/i0.wp.com\/akubaa.com\/wp-content\/uploads\/2025\/12\/image-11.png?resize=1400%2C800&ssl=1 4x"},"classes":[]},{"id":2775,"url":"https:\/\/akubaa.com\/index.php\/2026\/03\/19\/quien-va-a-sustituir-a-diaz-canel\/","url_meta":{"origin":2737,"position":4},"title":"\u00bfEl fin de D\u00edaz-Canel?. Estos son los nombres que ya suenan en los pasillos del poder en Cuba.","author":"AKubaa","date":"03\/19\/2026","format":false,"excerpt":"Hay momentos en los que uno siente que algo se est\u00e1 moviendo\u2026 aunque nadie lo diga oficialmente. Y hoy, desde Miami hasta La Habana, pasando por Hialeah, Tampa y hasta Madrid, la pregunta se repite en voz baja \u2014y a veces a gritos\u2014:\u00a0\u00bfqui\u00e9n va a sustituir a D\u00edaz-Canel?. Porque seamos\u2026","rel":"","context":"En \u00abNoticias y Actualidad\u00bb","block_context":{"text":"Noticias y Actualidad","link":"https:\/\/akubaa.com\/index.php\/category\/noticias-y-actualidad\/"},"img":{"alt_text":"","src":"https:\/\/i0.wp.com\/akubaa.com\/wp-content\/uploads\/2026\/03\/image-13.png?resize=350%2C200&ssl=1","width":350,"height":200,"srcset":"https:\/\/i0.wp.com\/akubaa.com\/wp-content\/uploads\/2026\/03\/image-13.png?resize=350%2C200&ssl=1 1x, https:\/\/i0.wp.com\/akubaa.com\/wp-content\/uploads\/2026\/03\/image-13.png?resize=525%2C300&ssl=1 1.5x, https:\/\/i0.wp.com\/akubaa.com\/wp-content\/uploads\/2026\/03\/image-13.png?resize=700%2C400&ssl=1 2x, https:\/\/i0.wp.com\/akubaa.com\/wp-content\/uploads\/2026\/03\/image-13.png?resize=1050%2C600&ssl=1 3x, https:\/\/i0.wp.com\/akubaa.com\/wp-content\/uploads\/2026\/03\/image-13.png?resize=1400%2C800&ssl=1 4x"},"classes":[]},{"id":1035,"url":"https:\/\/akubaa.com\/index.php\/2025\/08\/22\/el-espejismo-que-divide-a-cuba-sobrevivir-en-la-isla-mas-desigual\/","url_meta":{"origin":2737,"position":5},"title":"El espejismo que divide a Cuba: sobrevivir en la isla m\u00e1s desigual","author":"AKubaa","date":"08\/22\/2025","format":false,"excerpt":"Nunca olvidar\u00e9 la primera vez que mir\u00e9 La Habana desde lo alto de la\u00a0Torre K, ese rascacielos reci\u00e9n inaugurado en el Vedado que promete lujo y modernidad en un pa\u00eds donde cada d\u00eda es una batalla por encender una bombilla. Desde su piso 32, la ciudad parece intacta: el\u00a0cine Yara,\u2026","rel":"","context":"En \u00abTemas\u00bb","block_context":{"text":"Temas","link":"https:\/\/akubaa.com\/index.php\/category\/temas\/"},"img":{"alt_text":"","src":"https:\/\/i0.wp.com\/akubaa.com\/wp-content\/uploads\/2025\/08\/3528025E-2E6F-4890-8702-6E57468F0A8D.png?resize=350%2C200&ssl=1","width":350,"height":200,"srcset":"https:\/\/i0.wp.com\/akubaa.com\/wp-content\/uploads\/2025\/08\/3528025E-2E6F-4890-8702-6E57468F0A8D.png?resize=350%2C200&ssl=1 1x, https:\/\/i0.wp.com\/akubaa.com\/wp-content\/uploads\/2025\/08\/3528025E-2E6F-4890-8702-6E57468F0A8D.png?resize=525%2C300&ssl=1 1.5x, https:\/\/i0.wp.com\/akubaa.com\/wp-content\/uploads\/2025\/08\/3528025E-2E6F-4890-8702-6E57468F0A8D.png?resize=700%2C400&ssl=1 2x, https:\/\/i0.wp.com\/akubaa.com\/wp-content\/uploads\/2025\/08\/3528025E-2E6F-4890-8702-6E57468F0A8D.png?resize=1050%2C600&ssl=1 3x, https:\/\/i0.wp.com\/akubaa.com\/wp-content\/uploads\/2025\/08\/3528025E-2E6F-4890-8702-6E57468F0A8D.png?resize=1400%2C800&ssl=1 4x"},"classes":[]}],"jetpack_shortlink":"https:\/\/wp.me\/pgrKo3-I9","_links":{"self":[{"href":"https:\/\/akubaa.com\/index.php\/wp-json\/wp\/v2\/posts\/2737","targetHints":{"allow":["GET"]}}],"collection":[{"href":"https:\/\/akubaa.com\/index.php\/wp-json\/wp\/v2\/posts"}],"about":[{"href":"https:\/\/akubaa.com\/index.php\/wp-json\/wp\/v2\/types\/post"}],"author":[{"embeddable":true,"href":"https:\/\/akubaa.com\/index.php\/wp-json\/wp\/v2\/users\/1"}],"replies":[{"embeddable":true,"href":"https:\/\/akubaa.com\/index.php\/wp-json\/wp\/v2\/comments?post=2737"}],"version-history":[{"count":0,"href":"https:\/\/akubaa.com\/index.php\/wp-json\/wp\/v2\/posts\/2737\/revisions"}],"wp:featuredmedia":[{"embeddable":true,"href":"https:\/\/akubaa.com\/index.php\/wp-json\/wp\/v2\/media\/2738"}],"wp:attachment":[{"href":"https:\/\/akubaa.com\/index.php\/wp-json\/wp\/v2\/media?parent=2737"}],"wp:term":[{"taxonomy":"category","embeddable":true,"href":"https:\/\/akubaa.com\/index.php\/wp-json\/wp\/v2\/categories?post=2737"},{"taxonomy":"post_tag","embeddable":true,"href":"https:\/\/akubaa.com\/index.php\/wp-json\/wp\/v2\/tags?post=2737"}],"curies":[{"name":"wp","href":"https:\/\/api.w.org\/{rel}","templated":true}]}}