{"id":2734,"date":"2026-03-13T11:27:43","date_gmt":"2026-03-13T15:27:43","guid":{"rendered":"https:\/\/akubaa.com\/?p=2734"},"modified":"2026-03-13T11:27:49","modified_gmt":"2026-03-13T15:27:49","slug":"la-liberacion-de-51-presos","status":"publish","type":"post","link":"https:\/\/akubaa.com\/index.php\/2026\/03\/13\/la-liberacion-de-51-presos\/","title":{"rendered":"\u00bfLiberaci\u00f3n o jugada pol\u00edtica?. El r\u00e9gimen cubano anuncia la excarcelaci\u00f3n de 51 presos y vuelve el debate que divide a Cuba."},"content":{"rendered":"\n<p>Hay noticias que en Cuba nunca llegan solas. Siempre vienen acompa\u00f1adas de preguntas, sospechas y ese sabor a d\u00e9j\u00e0 vu que los cubanos conocemos demasiado bien. Esta semana, el\u00a0<strong>r\u00e9gimen cubano<\/strong>\u00a0anunci\u00f3 la\u00a0<strong>liberaci\u00f3n de 51 presos<\/strong>\u00a0en los pr\u00f3ximos d\u00edas, una decisi\u00f3n que \u2014seg\u00fan el propio gobierno\u2014 llega gracias a la\u00a0<strong>intermediaci\u00f3n de El Vaticano<\/strong>\u00a0y que beneficiar\u00e1 a reclusos con buena conducta que ya han cumplido parte de sus condenas. En el papel, suena como un gesto humanitario. En la pr\u00e1ctica, la historia suele ser m\u00e1s complicada.<\/p>\n\n\n\n<p>El\u00a0<strong>Ministerio de Relaciones Exteriores de Cuba (Minrex)<\/strong>\u00a0explic\u00f3 que la medida forma parte de una \u201cpr\u00e1ctica habitual del sistema judicial cubano\u201d, especialmente en momentos de relevancia religiosa como la cercan\u00eda de la\u00a0<strong>Semana Santa<\/strong>. Seg\u00fan el comunicado oficial, el\u00a0<strong>sistema penitenciario cubano<\/strong>\u00a0revisa regularmente las condiciones de los reclusos para otorgar beneficios penitenciarios. Pero cualquiera que haya vivido la realidad cubana \u2014en\u00a0<strong>La Habana, Santiago o incluso desde la distancia en Miami, Hialeah o Madrid<\/strong>\u2014 sabe que estos anuncios casi siempre vienen cargados de contexto pol\u00edtico.<\/p>\n\n\n\n<hr class=\"wp-block-separator has-alpha-channel-opacity\"\/>\n\n\n\n<div class=\"wp-block-media-text is-stacked-on-mobile\"><figure class=\"wp-block-media-text__media\"><img loading=\"lazy\" decoding=\"async\" width=\"1024\" height=\"683\" src=\"https:\/\/akubaa.com\/wp-content\/uploads\/2026\/02\/Imagen-222-1024x683.jpeg\" alt=\"\" class=\"wp-image-2608 size-full\" srcset=\"https:\/\/akubaa.com\/wp-content\/uploads\/2026\/02\/Imagen-222-1024x683.jpeg 1024w, https:\/\/akubaa.com\/wp-content\/uploads\/2026\/02\/Imagen-222-300x200.jpeg 300w, https:\/\/akubaa.com\/wp-content\/uploads\/2026\/02\/Imagen-222-768x512.jpeg 768w, https:\/\/akubaa.com\/wp-content\/uploads\/2026\/02\/Imagen-222-1320x880.jpeg 1320w, https:\/\/akubaa.com\/wp-content\/uploads\/2026\/02\/Imagen-222-600x400.jpeg 600w, https:\/\/akubaa.com\/wp-content\/uploads\/2026\/02\/Imagen-222.jpeg 1536w\" sizes=\"auto, (max-width: 1024px) 100vw, 1024px\" \/><\/figure><div class=\"wp-block-media-text__content\">\n<p>Colorear no es un juego: es desarrollo f\u00edsico, social y emocional. Cuando un ni\u00f1o colorea, pasa algo que ninguna pantalla puede replicar:\u00a0<strong>Impacto social:<\/strong>\u00a0invita al di\u00e1logo, al compartir, al \u201cmira lo que hice\u201d, al momento en familia.\u00a0<strong>Desarrollo f\u00edsico:<\/strong>\u00a0mejora la motricidad fina, la coordinaci\u00f3n mano-ojo y fortalece los m\u00fasculos de los dedos.\u00a0<strong>Beneficio psicol\u00f3gico:<\/strong>\u00a0reduce ansiedad, mejora la concentraci\u00f3n y estimula la creatividad infantil.<\/p>\n\n\n\n<div class=\"wp-block-buttons is-content-justification-center is-layout-flex wp-container-core-buttons-is-layout-a89b3969 wp-block-buttons-is-layout-flex\">\n<div class=\"wp-block-button\"><a class=\"wp-block-button__link wp-element-button\" href=\"https:\/\/www.amazon.com\/dp\/B0GMQM1LGJ?ref_=cm_sw_r_ffobk_cp_ud_dp_Q67EQN9G7TBTKQHX7WRQ_11&amp;bestFormat=true\">Compra los libros de colorear para tus ni\u00f1os aqui <\/a><\/div>\n<\/div>\n<\/div><\/div>\n\n\n\n<hr class=\"wp-block-separator has-alpha-channel-opacity\"\/>\n\n\n\n<h2 class=\"wp-block-heading\">La historia que muchos cubanos recuerdan<\/h2>\n\n\n\n<p>No es la primera vez que sucede. Desde\u00a0<strong>2010<\/strong>, el gobierno cubano asegura haber\u00a0<strong>indultado o liberado a m\u00e1s de 9.905 reclusos<\/strong>. Solo en los \u00faltimos tres a\u00f1os, unas\u00a0<strong>10.000 personas<\/strong>\u00a0han salido de prisi\u00f3n mediante distintos beneficios penitenciarios. Sin embargo, cada vez que ocurre una excarcelaci\u00f3n masiva, aparece la misma pregunta inc\u00f3moda: \u00bfEs realmente un gesto humanitario\u2026 o una respuesta a\u00a0<strong>presiones internacionales<\/strong>?.<\/p>\n\n\n\n<p>Muchos cubanos recuerdan lo ocurrido en\u00a0<strong>2025<\/strong>, cuando el r\u00e9gimen anunci\u00f3 la liberaci\u00f3n de\u00a0<strong>553 presos<\/strong>\u00a0en lo que describi\u00f3 como un \u201cgesto de buena voluntad\u201d. La decisi\u00f3n se vincul\u00f3 p\u00fablicamente con el\u00a0<strong>Jubileo religioso<\/strong>\u00a0y fue comunicada directamente al\u00a0<strong>papa Francisco<\/strong>. Pero casi al mismo tiempo, Cuba estaba en medio de negociaciones diplom\u00e1ticas sensibles con\u00a0<strong>Estados Unidos<\/strong>, incluyendo el debate sobre su presencia en la\u00a0<strong>lista de pa\u00edses patrocinadores del terrorismo<\/strong>. La coincidencia levant\u00f3 m\u00e1s de una ceja.<\/p>\n\n\n\n<hr class=\"wp-block-separator has-alpha-channel-opacity\"\/>\n\n\n\n<div class=\"wp-block-jetpack-related-posts\">\n<h2 class=\"wp-block-heading\">Te Puede Interesar <\/h2>\n<\/div>\n\n\n\n<hr class=\"wp-block-separator has-alpha-channel-opacity\"\/>\n\n\n\n<h2 class=\"wp-block-heading\">Cuando la pol\u00edtica entra por la puerta de la prisi\u00f3n<\/h2>\n\n\n\n<p>Ahora el escenario vuelve a tensarse. La\u00a0<strong>relaci\u00f3n entre Cuba y Estados Unidos<\/strong>\u00a0atraviesa otra etapa de incertidumbre. Aunque el gobierno cubano insiste en que\u00a0<strong>no existe di\u00e1logo formal con Washington<\/strong>, en los pasillos de la diplomacia internacional siempre hay conversaciones que no salen en televisi\u00f3n. La reciente decisi\u00f3n de la administraci\u00f3n de\u00a0<strong>Donald Trump<\/strong>\u00a0de volver a incluir a Cuba en la lista de\u00a0<strong>pa\u00edses patrocinadores del terrorismo<\/strong>\u00a0complic\u00f3 a\u00fan m\u00e1s el panorama. Seg\u00fan activistas y familiares, esa medida tambi\u00e9n paraliz\u00f3 procesos de liberaci\u00f3n que estaban en marcha. Entre los cubanos de la di\u00e1spora \u2014especialmente en\u00a0<strong>Tampa, Miami o M\u00e9xico<\/strong>\u2014 el anuncio ha generado reacciones mezcladas.<\/p>\n\n\n\n<p>\u201cSi van a liberar presos, que los liberen a todos los\u00a0<strong>presos pol\u00edticos<\/strong>\u201d, escribi\u00f3 un usuario en redes desde\u00a0<strong>Hialeah<\/strong>. <\/p>\n\n\n\n<p>Otro comentario, desde\u00a0<strong>Espa\u00f1a<\/strong>, resum\u00eda el sentimiento con crudeza: \u201cEn Cuba la libertad siempre llega con condiciones\u201d.<\/p>\n\n\n\n<hr class=\"wp-block-separator has-alpha-channel-opacity\"\/>\n\n\n\n<div class=\"wp-block-media-text is-stacked-on-mobile\"><figure class=\"wp-block-media-text__media\"><img loading=\"lazy\" decoding=\"async\" width=\"1024\" height=\"683\" src=\"https:\/\/akubaa.com\/wp-content\/uploads\/2026\/01\/Imagen-223-1024x683.jpeg\" alt=\"\" class=\"wp-image-2445 size-full\" srcset=\"https:\/\/akubaa.com\/wp-content\/uploads\/2026\/01\/Imagen-223-1024x683.jpeg 1024w, https:\/\/akubaa.com\/wp-content\/uploads\/2026\/01\/Imagen-223-600x400.jpeg 600w, https:\/\/akubaa.com\/wp-content\/uploads\/2026\/01\/Imagen-223-300x200.jpeg 300w, https:\/\/akubaa.com\/wp-content\/uploads\/2026\/01\/Imagen-223-768x512.jpeg 768w, https:\/\/akubaa.com\/wp-content\/uploads\/2026\/01\/Imagen-223-1320x880.jpeg 1320w, https:\/\/akubaa.com\/wp-content\/uploads\/2026\/01\/Imagen-223.jpeg 1536w\" sizes=\"auto, (max-width: 1024px) 100vw, 1024px\" \/><\/figure><div class=\"wp-block-media-text__content\">\n<p>\u00a0\u00bfTienes un negocio? . Publicalo aqu\u00ed ,solo te tarda un minuto y conecta con personas que buscan lo que t\u00fa ofreces.<strong><a href=\"https:\/\/akubaa.com\/index.php\/directorio-de-negocios-cubanos-akubaa\/\">Clic y descubre todas las ventajas\u00a0<\/a><\/strong>que puede obtener t\u00fa ahora mismo. Es hora de llevarte al lugar que merece sin luchar con el algoritmo.<\/p>\n\n\n\n<div class=\"wp-block-buttons is-content-justification-center is-layout-flex wp-container-core-buttons-is-layout-a89b3969 wp-block-buttons-is-layout-flex\">\n<div class=\"wp-block-button\"><a class=\"wp-block-button__link wp-element-button\" href=\"https:\/\/akubaa.com\/index.php\/negocio\/\">PUBLICA TU NEGOCIO AQUI .<\/a><\/div>\n<\/div>\n<\/div><\/div>\n\n\n\n<hr class=\"wp-block-separator has-alpha-channel-opacity\"\/>\n\n\n\n<h2 class=\"wp-block-heading\">La mirada de AKubaa<\/h2>\n\n\n\n<p>Desde\u00a0<a href=\"https:\/\/akmundovirtual.com\" type=\"link\" id=\"https:\/\/akmundovirtual.com\"><strong>AKubaa<\/strong>\u00a0<\/a>lo vemos con una mezcla de esperanza y cautela. Porque cada persona que sale de una prisi\u00f3n en Cuba significa una familia que respira. Pero tambi\u00e9n sabemos que el problema de fondo no es cu\u00e1ntos presos se liberan\u2026 sino\u00a0<strong>por qu\u00e9 hay tantos presos en primer lugar<\/strong>.<\/p>\n\n\n\n<p>El gobierno insiste en presentar su\u00a0<strong>sistema penitenciario como \u201cjusto y humanitario\u201d<\/strong>, pero las denuncias de\u00a0<strong>violaciones de derechos humanos, torturas y detenciones por motivos pol\u00edticos<\/strong>\u00a0siguen apareciendo en informes internacionales. Y ah\u00ed es donde la narrativa oficial empieza a resquebrajarse.<\/p>\n\n\n\n<hr class=\"wp-block-separator has-alpha-channel-opacity\"\/>\n\n\n\n\n\n<hr class=\"wp-block-separator has-alpha-channel-opacity\"\/>\n\n\n\n<h2 class=\"wp-block-heading\">La pregunta que queda flotando<\/h2>\n\n\n\n<p>Mientras se espera conocer los nombres de los\u00a0<strong>51 reclusos que ser\u00e1n liberados<\/strong>, una pregunta vuelve a recorrer las calles de Cuba y las cafeter\u00edas de Miami: \u00bfEstamos viendo un gesto humanitario real\u2026 o simplemente otra jugada pol\u00edtica en el tablero de la diplomacia internacional?.<\/p>\n\n\n\n<p>Te leo en los comentarios. \u00danete al debate en\u00a0<strong>AKubaa.com<\/strong>\u00a0y en nuestras redes. Porque cuando se trata de\u00a0<strong>Cuba, libertad y pol\u00edtica<\/strong>, la conversaci\u00f3n nunca termina. \ud83c\udde8\ud83c\uddfa<\/p>\n\n\n\n<hr class=\"wp-block-separator has-alpha-channel-opacity\"\/>\n\n\n\n<h2 class=\"wp-block-heading\">M\u00e1s en AKubaa<\/h2>\n\n\n<ul class=\"wp-block-latest-posts__list is-grid columns-3 wp-block-latest-posts\"><li><div class=\"wp-block-latest-posts__featured-image aligncenter\"><a href=\"https:\/\/akubaa.com\/index.php\/2026\/04\/21\/imaray-ulloa-de-influecer-a-ganadora-de-fisicoculturismo\/\" aria-label=\"Imaray Ulloa se sube a otra tarima: dos medallas, ocho meses de disciplina y una lecci\u00f3n que la di\u00e1spora entendi\u00f3 enseguida.\"><img loading=\"lazy\" decoding=\"async\" width=\"150\" height=\"150\" src=\"https:\/\/akubaa.com\/wp-content\/uploads\/2026\/04\/image-14-150x150.png\" class=\"attachment-thumbnail size-thumbnail wp-post-image\" alt=\"\" style=\"\" srcset=\"https:\/\/akubaa.com\/wp-content\/uploads\/2026\/04\/image-14-150x150.png 150w, https:\/\/akubaa.com\/wp-content\/uploads\/2026\/04\/image-14-300x300.png 300w, https:\/\/akubaa.com\/wp-content\/uploads\/2026\/04\/image-14-100x100.png 100w\" sizes=\"auto, (max-width: 150px) 100vw, 150px\" \/><\/a><\/div><a class=\"wp-block-latest-posts__post-title\" href=\"https:\/\/akubaa.com\/index.php\/2026\/04\/21\/imaray-ulloa-de-influecer-a-ganadora-de-fisicoculturismo\/\">Imaray Ulloa se sube a otra tarima: dos medallas, ocho meses de disciplina y una lecci\u00f3n que la di\u00e1spora entendi\u00f3 enseguida.<\/a><\/li>\n<li><div class=\"wp-block-latest-posts__featured-image aligncenter\"><a href=\"https:\/\/akubaa.com\/index.php\/2026\/04\/10\/horoscopo-del-10-de-abril-de-2026\/\" aria-label=\"Hor\u00f3scopo del 10 de abril de 2026: lo que el universo te quiere decir hoy (y lo que debes evitar a toda costa).\u00a0\"><img loading=\"lazy\" decoding=\"async\" width=\"150\" height=\"150\" src=\"https:\/\/akubaa.com\/wp-content\/uploads\/2026\/04\/image-13-150x150.png\" class=\"attachment-thumbnail size-thumbnail wp-post-image\" alt=\"\" style=\"\" srcset=\"https:\/\/akubaa.com\/wp-content\/uploads\/2026\/04\/image-13-150x150.png 150w, https:\/\/akubaa.com\/wp-content\/uploads\/2026\/04\/image-13-300x300.png 300w, https:\/\/akubaa.com\/wp-content\/uploads\/2026\/04\/image-13-100x100.png 100w\" sizes=\"auto, (max-width: 150px) 100vw, 150px\" \/><\/a><\/div><a class=\"wp-block-latest-posts__post-title\" href=\"https:\/\/akubaa.com\/index.php\/2026\/04\/10\/horoscopo-del-10-de-abril-de-2026\/\">Hor\u00f3scopo del 10 de abril de 2026: lo que el universo te quiere decir hoy (y lo que debes evitar a toda costa).\u00a0<\/a><\/li>\n<li><div class=\"wp-block-latest-posts__featured-image aligncenter\"><a href=\"https:\/\/akubaa.com\/index.php\/2026\/04\/09\/horoscopo-del-9-de-abril-de-2026\/\" aria-label=\"\ud83d\udd2e\u00a0Hor\u00f3scopo del 9 de abril de 2026: lo que viene no es casualidad\u2026 es destino (y t\u00fa lo vas a sentir hoy).\"><img loading=\"lazy\" decoding=\"async\" width=\"150\" height=\"150\" src=\"https:\/\/akubaa.com\/wp-content\/uploads\/2026\/04\/image-12-150x150.png\" class=\"attachment-thumbnail size-thumbnail wp-post-image\" alt=\"\" style=\"\" srcset=\"https:\/\/akubaa.com\/wp-content\/uploads\/2026\/04\/image-12-150x150.png 150w, https:\/\/akubaa.com\/wp-content\/uploads\/2026\/04\/image-12-300x300.png 300w, https:\/\/akubaa.com\/wp-content\/uploads\/2026\/04\/image-12-100x100.png 100w\" sizes=\"auto, (max-width: 150px) 100vw, 150px\" \/><\/a><\/div><a class=\"wp-block-latest-posts__post-title\" href=\"https:\/\/akubaa.com\/index.php\/2026\/04\/09\/horoscopo-del-9-de-abril-de-2026\/\">\ud83d\udd2e\u00a0Hor\u00f3scopo del 9 de abril de 2026: lo que viene no es casualidad\u2026 es destino (y t\u00fa lo vas a sentir hoy).<\/a><\/li>\n<li><div class=\"wp-block-latest-posts__featured-image aligncenter\"><a href=\"https:\/\/akubaa.com\/index.php\/2026\/04\/08\/horoscopo-del-8-de-abril-de-2026\/\" aria-label=\"\ud83d\udd2e\u00a0Hor\u00f3scopo del 8 de abril de 2026: lo que el destino no te est\u00e1 diciendo (y deber\u00edas escuchar hoy).\"><img loading=\"lazy\" decoding=\"async\" width=\"150\" height=\"150\" src=\"https:\/\/akubaa.com\/wp-content\/uploads\/2026\/04\/image-11-150x150.png\" class=\"attachment-thumbnail size-thumbnail wp-post-image\" alt=\"\" style=\"\" srcset=\"https:\/\/akubaa.com\/wp-content\/uploads\/2026\/04\/image-11-150x150.png 150w, https:\/\/akubaa.com\/wp-content\/uploads\/2026\/04\/image-11-300x300.png 300w, https:\/\/akubaa.com\/wp-content\/uploads\/2026\/04\/image-11-100x100.png 100w\" sizes=\"auto, (max-width: 150px) 100vw, 150px\" \/><\/a><\/div><a class=\"wp-block-latest-posts__post-title\" href=\"https:\/\/akubaa.com\/index.php\/2026\/04\/08\/horoscopo-del-8-de-abril-de-2026\/\">\ud83d\udd2e\u00a0Hor\u00f3scopo del 8 de abril de 2026: lo que el destino no te est\u00e1 diciendo (y deber\u00edas escuchar hoy).<\/a><\/li>\n<li><div class=\"wp-block-latest-posts__featured-image aligncenter\"><a href=\"https:\/\/akubaa.com\/index.php\/2026\/04\/07\/leoni-torres-y-el-b-convierten-cubano-en-un-grito-de-identidad-y-libertad\/\" aria-label=\"\u201cViva Cuba Libre\u201d: la canci\u00f3n que no es solo m\u00fasica\u2026 es un mensaje que ya no se puede callar.\"><img loading=\"lazy\" decoding=\"async\" width=\"150\" height=\"150\" src=\"https:\/\/akubaa.com\/wp-content\/uploads\/2026\/04\/image-10-150x150.png\" class=\"attachment-thumbnail size-thumbnail wp-post-image\" alt=\"\" style=\"\" srcset=\"https:\/\/akubaa.com\/wp-content\/uploads\/2026\/04\/image-10-150x150.png 150w, https:\/\/akubaa.com\/wp-content\/uploads\/2026\/04\/image-10-300x300.png 300w, https:\/\/akubaa.com\/wp-content\/uploads\/2026\/04\/image-10-100x100.png 100w\" sizes=\"auto, (max-width: 150px) 100vw, 150px\" \/><\/a><\/div><a class=\"wp-block-latest-posts__post-title\" href=\"https:\/\/akubaa.com\/index.php\/2026\/04\/07\/leoni-torres-y-el-b-convierten-cubano-en-un-grito-de-identidad-y-libertad\/\">\u201cViva Cuba Libre\u201d: la canci\u00f3n que no es solo m\u00fasica\u2026 es un mensaje que ya no se puede callar.<\/a><\/li>\n<li><div class=\"wp-block-latest-posts__featured-image aligncenter\"><a href=\"https:\/\/akubaa.com\/index.php\/2026\/04\/07\/horoscopo-del-7-de-abril-de-2026\/\" aria-label=\"\ud83d\udd2e\u00a0Hor\u00f3scopo del 7 de abril de 2026: lo que viene no avisa\u2026 pero s\u00ed se siente.\"><img loading=\"lazy\" decoding=\"async\" width=\"150\" height=\"150\" src=\"https:\/\/akubaa.com\/wp-content\/uploads\/2026\/04\/image-9-150x150.png\" class=\"attachment-thumbnail size-thumbnail wp-post-image\" alt=\"\" style=\"\" srcset=\"https:\/\/akubaa.com\/wp-content\/uploads\/2026\/04\/image-9-150x150.png 150w, https:\/\/akubaa.com\/wp-content\/uploads\/2026\/04\/image-9-300x300.png 300w, https:\/\/akubaa.com\/wp-content\/uploads\/2026\/04\/image-9-100x100.png 100w\" sizes=\"auto, (max-width: 150px) 100vw, 150px\" \/><\/a><\/div><a class=\"wp-block-latest-posts__post-title\" href=\"https:\/\/akubaa.com\/index.php\/2026\/04\/07\/horoscopo-del-7-de-abril-de-2026\/\">\ud83d\udd2e\u00a0Hor\u00f3scopo del 7 de abril de 2026: lo que viene no avisa\u2026 pero s\u00ed se siente.<\/a><\/li>\n<\/ul>","protected":false},"excerpt":{"rendered":"<p>Hay noticias que en Cuba nunca llegan solas. Siempre vienen acompa\u00f1adas de preguntas, sospechas y ese sabor a d\u00e9j\u00e0 vu que los cubanos conocemos demasiado bien. Esta semana, el\u00a0r\u00e9gimen cubano\u00a0anunci\u00f3 la\u00a0liberaci\u00f3n de 51 presos\u00a0en los pr\u00f3ximos d\u00edas, una decisi\u00f3n que \u2014seg\u00fan el propio gobierno\u2014 llega gracias a la\u00a0intermediaci\u00f3n de El Vaticano\u00a0y que beneficiar\u00e1 a reclusos [&hellip;]<\/p>\n","protected":false},"author":1,"featured_media":2736,"comment_status":"open","ping_status":"open","sticky":false,"template":"","format":"standard","meta":{"jetpack_post_was_ever_published":false,"_jetpack_newsletter_access":"","_jetpack_dont_email_post_to_subs":false,"_jetpack_newsletter_tier_id":0,"_jetpack_memberships_contains_paywalled_content":false,"_jetpack_memberships_contains_paid_content":false,"footnotes":"","jetpack_publicize_message":"","jetpack_publicize_feature_enabled":true,"jetpack_social_post_already_shared":true,"jetpack_social_options":{"image_generator_settings":{"template":"highway","default_image_id":0,"font":"","enabled":false},"version":2}},"categories":[1],"tags":[],"class_list":["post-2734","post","type-post","status-publish","format-standard","has-post-thumbnail","hentry","category-uncategorized"],"yoast_head":"<!-- This site is optimized with the Yoast SEO plugin v27.5 - https:\/\/yoast.com\/product\/yoast-seo-wordpress\/ -->\n<title>La\u00a0liberaci\u00f3n de 51 presos pol\u00edticos en Cuba . - AKubaa<\/title>\n<meta name=\"description\" content=\"Ent\u00e9rate el\u00a0r\u00e9gimen cubano\u00a0anunci\u00f3 en los pr\u00f3ximos d\u00edas, la\u00a0liberaci\u00f3n de 51 presos\u00a0y es seg\u00fan ellos gracias a la\u00a0intermediaci\u00f3n de El Va\" \/>\n<meta name=\"robots\" content=\"index, follow, max-snippet:-1, max-image-preview:large, max-video-preview:-1\" \/>\n<link rel=\"canonical\" href=\"https:\/\/akubaa.com\/index.php\/2026\/03\/13\/la-liberacion-de-51-presos\/\" \/>\n<meta property=\"og:locale\" content=\"es_ES\" \/>\n<meta property=\"og:type\" content=\"article\" \/>\n<meta property=\"og:title\" content=\"La\u00a0liberaci\u00f3n de 51 presos pol\u00edticos en Cuba . - AKubaa\" \/>\n<meta property=\"og:description\" content=\"Ent\u00e9rate el\u00a0r\u00e9gimen cubano\u00a0anunci\u00f3 en los pr\u00f3ximos d\u00edas, la\u00a0liberaci\u00f3n de 51 presos\u00a0y es seg\u00fan ellos gracias a la\u00a0intermediaci\u00f3n de El Va\" \/>\n<meta property=\"og:url\" content=\"https:\/\/akubaa.com\/index.php\/2026\/03\/13\/la-liberacion-de-51-presos\/\" \/>\n<meta property=\"og:site_name\" content=\"AKubaa\" \/>\n<meta property=\"article:publisher\" content=\"https:\/\/www.facebook.com\/akubaa\" \/>\n<meta property=\"article:author\" content=\"https:\/\/www.facebook.com\/akubaa\" \/>\n<meta property=\"article:published_time\" content=\"2026-03-13T15:27:43+00:00\" \/>\n<meta property=\"article:modified_time\" content=\"2026-03-13T15:27:49+00:00\" \/>\n<meta property=\"og:image\" content=\"https:\/\/akubaa.com\/wp-content\/uploads\/2026\/03\/image-1024x683.png\" \/>\n\t<meta property=\"og:image:width\" content=\"1024\" \/>\n\t<meta property=\"og:image:height\" content=\"683\" \/>\n\t<meta property=\"og:image:type\" content=\"image\/png\" \/>\n<meta name=\"author\" content=\"AKubaa\" \/>\n<meta name=\"twitter:card\" content=\"summary_large_image\" \/>\n<meta name=\"twitter:label1\" content=\"Escrito por\" \/>\n\t<meta name=\"twitter:data1\" content=\"AKubaa\" \/>\n\t<meta name=\"twitter:label2\" content=\"Tiempo de lectura\" \/>\n\t<meta name=\"twitter:data2\" content=\"5 minutos\" \/>\n<script type=\"application\/ld+json\" class=\"yoast-schema-graph\">{\"@context\":\"https:\\\/\\\/schema.org\",\"@graph\":[{\"@type\":\"Article\",\"@id\":\"https:\\\/\\\/akubaa.com\\\/index.php\\\/2026\\\/03\\\/13\\\/la-liberacion-de-51-presos\\\/#article\",\"isPartOf\":{\"@id\":\"https:\\\/\\\/akubaa.com\\\/index.php\\\/2026\\\/03\\\/13\\\/la-liberacion-de-51-presos\\\/\"},\"author\":{\"name\":\"AKubaa\",\"@id\":\"https:\\\/\\\/akubaa.com\\\/#\\\/schema\\\/person\\\/b096b63c1ad27204e55fabb2cf2153a5\"},\"headline\":\"\u00bfLiberaci\u00f3n o jugada pol\u00edtica?. El r\u00e9gimen cubano anuncia la excarcelaci\u00f3n de 51 presos y vuelve el debate que divide a Cuba.\",\"datePublished\":\"2026-03-13T15:27:43+00:00\",\"dateModified\":\"2026-03-13T15:27:49+00:00\",\"mainEntityOfPage\":{\"@id\":\"https:\\\/\\\/akubaa.com\\\/index.php\\\/2026\\\/03\\\/13\\\/la-liberacion-de-51-presos\\\/\"},\"wordCount\":862,\"commentCount\":0,\"publisher\":{\"@id\":\"https:\\\/\\\/akubaa.com\\\/#\\\/schema\\\/person\\\/b096b63c1ad27204e55fabb2cf2153a5\"},\"image\":{\"@id\":\"https:\\\/\\\/akubaa.com\\\/index.php\\\/2026\\\/03\\\/13\\\/la-liberacion-de-51-presos\\\/#primaryimage\"},\"thumbnailUrl\":\"https:\\\/\\\/akubaa.com\\\/wp-content\\\/uploads\\\/2026\\\/03\\\/image.png\",\"articleSection\":[\"Uncategorized\"],\"inLanguage\":\"es\",\"potentialAction\":[{\"@type\":\"CommentAction\",\"name\":\"Comment\",\"target\":[\"https:\\\/\\\/akubaa.com\\\/index.php\\\/2026\\\/03\\\/13\\\/la-liberacion-de-51-presos\\\/#respond\"]}]},{\"@type\":\"WebPage\",\"@id\":\"https:\\\/\\\/akubaa.com\\\/index.php\\\/2026\\\/03\\\/13\\\/la-liberacion-de-51-presos\\\/\",\"url\":\"https:\\\/\\\/akubaa.com\\\/index.php\\\/2026\\\/03\\\/13\\\/la-liberacion-de-51-presos\\\/\",\"name\":\"La\u00a0liberaci\u00f3n de 51 presos pol\u00edticos en Cuba . - AKubaa\",\"isPartOf\":{\"@id\":\"https:\\\/\\\/akubaa.com\\\/#website\"},\"primaryImageOfPage\":{\"@id\":\"https:\\\/\\\/akubaa.com\\\/index.php\\\/2026\\\/03\\\/13\\\/la-liberacion-de-51-presos\\\/#primaryimage\"},\"image\":{\"@id\":\"https:\\\/\\\/akubaa.com\\\/index.php\\\/2026\\\/03\\\/13\\\/la-liberacion-de-51-presos\\\/#primaryimage\"},\"thumbnailUrl\":\"https:\\\/\\\/akubaa.com\\\/wp-content\\\/uploads\\\/2026\\\/03\\\/image.png\",\"datePublished\":\"2026-03-13T15:27:43+00:00\",\"dateModified\":\"2026-03-13T15:27:49+00:00\",\"description\":\"Ent\u00e9rate el\u00a0r\u00e9gimen cubano\u00a0anunci\u00f3 en los pr\u00f3ximos d\u00edas, la\u00a0liberaci\u00f3n de 51 presos\u00a0y es seg\u00fan ellos gracias a la\u00a0intermediaci\u00f3n de El Vaticano.\",\"breadcrumb\":{\"@id\":\"https:\\\/\\\/akubaa.com\\\/index.php\\\/2026\\\/03\\\/13\\\/la-liberacion-de-51-presos\\\/#breadcrumb\"},\"inLanguage\":\"es\",\"potentialAction\":[{\"@type\":\"ReadAction\",\"target\":[\"https:\\\/\\\/akubaa.com\\\/index.php\\\/2026\\\/03\\\/13\\\/la-liberacion-de-51-presos\\\/\"]}]},{\"@type\":\"ImageObject\",\"inLanguage\":\"es\",\"@id\":\"https:\\\/\\\/akubaa.com\\\/index.php\\\/2026\\\/03\\\/13\\\/la-liberacion-de-51-presos\\\/#primaryimage\",\"url\":\"https:\\\/\\\/akubaa.com\\\/wp-content\\\/uploads\\\/2026\\\/03\\\/image.png\",\"contentUrl\":\"https:\\\/\\\/akubaa.com\\\/wp-content\\\/uploads\\\/2026\\\/03\\\/image.png\",\"width\":1536,\"height\":1024},{\"@type\":\"BreadcrumbList\",\"@id\":\"https:\\\/\\\/akubaa.com\\\/index.php\\\/2026\\\/03\\\/13\\\/la-liberacion-de-51-presos\\\/#breadcrumb\",\"itemListElement\":[{\"@type\":\"ListItem\",\"position\":1,\"name\":\"Portada\",\"item\":\"https:\\\/\\\/akubaa.com\\\/\"},{\"@type\":\"ListItem\",\"position\":2,\"name\":\"\u00bfLiberaci\u00f3n o jugada pol\u00edtica?. El r\u00e9gimen cubano anuncia la excarcelaci\u00f3n de 51 presos y vuelve el debate que divide a Cuba.\"}]},{\"@type\":\"WebSite\",\"@id\":\"https:\\\/\\\/akubaa.com\\\/#website\",\"url\":\"https:\\\/\\\/akubaa.com\\\/\",\"name\":\"AKubaa\",\"description\":\"Vive ,conoce y disfruta Cuba al estilo de A&amp;K.\",\"publisher\":{\"@id\":\"https:\\\/\\\/akubaa.com\\\/#\\\/schema\\\/person\\\/b096b63c1ad27204e55fabb2cf2153a5\"},\"potentialAction\":[{\"@type\":\"SearchAction\",\"target\":{\"@type\":\"EntryPoint\",\"urlTemplate\":\"https:\\\/\\\/akubaa.com\\\/?s={search_term_string}\"},\"query-input\":{\"@type\":\"PropertyValueSpecification\",\"valueRequired\":true,\"valueName\":\"search_term_string\"}}],\"inLanguage\":\"es\"},{\"@type\":[\"Person\",\"Organization\"],\"@id\":\"https:\\\/\\\/akubaa.com\\\/#\\\/schema\\\/person\\\/b096b63c1ad27204e55fabb2cf2153a5\",\"name\":\"AKubaa\",\"image\":{\"@type\":\"ImageObject\",\"inLanguage\":\"es\",\"@id\":\"https:\\\/\\\/akubaa.com\\\/wp-content\\\/uploads\\\/2025\\\/08\\\/Imagen-17.jpeg\",\"url\":\"https:\\\/\\\/akubaa.com\\\/wp-content\\\/uploads\\\/2025\\\/08\\\/Imagen-17.jpeg\",\"contentUrl\":\"https:\\\/\\\/akubaa.com\\\/wp-content\\\/uploads\\\/2025\\\/08\\\/Imagen-17.jpeg\",\"width\":1024,\"height\":1024,\"caption\":\"AKubaa\"},\"logo\":{\"@id\":\"https:\\\/\\\/akubaa.com\\\/wp-content\\\/uploads\\\/2025\\\/08\\\/Imagen-17.jpeg\"},\"sameAs\":[\"https:\\\/\\\/akubaa.com\",\"https:\\\/\\\/www.facebook.com\\\/akubaa\",\"https:\\\/\\\/www.instagram.com\\\/akubaa?\"],\"url\":\"https:\\\/\\\/akubaa.com\\\/index.php\\\/profile\\\/admin\\\/\"}]}<\/script>\n<!-- \/ Yoast SEO plugin. -->","yoast_head_json":{"title":"La\u00a0liberaci\u00f3n de 51 presos pol\u00edticos en Cuba . - AKubaa","description":"Ent\u00e9rate el\u00a0r\u00e9gimen cubano\u00a0anunci\u00f3 en los pr\u00f3ximos d\u00edas, la\u00a0liberaci\u00f3n de 51 presos\u00a0y es seg\u00fan ellos gracias a la\u00a0intermediaci\u00f3n de El Va","robots":{"index":"index","follow":"follow","max-snippet":"max-snippet:-1","max-image-preview":"max-image-preview:large","max-video-preview":"max-video-preview:-1"},"canonical":"https:\/\/akubaa.com\/index.php\/2026\/03\/13\/la-liberacion-de-51-presos\/","og_locale":"es_ES","og_type":"article","og_title":"La\u00a0liberaci\u00f3n de 51 presos pol\u00edticos en Cuba . - AKubaa","og_description":"Ent\u00e9rate el\u00a0r\u00e9gimen cubano\u00a0anunci\u00f3 en los pr\u00f3ximos d\u00edas, la\u00a0liberaci\u00f3n de 51 presos\u00a0y es seg\u00fan ellos gracias a la\u00a0intermediaci\u00f3n de El Va","og_url":"https:\/\/akubaa.com\/index.php\/2026\/03\/13\/la-liberacion-de-51-presos\/","og_site_name":"AKubaa","article_publisher":"https:\/\/www.facebook.com\/akubaa","article_author":"https:\/\/www.facebook.com\/akubaa","article_published_time":"2026-03-13T15:27:43+00:00","article_modified_time":"2026-03-13T15:27:49+00:00","og_image":[{"width":1024,"height":683,"url":"https:\/\/akubaa.com\/wp-content\/uploads\/2026\/03\/image-1024x683.png","type":"image\/png"}],"author":"AKubaa","twitter_card":"summary_large_image","twitter_misc":{"Escrito por":"AKubaa","Tiempo de lectura":"5 minutos"},"schema":{"@context":"https:\/\/schema.org","@graph":[{"@type":"Article","@id":"https:\/\/akubaa.com\/index.php\/2026\/03\/13\/la-liberacion-de-51-presos\/#article","isPartOf":{"@id":"https:\/\/akubaa.com\/index.php\/2026\/03\/13\/la-liberacion-de-51-presos\/"},"author":{"name":"AKubaa","@id":"https:\/\/akubaa.com\/#\/schema\/person\/b096b63c1ad27204e55fabb2cf2153a5"},"headline":"\u00bfLiberaci\u00f3n o jugada pol\u00edtica?. El r\u00e9gimen cubano anuncia la excarcelaci\u00f3n de 51 presos y vuelve el debate que divide a Cuba.","datePublished":"2026-03-13T15:27:43+00:00","dateModified":"2026-03-13T15:27:49+00:00","mainEntityOfPage":{"@id":"https:\/\/akubaa.com\/index.php\/2026\/03\/13\/la-liberacion-de-51-presos\/"},"wordCount":862,"commentCount":0,"publisher":{"@id":"https:\/\/akubaa.com\/#\/schema\/person\/b096b63c1ad27204e55fabb2cf2153a5"},"image":{"@id":"https:\/\/akubaa.com\/index.php\/2026\/03\/13\/la-liberacion-de-51-presos\/#primaryimage"},"thumbnailUrl":"https:\/\/akubaa.com\/wp-content\/uploads\/2026\/03\/image.png","articleSection":["Uncategorized"],"inLanguage":"es","potentialAction":[{"@type":"CommentAction","name":"Comment","target":["https:\/\/akubaa.com\/index.php\/2026\/03\/13\/la-liberacion-de-51-presos\/#respond"]}]},{"@type":"WebPage","@id":"https:\/\/akubaa.com\/index.php\/2026\/03\/13\/la-liberacion-de-51-presos\/","url":"https:\/\/akubaa.com\/index.php\/2026\/03\/13\/la-liberacion-de-51-presos\/","name":"La\u00a0liberaci\u00f3n de 51 presos pol\u00edticos en Cuba . - AKubaa","isPartOf":{"@id":"https:\/\/akubaa.com\/#website"},"primaryImageOfPage":{"@id":"https:\/\/akubaa.com\/index.php\/2026\/03\/13\/la-liberacion-de-51-presos\/#primaryimage"},"image":{"@id":"https:\/\/akubaa.com\/index.php\/2026\/03\/13\/la-liberacion-de-51-presos\/#primaryimage"},"thumbnailUrl":"https:\/\/akubaa.com\/wp-content\/uploads\/2026\/03\/image.png","datePublished":"2026-03-13T15:27:43+00:00","dateModified":"2026-03-13T15:27:49+00:00","description":"Ent\u00e9rate el\u00a0r\u00e9gimen cubano\u00a0anunci\u00f3 en los pr\u00f3ximos d\u00edas, la\u00a0liberaci\u00f3n de 51 presos\u00a0y es seg\u00fan ellos gracias a la\u00a0intermediaci\u00f3n de El Vaticano.","breadcrumb":{"@id":"https:\/\/akubaa.com\/index.php\/2026\/03\/13\/la-liberacion-de-51-presos\/#breadcrumb"},"inLanguage":"es","potentialAction":[{"@type":"ReadAction","target":["https:\/\/akubaa.com\/index.php\/2026\/03\/13\/la-liberacion-de-51-presos\/"]}]},{"@type":"ImageObject","inLanguage":"es","@id":"https:\/\/akubaa.com\/index.php\/2026\/03\/13\/la-liberacion-de-51-presos\/#primaryimage","url":"https:\/\/akubaa.com\/wp-content\/uploads\/2026\/03\/image.png","contentUrl":"https:\/\/akubaa.com\/wp-content\/uploads\/2026\/03\/image.png","width":1536,"height":1024},{"@type":"BreadcrumbList","@id":"https:\/\/akubaa.com\/index.php\/2026\/03\/13\/la-liberacion-de-51-presos\/#breadcrumb","itemListElement":[{"@type":"ListItem","position":1,"name":"Portada","item":"https:\/\/akubaa.com\/"},{"@type":"ListItem","position":2,"name":"\u00bfLiberaci\u00f3n o jugada pol\u00edtica?. El r\u00e9gimen cubano anuncia la excarcelaci\u00f3n de 51 presos y vuelve el debate que divide a Cuba."}]},{"@type":"WebSite","@id":"https:\/\/akubaa.com\/#website","url":"https:\/\/akubaa.com\/","name":"AKubaa","description":"Vive ,conoce y disfruta Cuba al estilo de A&amp;K.","publisher":{"@id":"https:\/\/akubaa.com\/#\/schema\/person\/b096b63c1ad27204e55fabb2cf2153a5"},"potentialAction":[{"@type":"SearchAction","target":{"@type":"EntryPoint","urlTemplate":"https:\/\/akubaa.com\/?s={search_term_string}"},"query-input":{"@type":"PropertyValueSpecification","valueRequired":true,"valueName":"search_term_string"}}],"inLanguage":"es"},{"@type":["Person","Organization"],"@id":"https:\/\/akubaa.com\/#\/schema\/person\/b096b63c1ad27204e55fabb2cf2153a5","name":"AKubaa","image":{"@type":"ImageObject","inLanguage":"es","@id":"https:\/\/akubaa.com\/wp-content\/uploads\/2025\/08\/Imagen-17.jpeg","url":"https:\/\/akubaa.com\/wp-content\/uploads\/2025\/08\/Imagen-17.jpeg","contentUrl":"https:\/\/akubaa.com\/wp-content\/uploads\/2025\/08\/Imagen-17.jpeg","width":1024,"height":1024,"caption":"AKubaa"},"logo":{"@id":"https:\/\/akubaa.com\/wp-content\/uploads\/2025\/08\/Imagen-17.jpeg"},"sameAs":["https:\/\/akubaa.com","https:\/\/www.facebook.com\/akubaa","https:\/\/www.instagram.com\/akubaa?"],"url":"https:\/\/akubaa.com\/index.php\/profile\/admin\/"}]}},"jetpack_publicize_connections":[],"jetpack_featured_media_url":"https:\/\/akubaa.com\/wp-content\/uploads\/2026\/03\/image.png","jetpack_sharing_enabled":true,"jetpack_likes_enabled":true,"jetpack-related-posts":[{"id":2750,"url":"https:\/\/akubaa.com\/index.php\/2026\/03\/14\/que-espera-ganar-el-regimen-cubano\/","url_meta":{"origin":2734,"position":0},"title":"\u00bfQu\u00e9 quiere realmente La Habana?. Las concesiones que el r\u00e9gimen cubano espera de Estados Unidos.","author":"AKubaa","date":"03\/14\/2026","format":false,"excerpt":"Hay momentos en la historia en que una noticia suena como un susurro primero\u2026 y luego se convierte en un grito imposible de ignorar. Eso es exactamente lo que ocurri\u00f3 este\u00a013 de marzo de 2026, cuando el gobierno de\u00a0Miguel D\u00edaz-Canel\u00a0confirm\u00f3 algo que durante semanas circulaba como rumor en los pasillos\u2026","rel":"","context":"En \u00abNoticias y Actualidad\u00bb","block_context":{"text":"Noticias y Actualidad","link":"https:\/\/akubaa.com\/index.php\/category\/noticias-y-actualidad\/"},"img":{"alt_text":"","src":"https:\/\/i0.wp.com\/akubaa.com\/wp-content\/uploads\/2026\/03\/image-4.png?resize=350%2C200&ssl=1","width":350,"height":200,"srcset":"https:\/\/i0.wp.com\/akubaa.com\/wp-content\/uploads\/2026\/03\/image-4.png?resize=350%2C200&ssl=1 1x, https:\/\/i0.wp.com\/akubaa.com\/wp-content\/uploads\/2026\/03\/image-4.png?resize=525%2C300&ssl=1 1.5x, https:\/\/i0.wp.com\/akubaa.com\/wp-content\/uploads\/2026\/03\/image-4.png?resize=700%2C400&ssl=1 2x, https:\/\/i0.wp.com\/akubaa.com\/wp-content\/uploads\/2026\/03\/image-4.png?resize=1050%2C600&ssl=1 3x, https:\/\/i0.wp.com\/akubaa.com\/wp-content\/uploads\/2026\/03\/image-4.png?resize=1400%2C800&ssl=1 4x"},"classes":[]},{"id":2740,"url":"https:\/\/akubaa.com\/index.php\/2026\/03\/13\/miguel-diaz-canel\/","url_meta":{"origin":2734,"position":1},"title":"\u201c\u00bfDi\u00e1logo o necesidad?\u201d: D\u00edaz-Canel confirma conversaciones con Estados Unidos y el tablero pol\u00edtico vuelve a moverse.","author":"AKubaa","date":"03\/13\/2026","format":false,"excerpt":"Hay frases que, cuando se dicen en Cuba, no son simples palabras. Son se\u00f1ales. Y cuando\u00a0Miguel D\u00edaz-Canel\u00a0aparece frente a las c\u00e1maras de la prensa oficialista diciendo que\u00a0\u201cCuba necesita alejarse de la confrontaci\u00f3n con Estados Unidos\u201d, m\u00e1s de uno levanta la ceja. Porque en la isla, cuando el poder habla de\u2026","rel":"","context":"Entrada similar","block_context":{"text":"Entrada similar","link":""},"img":{"alt_text":"","src":"https:\/\/i0.wp.com\/akubaa.com\/wp-content\/uploads\/2026\/03\/Imagen-21.jpeg?resize=350%2C200&ssl=1","width":350,"height":200,"srcset":"https:\/\/i0.wp.com\/akubaa.com\/wp-content\/uploads\/2026\/03\/Imagen-21.jpeg?resize=350%2C200&ssl=1 1x, https:\/\/i0.wp.com\/akubaa.com\/wp-content\/uploads\/2026\/03\/Imagen-21.jpeg?resize=525%2C300&ssl=1 1.5x, https:\/\/i0.wp.com\/akubaa.com\/wp-content\/uploads\/2026\/03\/Imagen-21.jpeg?resize=700%2C400&ssl=1 2x, https:\/\/i0.wp.com\/akubaa.com\/wp-content\/uploads\/2026\/03\/Imagen-21.jpeg?resize=1050%2C600&ssl=1 3x, https:\/\/i0.wp.com\/akubaa.com\/wp-content\/uploads\/2026\/03\/Imagen-21.jpeg?resize=1400%2C800&ssl=1 4x"},"classes":[]},{"id":2752,"url":"https:\/\/akubaa.com\/index.php\/2026\/03\/14\/los-primeros-liberados-del-11j\/","url_meta":{"origin":2734,"position":2},"title":"\u201cLos primeros liberados del 11J: libertad vigilada, memoria viva y la pregunta que Cuba no puede olvidar\u201d","author":"AKubaa","date":"03\/14\/2026","format":false,"excerpt":"Hay noticias que uno lee r\u00e1pido y sigue con el d\u00eda. Y hay otras que te obligan a detenerte. A pensar. A recordar. La\u00a0liberaci\u00f3n de los primeros presos pol\u00edticos del 11 de julio de 2021 (11J)\u00a0es una de esas noticias que, para cualquier cubano \u2014dentro o fuera de la Isla\u2014\u2026","rel":"","context":"En \u00abNoticias y Actualidad\u00bb","block_context":{"text":"Noticias y Actualidad","link":"https:\/\/akubaa.com\/index.php\/category\/noticias-y-actualidad\/"},"img":{"alt_text":"","src":"https:\/\/i0.wp.com\/akubaa.com\/wp-content\/uploads\/2026\/03\/image-5.png?resize=350%2C200&ssl=1","width":350,"height":200,"srcset":"https:\/\/i0.wp.com\/akubaa.com\/wp-content\/uploads\/2026\/03\/image-5.png?resize=350%2C200&ssl=1 1x, https:\/\/i0.wp.com\/akubaa.com\/wp-content\/uploads\/2026\/03\/image-5.png?resize=525%2C300&ssl=1 1.5x, https:\/\/i0.wp.com\/akubaa.com\/wp-content\/uploads\/2026\/03\/image-5.png?resize=700%2C400&ssl=1 2x, https:\/\/i0.wp.com\/akubaa.com\/wp-content\/uploads\/2026\/03\/image-5.png?resize=1050%2C600&ssl=1 3x"},"classes":[]},{"id":2747,"url":"https:\/\/akubaa.com\/index.php\/2026\/03\/14\/agentes-del-fbi-viajaran-a-cuba-para-investigar-el-tiroteo\/","url_meta":{"origin":2734,"position":3},"title":"FBI en Cuba: el tiroteo de Villa Clara que ahora sacude la relaci\u00f3n entre La Habana y Washington.","author":"AKubaa","date":"03\/14\/2026","format":false,"excerpt":"Hay noticias que parecen sacadas de una novela pol\u00edtica\u2026 y luego est\u00e1 esta. Cuando le\u00ed que\u00a0agentes del FBI\u00a0viajar\u00e1n a\u00a0Cuba\u00a0para investigar el\u00a0tiroteo de una lancha frente a las costas de Villa Clara, lo primero que pens\u00e9 fue: algo est\u00e1 cambiando, y r\u00e1pido. Porque durante d\u00e9cadas el gobierno cubano evit\u00f3 cualquier tipo\u2026","rel":"","context":"En \u00abNoticias y Actualidad\u00bb","block_context":{"text":"Noticias y Actualidad","link":"https:\/\/akubaa.com\/index.php\/category\/noticias-y-actualidad\/"},"img":{"alt_text":"","src":"https:\/\/i0.wp.com\/akubaa.com\/wp-content\/uploads\/2026\/03\/Imagen-24.jpeg?resize=350%2C200&ssl=1","width":350,"height":200,"srcset":"https:\/\/i0.wp.com\/akubaa.com\/wp-content\/uploads\/2026\/03\/Imagen-24.jpeg?resize=350%2C200&ssl=1 1x, https:\/\/i0.wp.com\/akubaa.com\/wp-content\/uploads\/2026\/03\/Imagen-24.jpeg?resize=525%2C300&ssl=1 1.5x, https:\/\/i0.wp.com\/akubaa.com\/wp-content\/uploads\/2026\/03\/Imagen-24.jpeg?resize=700%2C400&ssl=1 2x, https:\/\/i0.wp.com\/akubaa.com\/wp-content\/uploads\/2026\/03\/Imagen-24.jpeg?resize=1050%2C600&ssl=1 3x, https:\/\/i0.wp.com\/akubaa.com\/wp-content\/uploads\/2026\/03\/Imagen-24.jpeg?resize=1400%2C800&ssl=1 4x"},"classes":[]},{"id":2809,"url":"https:\/\/akubaa.com\/index.php\/2026\/03\/21\/cuba-contra-la-pared-las-cuatro-salidas-que-hoy-acechan-al-regimen-castrista\/","url_meta":{"origin":2734,"position":4},"title":"Cuba contra la pared: las cuatro salidas que hoy acechan al r\u00e9gimen castrista.","author":"AKubaa","date":"03\/21\/2026","format":false,"excerpt":"Yo no creo que al cubano de a pie le haga falta un mapa geopol\u00edtico para entender que\u00a0el r\u00e9gimen castrista en Cuba\u00a0est\u00e1 entrando en una zona de peligro real. Le basta con mirar el refrigerador medio vac\u00edo, contar las horas sin corriente y escuchar a la familia en\u00a0Miami, Hialeah, Tampa,\u2026","rel":"","context":"En \u00abNoticias y Actualidad\u00bb","block_context":{"text":"Noticias y Actualidad","link":"https:\/\/akubaa.com\/index.php\/category\/noticias-y-actualidad\/"},"img":{"alt_text":"","src":"https:\/\/i0.wp.com\/akubaa.com\/wp-content\/uploads\/2026\/03\/image-27.png?resize=350%2C200&ssl=1","width":350,"height":200,"srcset":"https:\/\/i0.wp.com\/akubaa.com\/wp-content\/uploads\/2026\/03\/image-27.png?resize=350%2C200&ssl=1 1x, https:\/\/i0.wp.com\/akubaa.com\/wp-content\/uploads\/2026\/03\/image-27.png?resize=525%2C300&ssl=1 1.5x, https:\/\/i0.wp.com\/akubaa.com\/wp-content\/uploads\/2026\/03\/image-27.png?resize=700%2C400&ssl=1 2x, https:\/\/i0.wp.com\/akubaa.com\/wp-content\/uploads\/2026\/03\/image-27.png?resize=1050%2C600&ssl=1 3x, https:\/\/i0.wp.com\/akubaa.com\/wp-content\/uploads\/2026\/03\/image-27.png?resize=1400%2C800&ssl=1 4x"},"classes":[]},{"id":2627,"url":"https:\/\/akubaa.com\/index.php\/2026\/02\/22\/el-dia-despues-ya-tiene-guion-lo-que-no-te-han-contado-del-plan-de-ee-uu-para-cuba-en-2026\/","url_meta":{"origin":2734,"position":5},"title":"\u201cEl D\u00eda Despu\u00e9s Ya Tiene Guion: Lo Que No Te Han Contado del Plan de EE.UU. para Cuba en 2026\u201d","author":"AKubaa","date":"02\/22\/2026","format":false,"excerpt":"Hay declaraciones que pasan. Y hay declaraciones que te obligan a sentarte derecho. Esta no fue una frase diplom\u00e1tica m\u00e1s. Fue una advertencia envuelta en calma:\u00a0\u201cEn 2026 veremos un cambio hist\u00f3rico\u201d. Lo dijo\u00a0Mike Hammer, encargado de negocios de Estados Unidos en Cuba, en una entrevista concedida a\u00a0ABC. Y cuando un\u2026","rel":"","context":"Entrada similar","block_context":{"text":"Entrada similar","link":""},"img":{"alt_text":"","src":"https:\/\/i0.wp.com\/akubaa.com\/wp-content\/uploads\/2026\/02\/Imagen-258.jpeg?resize=350%2C200&ssl=1","width":350,"height":200,"srcset":"https:\/\/i0.wp.com\/akubaa.com\/wp-content\/uploads\/2026\/02\/Imagen-258.jpeg?resize=350%2C200&ssl=1 1x, https:\/\/i0.wp.com\/akubaa.com\/wp-content\/uploads\/2026\/02\/Imagen-258.jpeg?resize=525%2C300&ssl=1 1.5x, https:\/\/i0.wp.com\/akubaa.com\/wp-content\/uploads\/2026\/02\/Imagen-258.jpeg?resize=700%2C400&ssl=1 2x"},"classes":[]}],"jetpack_shortlink":"https:\/\/wp.me\/pgrKo3-I6","_links":{"self":[{"href":"https:\/\/akubaa.com\/index.php\/wp-json\/wp\/v2\/posts\/2734","targetHints":{"allow":["GET"]}}],"collection":[{"href":"https:\/\/akubaa.com\/index.php\/wp-json\/wp\/v2\/posts"}],"about":[{"href":"https:\/\/akubaa.com\/index.php\/wp-json\/wp\/v2\/types\/post"}],"author":[{"embeddable":true,"href":"https:\/\/akubaa.com\/index.php\/wp-json\/wp\/v2\/users\/1"}],"replies":[{"embeddable":true,"href":"https:\/\/akubaa.com\/index.php\/wp-json\/wp\/v2\/comments?post=2734"}],"version-history":[{"count":0,"href":"https:\/\/akubaa.com\/index.php\/wp-json\/wp\/v2\/posts\/2734\/revisions"}],"wp:featuredmedia":[{"embeddable":true,"href":"https:\/\/akubaa.com\/index.php\/wp-json\/wp\/v2\/media\/2736"}],"wp:attachment":[{"href":"https:\/\/akubaa.com\/index.php\/wp-json\/wp\/v2\/media?parent=2734"}],"wp:term":[{"taxonomy":"category","embeddable":true,"href":"https:\/\/akubaa.com\/index.php\/wp-json\/wp\/v2\/categories?post=2734"},{"taxonomy":"post_tag","embeddable":true,"href":"https:\/\/akubaa.com\/index.php\/wp-json\/wp\/v2\/tags?post=2734"}],"curies":[{"name":"wp","href":"https:\/\/api.w.org\/{rel}","templated":true}]}}