{"id":2732,"date":"2026-03-13T11:14:18","date_gmt":"2026-03-13T15:14:18","guid":{"rendered":"https:\/\/akubaa.com\/?p=2732"},"modified":"2026-03-13T11:14:18","modified_gmt":"2026-03-13T15:14:18","slug":"aly-sanchez","status":"publish","type":"post","link":"https:\/\/akubaa.com\/index.php\/2026\/03\/13\/aly-sanchez\/","title":{"rendered":"Cuando la pol\u00e9mica no tiene br\u00fajula: Aly S\u00e1nchez, su suegro en Cuba y el peligro de confundir libertad con libertinaje."},"content":{"rendered":"\n<p>Hay pol\u00e9micas que nacen de hechos reales. Y hay otras que parecen fabricadas a martillazos para que alguien tenga algo que comentar en redes. En los \u00faltimos d\u00edas, el nombre de la influencer cubana\u00a0Aly S\u00e1nchez\u00a0volvi\u00f3 a circular en el debate digital despu\u00e9s de que el activista\u00a0Eliecer \u00c1vila\u00a0mencionara presuntos v\u00ednculos del m\u00e9dico cubano Roberto Balmaseda \u2014suegro de la actriz\u2014 con el gobierno encabezado por\u00a0Miguel D\u00edaz-Canel. El tema, a primera vista, parece explosivo. Pero cuando uno lo mira con calma \u2014y con algo de sentido com\u00fan cubano\u2014 la historia tiene m\u00e1s matices que titulares. Porque la pregunta clave no es qui\u00e9n es el padre de alguien. La pregunta real es:\u00a0<strong>\u00bfqu\u00e9 tiene que ver Aly S\u00e1nchez con lo que piense su suegro en Cuba?<\/strong>.<\/p>\n\n\n\n<hr class=\"wp-block-separator has-alpha-channel-opacity\"\/>\n\n\n\n<div class=\"wp-block-media-text is-stacked-on-mobile\"><figure class=\"wp-block-media-text__media\"><img loading=\"lazy\" decoding=\"async\" width=\"1024\" height=\"683\" src=\"https:\/\/akubaa.com\/wp-content\/uploads\/2026\/02\/Imagen-222-1024x683.jpeg\" alt=\"\" class=\"wp-image-2608 size-full\" srcset=\"https:\/\/akubaa.com\/wp-content\/uploads\/2026\/02\/Imagen-222-1024x683.jpeg 1024w, https:\/\/akubaa.com\/wp-content\/uploads\/2026\/02\/Imagen-222-300x200.jpeg 300w, https:\/\/akubaa.com\/wp-content\/uploads\/2026\/02\/Imagen-222-768x512.jpeg 768w, https:\/\/akubaa.com\/wp-content\/uploads\/2026\/02\/Imagen-222-1320x880.jpeg 1320w, https:\/\/akubaa.com\/wp-content\/uploads\/2026\/02\/Imagen-222-600x400.jpeg 600w, https:\/\/akubaa.com\/wp-content\/uploads\/2026\/02\/Imagen-222.jpeg 1536w\" sizes=\"auto, (max-width: 1024px) 100vw, 1024px\" \/><\/figure><div class=\"wp-block-media-text__content\">\n<p>Colorear no es un juego: es desarrollo f\u00edsico, social y emocional. Cuando un ni\u00f1o colorea, pasa algo que ninguna pantalla puede replicar:\u00a0<strong>Impacto social:<\/strong>\u00a0invita al di\u00e1logo, al compartir, al \u201cmira lo que hice\u201d, al momento en familia.\u00a0<strong>Desarrollo f\u00edsico:<\/strong>\u00a0mejora la motricidad fina, la coordinaci\u00f3n mano-ojo y fortalece los m\u00fasculos de los dedos.\u00a0<strong>Beneficio psicol\u00f3gico:<\/strong>\u00a0reduce ansiedad, mejora la concentraci\u00f3n y estimula la creatividad infantil<\/p>\n\n\n\n<div class=\"wp-block-buttons is-content-justification-center is-layout-flex wp-container-core-buttons-is-layout-a89b3969 wp-block-buttons-is-layout-flex\">\n<div class=\"wp-block-button\"><a class=\"wp-block-button__link wp-element-button\" href=\"https:\/\/www.amazon.com\/dp\/B0GMQM1LGJ?ref_=cm_sw_r_ffobk_cp_ud_dp_Q67EQN9G7TBTKQHX7WRQ_9&amp;bestFormat=true\">Compra aqui los libros de colorear id\u00e9ales para tus ni\u00f1os<\/a><\/div>\n<\/div>\n<\/div><\/div>\n\n\n\n<hr class=\"wp-block-separator has-alpha-channel-opacity\"\/>\n\n\n\n<h2 class=\"wp-block-heading\">Un m\u00e9dico en Cuba y una familia repartida por el mundo<\/h2>\n\n\n\n<p>Seg\u00fan la informaci\u00f3n difundida, el doctor Roberto Balmaseda dirige el Hospital Ortop\u00e9dico Docente Fructuoso Rodr\u00edguez en La Habana y participa como coordinador en Cuba del programa m\u00e9dico internacional Operation Walk, una iniciativa que re\u00fane a especialistas de Estados Unidos para realizar cirug\u00edas ortop\u00e9dicas en la isla.<\/p>\n\n\n\n<p>En una entrevista reciente, el m\u00e9dico asegur\u00f3 que las limitaciones del sistema de salud cubano para adquirir pr\u00f3tesis y materiales quir\u00fargicos se deben en gran parte al\u00a0<strong>\u201cbloqueo\u201d o embargo estadounidense<\/strong>. Ese discurso \u2014que en Cuba se escucha desde hace d\u00e9cadas\u2014 no sorprendi\u00f3 a nadie.<\/p>\n\n\n\n<p>Pero lo que encendi\u00f3 el debate fue la conexi\u00f3n familiar: Balmaseda ser\u00eda el padre de Roberto Balmaseda Jr., esposo de Aly S\u00e1nchez, y tambi\u00e9n de Maikel Mart\u00edn, conocido en redes como\u00a0<strong>\u201cPre\u00f1a Palma\u201d<\/strong>. Y ah\u00ed comenz\u00f3 el ruido.<\/p>\n\n\n\n<hr class=\"wp-block-separator has-alpha-channel-opacity\"\/>\n\n\n\n<div class=\"wp-block-jetpack-related-posts\">\n<h2 class=\"wp-block-heading\">Te Puede Interesar<\/h2>\n<\/div>\n\n\n\n<hr class=\"wp-block-separator has-alpha-channel-opacity\"\/>\n\n\n\n<h2 class=\"wp-block-heading\">La distancia que muchos prefieren ignorar<\/h2>\n\n\n\n<p>Aqu\u00ed es donde, desde la visi\u00f3n <a href=\"https:\/\/akmundovirtual.com\" type=\"link\" id=\"https:\/\/akmundovirtual.com\">de\u00a0<strong>AKubaa<\/strong>,<\/a> hay que poner los pies en la tierra. Porque si uno revisa la trayectoria p\u00fablica de Aly S\u00e1nchez, algo queda claro:\u00a0<strong>la relaci\u00f3n con su suegro nunca ha sido visible ni cercana<\/strong>. De hecho, durante a\u00f1os ni siquiera form\u00f3 parte del relato familiar p\u00fablico. Incluso dentro de la propia familia, seg\u00fan comentarios que circulan en la di\u00e1spora cubana, el v\u00ednculo ha sido\u00a0<strong>distante y poco mencionado<\/strong>.<\/p>\n\n\n\n<p>Y aqu\u00ed viene un dato que muchos en Miami comentan en voz baja: <strong>ni el propio Pre\u00f1a Palma habr\u00eda tenido claro qui\u00e9n era su padre biol\u00f3gico hasta hace relativamente pocos a\u00f1os.<\/strong> Eso cambia bastante el contexto. Pretender ahora que la actriz o cualquier miembro de la familia sea responsable del pensamiento pol\u00edtico de un padre con el que la relaci\u00f3n ha sido lejana no solo es injusto. Tambi\u00e9n es incoherente.<\/p>\n\n\n\n<hr class=\"wp-block-separator has-alpha-channel-opacity\"\/>\n\n\n\n<h2 class=\"wp-block-heading\">Libertad no es libertinaje<\/h2>\n\n\n\n<p>En la di\u00e1spora cubana \u2014desde\u00a0<strong>Miami, Hialeah o Tampa hasta Madrid o Ciudad de M\u00e9xico<\/strong>\u2014 existe una sensibilidad l\u00f3gica hacia todo lo relacionado con el r\u00e9gimen cubano. Pero tambi\u00e9n existe algo que no deber\u00edamos perder:\u00a0<strong>la coherencia<\/strong>. Porque una cosa es exigir responsabilidad pol\u00edtica. Y otra muy distinta es\u00a0<strong>crear culpables por asociaci\u00f3n familiar<\/strong>. Muchos cubanos lo dicen claro en redes:<\/p>\n\n\n\n<blockquote class=\"wp-block-quote is-layout-flow wp-block-quote-is-layout-flow\">\n<p>\u201cOye, asere, si vamos a juzgar a la gente por lo que piensa el suegro, entonces en Cuba nadie se salva\u201d.<\/p>\n<\/blockquote>\n\n\n\n<p>Y tienen raz\u00f3n. La libertad de pensamiento tambi\u00e9n significa aceptar que los hijos, los esposos o los hermanos\u00a0<strong>no son copias ideol\u00f3gicas de sus padres<\/strong>.<\/p>\n\n\n\n<hr class=\"wp-block-separator has-alpha-channel-opacity\"\/>\n\n\n\n<div class=\"wp-block-media-text is-stacked-on-mobile\"><figure class=\"wp-block-media-text__media\"><img loading=\"lazy\" decoding=\"async\" width=\"1024\" height=\"683\" src=\"https:\/\/akubaa.com\/wp-content\/uploads\/2026\/01\/Imagen-223-1024x683.jpeg\" alt=\"\" class=\"wp-image-2445 size-full\" srcset=\"https:\/\/akubaa.com\/wp-content\/uploads\/2026\/01\/Imagen-223-1024x683.jpeg 1024w, https:\/\/akubaa.com\/wp-content\/uploads\/2026\/01\/Imagen-223-600x400.jpeg 600w, https:\/\/akubaa.com\/wp-content\/uploads\/2026\/01\/Imagen-223-300x200.jpeg 300w, https:\/\/akubaa.com\/wp-content\/uploads\/2026\/01\/Imagen-223-768x512.jpeg 768w, https:\/\/akubaa.com\/wp-content\/uploads\/2026\/01\/Imagen-223-1320x880.jpeg 1320w, https:\/\/akubaa.com\/wp-content\/uploads\/2026\/01\/Imagen-223.jpeg 1536w\" sizes=\"auto, (max-width: 1024px) 100vw, 1024px\" \/><\/figure><div class=\"wp-block-media-text__content\">\n<p>\u00a0\u00bfTienes un negocio? . Publicalo aqu\u00ed ,solo te tarda un minuto y conecta con personas que buscan lo que t\u00fa ofreces.<strong><a href=\"https:\/\/akubaa.com\/index.php\/directorio-de-negocios-cubanos-akubaa\/\">Clic y descubre todas las ventajas\u00a0<\/a><\/strong>que puede obtener t\u00fa ahora mismo. Es hora de llevarte al lugar que merece sin luchar con el algoritmo.<\/p>\n\n\n\n<div class=\"wp-block-buttons is-content-justification-center is-layout-flex wp-container-core-buttons-is-layout-a89b3969 wp-block-buttons-is-layout-flex\">\n<div class=\"wp-block-button\"><a class=\"wp-block-button__link wp-element-button\" href=\"https:\/\/akubaa.com\/index.php\/negocio\/\">PUBLICA TU NEGOCIO AQUI<\/a><\/div>\n<\/div>\n<\/div><\/div>\n\n\n\n<hr class=\"wp-block-separator has-alpha-channel-opacity\"\/>\n\n\n\n<h2 class=\"wp-block-heading\">El verdadero problema del debate cubano<\/h2>\n\n\n\n<p>El caso vuelve a revelar un problema recurrente en el ecosistema medi\u00e1tico cubano:\u00a0<strong>la necesidad constante de pol\u00e9mica para generar contenido<\/strong>. Pero hacer contenido por hacerlo \u2014sin contexto ni coherencia\u2014 termina debilitando las conversaciones serias que s\u00ed necesita el pa\u00eds. Cuba vive una crisis profunda: apagones, emigraci\u00f3n masiva, hospitales deteriorados y una di\u00e1spora cada vez m\u00e1s dispersa entre Florida, Espa\u00f1a y Am\u00e9rica Latina. En ese escenario, convertir cualquier v\u00ednculo familiar en esc\u00e1ndalo pol\u00edtico puede ser tentador\u2026 pero rara vez ayuda a entender la realidad.<\/p>\n\n\n\n<hr class=\"wp-block-separator has-alpha-channel-opacity\"\/>\n\n\n\n<h2 class=\"wp-block-heading\">La visi\u00f3n de AKubaa<\/h2>\n\n\n\n<p>Desde\u00a0<strong>AKubaa<\/strong>, lo decimos claro: criticar al poder en Cuba es necesario. Pero tambi\u00e9n lo es\u00a0<strong>mantener una l\u00ednea \u00e9tica y coherente<\/strong>. Porque cuando confundimos\u00a0<strong>libertad con libertinaje<\/strong>, el debate deja de ser serio y se convierte en espect\u00e1culo. Y Cuba \u2014dentro y fuera de la isla\u2014 necesita algo mucho m\u00e1s profundo que eso. Ahora la pregunta es inevitable: <strong>\u00bfEstamos defendiendo principios\u2026 o simplemente buscando la pr\u00f3xima pol\u00e9mica viral?<\/strong>.<\/p>\n\n\n\n<p>Te leo en los comentarios. \u00danete a la conversaci\u00f3n en\u00a0<strong><a href=\"https:\/\/akubaa.com\" type=\"link\" id=\"https:\/\/akubaa.com\">AKubaa.com<\/a><\/strong>\u00a0y en nuestras redes. Porque el debate cubano merece m\u00e1s verdad\u2026 y menos ruido.<\/p>\n\n\n\n<hr class=\"wp-block-separator has-alpha-channel-opacity\"\/>\n\n\n\n<h2 class=\"wp-block-heading\">M\u00e1s en AKubaa<\/h2>\n\n\n<ul class=\"wp-block-latest-posts__list is-grid columns-3 wp-block-latest-posts\"><li><div class=\"wp-block-latest-posts__featured-image aligncenter\"><a href=\"https:\/\/akubaa.com\/index.php\/2026\/04\/21\/imaray-ulloa-de-influecer-a-ganadora-de-fisicoculturismo\/\" aria-label=\"Imaray Ulloa se sube a otra tarima: dos medallas, ocho meses de disciplina y una lecci\u00f3n que la di\u00e1spora entendi\u00f3 enseguida.\"><img loading=\"lazy\" decoding=\"async\" width=\"150\" height=\"150\" src=\"https:\/\/akubaa.com\/wp-content\/uploads\/2026\/04\/image-14-150x150.png\" class=\"attachment-thumbnail size-thumbnail wp-post-image\" alt=\"\" style=\"\" srcset=\"https:\/\/akubaa.com\/wp-content\/uploads\/2026\/04\/image-14-150x150.png 150w, https:\/\/akubaa.com\/wp-content\/uploads\/2026\/04\/image-14-300x300.png 300w, https:\/\/akubaa.com\/wp-content\/uploads\/2026\/04\/image-14-100x100.png 100w\" sizes=\"auto, (max-width: 150px) 100vw, 150px\" \/><\/a><\/div><a class=\"wp-block-latest-posts__post-title\" href=\"https:\/\/akubaa.com\/index.php\/2026\/04\/21\/imaray-ulloa-de-influecer-a-ganadora-de-fisicoculturismo\/\">Imaray Ulloa se sube a otra tarima: dos medallas, ocho meses de disciplina y una lecci\u00f3n que la di\u00e1spora entendi\u00f3 enseguida.<\/a><\/li>\n<li><div class=\"wp-block-latest-posts__featured-image aligncenter\"><a href=\"https:\/\/akubaa.com\/index.php\/2026\/04\/10\/horoscopo-del-10-de-abril-de-2026\/\" aria-label=\"Hor\u00f3scopo del 10 de abril de 2026: lo que el universo te quiere decir hoy (y lo que debes evitar a toda costa).\u00a0\"><img loading=\"lazy\" decoding=\"async\" width=\"150\" height=\"150\" src=\"https:\/\/akubaa.com\/wp-content\/uploads\/2026\/04\/image-13-150x150.png\" class=\"attachment-thumbnail size-thumbnail wp-post-image\" alt=\"\" style=\"\" srcset=\"https:\/\/akubaa.com\/wp-content\/uploads\/2026\/04\/image-13-150x150.png 150w, https:\/\/akubaa.com\/wp-content\/uploads\/2026\/04\/image-13-300x300.png 300w, https:\/\/akubaa.com\/wp-content\/uploads\/2026\/04\/image-13-100x100.png 100w\" sizes=\"auto, (max-width: 150px) 100vw, 150px\" \/><\/a><\/div><a class=\"wp-block-latest-posts__post-title\" href=\"https:\/\/akubaa.com\/index.php\/2026\/04\/10\/horoscopo-del-10-de-abril-de-2026\/\">Hor\u00f3scopo del 10 de abril de 2026: lo que el universo te quiere decir hoy (y lo que debes evitar a toda costa).\u00a0<\/a><\/li>\n<li><div class=\"wp-block-latest-posts__featured-image aligncenter\"><a href=\"https:\/\/akubaa.com\/index.php\/2026\/04\/09\/horoscopo-del-9-de-abril-de-2026\/\" aria-label=\"\ud83d\udd2e\u00a0Hor\u00f3scopo del 9 de abril de 2026: lo que viene no es casualidad\u2026 es destino (y t\u00fa lo vas a sentir hoy).\"><img loading=\"lazy\" decoding=\"async\" width=\"150\" height=\"150\" src=\"https:\/\/akubaa.com\/wp-content\/uploads\/2026\/04\/image-12-150x150.png\" class=\"attachment-thumbnail size-thumbnail wp-post-image\" alt=\"\" style=\"\" srcset=\"https:\/\/akubaa.com\/wp-content\/uploads\/2026\/04\/image-12-150x150.png 150w, https:\/\/akubaa.com\/wp-content\/uploads\/2026\/04\/image-12-300x300.png 300w, https:\/\/akubaa.com\/wp-content\/uploads\/2026\/04\/image-12-100x100.png 100w\" sizes=\"auto, (max-width: 150px) 100vw, 150px\" \/><\/a><\/div><a class=\"wp-block-latest-posts__post-title\" href=\"https:\/\/akubaa.com\/index.php\/2026\/04\/09\/horoscopo-del-9-de-abril-de-2026\/\">\ud83d\udd2e\u00a0Hor\u00f3scopo del 9 de abril de 2026: lo que viene no es casualidad\u2026 es destino (y t\u00fa lo vas a sentir hoy).<\/a><\/li>\n<li><div class=\"wp-block-latest-posts__featured-image aligncenter\"><a href=\"https:\/\/akubaa.com\/index.php\/2026\/04\/08\/horoscopo-del-8-de-abril-de-2026\/\" aria-label=\"\ud83d\udd2e\u00a0Hor\u00f3scopo del 8 de abril de 2026: lo que el destino no te est\u00e1 diciendo (y deber\u00edas escuchar hoy).\"><img loading=\"lazy\" decoding=\"async\" width=\"150\" height=\"150\" src=\"https:\/\/akubaa.com\/wp-content\/uploads\/2026\/04\/image-11-150x150.png\" class=\"attachment-thumbnail size-thumbnail wp-post-image\" alt=\"\" style=\"\" srcset=\"https:\/\/akubaa.com\/wp-content\/uploads\/2026\/04\/image-11-150x150.png 150w, https:\/\/akubaa.com\/wp-content\/uploads\/2026\/04\/image-11-300x300.png 300w, https:\/\/akubaa.com\/wp-content\/uploads\/2026\/04\/image-11-100x100.png 100w\" sizes=\"auto, (max-width: 150px) 100vw, 150px\" \/><\/a><\/div><a class=\"wp-block-latest-posts__post-title\" href=\"https:\/\/akubaa.com\/index.php\/2026\/04\/08\/horoscopo-del-8-de-abril-de-2026\/\">\ud83d\udd2e\u00a0Hor\u00f3scopo del 8 de abril de 2026: lo que el destino no te est\u00e1 diciendo (y deber\u00edas escuchar hoy).<\/a><\/li>\n<li><div class=\"wp-block-latest-posts__featured-image aligncenter\"><a href=\"https:\/\/akubaa.com\/index.php\/2026\/04\/07\/leoni-torres-y-el-b-convierten-cubano-en-un-grito-de-identidad-y-libertad\/\" aria-label=\"\u201cViva Cuba Libre\u201d: la canci\u00f3n que no es solo m\u00fasica\u2026 es un mensaje que ya no se puede callar.\"><img loading=\"lazy\" decoding=\"async\" width=\"150\" height=\"150\" src=\"https:\/\/akubaa.com\/wp-content\/uploads\/2026\/04\/image-10-150x150.png\" class=\"attachment-thumbnail size-thumbnail wp-post-image\" alt=\"\" style=\"\" srcset=\"https:\/\/akubaa.com\/wp-content\/uploads\/2026\/04\/image-10-150x150.png 150w, https:\/\/akubaa.com\/wp-content\/uploads\/2026\/04\/image-10-300x300.png 300w, https:\/\/akubaa.com\/wp-content\/uploads\/2026\/04\/image-10-100x100.png 100w\" sizes=\"auto, (max-width: 150px) 100vw, 150px\" \/><\/a><\/div><a class=\"wp-block-latest-posts__post-title\" href=\"https:\/\/akubaa.com\/index.php\/2026\/04\/07\/leoni-torres-y-el-b-convierten-cubano-en-un-grito-de-identidad-y-libertad\/\">\u201cViva Cuba Libre\u201d: la canci\u00f3n que no es solo m\u00fasica\u2026 es un mensaje que ya no se puede callar.<\/a><\/li>\n<li><div class=\"wp-block-latest-posts__featured-image aligncenter\"><a href=\"https:\/\/akubaa.com\/index.php\/2026\/04\/07\/horoscopo-del-7-de-abril-de-2026\/\" aria-label=\"\ud83d\udd2e\u00a0Hor\u00f3scopo del 7 de abril de 2026: lo que viene no avisa\u2026 pero s\u00ed se siente.\"><img loading=\"lazy\" decoding=\"async\" width=\"150\" height=\"150\" src=\"https:\/\/akubaa.com\/wp-content\/uploads\/2026\/04\/image-9-150x150.png\" class=\"attachment-thumbnail size-thumbnail wp-post-image\" alt=\"\" style=\"\" srcset=\"https:\/\/akubaa.com\/wp-content\/uploads\/2026\/04\/image-9-150x150.png 150w, https:\/\/akubaa.com\/wp-content\/uploads\/2026\/04\/image-9-300x300.png 300w, https:\/\/akubaa.com\/wp-content\/uploads\/2026\/04\/image-9-100x100.png 100w\" sizes=\"auto, (max-width: 150px) 100vw, 150px\" \/><\/a><\/div><a class=\"wp-block-latest-posts__post-title\" href=\"https:\/\/akubaa.com\/index.php\/2026\/04\/07\/horoscopo-del-7-de-abril-de-2026\/\">\ud83d\udd2e\u00a0Hor\u00f3scopo del 7 de abril de 2026: lo que viene no avisa\u2026 pero s\u00ed se siente.<\/a><\/li>\n<\/ul>","protected":false},"excerpt":{"rendered":"<p>Hay pol\u00e9micas que nacen de hechos reales. Y hay otras que parecen fabricadas a martillazos para que alguien tenga algo que comentar en redes. En los \u00faltimos d\u00edas, el nombre de la influencer cubana\u00a0Aly S\u00e1nchez\u00a0volvi\u00f3 a circular en el debate digital despu\u00e9s de que el activista\u00a0Eliecer \u00c1vila\u00a0mencionara presuntos v\u00ednculos del m\u00e9dico cubano Roberto Balmaseda \u2014suegro [&hellip;]<\/p>\n","protected":false},"author":1,"featured_media":2733,"comment_status":"open","ping_status":"open","sticky":false,"template":"","format":"standard","meta":{"jetpack_post_was_ever_published":false,"_jetpack_newsletter_access":"","_jetpack_dont_email_post_to_subs":false,"_jetpack_newsletter_tier_id":0,"_jetpack_memberships_contains_paywalled_content":false,"_jetpack_memberships_contains_paid_content":false,"footnotes":"","jetpack_publicize_message":"","jetpack_publicize_feature_enabled":true,"jetpack_social_post_already_shared":true,"jetpack_social_options":{"image_generator_settings":{"template":"highway","default_image_id":0,"font":"","enabled":false},"version":2}},"categories":[1],"tags":[],"class_list":["post-2732","post","type-post","status-publish","format-standard","has-post-thumbnail","hentry","category-uncategorized"],"yoast_head":"<!-- This site is optimized with the Yoast SEO plugin v27.5 - https:\/\/yoast.com\/product\/yoast-seo-wordpress\/ -->\n<title>\u00bfQu\u00e9 tiene que ver Aly S\u00e1nchez con lo que piense su suegro en Cuba?. - AKubaa<\/title>\n<meta name=\"description\" content=\"Ent\u00e9rate ante la polemica del Dr.Balmaseda, pregunt\u00f3 : \u00bfqu\u00e9 tiene que ver Aly S\u00e1nchez con lo que piense su suegro en Cuba?.\" \/>\n<meta name=\"robots\" content=\"index, follow, max-snippet:-1, max-image-preview:large, max-video-preview:-1\" \/>\n<link rel=\"canonical\" href=\"https:\/\/akubaa.com\/index.php\/2026\/03\/13\/aly-sanchez\/\" \/>\n<meta property=\"og:locale\" content=\"es_ES\" \/>\n<meta property=\"og:type\" content=\"article\" \/>\n<meta property=\"og:title\" content=\"\u00bfQu\u00e9 tiene que ver Aly S\u00e1nchez con lo que piense su suegro en Cuba?. - AKubaa\" \/>\n<meta property=\"og:description\" content=\"Ent\u00e9rate ante la polemica del Dr.Balmaseda, pregunt\u00f3 : \u00bfqu\u00e9 tiene que ver Aly S\u00e1nchez con lo que piense su suegro en Cuba?.\" \/>\n<meta property=\"og:url\" content=\"https:\/\/akubaa.com\/index.php\/2026\/03\/13\/aly-sanchez\/\" \/>\n<meta property=\"og:site_name\" content=\"AKubaa\" \/>\n<meta property=\"article:publisher\" content=\"https:\/\/www.facebook.com\/akubaa\" \/>\n<meta property=\"article:author\" content=\"https:\/\/www.facebook.com\/akubaa\" \/>\n<meta property=\"article:published_time\" content=\"2026-03-13T15:14:18+00:00\" \/>\n<meta property=\"og:image\" content=\"https:\/\/akubaa.com\/wp-content\/uploads\/2026\/03\/Imagen-18.jpeg\" \/>\n\t<meta property=\"og:image:width\" content=\"1536\" \/>\n\t<meta property=\"og:image:height\" content=\"1024\" \/>\n\t<meta property=\"og:image:type\" content=\"image\/jpeg\" \/>\n<meta name=\"author\" content=\"AKubaa\" \/>\n<meta name=\"twitter:card\" content=\"summary_large_image\" \/>\n<meta name=\"twitter:label1\" content=\"Escrito por\" \/>\n\t<meta name=\"twitter:data1\" content=\"AKubaa\" \/>\n\t<meta name=\"twitter:label2\" content=\"Tiempo de lectura\" \/>\n\t<meta name=\"twitter:data2\" content=\"5 minutos\" \/>\n<script type=\"application\/ld+json\" class=\"yoast-schema-graph\">{\"@context\":\"https:\\\/\\\/schema.org\",\"@graph\":[{\"@type\":\"Article\",\"@id\":\"https:\\\/\\\/akubaa.com\\\/index.php\\\/2026\\\/03\\\/13\\\/aly-sanchez\\\/#article\",\"isPartOf\":{\"@id\":\"https:\\\/\\\/akubaa.com\\\/index.php\\\/2026\\\/03\\\/13\\\/aly-sanchez\\\/\"},\"author\":{\"name\":\"AKubaa\",\"@id\":\"https:\\\/\\\/akubaa.com\\\/#\\\/schema\\\/person\\\/b096b63c1ad27204e55fabb2cf2153a5\"},\"headline\":\"Cuando la pol\u00e9mica no tiene br\u00fajula: Aly S\u00e1nchez, su suegro en Cuba y el peligro de confundir libertad con libertinaje.\",\"datePublished\":\"2026-03-13T15:14:18+00:00\",\"mainEntityOfPage\":{\"@id\":\"https:\\\/\\\/akubaa.com\\\/index.php\\\/2026\\\/03\\\/13\\\/aly-sanchez\\\/\"},\"wordCount\":960,\"commentCount\":0,\"publisher\":{\"@id\":\"https:\\\/\\\/akubaa.com\\\/#\\\/schema\\\/person\\\/b096b63c1ad27204e55fabb2cf2153a5\"},\"image\":{\"@id\":\"https:\\\/\\\/akubaa.com\\\/index.php\\\/2026\\\/03\\\/13\\\/aly-sanchez\\\/#primaryimage\"},\"thumbnailUrl\":\"https:\\\/\\\/akubaa.com\\\/wp-content\\\/uploads\\\/2026\\\/03\\\/Imagen-18.jpeg\",\"articleSection\":[\"Uncategorized\"],\"inLanguage\":\"es\",\"potentialAction\":[{\"@type\":\"CommentAction\",\"name\":\"Comment\",\"target\":[\"https:\\\/\\\/akubaa.com\\\/index.php\\\/2026\\\/03\\\/13\\\/aly-sanchez\\\/#respond\"]}]},{\"@type\":\"WebPage\",\"@id\":\"https:\\\/\\\/akubaa.com\\\/index.php\\\/2026\\\/03\\\/13\\\/aly-sanchez\\\/\",\"url\":\"https:\\\/\\\/akubaa.com\\\/index.php\\\/2026\\\/03\\\/13\\\/aly-sanchez\\\/\",\"name\":\"\u00bfQu\u00e9 tiene que ver Aly S\u00e1nchez con lo que piense su suegro en Cuba?. - AKubaa\",\"isPartOf\":{\"@id\":\"https:\\\/\\\/akubaa.com\\\/#website\"},\"primaryImageOfPage\":{\"@id\":\"https:\\\/\\\/akubaa.com\\\/index.php\\\/2026\\\/03\\\/13\\\/aly-sanchez\\\/#primaryimage\"},\"image\":{\"@id\":\"https:\\\/\\\/akubaa.com\\\/index.php\\\/2026\\\/03\\\/13\\\/aly-sanchez\\\/#primaryimage\"},\"thumbnailUrl\":\"https:\\\/\\\/akubaa.com\\\/wp-content\\\/uploads\\\/2026\\\/03\\\/Imagen-18.jpeg\",\"datePublished\":\"2026-03-13T15:14:18+00:00\",\"description\":\"Ent\u00e9rate ante la polemica del Dr.Balmaseda, pregunt\u00f3 : \u00bfqu\u00e9 tiene que ver Aly S\u00e1nchez con lo que piense su suegro en Cuba?.\",\"breadcrumb\":{\"@id\":\"https:\\\/\\\/akubaa.com\\\/index.php\\\/2026\\\/03\\\/13\\\/aly-sanchez\\\/#breadcrumb\"},\"inLanguage\":\"es\",\"potentialAction\":[{\"@type\":\"ReadAction\",\"target\":[\"https:\\\/\\\/akubaa.com\\\/index.php\\\/2026\\\/03\\\/13\\\/aly-sanchez\\\/\"]}]},{\"@type\":\"ImageObject\",\"inLanguage\":\"es\",\"@id\":\"https:\\\/\\\/akubaa.com\\\/index.php\\\/2026\\\/03\\\/13\\\/aly-sanchez\\\/#primaryimage\",\"url\":\"https:\\\/\\\/akubaa.com\\\/wp-content\\\/uploads\\\/2026\\\/03\\\/Imagen-18.jpeg\",\"contentUrl\":\"https:\\\/\\\/akubaa.com\\\/wp-content\\\/uploads\\\/2026\\\/03\\\/Imagen-18.jpeg\",\"width\":1536,\"height\":1024},{\"@type\":\"BreadcrumbList\",\"@id\":\"https:\\\/\\\/akubaa.com\\\/index.php\\\/2026\\\/03\\\/13\\\/aly-sanchez\\\/#breadcrumb\",\"itemListElement\":[{\"@type\":\"ListItem\",\"position\":1,\"name\":\"Portada\",\"item\":\"https:\\\/\\\/akubaa.com\\\/\"},{\"@type\":\"ListItem\",\"position\":2,\"name\":\"Cuando la pol\u00e9mica no tiene br\u00fajula: Aly S\u00e1nchez, su suegro en Cuba y el peligro de confundir libertad con libertinaje.\"}]},{\"@type\":\"WebSite\",\"@id\":\"https:\\\/\\\/akubaa.com\\\/#website\",\"url\":\"https:\\\/\\\/akubaa.com\\\/\",\"name\":\"AKubaa\",\"description\":\"Vive ,conoce y disfruta Cuba al estilo de A&amp;K.\",\"publisher\":{\"@id\":\"https:\\\/\\\/akubaa.com\\\/#\\\/schema\\\/person\\\/b096b63c1ad27204e55fabb2cf2153a5\"},\"potentialAction\":[{\"@type\":\"SearchAction\",\"target\":{\"@type\":\"EntryPoint\",\"urlTemplate\":\"https:\\\/\\\/akubaa.com\\\/?s={search_term_string}\"},\"query-input\":{\"@type\":\"PropertyValueSpecification\",\"valueRequired\":true,\"valueName\":\"search_term_string\"}}],\"inLanguage\":\"es\"},{\"@type\":[\"Person\",\"Organization\"],\"@id\":\"https:\\\/\\\/akubaa.com\\\/#\\\/schema\\\/person\\\/b096b63c1ad27204e55fabb2cf2153a5\",\"name\":\"AKubaa\",\"image\":{\"@type\":\"ImageObject\",\"inLanguage\":\"es\",\"@id\":\"https:\\\/\\\/akubaa.com\\\/wp-content\\\/uploads\\\/2025\\\/08\\\/Imagen-17.jpeg\",\"url\":\"https:\\\/\\\/akubaa.com\\\/wp-content\\\/uploads\\\/2025\\\/08\\\/Imagen-17.jpeg\",\"contentUrl\":\"https:\\\/\\\/akubaa.com\\\/wp-content\\\/uploads\\\/2025\\\/08\\\/Imagen-17.jpeg\",\"width\":1024,\"height\":1024,\"caption\":\"AKubaa\"},\"logo\":{\"@id\":\"https:\\\/\\\/akubaa.com\\\/wp-content\\\/uploads\\\/2025\\\/08\\\/Imagen-17.jpeg\"},\"sameAs\":[\"https:\\\/\\\/akubaa.com\",\"https:\\\/\\\/www.facebook.com\\\/akubaa\",\"https:\\\/\\\/www.instagram.com\\\/akubaa?\"],\"url\":\"https:\\\/\\\/akubaa.com\\\/index.php\\\/profile\\\/admin\\\/\"}]}<\/script>\n<!-- \/ Yoast SEO plugin. -->","yoast_head_json":{"title":"\u00bfQu\u00e9 tiene que ver Aly S\u00e1nchez con lo que piense su suegro en Cuba?. - AKubaa","description":"Ent\u00e9rate ante la polemica del Dr.Balmaseda, pregunt\u00f3 : \u00bfqu\u00e9 tiene que ver Aly S\u00e1nchez con lo que piense su suegro en Cuba?.","robots":{"index":"index","follow":"follow","max-snippet":"max-snippet:-1","max-image-preview":"max-image-preview:large","max-video-preview":"max-video-preview:-1"},"canonical":"https:\/\/akubaa.com\/index.php\/2026\/03\/13\/aly-sanchez\/","og_locale":"es_ES","og_type":"article","og_title":"\u00bfQu\u00e9 tiene que ver Aly S\u00e1nchez con lo que piense su suegro en Cuba?. - AKubaa","og_description":"Ent\u00e9rate ante la polemica del Dr.Balmaseda, pregunt\u00f3 : \u00bfqu\u00e9 tiene que ver Aly S\u00e1nchez con lo que piense su suegro en Cuba?.","og_url":"https:\/\/akubaa.com\/index.php\/2026\/03\/13\/aly-sanchez\/","og_site_name":"AKubaa","article_publisher":"https:\/\/www.facebook.com\/akubaa","article_author":"https:\/\/www.facebook.com\/akubaa","article_published_time":"2026-03-13T15:14:18+00:00","og_image":[{"width":1536,"height":1024,"url":"https:\/\/akubaa.com\/wp-content\/uploads\/2026\/03\/Imagen-18.jpeg","type":"image\/jpeg"}],"author":"AKubaa","twitter_card":"summary_large_image","twitter_misc":{"Escrito por":"AKubaa","Tiempo de lectura":"5 minutos"},"schema":{"@context":"https:\/\/schema.org","@graph":[{"@type":"Article","@id":"https:\/\/akubaa.com\/index.php\/2026\/03\/13\/aly-sanchez\/#article","isPartOf":{"@id":"https:\/\/akubaa.com\/index.php\/2026\/03\/13\/aly-sanchez\/"},"author":{"name":"AKubaa","@id":"https:\/\/akubaa.com\/#\/schema\/person\/b096b63c1ad27204e55fabb2cf2153a5"},"headline":"Cuando la pol\u00e9mica no tiene br\u00fajula: Aly S\u00e1nchez, su suegro en Cuba y el peligro de confundir libertad con libertinaje.","datePublished":"2026-03-13T15:14:18+00:00","mainEntityOfPage":{"@id":"https:\/\/akubaa.com\/index.php\/2026\/03\/13\/aly-sanchez\/"},"wordCount":960,"commentCount":0,"publisher":{"@id":"https:\/\/akubaa.com\/#\/schema\/person\/b096b63c1ad27204e55fabb2cf2153a5"},"image":{"@id":"https:\/\/akubaa.com\/index.php\/2026\/03\/13\/aly-sanchez\/#primaryimage"},"thumbnailUrl":"https:\/\/akubaa.com\/wp-content\/uploads\/2026\/03\/Imagen-18.jpeg","articleSection":["Uncategorized"],"inLanguage":"es","potentialAction":[{"@type":"CommentAction","name":"Comment","target":["https:\/\/akubaa.com\/index.php\/2026\/03\/13\/aly-sanchez\/#respond"]}]},{"@type":"WebPage","@id":"https:\/\/akubaa.com\/index.php\/2026\/03\/13\/aly-sanchez\/","url":"https:\/\/akubaa.com\/index.php\/2026\/03\/13\/aly-sanchez\/","name":"\u00bfQu\u00e9 tiene que ver Aly S\u00e1nchez con lo que piense su suegro en Cuba?. - AKubaa","isPartOf":{"@id":"https:\/\/akubaa.com\/#website"},"primaryImageOfPage":{"@id":"https:\/\/akubaa.com\/index.php\/2026\/03\/13\/aly-sanchez\/#primaryimage"},"image":{"@id":"https:\/\/akubaa.com\/index.php\/2026\/03\/13\/aly-sanchez\/#primaryimage"},"thumbnailUrl":"https:\/\/akubaa.com\/wp-content\/uploads\/2026\/03\/Imagen-18.jpeg","datePublished":"2026-03-13T15:14:18+00:00","description":"Ent\u00e9rate ante la polemica del Dr.Balmaseda, pregunt\u00f3 : \u00bfqu\u00e9 tiene que ver Aly S\u00e1nchez con lo que piense su suegro en Cuba?.","breadcrumb":{"@id":"https:\/\/akubaa.com\/index.php\/2026\/03\/13\/aly-sanchez\/#breadcrumb"},"inLanguage":"es","potentialAction":[{"@type":"ReadAction","target":["https:\/\/akubaa.com\/index.php\/2026\/03\/13\/aly-sanchez\/"]}]},{"@type":"ImageObject","inLanguage":"es","@id":"https:\/\/akubaa.com\/index.php\/2026\/03\/13\/aly-sanchez\/#primaryimage","url":"https:\/\/akubaa.com\/wp-content\/uploads\/2026\/03\/Imagen-18.jpeg","contentUrl":"https:\/\/akubaa.com\/wp-content\/uploads\/2026\/03\/Imagen-18.jpeg","width":1536,"height":1024},{"@type":"BreadcrumbList","@id":"https:\/\/akubaa.com\/index.php\/2026\/03\/13\/aly-sanchez\/#breadcrumb","itemListElement":[{"@type":"ListItem","position":1,"name":"Portada","item":"https:\/\/akubaa.com\/"},{"@type":"ListItem","position":2,"name":"Cuando la pol\u00e9mica no tiene br\u00fajula: Aly S\u00e1nchez, su suegro en Cuba y el peligro de confundir libertad con libertinaje."}]},{"@type":"WebSite","@id":"https:\/\/akubaa.com\/#website","url":"https:\/\/akubaa.com\/","name":"AKubaa","description":"Vive ,conoce y disfruta Cuba al estilo de A&amp;K.","publisher":{"@id":"https:\/\/akubaa.com\/#\/schema\/person\/b096b63c1ad27204e55fabb2cf2153a5"},"potentialAction":[{"@type":"SearchAction","target":{"@type":"EntryPoint","urlTemplate":"https:\/\/akubaa.com\/?s={search_term_string}"},"query-input":{"@type":"PropertyValueSpecification","valueRequired":true,"valueName":"search_term_string"}}],"inLanguage":"es"},{"@type":["Person","Organization"],"@id":"https:\/\/akubaa.com\/#\/schema\/person\/b096b63c1ad27204e55fabb2cf2153a5","name":"AKubaa","image":{"@type":"ImageObject","inLanguage":"es","@id":"https:\/\/akubaa.com\/wp-content\/uploads\/2025\/08\/Imagen-17.jpeg","url":"https:\/\/akubaa.com\/wp-content\/uploads\/2025\/08\/Imagen-17.jpeg","contentUrl":"https:\/\/akubaa.com\/wp-content\/uploads\/2025\/08\/Imagen-17.jpeg","width":1024,"height":1024,"caption":"AKubaa"},"logo":{"@id":"https:\/\/akubaa.com\/wp-content\/uploads\/2025\/08\/Imagen-17.jpeg"},"sameAs":["https:\/\/akubaa.com","https:\/\/www.facebook.com\/akubaa","https:\/\/www.instagram.com\/akubaa?"],"url":"https:\/\/akubaa.com\/index.php\/profile\/admin\/"}]}},"jetpack_publicize_connections":[],"jetpack_featured_media_url":"https:\/\/akubaa.com\/wp-content\/uploads\/2026\/03\/Imagen-18.jpeg","jetpack_sharing_enabled":true,"jetpack_likes_enabled":true,"jetpack-related-posts":[{"id":2697,"url":"https:\/\/akubaa.com\/index.php\/2026\/03\/06\/los-alimentos-de-mexico-en-cuba\/","url_meta":{"origin":2732,"position":0},"title":"Donaciones, bodegas y sospechas: lo que revela la pol\u00e9mica por los alimentos de M\u00e9xico en Cuba.","author":"AKubaa","date":"03\/06\/2026","format":false,"excerpt":"Hay historias que en Cuba siempre empiezan igual: llega una ayuda humanitaria\u2026 y al poco tiempo aparece el rumor. Esta vez el tema que corre de boca en boca \u2014desde\u00a0La Habana hasta Santiago, pasando por los chats de\u00a0Miami, Hialeah o Tampa\u2014 tiene que ver con los\u00a0alimentos donados por M\u00e9xico\u00a0y la\u2026","rel":"","context":"En \u00abNoticias y Actualidad\u00bb","block_context":{"text":"Noticias y Actualidad","link":"https:\/\/akubaa.com\/index.php\/category\/noticias-y-actualidad\/"},"img":{"alt_text":"","src":"https:\/\/i0.wp.com\/akubaa.com\/wp-content\/uploads\/2026\/03\/Imagen-256.jpeg?resize=350%2C200&ssl=1","width":350,"height":200,"srcset":"https:\/\/i0.wp.com\/akubaa.com\/wp-content\/uploads\/2026\/03\/Imagen-256.jpeg?resize=350%2C200&ssl=1 1x, https:\/\/i0.wp.com\/akubaa.com\/wp-content\/uploads\/2026\/03\/Imagen-256.jpeg?resize=525%2C300&ssl=1 1.5x, https:\/\/i0.wp.com\/akubaa.com\/wp-content\/uploads\/2026\/03\/Imagen-256.jpeg?resize=700%2C400&ssl=1 2x, https:\/\/i0.wp.com\/akubaa.com\/wp-content\/uploads\/2026\/03\/Imagen-256.jpeg?resize=1050%2C600&ssl=1 3x, https:\/\/i0.wp.com\/akubaa.com\/wp-content\/uploads\/2026\/03\/Imagen-256.jpeg?resize=1400%2C800&ssl=1 4x"},"classes":[]},{"id":2926,"url":"https:\/\/akubaa.com\/index.php\/2026\/03\/28\/los-veleros-con-ayuda-humanitaria\/","url_meta":{"origin":2732,"position":1},"title":"\u00bfDesaparecidos o silenciados?. El giro inesperado de los veleros con ayuda humanitaria rumbo a Cuba.","author":"AKubaa","date":"03\/28\/2026","format":false,"excerpt":"Hay historias que parecen sacadas de una pel\u00edcula\u2026 pero esta es demasiado real. Yo misma, desde aqu\u00ed \u2014entre Miami y ese pedazo de Cuba que uno nunca suelta\u2014 segu\u00eda con preocupaci\u00f3n la noticia de los veleros desaparecidos. Y de pronto, el giro: la\u00a0Guardia Costera de Estados Unidos\u00a0asegura que\u00a0s\u00ed llegaron. Colorear\u2026","rel":"","context":"Entrada similar","block_context":{"text":"Entrada similar","link":""},"img":{"alt_text":"","src":"https:\/\/i0.wp.com\/akubaa.com\/wp-content\/uploads\/2026\/03\/image-80.png?resize=350%2C200&ssl=1","width":350,"height":200,"srcset":"https:\/\/i0.wp.com\/akubaa.com\/wp-content\/uploads\/2026\/03\/image-80.png?resize=350%2C200&ssl=1 1x, https:\/\/i0.wp.com\/akubaa.com\/wp-content\/uploads\/2026\/03\/image-80.png?resize=525%2C300&ssl=1 1.5x, https:\/\/i0.wp.com\/akubaa.com\/wp-content\/uploads\/2026\/03\/image-80.png?resize=700%2C400&ssl=1 2x, https:\/\/i0.wp.com\/akubaa.com\/wp-content\/uploads\/2026\/03\/image-80.png?resize=1050%2C600&ssl=1 3x, https:\/\/i0.wp.com\/akubaa.com\/wp-content\/uploads\/2026\/03\/image-80.png?resize=1400%2C800&ssl=1 4x"},"classes":[]},{"id":2764,"url":"https:\/\/akubaa.com\/index.php\/2026\/03\/17\/yoani-sanchez-y-la-visita-de-mike-hammer\/","url_meta":{"origin":2732,"position":2},"title":"14 pisos sin luz, pero con mensaje: lo que realmente significa la visita de Mike Hammer a Yoani S\u00e1nchez en plena oscuridad cubana.","author":"AKubaa","date":"03\/17\/2026","format":false,"excerpt":"Hay im\u00e1genes que dicen m\u00e1s que mil discursos. Y esta \u2014un diplom\u00e1tico subiendo\u00a014 pisos a pie en medio de un apag\u00f3n en Cuba\u2014 es una de ellas. No es solo una an\u00e9cdota. Es un s\u00edmbolo. Yo lo veo claro: mientras medio pa\u00eds est\u00e1 a oscuras, alguien decide subir, literalmente, contra\u2026","rel":"","context":"Entrada similar","block_context":{"text":"Entrada similar","link":""},"img":{"alt_text":"","src":"https:\/\/i0.wp.com\/akubaa.com\/wp-content\/uploads\/2026\/03\/image-10.png?resize=350%2C200&ssl=1","width":350,"height":200,"srcset":"https:\/\/i0.wp.com\/akubaa.com\/wp-content\/uploads\/2026\/03\/image-10.png?resize=350%2C200&ssl=1 1x, https:\/\/i0.wp.com\/akubaa.com\/wp-content\/uploads\/2026\/03\/image-10.png?resize=525%2C300&ssl=1 1.5x, https:\/\/i0.wp.com\/akubaa.com\/wp-content\/uploads\/2026\/03\/image-10.png?resize=700%2C400&ssl=1 2x, https:\/\/i0.wp.com\/akubaa.com\/wp-content\/uploads\/2026\/03\/image-10.png?resize=1050%2C600&ssl=1 3x, https:\/\/i0.wp.com\/akubaa.com\/wp-content\/uploads\/2026\/03\/image-10.png?resize=1400%2C800&ssl=1 4x"},"classes":[]},{"id":2724,"url":"https:\/\/akubaa.com\/index.php\/2026\/03\/11\/posible-acuerdo-economico-y-politico-entre-usa-y-cuba\/","url_meta":{"origin":2732,"position":3},"title":"\u00bfUn \u201cabrazo econ\u00f3mico\u201d para Cuba?. La jugada de Trump que podr\u00eda cambiar la isla\u2026 o salvar al mismo sistema.","author":"AKubaa","date":"03\/11\/2026","format":false,"excerpt":"Hay momentos en la historia en los que una frase aparentemente improvisada revela mucho m\u00e1s que un simple comentario pol\u00edtico. Y esta semana ocurri\u00f3 uno de esos momentos. Mientras escuchaba las declaraciones recientes de\u00a0Donald Trump\u00a0sobre Cuba, no pude evitar pensar que estamos entrando en un cap\u00edtulo completamente distinto de la\u2026","rel":"","context":"En \u00abNoticias y Actualidad\u00bb","block_context":{"text":"Noticias y Actualidad","link":"https:\/\/akubaa.com\/index.php\/category\/noticias-y-actualidad\/"},"img":{"alt_text":"","src":"https:\/\/i0.wp.com\/akubaa.com\/wp-content\/uploads\/2026\/03\/Imagen-16.jpeg?resize=350%2C200&ssl=1","width":350,"height":200,"srcset":"https:\/\/i0.wp.com\/akubaa.com\/wp-content\/uploads\/2026\/03\/Imagen-16.jpeg?resize=350%2C200&ssl=1 1x, https:\/\/i0.wp.com\/akubaa.com\/wp-content\/uploads\/2026\/03\/Imagen-16.jpeg?resize=525%2C300&ssl=1 1.5x, https:\/\/i0.wp.com\/akubaa.com\/wp-content\/uploads\/2026\/03\/Imagen-16.jpeg?resize=700%2C400&ssl=1 2x, https:\/\/i0.wp.com\/akubaa.com\/wp-content\/uploads\/2026\/03\/Imagen-16.jpeg?resize=1050%2C600&ssl=1 3x, https:\/\/i0.wp.com\/akubaa.com\/wp-content\/uploads\/2026\/03\/Imagen-16.jpeg?resize=1400%2C800&ssl=1 4x"},"classes":[]},{"id":2654,"url":"https:\/\/akubaa.com\/index.php\/2026\/02\/25\/aly-sanchez-un-error-una-cancion-equivocada-y-la-leccion-viral-que-nos-dejo-en-premio-lo-nuestro-2026\/","url_meta":{"origin":2732,"position":4},"title":"Aly S\u00e1nchez, un error, una canci\u00f3n equivocada\u2026 y la lecci\u00f3n viral que nos dej\u00f3 en Premio Lo Nuestro 2026.","author":"AKubaa","date":"02\/25\/2026","format":false,"excerpt":"Hay momentos en televisi\u00f3n que duran segundos, pero en redes sociales pueden durar a\u00f1os. Lo que pas\u00f3 con\u00a0Aly S\u00e1nchez en Premio Lo Nuestro 2026\u00a0fue exactamente eso: un tropiezo m\u00ednimo convertido en fen\u00f3meno digital. Yo estaba viendo los clips desde Miami \u2014esa mezcla de glamour y cafecito fuerte que solo la\u2026","rel":"","context":"En \u00abM\u00fasica y Entretenimiento\u00bb","block_context":{"text":"M\u00fasica y Entretenimiento","link":"https:\/\/akubaa.com\/index.php\/category\/musica-y-entretenimiento\/"},"img":{"alt_text":"","src":"https:\/\/i0.wp.com\/akubaa.com\/wp-content\/uploads\/2026\/01\/Imagen-223.jpeg?resize=350%2C200&ssl=1","width":350,"height":200,"srcset":"https:\/\/i0.wp.com\/akubaa.com\/wp-content\/uploads\/2026\/01\/Imagen-223.jpeg?resize=350%2C200&ssl=1 1x, https:\/\/i0.wp.com\/akubaa.com\/wp-content\/uploads\/2026\/01\/Imagen-223.jpeg?resize=525%2C300&ssl=1 1.5x, https:\/\/i0.wp.com\/akubaa.com\/wp-content\/uploads\/2026\/01\/Imagen-223.jpeg?resize=700%2C400&ssl=1 2x, https:\/\/i0.wp.com\/akubaa.com\/wp-content\/uploads\/2026\/01\/Imagen-223.jpeg?resize=1050%2C600&ssl=1 3x, https:\/\/i0.wp.com\/akubaa.com\/wp-content\/uploads\/2026\/01\/Imagen-223.jpeg?resize=1400%2C800&ssl=1 4x"},"classes":[]},{"id":121,"url":"https:\/\/akubaa.com\/index.php\/2025\/04\/04\/aly-sanchez-de-banao-a-hollywood\/","url_meta":{"origin":2732,"position":5},"title":"De un Peque\u00f1o Pueblo en Cuba a Hollywood: Aly S\u00e1nchez lo Logra de Nuevo.","author":"AKubaa","date":"04\/04\/2025","format":false,"excerpt":"Cuando descubriste que una joven cubana de un peque\u00f1o y pintoresco pueblo de la provincia de Santi Sp\u00edritus en Cuba pod\u00eda llegar hasta Hollywood, seguro que sentiste la emoci\u00f3n de saber que\u00a0so\u00f1ar en grande\u00a0s\u00ed es posible. Precisamente esto es lo que est\u00e1 viviendo ahora mismo\u00a0Aly S\u00e1nchez, al brillar con luz\u2026","rel":"","context":"En \u00abM\u00fasica y Entretenimiento\u00bb","block_context":{"text":"M\u00fasica y Entretenimiento","link":"https:\/\/akubaa.com\/index.php\/category\/musica-y-entretenimiento\/"},"img":{"alt_text":"","src":"https:\/\/i0.wp.com\/akubaa.com\/wp-content\/uploads\/2025\/04\/image-1.png?resize=350%2C200&ssl=1","width":350,"height":200,"srcset":"https:\/\/i0.wp.com\/akubaa.com\/wp-content\/uploads\/2025\/04\/image-1.png?resize=350%2C200&ssl=1 1x, https:\/\/i0.wp.com\/akubaa.com\/wp-content\/uploads\/2025\/04\/image-1.png?resize=525%2C300&ssl=1 1.5x, https:\/\/i0.wp.com\/akubaa.com\/wp-content\/uploads\/2025\/04\/image-1.png?resize=700%2C400&ssl=1 2x, https:\/\/i0.wp.com\/akubaa.com\/wp-content\/uploads\/2025\/04\/image-1.png?resize=1050%2C600&ssl=1 3x, https:\/\/i0.wp.com\/akubaa.com\/wp-content\/uploads\/2025\/04\/image-1.png?resize=1400%2C800&ssl=1 4x"},"classes":[]}],"jetpack_shortlink":"https:\/\/wp.me\/pgrKo3-I4","_links":{"self":[{"href":"https:\/\/akubaa.com\/index.php\/wp-json\/wp\/v2\/posts\/2732","targetHints":{"allow":["GET"]}}],"collection":[{"href":"https:\/\/akubaa.com\/index.php\/wp-json\/wp\/v2\/posts"}],"about":[{"href":"https:\/\/akubaa.com\/index.php\/wp-json\/wp\/v2\/types\/post"}],"author":[{"embeddable":true,"href":"https:\/\/akubaa.com\/index.php\/wp-json\/wp\/v2\/users\/1"}],"replies":[{"embeddable":true,"href":"https:\/\/akubaa.com\/index.php\/wp-json\/wp\/v2\/comments?post=2732"}],"version-history":[{"count":0,"href":"https:\/\/akubaa.com\/index.php\/wp-json\/wp\/v2\/posts\/2732\/revisions"}],"wp:featuredmedia":[{"embeddable":true,"href":"https:\/\/akubaa.com\/index.php\/wp-json\/wp\/v2\/media\/2733"}],"wp:attachment":[{"href":"https:\/\/akubaa.com\/index.php\/wp-json\/wp\/v2\/media?parent=2732"}],"wp:term":[{"taxonomy":"category","embeddable":true,"href":"https:\/\/akubaa.com\/index.php\/wp-json\/wp\/v2\/categories?post=2732"},{"taxonomy":"post_tag","embeddable":true,"href":"https:\/\/akubaa.com\/index.php\/wp-json\/wp\/v2\/tags?post=2732"}],"curies":[{"name":"wp","href":"https:\/\/api.w.org\/{rel}","templated":true}]}}