{"id":2724,"date":"2026-03-11T05:00:00","date_gmt":"2026-03-11T09:00:00","guid":{"rendered":"https:\/\/akubaa.com\/?p=2724"},"modified":"2026-03-11T21:42:57","modified_gmt":"2026-03-12T01:42:57","slug":"posible-acuerdo-economico-y-politico-entre-usa-y-cuba","status":"publish","type":"post","link":"https:\/\/akubaa.com\/index.php\/2026\/03\/11\/posible-acuerdo-economico-y-politico-entre-usa-y-cuba\/","title":{"rendered":"\u00bfUn \u201cabrazo econ\u00f3mico\u201d para Cuba?. La jugada de Trump que podr\u00eda cambiar la isla\u2026 o salvar al mismo sistema."},"content":{"rendered":"\n<p>Hay momentos en la historia en los que una frase aparentemente improvisada revela mucho m\u00e1s que un simple comentario pol\u00edtico. Y esta semana ocurri\u00f3 uno de esos momentos. Mientras escuchaba las declaraciones recientes de\u00a0<strong>Donald Trump<\/strong>\u00a0sobre Cuba, no pude evitar pensar que estamos entrando en un cap\u00edtulo completamente distinto de la relaci\u00f3n entre\u00a0<strong>Estados Unidos y la isla<\/strong>. Un cap\u00edtulo que, si se confirma, podr\u00eda redefinir no solo el futuro de La Habana, sino tambi\u00e9n el papel de Washington en el Caribe. Porque cuando el presidente habl\u00f3 de una\u00a0<strong>\u201ctoma de control amistosa\u201d<\/strong>, no estaba usando una met\u00e1fora cualquiera. Estaba describiendo, quiz\u00e1 sin decirlo abiertamente, un posible\u00a0<strong>acuerdo econ\u00f3mico y pol\u00edtico entre Estados Unidos y Cuba<\/strong> que podr\u00eda implicar incluso la\u00a0<strong>salida negociada de Miguel D\u00edaz-Canel<\/strong>. Y s\u00ed, suena tan grande como parece. Pero la pregunta real no es si el acuerdo existe. La pregunta es\u00a0<strong>qu\u00e9 significa realmente para los cubanos<\/strong>.<\/p>\n\n\n\n<hr class=\"wp-block-separator has-alpha-channel-opacity\"\/>\n\n\n\n<div class=\"wp-block-media-text is-stacked-on-mobile\"><figure class=\"wp-block-media-text__media\"><img loading=\"lazy\" decoding=\"async\" width=\"1024\" height=\"683\" src=\"https:\/\/akubaa.com\/wp-content\/uploads\/2026\/02\/Imagen-222-1024x683.jpeg\" alt=\"\" class=\"wp-image-2608 size-full\" srcset=\"https:\/\/akubaa.com\/wp-content\/uploads\/2026\/02\/Imagen-222-1024x683.jpeg 1024w, https:\/\/akubaa.com\/wp-content\/uploads\/2026\/02\/Imagen-222-300x200.jpeg 300w, https:\/\/akubaa.com\/wp-content\/uploads\/2026\/02\/Imagen-222-768x512.jpeg 768w, https:\/\/akubaa.com\/wp-content\/uploads\/2026\/02\/Imagen-222-1320x880.jpeg 1320w, https:\/\/akubaa.com\/wp-content\/uploads\/2026\/02\/Imagen-222-600x400.jpeg 600w, https:\/\/akubaa.com\/wp-content\/uploads\/2026\/02\/Imagen-222.jpeg 1536w\" sizes=\"auto, (max-width: 1024px) 100vw, 1024px\" \/><\/figure><div class=\"wp-block-media-text__content\">\n<p>Colorear no es un juego: es desarrollo f\u00edsico, social y emocional. Cuando un ni\u00f1o colorea, pasa algo que ninguna pantalla puede replicar:\u00a0<strong>Impacto social:<\/strong>\u00a0invita al di\u00e1logo, al compartir, al \u201cmira lo que hice\u201d, al momento en familia.\u00a0<strong>Desarrollo f\u00edsico:<\/strong>\u00a0mejora la motricidad fina, la coordinaci\u00f3n mano-ojo y fortalece los m\u00fasculos de los dedos.\u00a0<strong>Beneficio psicol\u00f3gico:<\/strong>\u00a0reduce ansiedad, mejora la concentraci\u00f3n y estimula la creatividad infantil<\/p>\n\n\n\n<div class=\"wp-block-buttons is-content-justification-center is-layout-flex wp-container-core-buttons-is-layout-a89b3969 wp-block-buttons-is-layout-flex\">\n<div class=\"wp-block-button\"><a class=\"wp-block-button__link wp-element-button\" href=\"https:\/\/www.amazon.com\/dp\/B0GMQM1LGJ?ref_=cm_sw_r_ffobk_cp_ud_dp_Q67EQN9G7TBTKQHX7WRQ_8&amp;bestFormat=true\">Compra aqu\u00ed los libros de colorear para tus ni\u00f1os&#8230;<\/a><\/div>\n<\/div>\n<\/div><\/div>\n\n\n\n<hr class=\"wp-block-separator has-alpha-channel-opacity\"\/>\n\n\n\n<h2 class=\"wp-block-heading\"><strong>El momento en que Washington empez\u00f3 a mirar a Cuba de otra forma<\/strong><\/h2>\n\n\n\n<p>Primero el contexto. Porque entender lo que est\u00e1 pasando ahora exige mirar el tablero completo.Durante una rueda de prensa en Miami,\u00a0<strong>Donald Trump<\/strong>\u00a0insisti\u00f3 en que Estados Unidos podr\u00eda terminar involucr\u00e1ndose en una\u00a0<strong>\u201ctoma de control amistosa\u201d de Cuba<\/strong>. Sus palabras no fueron casuales.<\/p>\n\n\n\n<p>El mandatario asegur\u00f3 que el secretario de Estado\u00a0<strong>Marco Rubio<\/strong>\u00a0estar\u00eda actualmente\u00a0<strong>negociando con representantes del gobierno cubano<\/strong>. Una afirmaci\u00f3n que el gobierno de La Habana ha negado repetidamente. Pero Trump fue m\u00e1s all\u00e1. Seg\u00fan explic\u00f3,\u00a0<strong>Cuba est\u00e1 en ruinas<\/strong>:<\/p>\n\n\n\n<ul class=\"wp-block-list\">\n<li>sin energ\u00eda<\/li>\n\n\n\n<li>sin dinero<\/li>\n\n\n\n<li>con una crisis humanitaria creciente<\/li>\n<\/ul>\n\n\n\n<p>Y, seg\u00fan \u00e9l, Estados Unidos no quiere ver ese escenario empeorar. <strong>\u00bfSab\u00edas que esta es probablemente la declaraci\u00f3n m\u00e1s directa de un presidente estadounidense sobre la posibilidad de intervenir econ\u00f3micamente en Cuba desde el fin de la Guerra Fr\u00eda?<\/strong>. Cuando lo escuch\u00e9, pens\u00e9 inmediatamente en una palabra:\u00a0<strong>transici\u00f3n<\/strong>. Pero no cualquier transici\u00f3n.<\/p>\n\n\n\n<hr class=\"wp-block-separator has-alpha-channel-opacity\"\/>\n\n\n\n<div class=\"wp-block-jetpack-related-posts\">\n<h2 class=\"wp-block-heading\">Te Puede Interesar <\/h2>\n<\/div>\n\n\n\n<hr class=\"wp-block-separator has-alpha-channel-opacity\"\/>\n\n\n\n<h2 class=\"wp-block-heading\"><strong>La presi\u00f3n econ\u00f3mica que cambi\u00f3 el tablero<\/strong><\/h2>\n\n\n\n<p>Para entender por qu\u00e9 este momento es tan delicado, hay que mirar lo que ocurri\u00f3 en los \u00faltimos meses. Tras la\u00a0<strong>captura de Nicol\u00e1s Maduro en Venezuela por tropas de Washington en enero<\/strong>, el gobierno estadounidense tom\u00f3 una decisi\u00f3n que cambi\u00f3 todo: <strong>cortar el suministro de petr\u00f3leo venezolano hacia Cuba.<\/strong> Durante d\u00e9cadas, el sistema econ\u00f3mico cubano sobrevivi\u00f3 gracias al apoyo energ\u00e9tico de Caracas. Trump lo explic\u00f3 sin rodeos:<\/p>\n\n\n\n<blockquote class=\"wp-block-quote is-layout-flow wp-block-quote-is-layout-flow\">\n<p>\u201cEl r\u00e9gimen Castro ha sido brutal, pero viv\u00edan de Venezuela. Ahora Venezuela no les env\u00eda energ\u00eda, ni combustible, ni petr\u00f3leo, ni dinero\u201d.<\/p>\n<\/blockquote>\n\n\n\n<p>Cuando aprend\u00ed ese dato, comprend\u00ed algo clave:<strong>la econom\u00eda cubana qued\u00f3 sin su respirador artificial.<\/strong> Y no solo eso. Washington tambi\u00e9n ha amenazado con\u00a0<strong>imponer aranceles a cualquier pa\u00eds que env\u00ede petr\u00f3leo a la isla<\/strong>, lo que ha provocado una presi\u00f3n econ\u00f3mica enorme. Los resultados son visibles:<\/p>\n\n\n\n<ul class=\"wp-block-list\">\n<li>apagones masivos<\/li>\n\n\n\n<li>crisis energ\u00e9tica<\/li>\n\n\n\n<li>colapso productivo<\/li>\n\n\n\n<li>tensiones sociales<\/li>\n<\/ul>\n\n\n\n<p>En otras palabras,\u00a0<strong>la isla est\u00e1 viviendo uno de los momentos m\u00e1s fr\u00e1giles de su historia reciente<\/strong>. Y es justo en ese punto cuando aparece la idea de un acuerdo.<\/p>\n\n\n\n<hr class=\"wp-block-separator has-alpha-channel-opacity\"\/>\n\n\n\n<h2 class=\"wp-block-heading\"><strong>El supuesto acuerdo revelado por USA Today<\/strong><\/h2>\n\n\n\n<p>Aqu\u00ed entra el elemento que realmente encendi\u00f3 las alarmas. Seg\u00fan una\u00a0<strong>exclusiva publicada por USA Today<\/strong>, Washington y La Habana estar\u00edan explorando un\u00a0<strong>acuerdo econ\u00f3mico amplio<\/strong>. Y ese acuerdo tendr\u00eda una condici\u00f3n clave. La\u00a0<strong>salida negociada de Miguel D\u00edaz-Canel del poder<\/strong>. Pero \u2014y aqu\u00ed est\u00e1 la parte m\u00e1s pol\u00e9mica\u2014\u00a0<strong>la familia Castro permanecer\u00eda en la isla<\/strong>. Cuando descubr\u00ed ese detalle entend\u00ed inmediatamente por qu\u00e9 el tema est\u00e1 causando tanta controversia. Para muchos cubanos del exilio, esa propuesta suena demasiado familiar. Demasiado parecida al\u00a0<strong>acercamiento impulsado por Barack Obama en 2014<\/strong>. Un proceso que promet\u00eda cambios\u2026 pero que termin\u00f3 sin reformas pol\u00edticas profundas.<\/p>\n\n\n\n<hr class=\"wp-block-separator has-alpha-channel-opacity\"\/>\n\n\n\n<h2 class=\"wp-block-heading\"><strong>Los sectores que podr\u00edan formar parte del acuerdo<\/strong><\/h2>\n\n\n\n<p>Seg\u00fan los primeros reportes, el supuesto acuerdo incluir\u00eda cooperaci\u00f3n econ\u00f3mica en \u00e1reas estrat\u00e9gicas. Entre ellas:<\/p>\n\n\n\n<figure class=\"wp-block-table\"><table class=\"has-fixed-layout\"><thead><tr><th>Sector<\/th><th>Posible objetivo del acuerdo<\/th><\/tr><\/thead><tbody><tr><td><strong>Turismo<\/strong><\/td><td>Reactivar la industria con inversi\u00f3n extranjera<\/td><\/tr><tr><td><strong>Energ\u00eda<\/strong><\/td><td>Solucionar el colapso el\u00e9ctrico cubano<\/td><\/tr><tr><td><strong>Minerales<\/strong><\/td><td>Acceso a recursos estrat\u00e9gicos de la isla<\/td><\/tr><tr><td><strong>Infraestructura<\/strong><\/td><td>Modernizaci\u00f3n de puertos y transporte<\/td><\/tr><\/tbody><\/table><\/figure>\n\n\n\n<p>En otras palabras,\u00a0<strong>un redise\u00f1o econ\u00f3mico completo de Cuba<\/strong>. Pero aqu\u00ed aparece la pregunta que nadie quiere responder. \u00bfEse redise\u00f1o beneficiar\u00eda al\u00a0<strong>pueblo cubano<\/strong>\u00a0o al\u00a0<strong>sistema que gobierna la isla<\/strong>?.<\/p>\n\n\n\n<hr class=\"wp-block-separator has-alpha-channel-opacity\"\/>\n\n\n\n\n\n<hr class=\"wp-block-separator has-alpha-channel-opacity\"\/>\n\n\n\n<h2 class=\"wp-block-heading\"><strong>Las cr\u00edticas del exilio cubano<\/strong><\/h2>\n\n\n\n<p>Las reacciones no tardaron en aparecer. Y han sido duras. La exasesora del gobierno de Obama para la pol\u00edtica hacia Cuba,\u00a0<strong>Carmen Pel\u00e1ez<\/strong>, explic\u00f3 que cualquier transici\u00f3n requiere personas capaces de gestionarla. Pero tambi\u00e9n dej\u00f3 una advertencia:<\/p>\n\n\n\n<blockquote class=\"wp-block-quote is-layout-flow wp-block-quote-is-layout-flow\">\n<p>\u201cNo le voy a dar una bofetada al pueblo cubano y decirle: te estoy liberando\u201d.<\/p>\n<\/blockquote>\n\n\n\n<p>Esa frase resume perfectamente el dilema. Porque para muchos en Miami, este acuerdo podr\u00eda terminar\u00a0<strong>legitimando a los mismos responsables del sistema actual<\/strong>. Uno de los cr\u00edticos m\u00e1s contundentes ha sido\u00a0<strong>Ram\u00f3n Sa\u00fal S\u00e1nchez<\/strong>, l\u00edder del Movimiento Democracia. En un video publicado en redes sociales, cuestion\u00f3 cualquier negociaci\u00f3n que fortalezca al r\u00e9gimen. Sus palabras fueron directas:<\/p>\n\n\n\n<blockquote class=\"wp-block-quote is-layout-flow wp-block-quote-is-layout-flow\">\n<p>\u201c\u00bfQue vengan a hacer un mejunje con los mismos que nos han asesinado?. \u00bfQue han dividido nuestras familias?\u201d<\/p>\n<\/blockquote>\n\n\n\n<p>Cuando escuch\u00e9 ese mensaje pens\u00e9 en algo que muchas veces olvidamos. <strong>El exilio cubano no est\u00e1 dispuesto a aceptar cualquier tipo de transici\u00f3n.<\/strong><\/p>\n\n\n\n<hr class=\"wp-block-separator has-alpha-channel-opacity\"\/>\n\n\n\n<h2 class=\"wp-block-heading\"><strong>El temor de una \u00e9lite enriquecida<\/strong><\/h2>\n\n\n\n<p>Otro de los cr\u00edticos ha sido\u00a0<strong>Orlando Guti\u00e9rrez Boronat<\/strong>, coordinador de la\u00a0<strong>Asamblea de la Resistencia Cubana<\/strong>. Seg\u00fan \u00e9l, el mayor peligro ser\u00eda permitir que los represores del r\u00e9gimen se conviertan en nuevos millonarios. Su advertencia fue clara:<\/p>\n\n\n\n<blockquote class=\"wp-block-quote is-layout-flow wp-block-quote-is-layout-flow\">\n<p>\u201cEs extremadamente peligroso para Estados Unidos que los represores cubanos se conviertan en millonarios\u201d.<\/p>\n<\/blockquote>\n\n\n\n<p>Para \u00e9l y otras organizaciones del exilio,\u00a0<strong>la \u00fanica transici\u00f3n aceptable es una transici\u00f3n democr\u00e1tica real<\/strong>. No un simple reajuste del poder.<\/p>\n\n\n\n<hr class=\"wp-block-separator has-alpha-channel-opacity\"\/>\n\n\n\n<h2 class=\"wp-block-heading\"><strong>Lo que a\u00fan no sabemos<\/strong><\/h2>\n\n\n\n<p>Por ahora, la\u00a0<strong>Casa Blanca no ha confirmado detalles concretos del acuerdo<\/strong>. Tampoco el gobierno cubano ha reconocido que existan negociaciones de ese tipo. Pero las declaraciones p\u00fablicas de Trump han dejado claro algo: Washington cree que\u00a0<strong>el gobierno cubano est\u00e1 cerca del colapso<\/strong>. Y est\u00e1 dispuesto a intervenir econ\u00f3micamente si eso ocurre.<\/p>\n\n\n\n<hr class=\"wp-block-separator has-alpha-channel-opacity\"\/>\n\n\n\n<div class=\"wp-block-media-text is-stacked-on-mobile\"><figure class=\"wp-block-media-text__media\"><img loading=\"lazy\" decoding=\"async\" width=\"1024\" height=\"683\" src=\"https:\/\/akubaa.com\/wp-content\/uploads\/2026\/01\/Imagen-223-1024x683.jpeg\" alt=\"\" class=\"wp-image-2445 size-full\" srcset=\"https:\/\/akubaa.com\/wp-content\/uploads\/2026\/01\/Imagen-223-1024x683.jpeg 1024w, https:\/\/akubaa.com\/wp-content\/uploads\/2026\/01\/Imagen-223-600x400.jpeg 600w, https:\/\/akubaa.com\/wp-content\/uploads\/2026\/01\/Imagen-223-300x200.jpeg 300w, https:\/\/akubaa.com\/wp-content\/uploads\/2026\/01\/Imagen-223-768x512.jpeg 768w, https:\/\/akubaa.com\/wp-content\/uploads\/2026\/01\/Imagen-223-1320x880.jpeg 1320w, https:\/\/akubaa.com\/wp-content\/uploads\/2026\/01\/Imagen-223.jpeg 1536w\" sizes=\"auto, (max-width: 1024px) 100vw, 1024px\" \/><\/figure><div class=\"wp-block-media-text__content\">\n<p>\u00a0\u00bfTienes un negocio? . Publicalo aqu\u00ed ,solo te tarda un minuto y conecta con personas que buscan lo que t\u00fa ofreces.<strong><a href=\"https:\/\/akubaa.com\/index.php\/directorio-de-negocios-cubanos-akubaa\/\">Clic y descubre todas las ventajas\u00a0<\/a><\/strong>que puede obtener t\u00fa ahora mismo. Es hora de llevarte al lugar que merece sin luchar con el algoritmo.<\/p>\n\n\n\n<div class=\"wp-block-buttons is-content-justification-center is-layout-flex wp-container-core-buttons-is-layout-a89b3969 wp-block-buttons-is-layout-flex\">\n<div class=\"wp-block-button\"><a class=\"wp-block-button__link wp-element-button\" href=\"https:\/\/akubaa.com\/index.php\/negocio\/\">PUBLICA TU NEGOCIO AQUI <\/a><\/div>\n<\/div>\n<\/div><\/div>\n\n\n\n<hr class=\"wp-block-separator has-alpha-channel-opacity\"\/>\n\n\n\n<h2 class=\"wp-block-heading\"><strong>La visi\u00f3n de AKubaa<\/strong><\/h2>\n\n\n\n<p><a href=\"ttps:\/\/akmundovirtual.com\" type=\"link\" id=\"ttps:\/\/akmundovirtual.com\">Desde\u00a0<strong>AKubaa<\/strong><\/a>\u00a0observamos este momento con una mezcla de esperanza y cautela. Porque s\u00ed, Cuba necesita cambios urgentes. Pero tambi\u00e9n sabemos que la historia de la isla est\u00e1 llena de\u00a0<strong>acuerdos que prometieron libertad\u2026 y terminaron fortaleciendo al sistema<\/strong>. Cuando aprend\u00ed a mirar la pol\u00edtica cubana con perspectiva hist\u00f3rica entend\u00ed algo muy simple: <strong>los cambios verdaderos nunca llegan solo por acuerdos diplom\u00e1ticos.<\/strong> Llegan cuando coinciden tres fuerzas:<\/p>\n\n\n\n<ul class=\"wp-block-list\">\n<li>presi\u00f3n interna<\/li>\n\n\n\n<li>presi\u00f3n internacional<\/li>\n\n\n\n<li>voluntad real de cambio<\/li>\n<\/ul>\n\n\n\n<p>Hoy parece que al menos dos de esas fuerzas est\u00e1n presentes. La tercera\u2026 a\u00fan est\u00e1 por verse.<\/p>\n\n\n\n<hr class=\"wp-block-separator has-alpha-channel-opacity\"\/>\n\n\n\n<h2 class=\"wp-block-heading\"><strong>Lo que dicen los usuarios<\/strong><\/h2>\n\n\n\n<p>En redes sociales, las opiniones est\u00e1n completamente divididas. Algunos comentarios reflejan esperanza:<\/p>\n\n\n\n<ul class=\"wp-block-list\">\n<li>\u201cSi eso trae electricidad y comida, bienvenido sea\u201d.<\/li>\n\n\n\n<li>\u201cCualquier cambio es mejor que seguir como estamos\u201d.<\/li>\n<\/ul>\n\n\n\n<p>Pero otros muestran preocupaci\u00f3n:<\/p>\n\n\n\n<ul class=\"wp-block-list\">\n<li>\u201cSin democracia no hay cambio real\u201d.<\/li>\n\n\n\n<li>\u201cNo se puede negociar con quienes destruyeron el pa\u00eds\u201d.<\/li>\n<\/ul>\n\n\n\n<p>Ese debate refleja algo profundo. <strong>Los cubanos quieren cambio. Pero no cualquier cambio.<\/strong><\/p>\n\n\n\n<hr class=\"wp-block-separator has-alpha-channel-opacity\"\/>\n\n\n\n<h2 class=\"wp-block-heading\"><strong>Lo que podr\u00eda venir ahora<\/strong><\/h2>\n\n\n\n<p>Si este acuerdo realmente existe, podr\u00edamos estar frente a tres escenarios posibles.<\/p>\n\n\n\n<figure class=\"wp-block-table\"><table class=\"has-fixed-layout\"><thead><tr><th>Escenario<\/th><th>Consecuencia<\/th><\/tr><\/thead><tbody><tr><td><strong>Transici\u00f3n controlada<\/strong><\/td><td>Cambio de liderazgo sin transformaci\u00f3n pol\u00edtica<\/td><\/tr><tr><td><strong>Apertura econ\u00f3mica parcial<\/strong><\/td><td>Inversi\u00f3n extranjera sin democracia<\/td><\/tr><tr><td><strong>Colapso del sistema<\/strong><\/td><td>Reconfiguraci\u00f3n total del poder en la isla<\/td><\/tr><\/tbody><\/table><\/figure>\n\n\n\n<p>El problema es que&nbsp;<strong>nadie sabe cu\u00e1l de estos caminos est\u00e1 realmente sobre la mesa<\/strong>.<\/p>\n\n\n\n<hr class=\"wp-block-separator has-alpha-channel-opacity\"\/>\n\n\n\n<h2 class=\"wp-block-heading\"><strong>Una historia que todav\u00eda no termina<\/strong><\/h2>\n\n\n\n<p>La pol\u00edtica internacional es como una partida de ajedrez jugada en c\u00e1mara lenta. Cada movimiento tiene consecuencias a\u00f1os despu\u00e9s. Y hoy, Cuba parece estar entrando en una de esas jugadas decisivas. La isla est\u00e1 econ\u00f3micamente asfixiada. Washington est\u00e1 presionando. El exilio est\u00e1 vigilando. Y el pueblo cubano\u2026 sigue esperando.<\/p>\n\n\n\n<hr class=\"wp-block-separator has-alpha-channel-opacity\"\/>\n\n\n\n<h2 class=\"wp-block-heading\"><strong>Antes de irte<\/strong><\/h2>\n\n\n\n<p>Si quieres entender todo lo que est\u00e1 pasando con\u00a0<strong>Cuba, Estados Unidos y el futuro pol\u00edtico de la isla<\/strong>, te recomiendo que\u00a0<strong>te suscribas a mis redes sociales y a esta p\u00e1gina<\/strong>\u00a0para no perder ning\u00fan detalle de lo que est\u00e1 por venir. En\u00a0<strong>AKubaa<\/strong>\u00a0seguiremos analizando cada movimiento. Porque algo grande podr\u00eda estar gest\u00e1ndose. Y cuando ocurra, te lo contar\u00e9 aqu\u00ed.<\/p>\n\n\n\n<hr class=\"wp-block-separator has-alpha-channel-opacity\"\/>\n\n\n\n<p><strong>Ahora quiero saber tu opini\u00f3n.<\/strong><\/p>\n\n\n\n<p>\u00bfCrees que un\u00a0<strong>acuerdo entre Estados Unidos y Cuba<\/strong>\u00a0podr\u00eda realmente traer libertad a la isla\u2026<br>o terminar\u00eda salvando al mismo sistema que la mantiene en crisis?. Te leo en los comentarios. \u00danete a la conversaci\u00f3n. \ud83c\udde8\ud83c\uddfa<\/p>\n\n\n\n<hr class=\"wp-block-separator has-alpha-channel-opacity\"\/>\n\n\n\n<h2 class=\"wp-block-heading\">M\u00e1s en AKubaa<\/h2>\n\n\n<ul class=\"wp-block-latest-posts__list is-grid columns-3 wp-block-latest-posts\"><li><div class=\"wp-block-latest-posts__featured-image aligncenter\"><a href=\"https:\/\/akubaa.com\/index.php\/2026\/04\/21\/imaray-ulloa-de-influecer-a-ganadora-de-fisicoculturismo\/\" aria-label=\"Imaray Ulloa se sube a otra tarima: dos medallas, ocho meses de disciplina y una lecci\u00f3n que la di\u00e1spora entendi\u00f3 enseguida.\"><img loading=\"lazy\" decoding=\"async\" width=\"150\" height=\"150\" src=\"https:\/\/akubaa.com\/wp-content\/uploads\/2026\/04\/image-14-150x150.png\" class=\"attachment-thumbnail size-thumbnail wp-post-image\" alt=\"\" style=\"\" srcset=\"https:\/\/akubaa.com\/wp-content\/uploads\/2026\/04\/image-14-150x150.png 150w, https:\/\/akubaa.com\/wp-content\/uploads\/2026\/04\/image-14-300x300.png 300w, https:\/\/akubaa.com\/wp-content\/uploads\/2026\/04\/image-14-100x100.png 100w\" sizes=\"auto, (max-width: 150px) 100vw, 150px\" \/><\/a><\/div><a class=\"wp-block-latest-posts__post-title\" href=\"https:\/\/akubaa.com\/index.php\/2026\/04\/21\/imaray-ulloa-de-influecer-a-ganadora-de-fisicoculturismo\/\">Imaray Ulloa se sube a otra tarima: dos medallas, ocho meses de disciplina y una lecci\u00f3n que la di\u00e1spora entendi\u00f3 enseguida.<\/a><\/li>\n<li><div class=\"wp-block-latest-posts__featured-image aligncenter\"><a href=\"https:\/\/akubaa.com\/index.php\/2026\/04\/10\/horoscopo-del-10-de-abril-de-2026\/\" aria-label=\"Hor\u00f3scopo del 10 de abril de 2026: lo que el universo te quiere decir hoy (y lo que debes evitar a toda costa).\u00a0\"><img loading=\"lazy\" decoding=\"async\" width=\"150\" height=\"150\" src=\"https:\/\/akubaa.com\/wp-content\/uploads\/2026\/04\/image-13-150x150.png\" class=\"attachment-thumbnail size-thumbnail wp-post-image\" alt=\"\" style=\"\" srcset=\"https:\/\/akubaa.com\/wp-content\/uploads\/2026\/04\/image-13-150x150.png 150w, https:\/\/akubaa.com\/wp-content\/uploads\/2026\/04\/image-13-300x300.png 300w, https:\/\/akubaa.com\/wp-content\/uploads\/2026\/04\/image-13-100x100.png 100w\" sizes=\"auto, (max-width: 150px) 100vw, 150px\" \/><\/a><\/div><a class=\"wp-block-latest-posts__post-title\" href=\"https:\/\/akubaa.com\/index.php\/2026\/04\/10\/horoscopo-del-10-de-abril-de-2026\/\">Hor\u00f3scopo del 10 de abril de 2026: lo que el universo te quiere decir hoy (y lo que debes evitar a toda costa).\u00a0<\/a><\/li>\n<li><div class=\"wp-block-latest-posts__featured-image aligncenter\"><a href=\"https:\/\/akubaa.com\/index.php\/2026\/04\/09\/horoscopo-del-9-de-abril-de-2026\/\" aria-label=\"\ud83d\udd2e\u00a0Hor\u00f3scopo del 9 de abril de 2026: lo que viene no es casualidad\u2026 es destino (y t\u00fa lo vas a sentir hoy).\"><img loading=\"lazy\" decoding=\"async\" width=\"150\" height=\"150\" src=\"https:\/\/akubaa.com\/wp-content\/uploads\/2026\/04\/image-12-150x150.png\" class=\"attachment-thumbnail size-thumbnail wp-post-image\" alt=\"\" style=\"\" srcset=\"https:\/\/akubaa.com\/wp-content\/uploads\/2026\/04\/image-12-150x150.png 150w, https:\/\/akubaa.com\/wp-content\/uploads\/2026\/04\/image-12-300x300.png 300w, https:\/\/akubaa.com\/wp-content\/uploads\/2026\/04\/image-12-100x100.png 100w\" sizes=\"auto, (max-width: 150px) 100vw, 150px\" \/><\/a><\/div><a class=\"wp-block-latest-posts__post-title\" href=\"https:\/\/akubaa.com\/index.php\/2026\/04\/09\/horoscopo-del-9-de-abril-de-2026\/\">\ud83d\udd2e\u00a0Hor\u00f3scopo del 9 de abril de 2026: lo que viene no es casualidad\u2026 es destino (y t\u00fa lo vas a sentir hoy).<\/a><\/li>\n<li><div class=\"wp-block-latest-posts__featured-image aligncenter\"><a href=\"https:\/\/akubaa.com\/index.php\/2026\/04\/08\/horoscopo-del-8-de-abril-de-2026\/\" aria-label=\"\ud83d\udd2e\u00a0Hor\u00f3scopo del 8 de abril de 2026: lo que el destino no te est\u00e1 diciendo (y deber\u00edas escuchar hoy).\"><img loading=\"lazy\" decoding=\"async\" width=\"150\" height=\"150\" src=\"https:\/\/akubaa.com\/wp-content\/uploads\/2026\/04\/image-11-150x150.png\" class=\"attachment-thumbnail size-thumbnail wp-post-image\" alt=\"\" style=\"\" srcset=\"https:\/\/akubaa.com\/wp-content\/uploads\/2026\/04\/image-11-150x150.png 150w, https:\/\/akubaa.com\/wp-content\/uploads\/2026\/04\/image-11-300x300.png 300w, https:\/\/akubaa.com\/wp-content\/uploads\/2026\/04\/image-11-100x100.png 100w\" sizes=\"auto, (max-width: 150px) 100vw, 150px\" \/><\/a><\/div><a class=\"wp-block-latest-posts__post-title\" href=\"https:\/\/akubaa.com\/index.php\/2026\/04\/08\/horoscopo-del-8-de-abril-de-2026\/\">\ud83d\udd2e\u00a0Hor\u00f3scopo del 8 de abril de 2026: lo que el destino no te est\u00e1 diciendo (y deber\u00edas escuchar hoy).<\/a><\/li>\n<li><div class=\"wp-block-latest-posts__featured-image aligncenter\"><a href=\"https:\/\/akubaa.com\/index.php\/2026\/04\/07\/leoni-torres-y-el-b-convierten-cubano-en-un-grito-de-identidad-y-libertad\/\" aria-label=\"\u201cViva Cuba Libre\u201d: la canci\u00f3n que no es solo m\u00fasica\u2026 es un mensaje que ya no se puede callar.\"><img loading=\"lazy\" decoding=\"async\" width=\"150\" height=\"150\" src=\"https:\/\/akubaa.com\/wp-content\/uploads\/2026\/04\/image-10-150x150.png\" class=\"attachment-thumbnail size-thumbnail wp-post-image\" alt=\"\" style=\"\" srcset=\"https:\/\/akubaa.com\/wp-content\/uploads\/2026\/04\/image-10-150x150.png 150w, https:\/\/akubaa.com\/wp-content\/uploads\/2026\/04\/image-10-300x300.png 300w, https:\/\/akubaa.com\/wp-content\/uploads\/2026\/04\/image-10-100x100.png 100w\" sizes=\"auto, (max-width: 150px) 100vw, 150px\" \/><\/a><\/div><a class=\"wp-block-latest-posts__post-title\" href=\"https:\/\/akubaa.com\/index.php\/2026\/04\/07\/leoni-torres-y-el-b-convierten-cubano-en-un-grito-de-identidad-y-libertad\/\">\u201cViva Cuba Libre\u201d: la canci\u00f3n que no es solo m\u00fasica\u2026 es un mensaje que ya no se puede callar.<\/a><\/li>\n<li><div class=\"wp-block-latest-posts__featured-image aligncenter\"><a href=\"https:\/\/akubaa.com\/index.php\/2026\/04\/07\/horoscopo-del-7-de-abril-de-2026\/\" aria-label=\"\ud83d\udd2e\u00a0Hor\u00f3scopo del 7 de abril de 2026: lo que viene no avisa\u2026 pero s\u00ed se siente.\"><img loading=\"lazy\" decoding=\"async\" width=\"150\" height=\"150\" src=\"https:\/\/akubaa.com\/wp-content\/uploads\/2026\/04\/image-9-150x150.png\" class=\"attachment-thumbnail size-thumbnail wp-post-image\" alt=\"\" style=\"\" srcset=\"https:\/\/akubaa.com\/wp-content\/uploads\/2026\/04\/image-9-150x150.png 150w, https:\/\/akubaa.com\/wp-content\/uploads\/2026\/04\/image-9-300x300.png 300w, https:\/\/akubaa.com\/wp-content\/uploads\/2026\/04\/image-9-100x100.png 100w\" sizes=\"auto, (max-width: 150px) 100vw, 150px\" \/><\/a><\/div><a class=\"wp-block-latest-posts__post-title\" href=\"https:\/\/akubaa.com\/index.php\/2026\/04\/07\/horoscopo-del-7-de-abril-de-2026\/\">\ud83d\udd2e\u00a0Hor\u00f3scopo del 7 de abril de 2026: lo que viene no avisa\u2026 pero s\u00ed se siente.<\/a><\/li>\n<\/ul>","protected":false},"excerpt":{"rendered":"<p>Hay momentos en la historia en los que una frase aparentemente improvisada revela mucho m\u00e1s que un simple comentario pol\u00edtico. Y esta semana ocurri\u00f3 uno de esos momentos. Mientras escuchaba las declaraciones recientes de\u00a0Donald Trump\u00a0sobre Cuba, no pude evitar pensar que estamos entrando en un cap\u00edtulo completamente distinto de la relaci\u00f3n entre\u00a0Estados Unidos y la [&hellip;]<\/p>\n","protected":false},"author":1,"featured_media":2725,"comment_status":"open","ping_status":"open","sticky":false,"template":"","format":"standard","meta":{"jetpack_post_was_ever_published":false,"_jetpack_newsletter_access":"","_jetpack_dont_email_post_to_subs":false,"_jetpack_newsletter_tier_id":0,"_jetpack_memberships_contains_paywalled_content":false,"_jetpack_memberships_contains_paid_content":false,"footnotes":"","jetpack_publicize_message":"","jetpack_publicize_feature_enabled":true,"jetpack_social_post_already_shared":true,"jetpack_social_options":{"image_generator_settings":{"template":"highway","default_image_id":0,"font":"","enabled":false},"version":2}},"categories":[4],"tags":[],"class_list":["post-2724","post","type-post","status-publish","format-standard","has-post-thumbnail","hentry","category-noticias-y-actualidad"],"yoast_head":"<!-- This site is optimized with the Yoast SEO plugin v27.5 - https:\/\/yoast.com\/product\/yoast-seo-wordpress\/ -->\n<title>Posible\u00a0acuerdo econ\u00f3mico y pol\u00edtico entre USA y Cuba. - AKubaa<\/title>\n<meta name=\"description\" content=\"Ultima Hora: un posible\u00a0acuerdo econ\u00f3mico y pol\u00edtico entre Estados Unidos y Cuba que podr\u00eda implicar incluso la\u00a0salida negociada de Miguel D\u00edaz-\" \/>\n<meta name=\"robots\" content=\"index, follow, max-snippet:-1, max-image-preview:large, max-video-preview:-1\" \/>\n<link rel=\"canonical\" href=\"https:\/\/akubaa.com\/index.php\/2026\/03\/11\/posible-acuerdo-economico-y-politico-entre-usa-y-cuba\/\" \/>\n<meta property=\"og:locale\" content=\"es_ES\" \/>\n<meta property=\"og:type\" content=\"article\" \/>\n<meta property=\"og:title\" content=\"Posible\u00a0acuerdo econ\u00f3mico y pol\u00edtico entre USA y Cuba. - AKubaa\" \/>\n<meta property=\"og:description\" content=\"Ultima Hora: un posible\u00a0acuerdo econ\u00f3mico y pol\u00edtico entre Estados Unidos y Cuba que podr\u00eda implicar incluso la\u00a0salida negociada de Miguel D\u00edaz-\" \/>\n<meta property=\"og:url\" content=\"https:\/\/akubaa.com\/index.php\/2026\/03\/11\/posible-acuerdo-economico-y-politico-entre-usa-y-cuba\/\" \/>\n<meta property=\"og:site_name\" content=\"AKubaa\" \/>\n<meta property=\"article:publisher\" content=\"https:\/\/www.facebook.com\/akubaa\" \/>\n<meta property=\"article:author\" content=\"https:\/\/www.facebook.com\/akubaa\" \/>\n<meta property=\"article:published_time\" content=\"2026-03-11T09:00:00+00:00\" \/>\n<meta property=\"article:modified_time\" content=\"2026-03-12T01:42:57+00:00\" \/>\n<meta property=\"og:image\" content=\"https:\/\/akubaa.com\/wp-content\/uploads\/2026\/03\/Imagen-16.jpeg\" \/>\n\t<meta property=\"og:image:width\" content=\"1536\" \/>\n\t<meta property=\"og:image:height\" content=\"1024\" \/>\n\t<meta property=\"og:image:type\" content=\"image\/jpeg\" \/>\n<meta name=\"author\" content=\"AKubaa\" \/>\n<meta name=\"twitter:card\" content=\"summary_large_image\" \/>\n<meta name=\"twitter:label1\" content=\"Escrito por\" \/>\n\t<meta name=\"twitter:data1\" content=\"AKubaa\" \/>\n\t<meta name=\"twitter:label2\" content=\"Tiempo de lectura\" \/>\n\t<meta name=\"twitter:data2\" content=\"8 minutos\" \/>\n<script type=\"application\/ld+json\" class=\"yoast-schema-graph\">{\"@context\":\"https:\\\/\\\/schema.org\",\"@graph\":[{\"@type\":\"Article\",\"@id\":\"https:\\\/\\\/akubaa.com\\\/index.php\\\/2026\\\/03\\\/11\\\/posible-acuerdo-economico-y-politico-entre-usa-y-cuba\\\/#article\",\"isPartOf\":{\"@id\":\"https:\\\/\\\/akubaa.com\\\/index.php\\\/2026\\\/03\\\/11\\\/posible-acuerdo-economico-y-politico-entre-usa-y-cuba\\\/\"},\"author\":{\"name\":\"AKubaa\",\"@id\":\"https:\\\/\\\/akubaa.com\\\/#\\\/schema\\\/person\\\/b096b63c1ad27204e55fabb2cf2153a5\"},\"headline\":\"\u00bfUn \u201cabrazo econ\u00f3mico\u201d para Cuba?. La jugada de Trump que podr\u00eda cambiar la isla\u2026 o salvar al mismo sistema.\",\"datePublished\":\"2026-03-11T09:00:00+00:00\",\"dateModified\":\"2026-03-12T01:42:57+00:00\",\"mainEntityOfPage\":{\"@id\":\"https:\\\/\\\/akubaa.com\\\/index.php\\\/2026\\\/03\\\/11\\\/posible-acuerdo-economico-y-politico-entre-usa-y-cuba\\\/\"},\"wordCount\":1661,\"commentCount\":0,\"publisher\":{\"@id\":\"https:\\\/\\\/akubaa.com\\\/#\\\/schema\\\/person\\\/b096b63c1ad27204e55fabb2cf2153a5\"},\"image\":{\"@id\":\"https:\\\/\\\/akubaa.com\\\/index.php\\\/2026\\\/03\\\/11\\\/posible-acuerdo-economico-y-politico-entre-usa-y-cuba\\\/#primaryimage\"},\"thumbnailUrl\":\"https:\\\/\\\/akubaa.com\\\/wp-content\\\/uploads\\\/2026\\\/03\\\/Imagen-16.jpeg\",\"articleSection\":[\"Noticias y Actualidad\"],\"inLanguage\":\"es\",\"potentialAction\":[{\"@type\":\"CommentAction\",\"name\":\"Comment\",\"target\":[\"https:\\\/\\\/akubaa.com\\\/index.php\\\/2026\\\/03\\\/11\\\/posible-acuerdo-economico-y-politico-entre-usa-y-cuba\\\/#respond\"]}]},{\"@type\":\"WebPage\",\"@id\":\"https:\\\/\\\/akubaa.com\\\/index.php\\\/2026\\\/03\\\/11\\\/posible-acuerdo-economico-y-politico-entre-usa-y-cuba\\\/\",\"url\":\"https:\\\/\\\/akubaa.com\\\/index.php\\\/2026\\\/03\\\/11\\\/posible-acuerdo-economico-y-politico-entre-usa-y-cuba\\\/\",\"name\":\"Posible\u00a0acuerdo econ\u00f3mico y pol\u00edtico entre USA y Cuba. - AKubaa\",\"isPartOf\":{\"@id\":\"https:\\\/\\\/akubaa.com\\\/#website\"},\"primaryImageOfPage\":{\"@id\":\"https:\\\/\\\/akubaa.com\\\/index.php\\\/2026\\\/03\\\/11\\\/posible-acuerdo-economico-y-politico-entre-usa-y-cuba\\\/#primaryimage\"},\"image\":{\"@id\":\"https:\\\/\\\/akubaa.com\\\/index.php\\\/2026\\\/03\\\/11\\\/posible-acuerdo-economico-y-politico-entre-usa-y-cuba\\\/#primaryimage\"},\"thumbnailUrl\":\"https:\\\/\\\/akubaa.com\\\/wp-content\\\/uploads\\\/2026\\\/03\\\/Imagen-16.jpeg\",\"datePublished\":\"2026-03-11T09:00:00+00:00\",\"dateModified\":\"2026-03-12T01:42:57+00:00\",\"description\":\"Ultima Hora: un posible\u00a0acuerdo econ\u00f3mico y pol\u00edtico entre Estados Unidos y Cuba que podr\u00eda implicar incluso la\u00a0salida negociada de Miguel D\u00edaz-Canel.\",\"breadcrumb\":{\"@id\":\"https:\\\/\\\/akubaa.com\\\/index.php\\\/2026\\\/03\\\/11\\\/posible-acuerdo-economico-y-politico-entre-usa-y-cuba\\\/#breadcrumb\"},\"inLanguage\":\"es\",\"potentialAction\":[{\"@type\":\"ReadAction\",\"target\":[\"https:\\\/\\\/akubaa.com\\\/index.php\\\/2026\\\/03\\\/11\\\/posible-acuerdo-economico-y-politico-entre-usa-y-cuba\\\/\"]}]},{\"@type\":\"ImageObject\",\"inLanguage\":\"es\",\"@id\":\"https:\\\/\\\/akubaa.com\\\/index.php\\\/2026\\\/03\\\/11\\\/posible-acuerdo-economico-y-politico-entre-usa-y-cuba\\\/#primaryimage\",\"url\":\"https:\\\/\\\/akubaa.com\\\/wp-content\\\/uploads\\\/2026\\\/03\\\/Imagen-16.jpeg\",\"contentUrl\":\"https:\\\/\\\/akubaa.com\\\/wp-content\\\/uploads\\\/2026\\\/03\\\/Imagen-16.jpeg\",\"width\":1536,\"height\":1024},{\"@type\":\"BreadcrumbList\",\"@id\":\"https:\\\/\\\/akubaa.com\\\/index.php\\\/2026\\\/03\\\/11\\\/posible-acuerdo-economico-y-politico-entre-usa-y-cuba\\\/#breadcrumb\",\"itemListElement\":[{\"@type\":\"ListItem\",\"position\":1,\"name\":\"Portada\",\"item\":\"https:\\\/\\\/akubaa.com\\\/\"},{\"@type\":\"ListItem\",\"position\":2,\"name\":\"\u00bfUn \u201cabrazo econ\u00f3mico\u201d para Cuba?. La jugada de Trump que podr\u00eda cambiar la isla\u2026 o salvar al mismo sistema.\"}]},{\"@type\":\"WebSite\",\"@id\":\"https:\\\/\\\/akubaa.com\\\/#website\",\"url\":\"https:\\\/\\\/akubaa.com\\\/\",\"name\":\"AKubaa\",\"description\":\"Vive ,conoce y disfruta Cuba al estilo de A&amp;K.\",\"publisher\":{\"@id\":\"https:\\\/\\\/akubaa.com\\\/#\\\/schema\\\/person\\\/b096b63c1ad27204e55fabb2cf2153a5\"},\"potentialAction\":[{\"@type\":\"SearchAction\",\"target\":{\"@type\":\"EntryPoint\",\"urlTemplate\":\"https:\\\/\\\/akubaa.com\\\/?s={search_term_string}\"},\"query-input\":{\"@type\":\"PropertyValueSpecification\",\"valueRequired\":true,\"valueName\":\"search_term_string\"}}],\"inLanguage\":\"es\"},{\"@type\":[\"Person\",\"Organization\"],\"@id\":\"https:\\\/\\\/akubaa.com\\\/#\\\/schema\\\/person\\\/b096b63c1ad27204e55fabb2cf2153a5\",\"name\":\"AKubaa\",\"image\":{\"@type\":\"ImageObject\",\"inLanguage\":\"es\",\"@id\":\"https:\\\/\\\/akubaa.com\\\/wp-content\\\/uploads\\\/2025\\\/08\\\/Imagen-17.jpeg\",\"url\":\"https:\\\/\\\/akubaa.com\\\/wp-content\\\/uploads\\\/2025\\\/08\\\/Imagen-17.jpeg\",\"contentUrl\":\"https:\\\/\\\/akubaa.com\\\/wp-content\\\/uploads\\\/2025\\\/08\\\/Imagen-17.jpeg\",\"width\":1024,\"height\":1024,\"caption\":\"AKubaa\"},\"logo\":{\"@id\":\"https:\\\/\\\/akubaa.com\\\/wp-content\\\/uploads\\\/2025\\\/08\\\/Imagen-17.jpeg\"},\"sameAs\":[\"https:\\\/\\\/akubaa.com\",\"https:\\\/\\\/www.facebook.com\\\/akubaa\",\"https:\\\/\\\/www.instagram.com\\\/akubaa?\"],\"url\":\"https:\\\/\\\/akubaa.com\\\/index.php\\\/profile\\\/admin\\\/\"}]}<\/script>\n<!-- \/ Yoast SEO plugin. -->","yoast_head_json":{"title":"Posible\u00a0acuerdo econ\u00f3mico y pol\u00edtico entre USA y Cuba. - AKubaa","description":"Ultima Hora: un posible\u00a0acuerdo econ\u00f3mico y pol\u00edtico entre Estados Unidos y Cuba que podr\u00eda implicar incluso la\u00a0salida negociada de Miguel D\u00edaz-","robots":{"index":"index","follow":"follow","max-snippet":"max-snippet:-1","max-image-preview":"max-image-preview:large","max-video-preview":"max-video-preview:-1"},"canonical":"https:\/\/akubaa.com\/index.php\/2026\/03\/11\/posible-acuerdo-economico-y-politico-entre-usa-y-cuba\/","og_locale":"es_ES","og_type":"article","og_title":"Posible\u00a0acuerdo econ\u00f3mico y pol\u00edtico entre USA y Cuba. - AKubaa","og_description":"Ultima Hora: un posible\u00a0acuerdo econ\u00f3mico y pol\u00edtico entre Estados Unidos y Cuba que podr\u00eda implicar incluso la\u00a0salida negociada de Miguel D\u00edaz-","og_url":"https:\/\/akubaa.com\/index.php\/2026\/03\/11\/posible-acuerdo-economico-y-politico-entre-usa-y-cuba\/","og_site_name":"AKubaa","article_publisher":"https:\/\/www.facebook.com\/akubaa","article_author":"https:\/\/www.facebook.com\/akubaa","article_published_time":"2026-03-11T09:00:00+00:00","article_modified_time":"2026-03-12T01:42:57+00:00","og_image":[{"width":1536,"height":1024,"url":"https:\/\/akubaa.com\/wp-content\/uploads\/2026\/03\/Imagen-16.jpeg","type":"image\/jpeg"}],"author":"AKubaa","twitter_card":"summary_large_image","twitter_misc":{"Escrito por":"AKubaa","Tiempo de lectura":"8 minutos"},"schema":{"@context":"https:\/\/schema.org","@graph":[{"@type":"Article","@id":"https:\/\/akubaa.com\/index.php\/2026\/03\/11\/posible-acuerdo-economico-y-politico-entre-usa-y-cuba\/#article","isPartOf":{"@id":"https:\/\/akubaa.com\/index.php\/2026\/03\/11\/posible-acuerdo-economico-y-politico-entre-usa-y-cuba\/"},"author":{"name":"AKubaa","@id":"https:\/\/akubaa.com\/#\/schema\/person\/b096b63c1ad27204e55fabb2cf2153a5"},"headline":"\u00bfUn \u201cabrazo econ\u00f3mico\u201d para Cuba?. La jugada de Trump que podr\u00eda cambiar la isla\u2026 o salvar al mismo sistema.","datePublished":"2026-03-11T09:00:00+00:00","dateModified":"2026-03-12T01:42:57+00:00","mainEntityOfPage":{"@id":"https:\/\/akubaa.com\/index.php\/2026\/03\/11\/posible-acuerdo-economico-y-politico-entre-usa-y-cuba\/"},"wordCount":1661,"commentCount":0,"publisher":{"@id":"https:\/\/akubaa.com\/#\/schema\/person\/b096b63c1ad27204e55fabb2cf2153a5"},"image":{"@id":"https:\/\/akubaa.com\/index.php\/2026\/03\/11\/posible-acuerdo-economico-y-politico-entre-usa-y-cuba\/#primaryimage"},"thumbnailUrl":"https:\/\/akubaa.com\/wp-content\/uploads\/2026\/03\/Imagen-16.jpeg","articleSection":["Noticias y Actualidad"],"inLanguage":"es","potentialAction":[{"@type":"CommentAction","name":"Comment","target":["https:\/\/akubaa.com\/index.php\/2026\/03\/11\/posible-acuerdo-economico-y-politico-entre-usa-y-cuba\/#respond"]}]},{"@type":"WebPage","@id":"https:\/\/akubaa.com\/index.php\/2026\/03\/11\/posible-acuerdo-economico-y-politico-entre-usa-y-cuba\/","url":"https:\/\/akubaa.com\/index.php\/2026\/03\/11\/posible-acuerdo-economico-y-politico-entre-usa-y-cuba\/","name":"Posible\u00a0acuerdo econ\u00f3mico y pol\u00edtico entre USA y Cuba. - AKubaa","isPartOf":{"@id":"https:\/\/akubaa.com\/#website"},"primaryImageOfPage":{"@id":"https:\/\/akubaa.com\/index.php\/2026\/03\/11\/posible-acuerdo-economico-y-politico-entre-usa-y-cuba\/#primaryimage"},"image":{"@id":"https:\/\/akubaa.com\/index.php\/2026\/03\/11\/posible-acuerdo-economico-y-politico-entre-usa-y-cuba\/#primaryimage"},"thumbnailUrl":"https:\/\/akubaa.com\/wp-content\/uploads\/2026\/03\/Imagen-16.jpeg","datePublished":"2026-03-11T09:00:00+00:00","dateModified":"2026-03-12T01:42:57+00:00","description":"Ultima Hora: un posible\u00a0acuerdo econ\u00f3mico y pol\u00edtico entre Estados Unidos y Cuba que podr\u00eda implicar incluso la\u00a0salida negociada de Miguel D\u00edaz-Canel.","breadcrumb":{"@id":"https:\/\/akubaa.com\/index.php\/2026\/03\/11\/posible-acuerdo-economico-y-politico-entre-usa-y-cuba\/#breadcrumb"},"inLanguage":"es","potentialAction":[{"@type":"ReadAction","target":["https:\/\/akubaa.com\/index.php\/2026\/03\/11\/posible-acuerdo-economico-y-politico-entre-usa-y-cuba\/"]}]},{"@type":"ImageObject","inLanguage":"es","@id":"https:\/\/akubaa.com\/index.php\/2026\/03\/11\/posible-acuerdo-economico-y-politico-entre-usa-y-cuba\/#primaryimage","url":"https:\/\/akubaa.com\/wp-content\/uploads\/2026\/03\/Imagen-16.jpeg","contentUrl":"https:\/\/akubaa.com\/wp-content\/uploads\/2026\/03\/Imagen-16.jpeg","width":1536,"height":1024},{"@type":"BreadcrumbList","@id":"https:\/\/akubaa.com\/index.php\/2026\/03\/11\/posible-acuerdo-economico-y-politico-entre-usa-y-cuba\/#breadcrumb","itemListElement":[{"@type":"ListItem","position":1,"name":"Portada","item":"https:\/\/akubaa.com\/"},{"@type":"ListItem","position":2,"name":"\u00bfUn \u201cabrazo econ\u00f3mico\u201d para Cuba?. La jugada de Trump que podr\u00eda cambiar la isla\u2026 o salvar al mismo sistema."}]},{"@type":"WebSite","@id":"https:\/\/akubaa.com\/#website","url":"https:\/\/akubaa.com\/","name":"AKubaa","description":"Vive ,conoce y disfruta Cuba al estilo de A&amp;K.","publisher":{"@id":"https:\/\/akubaa.com\/#\/schema\/person\/b096b63c1ad27204e55fabb2cf2153a5"},"potentialAction":[{"@type":"SearchAction","target":{"@type":"EntryPoint","urlTemplate":"https:\/\/akubaa.com\/?s={search_term_string}"},"query-input":{"@type":"PropertyValueSpecification","valueRequired":true,"valueName":"search_term_string"}}],"inLanguage":"es"},{"@type":["Person","Organization"],"@id":"https:\/\/akubaa.com\/#\/schema\/person\/b096b63c1ad27204e55fabb2cf2153a5","name":"AKubaa","image":{"@type":"ImageObject","inLanguage":"es","@id":"https:\/\/akubaa.com\/wp-content\/uploads\/2025\/08\/Imagen-17.jpeg","url":"https:\/\/akubaa.com\/wp-content\/uploads\/2025\/08\/Imagen-17.jpeg","contentUrl":"https:\/\/akubaa.com\/wp-content\/uploads\/2025\/08\/Imagen-17.jpeg","width":1024,"height":1024,"caption":"AKubaa"},"logo":{"@id":"https:\/\/akubaa.com\/wp-content\/uploads\/2025\/08\/Imagen-17.jpeg"},"sameAs":["https:\/\/akubaa.com","https:\/\/www.facebook.com\/akubaa","https:\/\/www.instagram.com\/akubaa?"],"url":"https:\/\/akubaa.com\/index.php\/profile\/admin\/"}]}},"jetpack_publicize_connections":[],"jetpack_featured_media_url":"https:\/\/akubaa.com\/wp-content\/uploads\/2026\/03\/Imagen-16.jpeg","jetpack_sharing_enabled":true,"jetpack_likes_enabled":true,"jetpack-related-posts":[{"id":2716,"url":"https:\/\/akubaa.com\/index.php\/2026\/03\/09\/el-conflicto-con-iran\/","url_meta":{"origin":2724,"position":0},"title":"Trump mira a Cuba despu\u00e9s de Ir\u00e1n: el movimiento geopol\u00edtico que podr\u00eda cambiar el destino de la isla.","author":"AKubaa","date":"03\/09\/2026","format":false,"excerpt":"Hay momentos en la pol\u00edtica internacional que pasan casi desapercibidos en medio del ruido global\u2026 y sin embargo pueden marcar el inicio de algo enorme. Esta semana ocurri\u00f3 uno de esos momentos. Mientras el mundo miraba hacia Medio Oriente,\u00a0Donald Trump\u00a0lanz\u00f3 una frase que, para los cubanos dentro y fuera de\u2026","rel":"","context":"En \u00abNoticias y Actualidad\u00bb","block_context":{"text":"Noticias y Actualidad","link":"https:\/\/akubaa.com\/index.php\/category\/noticias-y-actualidad\/"},"img":{"alt_text":"","src":"https:\/\/i0.wp.com\/akubaa.com\/wp-content\/uploads\/2026\/03\/Imagen-9.jpeg?resize=350%2C200&ssl=1","width":350,"height":200,"srcset":"https:\/\/i0.wp.com\/akubaa.com\/wp-content\/uploads\/2026\/03\/Imagen-9.jpeg?resize=350%2C200&ssl=1 1x, https:\/\/i0.wp.com\/akubaa.com\/wp-content\/uploads\/2026\/03\/Imagen-9.jpeg?resize=525%2C300&ssl=1 1.5x, https:\/\/i0.wp.com\/akubaa.com\/wp-content\/uploads\/2026\/03\/Imagen-9.jpeg?resize=700%2C400&ssl=1 2x, https:\/\/i0.wp.com\/akubaa.com\/wp-content\/uploads\/2026\/03\/Imagen-9.jpeg?resize=1050%2C600&ssl=1 3x, https:\/\/i0.wp.com\/akubaa.com\/wp-content\/uploads\/2026\/03\/Imagen-9.jpeg?resize=1400%2C800&ssl=1 4x"},"classes":[]},{"id":2691,"url":"https:\/\/akubaa.com\/index.php\/2026\/03\/06\/cuando-la-historia-susurra-en-la-casa-blanca-la-frase-de-trump-que-hizo-sonar-al-exilio-cubano\/","url_meta":{"origin":2724,"position":1},"title":"Cuando la historia susurra en la Casa Blanca: la frase de Trump que hizo so\u00f1ar al exilio cubano.","author":"AKubaa","date":"03\/06\/2026","format":false,"excerpt":"Hay momentos en la pol\u00edtica que pasan como simples frases en una ceremonia, casi como comentarios al pasar entre c\u00e1maras, aplausos y sonrisas diplom\u00e1ticas. Pero otras veces, una sola frase puede encender la imaginaci\u00f3n de millones de personas que llevan d\u00e9cadas esperando algo que parece imposible. Eso fue exactamente lo\u2026","rel":"","context":"Entrada similar","block_context":{"text":"Entrada similar","link":""},"img":{"alt_text":"","src":"https:\/\/i0.wp.com\/akubaa.com\/wp-content\/uploads\/2026\/03\/Imagen-252.jpeg?resize=350%2C200&ssl=1","width":350,"height":200,"srcset":"https:\/\/i0.wp.com\/akubaa.com\/wp-content\/uploads\/2026\/03\/Imagen-252.jpeg?resize=350%2C200&ssl=1 1x, https:\/\/i0.wp.com\/akubaa.com\/wp-content\/uploads\/2026\/03\/Imagen-252.jpeg?resize=525%2C300&ssl=1 1.5x, https:\/\/i0.wp.com\/akubaa.com\/wp-content\/uploads\/2026\/03\/Imagen-252.jpeg?resize=700%2C400&ssl=1 2x, https:\/\/i0.wp.com\/akubaa.com\/wp-content\/uploads\/2026\/03\/Imagen-252.jpeg?resize=1050%2C600&ssl=1 3x, https:\/\/i0.wp.com\/akubaa.com\/wp-content\/uploads\/2026\/03\/Imagen-252.jpeg?resize=1400%2C800&ssl=1 4x"},"classes":[]},{"id":2755,"url":"https:\/\/akubaa.com\/index.php\/2026\/03\/16\/trump-que-volvio-a-encender-el-debate-sobre-el-futuro-de-la-isla\/","url_meta":{"origin":2724,"position":2},"title":"\u201cTendr\u00e9 el honor de tomar Cuba\u201d: la frase de Trump que volvi\u00f3 a encender el debate sobre el futuro de la Isla.","author":"AKubaa","date":"03\/16\/2026","format":false,"excerpt":"Hay frases que caen como una chispa sobre un tanque de gasolina. Y en el caso de\u00a0Cuba, donde la realidad ya est\u00e1 cargada de tensiones, apagones y desesperanza, las palabras del presidente de Estados Unidos,\u00a0Donald Trump, no pasaron desapercibidas. Desde el\u00a0Despacho Oval, el mandatario lanz\u00f3 una declaraci\u00f3n que, para muchos\u2026","rel":"","context":"En \u00abNoticias y Actualidad\u00bb","block_context":{"text":"Noticias y Actualidad","link":"https:\/\/akubaa.com\/index.php\/category\/noticias-y-actualidad\/"},"img":{"alt_text":"","src":"https:\/\/i0.wp.com\/akubaa.com\/wp-content\/uploads\/2026\/03\/Imagen-55.jpeg?resize=350%2C200&ssl=1","width":350,"height":200,"srcset":"https:\/\/i0.wp.com\/akubaa.com\/wp-content\/uploads\/2026\/03\/Imagen-55.jpeg?resize=350%2C200&ssl=1 1x, https:\/\/i0.wp.com\/akubaa.com\/wp-content\/uploads\/2026\/03\/Imagen-55.jpeg?resize=525%2C300&ssl=1 1.5x, https:\/\/i0.wp.com\/akubaa.com\/wp-content\/uploads\/2026\/03\/Imagen-55.jpeg?resize=700%2C400&ssl=1 2x, https:\/\/i0.wp.com\/akubaa.com\/wp-content\/uploads\/2026\/03\/Imagen-55.jpeg?resize=1050%2C600&ssl=1 3x, https:\/\/i0.wp.com\/akubaa.com\/wp-content\/uploads\/2026\/03\/Imagen-55.jpeg?resize=1400%2C800&ssl=1 4x"},"classes":[]},{"id":2720,"url":"https:\/\/akubaa.com\/index.php\/2026\/03\/10\/trump-dejo-de-insinuar-y-empezo-a-advertir-lo-que-de-verdad-puede-cambiar-para-cuba-desde-hoy\/","url_meta":{"origin":2724,"position":3},"title":"Trump dej\u00f3 de insinuar y empez\u00f3 a advertir: lo que de verdad puede cambiar para Cuba desde hoy.","author":"AKubaa","date":"03\/10\/2026","format":false,"excerpt":"Yo llevo tiempo diciendo que, cuando Washington empieza a hablar de Cuba con ese tono medio diplom\u00e1tico y medio quir\u00fargico, no est\u00e1 improvisando: est\u00e1 midiendo fuerzas, tanteando resistencias y preparando el terreno para algo m\u00e1s grande. Y eso es exactamente lo que me sugieren las declaraciones que Donald Trump hizo\u2026","rel":"","context":"En \u00abNoticias y Actualidad\u00bb","block_context":{"text":"Noticias y Actualidad","link":"https:\/\/akubaa.com\/index.php\/category\/noticias-y-actualidad\/"},"img":{"alt_text":"","src":"https:\/\/i0.wp.com\/akubaa.com\/wp-content\/uploads\/2026\/03\/Imagen-14.jpeg?resize=350%2C200&ssl=1","width":350,"height":200,"srcset":"https:\/\/i0.wp.com\/akubaa.com\/wp-content\/uploads\/2026\/03\/Imagen-14.jpeg?resize=350%2C200&ssl=1 1x, https:\/\/i0.wp.com\/akubaa.com\/wp-content\/uploads\/2026\/03\/Imagen-14.jpeg?resize=525%2C300&ssl=1 1.5x, https:\/\/i0.wp.com\/akubaa.com\/wp-content\/uploads\/2026\/03\/Imagen-14.jpeg?resize=700%2C400&ssl=1 2x, https:\/\/i0.wp.com\/akubaa.com\/wp-content\/uploads\/2026\/03\/Imagen-14.jpeg?resize=1050%2C600&ssl=1 3x, https:\/\/i0.wp.com\/akubaa.com\/wp-content\/uploads\/2026\/03\/Imagen-14.jpeg?resize=1400%2C800&ssl=1 4x"},"classes":[]},{"id":2710,"url":"https:\/\/akubaa.com\/index.php\/2026\/03\/09\/escudo-de-las-americas\/","url_meta":{"origin":2724,"position":4},"title":"Miami no fue una cumbre: fue una advertencia y Cuba estaba en el centro del mensaje.","author":"AKubaa","date":"03\/09\/2026","format":false,"excerpt":"Hay reuniones diplom\u00e1ticas que se anuncian con palabras pulidas, fotos cuidadas y comunicados que prometen cooperaci\u00f3n. Y luego hay otras, como la cumbre\u00a0\u201cEscudo de las Am\u00e9ricas\u201d, celebrada el\u00a07 de marzo de 2026 en Doral, Miami, que en realidad funcionan como una se\u00f1al de fuerza. Yo no la le\u00ed como un\u2026","rel":"","context":"En \u00abNoticias y Actualidad\u00bb","block_context":{"text":"Noticias y Actualidad","link":"https:\/\/akubaa.com\/index.php\/category\/noticias-y-actualidad\/"},"img":{"alt_text":"","src":"https:\/\/i0.wp.com\/akubaa.com\/wp-content\/uploads\/2026\/03\/Imagen-10-scaled.jpeg?resize=350%2C200&ssl=1","width":350,"height":200,"srcset":"https:\/\/i0.wp.com\/akubaa.com\/wp-content\/uploads\/2026\/03\/Imagen-10-scaled.jpeg?resize=350%2C200&ssl=1 1x, https:\/\/i0.wp.com\/akubaa.com\/wp-content\/uploads\/2026\/03\/Imagen-10-scaled.jpeg?resize=525%2C300&ssl=1 1.5x, https:\/\/i0.wp.com\/akubaa.com\/wp-content\/uploads\/2026\/03\/Imagen-10-scaled.jpeg?resize=700%2C400&ssl=1 2x, https:\/\/i0.wp.com\/akubaa.com\/wp-content\/uploads\/2026\/03\/Imagen-10-scaled.jpeg?resize=1050%2C600&ssl=1 3x, https:\/\/i0.wp.com\/akubaa.com\/wp-content\/uploads\/2026\/03\/Imagen-10-scaled.jpeg?resize=1400%2C800&ssl=1 4x"},"classes":[]},{"id":2759,"url":"https:\/\/akubaa.com\/index.php\/2026\/03\/17\/ee-uu-quiere-la-renuncia-de-diaz-canel-antes-de-negociar-con-cuba\/","url_meta":{"origin":2724,"position":5},"title":"\u201cLa jugada de Washington: \u00bfpor qu\u00e9 EE.UU. quiere la renuncia de D\u00edaz-Canel antes de negociar con Cuba?\u201d","author":"AKubaa","date":"03\/17\/2026","format":false,"excerpt":"Hay noticias que, cuando uno las lee, siente que detr\u00e1s hay mucho m\u00e1s de lo que aparece en el titular. Y esta es una de ellas. Seg\u00fan revelaciones publicadas por\u00a0The New York Times\u00a0y adelantadas tambi\u00e9n por el\u00a0Miami Herald, la administraci\u00f3n de\u00a0Donald Trump\u00a0habr\u00eda puesto una condici\u00f3n clara para avanzar en las\u2026","rel":"","context":"Entrada similar","block_context":{"text":"Entrada similar","link":""},"img":{"alt_text":"","src":"https:\/\/i0.wp.com\/akubaa.com\/wp-content\/uploads\/2026\/03\/image-7.png?resize=350%2C200&ssl=1","width":350,"height":200,"srcset":"https:\/\/i0.wp.com\/akubaa.com\/wp-content\/uploads\/2026\/03\/image-7.png?resize=350%2C200&ssl=1 1x, https:\/\/i0.wp.com\/akubaa.com\/wp-content\/uploads\/2026\/03\/image-7.png?resize=525%2C300&ssl=1 1.5x, https:\/\/i0.wp.com\/akubaa.com\/wp-content\/uploads\/2026\/03\/image-7.png?resize=700%2C400&ssl=1 2x, https:\/\/i0.wp.com\/akubaa.com\/wp-content\/uploads\/2026\/03\/image-7.png?resize=1050%2C600&ssl=1 3x, https:\/\/i0.wp.com\/akubaa.com\/wp-content\/uploads\/2026\/03\/image-7.png?resize=1400%2C800&ssl=1 4x"},"classes":[]}],"jetpack_shortlink":"https:\/\/wp.me\/pgrKo3-HW","_links":{"self":[{"href":"https:\/\/akubaa.com\/index.php\/wp-json\/wp\/v2\/posts\/2724","targetHints":{"allow":["GET"]}}],"collection":[{"href":"https:\/\/akubaa.com\/index.php\/wp-json\/wp\/v2\/posts"}],"about":[{"href":"https:\/\/akubaa.com\/index.php\/wp-json\/wp\/v2\/types\/post"}],"author":[{"embeddable":true,"href":"https:\/\/akubaa.com\/index.php\/wp-json\/wp\/v2\/users\/1"}],"replies":[{"embeddable":true,"href":"https:\/\/akubaa.com\/index.php\/wp-json\/wp\/v2\/comments?post=2724"}],"version-history":[{"count":0,"href":"https:\/\/akubaa.com\/index.php\/wp-json\/wp\/v2\/posts\/2724\/revisions"}],"wp:featuredmedia":[{"embeddable":true,"href":"https:\/\/akubaa.com\/index.php\/wp-json\/wp\/v2\/media\/2725"}],"wp:attachment":[{"href":"https:\/\/akubaa.com\/index.php\/wp-json\/wp\/v2\/media?parent=2724"}],"wp:term":[{"taxonomy":"category","embeddable":true,"href":"https:\/\/akubaa.com\/index.php\/wp-json\/wp\/v2\/categories?post=2724"},{"taxonomy":"post_tag","embeddable":true,"href":"https:\/\/akubaa.com\/index.php\/wp-json\/wp\/v2\/tags?post=2724"}],"curies":[{"name":"wp","href":"https:\/\/api.w.org\/{rel}","templated":true}]}}