{"id":2722,"date":"2026-03-10T22:04:02","date_gmt":"2026-03-11T02:04:02","guid":{"rendered":"https:\/\/akubaa.com\/?p=2722"},"modified":"2026-03-10T22:04:08","modified_gmt":"2026-03-11T02:04:08","slug":"i-220a-en-la-cuerda-floja","status":"publish","type":"post","link":"https:\/\/akubaa.com\/index.php\/2026\/03\/10\/i-220a-en-la-cuerda-floja\/","title":{"rendered":"I-220A en la cuerda floja: el fallo judicial que volvi\u00f3 a encender la esperanza \u2014 y la incertidumbre \u2014 entre los cubanos en EE.UU."},"content":{"rendered":"\n<p class=\"wp-block-paragraph\">Hay noticias que caen como un jarro de agua fr\u00eda. Y otras que llegan como una chispa de esperanza\u2026 pero con m\u00e1s preguntas que respuestas. Eso es exactamente lo que ha pasado con el reciente fallo judicial en Estados Unidos sobre los\u00a0<strong>cubanos con formulario I-220A<\/strong>. Desde Miami hasta Hialeah, pasando por Tampa, Madrid o Ciudad de M\u00e9xico \u2014donde miles de cubanos esperan su turno para emigrar\u2014 el tema ha corrido como p\u00f3lvora en grupos de WhatsApp, TikTok y cafeter\u00edas. Pero entre rumores, titulares alarmistas y supuestas \u201csoluciones m\u00e1gicas\u201d, lo cierto es que la realidad es mucho m\u00e1s compleja. Y tambi\u00e9n mucho m\u00e1s humana.<\/p>\n\n\n\n<hr class=\"wp-block-separator has-alpha-channel-opacity\"\/>\n\n\n\n<h2 class=\"wp-block-heading\">El fallo del tribunal que agit\u00f3 a la di\u00e1spora cubana<\/h2>\n\n\n\n<p class=\"wp-block-paragraph\">El\u00a0<strong>23 de febrero de 2026<\/strong>, el\u00a0<strong>Und\u00e9cimo Circuito de Apelaciones de Estados Unidos<\/strong>\u00a0emiti\u00f3 una decisi\u00f3n clave que afecta a muchos migrantes cubanos que entraron al pa\u00eds por la frontera y fueron liberados con un\u00a0<strong>formulario I-220A<\/strong>. Este documento \u2014que muchos cubanos recibieron tras ser detenidos\u2014 no equivale a un\u00a0<strong>parole humanitario<\/strong>, y ah\u00ed est\u00e1 el coraz\u00f3n del problema.<\/p>\n\n\n\n<p class=\"wp-block-paragraph\">Seg\u00fan explicaron los abogados de inmigraci\u00f3n\u00a0<strong>Anabel Fern\u00e1ndez y Carlos Pont\u00f3n<\/strong>, el tribunal analiz\u00f3 un detalle t\u00e9cnico pero decisivo: si esas personas fueron procesadas bajo la\u00a0<strong>Secci\u00f3n 235<\/strong>\u00a0o bajo la\u00a0<strong>Secci\u00f3n 236<\/strong>\u00a0de la ley migratoria estadounidense. Y esa diferencia legal puede decidir el futuro de miles de familias.<\/p>\n\n\n\n<hr class=\"wp-block-separator has-alpha-channel-opacity\"\/>\n\n\n\n<div class=\"wp-block-jetpack-related-posts\">\n<h2 class=\"wp-block-heading\">Te Puedo Interesar <\/h2>\n<\/div>\n\n\n\n<hr class=\"wp-block-separator has-alpha-channel-opacity\"\/>\n\n\n\n<h2 class=\"wp-block-heading\">La diferencia legal que puede cambiarlo todo<\/h2>\n\n\n\n<p class=\"wp-block-paragraph\">Lo resumo en palabras claras, porque s\u00e9 que muchos cubanos est\u00e1n tratando de entender esto entre turnos de trabajo, Uber, construction o cafeter\u00edas.<\/p>\n\n\n\n<figure class=\"wp-block-table\"><table class=\"has-fixed-layout\"><thead><tr><th>Escenario legal<\/th><th>Consecuencia<\/th><\/tr><\/thead><tbody><tr><td><strong>Secci\u00f3n 235<\/strong><\/td><td>Podr\u00eda implicar&nbsp;<strong>parole humanitario<\/strong><\/td><\/tr><tr><td><strong>Secci\u00f3n 236<\/strong><\/td><td>No permite ese parole<\/td><\/tr><\/tbody><\/table><\/figure>\n\n\n\n<p class=\"wp-block-paragraph\">\u00bfPor qu\u00e9 importa?.Porque el\u00a0<strong>parole humanitario<\/strong>\u00a0es lo que normalmente permite a los cubanos aplicar a la\u00a0<strong>residencia bajo la Ley de Ajuste Cubano<\/strong>\u00a0despu\u00e9s de un a\u00f1o y un d\u00eda en Estados Unidos. Sin parole\u2026 el camino se complica.<\/p>\n\n\n\n<hr class=\"wp-block-separator has-alpha-channel-opacity\"\/>\n\n\n\n<h2 class=\"wp-block-heading\">Lo que realmente decidi\u00f3 la Corte<\/h2>\n\n\n\n<p class=\"wp-block-paragraph\">Aqu\u00ed viene la parte que muchos titulares no explican. El tribunal\u00a0<strong>no decidi\u00f3 qui\u00e9n tiene raz\u00f3n<\/strong>\u00a0todav\u00eda. Lo que hizo fue\u00a0<strong>anular decisiones anteriores<\/strong>\u00a0de la Junta de Apelaciones de Inmigraci\u00f3n y ordenar que los casos se revisen nuevamente, tomando en cuenta un cambio de postura del propio gobierno estadounidense. Es decir: la puerta\u00a0<strong>no est\u00e1 cerrada<\/strong>, pero tampoco est\u00e1 completamente abierta.<\/p>\n\n\n\n<hr class=\"wp-block-separator has-alpha-channel-opacity\"\/>\n\n\n\n<h2 class=\"wp-block-heading\">Lo que dicen los abogados (y lo que dice la calle)<\/h2>\n\n\n\n<p class=\"wp-block-paragraph\">Los abogados coinciden en algo importante: este fallo\u00a0<strong>no resuelve autom\u00e1ticamente la situaci\u00f3n de los cubanos con I-220A<\/strong>. Pero s\u00ed puede influir en decisiones futuras. Mientras tanto, el consejo es claro:<br><strong>no dejarse llevar por rumores<\/strong>. Porque en redes sociales se escuchan de todo tipo de historias. En Hialeah, por ejemplo, un chofer cubano me dijo hace poco:<\/p>\n\n\n\n<blockquote class=\"wp-block-quote is-layout-flow wp-block-quote-is-layout-flow\">\n<p class=\"wp-block-paragraph\">\u201cHermano, yo he o\u00eddo que ya dieron el ajuste\u2026 pero despu\u00e9s dicen que no. Uno vive con el coraz\u00f3n en la boca\u201d.<\/p>\n<\/blockquote>\n\n\n\n<p class=\"wp-block-paragraph\">Esa frase resume el sentimiento de miles de familias.<\/p>\n\n\n\n<hr class=\"wp-block-separator has-alpha-channel-opacity\"\/>\n\n\n\n<h2 class=\"wp-block-heading\">La visi\u00f3n de AKubaa<\/h2>\n\n\n\n<p class=\"wp-block-paragraph\"><a href=\"https:\/\/akmundovirtual.com\" type=\"link\" id=\"https:\/\/akmundovirtual.com\">Desde\u00a0<strong>AKubaa<\/strong>\u00a0<\/a>lo vemos con claridad: el problema del\u00a0<strong>I-220A<\/strong>\u00a0no es solo jur\u00eddico, tambi\u00e9n es humano. Detr\u00e1s de cada expediente hay historias reales: madres que trabajan limpiando casas en Tampa, j\u00f3venes que manejan Uber en Miami, familias que dejaron todo en Cuba buscando un futuro distinto. El sistema migratorio estadounidense es complejo, s\u00ed. Pero tambi\u00e9n es un terreno donde las decisiones judiciales pueden cambiar vidas. Por eso hoy m\u00e1s que nunca el mensaje es simple: <strong>consulta a un abogado de inmigraci\u00f3n y analiza tu caso individualmente.<\/strong> Porque cada caso puede ser distinto.<\/p>\n\n\n\n<hr class=\"wp-block-separator has-alpha-channel-opacity\"\/>\n\n\n\n<h2 class=\"wp-block-heading\">Y ahora la pregunta que queda en el aire\u2026<\/h2>\n\n\n\n<p class=\"wp-block-paragraph\">\u00bfEstamos ante el inicio de una soluci\u00f3n para los\u00a0<strong>cubanos con I-220A<\/strong>, o solo frente a otro cap\u00edtulo de incertidumbre en la historia migratoria de la di\u00e1spora?. <\/p>\n\n\n\n<p class=\"wp-block-paragraph\">Te leo en los comentarios.<\/p>\n\n\n\n<p class=\"wp-block-paragraph\">La conversaci\u00f3n sigue abierta en\u00a0<a href=\"https:\/\/akubaa.com\" type=\"link\" id=\"https:\/\/akubaa.com\"><strong>AKubaa.com<\/strong>\u00a0<\/a>y en nuestras redes. Porque cuando se trata del futuro de los cubanos\u2026 nadie deber\u00eda quedarse callado. \ud83c\udde8\ud83c\uddfa<\/p>\n\n\n\n<hr class=\"wp-block-separator has-alpha-channel-opacity\"\/>\n\n\n\n<h2 class=\"wp-block-heading\">M\u00e1s en AKubaa<\/h2>\n\n\n<ul class=\"wp-block-latest-posts__list is-grid wp-block-latest-posts is-layout-flow wp-block-latest-posts-is-layout-flow\"><li><div class=\"wp-block-latest-posts__featured-image aligncenter\"><a href=\"https:\/\/akubaa.com\/index.php\/2026\/09\/02\/estado-salud-raul-castro-grave\/\" aria-label=\"\u00bfRa\u00fal Castro est\u00e1 muerto? Lo que se sabe de su grave estado de salud y lo que significar\u00eda para Cuba.\"><img loading=\"lazy\" decoding=\"async\" width=\"150\" height=\"150\" src=\"https:\/\/akubaa.com\/wp-content\/uploads\/2026\/09\/image-150x150.png\" class=\"attachment-thumbnail size-thumbnail wp-post-image\" alt=\"\" style=\"\" srcset=\"https:\/\/akubaa.com\/wp-content\/uploads\/2026\/09\/image-150x150.png 150w, https:\/\/akubaa.com\/wp-content\/uploads\/2026\/09\/image-300x300.png 300w, https:\/\/akubaa.com\/wp-content\/uploads\/2026\/09\/image-100x100.png 100w\" sizes=\"auto, (max-width: 150px) 100vw, 150px\" \/><\/a><\/div><a class=\"wp-block-latest-posts__post-title\" href=\"https:\/\/akubaa.com\/index.php\/2026\/09\/02\/estado-salud-raul-castro-grave\/\">\u00bfRa\u00fal Castro est\u00e1 muerto? Lo que se sabe de su grave estado de salud y lo que significar\u00eda para Cuba.<\/a><\/li>\n<li><div class=\"wp-block-latest-posts__featured-image aligncenter\"><a href=\"https:\/\/akubaa.com\/index.php\/2026\/09\/02\/historia-de-exito-de-roselena-y-ernesto\/\" aria-label=\"La historia de \u00e9xito de Roselena y Ernesto\"><img loading=\"lazy\" decoding=\"async\" width=\"150\" height=\"150\" src=\"https:\/\/akubaa.com\/wp-content\/uploads\/2026\/08\/2026-2-sep-Historia-de-exito-Rosaelena-y-Ernesto-150x150.jpg\" class=\"attachment-thumbnail size-thumbnail wp-post-image\" alt=\"\" style=\"\" srcset=\"https:\/\/akubaa.com\/wp-content\/uploads\/2026\/08\/2026-2-sep-Historia-de-exito-Rosaelena-y-Ernesto-150x150.jpg 150w, https:\/\/akubaa.com\/wp-content\/uploads\/2026\/08\/2026-2-sep-Historia-de-exito-Rosaelena-y-Ernesto-300x300.jpg 300w, https:\/\/akubaa.com\/wp-content\/uploads\/2026\/08\/2026-2-sep-Historia-de-exito-Rosaelena-y-Ernesto-100x100.jpg 100w\" sizes=\"auto, (max-width: 150px) 100vw, 150px\" \/><\/a><\/div><a class=\"wp-block-latest-posts__post-title\" href=\"https:\/\/akubaa.com\/index.php\/2026\/09\/02\/historia-de-exito-de-roselena-y-ernesto\/\">La historia de \u00e9xito de Roselena y Ernesto<\/a><\/li>\n<li><div class=\"wp-block-latest-posts__featured-image aligncenter\"><a href=\"https:\/\/akubaa.com\/index.php\/2026\/09\/01\/regreso-a-clases-costo-familia-cubana\/\" aria-label=\"Regreso a clases y el costo a la familia cubana\"><img loading=\"lazy\" decoding=\"async\" width=\"150\" height=\"150\" src=\"https:\/\/akubaa.com\/wp-content\/uploads\/2026\/08\/2026-1-sep-Regreso-a-clases-150x150.jpg\" class=\"attachment-thumbnail size-thumbnail wp-post-image\" alt=\"\" style=\"\" srcset=\"https:\/\/akubaa.com\/wp-content\/uploads\/2026\/08\/2026-1-sep-Regreso-a-clases-150x150.jpg 150w, https:\/\/akubaa.com\/wp-content\/uploads\/2026\/08\/2026-1-sep-Regreso-a-clases-300x300.jpg 300w, https:\/\/akubaa.com\/wp-content\/uploads\/2026\/08\/2026-1-sep-Regreso-a-clases-100x100.jpg 100w\" sizes=\"auto, (max-width: 150px) 100vw, 150px\" \/><\/a><\/div><a class=\"wp-block-latest-posts__post-title\" href=\"https:\/\/akubaa.com\/index.php\/2026\/09\/01\/regreso-a-clases-costo-familia-cubana\/\">Regreso a clases y el costo a la familia cubana<\/a><\/li>\n<li><div class=\"wp-block-latest-posts__featured-image aligncenter\"><a href=\"https:\/\/akubaa.com\/index.php\/2026\/08\/31\/incluyete-en-la-lista-de-cuidados-esta-semana\/\" aria-label=\"Incl\u00fayete en la lista de cosas que tienes que cuidar esta semana\"><img loading=\"lazy\" decoding=\"async\" width=\"150\" height=\"150\" src=\"https:\/\/akubaa.com\/wp-content\/uploads\/2026\/08\/2026-31-agosto-Cuidarte-1-150x150.jpg\" class=\"attachment-thumbnail size-thumbnail wp-post-image\" alt=\"\" style=\"\" srcset=\"https:\/\/akubaa.com\/wp-content\/uploads\/2026\/08\/2026-31-agosto-Cuidarte-1-150x150.jpg 150w, https:\/\/akubaa.com\/wp-content\/uploads\/2026\/08\/2026-31-agosto-Cuidarte-1-300x300.jpg 300w, https:\/\/akubaa.com\/wp-content\/uploads\/2026\/08\/2026-31-agosto-Cuidarte-1-100x100.jpg 100w\" sizes=\"auto, (max-width: 150px) 100vw, 150px\" \/><\/a><\/div><a class=\"wp-block-latest-posts__post-title\" href=\"https:\/\/akubaa.com\/index.php\/2026\/08\/31\/incluyete-en-la-lista-de-cuidados-esta-semana\/\">Incl\u00fayete en la lista de cosas que tienes que cuidar esta semana<\/a><\/li>\n<li><div class=\"wp-block-latest-posts__featured-image aligncenter\"><a href=\"https:\/\/akubaa.com\/index.php\/2026\/08\/30\/reinventarte-en-otro-pais-sin-perder-tu-identidad\/\" aria-label=\"Reinventarte en otro pa\u00eds sin perder tu identidad\"><img loading=\"lazy\" decoding=\"async\" width=\"150\" height=\"150\" src=\"https:\/\/akubaa.com\/wp-content\/uploads\/2026\/08\/2026-30-agosto-reinventarse-en-otro-pais-150x150.jpg\" class=\"attachment-thumbnail size-thumbnail wp-post-image\" alt=\"\" style=\"\" srcset=\"https:\/\/akubaa.com\/wp-content\/uploads\/2026\/08\/2026-30-agosto-reinventarse-en-otro-pais-150x150.jpg 150w, https:\/\/akubaa.com\/wp-content\/uploads\/2026\/08\/2026-30-agosto-reinventarse-en-otro-pais-300x300.jpg 300w, https:\/\/akubaa.com\/wp-content\/uploads\/2026\/08\/2026-30-agosto-reinventarse-en-otro-pais-100x100.jpg 100w\" sizes=\"auto, (max-width: 150px) 100vw, 150px\" \/><\/a><\/div><a class=\"wp-block-latest-posts__post-title\" href=\"https:\/\/akubaa.com\/index.php\/2026\/08\/30\/reinventarte-en-otro-pais-sin-perder-tu-identidad\/\">Reinventarte en otro pa\u00eds sin perder tu identidad<\/a><\/li>\n<li><div class=\"wp-block-latest-posts__featured-image aligncenter\"><a href=\"https:\/\/akubaa.com\/index.php\/2026\/08\/29\/cubaneo-esta-de-moda-cuba-redes\/\" aria-label=\"El cubaneo est\u00e1 de moda: Cuba conquista las redes\"><img loading=\"lazy\" decoding=\"async\" width=\"150\" height=\"150\" src=\"https:\/\/akubaa.com\/wp-content\/uploads\/2026\/08\/2026-29-agosto-el-cubaneo-es-tendencia-150x150.jpg\" class=\"attachment-thumbnail size-thumbnail wp-post-image\" alt=\"\" style=\"\" srcset=\"https:\/\/akubaa.com\/wp-content\/uploads\/2026\/08\/2026-29-agosto-el-cubaneo-es-tendencia-150x150.jpg 150w, https:\/\/akubaa.com\/wp-content\/uploads\/2026\/08\/2026-29-agosto-el-cubaneo-es-tendencia-300x300.jpg 300w, https:\/\/akubaa.com\/wp-content\/uploads\/2026\/08\/2026-29-agosto-el-cubaneo-es-tendencia-100x100.jpg 100w\" sizes=\"auto, (max-width: 150px) 100vw, 150px\" \/><\/a><\/div><a class=\"wp-block-latest-posts__post-title\" href=\"https:\/\/akubaa.com\/index.php\/2026\/08\/29\/cubaneo-esta-de-moda-cuba-redes\/\">El cubaneo est\u00e1 de moda: Cuba conquista las redes<\/a><\/li>\n<\/ul>","protected":false},"excerpt":{"rendered":"<p>Hay noticias que caen como un jarro de agua fr\u00eda. Y otras que llegan como una chispa de esperanza\u2026 pero con m\u00e1s preguntas que respuestas. Eso es exactamente lo que ha pasado con el reciente fallo judicial en Estados Unidos sobre los\u00a0cubanos con formulario I-220A. Desde Miami hasta Hialeah, pasando por Tampa, Madrid o Ciudad [&hellip;]<\/p>\n","protected":false},"author":1,"featured_media":2723,"comment_status":"open","ping_status":"open","sticky":false,"template":"","format":"standard","meta":{"_jetpack_newsletter_access":"","_jetpack_dont_email_post_to_subs":false,"_jetpack_newsletter_tier_id":0,"_jetpack_memberships_contains_paywalled_content":false,"_jetpack_feature_clip_id":0,"_jetpack_memberships_contains_paid_content":false,"footnotes":"","jetpack_publicize_message":"","jetpack_publicize_feature_enabled":true,"jetpack_social_post_already_shared":true,"jetpack_social_options":{"image_generator_settings":{"template":"highway","default_image_id":0,"font":"","enabled":false},"version":2},"jetpack_post_was_ever_published":false},"categories":[1],"tags":[],"class_list":["post-2722","post","type-post","status-publish","format-standard","has-post-thumbnail","hentry","category-uncategorized"],"yoast_head":"<!-- This site is optimized with the Yoast SEO plugin v28.4 - https:\/\/yoast.com\/product\/yoast-seo-wordpress\/ -->\n<title>I-220A en la cuerda floja. - AKubaa<\/title>\n<meta name=\"description\" content=\"I-220A en la cuerda floja: el fallo judicial que volvi\u00f3 a encender la esperanza \u2014 y la incertidumbre \u2014 entre los cubanos en EE.UU.\" \/>\n<meta name=\"robots\" content=\"index, follow, max-snippet:-1, max-image-preview:large, max-video-preview:-1\" \/>\n<link rel=\"canonical\" href=\"https:\/\/akubaa.com\/index.php\/2026\/03\/10\/i-220a-en-la-cuerda-floja\/\" \/>\n<meta property=\"og:locale\" content=\"es_ES\" \/>\n<meta property=\"og:type\" content=\"article\" \/>\n<meta property=\"og:title\" content=\"I-220A en la cuerda floja. - AKubaa\" \/>\n<meta property=\"og:description\" content=\"I-220A en la cuerda floja: el fallo judicial que volvi\u00f3 a encender la esperanza \u2014 y la incertidumbre \u2014 entre los cubanos en EE.UU.\" \/>\n<meta property=\"og:url\" content=\"https:\/\/akubaa.com\/index.php\/2026\/03\/10\/i-220a-en-la-cuerda-floja\/\" \/>\n<meta property=\"og:site_name\" content=\"AKubaa\" \/>\n<meta property=\"article:publisher\" content=\"https:\/\/www.facebook.com\/akubaa\" \/>\n<meta property=\"article:author\" content=\"https:\/\/www.facebook.com\/akubaa\" \/>\n<meta property=\"article:published_time\" content=\"2026-03-11T02:04:02+00:00\" \/>\n<meta property=\"article:modified_time\" content=\"2026-03-11T02:04:08+00:00\" \/>\n<meta property=\"og:image\" content=\"https:\/\/akubaa.com\/wp-content\/uploads\/2026\/03\/Imagen-15.jpeg\" \/>\n\t<meta property=\"og:image:width\" content=\"1536\" \/>\n\t<meta property=\"og:image:height\" content=\"1024\" \/>\n\t<meta property=\"og:image:type\" content=\"image\/jpeg\" \/>\n<meta name=\"author\" content=\"AK\" \/>\n<meta name=\"twitter:card\" content=\"summary_large_image\" \/>\n<meta name=\"twitter:label1\" content=\"Escrito por\" \/>\n\t<meta name=\"twitter:data1\" content=\"AK\" \/>\n\t<meta name=\"twitter:label2\" content=\"Tiempo de lectura\" \/>\n\t<meta name=\"twitter:data2\" content=\"4 minutos\" \/>\n<script type=\"application\/ld+json\" class=\"yoast-schema-graph\">{\"@context\":\"https:\\\/\\\/schema.org\",\"@graph\":[{\"@type\":\"Article\",\"@id\":\"https:\\\/\\\/akubaa.com\\\/index.php\\\/2026\\\/03\\\/10\\\/i-220a-en-la-cuerda-floja\\\/#article\",\"isPartOf\":{\"@id\":\"https:\\\/\\\/akubaa.com\\\/index.php\\\/2026\\\/03\\\/10\\\/i-220a-en-la-cuerda-floja\\\/\"},\"author\":{\"name\":\"AK\",\"@id\":\"https:\\\/\\\/akubaa.com\\\/#\\\/schema\\\/person\\\/b096b63c1ad27204e55fabb2cf2153a5\"},\"headline\":\"I-220A en la cuerda floja: el fallo judicial que volvi\u00f3 a encender la esperanza \u2014 y la incertidumbre \u2014 entre los cubanos en EE.UU.\",\"datePublished\":\"2026-03-11T02:04:02+00:00\",\"dateModified\":\"2026-03-11T02:04:08+00:00\",\"mainEntityOfPage\":{\"@id\":\"https:\\\/\\\/akubaa.com\\\/index.php\\\/2026\\\/03\\\/10\\\/i-220a-en-la-cuerda-floja\\\/\"},\"wordCount\":722,\"commentCount\":0,\"publisher\":{\"@id\":\"https:\\\/\\\/akubaa.com\\\/#\\\/schema\\\/person\\\/b096b63c1ad27204e55fabb2cf2153a5\"},\"image\":{\"@id\":\"https:\\\/\\\/akubaa.com\\\/index.php\\\/2026\\\/03\\\/10\\\/i-220a-en-la-cuerda-floja\\\/#primaryimage\"},\"thumbnailUrl\":\"https:\\\/\\\/akubaa.com\\\/wp-content\\\/uploads\\\/2026\\\/03\\\/Imagen-15.jpeg\",\"articleSection\":[\"Uncategorized\"],\"inLanguage\":\"es\",\"potentialAction\":[{\"@type\":\"CommentAction\",\"name\":\"Comment\",\"target\":[\"https:\\\/\\\/akubaa.com\\\/index.php\\\/2026\\\/03\\\/10\\\/i-220a-en-la-cuerda-floja\\\/#respond\"]}]},{\"@type\":\"WebPage\",\"@id\":\"https:\\\/\\\/akubaa.com\\\/index.php\\\/2026\\\/03\\\/10\\\/i-220a-en-la-cuerda-floja\\\/\",\"url\":\"https:\\\/\\\/akubaa.com\\\/index.php\\\/2026\\\/03\\\/10\\\/i-220a-en-la-cuerda-floja\\\/\",\"name\":\"I-220A en la cuerda floja. - AKubaa\",\"isPartOf\":{\"@id\":\"https:\\\/\\\/akubaa.com\\\/#website\"},\"primaryImageOfPage\":{\"@id\":\"https:\\\/\\\/akubaa.com\\\/index.php\\\/2026\\\/03\\\/10\\\/i-220a-en-la-cuerda-floja\\\/#primaryimage\"},\"image\":{\"@id\":\"https:\\\/\\\/akubaa.com\\\/index.php\\\/2026\\\/03\\\/10\\\/i-220a-en-la-cuerda-floja\\\/#primaryimage\"},\"thumbnailUrl\":\"https:\\\/\\\/akubaa.com\\\/wp-content\\\/uploads\\\/2026\\\/03\\\/Imagen-15.jpeg\",\"datePublished\":\"2026-03-11T02:04:02+00:00\",\"dateModified\":\"2026-03-11T02:04:08+00:00\",\"description\":\"I-220A en la cuerda floja: el fallo judicial que volvi\u00f3 a encender la esperanza \u2014 y la incertidumbre \u2014 entre los cubanos en EE.UU.\",\"breadcrumb\":{\"@id\":\"https:\\\/\\\/akubaa.com\\\/index.php\\\/2026\\\/03\\\/10\\\/i-220a-en-la-cuerda-floja\\\/#breadcrumb\"},\"inLanguage\":\"es\",\"potentialAction\":[{\"@type\":\"ReadAction\",\"target\":[\"https:\\\/\\\/akubaa.com\\\/index.php\\\/2026\\\/03\\\/10\\\/i-220a-en-la-cuerda-floja\\\/\"]}]},{\"@type\":\"ImageObject\",\"inLanguage\":\"es\",\"@id\":\"https:\\\/\\\/akubaa.com\\\/index.php\\\/2026\\\/03\\\/10\\\/i-220a-en-la-cuerda-floja\\\/#primaryimage\",\"url\":\"https:\\\/\\\/akubaa.com\\\/wp-content\\\/uploads\\\/2026\\\/03\\\/Imagen-15.jpeg\",\"contentUrl\":\"https:\\\/\\\/akubaa.com\\\/wp-content\\\/uploads\\\/2026\\\/03\\\/Imagen-15.jpeg\",\"width\":1536,\"height\":1024},{\"@type\":\"BreadcrumbList\",\"@id\":\"https:\\\/\\\/akubaa.com\\\/index.php\\\/2026\\\/03\\\/10\\\/i-220a-en-la-cuerda-floja\\\/#breadcrumb\",\"itemListElement\":[{\"@type\":\"ListItem\",\"position\":1,\"name\":\"Portada\",\"item\":\"https:\\\/\\\/akubaa.com\\\/\"},{\"@type\":\"ListItem\",\"position\":2,\"name\":\"I-220A en la cuerda floja: el fallo judicial que volvi\u00f3 a encender la esperanza \u2014 y la incertidumbre \u2014 entre los cubanos en EE.UU.\"}]},{\"@type\":\"WebSite\",\"@id\":\"https:\\\/\\\/akubaa.com\\\/#website\",\"url\":\"https:\\\/\\\/akubaa.com\\\/\",\"name\":\"AKubaa\",\"description\":\"Vive ,conoce y disfruta Cuba al estilo de A&amp;K.\",\"publisher\":{\"@id\":\"https:\\\/\\\/akubaa.com\\\/#\\\/schema\\\/person\\\/b096b63c1ad27204e55fabb2cf2153a5\"},\"potentialAction\":[{\"@type\":\"SearchAction\",\"target\":{\"@type\":\"EntryPoint\",\"urlTemplate\":\"https:\\\/\\\/akubaa.com\\\/?s={search_term_string}\"},\"query-input\":{\"@type\":\"PropertyValueSpecification\",\"valueRequired\":true,\"valueName\":\"search_term_string\"}}],\"inLanguage\":\"es\"},{\"@type\":[\"Person\",\"Organization\"],\"@id\":\"https:\\\/\\\/akubaa.com\\\/#\\\/schema\\\/person\\\/b096b63c1ad27204e55fabb2cf2153a5\",\"name\":\"AK\",\"image\":{\"@type\":\"ImageObject\",\"inLanguage\":\"es\",\"@id\":\"https:\\\/\\\/akubaa.com\\\/wp-content\\\/uploads\\\/2025\\\/08\\\/Imagen-17.jpeg\",\"url\":\"https:\\\/\\\/akubaa.com\\\/wp-content\\\/uploads\\\/2025\\\/08\\\/Imagen-17.jpeg\",\"contentUrl\":\"https:\\\/\\\/akubaa.com\\\/wp-content\\\/uploads\\\/2025\\\/08\\\/Imagen-17.jpeg\",\"width\":1024,\"height\":1024,\"caption\":\"AK\"},\"logo\":{\"@id\":\"https:\\\/\\\/akubaa.com\\\/wp-content\\\/uploads\\\/2025\\\/08\\\/Imagen-17.jpeg\"},\"sameAs\":[\"https:\\\/\\\/akubaa.com\",\"https:\\\/\\\/www.facebook.com\\\/akubaa\",\"https:\\\/\\\/www.instagram.com\\\/akubaa?\"],\"url\":\"https:\\\/\\\/akubaa.com\\\/index.php\\\/profile\\\/admin\\\/\"}]}<\/script>\n<!-- \/ Yoast SEO plugin. -->","yoast_head_json":{"title":"I-220A en la cuerda floja. - AKubaa","description":"I-220A en la cuerda floja: el fallo judicial que volvi\u00f3 a encender la esperanza \u2014 y la incertidumbre \u2014 entre los cubanos en EE.UU.","robots":{"index":"index","follow":"follow","max-snippet":"max-snippet:-1","max-image-preview":"max-image-preview:large","max-video-preview":"max-video-preview:-1"},"canonical":"https:\/\/akubaa.com\/index.php\/2026\/03\/10\/i-220a-en-la-cuerda-floja\/","og_locale":"es_ES","og_type":"article","og_title":"I-220A en la cuerda floja. - AKubaa","og_description":"I-220A en la cuerda floja: el fallo judicial que volvi\u00f3 a encender la esperanza \u2014 y la incertidumbre \u2014 entre los cubanos en EE.UU.","og_url":"https:\/\/akubaa.com\/index.php\/2026\/03\/10\/i-220a-en-la-cuerda-floja\/","og_site_name":"AKubaa","article_publisher":"https:\/\/www.facebook.com\/akubaa","article_author":"https:\/\/www.facebook.com\/akubaa","article_published_time":"2026-03-11T02:04:02+00:00","article_modified_time":"2026-03-11T02:04:08+00:00","og_image":[{"width":1536,"height":1024,"url":"https:\/\/akubaa.com\/wp-content\/uploads\/2026\/03\/Imagen-15.jpeg","type":"image\/jpeg"}],"author":"AK","twitter_card":"summary_large_image","twitter_misc":{"Escrito por":"AK","Tiempo de lectura":"4 minutos"},"schema":{"@context":"https:\/\/schema.org","@graph":[{"@type":"Article","@id":"https:\/\/akubaa.com\/index.php\/2026\/03\/10\/i-220a-en-la-cuerda-floja\/#article","isPartOf":{"@id":"https:\/\/akubaa.com\/index.php\/2026\/03\/10\/i-220a-en-la-cuerda-floja\/"},"author":{"name":"AK","@id":"https:\/\/akubaa.com\/#\/schema\/person\/b096b63c1ad27204e55fabb2cf2153a5"},"headline":"I-220A en la cuerda floja: el fallo judicial que volvi\u00f3 a encender la esperanza \u2014 y la incertidumbre \u2014 entre los cubanos en EE.UU.","datePublished":"2026-03-11T02:04:02+00:00","dateModified":"2026-03-11T02:04:08+00:00","mainEntityOfPage":{"@id":"https:\/\/akubaa.com\/index.php\/2026\/03\/10\/i-220a-en-la-cuerda-floja\/"},"wordCount":722,"commentCount":0,"publisher":{"@id":"https:\/\/akubaa.com\/#\/schema\/person\/b096b63c1ad27204e55fabb2cf2153a5"},"image":{"@id":"https:\/\/akubaa.com\/index.php\/2026\/03\/10\/i-220a-en-la-cuerda-floja\/#primaryimage"},"thumbnailUrl":"https:\/\/akubaa.com\/wp-content\/uploads\/2026\/03\/Imagen-15.jpeg","articleSection":["Uncategorized"],"inLanguage":"es","potentialAction":[{"@type":"CommentAction","name":"Comment","target":["https:\/\/akubaa.com\/index.php\/2026\/03\/10\/i-220a-en-la-cuerda-floja\/#respond"]}]},{"@type":"WebPage","@id":"https:\/\/akubaa.com\/index.php\/2026\/03\/10\/i-220a-en-la-cuerda-floja\/","url":"https:\/\/akubaa.com\/index.php\/2026\/03\/10\/i-220a-en-la-cuerda-floja\/","name":"I-220A en la cuerda floja. - AKubaa","isPartOf":{"@id":"https:\/\/akubaa.com\/#website"},"primaryImageOfPage":{"@id":"https:\/\/akubaa.com\/index.php\/2026\/03\/10\/i-220a-en-la-cuerda-floja\/#primaryimage"},"image":{"@id":"https:\/\/akubaa.com\/index.php\/2026\/03\/10\/i-220a-en-la-cuerda-floja\/#primaryimage"},"thumbnailUrl":"https:\/\/akubaa.com\/wp-content\/uploads\/2026\/03\/Imagen-15.jpeg","datePublished":"2026-03-11T02:04:02+00:00","dateModified":"2026-03-11T02:04:08+00:00","description":"I-220A en la cuerda floja: el fallo judicial que volvi\u00f3 a encender la esperanza \u2014 y la incertidumbre \u2014 entre los cubanos en EE.UU.","breadcrumb":{"@id":"https:\/\/akubaa.com\/index.php\/2026\/03\/10\/i-220a-en-la-cuerda-floja\/#breadcrumb"},"inLanguage":"es","potentialAction":[{"@type":"ReadAction","target":["https:\/\/akubaa.com\/index.php\/2026\/03\/10\/i-220a-en-la-cuerda-floja\/"]}]},{"@type":"ImageObject","inLanguage":"es","@id":"https:\/\/akubaa.com\/index.php\/2026\/03\/10\/i-220a-en-la-cuerda-floja\/#primaryimage","url":"https:\/\/akubaa.com\/wp-content\/uploads\/2026\/03\/Imagen-15.jpeg","contentUrl":"https:\/\/akubaa.com\/wp-content\/uploads\/2026\/03\/Imagen-15.jpeg","width":1536,"height":1024},{"@type":"BreadcrumbList","@id":"https:\/\/akubaa.com\/index.php\/2026\/03\/10\/i-220a-en-la-cuerda-floja\/#breadcrumb","itemListElement":[{"@type":"ListItem","position":1,"name":"Portada","item":"https:\/\/akubaa.com\/"},{"@type":"ListItem","position":2,"name":"I-220A en la cuerda floja: el fallo judicial que volvi\u00f3 a encender la esperanza \u2014 y la incertidumbre \u2014 entre los cubanos en EE.UU."}]},{"@type":"WebSite","@id":"https:\/\/akubaa.com\/#website","url":"https:\/\/akubaa.com\/","name":"AKubaa","description":"Vive ,conoce y disfruta Cuba al estilo de A&amp;K.","publisher":{"@id":"https:\/\/akubaa.com\/#\/schema\/person\/b096b63c1ad27204e55fabb2cf2153a5"},"potentialAction":[{"@type":"SearchAction","target":{"@type":"EntryPoint","urlTemplate":"https:\/\/akubaa.com\/?s={search_term_string}"},"query-input":{"@type":"PropertyValueSpecification","valueRequired":true,"valueName":"search_term_string"}}],"inLanguage":"es"},{"@type":["Person","Organization"],"@id":"https:\/\/akubaa.com\/#\/schema\/person\/b096b63c1ad27204e55fabb2cf2153a5","name":"AK","image":{"@type":"ImageObject","inLanguage":"es","@id":"https:\/\/akubaa.com\/wp-content\/uploads\/2025\/08\/Imagen-17.jpeg","url":"https:\/\/akubaa.com\/wp-content\/uploads\/2025\/08\/Imagen-17.jpeg","contentUrl":"https:\/\/akubaa.com\/wp-content\/uploads\/2025\/08\/Imagen-17.jpeg","width":1024,"height":1024,"caption":"AK"},"logo":{"@id":"https:\/\/akubaa.com\/wp-content\/uploads\/2025\/08\/Imagen-17.jpeg"},"sameAs":["https:\/\/akubaa.com","https:\/\/www.facebook.com\/akubaa","https:\/\/www.instagram.com\/akubaa?"],"url":"https:\/\/akubaa.com\/index.php\/profile\/admin\/"}]}},"jetpack_publicize_connections":[],"jetpack_sharing_enabled":true,"jetpack_likes_enabled":true,"jetpack-related-posts":[{"id":2148,"url":"https:\/\/akubaa.com\/index.php\/2025\/12\/05\/la-detencion-que-estremecio-a-houston\/","url_meta":{"origin":2722,"position":0},"title":"La detenci\u00f3n que estremeci\u00f3 a Houston: una doctora cubana en manos de ICE y una beb\u00e9 gravemente enferma sin su mam\u00e1.","author":"AK","date":"12\/05\/2025","format":false,"excerpt":"Hay noticias que se sienten como un golpe seco en el pecho, y esta, en particular, me dej\u00f3 con ese sabor amargo que todo cubano reconoce cuando algo es tan injusto que ni las palabras alcanzan. Hoy te cuento una historia que est\u00e1 estremeciendo no solo a Houston, sino a\u2026","rel":"","context":"Entrada similar","block_context":{"text":"Entrada similar","link":""},"img":{"alt_text":"","src":"https:\/\/i0.wp.com\/akubaa.com\/wp-content\/uploads\/2025\/12\/image-12.png?resize=350%2C200&ssl=1","width":350,"height":200,"srcset":"https:\/\/i0.wp.com\/akubaa.com\/wp-content\/uploads\/2025\/12\/image-12.png?resize=350%2C200&ssl=1 1x, https:\/\/i0.wp.com\/akubaa.com\/wp-content\/uploads\/2025\/12\/image-12.png?resize=525%2C300&ssl=1 1.5x, https:\/\/i0.wp.com\/akubaa.com\/wp-content\/uploads\/2025\/12\/image-12.png?resize=700%2C400&ssl=1 2x, https:\/\/i0.wp.com\/akubaa.com\/wp-content\/uploads\/2025\/12\/image-12.png?resize=1050%2C600&ssl=1 3x, https:\/\/i0.wp.com\/akubaa.com\/wp-content\/uploads\/2025\/12\/image-12.png?resize=1400%2C800&ssl=1 4x"},"classes":[]},{"id":3306,"url":"https:\/\/akubaa.com\/index.php\/2026\/08\/25\/anulan-prohibicion-visados-estados-unidos-cuba\/","url_meta":{"origin":2722,"position":1},"title":"\u00bfVictoria real o pura burocracia? Anulan la prohibici\u00f3n de visados de Estados Unidos a 75 pa\u00edses incluyendo a Cuba","author":"AKubaaa","date":"08\/25\/2026","format":false,"excerpt":"\u00bfYa te enteraste? La jueza federal Jeannette Vargas, desde Manhattan, dictamin\u00f3 que la suspensi\u00f3n de visados de inmigraci\u00f3n impuesta a ciudadanos de 75 pa\u00edses es \"manifiestamente ilegal\". El tribunal dej\u00f3 claro que el Departamento de Estado excedi\u00f3 sus facultades al intentar pasar por encima de la ley de 1965, la\u2026","rel":"","context":"En \u00abNoticias y Actualidad\u00bb","block_context":{"text":"Noticias y Actualidad","link":"https:\/\/akubaa.com\/index.php\/category\/noticias-y-actualidad\/"},"img":{"alt_text":"","src":"https:\/\/i0.wp.com\/akubaa.com\/wp-content\/uploads\/2026\/08\/2026-25-agosto-Anulan-prohibiciond-e-visado-EU.jpg?resize=350%2C200&ssl=1","width":350,"height":200,"srcset":"https:\/\/i0.wp.com\/akubaa.com\/wp-content\/uploads\/2026\/08\/2026-25-agosto-Anulan-prohibiciond-e-visado-EU.jpg?resize=350%2C200&ssl=1 1x, https:\/\/i0.wp.com\/akubaa.com\/wp-content\/uploads\/2026\/08\/2026-25-agosto-Anulan-prohibiciond-e-visado-EU.jpg?resize=525%2C300&ssl=1 1.5x, https:\/\/i0.wp.com\/akubaa.com\/wp-content\/uploads\/2026\/08\/2026-25-agosto-Anulan-prohibiciond-e-visado-EU.jpg?resize=700%2C400&ssl=1 2x, https:\/\/i0.wp.com\/akubaa.com\/wp-content\/uploads\/2026\/08\/2026-25-agosto-Anulan-prohibiciond-e-visado-EU.jpg?resize=1050%2C600&ssl=1 3x"},"classes":[]},{"id":2795,"url":"https:\/\/akubaa.com\/index.php\/2026\/03\/20\/i-130-y-i-129\/","url_meta":{"origin":2722,"position":2},"title":"\u201cSe empieza a mover la aguja\u201d: EEUU afloja la pausa migratoria y miles de cubanos vuelven a respirar.","author":"AK","date":"03\/20\/2026","format":false,"excerpt":"Hay noticias que no salen en cadena nacional, pero corren m\u00e1s r\u00e1pido que cualquier titular. Esta es una de ellas. En silencio, casi como quien no quiere hacer ruido,\u00a0Estados Unidos ha comenzado a levantar parcialmente la pausa migratoria\u00a0para ciertas solicitudes clave\u2026 y en la calle ya se siente. Lo primero\u2026","rel":"","context":"En \u00abNoticias y Actualidad\u00bb","block_context":{"text":"Noticias y Actualidad","link":"https:\/\/akubaa.com\/index.php\/category\/noticias-y-actualidad\/"},"img":{"alt_text":"","src":"https:\/\/i0.wp.com\/akubaa.com\/wp-content\/uploads\/2026\/03\/image-21.png?resize=350%2C200&ssl=1","width":350,"height":200,"srcset":"https:\/\/i0.wp.com\/akubaa.com\/wp-content\/uploads\/2026\/03\/image-21.png?resize=350%2C200&ssl=1 1x, https:\/\/i0.wp.com\/akubaa.com\/wp-content\/uploads\/2026\/03\/image-21.png?resize=525%2C300&ssl=1 1.5x, https:\/\/i0.wp.com\/akubaa.com\/wp-content\/uploads\/2026\/03\/image-21.png?resize=700%2C400&ssl=1 2x, https:\/\/i0.wp.com\/akubaa.com\/wp-content\/uploads\/2026\/03\/image-21.png?resize=1050%2C600&ssl=1 3x, https:\/\/i0.wp.com\/akubaa.com\/wp-content\/uploads\/2026\/03\/image-21.png?resize=1400%2C800&ssl=1 4x"},"classes":[]},{"id":1594,"url":"https:\/\/akubaa.com\/index.php\/2025\/10\/18\/ee-uu-empieza-a-cancelar-visas-ya-aprobadas-a-cubanos\/","url_meta":{"origin":2722,"position":3},"title":"EE. UU. empieza a cancelar visas ya aprobadas a cubanos: lo que nadie te est\u00e1 diciendo.","author":"AK","date":"10\/18\/2025","format":false,"excerpt":"Te lo digo claro: algo est\u00e1 cambiando, y no para bien. En las \u00faltimas semanas,\u00a0Estados Unidos ha comenzado a revocar visas ya aprobadas a ciudadanos cubanos, incluso a quienes las ten\u00edan vigentes y listas para usar. Y lo m\u00e1s inquietante no es el hecho en s\u00ed, sino\u00a0la manera silenciosa en\u2026","rel":"","context":"En \u00abNoticias y Actualidad\u00bb","block_context":{"text":"Noticias y Actualidad","link":"https:\/\/akubaa.com\/index.php\/category\/noticias-y-actualidad\/"},"img":{"alt_text":"","src":"https:\/\/i0.wp.com\/akubaa.com\/wp-content\/uploads\/2025\/10\/image-40.png?resize=350%2C200&ssl=1","width":350,"height":200,"srcset":"https:\/\/i0.wp.com\/akubaa.com\/wp-content\/uploads\/2025\/10\/image-40.png?resize=350%2C200&ssl=1 1x, https:\/\/i0.wp.com\/akubaa.com\/wp-content\/uploads\/2025\/10\/image-40.png?resize=525%2C300&ssl=1 1.5x, https:\/\/i0.wp.com\/akubaa.com\/wp-content\/uploads\/2025\/10\/image-40.png?resize=700%2C400&ssl=1 2x, https:\/\/i0.wp.com\/akubaa.com\/wp-content\/uploads\/2025\/10\/image-40.png?resize=1050%2C600&ssl=1 3x, https:\/\/i0.wp.com\/akubaa.com\/wp-content\/uploads\/2025\/10\/image-40.png?resize=1400%2C800&ssl=1 4x"},"classes":[]},{"id":1695,"url":"https:\/\/akubaa.com\/index.php\/2025\/10\/21\/cubano-que-perdio-su-auto-trabajando-para-amazon-flex\/","url_meta":{"origin":2722,"position":4},"title":"\u201cEl fuego se llev\u00f3 su carro, pero no su fe\u201d: la historia del joven cubano que perdi\u00f3 su auto trabajando para Amazon y ahora lucha por no rendirse.","author":"AK","date":"10\/21\/2025","format":false,"excerpt":"Yo no s\u00e9 si alguna vez te ha pasado que la vida te da una sacudida justo cuando pensabas que todo empezaba a mejorar. Eso mismo le pas\u00f3 a\u00a0Anthony, un joven cubano de 27 a\u00f1os residente en\u00a0Arizona, que el pasado domingo vio c\u00f3mo el carro que usaba para trabajar en\u00a0Amazon\u2026","rel":"","context":"En \u00abNoticias y Actualidad\u00bb","block_context":{"text":"Noticias y Actualidad","link":"https:\/\/akubaa.com\/index.php\/category\/noticias-y-actualidad\/"},"img":{"alt_text":"","src":"https:\/\/i0.wp.com\/akubaa.com\/wp-content\/uploads\/2025\/10\/image-48.png?resize=350%2C200&ssl=1","width":350,"height":200,"srcset":"https:\/\/i0.wp.com\/akubaa.com\/wp-content\/uploads\/2025\/10\/image-48.png?resize=350%2C200&ssl=1 1x, https:\/\/i0.wp.com\/akubaa.com\/wp-content\/uploads\/2025\/10\/image-48.png?resize=525%2C300&ssl=1 1.5x, https:\/\/i0.wp.com\/akubaa.com\/wp-content\/uploads\/2025\/10\/image-48.png?resize=700%2C400&ssl=1 2x, https:\/\/i0.wp.com\/akubaa.com\/wp-content\/uploads\/2025\/10\/image-48.png?resize=1050%2C600&ssl=1 3x, https:\/\/i0.wp.com\/akubaa.com\/wp-content\/uploads\/2025\/10\/image-48.png?resize=1400%2C800&ssl=1 4x"},"classes":[]},{"id":2750,"url":"https:\/\/akubaa.com\/index.php\/2026\/03\/14\/que-espera-ganar-el-regimen-cubano\/","url_meta":{"origin":2722,"position":5},"title":"\u00bfQu\u00e9 quiere realmente La Habana?. Las concesiones que el r\u00e9gimen cubano espera de Estados Unidos.","author":"AK","date":"03\/14\/2026","format":false,"excerpt":"Hay momentos en la historia en que una noticia suena como un susurro primero\u2026 y luego se convierte en un grito imposible de ignorar. Eso es exactamente lo que ocurri\u00f3 este\u00a013 de marzo de 2026, cuando el gobierno de\u00a0Miguel D\u00edaz-Canel\u00a0confirm\u00f3 algo que durante semanas circulaba como rumor en los pasillos\u2026","rel":"","context":"En \u00abNoticias y Actualidad\u00bb","block_context":{"text":"Noticias y Actualidad","link":"https:\/\/akubaa.com\/index.php\/category\/noticias-y-actualidad\/"},"img":{"alt_text":"","src":"https:\/\/i0.wp.com\/akubaa.com\/wp-content\/uploads\/2026\/03\/image-4.png?resize=350%2C200&ssl=1","width":350,"height":200,"srcset":"https:\/\/i0.wp.com\/akubaa.com\/wp-content\/uploads\/2026\/03\/image-4.png?resize=350%2C200&ssl=1 1x, https:\/\/i0.wp.com\/akubaa.com\/wp-content\/uploads\/2026\/03\/image-4.png?resize=525%2C300&ssl=1 1.5x, https:\/\/i0.wp.com\/akubaa.com\/wp-content\/uploads\/2026\/03\/image-4.png?resize=700%2C400&ssl=1 2x, https:\/\/i0.wp.com\/akubaa.com\/wp-content\/uploads\/2026\/03\/image-4.png?resize=1050%2C600&ssl=1 3x, https:\/\/i0.wp.com\/akubaa.com\/wp-content\/uploads\/2026\/03\/image-4.png?resize=1400%2C800&ssl=1 4x"},"classes":[]}],"jetpack_shortlink":"https:\/\/wp.me\/pgrKo3-HU","jetpack_featured_media_url":"https:\/\/akubaa.com\/wp-content\/uploads\/2026\/03\/Imagen-15.jpeg","_links":{"self":[{"href":"https:\/\/akubaa.com\/index.php\/wp-json\/wp\/v2\/posts\/2722","targetHints":{"allow":["GET"]}}],"collection":[{"href":"https:\/\/akubaa.com\/index.php\/wp-json\/wp\/v2\/posts"}],"about":[{"href":"https:\/\/akubaa.com\/index.php\/wp-json\/wp\/v2\/types\/post"}],"author":[{"embeddable":true,"href":"https:\/\/akubaa.com\/index.php\/wp-json\/wp\/v2\/users\/1"}],"replies":[{"embeddable":true,"href":"https:\/\/akubaa.com\/index.php\/wp-json\/wp\/v2\/comments?post=2722"}],"version-history":[{"count":0,"href":"https:\/\/akubaa.com\/index.php\/wp-json\/wp\/v2\/posts\/2722\/revisions"}],"wp:featuredmedia":[{"embeddable":true,"href":"https:\/\/akubaa.com\/index.php\/wp-json\/wp\/v2\/media\/2723"}],"wp:attachment":[{"href":"https:\/\/akubaa.com\/index.php\/wp-json\/wp\/v2\/media?parent=2722"}],"wp:term":[{"taxonomy":"category","embeddable":true,"href":"https:\/\/akubaa.com\/index.php\/wp-json\/wp\/v2\/categories?post=2722"},{"taxonomy":"post_tag","embeddable":true,"href":"https:\/\/akubaa.com\/index.php\/wp-json\/wp\/v2\/tags?post=2722"}],"curies":[{"name":"wp","href":"https:\/\/api.w.org\/{rel}","templated":true}]}}