{"id":2722,"date":"2026-03-10T22:04:02","date_gmt":"2026-03-11T02:04:02","guid":{"rendered":"https:\/\/akubaa.com\/?p=2722"},"modified":"2026-03-10T22:04:08","modified_gmt":"2026-03-11T02:04:08","slug":"i-220a-en-la-cuerda-floja","status":"publish","type":"post","link":"https:\/\/akubaa.com\/index.php\/2026\/03\/10\/i-220a-en-la-cuerda-floja\/","title":{"rendered":"I-220A en la cuerda floja: el fallo judicial que volvi\u00f3 a encender la esperanza \u2014 y la incertidumbre \u2014 entre los cubanos en EE.UU."},"content":{"rendered":"\n<p>Hay noticias que caen como un jarro de agua fr\u00eda. Y otras que llegan como una chispa de esperanza\u2026 pero con m\u00e1s preguntas que respuestas. Eso es exactamente lo que ha pasado con el reciente fallo judicial en Estados Unidos sobre los\u00a0<strong>cubanos con formulario I-220A<\/strong>. Desde Miami hasta Hialeah, pasando por Tampa, Madrid o Ciudad de M\u00e9xico \u2014donde miles de cubanos esperan su turno para emigrar\u2014 el tema ha corrido como p\u00f3lvora en grupos de WhatsApp, TikTok y cafeter\u00edas. Pero entre rumores, titulares alarmistas y supuestas \u201csoluciones m\u00e1gicas\u201d, lo cierto es que la realidad es mucho m\u00e1s compleja. Y tambi\u00e9n mucho m\u00e1s humana.<\/p>\n\n\n\n<hr class=\"wp-block-separator has-alpha-channel-opacity\"\/>\n\n\n\n<h2 class=\"wp-block-heading\">El fallo del tribunal que agit\u00f3 a la di\u00e1spora cubana<\/h2>\n\n\n\n<p>El\u00a0<strong>23 de febrero de 2026<\/strong>, el\u00a0<strong>Und\u00e9cimo Circuito de Apelaciones de Estados Unidos<\/strong>\u00a0emiti\u00f3 una decisi\u00f3n clave que afecta a muchos migrantes cubanos que entraron al pa\u00eds por la frontera y fueron liberados con un\u00a0<strong>formulario I-220A<\/strong>. Este documento \u2014que muchos cubanos recibieron tras ser detenidos\u2014 no equivale a un\u00a0<strong>parole humanitario<\/strong>, y ah\u00ed est\u00e1 el coraz\u00f3n del problema.<\/p>\n\n\n\n<p>Seg\u00fan explicaron los abogados de inmigraci\u00f3n\u00a0<strong>Anabel Fern\u00e1ndez y Carlos Pont\u00f3n<\/strong>, el tribunal analiz\u00f3 un detalle t\u00e9cnico pero decisivo: si esas personas fueron procesadas bajo la\u00a0<strong>Secci\u00f3n 235<\/strong>\u00a0o bajo la\u00a0<strong>Secci\u00f3n 236<\/strong>\u00a0de la ley migratoria estadounidense. Y esa diferencia legal puede decidir el futuro de miles de familias.<\/p>\n\n\n\n<hr class=\"wp-block-separator has-alpha-channel-opacity\"\/>\n\n\n\n<div class=\"wp-block-jetpack-related-posts\">\n<h2 class=\"wp-block-heading\">Te Puedo Interesar <\/h2>\n<\/div>\n\n\n\n<hr class=\"wp-block-separator has-alpha-channel-opacity\"\/>\n\n\n\n<h2 class=\"wp-block-heading\">La diferencia legal que puede cambiarlo todo<\/h2>\n\n\n\n<p>Lo resumo en palabras claras, porque s\u00e9 que muchos cubanos est\u00e1n tratando de entender esto entre turnos de trabajo, Uber, construction o cafeter\u00edas.<\/p>\n\n\n\n<figure class=\"wp-block-table\"><table class=\"has-fixed-layout\"><thead><tr><th>Escenario legal<\/th><th>Consecuencia<\/th><\/tr><\/thead><tbody><tr><td><strong>Secci\u00f3n 235<\/strong><\/td><td>Podr\u00eda implicar&nbsp;<strong>parole humanitario<\/strong><\/td><\/tr><tr><td><strong>Secci\u00f3n 236<\/strong><\/td><td>No permite ese parole<\/td><\/tr><\/tbody><\/table><\/figure>\n\n\n\n<p>\u00bfPor qu\u00e9 importa?.Porque el\u00a0<strong>parole humanitario<\/strong>\u00a0es lo que normalmente permite a los cubanos aplicar a la\u00a0<strong>residencia bajo la Ley de Ajuste Cubano<\/strong>\u00a0despu\u00e9s de un a\u00f1o y un d\u00eda en Estados Unidos. Sin parole\u2026 el camino se complica.<\/p>\n\n\n\n<hr class=\"wp-block-separator has-alpha-channel-opacity\"\/>\n\n\n\n<h2 class=\"wp-block-heading\">Lo que realmente decidi\u00f3 la Corte<\/h2>\n\n\n\n<p>Aqu\u00ed viene la parte que muchos titulares no explican. El tribunal\u00a0<strong>no decidi\u00f3 qui\u00e9n tiene raz\u00f3n<\/strong>\u00a0todav\u00eda. Lo que hizo fue\u00a0<strong>anular decisiones anteriores<\/strong>\u00a0de la Junta de Apelaciones de Inmigraci\u00f3n y ordenar que los casos se revisen nuevamente, tomando en cuenta un cambio de postura del propio gobierno estadounidense. Es decir: la puerta\u00a0<strong>no est\u00e1 cerrada<\/strong>, pero tampoco est\u00e1 completamente abierta.<\/p>\n\n\n\n<hr class=\"wp-block-separator has-alpha-channel-opacity\"\/>\n\n\n\n<h2 class=\"wp-block-heading\">Lo que dicen los abogados (y lo que dice la calle)<\/h2>\n\n\n\n<p>Los abogados coinciden en algo importante: este fallo\u00a0<strong>no resuelve autom\u00e1ticamente la situaci\u00f3n de los cubanos con I-220A<\/strong>. Pero s\u00ed puede influir en decisiones futuras. Mientras tanto, el consejo es claro:<br><strong>no dejarse llevar por rumores<\/strong>. Porque en redes sociales se escuchan de todo tipo de historias. En Hialeah, por ejemplo, un chofer cubano me dijo hace poco:<\/p>\n\n\n\n<blockquote class=\"wp-block-quote is-layout-flow wp-block-quote-is-layout-flow\">\n<p>\u201cHermano, yo he o\u00eddo que ya dieron el ajuste\u2026 pero despu\u00e9s dicen que no. Uno vive con el coraz\u00f3n en la boca\u201d.<\/p>\n<\/blockquote>\n\n\n\n<p>Esa frase resume el sentimiento de miles de familias.<\/p>\n\n\n\n<hr class=\"wp-block-separator has-alpha-channel-opacity\"\/>\n\n\n\n<h2 class=\"wp-block-heading\">La visi\u00f3n de AKubaa<\/h2>\n\n\n\n<p><a href=\"https:\/\/akmundovirtual.com\" type=\"link\" id=\"https:\/\/akmundovirtual.com\">Desde\u00a0<strong>AKubaa<\/strong>\u00a0<\/a>lo vemos con claridad: el problema del\u00a0<strong>I-220A<\/strong>\u00a0no es solo jur\u00eddico, tambi\u00e9n es humano. Detr\u00e1s de cada expediente hay historias reales: madres que trabajan limpiando casas en Tampa, j\u00f3venes que manejan Uber en Miami, familias que dejaron todo en Cuba buscando un futuro distinto. El sistema migratorio estadounidense es complejo, s\u00ed. Pero tambi\u00e9n es un terreno donde las decisiones judiciales pueden cambiar vidas. Por eso hoy m\u00e1s que nunca el mensaje es simple: <strong>consulta a un abogado de inmigraci\u00f3n y analiza tu caso individualmente.<\/strong> Porque cada caso puede ser distinto.<\/p>\n\n\n\n<hr class=\"wp-block-separator has-alpha-channel-opacity\"\/>\n\n\n\n<h2 class=\"wp-block-heading\">Y ahora la pregunta que queda en el aire\u2026<\/h2>\n\n\n\n<p>\u00bfEstamos ante el inicio de una soluci\u00f3n para los\u00a0<strong>cubanos con I-220A<\/strong>, o solo frente a otro cap\u00edtulo de incertidumbre en la historia migratoria de la di\u00e1spora?. <\/p>\n\n\n\n<p>Te leo en los comentarios.<\/p>\n\n\n\n<p>La conversaci\u00f3n sigue abierta en\u00a0<a href=\"https:\/\/akubaa.com\" type=\"link\" id=\"https:\/\/akubaa.com\"><strong>AKubaa.com<\/strong>\u00a0<\/a>y en nuestras redes. Porque cuando se trata del futuro de los cubanos\u2026 nadie deber\u00eda quedarse callado. \ud83c\udde8\ud83c\uddfa<\/p>\n\n\n\n<hr class=\"wp-block-separator has-alpha-channel-opacity\"\/>\n\n\n\n<h2 class=\"wp-block-heading\">M\u00e1s en AKubaa<\/h2>\n\n\n<ul class=\"wp-block-latest-posts__list is-grid columns-3 wp-block-latest-posts\"><li><div class=\"wp-block-latest-posts__featured-image aligncenter\"><a href=\"https:\/\/akubaa.com\/index.php\/2026\/04\/21\/imaray-ulloa-de-influecer-a-ganadora-de-fisicoculturismo\/\" aria-label=\"Imaray Ulloa se sube a otra tarima: dos medallas, ocho meses de disciplina y una lecci\u00f3n que la di\u00e1spora entendi\u00f3 enseguida.\"><img loading=\"lazy\" decoding=\"async\" width=\"150\" height=\"150\" src=\"https:\/\/akubaa.com\/wp-content\/uploads\/2026\/04\/image-14-150x150.png\" class=\"attachment-thumbnail size-thumbnail wp-post-image\" alt=\"\" style=\"\" srcset=\"https:\/\/akubaa.com\/wp-content\/uploads\/2026\/04\/image-14-150x150.png 150w, https:\/\/akubaa.com\/wp-content\/uploads\/2026\/04\/image-14-300x300.png 300w, https:\/\/akubaa.com\/wp-content\/uploads\/2026\/04\/image-14-100x100.png 100w\" sizes=\"auto, (max-width: 150px) 100vw, 150px\" \/><\/a><\/div><a class=\"wp-block-latest-posts__post-title\" href=\"https:\/\/akubaa.com\/index.php\/2026\/04\/21\/imaray-ulloa-de-influecer-a-ganadora-de-fisicoculturismo\/\">Imaray Ulloa se sube a otra tarima: dos medallas, ocho meses de disciplina y una lecci\u00f3n que la di\u00e1spora entendi\u00f3 enseguida.<\/a><\/li>\n<li><div class=\"wp-block-latest-posts__featured-image aligncenter\"><a href=\"https:\/\/akubaa.com\/index.php\/2026\/04\/10\/horoscopo-del-10-de-abril-de-2026\/\" aria-label=\"Hor\u00f3scopo del 10 de abril de 2026: lo que el universo te quiere decir hoy (y lo que debes evitar a toda costa).\u00a0\"><img loading=\"lazy\" decoding=\"async\" width=\"150\" height=\"150\" src=\"https:\/\/akubaa.com\/wp-content\/uploads\/2026\/04\/image-13-150x150.png\" class=\"attachment-thumbnail size-thumbnail wp-post-image\" alt=\"\" style=\"\" srcset=\"https:\/\/akubaa.com\/wp-content\/uploads\/2026\/04\/image-13-150x150.png 150w, https:\/\/akubaa.com\/wp-content\/uploads\/2026\/04\/image-13-300x300.png 300w, https:\/\/akubaa.com\/wp-content\/uploads\/2026\/04\/image-13-100x100.png 100w\" sizes=\"auto, (max-width: 150px) 100vw, 150px\" \/><\/a><\/div><a class=\"wp-block-latest-posts__post-title\" href=\"https:\/\/akubaa.com\/index.php\/2026\/04\/10\/horoscopo-del-10-de-abril-de-2026\/\">Hor\u00f3scopo del 10 de abril de 2026: lo que el universo te quiere decir hoy (y lo que debes evitar a toda costa).\u00a0<\/a><\/li>\n<li><div class=\"wp-block-latest-posts__featured-image aligncenter\"><a href=\"https:\/\/akubaa.com\/index.php\/2026\/04\/09\/horoscopo-del-9-de-abril-de-2026\/\" aria-label=\"\ud83d\udd2e\u00a0Hor\u00f3scopo del 9 de abril de 2026: lo que viene no es casualidad\u2026 es destino (y t\u00fa lo vas a sentir hoy).\"><img loading=\"lazy\" decoding=\"async\" width=\"150\" height=\"150\" src=\"https:\/\/akubaa.com\/wp-content\/uploads\/2026\/04\/image-12-150x150.png\" class=\"attachment-thumbnail size-thumbnail wp-post-image\" alt=\"\" style=\"\" srcset=\"https:\/\/akubaa.com\/wp-content\/uploads\/2026\/04\/image-12-150x150.png 150w, https:\/\/akubaa.com\/wp-content\/uploads\/2026\/04\/image-12-300x300.png 300w, https:\/\/akubaa.com\/wp-content\/uploads\/2026\/04\/image-12-100x100.png 100w\" sizes=\"auto, (max-width: 150px) 100vw, 150px\" \/><\/a><\/div><a class=\"wp-block-latest-posts__post-title\" href=\"https:\/\/akubaa.com\/index.php\/2026\/04\/09\/horoscopo-del-9-de-abril-de-2026\/\">\ud83d\udd2e\u00a0Hor\u00f3scopo del 9 de abril de 2026: lo que viene no es casualidad\u2026 es destino (y t\u00fa lo vas a sentir hoy).<\/a><\/li>\n<li><div class=\"wp-block-latest-posts__featured-image aligncenter\"><a href=\"https:\/\/akubaa.com\/index.php\/2026\/04\/08\/horoscopo-del-8-de-abril-de-2026\/\" aria-label=\"\ud83d\udd2e\u00a0Hor\u00f3scopo del 8 de abril de 2026: lo que el destino no te est\u00e1 diciendo (y deber\u00edas escuchar hoy).\"><img loading=\"lazy\" decoding=\"async\" width=\"150\" height=\"150\" src=\"https:\/\/akubaa.com\/wp-content\/uploads\/2026\/04\/image-11-150x150.png\" class=\"attachment-thumbnail size-thumbnail wp-post-image\" alt=\"\" style=\"\" srcset=\"https:\/\/akubaa.com\/wp-content\/uploads\/2026\/04\/image-11-150x150.png 150w, https:\/\/akubaa.com\/wp-content\/uploads\/2026\/04\/image-11-300x300.png 300w, https:\/\/akubaa.com\/wp-content\/uploads\/2026\/04\/image-11-100x100.png 100w\" sizes=\"auto, (max-width: 150px) 100vw, 150px\" \/><\/a><\/div><a class=\"wp-block-latest-posts__post-title\" href=\"https:\/\/akubaa.com\/index.php\/2026\/04\/08\/horoscopo-del-8-de-abril-de-2026\/\">\ud83d\udd2e\u00a0Hor\u00f3scopo del 8 de abril de 2026: lo que el destino no te est\u00e1 diciendo (y deber\u00edas escuchar hoy).<\/a><\/li>\n<li><div class=\"wp-block-latest-posts__featured-image aligncenter\"><a href=\"https:\/\/akubaa.com\/index.php\/2026\/04\/07\/leoni-torres-y-el-b-convierten-cubano-en-un-grito-de-identidad-y-libertad\/\" aria-label=\"\u201cViva Cuba Libre\u201d: la canci\u00f3n que no es solo m\u00fasica\u2026 es un mensaje que ya no se puede callar.\"><img loading=\"lazy\" decoding=\"async\" width=\"150\" height=\"150\" src=\"https:\/\/akubaa.com\/wp-content\/uploads\/2026\/04\/image-10-150x150.png\" class=\"attachment-thumbnail size-thumbnail wp-post-image\" alt=\"\" style=\"\" srcset=\"https:\/\/akubaa.com\/wp-content\/uploads\/2026\/04\/image-10-150x150.png 150w, https:\/\/akubaa.com\/wp-content\/uploads\/2026\/04\/image-10-300x300.png 300w, https:\/\/akubaa.com\/wp-content\/uploads\/2026\/04\/image-10-100x100.png 100w\" sizes=\"auto, (max-width: 150px) 100vw, 150px\" \/><\/a><\/div><a class=\"wp-block-latest-posts__post-title\" href=\"https:\/\/akubaa.com\/index.php\/2026\/04\/07\/leoni-torres-y-el-b-convierten-cubano-en-un-grito-de-identidad-y-libertad\/\">\u201cViva Cuba Libre\u201d: la canci\u00f3n que no es solo m\u00fasica\u2026 es un mensaje que ya no se puede callar.<\/a><\/li>\n<li><div class=\"wp-block-latest-posts__featured-image aligncenter\"><a href=\"https:\/\/akubaa.com\/index.php\/2026\/04\/07\/horoscopo-del-7-de-abril-de-2026\/\" aria-label=\"\ud83d\udd2e\u00a0Hor\u00f3scopo del 7 de abril de 2026: lo que viene no avisa\u2026 pero s\u00ed se siente.\"><img loading=\"lazy\" decoding=\"async\" width=\"150\" height=\"150\" src=\"https:\/\/akubaa.com\/wp-content\/uploads\/2026\/04\/image-9-150x150.png\" class=\"attachment-thumbnail size-thumbnail wp-post-image\" alt=\"\" style=\"\" srcset=\"https:\/\/akubaa.com\/wp-content\/uploads\/2026\/04\/image-9-150x150.png 150w, https:\/\/akubaa.com\/wp-content\/uploads\/2026\/04\/image-9-300x300.png 300w, https:\/\/akubaa.com\/wp-content\/uploads\/2026\/04\/image-9-100x100.png 100w\" sizes=\"auto, (max-width: 150px) 100vw, 150px\" \/><\/a><\/div><a class=\"wp-block-latest-posts__post-title\" href=\"https:\/\/akubaa.com\/index.php\/2026\/04\/07\/horoscopo-del-7-de-abril-de-2026\/\">\ud83d\udd2e\u00a0Hor\u00f3scopo del 7 de abril de 2026: lo que viene no avisa\u2026 pero s\u00ed se siente.<\/a><\/li>\n<\/ul>","protected":false},"excerpt":{"rendered":"<p>Hay noticias que caen como un jarro de agua fr\u00eda. Y otras que llegan como una chispa de esperanza\u2026 pero con m\u00e1s preguntas que respuestas. Eso es exactamente lo que ha pasado con el reciente fallo judicial en Estados Unidos sobre los\u00a0cubanos con formulario I-220A. Desde Miami hasta Hialeah, pasando por Tampa, Madrid o Ciudad [&hellip;]<\/p>\n","protected":false},"author":1,"featured_media":2723,"comment_status":"open","ping_status":"open","sticky":false,"template":"","format":"standard","meta":{"jetpack_post_was_ever_published":false,"_jetpack_newsletter_access":"","_jetpack_dont_email_post_to_subs":false,"_jetpack_newsletter_tier_id":0,"_jetpack_memberships_contains_paywalled_content":false,"_jetpack_memberships_contains_paid_content":false,"footnotes":"","jetpack_publicize_message":"","jetpack_publicize_feature_enabled":true,"jetpack_social_post_already_shared":true,"jetpack_social_options":{"image_generator_settings":{"template":"highway","default_image_id":0,"font":"","enabled":false},"version":2}},"categories":[1],"tags":[],"class_list":["post-2722","post","type-post","status-publish","format-standard","has-post-thumbnail","hentry","category-uncategorized"],"yoast_head":"<!-- This site is optimized with the Yoast SEO plugin v27.5 - https:\/\/yoast.com\/product\/yoast-seo-wordpress\/ -->\n<title>I-220A en la cuerda floja. - AKubaa<\/title>\n<meta name=\"description\" content=\"I-220A en la cuerda floja: el fallo judicial que volvi\u00f3 a encender la esperanza \u2014 y la incertidumbre \u2014 entre los cubanos en EE.UU.\" \/>\n<meta name=\"robots\" content=\"index, follow, max-snippet:-1, max-image-preview:large, max-video-preview:-1\" \/>\n<link rel=\"canonical\" href=\"https:\/\/akubaa.com\/index.php\/2026\/03\/10\/i-220a-en-la-cuerda-floja\/\" \/>\n<meta property=\"og:locale\" content=\"es_ES\" \/>\n<meta property=\"og:type\" content=\"article\" \/>\n<meta property=\"og:title\" content=\"I-220A en la cuerda floja. - AKubaa\" \/>\n<meta property=\"og:description\" content=\"I-220A en la cuerda floja: el fallo judicial que volvi\u00f3 a encender la esperanza \u2014 y la incertidumbre \u2014 entre los cubanos en EE.UU.\" \/>\n<meta property=\"og:url\" content=\"https:\/\/akubaa.com\/index.php\/2026\/03\/10\/i-220a-en-la-cuerda-floja\/\" \/>\n<meta property=\"og:site_name\" content=\"AKubaa\" \/>\n<meta property=\"article:publisher\" content=\"https:\/\/www.facebook.com\/akubaa\" \/>\n<meta property=\"article:author\" content=\"https:\/\/www.facebook.com\/akubaa\" \/>\n<meta property=\"article:published_time\" content=\"2026-03-11T02:04:02+00:00\" \/>\n<meta property=\"article:modified_time\" content=\"2026-03-11T02:04:08+00:00\" \/>\n<meta property=\"og:image\" content=\"https:\/\/akubaa.com\/wp-content\/uploads\/2026\/03\/Imagen-15.jpeg\" \/>\n\t<meta property=\"og:image:width\" content=\"1536\" \/>\n\t<meta property=\"og:image:height\" content=\"1024\" \/>\n\t<meta property=\"og:image:type\" content=\"image\/jpeg\" \/>\n<meta name=\"author\" content=\"AKubaa\" \/>\n<meta name=\"twitter:card\" content=\"summary_large_image\" \/>\n<meta name=\"twitter:label1\" content=\"Escrito por\" \/>\n\t<meta name=\"twitter:data1\" content=\"AKubaa\" \/>\n\t<meta name=\"twitter:label2\" content=\"Tiempo de lectura\" \/>\n\t<meta name=\"twitter:data2\" content=\"4 minutos\" \/>\n<script type=\"application\/ld+json\" class=\"yoast-schema-graph\">{\"@context\":\"https:\\\/\\\/schema.org\",\"@graph\":[{\"@type\":\"Article\",\"@id\":\"https:\\\/\\\/akubaa.com\\\/index.php\\\/2026\\\/03\\\/10\\\/i-220a-en-la-cuerda-floja\\\/#article\",\"isPartOf\":{\"@id\":\"https:\\\/\\\/akubaa.com\\\/index.php\\\/2026\\\/03\\\/10\\\/i-220a-en-la-cuerda-floja\\\/\"},\"author\":{\"name\":\"AKubaa\",\"@id\":\"https:\\\/\\\/akubaa.com\\\/#\\\/schema\\\/person\\\/b096b63c1ad27204e55fabb2cf2153a5\"},\"headline\":\"I-220A en la cuerda floja: el fallo judicial que volvi\u00f3 a encender la esperanza \u2014 y la incertidumbre \u2014 entre los cubanos en EE.UU.\",\"datePublished\":\"2026-03-11T02:04:02+00:00\",\"dateModified\":\"2026-03-11T02:04:08+00:00\",\"mainEntityOfPage\":{\"@id\":\"https:\\\/\\\/akubaa.com\\\/index.php\\\/2026\\\/03\\\/10\\\/i-220a-en-la-cuerda-floja\\\/\"},\"wordCount\":722,\"commentCount\":0,\"publisher\":{\"@id\":\"https:\\\/\\\/akubaa.com\\\/#\\\/schema\\\/person\\\/b096b63c1ad27204e55fabb2cf2153a5\"},\"image\":{\"@id\":\"https:\\\/\\\/akubaa.com\\\/index.php\\\/2026\\\/03\\\/10\\\/i-220a-en-la-cuerda-floja\\\/#primaryimage\"},\"thumbnailUrl\":\"https:\\\/\\\/akubaa.com\\\/wp-content\\\/uploads\\\/2026\\\/03\\\/Imagen-15.jpeg\",\"articleSection\":[\"Uncategorized\"],\"inLanguage\":\"es\",\"potentialAction\":[{\"@type\":\"CommentAction\",\"name\":\"Comment\",\"target\":[\"https:\\\/\\\/akubaa.com\\\/index.php\\\/2026\\\/03\\\/10\\\/i-220a-en-la-cuerda-floja\\\/#respond\"]}]},{\"@type\":\"WebPage\",\"@id\":\"https:\\\/\\\/akubaa.com\\\/index.php\\\/2026\\\/03\\\/10\\\/i-220a-en-la-cuerda-floja\\\/\",\"url\":\"https:\\\/\\\/akubaa.com\\\/index.php\\\/2026\\\/03\\\/10\\\/i-220a-en-la-cuerda-floja\\\/\",\"name\":\"I-220A en la cuerda floja. - AKubaa\",\"isPartOf\":{\"@id\":\"https:\\\/\\\/akubaa.com\\\/#website\"},\"primaryImageOfPage\":{\"@id\":\"https:\\\/\\\/akubaa.com\\\/index.php\\\/2026\\\/03\\\/10\\\/i-220a-en-la-cuerda-floja\\\/#primaryimage\"},\"image\":{\"@id\":\"https:\\\/\\\/akubaa.com\\\/index.php\\\/2026\\\/03\\\/10\\\/i-220a-en-la-cuerda-floja\\\/#primaryimage\"},\"thumbnailUrl\":\"https:\\\/\\\/akubaa.com\\\/wp-content\\\/uploads\\\/2026\\\/03\\\/Imagen-15.jpeg\",\"datePublished\":\"2026-03-11T02:04:02+00:00\",\"dateModified\":\"2026-03-11T02:04:08+00:00\",\"description\":\"I-220A en la cuerda floja: el fallo judicial que volvi\u00f3 a encender la esperanza \u2014 y la incertidumbre \u2014 entre los cubanos en EE.UU.\",\"breadcrumb\":{\"@id\":\"https:\\\/\\\/akubaa.com\\\/index.php\\\/2026\\\/03\\\/10\\\/i-220a-en-la-cuerda-floja\\\/#breadcrumb\"},\"inLanguage\":\"es\",\"potentialAction\":[{\"@type\":\"ReadAction\",\"target\":[\"https:\\\/\\\/akubaa.com\\\/index.php\\\/2026\\\/03\\\/10\\\/i-220a-en-la-cuerda-floja\\\/\"]}]},{\"@type\":\"ImageObject\",\"inLanguage\":\"es\",\"@id\":\"https:\\\/\\\/akubaa.com\\\/index.php\\\/2026\\\/03\\\/10\\\/i-220a-en-la-cuerda-floja\\\/#primaryimage\",\"url\":\"https:\\\/\\\/akubaa.com\\\/wp-content\\\/uploads\\\/2026\\\/03\\\/Imagen-15.jpeg\",\"contentUrl\":\"https:\\\/\\\/akubaa.com\\\/wp-content\\\/uploads\\\/2026\\\/03\\\/Imagen-15.jpeg\",\"width\":1536,\"height\":1024},{\"@type\":\"BreadcrumbList\",\"@id\":\"https:\\\/\\\/akubaa.com\\\/index.php\\\/2026\\\/03\\\/10\\\/i-220a-en-la-cuerda-floja\\\/#breadcrumb\",\"itemListElement\":[{\"@type\":\"ListItem\",\"position\":1,\"name\":\"Portada\",\"item\":\"https:\\\/\\\/akubaa.com\\\/\"},{\"@type\":\"ListItem\",\"position\":2,\"name\":\"I-220A en la cuerda floja: el fallo judicial que volvi\u00f3 a encender la esperanza \u2014 y la incertidumbre \u2014 entre los cubanos en EE.UU.\"}]},{\"@type\":\"WebSite\",\"@id\":\"https:\\\/\\\/akubaa.com\\\/#website\",\"url\":\"https:\\\/\\\/akubaa.com\\\/\",\"name\":\"AKubaa\",\"description\":\"Vive ,conoce y disfruta Cuba al estilo de A&amp;K.\",\"publisher\":{\"@id\":\"https:\\\/\\\/akubaa.com\\\/#\\\/schema\\\/person\\\/b096b63c1ad27204e55fabb2cf2153a5\"},\"potentialAction\":[{\"@type\":\"SearchAction\",\"target\":{\"@type\":\"EntryPoint\",\"urlTemplate\":\"https:\\\/\\\/akubaa.com\\\/?s={search_term_string}\"},\"query-input\":{\"@type\":\"PropertyValueSpecification\",\"valueRequired\":true,\"valueName\":\"search_term_string\"}}],\"inLanguage\":\"es\"},{\"@type\":[\"Person\",\"Organization\"],\"@id\":\"https:\\\/\\\/akubaa.com\\\/#\\\/schema\\\/person\\\/b096b63c1ad27204e55fabb2cf2153a5\",\"name\":\"AKubaa\",\"image\":{\"@type\":\"ImageObject\",\"inLanguage\":\"es\",\"@id\":\"https:\\\/\\\/akubaa.com\\\/wp-content\\\/uploads\\\/2025\\\/08\\\/Imagen-17.jpeg\",\"url\":\"https:\\\/\\\/akubaa.com\\\/wp-content\\\/uploads\\\/2025\\\/08\\\/Imagen-17.jpeg\",\"contentUrl\":\"https:\\\/\\\/akubaa.com\\\/wp-content\\\/uploads\\\/2025\\\/08\\\/Imagen-17.jpeg\",\"width\":1024,\"height\":1024,\"caption\":\"AKubaa\"},\"logo\":{\"@id\":\"https:\\\/\\\/akubaa.com\\\/wp-content\\\/uploads\\\/2025\\\/08\\\/Imagen-17.jpeg\"},\"sameAs\":[\"https:\\\/\\\/akubaa.com\",\"https:\\\/\\\/www.facebook.com\\\/akubaa\",\"https:\\\/\\\/www.instagram.com\\\/akubaa?\"],\"url\":\"https:\\\/\\\/akubaa.com\\\/index.php\\\/profile\\\/admin\\\/\"}]}<\/script>\n<!-- \/ Yoast SEO plugin. -->","yoast_head_json":{"title":"I-220A en la cuerda floja. - AKubaa","description":"I-220A en la cuerda floja: el fallo judicial que volvi\u00f3 a encender la esperanza \u2014 y la incertidumbre \u2014 entre los cubanos en EE.UU.","robots":{"index":"index","follow":"follow","max-snippet":"max-snippet:-1","max-image-preview":"max-image-preview:large","max-video-preview":"max-video-preview:-1"},"canonical":"https:\/\/akubaa.com\/index.php\/2026\/03\/10\/i-220a-en-la-cuerda-floja\/","og_locale":"es_ES","og_type":"article","og_title":"I-220A en la cuerda floja. - AKubaa","og_description":"I-220A en la cuerda floja: el fallo judicial que volvi\u00f3 a encender la esperanza \u2014 y la incertidumbre \u2014 entre los cubanos en EE.UU.","og_url":"https:\/\/akubaa.com\/index.php\/2026\/03\/10\/i-220a-en-la-cuerda-floja\/","og_site_name":"AKubaa","article_publisher":"https:\/\/www.facebook.com\/akubaa","article_author":"https:\/\/www.facebook.com\/akubaa","article_published_time":"2026-03-11T02:04:02+00:00","article_modified_time":"2026-03-11T02:04:08+00:00","og_image":[{"width":1536,"height":1024,"url":"https:\/\/akubaa.com\/wp-content\/uploads\/2026\/03\/Imagen-15.jpeg","type":"image\/jpeg"}],"author":"AKubaa","twitter_card":"summary_large_image","twitter_misc":{"Escrito por":"AKubaa","Tiempo de lectura":"4 minutos"},"schema":{"@context":"https:\/\/schema.org","@graph":[{"@type":"Article","@id":"https:\/\/akubaa.com\/index.php\/2026\/03\/10\/i-220a-en-la-cuerda-floja\/#article","isPartOf":{"@id":"https:\/\/akubaa.com\/index.php\/2026\/03\/10\/i-220a-en-la-cuerda-floja\/"},"author":{"name":"AKubaa","@id":"https:\/\/akubaa.com\/#\/schema\/person\/b096b63c1ad27204e55fabb2cf2153a5"},"headline":"I-220A en la cuerda floja: el fallo judicial que volvi\u00f3 a encender la esperanza \u2014 y la incertidumbre \u2014 entre los cubanos en EE.UU.","datePublished":"2026-03-11T02:04:02+00:00","dateModified":"2026-03-11T02:04:08+00:00","mainEntityOfPage":{"@id":"https:\/\/akubaa.com\/index.php\/2026\/03\/10\/i-220a-en-la-cuerda-floja\/"},"wordCount":722,"commentCount":0,"publisher":{"@id":"https:\/\/akubaa.com\/#\/schema\/person\/b096b63c1ad27204e55fabb2cf2153a5"},"image":{"@id":"https:\/\/akubaa.com\/index.php\/2026\/03\/10\/i-220a-en-la-cuerda-floja\/#primaryimage"},"thumbnailUrl":"https:\/\/akubaa.com\/wp-content\/uploads\/2026\/03\/Imagen-15.jpeg","articleSection":["Uncategorized"],"inLanguage":"es","potentialAction":[{"@type":"CommentAction","name":"Comment","target":["https:\/\/akubaa.com\/index.php\/2026\/03\/10\/i-220a-en-la-cuerda-floja\/#respond"]}]},{"@type":"WebPage","@id":"https:\/\/akubaa.com\/index.php\/2026\/03\/10\/i-220a-en-la-cuerda-floja\/","url":"https:\/\/akubaa.com\/index.php\/2026\/03\/10\/i-220a-en-la-cuerda-floja\/","name":"I-220A en la cuerda floja. - AKubaa","isPartOf":{"@id":"https:\/\/akubaa.com\/#website"},"primaryImageOfPage":{"@id":"https:\/\/akubaa.com\/index.php\/2026\/03\/10\/i-220a-en-la-cuerda-floja\/#primaryimage"},"image":{"@id":"https:\/\/akubaa.com\/index.php\/2026\/03\/10\/i-220a-en-la-cuerda-floja\/#primaryimage"},"thumbnailUrl":"https:\/\/akubaa.com\/wp-content\/uploads\/2026\/03\/Imagen-15.jpeg","datePublished":"2026-03-11T02:04:02+00:00","dateModified":"2026-03-11T02:04:08+00:00","description":"I-220A en la cuerda floja: el fallo judicial que volvi\u00f3 a encender la esperanza \u2014 y la incertidumbre \u2014 entre los cubanos en EE.UU.","breadcrumb":{"@id":"https:\/\/akubaa.com\/index.php\/2026\/03\/10\/i-220a-en-la-cuerda-floja\/#breadcrumb"},"inLanguage":"es","potentialAction":[{"@type":"ReadAction","target":["https:\/\/akubaa.com\/index.php\/2026\/03\/10\/i-220a-en-la-cuerda-floja\/"]}]},{"@type":"ImageObject","inLanguage":"es","@id":"https:\/\/akubaa.com\/index.php\/2026\/03\/10\/i-220a-en-la-cuerda-floja\/#primaryimage","url":"https:\/\/akubaa.com\/wp-content\/uploads\/2026\/03\/Imagen-15.jpeg","contentUrl":"https:\/\/akubaa.com\/wp-content\/uploads\/2026\/03\/Imagen-15.jpeg","width":1536,"height":1024},{"@type":"BreadcrumbList","@id":"https:\/\/akubaa.com\/index.php\/2026\/03\/10\/i-220a-en-la-cuerda-floja\/#breadcrumb","itemListElement":[{"@type":"ListItem","position":1,"name":"Portada","item":"https:\/\/akubaa.com\/"},{"@type":"ListItem","position":2,"name":"I-220A en la cuerda floja: el fallo judicial que volvi\u00f3 a encender la esperanza \u2014 y la incertidumbre \u2014 entre los cubanos en EE.UU."}]},{"@type":"WebSite","@id":"https:\/\/akubaa.com\/#website","url":"https:\/\/akubaa.com\/","name":"AKubaa","description":"Vive ,conoce y disfruta Cuba al estilo de A&amp;K.","publisher":{"@id":"https:\/\/akubaa.com\/#\/schema\/person\/b096b63c1ad27204e55fabb2cf2153a5"},"potentialAction":[{"@type":"SearchAction","target":{"@type":"EntryPoint","urlTemplate":"https:\/\/akubaa.com\/?s={search_term_string}"},"query-input":{"@type":"PropertyValueSpecification","valueRequired":true,"valueName":"search_term_string"}}],"inLanguage":"es"},{"@type":["Person","Organization"],"@id":"https:\/\/akubaa.com\/#\/schema\/person\/b096b63c1ad27204e55fabb2cf2153a5","name":"AKubaa","image":{"@type":"ImageObject","inLanguage":"es","@id":"https:\/\/akubaa.com\/wp-content\/uploads\/2025\/08\/Imagen-17.jpeg","url":"https:\/\/akubaa.com\/wp-content\/uploads\/2025\/08\/Imagen-17.jpeg","contentUrl":"https:\/\/akubaa.com\/wp-content\/uploads\/2025\/08\/Imagen-17.jpeg","width":1024,"height":1024,"caption":"AKubaa"},"logo":{"@id":"https:\/\/akubaa.com\/wp-content\/uploads\/2025\/08\/Imagen-17.jpeg"},"sameAs":["https:\/\/akubaa.com","https:\/\/www.facebook.com\/akubaa","https:\/\/www.instagram.com\/akubaa?"],"url":"https:\/\/akubaa.com\/index.php\/profile\/admin\/"}]}},"jetpack_publicize_connections":[],"jetpack_featured_media_url":"https:\/\/akubaa.com\/wp-content\/uploads\/2026\/03\/Imagen-15.jpeg","jetpack_sharing_enabled":true,"jetpack_likes_enabled":true,"jetpack-related-posts":[{"id":2148,"url":"https:\/\/akubaa.com\/index.php\/2025\/12\/05\/la-detencion-que-estremecio-a-houston\/","url_meta":{"origin":2722,"position":0},"title":"La detenci\u00f3n que estremeci\u00f3 a Houston: una doctora cubana en manos de ICE y una beb\u00e9 gravemente enferma sin su mam\u00e1.","author":"AKubaa","date":"12\/05\/2025","format":false,"excerpt":"Hay noticias que se sienten como un golpe seco en el pecho, y esta, en particular, me dej\u00f3 con ese sabor amargo que todo cubano reconoce cuando algo es tan injusto que ni las palabras alcanzan. Hoy te cuento una historia que est\u00e1 estremeciendo no solo a Houston, sino a\u2026","rel":"","context":"Entrada similar","block_context":{"text":"Entrada similar","link":""},"img":{"alt_text":"","src":"https:\/\/i0.wp.com\/akubaa.com\/wp-content\/uploads\/2025\/12\/image-12.png?resize=350%2C200&ssl=1","width":350,"height":200,"srcset":"https:\/\/i0.wp.com\/akubaa.com\/wp-content\/uploads\/2025\/12\/image-12.png?resize=350%2C200&ssl=1 1x, https:\/\/i0.wp.com\/akubaa.com\/wp-content\/uploads\/2025\/12\/image-12.png?resize=525%2C300&ssl=1 1.5x, https:\/\/i0.wp.com\/akubaa.com\/wp-content\/uploads\/2025\/12\/image-12.png?resize=700%2C400&ssl=1 2x, https:\/\/i0.wp.com\/akubaa.com\/wp-content\/uploads\/2025\/12\/image-12.png?resize=1050%2C600&ssl=1 3x, https:\/\/i0.wp.com\/akubaa.com\/wp-content\/uploads\/2025\/12\/image-12.png?resize=1400%2C800&ssl=1 4x"},"classes":[]},{"id":408,"url":"https:\/\/akubaa.com\/index.php\/2025\/06\/11\/sabias-que-la-mitad-de-pinar-del-rio-quedo-en-silencio-por-un-fallo-millonario-descubre-como-las-voces-cubanas-levantan-la-protesta\/","url_meta":{"origin":2722,"position":1},"title":"\u00bfSab\u00edas que la mitad de Pinar del R\u00edo qued\u00f3 en silencio por un fallo millonario? Descubre c\u00f3mo las voces cubanas levantan la protesta\u00bb","author":"Aliana Rodriguez","date":"06\/11\/2025","format":false,"excerpt":"Clic en la imagen y ent\u00e9rate de todo. Convi\u00e9rtete en patrocinador de A&K lleva tu negocio al siguiente nivel.\u00a0 Cuando descubriste que\u00a0m\u00e1s de\u00a060\u202f000 hogares en Pinar del R\u00edo\u00a0se quedaron sin\u00a0telefon\u00eda fija, sent\u00ed ese tropiezo tecnol\u00f3gico como un llamado urgente. En un pa\u00eds donde la conexi\u00f3n es m\u00e1s que comunicaci\u00f3n: es\u2026","rel":"","context":"En \u00abNoticias y Actualidad\u00bb","block_context":{"text":"Noticias y Actualidad","link":"https:\/\/akubaa.com\/index.php\/category\/noticias-y-actualidad\/"},"img":{"alt_text":"","src":"https:\/\/i0.wp.com\/akubaa.com\/wp-content\/uploads\/2025\/06\/image-15.png?resize=350%2C200&ssl=1","width":350,"height":200,"srcset":"https:\/\/i0.wp.com\/akubaa.com\/wp-content\/uploads\/2025\/06\/image-15.png?resize=350%2C200&ssl=1 1x, https:\/\/i0.wp.com\/akubaa.com\/wp-content\/uploads\/2025\/06\/image-15.png?resize=525%2C300&ssl=1 1.5x, https:\/\/i0.wp.com\/akubaa.com\/wp-content\/uploads\/2025\/06\/image-15.png?resize=700%2C400&ssl=1 2x, https:\/\/i0.wp.com\/akubaa.com\/wp-content\/uploads\/2025\/06\/image-15.png?resize=1050%2C600&ssl=1 3x, https:\/\/i0.wp.com\/akubaa.com\/wp-content\/uploads\/2025\/06\/image-15.png?resize=1400%2C800&ssl=1 4x"},"classes":[]},{"id":2795,"url":"https:\/\/akubaa.com\/index.php\/2026\/03\/20\/i-130-y-i-129\/","url_meta":{"origin":2722,"position":2},"title":"\u201cSe empieza a mover la aguja\u201d: EEUU afloja la pausa migratoria y miles de cubanos vuelven a respirar.","author":"AKubaa","date":"03\/20\/2026","format":false,"excerpt":"Hay noticias que no salen en cadena nacional, pero corren m\u00e1s r\u00e1pido que cualquier titular. Esta es una de ellas. En silencio, casi como quien no quiere hacer ruido,\u00a0Estados Unidos ha comenzado a levantar parcialmente la pausa migratoria\u00a0para ciertas solicitudes clave\u2026 y en la calle ya se siente. Lo primero\u2026","rel":"","context":"En \u00abNoticias y Actualidad\u00bb","block_context":{"text":"Noticias y Actualidad","link":"https:\/\/akubaa.com\/index.php\/category\/noticias-y-actualidad\/"},"img":{"alt_text":"","src":"https:\/\/i0.wp.com\/akubaa.com\/wp-content\/uploads\/2026\/03\/image-21.png?resize=350%2C200&ssl=1","width":350,"height":200,"srcset":"https:\/\/i0.wp.com\/akubaa.com\/wp-content\/uploads\/2026\/03\/image-21.png?resize=350%2C200&ssl=1 1x, https:\/\/i0.wp.com\/akubaa.com\/wp-content\/uploads\/2026\/03\/image-21.png?resize=525%2C300&ssl=1 1.5x, https:\/\/i0.wp.com\/akubaa.com\/wp-content\/uploads\/2026\/03\/image-21.png?resize=700%2C400&ssl=1 2x, https:\/\/i0.wp.com\/akubaa.com\/wp-content\/uploads\/2026\/03\/image-21.png?resize=1050%2C600&ssl=1 3x, https:\/\/i0.wp.com\/akubaa.com\/wp-content\/uploads\/2026\/03\/image-21.png?resize=1400%2C800&ssl=1 4x"},"classes":[]},{"id":861,"url":"https:\/\/akubaa.com\/index.php\/2025\/07\/26\/se-te-puede-ir-la-vida-por-no-saber-esto-uscis-y-cbp-lanzan-nuevas-advertencias-que-todo-emigrante-en-ee-uu-debe-conocer\/","url_meta":{"origin":2722,"position":3},"title":"Se te puede ir la vida por no saber esto: USCIS y CBP lanzan nuevas advertencias que todo emigrante en EE.UU. debe conocer","author":"Aliana Rodriguez","date":"07\/26\/2025","format":false,"excerpt":"\u00bfCu\u00e1ndo aprendiste que un error m\u00ednimo pod\u00eda arruinar todo tu futuro? .Yo lo entend\u00ed el d\u00eda que una madre cubana en Miami me dijo entre l\u00e1grimas:\u00a0\u201cPerd\u00ed mi cita en USCIS porque no sab\u00eda que ya no daban int\u00e9rprete\u2026 ahora tengo miedo de que me deporten.\u201d No lo supe por un\u2026","rel":"","context":"En \u00abNoticias y Actualidad\u00bb","block_context":{"text":"Noticias y Actualidad","link":"https:\/\/akubaa.com\/index.php\/category\/noticias-y-actualidad\/"},"img":{"alt_text":"","src":"https:\/\/i0.wp.com\/akubaa.com\/wp-content\/uploads\/2025\/07\/image-36.png?resize=350%2C200&ssl=1","width":350,"height":200,"srcset":"https:\/\/i0.wp.com\/akubaa.com\/wp-content\/uploads\/2025\/07\/image-36.png?resize=350%2C200&ssl=1 1x, https:\/\/i0.wp.com\/akubaa.com\/wp-content\/uploads\/2025\/07\/image-36.png?resize=525%2C300&ssl=1 1.5x, https:\/\/i0.wp.com\/akubaa.com\/wp-content\/uploads\/2025\/07\/image-36.png?resize=700%2C400&ssl=1 2x, https:\/\/i0.wp.com\/akubaa.com\/wp-content\/uploads\/2025\/07\/image-36.png?resize=1050%2C600&ssl=1 3x, https:\/\/i0.wp.com\/akubaa.com\/wp-content\/uploads\/2025\/07\/image-36.png?resize=1400%2C800&ssl=1 4x"},"classes":[]},{"id":1594,"url":"https:\/\/akubaa.com\/index.php\/2025\/10\/18\/ee-uu-empieza-a-cancelar-visas-ya-aprobadas-a-cubanos\/","url_meta":{"origin":2722,"position":4},"title":"EE. UU. empieza a cancelar visas ya aprobadas a cubanos: lo que nadie te est\u00e1 diciendo.","author":"AKubaa","date":"10\/18\/2025","format":false,"excerpt":"Te lo digo claro: algo est\u00e1 cambiando, y no para bien. En las \u00faltimas semanas,\u00a0Estados Unidos ha comenzado a revocar visas ya aprobadas a ciudadanos cubanos, incluso a quienes las ten\u00edan vigentes y listas para usar. Y lo m\u00e1s inquietante no es el hecho en s\u00ed, sino\u00a0la manera silenciosa en\u2026","rel":"","context":"En \u00abNoticias y Actualidad\u00bb","block_context":{"text":"Noticias y Actualidad","link":"https:\/\/akubaa.com\/index.php\/category\/noticias-y-actualidad\/"},"img":{"alt_text":"","src":"https:\/\/i0.wp.com\/akubaa.com\/wp-content\/uploads\/2025\/10\/image-40.png?resize=350%2C200&ssl=1","width":350,"height":200,"srcset":"https:\/\/i0.wp.com\/akubaa.com\/wp-content\/uploads\/2025\/10\/image-40.png?resize=350%2C200&ssl=1 1x, https:\/\/i0.wp.com\/akubaa.com\/wp-content\/uploads\/2025\/10\/image-40.png?resize=525%2C300&ssl=1 1.5x, https:\/\/i0.wp.com\/akubaa.com\/wp-content\/uploads\/2025\/10\/image-40.png?resize=700%2C400&ssl=1 2x, https:\/\/i0.wp.com\/akubaa.com\/wp-content\/uploads\/2025\/10\/image-40.png?resize=1050%2C600&ssl=1 3x, https:\/\/i0.wp.com\/akubaa.com\/wp-content\/uploads\/2025\/10\/image-40.png?resize=1400%2C800&ssl=1 4x"},"classes":[]},{"id":2750,"url":"https:\/\/akubaa.com\/index.php\/2026\/03\/14\/que-espera-ganar-el-regimen-cubano\/","url_meta":{"origin":2722,"position":5},"title":"\u00bfQu\u00e9 quiere realmente La Habana?. Las concesiones que el r\u00e9gimen cubano espera de Estados Unidos.","author":"AKubaa","date":"03\/14\/2026","format":false,"excerpt":"Hay momentos en la historia en que una noticia suena como un susurro primero\u2026 y luego se convierte en un grito imposible de ignorar. Eso es exactamente lo que ocurri\u00f3 este\u00a013 de marzo de 2026, cuando el gobierno de\u00a0Miguel D\u00edaz-Canel\u00a0confirm\u00f3 algo que durante semanas circulaba como rumor en los pasillos\u2026","rel":"","context":"En \u00abNoticias y Actualidad\u00bb","block_context":{"text":"Noticias y Actualidad","link":"https:\/\/akubaa.com\/index.php\/category\/noticias-y-actualidad\/"},"img":{"alt_text":"","src":"https:\/\/i0.wp.com\/akubaa.com\/wp-content\/uploads\/2026\/03\/image-4.png?resize=350%2C200&ssl=1","width":350,"height":200,"srcset":"https:\/\/i0.wp.com\/akubaa.com\/wp-content\/uploads\/2026\/03\/image-4.png?resize=350%2C200&ssl=1 1x, https:\/\/i0.wp.com\/akubaa.com\/wp-content\/uploads\/2026\/03\/image-4.png?resize=525%2C300&ssl=1 1.5x, https:\/\/i0.wp.com\/akubaa.com\/wp-content\/uploads\/2026\/03\/image-4.png?resize=700%2C400&ssl=1 2x, https:\/\/i0.wp.com\/akubaa.com\/wp-content\/uploads\/2026\/03\/image-4.png?resize=1050%2C600&ssl=1 3x, https:\/\/i0.wp.com\/akubaa.com\/wp-content\/uploads\/2026\/03\/image-4.png?resize=1400%2C800&ssl=1 4x"},"classes":[]}],"jetpack_shortlink":"https:\/\/wp.me\/pgrKo3-HU","_links":{"self":[{"href":"https:\/\/akubaa.com\/index.php\/wp-json\/wp\/v2\/posts\/2722","targetHints":{"allow":["GET"]}}],"collection":[{"href":"https:\/\/akubaa.com\/index.php\/wp-json\/wp\/v2\/posts"}],"about":[{"href":"https:\/\/akubaa.com\/index.php\/wp-json\/wp\/v2\/types\/post"}],"author":[{"embeddable":true,"href":"https:\/\/akubaa.com\/index.php\/wp-json\/wp\/v2\/users\/1"}],"replies":[{"embeddable":true,"href":"https:\/\/akubaa.com\/index.php\/wp-json\/wp\/v2\/comments?post=2722"}],"version-history":[{"count":0,"href":"https:\/\/akubaa.com\/index.php\/wp-json\/wp\/v2\/posts\/2722\/revisions"}],"wp:featuredmedia":[{"embeddable":true,"href":"https:\/\/akubaa.com\/index.php\/wp-json\/wp\/v2\/media\/2723"}],"wp:attachment":[{"href":"https:\/\/akubaa.com\/index.php\/wp-json\/wp\/v2\/media?parent=2722"}],"wp:term":[{"taxonomy":"category","embeddable":true,"href":"https:\/\/akubaa.com\/index.php\/wp-json\/wp\/v2\/categories?post=2722"},{"taxonomy":"post_tag","embeddable":true,"href":"https:\/\/akubaa.com\/index.php\/wp-json\/wp\/v2\/tags?post=2722"}],"curies":[{"name":"wp","href":"https:\/\/api.w.org\/{rel}","templated":true}]}}