{"id":2718,"date":"2026-03-09T20:37:14","date_gmt":"2026-03-10T00:37:14","guid":{"rendered":"https:\/\/akubaa.com\/?p=2718"},"modified":"2026-03-09T21:22:17","modified_gmt":"2026-03-10T01:22:17","slug":"el-rapto-de-un-pais-el-poema-con-el-que-la-artista-cubana-selene-perdomo-denuncia-casi-siete-decadas-de-silencio","status":"publish","type":"post","link":"https:\/\/akubaa.com\/index.php\/2026\/03\/09\/el-rapto-de-un-pais-el-poema-con-el-que-la-artista-cubana-selene-perdomo-denuncia-casi-siete-decadas-de-silencio\/","title":{"rendered":"\u201cEl rapto de un pa\u00eds\u201d: el poema con el que la artista cubana Selene Perdomo denuncia casi siete d\u00e9cadas de silencio."},"content":{"rendered":"\n<p>Hay momentos en los que el arte deja de ser solo belleza para convertirse en\u00a0<strong>grito<\/strong>. No un grito hist\u00e9rico, sino uno profundo, cargado de memoria, historia y dolor colectivo. Eso es exactamente lo que sent\u00ed al escuchar el nuevo poema de la artista cubana\u00a0<strong>Selene Perdomo Chac\u00f3n<\/strong>, una creadora nacida en La Habana que desde Barcelona acaba de lanzar una pieza que est\u00e1 sacudiendo las redes de la di\u00e1spora:\u00a0<strong>\u201cEl Rapto de las Mulatas\u201d<\/strong>. Y no, no es un poema cualquiera. Es un espejo.<\/p>\n\n\n\n<hr class=\"wp-block-separator has-alpha-channel-opacity\"\/>\n\n\n\n<div class=\"wp-block-media-text is-stacked-on-mobile\"><figure class=\"wp-block-media-text__media\"><img loading=\"lazy\" decoding=\"async\" width=\"1024\" height=\"683\" src=\"https:\/\/akubaa.com\/wp-content\/uploads\/2026\/02\/Imagen-222-1024x683.jpeg\" alt=\"\" class=\"wp-image-2608 size-full\" srcset=\"https:\/\/akubaa.com\/wp-content\/uploads\/2026\/02\/Imagen-222-1024x683.jpeg 1024w, https:\/\/akubaa.com\/wp-content\/uploads\/2026\/02\/Imagen-222-300x200.jpeg 300w, https:\/\/akubaa.com\/wp-content\/uploads\/2026\/02\/Imagen-222-768x512.jpeg 768w, https:\/\/akubaa.com\/wp-content\/uploads\/2026\/02\/Imagen-222-1320x880.jpeg 1320w, https:\/\/akubaa.com\/wp-content\/uploads\/2026\/02\/Imagen-222-600x400.jpeg 600w, https:\/\/akubaa.com\/wp-content\/uploads\/2026\/02\/Imagen-222.jpeg 1536w\" sizes=\"auto, (max-width: 1024px) 100vw, 1024px\" \/><\/figure><div class=\"wp-block-media-text__content\">\n<p>Colorear no es un juego: es desarrollo f\u00edsico, social y emocional. Cuando un ni\u00f1o colorea, pasa algo que ninguna pantalla puede replicar:\u00a0<strong>Impacto social:<\/strong>\u00a0invita al di\u00e1logo, al compartir, al \u201cmira lo que hice\u201d, al momento en familia.\u00a0<strong>Desarrollo f\u00edsico:<\/strong>\u00a0mejora la motricidad fina, la coordinaci\u00f3n mano-ojo y fortalece los m\u00fasculos de los dedos.\u00a0<strong>Beneficio psicol\u00f3gico:<\/strong>\u00a0reduce ansiedad, mejora la concentraci\u00f3n y estimula la creatividad infantil<\/p>\n\n\n\n<div class=\"wp-block-buttons is-content-justification-center is-layout-flex wp-container-core-buttons-is-layout-a89b3969 wp-block-buttons-is-layout-flex\">\n<div class=\"wp-block-button\"><a class=\"wp-block-button__link wp-element-button\" href=\"https:\/\/www.amazon.com\/dp\/B0GMQM1LGJ?ref_=cm_sw_r_ffobk_cp_ud_dp_Q67EQN9G7TBTKQHX7WRQ_6&amp;bestFormat=true\">Compra los mejores libros para colorear tus ni\u00f1os aqu\u00ed &#8230;<\/a><\/div>\n<\/div>\n<\/div><\/div>\n\n\n\n<hr class=\"wp-block-separator has-alpha-channel-opacity\"\/>\n\n\n\n<h2 class=\"wp-block-heading\"><strong>Cuando el arte denuncia el \u201csecuestro de Cuba\u201d<\/strong><\/h2>\n\n\n\n<p>La obra parte de una referencia poderosa: la famosa pintura\u00a0<strong>\u201cEl Rapto de las Mulatas\u201d<\/strong>\u00a0del artista cubano\u00a0<strong>Carlos Enr\u00edquez<\/strong>, una de las piezas m\u00e1s emblem\u00e1ticas de la pl\u00e1stica nacional. Pero Selene Perdomo no se queda en la historia del arte. Ella la convierte en met\u00e1fora.<\/p>\n\n\n\n<p>En su interpretaci\u00f3n po\u00e9tica \u2014publicada en un video de cuatro minutos\u2014 la artista habla de lo que describe como&nbsp;<strong>\u201cel secuestro de Cuba durante casi siete d\u00e9cadas\u201d<\/strong>, una imagen que muchos cubanos dentro y fuera de la isla entienden sin necesidad de demasiadas explicaciones.<\/p>\n\n\n\n<p>Porque cuando se habla de\u00a0<strong>represi\u00f3n pol\u00edtica, censura, presos pol\u00edticos y falta de derechos humanos<\/strong>, no se trata de conceptos abstractos. Para millones de cubanos son historias familiares. Son vecinos. Son silencios. Y son despedidas en aeropuertos.<\/p>\n\n\n\n<hr class=\"wp-block-separator has-alpha-channel-opacity\"\/>\n\n\n\n\n\n<hr class=\"wp-block-separator has-alpha-channel-opacity\"\/>\n\n\n\n<h2 class=\"wp-block-heading\"><strong>Una voz desde el exilio que conecta con millones<\/strong><\/h2>\n\n\n\n<p>Selene Perdomo vive hoy en&nbsp;<strong>Barcelona<\/strong>, pero su obra respira Cuba en cada l\u00ednea. Como muchos artistas de la di\u00e1spora, su trabajo gira alrededor de tres palabras que definen a varias generaciones de cubanos:&nbsp;<strong>identidad, exilio y libertad<\/strong>.<\/p>\n\n\n\n<p>En Miami, en Hialeah, en Tampa, en Madrid o en Ciudad de M\u00e9xico, el eco de ese poema resuena de forma particular. Un cubano en redes comentaba algo que resume el sentimiento de muchos:<\/p>\n\n\n\n<blockquote class=\"wp-block-quote is-layout-flow wp-block-quote-is-layout-flow\">\n<p>\u201cA Cuba no la raptaron en un d\u00eda\u2026 la fueron secuestrando poco a poco.\u201d<\/p>\n<\/blockquote>\n\n\n\n<p>Ese tipo de frases se repiten cada vez m\u00e1s entre quienes crecieron escuchando historias de&nbsp;<strong>apagones interminables, censura cultural y artistas castigados por pensar diferente<\/strong>.<\/p>\n\n\n\n<hr class=\"wp-block-separator has-alpha-channel-opacity\"\/>\n\n\n\n<figure class=\"wp-block-embed is-type-video is-provider-youtube wp-block-embed-youtube wp-embed-aspect-16-9 wp-has-aspect-ratio\"><div class=\"wp-block-embed__wrapper\">\n<div class=\"geodir-embed-container\"><iframe loading=\"lazy\" title=\"El rapto de las mulatas. Cubana escribe y recita poema muy fuerte por la libertad de Cuba. \u203c\ufe0f \" width=\"640\" height=\"360\" src=\"https:\/\/www.youtube.com\/embed\/26ljJxzUujQ?feature=oembed\" frameborder=\"0\" allow=\"accelerometer; autoplay; clipboard-write; encrypted-media; gyroscope; picture-in-picture; web-share\" referrerpolicy=\"strict-origin-when-cross-origin\" allowfullscreen><\/iframe><\/div>\n<\/div><\/figure>\n\n\n\n<hr class=\"wp-block-separator has-alpha-channel-opacity\"\/>\n\n\n\n<h2 class=\"wp-block-heading\"><strong>Arte, podcast y memoria cultural<\/strong><\/h2>\n\n\n\n<p>Pero Selene Perdomo no solo escribe poes\u00eda. Tambi\u00e9n conduce el podcast\u00a0<strong>\u201cMenos mal que estoy yo aqu\u00ed\u201d<\/strong>, un espacio donde conversa con especialistas y protagonistas de distintos \u00e1mbitos sobre\u00a0<strong>libertad, resiliencia humana, ciencia, tecnolog\u00eda y bienestar personal<\/strong>. Y adem\u00e1s lleva m\u00e1s de una d\u00e9cada trabajando en el documental\u00a0<strong>\u201cUn sue\u00f1o cubano\u201d<\/strong>, un proyecto que re\u00fane testimonios y m\u00fasica de grandes artistas de la di\u00e1spora cubana. Entre ellos aparecen nombres que cualquier cubano reconoce de inmediato:<\/p>\n\n\n\n<ul class=\"wp-block-list\">\n<li><strong>Paquito D\u2019Rivera<\/strong><\/li>\n\n\n\n<li><strong>Chucho Vald\u00e9s<\/strong><\/li>\n\n\n\n<li><strong>Willy Chirino<\/strong><\/li>\n\n\n\n<li><strong>Gonzalo Rubalcaba<\/strong><\/li>\n\n\n\n<li><strong>Aymee Nuviola<\/strong><\/li>\n\n\n\n<li><strong>Daym\u00e9 Arocena<\/strong><\/li>\n<\/ul>\n\n\n\n<p>Muchos de estos m\u00fasicos construyeron carreras internacionales despu\u00e9s de enfrentar\u00a0<strong>censura o marginaci\u00f3n dentro de Cuba<\/strong>. El objetivo final del documental es tan ambicioso como simb\u00f3lico:\u00a0<strong>reunirlos alg\u00fan d\u00eda en un gran concierto en La Habana<\/strong>.<\/p>\n\n\n\n<hr class=\"wp-block-separator has-alpha-channel-opacity\"\/>\n\n\n\n<div class=\"wp-block-media-text is-stacked-on-mobile\"><figure class=\"wp-block-media-text__media\"><img loading=\"lazy\" decoding=\"async\" width=\"1024\" height=\"683\" src=\"https:\/\/akubaa.com\/wp-content\/uploads\/2026\/01\/Imagen-223-1024x683.jpeg\" alt=\"\" class=\"wp-image-2445 size-full\" srcset=\"https:\/\/akubaa.com\/wp-content\/uploads\/2026\/01\/Imagen-223-1024x683.jpeg 1024w, https:\/\/akubaa.com\/wp-content\/uploads\/2026\/01\/Imagen-223-600x400.jpeg 600w, https:\/\/akubaa.com\/wp-content\/uploads\/2026\/01\/Imagen-223-300x200.jpeg 300w, https:\/\/akubaa.com\/wp-content\/uploads\/2026\/01\/Imagen-223-768x512.jpeg 768w, https:\/\/akubaa.com\/wp-content\/uploads\/2026\/01\/Imagen-223-1320x880.jpeg 1320w, https:\/\/akubaa.com\/wp-content\/uploads\/2026\/01\/Imagen-223.jpeg 1536w\" sizes=\"auto, (max-width: 1024px) 100vw, 1024px\" \/><\/figure><div class=\"wp-block-media-text__content\">\n<p>\u00bfTienes un negocio? . Publicalo aqu\u00ed ,solo te tarda un minuto y conecta con personas que buscan lo que t\u00fa ofreces.<strong><a href=\"https:\/\/akubaa.com\/index.php\/directorio-de-negocios-cubanos-akubaa\/\">Clic y descubre todas las ventajas\u00a0<\/a><\/strong>que puede obtener t\u00fa ahora mismo. Es hora de llevarte al lugar que merece sin luchar con el algoritmo.<\/p>\n\n\n\n<div class=\"wp-block-buttons is-content-justification-center is-layout-flex wp-container-core-buttons-is-layout-a89b3969 wp-block-buttons-is-layout-flex\">\n<div class=\"wp-block-button\"><a class=\"wp-block-button__link wp-element-button\" href=\"https:\/\/akubaa.com\/index.php\/negocio\/\">PUBLICA TU NEGOCIO AQUI <\/a><\/div>\n<\/div>\n<\/div><\/div>\n\n\n\n<hr class=\"wp-block-separator has-alpha-channel-opacity\"\/>\n\n\n\n<h2 class=\"wp-block-heading\"><strong>La visi\u00f3n de AKubaa<\/strong><\/h2>\n\n\n\n<p>Desde<a href=\"https:\/\/akmundovirtual.com\" type=\"link\" id=\"https:\/\/akmundovirtual.com\"> AKubaa <\/a>lo vemos claro: cuando la pol\u00edtica intenta controlar la narrativa de un pa\u00eds,\u00a0<strong>el arte suele convertirse en el \u00faltimo refugio de la verdad<\/strong>. Los cubanos siempre hemos contado nuestra historia cantando, escribiendo o pintando.<\/p>\n\n\n\n<p>Desde un poeta en Barcelona hasta un m\u00fasico en Miami o un humorista grabando desde su sala en Hialeah, la\u00a0<strong>di\u00e1spora cubana<\/strong>\u00a0sigue encontrando maneras de hablar de Cuba cuando en la isla muchas veces no se puede. Y eso, guste o no, tambi\u00e9n es parte de la historia cultural del pa\u00eds. Porque cuando un poema logra que miles de cubanos se detengan, escuchen y discutan lo que significa\u00a0<strong>la libertad<\/strong>, entonces ya no es solo arte. Es memoria y resistencia pero tambi\u00e9n es conversaci\u00f3n. Ahora la pregunta es inevitable: <strong>\u00bfPuede el arte ayudar a cambiar la historia de Cuba\u2026 o al menos impedir que se olvide lo que ha pasado durante casi siete d\u00e9cadas?<\/strong>.<\/p>\n\n\n\n<p>Te leo en los comentarios y en nuestras redes. La conversaci\u00f3n sigue en\u00a0<strong>AKubaa<\/strong>. \ud83c\udde8\ud83c\uddfa<\/p>\n\n\n\n<h2 class=\"wp-block-heading\">M\u00e1s en AKubaa<\/h2>\n\n\n<ul class=\"wp-block-latest-posts__list is-grid columns-3 wp-block-latest-posts\"><li><div class=\"wp-block-latest-posts__featured-image aligncenter\"><a href=\"https:\/\/akubaa.com\/index.php\/2026\/04\/21\/imaray-ulloa-de-influecer-a-ganadora-de-fisicoculturismo\/\" aria-label=\"Imaray Ulloa se sube a otra tarima: dos medallas, ocho meses de disciplina y una lecci\u00f3n que la di\u00e1spora entendi\u00f3 enseguida.\"><img loading=\"lazy\" decoding=\"async\" width=\"150\" height=\"150\" src=\"https:\/\/akubaa.com\/wp-content\/uploads\/2026\/04\/image-14-150x150.png\" class=\"attachment-thumbnail size-thumbnail wp-post-image\" alt=\"\" style=\"\" srcset=\"https:\/\/akubaa.com\/wp-content\/uploads\/2026\/04\/image-14-150x150.png 150w, https:\/\/akubaa.com\/wp-content\/uploads\/2026\/04\/image-14-300x300.png 300w, https:\/\/akubaa.com\/wp-content\/uploads\/2026\/04\/image-14-100x100.png 100w\" sizes=\"auto, (max-width: 150px) 100vw, 150px\" \/><\/a><\/div><a class=\"wp-block-latest-posts__post-title\" href=\"https:\/\/akubaa.com\/index.php\/2026\/04\/21\/imaray-ulloa-de-influecer-a-ganadora-de-fisicoculturismo\/\">Imaray Ulloa se sube a otra tarima: dos medallas, ocho meses de disciplina y una lecci\u00f3n que la di\u00e1spora entendi\u00f3 enseguida.<\/a><\/li>\n<li><div class=\"wp-block-latest-posts__featured-image aligncenter\"><a href=\"https:\/\/akubaa.com\/index.php\/2026\/04\/10\/horoscopo-del-10-de-abril-de-2026\/\" aria-label=\"Hor\u00f3scopo del 10 de abril de 2026: lo que el universo te quiere decir hoy (y lo que debes evitar a toda costa).\u00a0\"><img loading=\"lazy\" decoding=\"async\" width=\"150\" height=\"150\" src=\"https:\/\/akubaa.com\/wp-content\/uploads\/2026\/04\/image-13-150x150.png\" class=\"attachment-thumbnail size-thumbnail wp-post-image\" alt=\"\" style=\"\" srcset=\"https:\/\/akubaa.com\/wp-content\/uploads\/2026\/04\/image-13-150x150.png 150w, https:\/\/akubaa.com\/wp-content\/uploads\/2026\/04\/image-13-300x300.png 300w, https:\/\/akubaa.com\/wp-content\/uploads\/2026\/04\/image-13-100x100.png 100w\" sizes=\"auto, (max-width: 150px) 100vw, 150px\" \/><\/a><\/div><a class=\"wp-block-latest-posts__post-title\" href=\"https:\/\/akubaa.com\/index.php\/2026\/04\/10\/horoscopo-del-10-de-abril-de-2026\/\">Hor\u00f3scopo del 10 de abril de 2026: lo que el universo te quiere decir hoy (y lo que debes evitar a toda costa).\u00a0<\/a><\/li>\n<li><div class=\"wp-block-latest-posts__featured-image aligncenter\"><a href=\"https:\/\/akubaa.com\/index.php\/2026\/04\/09\/horoscopo-del-9-de-abril-de-2026\/\" aria-label=\"\ud83d\udd2e\u00a0Hor\u00f3scopo del 9 de abril de 2026: lo que viene no es casualidad\u2026 es destino (y t\u00fa lo vas a sentir hoy).\"><img loading=\"lazy\" decoding=\"async\" width=\"150\" height=\"150\" src=\"https:\/\/akubaa.com\/wp-content\/uploads\/2026\/04\/image-12-150x150.png\" class=\"attachment-thumbnail size-thumbnail wp-post-image\" alt=\"\" style=\"\" srcset=\"https:\/\/akubaa.com\/wp-content\/uploads\/2026\/04\/image-12-150x150.png 150w, https:\/\/akubaa.com\/wp-content\/uploads\/2026\/04\/image-12-300x300.png 300w, https:\/\/akubaa.com\/wp-content\/uploads\/2026\/04\/image-12-100x100.png 100w\" sizes=\"auto, (max-width: 150px) 100vw, 150px\" \/><\/a><\/div><a class=\"wp-block-latest-posts__post-title\" href=\"https:\/\/akubaa.com\/index.php\/2026\/04\/09\/horoscopo-del-9-de-abril-de-2026\/\">\ud83d\udd2e\u00a0Hor\u00f3scopo del 9 de abril de 2026: lo que viene no es casualidad\u2026 es destino (y t\u00fa lo vas a sentir hoy).<\/a><\/li>\n<li><div class=\"wp-block-latest-posts__featured-image aligncenter\"><a href=\"https:\/\/akubaa.com\/index.php\/2026\/04\/08\/horoscopo-del-8-de-abril-de-2026\/\" aria-label=\"\ud83d\udd2e\u00a0Hor\u00f3scopo del 8 de abril de 2026: lo que el destino no te est\u00e1 diciendo (y deber\u00edas escuchar hoy).\"><img loading=\"lazy\" decoding=\"async\" width=\"150\" height=\"150\" src=\"https:\/\/akubaa.com\/wp-content\/uploads\/2026\/04\/image-11-150x150.png\" class=\"attachment-thumbnail size-thumbnail wp-post-image\" alt=\"\" style=\"\" srcset=\"https:\/\/akubaa.com\/wp-content\/uploads\/2026\/04\/image-11-150x150.png 150w, https:\/\/akubaa.com\/wp-content\/uploads\/2026\/04\/image-11-300x300.png 300w, https:\/\/akubaa.com\/wp-content\/uploads\/2026\/04\/image-11-100x100.png 100w\" sizes=\"auto, (max-width: 150px) 100vw, 150px\" \/><\/a><\/div><a class=\"wp-block-latest-posts__post-title\" href=\"https:\/\/akubaa.com\/index.php\/2026\/04\/08\/horoscopo-del-8-de-abril-de-2026\/\">\ud83d\udd2e\u00a0Hor\u00f3scopo del 8 de abril de 2026: lo que el destino no te est\u00e1 diciendo (y deber\u00edas escuchar hoy).<\/a><\/li>\n<li><div class=\"wp-block-latest-posts__featured-image aligncenter\"><a href=\"https:\/\/akubaa.com\/index.php\/2026\/04\/07\/leoni-torres-y-el-b-convierten-cubano-en-un-grito-de-identidad-y-libertad\/\" aria-label=\"\u201cViva Cuba Libre\u201d: la canci\u00f3n que no es solo m\u00fasica\u2026 es un mensaje que ya no se puede callar.\"><img loading=\"lazy\" decoding=\"async\" width=\"150\" height=\"150\" src=\"https:\/\/akubaa.com\/wp-content\/uploads\/2026\/04\/image-10-150x150.png\" class=\"attachment-thumbnail size-thumbnail wp-post-image\" alt=\"\" style=\"\" srcset=\"https:\/\/akubaa.com\/wp-content\/uploads\/2026\/04\/image-10-150x150.png 150w, https:\/\/akubaa.com\/wp-content\/uploads\/2026\/04\/image-10-300x300.png 300w, https:\/\/akubaa.com\/wp-content\/uploads\/2026\/04\/image-10-100x100.png 100w\" sizes=\"auto, (max-width: 150px) 100vw, 150px\" \/><\/a><\/div><a class=\"wp-block-latest-posts__post-title\" href=\"https:\/\/akubaa.com\/index.php\/2026\/04\/07\/leoni-torres-y-el-b-convierten-cubano-en-un-grito-de-identidad-y-libertad\/\">\u201cViva Cuba Libre\u201d: la canci\u00f3n que no es solo m\u00fasica\u2026 es un mensaje que ya no se puede callar.<\/a><\/li>\n<li><div class=\"wp-block-latest-posts__featured-image aligncenter\"><a href=\"https:\/\/akubaa.com\/index.php\/2026\/04\/07\/horoscopo-del-7-de-abril-de-2026\/\" aria-label=\"\ud83d\udd2e\u00a0Hor\u00f3scopo del 7 de abril de 2026: lo que viene no avisa\u2026 pero s\u00ed se siente.\"><img loading=\"lazy\" decoding=\"async\" width=\"150\" height=\"150\" src=\"https:\/\/akubaa.com\/wp-content\/uploads\/2026\/04\/image-9-150x150.png\" class=\"attachment-thumbnail size-thumbnail wp-post-image\" alt=\"\" style=\"\" srcset=\"https:\/\/akubaa.com\/wp-content\/uploads\/2026\/04\/image-9-150x150.png 150w, https:\/\/akubaa.com\/wp-content\/uploads\/2026\/04\/image-9-300x300.png 300w, https:\/\/akubaa.com\/wp-content\/uploads\/2026\/04\/image-9-100x100.png 100w\" sizes=\"auto, (max-width: 150px) 100vw, 150px\" \/><\/a><\/div><a class=\"wp-block-latest-posts__post-title\" href=\"https:\/\/akubaa.com\/index.php\/2026\/04\/07\/horoscopo-del-7-de-abril-de-2026\/\">\ud83d\udd2e\u00a0Hor\u00f3scopo del 7 de abril de 2026: lo que viene no avisa\u2026 pero s\u00ed se siente.<\/a><\/li>\n<\/ul>","protected":false},"excerpt":{"rendered":"<p>Hay momentos en los que el arte deja de ser solo belleza para convertirse en\u00a0grito. No un grito hist\u00e9rico, sino uno profundo, cargado de memoria, historia y dolor colectivo. Eso es exactamente lo que sent\u00ed al escuchar el nuevo poema de la artista cubana\u00a0Selene Perdomo Chac\u00f3n, una creadora nacida en La Habana que desde Barcelona [&hellip;]<\/p>\n","protected":false},"author":1,"featured_media":2719,"comment_status":"open","ping_status":"open","sticky":false,"template":"","format":"standard","meta":{"jetpack_post_was_ever_published":false,"_jetpack_newsletter_access":"","_jetpack_dont_email_post_to_subs":false,"_jetpack_newsletter_tier_id":0,"_jetpack_memberships_contains_paywalled_content":false,"_jetpack_memberships_contains_paid_content":false,"footnotes":"","jetpack_publicize_message":"","jetpack_publicize_feature_enabled":true,"jetpack_social_post_already_shared":true,"jetpack_social_options":{"image_generator_settings":{"template":"highway","default_image_id":0,"font":"","enabled":false},"version":2}},"categories":[5],"tags":[],"class_list":["post-2718","post","type-post","status-publish","format-standard","has-post-thumbnail","hentry","category-musica-y-entretenimiento"],"yoast_head":"<!-- This site is optimized with the Yoast SEO plugin v27.5 - https:\/\/yoast.com\/product\/yoast-seo-wordpress\/ -->\n<title>La artista cubana Selene Perdomo y su poema denunciante. - AKubaa<\/title>\n<meta name=\"description\" content=\"\u201cEl rapto de un pa\u00eds\u201d: el poema con el que la artista cubana Selene Perdomo denuncia casi siete d\u00e9cadas de silencio.\" \/>\n<meta name=\"robots\" content=\"index, follow, max-snippet:-1, max-image-preview:large, max-video-preview:-1\" \/>\n<link rel=\"canonical\" href=\"https:\/\/akubaa.com\/index.php\/2026\/03\/09\/el-rapto-de-un-pais-el-poema-con-el-que-la-artista-cubana-selene-perdomo-denuncia-casi-siete-decadas-de-silencio\/\" \/>\n<meta property=\"og:locale\" content=\"es_ES\" \/>\n<meta property=\"og:type\" content=\"article\" \/>\n<meta property=\"og:title\" content=\"La artista cubana Selene Perdomo y su poema denunciante. - AKubaa\" \/>\n<meta property=\"og:description\" content=\"\u201cEl rapto de un pa\u00eds\u201d: el poema con el que la artista cubana Selene Perdomo denuncia casi siete d\u00e9cadas de silencio.\" \/>\n<meta property=\"og:url\" content=\"https:\/\/akubaa.com\/index.php\/2026\/03\/09\/el-rapto-de-un-pais-el-poema-con-el-que-la-artista-cubana-selene-perdomo-denuncia-casi-siete-decadas-de-silencio\/\" \/>\n<meta property=\"og:site_name\" content=\"AKubaa\" \/>\n<meta property=\"article:publisher\" content=\"https:\/\/www.facebook.com\/akubaa\" \/>\n<meta property=\"article:author\" content=\"https:\/\/www.facebook.com\/akubaa\" \/>\n<meta property=\"article:published_time\" content=\"2026-03-10T00:37:14+00:00\" \/>\n<meta property=\"article:modified_time\" content=\"2026-03-10T01:22:17+00:00\" \/>\n<meta property=\"og:image\" content=\"https:\/\/akubaa.com\/wp-content\/uploads\/2026\/03\/Imagen-12.jpeg\" \/>\n\t<meta property=\"og:image:width\" content=\"1600\" \/>\n\t<meta property=\"og:image:height\" content=\"900\" \/>\n\t<meta property=\"og:image:type\" content=\"image\/jpeg\" \/>\n<meta name=\"author\" content=\"AKubaa\" \/>\n<meta name=\"twitter:card\" content=\"summary_large_image\" \/>\n<meta name=\"twitter:label1\" content=\"Escrito por\" \/>\n\t<meta name=\"twitter:data1\" content=\"AKubaa\" \/>\n\t<meta name=\"twitter:label2\" content=\"Tiempo de lectura\" \/>\n\t<meta name=\"twitter:data2\" content=\"5 minutos\" \/>\n<script type=\"application\/ld+json\" class=\"yoast-schema-graph\">{\"@context\":\"https:\\\/\\\/schema.org\",\"@graph\":[{\"@type\":\"Article\",\"@id\":\"https:\\\/\\\/akubaa.com\\\/index.php\\\/2026\\\/03\\\/09\\\/el-rapto-de-un-pais-el-poema-con-el-que-la-artista-cubana-selene-perdomo-denuncia-casi-siete-decadas-de-silencio\\\/#article\",\"isPartOf\":{\"@id\":\"https:\\\/\\\/akubaa.com\\\/index.php\\\/2026\\\/03\\\/09\\\/el-rapto-de-un-pais-el-poema-con-el-que-la-artista-cubana-selene-perdomo-denuncia-casi-siete-decadas-de-silencio\\\/\"},\"author\":{\"name\":\"AKubaa\",\"@id\":\"https:\\\/\\\/akubaa.com\\\/#\\\/schema\\\/person\\\/b096b63c1ad27204e55fabb2cf2153a5\"},\"headline\":\"\u201cEl rapto de un pa\u00eds\u201d: el poema con el que la artista cubana Selene Perdomo denuncia casi siete d\u00e9cadas de silencio.\",\"datePublished\":\"2026-03-10T00:37:14+00:00\",\"dateModified\":\"2026-03-10T01:22:17+00:00\",\"mainEntityOfPage\":{\"@id\":\"https:\\\/\\\/akubaa.com\\\/index.php\\\/2026\\\/03\\\/09\\\/el-rapto-de-un-pais-el-poema-con-el-que-la-artista-cubana-selene-perdomo-denuncia-casi-siete-decadas-de-silencio\\\/\"},\"wordCount\":857,\"commentCount\":0,\"publisher\":{\"@id\":\"https:\\\/\\\/akubaa.com\\\/#\\\/schema\\\/person\\\/b096b63c1ad27204e55fabb2cf2153a5\"},\"image\":{\"@id\":\"https:\\\/\\\/akubaa.com\\\/index.php\\\/2026\\\/03\\\/09\\\/el-rapto-de-un-pais-el-poema-con-el-que-la-artista-cubana-selene-perdomo-denuncia-casi-siete-decadas-de-silencio\\\/#primaryimage\"},\"thumbnailUrl\":\"https:\\\/\\\/akubaa.com\\\/wp-content\\\/uploads\\\/2026\\\/03\\\/Imagen-12.jpeg\",\"articleSection\":[\"M\u00fasica y Entretenimiento\"],\"inLanguage\":\"es\",\"potentialAction\":[{\"@type\":\"CommentAction\",\"name\":\"Comment\",\"target\":[\"https:\\\/\\\/akubaa.com\\\/index.php\\\/2026\\\/03\\\/09\\\/el-rapto-de-un-pais-el-poema-con-el-que-la-artista-cubana-selene-perdomo-denuncia-casi-siete-decadas-de-silencio\\\/#respond\"]}]},{\"@type\":\"WebPage\",\"@id\":\"https:\\\/\\\/akubaa.com\\\/index.php\\\/2026\\\/03\\\/09\\\/el-rapto-de-un-pais-el-poema-con-el-que-la-artista-cubana-selene-perdomo-denuncia-casi-siete-decadas-de-silencio\\\/\",\"url\":\"https:\\\/\\\/akubaa.com\\\/index.php\\\/2026\\\/03\\\/09\\\/el-rapto-de-un-pais-el-poema-con-el-que-la-artista-cubana-selene-perdomo-denuncia-casi-siete-decadas-de-silencio\\\/\",\"name\":\"La artista cubana Selene Perdomo y su poema denunciante. - AKubaa\",\"isPartOf\":{\"@id\":\"https:\\\/\\\/akubaa.com\\\/#website\"},\"primaryImageOfPage\":{\"@id\":\"https:\\\/\\\/akubaa.com\\\/index.php\\\/2026\\\/03\\\/09\\\/el-rapto-de-un-pais-el-poema-con-el-que-la-artista-cubana-selene-perdomo-denuncia-casi-siete-decadas-de-silencio\\\/#primaryimage\"},\"image\":{\"@id\":\"https:\\\/\\\/akubaa.com\\\/index.php\\\/2026\\\/03\\\/09\\\/el-rapto-de-un-pais-el-poema-con-el-que-la-artista-cubana-selene-perdomo-denuncia-casi-siete-decadas-de-silencio\\\/#primaryimage\"},\"thumbnailUrl\":\"https:\\\/\\\/akubaa.com\\\/wp-content\\\/uploads\\\/2026\\\/03\\\/Imagen-12.jpeg\",\"datePublished\":\"2026-03-10T00:37:14+00:00\",\"dateModified\":\"2026-03-10T01:22:17+00:00\",\"description\":\"\u201cEl rapto de un pa\u00eds\u201d: el poema con el que la artista cubana Selene Perdomo denuncia casi siete d\u00e9cadas de silencio.\",\"breadcrumb\":{\"@id\":\"https:\\\/\\\/akubaa.com\\\/index.php\\\/2026\\\/03\\\/09\\\/el-rapto-de-un-pais-el-poema-con-el-que-la-artista-cubana-selene-perdomo-denuncia-casi-siete-decadas-de-silencio\\\/#breadcrumb\"},\"inLanguage\":\"es\",\"potentialAction\":[{\"@type\":\"ReadAction\",\"target\":[\"https:\\\/\\\/akubaa.com\\\/index.php\\\/2026\\\/03\\\/09\\\/el-rapto-de-un-pais-el-poema-con-el-que-la-artista-cubana-selene-perdomo-denuncia-casi-siete-decadas-de-silencio\\\/\"]}]},{\"@type\":\"ImageObject\",\"inLanguage\":\"es\",\"@id\":\"https:\\\/\\\/akubaa.com\\\/index.php\\\/2026\\\/03\\\/09\\\/el-rapto-de-un-pais-el-poema-con-el-que-la-artista-cubana-selene-perdomo-denuncia-casi-siete-decadas-de-silencio\\\/#primaryimage\",\"url\":\"https:\\\/\\\/akubaa.com\\\/wp-content\\\/uploads\\\/2026\\\/03\\\/Imagen-12.jpeg\",\"contentUrl\":\"https:\\\/\\\/akubaa.com\\\/wp-content\\\/uploads\\\/2026\\\/03\\\/Imagen-12.jpeg\",\"width\":1600,\"height\":900},{\"@type\":\"BreadcrumbList\",\"@id\":\"https:\\\/\\\/akubaa.com\\\/index.php\\\/2026\\\/03\\\/09\\\/el-rapto-de-un-pais-el-poema-con-el-que-la-artista-cubana-selene-perdomo-denuncia-casi-siete-decadas-de-silencio\\\/#breadcrumb\",\"itemListElement\":[{\"@type\":\"ListItem\",\"position\":1,\"name\":\"Portada\",\"item\":\"https:\\\/\\\/akubaa.com\\\/\"},{\"@type\":\"ListItem\",\"position\":2,\"name\":\"\u201cEl rapto de un pa\u00eds\u201d: el poema con el que la artista cubana Selene Perdomo denuncia casi siete d\u00e9cadas de silencio.\"}]},{\"@type\":\"WebSite\",\"@id\":\"https:\\\/\\\/akubaa.com\\\/#website\",\"url\":\"https:\\\/\\\/akubaa.com\\\/\",\"name\":\"AKubaa\",\"description\":\"Vive ,conoce y disfruta Cuba al estilo de A&amp;K.\",\"publisher\":{\"@id\":\"https:\\\/\\\/akubaa.com\\\/#\\\/schema\\\/person\\\/b096b63c1ad27204e55fabb2cf2153a5\"},\"potentialAction\":[{\"@type\":\"SearchAction\",\"target\":{\"@type\":\"EntryPoint\",\"urlTemplate\":\"https:\\\/\\\/akubaa.com\\\/?s={search_term_string}\"},\"query-input\":{\"@type\":\"PropertyValueSpecification\",\"valueRequired\":true,\"valueName\":\"search_term_string\"}}],\"inLanguage\":\"es\"},{\"@type\":[\"Person\",\"Organization\"],\"@id\":\"https:\\\/\\\/akubaa.com\\\/#\\\/schema\\\/person\\\/b096b63c1ad27204e55fabb2cf2153a5\",\"name\":\"AKubaa\",\"image\":{\"@type\":\"ImageObject\",\"inLanguage\":\"es\",\"@id\":\"https:\\\/\\\/akubaa.com\\\/wp-content\\\/uploads\\\/2025\\\/08\\\/Imagen-17.jpeg\",\"url\":\"https:\\\/\\\/akubaa.com\\\/wp-content\\\/uploads\\\/2025\\\/08\\\/Imagen-17.jpeg\",\"contentUrl\":\"https:\\\/\\\/akubaa.com\\\/wp-content\\\/uploads\\\/2025\\\/08\\\/Imagen-17.jpeg\",\"width\":1024,\"height\":1024,\"caption\":\"AKubaa\"},\"logo\":{\"@id\":\"https:\\\/\\\/akubaa.com\\\/wp-content\\\/uploads\\\/2025\\\/08\\\/Imagen-17.jpeg\"},\"sameAs\":[\"https:\\\/\\\/akubaa.com\",\"https:\\\/\\\/www.facebook.com\\\/akubaa\",\"https:\\\/\\\/www.instagram.com\\\/akubaa?\"],\"url\":\"https:\\\/\\\/akubaa.com\\\/index.php\\\/profile\\\/admin\\\/\"}]}<\/script>\n<!-- \/ Yoast SEO plugin. -->","yoast_head_json":{"title":"La artista cubana Selene Perdomo y su poema denunciante. - AKubaa","description":"\u201cEl rapto de un pa\u00eds\u201d: el poema con el que la artista cubana Selene Perdomo denuncia casi siete d\u00e9cadas de silencio.","robots":{"index":"index","follow":"follow","max-snippet":"max-snippet:-1","max-image-preview":"max-image-preview:large","max-video-preview":"max-video-preview:-1"},"canonical":"https:\/\/akubaa.com\/index.php\/2026\/03\/09\/el-rapto-de-un-pais-el-poema-con-el-que-la-artista-cubana-selene-perdomo-denuncia-casi-siete-decadas-de-silencio\/","og_locale":"es_ES","og_type":"article","og_title":"La artista cubana Selene Perdomo y su poema denunciante. - AKubaa","og_description":"\u201cEl rapto de un pa\u00eds\u201d: el poema con el que la artista cubana Selene Perdomo denuncia casi siete d\u00e9cadas de silencio.","og_url":"https:\/\/akubaa.com\/index.php\/2026\/03\/09\/el-rapto-de-un-pais-el-poema-con-el-que-la-artista-cubana-selene-perdomo-denuncia-casi-siete-decadas-de-silencio\/","og_site_name":"AKubaa","article_publisher":"https:\/\/www.facebook.com\/akubaa","article_author":"https:\/\/www.facebook.com\/akubaa","article_published_time":"2026-03-10T00:37:14+00:00","article_modified_time":"2026-03-10T01:22:17+00:00","og_image":[{"width":1600,"height":900,"url":"https:\/\/akubaa.com\/wp-content\/uploads\/2026\/03\/Imagen-12.jpeg","type":"image\/jpeg"}],"author":"AKubaa","twitter_card":"summary_large_image","twitter_misc":{"Escrito por":"AKubaa","Tiempo de lectura":"5 minutos"},"schema":{"@context":"https:\/\/schema.org","@graph":[{"@type":"Article","@id":"https:\/\/akubaa.com\/index.php\/2026\/03\/09\/el-rapto-de-un-pais-el-poema-con-el-que-la-artista-cubana-selene-perdomo-denuncia-casi-siete-decadas-de-silencio\/#article","isPartOf":{"@id":"https:\/\/akubaa.com\/index.php\/2026\/03\/09\/el-rapto-de-un-pais-el-poema-con-el-que-la-artista-cubana-selene-perdomo-denuncia-casi-siete-decadas-de-silencio\/"},"author":{"name":"AKubaa","@id":"https:\/\/akubaa.com\/#\/schema\/person\/b096b63c1ad27204e55fabb2cf2153a5"},"headline":"\u201cEl rapto de un pa\u00eds\u201d: el poema con el que la artista cubana Selene Perdomo denuncia casi siete d\u00e9cadas de silencio.","datePublished":"2026-03-10T00:37:14+00:00","dateModified":"2026-03-10T01:22:17+00:00","mainEntityOfPage":{"@id":"https:\/\/akubaa.com\/index.php\/2026\/03\/09\/el-rapto-de-un-pais-el-poema-con-el-que-la-artista-cubana-selene-perdomo-denuncia-casi-siete-decadas-de-silencio\/"},"wordCount":857,"commentCount":0,"publisher":{"@id":"https:\/\/akubaa.com\/#\/schema\/person\/b096b63c1ad27204e55fabb2cf2153a5"},"image":{"@id":"https:\/\/akubaa.com\/index.php\/2026\/03\/09\/el-rapto-de-un-pais-el-poema-con-el-que-la-artista-cubana-selene-perdomo-denuncia-casi-siete-decadas-de-silencio\/#primaryimage"},"thumbnailUrl":"https:\/\/akubaa.com\/wp-content\/uploads\/2026\/03\/Imagen-12.jpeg","articleSection":["M\u00fasica y Entretenimiento"],"inLanguage":"es","potentialAction":[{"@type":"CommentAction","name":"Comment","target":["https:\/\/akubaa.com\/index.php\/2026\/03\/09\/el-rapto-de-un-pais-el-poema-con-el-que-la-artista-cubana-selene-perdomo-denuncia-casi-siete-decadas-de-silencio\/#respond"]}]},{"@type":"WebPage","@id":"https:\/\/akubaa.com\/index.php\/2026\/03\/09\/el-rapto-de-un-pais-el-poema-con-el-que-la-artista-cubana-selene-perdomo-denuncia-casi-siete-decadas-de-silencio\/","url":"https:\/\/akubaa.com\/index.php\/2026\/03\/09\/el-rapto-de-un-pais-el-poema-con-el-que-la-artista-cubana-selene-perdomo-denuncia-casi-siete-decadas-de-silencio\/","name":"La artista cubana Selene Perdomo y su poema denunciante. - AKubaa","isPartOf":{"@id":"https:\/\/akubaa.com\/#website"},"primaryImageOfPage":{"@id":"https:\/\/akubaa.com\/index.php\/2026\/03\/09\/el-rapto-de-un-pais-el-poema-con-el-que-la-artista-cubana-selene-perdomo-denuncia-casi-siete-decadas-de-silencio\/#primaryimage"},"image":{"@id":"https:\/\/akubaa.com\/index.php\/2026\/03\/09\/el-rapto-de-un-pais-el-poema-con-el-que-la-artista-cubana-selene-perdomo-denuncia-casi-siete-decadas-de-silencio\/#primaryimage"},"thumbnailUrl":"https:\/\/akubaa.com\/wp-content\/uploads\/2026\/03\/Imagen-12.jpeg","datePublished":"2026-03-10T00:37:14+00:00","dateModified":"2026-03-10T01:22:17+00:00","description":"\u201cEl rapto de un pa\u00eds\u201d: el poema con el que la artista cubana Selene Perdomo denuncia casi siete d\u00e9cadas de silencio.","breadcrumb":{"@id":"https:\/\/akubaa.com\/index.php\/2026\/03\/09\/el-rapto-de-un-pais-el-poema-con-el-que-la-artista-cubana-selene-perdomo-denuncia-casi-siete-decadas-de-silencio\/#breadcrumb"},"inLanguage":"es","potentialAction":[{"@type":"ReadAction","target":["https:\/\/akubaa.com\/index.php\/2026\/03\/09\/el-rapto-de-un-pais-el-poema-con-el-que-la-artista-cubana-selene-perdomo-denuncia-casi-siete-decadas-de-silencio\/"]}]},{"@type":"ImageObject","inLanguage":"es","@id":"https:\/\/akubaa.com\/index.php\/2026\/03\/09\/el-rapto-de-un-pais-el-poema-con-el-que-la-artista-cubana-selene-perdomo-denuncia-casi-siete-decadas-de-silencio\/#primaryimage","url":"https:\/\/akubaa.com\/wp-content\/uploads\/2026\/03\/Imagen-12.jpeg","contentUrl":"https:\/\/akubaa.com\/wp-content\/uploads\/2026\/03\/Imagen-12.jpeg","width":1600,"height":900},{"@type":"BreadcrumbList","@id":"https:\/\/akubaa.com\/index.php\/2026\/03\/09\/el-rapto-de-un-pais-el-poema-con-el-que-la-artista-cubana-selene-perdomo-denuncia-casi-siete-decadas-de-silencio\/#breadcrumb","itemListElement":[{"@type":"ListItem","position":1,"name":"Portada","item":"https:\/\/akubaa.com\/"},{"@type":"ListItem","position":2,"name":"\u201cEl rapto de un pa\u00eds\u201d: el poema con el que la artista cubana Selene Perdomo denuncia casi siete d\u00e9cadas de silencio."}]},{"@type":"WebSite","@id":"https:\/\/akubaa.com\/#website","url":"https:\/\/akubaa.com\/","name":"AKubaa","description":"Vive ,conoce y disfruta Cuba al estilo de A&amp;K.","publisher":{"@id":"https:\/\/akubaa.com\/#\/schema\/person\/b096b63c1ad27204e55fabb2cf2153a5"},"potentialAction":[{"@type":"SearchAction","target":{"@type":"EntryPoint","urlTemplate":"https:\/\/akubaa.com\/?s={search_term_string}"},"query-input":{"@type":"PropertyValueSpecification","valueRequired":true,"valueName":"search_term_string"}}],"inLanguage":"es"},{"@type":["Person","Organization"],"@id":"https:\/\/akubaa.com\/#\/schema\/person\/b096b63c1ad27204e55fabb2cf2153a5","name":"AKubaa","image":{"@type":"ImageObject","inLanguage":"es","@id":"https:\/\/akubaa.com\/wp-content\/uploads\/2025\/08\/Imagen-17.jpeg","url":"https:\/\/akubaa.com\/wp-content\/uploads\/2025\/08\/Imagen-17.jpeg","contentUrl":"https:\/\/akubaa.com\/wp-content\/uploads\/2025\/08\/Imagen-17.jpeg","width":1024,"height":1024,"caption":"AKubaa"},"logo":{"@id":"https:\/\/akubaa.com\/wp-content\/uploads\/2025\/08\/Imagen-17.jpeg"},"sameAs":["https:\/\/akubaa.com","https:\/\/www.facebook.com\/akubaa","https:\/\/www.instagram.com\/akubaa?"],"url":"https:\/\/akubaa.com\/index.php\/profile\/admin\/"}]}},"jetpack_publicize_connections":[],"jetpack_featured_media_url":"https:\/\/akubaa.com\/wp-content\/uploads\/2026\/03\/Imagen-12.jpeg","jetpack_sharing_enabled":true,"jetpack_likes_enabled":true,"jetpack-related-posts":[{"id":2988,"url":"https:\/\/akubaa.com\/index.php\/2026\/04\/07\/leoni-torres-y-el-b-convierten-cubano-en-un-grito-de-identidad-y-libertad\/","url_meta":{"origin":2718,"position":0},"title":"\u201cViva Cuba Libre\u201d: la canci\u00f3n que no es solo m\u00fasica\u2026 es un mensaje que ya no se puede callar.","author":"AKubaa","date":"04\/07\/2026","format":false,"excerpt":"Leoni Torres y El B convierten \u2018Cubano\u2019 en un grito de identidad y libertad. Hay canciones que uno escucha\u2026 y hay canciones que uno siente como un nudo en la garganta. Lo que acaban de hacer\u00a0Leoni Torres\u00a0y\u00a0El B\u00a0con\u00a0\u2018Cubano\u2019\u00a0no es un remix m\u00e1s: es una declaraci\u00f3n. Y no cualquiera\u2026 una que\u2026","rel":"","context":"En \u00abM\u00fasica y Entretenimiento\u00bb","block_context":{"text":"M\u00fasica y Entretenimiento","link":"https:\/\/akubaa.com\/index.php\/category\/musica-y-entretenimiento\/"},"img":{"alt_text":"","src":"https:\/\/i0.wp.com\/akubaa.com\/wp-content\/uploads\/2026\/04\/image-10.png?resize=350%2C200&ssl=1","width":350,"height":200,"srcset":"https:\/\/i0.wp.com\/akubaa.com\/wp-content\/uploads\/2026\/04\/image-10.png?resize=350%2C200&ssl=1 1x, https:\/\/i0.wp.com\/akubaa.com\/wp-content\/uploads\/2026\/04\/image-10.png?resize=525%2C300&ssl=1 1.5x, https:\/\/i0.wp.com\/akubaa.com\/wp-content\/uploads\/2026\/04\/image-10.png?resize=700%2C400&ssl=1 2x"},"classes":[]},{"id":2783,"url":"https:\/\/akubaa.com\/index.php\/2026\/03\/19\/cuando-el-arte-grita-lo-que-el-pueblo-calla-fac-y-el-cuerpo-convertido-en-protesta-en-cuba\/","url_meta":{"origin":2718,"position":1},"title":"Cuando el arte grita lo que el pueblo calla: FAC y el cuerpo convertido en protesta en Cuba.","author":"AKubaa","date":"03\/19\/2026","format":false,"excerpt":"Hay momentos en los que uno no sabe si est\u00e1 viendo arte\u2026 o historia en tiempo real. Y lo que ocurri\u00f3 en la\u00a0F\u00e1brica de Arte Cubano (FAC)\u00a0este fin de semana fue exactamente eso: una l\u00ednea tan fina entre lo creativo y lo pol\u00edtico que termin\u00f3 rompi\u00e9ndose delante de todos. Yo\u2026","rel":"","context":"En \u00abNoticias y Actualidad\u00bb","block_context":{"text":"Noticias y Actualidad","link":"https:\/\/akubaa.com\/index.php\/category\/noticias-y-actualidad\/"},"img":{"alt_text":"","src":"https:\/\/i0.wp.com\/akubaa.com\/wp-content\/uploads\/2026\/03\/image-17.png?resize=350%2C200&ssl=1","width":350,"height":200,"srcset":"https:\/\/i0.wp.com\/akubaa.com\/wp-content\/uploads\/2026\/03\/image-17.png?resize=350%2C200&ssl=1 1x, https:\/\/i0.wp.com\/akubaa.com\/wp-content\/uploads\/2026\/03\/image-17.png?resize=525%2C300&ssl=1 1.5x, https:\/\/i0.wp.com\/akubaa.com\/wp-content\/uploads\/2026\/03\/image-17.png?resize=700%2C400&ssl=1 2x"},"classes":[]},{"id":289,"url":"https:\/\/akubaa.com\/index.php\/2025\/05\/20\/esto-si-es-un-juegazo-el-dia-que-el-beisbol-unio-a-los-artistas-cubanos-en-miami\/","url_meta":{"origin":2718,"position":2},"title":"\u00a1Esto s\u00ed es un juegazo!: El d\u00eda que el b\u00e9isbol uni\u00f3 a los artistas cubanos en Miami.","author":"AKubaa","date":"05\/20\/2025","format":false,"excerpt":"\u00bfSab\u00edas que un simple juego de pelota puede reunir a P\u00e1nfilo, Pollito Tropical, El Divo de Placetas y un gran grupo de influencers, comediantes y m\u00fasicos cubanos en un mismo terreno?\u00a0. No, no est\u00e1s so\u00f1ando ni leyendo la cartelera de una pel\u00edcula loca de Netflix. Esto va a pasar. Y\u2026","rel":"","context":"Entrada similar","block_context":{"text":"Entrada similar","link":""},"img":{"alt_text":"","src":"https:\/\/i0.wp.com\/akubaa.com\/wp-content\/uploads\/2025\/05\/image-18.png?resize=350%2C200&ssl=1","width":350,"height":200,"srcset":"https:\/\/i0.wp.com\/akubaa.com\/wp-content\/uploads\/2025\/05\/image-18.png?resize=350%2C200&ssl=1 1x, https:\/\/i0.wp.com\/akubaa.com\/wp-content\/uploads\/2025\/05\/image-18.png?resize=525%2C300&ssl=1 1.5x, https:\/\/i0.wp.com\/akubaa.com\/wp-content\/uploads\/2025\/05\/image-18.png?resize=700%2C400&ssl=1 2x, https:\/\/i0.wp.com\/akubaa.com\/wp-content\/uploads\/2025\/05\/image-18.png?resize=1050%2C600&ssl=1 3x, https:\/\/i0.wp.com\/akubaa.com\/wp-content\/uploads\/2025\/05\/image-18.png?resize=1400%2C800&ssl=1 4x"},"classes":[]},{"id":686,"url":"https:\/\/akubaa.com\/index.php\/2025\/07\/07\/alejandro-cuervo-revelaciones-de-un-viaje\/","url_meta":{"origin":2718,"position":3},"title":"\u201cLo que vi en Miami me doli\u00f3 m\u00e1s que mil cr\u00edticas\u201d: Alejandro Cuervo y la libertad que seg\u00fan \u00e9l no lo fue","author":"AKubaa","date":"07\/07\/2025","format":false,"excerpt":"\u00bfSab\u00edas que\u00a0el viaje de un artista puede desnudar las grietas m\u00e1s profundas de una comunidad?. \u00bfCu\u00e1ndo aprendiste\u00a0que la libertad no siempre se siente libre?. Yo lo descubr\u00ed escuchando a Alejandro Cuervo,\u00a0uno de los rostros m\u00e1s queridos de la televisi\u00f3n cubana, al regresar de su controversial visita a Estados Unidos. Lo\u2026","rel":"","context":"Entrada similar","block_context":{"text":"Entrada similar","link":""},"img":{"alt_text":"","src":"https:\/\/i0.wp.com\/akubaa.com\/wp-content\/uploads\/2025\/07\/image-13.png?resize=350%2C200&ssl=1","width":350,"height":200,"srcset":"https:\/\/i0.wp.com\/akubaa.com\/wp-content\/uploads\/2025\/07\/image-13.png?resize=350%2C200&ssl=1 1x, https:\/\/i0.wp.com\/akubaa.com\/wp-content\/uploads\/2025\/07\/image-13.png?resize=525%2C300&ssl=1 1.5x, https:\/\/i0.wp.com\/akubaa.com\/wp-content\/uploads\/2025\/07\/image-13.png?resize=700%2C400&ssl=1 2x, https:\/\/i0.wp.com\/akubaa.com\/wp-content\/uploads\/2025\/07\/image-13.png?resize=1050%2C600&ssl=1 3x, https:\/\/i0.wp.com\/akubaa.com\/wp-content\/uploads\/2025\/07\/image-13.png?resize=1400%2C800&ssl=1 4x"},"classes":[]},{"id":2671,"url":"https:\/\/akubaa.com\/index.php\/2026\/02\/27\/dany-ome\/","url_meta":{"origin":2718,"position":4},"title":"\u201cYo solo soy cantante\u201d: Dany Ome, la dictadura y el silencio que encendi\u00f3 a la di\u00e1spora.","author":"AKubaa","date":"02\/27\/2026","format":false,"excerpt":"Cuando una frase pesa m\u00e1s que una canci\u00f3n Yo he aprendido algo cubriendo la\u00a0realidad cubana\u00a0desde AKubaa: en temas de Cuba, el silencio tambi\u00e9n habla. Y a veces grita. El reguetonero\u00a0Dany Ome, radicado en Estados Unidos, encendi\u00f3 las redes tras declarar que no har\u00e1 canciones contra \u201cninguna dictadura\u201d. Su frase fue\u2026","rel":"","context":"En \u00abM\u00fasica y Entretenimiento\u00bb","block_context":{"text":"M\u00fasica y Entretenimiento","link":"https:\/\/akubaa.com\/index.php\/category\/musica-y-entretenimiento\/"},"img":{"alt_text":"","src":"https:\/\/i0.wp.com\/akubaa.com\/wp-content\/uploads\/2026\/02\/Imagen-3.jpeg?resize=350%2C200&ssl=1","width":350,"height":200,"srcset":"https:\/\/i0.wp.com\/akubaa.com\/wp-content\/uploads\/2026\/02\/Imagen-3.jpeg?resize=350%2C200&ssl=1 1x, https:\/\/i0.wp.com\/akubaa.com\/wp-content\/uploads\/2026\/02\/Imagen-3.jpeg?resize=525%2C300&ssl=1 1.5x, https:\/\/i0.wp.com\/akubaa.com\/wp-content\/uploads\/2026\/02\/Imagen-3.jpeg?resize=700%2C400&ssl=1 2x, https:\/\/i0.wp.com\/akubaa.com\/wp-content\/uploads\/2026\/02\/Imagen-3.jpeg?resize=1050%2C600&ssl=1 3x, https:\/\/i0.wp.com\/akubaa.com\/wp-content\/uploads\/2026\/02\/Imagen-3.jpeg?resize=1400%2C800&ssl=1 4x"},"classes":[]},{"id":1699,"url":"https:\/\/akubaa.com\/index.php\/2025\/10\/21\/celia-cruz-tubo-su-homenaje-en-su-tierra\/","url_meta":{"origin":2718,"position":5},"title":"Una silla vac\u00eda habl\u00f3 por toda Cuba: la FAC le puso voz al silencio de Celia Cruz.","author":"AKubaa","date":"10\/21\/2025","format":false,"excerpt":"Lo confieso: pocas veces un silencio ha dicho tanto como el de aquella noche en la\u00a0F\u00e1brica de Arte Cubano (FAC). Una silla vac\u00eda, una luz enfocada sobre ella y un eco invisible que llen\u00f3 la sala con algo m\u00e1s poderoso que cualquier palabra: la ausencia de\u00a0Celia Cruz, la voz que\u2026","rel":"","context":"En \u00abCultura y Tradiciones\u00bb","block_context":{"text":"Cultura y Tradiciones","link":"https:\/\/akubaa.com\/index.php\/category\/cultura-y-tradiciones\/"},"img":{"alt_text":"","src":"https:\/\/i0.wp.com\/akubaa.com\/wp-content\/uploads\/2025\/10\/image-49.png?resize=350%2C200&ssl=1","width":350,"height":200,"srcset":"https:\/\/i0.wp.com\/akubaa.com\/wp-content\/uploads\/2025\/10\/image-49.png?resize=350%2C200&ssl=1 1x, https:\/\/i0.wp.com\/akubaa.com\/wp-content\/uploads\/2025\/10\/image-49.png?resize=525%2C300&ssl=1 1.5x, https:\/\/i0.wp.com\/akubaa.com\/wp-content\/uploads\/2025\/10\/image-49.png?resize=700%2C400&ssl=1 2x, https:\/\/i0.wp.com\/akubaa.com\/wp-content\/uploads\/2025\/10\/image-49.png?resize=1050%2C600&ssl=1 3x, https:\/\/i0.wp.com\/akubaa.com\/wp-content\/uploads\/2025\/10\/image-49.png?resize=1400%2C800&ssl=1 4x"},"classes":[]}],"jetpack_shortlink":"https:\/\/wp.me\/pgrKo3-HQ","_links":{"self":[{"href":"https:\/\/akubaa.com\/index.php\/wp-json\/wp\/v2\/posts\/2718","targetHints":{"allow":["GET"]}}],"collection":[{"href":"https:\/\/akubaa.com\/index.php\/wp-json\/wp\/v2\/posts"}],"about":[{"href":"https:\/\/akubaa.com\/index.php\/wp-json\/wp\/v2\/types\/post"}],"author":[{"embeddable":true,"href":"https:\/\/akubaa.com\/index.php\/wp-json\/wp\/v2\/users\/1"}],"replies":[{"embeddable":true,"href":"https:\/\/akubaa.com\/index.php\/wp-json\/wp\/v2\/comments?post=2718"}],"version-history":[{"count":0,"href":"https:\/\/akubaa.com\/index.php\/wp-json\/wp\/v2\/posts\/2718\/revisions"}],"wp:featuredmedia":[{"embeddable":true,"href":"https:\/\/akubaa.com\/index.php\/wp-json\/wp\/v2\/media\/2719"}],"wp:attachment":[{"href":"https:\/\/akubaa.com\/index.php\/wp-json\/wp\/v2\/media?parent=2718"}],"wp:term":[{"taxonomy":"category","embeddable":true,"href":"https:\/\/akubaa.com\/index.php\/wp-json\/wp\/v2\/categories?post=2718"},{"taxonomy":"post_tag","embeddable":true,"href":"https:\/\/akubaa.com\/index.php\/wp-json\/wp\/v2\/tags?post=2718"}],"curies":[{"name":"wp","href":"https:\/\/api.w.org\/{rel}","templated":true}]}}