{"id":2704,"date":"2026-03-07T10:50:34","date_gmt":"2026-03-07T14:50:34","guid":{"rendered":"https:\/\/akubaa.com\/?p=2704"},"modified":"2026-03-07T19:52:17","modified_gmt":"2026-03-07T23:52:17","slug":"horario-de-verano-en-estados-unidos","status":"publish","type":"post","link":"https:\/\/akubaa.com\/index.php\/2026\/03\/07\/horario-de-verano-en-estados-unidos\/","title":{"rendered":"Cuando el reloj se mueve en Florida: lo que debes saber del cambio de hora este domingo (y por qu\u00e9 muchos todav\u00eda lo discuten)."},"content":{"rendered":"\n<p>Hay peque\u00f1os detalles que parecen rutinarios\u2026 hasta que nos cambian el sue\u00f1o. Y uno de ellos ocurre este mismo fin de semana. Si vives en\u00a0<strong>Miami, Hialeah, Tampa, Orlando o cualquier ciudad de Florida<\/strong>, este\u00a0<strong>domingo 8 de marzo de 2026<\/strong>\u00a0tu reloj dar\u00e1 un salto inesperado. No es un error del sistema ni un fallo del celular. Es simplemente el regreso del\u00a0<strong>horario de verano en Estados Unidos<\/strong>. Y s\u00ed\u2026 eso significa que\u00a0<strong>perderemos una hora de sue\u00f1o<\/strong>.<\/p>\n\n\n\n<hr class=\"wp-block-separator has-alpha-channel-opacity\"\/>\n\n\n\n<div class=\"wp-block-media-text is-stacked-on-mobile\"><figure class=\"wp-block-media-text__media\"><img loading=\"lazy\" decoding=\"async\" width=\"1024\" height=\"683\" src=\"https:\/\/akubaa.com\/wp-content\/uploads\/2026\/02\/Imagen-222-1024x683.jpeg\" alt=\"\" class=\"wp-image-2608 size-full\" srcset=\"https:\/\/akubaa.com\/wp-content\/uploads\/2026\/02\/Imagen-222-1024x683.jpeg 1024w, https:\/\/akubaa.com\/wp-content\/uploads\/2026\/02\/Imagen-222-300x200.jpeg 300w, https:\/\/akubaa.com\/wp-content\/uploads\/2026\/02\/Imagen-222-768x512.jpeg 768w, https:\/\/akubaa.com\/wp-content\/uploads\/2026\/02\/Imagen-222-1320x880.jpeg 1320w, https:\/\/akubaa.com\/wp-content\/uploads\/2026\/02\/Imagen-222-600x400.jpeg 600w, https:\/\/akubaa.com\/wp-content\/uploads\/2026\/02\/Imagen-222.jpeg 1536w\" sizes=\"auto, (max-width: 1024px) 100vw, 1024px\" \/><\/figure><div class=\"wp-block-media-text__content\">\n<p>Colorear no es un juego: es desarrollo f\u00edsico, social y emocional. Cuando un ni\u00f1o colorea, pasa algo que ninguna pantalla puede replicar:\u00a0<strong>Impacto social:<\/strong>\u00a0invita al di\u00e1logo, al compartir, al \u201cmira lo que hice\u201d, al momento en familia.\u00a0<strong>Desarrollo f\u00edsico:<\/strong>\u00a0mejora la motricidad fina, la coordinaci\u00f3n mano-ojo y fortalece los m\u00fasculos de los dedos.\u00a0<strong>Beneficio psicol\u00f3gico:<\/strong>\u00a0reduce ansiedad, mejora la concentraci\u00f3n y estimula la creatividad infantil.<\/p>\n\n\n\n<div class=\"wp-block-buttons is-content-justification-center is-layout-flex wp-container-core-buttons-is-layout-a89b3969 wp-block-buttons-is-layout-flex\">\n<div class=\"wp-block-button\"><a class=\"wp-block-button__link wp-element-button\" href=\"https:\/\/a.co\/d\/0c3nZXsB\">Compra aqui los libros de colorear para tus ni\u00f1os. <\/a><\/div>\n<\/div>\n<\/div><\/div>\n\n\n\n<hr class=\"wp-block-separator has-alpha-channel-opacity\"\/>\n\n\n\n<h2 class=\"wp-block-heading\">El momento exacto del cambio<\/h2>\n\n\n\n<p>El cambio ocurre oficialmente a las\u00a0<strong>2:00 a.m. del domingo 8 de marzo<\/strong>. Pero aqu\u00ed est\u00e1 el detalle curioso: Cuando el reloj marque las\u00a0<strong>2:00 a.m.<\/strong>, inmediatamente\u00a0<strong>saltar\u00e1 a las 3:00 a.m.<\/strong> En otras palabras:<br>esa madrugada\u00a0<strong>no existir\u00e1 la hora entre las 2:00 y las 3:00 a.m.<\/strong> Por eso muchos dicen que ese domingo es\u00a0<strong>el d\u00eda m\u00e1s corto del a\u00f1o<\/strong>, porque tendr\u00e1\u00a0<strong>solo 23 horas<\/strong>. Para quienes tienen\u00a0<strong>tel\u00e9fonos inteligentes<\/strong>, computadoras o relojes conectados a internet, el cambio se har\u00e1 autom\u00e1ticamente.<br>Pero los relojes manuales, de pared o de carro s\u00ed habr\u00e1 que\u00a0<strong>ajustarlos a mano<\/strong>. La regla es sencilla:<\/p>\n\n\n\n<p>\ud83d\udc49&nbsp;<strong>\u201cSpring forward\u201d \u2014 adelantar el reloj una hora.<\/strong><\/p>\n\n\n\n<hr class=\"wp-block-separator has-alpha-channel-opacity\"\/>\n\n\n\n<div class=\"wp-block-jetpack-related-posts\">\n<h2 class=\"wp-block-heading\">Te Puede Interesar <\/h2>\n<\/div>\n\n\n\n<hr class=\"wp-block-separator has-alpha-channel-opacity\"\/>\n\n\n\n<h2 class=\"wp-block-heading\">\u00bfPor qu\u00e9 existe el horario de verano?<\/h2>\n\n\n\n<p>El objetivo hist\u00f3rico del\u00a0<strong>horario de verano en Estados Unidos<\/strong>\u00a0es aprovechar mejor la luz natural durante los meses m\u00e1s c\u00e1lidos. Cuando el horario cambia:<\/p>\n\n\n\n<ul class=\"wp-block-list\">\n<li><strong>Amanece un poco m\u00e1s tarde<\/strong><\/li>\n\n\n\n<li><strong>Anochece m\u00e1s tarde<\/strong><\/li>\n\n\n\n<li>Las tardes tienen\u00a0<strong>m\u00e1s luz solar<\/strong><\/li>\n<\/ul>\n\n\n\n<p>Eso significa m\u00e1s tiempo para actividades al aire libre, m\u00e1s movimiento econ\u00f3mico en comercios y m\u00e1s vida en las ciudades. En lugares como\u00a0<strong>Miami Beach, Brickell o Tampa Bay<\/strong>, esto se nota enseguida:<br>los restaurantes se llenan, la gente sale a caminar y los parques siguen vivos incluso al caer la noche.<\/p>\n\n\n\n<blockquote class=\"wp-block-quote is-layout-flow wp-block-quote-is-layout-flow\">\n<hr class=\"wp-block-separator has-alpha-channel-opacity\"\/>\n<\/blockquote>\n\n\n\n<h2 class=\"wp-block-heading\">\u00bfHasta cu\u00e1ndo durar\u00e1 este horario?<\/h2>\n\n\n\n<p>El\u00a0<strong>horario de verano 2026<\/strong>\u00a0se mantendr\u00e1 hasta el\u00a0<strong>primer domingo de noviembre<\/strong>, que este a\u00f1o ser\u00e1\u00a0<strong>el 1 de noviembre<\/strong>. Ese d\u00eda ocurrir\u00e1 lo contrario: a las\u00a0<strong>2:00 a.m. los relojes se atrasar\u00e1n una hora<\/strong>, recuperando la hora de sue\u00f1o perdida.<\/p>\n\n\n\n<hr class=\"wp-block-separator has-alpha-channel-opacity\"\/>\n\n\n\n\n\n<hr class=\"wp-block-separator has-alpha-channel-opacity\"\/>\n\n\n\n<h2 class=\"wp-block-heading\">Los lugares donde el reloj nunca cambia<\/h2>\n\n\n\n<p>Aunque la mayor\u00eda de\u00a0<strong>Estados Unidos<\/strong>\u00a0sigue esta regla, hay excepciones. Los lugares que\u00a0<strong>no cambian la hora<\/strong>\u00a0durante todo el a\u00f1o son:<\/p>\n\n\n\n<ul class=\"wp-block-list\">\n<li><strong>Haw\u00e1i<\/strong><\/li>\n\n\n\n<li><strong>Gran parte de Arizona<\/strong><\/li>\n<\/ul>\n\n\n\n<p>Y varios territorios estadounidenses:<\/p>\n\n\n\n<ul class=\"wp-block-list\">\n<li><strong>Puerto Rico<\/strong><\/li>\n\n\n\n<li><strong>Islas V\u00edrgenes<\/strong><\/li>\n\n\n\n<li><strong>Guam<\/strong><\/li>\n\n\n\n<li><strong>Islas Marianas del Norte<\/strong><\/li>\n\n\n\n<li><strong>Samoa Americana<\/strong><\/li>\n<\/ul>\n\n\n\n<p>All\u00ed se mantiene siempre el&nbsp;<strong>horario est\u00e1ndar<\/strong>.<\/p>\n\n\n\n<h2 class=\"wp-block-heading\">La conversaci\u00f3n que nunca se acaba<\/h2>\n\n\n\n<p>Curiosamente, el\u00a0<strong>cambio de hora en Estados Unidos<\/strong>\u00a0lleva a\u00f1os generando debate. Muchos m\u00e9dicos aseguran que alterar el reloj biol\u00f3gico afecta el sue\u00f1o, la productividad e incluso el estado de \u00e1nimo. Otros defienden que las tardes con m\u00e1s luz benefician la econom\u00eda y la vida social. Entre los cubanos de la di\u00e1spora la reacci\u00f3n suele ser m\u00e1s pr\u00e1ctica que filos\u00f3fica. Uno escucha frases como:<\/p>\n\n\n\n<p>\u2014&nbsp;<em>\u201cAsere, lo \u00fanico que s\u00e9 es que el domingo duermo menos.\u201d<\/em><br>\u2014&nbsp;<em>\u201cEso me descuadra el caf\u00e9 de la ma\u00f1ana.\u201d<\/em><br>\u2014&nbsp;<em>\u201cBueno\u2026 por lo menos ahora se puede salir de la oficina y todav\u00eda hay sol.\u201d<\/em><\/p>\n\n\n\n<p>En\u00a0<strong>Hialeah, Tampa o Madrid<\/strong>, donde vive gran parte de la di\u00e1spora cubana, el comentario siempre se repite cada marzo. Y as\u00ed, a\u00f1o tras a\u00f1o, seguimos moviendo el reloj\u2026 aunque todav\u00eda muchos se pregunten si realmente vale la pena.<\/p>\n\n\n\n<hr class=\"wp-block-separator has-alpha-channel-opacity\"\/>\n\n\n\n<div class=\"wp-block-media-text is-stacked-on-mobile\"><figure class=\"wp-block-media-text__media\"><img loading=\"lazy\" decoding=\"async\" width=\"1024\" height=\"683\" src=\"https:\/\/akubaa.com\/wp-content\/uploads\/2026\/01\/Imagen-223-1024x683.jpeg\" alt=\"\" class=\"wp-image-2445 size-full\" srcset=\"https:\/\/akubaa.com\/wp-content\/uploads\/2026\/01\/Imagen-223-1024x683.jpeg 1024w, https:\/\/akubaa.com\/wp-content\/uploads\/2026\/01\/Imagen-223-600x400.jpeg 600w, https:\/\/akubaa.com\/wp-content\/uploads\/2026\/01\/Imagen-223-300x200.jpeg 300w, https:\/\/akubaa.com\/wp-content\/uploads\/2026\/01\/Imagen-223-768x512.jpeg 768w, https:\/\/akubaa.com\/wp-content\/uploads\/2026\/01\/Imagen-223-1320x880.jpeg 1320w, https:\/\/akubaa.com\/wp-content\/uploads\/2026\/01\/Imagen-223.jpeg 1536w\" sizes=\"auto, (max-width: 1024px) 100vw, 1024px\" \/><\/figure><div class=\"wp-block-media-text__content\">\n<p><br><br>\u00a0\u00bfTienes un negocio? . Publicalo aqu\u00ed ,solo te tarda un minuto y conecta con personas que buscan lo que t\u00fa ofreces.<strong><a href=\"https:\/\/akubaa.com\/index.php\/directorio-de-negocios-cubanos-akubaa\/\">Clic y descubre todas las ventajas\u00a0<\/a><\/strong>que puede obtener t\u00fa ahora mismo. Es hora de llevarte al lugar que merece sin luchar con el algoritmo.<\/p>\n\n\n\n<div class=\"wp-block-buttons is-content-justification-center is-layout-flex wp-container-core-buttons-is-layout-a89b3969 wp-block-buttons-is-layout-flex\">\n<div class=\"wp-block-button\"><a class=\"wp-block-button__link wp-element-button\" href=\"https:\/\/akubaa.com\/index.php\/negocio\/\">PUBLICA TU NEGOCIO AQUI <\/a><\/div>\n<\/div>\n<\/div><\/div>\n\n\n\n<hr class=\"wp-block-separator has-alpha-channel-opacity\"\/>\n\n\n\n<h2 class=\"wp-block-heading\">La reflexi\u00f3n de AKubaa<\/h2>\n\n\n\n<p><a href=\"https:\/\/akmundovirtual.com\" type=\"link\" id=\"https:\/\/akmundovirtual.com\">Desde\u00a0<strong>AKubaa<\/strong>\u00a0<\/a>creemos que estos peque\u00f1os cambios muestran algo interesante: c\u00f3mo una simple decisi\u00f3n del reloj puede alterar el ritmo de millones de personas. La pregunta que queda flotando es simple pero poderosa. Si el mundo ya funciona 24\/7 con tecnolog\u00eda, \u00bftiene sentido seguir moviendo la hora dos veces al a\u00f1o?.<\/p>\n\n\n\n<p>\ud83d\udcac Te leemos: \u00bfTe gusta el\u00a0<strong>horario de verano<\/strong>\u00a0o preferir\u00edas que se eliminara definitivamente?.<\/p>\n\n\n\n<p>La conversaci\u00f3n sigue abierta en&nbsp;<strong><a>www.akubaa.com<\/a><\/strong>&nbsp;y en nuestras redes. Porque cuando el reloj cambia\u2026 tambi\u00e9n cambia la conversaci\u00f3n.<\/p>\n\n\n\n<hr class=\"wp-block-separator has-alpha-channel-opacity\"\/>\n\n\n\n<h2 class=\"wp-block-heading\">M\u00e1s en AKubaa<\/h2>\n\n\n<ul class=\"wp-block-latest-posts__list is-grid columns-3 wp-block-latest-posts\"><li><div class=\"wp-block-latest-posts__featured-image aligncenter\"><a href=\"https:\/\/akubaa.com\/index.php\/2026\/04\/21\/imaray-ulloa-de-influecer-a-ganadora-de-fisicoculturismo\/\" aria-label=\"Imaray Ulloa se sube a otra tarima: dos medallas, ocho meses de disciplina y una lecci\u00f3n que la di\u00e1spora entendi\u00f3 enseguida.\"><img loading=\"lazy\" decoding=\"async\" width=\"150\" height=\"150\" src=\"https:\/\/akubaa.com\/wp-content\/uploads\/2026\/04\/image-14-150x150.png\" class=\"attachment-thumbnail size-thumbnail wp-post-image\" alt=\"\" style=\"\" srcset=\"https:\/\/akubaa.com\/wp-content\/uploads\/2026\/04\/image-14-150x150.png 150w, https:\/\/akubaa.com\/wp-content\/uploads\/2026\/04\/image-14-300x300.png 300w, https:\/\/akubaa.com\/wp-content\/uploads\/2026\/04\/image-14-100x100.png 100w\" sizes=\"auto, (max-width: 150px) 100vw, 150px\" \/><\/a><\/div><a class=\"wp-block-latest-posts__post-title\" href=\"https:\/\/akubaa.com\/index.php\/2026\/04\/21\/imaray-ulloa-de-influecer-a-ganadora-de-fisicoculturismo\/\">Imaray Ulloa se sube a otra tarima: dos medallas, ocho meses de disciplina y una lecci\u00f3n que la di\u00e1spora entendi\u00f3 enseguida.<\/a><\/li>\n<li><div class=\"wp-block-latest-posts__featured-image aligncenter\"><a href=\"https:\/\/akubaa.com\/index.php\/2026\/04\/10\/horoscopo-del-10-de-abril-de-2026\/\" aria-label=\"Hor\u00f3scopo del 10 de abril de 2026: lo que el universo te quiere decir hoy (y lo que debes evitar a toda costa).\u00a0\"><img loading=\"lazy\" decoding=\"async\" width=\"150\" height=\"150\" src=\"https:\/\/akubaa.com\/wp-content\/uploads\/2026\/04\/image-13-150x150.png\" class=\"attachment-thumbnail size-thumbnail wp-post-image\" alt=\"\" style=\"\" srcset=\"https:\/\/akubaa.com\/wp-content\/uploads\/2026\/04\/image-13-150x150.png 150w, https:\/\/akubaa.com\/wp-content\/uploads\/2026\/04\/image-13-300x300.png 300w, https:\/\/akubaa.com\/wp-content\/uploads\/2026\/04\/image-13-100x100.png 100w\" sizes=\"auto, (max-width: 150px) 100vw, 150px\" \/><\/a><\/div><a class=\"wp-block-latest-posts__post-title\" href=\"https:\/\/akubaa.com\/index.php\/2026\/04\/10\/horoscopo-del-10-de-abril-de-2026\/\">Hor\u00f3scopo del 10 de abril de 2026: lo que el universo te quiere decir hoy (y lo que debes evitar a toda costa).\u00a0<\/a><\/li>\n<li><div class=\"wp-block-latest-posts__featured-image aligncenter\"><a href=\"https:\/\/akubaa.com\/index.php\/2026\/04\/09\/horoscopo-del-9-de-abril-de-2026\/\" aria-label=\"\ud83d\udd2e\u00a0Hor\u00f3scopo del 9 de abril de 2026: lo que viene no es casualidad\u2026 es destino (y t\u00fa lo vas a sentir hoy).\"><img loading=\"lazy\" decoding=\"async\" width=\"150\" height=\"150\" src=\"https:\/\/akubaa.com\/wp-content\/uploads\/2026\/04\/image-12-150x150.png\" class=\"attachment-thumbnail size-thumbnail wp-post-image\" alt=\"\" style=\"\" srcset=\"https:\/\/akubaa.com\/wp-content\/uploads\/2026\/04\/image-12-150x150.png 150w, https:\/\/akubaa.com\/wp-content\/uploads\/2026\/04\/image-12-300x300.png 300w, https:\/\/akubaa.com\/wp-content\/uploads\/2026\/04\/image-12-100x100.png 100w\" sizes=\"auto, (max-width: 150px) 100vw, 150px\" \/><\/a><\/div><a class=\"wp-block-latest-posts__post-title\" href=\"https:\/\/akubaa.com\/index.php\/2026\/04\/09\/horoscopo-del-9-de-abril-de-2026\/\">\ud83d\udd2e\u00a0Hor\u00f3scopo del 9 de abril de 2026: lo que viene no es casualidad\u2026 es destino (y t\u00fa lo vas a sentir hoy).<\/a><\/li>\n<li><div class=\"wp-block-latest-posts__featured-image aligncenter\"><a href=\"https:\/\/akubaa.com\/index.php\/2026\/04\/08\/horoscopo-del-8-de-abril-de-2026\/\" aria-label=\"\ud83d\udd2e\u00a0Hor\u00f3scopo del 8 de abril de 2026: lo que el destino no te est\u00e1 diciendo (y deber\u00edas escuchar hoy).\"><img loading=\"lazy\" decoding=\"async\" width=\"150\" height=\"150\" src=\"https:\/\/akubaa.com\/wp-content\/uploads\/2026\/04\/image-11-150x150.png\" class=\"attachment-thumbnail size-thumbnail wp-post-image\" alt=\"\" style=\"\" srcset=\"https:\/\/akubaa.com\/wp-content\/uploads\/2026\/04\/image-11-150x150.png 150w, https:\/\/akubaa.com\/wp-content\/uploads\/2026\/04\/image-11-300x300.png 300w, https:\/\/akubaa.com\/wp-content\/uploads\/2026\/04\/image-11-100x100.png 100w\" sizes=\"auto, (max-width: 150px) 100vw, 150px\" \/><\/a><\/div><a class=\"wp-block-latest-posts__post-title\" href=\"https:\/\/akubaa.com\/index.php\/2026\/04\/08\/horoscopo-del-8-de-abril-de-2026\/\">\ud83d\udd2e\u00a0Hor\u00f3scopo del 8 de abril de 2026: lo que el destino no te est\u00e1 diciendo (y deber\u00edas escuchar hoy).<\/a><\/li>\n<li><div class=\"wp-block-latest-posts__featured-image aligncenter\"><a href=\"https:\/\/akubaa.com\/index.php\/2026\/04\/07\/leoni-torres-y-el-b-convierten-cubano-en-un-grito-de-identidad-y-libertad\/\" aria-label=\"\u201cViva Cuba Libre\u201d: la canci\u00f3n que no es solo m\u00fasica\u2026 es un mensaje que ya no se puede callar.\"><img loading=\"lazy\" decoding=\"async\" width=\"150\" height=\"150\" src=\"https:\/\/akubaa.com\/wp-content\/uploads\/2026\/04\/image-10-150x150.png\" class=\"attachment-thumbnail size-thumbnail wp-post-image\" alt=\"\" style=\"\" srcset=\"https:\/\/akubaa.com\/wp-content\/uploads\/2026\/04\/image-10-150x150.png 150w, https:\/\/akubaa.com\/wp-content\/uploads\/2026\/04\/image-10-300x300.png 300w, https:\/\/akubaa.com\/wp-content\/uploads\/2026\/04\/image-10-100x100.png 100w\" sizes=\"auto, (max-width: 150px) 100vw, 150px\" \/><\/a><\/div><a class=\"wp-block-latest-posts__post-title\" href=\"https:\/\/akubaa.com\/index.php\/2026\/04\/07\/leoni-torres-y-el-b-convierten-cubano-en-un-grito-de-identidad-y-libertad\/\">\u201cViva Cuba Libre\u201d: la canci\u00f3n que no es solo m\u00fasica\u2026 es un mensaje que ya no se puede callar.<\/a><\/li>\n<li><div class=\"wp-block-latest-posts__featured-image aligncenter\"><a href=\"https:\/\/akubaa.com\/index.php\/2026\/04\/07\/horoscopo-del-7-de-abril-de-2026\/\" aria-label=\"\ud83d\udd2e\u00a0Hor\u00f3scopo del 7 de abril de 2026: lo que viene no avisa\u2026 pero s\u00ed se siente.\"><img loading=\"lazy\" decoding=\"async\" width=\"150\" height=\"150\" src=\"https:\/\/akubaa.com\/wp-content\/uploads\/2026\/04\/image-9-150x150.png\" class=\"attachment-thumbnail size-thumbnail wp-post-image\" alt=\"\" style=\"\" srcset=\"https:\/\/akubaa.com\/wp-content\/uploads\/2026\/04\/image-9-150x150.png 150w, https:\/\/akubaa.com\/wp-content\/uploads\/2026\/04\/image-9-300x300.png 300w, https:\/\/akubaa.com\/wp-content\/uploads\/2026\/04\/image-9-100x100.png 100w\" sizes=\"auto, (max-width: 150px) 100vw, 150px\" \/><\/a><\/div><a class=\"wp-block-latest-posts__post-title\" href=\"https:\/\/akubaa.com\/index.php\/2026\/04\/07\/horoscopo-del-7-de-abril-de-2026\/\">\ud83d\udd2e\u00a0Hor\u00f3scopo del 7 de abril de 2026: lo que viene no avisa\u2026 pero s\u00ed se siente.<\/a><\/li>\n<\/ul>","protected":false},"excerpt":{"rendered":"<p>Hay peque\u00f1os detalles que parecen rutinarios\u2026 hasta que nos cambian el sue\u00f1o. Y uno de ellos ocurre este mismo fin de semana. Si vives en\u00a0Miami, Hialeah, Tampa, Orlando o cualquier ciudad de Florida, este\u00a0domingo 8 de marzo de 2026\u00a0tu reloj dar\u00e1 un salto inesperado. No es un error del sistema ni un fallo del celular. [&hellip;]<\/p>\n","protected":false},"author":1,"featured_media":2705,"comment_status":"open","ping_status":"open","sticky":false,"template":"","format":"standard","meta":{"jetpack_post_was_ever_published":false,"_jetpack_newsletter_access":"","_jetpack_dont_email_post_to_subs":false,"_jetpack_newsletter_tier_id":0,"_jetpack_memberships_contains_paywalled_content":false,"_jetpack_memberships_contains_paid_content":false,"footnotes":"","jetpack_publicize_message":"","jetpack_publicize_feature_enabled":true,"jetpack_social_post_already_shared":true,"jetpack_social_options":{"image_generator_settings":{"template":"highway","default_image_id":0,"font":"","enabled":false},"version":2}},"categories":[4],"tags":[],"class_list":["post-2704","post","type-post","status-publish","format-standard","has-post-thumbnail","hentry","category-noticias-y-actualidad"],"yoast_head":"<!-- This site is optimized with the Yoast SEO plugin v27.5 - https:\/\/yoast.com\/product\/yoast-seo-wordpress\/ -->\n<title>Regresa horario de verano en Estados Unidos. - AKubaa<\/title>\n<meta name=\"description\" content=\"Enterate si vives en cualquier ciudad de Florida, este\u00a0domingo 8 de marzo de 2026\u00a0regresamos al\u00a0horario de verano en Estados Unidos.\" \/>\n<meta name=\"robots\" content=\"index, follow, max-snippet:-1, max-image-preview:large, max-video-preview:-1\" \/>\n<link rel=\"canonical\" href=\"https:\/\/akubaa.com\/index.php\/2026\/03\/07\/horario-de-verano-en-estados-unidos\/\" \/>\n<meta property=\"og:locale\" content=\"es_ES\" \/>\n<meta property=\"og:type\" content=\"article\" \/>\n<meta property=\"og:title\" content=\"Regresa horario de verano en Estados Unidos. - AKubaa\" \/>\n<meta property=\"og:description\" content=\"Enterate si vives en cualquier ciudad de Florida, este\u00a0domingo 8 de marzo de 2026\u00a0regresamos al\u00a0horario de verano en Estados Unidos.\" \/>\n<meta property=\"og:url\" content=\"https:\/\/akubaa.com\/index.php\/2026\/03\/07\/horario-de-verano-en-estados-unidos\/\" \/>\n<meta property=\"og:site_name\" content=\"AKubaa\" \/>\n<meta property=\"article:publisher\" content=\"https:\/\/www.facebook.com\/akubaa\" \/>\n<meta property=\"article:author\" content=\"https:\/\/www.facebook.com\/akubaa\" \/>\n<meta property=\"article:published_time\" content=\"2026-03-07T14:50:34+00:00\" \/>\n<meta property=\"article:modified_time\" content=\"2026-03-07T23:52:17+00:00\" \/>\n<meta property=\"og:image\" content=\"https:\/\/akubaa.com\/wp-content\/uploads\/2026\/03\/Imagen-2.jpeg\" \/>\n\t<meta property=\"og:image:width\" content=\"1536\" \/>\n\t<meta property=\"og:image:height\" content=\"1024\" \/>\n\t<meta property=\"og:image:type\" content=\"image\/jpeg\" \/>\n<meta name=\"author\" content=\"AKubaa\" \/>\n<meta name=\"twitter:card\" content=\"summary_large_image\" \/>\n<meta name=\"twitter:label1\" content=\"Escrito por\" \/>\n\t<meta name=\"twitter:data1\" content=\"AKubaa\" \/>\n\t<meta name=\"twitter:label2\" content=\"Tiempo de lectura\" \/>\n\t<meta name=\"twitter:data2\" content=\"5 minutos\" \/>\n<script type=\"application\/ld+json\" class=\"yoast-schema-graph\">{\"@context\":\"https:\\\/\\\/schema.org\",\"@graph\":[{\"@type\":\"Article\",\"@id\":\"https:\\\/\\\/akubaa.com\\\/index.php\\\/2026\\\/03\\\/07\\\/horario-de-verano-en-estados-unidos\\\/#article\",\"isPartOf\":{\"@id\":\"https:\\\/\\\/akubaa.com\\\/index.php\\\/2026\\\/03\\\/07\\\/horario-de-verano-en-estados-unidos\\\/\"},\"author\":{\"name\":\"AKubaa\",\"@id\":\"https:\\\/\\\/akubaa.com\\\/#\\\/schema\\\/person\\\/b096b63c1ad27204e55fabb2cf2153a5\"},\"headline\":\"Cuando el reloj se mueve en Florida: lo que debes saber del cambio de hora este domingo (y por qu\u00e9 muchos todav\u00eda lo discuten).\",\"datePublished\":\"2026-03-07T14:50:34+00:00\",\"dateModified\":\"2026-03-07T23:52:17+00:00\",\"mainEntityOfPage\":{\"@id\":\"https:\\\/\\\/akubaa.com\\\/index.php\\\/2026\\\/03\\\/07\\\/horario-de-verano-en-estados-unidos\\\/\"},\"wordCount\":848,\"commentCount\":0,\"publisher\":{\"@id\":\"https:\\\/\\\/akubaa.com\\\/#\\\/schema\\\/person\\\/b096b63c1ad27204e55fabb2cf2153a5\"},\"image\":{\"@id\":\"https:\\\/\\\/akubaa.com\\\/index.php\\\/2026\\\/03\\\/07\\\/horario-de-verano-en-estados-unidos\\\/#primaryimage\"},\"thumbnailUrl\":\"https:\\\/\\\/akubaa.com\\\/wp-content\\\/uploads\\\/2026\\\/03\\\/Imagen-2.jpeg\",\"articleSection\":[\"Noticias y Actualidad\"],\"inLanguage\":\"es\",\"potentialAction\":[{\"@type\":\"CommentAction\",\"name\":\"Comment\",\"target\":[\"https:\\\/\\\/akubaa.com\\\/index.php\\\/2026\\\/03\\\/07\\\/horario-de-verano-en-estados-unidos\\\/#respond\"]}]},{\"@type\":\"WebPage\",\"@id\":\"https:\\\/\\\/akubaa.com\\\/index.php\\\/2026\\\/03\\\/07\\\/horario-de-verano-en-estados-unidos\\\/\",\"url\":\"https:\\\/\\\/akubaa.com\\\/index.php\\\/2026\\\/03\\\/07\\\/horario-de-verano-en-estados-unidos\\\/\",\"name\":\"Regresa horario de verano en Estados Unidos. - AKubaa\",\"isPartOf\":{\"@id\":\"https:\\\/\\\/akubaa.com\\\/#website\"},\"primaryImageOfPage\":{\"@id\":\"https:\\\/\\\/akubaa.com\\\/index.php\\\/2026\\\/03\\\/07\\\/horario-de-verano-en-estados-unidos\\\/#primaryimage\"},\"image\":{\"@id\":\"https:\\\/\\\/akubaa.com\\\/index.php\\\/2026\\\/03\\\/07\\\/horario-de-verano-en-estados-unidos\\\/#primaryimage\"},\"thumbnailUrl\":\"https:\\\/\\\/akubaa.com\\\/wp-content\\\/uploads\\\/2026\\\/03\\\/Imagen-2.jpeg\",\"datePublished\":\"2026-03-07T14:50:34+00:00\",\"dateModified\":\"2026-03-07T23:52:17+00:00\",\"description\":\"Enterate si vives en cualquier ciudad de Florida, este\u00a0domingo 8 de marzo de 2026\u00a0regresamos al\u00a0horario de verano en Estados Unidos.\",\"breadcrumb\":{\"@id\":\"https:\\\/\\\/akubaa.com\\\/index.php\\\/2026\\\/03\\\/07\\\/horario-de-verano-en-estados-unidos\\\/#breadcrumb\"},\"inLanguage\":\"es\",\"potentialAction\":[{\"@type\":\"ReadAction\",\"target\":[\"https:\\\/\\\/akubaa.com\\\/index.php\\\/2026\\\/03\\\/07\\\/horario-de-verano-en-estados-unidos\\\/\"]}]},{\"@type\":\"ImageObject\",\"inLanguage\":\"es\",\"@id\":\"https:\\\/\\\/akubaa.com\\\/index.php\\\/2026\\\/03\\\/07\\\/horario-de-verano-en-estados-unidos\\\/#primaryimage\",\"url\":\"https:\\\/\\\/akubaa.com\\\/wp-content\\\/uploads\\\/2026\\\/03\\\/Imagen-2.jpeg\",\"contentUrl\":\"https:\\\/\\\/akubaa.com\\\/wp-content\\\/uploads\\\/2026\\\/03\\\/Imagen-2.jpeg\",\"width\":1536,\"height\":1024},{\"@type\":\"BreadcrumbList\",\"@id\":\"https:\\\/\\\/akubaa.com\\\/index.php\\\/2026\\\/03\\\/07\\\/horario-de-verano-en-estados-unidos\\\/#breadcrumb\",\"itemListElement\":[{\"@type\":\"ListItem\",\"position\":1,\"name\":\"Portada\",\"item\":\"https:\\\/\\\/akubaa.com\\\/\"},{\"@type\":\"ListItem\",\"position\":2,\"name\":\"Cuando el reloj se mueve en Florida: lo que debes saber del cambio de hora este domingo (y por qu\u00e9 muchos todav\u00eda lo discuten).\"}]},{\"@type\":\"WebSite\",\"@id\":\"https:\\\/\\\/akubaa.com\\\/#website\",\"url\":\"https:\\\/\\\/akubaa.com\\\/\",\"name\":\"AKubaa\",\"description\":\"Vive ,conoce y disfruta Cuba al estilo de A&amp;K.\",\"publisher\":{\"@id\":\"https:\\\/\\\/akubaa.com\\\/#\\\/schema\\\/person\\\/b096b63c1ad27204e55fabb2cf2153a5\"},\"potentialAction\":[{\"@type\":\"SearchAction\",\"target\":{\"@type\":\"EntryPoint\",\"urlTemplate\":\"https:\\\/\\\/akubaa.com\\\/?s={search_term_string}\"},\"query-input\":{\"@type\":\"PropertyValueSpecification\",\"valueRequired\":true,\"valueName\":\"search_term_string\"}}],\"inLanguage\":\"es\"},{\"@type\":[\"Person\",\"Organization\"],\"@id\":\"https:\\\/\\\/akubaa.com\\\/#\\\/schema\\\/person\\\/b096b63c1ad27204e55fabb2cf2153a5\",\"name\":\"AKubaa\",\"image\":{\"@type\":\"ImageObject\",\"inLanguage\":\"es\",\"@id\":\"https:\\\/\\\/akubaa.com\\\/wp-content\\\/uploads\\\/2025\\\/08\\\/Imagen-17.jpeg\",\"url\":\"https:\\\/\\\/akubaa.com\\\/wp-content\\\/uploads\\\/2025\\\/08\\\/Imagen-17.jpeg\",\"contentUrl\":\"https:\\\/\\\/akubaa.com\\\/wp-content\\\/uploads\\\/2025\\\/08\\\/Imagen-17.jpeg\",\"width\":1024,\"height\":1024,\"caption\":\"AKubaa\"},\"logo\":{\"@id\":\"https:\\\/\\\/akubaa.com\\\/wp-content\\\/uploads\\\/2025\\\/08\\\/Imagen-17.jpeg\"},\"sameAs\":[\"https:\\\/\\\/akubaa.com\",\"https:\\\/\\\/www.facebook.com\\\/akubaa\",\"https:\\\/\\\/www.instagram.com\\\/akubaa?\"],\"url\":\"https:\\\/\\\/akubaa.com\\\/index.php\\\/profile\\\/admin\\\/\"}]}<\/script>\n<!-- \/ Yoast SEO plugin. -->","yoast_head_json":{"title":"Regresa horario de verano en Estados Unidos. - AKubaa","description":"Enterate si vives en cualquier ciudad de Florida, este\u00a0domingo 8 de marzo de 2026\u00a0regresamos al\u00a0horario de verano en Estados Unidos.","robots":{"index":"index","follow":"follow","max-snippet":"max-snippet:-1","max-image-preview":"max-image-preview:large","max-video-preview":"max-video-preview:-1"},"canonical":"https:\/\/akubaa.com\/index.php\/2026\/03\/07\/horario-de-verano-en-estados-unidos\/","og_locale":"es_ES","og_type":"article","og_title":"Regresa horario de verano en Estados Unidos. - AKubaa","og_description":"Enterate si vives en cualquier ciudad de Florida, este\u00a0domingo 8 de marzo de 2026\u00a0regresamos al\u00a0horario de verano en Estados Unidos.","og_url":"https:\/\/akubaa.com\/index.php\/2026\/03\/07\/horario-de-verano-en-estados-unidos\/","og_site_name":"AKubaa","article_publisher":"https:\/\/www.facebook.com\/akubaa","article_author":"https:\/\/www.facebook.com\/akubaa","article_published_time":"2026-03-07T14:50:34+00:00","article_modified_time":"2026-03-07T23:52:17+00:00","og_image":[{"width":1536,"height":1024,"url":"https:\/\/akubaa.com\/wp-content\/uploads\/2026\/03\/Imagen-2.jpeg","type":"image\/jpeg"}],"author":"AKubaa","twitter_card":"summary_large_image","twitter_misc":{"Escrito por":"AKubaa","Tiempo de lectura":"5 minutos"},"schema":{"@context":"https:\/\/schema.org","@graph":[{"@type":"Article","@id":"https:\/\/akubaa.com\/index.php\/2026\/03\/07\/horario-de-verano-en-estados-unidos\/#article","isPartOf":{"@id":"https:\/\/akubaa.com\/index.php\/2026\/03\/07\/horario-de-verano-en-estados-unidos\/"},"author":{"name":"AKubaa","@id":"https:\/\/akubaa.com\/#\/schema\/person\/b096b63c1ad27204e55fabb2cf2153a5"},"headline":"Cuando el reloj se mueve en Florida: lo que debes saber del cambio de hora este domingo (y por qu\u00e9 muchos todav\u00eda lo discuten).","datePublished":"2026-03-07T14:50:34+00:00","dateModified":"2026-03-07T23:52:17+00:00","mainEntityOfPage":{"@id":"https:\/\/akubaa.com\/index.php\/2026\/03\/07\/horario-de-verano-en-estados-unidos\/"},"wordCount":848,"commentCount":0,"publisher":{"@id":"https:\/\/akubaa.com\/#\/schema\/person\/b096b63c1ad27204e55fabb2cf2153a5"},"image":{"@id":"https:\/\/akubaa.com\/index.php\/2026\/03\/07\/horario-de-verano-en-estados-unidos\/#primaryimage"},"thumbnailUrl":"https:\/\/akubaa.com\/wp-content\/uploads\/2026\/03\/Imagen-2.jpeg","articleSection":["Noticias y Actualidad"],"inLanguage":"es","potentialAction":[{"@type":"CommentAction","name":"Comment","target":["https:\/\/akubaa.com\/index.php\/2026\/03\/07\/horario-de-verano-en-estados-unidos\/#respond"]}]},{"@type":"WebPage","@id":"https:\/\/akubaa.com\/index.php\/2026\/03\/07\/horario-de-verano-en-estados-unidos\/","url":"https:\/\/akubaa.com\/index.php\/2026\/03\/07\/horario-de-verano-en-estados-unidos\/","name":"Regresa horario de verano en Estados Unidos. - AKubaa","isPartOf":{"@id":"https:\/\/akubaa.com\/#website"},"primaryImageOfPage":{"@id":"https:\/\/akubaa.com\/index.php\/2026\/03\/07\/horario-de-verano-en-estados-unidos\/#primaryimage"},"image":{"@id":"https:\/\/akubaa.com\/index.php\/2026\/03\/07\/horario-de-verano-en-estados-unidos\/#primaryimage"},"thumbnailUrl":"https:\/\/akubaa.com\/wp-content\/uploads\/2026\/03\/Imagen-2.jpeg","datePublished":"2026-03-07T14:50:34+00:00","dateModified":"2026-03-07T23:52:17+00:00","description":"Enterate si vives en cualquier ciudad de Florida, este\u00a0domingo 8 de marzo de 2026\u00a0regresamos al\u00a0horario de verano en Estados Unidos.","breadcrumb":{"@id":"https:\/\/akubaa.com\/index.php\/2026\/03\/07\/horario-de-verano-en-estados-unidos\/#breadcrumb"},"inLanguage":"es","potentialAction":[{"@type":"ReadAction","target":["https:\/\/akubaa.com\/index.php\/2026\/03\/07\/horario-de-verano-en-estados-unidos\/"]}]},{"@type":"ImageObject","inLanguage":"es","@id":"https:\/\/akubaa.com\/index.php\/2026\/03\/07\/horario-de-verano-en-estados-unidos\/#primaryimage","url":"https:\/\/akubaa.com\/wp-content\/uploads\/2026\/03\/Imagen-2.jpeg","contentUrl":"https:\/\/akubaa.com\/wp-content\/uploads\/2026\/03\/Imagen-2.jpeg","width":1536,"height":1024},{"@type":"BreadcrumbList","@id":"https:\/\/akubaa.com\/index.php\/2026\/03\/07\/horario-de-verano-en-estados-unidos\/#breadcrumb","itemListElement":[{"@type":"ListItem","position":1,"name":"Portada","item":"https:\/\/akubaa.com\/"},{"@type":"ListItem","position":2,"name":"Cuando el reloj se mueve en Florida: lo que debes saber del cambio de hora este domingo (y por qu\u00e9 muchos todav\u00eda lo discuten)."}]},{"@type":"WebSite","@id":"https:\/\/akubaa.com\/#website","url":"https:\/\/akubaa.com\/","name":"AKubaa","description":"Vive ,conoce y disfruta Cuba al estilo de A&amp;K.","publisher":{"@id":"https:\/\/akubaa.com\/#\/schema\/person\/b096b63c1ad27204e55fabb2cf2153a5"},"potentialAction":[{"@type":"SearchAction","target":{"@type":"EntryPoint","urlTemplate":"https:\/\/akubaa.com\/?s={search_term_string}"},"query-input":{"@type":"PropertyValueSpecification","valueRequired":true,"valueName":"search_term_string"}}],"inLanguage":"es"},{"@type":["Person","Organization"],"@id":"https:\/\/akubaa.com\/#\/schema\/person\/b096b63c1ad27204e55fabb2cf2153a5","name":"AKubaa","image":{"@type":"ImageObject","inLanguage":"es","@id":"https:\/\/akubaa.com\/wp-content\/uploads\/2025\/08\/Imagen-17.jpeg","url":"https:\/\/akubaa.com\/wp-content\/uploads\/2025\/08\/Imagen-17.jpeg","contentUrl":"https:\/\/akubaa.com\/wp-content\/uploads\/2025\/08\/Imagen-17.jpeg","width":1024,"height":1024,"caption":"AKubaa"},"logo":{"@id":"https:\/\/akubaa.com\/wp-content\/uploads\/2025\/08\/Imagen-17.jpeg"},"sameAs":["https:\/\/akubaa.com","https:\/\/www.facebook.com\/akubaa","https:\/\/www.instagram.com\/akubaa?"],"url":"https:\/\/akubaa.com\/index.php\/profile\/admin\/"}]}},"jetpack_publicize_connections":[],"jetpack_featured_media_url":"https:\/\/akubaa.com\/wp-content\/uploads\/2026\/03\/Imagen-2.jpeg","jetpack_sharing_enabled":true,"jetpack_likes_enabled":true,"jetpack-related-posts":[{"id":1104,"url":"https:\/\/akubaa.com\/index.php\/2025\/09\/03\/gana-una-hora-sin-caos-el-cambio-de-hora-2025-en-estados-unidos-y-como-no-te-agarre-fuera-de-base\/","url_meta":{"origin":2704,"position":0},"title":"Gana una hora sin caos: el cambio de hora 2025 en Estados Unidos (y c\u00f3mo no te agarre fuera de base)","author":"AKubaa","date":"09\/03\/2025","format":false,"excerpt":"Si vives en\u00a0Estados Unidos, ya hay fecha exacta para\u00a0atrasar el reloj: ser\u00e1 el\u00a0domingo 2 de noviembre de 2025, a las 2:00 a. m.\u00a0En ese minuto, el reloj \u201ccae\u201d a la\u00a01:00 a. m.\u00a0y entramos al\u00a0horario est\u00e1ndar. S\u00ed, la famosa movida de\u00a0\u201cfall back\u201d. Esto aplica en casi todo el pa\u00eds, con excepciones\u2026","rel":"","context":"En \u00abNoticias y Actualidad\u00bb","block_context":{"text":"Noticias y Actualidad","link":"https:\/\/akubaa.com\/index.php\/category\/noticias-y-actualidad\/"},"img":{"alt_text":"","src":"https:\/\/i0.wp.com\/akubaa.com\/wp-content\/uploads\/2025\/08\/image-15.png?resize=350%2C200&ssl=1","width":350,"height":200,"srcset":"https:\/\/i0.wp.com\/akubaa.com\/wp-content\/uploads\/2025\/08\/image-15.png?resize=350%2C200&ssl=1 1x, https:\/\/i0.wp.com\/akubaa.com\/wp-content\/uploads\/2025\/08\/image-15.png?resize=525%2C300&ssl=1 1.5x, https:\/\/i0.wp.com\/akubaa.com\/wp-content\/uploads\/2025\/08\/image-15.png?resize=700%2C400&ssl=1 2x, https:\/\/i0.wp.com\/akubaa.com\/wp-content\/uploads\/2025\/08\/image-15.png?resize=1050%2C600&ssl=1 3x, https:\/\/i0.wp.com\/akubaa.com\/wp-content\/uploads\/2025\/08\/image-15.png?resize=1400%2C800&ssl=1 4x"},"classes":[]},{"id":1821,"url":"https:\/\/akubaa.com\/index.php\/2025\/11\/01\/cambia-la-hora-en-cuba-y-miami-este-fin-de-semana\/","url_meta":{"origin":2704,"position":1},"title":"Cambia la hora en Cuba y Miami este fin de semana: \u00bfSe atrasa o adelanta el reloj?.","author":"AKubaa","date":"11\/01\/2025","format":false,"excerpt":"Nunca deja de sorprenderme c\u00f3mo un simple movimiento de manecillas \u2014una hora hacia adelante o hacia atr\u00e1s puede alterar tanto nuestras rutinas, nuestro humor y hasta el ritmo con que late la ciudad. Este fin de semana, tanto\u00a0Cuba\u00a0como\u00a0Miami\u00a0vuelven a coincidir en ese curioso ritual de ajustar el tiempo. El\u00a0domingo 2\u2026","rel":"","context":"Entrada similar","block_context":{"text":"Entrada similar","link":""},"img":{"alt_text":"","src":"https:\/\/i0.wp.com\/akubaa.com\/wp-content\/uploads\/2025\/10\/image-70.png?resize=350%2C200&ssl=1","width":350,"height":200,"srcset":"https:\/\/i0.wp.com\/akubaa.com\/wp-content\/uploads\/2025\/10\/image-70.png?resize=350%2C200&ssl=1 1x, https:\/\/i0.wp.com\/akubaa.com\/wp-content\/uploads\/2025\/10\/image-70.png?resize=525%2C300&ssl=1 1.5x, https:\/\/i0.wp.com\/akubaa.com\/wp-content\/uploads\/2025\/10\/image-70.png?resize=700%2C400&ssl=1 2x, https:\/\/i0.wp.com\/akubaa.com\/wp-content\/uploads\/2025\/10\/image-70.png?resize=1050%2C600&ssl=1 3x, https:\/\/i0.wp.com\/akubaa.com\/wp-content\/uploads\/2025\/10\/image-70.png?resize=1400%2C800&ssl=1 4x"},"classes":[]},{"id":2902,"url":"https:\/\/akubaa.com\/index.php\/2026\/03\/27\/la-cuba-que-imagina-desantis\/","url_meta":{"origin":2704,"position":2},"title":"\u201cLa Cuba que imagina DeSantis: \u00bfsue\u00f1o posible o promesa pol\u00edtica con sabor a Miami?\u201d.","author":"AKubaa","date":"03\/27\/2026","format":false,"excerpt":"Hay momentos en los que una declaraci\u00f3n pol\u00edtica no suena a discurso\u2026 suena a pel\u00edcula. Y eso fue exactamente lo que sent\u00ed cuando escuch\u00e9 c\u00f3mo\u00a0Ron DeSantis\u00a0imagina a Cuba despu\u00e9s del fin del castrismo: una isla pr\u00f3spera, conectada con Florida, llena de turistas, inversiones y hasta torneos de golf. Pero yo,\u2026","rel":"","context":"En \u00abNoticias y Actualidad\u00bb","block_context":{"text":"Noticias y Actualidad","link":"https:\/\/akubaa.com\/index.php\/category\/noticias-y-actualidad\/"},"img":{"alt_text":"","src":"https:\/\/i0.wp.com\/akubaa.com\/wp-content\/uploads\/2026\/03\/image-70.png?resize=350%2C200&ssl=1","width":350,"height":200,"srcset":"https:\/\/i0.wp.com\/akubaa.com\/wp-content\/uploads\/2026\/03\/image-70.png?resize=350%2C200&ssl=1 1x, https:\/\/i0.wp.com\/akubaa.com\/wp-content\/uploads\/2026\/03\/image-70.png?resize=525%2C300&ssl=1 1.5x, https:\/\/i0.wp.com\/akubaa.com\/wp-content\/uploads\/2026\/03\/image-70.png?resize=700%2C400&ssl=1 2x, https:\/\/i0.wp.com\/akubaa.com\/wp-content\/uploads\/2026\/03\/image-70.png?resize=1050%2C600&ssl=1 3x, https:\/\/i0.wp.com\/akubaa.com\/wp-content\/uploads\/2026\/03\/image-70.png?resize=1400%2C800&ssl=1 4x"},"classes":[]},{"id":2817,"url":"https:\/\/akubaa.com\/index.php\/2026\/03\/22\/florida-mira-al-mar-cuba-mira-al-abismo-el-miedo-a-un-nuevo-exodo-ya-no-se-susurra\/","url_meta":{"origin":2704,"position":3},"title":"Florida mira al mar, Cuba mira al abismo: el miedo a un nuevo \u00e9xodo ya no se susurra.","author":"AKubaa","date":"03\/22\/2026","format":false,"excerpt":"Posible \u00e9xodo masivo de cubanos: Florida en alerta y la Isla al l\u00edmite Yo no creo que en Cuba haya que esperar una explosi\u00f3n para saber que algo se est\u00e1 rompiendo. Basta con mirar la vida diaria: apagones largos, comida m\u00e1s cara que la paciencia, transporte hecho polvo y una\u2026","rel":"","context":"En \u00abNoticias y Actualidad\u00bb","block_context":{"text":"Noticias y Actualidad","link":"https:\/\/akubaa.com\/index.php\/category\/noticias-y-actualidad\/"},"img":{"alt_text":"","src":"https:\/\/i0.wp.com\/akubaa.com\/wp-content\/uploads\/2026\/03\/image-31.png?resize=350%2C200&ssl=1","width":350,"height":200,"srcset":"https:\/\/i0.wp.com\/akubaa.com\/wp-content\/uploads\/2026\/03\/image-31.png?resize=350%2C200&ssl=1 1x, https:\/\/i0.wp.com\/akubaa.com\/wp-content\/uploads\/2026\/03\/image-31.png?resize=525%2C300&ssl=1 1.5x, https:\/\/i0.wp.com\/akubaa.com\/wp-content\/uploads\/2026\/03\/image-31.png?resize=700%2C400&ssl=1 2x, https:\/\/i0.wp.com\/akubaa.com\/wp-content\/uploads\/2026\/03\/image-31.png?resize=1050%2C600&ssl=1 3x, https:\/\/i0.wp.com\/akubaa.com\/wp-content\/uploads\/2026\/03\/image-31.png?resize=1400%2C800&ssl=1 4x"},"classes":[]},{"id":923,"url":"https:\/\/akubaa.com\/index.php\/2025\/08\/05\/el-nuevo-salario-minimo-y-su-impacto-en-florida\/","url_meta":{"origin":2704,"position":4},"title":"Te va a cambiar el bolsillo: el giro silencioso que viene con tu pr\u00f3ximo cheque en Florida\u00bb","author":"AKubaa","date":"08\/05\/2025","format":false,"excerpt":"\u00bfSab\u00edas que una sola firma en una boleta electoral puede cambiar lo que cobras, lo que pagas\u2026 y lo que callas? . .Porque eso fue exactamente lo que ocurri\u00f3 en Florida cuando aprobamos la Enmienda 2. Y si todav\u00eda no sabes c\u00f3mo ese voto est\u00e1 a punto de tocar tu\u2026","rel":"","context":"En \u00abNoticias y Actualidad\u00bb","block_context":{"text":"Noticias y Actualidad","link":"https:\/\/akubaa.com\/index.php\/category\/noticias-y-actualidad\/"},"img":{"alt_text":"","src":"https:\/\/i0.wp.com\/akubaa.com\/wp-content\/uploads\/2025\/08\/Imagen-20.jpeg?resize=350%2C200&ssl=1","width":350,"height":200,"srcset":"https:\/\/i0.wp.com\/akubaa.com\/wp-content\/uploads\/2025\/08\/Imagen-20.jpeg?resize=350%2C200&ssl=1 1x, https:\/\/i0.wp.com\/akubaa.com\/wp-content\/uploads\/2025\/08\/Imagen-20.jpeg?resize=525%2C300&ssl=1 1.5x, https:\/\/i0.wp.com\/akubaa.com\/wp-content\/uploads\/2025\/08\/Imagen-20.jpeg?resize=700%2C400&ssl=1 2x, https:\/\/i0.wp.com\/akubaa.com\/wp-content\/uploads\/2025\/08\/Imagen-20.jpeg?resize=1050%2C600&ssl=1 3x, https:\/\/i0.wp.com\/akubaa.com\/wp-content\/uploads\/2025\/08\/Imagen-20.jpeg?resize=1400%2C800&ssl=1 4x"},"classes":[]},{"id":1369,"url":"https:\/\/akubaa.com\/index.php\/2025\/09\/30\/florida-le-sube-el-pulso-al-bolsillo-el-salario-minimo-subira-a-14-en-septiembre-y-esto-es-lo-que-no-te-cuentan\/","url_meta":{"origin":2704,"position":5},"title":"Florida le sube el pulso al bolsillo: el salario m\u00ednimo subir\u00e1 a $14 en septiembre, y esto es lo que no te cuentan.","author":"AKubaa","date":"09\/30\/2025","format":false,"excerpt":"El 30 de septiembre de 2025 no es un d\u00eda cualquiera en el calendario de Florida. Es la fecha marcada con rojo para cientos de miles de trabajadores que, a partir de entonces, ver\u00e1n su\u00a0salario m\u00ednimo subir a $14 por hora. Una cifra que, a simple vista, parece un triunfo\u2026","rel":"","context":"En \u00abNoticias y Actualidad\u00bb","block_context":{"text":"Noticias y Actualidad","link":"https:\/\/akubaa.com\/index.php\/category\/noticias-y-actualidad\/"},"img":{"alt_text":"","src":"https:\/\/i0.wp.com\/akubaa.com\/wp-content\/uploads\/2025\/09\/image-41.png?resize=350%2C200&ssl=1","width":350,"height":200,"srcset":"https:\/\/i0.wp.com\/akubaa.com\/wp-content\/uploads\/2025\/09\/image-41.png?resize=350%2C200&ssl=1 1x, https:\/\/i0.wp.com\/akubaa.com\/wp-content\/uploads\/2025\/09\/image-41.png?resize=525%2C300&ssl=1 1.5x, https:\/\/i0.wp.com\/akubaa.com\/wp-content\/uploads\/2025\/09\/image-41.png?resize=700%2C400&ssl=1 2x, https:\/\/i0.wp.com\/akubaa.com\/wp-content\/uploads\/2025\/09\/image-41.png?resize=1050%2C600&ssl=1 3x, https:\/\/i0.wp.com\/akubaa.com\/wp-content\/uploads\/2025\/09\/image-41.png?resize=1400%2C800&ssl=1 4x"},"classes":[]}],"jetpack_shortlink":"https:\/\/wp.me\/pgrKo3-HC","_links":{"self":[{"href":"https:\/\/akubaa.com\/index.php\/wp-json\/wp\/v2\/posts\/2704","targetHints":{"allow":["GET"]}}],"collection":[{"href":"https:\/\/akubaa.com\/index.php\/wp-json\/wp\/v2\/posts"}],"about":[{"href":"https:\/\/akubaa.com\/index.php\/wp-json\/wp\/v2\/types\/post"}],"author":[{"embeddable":true,"href":"https:\/\/akubaa.com\/index.php\/wp-json\/wp\/v2\/users\/1"}],"replies":[{"embeddable":true,"href":"https:\/\/akubaa.com\/index.php\/wp-json\/wp\/v2\/comments?post=2704"}],"version-history":[{"count":0,"href":"https:\/\/akubaa.com\/index.php\/wp-json\/wp\/v2\/posts\/2704\/revisions"}],"wp:featuredmedia":[{"embeddable":true,"href":"https:\/\/akubaa.com\/index.php\/wp-json\/wp\/v2\/media\/2705"}],"wp:attachment":[{"href":"https:\/\/akubaa.com\/index.php\/wp-json\/wp\/v2\/media?parent=2704"}],"wp:term":[{"taxonomy":"category","embeddable":true,"href":"https:\/\/akubaa.com\/index.php\/wp-json\/wp\/v2\/categories?post=2704"},{"taxonomy":"post_tag","embeddable":true,"href":"https:\/\/akubaa.com\/index.php\/wp-json\/wp\/v2\/tags?post=2704"}],"curies":[{"name":"wp","href":"https:\/\/api.w.org\/{rel}","templated":true}]}}