{"id":2691,"date":"2026-03-06T12:31:08","date_gmt":"2026-03-06T16:31:08","guid":{"rendered":"https:\/\/akubaa.com\/?p=2691"},"modified":"2026-03-06T12:31:14","modified_gmt":"2026-03-06T16:31:14","slug":"cuando-la-historia-susurra-en-la-casa-blanca-la-frase-de-trump-que-hizo-sonar-al-exilio-cubano","status":"publish","type":"post","link":"https:\/\/akubaa.com\/index.php\/2026\/03\/06\/cuando-la-historia-susurra-en-la-casa-blanca-la-frase-de-trump-que-hizo-sonar-al-exilio-cubano\/","title":{"rendered":"Cuando la historia susurra en la Casa Blanca: la frase de Trump que hizo so\u00f1ar al exilio cubano."},"content":{"rendered":"\n<p>Hay momentos en la pol\u00edtica que pasan como simples frases en una ceremonia, casi como comentarios al pasar entre c\u00e1maras, aplausos y sonrisas diplom\u00e1ticas. Pero otras veces, una sola frase puede encender la imaginaci\u00f3n de millones de personas que llevan d\u00e9cadas esperando algo que parece imposible. Eso fue exactamente lo que ocurri\u00f3 en Washington. Mientras el equipo del\u00a0<strong>Inter Miami<\/strong>\u00a0celebraba su t\u00edtulo de la\u00a0<strong>Major League Soccer (MLS)<\/strong>\u00a0en la Casa Blanca, el presidente de Estados Unidos,\u00a0<strong>Donald Trump<\/strong>, mir\u00f3 a\u00a0<strong>Jorge Mas Santos<\/strong>\u00a0y le dijo algo que reson\u00f3 con fuerza en todo el exilio cubano: \u201cLos que vinieron de Cuba van a regresar. No necesitar\u00e1n mi aprobaci\u00f3n. Simplemente volar\u00e1n de regreso cuando quieran\u201d. En apariencia fue un momento breve dentro de una ceremonia deportiva. Pero cuando uno escucha esas palabras con atenci\u00f3n \u2014y entiende la historia que cargan detr\u00e1s\u2014 se da cuenta de que ese instante ten\u00eda un peso pol\u00edtico enorme. Porque para millones de cubanos que viven fuera de la isla, la posibilidad de\u00a0<strong>regresar a una Cuba libre<\/strong>\u00a0no es solo una idea pol\u00edtica. Es una herida abierta. Y tambi\u00e9n un sue\u00f1o.<\/p>\n\n\n\n<hr class=\"wp-block-separator has-alpha-channel-opacity\"\/>\n\n\n\n<div class=\"wp-block-media-text is-stacked-on-mobile\"><figure class=\"wp-block-media-text__media\"><img loading=\"lazy\" decoding=\"async\" width=\"1024\" height=\"683\" src=\"https:\/\/akubaa.com\/wp-content\/uploads\/2026\/02\/Imagen-222-1024x683.jpeg\" alt=\"\" class=\"wp-image-2608 size-full\" srcset=\"https:\/\/akubaa.com\/wp-content\/uploads\/2026\/02\/Imagen-222-1024x683.jpeg 1024w, https:\/\/akubaa.com\/wp-content\/uploads\/2026\/02\/Imagen-222-300x200.jpeg 300w, https:\/\/akubaa.com\/wp-content\/uploads\/2026\/02\/Imagen-222-768x512.jpeg 768w, https:\/\/akubaa.com\/wp-content\/uploads\/2026\/02\/Imagen-222-1320x880.jpeg 1320w, https:\/\/akubaa.com\/wp-content\/uploads\/2026\/02\/Imagen-222-600x400.jpeg 600w, https:\/\/akubaa.com\/wp-content\/uploads\/2026\/02\/Imagen-222.jpeg 1536w\" sizes=\"auto, (max-width: 1024px) 100vw, 1024px\" \/><\/figure><div class=\"wp-block-media-text__content\">\n<p>Colorear no es un juego: es desarrollo f\u00edsico, social y emocional. Cuando un ni\u00f1o colorea, pasa algo que ninguna pantalla puede replicar:\u00a0<strong>Impacto social:<\/strong>\u00a0invita al di\u00e1logo, al compartir, al \u201cmira lo que hice\u201d, al momento en familia.\u00a0<strong>Desarrollo f\u00edsico:<\/strong>\u00a0mejora la motricidad fina, la coordinaci\u00f3n mano-ojo y fortalece los m\u00fasculos de los dedos.\u00a0<strong>Beneficio psicol\u00f3gico:<\/strong>\u00a0reduce ansiedad, mejora la concentraci\u00f3n y estimula la creatividad infantil.<\/p>\n\n\n\n<div class=\"wp-block-buttons is-content-justification-center is-layout-flex wp-container-core-buttons-is-layout-a89b3969 wp-block-buttons-is-layout-flex\">\n<div class=\"wp-block-button\"><a class=\"wp-block-button__link wp-element-button\" href=\"https:\/\/www.amazon.com\/dp\/B0GMQM1LGJ?ref_=cm_sw_r_ffobk_cp_ud_dp_MECK9N8QBCJSWMTPABTQ_6&amp;bestFormat=true\">Compra los libros de colorear para tus ni\u00f1os aqui . <\/a><\/div>\n<\/div>\n<\/div><\/div>\n\n\n\n<hr class=\"wp-block-separator has-alpha-channel-opacity\"\/>\n\n\n\n<h2 class=\"wp-block-heading\"><strong>Una ceremonia deportiva que termin\u00f3 hablando de Cuba<\/strong><\/h2>\n\n\n\n<p>La escena ocurri\u00f3 en la\u00a0<strong>Sala Este de la Casa Blanca<\/strong>, durante la tradicional recepci\u00f3n que el presidente ofrece a equipos campeones de grandes ligas deportivas. El\u00a0<strong>Inter Miami<\/strong>, club copropiedad de\u00a0<strong>Jorge Mas Santos<\/strong>\u00a0y del exfutbolista ingl\u00e9s\u00a0<strong>David Beckham<\/strong>, hab\u00eda sido invitado para celebrar su reciente triunfo en la\u00a0<strong>MLS<\/strong>. Entre los presentes tambi\u00e9n se encontraba\u00a0<strong>Lionel Messi<\/strong>, estrella mundial del f\u00fatbol y figura central del equipo.<\/p>\n\n\n\n<p>Fue una ceremonia que, en teor\u00eda, deb\u00eda centrarse \u00fanicamente en deporte. Pero en Washington, pocas cosas son solamente deporte. En medio del evento, Trump se dirigi\u00f3 directamente a\u00a0<strong>Jorge Mas Santos<\/strong>, una de las figuras m\u00e1s influyentes del\u00a0<strong>exilio cubano en Estados Unidos<\/strong>. Y fue entonces cuando pronunci\u00f3 las palabras que r\u00e1pidamente comenzaron a circular por medios y redes sociales. Mas Santos, visiblemente emocionado, respondi\u00f3 con una frase sencilla pero cargada de significado:<\/p>\n\n\n\n<p>\u201cVa a ser un d\u00eda incre\u00edble\u201d.<\/p>\n\n\n\n<hr class=\"wp-block-separator has-alpha-channel-opacity\"\/>\n\n\n\n<div class=\"wp-block-jetpack-related-posts\">\n<h2 class=\"wp-block-heading\">Te Puede Interesar <\/h2>\n<\/div>\n\n\n\n<hr class=\"wp-block-separator has-alpha-channel-opacity\"\/>\n\n\n\n<h2 class=\"wp-block-heading\"><strong>\u00bfQui\u00e9n es Jorge Mas Santos y por qu\u00e9 su presencia importa?<\/strong><\/h2>\n\n\n\n<p>Para entender el peso de ese momento, hay que entender qui\u00e9n es\u00a0<strong>Jorge Mas Santos<\/strong>. No es solo un empresario exitoso ni un dirigente deportivo. Es el hijo de\u00a0<strong>Jorge Mas Canosa<\/strong>, una figura hist\u00f3rica del exilio cubano y fundador de la\u00a0<strong>Cuban American National Foundation (CANF)<\/strong>, una organizaci\u00f3n que durante d\u00e9cadas ha impulsado la lucha por la\u00a0<strong>democratizaci\u00f3n de Cuba<\/strong>\u00a0y el fin del\u00a0<strong>r\u00e9gimen comunista<\/strong>. Desde la muerte de su padre, Mas Santos ha continuado ese legado. A trav\u00e9s de la\u00a0<strong>CANF<\/strong>, ha mantenido viva una agenda pol\u00edtica centrada en tres ideas fundamentales:<\/p>\n\n\n\n<figure class=\"wp-block-table\"><table class=\"has-fixed-layout\"><thead><tr><th>Tema<\/th><th>Objetivo<\/th><\/tr><\/thead><tbody><tr><td><strong>Democracia en Cuba<\/strong><\/td><td>Promover un cambio pol\u00edtico en la isla<\/td><\/tr><tr><td><strong>Derechos humanos<\/strong><\/td><td>Denunciar represi\u00f3n y presos pol\u00edticos<\/td><\/tr><tr><td><strong>Relaci\u00f3n con EE.UU.<\/strong><\/td><td>Influir en la pol\u00edtica estadounidense hacia Cuba<\/td><\/tr><\/tbody><\/table><\/figure>\n\n\n\n<p>Por eso, cuando el presidente de Estados Unidos le habla directamente a Mas Santos sobre\u00a0<strong>el regreso de los cubanos a la isla<\/strong>, no es una conversaci\u00f3n casual. Es una se\u00f1al pol\u00edtica.<\/p>\n\n\n\n<hr class=\"wp-block-separator has-alpha-channel-opacity\"\/>\n\n\n\n<div class=\"wp-block-media-text is-stacked-on-mobile\"><figure class=\"wp-block-media-text__media\"><img loading=\"lazy\" decoding=\"async\" width=\"1024\" height=\"683\" src=\"https:\/\/akubaa.com\/wp-content\/uploads\/2026\/01\/Imagen-223-1024x683.jpeg\" alt=\"\" class=\"wp-image-2445 size-full\" srcset=\"https:\/\/akubaa.com\/wp-content\/uploads\/2026\/01\/Imagen-223-1024x683.jpeg 1024w, https:\/\/akubaa.com\/wp-content\/uploads\/2026\/01\/Imagen-223-600x400.jpeg 600w, https:\/\/akubaa.com\/wp-content\/uploads\/2026\/01\/Imagen-223-300x200.jpeg 300w, https:\/\/akubaa.com\/wp-content\/uploads\/2026\/01\/Imagen-223-768x512.jpeg 768w, https:\/\/akubaa.com\/wp-content\/uploads\/2026\/01\/Imagen-223-1320x880.jpeg 1320w, https:\/\/akubaa.com\/wp-content\/uploads\/2026\/01\/Imagen-223.jpeg 1536w\" sizes=\"auto, (max-width: 1024px) 100vw, 1024px\" \/><\/figure><div class=\"wp-block-media-text__content\">\n<p><br>\u00a0\u00bfTienes un negocio? . Publicalo aqu\u00ed ,solo te tarda un minuto y conecta con personas que buscan lo que t\u00fa ofreces.<strong><a href=\"https:\/\/akubaa.com\/index.php\/directorio-de-negocios-cubanos-akubaa\/\">Clic y descubre todas las ventajas\u00a0<\/a><\/strong>que puede obtener t\u00fa ahora mismo. Es hora de llevarte al lugar que merece sin luchar con el algoritmo.<\/p>\n\n\n\n<div class=\"wp-block-buttons is-content-justification-center is-layout-flex wp-container-core-buttons-is-layout-a89b3969 wp-block-buttons-is-layout-flex\">\n<div class=\"wp-block-button\"><a class=\"wp-block-button__link wp-element-button\" href=\"https:\/\/akubaa.com\/index.php\/negocio\/\">PUBLICA TU NEGOCIO AQUI <\/a><\/div>\n<\/div>\n<\/div><\/div>\n\n\n\n<hr class=\"wp-block-separator has-alpha-channel-opacity\"\/>\n\n\n\n<h2 class=\"wp-block-heading\"><strong>La frase que encendi\u00f3 las interpretaciones<\/strong><\/h2>\n\n\n\n<p>\u201cLos que vinieron de Cuba van a regresar\u201d.<\/p>\n\n\n\n<p>Esa frase puede interpretarse de muchas maneras. Pero dentro del contexto hist\u00f3rico de la pol\u00edtica estadounidense hacia Cuba, tiene una carga simb\u00f3lica enorme. <strong>\u00bfSab\u00edas que millones de cubanos han vivido durante d\u00e9cadas con la sensaci\u00f3n de que regresar libremente a su pa\u00eds era imposible?<\/strong>. La revoluci\u00f3n de 1959, el \u00e9xodo masivo, las confiscaciones de propiedades y la persecuci\u00f3n pol\u00edtica crearon una fractura hist\u00f3rica entre la isla y su di\u00e1spora.<\/p>\n\n\n\n<p>Durante m\u00e1s de\u00a0<strong>67 a\u00f1os<\/strong>, generaciones enteras han crecido en Miami, Madrid, M\u00e9xico o Nueva Jersey con historias familiares sobre una Cuba que muchos nunca volvieron a ver. Por eso la idea de\u00a0<strong>\u201cregresar a Cuba\u201d<\/strong>\u00a0no es solamente un viaje. Es la posibilidad de cerrar un ciclo hist\u00f3rico.<\/p>\n\n\n\n<hr class=\"wp-block-separator has-alpha-channel-opacity\"\/>\n\n\n\n<h2 class=\"wp-block-heading\"><strong>El papel de Marco Rubio en la ecuaci\u00f3n<\/strong><\/h2>\n\n\n\n<p>Durante la misma ceremonia, Trump tambi\u00e9n hizo otra declaraci\u00f3n que pas\u00f3 m\u00e1s desapercibida pero que podr\u00eda tener implicaciones importantes. Se dirigi\u00f3 al secretario de Estado\u00a0<strong>Marco Rubio<\/strong>, hijo de inmigrantes cubanos, y le dijo: \u201cTu pr\u00f3ximo proyecto ser\u00e1 Cuba. Est\u00e1 esperando. Terminemos este primero. Podr\u00edamos hacerlo todo al mismo tiempo, pero pasan cosas malas\u201d. La frase fue interpretada por algunos analistas como una referencia a los m\u00faltiples conflictos internacionales que enfrenta Estados Unidos, especialmente en\u00a0<strong>Medio Oriente<\/strong>. Pero tambi\u00e9n dej\u00f3 entrever algo importante: que\u00a0<strong>Cuba sigue siendo parte de la agenda estrat\u00e9gica de Washington<\/strong>.<\/p>\n\n\n\n<hr class=\"wp-block-separator has-alpha-channel-opacity\"\/>\n\n\n\n\n\n<hr class=\"wp-block-separator has-alpha-channel-opacity\"\/>\n\n\n\n<h2 class=\"wp-block-heading\"><strong>La entrevista que a\u00f1adi\u00f3 a\u00fan m\u00e1s tensi\u00f3n<\/strong><\/h2>\n\n\n\n<p>Horas antes de esa ceremonia, Trump hab\u00eda dado una entrevista al medio digital\u00a0<strong>Politico<\/strong>. Y fue all\u00ed donde solt\u00f3 otra frase que r\u00e1pidamente se volvi\u00f3 viral. Seg\u00fan el mandatario, as\u00ed como\u00a0<strong>Venezuela<\/strong>\u00a0e\u00a0<strong>Ir\u00e1n<\/strong>, tambi\u00e9n el sistema pol\u00edtico cubano terminar\u00eda cayendo. Y a\u00f1adi\u00f3 algo que llam\u00f3 la atenci\u00f3n de muchos analistas: La ca\u00edda del\u00a0<strong>r\u00e9gimen comunista cubano<\/strong>\u00a0ser\u00eda \u201c<strong>la guinda del pastel<\/strong>\u201d. Una frase que resume una visi\u00f3n geopol\u00edtica clara. Para Washington, Cuba ha sido durante m\u00e1s de medio siglo una pieza inc\u00f3moda dentro del tablero pol\u00edtico del hemisferio occidental.<\/p>\n\n\n\n<hr class=\"wp-block-separator has-alpha-channel-opacity\"\/>\n\n\n\n<h2 class=\"wp-block-heading\"><strong>\u00bfSab\u00edas que Estados Unidos lleva m\u00e1s de 50 a\u00f1os intentando influir en el cambio pol\u00edtico de Cuba?<\/strong><\/h2>\n\n\n\n<p>La relaci\u00f3n entre\u00a0<strong>Estados Unidos y Cuba<\/strong>\u00a0ha sido una de las m\u00e1s complejas del continente. Desde el embargo econ\u00f3mico hasta los programas de apoyo a la sociedad civil cubana, Washington ha mantenido una pol\u00edtica de presi\u00f3n constante hacia el gobierno de la isla. Sin embargo, el resultado ha sido ambiguo. El sistema pol\u00edtico cubano ha sobrevivido a:<\/p>\n\n\n\n<ul class=\"wp-block-list\">\n<li>el fin de la Uni\u00f3n Sovi\u00e9tica<\/li>\n\n\n\n<li>crisis econ\u00f3micas profundas<\/li>\n\n\n\n<li>sanciones internacionales<\/li>\n\n\n\n<li>cambios de administraci\u00f3n en Estados Unidos<\/li>\n<\/ul>\n\n\n\n<p>Eso explica por qu\u00e9 muchos analistas reciben declaraciones como las de Trump con una mezcla de&nbsp;<strong>esperanza y cautela<\/strong>.<\/p>\n\n\n\n<hr class=\"wp-block-separator has-alpha-channel-opacity\"\/>\n\n\n\n<h2 class=\"wp-block-heading\"><strong>La emoci\u00f3n del exilio cubano<\/strong><\/h2>\n\n\n\n<p>Para millones de cubanos que viven fuera de la isla, el regreso no es simplemente una cuesti\u00f3n de turismo. Es algo mucho m\u00e1s profundo. <strong>\u00bfCu\u00e1ndo descubriste que para muchos cubanos regresar a su pa\u00eds implicaba enfrentar restricciones pol\u00edticas, econ\u00f3micas o incluso emocionales?<\/strong>. Durante d\u00e9cadas, familias completas han estado divididas. Abuelos que murieron sin volver a ver su casa. Padres que criaron hijos en otro idioma. Nietos que solo conocen Cuba a trav\u00e9s de fotos. Por eso cada vez que un l\u00edder pol\u00edtico habla de\u00a0<strong>un posible cambio en la isla<\/strong>, el tema despierta una enorme carga emocional.<\/p>\n\n\n\n<hr class=\"wp-block-separator has-alpha-channel-opacity\"\/>\n\n\n\n<h2 class=\"wp-block-heading\"><strong>Lo que dicen los usuarios y el exilio<\/strong><\/h2>\n\n\n\n<p>Las reacciones en redes sociales no tardaron en aparecer. Algunos usuarios celebraron las palabras de Trump como una se\u00f1al de esperanza. Otros fueron m\u00e1s esc\u00e9pticos. Entre los comentarios m\u00e1s repetidos se pod\u00edan leer frases como:<\/p>\n\n\n\n<ul class=\"wp-block-list\">\n<li>\u201cOjal\u00e1 lo vea antes de morir.\u201d<\/li>\n\n\n\n<li>\u201cLlevamos d\u00e9cadas escuchando lo mismo.\u201d<\/li>\n\n\n\n<li>\u201cCuba cambiar\u00e1, pero lo har\u00e1 cuando los cubanos dentro de la isla puedan decidir.\u201d<\/li>\n<\/ul>\n\n\n\n<p>Es un debate que lleva a\u00f1os. Y probablemente seguir\u00e1.<\/p>\n\n\n\n<hr class=\"wp-block-separator has-alpha-channel-opacity\"\/>\n\n\n\n\n\n<hr class=\"wp-block-separator has-alpha-channel-opacity\"\/>\n\n\n\n<h2 class=\"wp-block-heading\"><strong>La visi\u00f3n de AKubaa<\/strong><\/h2>\n\n\n\n<p><a href=\"https:\/\/akmundovirtual.com\" type=\"link\" id=\"https:\/\/akmundovirtual.com\">Desde\u00a0<strong>AKubaa<\/strong>,<\/a> observamos este momento con una mezcla de inter\u00e9s y responsabilidad. Las declaraciones de l\u00edderes pol\u00edticos pueden encender expectativas enormes, especialmente en comunidades que han vivido d\u00e9cadas de exilio. Pero tambi\u00e9n sabemos algo fundamental: Los cambios hist\u00f3ricos raramente ocurren por una sola declaraci\u00f3n. O por una sola administraci\u00f3n. El futuro de\u00a0<strong>Cuba<\/strong>\u00a0probablemente depender\u00e1 de una combinaci\u00f3n de factores:<\/p>\n\n\n\n<ul class=\"wp-block-list\">\n<li>presi\u00f3n internacional<\/li>\n\n\n\n<li>evoluci\u00f3n interna de la sociedad cubana<\/li>\n\n\n\n<li>transformaciones econ\u00f3micas<\/li>\n\n\n\n<li>y el papel del propio pueblo cubano dentro de la isla<\/li>\n<\/ul>\n\n\n\n<p>Lo que s\u00ed es cierto es que el tema de\u00a0<strong>Cuba libre<\/strong>\u00a0sigue siendo una conversaci\u00f3n viva. Y cada vez que aparece en el centro de la pol\u00edtica estadounidense, el mundo vuelve a mirar hacia la isla.<\/p>\n\n\n\n<hr class=\"wp-block-separator has-alpha-channel-opacity\"\/>\n\n\n\n<h2 class=\"wp-block-heading\"><strong>Un momento peque\u00f1o\u2026 con ecos hist\u00f3ricos<\/strong><\/h2>\n\n\n\n<p>A veces la historia no empieza con discursos largos ni tratados firmados. A veces empieza con una frase. Un comentario. Una promesa. Y aunque todav\u00eda nadie sabe si esas palabras se convertir\u00e1n en realidad, lo cierto es que ese momento en la Casa Blanca ya qued\u00f3 registrado en la memoria del exilio. Porque para millones de cubanos, la idea de volver a su pa\u00eds sin miedo ni restricciones sigue siendo uno de los sue\u00f1os m\u00e1s grandes que existen.<\/p>\n\n\n\n<hr class=\"wp-block-separator has-alpha-channel-opacity\"\/>\n\n\n\n<p>Si quieres seguir entendiendo\u00a0<strong>lo que realmente est\u00e1 pasando con Cuba, Estados Unidos y el futuro del exilio<\/strong>, te recomiendo que te suscribas a nuestras redes y a esta p\u00e1gina. En\u00a0<strong>AKubaa<\/strong>\u00a0analizamos cada historia con profundidad, sin filtros y en un lenguaje que todos podamos comprender. Ahora quiero saber tu opini\u00f3n. <strong>\u00bfCrees que el regreso libre de los cubanos a la isla podr\u00eda estar m\u00e1s cerca de lo que pensamos\u2026 o seguimos ante otra promesa pol\u00edtica que tardar\u00e1 a\u00f1os en cumplirse?<\/strong>.<\/p>\n\n\n\n<p>Te leo en los comentarios. La conversaci\u00f3n apenas comienza.<\/p>\n\n\n\n<hr class=\"wp-block-separator has-alpha-channel-opacity\"\/>\n\n\n\n<h2 class=\"wp-block-heading\">M\u00e1s en AKubaa<\/h2>\n\n\n<ul class=\"wp-block-latest-posts__list is-grid columns-3 wp-block-latest-posts\"><li><div class=\"wp-block-latest-posts__featured-image aligncenter\"><a href=\"https:\/\/akubaa.com\/index.php\/2026\/04\/21\/imaray-ulloa-de-influecer-a-ganadora-de-fisicoculturismo\/\" aria-label=\"Imaray Ulloa se sube a otra tarima: dos medallas, ocho meses de disciplina y una lecci\u00f3n que la di\u00e1spora entendi\u00f3 enseguida.\"><img loading=\"lazy\" decoding=\"async\" width=\"150\" height=\"150\" src=\"https:\/\/akubaa.com\/wp-content\/uploads\/2026\/04\/image-14-150x150.png\" class=\"attachment-thumbnail size-thumbnail wp-post-image\" alt=\"\" style=\"\" srcset=\"https:\/\/akubaa.com\/wp-content\/uploads\/2026\/04\/image-14-150x150.png 150w, https:\/\/akubaa.com\/wp-content\/uploads\/2026\/04\/image-14-300x300.png 300w, https:\/\/akubaa.com\/wp-content\/uploads\/2026\/04\/image-14-100x100.png 100w\" sizes=\"auto, (max-width: 150px) 100vw, 150px\" \/><\/a><\/div><a class=\"wp-block-latest-posts__post-title\" href=\"https:\/\/akubaa.com\/index.php\/2026\/04\/21\/imaray-ulloa-de-influecer-a-ganadora-de-fisicoculturismo\/\">Imaray Ulloa se sube a otra tarima: dos medallas, ocho meses de disciplina y una lecci\u00f3n que la di\u00e1spora entendi\u00f3 enseguida.<\/a><\/li>\n<li><div class=\"wp-block-latest-posts__featured-image aligncenter\"><a href=\"https:\/\/akubaa.com\/index.php\/2026\/04\/10\/horoscopo-del-10-de-abril-de-2026\/\" aria-label=\"Hor\u00f3scopo del 10 de abril de 2026: lo que el universo te quiere decir hoy (y lo que debes evitar a toda costa).\u00a0\"><img loading=\"lazy\" decoding=\"async\" width=\"150\" height=\"150\" src=\"https:\/\/akubaa.com\/wp-content\/uploads\/2026\/04\/image-13-150x150.png\" class=\"attachment-thumbnail size-thumbnail wp-post-image\" alt=\"\" style=\"\" srcset=\"https:\/\/akubaa.com\/wp-content\/uploads\/2026\/04\/image-13-150x150.png 150w, https:\/\/akubaa.com\/wp-content\/uploads\/2026\/04\/image-13-300x300.png 300w, https:\/\/akubaa.com\/wp-content\/uploads\/2026\/04\/image-13-100x100.png 100w\" sizes=\"auto, (max-width: 150px) 100vw, 150px\" \/><\/a><\/div><a class=\"wp-block-latest-posts__post-title\" href=\"https:\/\/akubaa.com\/index.php\/2026\/04\/10\/horoscopo-del-10-de-abril-de-2026\/\">Hor\u00f3scopo del 10 de abril de 2026: lo que el universo te quiere decir hoy (y lo que debes evitar a toda costa).\u00a0<\/a><\/li>\n<li><div class=\"wp-block-latest-posts__featured-image aligncenter\"><a href=\"https:\/\/akubaa.com\/index.php\/2026\/04\/09\/horoscopo-del-9-de-abril-de-2026\/\" aria-label=\"\ud83d\udd2e\u00a0Hor\u00f3scopo del 9 de abril de 2026: lo que viene no es casualidad\u2026 es destino (y t\u00fa lo vas a sentir hoy).\"><img loading=\"lazy\" decoding=\"async\" width=\"150\" height=\"150\" src=\"https:\/\/akubaa.com\/wp-content\/uploads\/2026\/04\/image-12-150x150.png\" class=\"attachment-thumbnail size-thumbnail wp-post-image\" alt=\"\" style=\"\" srcset=\"https:\/\/akubaa.com\/wp-content\/uploads\/2026\/04\/image-12-150x150.png 150w, https:\/\/akubaa.com\/wp-content\/uploads\/2026\/04\/image-12-300x300.png 300w, https:\/\/akubaa.com\/wp-content\/uploads\/2026\/04\/image-12-100x100.png 100w\" sizes=\"auto, (max-width: 150px) 100vw, 150px\" \/><\/a><\/div><a class=\"wp-block-latest-posts__post-title\" href=\"https:\/\/akubaa.com\/index.php\/2026\/04\/09\/horoscopo-del-9-de-abril-de-2026\/\">\ud83d\udd2e\u00a0Hor\u00f3scopo del 9 de abril de 2026: lo que viene no es casualidad\u2026 es destino (y t\u00fa lo vas a sentir hoy).<\/a><\/li>\n<li><div class=\"wp-block-latest-posts__featured-image aligncenter\"><a href=\"https:\/\/akubaa.com\/index.php\/2026\/04\/08\/horoscopo-del-8-de-abril-de-2026\/\" aria-label=\"\ud83d\udd2e\u00a0Hor\u00f3scopo del 8 de abril de 2026: lo que el destino no te est\u00e1 diciendo (y deber\u00edas escuchar hoy).\"><img loading=\"lazy\" decoding=\"async\" width=\"150\" height=\"150\" src=\"https:\/\/akubaa.com\/wp-content\/uploads\/2026\/04\/image-11-150x150.png\" class=\"attachment-thumbnail size-thumbnail wp-post-image\" alt=\"\" style=\"\" srcset=\"https:\/\/akubaa.com\/wp-content\/uploads\/2026\/04\/image-11-150x150.png 150w, https:\/\/akubaa.com\/wp-content\/uploads\/2026\/04\/image-11-300x300.png 300w, https:\/\/akubaa.com\/wp-content\/uploads\/2026\/04\/image-11-100x100.png 100w\" sizes=\"auto, (max-width: 150px) 100vw, 150px\" \/><\/a><\/div><a class=\"wp-block-latest-posts__post-title\" href=\"https:\/\/akubaa.com\/index.php\/2026\/04\/08\/horoscopo-del-8-de-abril-de-2026\/\">\ud83d\udd2e\u00a0Hor\u00f3scopo del 8 de abril de 2026: lo que el destino no te est\u00e1 diciendo (y deber\u00edas escuchar hoy).<\/a><\/li>\n<li><div class=\"wp-block-latest-posts__featured-image aligncenter\"><a href=\"https:\/\/akubaa.com\/index.php\/2026\/04\/07\/leoni-torres-y-el-b-convierten-cubano-en-un-grito-de-identidad-y-libertad\/\" aria-label=\"\u201cViva Cuba Libre\u201d: la canci\u00f3n que no es solo m\u00fasica\u2026 es un mensaje que ya no se puede callar.\"><img loading=\"lazy\" decoding=\"async\" width=\"150\" height=\"150\" src=\"https:\/\/akubaa.com\/wp-content\/uploads\/2026\/04\/image-10-150x150.png\" class=\"attachment-thumbnail size-thumbnail wp-post-image\" alt=\"\" style=\"\" srcset=\"https:\/\/akubaa.com\/wp-content\/uploads\/2026\/04\/image-10-150x150.png 150w, https:\/\/akubaa.com\/wp-content\/uploads\/2026\/04\/image-10-300x300.png 300w, https:\/\/akubaa.com\/wp-content\/uploads\/2026\/04\/image-10-100x100.png 100w\" sizes=\"auto, (max-width: 150px) 100vw, 150px\" \/><\/a><\/div><a class=\"wp-block-latest-posts__post-title\" href=\"https:\/\/akubaa.com\/index.php\/2026\/04\/07\/leoni-torres-y-el-b-convierten-cubano-en-un-grito-de-identidad-y-libertad\/\">\u201cViva Cuba Libre\u201d: la canci\u00f3n que no es solo m\u00fasica\u2026 es un mensaje que ya no se puede callar.<\/a><\/li>\n<li><div class=\"wp-block-latest-posts__featured-image aligncenter\"><a href=\"https:\/\/akubaa.com\/index.php\/2026\/04\/07\/horoscopo-del-7-de-abril-de-2026\/\" aria-label=\"\ud83d\udd2e\u00a0Hor\u00f3scopo del 7 de abril de 2026: lo que viene no avisa\u2026 pero s\u00ed se siente.\"><img loading=\"lazy\" decoding=\"async\" width=\"150\" height=\"150\" src=\"https:\/\/akubaa.com\/wp-content\/uploads\/2026\/04\/image-9-150x150.png\" class=\"attachment-thumbnail size-thumbnail wp-post-image\" alt=\"\" style=\"\" srcset=\"https:\/\/akubaa.com\/wp-content\/uploads\/2026\/04\/image-9-150x150.png 150w, https:\/\/akubaa.com\/wp-content\/uploads\/2026\/04\/image-9-300x300.png 300w, https:\/\/akubaa.com\/wp-content\/uploads\/2026\/04\/image-9-100x100.png 100w\" sizes=\"auto, (max-width: 150px) 100vw, 150px\" \/><\/a><\/div><a class=\"wp-block-latest-posts__post-title\" href=\"https:\/\/akubaa.com\/index.php\/2026\/04\/07\/horoscopo-del-7-de-abril-de-2026\/\">\ud83d\udd2e\u00a0Hor\u00f3scopo del 7 de abril de 2026: lo que viene no avisa\u2026 pero s\u00ed se siente.<\/a><\/li>\n<\/ul>\n\n\n<p><\/p>\n","protected":false},"excerpt":{"rendered":"<p>Hay momentos en la pol\u00edtica que pasan como simples frases en una ceremonia, casi como comentarios al pasar entre c\u00e1maras, aplausos y sonrisas diplom\u00e1ticas. Pero otras veces, una sola frase puede encender la imaginaci\u00f3n de millones de personas que llevan d\u00e9cadas esperando algo que parece imposible. Eso fue exactamente lo que ocurri\u00f3 en Washington. Mientras [&hellip;]<\/p>\n","protected":false},"author":1,"featured_media":2692,"comment_status":"open","ping_status":"open","sticky":false,"template":"","format":"standard","meta":{"jetpack_post_was_ever_published":false,"_jetpack_newsletter_access":"","_jetpack_dont_email_post_to_subs":false,"_jetpack_newsletter_tier_id":0,"_jetpack_memberships_contains_paywalled_content":false,"_jetpack_memberships_contains_paid_content":false,"footnotes":"","jetpack_publicize_message":"","jetpack_publicize_feature_enabled":true,"jetpack_social_post_already_shared":true,"jetpack_social_options":{"image_generator_settings":{"template":"highway","default_image_id":0,"font":"","enabled":false},"version":2}},"categories":[1],"tags":[],"class_list":["post-2691","post","type-post","status-publish","format-standard","has-post-thumbnail","hentry","category-uncategorized"],"yoast_head":"<!-- This site is optimized with the Yoast SEO plugin v27.5 - https:\/\/yoast.com\/product\/yoast-seo-wordpress\/ -->\n<title>La\u00a0Major League Soccer (MLS):fue escenario para Cuba. - AKubaa<\/title>\n<meta name=\"description\" content=\"Ent\u00e9rate la\u00a0Major League Soccer (MLS)\u00a0se hablo de una Cuba Libre , asegur\u00f3 Donald Trump que todos podremos volver a casa pronto .\" \/>\n<meta name=\"robots\" content=\"index, follow, max-snippet:-1, max-image-preview:large, max-video-preview:-1\" \/>\n<link rel=\"canonical\" href=\"https:\/\/akubaa.com\/index.php\/2026\/03\/06\/cuando-la-historia-susurra-en-la-casa-blanca-la-frase-de-trump-que-hizo-sonar-al-exilio-cubano\/\" \/>\n<meta property=\"og:locale\" content=\"es_ES\" \/>\n<meta property=\"og:type\" content=\"article\" \/>\n<meta property=\"og:title\" content=\"La\u00a0Major League Soccer (MLS):fue escenario para Cuba. - AKubaa\" \/>\n<meta property=\"og:description\" content=\"Ent\u00e9rate la\u00a0Major League Soccer (MLS)\u00a0se hablo de una Cuba Libre , asegur\u00f3 Donald Trump que todos podremos volver a casa pronto .\" \/>\n<meta property=\"og:url\" content=\"https:\/\/akubaa.com\/index.php\/2026\/03\/06\/cuando-la-historia-susurra-en-la-casa-blanca-la-frase-de-trump-que-hizo-sonar-al-exilio-cubano\/\" \/>\n<meta property=\"og:site_name\" content=\"AKubaa\" \/>\n<meta property=\"article:publisher\" content=\"https:\/\/www.facebook.com\/akubaa\" \/>\n<meta property=\"article:author\" content=\"https:\/\/www.facebook.com\/akubaa\" \/>\n<meta property=\"article:published_time\" content=\"2026-03-06T16:31:08+00:00\" \/>\n<meta property=\"article:modified_time\" content=\"2026-03-06T16:31:14+00:00\" \/>\n<meta property=\"og:image\" content=\"https:\/\/akubaa.com\/wp-content\/uploads\/2026\/03\/Imagen-252.jpeg\" \/>\n\t<meta property=\"og:image:width\" content=\"1536\" \/>\n\t<meta property=\"og:image:height\" content=\"1024\" \/>\n\t<meta property=\"og:image:type\" content=\"image\/jpeg\" \/>\n<meta name=\"author\" content=\"AKubaa\" \/>\n<meta name=\"twitter:card\" content=\"summary_large_image\" \/>\n<meta name=\"twitter:label1\" content=\"Escrito por\" \/>\n\t<meta name=\"twitter:data1\" content=\"AKubaa\" \/>\n\t<meta name=\"twitter:label2\" content=\"Tiempo de lectura\" \/>\n\t<meta name=\"twitter:data2\" content=\"8 minutos\" \/>\n<script type=\"application\/ld+json\" class=\"yoast-schema-graph\">{\"@context\":\"https:\\\/\\\/schema.org\",\"@graph\":[{\"@type\":\"Article\",\"@id\":\"https:\\\/\\\/akubaa.com\\\/index.php\\\/2026\\\/03\\\/06\\\/cuando-la-historia-susurra-en-la-casa-blanca-la-frase-de-trump-que-hizo-sonar-al-exilio-cubano\\\/#article\",\"isPartOf\":{\"@id\":\"https:\\\/\\\/akubaa.com\\\/index.php\\\/2026\\\/03\\\/06\\\/cuando-la-historia-susurra-en-la-casa-blanca-la-frase-de-trump-que-hizo-sonar-al-exilio-cubano\\\/\"},\"author\":{\"name\":\"AKubaa\",\"@id\":\"https:\\\/\\\/akubaa.com\\\/#\\\/schema\\\/person\\\/b096b63c1ad27204e55fabb2cf2153a5\"},\"headline\":\"Cuando la historia susurra en la Casa Blanca: la frase de Trump que hizo so\u00f1ar al exilio cubano.\",\"datePublished\":\"2026-03-06T16:31:08+00:00\",\"dateModified\":\"2026-03-06T16:31:14+00:00\",\"mainEntityOfPage\":{\"@id\":\"https:\\\/\\\/akubaa.com\\\/index.php\\\/2026\\\/03\\\/06\\\/cuando-la-historia-susurra-en-la-casa-blanca-la-frase-de-trump-que-hizo-sonar-al-exilio-cubano\\\/\"},\"wordCount\":1738,\"commentCount\":0,\"publisher\":{\"@id\":\"https:\\\/\\\/akubaa.com\\\/#\\\/schema\\\/person\\\/b096b63c1ad27204e55fabb2cf2153a5\"},\"image\":{\"@id\":\"https:\\\/\\\/akubaa.com\\\/index.php\\\/2026\\\/03\\\/06\\\/cuando-la-historia-susurra-en-la-casa-blanca-la-frase-de-trump-que-hizo-sonar-al-exilio-cubano\\\/#primaryimage\"},\"thumbnailUrl\":\"https:\\\/\\\/akubaa.com\\\/wp-content\\\/uploads\\\/2026\\\/03\\\/Imagen-252.jpeg\",\"articleSection\":[\"Uncategorized\"],\"inLanguage\":\"es\",\"potentialAction\":[{\"@type\":\"CommentAction\",\"name\":\"Comment\",\"target\":[\"https:\\\/\\\/akubaa.com\\\/index.php\\\/2026\\\/03\\\/06\\\/cuando-la-historia-susurra-en-la-casa-blanca-la-frase-de-trump-que-hizo-sonar-al-exilio-cubano\\\/#respond\"]}]},{\"@type\":\"WebPage\",\"@id\":\"https:\\\/\\\/akubaa.com\\\/index.php\\\/2026\\\/03\\\/06\\\/cuando-la-historia-susurra-en-la-casa-blanca-la-frase-de-trump-que-hizo-sonar-al-exilio-cubano\\\/\",\"url\":\"https:\\\/\\\/akubaa.com\\\/index.php\\\/2026\\\/03\\\/06\\\/cuando-la-historia-susurra-en-la-casa-blanca-la-frase-de-trump-que-hizo-sonar-al-exilio-cubano\\\/\",\"name\":\"La\u00a0Major League Soccer (MLS):fue escenario para Cuba. - AKubaa\",\"isPartOf\":{\"@id\":\"https:\\\/\\\/akubaa.com\\\/#website\"},\"primaryImageOfPage\":{\"@id\":\"https:\\\/\\\/akubaa.com\\\/index.php\\\/2026\\\/03\\\/06\\\/cuando-la-historia-susurra-en-la-casa-blanca-la-frase-de-trump-que-hizo-sonar-al-exilio-cubano\\\/#primaryimage\"},\"image\":{\"@id\":\"https:\\\/\\\/akubaa.com\\\/index.php\\\/2026\\\/03\\\/06\\\/cuando-la-historia-susurra-en-la-casa-blanca-la-frase-de-trump-que-hizo-sonar-al-exilio-cubano\\\/#primaryimage\"},\"thumbnailUrl\":\"https:\\\/\\\/akubaa.com\\\/wp-content\\\/uploads\\\/2026\\\/03\\\/Imagen-252.jpeg\",\"datePublished\":\"2026-03-06T16:31:08+00:00\",\"dateModified\":\"2026-03-06T16:31:14+00:00\",\"description\":\"Ent\u00e9rate la\u00a0Major League Soccer (MLS)\u00a0se hablo de una Cuba Libre , asegur\u00f3 Donald Trump que todos podremos volver a casa pronto .\",\"breadcrumb\":{\"@id\":\"https:\\\/\\\/akubaa.com\\\/index.php\\\/2026\\\/03\\\/06\\\/cuando-la-historia-susurra-en-la-casa-blanca-la-frase-de-trump-que-hizo-sonar-al-exilio-cubano\\\/#breadcrumb\"},\"inLanguage\":\"es\",\"potentialAction\":[{\"@type\":\"ReadAction\",\"target\":[\"https:\\\/\\\/akubaa.com\\\/index.php\\\/2026\\\/03\\\/06\\\/cuando-la-historia-susurra-en-la-casa-blanca-la-frase-de-trump-que-hizo-sonar-al-exilio-cubano\\\/\"]}]},{\"@type\":\"ImageObject\",\"inLanguage\":\"es\",\"@id\":\"https:\\\/\\\/akubaa.com\\\/index.php\\\/2026\\\/03\\\/06\\\/cuando-la-historia-susurra-en-la-casa-blanca-la-frase-de-trump-que-hizo-sonar-al-exilio-cubano\\\/#primaryimage\",\"url\":\"https:\\\/\\\/akubaa.com\\\/wp-content\\\/uploads\\\/2026\\\/03\\\/Imagen-252.jpeg\",\"contentUrl\":\"https:\\\/\\\/akubaa.com\\\/wp-content\\\/uploads\\\/2026\\\/03\\\/Imagen-252.jpeg\",\"width\":1536,\"height\":1024},{\"@type\":\"BreadcrumbList\",\"@id\":\"https:\\\/\\\/akubaa.com\\\/index.php\\\/2026\\\/03\\\/06\\\/cuando-la-historia-susurra-en-la-casa-blanca-la-frase-de-trump-que-hizo-sonar-al-exilio-cubano\\\/#breadcrumb\",\"itemListElement\":[{\"@type\":\"ListItem\",\"position\":1,\"name\":\"Portada\",\"item\":\"https:\\\/\\\/akubaa.com\\\/\"},{\"@type\":\"ListItem\",\"position\":2,\"name\":\"Cuando la historia susurra en la Casa Blanca: la frase de Trump que hizo so\u00f1ar al exilio cubano.\"}]},{\"@type\":\"WebSite\",\"@id\":\"https:\\\/\\\/akubaa.com\\\/#website\",\"url\":\"https:\\\/\\\/akubaa.com\\\/\",\"name\":\"AKubaa\",\"description\":\"Vive ,conoce y disfruta Cuba al estilo de A&amp;K.\",\"publisher\":{\"@id\":\"https:\\\/\\\/akubaa.com\\\/#\\\/schema\\\/person\\\/b096b63c1ad27204e55fabb2cf2153a5\"},\"potentialAction\":[{\"@type\":\"SearchAction\",\"target\":{\"@type\":\"EntryPoint\",\"urlTemplate\":\"https:\\\/\\\/akubaa.com\\\/?s={search_term_string}\"},\"query-input\":{\"@type\":\"PropertyValueSpecification\",\"valueRequired\":true,\"valueName\":\"search_term_string\"}}],\"inLanguage\":\"es\"},{\"@type\":[\"Person\",\"Organization\"],\"@id\":\"https:\\\/\\\/akubaa.com\\\/#\\\/schema\\\/person\\\/b096b63c1ad27204e55fabb2cf2153a5\",\"name\":\"AKubaa\",\"image\":{\"@type\":\"ImageObject\",\"inLanguage\":\"es\",\"@id\":\"https:\\\/\\\/akubaa.com\\\/wp-content\\\/uploads\\\/2025\\\/08\\\/Imagen-17.jpeg\",\"url\":\"https:\\\/\\\/akubaa.com\\\/wp-content\\\/uploads\\\/2025\\\/08\\\/Imagen-17.jpeg\",\"contentUrl\":\"https:\\\/\\\/akubaa.com\\\/wp-content\\\/uploads\\\/2025\\\/08\\\/Imagen-17.jpeg\",\"width\":1024,\"height\":1024,\"caption\":\"AKubaa\"},\"logo\":{\"@id\":\"https:\\\/\\\/akubaa.com\\\/wp-content\\\/uploads\\\/2025\\\/08\\\/Imagen-17.jpeg\"},\"sameAs\":[\"https:\\\/\\\/akubaa.com\",\"https:\\\/\\\/www.facebook.com\\\/akubaa\",\"https:\\\/\\\/www.instagram.com\\\/akubaa?\"],\"url\":\"https:\\\/\\\/akubaa.com\\\/index.php\\\/profile\\\/admin\\\/\"}]}<\/script>\n<!-- \/ Yoast SEO plugin. -->","yoast_head_json":{"title":"La\u00a0Major League Soccer (MLS):fue escenario para Cuba. - AKubaa","description":"Ent\u00e9rate la\u00a0Major League Soccer (MLS)\u00a0se hablo de una Cuba Libre , asegur\u00f3 Donald Trump que todos podremos volver a casa pronto .","robots":{"index":"index","follow":"follow","max-snippet":"max-snippet:-1","max-image-preview":"max-image-preview:large","max-video-preview":"max-video-preview:-1"},"canonical":"https:\/\/akubaa.com\/index.php\/2026\/03\/06\/cuando-la-historia-susurra-en-la-casa-blanca-la-frase-de-trump-que-hizo-sonar-al-exilio-cubano\/","og_locale":"es_ES","og_type":"article","og_title":"La\u00a0Major League Soccer (MLS):fue escenario para Cuba. - AKubaa","og_description":"Ent\u00e9rate la\u00a0Major League Soccer (MLS)\u00a0se hablo de una Cuba Libre , asegur\u00f3 Donald Trump que todos podremos volver a casa pronto .","og_url":"https:\/\/akubaa.com\/index.php\/2026\/03\/06\/cuando-la-historia-susurra-en-la-casa-blanca-la-frase-de-trump-que-hizo-sonar-al-exilio-cubano\/","og_site_name":"AKubaa","article_publisher":"https:\/\/www.facebook.com\/akubaa","article_author":"https:\/\/www.facebook.com\/akubaa","article_published_time":"2026-03-06T16:31:08+00:00","article_modified_time":"2026-03-06T16:31:14+00:00","og_image":[{"width":1536,"height":1024,"url":"https:\/\/akubaa.com\/wp-content\/uploads\/2026\/03\/Imagen-252.jpeg","type":"image\/jpeg"}],"author":"AKubaa","twitter_card":"summary_large_image","twitter_misc":{"Escrito por":"AKubaa","Tiempo de lectura":"8 minutos"},"schema":{"@context":"https:\/\/schema.org","@graph":[{"@type":"Article","@id":"https:\/\/akubaa.com\/index.php\/2026\/03\/06\/cuando-la-historia-susurra-en-la-casa-blanca-la-frase-de-trump-que-hizo-sonar-al-exilio-cubano\/#article","isPartOf":{"@id":"https:\/\/akubaa.com\/index.php\/2026\/03\/06\/cuando-la-historia-susurra-en-la-casa-blanca-la-frase-de-trump-que-hizo-sonar-al-exilio-cubano\/"},"author":{"name":"AKubaa","@id":"https:\/\/akubaa.com\/#\/schema\/person\/b096b63c1ad27204e55fabb2cf2153a5"},"headline":"Cuando la historia susurra en la Casa Blanca: la frase de Trump que hizo so\u00f1ar al exilio cubano.","datePublished":"2026-03-06T16:31:08+00:00","dateModified":"2026-03-06T16:31:14+00:00","mainEntityOfPage":{"@id":"https:\/\/akubaa.com\/index.php\/2026\/03\/06\/cuando-la-historia-susurra-en-la-casa-blanca-la-frase-de-trump-que-hizo-sonar-al-exilio-cubano\/"},"wordCount":1738,"commentCount":0,"publisher":{"@id":"https:\/\/akubaa.com\/#\/schema\/person\/b096b63c1ad27204e55fabb2cf2153a5"},"image":{"@id":"https:\/\/akubaa.com\/index.php\/2026\/03\/06\/cuando-la-historia-susurra-en-la-casa-blanca-la-frase-de-trump-que-hizo-sonar-al-exilio-cubano\/#primaryimage"},"thumbnailUrl":"https:\/\/akubaa.com\/wp-content\/uploads\/2026\/03\/Imagen-252.jpeg","articleSection":["Uncategorized"],"inLanguage":"es","potentialAction":[{"@type":"CommentAction","name":"Comment","target":["https:\/\/akubaa.com\/index.php\/2026\/03\/06\/cuando-la-historia-susurra-en-la-casa-blanca-la-frase-de-trump-que-hizo-sonar-al-exilio-cubano\/#respond"]}]},{"@type":"WebPage","@id":"https:\/\/akubaa.com\/index.php\/2026\/03\/06\/cuando-la-historia-susurra-en-la-casa-blanca-la-frase-de-trump-que-hizo-sonar-al-exilio-cubano\/","url":"https:\/\/akubaa.com\/index.php\/2026\/03\/06\/cuando-la-historia-susurra-en-la-casa-blanca-la-frase-de-trump-que-hizo-sonar-al-exilio-cubano\/","name":"La\u00a0Major League Soccer (MLS):fue escenario para Cuba. - AKubaa","isPartOf":{"@id":"https:\/\/akubaa.com\/#website"},"primaryImageOfPage":{"@id":"https:\/\/akubaa.com\/index.php\/2026\/03\/06\/cuando-la-historia-susurra-en-la-casa-blanca-la-frase-de-trump-que-hizo-sonar-al-exilio-cubano\/#primaryimage"},"image":{"@id":"https:\/\/akubaa.com\/index.php\/2026\/03\/06\/cuando-la-historia-susurra-en-la-casa-blanca-la-frase-de-trump-que-hizo-sonar-al-exilio-cubano\/#primaryimage"},"thumbnailUrl":"https:\/\/akubaa.com\/wp-content\/uploads\/2026\/03\/Imagen-252.jpeg","datePublished":"2026-03-06T16:31:08+00:00","dateModified":"2026-03-06T16:31:14+00:00","description":"Ent\u00e9rate la\u00a0Major League Soccer (MLS)\u00a0se hablo de una Cuba Libre , asegur\u00f3 Donald Trump que todos podremos volver a casa pronto .","breadcrumb":{"@id":"https:\/\/akubaa.com\/index.php\/2026\/03\/06\/cuando-la-historia-susurra-en-la-casa-blanca-la-frase-de-trump-que-hizo-sonar-al-exilio-cubano\/#breadcrumb"},"inLanguage":"es","potentialAction":[{"@type":"ReadAction","target":["https:\/\/akubaa.com\/index.php\/2026\/03\/06\/cuando-la-historia-susurra-en-la-casa-blanca-la-frase-de-trump-que-hizo-sonar-al-exilio-cubano\/"]}]},{"@type":"ImageObject","inLanguage":"es","@id":"https:\/\/akubaa.com\/index.php\/2026\/03\/06\/cuando-la-historia-susurra-en-la-casa-blanca-la-frase-de-trump-que-hizo-sonar-al-exilio-cubano\/#primaryimage","url":"https:\/\/akubaa.com\/wp-content\/uploads\/2026\/03\/Imagen-252.jpeg","contentUrl":"https:\/\/akubaa.com\/wp-content\/uploads\/2026\/03\/Imagen-252.jpeg","width":1536,"height":1024},{"@type":"BreadcrumbList","@id":"https:\/\/akubaa.com\/index.php\/2026\/03\/06\/cuando-la-historia-susurra-en-la-casa-blanca-la-frase-de-trump-que-hizo-sonar-al-exilio-cubano\/#breadcrumb","itemListElement":[{"@type":"ListItem","position":1,"name":"Portada","item":"https:\/\/akubaa.com\/"},{"@type":"ListItem","position":2,"name":"Cuando la historia susurra en la Casa Blanca: la frase de Trump que hizo so\u00f1ar al exilio cubano."}]},{"@type":"WebSite","@id":"https:\/\/akubaa.com\/#website","url":"https:\/\/akubaa.com\/","name":"AKubaa","description":"Vive ,conoce y disfruta Cuba al estilo de A&amp;K.","publisher":{"@id":"https:\/\/akubaa.com\/#\/schema\/person\/b096b63c1ad27204e55fabb2cf2153a5"},"potentialAction":[{"@type":"SearchAction","target":{"@type":"EntryPoint","urlTemplate":"https:\/\/akubaa.com\/?s={search_term_string}"},"query-input":{"@type":"PropertyValueSpecification","valueRequired":true,"valueName":"search_term_string"}}],"inLanguage":"es"},{"@type":["Person","Organization"],"@id":"https:\/\/akubaa.com\/#\/schema\/person\/b096b63c1ad27204e55fabb2cf2153a5","name":"AKubaa","image":{"@type":"ImageObject","inLanguage":"es","@id":"https:\/\/akubaa.com\/wp-content\/uploads\/2025\/08\/Imagen-17.jpeg","url":"https:\/\/akubaa.com\/wp-content\/uploads\/2025\/08\/Imagen-17.jpeg","contentUrl":"https:\/\/akubaa.com\/wp-content\/uploads\/2025\/08\/Imagen-17.jpeg","width":1024,"height":1024,"caption":"AKubaa"},"logo":{"@id":"https:\/\/akubaa.com\/wp-content\/uploads\/2025\/08\/Imagen-17.jpeg"},"sameAs":["https:\/\/akubaa.com","https:\/\/www.facebook.com\/akubaa","https:\/\/www.instagram.com\/akubaa?"],"url":"https:\/\/akubaa.com\/index.php\/profile\/admin\/"}]}},"jetpack_publicize_connections":[],"jetpack_featured_media_url":"https:\/\/akubaa.com\/wp-content\/uploads\/2026\/03\/Imagen-252.jpeg","jetpack_sharing_enabled":true,"jetpack_likes_enabled":true,"jetpack-related-posts":[{"id":2745,"url":"https:\/\/akubaa.com\/index.php\/2026\/03\/13\/los-cubanos-exiliados\/","url_meta":{"origin":2691,"position":0},"title":"\u00bfRegreso del exilio o jugada desesperada?. Cuba abre la puerta al dinero de los que se fueron.","author":"AKubaa","date":"03\/13\/2026","format":false,"excerpt":"Hay noticias que, cuando uno las escucha por primera vez, suenan casi irreales. Esta es una de ellas. El r\u00e9gimen cubano anunci\u00f3 que\u00a0permitir\u00e1 la participaci\u00f3n de los cubanos exiliados en la econom\u00eda del pa\u00eds, una decisi\u00f3n que llega justo en medio de conversaciones con Estados Unidos y bajo la presi\u00f3n\u2026","rel":"","context":"Entrada similar","block_context":{"text":"Entrada similar","link":""},"img":{"alt_text":"","src":"https:\/\/i0.wp.com\/akubaa.com\/wp-content\/uploads\/2026\/03\/image-2.png?resize=350%2C200&ssl=1","width":350,"height":200,"srcset":"https:\/\/i0.wp.com\/akubaa.com\/wp-content\/uploads\/2026\/03\/image-2.png?resize=350%2C200&ssl=1 1x, https:\/\/i0.wp.com\/akubaa.com\/wp-content\/uploads\/2026\/03\/image-2.png?resize=525%2C300&ssl=1 1.5x, https:\/\/i0.wp.com\/akubaa.com\/wp-content\/uploads\/2026\/03\/image-2.png?resize=700%2C400&ssl=1 2x, https:\/\/i0.wp.com\/akubaa.com\/wp-content\/uploads\/2026\/03\/image-2.png?resize=1050%2C600&ssl=1 3x, https:\/\/i0.wp.com\/akubaa.com\/wp-content\/uploads\/2026\/03\/image-2.png?resize=1400%2C800&ssl=1 4x"},"classes":[]},{"id":2882,"url":"https:\/\/akubaa.com\/index.php\/2026\/03\/26\/cubanos-en-el-exilio-exigen-acciones-contra-el-regimen-cubano\/","url_meta":{"origin":2691,"position":1},"title":"\u201cAct\u00faen ya\u201d: el grito del exilio cubano que retumba en Miami y apunta directo a Trump.","author":"AKubaa","date":"03\/26\/2026","format":false,"excerpt":"Cubanos en el exilio exigen acciones contra el r\u00e9gimen cubano Anoche, mientras el calor de\u00a0Hialeah\u00a0se mezclaba con banderas y consignas, sent\u00ed algo que hace tiempo no ve\u00eda tan claro:\u00a0unidad con rabia, pero tambi\u00e9n con esperanza. M\u00e1s de 7.000 cubanos se reunieron en el Milander Park para el \u201cFree Cuba Rally\u201d,\u2026","rel":"","context":"En \u00abNoticias y Actualidad\u00bb","block_context":{"text":"Noticias y Actualidad","link":"https:\/\/akubaa.com\/index.php\/category\/noticias-y-actualidad\/"},"img":{"alt_text":"","src":"https:\/\/i0.wp.com\/akubaa.com\/wp-content\/uploads\/2026\/03\/image-60.png?resize=350%2C200&ssl=1","width":350,"height":200,"srcset":"https:\/\/i0.wp.com\/akubaa.com\/wp-content\/uploads\/2026\/03\/image-60.png?resize=350%2C200&ssl=1 1x, https:\/\/i0.wp.com\/akubaa.com\/wp-content\/uploads\/2026\/03\/image-60.png?resize=525%2C300&ssl=1 1.5x, https:\/\/i0.wp.com\/akubaa.com\/wp-content\/uploads\/2026\/03\/image-60.png?resize=700%2C400&ssl=1 2x, https:\/\/i0.wp.com\/akubaa.com\/wp-content\/uploads\/2026\/03\/image-60.png?resize=1050%2C600&ssl=1 3x, https:\/\/i0.wp.com\/akubaa.com\/wp-content\/uploads\/2026\/03\/image-60.png?resize=1400%2C800&ssl=1 4x"},"classes":[]},{"id":2720,"url":"https:\/\/akubaa.com\/index.php\/2026\/03\/10\/trump-dejo-de-insinuar-y-empezo-a-advertir-lo-que-de-verdad-puede-cambiar-para-cuba-desde-hoy\/","url_meta":{"origin":2691,"position":2},"title":"Trump dej\u00f3 de insinuar y empez\u00f3 a advertir: lo que de verdad puede cambiar para Cuba desde hoy.","author":"AKubaa","date":"03\/10\/2026","format":false,"excerpt":"Yo llevo tiempo diciendo que, cuando Washington empieza a hablar de Cuba con ese tono medio diplom\u00e1tico y medio quir\u00fargico, no est\u00e1 improvisando: est\u00e1 midiendo fuerzas, tanteando resistencias y preparando el terreno para algo m\u00e1s grande. Y eso es exactamente lo que me sugieren las declaraciones que Donald Trump hizo\u2026","rel":"","context":"En \u00abNoticias y Actualidad\u00bb","block_context":{"text":"Noticias y Actualidad","link":"https:\/\/akubaa.com\/index.php\/category\/noticias-y-actualidad\/"},"img":{"alt_text":"","src":"https:\/\/i0.wp.com\/akubaa.com\/wp-content\/uploads\/2026\/03\/Imagen-14.jpeg?resize=350%2C200&ssl=1","width":350,"height":200,"srcset":"https:\/\/i0.wp.com\/akubaa.com\/wp-content\/uploads\/2026\/03\/Imagen-14.jpeg?resize=350%2C200&ssl=1 1x, https:\/\/i0.wp.com\/akubaa.com\/wp-content\/uploads\/2026\/03\/Imagen-14.jpeg?resize=525%2C300&ssl=1 1.5x, https:\/\/i0.wp.com\/akubaa.com\/wp-content\/uploads\/2026\/03\/Imagen-14.jpeg?resize=700%2C400&ssl=1 2x, https:\/\/i0.wp.com\/akubaa.com\/wp-content\/uploads\/2026\/03\/Imagen-14.jpeg?resize=1050%2C600&ssl=1 3x, https:\/\/i0.wp.com\/akubaa.com\/wp-content\/uploads\/2026\/03\/Imagen-14.jpeg?resize=1400%2C800&ssl=1 4x"},"classes":[]},{"id":2091,"url":"https:\/\/akubaa.com\/index.php\/2025\/12\/02\/trump-ordena-cancelar-procesos-de-ciudadania-residencia-y-asilo\/","url_meta":{"origin":2691,"position":3},"title":"\u201cCuando el silencio duele m\u00e1s que la noticia\u201d","author":"AKubaa","date":"12\/02\/2025","format":false,"excerpt":"Trump ordena cancelar procesos de ciudadan\u00eda, residencia y asilo para cubanos y otros 18 pa\u00edses Todav\u00eda no eran las seis cuando me empez\u00f3 a vibrar el tel\u00e9fono como si estuviera pose\u00eddo. Miami amanec\u00eda nublado, ese gris tan particular que avisa tormenta o noticia grande, y yo ya present\u00eda que algo\u2026","rel":"","context":"En \u00abNoticias y Actualidad\u00bb","block_context":{"text":"Noticias y Actualidad","link":"https:\/\/akubaa.com\/index.php\/category\/noticias-y-actualidad\/"},"img":{"alt_text":"","src":"https:\/\/i0.wp.com\/akubaa.com\/wp-content\/uploads\/2025\/12\/image-2.png?resize=350%2C200&ssl=1","width":350,"height":200,"srcset":"https:\/\/i0.wp.com\/akubaa.com\/wp-content\/uploads\/2025\/12\/image-2.png?resize=350%2C200&ssl=1 1x, https:\/\/i0.wp.com\/akubaa.com\/wp-content\/uploads\/2025\/12\/image-2.png?resize=525%2C300&ssl=1 1.5x, https:\/\/i0.wp.com\/akubaa.com\/wp-content\/uploads\/2025\/12\/image-2.png?resize=700%2C400&ssl=1 2x, https:\/\/i0.wp.com\/akubaa.com\/wp-content\/uploads\/2025\/12\/image-2.png?resize=1050%2C600&ssl=1 3x, https:\/\/i0.wp.com\/akubaa.com\/wp-content\/uploads\/2025\/12\/image-2.png?resize=1400%2C800&ssl=1 4x"},"classes":[]},{"id":2611,"url":"https:\/\/akubaa.com\/index.php\/2026\/02\/17\/negociacion-secreta-o-jugada-maestra\/","url_meta":{"origin":2691,"position":4},"title":"\u00bfNegociaci\u00f3n secreta o jugada maestra?. Lo que realmente significa que \u201cMarco Rubio est\u00e1 hablando con ellos\u201d","author":"AKubaa","date":"02\/17\/2026","format":false,"excerpt":"Hay frases que parecen simples\u2026 hasta que entiendes lo que esconden. El 16 de febrero, a bordo del\u00a0Air Force One, el presidente\u00a0Donald Trump\u00a0volvi\u00f3 a poner a\u00a0Cuba\u00a0en el centro del tablero pol\u00edtico. No fue un discurso largo. No hubo ceremonia. Solo una declaraci\u00f3n directa, casi quir\u00fargica: \u201cMarco Rubio est\u00e1 hablando con\u2026","rel":"","context":"En \u00abNoticias y Actualidad\u00bb","block_context":{"text":"Noticias y Actualidad","link":"https:\/\/akubaa.com\/index.php\/category\/noticias-y-actualidad\/"},"img":{"alt_text":"","src":"https:\/\/i0.wp.com\/akubaa.com\/wp-content\/uploads\/2026\/02\/Imagen-223.jpeg?resize=350%2C200&ssl=1","width":350,"height":200,"srcset":"https:\/\/i0.wp.com\/akubaa.com\/wp-content\/uploads\/2026\/02\/Imagen-223.jpeg?resize=350%2C200&ssl=1 1x, https:\/\/i0.wp.com\/akubaa.com\/wp-content\/uploads\/2026\/02\/Imagen-223.jpeg?resize=525%2C300&ssl=1 1.5x, https:\/\/i0.wp.com\/akubaa.com\/wp-content\/uploads\/2026\/02\/Imagen-223.jpeg?resize=700%2C400&ssl=1 2x, https:\/\/i0.wp.com\/akubaa.com\/wp-content\/uploads\/2026\/02\/Imagen-223.jpeg?resize=1050%2C600&ssl=1 3x"},"classes":[]},{"id":2724,"url":"https:\/\/akubaa.com\/index.php\/2026\/03\/11\/posible-acuerdo-economico-y-politico-entre-usa-y-cuba\/","url_meta":{"origin":2691,"position":5},"title":"\u00bfUn \u201cabrazo econ\u00f3mico\u201d para Cuba?. La jugada de Trump que podr\u00eda cambiar la isla\u2026 o salvar al mismo sistema.","author":"AKubaa","date":"03\/11\/2026","format":false,"excerpt":"Hay momentos en la historia en los que una frase aparentemente improvisada revela mucho m\u00e1s que un simple comentario pol\u00edtico. Y esta semana ocurri\u00f3 uno de esos momentos. Mientras escuchaba las declaraciones recientes de\u00a0Donald Trump\u00a0sobre Cuba, no pude evitar pensar que estamos entrando en un cap\u00edtulo completamente distinto de la\u2026","rel":"","context":"En \u00abNoticias y Actualidad\u00bb","block_context":{"text":"Noticias y Actualidad","link":"https:\/\/akubaa.com\/index.php\/category\/noticias-y-actualidad\/"},"img":{"alt_text":"","src":"https:\/\/i0.wp.com\/akubaa.com\/wp-content\/uploads\/2026\/03\/Imagen-16.jpeg?resize=350%2C200&ssl=1","width":350,"height":200,"srcset":"https:\/\/i0.wp.com\/akubaa.com\/wp-content\/uploads\/2026\/03\/Imagen-16.jpeg?resize=350%2C200&ssl=1 1x, https:\/\/i0.wp.com\/akubaa.com\/wp-content\/uploads\/2026\/03\/Imagen-16.jpeg?resize=525%2C300&ssl=1 1.5x, https:\/\/i0.wp.com\/akubaa.com\/wp-content\/uploads\/2026\/03\/Imagen-16.jpeg?resize=700%2C400&ssl=1 2x, https:\/\/i0.wp.com\/akubaa.com\/wp-content\/uploads\/2026\/03\/Imagen-16.jpeg?resize=1050%2C600&ssl=1 3x, https:\/\/i0.wp.com\/akubaa.com\/wp-content\/uploads\/2026\/03\/Imagen-16.jpeg?resize=1400%2C800&ssl=1 4x"},"classes":[]}],"jetpack_shortlink":"https:\/\/wp.me\/pgrKo3-Hp","_links":{"self":[{"href":"https:\/\/akubaa.com\/index.php\/wp-json\/wp\/v2\/posts\/2691","targetHints":{"allow":["GET"]}}],"collection":[{"href":"https:\/\/akubaa.com\/index.php\/wp-json\/wp\/v2\/posts"}],"about":[{"href":"https:\/\/akubaa.com\/index.php\/wp-json\/wp\/v2\/types\/post"}],"author":[{"embeddable":true,"href":"https:\/\/akubaa.com\/index.php\/wp-json\/wp\/v2\/users\/1"}],"replies":[{"embeddable":true,"href":"https:\/\/akubaa.com\/index.php\/wp-json\/wp\/v2\/comments?post=2691"}],"version-history":[{"count":0,"href":"https:\/\/akubaa.com\/index.php\/wp-json\/wp\/v2\/posts\/2691\/revisions"}],"wp:featuredmedia":[{"embeddable":true,"href":"https:\/\/akubaa.com\/index.php\/wp-json\/wp\/v2\/media\/2692"}],"wp:attachment":[{"href":"https:\/\/akubaa.com\/index.php\/wp-json\/wp\/v2\/media?parent=2691"}],"wp:term":[{"taxonomy":"category","embeddable":true,"href":"https:\/\/akubaa.com\/index.php\/wp-json\/wp\/v2\/categories?post=2691"},{"taxonomy":"post_tag","embeddable":true,"href":"https:\/\/akubaa.com\/index.php\/wp-json\/wp\/v2\/tags?post=2691"}],"curies":[{"name":"wp","href":"https:\/\/api.w.org\/{rel}","templated":true}]}}