{"id":2097,"date":"2025-12-03T11:07:04","date_gmt":"2025-12-03T15:07:04","guid":{"rendered":"https:\/\/akubaa.com\/?p=2097"},"modified":"2025-12-04T19:47:12","modified_gmt":"2025-12-04T23:47:12","slug":"pauso-todos-los-procesos-migratorios","status":"publish","type":"post","link":"https:\/\/akubaa.com\/index.php\/2025\/12\/03\/pauso-todos-los-procesos-migratorios\/","title":{"rendered":"Ni Green Card, ni Ciudadan\u00eda: el d\u00eda en que miles de cubanos quedaron en el aire en EE.UU."},"content":{"rendered":"\n<p class=\"wp-block-paragraph\">Te voy a decir algo sin rodeos: ayer, 2 de diciembre, se nos cay\u00f3 el piso. Y no hablo en met\u00e1fora. Hablo de la nueva orden que paus\u00f3&nbsp;<strong>todos los procesos migratorios<\/strong>, desde&nbsp;<strong>Green Card<\/strong>,&nbsp;<strong>Ciudadan\u00eda Americana<\/strong>,&nbsp;<strong>ajustes de estatus<\/strong>,&nbsp;<strong>juramentos<\/strong>,&nbsp;<strong>entrevistas de USCIS<\/strong>, todo\u2026 como si alguien hubiera apagado de golpe el switch de la esperanza.<\/p>\n\n\n\n<figure class=\"wp-block-embed aligncenter is-type-wp-embed is-provider-akubaa wp-block-embed-akubaa\"><div class=\"wp-block-embed__wrapper\">\n<blockquote class=\"wp-embedded-content\" data-secret=\"eTlb3Ps4MN\"><a href=\"https:\/\/akubaa.com\/index.php\/anunciate-en-akubaa\/\">An\u00fanciate con AKubaa \u2014 Impulsa tu Negocio con Art\u00edculos + Promoci\u00f3n Premium.<\/a><\/blockquote><iframe loading=\"lazy\" class=\"wp-embedded-content\" sandbox=\"allow-scripts\" security=\"restricted\" style=\"position: absolute; visibility: hidden;\" title=\"\u00abAn\u00fanciate con AKubaa \u2014 Impulsa tu Negocio con Art\u00edculos + Promoci\u00f3n Premium.\u00bb \u2014 AKubaa\" src=\"https:\/\/akubaa.com\/index.php\/anunciate-en-akubaa\/embed\/#?secret=aN3VZDLKKN#?secret=eTlb3Ps4MN\" data-secret=\"eTlb3Ps4MN\" width=\"600\" height=\"338\" frameborder=\"0\" marginwidth=\"0\" marginheight=\"0\" scrolling=\"no\"><\/iframe>\n<\/div><\/figure>\n\n\n\n<p class=\"wp-block-paragraph\">Y aqu\u00ed estoy yo, un cubano m\u00e1s intentando procesar que, una vez m\u00e1s, quedamos en la categor\u00eda preferida del sistema:&nbsp;<strong>\u201cen revisi\u00f3n indefinida\u201d<\/strong>.<\/p>\n\n\n\n\n\n<hr class=\"wp-block-separator has-alpha-channel-opacity\"\/>\n\n\n\n<h2 class=\"wp-block-heading\"><strong>Un limbo que nadie vio venir<\/strong><\/h2>\n\n\n\n<p class=\"wp-block-paragraph\">Lo supe temprano, revisando mensajes que llegaban desde Hialeah, Tampa, Miami, Houston, Espa\u00f1a y M\u00e9xico:<br><strong>\u201cMi ceremonia era hoy y la cancelaron sin explicaci\u00f3n.\u201d<\/strong><br><strong>\u201cMi cita desapareci\u00f3 del sistema.\u201d<\/strong><br><strong>\u201cTen\u00eda todo listo para el ajuste de estatus\u2026 y ahora me dicen que est\u00e1 pausado.\u201d<\/strong><\/p>\n\n\n\n<p class=\"wp-block-paragraph\">La noticia corri\u00f3 m\u00e1s r\u00e1pido que un audio de WhatsApp en un grupo familiar. Estados Unidos orden\u00f3 una\u00a0<strong>pausa inmediata<\/strong>\u00a0para\u00a0<strong>19 pa\u00edses<\/strong>, entre ellos\u00a0<strong>Cuba<\/strong>, tras un tiroteo en Washington D.C. donde un solicitante de asilo afgano fue acusado de asesinar a un miembro de la Guardia Nacional. Una tragedia que nada tuvo que ver con los cubanos\u2026 pero cuyos efectos nos arrastran como un viento cruzado. Y desde ese momento, miles de nosotros quedamos en lo que yo llamo\u00a0<strong>\u201cla sala de espera m\u00e1s grande del mundo\u201d<\/strong>, ese espacio silencioso donde nadie te dice s\u00ed, pero tampoco te dice no.<\/p>\n\n\n\n<hr class=\"wp-block-separator has-alpha-channel-opacity\"\/>\n\n\n\n<div class=\"wp-block-media-text is-stacked-on-mobile\"><figure class=\"wp-block-media-text__media\"><img loading=\"lazy\" decoding=\"async\" width=\"1024\" height=\"683\" src=\"https:\/\/akubaa.com\/wp-content\/uploads\/2025\/11\/Imagen-81-1024x683.jpeg\" alt=\"\" class=\"wp-image-1893 size-full\" srcset=\"https:\/\/akubaa.com\/wp-content\/uploads\/2025\/11\/Imagen-81-1024x683.jpeg 1024w, https:\/\/akubaa.com\/wp-content\/uploads\/2025\/11\/Imagen-81-600x400.jpeg 600w, https:\/\/akubaa.com\/wp-content\/uploads\/2025\/11\/Imagen-81-300x200.jpeg 300w, https:\/\/akubaa.com\/wp-content\/uploads\/2025\/11\/Imagen-81-768x512.jpeg 768w, https:\/\/akubaa.com\/wp-content\/uploads\/2025\/11\/Imagen-81-1320x880.jpeg 1320w, https:\/\/akubaa.com\/wp-content\/uploads\/2025\/11\/Imagen-81.jpeg 1536w\" sizes=\"auto, (max-width: 1024px) 100vw, 1024px\" \/><\/figure><div class=\"wp-block-media-text__content\">\n<p class=\"wp-block-paragraph\">MAM\u00c1 EN PAUSA \u2013 Gu\u00eda de autocuidado y calma emocional para todas la mujeres del mundo.&nbsp;<\/p>\n\n\n\n<blockquote class=\"wp-block-quote is-layout-flow wp-block-quote-is-layout-flow\">\n<p class=\"wp-block-paragraph\">\u201cLa pausa no es rendirse. Es volver a ti.\u201d<\/p>\n<\/blockquote>\n\n\n\n<p class=\"wp-block-paragraph\">Ebook de 7 d\u00edas para mujeres reales que buscan calma, claridad y amor propio sin dejar de ser quienes son.&nbsp;<\/p>\n\n\n\n<p class=\"has-text-align-center has-background wp-block-paragraph\" style=\"background:linear-gradient(135deg,rgb(238,238,238) 17%,rgb(169,184,195) 100%)\"><strong><a href=\"https:\/\/go.hotmart.com\/C102814461T\">Descargalo ahora<\/a><\/strong><\/p>\n<\/div><\/div>\n\n\n\n<h2 class=\"wp-block-heading\"><strong>Lo que se sabe oficialmente (y lo que duele extraoficialmente)<\/strong><\/h2>\n\n\n\n<p class=\"wp-block-paragraph\">Lo confirmado es simple y brutal:<\/p>\n\n\n\n<ul class=\"wp-block-list\">\n<li><strong>Green Cards en proceso: pausadas.<\/strong><\/li>\n\n\n\n<li><strong>Ciudadan\u00eda Americana: pausada.<\/strong><\/li>\n\n\n\n<li><strong>Ajustes de estatus por reunificaci\u00f3n familiar: pausados.<\/strong><\/li>\n\n\n\n<li><strong>Cambios o extensiones de estatus: pausados.<\/strong><\/li>\n\n\n\n<li><strong>Entrevistas, ceremonias y juramentos: cancelados.<\/strong><\/li>\n\n\n\n<li><strong>Tr\u00e1mites en oficinas locales de USCIS: suspendidos.<\/strong><\/li>\n<\/ul>\n\n\n\n<p class=\"wp-block-paragraph\">Y s\u00ed, es tan duro como suena. Lo que no se dice, pero se siente en la calle, es a\u00fan peor: muchos cubanos estaban a d\u00edas de resolver su vida. A d\u00edas. Esa \u00faltima cita. Ese \u00faltimo sello. Ese \u00faltimo \u201cfelicidades, ya eres ciudadano\u201d. Y de pronto,\u00a0<strong>nada<\/strong>. Como dicen en la di\u00e1spora:\u00a0<em>\u201cHermano, esto fue como cuando se te va la luz en medio del arroz con pollo.\u201d<\/em><\/p>\n\n\n\n<hr class=\"wp-block-separator has-alpha-channel-opacity\"\/>\n\n\n\n<h2 class=\"wp-block-heading\"><strong>Una historia vieja con un cap\u00edtulo nuevo<\/strong><\/h2>\n\n\n\n<p class=\"wp-block-paragraph\">Ser cubano y vivir en Estados Unidos es convivir con la inestabilidad, pero esto fue otra cosa.<br>Los abogados lo confirmaron:\u00a0<strong>citas borradas del sistema<\/strong>,\u00a0<strong>ceremonias detenidas el mismo d\u00eda<\/strong>,\u00a0<strong>procesos congelados sin aviso<\/strong>. Es duro admitirlo, pero parece que a Cuba siempre la ponen en el mismo saco aunque la causa no tenga nada que ver con nosotros. Esta nueva pausa afecta tambi\u00e9n a pa\u00edses como\u00a0<strong>Hait\u00ed, Venezuela, Ir\u00e1n, Sud\u00e1n, Yemen, Afganist\u00e1n, Libia, Eritrea, Chad, Sierra Leona, Somalia, Turkmenist\u00e1n<\/strong>, entre otros. Pero nosotros sentimos el golpe de forma distinta porque nuestro cruce hist\u00f3rico con EE.UU. no se mide en n\u00fameros, sino en generaciones completas que han apostado su futuro a este pa\u00eds.<\/p>\n\n\n\n<hr class=\"wp-block-separator has-alpha-channel-opacity\"\/>\n\n\n\n<div class=\"wp-block-jetpack-related-posts\">\n<h2 class=\"wp-block-heading\">Te Puede Interesar <\/h2>\n<\/div>\n\n\n\n<h2 class=\"wp-block-heading\"><strong>El impacto profundo: del sue\u00f1o al sobresalto<\/strong><\/h2>\n\n\n\n<p class=\"wp-block-paragraph\">La&nbsp;<strong>incertidumbre migratoria<\/strong>&nbsp;tiene efectos reales en la vida cubana:<\/p>\n\n\n\n<ul class=\"wp-block-list\">\n<li>Gente que no puede viajar a ver a su familia.<\/li>\n\n\n\n<li>Trabajos que exigen documentos que ahora no se pueden obtener.<\/li>\n\n\n\n<li>Estudiantes que dependen de cambios de estatus.<\/li>\n\n\n\n<li>Parejas que esperan una decisi\u00f3n para casarse o vivir juntos sin miedo.<\/li>\n\n\n\n<li>Padres que llevan a\u00f1os esperando reunirse con sus hijos.<\/li>\n<\/ul>\n\n\n\n<p class=\"wp-block-paragraph\">Pero hay un grupo que me parte el alma: los que estaban a horas de tener su juramento. Gente que se visti\u00f3, imprimi\u00f3 la cita, respir\u00f3 profundo, manej\u00f3 hasta USCIS\u2026 y al llegar, una pantalla les dijo que su acto de ciudadan\u00eda ya no exist\u00eda. Eso no es burocracia. Eso es un golpe emocional.<\/p>\n\n\n\n<hr class=\"wp-block-separator has-alpha-channel-opacity\"\/>\n\n\n\n<h2 class=\"wp-block-heading\"><strong>\u00bfCu\u00e1ndo van a levantar estas restricciones?<\/strong><\/h2>\n\n\n\n<p class=\"wp-block-paragraph\">La pregunta del mill\u00f3n. La que me hacen desde Cuba, desde Miami, desde Madrid y desde cada rinc\u00f3n donde hay un cubano conectado a este l\u00edo. Y la respuesta es tan clara como inquietante: <strong>no hay fecha.<\/strong> A 24 horas del mandato, la \u00fanica se\u00f1al oficial es esta frase: <strong>\u201cNada est\u00e1 fuera de la mesa.\u201d<\/strong> Ese tipo de declaraci\u00f3n es la manera diplom\u00e1tica de decir:\u00a0<em>\u201cNo esperes respuestas pronto.\u201d<\/em> Lo que s\u00ed sabemos es que el gobierno revisar\u00e1 cada caso con el\u00a0<strong>\u201cm\u00e1ximo nivel de escrutinio\u201d<\/strong>, lo cual prolongar\u00e1 a\u00fan m\u00e1s los retrasos. Mientras tanto, los cubanos seguimos en pausa. Otra pausa. Una m\u00e1s.<\/p>\n\n\n\n<hr class=\"wp-block-separator has-alpha-channel-opacity\"\/>\n\n\n\n<h2 class=\"wp-block-heading\"><strong>La voz de la calle: lo que dice el pueblo<\/strong><\/h2>\n\n\n\n<p class=\"wp-block-paragraph\">Desde que la noticia sali\u00f3, las frases que m\u00e1s escucho son estas:<\/p>\n\n\n\n<p class=\"wp-block-paragraph\"><strong>\u201cNos usan como ficha pol\u00edtica cada cuatro a\u00f1os.\u201d<\/strong><br><strong>\u201cSiempre pagamos por la tragedia de otros.\u201d<\/strong><br><strong>\u201cEsto no lo aguanta nadie.\u201d<\/strong><br><strong>\u201cLo m\u00edo estaba ya aprobado, \u00bfpor qu\u00e9 a m\u00ed?\u201d<\/strong><\/p>\n\n\n\n<p class=\"wp-block-paragraph\">Y la m\u00e1s repetida: <strong>\u201c\u00bfHasta cu\u00e1ndo?\u201d<\/strong><\/p>\n\n\n\n<p class=\"wp-block-paragraph\">A veces pienso que esa expresi\u00f3n deber\u00eda ser declarada patrimonio espiritual de los cubanos.<\/p>\n\n\n\n<hr class=\"wp-block-separator has-alpha-channel-opacity\"\/>\n\n\n\n<h2 class=\"wp-block-heading\"><strong>La visi\u00f3n de AKubaa: lo que realmente importa ahora<\/strong><\/h2>\n\n\n\n<p class=\"wp-block-paragraph\">Desde este lado del teclado y del micr\u00f3fono, mi opini\u00f3n es clara: Estamos viviendo uno de los momentos migratorios m\u00e1s tensos desde 2017. Y esta vez, los cubanos ca\u00edmos en el ojo del hurac\u00e1n sin ser el viento que lo gener\u00f3. La pausa no solo retrasa tr\u00e1mites; tambi\u00e9n retrasa vidas, decisiones, oportunidades. Pero lo peor es el silencio. Ese vac\u00edo informativo donde uno tiene que adivinar si su futuro est\u00e1 detenido por d\u00edas, semanas o meses. Mi recomendaci\u00f3n, como siempre en AKubaa, es esta:<\/p>\n\n\n\n<ol class=\"wp-block-list\">\n<li><strong>No canceles nada por tu cuenta.<\/strong><\/li>\n\n\n\n<li><strong>Guarda capturas de tus citas y documentos.<\/strong><\/li>\n\n\n\n<li><strong>Consulta solo abogados reales, no TikTok lawyers.<\/strong><\/li>\n\n\n\n<li><strong>Mantente atento a la prensa oficial de inmigraci\u00f3n.<\/strong><\/li>\n\n\n\n<li><strong>No asumas tiempos. No inventes fechas.<\/strong><\/li>\n<\/ol>\n\n\n\n<p class=\"wp-block-paragraph\">Nos toca navegar con cautela. Sin p\u00e1nico, pero con ojos abiertos.<\/p>\n\n\n\n<hr class=\"wp-block-separator has-alpha-channel-opacity\"\/>\n\n\n\n<h2 class=\"wp-block-heading\"><strong>Conclusi\u00f3n: seguimos esperando\u2026 pero no en silencio<\/strong><\/h2>\n\n\n\n<p class=\"wp-block-paragraph\">Esta pausa nos tom\u00f3 por sorpresa, pero no nos va a callar. Cada cubano sabe lo que es reinventarse, esperar, insistir y volver a insistir. Mientras no haya fecha, seguiremos preguntando. Seguiremos contando historias. Seguiremos presionando para que nos escuchen. Porque al final, lo \u00fanico m\u00e1s fuerte que la incertidumbre es la voz de un pueblo que no se rinde. Y ahora quiero escuchar la tuya:<\/p>\n\n\n\n<p class=\"wp-block-paragraph\"><strong>\u00bfCrees que estas restricciones se levantar\u00e1n pronto o estamos entrando en un ciclo m\u00e1s largo de revisiones migratorias?<\/strong><\/p>\n\n\n\n<div class=\"wp-block-media-text is-stacked-on-mobile\"><figure class=\"wp-block-media-text__media\"><img loading=\"lazy\" decoding=\"async\" width=\"1024\" height=\"683\" src=\"https:\/\/akubaa.com\/wp-content\/uploads\/2025\/06\/image-13-1024x683.png\" alt=\"\" class=\"wp-image-401 size-full\" srcset=\"https:\/\/akubaa.com\/wp-content\/uploads\/2025\/06\/image-13-1024x683.png 1024w, https:\/\/akubaa.com\/wp-content\/uploads\/2025\/06\/image-13-600x400.png 600w, https:\/\/akubaa.com\/wp-content\/uploads\/2025\/06\/image-13-300x200.png 300w, https:\/\/akubaa.com\/wp-content\/uploads\/2025\/06\/image-13-768x512.png 768w, https:\/\/akubaa.com\/wp-content\/uploads\/2025\/06\/image-13.png 1536w\" sizes=\"auto, (max-width: 1024px) 100vw, 1024px\" \/><\/figure><div class=\"wp-block-media-text__content\">\n<p class=\"wp-block-paragraph\"><strong>Recibe todas tus noticias actualizadas y m\u00e1s candentes, totalmente gratis ,<a href=\"Https:\/\/whatsapp.com\/channel\/0029Vb79UdPDjiOb2WJdlm0Y\">solo has Clic y Unete a esta comunidad<\/a><\/strong>.<\/p>\n<\/div><\/div>\n\n\n\n<p class=\"wp-block-paragraph\">Te leo en los comentarios y en AKubaa.com. Vamos a hablarlo como es:\u00a0<strong>con picante, con coraz\u00f3n y con calle.<\/strong><\/p>\n\n\n\n<h2 class=\"wp-block-heading\">M\u00e1s en AKubaa<\/h2>\n\n\n<ul class=\"wp-block-latest-posts__list is-grid wp-block-latest-posts is-layout-flow wp-block-latest-posts-is-layout-flow\"><li><div class=\"wp-block-latest-posts__featured-image aligncenter\"><a href=\"https:\/\/akubaa.com\/index.php\/2026\/09\/02\/estado-salud-raul-castro-grave\/\" aria-label=\"\u00bfRa\u00fal Castro est\u00e1 muerto? Lo que se sabe de su grave estado de salud y lo que significar\u00eda para Cuba.\"><img loading=\"lazy\" decoding=\"async\" width=\"150\" height=\"150\" src=\"https:\/\/akubaa.com\/wp-content\/uploads\/2026\/09\/image-150x150.png\" class=\"attachment-thumbnail size-thumbnail wp-post-image\" alt=\"\" style=\"\" srcset=\"https:\/\/akubaa.com\/wp-content\/uploads\/2026\/09\/image-150x150.png 150w, https:\/\/akubaa.com\/wp-content\/uploads\/2026\/09\/image-300x300.png 300w, https:\/\/akubaa.com\/wp-content\/uploads\/2026\/09\/image-100x100.png 100w\" sizes=\"auto, (max-width: 150px) 100vw, 150px\" \/><\/a><\/div><a class=\"wp-block-latest-posts__post-title\" href=\"https:\/\/akubaa.com\/index.php\/2026\/09\/02\/estado-salud-raul-castro-grave\/\">\u00bfRa\u00fal Castro est\u00e1 muerto? Lo que se sabe de su grave estado de salud y lo que significar\u00eda para Cuba.<\/a><\/li>\n<li><div class=\"wp-block-latest-posts__featured-image aligncenter\"><a href=\"https:\/\/akubaa.com\/index.php\/2026\/09\/02\/historia-de-exito-de-roselena-y-ernesto\/\" aria-label=\"La historia de \u00e9xito de Roselena y Ernesto\"><img loading=\"lazy\" decoding=\"async\" width=\"150\" height=\"150\" src=\"https:\/\/akubaa.com\/wp-content\/uploads\/2026\/08\/2026-2-sep-Historia-de-exito-Rosaelena-y-Ernesto-150x150.jpg\" class=\"attachment-thumbnail size-thumbnail wp-post-image\" alt=\"\" style=\"\" srcset=\"https:\/\/akubaa.com\/wp-content\/uploads\/2026\/08\/2026-2-sep-Historia-de-exito-Rosaelena-y-Ernesto-150x150.jpg 150w, https:\/\/akubaa.com\/wp-content\/uploads\/2026\/08\/2026-2-sep-Historia-de-exito-Rosaelena-y-Ernesto-300x300.jpg 300w, https:\/\/akubaa.com\/wp-content\/uploads\/2026\/08\/2026-2-sep-Historia-de-exito-Rosaelena-y-Ernesto-100x100.jpg 100w\" sizes=\"auto, (max-width: 150px) 100vw, 150px\" \/><\/a><\/div><a class=\"wp-block-latest-posts__post-title\" href=\"https:\/\/akubaa.com\/index.php\/2026\/09\/02\/historia-de-exito-de-roselena-y-ernesto\/\">La historia de \u00e9xito de Roselena y Ernesto<\/a><\/li>\n<li><div class=\"wp-block-latest-posts__featured-image aligncenter\"><a href=\"https:\/\/akubaa.com\/index.php\/2026\/09\/01\/regreso-a-clases-costo-familia-cubana\/\" aria-label=\"Regreso a clases y el costo a la familia cubana\"><img loading=\"lazy\" decoding=\"async\" width=\"150\" height=\"150\" src=\"https:\/\/akubaa.com\/wp-content\/uploads\/2026\/08\/2026-1-sep-Regreso-a-clases-150x150.jpg\" class=\"attachment-thumbnail size-thumbnail wp-post-image\" alt=\"\" style=\"\" srcset=\"https:\/\/akubaa.com\/wp-content\/uploads\/2026\/08\/2026-1-sep-Regreso-a-clases-150x150.jpg 150w, https:\/\/akubaa.com\/wp-content\/uploads\/2026\/08\/2026-1-sep-Regreso-a-clases-300x300.jpg 300w, https:\/\/akubaa.com\/wp-content\/uploads\/2026\/08\/2026-1-sep-Regreso-a-clases-100x100.jpg 100w\" sizes=\"auto, (max-width: 150px) 100vw, 150px\" \/><\/a><\/div><a class=\"wp-block-latest-posts__post-title\" href=\"https:\/\/akubaa.com\/index.php\/2026\/09\/01\/regreso-a-clases-costo-familia-cubana\/\">Regreso a clases y el costo a la familia cubana<\/a><\/li>\n<li><div class=\"wp-block-latest-posts__featured-image aligncenter\"><a href=\"https:\/\/akubaa.com\/index.php\/2026\/08\/31\/incluyete-en-la-lista-de-cuidados-esta-semana\/\" aria-label=\"Incl\u00fayete en la lista de cosas que tienes que cuidar esta semana\"><img loading=\"lazy\" decoding=\"async\" width=\"150\" height=\"150\" src=\"https:\/\/akubaa.com\/wp-content\/uploads\/2026\/08\/2026-31-agosto-Cuidarte-1-150x150.jpg\" class=\"attachment-thumbnail size-thumbnail wp-post-image\" alt=\"\" style=\"\" srcset=\"https:\/\/akubaa.com\/wp-content\/uploads\/2026\/08\/2026-31-agosto-Cuidarte-1-150x150.jpg 150w, https:\/\/akubaa.com\/wp-content\/uploads\/2026\/08\/2026-31-agosto-Cuidarte-1-300x300.jpg 300w, https:\/\/akubaa.com\/wp-content\/uploads\/2026\/08\/2026-31-agosto-Cuidarte-1-100x100.jpg 100w\" sizes=\"auto, (max-width: 150px) 100vw, 150px\" \/><\/a><\/div><a class=\"wp-block-latest-posts__post-title\" href=\"https:\/\/akubaa.com\/index.php\/2026\/08\/31\/incluyete-en-la-lista-de-cuidados-esta-semana\/\">Incl\u00fayete en la lista de cosas que tienes que cuidar esta semana<\/a><\/li>\n<li><div class=\"wp-block-latest-posts__featured-image aligncenter\"><a href=\"https:\/\/akubaa.com\/index.php\/2026\/08\/30\/reinventarte-en-otro-pais-sin-perder-tu-identidad\/\" aria-label=\"Reinventarte en otro pa\u00eds sin perder tu identidad\"><img loading=\"lazy\" decoding=\"async\" width=\"150\" height=\"150\" src=\"https:\/\/akubaa.com\/wp-content\/uploads\/2026\/08\/2026-30-agosto-reinventarse-en-otro-pais-150x150.jpg\" class=\"attachment-thumbnail size-thumbnail wp-post-image\" alt=\"\" style=\"\" srcset=\"https:\/\/akubaa.com\/wp-content\/uploads\/2026\/08\/2026-30-agosto-reinventarse-en-otro-pais-150x150.jpg 150w, https:\/\/akubaa.com\/wp-content\/uploads\/2026\/08\/2026-30-agosto-reinventarse-en-otro-pais-300x300.jpg 300w, https:\/\/akubaa.com\/wp-content\/uploads\/2026\/08\/2026-30-agosto-reinventarse-en-otro-pais-100x100.jpg 100w\" sizes=\"auto, (max-width: 150px) 100vw, 150px\" \/><\/a><\/div><a class=\"wp-block-latest-posts__post-title\" href=\"https:\/\/akubaa.com\/index.php\/2026\/08\/30\/reinventarte-en-otro-pais-sin-perder-tu-identidad\/\">Reinventarte en otro pa\u00eds sin perder tu identidad<\/a><\/li>\n<li><div class=\"wp-block-latest-posts__featured-image aligncenter\"><a href=\"https:\/\/akubaa.com\/index.php\/2026\/08\/29\/cubaneo-esta-de-moda-cuba-redes\/\" aria-label=\"El cubaneo est\u00e1 de moda: Cuba conquista las redes\"><img loading=\"lazy\" decoding=\"async\" width=\"150\" height=\"150\" src=\"https:\/\/akubaa.com\/wp-content\/uploads\/2026\/08\/2026-29-agosto-el-cubaneo-es-tendencia-150x150.jpg\" class=\"attachment-thumbnail size-thumbnail wp-post-image\" alt=\"\" style=\"\" srcset=\"https:\/\/akubaa.com\/wp-content\/uploads\/2026\/08\/2026-29-agosto-el-cubaneo-es-tendencia-150x150.jpg 150w, https:\/\/akubaa.com\/wp-content\/uploads\/2026\/08\/2026-29-agosto-el-cubaneo-es-tendencia-300x300.jpg 300w, https:\/\/akubaa.com\/wp-content\/uploads\/2026\/08\/2026-29-agosto-el-cubaneo-es-tendencia-100x100.jpg 100w\" sizes=\"auto, (max-width: 150px) 100vw, 150px\" \/><\/a><\/div><a class=\"wp-block-latest-posts__post-title\" href=\"https:\/\/akubaa.com\/index.php\/2026\/08\/29\/cubaneo-esta-de-moda-cuba-redes\/\">El cubaneo est\u00e1 de moda: Cuba conquista las redes<\/a><\/li>\n<\/ul>","protected":false},"excerpt":{"rendered":"<p>Te voy a decir algo sin rodeos: ayer, 2 de diciembre, se nos cay\u00f3 el piso. Y no hablo en met\u00e1fora. Hablo de la nueva orden que paus\u00f3&nbsp;todos los procesos migratorios, desde&nbsp;Green Card,&nbsp;Ciudadan\u00eda Americana,&nbsp;ajustes de estatus,&nbsp;juramentos,&nbsp;entrevistas de USCIS, todo\u2026 como si alguien hubiera apagado de golpe el switch de la esperanza. Y aqu\u00ed estoy yo, [&hellip;]<\/p>\n","protected":false},"author":1,"featured_media":2098,"comment_status":"open","ping_status":"open","sticky":false,"template":"","format":"standard","meta":{"_jetpack_newsletter_access":"","_jetpack_dont_email_post_to_subs":false,"_jetpack_newsletter_tier_id":0,"_jetpack_memberships_contains_paywalled_content":false,"_jetpack_feature_clip_id":0,"_jetpack_memberships_contains_paid_content":false,"footnotes":"","jetpack_publicize_message":"","jetpack_publicize_feature_enabled":true,"jetpack_social_post_already_shared":true,"jetpack_social_options":{"image_generator_settings":{"template":"highway","default_image_id":0,"font":"","enabled":false},"version":2},"jetpack_post_was_ever_published":false},"categories":[4],"tags":[],"class_list":["post-2097","post","type-post","status-publish","format-standard","has-post-thumbnail","hentry","category-noticias-y-actualidad"],"yoast_head":"<!-- This site is optimized with the Yoast SEO plugin v28.4 - https:\/\/yoast.com\/product\/yoast-seo-wordpress\/ -->\n<title>Todos los procesos migratorios: en pausa por ordenes de Trump. - AKubaa<\/title>\n<meta name=\"description\" content=\"Descubre la nueva orden que paus\u00f3\u00a0todos los procesos migratorios, desde\u00a0Green Card,\u00a0Ciudadan\u00eda Americana,\u00a0ajustes de estatus,\u00a0juramentos,\u00a0entr\" \/>\n<meta name=\"robots\" content=\"index, follow, max-snippet:-1, max-image-preview:large, max-video-preview:-1\" \/>\n<link rel=\"canonical\" href=\"https:\/\/akubaa.com\/index.php\/2025\/12\/03\/pauso-todos-los-procesos-migratorios\/\" \/>\n<meta property=\"og:locale\" content=\"es_ES\" \/>\n<meta property=\"og:type\" content=\"article\" \/>\n<meta property=\"og:title\" content=\"Todos los procesos migratorios: en pausa por ordenes de Trump. - AKubaa\" \/>\n<meta property=\"og:description\" content=\"Descubre la nueva orden que paus\u00f3\u00a0todos los procesos migratorios, desde\u00a0Green Card,\u00a0Ciudadan\u00eda Americana,\u00a0ajustes de estatus,\u00a0juramentos,\u00a0entr\" \/>\n<meta property=\"og:url\" content=\"https:\/\/akubaa.com\/index.php\/2025\/12\/03\/pauso-todos-los-procesos-migratorios\/\" \/>\n<meta property=\"og:site_name\" content=\"AKubaa\" \/>\n<meta property=\"article:publisher\" content=\"https:\/\/www.facebook.com\/akubaa\" \/>\n<meta property=\"article:author\" content=\"https:\/\/www.facebook.com\/akubaa\" \/>\n<meta property=\"article:published_time\" content=\"2025-12-03T15:07:04+00:00\" \/>\n<meta property=\"article:modified_time\" content=\"2025-12-04T23:47:12+00:00\" \/>\n<meta property=\"og:image\" content=\"https:\/\/akubaa.com\/wp-content\/uploads\/2025\/12\/image-3-1024x683.png\" \/>\n\t<meta property=\"og:image:width\" content=\"1024\" \/>\n\t<meta property=\"og:image:height\" content=\"683\" \/>\n\t<meta property=\"og:image:type\" content=\"image\/png\" \/>\n<meta name=\"author\" content=\"AK\" \/>\n<meta name=\"twitter:card\" content=\"summary_large_image\" \/>\n<meta name=\"twitter:label1\" content=\"Escrito por\" \/>\n\t<meta name=\"twitter:data1\" content=\"AK\" \/>\n\t<meta name=\"twitter:label2\" content=\"Tiempo de lectura\" \/>\n\t<meta name=\"twitter:data2\" content=\"6 minutos\" \/>\n<script type=\"application\/ld+json\" class=\"yoast-schema-graph\">{\"@context\":\"https:\\\/\\\/schema.org\",\"@graph\":[{\"@type\":\"Article\",\"@id\":\"https:\\\/\\\/akubaa.com\\\/index.php\\\/2025\\\/12\\\/03\\\/pauso-todos-los-procesos-migratorios\\\/#article\",\"isPartOf\":{\"@id\":\"https:\\\/\\\/akubaa.com\\\/index.php\\\/2025\\\/12\\\/03\\\/pauso-todos-los-procesos-migratorios\\\/\"},\"author\":{\"name\":\"AK\",\"@id\":\"https:\\\/\\\/akubaa.com\\\/#\\\/schema\\\/person\\\/b096b63c1ad27204e55fabb2cf2153a5\"},\"headline\":\"Ni Green Card, ni Ciudadan\u00eda: el d\u00eda en que miles de cubanos quedaron en el aire en EE.UU.\",\"datePublished\":\"2025-12-03T15:07:04+00:00\",\"dateModified\":\"2025-12-04T23:47:12+00:00\",\"mainEntityOfPage\":{\"@id\":\"https:\\\/\\\/akubaa.com\\\/index.php\\\/2025\\\/12\\\/03\\\/pauso-todos-los-procesos-migratorios\\\/\"},\"wordCount\":1203,\"commentCount\":0,\"publisher\":{\"@id\":\"https:\\\/\\\/akubaa.com\\\/#\\\/schema\\\/person\\\/b096b63c1ad27204e55fabb2cf2153a5\"},\"image\":{\"@id\":\"https:\\\/\\\/akubaa.com\\\/index.php\\\/2025\\\/12\\\/03\\\/pauso-todos-los-procesos-migratorios\\\/#primaryimage\"},\"thumbnailUrl\":\"https:\\\/\\\/akubaa.com\\\/wp-content\\\/uploads\\\/2025\\\/12\\\/image-3.png\",\"articleSection\":[\"Noticias y Actualidad\"],\"inLanguage\":\"es\",\"potentialAction\":[{\"@type\":\"CommentAction\",\"name\":\"Comment\",\"target\":[\"https:\\\/\\\/akubaa.com\\\/index.php\\\/2025\\\/12\\\/03\\\/pauso-todos-los-procesos-migratorios\\\/#respond\"]}]},{\"@type\":\"WebPage\",\"@id\":\"https:\\\/\\\/akubaa.com\\\/index.php\\\/2025\\\/12\\\/03\\\/pauso-todos-los-procesos-migratorios\\\/\",\"url\":\"https:\\\/\\\/akubaa.com\\\/index.php\\\/2025\\\/12\\\/03\\\/pauso-todos-los-procesos-migratorios\\\/\",\"name\":\"Todos los procesos migratorios: en pausa por ordenes de Trump. - AKubaa\",\"isPartOf\":{\"@id\":\"https:\\\/\\\/akubaa.com\\\/#website\"},\"primaryImageOfPage\":{\"@id\":\"https:\\\/\\\/akubaa.com\\\/index.php\\\/2025\\\/12\\\/03\\\/pauso-todos-los-procesos-migratorios\\\/#primaryimage\"},\"image\":{\"@id\":\"https:\\\/\\\/akubaa.com\\\/index.php\\\/2025\\\/12\\\/03\\\/pauso-todos-los-procesos-migratorios\\\/#primaryimage\"},\"thumbnailUrl\":\"https:\\\/\\\/akubaa.com\\\/wp-content\\\/uploads\\\/2025\\\/12\\\/image-3.png\",\"datePublished\":\"2025-12-03T15:07:04+00:00\",\"dateModified\":\"2025-12-04T23:47:12+00:00\",\"description\":\"Descubre la nueva orden que paus\u00f3\u00a0todos los procesos migratorios, desde\u00a0Green Card,\u00a0Ciudadan\u00eda Americana,\u00a0ajustes de estatus,\u00a0juramentos,\u00a0entrevistas de USCIS,\",\"breadcrumb\":{\"@id\":\"https:\\\/\\\/akubaa.com\\\/index.php\\\/2025\\\/12\\\/03\\\/pauso-todos-los-procesos-migratorios\\\/#breadcrumb\"},\"inLanguage\":\"es\",\"potentialAction\":[{\"@type\":\"ReadAction\",\"target\":[\"https:\\\/\\\/akubaa.com\\\/index.php\\\/2025\\\/12\\\/03\\\/pauso-todos-los-procesos-migratorios\\\/\"]}]},{\"@type\":\"ImageObject\",\"inLanguage\":\"es\",\"@id\":\"https:\\\/\\\/akubaa.com\\\/index.php\\\/2025\\\/12\\\/03\\\/pauso-todos-los-procesos-migratorios\\\/#primaryimage\",\"url\":\"https:\\\/\\\/akubaa.com\\\/wp-content\\\/uploads\\\/2025\\\/12\\\/image-3.png\",\"contentUrl\":\"https:\\\/\\\/akubaa.com\\\/wp-content\\\/uploads\\\/2025\\\/12\\\/image-3.png\",\"width\":1536,\"height\":1024},{\"@type\":\"BreadcrumbList\",\"@id\":\"https:\\\/\\\/akubaa.com\\\/index.php\\\/2025\\\/12\\\/03\\\/pauso-todos-los-procesos-migratorios\\\/#breadcrumb\",\"itemListElement\":[{\"@type\":\"ListItem\",\"position\":1,\"name\":\"Portada\",\"item\":\"https:\\\/\\\/akubaa.com\\\/\"},{\"@type\":\"ListItem\",\"position\":2,\"name\":\"Ni Green Card, ni Ciudadan\u00eda: el d\u00eda en que miles de cubanos quedaron en el aire en EE.UU.\"}]},{\"@type\":\"WebSite\",\"@id\":\"https:\\\/\\\/akubaa.com\\\/#website\",\"url\":\"https:\\\/\\\/akubaa.com\\\/\",\"name\":\"AKubaa\",\"description\":\"Vive ,conoce y disfruta Cuba al estilo de A&amp;K.\",\"publisher\":{\"@id\":\"https:\\\/\\\/akubaa.com\\\/#\\\/schema\\\/person\\\/b096b63c1ad27204e55fabb2cf2153a5\"},\"potentialAction\":[{\"@type\":\"SearchAction\",\"target\":{\"@type\":\"EntryPoint\",\"urlTemplate\":\"https:\\\/\\\/akubaa.com\\\/?s={search_term_string}\"},\"query-input\":{\"@type\":\"PropertyValueSpecification\",\"valueRequired\":true,\"valueName\":\"search_term_string\"}}],\"inLanguage\":\"es\"},{\"@type\":[\"Person\",\"Organization\"],\"@id\":\"https:\\\/\\\/akubaa.com\\\/#\\\/schema\\\/person\\\/b096b63c1ad27204e55fabb2cf2153a5\",\"name\":\"AK\",\"image\":{\"@type\":\"ImageObject\",\"inLanguage\":\"es\",\"@id\":\"https:\\\/\\\/akubaa.com\\\/wp-content\\\/uploads\\\/2025\\\/08\\\/Imagen-17.jpeg\",\"url\":\"https:\\\/\\\/akubaa.com\\\/wp-content\\\/uploads\\\/2025\\\/08\\\/Imagen-17.jpeg\",\"contentUrl\":\"https:\\\/\\\/akubaa.com\\\/wp-content\\\/uploads\\\/2025\\\/08\\\/Imagen-17.jpeg\",\"width\":1024,\"height\":1024,\"caption\":\"AK\"},\"logo\":{\"@id\":\"https:\\\/\\\/akubaa.com\\\/wp-content\\\/uploads\\\/2025\\\/08\\\/Imagen-17.jpeg\"},\"sameAs\":[\"https:\\\/\\\/akubaa.com\",\"https:\\\/\\\/www.facebook.com\\\/akubaa\",\"https:\\\/\\\/www.instagram.com\\\/akubaa?\"],\"url\":\"https:\\\/\\\/akubaa.com\\\/index.php\\\/profile\\\/admin\\\/\"}]}<\/script>\n<!-- \/ Yoast SEO plugin. -->","yoast_head_json":{"title":"Todos los procesos migratorios: en pausa por ordenes de Trump. - AKubaa","description":"Descubre la nueva orden que paus\u00f3\u00a0todos los procesos migratorios, desde\u00a0Green Card,\u00a0Ciudadan\u00eda Americana,\u00a0ajustes de estatus,\u00a0juramentos,\u00a0entr","robots":{"index":"index","follow":"follow","max-snippet":"max-snippet:-1","max-image-preview":"max-image-preview:large","max-video-preview":"max-video-preview:-1"},"canonical":"https:\/\/akubaa.com\/index.php\/2025\/12\/03\/pauso-todos-los-procesos-migratorios\/","og_locale":"es_ES","og_type":"article","og_title":"Todos los procesos migratorios: en pausa por ordenes de Trump. - AKubaa","og_description":"Descubre la nueva orden que paus\u00f3\u00a0todos los procesos migratorios, desde\u00a0Green Card,\u00a0Ciudadan\u00eda Americana,\u00a0ajustes de estatus,\u00a0juramentos,\u00a0entr","og_url":"https:\/\/akubaa.com\/index.php\/2025\/12\/03\/pauso-todos-los-procesos-migratorios\/","og_site_name":"AKubaa","article_publisher":"https:\/\/www.facebook.com\/akubaa","article_author":"https:\/\/www.facebook.com\/akubaa","article_published_time":"2025-12-03T15:07:04+00:00","article_modified_time":"2025-12-04T23:47:12+00:00","og_image":[{"width":1024,"height":683,"url":"https:\/\/akubaa.com\/wp-content\/uploads\/2025\/12\/image-3-1024x683.png","type":"image\/png"}],"author":"AK","twitter_card":"summary_large_image","twitter_misc":{"Escrito por":"AK","Tiempo de lectura":"6 minutos"},"schema":{"@context":"https:\/\/schema.org","@graph":[{"@type":"Article","@id":"https:\/\/akubaa.com\/index.php\/2025\/12\/03\/pauso-todos-los-procesos-migratorios\/#article","isPartOf":{"@id":"https:\/\/akubaa.com\/index.php\/2025\/12\/03\/pauso-todos-los-procesos-migratorios\/"},"author":{"name":"AK","@id":"https:\/\/akubaa.com\/#\/schema\/person\/b096b63c1ad27204e55fabb2cf2153a5"},"headline":"Ni Green Card, ni Ciudadan\u00eda: el d\u00eda en que miles de cubanos quedaron en el aire en EE.UU.","datePublished":"2025-12-03T15:07:04+00:00","dateModified":"2025-12-04T23:47:12+00:00","mainEntityOfPage":{"@id":"https:\/\/akubaa.com\/index.php\/2025\/12\/03\/pauso-todos-los-procesos-migratorios\/"},"wordCount":1203,"commentCount":0,"publisher":{"@id":"https:\/\/akubaa.com\/#\/schema\/person\/b096b63c1ad27204e55fabb2cf2153a5"},"image":{"@id":"https:\/\/akubaa.com\/index.php\/2025\/12\/03\/pauso-todos-los-procesos-migratorios\/#primaryimage"},"thumbnailUrl":"https:\/\/akubaa.com\/wp-content\/uploads\/2025\/12\/image-3.png","articleSection":["Noticias y Actualidad"],"inLanguage":"es","potentialAction":[{"@type":"CommentAction","name":"Comment","target":["https:\/\/akubaa.com\/index.php\/2025\/12\/03\/pauso-todos-los-procesos-migratorios\/#respond"]}]},{"@type":"WebPage","@id":"https:\/\/akubaa.com\/index.php\/2025\/12\/03\/pauso-todos-los-procesos-migratorios\/","url":"https:\/\/akubaa.com\/index.php\/2025\/12\/03\/pauso-todos-los-procesos-migratorios\/","name":"Todos los procesos migratorios: en pausa por ordenes de Trump. - AKubaa","isPartOf":{"@id":"https:\/\/akubaa.com\/#website"},"primaryImageOfPage":{"@id":"https:\/\/akubaa.com\/index.php\/2025\/12\/03\/pauso-todos-los-procesos-migratorios\/#primaryimage"},"image":{"@id":"https:\/\/akubaa.com\/index.php\/2025\/12\/03\/pauso-todos-los-procesos-migratorios\/#primaryimage"},"thumbnailUrl":"https:\/\/akubaa.com\/wp-content\/uploads\/2025\/12\/image-3.png","datePublished":"2025-12-03T15:07:04+00:00","dateModified":"2025-12-04T23:47:12+00:00","description":"Descubre la nueva orden que paus\u00f3\u00a0todos los procesos migratorios, desde\u00a0Green Card,\u00a0Ciudadan\u00eda Americana,\u00a0ajustes de estatus,\u00a0juramentos,\u00a0entrevistas de USCIS,","breadcrumb":{"@id":"https:\/\/akubaa.com\/index.php\/2025\/12\/03\/pauso-todos-los-procesos-migratorios\/#breadcrumb"},"inLanguage":"es","potentialAction":[{"@type":"ReadAction","target":["https:\/\/akubaa.com\/index.php\/2025\/12\/03\/pauso-todos-los-procesos-migratorios\/"]}]},{"@type":"ImageObject","inLanguage":"es","@id":"https:\/\/akubaa.com\/index.php\/2025\/12\/03\/pauso-todos-los-procesos-migratorios\/#primaryimage","url":"https:\/\/akubaa.com\/wp-content\/uploads\/2025\/12\/image-3.png","contentUrl":"https:\/\/akubaa.com\/wp-content\/uploads\/2025\/12\/image-3.png","width":1536,"height":1024},{"@type":"BreadcrumbList","@id":"https:\/\/akubaa.com\/index.php\/2025\/12\/03\/pauso-todos-los-procesos-migratorios\/#breadcrumb","itemListElement":[{"@type":"ListItem","position":1,"name":"Portada","item":"https:\/\/akubaa.com\/"},{"@type":"ListItem","position":2,"name":"Ni Green Card, ni Ciudadan\u00eda: el d\u00eda en que miles de cubanos quedaron en el aire en EE.UU."}]},{"@type":"WebSite","@id":"https:\/\/akubaa.com\/#website","url":"https:\/\/akubaa.com\/","name":"AKubaa","description":"Vive ,conoce y disfruta Cuba al estilo de A&amp;K.","publisher":{"@id":"https:\/\/akubaa.com\/#\/schema\/person\/b096b63c1ad27204e55fabb2cf2153a5"},"potentialAction":[{"@type":"SearchAction","target":{"@type":"EntryPoint","urlTemplate":"https:\/\/akubaa.com\/?s={search_term_string}"},"query-input":{"@type":"PropertyValueSpecification","valueRequired":true,"valueName":"search_term_string"}}],"inLanguage":"es"},{"@type":["Person","Organization"],"@id":"https:\/\/akubaa.com\/#\/schema\/person\/b096b63c1ad27204e55fabb2cf2153a5","name":"AK","image":{"@type":"ImageObject","inLanguage":"es","@id":"https:\/\/akubaa.com\/wp-content\/uploads\/2025\/08\/Imagen-17.jpeg","url":"https:\/\/akubaa.com\/wp-content\/uploads\/2025\/08\/Imagen-17.jpeg","contentUrl":"https:\/\/akubaa.com\/wp-content\/uploads\/2025\/08\/Imagen-17.jpeg","width":1024,"height":1024,"caption":"AK"},"logo":{"@id":"https:\/\/akubaa.com\/wp-content\/uploads\/2025\/08\/Imagen-17.jpeg"},"sameAs":["https:\/\/akubaa.com","https:\/\/www.facebook.com\/akubaa","https:\/\/www.instagram.com\/akubaa?"],"url":"https:\/\/akubaa.com\/index.php\/profile\/admin\/"}]}},"jetpack_publicize_connections":[],"jetpack_sharing_enabled":true,"jetpack_likes_enabled":true,"jetpack-related-posts":[{"id":2091,"url":"https:\/\/akubaa.com\/index.php\/2025\/12\/02\/trump-ordena-cancelar-procesos-de-ciudadania-residencia-y-asilo\/","url_meta":{"origin":2097,"position":0},"title":"\u201cCuando el silencio duele m\u00e1s que la noticia\u201d","author":"AK","date":"12\/02\/2025","format":false,"excerpt":"Trump ordena cancelar procesos de ciudadan\u00eda, residencia y asilo para cubanos y otros 18 pa\u00edses Todav\u00eda no eran las seis cuando me empez\u00f3 a vibrar el tel\u00e9fono como si estuviera pose\u00eddo. Miami amanec\u00eda nublado, ese gris tan particular que avisa tormenta o noticia grande, y yo ya present\u00eda que algo\u2026","rel":"","context":"En \u00abNoticias y Actualidad\u00bb","block_context":{"text":"Noticias y Actualidad","link":"https:\/\/akubaa.com\/index.php\/category\/noticias-y-actualidad\/"},"img":{"alt_text":"","src":"https:\/\/i0.wp.com\/akubaa.com\/wp-content\/uploads\/2025\/12\/image-2.png?resize=350%2C200&ssl=1","width":350,"height":200,"srcset":"https:\/\/i0.wp.com\/akubaa.com\/wp-content\/uploads\/2025\/12\/image-2.png?resize=350%2C200&ssl=1 1x, https:\/\/i0.wp.com\/akubaa.com\/wp-content\/uploads\/2025\/12\/image-2.png?resize=525%2C300&ssl=1 1.5x, https:\/\/i0.wp.com\/akubaa.com\/wp-content\/uploads\/2025\/12\/image-2.png?resize=700%2C400&ssl=1 2x, https:\/\/i0.wp.com\/akubaa.com\/wp-content\/uploads\/2025\/12\/image-2.png?resize=1050%2C600&ssl=1 3x, https:\/\/i0.wp.com\/akubaa.com\/wp-content\/uploads\/2025\/12\/image-2.png?resize=1400%2C800&ssl=1 4x"},"classes":[]},{"id":2117,"url":"https:\/\/akubaa.com\/index.php\/2025\/12\/05\/te-pausaron-los-papeles-sin-avisarte-la-verdad-incomoda-detras-de-la-congelacion-de-beneficios-migratorios-para-cubanos-en-ee-uu\/","url_meta":{"origin":2097,"position":1},"title":"\u201cTe pausaron los papeles sin avisarte: la verdad inc\u00f3moda detr\u00e1s de la congelaci\u00f3n de beneficios migratorios para cubanos en EE.UU","author":"AK","date":"12\/05\/2025","format":false,"excerpt":"Cuando abr\u00ed el memorando de\u00a0USCIS\u00a0esa ma\u00f1ana, sent\u00ed lo mismo que t\u00fa cuando te llega una carta oficial y el coraz\u00f3n se te sube a la garganta:\u00a0\u201c\u00bfY ahora qu\u00e9 me van a cambiar?\u201d . Sab\u00edas que una sola decisi\u00f3n puede poner en pausa\u00a0residencias, ciudadan\u00edas, permisos de viaje y renovaciones\u00a0para miles de\u2026","rel":"","context":"En \u00abNoticias y Actualidad\u00bb","block_context":{"text":"Noticias y Actualidad","link":"https:\/\/akubaa.com\/index.php\/category\/noticias-y-actualidad\/"},"img":{"alt_text":"","src":"https:\/\/i0.wp.com\/akubaa.com\/wp-content\/uploads\/2025\/12\/image-6.png?resize=350%2C200&ssl=1","width":350,"height":200,"srcset":"https:\/\/i0.wp.com\/akubaa.com\/wp-content\/uploads\/2025\/12\/image-6.png?resize=350%2C200&ssl=1 1x, https:\/\/i0.wp.com\/akubaa.com\/wp-content\/uploads\/2025\/12\/image-6.png?resize=525%2C300&ssl=1 1.5x, https:\/\/i0.wp.com\/akubaa.com\/wp-content\/uploads\/2025\/12\/image-6.png?resize=700%2C400&ssl=1 2x, https:\/\/i0.wp.com\/akubaa.com\/wp-content\/uploads\/2025\/12\/image-6.png?resize=1050%2C600&ssl=1 3x, https:\/\/i0.wp.com\/akubaa.com\/wp-content\/uploads\/2025\/12\/image-6.png?resize=1400%2C800&ssl=1 4x"},"classes":[]},{"id":2011,"url":"https:\/\/akubaa.com\/index.php\/2025\/11\/19\/residentes-cubanos\/","url_meta":{"origin":2097,"position":2},"title":"El viaje que termin\u00f3 en custodia: alerta m\u00e1xima para residentes cubanos","author":"AK","date":"11\/19\/2025","format":false,"excerpt":"Te voy a decir algo que pocos se atreven a decir en voz alta, pero que aqu\u00ed, en\u00a0AKubaa, no maquillamos: a veces el miedo del cubano en Estados Unidos no empieza en la frontera\u2026 empieza\u00a0cuando regresa. Lo que le pas\u00f3 a\u00a0Erlan Rafael Arias, ese muchacho de 31 a\u00f1os que sali\u00f3\u2026","rel":"","context":"En \u00abNoticias y Actualidad\u00bb","block_context":{"text":"Noticias y Actualidad","link":"https:\/\/akubaa.com\/index.php\/category\/noticias-y-actualidad\/"},"img":{"alt_text":"","src":"https:\/\/i0.wp.com\/akubaa.com\/wp-content\/uploads\/2025\/11\/image-25.png?resize=350%2C200&ssl=1","width":350,"height":200,"srcset":"https:\/\/i0.wp.com\/akubaa.com\/wp-content\/uploads\/2025\/11\/image-25.png?resize=350%2C200&ssl=1 1x, https:\/\/i0.wp.com\/akubaa.com\/wp-content\/uploads\/2025\/11\/image-25.png?resize=525%2C300&ssl=1 1.5x, https:\/\/i0.wp.com\/akubaa.com\/wp-content\/uploads\/2025\/11\/image-25.png?resize=700%2C400&ssl=1 2x, https:\/\/i0.wp.com\/akubaa.com\/wp-content\/uploads\/2025\/11\/image-25.png?resize=1050%2C600&ssl=1 3x, https:\/\/i0.wp.com\/akubaa.com\/wp-content\/uploads\/2025\/11\/image-25.png?resize=1400%2C800&ssl=1 4x"},"classes":[]},{"id":1028,"url":"https:\/\/akubaa.com\/index.php\/2025\/08\/20\/ley-de-ajuste-cubano-entrevistas-y-requisitos-actuales\/","url_meta":{"origin":2097,"position":3},"title":"\u00bfEst\u00e1s listo para lo que viene?. La verdad detr\u00e1s de las nuevas entrevistas de USCIS para cubanos bajo la Ley de Ajuste.","author":"AK","date":"08\/20\/2025","format":false,"excerpt":"Cuando hablo de migraci\u00f3n cubana en Estados Unidos, hay una palabra que se repite como un eco en cada conversaci\u00f3n:\u00a0esperanza. Esa esperanza que millones de cubanos han depositado durante d\u00e9cadas en la\u00a0Ley de Ajuste Cubano, la puerta legal que les ha permitido alcanzar la\u00a0residencia permanente\u00a0despu\u00e9s de un a\u00f1o y un\u2026","rel":"","context":"En \u00abNoticias y Actualidad\u00bb","block_context":{"text":"Noticias y Actualidad","link":"https:\/\/akubaa.com\/index.php\/category\/noticias-y-actualidad\/"},"img":{"alt_text":"","src":"https:\/\/i0.wp.com\/akubaa.com\/wp-content\/uploads\/2025\/08\/Imagen-19.jpeg?resize=350%2C200&ssl=1","width":350,"height":200,"srcset":"https:\/\/i0.wp.com\/akubaa.com\/wp-content\/uploads\/2025\/08\/Imagen-19.jpeg?resize=350%2C200&ssl=1 1x, https:\/\/i0.wp.com\/akubaa.com\/wp-content\/uploads\/2025\/08\/Imagen-19.jpeg?resize=525%2C300&ssl=1 1.5x, https:\/\/i0.wp.com\/akubaa.com\/wp-content\/uploads\/2025\/08\/Imagen-19.jpeg?resize=700%2C400&ssl=1 2x, https:\/\/i0.wp.com\/akubaa.com\/wp-content\/uploads\/2025\/08\/Imagen-19.jpeg?resize=1050%2C600&ssl=1 3x, https:\/\/i0.wp.com\/akubaa.com\/wp-content\/uploads\/2025\/08\/Imagen-19.jpeg?resize=1400%2C800&ssl=1 4x"},"classes":[]},{"id":44,"url":"https:\/\/akubaa.com\/index.php\/2025\/03\/27\/alerta-maxima-sabias-que-quiere-bloquear-a-los-cubanos-con-una-lista-roja-descubre-como-te-afecta\/","url_meta":{"origin":2097,"position":4},"title":"\ud83d\udea8\u00a1ALERTA M\u00c1XIMA!.\u00bfSab\u00edas que EE.UU. quiere bloquear a los cubanos con una \u201cLista Roja\u201d?.Descubre c\u00f3mo te afecta.","author":"AK","date":"03\/27\/2025","format":false,"excerpt":"El nuevo muro invisible Si pensabas que las restricciones migratorias de EE.UU. ya eran complicadas, prep\u00e1rate para una nueva realidad. La administraci\u00f3n de Donald Trump est\u00e1 evaluando una pol\u00edtica que podr\u00eda marcar un antes y un despu\u00e9s para miles de cubanos y venezolanos: la Lista Roja. \u00bfQu\u00e9 significa esto?. Una\u2026","rel":"","context":"En \u00abNoticias y Actualidad\u00bb","block_context":{"text":"Noticias y Actualidad","link":"https:\/\/akubaa.com\/index.php\/category\/noticias-y-actualidad\/"},"img":{"alt_text":"","src":"https:\/\/i0.wp.com\/akubaa.com\/wp-content\/uploads\/2025\/03\/DFD017C4-94EC-416A-A9B8-405F487F46F3.png?resize=350%2C200&ssl=1","width":350,"height":200,"srcset":"https:\/\/i0.wp.com\/akubaa.com\/wp-content\/uploads\/2025\/03\/DFD017C4-94EC-416A-A9B8-405F487F46F3.png?resize=350%2C200&ssl=1 1x, https:\/\/i0.wp.com\/akubaa.com\/wp-content\/uploads\/2025\/03\/DFD017C4-94EC-416A-A9B8-405F487F46F3.png?resize=525%2C300&ssl=1 1.5x, https:\/\/i0.wp.com\/akubaa.com\/wp-content\/uploads\/2025\/03\/DFD017C4-94EC-416A-A9B8-405F487F46F3.png?resize=700%2C400&ssl=1 2x"},"classes":[]},{"id":2520,"url":"https:\/\/akubaa.com\/index.php\/2026\/01\/22\/la-suspension-de-la-loteria-de-visas-de-diversidad\/","url_meta":{"origin":2097,"position":5},"title":"Cuando descubriste que la puerta legal tambi\u00e9n se cierra: la loter\u00eda de visas entra en pausa y la green card vuelve a temblar.","author":"AK","date":"01\/22\/2026","format":false,"excerpt":"La primera vez que le\u00ed la confirmaci\u00f3n oficial sent\u00ed ese silencio inc\u00f3modo que queda cuando una noticia no grita, pero pesa.\u00a0Sab\u00edas que\u00a0hay decisiones que no llegan como titulares ruidosos, sino como mensajes fr\u00edos que se repiten hasta que calan. Este texto va de eso: de\u00a0la suspensi\u00f3n de la loter\u00eda de\u2026","rel":"","context":"Entrada similar","block_context":{"text":"Entrada similar","link":""},"img":{"alt_text":"","src":"https:\/\/i0.wp.com\/akubaa.com\/wp-content\/uploads\/2026\/01\/Imagen-172.jpeg?resize=350%2C200&ssl=1","width":350,"height":200,"srcset":"https:\/\/i0.wp.com\/akubaa.com\/wp-content\/uploads\/2026\/01\/Imagen-172.jpeg?resize=350%2C200&ssl=1 1x, https:\/\/i0.wp.com\/akubaa.com\/wp-content\/uploads\/2026\/01\/Imagen-172.jpeg?resize=525%2C300&ssl=1 1.5x, https:\/\/i0.wp.com\/akubaa.com\/wp-content\/uploads\/2026\/01\/Imagen-172.jpeg?resize=700%2C400&ssl=1 2x, https:\/\/i0.wp.com\/akubaa.com\/wp-content\/uploads\/2026\/01\/Imagen-172.jpeg?resize=1050%2C600&ssl=1 3x, https:\/\/i0.wp.com\/akubaa.com\/wp-content\/uploads\/2026\/01\/Imagen-172.jpeg?resize=1400%2C800&ssl=1 4x"},"classes":[]}],"jetpack_shortlink":"https:\/\/wp.me\/pgrKo3-xP","jetpack_featured_media_url":"https:\/\/akubaa.com\/wp-content\/uploads\/2025\/12\/image-3.png","_links":{"self":[{"href":"https:\/\/akubaa.com\/index.php\/wp-json\/wp\/v2\/posts\/2097","targetHints":{"allow":["GET"]}}],"collection":[{"href":"https:\/\/akubaa.com\/index.php\/wp-json\/wp\/v2\/posts"}],"about":[{"href":"https:\/\/akubaa.com\/index.php\/wp-json\/wp\/v2\/types\/post"}],"author":[{"embeddable":true,"href":"https:\/\/akubaa.com\/index.php\/wp-json\/wp\/v2\/users\/1"}],"replies":[{"embeddable":true,"href":"https:\/\/akubaa.com\/index.php\/wp-json\/wp\/v2\/comments?post=2097"}],"version-history":[{"count":1,"href":"https:\/\/akubaa.com\/index.php\/wp-json\/wp\/v2\/posts\/2097\/revisions"}],"predecessor-version":[{"id":2099,"href":"https:\/\/akubaa.com\/index.php\/wp-json\/wp\/v2\/posts\/2097\/revisions\/2099"}],"wp:featuredmedia":[{"embeddable":true,"href":"https:\/\/akubaa.com\/index.php\/wp-json\/wp\/v2\/media\/2098"}],"wp:attachment":[{"href":"https:\/\/akubaa.com\/index.php\/wp-json\/wp\/v2\/media?parent=2097"}],"wp:term":[{"taxonomy":"category","embeddable":true,"href":"https:\/\/akubaa.com\/index.php\/wp-json\/wp\/v2\/categories?post=2097"},{"taxonomy":"post_tag","embeddable":true,"href":"https:\/\/akubaa.com\/index.php\/wp-json\/wp\/v2\/tags?post=2097"}],"curies":[{"name":"wp","href":"https:\/\/api.w.org\/{rel}","templated":true}]}}