{"id":2091,"date":"2025-12-02T19:25:12","date_gmt":"2025-12-02T23:25:12","guid":{"rendered":"https:\/\/akubaa.com\/?p=2091"},"modified":"2025-12-03T10:10:42","modified_gmt":"2025-12-03T14:10:42","slug":"trump-ordena-cancelar-procesos-de-ciudadania-residencia-y-asilo","status":"publish","type":"post","link":"https:\/\/akubaa.com\/index.php\/2025\/12\/02\/trump-ordena-cancelar-procesos-de-ciudadania-residencia-y-asilo\/","title":{"rendered":"\u201cCuando el silencio duele m\u00e1s que la noticia\u201d"},"content":{"rendered":"\n<h1 class=\"wp-block-heading\"><strong>Trump ordena cancelar procesos de ciudadan\u00eda, residencia y asilo para cubanos y otros 18 pa\u00edses<\/strong><\/h1>\n\n\n\n<p>Todav\u00eda no eran las seis cuando me empez\u00f3 a vibrar el tel\u00e9fono como si estuviera pose\u00eddo. Miami amanec\u00eda nublado, ese gris tan particular que avisa tormenta o noticia grande, y yo ya present\u00eda que algo no ven\u00eda bien. \u201cRevisa esto urgente\u201d, dec\u00eda el mensaje que me envi\u00f3 una lectora desde Hialeah. Luego lleg\u00f3 otro desde Tampa. Despu\u00e9s desde Madrid. Y otro desde CDMX. Todos con la misma frase:\u00a0<em>\u201c\u00bfEsto es verdad? .\u00bfNos van a parar los casos?\u201d<\/em> Respiro hondo, abro la primera nota\u2026 y s\u00ed: ah\u00ed estaba el golpe.<\/p>\n\n\n\n<p>La administraci\u00f3n de Donald Trump habr\u00eda ordenado\u00a0<strong>la suspensi\u00f3n inmediata de tr\u00e1mites migratorios<\/strong>\u00a0\u2014ciudadan\u00eda, residencia y decisiones finales de asilo\u2014 para cubanos y otros 18 pa\u00edses. Una decisi\u00f3n que ya se siente en oficinas de\u00a0<strong>USCIS<\/strong>\u00a0y que est\u00e1 dejando ceremonias, entrevistas y aprobaciones congeladas\u2026 en cuesti\u00f3n de horas. Yo no s\u00e9 t\u00fa, pero a m\u00ed ese tipo de silencio administrativo me huele a tormenta. Y es una tormenta que, como siempre, nos salpica primero a nosotros, los cubanos.<\/p>\n\n\n\n<hr class=\"wp-block-separator has-alpha-channel-opacity\"\/>\n\n\n\n<figure class=\"wp-block-embed is-type-wp-embed is-provider-akubaa wp-block-embed-akubaa\"><div class=\"wp-block-embed__wrapper\">\n<blockquote class=\"wp-embedded-content\" data-secret=\"4romAFBAdy\"><a href=\"https:\/\/akubaa.com\/index.php\/anunciate-en-akubaa\/\">An\u00fanciate con AKubaa \u2014 Impulsa tu Negocio con Art\u00edculos + Promoci\u00f3n Premium.<\/a><\/blockquote><iframe loading=\"lazy\" class=\"wp-embedded-content\" sandbox=\"allow-scripts\" security=\"restricted\" style=\"position: absolute; visibility: hidden;\" title=\"\u00abAn\u00fanciate con AKubaa \u2014 Impulsa tu Negocio con Art\u00edculos + Promoci\u00f3n Premium.\u00bb \u2014 AKubaa\" src=\"https:\/\/akubaa.com\/index.php\/anunciate-en-akubaa\/embed\/#?secret=EH7CtZeUzU#?secret=4romAFBAdy\" data-secret=\"4romAFBAdy\" width=\"600\" height=\"338\" frameborder=\"0\" marginwidth=\"0\" marginheight=\"0\" scrolling=\"no\"><\/iframe>\n<\/div><\/figure>\n\n\n\n<h2 class=\"wp-block-heading\">Un frenazo en seco\u2026 en el peor momento<\/h2>\n\n\n\n<p>Seg\u00fan reportan medios como ABC News y The New York Times,&nbsp;<strong>ceremonias de naturalizaci\u00f3n<\/strong>&nbsp;programadas para esta misma semana fueron suspendidas sin explicaci\u00f3n. Gente que ya hab\u00eda comprado ropa, invitado familia, pedido permiso en el trabajo\u2026 y de repente, su juramento qued\u00f3 en pausa.<\/p>\n\n\n\n<p>Cubanos. Venezolanos. Iran\u00edes. Afganos. Todos dentro de la nueva lista de pa\u00edses bajo restricci\u00f3n. Y aqu\u00ed en AKubaa me llegaron voces de todo tipo. Un usuario desde Miami Lakes me dijo:\u00a0<em>Danielli , llevaba cinco a\u00f1os esperando este d\u00eda. Me enter\u00e9 de la suspensi\u00f3n revisando el caso yo mismo. Ni un email. Nada.\u201d<\/em><br>Esa palabra duele:\u00a0<strong>nada<\/strong>. Porque no es solo que te suspendan una ceremonia. Es que te quedas en un limbo donde el tiempo no avanza y el miedo s\u00ed.<\/p>\n\n\n\n<hr class=\"wp-block-separator has-alpha-channel-opacity\"\/>\n\n\n\n<div class=\"wp-block-jetpack-related-posts\">\n<h2 class=\"wp-block-heading\">Te Puede Interesar <\/h2>\n<\/div>\n\n\n\n<h2 class=\"wp-block-heading\">Un sistema detenido a media luz<\/h2>\n\n\n\n<p>Abogados en varias ciudades confirmaron lo que muchos ya sospech\u00e1bamos: <strong>entrevistas borradas del calendario<\/strong>, tr\u00e1mites detenidos, notificaciones m\u00ednimas o inexistentes. Y no hablamos de casos reci\u00e9n abiertos. Hablamos de expedientes que estaban ya en su recta final:<br>\u2013 Ajustes de estatus casi listos<br>\u2013 Decisiones de asilo esperando solo firma<br>\u2013 Ciudadan\u00edas pendientes del juramento final<br>\u2013 Green cards a punto de aprobarse<\/p>\n\n\n\n<p>Aqu\u00ed no hay medias tintas:\u00a0<strong>USCIS detuvo todo lo que tiene que ver con beneficios migratorios<\/strong>\u00a0para solicitantes de los 19 pa\u00edses afectados. El mensaje oficial desde el Departamento de Seguridad Nacional es igual de fr\u00edo que un pasillo de aeropuerto en madrugada:\u00a0<em>\u201cLa ciudadan\u00eda es un privilegio, no un derecho\u201d<\/em>.<br>Y aunque la frase sea legalmente cierta, tambi\u00e9n es un recordatorio de poder que muchos sienten como una bofetada. Porque cuando te dicen \u201cprivilegio\u201d, lo que muchos escuchan es \u201cte lo puedo quitar cuando quiera\u201d.<\/p>\n\n\n\n<hr class=\"wp-block-separator has-alpha-channel-opacity\"\/>\n\n\n\n<h2 class=\"wp-block-heading\">Los pa\u00edses en la lista\u2026 y la sombra de que vengan m\u00e1s<\/h2>\n\n\n\n<p>La medida incluye a personas de:<strong> Afganist\u00e1n, Birmania, Chad, Rep\u00fablica del Congo, Guinea Ecuatorial, Eritrea, Hait\u00ed, Ir\u00e1n, Libia, Somalia, Sud\u00e1n, Yemen, Burundi, Cuba, Laos, Sierra Leona, Togo, Turkmenist\u00e1n y Venezuela.<\/strong><\/p>\n\n\n\n<p>La secretaria de Seguridad Nacional,&nbsp;<strong>Kristi Noem<\/strong>, confirm\u00f3 que recomend\u00f3 agregar m\u00e1s pa\u00edses. Y si algo sabe la di\u00e1spora cubana, sobre todo la que vive entre Miami, Westchester o Hialeah, es que cuando en Washington dicen&nbsp;<em>\u201cpodr\u00edan venir m\u00e1s\u201d<\/em>, normalmente vienen m\u00e1s.<\/p>\n\n\n\n<hr class=\"wp-block-separator has-alpha-channel-opacity\"\/>\n\n\n\n<h2 class=\"wp-block-heading\">\ud83c\udde8\ud83c\uddfa La parte que duele: Cuba, siempre Cuba<\/h2>\n\n\n\n<p>Yo escribo esto desde Miami, pero con la cabeza all\u00e1\u2026 en la isla.Y no puedo evitar pensar en la gente que lleva meses, incluso a\u00f1os, esperando su turno:<br>\u2013 El cubano en Tampa que ya ten\u00eda su traje listo para la ceremonia<br>\u2013 La madre en Houston que esperaba su green card para poder viajar a ver a su hijo enfermo<br>\u2013 El que vive en Madrid pero su caso depende de una entrevista que ahora nadie sabe cu\u00e1ndo regresar\u00e1<br>\u2013 La familia dividida entre Hialeah y Santa Clara que solo confiaba en \u201cun \u00faltimo paso\u201d<\/p>\n\n\n\n<p>En AKubaa siempre decimos que la migraci\u00f3n cubana es una historia de resistencia. Pero tambi\u00e9n es una historia de cansancio. Y estas pausas, estos silencios, estas decisiones sin aviso\u2026 pesan m\u00e1s de lo que Washington imagina.<\/p>\n\n\n\n<hr class=\"wp-block-separator has-alpha-channel-opacity\"\/>\n\n\n\n<div class=\"wp-block-media-text is-stacked-on-mobile\"><figure class=\"wp-block-media-text__media\"><img loading=\"lazy\" decoding=\"async\" width=\"1024\" height=\"683\" src=\"https:\/\/akubaa.com\/wp-content\/uploads\/2025\/11\/Imagen-81-1024x683.jpeg\" alt=\"\" class=\"wp-image-1893 size-full\" srcset=\"https:\/\/akubaa.com\/wp-content\/uploads\/2025\/11\/Imagen-81-1024x683.jpeg 1024w, https:\/\/akubaa.com\/wp-content\/uploads\/2025\/11\/Imagen-81-600x400.jpeg 600w, https:\/\/akubaa.com\/wp-content\/uploads\/2025\/11\/Imagen-81-300x200.jpeg 300w, https:\/\/akubaa.com\/wp-content\/uploads\/2025\/11\/Imagen-81-768x512.jpeg 768w, https:\/\/akubaa.com\/wp-content\/uploads\/2025\/11\/Imagen-81-1320x880.jpeg 1320w, https:\/\/akubaa.com\/wp-content\/uploads\/2025\/11\/Imagen-81.jpeg 1536w\" sizes=\"auto, (max-width: 1024px) 100vw, 1024px\" \/><\/figure><div class=\"wp-block-media-text__content\">\n<p>MAM\u00c1 EN PAUSA \u2013 Gu\u00eda de autocuidado y calma emocional para todas la mujeres del mundo.&nbsp;<\/p>\n\n\n\n<blockquote class=\"wp-block-quote is-layout-flow wp-block-quote-is-layout-flow\">\n<p>\u201cLa pausa no es rendirse. Es volver a ti.\u201d<\/p>\n<\/blockquote>\n\n\n\n<p>Ebook de 7 d\u00edas para mujeres reales que buscan calma, claridad y amor propio sin dejar de ser quienes son.&nbsp;<\/p>\n\n\n\n<p class=\"has-text-align-center has-background\" style=\"background:linear-gradient(135deg,rgb(238,238,238) 32%,rgb(169,184,195) 100%)\"><strong><a href=\"https:\/\/go.hotmart.com\/C102814461T\">Descargalo ahora<\/a><\/strong><\/p>\n<\/div><\/div>\n\n\n\n<h2 class=\"wp-block-heading\">\u00bfQu\u00e9 viene ahora?<\/h2>\n\n\n\n<p>La verdad es simple y dura:\u00a0<strong>esperar<\/strong>. La medida est\u00e1 en curso y no hay fecha oficial para su reversi\u00f3n. Tampoco se sabe qu\u00e9 pa\u00edses podr\u00edan sumarse. Lo \u00fanico claro es que esto marca un precedente en la pol\u00edtica migratoria reciente. Y aunque nadie lo diga en voz alta, muchos sienten que esta decisi\u00f3n podr\u00eda extenderse m\u00e1s all\u00e1 de un simple \u201ccontrol administrativo\u201d. Porque cuando suspendes simult\u00e1neamente\u00a0<strong>ciudadan\u00edas, residencias y decisiones finales de asilo<\/strong>, no est\u00e1s haciendo un ajuste. Est\u00e1s apagando el switch completo.<\/p>\n\n\n\n<hr class=\"wp-block-separator has-alpha-channel-opacity\"\/>\n\n\n\n<h2 class=\"wp-block-heading\">Lo que dice la gente<\/h2>\n\n\n\n<p>Desde que publiqu\u00e9 los primeros avances en AKubaa, me han llegado cientos de mensajes. Algunos desesperados, otros indignados, otros resignados.<\/p>\n\n\n\n<p>Una usuaria desde Homestead me escribi\u00f3:<br><em>\u201cKarla, yo hice todo bien. Todo. Y aun as\u00ed siento que me pueden borrar el proceso como si fuera nada.\u201d<\/em><\/p>\n\n\n\n<p>Y otro desde M\u00e9xico, esperando su entrevista en CDJ, dijo:<br><em>\u201cEste pa\u00eds no entiende lo que significa estar en espera siendo cubano.\u201d<\/em><\/p>\n\n\n\n<p>La frase se me qued\u00f3 en la cabeza, rebotando como un eco:<br><em>\u201cNo entienden lo que significa ser cubano en espera.\u201d<\/em><\/p>\n\n\n\n<hr class=\"wp-block-separator has-alpha-channel-opacity\"\/>\n\n\n\n<h2 class=\"wp-block-heading\">La visi\u00f3n cr\u00edtica de AKubaa<\/h2>\n\n\n\n<p>Lo digo sin rodeos: esta decisi\u00f3n no es solo un tr\u00e1mite pausado. Es un mensaje pol\u00edtico. Y nosotros, los cubanos, llevamos d\u00e9cadas atrapados entre mensajes pol\u00edticos que siempre terminan afect\u00e1ndonos a nosotros: la gente de a pie, la que hace colas, la que trabaja doble, la que env\u00eda remesas, la que mantiene familias enteras a distancia. Aqu\u00ed en AKubaa no hacemos propaganda. Hacemos preguntas inc\u00f3modas. Y la m\u00e1s importante ahora es esta:<\/p>\n\n\n\n<p><strong>\u00bfPor qu\u00e9 detener procesos que ya estaban aprobados o a punto de concluir?<\/strong><\/p>\n\n\n\n<p>No es seguridad nacional. No es log\u00edstica. No es saturaci\u00f3n. Es una decisi\u00f3n de arriba\u2026 y de golpe. Y eso, para cualquier comunidad migrante, es un temblor.<\/p>\n\n\n\n<hr class=\"wp-block-separator has-alpha-channel-opacity\"\/>\n\n\n\n<h2 class=\"wp-block-heading\">Cierro con lo que nadie quiere decir pero todos piensan<\/h2>\n\n\n\n<p>Esta medida nos afecta no solo en documentos, sino en identidad. Porque cuando te frenan la ciudadan\u00eda, te frenan la idea de pertenecer. Cuando te pausan la residencia, te pausan el futuro. Y cuando te paran el asilo, te paran la esperanza. Por eso te pregunto a ti, que est\u00e1s leyendo esto desde Miami, Tampa, Espa\u00f1a, M\u00e9xico o donde est\u00e9s:<\/p>\n\n\n\n<p><strong>\u00bfC\u00f3mo crees que debe responder la comunidad cubana ante una medida que nos deja otra vez en pausa?<\/strong><\/p>\n\n\n\n<p>D\u00e9jame tu opini\u00f3n y \u00fanete a la conversaci\u00f3n en\u00a0<strong>AKubaa.com<\/strong>\u00a0y en nuestras redes. Aqu\u00ed lo contamos como es:\u00a0<strong>con picante, con coraz\u00f3n y con calle.<\/strong><\/p>\n\n\n\n<p><\/p>\n","protected":false},"excerpt":{"rendered":"<p>Trump ordena cancelar procesos de ciudadan\u00eda, residencia y asilo para cubanos y otros 18 pa\u00edses Todav\u00eda no eran las seis cuando me empez\u00f3 a vibrar el tel\u00e9fono como si estuviera pose\u00eddo. Miami amanec\u00eda nublado, ese gris tan particular que avisa tormenta o noticia grande, y yo ya present\u00eda que algo no ven\u00eda bien. \u201cRevisa esto [&hellip;]<\/p>\n","protected":false},"author":1,"featured_media":2092,"comment_status":"open","ping_status":"open","sticky":false,"template":"","format":"standard","meta":{"jetpack_post_was_ever_published":false,"_jetpack_newsletter_access":"","_jetpack_dont_email_post_to_subs":false,"_jetpack_newsletter_tier_id":0,"_jetpack_memberships_contains_paywalled_content":false,"_jetpack_memberships_contains_paid_content":false,"footnotes":"","jetpack_publicize_message":"","jetpack_publicize_feature_enabled":true,"jetpack_social_post_already_shared":true,"jetpack_social_options":{"image_generator_settings":{"template":"highway","default_image_id":0,"font":"","enabled":false},"version":2}},"categories":[4,9],"tags":[],"class_list":["post-2091","post","type-post","status-publish","format-standard","has-post-thumbnail","hentry","category-noticias-y-actualidad","category-temas"],"yoast_head":"<!-- This site is optimized with the Yoast SEO plugin v27.5 - https:\/\/yoast.com\/product\/yoast-seo-wordpress\/ -->\n<title>Trump ordena cancelar procesos de ciudadan\u00eda, residencia y asilo. - AKubaa<\/title>\n<meta name=\"description\" content=\"Ent\u00e9rate de todo aqu\u00ed en AKubaa Trump ordena cancelar procesos de ciudadan\u00eda, residencia y asilo para cubanos y otros 18 pa\u00edses.\" \/>\n<meta name=\"robots\" content=\"index, follow, max-snippet:-1, max-image-preview:large, max-video-preview:-1\" \/>\n<link rel=\"canonical\" href=\"https:\/\/akubaa.com\/index.php\/2025\/12\/02\/trump-ordena-cancelar-procesos-de-ciudadania-residencia-y-asilo\/\" \/>\n<meta property=\"og:locale\" content=\"es_ES\" \/>\n<meta property=\"og:type\" content=\"article\" \/>\n<meta property=\"og:title\" content=\"Trump ordena cancelar procesos de ciudadan\u00eda, residencia y asilo. - AKubaa\" \/>\n<meta property=\"og:description\" content=\"Ent\u00e9rate de todo aqu\u00ed en AKubaa Trump ordena cancelar procesos de ciudadan\u00eda, residencia y asilo para cubanos y otros 18 pa\u00edses.\" \/>\n<meta property=\"og:url\" content=\"https:\/\/akubaa.com\/index.php\/2025\/12\/02\/trump-ordena-cancelar-procesos-de-ciudadania-residencia-y-asilo\/\" \/>\n<meta property=\"og:site_name\" content=\"AKubaa\" \/>\n<meta property=\"article:publisher\" content=\"https:\/\/www.facebook.com\/akubaa\" \/>\n<meta property=\"article:author\" content=\"https:\/\/www.facebook.com\/akubaa\" \/>\n<meta property=\"article:published_time\" content=\"2025-12-02T23:25:12+00:00\" \/>\n<meta property=\"article:modified_time\" content=\"2025-12-03T14:10:42+00:00\" \/>\n<meta property=\"og:image\" content=\"https:\/\/akubaa.com\/wp-content\/uploads\/2025\/12\/image-2-1024x683.png\" \/>\n\t<meta property=\"og:image:width\" content=\"1024\" \/>\n\t<meta property=\"og:image:height\" content=\"683\" \/>\n\t<meta property=\"og:image:type\" content=\"image\/png\" \/>\n<meta name=\"author\" content=\"AKubaa\" \/>\n<meta name=\"twitter:card\" content=\"summary_large_image\" \/>\n<meta name=\"twitter:label1\" content=\"Escrito por\" \/>\n\t<meta name=\"twitter:data1\" content=\"AKubaa\" \/>\n\t<meta name=\"twitter:label2\" content=\"Tiempo de lectura\" \/>\n\t<meta name=\"twitter:data2\" content=\"6 minutos\" \/>\n<script type=\"application\/ld+json\" class=\"yoast-schema-graph\">{\"@context\":\"https:\\\/\\\/schema.org\",\"@graph\":[{\"@type\":\"Article\",\"@id\":\"https:\\\/\\\/akubaa.com\\\/index.php\\\/2025\\\/12\\\/02\\\/trump-ordena-cancelar-procesos-de-ciudadania-residencia-y-asilo\\\/#article\",\"isPartOf\":{\"@id\":\"https:\\\/\\\/akubaa.com\\\/index.php\\\/2025\\\/12\\\/02\\\/trump-ordena-cancelar-procesos-de-ciudadania-residencia-y-asilo\\\/\"},\"author\":{\"name\":\"AKubaa\",\"@id\":\"https:\\\/\\\/akubaa.com\\\/#\\\/schema\\\/person\\\/b096b63c1ad27204e55fabb2cf2153a5\"},\"headline\":\"\u201cCuando el silencio duele m\u00e1s que la noticia\u201d\",\"datePublished\":\"2025-12-02T23:25:12+00:00\",\"dateModified\":\"2025-12-03T14:10:42+00:00\",\"mainEntityOfPage\":{\"@id\":\"https:\\\/\\\/akubaa.com\\\/index.php\\\/2025\\\/12\\\/02\\\/trump-ordena-cancelar-procesos-de-ciudadania-residencia-y-asilo\\\/\"},\"wordCount\":1261,\"commentCount\":0,\"publisher\":{\"@id\":\"https:\\\/\\\/akubaa.com\\\/#\\\/schema\\\/person\\\/b096b63c1ad27204e55fabb2cf2153a5\"},\"image\":{\"@id\":\"https:\\\/\\\/akubaa.com\\\/index.php\\\/2025\\\/12\\\/02\\\/trump-ordena-cancelar-procesos-de-ciudadania-residencia-y-asilo\\\/#primaryimage\"},\"thumbnailUrl\":\"https:\\\/\\\/akubaa.com\\\/wp-content\\\/uploads\\\/2025\\\/12\\\/image-2.png\",\"articleSection\":[\"Noticias y Actualidad\",\"Temas\"],\"inLanguage\":\"es\",\"potentialAction\":[{\"@type\":\"CommentAction\",\"name\":\"Comment\",\"target\":[\"https:\\\/\\\/akubaa.com\\\/index.php\\\/2025\\\/12\\\/02\\\/trump-ordena-cancelar-procesos-de-ciudadania-residencia-y-asilo\\\/#respond\"]}]},{\"@type\":\"WebPage\",\"@id\":\"https:\\\/\\\/akubaa.com\\\/index.php\\\/2025\\\/12\\\/02\\\/trump-ordena-cancelar-procesos-de-ciudadania-residencia-y-asilo\\\/\",\"url\":\"https:\\\/\\\/akubaa.com\\\/index.php\\\/2025\\\/12\\\/02\\\/trump-ordena-cancelar-procesos-de-ciudadania-residencia-y-asilo\\\/\",\"name\":\"Trump ordena cancelar procesos de ciudadan\u00eda, residencia y asilo. - AKubaa\",\"isPartOf\":{\"@id\":\"https:\\\/\\\/akubaa.com\\\/#website\"},\"primaryImageOfPage\":{\"@id\":\"https:\\\/\\\/akubaa.com\\\/index.php\\\/2025\\\/12\\\/02\\\/trump-ordena-cancelar-procesos-de-ciudadania-residencia-y-asilo\\\/#primaryimage\"},\"image\":{\"@id\":\"https:\\\/\\\/akubaa.com\\\/index.php\\\/2025\\\/12\\\/02\\\/trump-ordena-cancelar-procesos-de-ciudadania-residencia-y-asilo\\\/#primaryimage\"},\"thumbnailUrl\":\"https:\\\/\\\/akubaa.com\\\/wp-content\\\/uploads\\\/2025\\\/12\\\/image-2.png\",\"datePublished\":\"2025-12-02T23:25:12+00:00\",\"dateModified\":\"2025-12-03T14:10:42+00:00\",\"description\":\"Ent\u00e9rate de todo aqu\u00ed en AKubaa Trump ordena cancelar procesos de ciudadan\u00eda, residencia y asilo para cubanos y otros 18 pa\u00edses.\",\"breadcrumb\":{\"@id\":\"https:\\\/\\\/akubaa.com\\\/index.php\\\/2025\\\/12\\\/02\\\/trump-ordena-cancelar-procesos-de-ciudadania-residencia-y-asilo\\\/#breadcrumb\"},\"inLanguage\":\"es\",\"potentialAction\":[{\"@type\":\"ReadAction\",\"target\":[\"https:\\\/\\\/akubaa.com\\\/index.php\\\/2025\\\/12\\\/02\\\/trump-ordena-cancelar-procesos-de-ciudadania-residencia-y-asilo\\\/\"]}]},{\"@type\":\"ImageObject\",\"inLanguage\":\"es\",\"@id\":\"https:\\\/\\\/akubaa.com\\\/index.php\\\/2025\\\/12\\\/02\\\/trump-ordena-cancelar-procesos-de-ciudadania-residencia-y-asilo\\\/#primaryimage\",\"url\":\"https:\\\/\\\/akubaa.com\\\/wp-content\\\/uploads\\\/2025\\\/12\\\/image-2.png\",\"contentUrl\":\"https:\\\/\\\/akubaa.com\\\/wp-content\\\/uploads\\\/2025\\\/12\\\/image-2.png\",\"width\":1536,\"height\":1024},{\"@type\":\"BreadcrumbList\",\"@id\":\"https:\\\/\\\/akubaa.com\\\/index.php\\\/2025\\\/12\\\/02\\\/trump-ordena-cancelar-procesos-de-ciudadania-residencia-y-asilo\\\/#breadcrumb\",\"itemListElement\":[{\"@type\":\"ListItem\",\"position\":1,\"name\":\"Portada\",\"item\":\"https:\\\/\\\/akubaa.com\\\/\"},{\"@type\":\"ListItem\",\"position\":2,\"name\":\"\u201cCuando el silencio duele m\u00e1s que la noticia\u201d\"}]},{\"@type\":\"WebSite\",\"@id\":\"https:\\\/\\\/akubaa.com\\\/#website\",\"url\":\"https:\\\/\\\/akubaa.com\\\/\",\"name\":\"AKubaa\",\"description\":\"Vive ,conoce y disfruta Cuba al estilo de A&amp;K.\",\"publisher\":{\"@id\":\"https:\\\/\\\/akubaa.com\\\/#\\\/schema\\\/person\\\/b096b63c1ad27204e55fabb2cf2153a5\"},\"potentialAction\":[{\"@type\":\"SearchAction\",\"target\":{\"@type\":\"EntryPoint\",\"urlTemplate\":\"https:\\\/\\\/akubaa.com\\\/?s={search_term_string}\"},\"query-input\":{\"@type\":\"PropertyValueSpecification\",\"valueRequired\":true,\"valueName\":\"search_term_string\"}}],\"inLanguage\":\"es\"},{\"@type\":[\"Person\",\"Organization\"],\"@id\":\"https:\\\/\\\/akubaa.com\\\/#\\\/schema\\\/person\\\/b096b63c1ad27204e55fabb2cf2153a5\",\"name\":\"AKubaa\",\"image\":{\"@type\":\"ImageObject\",\"inLanguage\":\"es\",\"@id\":\"https:\\\/\\\/akubaa.com\\\/wp-content\\\/uploads\\\/2025\\\/08\\\/Imagen-17.jpeg\",\"url\":\"https:\\\/\\\/akubaa.com\\\/wp-content\\\/uploads\\\/2025\\\/08\\\/Imagen-17.jpeg\",\"contentUrl\":\"https:\\\/\\\/akubaa.com\\\/wp-content\\\/uploads\\\/2025\\\/08\\\/Imagen-17.jpeg\",\"width\":1024,\"height\":1024,\"caption\":\"AKubaa\"},\"logo\":{\"@id\":\"https:\\\/\\\/akubaa.com\\\/wp-content\\\/uploads\\\/2025\\\/08\\\/Imagen-17.jpeg\"},\"sameAs\":[\"https:\\\/\\\/akubaa.com\",\"https:\\\/\\\/www.facebook.com\\\/akubaa\",\"https:\\\/\\\/www.instagram.com\\\/akubaa?\"],\"url\":\"https:\\\/\\\/akubaa.com\\\/index.php\\\/profile\\\/admin\\\/\"}]}<\/script>\n<!-- \/ Yoast SEO plugin. -->","yoast_head_json":{"title":"Trump ordena cancelar procesos de ciudadan\u00eda, residencia y asilo. - AKubaa","description":"Ent\u00e9rate de todo aqu\u00ed en AKubaa Trump ordena cancelar procesos de ciudadan\u00eda, residencia y asilo para cubanos y otros 18 pa\u00edses.","robots":{"index":"index","follow":"follow","max-snippet":"max-snippet:-1","max-image-preview":"max-image-preview:large","max-video-preview":"max-video-preview:-1"},"canonical":"https:\/\/akubaa.com\/index.php\/2025\/12\/02\/trump-ordena-cancelar-procesos-de-ciudadania-residencia-y-asilo\/","og_locale":"es_ES","og_type":"article","og_title":"Trump ordena cancelar procesos de ciudadan\u00eda, residencia y asilo. - AKubaa","og_description":"Ent\u00e9rate de todo aqu\u00ed en AKubaa Trump ordena cancelar procesos de ciudadan\u00eda, residencia y asilo para cubanos y otros 18 pa\u00edses.","og_url":"https:\/\/akubaa.com\/index.php\/2025\/12\/02\/trump-ordena-cancelar-procesos-de-ciudadania-residencia-y-asilo\/","og_site_name":"AKubaa","article_publisher":"https:\/\/www.facebook.com\/akubaa","article_author":"https:\/\/www.facebook.com\/akubaa","article_published_time":"2025-12-02T23:25:12+00:00","article_modified_time":"2025-12-03T14:10:42+00:00","og_image":[{"width":1024,"height":683,"url":"https:\/\/akubaa.com\/wp-content\/uploads\/2025\/12\/image-2-1024x683.png","type":"image\/png"}],"author":"AKubaa","twitter_card":"summary_large_image","twitter_misc":{"Escrito por":"AKubaa","Tiempo de lectura":"6 minutos"},"schema":{"@context":"https:\/\/schema.org","@graph":[{"@type":"Article","@id":"https:\/\/akubaa.com\/index.php\/2025\/12\/02\/trump-ordena-cancelar-procesos-de-ciudadania-residencia-y-asilo\/#article","isPartOf":{"@id":"https:\/\/akubaa.com\/index.php\/2025\/12\/02\/trump-ordena-cancelar-procesos-de-ciudadania-residencia-y-asilo\/"},"author":{"name":"AKubaa","@id":"https:\/\/akubaa.com\/#\/schema\/person\/b096b63c1ad27204e55fabb2cf2153a5"},"headline":"\u201cCuando el silencio duele m\u00e1s que la noticia\u201d","datePublished":"2025-12-02T23:25:12+00:00","dateModified":"2025-12-03T14:10:42+00:00","mainEntityOfPage":{"@id":"https:\/\/akubaa.com\/index.php\/2025\/12\/02\/trump-ordena-cancelar-procesos-de-ciudadania-residencia-y-asilo\/"},"wordCount":1261,"commentCount":0,"publisher":{"@id":"https:\/\/akubaa.com\/#\/schema\/person\/b096b63c1ad27204e55fabb2cf2153a5"},"image":{"@id":"https:\/\/akubaa.com\/index.php\/2025\/12\/02\/trump-ordena-cancelar-procesos-de-ciudadania-residencia-y-asilo\/#primaryimage"},"thumbnailUrl":"https:\/\/akubaa.com\/wp-content\/uploads\/2025\/12\/image-2.png","articleSection":["Noticias y Actualidad","Temas"],"inLanguage":"es","potentialAction":[{"@type":"CommentAction","name":"Comment","target":["https:\/\/akubaa.com\/index.php\/2025\/12\/02\/trump-ordena-cancelar-procesos-de-ciudadania-residencia-y-asilo\/#respond"]}]},{"@type":"WebPage","@id":"https:\/\/akubaa.com\/index.php\/2025\/12\/02\/trump-ordena-cancelar-procesos-de-ciudadania-residencia-y-asilo\/","url":"https:\/\/akubaa.com\/index.php\/2025\/12\/02\/trump-ordena-cancelar-procesos-de-ciudadania-residencia-y-asilo\/","name":"Trump ordena cancelar procesos de ciudadan\u00eda, residencia y asilo. - AKubaa","isPartOf":{"@id":"https:\/\/akubaa.com\/#website"},"primaryImageOfPage":{"@id":"https:\/\/akubaa.com\/index.php\/2025\/12\/02\/trump-ordena-cancelar-procesos-de-ciudadania-residencia-y-asilo\/#primaryimage"},"image":{"@id":"https:\/\/akubaa.com\/index.php\/2025\/12\/02\/trump-ordena-cancelar-procesos-de-ciudadania-residencia-y-asilo\/#primaryimage"},"thumbnailUrl":"https:\/\/akubaa.com\/wp-content\/uploads\/2025\/12\/image-2.png","datePublished":"2025-12-02T23:25:12+00:00","dateModified":"2025-12-03T14:10:42+00:00","description":"Ent\u00e9rate de todo aqu\u00ed en AKubaa Trump ordena cancelar procesos de ciudadan\u00eda, residencia y asilo para cubanos y otros 18 pa\u00edses.","breadcrumb":{"@id":"https:\/\/akubaa.com\/index.php\/2025\/12\/02\/trump-ordena-cancelar-procesos-de-ciudadania-residencia-y-asilo\/#breadcrumb"},"inLanguage":"es","potentialAction":[{"@type":"ReadAction","target":["https:\/\/akubaa.com\/index.php\/2025\/12\/02\/trump-ordena-cancelar-procesos-de-ciudadania-residencia-y-asilo\/"]}]},{"@type":"ImageObject","inLanguage":"es","@id":"https:\/\/akubaa.com\/index.php\/2025\/12\/02\/trump-ordena-cancelar-procesos-de-ciudadania-residencia-y-asilo\/#primaryimage","url":"https:\/\/akubaa.com\/wp-content\/uploads\/2025\/12\/image-2.png","contentUrl":"https:\/\/akubaa.com\/wp-content\/uploads\/2025\/12\/image-2.png","width":1536,"height":1024},{"@type":"BreadcrumbList","@id":"https:\/\/akubaa.com\/index.php\/2025\/12\/02\/trump-ordena-cancelar-procesos-de-ciudadania-residencia-y-asilo\/#breadcrumb","itemListElement":[{"@type":"ListItem","position":1,"name":"Portada","item":"https:\/\/akubaa.com\/"},{"@type":"ListItem","position":2,"name":"\u201cCuando el silencio duele m\u00e1s que la noticia\u201d"}]},{"@type":"WebSite","@id":"https:\/\/akubaa.com\/#website","url":"https:\/\/akubaa.com\/","name":"AKubaa","description":"Vive ,conoce y disfruta Cuba al estilo de A&amp;K.","publisher":{"@id":"https:\/\/akubaa.com\/#\/schema\/person\/b096b63c1ad27204e55fabb2cf2153a5"},"potentialAction":[{"@type":"SearchAction","target":{"@type":"EntryPoint","urlTemplate":"https:\/\/akubaa.com\/?s={search_term_string}"},"query-input":{"@type":"PropertyValueSpecification","valueRequired":true,"valueName":"search_term_string"}}],"inLanguage":"es"},{"@type":["Person","Organization"],"@id":"https:\/\/akubaa.com\/#\/schema\/person\/b096b63c1ad27204e55fabb2cf2153a5","name":"AKubaa","image":{"@type":"ImageObject","inLanguage":"es","@id":"https:\/\/akubaa.com\/wp-content\/uploads\/2025\/08\/Imagen-17.jpeg","url":"https:\/\/akubaa.com\/wp-content\/uploads\/2025\/08\/Imagen-17.jpeg","contentUrl":"https:\/\/akubaa.com\/wp-content\/uploads\/2025\/08\/Imagen-17.jpeg","width":1024,"height":1024,"caption":"AKubaa"},"logo":{"@id":"https:\/\/akubaa.com\/wp-content\/uploads\/2025\/08\/Imagen-17.jpeg"},"sameAs":["https:\/\/akubaa.com","https:\/\/www.facebook.com\/akubaa","https:\/\/www.instagram.com\/akubaa?"],"url":"https:\/\/akubaa.com\/index.php\/profile\/admin\/"}]}},"jetpack_publicize_connections":[],"jetpack_featured_media_url":"https:\/\/akubaa.com\/wp-content\/uploads\/2025\/12\/image-2.png","jetpack_sharing_enabled":true,"jetpack_likes_enabled":true,"jetpack-related-posts":[{"id":44,"url":"https:\/\/akubaa.com\/index.php\/2025\/03\/27\/alerta-maxima-sabias-que-quiere-bloquear-a-los-cubanos-con-una-lista-roja-descubre-como-te-afecta\/","url_meta":{"origin":2091,"position":0},"title":"\ud83d\udea8\u00a1ALERTA M\u00c1XIMA!.\u00bfSab\u00edas que EE.UU. quiere bloquear a los cubanos con una \u201cLista Roja\u201d?.Descubre c\u00f3mo te afecta.","author":"AKubaa","date":"03\/27\/2025","format":false,"excerpt":"El nuevo muro invisible Si pensabas que las restricciones migratorias de EE.UU. ya eran complicadas, prep\u00e1rate para una nueva realidad. La administraci\u00f3n de Donald Trump est\u00e1 evaluando una pol\u00edtica que podr\u00eda marcar un antes y un despu\u00e9s para miles de cubanos y venezolanos: la Lista Roja. \u00bfQu\u00e9 significa esto?. Una\u2026","rel":"","context":"En \u00abNoticias y Actualidad\u00bb","block_context":{"text":"Noticias y Actualidad","link":"https:\/\/akubaa.com\/index.php\/category\/noticias-y-actualidad\/"},"img":{"alt_text":"","src":"https:\/\/i0.wp.com\/akubaa.com\/wp-content\/uploads\/2025\/03\/DFD017C4-94EC-416A-A9B8-405F487F46F3.png?resize=350%2C200&ssl=1","width":350,"height":200,"srcset":"https:\/\/i0.wp.com\/akubaa.com\/wp-content\/uploads\/2025\/03\/DFD017C4-94EC-416A-A9B8-405F487F46F3.png?resize=350%2C200&ssl=1 1x, https:\/\/i0.wp.com\/akubaa.com\/wp-content\/uploads\/2025\/03\/DFD017C4-94EC-416A-A9B8-405F487F46F3.png?resize=525%2C300&ssl=1 1.5x, https:\/\/i0.wp.com\/akubaa.com\/wp-content\/uploads\/2025\/03\/DFD017C4-94EC-416A-A9B8-405F487F46F3.png?resize=700%2C400&ssl=1 2x"},"classes":[]},{"id":2117,"url":"https:\/\/akubaa.com\/index.php\/2025\/12\/05\/te-pausaron-los-papeles-sin-avisarte-la-verdad-incomoda-detras-de-la-congelacion-de-beneficios-migratorios-para-cubanos-en-ee-uu\/","url_meta":{"origin":2091,"position":1},"title":"\u201cTe pausaron los papeles sin avisarte: la verdad inc\u00f3moda detr\u00e1s de la congelaci\u00f3n de beneficios migratorios para cubanos en EE.UU","author":"AKubaa","date":"12\/05\/2025","format":false,"excerpt":"Cuando abr\u00ed el memorando de\u00a0USCIS\u00a0esa ma\u00f1ana, sent\u00ed lo mismo que t\u00fa cuando te llega una carta oficial y el coraz\u00f3n se te sube a la garganta:\u00a0\u201c\u00bfY ahora qu\u00e9 me van a cambiar?\u201d . Sab\u00edas que una sola decisi\u00f3n puede poner en pausa\u00a0residencias, ciudadan\u00edas, permisos de viaje y renovaciones\u00a0para miles de\u2026","rel":"","context":"En \u00abNoticias y Actualidad\u00bb","block_context":{"text":"Noticias y Actualidad","link":"https:\/\/akubaa.com\/index.php\/category\/noticias-y-actualidad\/"},"img":{"alt_text":"","src":"https:\/\/i0.wp.com\/akubaa.com\/wp-content\/uploads\/2025\/12\/image-6.png?resize=350%2C200&ssl=1","width":350,"height":200,"srcset":"https:\/\/i0.wp.com\/akubaa.com\/wp-content\/uploads\/2025\/12\/image-6.png?resize=350%2C200&ssl=1 1x, https:\/\/i0.wp.com\/akubaa.com\/wp-content\/uploads\/2025\/12\/image-6.png?resize=525%2C300&ssl=1 1.5x, https:\/\/i0.wp.com\/akubaa.com\/wp-content\/uploads\/2025\/12\/image-6.png?resize=700%2C400&ssl=1 2x, https:\/\/i0.wp.com\/akubaa.com\/wp-content\/uploads\/2025\/12\/image-6.png?resize=1050%2C600&ssl=1 3x, https:\/\/i0.wp.com\/akubaa.com\/wp-content\/uploads\/2025\/12\/image-6.png?resize=1400%2C800&ssl=1 4x"},"classes":[]},{"id":1042,"url":"https:\/\/akubaa.com\/index.php\/2025\/08\/20\/no-deberias-viajar-a-cuba-si-no-eres-ciudadano-americano\/","url_meta":{"origin":2091,"position":2},"title":"\u201cEl viaje que puede costarte todo\u201d: lo que los cubanos en EE.UU. no est\u00e1n viendo","author":"Aliana Rodriguez","date":"08\/20\/2025","format":false,"excerpt":"Yo siempre digo que las advertencias llegan tarde cuando uno no presta atenci\u00f3n. Y en Miami, en pleno 2025, la conversaci\u00f3n migratoria ha vuelto a encenderse entre los cubanos que residen en Estados Unidos:\u00a0\u00bfpuedes viajar a Cuba si no eres ciudadano americano?.\u00a0La respuesta es un laberinto legal, lleno de matices\u2026","rel":"","context":"En \u00abNoticias y Actualidad\u00bb","block_context":{"text":"Noticias y Actualidad","link":"https:\/\/akubaa.com\/index.php\/category\/noticias-y-actualidad\/"},"img":{"alt_text":"","src":"https:\/\/i0.wp.com\/akubaa.com\/wp-content\/uploads\/2025\/08\/Imagen-25-2.jpeg?resize=350%2C200&ssl=1","width":350,"height":200,"srcset":"https:\/\/i0.wp.com\/akubaa.com\/wp-content\/uploads\/2025\/08\/Imagen-25-2.jpeg?resize=350%2C200&ssl=1 1x, https:\/\/i0.wp.com\/akubaa.com\/wp-content\/uploads\/2025\/08\/Imagen-25-2.jpeg?resize=525%2C300&ssl=1 1.5x, https:\/\/i0.wp.com\/akubaa.com\/wp-content\/uploads\/2025\/08\/Imagen-25-2.jpeg?resize=700%2C400&ssl=1 2x, https:\/\/i0.wp.com\/akubaa.com\/wp-content\/uploads\/2025\/08\/Imagen-25-2.jpeg?resize=1050%2C600&ssl=1 3x, https:\/\/i0.wp.com\/akubaa.com\/wp-content\/uploads\/2025\/08\/Imagen-25-2.jpeg?resize=1400%2C800&ssl=1 4x"},"classes":[]},{"id":861,"url":"https:\/\/akubaa.com\/index.php\/2025\/07\/26\/se-te-puede-ir-la-vida-por-no-saber-esto-uscis-y-cbp-lanzan-nuevas-advertencias-que-todo-emigrante-en-ee-uu-debe-conocer\/","url_meta":{"origin":2091,"position":3},"title":"Se te puede ir la vida por no saber esto: USCIS y CBP lanzan nuevas advertencias que todo emigrante en EE.UU. debe conocer","author":"Aliana Rodriguez","date":"07\/26\/2025","format":false,"excerpt":"\u00bfCu\u00e1ndo aprendiste que un error m\u00ednimo pod\u00eda arruinar todo tu futuro? .Yo lo entend\u00ed el d\u00eda que una madre cubana en Miami me dijo entre l\u00e1grimas:\u00a0\u201cPerd\u00ed mi cita en USCIS porque no sab\u00eda que ya no daban int\u00e9rprete\u2026 ahora tengo miedo de que me deporten.\u201d No lo supe por un\u2026","rel":"","context":"En \u00abNoticias y Actualidad\u00bb","block_context":{"text":"Noticias y Actualidad","link":"https:\/\/akubaa.com\/index.php\/category\/noticias-y-actualidad\/"},"img":{"alt_text":"","src":"https:\/\/i0.wp.com\/akubaa.com\/wp-content\/uploads\/2025\/07\/image-36.png?resize=350%2C200&ssl=1","width":350,"height":200,"srcset":"https:\/\/i0.wp.com\/akubaa.com\/wp-content\/uploads\/2025\/07\/image-36.png?resize=350%2C200&ssl=1 1x, https:\/\/i0.wp.com\/akubaa.com\/wp-content\/uploads\/2025\/07\/image-36.png?resize=525%2C300&ssl=1 1.5x, https:\/\/i0.wp.com\/akubaa.com\/wp-content\/uploads\/2025\/07\/image-36.png?resize=700%2C400&ssl=1 2x, https:\/\/i0.wp.com\/akubaa.com\/wp-content\/uploads\/2025\/07\/image-36.png?resize=1050%2C600&ssl=1 3x, https:\/\/i0.wp.com\/akubaa.com\/wp-content\/uploads\/2025\/07\/image-36.png?resize=1400%2C800&ssl=1 4x"},"classes":[]},{"id":392,"url":"https:\/\/akubaa.com\/index.php\/2025\/06\/10\/cuando-tu-mama-esta-en-miami-y-tu-en-cuba-el-dia-que-la-ley-rompio-miles-de-corazones\/","url_meta":{"origin":2091,"position":4},"title":"Cuando tu mam\u00e1 est\u00e1 en Miami y t\u00fa en Cuba: el d\u00eda que la ley rompi\u00f3 miles de corazones","author":"Aliana Rodriguez","date":"06\/10\/2025","format":false,"excerpt":"Lo que para muchos fue una noticia de rutina, para miles de familias cubanas fue el fin de un sue\u00f1o. El 9 de junio de 2025 entr\u00f3 en vigor una nueva orden ejecutiva del presidente Donald Trump que afecta directamente las\u00a0peticiones de reuni\u00f3n familiar\u00a0para cubanos. Y si no lo sab\u00edas,\u2026","rel":"","context":"En \u00abSociedad y Derechos Humanos\u00bb","block_context":{"text":"Sociedad y Derechos Humanos","link":"https:\/\/akubaa.com\/index.php\/category\/sociedad-y-derechos-humanos\/"},"img":{"alt_text":"","src":"https:\/\/i0.wp.com\/akubaa.com\/wp-content\/uploads\/2025\/06\/image-9.png?resize=350%2C200&ssl=1","width":350,"height":200,"srcset":"https:\/\/i0.wp.com\/akubaa.com\/wp-content\/uploads\/2025\/06\/image-9.png?resize=350%2C200&ssl=1 1x, https:\/\/i0.wp.com\/akubaa.com\/wp-content\/uploads\/2025\/06\/image-9.png?resize=525%2C300&ssl=1 1.5x, https:\/\/i0.wp.com\/akubaa.com\/wp-content\/uploads\/2025\/06\/image-9.png?resize=700%2C400&ssl=1 2x, https:\/\/i0.wp.com\/akubaa.com\/wp-content\/uploads\/2025\/06\/image-9.png?resize=1050%2C600&ssl=1 3x, https:\/\/i0.wp.com\/akubaa.com\/wp-content\/uploads\/2025\/06\/image-9.png?resize=1400%2C800&ssl=1 4x"},"classes":[]},{"id":2084,"url":"https:\/\/akubaa.com\/index.php\/2025\/12\/03\/la-guerra-silenciosa-contra-la-doble-ciudadania-en-estados-unidos\/","url_meta":{"origin":2091,"position":5},"title":"\u00bfY si ma\u00f1ana te obligan a elegir bandera?. La guerra silenciosa contra la doble ciudadan\u00eda en Estados Unidos.","author":"AKubaa","date":"12\/03\/2025","format":false,"excerpt":"Voy a ser directa:\u00a0sab\u00edas que\u00a0en este preciso momento hay un proyecto en el Senado de Estados Unidos que, si avanzara tal cual est\u00e1 escrito, podr\u00eda obligar a millones de personas a escoger entre su pasaporte azul y la tierra donde nacieron\u2026 o donde nacieron sus padres. No es un titular\u2026","rel":"","context":"En \u00abNoticias y Actualidad\u00bb","block_context":{"text":"Noticias y Actualidad","link":"https:\/\/akubaa.com\/index.php\/category\/noticias-y-actualidad\/"},"img":{"alt_text":"","src":"https:\/\/i0.wp.com\/akubaa.com\/wp-content\/uploads\/2025\/12\/Imagen-99.jpeg?resize=350%2C200&ssl=1","width":350,"height":200,"srcset":"https:\/\/i0.wp.com\/akubaa.com\/wp-content\/uploads\/2025\/12\/Imagen-99.jpeg?resize=350%2C200&ssl=1 1x, https:\/\/i0.wp.com\/akubaa.com\/wp-content\/uploads\/2025\/12\/Imagen-99.jpeg?resize=525%2C300&ssl=1 1.5x, https:\/\/i0.wp.com\/akubaa.com\/wp-content\/uploads\/2025\/12\/Imagen-99.jpeg?resize=700%2C400&ssl=1 2x, https:\/\/i0.wp.com\/akubaa.com\/wp-content\/uploads\/2025\/12\/Imagen-99.jpeg?resize=1050%2C600&ssl=1 3x, https:\/\/i0.wp.com\/akubaa.com\/wp-content\/uploads\/2025\/12\/Imagen-99.jpeg?resize=1400%2C800&ssl=1 4x"},"classes":[]}],"jetpack_shortlink":"https:\/\/wp.me\/pgrKo3-xJ","_links":{"self":[{"href":"https:\/\/akubaa.com\/index.php\/wp-json\/wp\/v2\/posts\/2091","targetHints":{"allow":["GET"]}}],"collection":[{"href":"https:\/\/akubaa.com\/index.php\/wp-json\/wp\/v2\/posts"}],"about":[{"href":"https:\/\/akubaa.com\/index.php\/wp-json\/wp\/v2\/types\/post"}],"author":[{"embeddable":true,"href":"https:\/\/akubaa.com\/index.php\/wp-json\/wp\/v2\/users\/1"}],"replies":[{"embeddable":true,"href":"https:\/\/akubaa.com\/index.php\/wp-json\/wp\/v2\/comments?post=2091"}],"version-history":[{"count":0,"href":"https:\/\/akubaa.com\/index.php\/wp-json\/wp\/v2\/posts\/2091\/revisions"}],"wp:featuredmedia":[{"embeddable":true,"href":"https:\/\/akubaa.com\/index.php\/wp-json\/wp\/v2\/media\/2092"}],"wp:attachment":[{"href":"https:\/\/akubaa.com\/index.php\/wp-json\/wp\/v2\/media?parent=2091"}],"wp:term":[{"taxonomy":"category","embeddable":true,"href":"https:\/\/akubaa.com\/index.php\/wp-json\/wp\/v2\/categories?post=2091"},{"taxonomy":"post_tag","embeddable":true,"href":"https:\/\/akubaa.com\/index.php\/wp-json\/wp\/v2\/tags?post=2091"}],"curies":[{"name":"wp","href":"https:\/\/api.w.org\/{rel}","templated":true}]}}